{"id":140150,"date":"2025-09-23T13:00:00","date_gmt":"2025-09-23T11:00:00","guid":{"rendered":"https:\/\/www.immo-invest.ch\/?p=140150"},"modified":"2025-09-23T11:07:43","modified_gmt":"2025-09-23T09:07:43","slug":"wie-das-basler-wolf-areal-zum-wohnquartier-wird","status":"publish","type":"post","link":"https:\/\/www.immo-invest.ch\/fr\/wie-das-basler-wolf-areal-zum-wohnquartier-wird\/","title":{"rendered":"Comment le site b\u00e2lois de Wolf devient un quartier r\u00e9sidentiel"},"content":{"rendered":"<p class=\"wp-block-paragraph\">Le transfert du transbordement des marchandises vers la zone portuaire a lib&eacute;r&eacute; un terrain de 16 hectares pr&egrave;s de la gare CFF de B&acirc;le. Les CFF y poursuivent depuis des ann&eacute;es leur vision d&rsquo;un <span class=\"glossaryLink\" aria-describedby=\"tt\" data-cmtooltip=\"&lt;div class=glossaryItemTitle&gt;Quartier&lt;\/div&gt;&lt;div class=glossaryItemBody&gt;Amtliches, historisches, soziales oder stadtplanerisches Stadtviertel&lt;\/div&gt;\" data-mobile-support=\"0\" data-gt-translate-attributes='[{\"attribute\":\"data-cmtooltip\", \"format\":\"html\"}]' tabindex=\"0\" role=\"link\">quartier<\/span> mixte alliant habitat, travail et loisirs. Le plan directeur d&rsquo;urbanisme est bas&eacute; sur un projet de Christ &amp; Gantenbein et EM2N. L&rsquo;&eacute;l&eacute;ment central est une grande cour qui s&rsquo;&eacute;tend d&rsquo;est en ouest, prot&egrave;ge du bruit et relie les usages publics et priv&eacute;s sous forme de boulevard verdoyant.<\/p>\n\n\n\n<p class=\"wp-block-paragraph\"><strong>Deux visages Projet &laquo;&nbsp;Janus<\/strong>&laquo;&nbsp;<strong><br><\/strong>Le bureau parisien Experience, associ&eacute; &agrave; M-AP Architectes de Lausanne, a remport&eacute; le concours pour l&rsquo;&icirc;lot MF02. Leur projet &laquo;&nbsp;Janus&nbsp;&raquo; r&eacute;pond aux contrastes entre le c&ocirc;t&eacute; ferroviaire et la cour int&eacute;rieure par deux langages architecturaux<strong>.<\/strong><\/p>\n\n\n\n<p class=\"wp-block-paragraph\">C&ocirc;t&eacute; voie ferr&eacute;e, une fa&ccedil;ade horizontale en bandeau avec des cadres en b&eacute;ton marquants donne une <span class=\"glossaryLink\"  aria-describedby=\"tt\"  data-cmtooltip=\"&lt;div class=glossaryItemTitle&gt;Image&lt;\/div&gt;&lt;div class=glossaryItemBody&gt;Individuelles Vorstellungsbild, das Dritte von einer Marke, einem Produkt oder einer Unternehmung haben. Aus Marketingsicht wird zwischen einem gegenw&auml;rtigen (Ist-Image) und einem anzustrebenden Image (Soll-Image) unterschieden&lt;\/div&gt;\"  data-mobile-support=\"0\"  data-gt-translate-attributes='[{\"attribute\":\"data-cmtooltip\", \"format\":\"html\"}]' tabindex='0' role='link'>image<\/span> forte aux trains qui passent. C&ocirc;t&eacute; cour, une fa&ccedil;ade finement structur&eacute;e avec des balcons d&eacute;cal&eacute;s et des surfaces d&eacute;cor&eacute;es de vert appara&icirc;t.<br>La construction suit une approche hybride entre l&rsquo;ossature en b&eacute;ton et la construction en bois. Les plans sont organis&eacute;s de mani&egrave;re compacte, avec une s&eacute;paration claire entre les chambres &agrave; coucher, les salles d&rsquo;eau et les espaces de vie spacieux. Seule la faible intimit&eacute; des appartements de plain-pied a &eacute;t&eacute; critiqu&eacute;e.<\/p>\n\n\n\n<p class=\"wp-block-paragraph\"><strong>La protection contre le bruit comme &eacute;l&eacute;ment de conception Projet &laquo;&nbsp;Binaria<\/strong>&nbsp;&raquo; <br>Le projet &laquo;&nbsp;Binaria&nbsp;&raquo; du consortium b&acirc;lois Parabase et Confirm s&rsquo;est impos&eacute; pour la parcelle MF03. Il fait face au bruit de la rue avec une fa&ccedil;ade nord robuste en t&ocirc;le trap&eacute;zo&iuml;dale r&eacute;utilis&eacute;e et des &eacute;l&eacute;ments acoustiques saillants. C&ocirc;t&eacute; cour, en revanche, une fa&ccedil;ade en verre transparente et verdoyante s&rsquo;ouvre sur des balcons et des bacs &agrave; plantes.<br>Le passage &agrave; plusieurs &eacute;tages qui relie la cour &agrave; la rue est particuli&egrave;rement remarquable. La grille d&rsquo;a&eacute;ration circulaire en panneaux phono-absorbants constitue ici un signe architectural fort. &Agrave; l&rsquo;int&eacute;rieur, des plans lin&eacute;aires permettent des concepts d&rsquo;habitation flexibles allant de 2,5 &agrave; 5,5 pi&egrave;ces. La durabilit&eacute; est assur&eacute;e par des poutres r&eacute;utilis&eacute;es, du b&eacute;ton recycl&eacute; et du bois r&eacute;utilis&eacute;.<\/p>\n\n\n\n<p class=\"wp-block-paragraph\"><strong>Un caract&egrave;re pilote avec des exigences &eacute;lev&eacute;es<br><\/strong>Les deux projets gagnants suivent des voies innovantes en mati&egrave;re de protection contre le bruit, de flexibilit&eacute; des plans de logements et d&rsquo;utilisation de mat&eacute;riaux r&eacute;utilisables. Les toits sont utilis&eacute;s pour le photovolta&iuml;que et la gestion des eaux de pluie, les fa&ccedil;ades sont en partie v&eacute;g&eacute;talis&eacute;es ou dot&eacute;es d&rsquo;une technologie solaire int&eacute;gr&eacute;e. La production d&rsquo;&eacute;nergie est assur&eacute;e par des sources renouvelables, la protection thermique estivale par l&rsquo;ombrage et l&rsquo;&eacute;vaporation. Une attention particuli&egrave;re est accord&eacute;e &agrave; la construction r&eacute;versible. Les constructions doivent &ecirc;tre viss&eacute;es plut&ocirc;t que coll&eacute;es afin de faciliter les r&eacute;utilisations ult&eacute;rieures ou les cycles de mat&eacute;riaux.<\/p>\n\n\n\n<p class=\"wp-block-paragraph\"><strong>&Eacute;tapes et perspectives<br><\/strong>La premi&egrave;re &eacute;tape consiste &agrave; r&eacute;aliser les nouveaux b&acirc;timents &agrave; l&rsquo;ouest du site, le d&eacute;but des travaux &eacute;tant pr&eacute;vu pour 2028. Une deuxi&egrave;me &eacute;tape avec un hub logistique urbain et des utilisations suppl&eacute;mentaires devrait suivre &agrave; partir de 2031. Avant m&ecirc;me la fin des travaux, les CFF ouvrent le site &agrave; des utilisations temporaires. La halle ferroviaire de 2000 m&sup2;, class&eacute;e monument historique, sera utilis&eacute;e &agrave; l&rsquo;avenir pour des activit&eacute;s sportives. Le Wolf-Areal devient ainsi un projet pilote de construction de logements urbains qui r&eacute;pond aux questions de la protection contre le bruit, de la durabilit&eacute; et de la mixit&eacute; sociale &agrave; grande &eacute;chelle. Pour B&acirc;le, il ne s&rsquo;agit pas seulement d&rsquo;une exp&eacute;rience d&rsquo;urbanisme, mais d&rsquo;un pas d&eacute;cisif vers davantage de logements abordables et une meilleure qualit&eacute; de vie urbaine.<\/p>\n","protected":false},"excerpt":{"rendered":"<p>L\u00e0 o\u00f9 les marchandises \u00e9taient autrefois charg\u00e9es, des centaines de logements seront construits dans les ann\u00e9es \u00e0 venir, compl\u00e9t\u00e9s par des commerces et des usages publics. Les premiers concours d&rsquo;architecture ont \u00e9t\u00e9 remport\u00e9s. Les projets gagnants \u00ab\u00a0Janus\u00a0\u00bb et \u00ab\u00a0Binaria\u00a0\u00bb montrent comment il est possible de construire des logements denses malgr\u00e9 le bruit de la route et des trains, les exigences de durabilit\u00e9 et les attentes sociales \u00e9lev\u00e9es.<\/p>\n","protected":false},"author":2,"featured_media":140110,"comment_status":"open","ping_status":"open","sticky":false,"template":"","format":"standard","meta":{"pmpro_default_level":"","inline_featured_image":false,"_monsterinsights_skip_tracking":false,"footnotes":""},"categories":[743,9824,739,39686],"tags":[10063,1168,872,3931,2056,2225,2002,4101,54643,1713,54645],"class_list":["post-140150","post","type-post","status-publish","format-standard","has-post-thumbnail","hentry","category-immonews-fr","category-nouvelle-construction","category-projects","category-standorte-fr","tag-architekturwettbewerb-fr","tag-basel-fr","tag-immoinvest-fr","tag-immonews-fr","tag-nachhaltigkeit-fr","tag-neubau-fr","tag-news-fr","tag-quartierentwicklung-fr","tag-re-use-fr","tag-wohnen-fr","tag-wolf-areal-fr","pmpro-has-access"],"acf":{"bild_mit_ki_erstellt_worden":[],"lead":"L\u00e0 o\u00f9 les marchandises \u00e9taient autrefois charg\u00e9es, des centaines de logements seront construits dans les ann\u00e9es \u00e0 venir, compl\u00e9t\u00e9s par des commerces et des usages publics. Les premiers concours d'architecture ont \u00e9t\u00e9 remport\u00e9s. Les projets gagnants \"Janus\" et \"Binaria\" montrent comment il est possible de construire des logements denses malgr\u00e9 le bruit de la route et des trains, les exigences de durabilit\u00e9 et les attentes sociales \u00e9lev\u00e9es.","autor":"Text: Espazium","ort":"","bildunterschrift":"","bild_im_grid":false,"gallerie":"","newsim":""},"aioseo_notices":[],"aioseo_head":"\n\t\t<!-- All in One SEO 5.0.1.1 - aioseo.com -->\n\t<meta name=\"description\" content=\"L\u00e0 o\u00f9 les marchandises \u00e9taient autrefois charg\u00e9es, des centaines de logements seront construits dans les ann\u00e9es \u00e0 venir, compl\u00e9t\u00e9s par des commerces et des usages publics. Les premiers concours d&#039;architecture ont \u00e9t\u00e9 remport\u00e9s. Les projets gagnants &quot;Janus&quot; et &quot;Binaria&quot; montrent comment il est possible de construire des logements denses malgr\u00e9 le bruit de la route et des trains, les exigences de durabilit\u00e9 et les attentes sociales \u00e9lev\u00e9es.\" \/>\n\t<meta name=\"robots\" content=\"max-image-preview:large\" \/>\n\t<meta name=\"author\" content=\"immovestuser\"\/>\n\t<meta name=\"google-site-verification\" content=\"fHJKvgWpZCR2zVBHWfkQeFXC11qieUSff0HGNYfuyLA\" \/>\n\t<link rel=\"canonical\" href=\"https:\/\/www.immo-invest.ch\/fr\/wie-das-basler-wolf-areal-zum-wohnquartier-wird\/\" \/>\n\t<meta name=\"generator\" content=\"All in One SEO (AIOSEO) 5.0.1.1\" \/>\n\t\t<meta property=\"og:locale\" content=\"fr_FR\" \/>\n\t\t<meta property=\"og:site_name\" content=\"immo!nvest - Die Plattform f\u00fcr Standorte und Immobilien - Die\u00a0Plattform f\u00fcr Standorte und Immobilien\" \/>\n\t\t<meta property=\"og:type\" content=\"article\" \/>\n\t\t<meta property=\"og:title\" content=\"Comment le site b\u00e2lois de Wolf devient un quartier r\u00e9sidentiel - immo!nvest - Die Plattform f\u00fcr Standorte und Immobilien\" \/>\n\t\t<meta property=\"og:description\" content=\"L\u00e0 o\u00f9 les marchandises \u00e9taient autrefois charg\u00e9es, des centaines de logements seront construits dans les ann\u00e9es \u00e0 venir, compl\u00e9t\u00e9s par des commerces et des usages publics. Les premiers concours d&#039;architecture ont \u00e9t\u00e9 remport\u00e9s. Les projets gagnants &quot;Janus&quot; et &quot;Binaria&quot; montrent comment il est possible de construire des logements denses malgr\u00e9 le bruit de la route et des trains, les exigences de durabilit\u00e9 et les attentes sociales \u00e9lev\u00e9es.\" \/>\n\t\t<meta property=\"og:url\" content=\"https:\/\/www.immo-invest.ch\/fr\/wie-das-basler-wolf-areal-zum-wohnquartier-wird\/\" \/>\n\t\t<meta property=\"og:image\" content=\"https:\/\/www.immo-invest.ch\/wp-content\/uploads\/2025\/09\/basel-wolf-janus-visu-1-e1758612414184.jpg\" \/>\n\t\t<meta property=\"og:image:secure_url\" content=\"https:\/\/www.immo-invest.ch\/wp-content\/uploads\/2025\/09\/basel-wolf-janus-visu-1-e1758612414184.jpg\" \/>\n\t\t<meta property=\"og:image:width\" content=\"1410\" \/>\n\t\t<meta property=\"og:image:height\" content=\"940\" \/>\n\t\t<meta property=\"article:published_time\" content=\"2025-09-23T11:00:00+00:00\" \/>\n\t\t<meta property=\"article:modified_time\" content=\"2025-09-23T09:07:43+00:00\" \/>\n\t\t<meta property=\"article:publisher\" content=\"https:\/\/www.facebook.com\/people\/Immoinvest\/100077962920504\/\" \/>\n\t\t<meta name=\"twitter:card\" content=\"summary_large_image\" \/>\n\t\t<meta name=\"twitter:site\" content=\"@i\" \/>\n\t\t<meta name=\"twitter:title\" content=\"Comment le site b\u00e2lois de Wolf devient un quartier r\u00e9sidentiel - immo!nvest - Die Plattform f\u00fcr Standorte und Immobilien\" \/>\n\t\t<meta name=\"twitter:description\" content=\"L\u00e0 o\u00f9 les marchandises \u00e9taient autrefois charg\u00e9es, des centaines de logements seront construits dans les ann\u00e9es \u00e0 venir, compl\u00e9t\u00e9s par des commerces et des usages publics. Les premiers concours d&#039;architecture ont \u00e9t\u00e9 remport\u00e9s. Les projets gagnants &quot;Janus&quot; et &quot;Binaria&quot; montrent comment il est possible de construire des logements denses malgr\u00e9 le bruit de la route et des trains, les exigences de durabilit\u00e9 et les attentes sociales \u00e9lev\u00e9es.\" \/>\n\t\t<meta name=\"twitter:creator\" content=\"@i\" \/>\n\t\t<meta name=\"twitter:image\" content=\"https:\/\/www.immo-invest.ch\/wp-content\/uploads\/2025\/09\/basel-wolf-janus-visu-1-e1758612414184.jpg\" \/>\n\t\t<script type=\"application\/ld+json\" class=\"aioseo-schema\">\n\t\t\t{\"@context\":\"https:\\\/\\\/schema.org\",\"@graph\":[{\"@type\":\"BlogPosting\",\"@id\":\"https:\\\/\\\/www.immo-invest.ch\\\/fr\\\/wie-das-basler-wolf-areal-zum-wohnquartier-wird\\\/#blogposting\",\"name\":\"Comment le site b\\u00e2lois de Wolf devient un quartier r\\u00e9sidentiel - immo!nvest - Die Plattform f\\u00fcr Standorte und Immobilien\",\"headline\":\"Comment le site b\\u00e2lois de Wolf devient un quartier r\\u00e9sidentiel\",\"author\":{\"@id\":\"https:\\\/\\\/www.immo-invest.ch\\\/fr\\\/author\\\/immovestuser\\\/#author\"},\"publisher\":{\"@id\":\"https:\\\/\\\/www.immo-invest.ch\\\/fr\\\/#organization\"},\"image\":{\"@type\":\"ImageObject\",\"url\":\"https:\\\/\\\/www.immo-invest.ch\\\/wp-content\\\/uploads\\\/2025\\\/09\\\/basel-wolf-janus-visu-1-e1758612414184.jpg\",\"width\":1410,\"height\":940},\"datePublished\":\"2025-09-23T13:00:00+02:00\",\"dateModified\":\"2025-09-23T11:07:43+02:00\",\"inLanguage\":\"fr-FR\",\"mainEntityOfPage\":{\"@id\":\"https:\\\/\\\/www.immo-invest.ch\\\/fr\\\/wie-das-basler-wolf-areal-zum-wohnquartier-wird\\\/#webpage\"},\"isPartOf\":{\"@id\":\"https:\\\/\\\/www.immo-invest.ch\\\/fr\\\/wie-das-basler-wolf-areal-zum-wohnquartier-wird\\\/#webpage\"},\"articleSection\":\"immoNews, Nouvelle construction, Projects, Standorte, Architekturwettbewerb, Basel, Immoinvest, immoNews, Nachhaltigkeit, Neubau, News, Quartierentwicklung, Re-Use, Wohnen, Wolf-Areal, Facultatif\"},{\"@type\":\"BreadcrumbList\",\"@id\":\"https:\\\/\\\/www.immo-invest.ch\\\/fr\\\/wie-das-basler-wolf-areal-zum-wohnquartier-wird\\\/#breadcrumblist\",\"itemListElement\":[{\"@type\":\"ListItem\",\"@id\":\"https:\\\/\\\/www.immo-invest.ch\\\/fr\\\/#listItem\",\"position\":1,\"name\":\"Home\",\"item\":\"https:\\\/\\\/www.immo-invest.ch\\\/fr\\\/\",\"nextItem\":{\"@type\":\"ListItem\",\"@id\":\"https:\\\/\\\/www.immo-invest.ch\\\/fr\\\/categories\\\/projects\\\/#listItem\",\"name\":\"Projects\"}},{\"@type\":\"ListItem\",\"@id\":\"https:\\\/\\\/www.immo-invest.ch\\\/fr\\\/categories\\\/projects\\\/#listItem\",\"position\":2,\"name\":\"Projects\",\"item\":\"https:\\\/\\\/www.immo-invest.ch\\\/fr\\\/categories\\\/projects\\\/\",\"nextItem\":{\"@type\":\"ListItem\",\"@id\":\"https:\\\/\\\/www.immo-invest.ch\\\/fr\\\/categories\\\/projects\\\/nouvelle-construction\\\/#listItem\",\"name\":\"Nouvelle construction\"},\"previousItem\":{\"@type\":\"ListItem\",\"@id\":\"https:\\\/\\\/www.immo-invest.ch\\\/fr\\\/#listItem\",\"name\":\"Home\"}},{\"@type\":\"ListItem\",\"@id\":\"https:\\\/\\\/www.immo-invest.ch\\\/fr\\\/categories\\\/projects\\\/nouvelle-construction\\\/#listItem\",\"position\":3,\"name\":\"Nouvelle construction\",\"item\":\"https:\\\/\\\/www.immo-invest.ch\\\/fr\\\/categories\\\/projects\\\/nouvelle-construction\\\/\",\"nextItem\":{\"@type\":\"ListItem\",\"@id\":\"https:\\\/\\\/www.immo-invest.ch\\\/fr\\\/wie-das-basler-wolf-areal-zum-wohnquartier-wird\\\/#listItem\",\"name\":\"Comment le site b\\u00e2lois de Wolf devient un quartier r\\u00e9sidentiel\"},\"previousItem\":{\"@type\":\"ListItem\",\"@id\":\"https:\\\/\\\/www.immo-invest.ch\\\/fr\\\/categories\\\/projects\\\/#listItem\",\"name\":\"Projects\"}},{\"@type\":\"ListItem\",\"@id\":\"https:\\\/\\\/www.immo-invest.ch\\\/fr\\\/wie-das-basler-wolf-areal-zum-wohnquartier-wird\\\/#listItem\",\"position\":4,\"name\":\"Comment le site b\\u00e2lois de Wolf devient un quartier r\\u00e9sidentiel\",\"previousItem\":{\"@type\":\"ListItem\",\"@id\":\"https:\\\/\\\/www.immo-invest.ch\\\/fr\\\/categories\\\/projects\\\/nouvelle-construction\\\/#listItem\",\"name\":\"Nouvelle construction\"}}]},{\"@type\":\"Organization\",\"@id\":\"https:\\\/\\\/www.immo-invest.ch\\\/fr\\\/#organization\",\"name\":\"immo!nvest - Die Plattform f\\u00fcr Standorte und Immobilien\",\"description\":\"Die\\u00a0Plattform f\\u00fcr Standorte und Immobilien\",\"url\":\"https:\\\/\\\/www.immo-invest.ch\\\/fr\\\/\",\"email\":\"admin@immomedia.ag\",\"telephone\":\"+41444420002\",\"logo\":{\"@type\":\"ImageObject\",\"url\":\"https:\\\/\\\/www.immo-invest.ch\\\/wp-content\\\/uploads\\\/2024\\\/09\\\/immoinvest_sm-scaled.jpg\",\"@id\":\"https:\\\/\\\/www.immo-invest.ch\\\/fr\\\/wie-das-basler-wolf-areal-zum-wohnquartier-wird\\\/#organizationLogo\",\"width\":2560,\"height\":1340},\"image\":{\"@id\":\"https:\\\/\\\/www.immo-invest.ch\\\/fr\\\/wie-das-basler-wolf-areal-zum-wohnquartier-wird\\\/#organizationLogo\"},\"sameAs\":[\"https:\\\/\\\/www.facebook.com\\\/people\\\/Immoinvest\\\/100077962920504\\\/\",\"https:\\\/\\\/x.com\\\/i\\\/flow\\\/login?redirect_after_login=immoinvest_ch\",\"https:\\\/\\\/www.instagram.com\\\/immoinvest_ch\\\/\",\"https:\\\/\\\/www.linkedin.com\\\/company\\\/immoinvest-swiss\"]},{\"@type\":\"Person\",\"@id\":\"https:\\\/\\\/www.immo-invest.ch\\\/fr\\\/author\\\/immovestuser\\\/#author\",\"url\":\"https:\\\/\\\/www.immo-invest.ch\\\/fr\\\/author\\\/immovestuser\\\/\",\"name\":\"immovestuser\",\"image\":{\"@type\":\"ImageObject\",\"@id\":\"https:\\\/\\\/www.immo-invest.ch\\\/fr\\\/wie-das-basler-wolf-areal-zum-wohnquartier-wird\\\/#authorImage\",\"url\":\"https:\\\/\\\/secure.gravatar.com\\\/avatar\\\/8e01f4d99f2eeea7a362ebb93305e1172a70e9293ba250f897a65c39f54cdd1e?s=96&d=mm&r=g\",\"width\":96,\"height\":96,\"caption\":\"immovestuser\"}},{\"@type\":\"WebPage\",\"@id\":\"https:\\\/\\\/www.immo-invest.ch\\\/fr\\\/wie-das-basler-wolf-areal-zum-wohnquartier-wird\\\/#webpage\",\"url\":\"https:\\\/\\\/www.immo-invest.ch\\\/fr\\\/wie-das-basler-wolf-areal-zum-wohnquartier-wird\\\/\",\"name\":\"Comment le site b\\u00e2lois de Wolf devient un quartier r\\u00e9sidentiel - immo!nvest - Die Plattform f\\u00fcr Standorte und Immobilien\",\"description\":\"L\\u00e0 o\\u00f9 les marchandises \\u00e9taient autrefois charg\\u00e9es, des centaines de logements seront construits dans les ann\\u00e9es \\u00e0 venir, compl\\u00e9t\\u00e9s par des commerces et des usages publics. Les premiers concours d'architecture ont \\u00e9t\\u00e9 remport\\u00e9s. Les projets gagnants \\\"Janus\\\" et \\\"Binaria\\\" montrent comment il est possible de construire des logements denses malgr\\u00e9 le bruit de la route et des trains, les exigences de durabilit\\u00e9 et les attentes sociales \\u00e9lev\\u00e9es.\",\"inLanguage\":\"fr-FR\",\"isPartOf\":{\"@id\":\"https:\\\/\\\/www.immo-invest.ch\\\/fr\\\/#website\"},\"breadcrumb\":{\"@id\":\"https:\\\/\\\/www.immo-invest.ch\\\/fr\\\/wie-das-basler-wolf-areal-zum-wohnquartier-wird\\\/#breadcrumblist\"},\"author\":{\"@id\":\"https:\\\/\\\/www.immo-invest.ch\\\/fr\\\/author\\\/immovestuser\\\/#author\"},\"creator\":{\"@id\":\"https:\\\/\\\/www.immo-invest.ch\\\/fr\\\/author\\\/immovestuser\\\/#author\"},\"image\":{\"@type\":\"ImageObject\",\"url\":\"https:\\\/\\\/www.immo-invest.ch\\\/wp-content\\\/uploads\\\/2025\\\/09\\\/basel-wolf-janus-visu-1-e1758612414184.jpg\",\"@id\":\"https:\\\/\\\/www.immo-invest.ch\\\/fr\\\/wie-das-basler-wolf-areal-zum-wohnquartier-wird\\\/#mainImage\",\"width\":1410,\"height\":940},\"primaryImageOfPage\":{\"@id\":\"https:\\\/\\\/www.immo-invest.ch\\\/fr\\\/wie-das-basler-wolf-areal-zum-wohnquartier-wird\\\/#mainImage\"},\"datePublished\":\"2025-09-23T13:00:00+02:00\",\"dateModified\":\"2025-09-23T11:07:43+02:00\"},{\"@type\":\"WebSite\",\"@id\":\"https:\\\/\\\/www.immo-invest.ch\\\/fr\\\/#website\",\"url\":\"https:\\\/\\\/www.immo-invest.ch\\\/fr\\\/\",\"name\":\"immo!nvest - Die Plattform f\\u00fcr Standorte und Immobilien\",\"description\":\"Die\\u00a0Plattform f\\u00fcr Standorte und Immobilien\",\"inLanguage\":\"fr-FR\",\"publisher\":{\"@id\":\"https:\\\/\\\/www.immo-invest.ch\\\/fr\\\/#organization\"}}]}\n\t\t<\/script>\n\t\t<!-- All in One SEO -->\n\n","aioseo_head_json":{"title":"Comment le site b\u00e2lois de Wolf devient un quartier r\u00e9sidentiel - immo!nvest - Die Plattform f\u00fcr Standorte und Immobilien","description":"L\u00e0 o\u00f9 les marchandises \u00e9taient autrefois charg\u00e9es, des centaines de logements seront construits dans les ann\u00e9es \u00e0 venir, compl\u00e9t\u00e9s par des commerces et des usages publics. Les premiers concours d'architecture ont \u00e9t\u00e9 remport\u00e9s. Les projets gagnants \"Janus\" et \"Binaria\" montrent comment il est possible de construire des logements denses malgr\u00e9 le bruit de la route et des trains, les exigences de durabilit\u00e9 et les attentes sociales \u00e9lev\u00e9es.","canonical_url":"https:\/\/www.immo-invest.ch\/fr\/wie-das-basler-wolf-areal-zum-wohnquartier-wird\/","robots":"max-image-preview:large","keywords":"","webmasterTools":{"google-site-verification":"fHJKvgWpZCR2zVBHWfkQeFXC11qieUSff0HGNYfuyLA","miscellaneous":""},"schema":{"@context":"https:\/\/schema.org","@graph":[{"@type":"BlogPosting","@id":"https:\/\/www.immo-invest.ch\/fr\/wie-das-basler-wolf-areal-zum-wohnquartier-wird\/#blogposting","name":"Comment le site b\u00e2lois de Wolf devient un quartier r\u00e9sidentiel - immo!nvest - Die Plattform f\u00fcr Standorte und Immobilien","headline":"Comment le site b\u00e2lois de Wolf devient un quartier r\u00e9sidentiel","author":{"@id":"https:\/\/www.immo-invest.ch\/fr\/author\/immovestuser\/#author"},"publisher":{"@id":"https:\/\/www.immo-invest.ch\/fr\/#organization"},"image":{"@type":"ImageObject","url":"https:\/\/www.immo-invest.ch\/wp-content\/uploads\/2025\/09\/basel-wolf-janus-visu-1-e1758612414184.jpg","width":1410,"height":940},"datePublished":"2025-09-23T13:00:00+02:00","dateModified":"2025-09-23T11:07:43+02:00","inLanguage":"fr-FR","mainEntityOfPage":{"@id":"https:\/\/www.immo-invest.ch\/fr\/wie-das-basler-wolf-areal-zum-wohnquartier-wird\/#webpage"},"isPartOf":{"@id":"https:\/\/www.immo-invest.ch\/fr\/wie-das-basler-wolf-areal-zum-wohnquartier-wird\/#webpage"},"articleSection":"immoNews, Nouvelle construction, Projects, Standorte, Architekturwettbewerb, Basel, Immoinvest, immoNews, Nachhaltigkeit, Neubau, News, Quartierentwicklung, Re-Use, Wohnen, Wolf-Areal, Facultatif"},{"@type":"BreadcrumbList","@id":"https:\/\/www.immo-invest.ch\/fr\/wie-das-basler-wolf-areal-zum-wohnquartier-wird\/#breadcrumblist","itemListElement":[{"@type":"ListItem","@id":"https:\/\/www.immo-invest.ch\/fr\/#listItem","position":1,"name":"Home","item":"https:\/\/www.immo-invest.ch\/fr\/","nextItem":{"@type":"ListItem","@id":"https:\/\/www.immo-invest.ch\/fr\/categories\/projects\/#listItem","name":"Projects"}},{"@type":"ListItem","@id":"https:\/\/www.immo-invest.ch\/fr\/categories\/projects\/#listItem","position":2,"name":"Projects","item":"https:\/\/www.immo-invest.ch\/fr\/categories\/projects\/","nextItem":{"@type":"ListItem","@id":"https:\/\/www.immo-invest.ch\/fr\/categories\/projects\/nouvelle-construction\/#listItem","name":"Nouvelle construction"},"previousItem":{"@type":"ListItem","@id":"https:\/\/www.immo-invest.ch\/fr\/#listItem","name":"Home"}},{"@type":"ListItem","@id":"https:\/\/www.immo-invest.ch\/fr\/categories\/projects\/nouvelle-construction\/#listItem","position":3,"name":"Nouvelle construction","item":"https:\/\/www.immo-invest.ch\/fr\/categories\/projects\/nouvelle-construction\/","nextItem":{"@type":"ListItem","@id":"https:\/\/www.immo-invest.ch\/fr\/wie-das-basler-wolf-areal-zum-wohnquartier-wird\/#listItem","name":"Comment le site b\u00e2lois de Wolf devient un quartier r\u00e9sidentiel"},"previousItem":{"@type":"ListItem","@id":"https:\/\/www.immo-invest.ch\/fr\/categories\/projects\/#listItem","name":"Projects"}},{"@type":"ListItem","@id":"https:\/\/www.immo-invest.ch\/fr\/wie-das-basler-wolf-areal-zum-wohnquartier-wird\/#listItem","position":4,"name":"Comment le site b\u00e2lois de Wolf devient un quartier r\u00e9sidentiel","previousItem":{"@type":"ListItem","@id":"https:\/\/www.immo-invest.ch\/fr\/categories\/projects\/nouvelle-construction\/#listItem","name":"Nouvelle construction"}}]},{"@type":"Organization","@id":"https:\/\/www.immo-invest.ch\/fr\/#organization","name":"immo!nvest - Die Plattform f\u00fcr Standorte und Immobilien","description":"Die\u00a0Plattform f\u00fcr Standorte und Immobilien","url":"https:\/\/www.immo-invest.ch\/fr\/","email":"admin@immomedia.ag","telephone":"+41444420002","logo":{"@type":"ImageObject","url":"https:\/\/www.immo-invest.ch\/wp-content\/uploads\/2024\/09\/immoinvest_sm-scaled.jpg","@id":"https:\/\/www.immo-invest.ch\/fr\/wie-das-basler-wolf-areal-zum-wohnquartier-wird\/#organizationLogo","width":2560,"height":1340},"image":{"@id":"https:\/\/www.immo-invest.ch\/fr\/wie-das-basler-wolf-areal-zum-wohnquartier-wird\/#organizationLogo"},"sameAs":["https:\/\/www.facebook.com\/people\/Immoinvest\/100077962920504\/","https:\/\/x.com\/i\/flow\/login?redirect_after_login=immoinvest_ch","https:\/\/www.instagram.com\/immoinvest_ch\/","https:\/\/www.linkedin.com\/company\/immoinvest-swiss"]},{"@type":"Person","@id":"https:\/\/www.immo-invest.ch\/fr\/author\/immovestuser\/#author","url":"https:\/\/www.immo-invest.ch\/fr\/author\/immovestuser\/","name":"immovestuser","image":{"@type":"ImageObject","@id":"https:\/\/www.immo-invest.ch\/fr\/wie-das-basler-wolf-areal-zum-wohnquartier-wird\/#authorImage","url":"https:\/\/secure.gravatar.com\/avatar\/8e01f4d99f2eeea7a362ebb93305e1172a70e9293ba250f897a65c39f54cdd1e?s=96&d=mm&r=g","width":96,"height":96,"caption":"immovestuser"}},{"@type":"WebPage","@id":"https:\/\/www.immo-invest.ch\/fr\/wie-das-basler-wolf-areal-zum-wohnquartier-wird\/#webpage","url":"https:\/\/www.immo-invest.ch\/fr\/wie-das-basler-wolf-areal-zum-wohnquartier-wird\/","name":"Comment le site b\u00e2lois de Wolf devient un quartier r\u00e9sidentiel - immo!nvest - Die Plattform f\u00fcr Standorte und Immobilien","description":"L\u00e0 o\u00f9 les marchandises \u00e9taient autrefois charg\u00e9es, des centaines de logements seront construits dans les ann\u00e9es \u00e0 venir, compl\u00e9t\u00e9s par des commerces et des usages publics. Les premiers concours d'architecture ont \u00e9t\u00e9 remport\u00e9s. Les projets gagnants \"Janus\" et \"Binaria\" montrent comment il est possible de construire des logements denses malgr\u00e9 le bruit de la route et des trains, les exigences de durabilit\u00e9 et les attentes sociales \u00e9lev\u00e9es.","inLanguage":"fr-FR","isPartOf":{"@id":"https:\/\/www.immo-invest.ch\/fr\/#website"},"breadcrumb":{"@id":"https:\/\/www.immo-invest.ch\/fr\/wie-das-basler-wolf-areal-zum-wohnquartier-wird\/#breadcrumblist"},"author":{"@id":"https:\/\/www.immo-invest.ch\/fr\/author\/immovestuser\/#author"},"creator":{"@id":"https:\/\/www.immo-invest.ch\/fr\/author\/immovestuser\/#author"},"image":{"@type":"ImageObject","url":"https:\/\/www.immo-invest.ch\/wp-content\/uploads\/2025\/09\/basel-wolf-janus-visu-1-e1758612414184.jpg","@id":"https:\/\/www.immo-invest.ch\/fr\/wie-das-basler-wolf-areal-zum-wohnquartier-wird\/#mainImage","width":1410,"height":940},"primaryImageOfPage":{"@id":"https:\/\/www.immo-invest.ch\/fr\/wie-das-basler-wolf-areal-zum-wohnquartier-wird\/#mainImage"},"datePublished":"2025-09-23T13:00:00+02:00","dateModified":"2025-09-23T11:07:43+02:00"},{"@type":"WebSite","@id":"https:\/\/www.immo-invest.ch\/fr\/#website","url":"https:\/\/www.immo-invest.ch\/fr\/","name":"immo!nvest - Die Plattform f\u00fcr Standorte und Immobilien","description":"Die\u00a0Plattform f\u00fcr Standorte und Immobilien","inLanguage":"fr-FR","publisher":{"@id":"https:\/\/www.immo-invest.ch\/fr\/#organization"}}]},"og:locale":"fr_FR","og:site_name":"immo!nvest - Die Plattform f\u00fcr Standorte und Immobilien - Die\u00a0Plattform f\u00fcr Standorte und Immobilien","og:type":"article","og:title":"Comment le site b\u00e2lois de Wolf devient un quartier r\u00e9sidentiel - immo!nvest - Die Plattform f\u00fcr Standorte und Immobilien","og:description":"L\u00e0 o\u00f9 les marchandises \u00e9taient autrefois charg\u00e9es, des centaines de logements seront construits dans les ann\u00e9es \u00e0 venir, compl\u00e9t\u00e9s par des commerces et des usages publics. Les premiers concours d'architecture ont \u00e9t\u00e9 remport\u00e9s. Les projets gagnants &quot;Janus&quot; et &quot;Binaria&quot; montrent comment il est possible de construire des logements denses malgr\u00e9 le bruit de la route et des trains, les exigences de durabilit\u00e9 et les attentes sociales \u00e9lev\u00e9es.","og:url":"https:\/\/www.immo-invest.ch\/fr\/wie-das-basler-wolf-areal-zum-wohnquartier-wird\/","og:image":"https:\/\/www.immo-invest.ch\/wp-content\/uploads\/2025\/09\/basel-wolf-janus-visu-1-e1758612414184.jpg","og:image:secure_url":"https:\/\/www.immo-invest.ch\/wp-content\/uploads\/2025\/09\/basel-wolf-janus-visu-1-e1758612414184.jpg","og:image:width":1410,"og:image:height":940,"article:published_time":"2025-09-23T11:00:00+00:00","article:modified_time":"2025-09-23T09:07:43+00:00","article:publisher":"https:\/\/www.facebook.com\/people\/Immoinvest\/100077962920504\/","twitter:card":"summary_large_image","twitter:site":"@i","twitter:title":"Comment le site b\u00e2lois de Wolf devient un quartier r\u00e9sidentiel - immo!nvest - Die Plattform f\u00fcr Standorte und Immobilien","twitter:description":"L\u00e0 o\u00f9 les marchandises \u00e9taient autrefois charg\u00e9es, des centaines de logements seront construits dans les ann\u00e9es \u00e0 venir, compl\u00e9t\u00e9s par des commerces et des usages publics. Les premiers concours d'architecture ont \u00e9t\u00e9 remport\u00e9s. Les projets gagnants &quot;Janus&quot; et &quot;Binaria&quot; montrent comment il est possible de construire des logements denses malgr\u00e9 le bruit de la route et des trains, les exigences de durabilit\u00e9 et les attentes sociales \u00e9lev\u00e9es.","twitter:creator":"@i","twitter:image":"https:\/\/www.immo-invest.ch\/wp-content\/uploads\/2025\/09\/basel-wolf-janus-visu-1-e1758612414184.jpg"},"aioseo_meta_data":{"post_id":"140150","title":null,"description":null,"keywords":null,"keyphrases":{"focus":{"keyphrase":"","score":0,"analysis":{"keyphraseInTitle":{"score":0,"maxScore":9,"error":1}}},"additional":[]},"primary_term":null,"canonical_url":null,"og_title":null,"og_description":null,"og_object_type":"default","og_image_type":"default","og_image_url":null,"og_image_width":null,"og_image_height":null,"og_image_custom_url":null,"og_image_custom_fields":null,"og_video":"","og_custom_url":null,"og_article_section":null,"og_article_tags":null,"twitter_use_og":false,"twitter_card":"default","twitter_image_type":"default","twitter_image_url":null,"twitter_image_custom_url":null,"twitter_image_custom_fields":null,"twitter_title":null,"twitter_description":null,"schema":{"blockGraphs":[],"customGraphs":[],"default":{"data":{"Article":[],"Course":[],"Dataset":[],"FAQPage":[],"Movie":[],"Person":[],"Product":[],"ProductReview":[],"Car":[],"Recipe":[],"Service":[],"SoftwareApplication":[],"WebPage":[]},"graphName":"BlogPosting","isEnabled":true},"graphs":[]},"schema_type":"default","schema_type_options":null,"pillar_content":false,"robots_default":true,"robots_noindex":false,"robots_noarchive":false,"robots_nosnippet":false,"robots_nofollow":false,"robots_noimageindex":false,"robots_noodp":false,"robots_notranslate":false,"robots_max_snippet":"-1","robots_max_videopreview":"-1","robots_max_imagepreview":"large","priority":null,"frequency":"default","local_seo":null,"breadcrumb_settings":null,"limit_modified_date":false,"ai":{"faqs":[],"keyPoints":[],"titles":[],"descriptions":[],"socialPosts":{"email":[],"linkedin":[],"twitter":[],"facebook":[],"instagram":[]}},"created":"2025-09-23 08:57:44","updated":"2025-10-25 02:19:13","seo_analyzer_scan_date":null,"focus_keyword":null,"additional_keywords":null,"truseo_locale":null},"aioseo_breadcrumb":"<div class=\"aioseo-breadcrumbs\"><span class=\"aioseo-breadcrumb\">\n\t\t\t<a href=\"https:\/\/www.immo-invest.ch\/fr\/\" title=\"Home\">Home<\/a>\n\t\t<\/span><span class=\"aioseo-breadcrumb-separator\">&raquo;<\/span><span class=\"aioseo-breadcrumb\">\n\t\t\t<a href=\"https:\/\/www.immo-invest.ch\/fr\/categories\/projects\/\" title=\"Projects\">Projects<\/a>\n\t\t<\/span><span class=\"aioseo-breadcrumb-separator\">&raquo;<\/span><span class=\"aioseo-breadcrumb\">\n\t\t\t<a href=\"https:\/\/www.immo-invest.ch\/fr\/categories\/projects\/nouvelle-construction\/\" title=\"Nouvelle construction\">Nouvelle construction<\/a>\n\t\t<\/span><span class=\"aioseo-breadcrumb-separator\">&raquo;<\/span><span class=\"aioseo-breadcrumb\">\n\t\t\tComment le site b\u00e2lois de Wolf devient un quartier r\u00e9sidentiel\n\t\t<\/span><\/div>","aioseo_breadcrumb_json":[{"label":"Home","link":"https:\/\/www.immo-invest.ch\/fr\/"},{"label":"Projects","link":"https:\/\/www.immo-invest.ch\/fr\/categories\/projects\/"},{"label":"Nouvelle construction","link":"https:\/\/www.immo-invest.ch\/fr\/categories\/projects\/nouvelle-construction\/"},{"label":"Comment le site b\u00e2lois de Wolf devient un quartier r\u00e9sidentiel","link":"https:\/\/www.immo-invest.ch\/fr\/wie-das-basler-wolf-areal-zum-wohnquartier-wird\/"}],"featured_image_src":"https:\/\/www.immo-invest.ch\/wp-content\/uploads\/2025\/09\/basel-wolf-janus-visu-1-336x168.jpg","_links":{"self":[{"href":"https:\/\/www.immo-invest.ch\/fr\/wp-json\/wp\/v2\/posts\/140150","targetHints":{"allow":["GET"]}}],"collection":[{"href":"https:\/\/www.immo-invest.ch\/fr\/wp-json\/wp\/v2\/posts"}],"about":[{"href":"https:\/\/www.immo-invest.ch\/fr\/wp-json\/wp\/v2\/types\/post"}],"author":[{"embeddable":true,"href":"https:\/\/www.immo-invest.ch\/fr\/wp-json\/wp\/v2\/users\/2"}],"replies":[{"embeddable":true,"href":"https:\/\/www.immo-invest.ch\/fr\/wp-json\/wp\/v2\/comments?post=140150"}],"version-history":[{"count":0,"href":"https:\/\/www.immo-invest.ch\/fr\/wp-json\/wp\/v2\/posts\/140150\/revisions"}],"wp:featuredmedia":[{"embeddable":true,"href":"https:\/\/www.immo-invest.ch\/fr\/wp-json\/wp\/v2\/media\/140110"}],"wp:attachment":[{"href":"https:\/\/www.immo-invest.ch\/fr\/wp-json\/wp\/v2\/media?parent=140150"}],"wp:term":[{"taxonomy":"category","embeddable":true,"href":"https:\/\/www.immo-invest.ch\/fr\/wp-json\/wp\/v2\/categories?post=140150"},{"taxonomy":"post_tag","embeddable":true,"href":"https:\/\/www.immo-invest.ch\/fr\/wp-json\/wp\/v2\/tags?post=140150"}],"curies":[{"name":"wp","href":"https:\/\/api.w.org\/{rel}","templated":true}]}}