{"id":139883,"date":"2025-09-19T12:20:00","date_gmt":"2025-09-19T10:20:00","guid":{"rendered":"https:\/\/www.immo-invest.ch\/?p=139883"},"modified":"2025-10-21T17:12:12","modified_gmt":"2025-10-21T15:12:12","slug":"170-meter-turm-setzt-akzente-im-quartier-de-letoile","status":"publish","type":"post","link":"https:\/\/www.immo-invest.ch\/fr\/170-meter-turm-setzt-akzente-im-quartier-de-letoile\/","title":{"rendered":"une tour de 170 m\u00e8tres donne le ton dans le quartier de l&rsquo;\u00c9toile"},"content":{"rendered":"<p class=\"bodytext\"><a href=\"https:\/\/www.halter.ch\/\" target=\"_blank\" rel=\"noopener\">Halter AG<\/a>, dont le si&egrave;ge est &agrave; Schlieren, et Fordinvest (Schweiz) Immobilien GmbH, dont le si&egrave;ge est &agrave; Pf&auml;ffikon SZ, r&eacute;alisent &agrave; Gen&egrave;ve la Tour de l&rsquo;&Eacute;toile 3. Selon un <a href=\"https:\/\/www.halter.ch\/de\/medien\/startschuss-fuer-hochhausensemble-in-genf-halter-und-fordinvest-entwickeln-neben-rolex-eines-der-beiden-projekte-mit-einer-hoehe-von-rund-170-metern\" target=\"_blank\" rel=\"noopener\">communiqu&eacute;<\/a>, cette tour se situera dans le nouveau <a href=\"https:\/\/www.ge.ch\/dossier\/praille-acacias-vernets-pav\/neuf-quartiers-du-projet-pav\/etoile\" target=\"_blank\" rel=\"noopener\"><span class=\"glossaryLink\" aria-describedby=\"tt\" data-cmtooltip=\"&lt;div class=glossaryItemTitle&gt;Quartier&lt;\/div&gt;&lt;div class=glossaryItemBody&gt;Amtliches, historisches, soziales oder stadtplanerisches Stadtviertel&lt;\/div&gt;\" data-mobile-support=\"0\" data-gt-translate-attributes='[{\"attribute\":\"data-cmtooltip\", \"format\":\"html\"}]' tabindex=\"0\" role=\"link\">quartier<\/span> de l&rsquo;&Eacute;toile<\/a> &agrave; Gen&egrave;ve et offrira plus de 300 logements, des espaces pour les services publics, la restauration, les commerces et les services ainsi qu&rsquo;un dernier &eacute;tage accessible au public. D&rsquo;une hauteur de 170 m&egrave;tres et d&rsquo;une superficie de plus de 50&rsquo;000 m&egrave;tres carr&eacute;s, il devrait constituer &agrave; l&rsquo;avenir un point de rep&egrave;re architectural de Gen&egrave;ve.<\/p>\n<p class=\"bodytext\">Ce projet s&rsquo;inscrit dans le cadre du projet d&rsquo;am&eacute;nagement du territoire Praille-Acacias-Vernets<a href=\"https:\/\/www.ge.ch\/dossier\/praille-acacias-vernets-pav\" target=\"_blank\" rel=\"noopener\">(PAV<\/a>) &agrave; Gen&egrave;ve. Dans le cadre de ce projet, neuf nouveaux quartiers seront construits dans les ann&eacute;es &agrave; venir sur une surface de plus de 140 hectares, avec plus de 12&rsquo;000 logements, 6&rsquo;000 emplois, des &eacute;quipements publics ainsi que des espaces libres et verts. Aujourd&rsquo;hui, la signature de la convention de planification avec la <a href=\"https:\/\/fondationpav.ch\/presentation\/\" target=\"_blank\" rel=\"noopener\">Fondation Praille-Acacias-Vernets<\/a> et le <a href=\"https:\/\/www.ge.ch\/\" target=\"_blank\" rel=\"noopener\">canton de Gen&egrave;ve<\/a> a ouvert la voie au d&eacute;veloppement de deux tours.<\/p>\n<p class=\"bodytext\">La Tour de l&rsquo;&Eacute;toile 3 devrait constituer, avec la tour pr&eacute;vue par <a href=\"https:\/\/www.rolex.com\/de\" target=\"_blank\" rel=\"noopener\">Rolex<\/a>, un &eacute;l&eacute;ment central du projet de d&eacute;veloppement PAV et contribuer &agrave; la diversit&eacute; sociale et fonctionnelle du <span class=\"glossaryLink\" aria-describedby=\"tt\" data-cmtooltip=\"&lt;div class=glossaryItemTitle&gt;Quartier&lt;\/div&gt;&lt;div class=glossaryItemBody&gt;Amtliches, historisches, soziales oder stadtplanerisches Stadtviertel&lt;\/div&gt;\" data-mobile-support=\"0\" data-gt-translate-attributes='[{\"attribute\":\"data-cmtooltip\", \"format\":\"html\"}]' tabindex=\"0\" role=\"link\">quartier<\/span> de l&rsquo;&Eacute;toile. Fordinvest a d&eacute;j&agrave; acquis la Tour de l&rsquo;&Eacute;toile existante en 2000 et a initi&eacute; le d&eacute;veloppement de la nouvelle tour. Halter assume la responsabilit&eacute; de la r&eacute;alisation de la Tour de l&rsquo;&Eacute;toile 3 en tant que prestataire global. L&rsquo;entreprise est par ailleurs d&eacute;j&agrave; pr&eacute;sente dans le projet PAV avec un projet de tour r&eacute;alis&eacute; et pr&eacute;voit d&rsquo;en construire un autre en 2026.<\/p>\n","protected":false},"excerpt":{"rendered":"<p>Halter et Fordinvest d\u00e9veloppent la tour de l&rsquo;\u00c9toile 3 dans le cadre du projet d&rsquo;am\u00e9nagement du territoire genevois Praille-Acacias-Vernets. Ce b\u00e2timent de 170 m\u00e8tres de haut accueillera entre autres 300 logements, des restaurants et des commerces.<\/p>\n","protected":false},"author":2,"featured_media":142094,"comment_status":"open","ping_status":"open","sticky":false,"template":"","format":"standard","meta":{"pmpro_default_level":"","inline_featured_image":false,"_monsterinsights_skip_tracking":false,"footnotes":""},"categories":[743,9824,739,39686],"tags":[2685,2231,872,3931,2002,39703],"class_list":["post-139883","post","type-post","status-publish","format-standard","has-post-thumbnail","hentry","category-immonews-fr","category-nouvelle-construction","category-projects","category-standorte-fr","tag-genf-fr","tag-hochhaus-fr","tag-immoinvest-fr","tag-immonews-fr","tag-news-fr","tag-stadtentwicklung-fr","pmpro-has-access"],"acf":{"bild_mit_ki_erstellt_worden":[],"lead":"Halter et Fordinvest d\u00e9veloppent la tour de l'\u00c9toile 3 dans le cadre du projet d'am\u00e9nagement du territoire genevois Praille-Acacias-Vernets. Ce b\u00e2timent de 170 m\u00e8tres de haut accueillera entre autres 300 logements, des restaurants et des commerces.\r\n","autor":"ce\/nta","ort":"Schlieren ZH\/Pf\u00e4ffikon SZ\/Genf","bildunterschrift":"Photo : Halter AG","bild_im_grid":false,"gallerie":"","newsim":""},"aioseo_notices":[],"aioseo_head":"\n\t\t<!-- All in One SEO 5.0.1.1 - aioseo.com -->\n\t<meta name=\"description\" content=\"Halter et Fordinvest d\u00e9veloppent la tour de l&#039;\u00c9toile 3 dans le cadre du projet d&#039;am\u00e9nagement du territoire genevois Praille-Acacias-Vernets. Ce b\u00e2timent de 170 m\u00e8tres de haut accueillera entre autres 300 logements, des restaurants et des commerces.\" \/>\n\t<meta name=\"robots\" content=\"max-image-preview:large\" \/>\n\t<meta name=\"author\" content=\"immovestuser\"\/>\n\t<meta name=\"google-site-verification\" content=\"fHJKvgWpZCR2zVBHWfkQeFXC11qieUSff0HGNYfuyLA\" \/>\n\t<link rel=\"canonical\" href=\"https:\/\/www.immo-invest.ch\/fr\/170-meter-turm-setzt-akzente-im-quartier-de-letoile\/\" \/>\n\t<meta name=\"generator\" content=\"All in One SEO (AIOSEO) 5.0.1.1\" \/>\n\t\t<meta property=\"og:locale\" content=\"fr_FR\" \/>\n\t\t<meta property=\"og:site_name\" content=\"immo!nvest - Die Plattform f\u00fcr Standorte und Immobilien - Die\u00a0Plattform f\u00fcr Standorte und Immobilien\" \/>\n\t\t<meta property=\"og:type\" content=\"article\" \/>\n\t\t<meta property=\"og:title\" content=\"une tour de 170 m\u00e8tres donne le ton dans le quartier de l\u2019\u00c9toile - immo!nvest - Die Plattform f\u00fcr Standorte und Immobilien\" \/>\n\t\t<meta property=\"og:description\" content=\"Halter et Fordinvest d\u00e9veloppent la tour de l&#039;\u00c9toile 3 dans le cadre du projet d&#039;am\u00e9nagement du territoire genevois Praille-Acacias-Vernets. Ce b\u00e2timent de 170 m\u00e8tres de haut accueillera entre autres 300 logements, des restaurants et des commerces.\" \/>\n\t\t<meta property=\"og:url\" content=\"https:\/\/www.immo-invest.ch\/fr\/170-meter-turm-setzt-akzente-im-quartier-de-letoile\/\" \/>\n\t\t<meta property=\"og:image\" content=\"https:\/\/www.immo-invest.ch\/wp-content\/uploads\/2025\/09\/PAV_Image-nocturne-\u00a9Pierre-Alain-Dupraz-architectes-Goncalo-Byrne-arquitectos-photographie-Yves-Andre-scaled.jpg\" \/>\n\t\t<meta property=\"og:image:secure_url\" content=\"https:\/\/www.immo-invest.ch\/wp-content\/uploads\/2025\/09\/PAV_Image-nocturne-\u00a9Pierre-Alain-Dupraz-architectes-Goncalo-Byrne-arquitectos-photographie-Yves-Andre-scaled.jpg\" \/>\n\t\t<meta property=\"article:published_time\" content=\"2025-09-19T10:20:00+00:00\" \/>\n\t\t<meta property=\"article:modified_time\" content=\"2025-10-21T15:12:12+00:00\" \/>\n\t\t<meta property=\"article:publisher\" content=\"https:\/\/www.facebook.com\/people\/Immoinvest\/100077962920504\/\" \/>\n\t\t<meta name=\"twitter:card\" content=\"summary_large_image\" \/>\n\t\t<meta name=\"twitter:site\" content=\"@i\" \/>\n\t\t<meta name=\"twitter:title\" content=\"une tour de 170 m\u00e8tres donne le ton dans le quartier de l\u2019\u00c9toile - immo!nvest - Die Plattform f\u00fcr Standorte und Immobilien\" \/>\n\t\t<meta name=\"twitter:description\" content=\"Halter et Fordinvest d\u00e9veloppent la tour de l&#039;\u00c9toile 3 dans le cadre du projet d&#039;am\u00e9nagement du territoire genevois Praille-Acacias-Vernets. Ce b\u00e2timent de 170 m\u00e8tres de haut accueillera entre autres 300 logements, des restaurants et des commerces.\" \/>\n\t\t<meta name=\"twitter:creator\" content=\"@i\" \/>\n\t\t<meta name=\"twitter:image\" content=\"https:\/\/www.immo-invest.ch\/wp-content\/uploads\/2025\/09\/PAV_Image-nocturne-\u00a9Pierre-Alain-Dupraz-architectes-Goncalo-Byrne-arquitectos-photographie-Yves-Andre-scaled.jpg\" \/>\n\t\t<script type=\"application\/ld+json\" class=\"aioseo-schema\">\n\t\t\t{\"@context\":\"https:\\\/\\\/schema.org\",\"@graph\":[{\"@type\":\"BlogPosting\",\"@id\":\"https:\\\/\\\/www.immo-invest.ch\\\/fr\\\/170-meter-turm-setzt-akzente-im-quartier-de-letoile\\\/#blogposting\",\"name\":\"une tour de 170 m\\u00e8tres donne le ton dans le quartier de l\\u2019\\u00c9toile - immo!nvest - Die Plattform f\\u00fcr Standorte und Immobilien\",\"headline\":\"une tour de 170 m\\u00e8tres donne le ton dans le quartier de l&rsquo;\\u00c9toile\",\"author\":{\"@id\":\"https:\\\/\\\/www.immo-invest.ch\\\/fr\\\/author\\\/immovestuser\\\/#author\"},\"publisher\":{\"@id\":\"https:\\\/\\\/www.immo-invest.ch\\\/fr\\\/#organization\"},\"image\":{\"@type\":\"ImageObject\",\"url\":\"https:\\\/\\\/www.immo-invest.ch\\\/wp-content\\\/uploads\\\/2025\\\/09\\\/PAV_Image-nocturne-\\u00a9Pierre-Alain-Dupraz-architectes-Goncalo-Byrne-arquitectos-photographie-Yves-Andre-scaled.jpg\",\"caption\":\"Documentation du site du PAV, film 3, 11 novembre 2009\"},\"datePublished\":\"2025-09-19T12:20:00+02:00\",\"dateModified\":\"2025-10-21T17:12:12+02:00\",\"inLanguage\":\"fr-FR\",\"mainEntityOfPage\":{\"@id\":\"https:\\\/\\\/www.immo-invest.ch\\\/fr\\\/170-meter-turm-setzt-akzente-im-quartier-de-letoile\\\/#webpage\"},\"isPartOf\":{\"@id\":\"https:\\\/\\\/www.immo-invest.ch\\\/fr\\\/170-meter-turm-setzt-akzente-im-quartier-de-letoile\\\/#webpage\"},\"articleSection\":\"immoNews, Nouvelle construction, Projects, Standorte, Genf, hochhaus, Immoinvest, immoNews, News, Stadtentwicklung, Facultatif\"},{\"@type\":\"BreadcrumbList\",\"@id\":\"https:\\\/\\\/www.immo-invest.ch\\\/fr\\\/170-meter-turm-setzt-akzente-im-quartier-de-letoile\\\/#breadcrumblist\",\"itemListElement\":[{\"@type\":\"ListItem\",\"@id\":\"https:\\\/\\\/www.immo-invest.ch\\\/fr\\\/#listItem\",\"position\":1,\"name\":\"Home\",\"item\":\"https:\\\/\\\/www.immo-invest.ch\\\/fr\\\/\",\"nextItem\":{\"@type\":\"ListItem\",\"@id\":\"https:\\\/\\\/www.immo-invest.ch\\\/fr\\\/categories\\\/projects\\\/#listItem\",\"name\":\"Projects\"}},{\"@type\":\"ListItem\",\"@id\":\"https:\\\/\\\/www.immo-invest.ch\\\/fr\\\/categories\\\/projects\\\/#listItem\",\"position\":2,\"name\":\"Projects\",\"item\":\"https:\\\/\\\/www.immo-invest.ch\\\/fr\\\/categories\\\/projects\\\/\",\"nextItem\":{\"@type\":\"ListItem\",\"@id\":\"https:\\\/\\\/www.immo-invest.ch\\\/fr\\\/categories\\\/projects\\\/nouvelle-construction\\\/#listItem\",\"name\":\"Nouvelle construction\"},\"previousItem\":{\"@type\":\"ListItem\",\"@id\":\"https:\\\/\\\/www.immo-invest.ch\\\/fr\\\/#listItem\",\"name\":\"Home\"}},{\"@type\":\"ListItem\",\"@id\":\"https:\\\/\\\/www.immo-invest.ch\\\/fr\\\/categories\\\/projects\\\/nouvelle-construction\\\/#listItem\",\"position\":3,\"name\":\"Nouvelle construction\",\"item\":\"https:\\\/\\\/www.immo-invest.ch\\\/fr\\\/categories\\\/projects\\\/nouvelle-construction\\\/\",\"nextItem\":{\"@type\":\"ListItem\",\"@id\":\"https:\\\/\\\/www.immo-invest.ch\\\/fr\\\/170-meter-turm-setzt-akzente-im-quartier-de-letoile\\\/#listItem\",\"name\":\"une tour de 170 m\\u00e8tres donne le ton dans le quartier de l&rsquo;\\u00c9toile\"},\"previousItem\":{\"@type\":\"ListItem\",\"@id\":\"https:\\\/\\\/www.immo-invest.ch\\\/fr\\\/categories\\\/projects\\\/#listItem\",\"name\":\"Projects\"}},{\"@type\":\"ListItem\",\"@id\":\"https:\\\/\\\/www.immo-invest.ch\\\/fr\\\/170-meter-turm-setzt-akzente-im-quartier-de-letoile\\\/#listItem\",\"position\":4,\"name\":\"une tour de 170 m\\u00e8tres donne le ton dans le quartier de l&rsquo;\\u00c9toile\",\"previousItem\":{\"@type\":\"ListItem\",\"@id\":\"https:\\\/\\\/www.immo-invest.ch\\\/fr\\\/categories\\\/projects\\\/nouvelle-construction\\\/#listItem\",\"name\":\"Nouvelle construction\"}}]},{\"@type\":\"Organization\",\"@id\":\"https:\\\/\\\/www.immo-invest.ch\\\/fr\\\/#organization\",\"name\":\"immo!nvest - Die Plattform f\\u00fcr Standorte und Immobilien\",\"description\":\"Die\\u00a0Plattform f\\u00fcr Standorte und Immobilien\",\"url\":\"https:\\\/\\\/www.immo-invest.ch\\\/fr\\\/\",\"email\":\"admin@immomedia.ag\",\"telephone\":\"+41444420002\",\"logo\":{\"@type\":\"ImageObject\",\"url\":\"https:\\\/\\\/www.immo-invest.ch\\\/wp-content\\\/uploads\\\/2024\\\/09\\\/immoinvest_sm-scaled.jpg\",\"@id\":\"https:\\\/\\\/www.immo-invest.ch\\\/fr\\\/170-meter-turm-setzt-akzente-im-quartier-de-letoile\\\/#organizationLogo\",\"width\":2560,\"height\":1340},\"image\":{\"@id\":\"https:\\\/\\\/www.immo-invest.ch\\\/fr\\\/170-meter-turm-setzt-akzente-im-quartier-de-letoile\\\/#organizationLogo\"},\"sameAs\":[\"https:\\\/\\\/www.facebook.com\\\/people\\\/Immoinvest\\\/100077962920504\\\/\",\"https:\\\/\\\/x.com\\\/i\\\/flow\\\/login?redirect_after_login=immoinvest_ch\",\"https:\\\/\\\/www.instagram.com\\\/immoinvest_ch\\\/\",\"https:\\\/\\\/www.linkedin.com\\\/company\\\/immoinvest-swiss\"]},{\"@type\":\"Person\",\"@id\":\"https:\\\/\\\/www.immo-invest.ch\\\/fr\\\/author\\\/immovestuser\\\/#author\",\"url\":\"https:\\\/\\\/www.immo-invest.ch\\\/fr\\\/author\\\/immovestuser\\\/\",\"name\":\"immovestuser\",\"image\":{\"@type\":\"ImageObject\",\"@id\":\"https:\\\/\\\/www.immo-invest.ch\\\/fr\\\/170-meter-turm-setzt-akzente-im-quartier-de-letoile\\\/#authorImage\",\"url\":\"https:\\\/\\\/secure.gravatar.com\\\/avatar\\\/8e01f4d99f2eeea7a362ebb93305e1172a70e9293ba250f897a65c39f54cdd1e?s=96&d=mm&r=g\",\"width\":96,\"height\":96,\"caption\":\"immovestuser\"}},{\"@type\":\"WebPage\",\"@id\":\"https:\\\/\\\/www.immo-invest.ch\\\/fr\\\/170-meter-turm-setzt-akzente-im-quartier-de-letoile\\\/#webpage\",\"url\":\"https:\\\/\\\/www.immo-invest.ch\\\/fr\\\/170-meter-turm-setzt-akzente-im-quartier-de-letoile\\\/\",\"name\":\"une tour de 170 m\\u00e8tres donne le ton dans le quartier de l\\u2019\\u00c9toile - immo!nvest - Die Plattform f\\u00fcr Standorte und Immobilien\",\"description\":\"Halter et Fordinvest d\\u00e9veloppent la tour de l'\\u00c9toile 3 dans le cadre du projet d'am\\u00e9nagement du territoire genevois Praille-Acacias-Vernets. Ce b\\u00e2timent de 170 m\\u00e8tres de haut accueillera entre autres 300 logements, des restaurants et des commerces.\",\"inLanguage\":\"fr-FR\",\"isPartOf\":{\"@id\":\"https:\\\/\\\/www.immo-invest.ch\\\/fr\\\/#website\"},\"breadcrumb\":{\"@id\":\"https:\\\/\\\/www.immo-invest.ch\\\/fr\\\/170-meter-turm-setzt-akzente-im-quartier-de-letoile\\\/#breadcrumblist\"},\"author\":{\"@id\":\"https:\\\/\\\/www.immo-invest.ch\\\/fr\\\/author\\\/immovestuser\\\/#author\"},\"creator\":{\"@id\":\"https:\\\/\\\/www.immo-invest.ch\\\/fr\\\/author\\\/immovestuser\\\/#author\"},\"image\":{\"@type\":\"ImageObject\",\"url\":\"https:\\\/\\\/www.immo-invest.ch\\\/wp-content\\\/uploads\\\/2025\\\/09\\\/PAV_Image-nocturne-\\u00a9Pierre-Alain-Dupraz-architectes-Goncalo-Byrne-arquitectos-photographie-Yves-Andre-scaled.jpg\",\"@id\":\"https:\\\/\\\/www.immo-invest.ch\\\/fr\\\/170-meter-turm-setzt-akzente-im-quartier-de-letoile\\\/#mainImage\",\"caption\":\"Documentation du site du PAV, film 3, 11 novembre 2009\"},\"primaryImageOfPage\":{\"@id\":\"https:\\\/\\\/www.immo-invest.ch\\\/fr\\\/170-meter-turm-setzt-akzente-im-quartier-de-letoile\\\/#mainImage\"},\"datePublished\":\"2025-09-19T12:20:00+02:00\",\"dateModified\":\"2025-10-21T17:12:12+02:00\"},{\"@type\":\"WebSite\",\"@id\":\"https:\\\/\\\/www.immo-invest.ch\\\/fr\\\/#website\",\"url\":\"https:\\\/\\\/www.immo-invest.ch\\\/fr\\\/\",\"name\":\"immo!nvest - Die Plattform f\\u00fcr Standorte und Immobilien\",\"description\":\"Die\\u00a0Plattform f\\u00fcr Standorte und Immobilien\",\"inLanguage\":\"fr-FR\",\"publisher\":{\"@id\":\"https:\\\/\\\/www.immo-invest.ch\\\/fr\\\/#organization\"}}]}\n\t\t<\/script>\n\t\t<!-- All in One SEO -->\n\n","aioseo_head_json":{"title":"une tour de 170 m\u00e8tres donne le ton dans le quartier de l\u2019\u00c9toile - immo!nvest - Die Plattform f\u00fcr Standorte und Immobilien","description":"Halter et Fordinvest d\u00e9veloppent la tour de l'\u00c9toile 3 dans le cadre du projet d'am\u00e9nagement du territoire genevois Praille-Acacias-Vernets. Ce b\u00e2timent de 170 m\u00e8tres de haut accueillera entre autres 300 logements, des restaurants et des commerces.","canonical_url":"https:\/\/www.immo-invest.ch\/fr\/170-meter-turm-setzt-akzente-im-quartier-de-letoile\/","robots":"max-image-preview:large","keywords":"","webmasterTools":{"google-site-verification":"fHJKvgWpZCR2zVBHWfkQeFXC11qieUSff0HGNYfuyLA","miscellaneous":""},"schema":{"@context":"https:\/\/schema.org","@graph":[{"@type":"BlogPosting","@id":"https:\/\/www.immo-invest.ch\/fr\/170-meter-turm-setzt-akzente-im-quartier-de-letoile\/#blogposting","name":"une tour de 170 m\u00e8tres donne le ton dans le quartier de l\u2019\u00c9toile - immo!nvest - Die Plattform f\u00fcr Standorte und Immobilien","headline":"une tour de 170 m\u00e8tres donne le ton dans le quartier de l&rsquo;\u00c9toile","author":{"@id":"https:\/\/www.immo-invest.ch\/fr\/author\/immovestuser\/#author"},"publisher":{"@id":"https:\/\/www.immo-invest.ch\/fr\/#organization"},"image":{"@type":"ImageObject","url":"https:\/\/www.immo-invest.ch\/wp-content\/uploads\/2025\/09\/PAV_Image-nocturne-\u00a9Pierre-Alain-Dupraz-architectes-Goncalo-Byrne-arquitectos-photographie-Yves-Andre-scaled.jpg","caption":"Documentation du site du PAV, film 3, 11 novembre 2009"},"datePublished":"2025-09-19T12:20:00+02:00","dateModified":"2025-10-21T17:12:12+02:00","inLanguage":"fr-FR","mainEntityOfPage":{"@id":"https:\/\/www.immo-invest.ch\/fr\/170-meter-turm-setzt-akzente-im-quartier-de-letoile\/#webpage"},"isPartOf":{"@id":"https:\/\/www.immo-invest.ch\/fr\/170-meter-turm-setzt-akzente-im-quartier-de-letoile\/#webpage"},"articleSection":"immoNews, Nouvelle construction, Projects, Standorte, Genf, hochhaus, Immoinvest, immoNews, News, Stadtentwicklung, Facultatif"},{"@type":"BreadcrumbList","@id":"https:\/\/www.immo-invest.ch\/fr\/170-meter-turm-setzt-akzente-im-quartier-de-letoile\/#breadcrumblist","itemListElement":[{"@type":"ListItem","@id":"https:\/\/www.immo-invest.ch\/fr\/#listItem","position":1,"name":"Home","item":"https:\/\/www.immo-invest.ch\/fr\/","nextItem":{"@type":"ListItem","@id":"https:\/\/www.immo-invest.ch\/fr\/categories\/projects\/#listItem","name":"Projects"}},{"@type":"ListItem","@id":"https:\/\/www.immo-invest.ch\/fr\/categories\/projects\/#listItem","position":2,"name":"Projects","item":"https:\/\/www.immo-invest.ch\/fr\/categories\/projects\/","nextItem":{"@type":"ListItem","@id":"https:\/\/www.immo-invest.ch\/fr\/categories\/projects\/nouvelle-construction\/#listItem","name":"Nouvelle construction"},"previousItem":{"@type":"ListItem","@id":"https:\/\/www.immo-invest.ch\/fr\/#listItem","name":"Home"}},{"@type":"ListItem","@id":"https:\/\/www.immo-invest.ch\/fr\/categories\/projects\/nouvelle-construction\/#listItem","position":3,"name":"Nouvelle construction","item":"https:\/\/www.immo-invest.ch\/fr\/categories\/projects\/nouvelle-construction\/","nextItem":{"@type":"ListItem","@id":"https:\/\/www.immo-invest.ch\/fr\/170-meter-turm-setzt-akzente-im-quartier-de-letoile\/#listItem","name":"une tour de 170 m\u00e8tres donne le ton dans le quartier de l&rsquo;\u00c9toile"},"previousItem":{"@type":"ListItem","@id":"https:\/\/www.immo-invest.ch\/fr\/categories\/projects\/#listItem","name":"Projects"}},{"@type":"ListItem","@id":"https:\/\/www.immo-invest.ch\/fr\/170-meter-turm-setzt-akzente-im-quartier-de-letoile\/#listItem","position":4,"name":"une tour de 170 m\u00e8tres donne le ton dans le quartier de l&rsquo;\u00c9toile","previousItem":{"@type":"ListItem","@id":"https:\/\/www.immo-invest.ch\/fr\/categories\/projects\/nouvelle-construction\/#listItem","name":"Nouvelle construction"}}]},{"@type":"Organization","@id":"https:\/\/www.immo-invest.ch\/fr\/#organization","name":"immo!nvest - Die Plattform f\u00fcr Standorte und Immobilien","description":"Die\u00a0Plattform f\u00fcr Standorte und Immobilien","url":"https:\/\/www.immo-invest.ch\/fr\/","email":"admin@immomedia.ag","telephone":"+41444420002","logo":{"@type":"ImageObject","url":"https:\/\/www.immo-invest.ch\/wp-content\/uploads\/2024\/09\/immoinvest_sm-scaled.jpg","@id":"https:\/\/www.immo-invest.ch\/fr\/170-meter-turm-setzt-akzente-im-quartier-de-letoile\/#organizationLogo","width":2560,"height":1340},"image":{"@id":"https:\/\/www.immo-invest.ch\/fr\/170-meter-turm-setzt-akzente-im-quartier-de-letoile\/#organizationLogo"},"sameAs":["https:\/\/www.facebook.com\/people\/Immoinvest\/100077962920504\/","https:\/\/x.com\/i\/flow\/login?redirect_after_login=immoinvest_ch","https:\/\/www.instagram.com\/immoinvest_ch\/","https:\/\/www.linkedin.com\/company\/immoinvest-swiss"]},{"@type":"Person","@id":"https:\/\/www.immo-invest.ch\/fr\/author\/immovestuser\/#author","url":"https:\/\/www.immo-invest.ch\/fr\/author\/immovestuser\/","name":"immovestuser","image":{"@type":"ImageObject","@id":"https:\/\/www.immo-invest.ch\/fr\/170-meter-turm-setzt-akzente-im-quartier-de-letoile\/#authorImage","url":"https:\/\/secure.gravatar.com\/avatar\/8e01f4d99f2eeea7a362ebb93305e1172a70e9293ba250f897a65c39f54cdd1e?s=96&d=mm&r=g","width":96,"height":96,"caption":"immovestuser"}},{"@type":"WebPage","@id":"https:\/\/www.immo-invest.ch\/fr\/170-meter-turm-setzt-akzente-im-quartier-de-letoile\/#webpage","url":"https:\/\/www.immo-invest.ch\/fr\/170-meter-turm-setzt-akzente-im-quartier-de-letoile\/","name":"une tour de 170 m\u00e8tres donne le ton dans le quartier de l\u2019\u00c9toile - immo!nvest - Die Plattform f\u00fcr Standorte und Immobilien","description":"Halter et Fordinvest d\u00e9veloppent la tour de l'\u00c9toile 3 dans le cadre du projet d'am\u00e9nagement du territoire genevois Praille-Acacias-Vernets. Ce b\u00e2timent de 170 m\u00e8tres de haut accueillera entre autres 300 logements, des restaurants et des commerces.","inLanguage":"fr-FR","isPartOf":{"@id":"https:\/\/www.immo-invest.ch\/fr\/#website"},"breadcrumb":{"@id":"https:\/\/www.immo-invest.ch\/fr\/170-meter-turm-setzt-akzente-im-quartier-de-letoile\/#breadcrumblist"},"author":{"@id":"https:\/\/www.immo-invest.ch\/fr\/author\/immovestuser\/#author"},"creator":{"@id":"https:\/\/www.immo-invest.ch\/fr\/author\/immovestuser\/#author"},"image":{"@type":"ImageObject","url":"https:\/\/www.immo-invest.ch\/wp-content\/uploads\/2025\/09\/PAV_Image-nocturne-\u00a9Pierre-Alain-Dupraz-architectes-Goncalo-Byrne-arquitectos-photographie-Yves-Andre-scaled.jpg","@id":"https:\/\/www.immo-invest.ch\/fr\/170-meter-turm-setzt-akzente-im-quartier-de-letoile\/#mainImage","caption":"Documentation du site du PAV, film 3, 11 novembre 2009"},"primaryImageOfPage":{"@id":"https:\/\/www.immo-invest.ch\/fr\/170-meter-turm-setzt-akzente-im-quartier-de-letoile\/#mainImage"},"datePublished":"2025-09-19T12:20:00+02:00","dateModified":"2025-10-21T17:12:12+02:00"},{"@type":"WebSite","@id":"https:\/\/www.immo-invest.ch\/fr\/#website","url":"https:\/\/www.immo-invest.ch\/fr\/","name":"immo!nvest - Die Plattform f\u00fcr Standorte und Immobilien","description":"Die\u00a0Plattform f\u00fcr Standorte und Immobilien","inLanguage":"fr-FR","publisher":{"@id":"https:\/\/www.immo-invest.ch\/fr\/#organization"}}]},"og:locale":"fr_FR","og:site_name":"immo!nvest - Die Plattform f\u00fcr Standorte und Immobilien - Die\u00a0Plattform f\u00fcr Standorte und Immobilien","og:type":"article","og:title":"une tour de 170 m\u00e8tres donne le ton dans le quartier de l\u2019\u00c9toile - immo!nvest - Die Plattform f\u00fcr Standorte und Immobilien","og:description":"Halter et Fordinvest d\u00e9veloppent la tour de l'\u00c9toile 3 dans le cadre du projet d'am\u00e9nagement du territoire genevois Praille-Acacias-Vernets. Ce b\u00e2timent de 170 m\u00e8tres de haut accueillera entre autres 300 logements, des restaurants et des commerces.","og:url":"https:\/\/www.immo-invest.ch\/fr\/170-meter-turm-setzt-akzente-im-quartier-de-letoile\/","og:image":"https:\/\/www.immo-invest.ch\/wp-content\/uploads\/2025\/09\/PAV_Image-nocturne-\u00a9Pierre-Alain-Dupraz-architectes-Goncalo-Byrne-arquitectos-photographie-Yves-Andre-scaled.jpg","og:image:secure_url":"https:\/\/www.immo-invest.ch\/wp-content\/uploads\/2025\/09\/PAV_Image-nocturne-\u00a9Pierre-Alain-Dupraz-architectes-Goncalo-Byrne-arquitectos-photographie-Yves-Andre-scaled.jpg","article:published_time":"2025-09-19T10:20:00+00:00","article:modified_time":"2025-10-21T15:12:12+00:00","article:publisher":"https:\/\/www.facebook.com\/people\/Immoinvest\/100077962920504\/","twitter:card":"summary_large_image","twitter:site":"@i","twitter:title":"une tour de 170 m\u00e8tres donne le ton dans le quartier de l\u2019\u00c9toile - immo!nvest - Die Plattform f\u00fcr Standorte und Immobilien","twitter:description":"Halter et Fordinvest d\u00e9veloppent la tour de l'\u00c9toile 3 dans le cadre du projet d'am\u00e9nagement du territoire genevois Praille-Acacias-Vernets. Ce b\u00e2timent de 170 m\u00e8tres de haut accueillera entre autres 300 logements, des restaurants et des commerces.","twitter:creator":"@i","twitter:image":"https:\/\/www.immo-invest.ch\/wp-content\/uploads\/2025\/09\/PAV_Image-nocturne-\u00a9Pierre-Alain-Dupraz-architectes-Goncalo-Byrne-arquitectos-photographie-Yves-Andre-scaled.jpg"},"aioseo_meta_data":{"post_id":"139883","title":null,"description":null,"keywords":null,"keyphrases":{"focus":{"keyphrase":"","score":0,"analysis":{"keyphraseInTitle":{"score":0,"maxScore":9,"error":1}}},"additional":[]},"primary_term":null,"canonical_url":null,"og_title":null,"og_description":null,"og_object_type":"default","og_image_type":"default","og_image_url":null,"og_image_width":null,"og_image_height":null,"og_image_custom_url":null,"og_image_custom_fields":null,"og_video":"","og_custom_url":null,"og_article_section":null,"og_article_tags":null,"twitter_use_og":false,"twitter_card":"default","twitter_image_type":"default","twitter_image_url":null,"twitter_image_custom_url":null,"twitter_image_custom_fields":null,"twitter_title":null,"twitter_description":null,"schema":{"blockGraphs":[],"customGraphs":[],"default":{"data":{"Article":[],"Course":[],"Dataset":[],"FAQPage":[],"Movie":[],"Person":[],"Product":[],"ProductReview":[],"Car":[],"Recipe":[],"Service":[],"SoftwareApplication":[],"WebPage":[]},"graphName":"BlogPosting","isEnabled":true},"graphs":[]},"schema_type":"default","schema_type_options":null,"pillar_content":false,"robots_default":true,"robots_noindex":false,"robots_noarchive":false,"robots_nosnippet":false,"robots_nofollow":false,"robots_noimageindex":false,"robots_noodp":false,"robots_notranslate":false,"robots_max_snippet":"-1","robots_max_videopreview":"-1","robots_max_imagepreview":"large","priority":null,"frequency":"default","local_seo":null,"breadcrumb_settings":null,"limit_modified_date":false,"ai":{"faqs":[],"keyPoints":[],"titles":[],"descriptions":[],"socialPosts":{"email":[],"linkedin":[],"twitter":[],"facebook":[],"instagram":[]}},"created":"2025-09-18 06:45:39","updated":"2025-10-25 02:04:15","seo_analyzer_scan_date":null,"focus_keyword":null,"additional_keywords":null,"truseo_locale":null},"aioseo_breadcrumb":"<div class=\"aioseo-breadcrumbs\"><span class=\"aioseo-breadcrumb\">\n\t\t\t<a href=\"https:\/\/www.immo-invest.ch\/fr\/\" title=\"Home\">Home<\/a>\n\t\t<\/span><span class=\"aioseo-breadcrumb-separator\">&raquo;<\/span><span class=\"aioseo-breadcrumb\">\n\t\t\t<a href=\"https:\/\/www.immo-invest.ch\/fr\/categories\/projects\/\" title=\"Projects\">Projects<\/a>\n\t\t<\/span><span class=\"aioseo-breadcrumb-separator\">&raquo;<\/span><span class=\"aioseo-breadcrumb\">\n\t\t\t<a href=\"https:\/\/www.immo-invest.ch\/fr\/categories\/projects\/nouvelle-construction\/\" title=\"Nouvelle construction\">Nouvelle construction<\/a>\n\t\t<\/span><span class=\"aioseo-breadcrumb-separator\">&raquo;<\/span><span class=\"aioseo-breadcrumb\">\n\t\t\tune tour de 170 m\u00e8tres donne le ton dans le quartier de l\u2019\u00c9toile\n\t\t<\/span><\/div>","aioseo_breadcrumb_json":[{"label":"Home","link":"https:\/\/www.immo-invest.ch\/fr\/"},{"label":"Projects","link":"https:\/\/www.immo-invest.ch\/fr\/categories\/projects\/"},{"label":"Nouvelle construction","link":"https:\/\/www.immo-invest.ch\/fr\/categories\/projects\/nouvelle-construction\/"},{"label":"une tour de 170 m\u00e8tres donne le ton dans le quartier de l&rsquo;\u00c9toile","link":"https:\/\/www.immo-invest.ch\/fr\/170-meter-turm-setzt-akzente-im-quartier-de-letoile\/"}],"featured_image_src":"https:\/\/www.immo-invest.ch\/wp-content\/uploads\/2025\/09\/PAV_Image-nocturne-\u00a9Pierre-Alain-Dupraz-architectes-Goncalo-Byrne-arquitectos-photographie-Yves-Andre-scaled.jpg","_links":{"self":[{"href":"https:\/\/www.immo-invest.ch\/fr\/wp-json\/wp\/v2\/posts\/139883","targetHints":{"allow":["GET"]}}],"collection":[{"href":"https:\/\/www.immo-invest.ch\/fr\/wp-json\/wp\/v2\/posts"}],"about":[{"href":"https:\/\/www.immo-invest.ch\/fr\/wp-json\/wp\/v2\/types\/post"}],"author":[{"embeddable":true,"href":"https:\/\/www.immo-invest.ch\/fr\/wp-json\/wp\/v2\/users\/2"}],"replies":[{"embeddable":true,"href":"https:\/\/www.immo-invest.ch\/fr\/wp-json\/wp\/v2\/comments?post=139883"}],"version-history":[{"count":0,"href":"https:\/\/www.immo-invest.ch\/fr\/wp-json\/wp\/v2\/posts\/139883\/revisions"}],"wp:featuredmedia":[{"embeddable":true,"href":"https:\/\/www.immo-invest.ch\/fr\/wp-json\/wp\/v2\/media\/142094"}],"wp:attachment":[{"href":"https:\/\/www.immo-invest.ch\/fr\/wp-json\/wp\/v2\/media?parent=139883"}],"wp:term":[{"taxonomy":"category","embeddable":true,"href":"https:\/\/www.immo-invest.ch\/fr\/wp-json\/wp\/v2\/categories?post=139883"},{"taxonomy":"post_tag","embeddable":true,"href":"https:\/\/www.immo-invest.ch\/fr\/wp-json\/wp\/v2\/tags?post=139883"}],"curies":[{"name":"wp","href":"https:\/\/api.w.org\/{rel}","templated":true}]}}