{"id":139427,"date":"2025-09-15T16:20:00","date_gmt":"2025-09-15T14:20:00","guid":{"rendered":"https:\/\/www.immo-invest.ch\/?p=139427"},"modified":"2025-09-12T09:07:32","modified_gmt":"2025-09-12T07:07:32","slug":"sport-nachhaltigkeit-und-gemeinschaft-unter-einem-dach","status":"publish","type":"post","link":"https:\/\/www.immo-invest.ch\/fr\/sport-nachhaltigkeit-und-gemeinschaft-unter-einem-dach\/","title":{"rendered":"Sport, durabilit\u00e9 et communaut\u00e9 sous un m\u00eame toit"},"content":{"rendered":"<p class=\"bodytext\">L&rsquo;&eacute;quipe cycliste <a href=\"https:\/\/www.tudorprocycling.com\/\" target=\"_blank\" rel=\"noopener\">Tudor Pro Cycling<\/a> pr&eacute;voit de d&eacute;m&eacute;nager son si&egrave;ge social de Schenkon &agrave; Sursee. Selon un <a href=\"https:\/\/www.tudorprocycling.com\/post\/gearing-up-for-the-future-with-new-headquarters\" target=\"_blank\" rel=\"noopener\">communiqu&eacute;<\/a>, la construction de la nouvelle installation vient de d&eacute;buter. Le b&acirc;timent de 10&rsquo;000 m&egrave;tres carr&eacute;s sera con&ccedil;u de mani&egrave;re durable et ouvrira ses portes en 2027. Il devrait soutenir la croissance de l&rsquo;&eacute;quipe et red&eacute;finir les normes du cyclisme professionnel. Le projet est soutenu par le conseil municipal et les autorit&eacute;s du <a href=\"https:\/\/www.lu.ch\/\" target=\"_blank\" rel=\"noopener\">canton de Lucerne<\/a>.<\/p>\n<p class=\"bodytext\">L&rsquo;installation, d&rsquo;un co&ucirc;t de 17 millions de francs, a &eacute;t&eacute; con&ccedil;ue en collaboration avec <a href=\"https:\/\/www.goldbeck-rhomberg.com\/\" target=\"_blank\" rel=\"noopener\">Goldbeck Rhomberg<\/a>. Il sera construit dans la Zeughausstrasse &agrave; Sursee et offrira, sur cinq &eacute;tages, un lieu o&ugrave; les pilotes, les m&eacute;caniciens, les entra&icirc;neurs et les collaborateurs pourront se r&eacute;unir pour se pr&eacute;parer aux courses &agrave; venir. Un espace public offrira &eacute;galement aux fans et aux supporters des vues exclusives sur les coulisses et des exp&eacute;riences interactives.<\/p>\n<p class=\"bodytext\">&laquo;&nbsp;En collaboration avec Goldbeck Rhomberg, nous avons d&eacute;velopp&eacute; un concept r&eacute;volutionnaire qui r&eacute;pond non seulement aux besoins d&rsquo;une &eacute;quipe sportive professionnelle, mais aussi aux attentes des fans et de la communaut&eacute; locale&nbsp;&raquo;, explique Raphael Meyer, CEO de Tudor Pro Cycling, dans le communiqu&eacute;. &laquo;&nbsp;Il &eacute;tablit &eacute;galement de nouvelles normes en mati&egrave;re de durabilit&eacute; environnementale et a <a href=\"https:\/\/www.dgnb.de\/de\" target=\"_blank\" rel=\"noopener\">obtenu la certification DGNB Gold<\/a>, l&rsquo;un des plus hauts standards que les b&acirc;timents peuvent atteindre&nbsp;&raquo;<\/p>\n<p class=\"bodytext\">Selon les informations fournies, Sursee et le canton de Lucerne ont soutenu l&rsquo;&eacute;quipe d&egrave;s le d&eacute;but et ont rendu le projet possible. &laquo;&nbsp;Nous sommes heureux que ce nouveau b&acirc;timent, d&eacute;di&eacute; au sport et &agrave; un mode de vie sain, prenne forme ici, dans notre commune&nbsp;&raquo;, a d&eacute;clar&eacute; Sabine Beck-Pflugshaupt, maire de Sursee. &laquo;&nbsp;C&rsquo;est un lieu qui permettra &agrave; Sursee de briller en Suisse et au-del&agrave; de nos fronti&egrave;res&nbsp;&raquo;<\/p>\n","protected":false},"excerpt":{"rendered":"<p>Tudor Pro Cycling a annonc\u00e9 le d\u00e9but de la construction de son nouveau si\u00e8ge social \u00e0 Sursee. Cette installation de 10&rsquo;000 m\u00e8tres carr\u00e9s devrait permettre aux cyclistes de se pr\u00e9parer au mieux pour les courses. Elle devrait \u00e9galement aider l&rsquo;\u00e9quipe \u00e0 se d\u00e9velopper.<\/p>\n","protected":false},"author":2,"featured_media":139421,"comment_status":"open","ping_status":"open","sticky":false,"template":"","format":"standard","meta":{"pmpro_default_level":"","inline_featured_image":false,"_monsterinsights_skip_tracking":false,"footnotes":""},"categories":[743,9824,739,39686],"tags":[872,3931,2056,2225,2002,54472],"class_list":["post-139427","post","type-post","status-publish","format-standard","has-post-thumbnail","hentry","category-immonews-fr","category-nouvelle-construction","category-projects","category-standorte-fr","tag-immoinvest-fr","tag-immonews-fr","tag-nachhaltigkeit-fr","tag-neubau-fr","tag-news-fr","tag-radsport-fr","pmpro-has-access"],"acf":{"bild_mit_ki_erstellt_worden":[],"lead":"Tudor Pro Cycling a annonc\u00e9 le d\u00e9but de la construction de son nouveau si\u00e8ge social \u00e0 Sursee. Cette installation de 10'000 m\u00e8tres carr\u00e9s devrait permettre aux cyclistes de se pr\u00e9parer au mieux pour les courses. Elle devrait \u00e9galement aider l'\u00e9quipe \u00e0 se d\u00e9velopper.","autor":"ce\/nta","ort":"Schenkon\/Sursee LU","bildunterschrift":"","bild_im_grid":false,"gallerie":"","newsim":""},"aioseo_notices":[],"aioseo_head":"\n\t\t<!-- All in One SEO 5.0.1.1 - aioseo.com -->\n\t<meta name=\"description\" content=\"Tudor Pro Cycling a annonc\u00e9 le d\u00e9but de la construction de son nouveau si\u00e8ge social \u00e0 Sursee. Cette installation de 10&#039;000 m\u00e8tres carr\u00e9s devrait permettre aux cyclistes de se pr\u00e9parer au mieux pour les courses. Elle devrait \u00e9galement aider l&#039;\u00e9quipe \u00e0 se d\u00e9velopper.\" \/>\n\t<meta name=\"robots\" content=\"max-image-preview:large\" \/>\n\t<meta name=\"author\" content=\"immovestuser\"\/>\n\t<meta name=\"google-site-verification\" content=\"fHJKvgWpZCR2zVBHWfkQeFXC11qieUSff0HGNYfuyLA\" \/>\n\t<link rel=\"canonical\" href=\"https:\/\/www.immo-invest.ch\/fr\/sport-nachhaltigkeit-und-gemeinschaft-unter-einem-dach\/\" \/>\n\t<meta name=\"generator\" content=\"All in One SEO (AIOSEO) 5.0.1.1\" \/>\n\t\t<meta property=\"og:locale\" content=\"fr_FR\" \/>\n\t\t<meta property=\"og:site_name\" content=\"immo!nvest - Die Plattform f\u00fcr Standorte und Immobilien - Die\u00a0Plattform f\u00fcr Standorte und Immobilien\" \/>\n\t\t<meta property=\"og:type\" content=\"article\" \/>\n\t\t<meta property=\"og:title\" content=\"Sport, durabilit\u00e9 et communaut\u00e9 sous un m\u00eame toit - immo!nvest - Die Plattform f\u00fcr Standorte und Immobilien\" \/>\n\t\t<meta property=\"og:description\" content=\"Tudor Pro Cycling a annonc\u00e9 le d\u00e9but de la construction de son nouveau si\u00e8ge social \u00e0 Sursee. Cette installation de 10&#039;000 m\u00e8tres carr\u00e9s devrait permettre aux cyclistes de se pr\u00e9parer au mieux pour les courses. Elle devrait \u00e9galement aider l&#039;\u00e9quipe \u00e0 se d\u00e9velopper.\" \/>\n\t\t<meta property=\"og:url\" content=\"https:\/\/www.immo-invest.ch\/fr\/sport-nachhaltigkeit-und-gemeinschaft-unter-einem-dach\/\" \/>\n\t\t<meta property=\"og:image\" content=\"https:\/\/www.immo-invest.ch\/wp-content\/uploads\/2025\/09\/banoviag_modern_sustainable_sports_headquarters_building_unde_30c74d19-f955-4068-bb9a-4c9a4e61075d_0.png\" \/>\n\t\t<meta property=\"og:image:secure_url\" content=\"https:\/\/www.immo-invest.ch\/wp-content\/uploads\/2025\/09\/banoviag_modern_sustainable_sports_headquarters_building_unde_30c74d19-f955-4068-bb9a-4c9a4e61075d_0.png\" \/>\n\t\t<meta property=\"og:image:width\" content=\"1536\" \/>\n\t\t<meta property=\"og:image:height\" content=\"768\" \/>\n\t\t<meta property=\"article:published_time\" content=\"2025-09-15T14:20:00+00:00\" \/>\n\t\t<meta property=\"article:modified_time\" content=\"2025-09-12T07:07:32+00:00\" \/>\n\t\t<meta property=\"article:publisher\" content=\"https:\/\/www.facebook.com\/people\/Immoinvest\/100077962920504\/\" \/>\n\t\t<meta name=\"twitter:card\" content=\"summary_large_image\" \/>\n\t\t<meta name=\"twitter:site\" content=\"@i\" \/>\n\t\t<meta name=\"twitter:title\" content=\"Sport, durabilit\u00e9 et communaut\u00e9 sous un m\u00eame toit - immo!nvest - Die Plattform f\u00fcr Standorte und Immobilien\" \/>\n\t\t<meta name=\"twitter:description\" content=\"Tudor Pro Cycling a annonc\u00e9 le d\u00e9but de la construction de son nouveau si\u00e8ge social \u00e0 Sursee. Cette installation de 10&#039;000 m\u00e8tres carr\u00e9s devrait permettre aux cyclistes de se pr\u00e9parer au mieux pour les courses. Elle devrait \u00e9galement aider l&#039;\u00e9quipe \u00e0 se d\u00e9velopper.\" \/>\n\t\t<meta name=\"twitter:creator\" content=\"@i\" \/>\n\t\t<meta name=\"twitter:image\" content=\"https:\/\/www.immo-invest.ch\/wp-content\/uploads\/2025\/09\/banoviag_modern_sustainable_sports_headquarters_building_unde_30c74d19-f955-4068-bb9a-4c9a4e61075d_0.png\" \/>\n\t\t<script type=\"application\/ld+json\" class=\"aioseo-schema\">\n\t\t\t{\"@context\":\"https:\\\/\\\/schema.org\",\"@graph\":[{\"@type\":\"BlogPosting\",\"@id\":\"https:\\\/\\\/www.immo-invest.ch\\\/fr\\\/sport-nachhaltigkeit-und-gemeinschaft-unter-einem-dach\\\/#blogposting\",\"name\":\"Sport, durabilit\\u00e9 et communaut\\u00e9 sous un m\\u00eame toit - immo!nvest - Die Plattform f\\u00fcr Standorte und Immobilien\",\"headline\":\"Sport, durabilit\\u00e9 et communaut\\u00e9 sous un m\\u00eame toit\",\"author\":{\"@id\":\"https:\\\/\\\/www.immo-invest.ch\\\/fr\\\/author\\\/immovestuser\\\/#author\"},\"publisher\":{\"@id\":\"https:\\\/\\\/www.immo-invest.ch\\\/fr\\\/#organization\"},\"image\":{\"@type\":\"ImageObject\",\"url\":\"https:\\\/\\\/www.immo-invest.ch\\\/wp-content\\\/uploads\\\/2025\\\/09\\\/banoviag_modern_sustainable_sports_headquarters_building_unde_30c74d19-f955-4068-bb9a-4c9a4e61075d_0.png\",\"width\":1536,\"height\":768},\"datePublished\":\"2025-09-15T16:20:00+02:00\",\"dateModified\":\"2025-09-12T09:07:32+02:00\",\"inLanguage\":\"fr-FR\",\"mainEntityOfPage\":{\"@id\":\"https:\\\/\\\/www.immo-invest.ch\\\/fr\\\/sport-nachhaltigkeit-und-gemeinschaft-unter-einem-dach\\\/#webpage\"},\"isPartOf\":{\"@id\":\"https:\\\/\\\/www.immo-invest.ch\\\/fr\\\/sport-nachhaltigkeit-und-gemeinschaft-unter-einem-dach\\\/#webpage\"},\"articleSection\":\"immoNews, Nouvelle construction, Projects, Standorte, Immoinvest, immoNews, Nachhaltigkeit, Neubau, News, Radsport, Facultatif\"},{\"@type\":\"BreadcrumbList\",\"@id\":\"https:\\\/\\\/www.immo-invest.ch\\\/fr\\\/sport-nachhaltigkeit-und-gemeinschaft-unter-einem-dach\\\/#breadcrumblist\",\"itemListElement\":[{\"@type\":\"ListItem\",\"@id\":\"https:\\\/\\\/www.immo-invest.ch\\\/fr\\\/#listItem\",\"position\":1,\"name\":\"Home\",\"item\":\"https:\\\/\\\/www.immo-invest.ch\\\/fr\\\/\",\"nextItem\":{\"@type\":\"ListItem\",\"@id\":\"https:\\\/\\\/www.immo-invest.ch\\\/fr\\\/categories\\\/projects\\\/#listItem\",\"name\":\"Projects\"}},{\"@type\":\"ListItem\",\"@id\":\"https:\\\/\\\/www.immo-invest.ch\\\/fr\\\/categories\\\/projects\\\/#listItem\",\"position\":2,\"name\":\"Projects\",\"item\":\"https:\\\/\\\/www.immo-invest.ch\\\/fr\\\/categories\\\/projects\\\/\",\"nextItem\":{\"@type\":\"ListItem\",\"@id\":\"https:\\\/\\\/www.immo-invest.ch\\\/fr\\\/categories\\\/projects\\\/nouvelle-construction\\\/#listItem\",\"name\":\"Nouvelle construction\"},\"previousItem\":{\"@type\":\"ListItem\",\"@id\":\"https:\\\/\\\/www.immo-invest.ch\\\/fr\\\/#listItem\",\"name\":\"Home\"}},{\"@type\":\"ListItem\",\"@id\":\"https:\\\/\\\/www.immo-invest.ch\\\/fr\\\/categories\\\/projects\\\/nouvelle-construction\\\/#listItem\",\"position\":3,\"name\":\"Nouvelle construction\",\"item\":\"https:\\\/\\\/www.immo-invest.ch\\\/fr\\\/categories\\\/projects\\\/nouvelle-construction\\\/\",\"nextItem\":{\"@type\":\"ListItem\",\"@id\":\"https:\\\/\\\/www.immo-invest.ch\\\/fr\\\/sport-nachhaltigkeit-und-gemeinschaft-unter-einem-dach\\\/#listItem\",\"name\":\"Sport, durabilit\\u00e9 et communaut\\u00e9 sous un m\\u00eame toit\"},\"previousItem\":{\"@type\":\"ListItem\",\"@id\":\"https:\\\/\\\/www.immo-invest.ch\\\/fr\\\/categories\\\/projects\\\/#listItem\",\"name\":\"Projects\"}},{\"@type\":\"ListItem\",\"@id\":\"https:\\\/\\\/www.immo-invest.ch\\\/fr\\\/sport-nachhaltigkeit-und-gemeinschaft-unter-einem-dach\\\/#listItem\",\"position\":4,\"name\":\"Sport, durabilit\\u00e9 et communaut\\u00e9 sous un m\\u00eame toit\",\"previousItem\":{\"@type\":\"ListItem\",\"@id\":\"https:\\\/\\\/www.immo-invest.ch\\\/fr\\\/categories\\\/projects\\\/nouvelle-construction\\\/#listItem\",\"name\":\"Nouvelle construction\"}}]},{\"@type\":\"Organization\",\"@id\":\"https:\\\/\\\/www.immo-invest.ch\\\/fr\\\/#organization\",\"name\":\"immo!nvest - Die Plattform f\\u00fcr Standorte und Immobilien\",\"description\":\"Die\\u00a0Plattform f\\u00fcr Standorte und Immobilien\",\"url\":\"https:\\\/\\\/www.immo-invest.ch\\\/fr\\\/\",\"email\":\"admin@immomedia.ag\",\"telephone\":\"+41444420002\",\"logo\":{\"@type\":\"ImageObject\",\"url\":\"https:\\\/\\\/www.immo-invest.ch\\\/wp-content\\\/uploads\\\/2024\\\/09\\\/immoinvest_sm-scaled.jpg\",\"@id\":\"https:\\\/\\\/www.immo-invest.ch\\\/fr\\\/sport-nachhaltigkeit-und-gemeinschaft-unter-einem-dach\\\/#organizationLogo\",\"width\":2560,\"height\":1340},\"image\":{\"@id\":\"https:\\\/\\\/www.immo-invest.ch\\\/fr\\\/sport-nachhaltigkeit-und-gemeinschaft-unter-einem-dach\\\/#organizationLogo\"},\"sameAs\":[\"https:\\\/\\\/www.facebook.com\\\/people\\\/Immoinvest\\\/100077962920504\\\/\",\"https:\\\/\\\/x.com\\\/i\\\/flow\\\/login?redirect_after_login=immoinvest_ch\",\"https:\\\/\\\/www.instagram.com\\\/immoinvest_ch\\\/\",\"https:\\\/\\\/www.linkedin.com\\\/company\\\/immoinvest-swiss\"]},{\"@type\":\"Person\",\"@id\":\"https:\\\/\\\/www.immo-invest.ch\\\/fr\\\/author\\\/immovestuser\\\/#author\",\"url\":\"https:\\\/\\\/www.immo-invest.ch\\\/fr\\\/author\\\/immovestuser\\\/\",\"name\":\"immovestuser\",\"image\":{\"@type\":\"ImageObject\",\"@id\":\"https:\\\/\\\/www.immo-invest.ch\\\/fr\\\/sport-nachhaltigkeit-und-gemeinschaft-unter-einem-dach\\\/#authorImage\",\"url\":\"https:\\\/\\\/secure.gravatar.com\\\/avatar\\\/8e01f4d99f2eeea7a362ebb93305e1172a70e9293ba250f897a65c39f54cdd1e?s=96&d=mm&r=g\",\"width\":96,\"height\":96,\"caption\":\"immovestuser\"}},{\"@type\":\"WebPage\",\"@id\":\"https:\\\/\\\/www.immo-invest.ch\\\/fr\\\/sport-nachhaltigkeit-und-gemeinschaft-unter-einem-dach\\\/#webpage\",\"url\":\"https:\\\/\\\/www.immo-invest.ch\\\/fr\\\/sport-nachhaltigkeit-und-gemeinschaft-unter-einem-dach\\\/\",\"name\":\"Sport, durabilit\\u00e9 et communaut\\u00e9 sous un m\\u00eame toit - immo!nvest - Die Plattform f\\u00fcr Standorte und Immobilien\",\"description\":\"Tudor Pro Cycling a annonc\\u00e9 le d\\u00e9but de la construction de son nouveau si\\u00e8ge social \\u00e0 Sursee. Cette installation de 10'000 m\\u00e8tres carr\\u00e9s devrait permettre aux cyclistes de se pr\\u00e9parer au mieux pour les courses. Elle devrait \\u00e9galement aider l'\\u00e9quipe \\u00e0 se d\\u00e9velopper.\",\"inLanguage\":\"fr-FR\",\"isPartOf\":{\"@id\":\"https:\\\/\\\/www.immo-invest.ch\\\/fr\\\/#website\"},\"breadcrumb\":{\"@id\":\"https:\\\/\\\/www.immo-invest.ch\\\/fr\\\/sport-nachhaltigkeit-und-gemeinschaft-unter-einem-dach\\\/#breadcrumblist\"},\"author\":{\"@id\":\"https:\\\/\\\/www.immo-invest.ch\\\/fr\\\/author\\\/immovestuser\\\/#author\"},\"creator\":{\"@id\":\"https:\\\/\\\/www.immo-invest.ch\\\/fr\\\/author\\\/immovestuser\\\/#author\"},\"image\":{\"@type\":\"ImageObject\",\"url\":\"https:\\\/\\\/www.immo-invest.ch\\\/wp-content\\\/uploads\\\/2025\\\/09\\\/banoviag_modern_sustainable_sports_headquarters_building_unde_30c74d19-f955-4068-bb9a-4c9a4e61075d_0.png\",\"@id\":\"https:\\\/\\\/www.immo-invest.ch\\\/fr\\\/sport-nachhaltigkeit-und-gemeinschaft-unter-einem-dach\\\/#mainImage\",\"width\":1536,\"height\":768},\"primaryImageOfPage\":{\"@id\":\"https:\\\/\\\/www.immo-invest.ch\\\/fr\\\/sport-nachhaltigkeit-und-gemeinschaft-unter-einem-dach\\\/#mainImage\"},\"datePublished\":\"2025-09-15T16:20:00+02:00\",\"dateModified\":\"2025-09-12T09:07:32+02:00\"},{\"@type\":\"WebSite\",\"@id\":\"https:\\\/\\\/www.immo-invest.ch\\\/fr\\\/#website\",\"url\":\"https:\\\/\\\/www.immo-invest.ch\\\/fr\\\/\",\"name\":\"immo!nvest - Die Plattform f\\u00fcr Standorte und Immobilien\",\"description\":\"Die\\u00a0Plattform f\\u00fcr Standorte und Immobilien\",\"inLanguage\":\"fr-FR\",\"publisher\":{\"@id\":\"https:\\\/\\\/www.immo-invest.ch\\\/fr\\\/#organization\"}}]}\n\t\t<\/script>\n\t\t<!-- All in One SEO -->\n\n","aioseo_head_json":{"title":"Sport, durabilit\u00e9 et communaut\u00e9 sous un m\u00eame toit - immo!nvest - Die Plattform f\u00fcr Standorte und Immobilien","description":"Tudor Pro Cycling a annonc\u00e9 le d\u00e9but de la construction de son nouveau si\u00e8ge social \u00e0 Sursee. Cette installation de 10'000 m\u00e8tres carr\u00e9s devrait permettre aux cyclistes de se pr\u00e9parer au mieux pour les courses. Elle devrait \u00e9galement aider l'\u00e9quipe \u00e0 se d\u00e9velopper.","canonical_url":"https:\/\/www.immo-invest.ch\/fr\/sport-nachhaltigkeit-und-gemeinschaft-unter-einem-dach\/","robots":"max-image-preview:large","keywords":"","webmasterTools":{"google-site-verification":"fHJKvgWpZCR2zVBHWfkQeFXC11qieUSff0HGNYfuyLA","miscellaneous":""},"schema":{"@context":"https:\/\/schema.org","@graph":[{"@type":"BlogPosting","@id":"https:\/\/www.immo-invest.ch\/fr\/sport-nachhaltigkeit-und-gemeinschaft-unter-einem-dach\/#blogposting","name":"Sport, durabilit\u00e9 et communaut\u00e9 sous un m\u00eame toit - immo!nvest - Die Plattform f\u00fcr Standorte und Immobilien","headline":"Sport, durabilit\u00e9 et communaut\u00e9 sous un m\u00eame toit","author":{"@id":"https:\/\/www.immo-invest.ch\/fr\/author\/immovestuser\/#author"},"publisher":{"@id":"https:\/\/www.immo-invest.ch\/fr\/#organization"},"image":{"@type":"ImageObject","url":"https:\/\/www.immo-invest.ch\/wp-content\/uploads\/2025\/09\/banoviag_modern_sustainable_sports_headquarters_building_unde_30c74d19-f955-4068-bb9a-4c9a4e61075d_0.png","width":1536,"height":768},"datePublished":"2025-09-15T16:20:00+02:00","dateModified":"2025-09-12T09:07:32+02:00","inLanguage":"fr-FR","mainEntityOfPage":{"@id":"https:\/\/www.immo-invest.ch\/fr\/sport-nachhaltigkeit-und-gemeinschaft-unter-einem-dach\/#webpage"},"isPartOf":{"@id":"https:\/\/www.immo-invest.ch\/fr\/sport-nachhaltigkeit-und-gemeinschaft-unter-einem-dach\/#webpage"},"articleSection":"immoNews, Nouvelle construction, Projects, Standorte, Immoinvest, immoNews, Nachhaltigkeit, Neubau, News, Radsport, Facultatif"},{"@type":"BreadcrumbList","@id":"https:\/\/www.immo-invest.ch\/fr\/sport-nachhaltigkeit-und-gemeinschaft-unter-einem-dach\/#breadcrumblist","itemListElement":[{"@type":"ListItem","@id":"https:\/\/www.immo-invest.ch\/fr\/#listItem","position":1,"name":"Home","item":"https:\/\/www.immo-invest.ch\/fr\/","nextItem":{"@type":"ListItem","@id":"https:\/\/www.immo-invest.ch\/fr\/categories\/projects\/#listItem","name":"Projects"}},{"@type":"ListItem","@id":"https:\/\/www.immo-invest.ch\/fr\/categories\/projects\/#listItem","position":2,"name":"Projects","item":"https:\/\/www.immo-invest.ch\/fr\/categories\/projects\/","nextItem":{"@type":"ListItem","@id":"https:\/\/www.immo-invest.ch\/fr\/categories\/projects\/nouvelle-construction\/#listItem","name":"Nouvelle construction"},"previousItem":{"@type":"ListItem","@id":"https:\/\/www.immo-invest.ch\/fr\/#listItem","name":"Home"}},{"@type":"ListItem","@id":"https:\/\/www.immo-invest.ch\/fr\/categories\/projects\/nouvelle-construction\/#listItem","position":3,"name":"Nouvelle construction","item":"https:\/\/www.immo-invest.ch\/fr\/categories\/projects\/nouvelle-construction\/","nextItem":{"@type":"ListItem","@id":"https:\/\/www.immo-invest.ch\/fr\/sport-nachhaltigkeit-und-gemeinschaft-unter-einem-dach\/#listItem","name":"Sport, durabilit\u00e9 et communaut\u00e9 sous un m\u00eame toit"},"previousItem":{"@type":"ListItem","@id":"https:\/\/www.immo-invest.ch\/fr\/categories\/projects\/#listItem","name":"Projects"}},{"@type":"ListItem","@id":"https:\/\/www.immo-invest.ch\/fr\/sport-nachhaltigkeit-und-gemeinschaft-unter-einem-dach\/#listItem","position":4,"name":"Sport, durabilit\u00e9 et communaut\u00e9 sous un m\u00eame toit","previousItem":{"@type":"ListItem","@id":"https:\/\/www.immo-invest.ch\/fr\/categories\/projects\/nouvelle-construction\/#listItem","name":"Nouvelle construction"}}]},{"@type":"Organization","@id":"https:\/\/www.immo-invest.ch\/fr\/#organization","name":"immo!nvest - Die Plattform f\u00fcr Standorte und Immobilien","description":"Die\u00a0Plattform f\u00fcr Standorte und Immobilien","url":"https:\/\/www.immo-invest.ch\/fr\/","email":"admin@immomedia.ag","telephone":"+41444420002","logo":{"@type":"ImageObject","url":"https:\/\/www.immo-invest.ch\/wp-content\/uploads\/2024\/09\/immoinvest_sm-scaled.jpg","@id":"https:\/\/www.immo-invest.ch\/fr\/sport-nachhaltigkeit-und-gemeinschaft-unter-einem-dach\/#organizationLogo","width":2560,"height":1340},"image":{"@id":"https:\/\/www.immo-invest.ch\/fr\/sport-nachhaltigkeit-und-gemeinschaft-unter-einem-dach\/#organizationLogo"},"sameAs":["https:\/\/www.facebook.com\/people\/Immoinvest\/100077962920504\/","https:\/\/x.com\/i\/flow\/login?redirect_after_login=immoinvest_ch","https:\/\/www.instagram.com\/immoinvest_ch\/","https:\/\/www.linkedin.com\/company\/immoinvest-swiss"]},{"@type":"Person","@id":"https:\/\/www.immo-invest.ch\/fr\/author\/immovestuser\/#author","url":"https:\/\/www.immo-invest.ch\/fr\/author\/immovestuser\/","name":"immovestuser","image":{"@type":"ImageObject","@id":"https:\/\/www.immo-invest.ch\/fr\/sport-nachhaltigkeit-und-gemeinschaft-unter-einem-dach\/#authorImage","url":"https:\/\/secure.gravatar.com\/avatar\/8e01f4d99f2eeea7a362ebb93305e1172a70e9293ba250f897a65c39f54cdd1e?s=96&d=mm&r=g","width":96,"height":96,"caption":"immovestuser"}},{"@type":"WebPage","@id":"https:\/\/www.immo-invest.ch\/fr\/sport-nachhaltigkeit-und-gemeinschaft-unter-einem-dach\/#webpage","url":"https:\/\/www.immo-invest.ch\/fr\/sport-nachhaltigkeit-und-gemeinschaft-unter-einem-dach\/","name":"Sport, durabilit\u00e9 et communaut\u00e9 sous un m\u00eame toit - immo!nvest - Die Plattform f\u00fcr Standorte und Immobilien","description":"Tudor Pro Cycling a annonc\u00e9 le d\u00e9but de la construction de son nouveau si\u00e8ge social \u00e0 Sursee. Cette installation de 10'000 m\u00e8tres carr\u00e9s devrait permettre aux cyclistes de se pr\u00e9parer au mieux pour les courses. Elle devrait \u00e9galement aider l'\u00e9quipe \u00e0 se d\u00e9velopper.","inLanguage":"fr-FR","isPartOf":{"@id":"https:\/\/www.immo-invest.ch\/fr\/#website"},"breadcrumb":{"@id":"https:\/\/www.immo-invest.ch\/fr\/sport-nachhaltigkeit-und-gemeinschaft-unter-einem-dach\/#breadcrumblist"},"author":{"@id":"https:\/\/www.immo-invest.ch\/fr\/author\/immovestuser\/#author"},"creator":{"@id":"https:\/\/www.immo-invest.ch\/fr\/author\/immovestuser\/#author"},"image":{"@type":"ImageObject","url":"https:\/\/www.immo-invest.ch\/wp-content\/uploads\/2025\/09\/banoviag_modern_sustainable_sports_headquarters_building_unde_30c74d19-f955-4068-bb9a-4c9a4e61075d_0.png","@id":"https:\/\/www.immo-invest.ch\/fr\/sport-nachhaltigkeit-und-gemeinschaft-unter-einem-dach\/#mainImage","width":1536,"height":768},"primaryImageOfPage":{"@id":"https:\/\/www.immo-invest.ch\/fr\/sport-nachhaltigkeit-und-gemeinschaft-unter-einem-dach\/#mainImage"},"datePublished":"2025-09-15T16:20:00+02:00","dateModified":"2025-09-12T09:07:32+02:00"},{"@type":"WebSite","@id":"https:\/\/www.immo-invest.ch\/fr\/#website","url":"https:\/\/www.immo-invest.ch\/fr\/","name":"immo!nvest - Die Plattform f\u00fcr Standorte und Immobilien","description":"Die\u00a0Plattform f\u00fcr Standorte und Immobilien","inLanguage":"fr-FR","publisher":{"@id":"https:\/\/www.immo-invest.ch\/fr\/#organization"}}]},"og:locale":"fr_FR","og:site_name":"immo!nvest - Die Plattform f\u00fcr Standorte und Immobilien - Die\u00a0Plattform f\u00fcr Standorte und Immobilien","og:type":"article","og:title":"Sport, durabilit\u00e9 et communaut\u00e9 sous un m\u00eame toit - immo!nvest - Die Plattform f\u00fcr Standorte und Immobilien","og:description":"Tudor Pro Cycling a annonc\u00e9 le d\u00e9but de la construction de son nouveau si\u00e8ge social \u00e0 Sursee. Cette installation de 10'000 m\u00e8tres carr\u00e9s devrait permettre aux cyclistes de se pr\u00e9parer au mieux pour les courses. Elle devrait \u00e9galement aider l'\u00e9quipe \u00e0 se d\u00e9velopper.","og:url":"https:\/\/www.immo-invest.ch\/fr\/sport-nachhaltigkeit-und-gemeinschaft-unter-einem-dach\/","og:image":"https:\/\/www.immo-invest.ch\/wp-content\/uploads\/2025\/09\/banoviag_modern_sustainable_sports_headquarters_building_unde_30c74d19-f955-4068-bb9a-4c9a4e61075d_0.png","og:image:secure_url":"https:\/\/www.immo-invest.ch\/wp-content\/uploads\/2025\/09\/banoviag_modern_sustainable_sports_headquarters_building_unde_30c74d19-f955-4068-bb9a-4c9a4e61075d_0.png","og:image:width":1536,"og:image:height":768,"article:published_time":"2025-09-15T14:20:00+00:00","article:modified_time":"2025-09-12T07:07:32+00:00","article:publisher":"https:\/\/www.facebook.com\/people\/Immoinvest\/100077962920504\/","twitter:card":"summary_large_image","twitter:site":"@i","twitter:title":"Sport, durabilit\u00e9 et communaut\u00e9 sous un m\u00eame toit - immo!nvest - Die Plattform f\u00fcr Standorte und Immobilien","twitter:description":"Tudor Pro Cycling a annonc\u00e9 le d\u00e9but de la construction de son nouveau si\u00e8ge social \u00e0 Sursee. Cette installation de 10'000 m\u00e8tres carr\u00e9s devrait permettre aux cyclistes de se pr\u00e9parer au mieux pour les courses. Elle devrait \u00e9galement aider l'\u00e9quipe \u00e0 se d\u00e9velopper.","twitter:creator":"@i","twitter:image":"https:\/\/www.immo-invest.ch\/wp-content\/uploads\/2025\/09\/banoviag_modern_sustainable_sports_headquarters_building_unde_30c74d19-f955-4068-bb9a-4c9a4e61075d_0.png"},"aioseo_meta_data":{"post_id":"139427","title":null,"description":null,"keywords":null,"keyphrases":{"focus":{"keyphrase":"","score":0,"analysis":{"keyphraseInTitle":{"score":0,"maxScore":9,"error":1}}},"additional":[]},"primary_term":null,"canonical_url":null,"og_title":null,"og_description":null,"og_object_type":"default","og_image_type":"default","og_image_url":null,"og_image_width":null,"og_image_height":null,"og_image_custom_url":null,"og_image_custom_fields":null,"og_video":"","og_custom_url":null,"og_article_section":null,"og_article_tags":null,"twitter_use_og":false,"twitter_card":"default","twitter_image_type":"default","twitter_image_url":null,"twitter_image_custom_url":null,"twitter_image_custom_fields":null,"twitter_title":null,"twitter_description":null,"schema":{"blockGraphs":[],"customGraphs":[],"default":{"data":{"Article":[],"Course":[],"Dataset":[],"FAQPage":[],"Movie":[],"Person":[],"Product":[],"ProductReview":[],"Car":[],"Recipe":[],"Service":[],"SoftwareApplication":[],"WebPage":[]},"graphName":"BlogPosting","isEnabled":true},"graphs":[]},"schema_type":"default","schema_type_options":null,"pillar_content":false,"robots_default":true,"robots_noindex":false,"robots_noarchive":false,"robots_nosnippet":false,"robots_nofollow":false,"robots_noimageindex":false,"robots_noodp":false,"robots_notranslate":false,"robots_max_snippet":"-1","robots_max_videopreview":"-1","robots_max_imagepreview":"large","priority":null,"frequency":"default","local_seo":null,"breadcrumb_settings":null,"limit_modified_date":false,"ai":null,"created":"2025-09-12 07:07:34","updated":"2025-10-25 01:44:13","seo_analyzer_scan_date":null,"focus_keyword":null,"additional_keywords":null,"truseo_locale":null},"aioseo_breadcrumb":"<div class=\"aioseo-breadcrumbs\"><span class=\"aioseo-breadcrumb\">\n\t\t\t<a href=\"https:\/\/www.immo-invest.ch\/fr\/\" title=\"Home\">Home<\/a>\n\t\t<\/span><span class=\"aioseo-breadcrumb-separator\">&raquo;<\/span><span class=\"aioseo-breadcrumb\">\n\t\t\t<a href=\"https:\/\/www.immo-invest.ch\/fr\/categories\/projects\/\" title=\"Projects\">Projects<\/a>\n\t\t<\/span><span class=\"aioseo-breadcrumb-separator\">&raquo;<\/span><span class=\"aioseo-breadcrumb\">\n\t\t\t<a href=\"https:\/\/www.immo-invest.ch\/fr\/categories\/projects\/nouvelle-construction\/\" title=\"Nouvelle construction\">Nouvelle construction<\/a>\n\t\t<\/span><span class=\"aioseo-breadcrumb-separator\">&raquo;<\/span><span class=\"aioseo-breadcrumb\">\n\t\t\tSport, durabilit\u00e9 et communaut\u00e9 sous un m\u00eame toit\n\t\t<\/span><\/div>","aioseo_breadcrumb_json":[{"label":"Home","link":"https:\/\/www.immo-invest.ch\/fr\/"},{"label":"Projects","link":"https:\/\/www.immo-invest.ch\/fr\/categories\/projects\/"},{"label":"Nouvelle construction","link":"https:\/\/www.immo-invest.ch\/fr\/categories\/projects\/nouvelle-construction\/"},{"label":"Sport, durabilit\u00e9 et communaut\u00e9 sous un m\u00eame toit","link":"https:\/\/www.immo-invest.ch\/fr\/sport-nachhaltigkeit-und-gemeinschaft-unter-einem-dach\/"}],"featured_image_src":"https:\/\/www.immo-invest.ch\/wp-content\/uploads\/2025\/09\/banoviag_modern_sustainable_sports_headquarters_building_unde_30c74d19-f955-4068-bb9a-4c9a4e61075d_0-336x168.png","_links":{"self":[{"href":"https:\/\/www.immo-invest.ch\/fr\/wp-json\/wp\/v2\/posts\/139427","targetHints":{"allow":["GET"]}}],"collection":[{"href":"https:\/\/www.immo-invest.ch\/fr\/wp-json\/wp\/v2\/posts"}],"about":[{"href":"https:\/\/www.immo-invest.ch\/fr\/wp-json\/wp\/v2\/types\/post"}],"author":[{"embeddable":true,"href":"https:\/\/www.immo-invest.ch\/fr\/wp-json\/wp\/v2\/users\/2"}],"replies":[{"embeddable":true,"href":"https:\/\/www.immo-invest.ch\/fr\/wp-json\/wp\/v2\/comments?post=139427"}],"version-history":[{"count":0,"href":"https:\/\/www.immo-invest.ch\/fr\/wp-json\/wp\/v2\/posts\/139427\/revisions"}],"wp:featuredmedia":[{"embeddable":true,"href":"https:\/\/www.immo-invest.ch\/fr\/wp-json\/wp\/v2\/media\/139421"}],"wp:attachment":[{"href":"https:\/\/www.immo-invest.ch\/fr\/wp-json\/wp\/v2\/media?parent=139427"}],"wp:term":[{"taxonomy":"category","embeddable":true,"href":"https:\/\/www.immo-invest.ch\/fr\/wp-json\/wp\/v2\/categories?post=139427"},{"taxonomy":"post_tag","embeddable":true,"href":"https:\/\/www.immo-invest.ch\/fr\/wp-json\/wp\/v2\/tags?post=139427"}],"curies":[{"name":"wp","href":"https:\/\/api.w.org\/{rel}","templated":true}]}}