{"id":138929,"date":"2025-09-10T08:20:00","date_gmt":"2025-09-10T06:20:00","guid":{"rendered":"https:\/\/www.immo-invest.ch\/?p=138929"},"modified":"2025-09-05T11:11:28","modified_gmt":"2025-09-05T09:11:28","slug":"bauprojekt-verbindet-kunst-architektur-und-kulturentwicklung","status":"publish","type":"post","link":"https:\/\/www.immo-invest.ch\/fr\/bauprojekt-verbindet-kunst-architektur-und-kulturentwicklung\/","title":{"rendered":"Un projet de construction alliant art, architecture et d\u00e9veloppement culturel"},"content":{"rendered":"<p class=\"bodytext\">La <a href=\"https:\/\/www.nussli.com\/de\/\" target=\"_blank\" rel=\"noopener\">soci&eacute;t&eacute; N&uuml;ssli Schweiz AG<\/a> de H&uuml;ttwilen a donn&eacute; le premier coup de pioche pour l&rsquo;extension de la pyramide Mack &agrave; Monheim am Rhein, indique un communiqu&eacute;. L&rsquo;entreprise thurgovienne de construction d&rsquo;&eacute;v&eacute;nements a obtenu le contrat g&eacute;n&eacute;ral au printemps 2025. Il s&rsquo;agit d&eacute;j&agrave; de la deuxi&egrave;me commande de Monheim pour N&uuml;ssli, apr&egrave;s la construction d&rsquo;une salle de sport &agrave; huit places.<\/p>\n<p class=\"bodytext\">La construction est un d&eacute;fi architectural et artistique. Une deuxi&egrave;me pyramide en miroir sera plac&eacute;e au-dessus de la pyramide Mack existante. Cette nouvelle structure double doit permettre de cr&eacute;er d&rsquo;autres espaces d&rsquo;exposition et de stockage. En outre, l&rsquo;espace existant sera r&eacute;nov&eacute; et modernis&eacute;.<\/p>\n<p class=\"bodytext\">Les fondations profondes devraient &ecirc;tre achev&eacute;es d&rsquo;ici fin octobre 2025 et le gros &oelig;uvre des cages d&rsquo;escalier d&rsquo;ici la fin de l&rsquo;ann&eacute;e. La structure porteuse se compose d&rsquo;une construction en acier avec des cages d&rsquo;escalier en b&eacute;ton arm&eacute;. Dans la mesure du possible, des &eacute;l&eacute;ments pr&eacute;fabriqu&eacute;s issus de l&rsquo;arsenal de N&uuml;ssli seront utilis&eacute;s.<\/p>\n<p class=\"bodytext\">La c&eacute;r&eacute;monie d&rsquo;ach&egrave;vement du gros &oelig;uvre devrait avoir lieu en mars 2026, &agrave; l&rsquo;occasion du 95e anniversaire de l&rsquo;artiste allemand Heinz Mack. L&rsquo;ach&egrave;vement complet de la construction est pr&eacute;vu pour l&rsquo;&eacute;t&eacute; 2027.<\/p>\n<p class=\"bodytext\">&laquo;&nbsp;Nous sommes fiers de r&eacute;aliser la vision de la ville de Monheim am Rhein en collaboration avec nos partenaires&nbsp;&raquo;, a d&eacute;clar&eacute; Udo Baader, responsable de la gestion de projet Special Projects de N&uuml;ssli, cit&eacute; dans le communiqu&eacute;. &laquo;&nbsp;L&rsquo;extension de la pyramide Mack n&rsquo;est pas seulement un point fort architectural, mais aussi une impulsion culturelle pour toute la r&eacute;gion&nbsp;&raquo;<\/p>\n","protected":false},"excerpt":{"rendered":"<p>N\u00fcssli a donn\u00e9 le premier coup de pioche pour l&rsquo;extension de la Pyramide Mack \u00e0 Monheim. En tant que ma\u00eetre d&rsquo;\u0153uvre, l&rsquo;entreprise souhaite f\u00eater l&rsquo;ach\u00e8vement du gros \u0153uvre pour le 95e anniversaire de l&rsquo;artiste Heinz Mack, en mars 2026.<\/p>\n","protected":false},"author":2,"featured_media":138926,"comment_status":"open","ping_status":"open","sticky":false,"template":"","format":"standard","meta":{"pmpro_default_level":"","inline_featured_image":false,"_monsterinsights_skip_tracking":false,"footnotes":""},"categories":[743,22357,9824,739,39686],"tags":[832,872,3931,52771,54365,2002],"class_list":["post-138929","post","type-post","status-publish","format-standard","has-post-thumbnail","hentry","category-immonews-fr","category-industrie-du-batiment","category-nouvelle-construction","category-projects","category-standorte-fr","tag-architektur-fr","tag-immoinvest-fr","tag-immonews-fr","tag-kulturprojekt-2-fr","tag-mack-pyramide-fr","tag-news-fr","pmpro-has-access"],"acf":{"bild_mit_ki_erstellt_worden":[],"lead":"N\u00fcssli a donn\u00e9 le premier coup de pioche pour l'extension de la Pyramide Mack \u00e0 Monheim. En tant que ma\u00eetre d'\u0153uvre, l'entreprise souhaite f\u00eater l'ach\u00e8vement du gros \u0153uvre pour le 95e anniversaire de l'artiste Heinz Mack, en mars 2026.\r\n","autor":"ce\/ww","ort":"H\u00fcttwilen TG\/Monheim ","bildunterschrift":"","bild_im_grid":false,"gallerie":"","newsim":""},"aioseo_notices":[],"aioseo_head":"\n\t\t<!-- All in One SEO 5.0.1.1 - aioseo.com -->\n\t<meta name=\"description\" content=\"N\u00fcssli a donn\u00e9 le premier coup de pioche pour l&#039;extension de la Pyramide Mack \u00e0 Monheim. En tant que ma\u00eetre d&#039;\u0153uvre, l&#039;entreprise souhaite f\u00eater l&#039;ach\u00e8vement du gros \u0153uvre pour le 95e anniversaire de l&#039;artiste Heinz Mack, en mars 2026.\" \/>\n\t<meta name=\"robots\" content=\"max-image-preview:large\" \/>\n\t<meta name=\"author\" content=\"immovestuser\"\/>\n\t<meta name=\"google-site-verification\" content=\"fHJKvgWpZCR2zVBHWfkQeFXC11qieUSff0HGNYfuyLA\" \/>\n\t<link rel=\"canonical\" href=\"https:\/\/www.immo-invest.ch\/fr\/bauprojekt-verbindet-kunst-architektur-und-kulturentwicklung\/\" \/>\n\t<meta name=\"generator\" content=\"All in One SEO (AIOSEO) 5.0.1.1\" \/>\n\t\t<meta property=\"og:locale\" content=\"fr_FR\" \/>\n\t\t<meta property=\"og:site_name\" content=\"immo!nvest - Die Plattform f\u00fcr Standorte und Immobilien - Die\u00a0Plattform f\u00fcr Standorte und Immobilien\" \/>\n\t\t<meta property=\"og:type\" content=\"article\" \/>\n\t\t<meta property=\"og:title\" content=\"Un projet de construction alliant art, architecture et d\u00e9veloppement culturel - immo!nvest - Die Plattform f\u00fcr Standorte und Immobilien\" \/>\n\t\t<meta property=\"og:description\" content=\"N\u00fcssli a donn\u00e9 le premier coup de pioche pour l&#039;extension de la Pyramide Mack \u00e0 Monheim. En tant que ma\u00eetre d&#039;\u0153uvre, l&#039;entreprise souhaite f\u00eater l&#039;ach\u00e8vement du gros \u0153uvre pour le 95e anniversaire de l&#039;artiste Heinz Mack, en mars 2026.\" \/>\n\t\t<meta property=\"og:url\" content=\"https:\/\/www.immo-invest.ch\/fr\/bauprojekt-verbindet-kunst-architektur-und-kulturentwicklung\/\" \/>\n\t\t<meta property=\"og:image\" content=\"https:\/\/www.immo-invest.ch\/wp-content\/uploads\/2025\/09\/banoviag_realistic_symbolic_architectural_scene_of_a_mirrored_363144b5-1067-4395-8c64-80f243f82aed_0.png\" \/>\n\t\t<meta property=\"og:image:secure_url\" content=\"https:\/\/www.immo-invest.ch\/wp-content\/uploads\/2025\/09\/banoviag_realistic_symbolic_architectural_scene_of_a_mirrored_363144b5-1067-4395-8c64-80f243f82aed_0.png\" \/>\n\t\t<meta property=\"og:image:width\" content=\"1536\" \/>\n\t\t<meta property=\"og:image:height\" content=\"768\" \/>\n\t\t<meta property=\"article:published_time\" content=\"2025-09-10T06:20:00+00:00\" \/>\n\t\t<meta property=\"article:modified_time\" content=\"2025-09-05T09:11:28+00:00\" \/>\n\t\t<meta property=\"article:publisher\" content=\"https:\/\/www.facebook.com\/people\/Immoinvest\/100077962920504\/\" \/>\n\t\t<meta name=\"twitter:card\" content=\"summary_large_image\" \/>\n\t\t<meta name=\"twitter:site\" content=\"@i\" \/>\n\t\t<meta name=\"twitter:title\" content=\"Un projet de construction alliant art, architecture et d\u00e9veloppement culturel - immo!nvest - Die Plattform f\u00fcr Standorte und Immobilien\" \/>\n\t\t<meta name=\"twitter:description\" content=\"N\u00fcssli a donn\u00e9 le premier coup de pioche pour l&#039;extension de la Pyramide Mack \u00e0 Monheim. En tant que ma\u00eetre d&#039;\u0153uvre, l&#039;entreprise souhaite f\u00eater l&#039;ach\u00e8vement du gros \u0153uvre pour le 95e anniversaire de l&#039;artiste Heinz Mack, en mars 2026.\" \/>\n\t\t<meta name=\"twitter:creator\" content=\"@i\" \/>\n\t\t<meta name=\"twitter:image\" content=\"https:\/\/www.immo-invest.ch\/wp-content\/uploads\/2025\/09\/banoviag_realistic_symbolic_architectural_scene_of_a_mirrored_363144b5-1067-4395-8c64-80f243f82aed_0.png\" \/>\n\t\t<script type=\"application\/ld+json\" class=\"aioseo-schema\">\n\t\t\t{\"@context\":\"https:\\\/\\\/schema.org\",\"@graph\":[{\"@type\":\"BlogPosting\",\"@id\":\"https:\\\/\\\/www.immo-invest.ch\\\/fr\\\/bauprojekt-verbindet-kunst-architektur-und-kulturentwicklung\\\/#blogposting\",\"name\":\"Un projet de construction alliant art, architecture et d\\u00e9veloppement culturel - immo!nvest - Die Plattform f\\u00fcr Standorte und Immobilien\",\"headline\":\"Un projet de construction alliant art, architecture et d\\u00e9veloppement culturel\",\"author\":{\"@id\":\"https:\\\/\\\/www.immo-invest.ch\\\/fr\\\/author\\\/immovestuser\\\/#author\"},\"publisher\":{\"@id\":\"https:\\\/\\\/www.immo-invest.ch\\\/fr\\\/#organization\"},\"image\":{\"@type\":\"ImageObject\",\"url\":\"https:\\\/\\\/www.immo-invest.ch\\\/wp-content\\\/uploads\\\/2025\\\/09\\\/banoviag_realistic_symbolic_architectural_scene_of_a_mirrored_363144b5-1067-4395-8c64-80f243f82aed_0.png\",\"width\":1536,\"height\":768},\"datePublished\":\"2025-09-10T08:20:00+02:00\",\"dateModified\":\"2025-09-05T11:11:28+02:00\",\"inLanguage\":\"fr-FR\",\"mainEntityOfPage\":{\"@id\":\"https:\\\/\\\/www.immo-invest.ch\\\/fr\\\/bauprojekt-verbindet-kunst-architektur-und-kulturentwicklung\\\/#webpage\"},\"isPartOf\":{\"@id\":\"https:\\\/\\\/www.immo-invest.ch\\\/fr\\\/bauprojekt-verbindet-kunst-architektur-und-kulturentwicklung\\\/#webpage\"},\"articleSection\":\"immoNews, Industrie du b\\u00e2timent, Nouvelle construction, Projects, Standorte, Architektur, Immoinvest, immoNews, Kulturprojekt, Mack-Pyramide, News, Facultatif\"},{\"@type\":\"BreadcrumbList\",\"@id\":\"https:\\\/\\\/www.immo-invest.ch\\\/fr\\\/bauprojekt-verbindet-kunst-architektur-und-kulturentwicklung\\\/#breadcrumblist\",\"itemListElement\":[{\"@type\":\"ListItem\",\"@id\":\"https:\\\/\\\/www.immo-invest.ch\\\/fr\\\/#listItem\",\"position\":1,\"name\":\"Home\",\"item\":\"https:\\\/\\\/www.immo-invest.ch\\\/fr\\\/\",\"nextItem\":{\"@type\":\"ListItem\",\"@id\":\"https:\\\/\\\/www.immo-invest.ch\\\/fr\\\/categories\\\/projects\\\/#listItem\",\"name\":\"Projects\"}},{\"@type\":\"ListItem\",\"@id\":\"https:\\\/\\\/www.immo-invest.ch\\\/fr\\\/categories\\\/projects\\\/#listItem\",\"position\":2,\"name\":\"Projects\",\"item\":\"https:\\\/\\\/www.immo-invest.ch\\\/fr\\\/categories\\\/projects\\\/\",\"nextItem\":{\"@type\":\"ListItem\",\"@id\":\"https:\\\/\\\/www.immo-invest.ch\\\/fr\\\/categories\\\/projects\\\/nouvelle-construction\\\/#listItem\",\"name\":\"Nouvelle construction\"},\"previousItem\":{\"@type\":\"ListItem\",\"@id\":\"https:\\\/\\\/www.immo-invest.ch\\\/fr\\\/#listItem\",\"name\":\"Home\"}},{\"@type\":\"ListItem\",\"@id\":\"https:\\\/\\\/www.immo-invest.ch\\\/fr\\\/categories\\\/projects\\\/nouvelle-construction\\\/#listItem\",\"position\":3,\"name\":\"Nouvelle construction\",\"item\":\"https:\\\/\\\/www.immo-invest.ch\\\/fr\\\/categories\\\/projects\\\/nouvelle-construction\\\/\",\"nextItem\":{\"@type\":\"ListItem\",\"@id\":\"https:\\\/\\\/www.immo-invest.ch\\\/fr\\\/bauprojekt-verbindet-kunst-architektur-und-kulturentwicklung\\\/#listItem\",\"name\":\"Un projet de construction alliant art, architecture et d\\u00e9veloppement culturel\"},\"previousItem\":{\"@type\":\"ListItem\",\"@id\":\"https:\\\/\\\/www.immo-invest.ch\\\/fr\\\/categories\\\/projects\\\/#listItem\",\"name\":\"Projects\"}},{\"@type\":\"ListItem\",\"@id\":\"https:\\\/\\\/www.immo-invest.ch\\\/fr\\\/bauprojekt-verbindet-kunst-architektur-und-kulturentwicklung\\\/#listItem\",\"position\":4,\"name\":\"Un projet de construction alliant art, architecture et d\\u00e9veloppement culturel\",\"previousItem\":{\"@type\":\"ListItem\",\"@id\":\"https:\\\/\\\/www.immo-invest.ch\\\/fr\\\/categories\\\/projects\\\/nouvelle-construction\\\/#listItem\",\"name\":\"Nouvelle construction\"}}]},{\"@type\":\"Organization\",\"@id\":\"https:\\\/\\\/www.immo-invest.ch\\\/fr\\\/#organization\",\"name\":\"immo!nvest - Die Plattform f\\u00fcr Standorte und Immobilien\",\"description\":\"Die\\u00a0Plattform f\\u00fcr Standorte und Immobilien\",\"url\":\"https:\\\/\\\/www.immo-invest.ch\\\/fr\\\/\",\"email\":\"admin@immomedia.ag\",\"telephone\":\"+41444420002\",\"logo\":{\"@type\":\"ImageObject\",\"url\":\"https:\\\/\\\/www.immo-invest.ch\\\/wp-content\\\/uploads\\\/2024\\\/09\\\/immoinvest_sm-scaled.jpg\",\"@id\":\"https:\\\/\\\/www.immo-invest.ch\\\/fr\\\/bauprojekt-verbindet-kunst-architektur-und-kulturentwicklung\\\/#organizationLogo\",\"width\":2560,\"height\":1340},\"image\":{\"@id\":\"https:\\\/\\\/www.immo-invest.ch\\\/fr\\\/bauprojekt-verbindet-kunst-architektur-und-kulturentwicklung\\\/#organizationLogo\"},\"sameAs\":[\"https:\\\/\\\/www.facebook.com\\\/people\\\/Immoinvest\\\/100077962920504\\\/\",\"https:\\\/\\\/x.com\\\/i\\\/flow\\\/login?redirect_after_login=immoinvest_ch\",\"https:\\\/\\\/www.instagram.com\\\/immoinvest_ch\\\/\",\"https:\\\/\\\/www.linkedin.com\\\/company\\\/immoinvest-swiss\"]},{\"@type\":\"Person\",\"@id\":\"https:\\\/\\\/www.immo-invest.ch\\\/fr\\\/author\\\/immovestuser\\\/#author\",\"url\":\"https:\\\/\\\/www.immo-invest.ch\\\/fr\\\/author\\\/immovestuser\\\/\",\"name\":\"immovestuser\",\"image\":{\"@type\":\"ImageObject\",\"@id\":\"https:\\\/\\\/www.immo-invest.ch\\\/fr\\\/bauprojekt-verbindet-kunst-architektur-und-kulturentwicklung\\\/#authorImage\",\"url\":\"https:\\\/\\\/secure.gravatar.com\\\/avatar\\\/8e01f4d99f2eeea7a362ebb93305e1172a70e9293ba250f897a65c39f54cdd1e?s=96&d=mm&r=g\",\"width\":96,\"height\":96,\"caption\":\"immovestuser\"}},{\"@type\":\"WebPage\",\"@id\":\"https:\\\/\\\/www.immo-invest.ch\\\/fr\\\/bauprojekt-verbindet-kunst-architektur-und-kulturentwicklung\\\/#webpage\",\"url\":\"https:\\\/\\\/www.immo-invest.ch\\\/fr\\\/bauprojekt-verbindet-kunst-architektur-und-kulturentwicklung\\\/\",\"name\":\"Un projet de construction alliant art, architecture et d\\u00e9veloppement culturel - immo!nvest - Die Plattform f\\u00fcr Standorte und Immobilien\",\"description\":\"N\\u00fcssli a donn\\u00e9 le premier coup de pioche pour l'extension de la Pyramide Mack \\u00e0 Monheim. En tant que ma\\u00eetre d'\\u0153uvre, l'entreprise souhaite f\\u00eater l'ach\\u00e8vement du gros \\u0153uvre pour le 95e anniversaire de l'artiste Heinz Mack, en mars 2026.\",\"inLanguage\":\"fr-FR\",\"isPartOf\":{\"@id\":\"https:\\\/\\\/www.immo-invest.ch\\\/fr\\\/#website\"},\"breadcrumb\":{\"@id\":\"https:\\\/\\\/www.immo-invest.ch\\\/fr\\\/bauprojekt-verbindet-kunst-architektur-und-kulturentwicklung\\\/#breadcrumblist\"},\"author\":{\"@id\":\"https:\\\/\\\/www.immo-invest.ch\\\/fr\\\/author\\\/immovestuser\\\/#author\"},\"creator\":{\"@id\":\"https:\\\/\\\/www.immo-invest.ch\\\/fr\\\/author\\\/immovestuser\\\/#author\"},\"image\":{\"@type\":\"ImageObject\",\"url\":\"https:\\\/\\\/www.immo-invest.ch\\\/wp-content\\\/uploads\\\/2025\\\/09\\\/banoviag_realistic_symbolic_architectural_scene_of_a_mirrored_363144b5-1067-4395-8c64-80f243f82aed_0.png\",\"@id\":\"https:\\\/\\\/www.immo-invest.ch\\\/fr\\\/bauprojekt-verbindet-kunst-architektur-und-kulturentwicklung\\\/#mainImage\",\"width\":1536,\"height\":768},\"primaryImageOfPage\":{\"@id\":\"https:\\\/\\\/www.immo-invest.ch\\\/fr\\\/bauprojekt-verbindet-kunst-architektur-und-kulturentwicklung\\\/#mainImage\"},\"datePublished\":\"2025-09-10T08:20:00+02:00\",\"dateModified\":\"2025-09-05T11:11:28+02:00\"},{\"@type\":\"WebSite\",\"@id\":\"https:\\\/\\\/www.immo-invest.ch\\\/fr\\\/#website\",\"url\":\"https:\\\/\\\/www.immo-invest.ch\\\/fr\\\/\",\"name\":\"immo!nvest - Die Plattform f\\u00fcr Standorte und Immobilien\",\"description\":\"Die\\u00a0Plattform f\\u00fcr Standorte und Immobilien\",\"inLanguage\":\"fr-FR\",\"publisher\":{\"@id\":\"https:\\\/\\\/www.immo-invest.ch\\\/fr\\\/#organization\"}}]}\n\t\t<\/script>\n\t\t<!-- All in One SEO -->\n\n","aioseo_head_json":{"title":"Un projet de construction alliant art, architecture et d\u00e9veloppement culturel - immo!nvest - Die Plattform f\u00fcr Standorte und Immobilien","description":"N\u00fcssli a donn\u00e9 le premier coup de pioche pour l'extension de la Pyramide Mack \u00e0 Monheim. En tant que ma\u00eetre d'\u0153uvre, l'entreprise souhaite f\u00eater l'ach\u00e8vement du gros \u0153uvre pour le 95e anniversaire de l'artiste Heinz Mack, en mars 2026.","canonical_url":"https:\/\/www.immo-invest.ch\/fr\/bauprojekt-verbindet-kunst-architektur-und-kulturentwicklung\/","robots":"max-image-preview:large","keywords":"","webmasterTools":{"google-site-verification":"fHJKvgWpZCR2zVBHWfkQeFXC11qieUSff0HGNYfuyLA","miscellaneous":""},"schema":{"@context":"https:\/\/schema.org","@graph":[{"@type":"BlogPosting","@id":"https:\/\/www.immo-invest.ch\/fr\/bauprojekt-verbindet-kunst-architektur-und-kulturentwicklung\/#blogposting","name":"Un projet de construction alliant art, architecture et d\u00e9veloppement culturel - immo!nvest - Die Plattform f\u00fcr Standorte und Immobilien","headline":"Un projet de construction alliant art, architecture et d\u00e9veloppement culturel","author":{"@id":"https:\/\/www.immo-invest.ch\/fr\/author\/immovestuser\/#author"},"publisher":{"@id":"https:\/\/www.immo-invest.ch\/fr\/#organization"},"image":{"@type":"ImageObject","url":"https:\/\/www.immo-invest.ch\/wp-content\/uploads\/2025\/09\/banoviag_realistic_symbolic_architectural_scene_of_a_mirrored_363144b5-1067-4395-8c64-80f243f82aed_0.png","width":1536,"height":768},"datePublished":"2025-09-10T08:20:00+02:00","dateModified":"2025-09-05T11:11:28+02:00","inLanguage":"fr-FR","mainEntityOfPage":{"@id":"https:\/\/www.immo-invest.ch\/fr\/bauprojekt-verbindet-kunst-architektur-und-kulturentwicklung\/#webpage"},"isPartOf":{"@id":"https:\/\/www.immo-invest.ch\/fr\/bauprojekt-verbindet-kunst-architektur-und-kulturentwicklung\/#webpage"},"articleSection":"immoNews, Industrie du b\u00e2timent, Nouvelle construction, Projects, Standorte, Architektur, Immoinvest, immoNews, Kulturprojekt, Mack-Pyramide, News, Facultatif"},{"@type":"BreadcrumbList","@id":"https:\/\/www.immo-invest.ch\/fr\/bauprojekt-verbindet-kunst-architektur-und-kulturentwicklung\/#breadcrumblist","itemListElement":[{"@type":"ListItem","@id":"https:\/\/www.immo-invest.ch\/fr\/#listItem","position":1,"name":"Home","item":"https:\/\/www.immo-invest.ch\/fr\/","nextItem":{"@type":"ListItem","@id":"https:\/\/www.immo-invest.ch\/fr\/categories\/projects\/#listItem","name":"Projects"}},{"@type":"ListItem","@id":"https:\/\/www.immo-invest.ch\/fr\/categories\/projects\/#listItem","position":2,"name":"Projects","item":"https:\/\/www.immo-invest.ch\/fr\/categories\/projects\/","nextItem":{"@type":"ListItem","@id":"https:\/\/www.immo-invest.ch\/fr\/categories\/projects\/nouvelle-construction\/#listItem","name":"Nouvelle construction"},"previousItem":{"@type":"ListItem","@id":"https:\/\/www.immo-invest.ch\/fr\/#listItem","name":"Home"}},{"@type":"ListItem","@id":"https:\/\/www.immo-invest.ch\/fr\/categories\/projects\/nouvelle-construction\/#listItem","position":3,"name":"Nouvelle construction","item":"https:\/\/www.immo-invest.ch\/fr\/categories\/projects\/nouvelle-construction\/","nextItem":{"@type":"ListItem","@id":"https:\/\/www.immo-invest.ch\/fr\/bauprojekt-verbindet-kunst-architektur-und-kulturentwicklung\/#listItem","name":"Un projet de construction alliant art, architecture et d\u00e9veloppement culturel"},"previousItem":{"@type":"ListItem","@id":"https:\/\/www.immo-invest.ch\/fr\/categories\/projects\/#listItem","name":"Projects"}},{"@type":"ListItem","@id":"https:\/\/www.immo-invest.ch\/fr\/bauprojekt-verbindet-kunst-architektur-und-kulturentwicklung\/#listItem","position":4,"name":"Un projet de construction alliant art, architecture et d\u00e9veloppement culturel","previousItem":{"@type":"ListItem","@id":"https:\/\/www.immo-invest.ch\/fr\/categories\/projects\/nouvelle-construction\/#listItem","name":"Nouvelle construction"}}]},{"@type":"Organization","@id":"https:\/\/www.immo-invest.ch\/fr\/#organization","name":"immo!nvest - Die Plattform f\u00fcr Standorte und Immobilien","description":"Die\u00a0Plattform f\u00fcr Standorte und Immobilien","url":"https:\/\/www.immo-invest.ch\/fr\/","email":"admin@immomedia.ag","telephone":"+41444420002","logo":{"@type":"ImageObject","url":"https:\/\/www.immo-invest.ch\/wp-content\/uploads\/2024\/09\/immoinvest_sm-scaled.jpg","@id":"https:\/\/www.immo-invest.ch\/fr\/bauprojekt-verbindet-kunst-architektur-und-kulturentwicklung\/#organizationLogo","width":2560,"height":1340},"image":{"@id":"https:\/\/www.immo-invest.ch\/fr\/bauprojekt-verbindet-kunst-architektur-und-kulturentwicklung\/#organizationLogo"},"sameAs":["https:\/\/www.facebook.com\/people\/Immoinvest\/100077962920504\/","https:\/\/x.com\/i\/flow\/login?redirect_after_login=immoinvest_ch","https:\/\/www.instagram.com\/immoinvest_ch\/","https:\/\/www.linkedin.com\/company\/immoinvest-swiss"]},{"@type":"Person","@id":"https:\/\/www.immo-invest.ch\/fr\/author\/immovestuser\/#author","url":"https:\/\/www.immo-invest.ch\/fr\/author\/immovestuser\/","name":"immovestuser","image":{"@type":"ImageObject","@id":"https:\/\/www.immo-invest.ch\/fr\/bauprojekt-verbindet-kunst-architektur-und-kulturentwicklung\/#authorImage","url":"https:\/\/secure.gravatar.com\/avatar\/8e01f4d99f2eeea7a362ebb93305e1172a70e9293ba250f897a65c39f54cdd1e?s=96&d=mm&r=g","width":96,"height":96,"caption":"immovestuser"}},{"@type":"WebPage","@id":"https:\/\/www.immo-invest.ch\/fr\/bauprojekt-verbindet-kunst-architektur-und-kulturentwicklung\/#webpage","url":"https:\/\/www.immo-invest.ch\/fr\/bauprojekt-verbindet-kunst-architektur-und-kulturentwicklung\/","name":"Un projet de construction alliant art, architecture et d\u00e9veloppement culturel - immo!nvest - Die Plattform f\u00fcr Standorte und Immobilien","description":"N\u00fcssli a donn\u00e9 le premier coup de pioche pour l'extension de la Pyramide Mack \u00e0 Monheim. En tant que ma\u00eetre d'\u0153uvre, l'entreprise souhaite f\u00eater l'ach\u00e8vement du gros \u0153uvre pour le 95e anniversaire de l'artiste Heinz Mack, en mars 2026.","inLanguage":"fr-FR","isPartOf":{"@id":"https:\/\/www.immo-invest.ch\/fr\/#website"},"breadcrumb":{"@id":"https:\/\/www.immo-invest.ch\/fr\/bauprojekt-verbindet-kunst-architektur-und-kulturentwicklung\/#breadcrumblist"},"author":{"@id":"https:\/\/www.immo-invest.ch\/fr\/author\/immovestuser\/#author"},"creator":{"@id":"https:\/\/www.immo-invest.ch\/fr\/author\/immovestuser\/#author"},"image":{"@type":"ImageObject","url":"https:\/\/www.immo-invest.ch\/wp-content\/uploads\/2025\/09\/banoviag_realistic_symbolic_architectural_scene_of_a_mirrored_363144b5-1067-4395-8c64-80f243f82aed_0.png","@id":"https:\/\/www.immo-invest.ch\/fr\/bauprojekt-verbindet-kunst-architektur-und-kulturentwicklung\/#mainImage","width":1536,"height":768},"primaryImageOfPage":{"@id":"https:\/\/www.immo-invest.ch\/fr\/bauprojekt-verbindet-kunst-architektur-und-kulturentwicklung\/#mainImage"},"datePublished":"2025-09-10T08:20:00+02:00","dateModified":"2025-09-05T11:11:28+02:00"},{"@type":"WebSite","@id":"https:\/\/www.immo-invest.ch\/fr\/#website","url":"https:\/\/www.immo-invest.ch\/fr\/","name":"immo!nvest - Die Plattform f\u00fcr Standorte und Immobilien","description":"Die\u00a0Plattform f\u00fcr Standorte und Immobilien","inLanguage":"fr-FR","publisher":{"@id":"https:\/\/www.immo-invest.ch\/fr\/#organization"}}]},"og:locale":"fr_FR","og:site_name":"immo!nvest - Die Plattform f\u00fcr Standorte und Immobilien - Die\u00a0Plattform f\u00fcr Standorte und Immobilien","og:type":"article","og:title":"Un projet de construction alliant art, architecture et d\u00e9veloppement culturel - immo!nvest - Die Plattform f\u00fcr Standorte und Immobilien","og:description":"N\u00fcssli a donn\u00e9 le premier coup de pioche pour l'extension de la Pyramide Mack \u00e0 Monheim. En tant que ma\u00eetre d'\u0153uvre, l'entreprise souhaite f\u00eater l'ach\u00e8vement du gros \u0153uvre pour le 95e anniversaire de l'artiste Heinz Mack, en mars 2026.","og:url":"https:\/\/www.immo-invest.ch\/fr\/bauprojekt-verbindet-kunst-architektur-und-kulturentwicklung\/","og:image":"https:\/\/www.immo-invest.ch\/wp-content\/uploads\/2025\/09\/banoviag_realistic_symbolic_architectural_scene_of_a_mirrored_363144b5-1067-4395-8c64-80f243f82aed_0.png","og:image:secure_url":"https:\/\/www.immo-invest.ch\/wp-content\/uploads\/2025\/09\/banoviag_realistic_symbolic_architectural_scene_of_a_mirrored_363144b5-1067-4395-8c64-80f243f82aed_0.png","og:image:width":1536,"og:image:height":768,"article:published_time":"2025-09-10T06:20:00+00:00","article:modified_time":"2025-09-05T09:11:28+00:00","article:publisher":"https:\/\/www.facebook.com\/people\/Immoinvest\/100077962920504\/","twitter:card":"summary_large_image","twitter:site":"@i","twitter:title":"Un projet de construction alliant art, architecture et d\u00e9veloppement culturel - immo!nvest - Die Plattform f\u00fcr Standorte und Immobilien","twitter:description":"N\u00fcssli a donn\u00e9 le premier coup de pioche pour l'extension de la Pyramide Mack \u00e0 Monheim. En tant que ma\u00eetre d'\u0153uvre, l'entreprise souhaite f\u00eater l'ach\u00e8vement du gros \u0153uvre pour le 95e anniversaire de l'artiste Heinz Mack, en mars 2026.","twitter:creator":"@i","twitter:image":"https:\/\/www.immo-invest.ch\/wp-content\/uploads\/2025\/09\/banoviag_realistic_symbolic_architectural_scene_of_a_mirrored_363144b5-1067-4395-8c64-80f243f82aed_0.png"},"aioseo_meta_data":{"post_id":"138929","title":null,"description":null,"keywords":null,"keyphrases":{"focus":{"keyphrase":"","score":0,"analysis":{"keyphraseInTitle":{"score":0,"maxScore":9,"error":1}}},"additional":[]},"primary_term":null,"canonical_url":null,"og_title":null,"og_description":null,"og_object_type":"default","og_image_type":"default","og_image_url":null,"og_image_width":null,"og_image_height":null,"og_image_custom_url":null,"og_image_custom_fields":null,"og_video":"","og_custom_url":null,"og_article_section":null,"og_article_tags":null,"twitter_use_og":false,"twitter_card":"default","twitter_image_type":"default","twitter_image_url":null,"twitter_image_custom_url":null,"twitter_image_custom_fields":null,"twitter_title":null,"twitter_description":null,"schema":{"blockGraphs":[],"customGraphs":[],"default":{"data":{"Article":[],"Course":[],"Dataset":[],"FAQPage":[],"Movie":[],"Person":[],"Product":[],"ProductReview":[],"Car":[],"Recipe":[],"Service":[],"SoftwareApplication":[],"WebPage":[]},"graphName":"BlogPosting","isEnabled":true},"graphs":[]},"schema_type":"default","schema_type_options":null,"pillar_content":false,"robots_default":true,"robots_noindex":false,"robots_noarchive":false,"robots_nosnippet":false,"robots_nofollow":false,"robots_noimageindex":false,"robots_noodp":false,"robots_notranslate":false,"robots_max_snippet":"-1","robots_max_videopreview":"-1","robots_max_imagepreview":"large","priority":null,"frequency":"default","local_seo":null,"breadcrumb_settings":null,"limit_modified_date":false,"ai":null,"created":"2025-09-05 09:08:40","updated":"2025-10-25 01:21:13","seo_analyzer_scan_date":null,"focus_keyword":null,"additional_keywords":null,"truseo_locale":null},"aioseo_breadcrumb":"<div class=\"aioseo-breadcrumbs\"><span class=\"aioseo-breadcrumb\">\n\t\t\t<a href=\"https:\/\/www.immo-invest.ch\/fr\/\" title=\"Home\">Home<\/a>\n\t\t<\/span><span class=\"aioseo-breadcrumb-separator\">&raquo;<\/span><span class=\"aioseo-breadcrumb\">\n\t\t\t<a href=\"https:\/\/www.immo-invest.ch\/fr\/categories\/projects\/\" title=\"Projects\">Projects<\/a>\n\t\t<\/span><span class=\"aioseo-breadcrumb-separator\">&raquo;<\/span><span class=\"aioseo-breadcrumb\">\n\t\t\t<a href=\"https:\/\/www.immo-invest.ch\/fr\/categories\/projects\/nouvelle-construction\/\" title=\"Nouvelle construction\">Nouvelle construction<\/a>\n\t\t<\/span><span class=\"aioseo-breadcrumb-separator\">&raquo;<\/span><span class=\"aioseo-breadcrumb\">\n\t\t\tUn projet de construction alliant art, architecture et d\u00e9veloppement culturel\n\t\t<\/span><\/div>","aioseo_breadcrumb_json":[{"label":"Home","link":"https:\/\/www.immo-invest.ch\/fr\/"},{"label":"Projects","link":"https:\/\/www.immo-invest.ch\/fr\/categories\/projects\/"},{"label":"Nouvelle construction","link":"https:\/\/www.immo-invest.ch\/fr\/categories\/projects\/nouvelle-construction\/"},{"label":"Un projet de construction alliant art, architecture et d\u00e9veloppement culturel","link":"https:\/\/www.immo-invest.ch\/fr\/bauprojekt-verbindet-kunst-architektur-und-kulturentwicklung\/"}],"featured_image_src":"https:\/\/www.immo-invest.ch\/wp-content\/uploads\/2025\/09\/banoviag_realistic_symbolic_architectural_scene_of_a_mirrored_363144b5-1067-4395-8c64-80f243f82aed_0-336x168.png","_links":{"self":[{"href":"https:\/\/www.immo-invest.ch\/fr\/wp-json\/wp\/v2\/posts\/138929","targetHints":{"allow":["GET"]}}],"collection":[{"href":"https:\/\/www.immo-invest.ch\/fr\/wp-json\/wp\/v2\/posts"}],"about":[{"href":"https:\/\/www.immo-invest.ch\/fr\/wp-json\/wp\/v2\/types\/post"}],"author":[{"embeddable":true,"href":"https:\/\/www.immo-invest.ch\/fr\/wp-json\/wp\/v2\/users\/2"}],"replies":[{"embeddable":true,"href":"https:\/\/www.immo-invest.ch\/fr\/wp-json\/wp\/v2\/comments?post=138929"}],"version-history":[{"count":0,"href":"https:\/\/www.immo-invest.ch\/fr\/wp-json\/wp\/v2\/posts\/138929\/revisions"}],"wp:featuredmedia":[{"embeddable":true,"href":"https:\/\/www.immo-invest.ch\/fr\/wp-json\/wp\/v2\/media\/138926"}],"wp:attachment":[{"href":"https:\/\/www.immo-invest.ch\/fr\/wp-json\/wp\/v2\/media?parent=138929"}],"wp:term":[{"taxonomy":"category","embeddable":true,"href":"https:\/\/www.immo-invest.ch\/fr\/wp-json\/wp\/v2\/categories?post=138929"},{"taxonomy":"post_tag","embeddable":true,"href":"https:\/\/www.immo-invest.ch\/fr\/wp-json\/wp\/v2\/tags?post=138929"}],"curies":[{"name":"wp","href":"https:\/\/api.w.org\/{rel}","templated":true}]}}