{"id":138104,"date":"2025-08-27T12:55:00","date_gmt":"2025-08-27T10:55:00","guid":{"rendered":"https:\/\/www.immo-invest.ch\/?p=138104"},"modified":"2025-08-27T10:18:40","modified_gmt":"2025-08-27T08:18:40","slug":"neues-ausbildungsprogramm-fuer-immobilienfachleute-gestartet","status":"publish","type":"post","link":"https:\/\/www.immo-invest.ch\/fr\/neues-ausbildungsprogramm-fuer-immobilienfachleute-gestartet\/","title":{"rendered":"Lancement d&rsquo;un nouveau programme de formation pour les professionnels de l&rsquo;immobilier"},"content":{"rendered":"<p class=\"bodytext wp-block-paragraph\">La soci&eacute;t&eacute; immobili&egrave;re <a href=\"https:\/\/www.naef.ch\/\" target=\"_blank\" rel=\"noopener\">Naef Holding SA<\/a> a lanc&eacute; son programme de formation en interne, <a href=\"https:\/\/www.emploi-romandie.ch\/job\/naef-academie\/\" target=\"_blank\" rel=\"noopener\">Naef Aced&eacute;mie<\/a>. Comme Naef l&rsquo;indique dans une publication <a href=\"https:\/\/www.linkedin.com\/posts\/naef-immobilier_naef-naefacademie-recrutement-activity-7354442883208224770-qMVM\/\" target=\"_blank\" rel=\"noopener\"><span class=\"glossaryLink\" aria-describedby=\"tt\" data-cmtooltip=\"&lt;div class=glossaryItemTitle&gt;LinkedIn&lt;\/div&gt;&lt;div class=glossaryItemBody&gt;Social-Media-Plattform f&uuml;r Fach- und F&uuml;hrungskr&auml;fte&lt;\/div&gt;\" data-mobile-support=\"0\" data-gt-translate-attributes='[{\"attribute\":\"data-cmtooltip\", \"format\":\"html\"}]' tabindex=\"0\" role=\"link\">LinkedIn<\/span><\/a>, ce programme de six mois vise &agrave; former la prochaine g&eacute;n&eacute;ration de professionnels de l&rsquo;immobilier. La premi&egrave;re promotion du programme d&eacute;butera &agrave; l&rsquo;automne. Les personnes int&eacute;ress&eacute;es peuvent d&egrave;s &agrave; pr&eacute;sent postuler via <a href=\"https:\/\/www.jobup.ch\/fr\/emplois\/?utm_source=aimwel.com&amp;jobid=d7a68844-e867-41c1-9f7b-55b82d44c6a4&amp;aw_settings_id=language_fr&amp;aw_bid_configuration_id=10da397a-14ea-4061-a062-8b1a3b6b6246&amp;utm_content=519c7abefbded1b78014bf74c221ee7e&amp;utm_medium=affiliate&amp;aw_campaign_id=0e17b948-bcbd-50a1-a24c-1c67d73892c7&amp;aw_id=pil-8VvdoUWYThv1OMbrE9-Fbni28i0-Pyz_1pvhXXgeZHTK0dmGlB4jPE64cULkZpxESrqKFSa8zlwYVg5PE0smGRpQUKACFShIhAPVM25-kgQm5Jh9cbtOKcwcQ_9xNHLrzBgB9ksVaewWrTxVHGHuWxRwsRpCgk9YeV_I54xG6UuxI3sG1287qoCrm93J&amp;utm_campaign=wb:jobup%7Ctg:b2c%7Ccn:ch%7Clg:fr%7Cct:targeting,nonbrand,job%7Ccd:aimwel-screensolutions%7Cmg:job-application%7Cpd:y%7Ctt:cpa&amp;region=36&amp;category=609\" target=\"_blank\" rel=\"noopener\">Jobup<\/a>.<\/p>\n\n\n\n\n\n<p class=\"bodytext wp-block-paragraph\">Dirig&eacute;e par des experts de Naef, la Naef Acad&eacute;mie combine des travaux pratiques et des modules th&eacute;oriques. Parmi les objectifs du programme figurent l&rsquo;initiation des &eacute;tudiants aux m&eacute;tiers importants du secteur immobilier, le soutien des changements de carri&egrave;re et des premi&egrave;res exp&eacute;riences professionnelles ainsi que le recrutement de talents de divers instituts. Le programme comprend, entre autres, des introductions aux services de Naef tels que la gestion, le d&eacute;veloppement de copropri&eacute;t&eacute;s et la comptabilit&eacute;, un suivi individuel et des coachings personnalis&eacute;s.<\/p>\n\n\n\n\n\n<p class=\"bodytext wp-block-paragraph\">Naef est d&eacute;j&agrave; implant&eacute;e dans les plus grandes villes francophones de Suisse et est active dans tous les domaines de l&rsquo;immobilier. Gr&acirc;ce &agrave; ses filiales, Naef propose &eacute;galement divers services dans les domaines de l&rsquo;&eacute;valuation immobili&egrave;re, de la construction et de la gestion de projets architecturaux.<\/p>\n\n","protected":false},"excerpt":{"rendered":"<p>Naef a lanc\u00e9 un programme de formation pour les professionnels de l&rsquo;immobilier. La Naef Acad\u00e9mie est un programme de formation en interne d&rsquo;une dur\u00e9e de six mois qui combine des travaux pratiques et des modules th\u00e9oriques dirig\u00e9s par des experts.<\/p>\n","protected":false},"author":2,"featured_media":138099,"comment_status":"open","ping_status":"open","sticky":false,"template":"","format":"standard","meta":{"pmpro_default_level":"","inline_featured_image":false,"_monsterinsights_skip_tracking":false,"footnotes":""},"categories":[22696,743,22357,9440,22438],"tags":[54057,872,3931,17692,2002,49051],"class_list":["post-138104","post","type-post","status-publish","format-standard","has-post-thumbnail","hentry","category-entreprise","category-immonews-fr","category-industrie-du-batiment","category-region-romandie-fr","category-trends-fr","tag-immobilienausbildung-fr","tag-immoinvest-fr","tag-immonews-fr","tag-nachwuchsfoerderung-fr","tag-news-fr","tag-weiterbildung-fr","pmpro-has-access"],"acf":{"bild_mit_ki_erstellt_worden":[],"lead":"Naef a lanc\u00e9 un programme de formation pour les professionnels de l'immobilier. La Naef Acad\u00e9mie est un programme de formation en interne d'une dur\u00e9e de six mois qui combine des travaux pratiques et des modules th\u00e9oriques dirig\u00e9s par des experts.","autor":"ce\/nta","ort":"Petit-Lancy GE","bildunterschrift":"","bild_im_grid":false,"gallerie":"","newsim":""},"aioseo_notices":[],"aioseo_head":"\n\t\t<!-- All in One SEO 5.0.0.1 - aioseo.com -->\n\t<meta name=\"description\" content=\"Naef a lanc\u00e9 un programme de formation pour les professionnels de l&#039;immobilier. La Naef Acad\u00e9mie est un programme de formation en interne d&#039;une dur\u00e9e de six mois qui combine des travaux pratiques et des modules th\u00e9oriques dirig\u00e9s par des experts.\" \/>\n\t<meta name=\"robots\" content=\"max-image-preview:large\" \/>\n\t<meta name=\"author\" content=\"immovestuser\"\/>\n\t<meta name=\"google-site-verification\" content=\"fHJKvgWpZCR2zVBHWfkQeFXC11qieUSff0HGNYfuyLA\" \/>\n\t<link rel=\"canonical\" href=\"https:\/\/www.immo-invest.ch\/fr\/neues-ausbildungsprogramm-fuer-immobilienfachleute-gestartet\/\" \/>\n\t<meta name=\"generator\" content=\"All in One SEO (AIOSEO) 5.0.0.1\" \/>\n\t\t<meta property=\"og:locale\" content=\"fr_FR\" \/>\n\t\t<meta property=\"og:site_name\" content=\"immo!nvest - Die Plattform f\u00fcr Standorte und Immobilien - Die\u00a0Plattform f\u00fcr Standorte und Immobilien\" \/>\n\t\t<meta property=\"og:type\" content=\"article\" \/>\n\t\t<meta property=\"og:title\" content=\"Lancement d\u2019un nouveau programme de formation pour les professionnels de l\u2019immobilier - immo!nvest - Die Plattform f\u00fcr Standorte und Immobilien\" \/>\n\t\t<meta property=\"og:description\" content=\"Naef a lanc\u00e9 un programme de formation pour les professionnels de l&#039;immobilier. La Naef Acad\u00e9mie est un programme de formation en interne d&#039;une dur\u00e9e de six mois qui combine des travaux pratiques et des modules th\u00e9oriques dirig\u00e9s par des experts.\" \/>\n\t\t<meta property=\"og:url\" content=\"https:\/\/www.immo-invest.ch\/fr\/neues-ausbildungsprogramm-fuer-immobilienfachleute-gestartet\/\" \/>\n\t\t<meta property=\"og:image\" content=\"https:\/\/www.immo-invest.ch\/wp-content\/uploads\/2025\/08\/immo-invest-personen-unternehmen-bauwirtschaft-trends-immobilienausbildung-weiterbildung-nachwuchsfoerderung.png\" \/>\n\t\t<meta property=\"og:image:secure_url\" content=\"https:\/\/www.immo-invest.ch\/wp-content\/uploads\/2025\/08\/immo-invest-personen-unternehmen-bauwirtschaft-trends-immobilienausbildung-weiterbildung-nachwuchsfoerderung.png\" \/>\n\t\t<meta property=\"og:image:width\" content=\"1536\" \/>\n\t\t<meta property=\"og:image:height\" content=\"768\" \/>\n\t\t<meta property=\"article:published_time\" content=\"2025-08-27T10:55:00+00:00\" \/>\n\t\t<meta property=\"article:modified_time\" content=\"2025-08-27T08:18:40+00:00\" \/>\n\t\t<meta property=\"article:publisher\" content=\"https:\/\/www.facebook.com\/people\/Immoinvest\/100077962920504\/\" \/>\n\t\t<meta name=\"twitter:card\" content=\"summary_large_image\" \/>\n\t\t<meta name=\"twitter:site\" content=\"@i\" \/>\n\t\t<meta name=\"twitter:title\" content=\"Lancement d\u2019un nouveau programme de formation pour les professionnels de l\u2019immobilier - immo!nvest - Die Plattform f\u00fcr Standorte und Immobilien\" \/>\n\t\t<meta name=\"twitter:description\" content=\"Naef a lanc\u00e9 un programme de formation pour les professionnels de l&#039;immobilier. La Naef Acad\u00e9mie est un programme de formation en interne d&#039;une dur\u00e9e de six mois qui combine des travaux pratiques et des modules th\u00e9oriques dirig\u00e9s par des experts.\" \/>\n\t\t<meta name=\"twitter:creator\" content=\"@i\" \/>\n\t\t<meta name=\"twitter:image\" content=\"https:\/\/www.immo-invest.ch\/wp-content\/uploads\/2025\/08\/immo-invest-personen-unternehmen-bauwirtschaft-trends-immobilienausbildung-weiterbildung-nachwuchsfoerderung.png\" \/>\n\t\t<script type=\"application\/ld+json\" class=\"aioseo-schema\">\n\t\t\t{\"@context\":\"https:\\\/\\\/schema.org\",\"@graph\":[{\"@type\":\"BlogPosting\",\"@id\":\"https:\\\/\\\/www.immo-invest.ch\\\/fr\\\/neues-ausbildungsprogramm-fuer-immobilienfachleute-gestartet\\\/#blogposting\",\"name\":\"Lancement d\\u2019un nouveau programme de formation pour les professionnels de l\\u2019immobilier - immo!nvest - Die Plattform f\\u00fcr Standorte und Immobilien\",\"headline\":\"Lancement d&rsquo;un nouveau programme de formation pour les professionnels de l&rsquo;immobilier\",\"author\":{\"@id\":\"https:\\\/\\\/www.immo-invest.ch\\\/fr\\\/author\\\/immovestuser\\\/#author\"},\"publisher\":{\"@id\":\"https:\\\/\\\/www.immo-invest.ch\\\/fr\\\/#organization\"},\"image\":{\"@type\":\"ImageObject\",\"url\":\"https:\\\/\\\/www.immo-invest.ch\\\/wp-content\\\/uploads\\\/2025\\\/08\\\/immo-invest-personen-unternehmen-bauwirtschaft-trends-immobilienausbildung-weiterbildung-nachwuchsfoerderung.png\",\"width\":1536,\"height\":768},\"datePublished\":\"2025-08-27T12:55:00+02:00\",\"dateModified\":\"2025-08-27T10:18:40+02:00\",\"inLanguage\":\"fr-FR\",\"mainEntityOfPage\":{\"@id\":\"https:\\\/\\\/www.immo-invest.ch\\\/fr\\\/neues-ausbildungsprogramm-fuer-immobilienfachleute-gestartet\\\/#webpage\"},\"isPartOf\":{\"@id\":\"https:\\\/\\\/www.immo-invest.ch\\\/fr\\\/neues-ausbildungsprogramm-fuer-immobilienfachleute-gestartet\\\/#webpage\"},\"articleSection\":\"Entreprise, immoNews, Industrie du b\\u00e2timent, Romandie, Trends, Immobilienausbildung, Immoinvest, immoNews, Nachwuchsf\\u00f6rderung, News, Weiterbildung, Facultatif\"},{\"@type\":\"BreadcrumbList\",\"@id\":\"https:\\\/\\\/www.immo-invest.ch\\\/fr\\\/neues-ausbildungsprogramm-fuer-immobilienfachleute-gestartet\\\/#breadcrumblist\",\"itemListElement\":[{\"@type\":\"ListItem\",\"@id\":\"https:\\\/\\\/www.immo-invest.ch\\\/fr\\\/#listItem\",\"position\":1,\"name\":\"Home\",\"item\":\"https:\\\/\\\/www.immo-invest.ch\\\/fr\\\/\",\"nextItem\":{\"@type\":\"ListItem\",\"@id\":\"https:\\\/\\\/www.immo-invest.ch\\\/fr\\\/categories\\\/regions\\\/#listItem\",\"name\":\"R\\u00e9gions\"}},{\"@type\":\"ListItem\",\"@id\":\"https:\\\/\\\/www.immo-invest.ch\\\/fr\\\/categories\\\/regions\\\/#listItem\",\"position\":2,\"name\":\"R\\u00e9gions\",\"item\":\"https:\\\/\\\/www.immo-invest.ch\\\/fr\\\/categories\\\/regions\\\/\",\"nextItem\":{\"@type\":\"ListItem\",\"@id\":\"https:\\\/\\\/www.immo-invest.ch\\\/fr\\\/categories\\\/regions\\\/region-romandie-fr\\\/#listItem\",\"name\":\"Romandie\"},\"previousItem\":{\"@type\":\"ListItem\",\"@id\":\"https:\\\/\\\/www.immo-invest.ch\\\/fr\\\/#listItem\",\"name\":\"Home\"}},{\"@type\":\"ListItem\",\"@id\":\"https:\\\/\\\/www.immo-invest.ch\\\/fr\\\/categories\\\/regions\\\/region-romandie-fr\\\/#listItem\",\"position\":3,\"name\":\"Romandie\",\"item\":\"https:\\\/\\\/www.immo-invest.ch\\\/fr\\\/categories\\\/regions\\\/region-romandie-fr\\\/\",\"nextItem\":{\"@type\":\"ListItem\",\"@id\":\"https:\\\/\\\/www.immo-invest.ch\\\/fr\\\/neues-ausbildungsprogramm-fuer-immobilienfachleute-gestartet\\\/#listItem\",\"name\":\"Lancement d&rsquo;un nouveau programme de formation pour les professionnels de l&rsquo;immobilier\"},\"previousItem\":{\"@type\":\"ListItem\",\"@id\":\"https:\\\/\\\/www.immo-invest.ch\\\/fr\\\/categories\\\/regions\\\/#listItem\",\"name\":\"R\\u00e9gions\"}},{\"@type\":\"ListItem\",\"@id\":\"https:\\\/\\\/www.immo-invest.ch\\\/fr\\\/neues-ausbildungsprogramm-fuer-immobilienfachleute-gestartet\\\/#listItem\",\"position\":4,\"name\":\"Lancement d&rsquo;un nouveau programme de formation pour les professionnels de l&rsquo;immobilier\",\"previousItem\":{\"@type\":\"ListItem\",\"@id\":\"https:\\\/\\\/www.immo-invest.ch\\\/fr\\\/categories\\\/regions\\\/region-romandie-fr\\\/#listItem\",\"name\":\"Romandie\"}}]},{\"@type\":\"Organization\",\"@id\":\"https:\\\/\\\/www.immo-invest.ch\\\/fr\\\/#organization\",\"name\":\"immo!nvest - Die Plattform f\\u00fcr Standorte und Immobilien\",\"description\":\"Die\\u00a0Plattform f\\u00fcr Standorte und Immobilien\",\"url\":\"https:\\\/\\\/www.immo-invest.ch\\\/fr\\\/\",\"email\":\"admin@immomedia.ag\",\"telephone\":\"+41444420002\",\"logo\":{\"@type\":\"ImageObject\",\"url\":\"https:\\\/\\\/www.immo-invest.ch\\\/wp-content\\\/uploads\\\/2024\\\/09\\\/immoinvest_sm-scaled.jpg\",\"@id\":\"https:\\\/\\\/www.immo-invest.ch\\\/fr\\\/neues-ausbildungsprogramm-fuer-immobilienfachleute-gestartet\\\/#organizationLogo\",\"width\":2560,\"height\":1340},\"image\":{\"@id\":\"https:\\\/\\\/www.immo-invest.ch\\\/fr\\\/neues-ausbildungsprogramm-fuer-immobilienfachleute-gestartet\\\/#organizationLogo\"},\"sameAs\":[\"https:\\\/\\\/www.facebook.com\\\/people\\\/Immoinvest\\\/100077962920504\\\/\",\"https:\\\/\\\/x.com\\\/i\\\/flow\\\/login?redirect_after_login=immoinvest_ch\",\"https:\\\/\\\/www.instagram.com\\\/immoinvest_ch\\\/\",\"https:\\\/\\\/www.linkedin.com\\\/company\\\/immoinvest-swiss\"]},{\"@type\":\"Person\",\"@id\":\"https:\\\/\\\/www.immo-invest.ch\\\/fr\\\/author\\\/immovestuser\\\/#author\",\"url\":\"https:\\\/\\\/www.immo-invest.ch\\\/fr\\\/author\\\/immovestuser\\\/\",\"name\":\"immovestuser\",\"image\":{\"@type\":\"ImageObject\",\"@id\":\"https:\\\/\\\/www.immo-invest.ch\\\/fr\\\/neues-ausbildungsprogramm-fuer-immobilienfachleute-gestartet\\\/#authorImage\",\"url\":\"https:\\\/\\\/secure.gravatar.com\\\/avatar\\\/8e01f4d99f2eeea7a362ebb93305e1172a70e9293ba250f897a65c39f54cdd1e?s=96&d=mm&r=g\",\"width\":96,\"height\":96,\"caption\":\"immovestuser\"}},{\"@type\":\"WebPage\",\"@id\":\"https:\\\/\\\/www.immo-invest.ch\\\/fr\\\/neues-ausbildungsprogramm-fuer-immobilienfachleute-gestartet\\\/#webpage\",\"url\":\"https:\\\/\\\/www.immo-invest.ch\\\/fr\\\/neues-ausbildungsprogramm-fuer-immobilienfachleute-gestartet\\\/\",\"name\":\"Lancement d\\u2019un nouveau programme de formation pour les professionnels de l\\u2019immobilier - immo!nvest - Die Plattform f\\u00fcr Standorte und Immobilien\",\"description\":\"Naef a lanc\\u00e9 un programme de formation pour les professionnels de l'immobilier. La Naef Acad\\u00e9mie est un programme de formation en interne d'une dur\\u00e9e de six mois qui combine des travaux pratiques et des modules th\\u00e9oriques dirig\\u00e9s par des experts.\",\"inLanguage\":\"fr-FR\",\"isPartOf\":{\"@id\":\"https:\\\/\\\/www.immo-invest.ch\\\/fr\\\/#website\"},\"breadcrumb\":{\"@id\":\"https:\\\/\\\/www.immo-invest.ch\\\/fr\\\/neues-ausbildungsprogramm-fuer-immobilienfachleute-gestartet\\\/#breadcrumblist\"},\"author\":{\"@id\":\"https:\\\/\\\/www.immo-invest.ch\\\/fr\\\/author\\\/immovestuser\\\/#author\"},\"creator\":{\"@id\":\"https:\\\/\\\/www.immo-invest.ch\\\/fr\\\/author\\\/immovestuser\\\/#author\"},\"image\":{\"@type\":\"ImageObject\",\"url\":\"https:\\\/\\\/www.immo-invest.ch\\\/wp-content\\\/uploads\\\/2025\\\/08\\\/immo-invest-personen-unternehmen-bauwirtschaft-trends-immobilienausbildung-weiterbildung-nachwuchsfoerderung.png\",\"@id\":\"https:\\\/\\\/www.immo-invest.ch\\\/fr\\\/neues-ausbildungsprogramm-fuer-immobilienfachleute-gestartet\\\/#mainImage\",\"width\":1536,\"height\":768},\"primaryImageOfPage\":{\"@id\":\"https:\\\/\\\/www.immo-invest.ch\\\/fr\\\/neues-ausbildungsprogramm-fuer-immobilienfachleute-gestartet\\\/#mainImage\"},\"datePublished\":\"2025-08-27T12:55:00+02:00\",\"dateModified\":\"2025-08-27T10:18:40+02:00\"},{\"@type\":\"WebSite\",\"@id\":\"https:\\\/\\\/www.immo-invest.ch\\\/fr\\\/#website\",\"url\":\"https:\\\/\\\/www.immo-invest.ch\\\/fr\\\/\",\"name\":\"immo!nvest - Die Plattform f\\u00fcr Standorte und Immobilien\",\"description\":\"Die\\u00a0Plattform f\\u00fcr Standorte und Immobilien\",\"inLanguage\":\"fr-FR\",\"publisher\":{\"@id\":\"https:\\\/\\\/www.immo-invest.ch\\\/fr\\\/#organization\"}}]}\n\t\t<\/script>\n\t\t<!-- All in One SEO -->\n\n","aioseo_head_json":{"title":"Lancement d\u2019un nouveau programme de formation pour les professionnels de l\u2019immobilier - immo!nvest - Die Plattform f\u00fcr Standorte und Immobilien","description":"Naef a lanc\u00e9 un programme de formation pour les professionnels de l'immobilier. La Naef Acad\u00e9mie est un programme de formation en interne d'une dur\u00e9e de six mois qui combine des travaux pratiques et des modules th\u00e9oriques dirig\u00e9s par des experts.","canonical_url":"https:\/\/www.immo-invest.ch\/fr\/neues-ausbildungsprogramm-fuer-immobilienfachleute-gestartet\/","robots":"max-image-preview:large","keywords":"","webmasterTools":{"google-site-verification":"fHJKvgWpZCR2zVBHWfkQeFXC11qieUSff0HGNYfuyLA","miscellaneous":""},"schema":{"@context":"https:\/\/schema.org","@graph":[{"@type":"BlogPosting","@id":"https:\/\/www.immo-invest.ch\/fr\/neues-ausbildungsprogramm-fuer-immobilienfachleute-gestartet\/#blogposting","name":"Lancement d\u2019un nouveau programme de formation pour les professionnels de l\u2019immobilier - immo!nvest - Die Plattform f\u00fcr Standorte und Immobilien","headline":"Lancement d&rsquo;un nouveau programme de formation pour les professionnels de l&rsquo;immobilier","author":{"@id":"https:\/\/www.immo-invest.ch\/fr\/author\/immovestuser\/#author"},"publisher":{"@id":"https:\/\/www.immo-invest.ch\/fr\/#organization"},"image":{"@type":"ImageObject","url":"https:\/\/www.immo-invest.ch\/wp-content\/uploads\/2025\/08\/immo-invest-personen-unternehmen-bauwirtschaft-trends-immobilienausbildung-weiterbildung-nachwuchsfoerderung.png","width":1536,"height":768},"datePublished":"2025-08-27T12:55:00+02:00","dateModified":"2025-08-27T10:18:40+02:00","inLanguage":"fr-FR","mainEntityOfPage":{"@id":"https:\/\/www.immo-invest.ch\/fr\/neues-ausbildungsprogramm-fuer-immobilienfachleute-gestartet\/#webpage"},"isPartOf":{"@id":"https:\/\/www.immo-invest.ch\/fr\/neues-ausbildungsprogramm-fuer-immobilienfachleute-gestartet\/#webpage"},"articleSection":"Entreprise, immoNews, Industrie du b\u00e2timent, Romandie, Trends, Immobilienausbildung, Immoinvest, immoNews, Nachwuchsf\u00f6rderung, News, Weiterbildung, Facultatif"},{"@type":"BreadcrumbList","@id":"https:\/\/www.immo-invest.ch\/fr\/neues-ausbildungsprogramm-fuer-immobilienfachleute-gestartet\/#breadcrumblist","itemListElement":[{"@type":"ListItem","@id":"https:\/\/www.immo-invest.ch\/fr\/#listItem","position":1,"name":"Home","item":"https:\/\/www.immo-invest.ch\/fr\/","nextItem":{"@type":"ListItem","@id":"https:\/\/www.immo-invest.ch\/fr\/categories\/regions\/#listItem","name":"R\u00e9gions"}},{"@type":"ListItem","@id":"https:\/\/www.immo-invest.ch\/fr\/categories\/regions\/#listItem","position":2,"name":"R\u00e9gions","item":"https:\/\/www.immo-invest.ch\/fr\/categories\/regions\/","nextItem":{"@type":"ListItem","@id":"https:\/\/www.immo-invest.ch\/fr\/categories\/regions\/region-romandie-fr\/#listItem","name":"Romandie"},"previousItem":{"@type":"ListItem","@id":"https:\/\/www.immo-invest.ch\/fr\/#listItem","name":"Home"}},{"@type":"ListItem","@id":"https:\/\/www.immo-invest.ch\/fr\/categories\/regions\/region-romandie-fr\/#listItem","position":3,"name":"Romandie","item":"https:\/\/www.immo-invest.ch\/fr\/categories\/regions\/region-romandie-fr\/","nextItem":{"@type":"ListItem","@id":"https:\/\/www.immo-invest.ch\/fr\/neues-ausbildungsprogramm-fuer-immobilienfachleute-gestartet\/#listItem","name":"Lancement d&rsquo;un nouveau programme de formation pour les professionnels de l&rsquo;immobilier"},"previousItem":{"@type":"ListItem","@id":"https:\/\/www.immo-invest.ch\/fr\/categories\/regions\/#listItem","name":"R\u00e9gions"}},{"@type":"ListItem","@id":"https:\/\/www.immo-invest.ch\/fr\/neues-ausbildungsprogramm-fuer-immobilienfachleute-gestartet\/#listItem","position":4,"name":"Lancement d&rsquo;un nouveau programme de formation pour les professionnels de l&rsquo;immobilier","previousItem":{"@type":"ListItem","@id":"https:\/\/www.immo-invest.ch\/fr\/categories\/regions\/region-romandie-fr\/#listItem","name":"Romandie"}}]},{"@type":"Organization","@id":"https:\/\/www.immo-invest.ch\/fr\/#organization","name":"immo!nvest - Die Plattform f\u00fcr Standorte und Immobilien","description":"Die\u00a0Plattform f\u00fcr Standorte und Immobilien","url":"https:\/\/www.immo-invest.ch\/fr\/","email":"admin@immomedia.ag","telephone":"+41444420002","logo":{"@type":"ImageObject","url":"https:\/\/www.immo-invest.ch\/wp-content\/uploads\/2024\/09\/immoinvest_sm-scaled.jpg","@id":"https:\/\/www.immo-invest.ch\/fr\/neues-ausbildungsprogramm-fuer-immobilienfachleute-gestartet\/#organizationLogo","width":2560,"height":1340},"image":{"@id":"https:\/\/www.immo-invest.ch\/fr\/neues-ausbildungsprogramm-fuer-immobilienfachleute-gestartet\/#organizationLogo"},"sameAs":["https:\/\/www.facebook.com\/people\/Immoinvest\/100077962920504\/","https:\/\/x.com\/i\/flow\/login?redirect_after_login=immoinvest_ch","https:\/\/www.instagram.com\/immoinvest_ch\/","https:\/\/www.linkedin.com\/company\/immoinvest-swiss"]},{"@type":"Person","@id":"https:\/\/www.immo-invest.ch\/fr\/author\/immovestuser\/#author","url":"https:\/\/www.immo-invest.ch\/fr\/author\/immovestuser\/","name":"immovestuser","image":{"@type":"ImageObject","@id":"https:\/\/www.immo-invest.ch\/fr\/neues-ausbildungsprogramm-fuer-immobilienfachleute-gestartet\/#authorImage","url":"https:\/\/secure.gravatar.com\/avatar\/8e01f4d99f2eeea7a362ebb93305e1172a70e9293ba250f897a65c39f54cdd1e?s=96&d=mm&r=g","width":96,"height":96,"caption":"immovestuser"}},{"@type":"WebPage","@id":"https:\/\/www.immo-invest.ch\/fr\/neues-ausbildungsprogramm-fuer-immobilienfachleute-gestartet\/#webpage","url":"https:\/\/www.immo-invest.ch\/fr\/neues-ausbildungsprogramm-fuer-immobilienfachleute-gestartet\/","name":"Lancement d\u2019un nouveau programme de formation pour les professionnels de l\u2019immobilier - immo!nvest - Die Plattform f\u00fcr Standorte und Immobilien","description":"Naef a lanc\u00e9 un programme de formation pour les professionnels de l'immobilier. La Naef Acad\u00e9mie est un programme de formation en interne d'une dur\u00e9e de six mois qui combine des travaux pratiques et des modules th\u00e9oriques dirig\u00e9s par des experts.","inLanguage":"fr-FR","isPartOf":{"@id":"https:\/\/www.immo-invest.ch\/fr\/#website"},"breadcrumb":{"@id":"https:\/\/www.immo-invest.ch\/fr\/neues-ausbildungsprogramm-fuer-immobilienfachleute-gestartet\/#breadcrumblist"},"author":{"@id":"https:\/\/www.immo-invest.ch\/fr\/author\/immovestuser\/#author"},"creator":{"@id":"https:\/\/www.immo-invest.ch\/fr\/author\/immovestuser\/#author"},"image":{"@type":"ImageObject","url":"https:\/\/www.immo-invest.ch\/wp-content\/uploads\/2025\/08\/immo-invest-personen-unternehmen-bauwirtschaft-trends-immobilienausbildung-weiterbildung-nachwuchsfoerderung.png","@id":"https:\/\/www.immo-invest.ch\/fr\/neues-ausbildungsprogramm-fuer-immobilienfachleute-gestartet\/#mainImage","width":1536,"height":768},"primaryImageOfPage":{"@id":"https:\/\/www.immo-invest.ch\/fr\/neues-ausbildungsprogramm-fuer-immobilienfachleute-gestartet\/#mainImage"},"datePublished":"2025-08-27T12:55:00+02:00","dateModified":"2025-08-27T10:18:40+02:00"},{"@type":"WebSite","@id":"https:\/\/www.immo-invest.ch\/fr\/#website","url":"https:\/\/www.immo-invest.ch\/fr\/","name":"immo!nvest - Die Plattform f\u00fcr Standorte und Immobilien","description":"Die\u00a0Plattform f\u00fcr Standorte und Immobilien","inLanguage":"fr-FR","publisher":{"@id":"https:\/\/www.immo-invest.ch\/fr\/#organization"}}]},"og:locale":"fr_FR","og:site_name":"immo!nvest - Die Plattform f\u00fcr Standorte und Immobilien - Die\u00a0Plattform f\u00fcr Standorte und Immobilien","og:type":"article","og:title":"Lancement d\u2019un nouveau programme de formation pour les professionnels de l\u2019immobilier - immo!nvest - Die Plattform f\u00fcr Standorte und Immobilien","og:description":"Naef a lanc\u00e9 un programme de formation pour les professionnels de l'immobilier. La Naef Acad\u00e9mie est un programme de formation en interne d'une dur\u00e9e de six mois qui combine des travaux pratiques et des modules th\u00e9oriques dirig\u00e9s par des experts.","og:url":"https:\/\/www.immo-invest.ch\/fr\/neues-ausbildungsprogramm-fuer-immobilienfachleute-gestartet\/","og:image":"https:\/\/www.immo-invest.ch\/wp-content\/uploads\/2025\/08\/immo-invest-personen-unternehmen-bauwirtschaft-trends-immobilienausbildung-weiterbildung-nachwuchsfoerderung.png","og:image:secure_url":"https:\/\/www.immo-invest.ch\/wp-content\/uploads\/2025\/08\/immo-invest-personen-unternehmen-bauwirtschaft-trends-immobilienausbildung-weiterbildung-nachwuchsfoerderung.png","og:image:width":1536,"og:image:height":768,"article:published_time":"2025-08-27T10:55:00+00:00","article:modified_time":"2025-08-27T08:18:40+00:00","article:publisher":"https:\/\/www.facebook.com\/people\/Immoinvest\/100077962920504\/","twitter:card":"summary_large_image","twitter:site":"@i","twitter:title":"Lancement d\u2019un nouveau programme de formation pour les professionnels de l\u2019immobilier - immo!nvest - Die Plattform f\u00fcr Standorte und Immobilien","twitter:description":"Naef a lanc\u00e9 un programme de formation pour les professionnels de l'immobilier. La Naef Acad\u00e9mie est un programme de formation en interne d'une dur\u00e9e de six mois qui combine des travaux pratiques et des modules th\u00e9oriques dirig\u00e9s par des experts.","twitter:creator":"@i","twitter:image":"https:\/\/www.immo-invest.ch\/wp-content\/uploads\/2025\/08\/immo-invest-personen-unternehmen-bauwirtschaft-trends-immobilienausbildung-weiterbildung-nachwuchsfoerderung.png"},"aioseo_meta_data":{"post_id":"138104","title":null,"description":null,"keywords":null,"keyphrases":{"focus":{"keyphrase":"","score":0,"analysis":{"keyphraseInTitle":{"score":0,"maxScore":9,"error":1}}},"additional":[]},"primary_term":null,"canonical_url":null,"og_title":null,"og_description":null,"og_object_type":"default","og_image_type":"default","og_image_url":null,"og_image_width":null,"og_image_height":null,"og_image_custom_url":null,"og_image_custom_fields":null,"og_video":"","og_custom_url":null,"og_article_section":null,"og_article_tags":null,"twitter_use_og":false,"twitter_card":"default","twitter_image_type":"default","twitter_image_url":null,"twitter_image_custom_url":null,"twitter_image_custom_fields":null,"twitter_title":null,"twitter_description":null,"schema":{"blockGraphs":[],"customGraphs":[],"default":{"data":{"Article":[],"Course":[],"Dataset":[],"FAQPage":[],"Movie":[],"Person":[],"Product":[],"ProductReview":[],"Car":[],"Recipe":[],"Service":[],"SoftwareApplication":[],"WebPage":[]},"graphName":"BlogPosting","isEnabled":true},"graphs":[]},"schema_type":"default","schema_type_options":null,"pillar_content":false,"robots_default":true,"robots_noindex":false,"robots_noarchive":false,"robots_nosnippet":false,"robots_nofollow":false,"robots_noimageindex":false,"robots_noodp":false,"robots_notranslate":false,"robots_max_snippet":"-1","robots_max_videopreview":"-1","robots_max_imagepreview":"large","priority":null,"frequency":"default","local_seo":null,"breadcrumb_settings":null,"limit_modified_date":false,"ai":null,"created":"2025-08-27 08:18:40","updated":"2025-10-25 00:47:13","seo_analyzer_scan_date":null,"focus_keyword":null,"additional_keywords":null,"truseo_locale":null},"aioseo_breadcrumb":"<div class=\"aioseo-breadcrumbs\"><span class=\"aioseo-breadcrumb\">\n\t\t\t<a href=\"https:\/\/www.immo-invest.ch\/fr\/\" title=\"Home\">Home<\/a>\n\t\t<\/span><span class=\"aioseo-breadcrumb-separator\">&raquo;<\/span><span class=\"aioseo-breadcrumb\">\n\t\t\t<a href=\"https:\/\/www.immo-invest.ch\/fr\/categories\/regions\/\" title=\"R\u00e9gions\">R\u00e9gions<\/a>\n\t\t<\/span><span class=\"aioseo-breadcrumb-separator\">&raquo;<\/span><span class=\"aioseo-breadcrumb\">\n\t\t\t<a href=\"https:\/\/www.immo-invest.ch\/fr\/categories\/regions\/region-romandie-fr\/\" title=\"Romandie\">Romandie<\/a>\n\t\t<\/span><span class=\"aioseo-breadcrumb-separator\">&raquo;<\/span><span class=\"aioseo-breadcrumb\">\n\t\t\tLancement d\u2019un nouveau programme de formation pour les professionnels de l\u2019immobilier\n\t\t<\/span><\/div>","aioseo_breadcrumb_json":[{"label":"Home","link":"https:\/\/www.immo-invest.ch\/fr\/"},{"label":"R\u00e9gions","link":"https:\/\/www.immo-invest.ch\/fr\/categories\/regions\/"},{"label":"Romandie","link":"https:\/\/www.immo-invest.ch\/fr\/categories\/regions\/region-romandie-fr\/"},{"label":"Lancement d&rsquo;un nouveau programme de formation pour les professionnels de l&rsquo;immobilier","link":"https:\/\/www.immo-invest.ch\/fr\/neues-ausbildungsprogramm-fuer-immobilienfachleute-gestartet\/"}],"featured_image_src":"https:\/\/www.immo-invest.ch\/wp-content\/uploads\/2025\/08\/immo-invest-personen-unternehmen-bauwirtschaft-trends-immobilienausbildung-weiterbildung-nachwuchsfoerderung-336x168.png","_links":{"self":[{"href":"https:\/\/www.immo-invest.ch\/fr\/wp-json\/wp\/v2\/posts\/138104","targetHints":{"allow":["GET"]}}],"collection":[{"href":"https:\/\/www.immo-invest.ch\/fr\/wp-json\/wp\/v2\/posts"}],"about":[{"href":"https:\/\/www.immo-invest.ch\/fr\/wp-json\/wp\/v2\/types\/post"}],"author":[{"embeddable":true,"href":"https:\/\/www.immo-invest.ch\/fr\/wp-json\/wp\/v2\/users\/2"}],"replies":[{"embeddable":true,"href":"https:\/\/www.immo-invest.ch\/fr\/wp-json\/wp\/v2\/comments?post=138104"}],"version-history":[{"count":0,"href":"https:\/\/www.immo-invest.ch\/fr\/wp-json\/wp\/v2\/posts\/138104\/revisions"}],"wp:featuredmedia":[{"embeddable":true,"href":"https:\/\/www.immo-invest.ch\/fr\/wp-json\/wp\/v2\/media\/138099"}],"wp:attachment":[{"href":"https:\/\/www.immo-invest.ch\/fr\/wp-json\/wp\/v2\/media?parent=138104"}],"wp:term":[{"taxonomy":"category","embeddable":true,"href":"https:\/\/www.immo-invest.ch\/fr\/wp-json\/wp\/v2\/categories?post=138104"},{"taxonomy":"post_tag","embeddable":true,"href":"https:\/\/www.immo-invest.ch\/fr\/wp-json\/wp\/v2\/tags?post=138104"}],"curies":[{"name":"wp","href":"https:\/\/api.w.org\/{rel}","templated":true}]}}