{"id":137098,"date":"2025-08-12T10:00:00","date_gmt":"2025-08-12T08:00:00","guid":{"rendered":"https:\/\/www.immo-invest.ch\/?p=137098"},"modified":"2025-08-12T13:13:25","modified_gmt":"2025-08-12T11:13:25","slug":"der-beruf-als-standortfoerderer-ist-erklaerungsbeduerftig","status":"publish","type":"post","link":"https:\/\/www.immo-invest.ch\/fr\/der-beruf-als-standortfoerderer-ist-erklaerungsbeduerftig\/","title":{"rendered":"Le m\u00e9tier de promoteur de site n\u00e9cessite des explications"},"content":{"rendered":"<p class=\"wp-block-paragraph\">Il n&rsquo;est pas encore possible d&rsquo;apprendre le m&eacute;tier de promoteur de site. Pourtant, depuis le milieu des ann&eacute;es 80, il existe au niveau des villes locales, voire des communes, des points de contact pour les questions &eacute;conomiques et commerciales &ndash; autrefois appel&eacute;s &laquo;&nbsp;promotion &eacute;conomique&nbsp;&raquo;. Dans les ann&eacute;es 90, la r&eacute;gion de Winterthur &eacute;tait connue pour &ecirc;tre pionni&egrave;re, notamment apr&egrave;s le d&eacute;clin de l&rsquo;industrie locale.<\/p>\n\n\n\n\n\n<p class=\"wp-block-paragraph\">C&rsquo;est ainsi qu&rsquo;&agrave; partir de 1998, j&rsquo;ai &eacute;t&eacute; le premier promoteur et directeur du b&acirc;timent de la ville de Schlieren, aux c&ocirc;t&eacute;s des villes de Winterthur et de Zurich. Mais le bagage immobilier que j&rsquo;ai acquis depuis 1981 et mon MAS <span class=\"glossaryLink\" aria-describedby=\"tt\" data-cmtooltip=\"&lt;div class=glossaryItemTitle&gt;Real Estate Management&lt;\/div&gt;&lt;div class=glossaryItemBody&gt;Engl. f&uuml;r Immobilien-Management&lt;\/div&gt;\" data-mobile-support=\"0\" data-gt-translate-attributes='[{\"attribute\":\"data-cmtooltip\", \"format\":\"html\"}]' tabindex=\"0\" role=\"link\">Real Estate Management<\/span>, que j&rsquo;ai &eacute;galement &eacute;t&eacute; l&rsquo;un des premiers &agrave; suivre, m&rsquo;ont permis de faire le grand &eacute;cart dans le segment de niche de la promotion immobili&egrave;re. Les classiques du m&eacute;tier de promoteur de site sont l&rsquo;implantation d&rsquo;entreprises, le d&eacute;veloppement de clusters et de sites, le &laquo;&nbsp;one stop shop&nbsp;&raquo; par l&rsquo;administration lors de l&rsquo;octroi de permis de construire, la gestion de l&rsquo;existant et la promotion de start-up, et bien d&rsquo;autres choses encore.<\/p>\n\n\n\n\n\n<p class=\"wp-block-paragraph\">En Suisse, chacun des 26 cantons dispose aujourd&rsquo;hui d&rsquo;une promotion &eacute;conomique. Malheureusement, les 172 villes et communes de plus de 10 000 habitants sont loin de disposer toutes d&rsquo;un service de promotion &eacute;conomique, et encore moins d&rsquo;une strat&eacute;gie &eacute;conomique. Dans ce cas, une personne d&eacute;sign&eacute;e en interne au sein de l&rsquo;administration est responsable. Dans la plupart des cas, il s&rsquo;agit du secr&eacute;taire municipal ou, au mieux, du pr&eacute;sident de la ville ou de la commune, plus ou moins volontairement et qui n&rsquo;a pas suivi de formation sp&eacute;cifique. Mais cela signifie aussi que j&rsquo;appr&eacute;cie beaucoup ces organes de direction communaux, comme ceux de la ville de Schlieren, o&ugrave; j&rsquo;ai maintenant 28 ann&eacute;es de service derri&egrave;re moi. Les chiffres cl&eacute;s de Schlierem montrent une <span class=\"glossaryLink\"  aria-describedby=\"tt\"  data-cmtooltip=\"&lt;div class=glossaryItemTitle&gt;Image&lt;\/div&gt;&lt;div class=glossaryItemBody&gt;Individuelles Vorstellungsbild, das Dritte von einer Marke, einem Produkt oder einer Unternehmung haben. Aus Marketingsicht wird zwischen einem gegenw&auml;rtigen (Ist-Image) und einem anzustrebenden Image (Soll-Image) unterschieden&lt;\/div&gt;\"  data-mobile-support=\"0\"  data-gt-translate-attributes='[{\"attribute\":\"data-cmtooltip\", \"format\":\"html\"}]' tabindex='0' role='link'>image<\/span> assez r&eacute;ussie, reconnue par beaucoup. Depuis 1998, le nombre de personnes morales de la ville a augment&eacute; de 100%, passant de 650 &agrave; 1&rsquo;388. Cela signifie &eacute;galement que le nombre d&rsquo;emplois est pass&eacute; d&rsquo;environ 12 000 &agrave; 21 000 et que le nombre d&rsquo;habitants a augment&eacute; de 70%, passant de 12 000 &agrave; 20 100. Je d&eacute;fends ici la situation 1:1 (habitants par rapport aux emplois), contrairement &agrave; d&rsquo;autres grandes villes suisses connues.<\/p>\n\n\n\n\n\n<p class=\"wp-block-paragraph\">Je serais heureux si, apr&egrave;s ma retraite, davantage de professionnels de l&rsquo;immobilier choisissaient le m&eacute;tier de promoteur immobilier et, pour ce faire, s&rsquo;engageaient dans des associations, entretenaient l&rsquo;ERFAS et des r&eacute;seaux. Ce qu&rsquo;il faut, c&rsquo;est avoir confiance dans les promoteurs locaux.<\/p>\n\n","protected":false},"excerpt":{"rendered":"<p>Promotion du site : l&rsquo;interface entre l&rsquo;administration et le secteur immobilier.<\/p>\n","protected":false},"author":2,"featured_media":137038,"comment_status":"open","ping_status":"open","sticky":false,"template":"","format":"standard","meta":{"pmpro_default_level":"","inline_featured_image":false,"_monsterinsights_skip_tracking":false,"footnotes":""},"categories":[22696,52872,743,39686,4957],"tags":[848,872,3931,2002,1343,46882],"class_list":["post-137098","post","type-post","status-publish","format-standard","has-post-thumbnail","hentry","category-entreprise","category-immochronique","category-immonews-fr","category-standorte-fr","category-region-zurich","tag-immobilien-fr","tag-immoinvest-fr","tag-immonews-fr","tag-news-fr","tag-standortfoerderung-fr","tag-wirtschaftsentwicklung-fr","pmpro-has-access"],"acf":{"bild_mit_ki_erstellt_worden":[],"lead":"","autor":"Albert Schweizer, Responsable immobilier\/promotion \u00e9conomique, ville de Schlieren","ort":"","bildunterschrift":"","bild_im_grid":false,"gallerie":"","newsim":""},"aioseo_notices":[],"aioseo_head":"\n\t\t<!-- All in One SEO 5.0.1.1 - aioseo.com -->\n\t<meta name=\"description\" content=\"Promotion du site : l&#039;interface entre l&#039;administration et le secteur immobilier.\" \/>\n\t<meta name=\"robots\" content=\"max-image-preview:large\" \/>\n\t<meta name=\"author\" content=\"immovestuser\"\/>\n\t<meta name=\"google-site-verification\" content=\"fHJKvgWpZCR2zVBHWfkQeFXC11qieUSff0HGNYfuyLA\" \/>\n\t<link rel=\"canonical\" href=\"https:\/\/www.immo-invest.ch\/fr\/der-beruf-als-standortfoerderer-ist-erklaerungsbeduerftig\/\" \/>\n\t<meta name=\"generator\" content=\"All in One SEO (AIOSEO) 5.0.1.1\" \/>\n\t\t<meta property=\"og:locale\" content=\"fr_FR\" \/>\n\t\t<meta property=\"og:site_name\" content=\"immo!nvest - Die Plattform f\u00fcr Standorte und Immobilien - Die\u00a0Plattform f\u00fcr Standorte und Immobilien\" \/>\n\t\t<meta property=\"og:type\" content=\"article\" \/>\n\t\t<meta property=\"og:title\" content=\"Le m\u00e9tier de promoteur de site n\u00e9cessite des explications - immo!nvest - Die Plattform f\u00fcr Standorte und Immobilien\" \/>\n\t\t<meta property=\"og:description\" content=\"Promotion du site : l&#039;interface entre l&#039;administration et le secteur immobilier.\" \/>\n\t\t<meta property=\"og:url\" content=\"https:\/\/www.immo-invest.ch\/fr\/der-beruf-als-standortfoerderer-ist-erklaerungsbeduerftig\/\" \/>\n\t\t<meta property=\"og:image\" content=\"https:\/\/www.immo-invest.ch\/wp-content\/uploads\/2025\/08\/Albert-Schweizer-Portrait-e1754896651286.jpg\" \/>\n\t\t<meta property=\"og:image:secure_url\" content=\"https:\/\/www.immo-invest.ch\/wp-content\/uploads\/2025\/08\/Albert-Schweizer-Portrait-e1754896651286.jpg\" \/>\n\t\t<meta property=\"og:image:width\" content=\"2000\" \/>\n\t\t<meta property=\"og:image:height\" content=\"1429\" \/>\n\t\t<meta property=\"article:published_time\" content=\"2025-08-12T08:00:00+00:00\" \/>\n\t\t<meta property=\"article:modified_time\" content=\"2025-08-12T11:13:25+00:00\" \/>\n\t\t<meta property=\"article:publisher\" content=\"https:\/\/www.facebook.com\/people\/Immoinvest\/100077962920504\/\" \/>\n\t\t<meta name=\"twitter:card\" content=\"summary_large_image\" \/>\n\t\t<meta name=\"twitter:site\" content=\"@i\" \/>\n\t\t<meta name=\"twitter:title\" content=\"Le m\u00e9tier de promoteur de site n\u00e9cessite des explications - immo!nvest - Die Plattform f\u00fcr Standorte und Immobilien\" \/>\n\t\t<meta name=\"twitter:description\" content=\"Promotion du site : l&#039;interface entre l&#039;administration et le secteur immobilier.\" \/>\n\t\t<meta name=\"twitter:creator\" content=\"@i\" \/>\n\t\t<meta name=\"twitter:image\" content=\"https:\/\/www.immo-invest.ch\/wp-content\/uploads\/2025\/08\/Albert-Schweizer-Portrait-e1754896651286.jpg\" \/>\n\t\t<script type=\"application\/ld+json\" class=\"aioseo-schema\">\n\t\t\t{\"@context\":\"https:\\\/\\\/schema.org\",\"@graph\":[{\"@type\":\"BlogPosting\",\"@id\":\"https:\\\/\\\/www.immo-invest.ch\\\/fr\\\/der-beruf-als-standortfoerderer-ist-erklaerungsbeduerftig\\\/#blogposting\",\"name\":\"Le m\\u00e9tier de promoteur de site n\\u00e9cessite des explications - immo!nvest - Die Plattform f\\u00fcr Standorte und Immobilien\",\"headline\":\"Le m\\u00e9tier de promoteur de site n\\u00e9cessite des explications\",\"author\":{\"@id\":\"https:\\\/\\\/www.immo-invest.ch\\\/fr\\\/author\\\/immovestuser\\\/#author\"},\"publisher\":{\"@id\":\"https:\\\/\\\/www.immo-invest.ch\\\/fr\\\/#organization\"},\"image\":{\"@type\":\"ImageObject\",\"url\":\"https:\\\/\\\/www.immo-invest.ch\\\/wp-content\\\/uploads\\\/2025\\\/08\\\/Albert-Schweizer-Portrait-e1754896651286.jpg\",\"width\":2000,\"height\":1429},\"datePublished\":\"2025-08-12T10:00:00+02:00\",\"dateModified\":\"2025-08-12T13:13:25+02:00\",\"inLanguage\":\"fr-FR\",\"mainEntityOfPage\":{\"@id\":\"https:\\\/\\\/www.immo-invest.ch\\\/fr\\\/der-beruf-als-standortfoerderer-ist-erklaerungsbeduerftig\\\/#webpage\"},\"isPartOf\":{\"@id\":\"https:\\\/\\\/www.immo-invest.ch\\\/fr\\\/der-beruf-als-standortfoerderer-ist-erklaerungsbeduerftig\\\/#webpage\"},\"articleSection\":\"Entreprise, immoChronique, immoNews, Standorte, Zurich, immobilien, Immoinvest, immoNews, News, Standortf\\u00f6rderung, Wirtschaftsentwicklung, Facultatif\"},{\"@type\":\"BreadcrumbList\",\"@id\":\"https:\\\/\\\/www.immo-invest.ch\\\/fr\\\/der-beruf-als-standortfoerderer-ist-erklaerungsbeduerftig\\\/#breadcrumblist\",\"itemListElement\":[{\"@type\":\"ListItem\",\"@id\":\"https:\\\/\\\/www.immo-invest.ch\\\/fr\\\/#listItem\",\"position\":1,\"name\":\"Home\",\"item\":\"https:\\\/\\\/www.immo-invest.ch\\\/fr\\\/\",\"nextItem\":{\"@type\":\"ListItem\",\"@id\":\"https:\\\/\\\/www.immo-invest.ch\\\/fr\\\/categories\\\/regions\\\/#listItem\",\"name\":\"R\\u00e9gions\"}},{\"@type\":\"ListItem\",\"@id\":\"https:\\\/\\\/www.immo-invest.ch\\\/fr\\\/categories\\\/regions\\\/#listItem\",\"position\":2,\"name\":\"R\\u00e9gions\",\"item\":\"https:\\\/\\\/www.immo-invest.ch\\\/fr\\\/categories\\\/regions\\\/\",\"nextItem\":{\"@type\":\"ListItem\",\"@id\":\"https:\\\/\\\/www.immo-invest.ch\\\/fr\\\/categories\\\/regions\\\/suisse\\\/#listItem\",\"name\":\"Suisse\"},\"previousItem\":{\"@type\":\"ListItem\",\"@id\":\"https:\\\/\\\/www.immo-invest.ch\\\/fr\\\/#listItem\",\"name\":\"Home\"}},{\"@type\":\"ListItem\",\"@id\":\"https:\\\/\\\/www.immo-invest.ch\\\/fr\\\/categories\\\/regions\\\/suisse\\\/#listItem\",\"position\":3,\"name\":\"Suisse\",\"item\":\"https:\\\/\\\/www.immo-invest.ch\\\/fr\\\/categories\\\/regions\\\/suisse\\\/\",\"nextItem\":{\"@type\":\"ListItem\",\"@id\":\"https:\\\/\\\/www.immo-invest.ch\\\/fr\\\/categories\\\/regions\\\/suisse\\\/region-zurich\\\/#listItem\",\"name\":\"Zurich\"},\"previousItem\":{\"@type\":\"ListItem\",\"@id\":\"https:\\\/\\\/www.immo-invest.ch\\\/fr\\\/categories\\\/regions\\\/#listItem\",\"name\":\"R\\u00e9gions\"}},{\"@type\":\"ListItem\",\"@id\":\"https:\\\/\\\/www.immo-invest.ch\\\/fr\\\/categories\\\/regions\\\/suisse\\\/region-zurich\\\/#listItem\",\"position\":4,\"name\":\"Zurich\",\"item\":\"https:\\\/\\\/www.immo-invest.ch\\\/fr\\\/categories\\\/regions\\\/suisse\\\/region-zurich\\\/\",\"nextItem\":{\"@type\":\"ListItem\",\"@id\":\"https:\\\/\\\/www.immo-invest.ch\\\/fr\\\/der-beruf-als-standortfoerderer-ist-erklaerungsbeduerftig\\\/#listItem\",\"name\":\"Le m\\u00e9tier de promoteur de site n\\u00e9cessite des explications\"},\"previousItem\":{\"@type\":\"ListItem\",\"@id\":\"https:\\\/\\\/www.immo-invest.ch\\\/fr\\\/categories\\\/regions\\\/suisse\\\/#listItem\",\"name\":\"Suisse\"}},{\"@type\":\"ListItem\",\"@id\":\"https:\\\/\\\/www.immo-invest.ch\\\/fr\\\/der-beruf-als-standortfoerderer-ist-erklaerungsbeduerftig\\\/#listItem\",\"position\":5,\"name\":\"Le m\\u00e9tier de promoteur de site n\\u00e9cessite des explications\",\"previousItem\":{\"@type\":\"ListItem\",\"@id\":\"https:\\\/\\\/www.immo-invest.ch\\\/fr\\\/categories\\\/regions\\\/suisse\\\/region-zurich\\\/#listItem\",\"name\":\"Zurich\"}}]},{\"@type\":\"Organization\",\"@id\":\"https:\\\/\\\/www.immo-invest.ch\\\/fr\\\/#organization\",\"name\":\"immo!nvest - Die Plattform f\\u00fcr Standorte und Immobilien\",\"description\":\"Die\\u00a0Plattform f\\u00fcr Standorte und Immobilien\",\"url\":\"https:\\\/\\\/www.immo-invest.ch\\\/fr\\\/\",\"email\":\"admin@immomedia.ag\",\"telephone\":\"+41444420002\",\"logo\":{\"@type\":\"ImageObject\",\"url\":\"https:\\\/\\\/www.immo-invest.ch\\\/wp-content\\\/uploads\\\/2024\\\/09\\\/immoinvest_sm-scaled.jpg\",\"@id\":\"https:\\\/\\\/www.immo-invest.ch\\\/fr\\\/der-beruf-als-standortfoerderer-ist-erklaerungsbeduerftig\\\/#organizationLogo\",\"width\":2560,\"height\":1340},\"image\":{\"@id\":\"https:\\\/\\\/www.immo-invest.ch\\\/fr\\\/der-beruf-als-standortfoerderer-ist-erklaerungsbeduerftig\\\/#organizationLogo\"},\"sameAs\":[\"https:\\\/\\\/www.facebook.com\\\/people\\\/Immoinvest\\\/100077962920504\\\/\",\"https:\\\/\\\/x.com\\\/i\\\/flow\\\/login?redirect_after_login=immoinvest_ch\",\"https:\\\/\\\/www.instagram.com\\\/immoinvest_ch\\\/\",\"https:\\\/\\\/www.linkedin.com\\\/company\\\/immoinvest-swiss\"]},{\"@type\":\"Person\",\"@id\":\"https:\\\/\\\/www.immo-invest.ch\\\/fr\\\/author\\\/immovestuser\\\/#author\",\"url\":\"https:\\\/\\\/www.immo-invest.ch\\\/fr\\\/author\\\/immovestuser\\\/\",\"name\":\"immovestuser\",\"image\":{\"@type\":\"ImageObject\",\"@id\":\"https:\\\/\\\/www.immo-invest.ch\\\/fr\\\/der-beruf-als-standortfoerderer-ist-erklaerungsbeduerftig\\\/#authorImage\",\"url\":\"https:\\\/\\\/secure.gravatar.com\\\/avatar\\\/8e01f4d99f2eeea7a362ebb93305e1172a70e9293ba250f897a65c39f54cdd1e?s=96&d=mm&r=g\",\"width\":96,\"height\":96,\"caption\":\"immovestuser\"}},{\"@type\":\"WebPage\",\"@id\":\"https:\\\/\\\/www.immo-invest.ch\\\/fr\\\/der-beruf-als-standortfoerderer-ist-erklaerungsbeduerftig\\\/#webpage\",\"url\":\"https:\\\/\\\/www.immo-invest.ch\\\/fr\\\/der-beruf-als-standortfoerderer-ist-erklaerungsbeduerftig\\\/\",\"name\":\"Le m\\u00e9tier de promoteur de site n\\u00e9cessite des explications - immo!nvest - Die Plattform f\\u00fcr Standorte und Immobilien\",\"description\":\"Promotion du site : l'interface entre l'administration et le secteur immobilier.\",\"inLanguage\":\"fr-FR\",\"isPartOf\":{\"@id\":\"https:\\\/\\\/www.immo-invest.ch\\\/fr\\\/#website\"},\"breadcrumb\":{\"@id\":\"https:\\\/\\\/www.immo-invest.ch\\\/fr\\\/der-beruf-als-standortfoerderer-ist-erklaerungsbeduerftig\\\/#breadcrumblist\"},\"author\":{\"@id\":\"https:\\\/\\\/www.immo-invest.ch\\\/fr\\\/author\\\/immovestuser\\\/#author\"},\"creator\":{\"@id\":\"https:\\\/\\\/www.immo-invest.ch\\\/fr\\\/author\\\/immovestuser\\\/#author\"},\"image\":{\"@type\":\"ImageObject\",\"url\":\"https:\\\/\\\/www.immo-invest.ch\\\/wp-content\\\/uploads\\\/2025\\\/08\\\/Albert-Schweizer-Portrait-e1754896651286.jpg\",\"@id\":\"https:\\\/\\\/www.immo-invest.ch\\\/fr\\\/der-beruf-als-standortfoerderer-ist-erklaerungsbeduerftig\\\/#mainImage\",\"width\":2000,\"height\":1429},\"primaryImageOfPage\":{\"@id\":\"https:\\\/\\\/www.immo-invest.ch\\\/fr\\\/der-beruf-als-standortfoerderer-ist-erklaerungsbeduerftig\\\/#mainImage\"},\"datePublished\":\"2025-08-12T10:00:00+02:00\",\"dateModified\":\"2025-08-12T13:13:25+02:00\"},{\"@type\":\"WebSite\",\"@id\":\"https:\\\/\\\/www.immo-invest.ch\\\/fr\\\/#website\",\"url\":\"https:\\\/\\\/www.immo-invest.ch\\\/fr\\\/\",\"name\":\"immo!nvest - Die Plattform f\\u00fcr Standorte und Immobilien\",\"description\":\"Die\\u00a0Plattform f\\u00fcr Standorte und Immobilien\",\"inLanguage\":\"fr-FR\",\"publisher\":{\"@id\":\"https:\\\/\\\/www.immo-invest.ch\\\/fr\\\/#organization\"}}]}\n\t\t<\/script>\n\t\t<!-- All in One SEO -->\n\n","aioseo_head_json":{"title":"Le m\u00e9tier de promoteur de site n\u00e9cessite des explications - immo!nvest - Die Plattform f\u00fcr Standorte und Immobilien","description":"Promotion du site : l'interface entre l'administration et le secteur immobilier.","canonical_url":"https:\/\/www.immo-invest.ch\/fr\/der-beruf-als-standortfoerderer-ist-erklaerungsbeduerftig\/","robots":"max-image-preview:large","keywords":"","webmasterTools":{"google-site-verification":"fHJKvgWpZCR2zVBHWfkQeFXC11qieUSff0HGNYfuyLA","miscellaneous":""},"schema":{"@context":"https:\/\/schema.org","@graph":[{"@type":"BlogPosting","@id":"https:\/\/www.immo-invest.ch\/fr\/der-beruf-als-standortfoerderer-ist-erklaerungsbeduerftig\/#blogposting","name":"Le m\u00e9tier de promoteur de site n\u00e9cessite des explications - immo!nvest - Die Plattform f\u00fcr Standorte und Immobilien","headline":"Le m\u00e9tier de promoteur de site n\u00e9cessite des explications","author":{"@id":"https:\/\/www.immo-invest.ch\/fr\/author\/immovestuser\/#author"},"publisher":{"@id":"https:\/\/www.immo-invest.ch\/fr\/#organization"},"image":{"@type":"ImageObject","url":"https:\/\/www.immo-invest.ch\/wp-content\/uploads\/2025\/08\/Albert-Schweizer-Portrait-e1754896651286.jpg","width":2000,"height":1429},"datePublished":"2025-08-12T10:00:00+02:00","dateModified":"2025-08-12T13:13:25+02:00","inLanguage":"fr-FR","mainEntityOfPage":{"@id":"https:\/\/www.immo-invest.ch\/fr\/der-beruf-als-standortfoerderer-ist-erklaerungsbeduerftig\/#webpage"},"isPartOf":{"@id":"https:\/\/www.immo-invest.ch\/fr\/der-beruf-als-standortfoerderer-ist-erklaerungsbeduerftig\/#webpage"},"articleSection":"Entreprise, immoChronique, immoNews, Standorte, Zurich, immobilien, Immoinvest, immoNews, News, Standortf\u00f6rderung, Wirtschaftsentwicklung, Facultatif"},{"@type":"BreadcrumbList","@id":"https:\/\/www.immo-invest.ch\/fr\/der-beruf-als-standortfoerderer-ist-erklaerungsbeduerftig\/#breadcrumblist","itemListElement":[{"@type":"ListItem","@id":"https:\/\/www.immo-invest.ch\/fr\/#listItem","position":1,"name":"Home","item":"https:\/\/www.immo-invest.ch\/fr\/","nextItem":{"@type":"ListItem","@id":"https:\/\/www.immo-invest.ch\/fr\/categories\/regions\/#listItem","name":"R\u00e9gions"}},{"@type":"ListItem","@id":"https:\/\/www.immo-invest.ch\/fr\/categories\/regions\/#listItem","position":2,"name":"R\u00e9gions","item":"https:\/\/www.immo-invest.ch\/fr\/categories\/regions\/","nextItem":{"@type":"ListItem","@id":"https:\/\/www.immo-invest.ch\/fr\/categories\/regions\/suisse\/#listItem","name":"Suisse"},"previousItem":{"@type":"ListItem","@id":"https:\/\/www.immo-invest.ch\/fr\/#listItem","name":"Home"}},{"@type":"ListItem","@id":"https:\/\/www.immo-invest.ch\/fr\/categories\/regions\/suisse\/#listItem","position":3,"name":"Suisse","item":"https:\/\/www.immo-invest.ch\/fr\/categories\/regions\/suisse\/","nextItem":{"@type":"ListItem","@id":"https:\/\/www.immo-invest.ch\/fr\/categories\/regions\/suisse\/region-zurich\/#listItem","name":"Zurich"},"previousItem":{"@type":"ListItem","@id":"https:\/\/www.immo-invest.ch\/fr\/categories\/regions\/#listItem","name":"R\u00e9gions"}},{"@type":"ListItem","@id":"https:\/\/www.immo-invest.ch\/fr\/categories\/regions\/suisse\/region-zurich\/#listItem","position":4,"name":"Zurich","item":"https:\/\/www.immo-invest.ch\/fr\/categories\/regions\/suisse\/region-zurich\/","nextItem":{"@type":"ListItem","@id":"https:\/\/www.immo-invest.ch\/fr\/der-beruf-als-standortfoerderer-ist-erklaerungsbeduerftig\/#listItem","name":"Le m\u00e9tier de promoteur de site n\u00e9cessite des explications"},"previousItem":{"@type":"ListItem","@id":"https:\/\/www.immo-invest.ch\/fr\/categories\/regions\/suisse\/#listItem","name":"Suisse"}},{"@type":"ListItem","@id":"https:\/\/www.immo-invest.ch\/fr\/der-beruf-als-standortfoerderer-ist-erklaerungsbeduerftig\/#listItem","position":5,"name":"Le m\u00e9tier de promoteur de site n\u00e9cessite des explications","previousItem":{"@type":"ListItem","@id":"https:\/\/www.immo-invest.ch\/fr\/categories\/regions\/suisse\/region-zurich\/#listItem","name":"Zurich"}}]},{"@type":"Organization","@id":"https:\/\/www.immo-invest.ch\/fr\/#organization","name":"immo!nvest - Die Plattform f\u00fcr Standorte und Immobilien","description":"Die\u00a0Plattform f\u00fcr Standorte und Immobilien","url":"https:\/\/www.immo-invest.ch\/fr\/","email":"admin@immomedia.ag","telephone":"+41444420002","logo":{"@type":"ImageObject","url":"https:\/\/www.immo-invest.ch\/wp-content\/uploads\/2024\/09\/immoinvest_sm-scaled.jpg","@id":"https:\/\/www.immo-invest.ch\/fr\/der-beruf-als-standortfoerderer-ist-erklaerungsbeduerftig\/#organizationLogo","width":2560,"height":1340},"image":{"@id":"https:\/\/www.immo-invest.ch\/fr\/der-beruf-als-standortfoerderer-ist-erklaerungsbeduerftig\/#organizationLogo"},"sameAs":["https:\/\/www.facebook.com\/people\/Immoinvest\/100077962920504\/","https:\/\/x.com\/i\/flow\/login?redirect_after_login=immoinvest_ch","https:\/\/www.instagram.com\/immoinvest_ch\/","https:\/\/www.linkedin.com\/company\/immoinvest-swiss"]},{"@type":"Person","@id":"https:\/\/www.immo-invest.ch\/fr\/author\/immovestuser\/#author","url":"https:\/\/www.immo-invest.ch\/fr\/author\/immovestuser\/","name":"immovestuser","image":{"@type":"ImageObject","@id":"https:\/\/www.immo-invest.ch\/fr\/der-beruf-als-standortfoerderer-ist-erklaerungsbeduerftig\/#authorImage","url":"https:\/\/secure.gravatar.com\/avatar\/8e01f4d99f2eeea7a362ebb93305e1172a70e9293ba250f897a65c39f54cdd1e?s=96&d=mm&r=g","width":96,"height":96,"caption":"immovestuser"}},{"@type":"WebPage","@id":"https:\/\/www.immo-invest.ch\/fr\/der-beruf-als-standortfoerderer-ist-erklaerungsbeduerftig\/#webpage","url":"https:\/\/www.immo-invest.ch\/fr\/der-beruf-als-standortfoerderer-ist-erklaerungsbeduerftig\/","name":"Le m\u00e9tier de promoteur de site n\u00e9cessite des explications - immo!nvest - Die Plattform f\u00fcr Standorte und Immobilien","description":"Promotion du site : l'interface entre l'administration et le secteur immobilier.","inLanguage":"fr-FR","isPartOf":{"@id":"https:\/\/www.immo-invest.ch\/fr\/#website"},"breadcrumb":{"@id":"https:\/\/www.immo-invest.ch\/fr\/der-beruf-als-standortfoerderer-ist-erklaerungsbeduerftig\/#breadcrumblist"},"author":{"@id":"https:\/\/www.immo-invest.ch\/fr\/author\/immovestuser\/#author"},"creator":{"@id":"https:\/\/www.immo-invest.ch\/fr\/author\/immovestuser\/#author"},"image":{"@type":"ImageObject","url":"https:\/\/www.immo-invest.ch\/wp-content\/uploads\/2025\/08\/Albert-Schweizer-Portrait-e1754896651286.jpg","@id":"https:\/\/www.immo-invest.ch\/fr\/der-beruf-als-standortfoerderer-ist-erklaerungsbeduerftig\/#mainImage","width":2000,"height":1429},"primaryImageOfPage":{"@id":"https:\/\/www.immo-invest.ch\/fr\/der-beruf-als-standortfoerderer-ist-erklaerungsbeduerftig\/#mainImage"},"datePublished":"2025-08-12T10:00:00+02:00","dateModified":"2025-08-12T13:13:25+02:00"},{"@type":"WebSite","@id":"https:\/\/www.immo-invest.ch\/fr\/#website","url":"https:\/\/www.immo-invest.ch\/fr\/","name":"immo!nvest - Die Plattform f\u00fcr Standorte und Immobilien","description":"Die\u00a0Plattform f\u00fcr Standorte und Immobilien","inLanguage":"fr-FR","publisher":{"@id":"https:\/\/www.immo-invest.ch\/fr\/#organization"}}]},"og:locale":"fr_FR","og:site_name":"immo!nvest - Die Plattform f\u00fcr Standorte und Immobilien - Die\u00a0Plattform f\u00fcr Standorte und Immobilien","og:type":"article","og:title":"Le m\u00e9tier de promoteur de site n\u00e9cessite des explications - immo!nvest - Die Plattform f\u00fcr Standorte und Immobilien","og:description":"Promotion du site : l'interface entre l'administration et le secteur immobilier.","og:url":"https:\/\/www.immo-invest.ch\/fr\/der-beruf-als-standortfoerderer-ist-erklaerungsbeduerftig\/","og:image":"https:\/\/www.immo-invest.ch\/wp-content\/uploads\/2025\/08\/Albert-Schweizer-Portrait-e1754896651286.jpg","og:image:secure_url":"https:\/\/www.immo-invest.ch\/wp-content\/uploads\/2025\/08\/Albert-Schweizer-Portrait-e1754896651286.jpg","og:image:width":2000,"og:image:height":1429,"article:published_time":"2025-08-12T08:00:00+00:00","article:modified_time":"2025-08-12T11:13:25+00:00","article:publisher":"https:\/\/www.facebook.com\/people\/Immoinvest\/100077962920504\/","twitter:card":"summary_large_image","twitter:site":"@i","twitter:title":"Le m\u00e9tier de promoteur de site n\u00e9cessite des explications - immo!nvest - Die Plattform f\u00fcr Standorte und Immobilien","twitter:description":"Promotion du site : l'interface entre l'administration et le secteur immobilier.","twitter:creator":"@i","twitter:image":"https:\/\/www.immo-invest.ch\/wp-content\/uploads\/2025\/08\/Albert-Schweizer-Portrait-e1754896651286.jpg"},"aioseo_meta_data":{"post_id":"137098","title":null,"description":null,"keywords":null,"keyphrases":{"focus":{"keyphrase":"","score":0,"analysis":{"keyphraseInTitle":{"score":0,"maxScore":9,"error":1}}},"additional":[]},"primary_term":null,"canonical_url":null,"og_title":null,"og_description":null,"og_object_type":"default","og_image_type":"default","og_image_url":null,"og_image_width":null,"og_image_height":null,"og_image_custom_url":null,"og_image_custom_fields":null,"og_video":"","og_custom_url":null,"og_article_section":null,"og_article_tags":null,"twitter_use_og":false,"twitter_card":"default","twitter_image_type":"default","twitter_image_url":null,"twitter_image_custom_url":null,"twitter_image_custom_fields":null,"twitter_title":null,"twitter_description":null,"schema":{"blockGraphs":[],"customGraphs":[],"default":{"data":{"Article":[],"Course":[],"Dataset":[],"FAQPage":[],"Movie":[],"Person":[],"Product":[],"ProductReview":[],"Car":[],"Recipe":[],"Service":[],"SoftwareApplication":[],"WebPage":[]},"graphName":"BlogPosting","isEnabled":true},"graphs":[]},"schema_type":"default","schema_type_options":null,"pillar_content":false,"robots_default":true,"robots_noindex":false,"robots_noarchive":false,"robots_nosnippet":false,"robots_nofollow":false,"robots_noimageindex":false,"robots_noodp":false,"robots_notranslate":false,"robots_max_snippet":"-1","robots_max_videopreview":"-1","robots_max_imagepreview":"large","priority":null,"frequency":"default","local_seo":null,"breadcrumb_settings":null,"limit_modified_date":false,"ai":null,"created":"2025-08-12 07:19:02","updated":"2025-10-25 00:06:13","seo_analyzer_scan_date":null,"focus_keyword":null,"additional_keywords":null,"truseo_locale":null},"aioseo_breadcrumb":"<div class=\"aioseo-breadcrumbs\"><span class=\"aioseo-breadcrumb\">\n\t\t\t<a href=\"https:\/\/www.immo-invest.ch\/fr\/\" title=\"Home\">Home<\/a>\n\t\t<\/span><span class=\"aioseo-breadcrumb-separator\">&raquo;<\/span><span class=\"aioseo-breadcrumb\">\n\t\t\t<a href=\"https:\/\/www.immo-invest.ch\/fr\/categories\/regions\/\" title=\"R\u00e9gions\">R\u00e9gions<\/a>\n\t\t<\/span><span class=\"aioseo-breadcrumb-separator\">&raquo;<\/span><span class=\"aioseo-breadcrumb\">\n\t\t\t<a href=\"https:\/\/www.immo-invest.ch\/fr\/categories\/regions\/suisse\/\" title=\"Suisse\">Suisse<\/a>\n\t\t<\/span><span class=\"aioseo-breadcrumb-separator\">&raquo;<\/span><span class=\"aioseo-breadcrumb\">\n\t\t\t<a href=\"https:\/\/www.immo-invest.ch\/fr\/categories\/regions\/suisse\/region-zurich\/\" title=\"Zurich\">Zurich<\/a>\n\t\t<\/span><span class=\"aioseo-breadcrumb-separator\">&raquo;<\/span><span class=\"aioseo-breadcrumb\">\n\t\t\tLe m\u00e9tier de promoteur de site n\u00e9cessite des explications\n\t\t<\/span><\/div>","aioseo_breadcrumb_json":[{"label":"Home","link":"https:\/\/www.immo-invest.ch\/fr\/"},{"label":"R\u00e9gions","link":"https:\/\/www.immo-invest.ch\/fr\/categories\/regions\/"},{"label":"Suisse","link":"https:\/\/www.immo-invest.ch\/fr\/categories\/regions\/suisse\/"},{"label":"Zurich","link":"https:\/\/www.immo-invest.ch\/fr\/categories\/regions\/suisse\/region-zurich\/"},{"label":"Le m\u00e9tier de promoteur de site n\u00e9cessite des explications","link":"https:\/\/www.immo-invest.ch\/fr\/der-beruf-als-standortfoerderer-ist-erklaerungsbeduerftig\/"}],"featured_image_src":"https:\/\/www.immo-invest.ch\/wp-content\/uploads\/2025\/08\/Albert-Schweizer-Portrait-336x168.jpg","_links":{"self":[{"href":"https:\/\/www.immo-invest.ch\/fr\/wp-json\/wp\/v2\/posts\/137098","targetHints":{"allow":["GET"]}}],"collection":[{"href":"https:\/\/www.immo-invest.ch\/fr\/wp-json\/wp\/v2\/posts"}],"about":[{"href":"https:\/\/www.immo-invest.ch\/fr\/wp-json\/wp\/v2\/types\/post"}],"author":[{"embeddable":true,"href":"https:\/\/www.immo-invest.ch\/fr\/wp-json\/wp\/v2\/users\/2"}],"replies":[{"embeddable":true,"href":"https:\/\/www.immo-invest.ch\/fr\/wp-json\/wp\/v2\/comments?post=137098"}],"version-history":[{"count":0,"href":"https:\/\/www.immo-invest.ch\/fr\/wp-json\/wp\/v2\/posts\/137098\/revisions"}],"wp:featuredmedia":[{"embeddable":true,"href":"https:\/\/www.immo-invest.ch\/fr\/wp-json\/wp\/v2\/media\/137038"}],"wp:attachment":[{"href":"https:\/\/www.immo-invest.ch\/fr\/wp-json\/wp\/v2\/media?parent=137098"}],"wp:term":[{"taxonomy":"category","embeddable":true,"href":"https:\/\/www.immo-invest.ch\/fr\/wp-json\/wp\/v2\/categories?post=137098"},{"taxonomy":"post_tag","embeddable":true,"href":"https:\/\/www.immo-invest.ch\/fr\/wp-json\/wp\/v2\/tags?post=137098"}],"curies":[{"name":"wp","href":"https:\/\/api.w.org\/{rel}","templated":true}]}}