{"id":137083,"date":"2025-08-12T09:10:00","date_gmt":"2025-08-12T07:10:00","guid":{"rendered":"https:\/\/www.immo-invest.ch\/?p=137083"},"modified":"2025-08-12T08:52:20","modified_gmt":"2025-08-12T06:52:20","slug":"holzgigant-und-wahrzeichen-des-esaf-2025","status":"publish","type":"post","link":"https:\/\/www.immo-invest.ch\/fr\/holzgigant-und-wahrzeichen-des-esaf-2025\/","title":{"rendered":"G\u00e9ant de bois et embl\u00e8me de l&rsquo;ESAF 2025"},"content":{"rendered":"<p class=\"wp-block-paragraph\">L&rsquo;id&eacute;e est n&eacute;e en 2021 au sein du &laquo;&nbsp;S&auml;ntis Innovations-Cluster Holz&nbsp;&raquo;. La &laquo;&nbsp;Vision bois Max&nbsp;&raquo; est devenue un projet d&rsquo;envergure auquel participent plus de 220 entreprises et institutions, soutenues par un comit&eacute; de patronage compos&eacute; de repr&eacute;sentants de l&rsquo;&eacute;conomie, de la politique, du tourisme et du sport. Pr&egrave;s de 1000 professionnels de la sylviculture, de l&rsquo;industrie du bois, de la construction en bois et de la menuiserie ont collabor&eacute;, dont de nombreux apprentis qui ont fabriqu&eacute; certains &eacute;l&eacute;ments dans le cadre de cours interentreprises. Le bois, principalement de l&rsquo;&eacute;pic&eacute;a et du sapin, provient de for&ecirc;ts suisses, dans le cadre d&rsquo;une exploitation foresti&egrave;re r&eacute;guli&egrave;re.<\/p>\n\n\n\n\n\n<p class=\"wp-block-paragraph\"><strong>Technique et construction<br><\/strong>La stabilit&eacute; est assur&eacute;e par des piliers et des treillis dans la coque et les pieds. L&rsquo;ossature est partiellement recouverte de bardeaux de bois, tandis que les &eacute;l&eacute;ments des parois sont ouverts. Rien que 18 727 vis ont &eacute;t&eacute; utilis&eacute;es. La structure porteuse se compose de 40 m&egrave;tres cubes de bois lamell&eacute;-coll&eacute;, compl&eacute;t&eacute;s par des rondins provenant du Toggenburg. Le projet est con&ccedil;u pour une dur&eacute;e de vie allant jusqu&rsquo;&agrave; 25 ans.<\/p>\n\n\n\n\n\n<p class=\"wp-block-paragraph\"><strong>Financement et coop&eacute;ration<br><\/strong>Le co&ucirc;t total est d&rsquo;environ 4 millions de francs. Gr&acirc;ce au large soutien de la branche, sous forme de dons de mat&eacute;riaux, de travail et de participation financi&egrave;re, le projet est assur&eacute;. Un acheteur est recherch&eacute; pour la r&eacute;utilisation. La valeur r&eacute;siduelle s&rsquo;&eacute;l&egrave;ve &agrave; environ 1,3 million de francs, auxquels s&rsquo;ajoutent les co&ucirc;ts de stockage et de reconstruction.<\/p>\n\n\n\n\n\n<p class=\"wp-block-paragraph\"><strong>Perspectives touristiques<br><\/strong>Apr&egrave;s l&rsquo;ESAF, le Muni Max pourrait &ecirc;tre install&eacute; dans des destinations touristiques comme Elm, Braunwald ou Herisau. Il est pr&eacute;vu de le rendre accessible avec des escaliers, un ascenseur, des surfaces d&rsquo;exposition et une plate-forme d&rsquo;observation. Ainsi, il ne servira pas seulement de symbole du bois et de l&rsquo;artisanat suisses, mais aussi d&rsquo;aimant durable pour les visiteurs.<\/p>\n\n\n\n\n\n<p class=\"wp-block-paragraph\"><strong>Symbole de l&rsquo;industrie<br><\/strong>Muni Max est plus qu&rsquo;un simple point de mire. Il montre comment la fili&egrave;re bois suisse allie tradition et <span class=\"glossaryLink\" aria-describedby=\"tt\" data-cmtooltip=\"&lt;div class=glossaryItemTitle&gt;Innovation&lt;\/div&gt;&lt;div class=glossaryItemBody&gt;Innovation in der heutigen Immobilienwelt bedeutet vor allem Digitalisierung von Prozessen. Zum Beispiel das Eliminieren von Tausenden von Excel-Bl&auml;ttern f&uuml;r Portfolio- und Asset-Manager oder das Erstellen einer Anwendung (App) f&uuml;r alle Formalit&auml;ten rund um die Beziehung zwischen Immobilieneigent&uuml;mern, - verwaltung und -mietern.&lt;\/div&gt;\" data-mobile-support=\"0\" data-gt-translate-attributes='[{\"attribute\":\"data-cmtooltip\", \"format\":\"html\"}]' tabindex=\"0\" role=\"link\">innovation<\/span>, renforce la cha&icirc;ne de cr&eacute;ation de valeur r&eacute;gionale et int&egrave;gre de jeunes professionnels dans un projet ambitieux. Lors de l&rsquo;ESAF de Mollis, il dominera visuellement le stade proprement dit, le plus grand stade temporaire du monde avec 56 500 places.<\/p>\n\n\n\n\n\n<p class=\"wp-block-paragraph\">Avec Muni Max, la fili&egrave;re bois suisse a cr&eacute;&eacute; un projet qui rayonne bien au-del&agrave; de l&rsquo;&eacute;v&eacute;nement, un signe fort de l&rsquo;artisanat, de la collaboration et de la p&eacute;rennit&eacute; d&rsquo;une mati&egrave;re premi&egrave;re riche en traditions.<\/p>\n\n","protected":false},"excerpt":{"rendered":"<p>Lors de la F\u00eate f\u00e9d\u00e9rale de lutte suisse et des jeux alpestres (FFLS) 2025 \u00e0 Mollis (GL), un chef-d&rsquo;\u0153uvre en bois se dresse au-dessus du site de la f\u00eate. Le Muni \u00ab\u00a0Max\u00a0\u00bb, haut de 21 m\u00e8tres, long de 36 m\u00e8tres et large de pr\u00e8s de 10 m\u00e8tres, p\u00e8se 182 tonnes. Fabriqu\u00e9 \u00e0 partir de 437 \u00e9l\u00e9ments pr\u00e9fabriqu\u00e9s, il s&rsquo;agit du plus grand projet symbolique de la fili\u00e8re bois suisse depuis des ann\u00e9es. La construction allie l&rsquo;art de l&rsquo;ing\u00e9nierie, la tradition artisanale et la cr\u00e9ation de valeur r\u00e9gionale et pourrait continuer \u00e0 vivre apr\u00e8s l&rsquo;ESAF en tant qu&rsquo;attraction touristique.<\/p>\n","protected":false},"author":2,"featured_media":137078,"comment_status":"open","ping_status":"open","sticky":false,"template":"","format":"standard","meta":{"pmpro_default_level":"","inline_featured_image":false,"_monsterinsights_skip_tracking":false,"footnotes":""},"categories":[45951,743,22357,739,22438],"tags":[54013,51959,914,872,3931,2002],"class_list":["post-137083","post","type-post","status-publish","format-standard","has-post-thumbnail","hentry","category-glarus-fr","category-immonews-fr","category-industrie-du-batiment","category-projects","category-trends-fr","tag-esaf-2025-fr","tag-handwerk-fr","tag-holzbau-fr","tag-immoinvest-fr","tag-immonews-fr","tag-news-fr","pmpro-has-access"],"acf":{"bild_mit_ki_erstellt_worden":[],"lead":"Lors de la F\u00eate f\u00e9d\u00e9rale de lutte suisse et des jeux alpestres (FFLS) 2025 \u00e0 Mollis (GL), un chef-d'\u0153uvre en bois se dresse au-dessus du site de la f\u00eate. Le Muni \"Max\", haut de 21 m\u00e8tres, long de 36 m\u00e8tres et large de pr\u00e8s de 10 m\u00e8tres, p\u00e8se 182 tonnes. Fabriqu\u00e9 \u00e0 partir de 437 \u00e9l\u00e9ments pr\u00e9fabriqu\u00e9s, il s'agit du plus grand projet symbolique de la fili\u00e8re bois suisse depuis des ann\u00e9es. La construction allie l'art de l'ing\u00e9nierie, la tradition artisanale et la cr\u00e9ation de valeur r\u00e9gionale et pourrait continuer \u00e0 vivre apr\u00e8s l'ESAF en tant qu'attraction touristique.","autor":"Quelle Lignum","ort":"","bildunterschrift":"","bild_im_grid":false,"gallerie":"","newsim":""},"aioseo_notices":[],"aioseo_head":"\n\t\t<!-- All in One SEO 5.0.0.1 - aioseo.com -->\n\t<meta name=\"description\" content=\"Lors de la F\u00eate f\u00e9d\u00e9rale de lutte suisse et des jeux alpestres (FFLS) 2025 \u00e0 Mollis (GL), un chef-d&#039;\u0153uvre en bois se dresse au-dessus du site de la f\u00eate. Le Muni &quot;Max&quot;, haut de 21 m\u00e8tres, long de 36 m\u00e8tres et large de pr\u00e8s de 10 m\u00e8tres, p\u00e8se 182 tonnes. Fabriqu\u00e9 \u00e0 partir de 437 \u00e9l\u00e9ments pr\u00e9fabriqu\u00e9s, il s&#039;agit du plus grand projet symbolique de la fili\u00e8re bois suisse depuis des ann\u00e9es. La construction allie l&#039;art de l&#039;ing\u00e9nierie, la tradition artisanale et la cr\u00e9ation de valeur r\u00e9gionale et pourrait continuer \u00e0 vivre apr\u00e8s l&#039;ESAF en tant qu&#039;attraction touristique.\" \/>\n\t<meta name=\"robots\" content=\"max-image-preview:large\" \/>\n\t<meta name=\"author\" content=\"immovestuser\"\/>\n\t<meta name=\"google-site-verification\" content=\"fHJKvgWpZCR2zVBHWfkQeFXC11qieUSff0HGNYfuyLA\" \/>\n\t<link rel=\"canonical\" href=\"https:\/\/www.immo-invest.ch\/fr\/holzgigant-und-wahrzeichen-des-esaf-2025\/\" \/>\n\t<meta name=\"generator\" content=\"All in One SEO (AIOSEO) 5.0.0.1\" \/>\n\t\t<meta property=\"og:locale\" content=\"fr_FR\" \/>\n\t\t<meta property=\"og:site_name\" content=\"immo!nvest - Die Plattform f\u00fcr Standorte und Immobilien - Die\u00a0Plattform f\u00fcr Standorte und Immobilien\" \/>\n\t\t<meta property=\"og:type\" content=\"article\" \/>\n\t\t<meta property=\"og:title\" content=\"G\u00e9ant de bois et embl\u00e8me de l\u2019ESAF 2025 - immo!nvest - Die Plattform f\u00fcr Standorte und Immobilien\" \/>\n\t\t<meta property=\"og:description\" content=\"Lors de la F\u00eate f\u00e9d\u00e9rale de lutte suisse et des jeux alpestres (FFLS) 2025 \u00e0 Mollis (GL), un chef-d&#039;\u0153uvre en bois se dresse au-dessus du site de la f\u00eate. Le Muni &quot;Max&quot;, haut de 21 m\u00e8tres, long de 36 m\u00e8tres et large de pr\u00e8s de 10 m\u00e8tres, p\u00e8se 182 tonnes. Fabriqu\u00e9 \u00e0 partir de 437 \u00e9l\u00e9ments pr\u00e9fabriqu\u00e9s, il s&#039;agit du plus grand projet symbolique de la fili\u00e8re bois suisse depuis des ann\u00e9es. La construction allie l&#039;art de l&#039;ing\u00e9nierie, la tradition artisanale et la cr\u00e9ation de valeur r\u00e9gionale et pourrait continuer \u00e0 vivre apr\u00e8s l&#039;ESAF en tant qu&#039;attraction touristique.\" \/>\n\t\t<meta property=\"og:url\" content=\"https:\/\/www.immo-invest.ch\/fr\/holzgigant-und-wahrzeichen-des-esaf-2025\/\" \/>\n\t\t<meta property=\"og:image\" content=\"https:\/\/www.immo-invest.ch\/wp-content\/uploads\/2025\/08\/immo-invest-bauwirtschaft-projekte-regionen-glarus-holzbau-handwerk-esaf2025.jpg\" \/>\n\t\t<meta property=\"og:image:secure_url\" content=\"https:\/\/www.immo-invest.ch\/wp-content\/uploads\/2025\/08\/immo-invest-bauwirtschaft-projekte-regionen-glarus-holzbau-handwerk-esaf2025.jpg\" \/>\n\t\t<meta property=\"og:image:width\" content=\"1464\" \/>\n\t\t<meta property=\"og:image:height\" content=\"732\" \/>\n\t\t<meta property=\"article:published_time\" content=\"2025-08-12T07:10:00+00:00\" \/>\n\t\t<meta property=\"article:modified_time\" content=\"2025-08-12T06:52:20+00:00\" \/>\n\t\t<meta property=\"article:publisher\" content=\"https:\/\/www.facebook.com\/people\/Immoinvest\/100077962920504\/\" \/>\n\t\t<meta name=\"twitter:card\" content=\"summary_large_image\" \/>\n\t\t<meta name=\"twitter:site\" content=\"@i\" \/>\n\t\t<meta name=\"twitter:title\" content=\"G\u00e9ant de bois et embl\u00e8me de l\u2019ESAF 2025 - immo!nvest - Die Plattform f\u00fcr Standorte und Immobilien\" \/>\n\t\t<meta name=\"twitter:description\" content=\"Lors de la F\u00eate f\u00e9d\u00e9rale de lutte suisse et des jeux alpestres (FFLS) 2025 \u00e0 Mollis (GL), un chef-d&#039;\u0153uvre en bois se dresse au-dessus du site de la f\u00eate. Le Muni &quot;Max&quot;, haut de 21 m\u00e8tres, long de 36 m\u00e8tres et large de pr\u00e8s de 10 m\u00e8tres, p\u00e8se 182 tonnes. Fabriqu\u00e9 \u00e0 partir de 437 \u00e9l\u00e9ments pr\u00e9fabriqu\u00e9s, il s&#039;agit du plus grand projet symbolique de la fili\u00e8re bois suisse depuis des ann\u00e9es. La construction allie l&#039;art de l&#039;ing\u00e9nierie, la tradition artisanale et la cr\u00e9ation de valeur r\u00e9gionale et pourrait continuer \u00e0 vivre apr\u00e8s l&#039;ESAF en tant qu&#039;attraction touristique.\" \/>\n\t\t<meta name=\"twitter:creator\" content=\"@i\" \/>\n\t\t<meta name=\"twitter:image\" content=\"https:\/\/www.immo-invest.ch\/wp-content\/uploads\/2025\/08\/immo-invest-bauwirtschaft-projekte-regionen-glarus-holzbau-handwerk-esaf2025.jpg\" \/>\n\t\t<script type=\"application\/ld+json\" class=\"aioseo-schema\">\n\t\t\t{\"@context\":\"https:\\\/\\\/schema.org\",\"@graph\":[{\"@type\":\"BlogPosting\",\"@id\":\"https:\\\/\\\/www.immo-invest.ch\\\/fr\\\/holzgigant-und-wahrzeichen-des-esaf-2025\\\/#blogposting\",\"name\":\"G\\u00e9ant de bois et embl\\u00e8me de l\\u2019ESAF 2025 - immo!nvest - Die Plattform f\\u00fcr Standorte und Immobilien\",\"headline\":\"G\\u00e9ant de bois et embl\\u00e8me de l&rsquo;ESAF 2025\",\"author\":{\"@id\":\"https:\\\/\\\/www.immo-invest.ch\\\/fr\\\/author\\\/immovestuser\\\/#author\"},\"publisher\":{\"@id\":\"https:\\\/\\\/www.immo-invest.ch\\\/fr\\\/#organization\"},\"image\":{\"@type\":\"ImageObject\",\"url\":\"https:\\\/\\\/www.immo-invest.ch\\\/wp-content\\\/uploads\\\/2025\\\/08\\\/immo-invest-bauwirtschaft-projekte-regionen-glarus-holzbau-handwerk-esaf2025.jpg\",\"width\":1464,\"height\":732},\"datePublished\":\"2025-08-12T09:10:00+02:00\",\"dateModified\":\"2025-08-12T08:52:20+02:00\",\"inLanguage\":\"fr-FR\",\"mainEntityOfPage\":{\"@id\":\"https:\\\/\\\/www.immo-invest.ch\\\/fr\\\/holzgigant-und-wahrzeichen-des-esaf-2025\\\/#webpage\"},\"isPartOf\":{\"@id\":\"https:\\\/\\\/www.immo-invest.ch\\\/fr\\\/holzgigant-und-wahrzeichen-des-esaf-2025\\\/#webpage\"},\"articleSection\":\"Glarus, immoNews, Industrie du b\\u00e2timent, Projects, Trends, ESAF 2025, hANDWERK, Holzbau, Immoinvest, immoNews, News, Facultatif\"},{\"@type\":\"BreadcrumbList\",\"@id\":\"https:\\\/\\\/www.immo-invest.ch\\\/fr\\\/holzgigant-und-wahrzeichen-des-esaf-2025\\\/#breadcrumblist\",\"itemListElement\":[{\"@type\":\"ListItem\",\"@id\":\"https:\\\/\\\/www.immo-invest.ch\\\/fr\\\/#listItem\",\"position\":1,\"name\":\"Home\",\"item\":\"https:\\\/\\\/www.immo-invest.ch\\\/fr\\\/\",\"nextItem\":{\"@type\":\"ListItem\",\"@id\":\"https:\\\/\\\/www.immo-invest.ch\\\/fr\\\/categories\\\/regions\\\/#listItem\",\"name\":\"R\\u00e9gions\"}},{\"@type\":\"ListItem\",\"@id\":\"https:\\\/\\\/www.immo-invest.ch\\\/fr\\\/categories\\\/regions\\\/#listItem\",\"position\":2,\"name\":\"R\\u00e9gions\",\"item\":\"https:\\\/\\\/www.immo-invest.ch\\\/fr\\\/categories\\\/regions\\\/\",\"nextItem\":{\"@type\":\"ListItem\",\"@id\":\"https:\\\/\\\/www.immo-invest.ch\\\/fr\\\/categories\\\/regions\\\/suisse\\\/#listItem\",\"name\":\"Suisse\"},\"previousItem\":{\"@type\":\"ListItem\",\"@id\":\"https:\\\/\\\/www.immo-invest.ch\\\/fr\\\/#listItem\",\"name\":\"Home\"}},{\"@type\":\"ListItem\",\"@id\":\"https:\\\/\\\/www.immo-invest.ch\\\/fr\\\/categories\\\/regions\\\/suisse\\\/#listItem\",\"position\":3,\"name\":\"Suisse\",\"item\":\"https:\\\/\\\/www.immo-invest.ch\\\/fr\\\/categories\\\/regions\\\/suisse\\\/\",\"nextItem\":{\"@type\":\"ListItem\",\"@id\":\"https:\\\/\\\/www.immo-invest.ch\\\/fr\\\/categories\\\/regions\\\/suisse\\\/suisse-orientale\\\/#listItem\",\"name\":\"Suisse orientale\"},\"previousItem\":{\"@type\":\"ListItem\",\"@id\":\"https:\\\/\\\/www.immo-invest.ch\\\/fr\\\/categories\\\/regions\\\/#listItem\",\"name\":\"R\\u00e9gions\"}},{\"@type\":\"ListItem\",\"@id\":\"https:\\\/\\\/www.immo-invest.ch\\\/fr\\\/categories\\\/regions\\\/suisse\\\/suisse-orientale\\\/#listItem\",\"position\":4,\"name\":\"Suisse orientale\",\"item\":\"https:\\\/\\\/www.immo-invest.ch\\\/fr\\\/categories\\\/regions\\\/suisse\\\/suisse-orientale\\\/\",\"nextItem\":{\"@type\":\"ListItem\",\"@id\":\"https:\\\/\\\/www.immo-invest.ch\\\/fr\\\/categories\\\/regions\\\/suisse\\\/suisse-orientale\\\/glarus-fr\\\/#listItem\",\"name\":\"Glarus\"},\"previousItem\":{\"@type\":\"ListItem\",\"@id\":\"https:\\\/\\\/www.immo-invest.ch\\\/fr\\\/categories\\\/regions\\\/suisse\\\/#listItem\",\"name\":\"Suisse\"}},{\"@type\":\"ListItem\",\"@id\":\"https:\\\/\\\/www.immo-invest.ch\\\/fr\\\/categories\\\/regions\\\/suisse\\\/suisse-orientale\\\/glarus-fr\\\/#listItem\",\"position\":5,\"name\":\"Glarus\",\"item\":\"https:\\\/\\\/www.immo-invest.ch\\\/fr\\\/categories\\\/regions\\\/suisse\\\/suisse-orientale\\\/glarus-fr\\\/\",\"nextItem\":{\"@type\":\"ListItem\",\"@id\":\"https:\\\/\\\/www.immo-invest.ch\\\/fr\\\/holzgigant-und-wahrzeichen-des-esaf-2025\\\/#listItem\",\"name\":\"G\\u00e9ant de bois et embl\\u00e8me de l&rsquo;ESAF 2025\"},\"previousItem\":{\"@type\":\"ListItem\",\"@id\":\"https:\\\/\\\/www.immo-invest.ch\\\/fr\\\/categories\\\/regions\\\/suisse\\\/suisse-orientale\\\/#listItem\",\"name\":\"Suisse orientale\"}},{\"@type\":\"ListItem\",\"@id\":\"https:\\\/\\\/www.immo-invest.ch\\\/fr\\\/holzgigant-und-wahrzeichen-des-esaf-2025\\\/#listItem\",\"position\":6,\"name\":\"G\\u00e9ant de bois et embl\\u00e8me de l&rsquo;ESAF 2025\",\"previousItem\":{\"@type\":\"ListItem\",\"@id\":\"https:\\\/\\\/www.immo-invest.ch\\\/fr\\\/categories\\\/regions\\\/suisse\\\/suisse-orientale\\\/glarus-fr\\\/#listItem\",\"name\":\"Glarus\"}}]},{\"@type\":\"Organization\",\"@id\":\"https:\\\/\\\/www.immo-invest.ch\\\/fr\\\/#organization\",\"name\":\"immo!nvest - Die Plattform f\\u00fcr Standorte und Immobilien\",\"description\":\"Die\\u00a0Plattform f\\u00fcr Standorte und Immobilien\",\"url\":\"https:\\\/\\\/www.immo-invest.ch\\\/fr\\\/\",\"email\":\"admin@immomedia.ag\",\"telephone\":\"+41444420002\",\"logo\":{\"@type\":\"ImageObject\",\"url\":\"https:\\\/\\\/www.immo-invest.ch\\\/wp-content\\\/uploads\\\/2024\\\/09\\\/immoinvest_sm-scaled.jpg\",\"@id\":\"https:\\\/\\\/www.immo-invest.ch\\\/fr\\\/holzgigant-und-wahrzeichen-des-esaf-2025\\\/#organizationLogo\",\"width\":2560,\"height\":1340},\"image\":{\"@id\":\"https:\\\/\\\/www.immo-invest.ch\\\/fr\\\/holzgigant-und-wahrzeichen-des-esaf-2025\\\/#organizationLogo\"},\"sameAs\":[\"https:\\\/\\\/www.facebook.com\\\/people\\\/Immoinvest\\\/100077962920504\\\/\",\"https:\\\/\\\/x.com\\\/i\\\/flow\\\/login?redirect_after_login=immoinvest_ch\",\"https:\\\/\\\/www.instagram.com\\\/immoinvest_ch\\\/\",\"https:\\\/\\\/www.linkedin.com\\\/company\\\/immoinvest-swiss\"]},{\"@type\":\"Person\",\"@id\":\"https:\\\/\\\/www.immo-invest.ch\\\/fr\\\/author\\\/immovestuser\\\/#author\",\"url\":\"https:\\\/\\\/www.immo-invest.ch\\\/fr\\\/author\\\/immovestuser\\\/\",\"name\":\"immovestuser\",\"image\":{\"@type\":\"ImageObject\",\"@id\":\"https:\\\/\\\/www.immo-invest.ch\\\/fr\\\/holzgigant-und-wahrzeichen-des-esaf-2025\\\/#authorImage\",\"url\":\"https:\\\/\\\/secure.gravatar.com\\\/avatar\\\/8e01f4d99f2eeea7a362ebb93305e1172a70e9293ba250f897a65c39f54cdd1e?s=96&d=mm&r=g\",\"width\":96,\"height\":96,\"caption\":\"immovestuser\"}},{\"@type\":\"WebPage\",\"@id\":\"https:\\\/\\\/www.immo-invest.ch\\\/fr\\\/holzgigant-und-wahrzeichen-des-esaf-2025\\\/#webpage\",\"url\":\"https:\\\/\\\/www.immo-invest.ch\\\/fr\\\/holzgigant-und-wahrzeichen-des-esaf-2025\\\/\",\"name\":\"G\\u00e9ant de bois et embl\\u00e8me de l\\u2019ESAF 2025 - immo!nvest - Die Plattform f\\u00fcr Standorte und Immobilien\",\"description\":\"Lors de la F\\u00eate f\\u00e9d\\u00e9rale de lutte suisse et des jeux alpestres (FFLS) 2025 \\u00e0 Mollis (GL), un chef-d'\\u0153uvre en bois se dresse au-dessus du site de la f\\u00eate. Le Muni \\\"Max\\\", haut de 21 m\\u00e8tres, long de 36 m\\u00e8tres et large de pr\\u00e8s de 10 m\\u00e8tres, p\\u00e8se 182 tonnes. Fabriqu\\u00e9 \\u00e0 partir de 437 \\u00e9l\\u00e9ments pr\\u00e9fabriqu\\u00e9s, il s'agit du plus grand projet symbolique de la fili\\u00e8re bois suisse depuis des ann\\u00e9es. La construction allie l'art de l'ing\\u00e9nierie, la tradition artisanale et la cr\\u00e9ation de valeur r\\u00e9gionale et pourrait continuer \\u00e0 vivre apr\\u00e8s l'ESAF en tant qu'attraction touristique.\",\"inLanguage\":\"fr-FR\",\"isPartOf\":{\"@id\":\"https:\\\/\\\/www.immo-invest.ch\\\/fr\\\/#website\"},\"breadcrumb\":{\"@id\":\"https:\\\/\\\/www.immo-invest.ch\\\/fr\\\/holzgigant-und-wahrzeichen-des-esaf-2025\\\/#breadcrumblist\"},\"author\":{\"@id\":\"https:\\\/\\\/www.immo-invest.ch\\\/fr\\\/author\\\/immovestuser\\\/#author\"},\"creator\":{\"@id\":\"https:\\\/\\\/www.immo-invest.ch\\\/fr\\\/author\\\/immovestuser\\\/#author\"},\"image\":{\"@type\":\"ImageObject\",\"url\":\"https:\\\/\\\/www.immo-invest.ch\\\/wp-content\\\/uploads\\\/2025\\\/08\\\/immo-invest-bauwirtschaft-projekte-regionen-glarus-holzbau-handwerk-esaf2025.jpg\",\"@id\":\"https:\\\/\\\/www.immo-invest.ch\\\/fr\\\/holzgigant-und-wahrzeichen-des-esaf-2025\\\/#mainImage\",\"width\":1464,\"height\":732},\"primaryImageOfPage\":{\"@id\":\"https:\\\/\\\/www.immo-invest.ch\\\/fr\\\/holzgigant-und-wahrzeichen-des-esaf-2025\\\/#mainImage\"},\"datePublished\":\"2025-08-12T09:10:00+02:00\",\"dateModified\":\"2025-08-12T08:52:20+02:00\"},{\"@type\":\"WebSite\",\"@id\":\"https:\\\/\\\/www.immo-invest.ch\\\/fr\\\/#website\",\"url\":\"https:\\\/\\\/www.immo-invest.ch\\\/fr\\\/\",\"name\":\"immo!nvest - Die Plattform f\\u00fcr Standorte und Immobilien\",\"description\":\"Die\\u00a0Plattform f\\u00fcr Standorte und Immobilien\",\"inLanguage\":\"fr-FR\",\"publisher\":{\"@id\":\"https:\\\/\\\/www.immo-invest.ch\\\/fr\\\/#organization\"}}]}\n\t\t<\/script>\n\t\t<!-- All in One SEO -->\n\n","aioseo_head_json":{"title":"G\u00e9ant de bois et embl\u00e8me de l\u2019ESAF 2025 - immo!nvest - Die Plattform f\u00fcr Standorte und Immobilien","description":"Lors de la F\u00eate f\u00e9d\u00e9rale de lutte suisse et des jeux alpestres (FFLS) 2025 \u00e0 Mollis (GL), un chef-d'\u0153uvre en bois se dresse au-dessus du site de la f\u00eate. Le Muni \"Max\", haut de 21 m\u00e8tres, long de 36 m\u00e8tres et large de pr\u00e8s de 10 m\u00e8tres, p\u00e8se 182 tonnes. Fabriqu\u00e9 \u00e0 partir de 437 \u00e9l\u00e9ments pr\u00e9fabriqu\u00e9s, il s'agit du plus grand projet symbolique de la fili\u00e8re bois suisse depuis des ann\u00e9es. La construction allie l'art de l'ing\u00e9nierie, la tradition artisanale et la cr\u00e9ation de valeur r\u00e9gionale et pourrait continuer \u00e0 vivre apr\u00e8s l'ESAF en tant qu'attraction touristique.","canonical_url":"https:\/\/www.immo-invest.ch\/fr\/holzgigant-und-wahrzeichen-des-esaf-2025\/","robots":"max-image-preview:large","keywords":"","webmasterTools":{"google-site-verification":"fHJKvgWpZCR2zVBHWfkQeFXC11qieUSff0HGNYfuyLA","miscellaneous":""},"schema":{"@context":"https:\/\/schema.org","@graph":[{"@type":"BlogPosting","@id":"https:\/\/www.immo-invest.ch\/fr\/holzgigant-und-wahrzeichen-des-esaf-2025\/#blogposting","name":"G\u00e9ant de bois et embl\u00e8me de l\u2019ESAF 2025 - immo!nvest - Die Plattform f\u00fcr Standorte und Immobilien","headline":"G\u00e9ant de bois et embl\u00e8me de l&rsquo;ESAF 2025","author":{"@id":"https:\/\/www.immo-invest.ch\/fr\/author\/immovestuser\/#author"},"publisher":{"@id":"https:\/\/www.immo-invest.ch\/fr\/#organization"},"image":{"@type":"ImageObject","url":"https:\/\/www.immo-invest.ch\/wp-content\/uploads\/2025\/08\/immo-invest-bauwirtschaft-projekte-regionen-glarus-holzbau-handwerk-esaf2025.jpg","width":1464,"height":732},"datePublished":"2025-08-12T09:10:00+02:00","dateModified":"2025-08-12T08:52:20+02:00","inLanguage":"fr-FR","mainEntityOfPage":{"@id":"https:\/\/www.immo-invest.ch\/fr\/holzgigant-und-wahrzeichen-des-esaf-2025\/#webpage"},"isPartOf":{"@id":"https:\/\/www.immo-invest.ch\/fr\/holzgigant-und-wahrzeichen-des-esaf-2025\/#webpage"},"articleSection":"Glarus, immoNews, Industrie du b\u00e2timent, Projects, Trends, ESAF 2025, hANDWERK, Holzbau, Immoinvest, immoNews, News, Facultatif"},{"@type":"BreadcrumbList","@id":"https:\/\/www.immo-invest.ch\/fr\/holzgigant-und-wahrzeichen-des-esaf-2025\/#breadcrumblist","itemListElement":[{"@type":"ListItem","@id":"https:\/\/www.immo-invest.ch\/fr\/#listItem","position":1,"name":"Home","item":"https:\/\/www.immo-invest.ch\/fr\/","nextItem":{"@type":"ListItem","@id":"https:\/\/www.immo-invest.ch\/fr\/categories\/regions\/#listItem","name":"R\u00e9gions"}},{"@type":"ListItem","@id":"https:\/\/www.immo-invest.ch\/fr\/categories\/regions\/#listItem","position":2,"name":"R\u00e9gions","item":"https:\/\/www.immo-invest.ch\/fr\/categories\/regions\/","nextItem":{"@type":"ListItem","@id":"https:\/\/www.immo-invest.ch\/fr\/categories\/regions\/suisse\/#listItem","name":"Suisse"},"previousItem":{"@type":"ListItem","@id":"https:\/\/www.immo-invest.ch\/fr\/#listItem","name":"Home"}},{"@type":"ListItem","@id":"https:\/\/www.immo-invest.ch\/fr\/categories\/regions\/suisse\/#listItem","position":3,"name":"Suisse","item":"https:\/\/www.immo-invest.ch\/fr\/categories\/regions\/suisse\/","nextItem":{"@type":"ListItem","@id":"https:\/\/www.immo-invest.ch\/fr\/categories\/regions\/suisse\/suisse-orientale\/#listItem","name":"Suisse orientale"},"previousItem":{"@type":"ListItem","@id":"https:\/\/www.immo-invest.ch\/fr\/categories\/regions\/#listItem","name":"R\u00e9gions"}},{"@type":"ListItem","@id":"https:\/\/www.immo-invest.ch\/fr\/categories\/regions\/suisse\/suisse-orientale\/#listItem","position":4,"name":"Suisse orientale","item":"https:\/\/www.immo-invest.ch\/fr\/categories\/regions\/suisse\/suisse-orientale\/","nextItem":{"@type":"ListItem","@id":"https:\/\/www.immo-invest.ch\/fr\/categories\/regions\/suisse\/suisse-orientale\/glarus-fr\/#listItem","name":"Glarus"},"previousItem":{"@type":"ListItem","@id":"https:\/\/www.immo-invest.ch\/fr\/categories\/regions\/suisse\/#listItem","name":"Suisse"}},{"@type":"ListItem","@id":"https:\/\/www.immo-invest.ch\/fr\/categories\/regions\/suisse\/suisse-orientale\/glarus-fr\/#listItem","position":5,"name":"Glarus","item":"https:\/\/www.immo-invest.ch\/fr\/categories\/regions\/suisse\/suisse-orientale\/glarus-fr\/","nextItem":{"@type":"ListItem","@id":"https:\/\/www.immo-invest.ch\/fr\/holzgigant-und-wahrzeichen-des-esaf-2025\/#listItem","name":"G\u00e9ant de bois et embl\u00e8me de l&rsquo;ESAF 2025"},"previousItem":{"@type":"ListItem","@id":"https:\/\/www.immo-invest.ch\/fr\/categories\/regions\/suisse\/suisse-orientale\/#listItem","name":"Suisse orientale"}},{"@type":"ListItem","@id":"https:\/\/www.immo-invest.ch\/fr\/holzgigant-und-wahrzeichen-des-esaf-2025\/#listItem","position":6,"name":"G\u00e9ant de bois et embl\u00e8me de l&rsquo;ESAF 2025","previousItem":{"@type":"ListItem","@id":"https:\/\/www.immo-invest.ch\/fr\/categories\/regions\/suisse\/suisse-orientale\/glarus-fr\/#listItem","name":"Glarus"}}]},{"@type":"Organization","@id":"https:\/\/www.immo-invest.ch\/fr\/#organization","name":"immo!nvest - Die Plattform f\u00fcr Standorte und Immobilien","description":"Die\u00a0Plattform f\u00fcr Standorte und Immobilien","url":"https:\/\/www.immo-invest.ch\/fr\/","email":"admin@immomedia.ag","telephone":"+41444420002","logo":{"@type":"ImageObject","url":"https:\/\/www.immo-invest.ch\/wp-content\/uploads\/2024\/09\/immoinvest_sm-scaled.jpg","@id":"https:\/\/www.immo-invest.ch\/fr\/holzgigant-und-wahrzeichen-des-esaf-2025\/#organizationLogo","width":2560,"height":1340},"image":{"@id":"https:\/\/www.immo-invest.ch\/fr\/holzgigant-und-wahrzeichen-des-esaf-2025\/#organizationLogo"},"sameAs":["https:\/\/www.facebook.com\/people\/Immoinvest\/100077962920504\/","https:\/\/x.com\/i\/flow\/login?redirect_after_login=immoinvest_ch","https:\/\/www.instagram.com\/immoinvest_ch\/","https:\/\/www.linkedin.com\/company\/immoinvest-swiss"]},{"@type":"Person","@id":"https:\/\/www.immo-invest.ch\/fr\/author\/immovestuser\/#author","url":"https:\/\/www.immo-invest.ch\/fr\/author\/immovestuser\/","name":"immovestuser","image":{"@type":"ImageObject","@id":"https:\/\/www.immo-invest.ch\/fr\/holzgigant-und-wahrzeichen-des-esaf-2025\/#authorImage","url":"https:\/\/secure.gravatar.com\/avatar\/8e01f4d99f2eeea7a362ebb93305e1172a70e9293ba250f897a65c39f54cdd1e?s=96&d=mm&r=g","width":96,"height":96,"caption":"immovestuser"}},{"@type":"WebPage","@id":"https:\/\/www.immo-invest.ch\/fr\/holzgigant-und-wahrzeichen-des-esaf-2025\/#webpage","url":"https:\/\/www.immo-invest.ch\/fr\/holzgigant-und-wahrzeichen-des-esaf-2025\/","name":"G\u00e9ant de bois et embl\u00e8me de l\u2019ESAF 2025 - immo!nvest - Die Plattform f\u00fcr Standorte und Immobilien","description":"Lors de la F\u00eate f\u00e9d\u00e9rale de lutte suisse et des jeux alpestres (FFLS) 2025 \u00e0 Mollis (GL), un chef-d'\u0153uvre en bois se dresse au-dessus du site de la f\u00eate. Le Muni \"Max\", haut de 21 m\u00e8tres, long de 36 m\u00e8tres et large de pr\u00e8s de 10 m\u00e8tres, p\u00e8se 182 tonnes. Fabriqu\u00e9 \u00e0 partir de 437 \u00e9l\u00e9ments pr\u00e9fabriqu\u00e9s, il s'agit du plus grand projet symbolique de la fili\u00e8re bois suisse depuis des ann\u00e9es. La construction allie l'art de l'ing\u00e9nierie, la tradition artisanale et la cr\u00e9ation de valeur r\u00e9gionale et pourrait continuer \u00e0 vivre apr\u00e8s l'ESAF en tant qu'attraction touristique.","inLanguage":"fr-FR","isPartOf":{"@id":"https:\/\/www.immo-invest.ch\/fr\/#website"},"breadcrumb":{"@id":"https:\/\/www.immo-invest.ch\/fr\/holzgigant-und-wahrzeichen-des-esaf-2025\/#breadcrumblist"},"author":{"@id":"https:\/\/www.immo-invest.ch\/fr\/author\/immovestuser\/#author"},"creator":{"@id":"https:\/\/www.immo-invest.ch\/fr\/author\/immovestuser\/#author"},"image":{"@type":"ImageObject","url":"https:\/\/www.immo-invest.ch\/wp-content\/uploads\/2025\/08\/immo-invest-bauwirtschaft-projekte-regionen-glarus-holzbau-handwerk-esaf2025.jpg","@id":"https:\/\/www.immo-invest.ch\/fr\/holzgigant-und-wahrzeichen-des-esaf-2025\/#mainImage","width":1464,"height":732},"primaryImageOfPage":{"@id":"https:\/\/www.immo-invest.ch\/fr\/holzgigant-und-wahrzeichen-des-esaf-2025\/#mainImage"},"datePublished":"2025-08-12T09:10:00+02:00","dateModified":"2025-08-12T08:52:20+02:00"},{"@type":"WebSite","@id":"https:\/\/www.immo-invest.ch\/fr\/#website","url":"https:\/\/www.immo-invest.ch\/fr\/","name":"immo!nvest - Die Plattform f\u00fcr Standorte und Immobilien","description":"Die\u00a0Plattform f\u00fcr Standorte und Immobilien","inLanguage":"fr-FR","publisher":{"@id":"https:\/\/www.immo-invest.ch\/fr\/#organization"}}]},"og:locale":"fr_FR","og:site_name":"immo!nvest - Die Plattform f\u00fcr Standorte und Immobilien - Die\u00a0Plattform f\u00fcr Standorte und Immobilien","og:type":"article","og:title":"G\u00e9ant de bois et embl\u00e8me de l\u2019ESAF 2025 - immo!nvest - Die Plattform f\u00fcr Standorte und Immobilien","og:description":"Lors de la F\u00eate f\u00e9d\u00e9rale de lutte suisse et des jeux alpestres (FFLS) 2025 \u00e0 Mollis (GL), un chef-d'\u0153uvre en bois se dresse au-dessus du site de la f\u00eate. Le Muni &quot;Max&quot;, haut de 21 m\u00e8tres, long de 36 m\u00e8tres et large de pr\u00e8s de 10 m\u00e8tres, p\u00e8se 182 tonnes. Fabriqu\u00e9 \u00e0 partir de 437 \u00e9l\u00e9ments pr\u00e9fabriqu\u00e9s, il s'agit du plus grand projet symbolique de la fili\u00e8re bois suisse depuis des ann\u00e9es. La construction allie l'art de l'ing\u00e9nierie, la tradition artisanale et la cr\u00e9ation de valeur r\u00e9gionale et pourrait continuer \u00e0 vivre apr\u00e8s l'ESAF en tant qu'attraction touristique.","og:url":"https:\/\/www.immo-invest.ch\/fr\/holzgigant-und-wahrzeichen-des-esaf-2025\/","og:image":"https:\/\/www.immo-invest.ch\/wp-content\/uploads\/2025\/08\/immo-invest-bauwirtschaft-projekte-regionen-glarus-holzbau-handwerk-esaf2025.jpg","og:image:secure_url":"https:\/\/www.immo-invest.ch\/wp-content\/uploads\/2025\/08\/immo-invest-bauwirtschaft-projekte-regionen-glarus-holzbau-handwerk-esaf2025.jpg","og:image:width":1464,"og:image:height":732,"article:published_time":"2025-08-12T07:10:00+00:00","article:modified_time":"2025-08-12T06:52:20+00:00","article:publisher":"https:\/\/www.facebook.com\/people\/Immoinvest\/100077962920504\/","twitter:card":"summary_large_image","twitter:site":"@i","twitter:title":"G\u00e9ant de bois et embl\u00e8me de l\u2019ESAF 2025 - immo!nvest - Die Plattform f\u00fcr Standorte und Immobilien","twitter:description":"Lors de la F\u00eate f\u00e9d\u00e9rale de lutte suisse et des jeux alpestres (FFLS) 2025 \u00e0 Mollis (GL), un chef-d'\u0153uvre en bois se dresse au-dessus du site de la f\u00eate. Le Muni &quot;Max&quot;, haut de 21 m\u00e8tres, long de 36 m\u00e8tres et large de pr\u00e8s de 10 m\u00e8tres, p\u00e8se 182 tonnes. Fabriqu\u00e9 \u00e0 partir de 437 \u00e9l\u00e9ments pr\u00e9fabriqu\u00e9s, il s'agit du plus grand projet symbolique de la fili\u00e8re bois suisse depuis des ann\u00e9es. La construction allie l'art de l'ing\u00e9nierie, la tradition artisanale et la cr\u00e9ation de valeur r\u00e9gionale et pourrait continuer \u00e0 vivre apr\u00e8s l'ESAF en tant qu'attraction touristique.","twitter:creator":"@i","twitter:image":"https:\/\/www.immo-invest.ch\/wp-content\/uploads\/2025\/08\/immo-invest-bauwirtschaft-projekte-regionen-glarus-holzbau-handwerk-esaf2025.jpg"},"aioseo_meta_data":{"post_id":"137083","title":null,"description":null,"keywords":null,"keyphrases":{"focus":{"keyphrase":"","score":0,"analysis":{"keyphraseInTitle":{"score":0,"maxScore":9,"error":1}}},"additional":[]},"primary_term":null,"canonical_url":null,"og_title":null,"og_description":null,"og_object_type":"default","og_image_type":"default","og_image_url":null,"og_image_width":null,"og_image_height":null,"og_image_custom_url":null,"og_image_custom_fields":null,"og_video":"","og_custom_url":null,"og_article_section":null,"og_article_tags":null,"twitter_use_og":false,"twitter_card":"default","twitter_image_type":"default","twitter_image_url":null,"twitter_image_custom_url":null,"twitter_image_custom_fields":null,"twitter_title":null,"twitter_description":null,"schema":{"blockGraphs":[],"customGraphs":[],"default":{"data":{"Article":[],"Course":[],"Dataset":[],"FAQPage":[],"Movie":[],"Person":[],"Product":[],"ProductReview":[],"Car":[],"Recipe":[],"Service":[],"SoftwareApplication":[],"WebPage":[]},"graphName":"BlogPosting","isEnabled":true},"graphs":[]},"schema_type":"default","schema_type_options":null,"pillar_content":false,"robots_default":true,"robots_noindex":false,"robots_noarchive":false,"robots_nosnippet":false,"robots_nofollow":false,"robots_noimageindex":false,"robots_noodp":false,"robots_notranslate":false,"robots_max_snippet":"-1","robots_max_videopreview":"-1","robots_max_imagepreview":"large","priority":null,"frequency":"default","local_seo":null,"breadcrumb_settings":null,"limit_modified_date":false,"ai":null,"created":"2025-08-12 06:52:21","updated":"2025-10-25 00:06:13","seo_analyzer_scan_date":null,"focus_keyword":null,"additional_keywords":null,"truseo_locale":null},"aioseo_breadcrumb":"<div class=\"aioseo-breadcrumbs\"><span class=\"aioseo-breadcrumb\">\n\t\t\t<a href=\"https:\/\/www.immo-invest.ch\/fr\/\" title=\"Home\">Home<\/a>\n\t\t<\/span><span class=\"aioseo-breadcrumb-separator\">&raquo;<\/span><span class=\"aioseo-breadcrumb\">\n\t\t\t<a href=\"https:\/\/www.immo-invest.ch\/fr\/categories\/regions\/\" title=\"R\u00e9gions\">R\u00e9gions<\/a>\n\t\t<\/span><span class=\"aioseo-breadcrumb-separator\">&raquo;<\/span><span class=\"aioseo-breadcrumb\">\n\t\t\t<a href=\"https:\/\/www.immo-invest.ch\/fr\/categories\/regions\/suisse\/\" title=\"Suisse\">Suisse<\/a>\n\t\t<\/span><span class=\"aioseo-breadcrumb-separator\">&raquo;<\/span><span class=\"aioseo-breadcrumb\">\n\t\t\t<a href=\"https:\/\/www.immo-invest.ch\/fr\/categories\/regions\/suisse\/suisse-orientale\/\" title=\"Suisse orientale\">Suisse orientale<\/a>\n\t\t<\/span><span class=\"aioseo-breadcrumb-separator\">&raquo;<\/span><span class=\"aioseo-breadcrumb\">\n\t\t\t<a href=\"https:\/\/www.immo-invest.ch\/fr\/categories\/regions\/suisse\/suisse-orientale\/glarus-fr\/\" title=\"Glarus\">Glarus<\/a>\n\t\t<\/span><span class=\"aioseo-breadcrumb-separator\">&raquo;<\/span><span class=\"aioseo-breadcrumb\">\n\t\t\tG\u00e9ant de bois et embl\u00e8me de l\u2019ESAF 2025\n\t\t<\/span><\/div>","aioseo_breadcrumb_json":[{"label":"Home","link":"https:\/\/www.immo-invest.ch\/fr\/"},{"label":"R\u00e9gions","link":"https:\/\/www.immo-invest.ch\/fr\/categories\/regions\/"},{"label":"Suisse","link":"https:\/\/www.immo-invest.ch\/fr\/categories\/regions\/suisse\/"},{"label":"Suisse orientale","link":"https:\/\/www.immo-invest.ch\/fr\/categories\/regions\/suisse\/suisse-orientale\/"},{"label":"Glarus","link":"https:\/\/www.immo-invest.ch\/fr\/categories\/regions\/suisse\/suisse-orientale\/glarus-fr\/"},{"label":"G\u00e9ant de bois et embl\u00e8me de l&rsquo;ESAF 2025","link":"https:\/\/www.immo-invest.ch\/fr\/holzgigant-und-wahrzeichen-des-esaf-2025\/"}],"featured_image_src":"https:\/\/www.immo-invest.ch\/wp-content\/uploads\/2025\/08\/immo-invest-bauwirtschaft-projekte-regionen-glarus-holzbau-handwerk-esaf2025-336x168.jpg","_links":{"self":[{"href":"https:\/\/www.immo-invest.ch\/fr\/wp-json\/wp\/v2\/posts\/137083","targetHints":{"allow":["GET"]}}],"collection":[{"href":"https:\/\/www.immo-invest.ch\/fr\/wp-json\/wp\/v2\/posts"}],"about":[{"href":"https:\/\/www.immo-invest.ch\/fr\/wp-json\/wp\/v2\/types\/post"}],"author":[{"embeddable":true,"href":"https:\/\/www.immo-invest.ch\/fr\/wp-json\/wp\/v2\/users\/2"}],"replies":[{"embeddable":true,"href":"https:\/\/www.immo-invest.ch\/fr\/wp-json\/wp\/v2\/comments?post=137083"}],"version-history":[{"count":0,"href":"https:\/\/www.immo-invest.ch\/fr\/wp-json\/wp\/v2\/posts\/137083\/revisions"}],"wp:featuredmedia":[{"embeddable":true,"href":"https:\/\/www.immo-invest.ch\/fr\/wp-json\/wp\/v2\/media\/137078"}],"wp:attachment":[{"href":"https:\/\/www.immo-invest.ch\/fr\/wp-json\/wp\/v2\/media?parent=137083"}],"wp:term":[{"taxonomy":"category","embeddable":true,"href":"https:\/\/www.immo-invest.ch\/fr\/wp-json\/wp\/v2\/categories?post=137083"},{"taxonomy":"post_tag","embeddable":true,"href":"https:\/\/www.immo-invest.ch\/fr\/wp-json\/wp\/v2\/tags?post=137083"}],"curies":[{"name":"wp","href":"https:\/\/api.w.org\/{rel}","templated":true}]}}