{"id":137024,"date":"2025-08-12T08:20:00","date_gmt":"2025-08-12T06:20:00","guid":{"rendered":"https:\/\/www.immo-invest.ch\/?p=137024"},"modified":"2025-08-11T08:46:20","modified_gmt":"2025-08-11T06:46:20","slug":"europas-groesstes-bauprojekt-nimmt-gestalt-an","status":"publish","type":"post","link":"https:\/\/www.immo-invest.ch\/fr\/europas-groesstes-bauprojekt-nimmt-gestalt-an\/","title":{"rendered":"Le plus grand projet de construction d&rsquo;Europe prend forme"},"content":{"rendered":"<p class=\"wp-block-paragraph\">L&rsquo;ambitieux projet Ellinikon est en cours de r&eacute;alisation sur le site de l&rsquo;a&eacute;roport d&eacute;saffect&eacute; d&rsquo;Hellinikon, au sud d&rsquo;Ath&egrave;nes. La Gr&egrave;ce y construit une nouvelle ville &agrave; partir de z&eacute;ro, qui servira de mod&egrave;le pour un d&eacute;veloppement urbain durable et num&eacute;riquement connect&eacute;. Dans quelques ann&eacute;es, cette zone devrait devenir un lieu de vie pour plus de 10 000 personnes, un lieu de travail pour jusqu&rsquo;&agrave; 80 000 employ&eacute;s et une destination pour des millions de touristes. L&rsquo;objectif est de cr&eacute;er une ville qui r&eacute;ponde aux exigences &eacute;cologiques, technologiques et sociales du 21e si&egrave;cle.<\/p>\n\n\n\n\n\n<p class=\"wp-block-paragraph\"><strong>De l&rsquo;a&eacute;roport fant&ocirc;me &agrave; l&rsquo;espoir<br><\/strong>Le site de l&rsquo;ancien a&eacute;roport international Hellenikon, autrefois la porte d&rsquo;entr&eacute;e du monde, &eacute;tait inutilis&eacute; et en mauvais &eacute;tat depuis des d&eacute;cennies. Avec la crise de la dette, le projet a commenc&eacute; &agrave; bouger. en 2014, Lamda Development a remport&eacute; le contrat de location et de d&eacute;veloppement du site pour 915 millions d&rsquo;euros sur 99 ans. La planification a &eacute;t&eacute; confi&eacute;e &agrave; des cabinets d&rsquo;architectes renomm&eacute;s, dont Foster Partners de Londres. Depuis 2020, les excavatrices roulent et tout devrait &ecirc;tre termin&eacute; en 2036.<\/p>\n\n\n\n\n\n<p class=\"wp-block-paragraph\"><strong>Une ville des courtes distances<br><\/strong>Ellinikon est con&ccedil;ue comme une ville dite &laquo;&nbsp;&agrave; 15 minutes&nbsp;&raquo;. Tout ce dont on a besoin pour vivre, &eacute;cole, cabinet m&eacute;dical, &eacute;picerie, terrain de sport ou caf&eacute;, doit &ecirc;tre accessible en 15 minutes &agrave; pied ou &agrave; v&eacute;lo. Les planificateurs souhaitent ainsi r&eacute;duire consid&eacute;rablement le trafic individuel motoris&eacute;. Les transports en commun, la micro-mobilit&eacute; avec des scooters &eacute;lectriques, le v&eacute;lo en libre-service et un r&eacute;seau moderne de voies pi&eacute;tonnes et cyclables remplacent la voiture classique.<\/p>\n\n\n\n\n\n<p class=\"wp-block-paragraph\"><strong>Le plus grand parc c&ocirc;tier d&rsquo;Europe<br><\/strong>Au c&oelig;ur de la nouvelle zone urbaine, un parc est en train de voir le jour et devrait faire r&eacute;f&eacute;rence. 2,6 millions de m&egrave;tres carr&eacute;s d&rsquo;espaces verts, soit plus que le Hyde Park de Londres. Le parc Ellinikon offre un espace pour la promenade, le sport, les &eacute;v&eacute;nements culturels et l&rsquo;observation de la nature. Environ 80 % de l&rsquo;eau utilis&eacute;e provient de sources naturelles d&eacute;j&agrave; pr&eacute;sentes sur le site.<\/p>\n\n\n\n\n\n<p class=\"wp-block-paragraph\"><strong>R&eacute;utiliser au lieu de gaspiller<br><\/strong>Avant que les gratte-ciel ne s&rsquo;&eacute;l&egrave;vent vers le ciel, il a d&rsquo;abord fallu creuser profond&eacute;ment. Plus de 300 piliers en b&eacute;ton arm&eacute;, d&rsquo;une profondeur allant jusqu&rsquo;&agrave; 55 m&egrave;tres, soutiennent les fondations du nouveau symbole de la Riviera Tower. Le b&eacute;ton des anciennes pistes d&rsquo;atterrissage sera recycl&eacute; sur place et r&eacute;utilis&eacute; pour les routes et la stabilisation des pentes. L&rsquo;un des principaux objectifs du projet est de parvenir &agrave; z&eacute;ro &eacute;mission nette. Les b&acirc;timents seront certifi&eacute;s selon la norme LEED.<\/p>\n\n\n\n\n\n<p class=\"wp-block-paragraph\"><strong>Le plus haut b&acirc;timent r&eacute;sidentiel de Gr&egrave;ce<br><\/strong>207 m&egrave;tres de haut, 53 &eacute;tages, 169 appartements, la Riviera Tower sera le plus haut b&acirc;timent du pays. Outre la Riviera Tower, un autre gratte-ciel sera construit, la Vouliagmenis Mixed Use Tower, d&rsquo;une hauteur de 150 m&egrave;tres. Elle comprendra des bureaux, un h&ocirc;tel pour les voyageurs d&rsquo;affaires et sera directement reli&eacute;e &agrave; deux stations de m&eacute;tro.<\/p>\n\n\n\n\n\n<p class=\"wp-block-paragraph\"><strong>Smart City Ellinikon<br><\/strong>Ellinikon se veut une ville intelligente. Les donn&eacute;es, les capteurs, la mise en r&eacute;seau et les services num&eacute;riques y jouent un r&ocirc;le central. Un &eacute;clairage public intelligent, des capteurs pour la qualit&eacute; de l&rsquo;air et le bruit, des applications pour la navigation, la r&eacute;servation et le paiement, ainsi que des r&eacute;seaux 5G et &agrave; fibre optique pour une connectivit&eacute; &eacute;lev&eacute;e ne sont que quelques exemples. Les r&eacute;seaux &eacute;lectriques intelligents, l&rsquo;architecture &eacute;co-&eacute;nerg&eacute;tique et les analyses microclimatiques devraient permettre d&rsquo;optimiser la consommation d&rsquo;&eacute;nergie.<\/p>\n\n\n\n\n\n<p class=\"wp-block-paragraph\"><strong>Engagement social et tourisme<br><\/strong>Ellinikon ne doit pas seulement &ecirc;tre chic, mais aussi social. D&egrave;s 2023, le premier b&acirc;timent achev&eacute; a &eacute;t&eacute; livr&eacute;, un centre pour les personnes handicap&eacute;es. D&rsquo;autres &eacute;quipements publics sont en projet, comme des jardins d&rsquo;enfants, des &eacute;coles, une clinique, des centres culturels et des installations sportives. Deux grands centres commerciaux, le Vouliagmenis Mall et le Riviera Galleria, devraient attirer une client&egrave;le internationale. Mais le complexe de casinos, r&eacute;alis&eacute; en collaboration avec Hard Rock International, devrait &ecirc;tre encore plus spectaculaire.<\/p>\n\n\n\n\n\n<p class=\"wp-block-paragraph\"><strong>Un coup de pouce &eacute;conomique pour la Gr&egrave;ce<br><\/strong>Le projet devrait contribuer &agrave; long terme &agrave; 2,4 % du produit int&eacute;rieur brut de la Gr&egrave;ce. 70 000 &agrave; 80 000 nouveaux emplois directs et indirects sont pr&eacute;vus et le tourisme devrait cro&icirc;tre de plus d&rsquo;un million de visiteurs suppl&eacute;mentaires par an. Les recettes fiscales attendues s&rsquo;&eacute;l&egrave;vent &agrave; 14 milliards d&rsquo;euros sur la dur&eacute;e du projet.<\/p>\n\n\n\n\n\n<p class=\"wp-block-paragraph\"><strong>La suite des &eacute;v&eacute;nements<br><\/strong>La premi&egrave;re grande phase de construction devrait &ecirc;tre achev&eacute;e d&rsquo;ici 2026\/2027. Les infrastructures centrales telles que les voies de communication, les premiers b&acirc;timents r&eacute;sidentiels, les espaces verts et les &eacute;tablissements d&rsquo;enseignement devraient alors &ecirc;tre en place. L&rsquo;ach&egrave;vement complet suivra d&rsquo;ici 2036. Ellinikon ne doit pas seulement &ecirc;tre un nouveau <span class=\"glossaryLink\" aria-describedby=\"tt\" data-cmtooltip=\"&lt;div class=glossaryItemTitle&gt;Quartier&lt;\/div&gt;&lt;div class=glossaryItemBody&gt;Amtliches, historisches, soziales oder stadtplanerisches Stadtviertel&lt;\/div&gt;\" data-mobile-support=\"0\" data-gt-translate-attributes='[{\"attribute\":\"data-cmtooltip\", \"format\":\"html\"}]' tabindex=\"0\" role=\"link\">quartier<\/span> d&rsquo;Ath&egrave;nes, mais une vitrine de ce &agrave; quoi le d&eacute;veloppement urbain peut ressembler &agrave; l&rsquo;avenir.<\/p>\n\n","protected":false},"excerpt":{"rendered":"<p>Le m\u00e9ga-projet grec Ellinikon pose de nouveaux jalons en mati\u00e8re de d\u00e9veloppement urbain. Avec des b\u00e2timents intelligents, un immense parc c\u00f4tier et un r\u00e9seau de pistes cyclables au lieu de routes pour voitures.<\/p>\n","protected":false},"author":2,"featured_media":137019,"comment_status":"open","ping_status":"open","sticky":false,"template":"","format":"standard","meta":{"pmpro_default_level":"","inline_featured_image":false,"_monsterinsights_skip_tracking":false,"footnotes":""},"categories":[22699,22353,743,739,22438],"tags":[54009,872,3931,46078,2002,6536],"class_list":["post-137024","post","type-post","status-publish","format-standard","has-post-thumbnail","hentry","category-durabilite","category-international-fr","category-immonews-fr","category-projects","category-trends-fr","tag-ellinikon-fr","tag-immoinvest-fr","tag-immonews-fr","tag-nachhaltige-stadtentwicklung-fr","tag-news-fr","tag-smart-city-fr","pmpro-has-access"],"acf":{"bild_mit_ki_erstellt_worden":[],"lead":"Le m\u00e9ga-projet grec Ellinikon pose de nouveaux jalons en mati\u00e8re de d\u00e9veloppement urbain. Avec des b\u00e2timents intelligents, un immense parc c\u00f4tier et un r\u00e9seau de pistes cyclables au lieu de routes pour voitures.","autor":"Quelle Ingenieur","ort":"","bildunterschrift":"","bild_im_grid":false,"gallerie":"","newsim":""},"aioseo_notices":[],"aioseo_head":"\n\t\t<!-- All in One SEO 5.0.0.1 - aioseo.com -->\n\t<meta name=\"description\" content=\"Le m\u00e9ga-projet grec Ellinikon pose de nouveaux jalons en mati\u00e8re de d\u00e9veloppement urbain. Avec des b\u00e2timents intelligents, un immense parc c\u00f4tier et un r\u00e9seau de pistes cyclables au lieu de routes pour voitures.\" \/>\n\t<meta name=\"robots\" content=\"max-image-preview:large\" \/>\n\t<meta name=\"author\" content=\"immovestuser\"\/>\n\t<meta name=\"google-site-verification\" content=\"fHJKvgWpZCR2zVBHWfkQeFXC11qieUSff0HGNYfuyLA\" \/>\n\t<link rel=\"canonical\" href=\"https:\/\/www.immo-invest.ch\/fr\/europas-groesstes-bauprojekt-nimmt-gestalt-an\/\" \/>\n\t<meta name=\"generator\" content=\"All in One SEO (AIOSEO) 5.0.0.1\" \/>\n\t\t<meta property=\"og:locale\" content=\"fr_FR\" \/>\n\t\t<meta property=\"og:site_name\" content=\"immo!nvest - Die Plattform f\u00fcr Standorte und Immobilien - Die\u00a0Plattform f\u00fcr Standorte und Immobilien\" \/>\n\t\t<meta property=\"og:type\" content=\"article\" \/>\n\t\t<meta property=\"og:title\" content=\"Le plus grand projet de construction d\u2019Europe prend forme - immo!nvest - Die Plattform f\u00fcr Standorte und Immobilien\" \/>\n\t\t<meta property=\"og:description\" content=\"Le m\u00e9ga-projet grec Ellinikon pose de nouveaux jalons en mati\u00e8re de d\u00e9veloppement urbain. Avec des b\u00e2timents intelligents, un immense parc c\u00f4tier et un r\u00e9seau de pistes cyclables au lieu de routes pour voitures.\" \/>\n\t\t<meta property=\"og:url\" content=\"https:\/\/www.immo-invest.ch\/fr\/europas-groesstes-bauprojekt-nimmt-gestalt-an\/\" \/>\n\t\t<meta property=\"og:image\" content=\"https:\/\/www.immo-invest.ch\/wp-content\/uploads\/2025\/08\/immo-invest-ellinikon-projekte-trends-nachhaltigkeit-smartcity-stadtentwicklung.jpg\" \/>\n\t\t<meta property=\"og:image:secure_url\" content=\"https:\/\/www.immo-invest.ch\/wp-content\/uploads\/2025\/08\/immo-invest-ellinikon-projekte-trends-nachhaltigkeit-smartcity-stadtentwicklung.jpg\" \/>\n\t\t<meta property=\"og:image:width\" content=\"2048\" \/>\n\t\t<meta property=\"og:image:height\" content=\"1152\" \/>\n\t\t<meta property=\"article:published_time\" content=\"2025-08-12T06:20:00+00:00\" \/>\n\t\t<meta property=\"article:modified_time\" content=\"2025-08-11T06:46:20+00:00\" \/>\n\t\t<meta property=\"article:publisher\" content=\"https:\/\/www.facebook.com\/people\/Immoinvest\/100077962920504\/\" \/>\n\t\t<meta name=\"twitter:card\" content=\"summary_large_image\" \/>\n\t\t<meta name=\"twitter:site\" content=\"@i\" \/>\n\t\t<meta name=\"twitter:title\" content=\"Le plus grand projet de construction d\u2019Europe prend forme - immo!nvest - Die Plattform f\u00fcr Standorte und Immobilien\" \/>\n\t\t<meta name=\"twitter:description\" content=\"Le m\u00e9ga-projet grec Ellinikon pose de nouveaux jalons en mati\u00e8re de d\u00e9veloppement urbain. Avec des b\u00e2timents intelligents, un immense parc c\u00f4tier et un r\u00e9seau de pistes cyclables au lieu de routes pour voitures.\" \/>\n\t\t<meta name=\"twitter:creator\" content=\"@i\" \/>\n\t\t<meta name=\"twitter:image\" content=\"https:\/\/www.immo-invest.ch\/wp-content\/uploads\/2025\/08\/immo-invest-ellinikon-projekte-trends-nachhaltigkeit-smartcity-stadtentwicklung.jpg\" \/>\n\t\t<script type=\"application\/ld+json\" class=\"aioseo-schema\">\n\t\t\t{\"@context\":\"https:\\\/\\\/schema.org\",\"@graph\":[{\"@type\":\"BlogPosting\",\"@id\":\"https:\\\/\\\/www.immo-invest.ch\\\/fr\\\/europas-groesstes-bauprojekt-nimmt-gestalt-an\\\/#blogposting\",\"name\":\"Le plus grand projet de construction d\\u2019Europe prend forme - immo!nvest - Die Plattform f\\u00fcr Standorte und Immobilien\",\"headline\":\"Le plus grand projet de construction d&rsquo;Europe prend forme\",\"author\":{\"@id\":\"https:\\\/\\\/www.immo-invest.ch\\\/fr\\\/author\\\/immovestuser\\\/#author\"},\"publisher\":{\"@id\":\"https:\\\/\\\/www.immo-invest.ch\\\/fr\\\/#organization\"},\"image\":{\"@type\":\"ImageObject\",\"url\":\"https:\\\/\\\/www.immo-invest.ch\\\/wp-content\\\/uploads\\\/2025\\\/08\\\/immo-invest-ellinikon-projekte-trends-nachhaltigkeit-smartcity-stadtentwicklung.jpg\",\"width\":2048,\"height\":1152},\"datePublished\":\"2025-08-12T08:20:00+02:00\",\"dateModified\":\"2025-08-11T08:46:20+02:00\",\"inLanguage\":\"fr-FR\",\"mainEntityOfPage\":{\"@id\":\"https:\\\/\\\/www.immo-invest.ch\\\/fr\\\/europas-groesstes-bauprojekt-nimmt-gestalt-an\\\/#webpage\"},\"isPartOf\":{\"@id\":\"https:\\\/\\\/www.immo-invest.ch\\\/fr\\\/europas-groesstes-bauprojekt-nimmt-gestalt-an\\\/#webpage\"},\"articleSection\":\"Durabilit\\u00e9, Global, immoNews, Projects, Trends, Ellinikon, Immoinvest, immoNews, Nachhaltige Stadtentwicklung, News, Smart City, Facultatif\"},{\"@type\":\"BreadcrumbList\",\"@id\":\"https:\\\/\\\/www.immo-invest.ch\\\/fr\\\/europas-groesstes-bauprojekt-nimmt-gestalt-an\\\/#breadcrumblist\",\"itemListElement\":[{\"@type\":\"ListItem\",\"@id\":\"https:\\\/\\\/www.immo-invest.ch\\\/fr\\\/#listItem\",\"position\":1,\"name\":\"Home\",\"item\":\"https:\\\/\\\/www.immo-invest.ch\\\/fr\\\/\",\"nextItem\":{\"@type\":\"ListItem\",\"@id\":\"https:\\\/\\\/www.immo-invest.ch\\\/fr\\\/categories\\\/regions\\\/#listItem\",\"name\":\"R\\u00e9gions\"}},{\"@type\":\"ListItem\",\"@id\":\"https:\\\/\\\/www.immo-invest.ch\\\/fr\\\/categories\\\/regions\\\/#listItem\",\"position\":2,\"name\":\"R\\u00e9gions\",\"item\":\"https:\\\/\\\/www.immo-invest.ch\\\/fr\\\/categories\\\/regions\\\/\",\"nextItem\":{\"@type\":\"ListItem\",\"@id\":\"https:\\\/\\\/www.immo-invest.ch\\\/fr\\\/categories\\\/regions\\\/international\\\/#listItem\",\"name\":\"International\"},\"previousItem\":{\"@type\":\"ListItem\",\"@id\":\"https:\\\/\\\/www.immo-invest.ch\\\/fr\\\/#listItem\",\"name\":\"Home\"}},{\"@type\":\"ListItem\",\"@id\":\"https:\\\/\\\/www.immo-invest.ch\\\/fr\\\/categories\\\/regions\\\/international\\\/#listItem\",\"position\":3,\"name\":\"International\",\"item\":\"https:\\\/\\\/www.immo-invest.ch\\\/fr\\\/categories\\\/regions\\\/international\\\/\",\"nextItem\":{\"@type\":\"ListItem\",\"@id\":\"https:\\\/\\\/www.immo-invest.ch\\\/fr\\\/categories\\\/regions\\\/international\\\/international-fr\\\/#listItem\",\"name\":\"Global\"},\"previousItem\":{\"@type\":\"ListItem\",\"@id\":\"https:\\\/\\\/www.immo-invest.ch\\\/fr\\\/categories\\\/regions\\\/#listItem\",\"name\":\"R\\u00e9gions\"}},{\"@type\":\"ListItem\",\"@id\":\"https:\\\/\\\/www.immo-invest.ch\\\/fr\\\/categories\\\/regions\\\/international\\\/international-fr\\\/#listItem\",\"position\":4,\"name\":\"Global\",\"item\":\"https:\\\/\\\/www.immo-invest.ch\\\/fr\\\/categories\\\/regions\\\/international\\\/international-fr\\\/\",\"nextItem\":{\"@type\":\"ListItem\",\"@id\":\"https:\\\/\\\/www.immo-invest.ch\\\/fr\\\/europas-groesstes-bauprojekt-nimmt-gestalt-an\\\/#listItem\",\"name\":\"Le plus grand projet de construction d&rsquo;Europe prend forme\"},\"previousItem\":{\"@type\":\"ListItem\",\"@id\":\"https:\\\/\\\/www.immo-invest.ch\\\/fr\\\/categories\\\/regions\\\/international\\\/#listItem\",\"name\":\"International\"}},{\"@type\":\"ListItem\",\"@id\":\"https:\\\/\\\/www.immo-invest.ch\\\/fr\\\/europas-groesstes-bauprojekt-nimmt-gestalt-an\\\/#listItem\",\"position\":5,\"name\":\"Le plus grand projet de construction d&rsquo;Europe prend forme\",\"previousItem\":{\"@type\":\"ListItem\",\"@id\":\"https:\\\/\\\/www.immo-invest.ch\\\/fr\\\/categories\\\/regions\\\/international\\\/international-fr\\\/#listItem\",\"name\":\"Global\"}}]},{\"@type\":\"Organization\",\"@id\":\"https:\\\/\\\/www.immo-invest.ch\\\/fr\\\/#organization\",\"name\":\"immo!nvest - Die Plattform f\\u00fcr Standorte und Immobilien\",\"description\":\"Die\\u00a0Plattform f\\u00fcr Standorte und Immobilien\",\"url\":\"https:\\\/\\\/www.immo-invest.ch\\\/fr\\\/\",\"email\":\"admin@immomedia.ag\",\"telephone\":\"+41444420002\",\"logo\":{\"@type\":\"ImageObject\",\"url\":\"https:\\\/\\\/www.immo-invest.ch\\\/wp-content\\\/uploads\\\/2024\\\/09\\\/immoinvest_sm-scaled.jpg\",\"@id\":\"https:\\\/\\\/www.immo-invest.ch\\\/fr\\\/europas-groesstes-bauprojekt-nimmt-gestalt-an\\\/#organizationLogo\",\"width\":2560,\"height\":1340},\"image\":{\"@id\":\"https:\\\/\\\/www.immo-invest.ch\\\/fr\\\/europas-groesstes-bauprojekt-nimmt-gestalt-an\\\/#organizationLogo\"},\"sameAs\":[\"https:\\\/\\\/www.facebook.com\\\/people\\\/Immoinvest\\\/100077962920504\\\/\",\"https:\\\/\\\/x.com\\\/i\\\/flow\\\/login?redirect_after_login=immoinvest_ch\",\"https:\\\/\\\/www.instagram.com\\\/immoinvest_ch\\\/\",\"https:\\\/\\\/www.linkedin.com\\\/company\\\/immoinvest-swiss\"]},{\"@type\":\"Person\",\"@id\":\"https:\\\/\\\/www.immo-invest.ch\\\/fr\\\/author\\\/immovestuser\\\/#author\",\"url\":\"https:\\\/\\\/www.immo-invest.ch\\\/fr\\\/author\\\/immovestuser\\\/\",\"name\":\"immovestuser\",\"image\":{\"@type\":\"ImageObject\",\"@id\":\"https:\\\/\\\/www.immo-invest.ch\\\/fr\\\/europas-groesstes-bauprojekt-nimmt-gestalt-an\\\/#authorImage\",\"url\":\"https:\\\/\\\/secure.gravatar.com\\\/avatar\\\/8e01f4d99f2eeea7a362ebb93305e1172a70e9293ba250f897a65c39f54cdd1e?s=96&d=mm&r=g\",\"width\":96,\"height\":96,\"caption\":\"immovestuser\"}},{\"@type\":\"WebPage\",\"@id\":\"https:\\\/\\\/www.immo-invest.ch\\\/fr\\\/europas-groesstes-bauprojekt-nimmt-gestalt-an\\\/#webpage\",\"url\":\"https:\\\/\\\/www.immo-invest.ch\\\/fr\\\/europas-groesstes-bauprojekt-nimmt-gestalt-an\\\/\",\"name\":\"Le plus grand projet de construction d\\u2019Europe prend forme - immo!nvest - Die Plattform f\\u00fcr Standorte und Immobilien\",\"description\":\"Le m\\u00e9ga-projet grec Ellinikon pose de nouveaux jalons en mati\\u00e8re de d\\u00e9veloppement urbain. Avec des b\\u00e2timents intelligents, un immense parc c\\u00f4tier et un r\\u00e9seau de pistes cyclables au lieu de routes pour voitures.\",\"inLanguage\":\"fr-FR\",\"isPartOf\":{\"@id\":\"https:\\\/\\\/www.immo-invest.ch\\\/fr\\\/#website\"},\"breadcrumb\":{\"@id\":\"https:\\\/\\\/www.immo-invest.ch\\\/fr\\\/europas-groesstes-bauprojekt-nimmt-gestalt-an\\\/#breadcrumblist\"},\"author\":{\"@id\":\"https:\\\/\\\/www.immo-invest.ch\\\/fr\\\/author\\\/immovestuser\\\/#author\"},\"creator\":{\"@id\":\"https:\\\/\\\/www.immo-invest.ch\\\/fr\\\/author\\\/immovestuser\\\/#author\"},\"image\":{\"@type\":\"ImageObject\",\"url\":\"https:\\\/\\\/www.immo-invest.ch\\\/wp-content\\\/uploads\\\/2025\\\/08\\\/immo-invest-ellinikon-projekte-trends-nachhaltigkeit-smartcity-stadtentwicklung.jpg\",\"@id\":\"https:\\\/\\\/www.immo-invest.ch\\\/fr\\\/europas-groesstes-bauprojekt-nimmt-gestalt-an\\\/#mainImage\",\"width\":2048,\"height\":1152},\"primaryImageOfPage\":{\"@id\":\"https:\\\/\\\/www.immo-invest.ch\\\/fr\\\/europas-groesstes-bauprojekt-nimmt-gestalt-an\\\/#mainImage\"},\"datePublished\":\"2025-08-12T08:20:00+02:00\",\"dateModified\":\"2025-08-11T08:46:20+02:00\"},{\"@type\":\"WebSite\",\"@id\":\"https:\\\/\\\/www.immo-invest.ch\\\/fr\\\/#website\",\"url\":\"https:\\\/\\\/www.immo-invest.ch\\\/fr\\\/\",\"name\":\"immo!nvest - Die Plattform f\\u00fcr Standorte und Immobilien\",\"description\":\"Die\\u00a0Plattform f\\u00fcr Standorte und Immobilien\",\"inLanguage\":\"fr-FR\",\"publisher\":{\"@id\":\"https:\\\/\\\/www.immo-invest.ch\\\/fr\\\/#organization\"}}]}\n\t\t<\/script>\n\t\t<!-- All in One SEO -->\n\n","aioseo_head_json":{"title":"Le plus grand projet de construction d\u2019Europe prend forme - immo!nvest - Die Plattform f\u00fcr Standorte und Immobilien","description":"Le m\u00e9ga-projet grec Ellinikon pose de nouveaux jalons en mati\u00e8re de d\u00e9veloppement urbain. Avec des b\u00e2timents intelligents, un immense parc c\u00f4tier et un r\u00e9seau de pistes cyclables au lieu de routes pour voitures.","canonical_url":"https:\/\/www.immo-invest.ch\/fr\/europas-groesstes-bauprojekt-nimmt-gestalt-an\/","robots":"max-image-preview:large","keywords":"","webmasterTools":{"google-site-verification":"fHJKvgWpZCR2zVBHWfkQeFXC11qieUSff0HGNYfuyLA","miscellaneous":""},"schema":{"@context":"https:\/\/schema.org","@graph":[{"@type":"BlogPosting","@id":"https:\/\/www.immo-invest.ch\/fr\/europas-groesstes-bauprojekt-nimmt-gestalt-an\/#blogposting","name":"Le plus grand projet de construction d\u2019Europe prend forme - immo!nvest - Die Plattform f\u00fcr Standorte und Immobilien","headline":"Le plus grand projet de construction d&rsquo;Europe prend forme","author":{"@id":"https:\/\/www.immo-invest.ch\/fr\/author\/immovestuser\/#author"},"publisher":{"@id":"https:\/\/www.immo-invest.ch\/fr\/#organization"},"image":{"@type":"ImageObject","url":"https:\/\/www.immo-invest.ch\/wp-content\/uploads\/2025\/08\/immo-invest-ellinikon-projekte-trends-nachhaltigkeit-smartcity-stadtentwicklung.jpg","width":2048,"height":1152},"datePublished":"2025-08-12T08:20:00+02:00","dateModified":"2025-08-11T08:46:20+02:00","inLanguage":"fr-FR","mainEntityOfPage":{"@id":"https:\/\/www.immo-invest.ch\/fr\/europas-groesstes-bauprojekt-nimmt-gestalt-an\/#webpage"},"isPartOf":{"@id":"https:\/\/www.immo-invest.ch\/fr\/europas-groesstes-bauprojekt-nimmt-gestalt-an\/#webpage"},"articleSection":"Durabilit\u00e9, Global, immoNews, Projects, Trends, Ellinikon, Immoinvest, immoNews, Nachhaltige Stadtentwicklung, News, Smart City, Facultatif"},{"@type":"BreadcrumbList","@id":"https:\/\/www.immo-invest.ch\/fr\/europas-groesstes-bauprojekt-nimmt-gestalt-an\/#breadcrumblist","itemListElement":[{"@type":"ListItem","@id":"https:\/\/www.immo-invest.ch\/fr\/#listItem","position":1,"name":"Home","item":"https:\/\/www.immo-invest.ch\/fr\/","nextItem":{"@type":"ListItem","@id":"https:\/\/www.immo-invest.ch\/fr\/categories\/regions\/#listItem","name":"R\u00e9gions"}},{"@type":"ListItem","@id":"https:\/\/www.immo-invest.ch\/fr\/categories\/regions\/#listItem","position":2,"name":"R\u00e9gions","item":"https:\/\/www.immo-invest.ch\/fr\/categories\/regions\/","nextItem":{"@type":"ListItem","@id":"https:\/\/www.immo-invest.ch\/fr\/categories\/regions\/international\/#listItem","name":"International"},"previousItem":{"@type":"ListItem","@id":"https:\/\/www.immo-invest.ch\/fr\/#listItem","name":"Home"}},{"@type":"ListItem","@id":"https:\/\/www.immo-invest.ch\/fr\/categories\/regions\/international\/#listItem","position":3,"name":"International","item":"https:\/\/www.immo-invest.ch\/fr\/categories\/regions\/international\/","nextItem":{"@type":"ListItem","@id":"https:\/\/www.immo-invest.ch\/fr\/categories\/regions\/international\/international-fr\/#listItem","name":"Global"},"previousItem":{"@type":"ListItem","@id":"https:\/\/www.immo-invest.ch\/fr\/categories\/regions\/#listItem","name":"R\u00e9gions"}},{"@type":"ListItem","@id":"https:\/\/www.immo-invest.ch\/fr\/categories\/regions\/international\/international-fr\/#listItem","position":4,"name":"Global","item":"https:\/\/www.immo-invest.ch\/fr\/categories\/regions\/international\/international-fr\/","nextItem":{"@type":"ListItem","@id":"https:\/\/www.immo-invest.ch\/fr\/europas-groesstes-bauprojekt-nimmt-gestalt-an\/#listItem","name":"Le plus grand projet de construction d&rsquo;Europe prend forme"},"previousItem":{"@type":"ListItem","@id":"https:\/\/www.immo-invest.ch\/fr\/categories\/regions\/international\/#listItem","name":"International"}},{"@type":"ListItem","@id":"https:\/\/www.immo-invest.ch\/fr\/europas-groesstes-bauprojekt-nimmt-gestalt-an\/#listItem","position":5,"name":"Le plus grand projet de construction d&rsquo;Europe prend forme","previousItem":{"@type":"ListItem","@id":"https:\/\/www.immo-invest.ch\/fr\/categories\/regions\/international\/international-fr\/#listItem","name":"Global"}}]},{"@type":"Organization","@id":"https:\/\/www.immo-invest.ch\/fr\/#organization","name":"immo!nvest - Die Plattform f\u00fcr Standorte und Immobilien","description":"Die\u00a0Plattform f\u00fcr Standorte und Immobilien","url":"https:\/\/www.immo-invest.ch\/fr\/","email":"admin@immomedia.ag","telephone":"+41444420002","logo":{"@type":"ImageObject","url":"https:\/\/www.immo-invest.ch\/wp-content\/uploads\/2024\/09\/immoinvest_sm-scaled.jpg","@id":"https:\/\/www.immo-invest.ch\/fr\/europas-groesstes-bauprojekt-nimmt-gestalt-an\/#organizationLogo","width":2560,"height":1340},"image":{"@id":"https:\/\/www.immo-invest.ch\/fr\/europas-groesstes-bauprojekt-nimmt-gestalt-an\/#organizationLogo"},"sameAs":["https:\/\/www.facebook.com\/people\/Immoinvest\/100077962920504\/","https:\/\/x.com\/i\/flow\/login?redirect_after_login=immoinvest_ch","https:\/\/www.instagram.com\/immoinvest_ch\/","https:\/\/www.linkedin.com\/company\/immoinvest-swiss"]},{"@type":"Person","@id":"https:\/\/www.immo-invest.ch\/fr\/author\/immovestuser\/#author","url":"https:\/\/www.immo-invest.ch\/fr\/author\/immovestuser\/","name":"immovestuser","image":{"@type":"ImageObject","@id":"https:\/\/www.immo-invest.ch\/fr\/europas-groesstes-bauprojekt-nimmt-gestalt-an\/#authorImage","url":"https:\/\/secure.gravatar.com\/avatar\/8e01f4d99f2eeea7a362ebb93305e1172a70e9293ba250f897a65c39f54cdd1e?s=96&d=mm&r=g","width":96,"height":96,"caption":"immovestuser"}},{"@type":"WebPage","@id":"https:\/\/www.immo-invest.ch\/fr\/europas-groesstes-bauprojekt-nimmt-gestalt-an\/#webpage","url":"https:\/\/www.immo-invest.ch\/fr\/europas-groesstes-bauprojekt-nimmt-gestalt-an\/","name":"Le plus grand projet de construction d\u2019Europe prend forme - immo!nvest - Die Plattform f\u00fcr Standorte und Immobilien","description":"Le m\u00e9ga-projet grec Ellinikon pose de nouveaux jalons en mati\u00e8re de d\u00e9veloppement urbain. Avec des b\u00e2timents intelligents, un immense parc c\u00f4tier et un r\u00e9seau de pistes cyclables au lieu de routes pour voitures.","inLanguage":"fr-FR","isPartOf":{"@id":"https:\/\/www.immo-invest.ch\/fr\/#website"},"breadcrumb":{"@id":"https:\/\/www.immo-invest.ch\/fr\/europas-groesstes-bauprojekt-nimmt-gestalt-an\/#breadcrumblist"},"author":{"@id":"https:\/\/www.immo-invest.ch\/fr\/author\/immovestuser\/#author"},"creator":{"@id":"https:\/\/www.immo-invest.ch\/fr\/author\/immovestuser\/#author"},"image":{"@type":"ImageObject","url":"https:\/\/www.immo-invest.ch\/wp-content\/uploads\/2025\/08\/immo-invest-ellinikon-projekte-trends-nachhaltigkeit-smartcity-stadtentwicklung.jpg","@id":"https:\/\/www.immo-invest.ch\/fr\/europas-groesstes-bauprojekt-nimmt-gestalt-an\/#mainImage","width":2048,"height":1152},"primaryImageOfPage":{"@id":"https:\/\/www.immo-invest.ch\/fr\/europas-groesstes-bauprojekt-nimmt-gestalt-an\/#mainImage"},"datePublished":"2025-08-12T08:20:00+02:00","dateModified":"2025-08-11T08:46:20+02:00"},{"@type":"WebSite","@id":"https:\/\/www.immo-invest.ch\/fr\/#website","url":"https:\/\/www.immo-invest.ch\/fr\/","name":"immo!nvest - Die Plattform f\u00fcr Standorte und Immobilien","description":"Die\u00a0Plattform f\u00fcr Standorte und Immobilien","inLanguage":"fr-FR","publisher":{"@id":"https:\/\/www.immo-invest.ch\/fr\/#organization"}}]},"og:locale":"fr_FR","og:site_name":"immo!nvest - Die Plattform f\u00fcr Standorte und Immobilien - Die\u00a0Plattform f\u00fcr Standorte und Immobilien","og:type":"article","og:title":"Le plus grand projet de construction d\u2019Europe prend forme - immo!nvest - Die Plattform f\u00fcr Standorte und Immobilien","og:description":"Le m\u00e9ga-projet grec Ellinikon pose de nouveaux jalons en mati\u00e8re de d\u00e9veloppement urbain. Avec des b\u00e2timents intelligents, un immense parc c\u00f4tier et un r\u00e9seau de pistes cyclables au lieu de routes pour voitures.","og:url":"https:\/\/www.immo-invest.ch\/fr\/europas-groesstes-bauprojekt-nimmt-gestalt-an\/","og:image":"https:\/\/www.immo-invest.ch\/wp-content\/uploads\/2025\/08\/immo-invest-ellinikon-projekte-trends-nachhaltigkeit-smartcity-stadtentwicklung.jpg","og:image:secure_url":"https:\/\/www.immo-invest.ch\/wp-content\/uploads\/2025\/08\/immo-invest-ellinikon-projekte-trends-nachhaltigkeit-smartcity-stadtentwicklung.jpg","og:image:width":2048,"og:image:height":1152,"article:published_time":"2025-08-12T06:20:00+00:00","article:modified_time":"2025-08-11T06:46:20+00:00","article:publisher":"https:\/\/www.facebook.com\/people\/Immoinvest\/100077962920504\/","twitter:card":"summary_large_image","twitter:site":"@i","twitter:title":"Le plus grand projet de construction d\u2019Europe prend forme - immo!nvest - Die Plattform f\u00fcr Standorte und Immobilien","twitter:description":"Le m\u00e9ga-projet grec Ellinikon pose de nouveaux jalons en mati\u00e8re de d\u00e9veloppement urbain. Avec des b\u00e2timents intelligents, un immense parc c\u00f4tier et un r\u00e9seau de pistes cyclables au lieu de routes pour voitures.","twitter:creator":"@i","twitter:image":"https:\/\/www.immo-invest.ch\/wp-content\/uploads\/2025\/08\/immo-invest-ellinikon-projekte-trends-nachhaltigkeit-smartcity-stadtentwicklung.jpg"},"aioseo_meta_data":{"post_id":"137024","title":null,"description":null,"keywords":null,"keyphrases":{"focus":{"keyphrase":"","score":0,"analysis":{"keyphraseInTitle":{"score":0,"maxScore":9,"error":1}}},"additional":[]},"primary_term":null,"canonical_url":null,"og_title":null,"og_description":null,"og_object_type":"default","og_image_type":"default","og_image_url":null,"og_image_width":null,"og_image_height":null,"og_image_custom_url":null,"og_image_custom_fields":null,"og_video":"","og_custom_url":null,"og_article_section":null,"og_article_tags":null,"twitter_use_og":false,"twitter_card":"default","twitter_image_type":"default","twitter_image_url":null,"twitter_image_custom_url":null,"twitter_image_custom_fields":null,"twitter_title":null,"twitter_description":null,"schema":{"blockGraphs":[],"customGraphs":[],"default":{"data":{"Article":[],"Course":[],"Dataset":[],"FAQPage":[],"Movie":[],"Person":[],"Product":[],"ProductReview":[],"Car":[],"Recipe":[],"Service":[],"SoftwareApplication":[],"WebPage":[]},"graphName":"BlogPosting","isEnabled":true},"graphs":[]},"schema_type":"default","schema_type_options":null,"pillar_content":false,"robots_default":true,"robots_noindex":false,"robots_noarchive":false,"robots_nosnippet":false,"robots_nofollow":false,"robots_noimageindex":false,"robots_noodp":false,"robots_notranslate":false,"robots_max_snippet":"-1","robots_max_videopreview":"-1","robots_max_imagepreview":"large","priority":null,"frequency":"default","local_seo":null,"breadcrumb_settings":null,"limit_modified_date":false,"ai":null,"created":"2025-08-11 06:46:20","updated":"2025-10-25 00:04:13","seo_analyzer_scan_date":null,"focus_keyword":null,"additional_keywords":null,"truseo_locale":null},"aioseo_breadcrumb":"<div class=\"aioseo-breadcrumbs\"><span class=\"aioseo-breadcrumb\">\n\t\t\t<a href=\"https:\/\/www.immo-invest.ch\/fr\/\" title=\"Home\">Home<\/a>\n\t\t<\/span><span class=\"aioseo-breadcrumb-separator\">&raquo;<\/span><span class=\"aioseo-breadcrumb\">\n\t\t\t<a href=\"https:\/\/www.immo-invest.ch\/fr\/categories\/regions\/\" title=\"R\u00e9gions\">R\u00e9gions<\/a>\n\t\t<\/span><span class=\"aioseo-breadcrumb-separator\">&raquo;<\/span><span class=\"aioseo-breadcrumb\">\n\t\t\t<a href=\"https:\/\/www.immo-invest.ch\/fr\/categories\/regions\/international\/\" title=\"International\">International<\/a>\n\t\t<\/span><span class=\"aioseo-breadcrumb-separator\">&raquo;<\/span><span class=\"aioseo-breadcrumb\">\n\t\t\t<a href=\"https:\/\/www.immo-invest.ch\/fr\/categories\/regions\/international\/international-fr\/\" title=\"Global\">Global<\/a>\n\t\t<\/span><span class=\"aioseo-breadcrumb-separator\">&raquo;<\/span><span class=\"aioseo-breadcrumb\">\n\t\t\tLe plus grand projet de construction d\u2019Europe prend forme\n\t\t<\/span><\/div>","aioseo_breadcrumb_json":[{"label":"Home","link":"https:\/\/www.immo-invest.ch\/fr\/"},{"label":"R\u00e9gions","link":"https:\/\/www.immo-invest.ch\/fr\/categories\/regions\/"},{"label":"International","link":"https:\/\/www.immo-invest.ch\/fr\/categories\/regions\/international\/"},{"label":"Global","link":"https:\/\/www.immo-invest.ch\/fr\/categories\/regions\/international\/international-fr\/"},{"label":"Le plus grand projet de construction d&rsquo;Europe prend forme","link":"https:\/\/www.immo-invest.ch\/fr\/europas-groesstes-bauprojekt-nimmt-gestalt-an\/"}],"featured_image_src":"https:\/\/www.immo-invest.ch\/wp-content\/uploads\/2025\/08\/immo-invest-ellinikon-projekte-trends-nachhaltigkeit-smartcity-stadtentwicklung-336x168.jpg","_links":{"self":[{"href":"https:\/\/www.immo-invest.ch\/fr\/wp-json\/wp\/v2\/posts\/137024","targetHints":{"allow":["GET"]}}],"collection":[{"href":"https:\/\/www.immo-invest.ch\/fr\/wp-json\/wp\/v2\/posts"}],"about":[{"href":"https:\/\/www.immo-invest.ch\/fr\/wp-json\/wp\/v2\/types\/post"}],"author":[{"embeddable":true,"href":"https:\/\/www.immo-invest.ch\/fr\/wp-json\/wp\/v2\/users\/2"}],"replies":[{"embeddable":true,"href":"https:\/\/www.immo-invest.ch\/fr\/wp-json\/wp\/v2\/comments?post=137024"}],"version-history":[{"count":0,"href":"https:\/\/www.immo-invest.ch\/fr\/wp-json\/wp\/v2\/posts\/137024\/revisions"}],"wp:featuredmedia":[{"embeddable":true,"href":"https:\/\/www.immo-invest.ch\/fr\/wp-json\/wp\/v2\/media\/137019"}],"wp:attachment":[{"href":"https:\/\/www.immo-invest.ch\/fr\/wp-json\/wp\/v2\/media?parent=137024"}],"wp:term":[{"taxonomy":"category","embeddable":true,"href":"https:\/\/www.immo-invest.ch\/fr\/wp-json\/wp\/v2\/categories?post=137024"},{"taxonomy":"post_tag","embeddable":true,"href":"https:\/\/www.immo-invest.ch\/fr\/wp-json\/wp\/v2\/tags?post=137024"}],"curies":[{"name":"wp","href":"https:\/\/api.w.org\/{rel}","templated":true}]}}