{"id":135990,"date":"2025-07-16T16:47:42","date_gmt":"2025-07-16T14:47:42","guid":{"rendered":"https:\/\/www.immo-invest.ch\/?p=135990"},"modified":"2025-07-14T16:57:34","modified_gmt":"2025-07-14T14:57:34","slug":"starke-follower-statt-schwache-chefs","status":"publish","type":"post","link":"https:\/\/www.immo-invest.ch\/fr\/starke-follower-statt-schwache-chefs\/","title":{"rendered":"Des suiveurs forts plut\u00f4t que des patrons faibles"},"content":{"rendered":"<p class=\"wp-block-paragraph\">L&rsquo;hypoth&egrave;se classique est que ceux qui sont performants sont promus. Mais le principe dit de Peter explique d&eacute;j&agrave; pourquoi les bons employ&eacute;s progressent souvent jusqu&rsquo;&agrave; l&rsquo;incomp&eacute;tence. Les chercheurs Christian Zehnder, Benjamin Tur et Matthieu L&eacute;geret apportent une nouvelle perspective. Ils affirment que lorsqu&rsquo;un cadre progresse, ce ne sont pas seulement ses comp&eacute;tences qui comptent, mais aussi la perte de sa contribution en tant que suiveur.<\/p>\n\n\n\n\n\n<p class=\"wp-block-paragraph\"><strong>Un conflit d&rsquo;objectifs avec des cons&eacute;quences<br><\/strong>Lorsqu&rsquo;une personne dot&eacute;e de comp&eacute;tences &eacute;lev&eacute;es en mati&egrave;re d&rsquo;&eacute;quipe devient un leader, le groupe perd souvent un collaborateur productif et engag&eacute; au niveau op&eacute;rationnel. Dans certains cas, il peut donc &ecirc;tre strat&eacute;giquement plus intelligent de promouvoir une personne moins comp&eacute;tente, simplement pour pr&eacute;server le bon fonctionnement de l&rsquo;&eacute;quipe.<\/p>\n\n\n\n\n\n<p class=\"wp-block-paragraph\"><strong>Le leadership n&rsquo;est pas toujours la cl&eacute; du succ&egrave;s<br><\/strong>&laquo;&nbsp;Nos recherches montrent que, dans certaines circonstances, il peut &ecirc;tre optimal de confier des r&ocirc;les de leadership &agrave; des personnes moins comp&eacute;tentes&nbsp;&raquo;, explique Zehnder. Selon lui, c&rsquo;est notamment le cas lorsque la fonction de direction est chronophage mais peu d&eacute;cisive sur le plan op&eacute;rationnel et lorsque le meilleur suiveur est indispensable au travail quotidien.<\/p>\n\n\n\n\n\n<p class=\"wp-block-paragraph\"><strong>R&ocirc;le de la culture d&rsquo;entreprise<br><\/strong>Un &eacute;l&eacute;ment central est la valorisation des bons r&ocirc;les de suiveur. Les syst&egrave;mes de r&eacute;compense pourraient &ecirc;tre con&ccedil;us de mani&egrave;re &agrave; ce que les personnes les plus performantes souhaitent rester &agrave; des niveaux hi&eacute;rarchiques inf&eacute;rieurs sans que cela soit per&ccedil;u comme un blocage de leur carri&egrave;re. Il faut &eacute;galement une communication interne qui explique pourquoi chaque promotion n&rsquo;est pas synonyme de contribution maximale &agrave; l&rsquo;organisation.<\/p>\n\n\n\n\n\n<p class=\"wp-block-paragraph\"><strong>Repenser le leadership signifie augmenter l&rsquo;efficacit&eacute;<br><\/strong>L&rsquo;&eacute;tude appelle &agrave; un changement radical de la strat&eacute;gie de gestion des talents. L&rsquo;id&eacute;e classique de promotion n&rsquo;est pas toujours la meilleure solution pour l&rsquo;entreprise. Il est parfois plus efficace de laisser les comp&eacute;tences l&agrave; o&ugrave; elles sont le plus utiles, m&ecirc;me si cela signifie que ce ne sont pas les meilleurs qui sont au sommet. Le v&eacute;ritable succ&egrave;s peut r&eacute;sider dans la force de ceux qui ne dirigent pas.<\/p>\n\n","protected":false},"excerpt":{"rendered":"<p>Pourquoi des personnes aux performances m\u00e9diocres se hissent-elles au sommet d&rsquo;une entreprise, alors que les talents les plus talentueux restent souvent aux niveaux inf\u00e9rieurs ? Une nouvelle \u00e9tude de HEC Lausanne et de l&rsquo;Universit\u00e9 de Zurich remet en question la logique de gestion courante et montre que dans certains cas, c&rsquo;est pr\u00e9cis\u00e9ment cette constellation qui peut \u00eatre efficace pour l&rsquo;ensemble de l&rsquo;\u00e9quipe.<\/p>\n","protected":false},"author":2,"featured_media":133826,"comment_status":"open","ping_status":"open","sticky":false,"template":"","format":"standard","meta":{"pmpro_default_level":"","inline_featured_image":false,"_monsterinsights_skip_tracking":false,"footnotes":""},"categories":[22696,4464,743,22438],"tags":[872,3931,2002,2776,53767],"class_list":["post-135990","post","type-post","status-publish","format-standard","has-post-thumbnail","hentry","category-entreprise","category-gens","category-immonews-fr","category-trends-fr","tag-immoinvest-fr","tag-immonews-fr","tag-news-fr","tag-unternehmen-fr","tag-unternehmenskultur-fr","pmpro-has-access"],"acf":{"bild_mit_ki_erstellt_worden":[],"lead":"Pourquoi des personnes aux performances m\u00e9diocres se hissent-elles au sommet d'une entreprise, alors que les talents les plus talentueux restent souvent aux niveaux inf\u00e9rieurs ? Une nouvelle \u00e9tude de HEC Lausanne et de l'Universit\u00e9 de Zurich remet en question la logique de gestion courante et montre que dans certains cas, c'est pr\u00e9cis\u00e9ment cette constellation qui peut \u00eatre efficace pour l'ensemble de l'\u00e9quipe.","autor":"Quelle: Unil","ort":"","bildunterschrift":"","bild_im_grid":false,"gallerie":"","newsim":""},"aioseo_notices":[],"aioseo_head":"\n\t\t<!-- All in One SEO 5.0.1.1 - aioseo.com -->\n\t<meta name=\"description\" content=\"Pourquoi des personnes aux performances m\u00e9diocres se hissent-elles au sommet d&#039;une entreprise, alors que les talents les plus talentueux restent souvent aux niveaux inf\u00e9rieurs ? Une nouvelle \u00e9tude de HEC Lausanne et de l&#039;Universit\u00e9 de Zurich remet en question la logique de gestion courante et montre que dans certains cas, c&#039;est pr\u00e9cis\u00e9ment cette constellation qui peut \u00eatre efficace pour l&#039;ensemble de l&#039;\u00e9quipe.\" \/>\n\t<meta name=\"robots\" content=\"max-image-preview:large\" \/>\n\t<meta name=\"author\" content=\"immovestuser\"\/>\n\t<meta name=\"google-site-verification\" content=\"fHJKvgWpZCR2zVBHWfkQeFXC11qieUSff0HGNYfuyLA\" \/>\n\t<link rel=\"canonical\" href=\"https:\/\/www.immo-invest.ch\/fr\/starke-follower-statt-schwache-chefs\/\" \/>\n\t<meta name=\"generator\" content=\"All in One SEO (AIOSEO) 5.0.1.1\" \/>\n\t\t<meta property=\"og:locale\" content=\"fr_FR\" \/>\n\t\t<meta property=\"og:site_name\" content=\"immo!nvest - Die Plattform f\u00fcr Standorte und Immobilien - Die\u00a0Plattform f\u00fcr Standorte und Immobilien\" \/>\n\t\t<meta property=\"og:type\" content=\"article\" \/>\n\t\t<meta property=\"og:title\" content=\"Des suiveurs forts plut\u00f4t que des patrons faibles - immo!nvest - Die Plattform f\u00fcr Standorte und Immobilien\" \/>\n\t\t<meta property=\"og:description\" content=\"Pourquoi des personnes aux performances m\u00e9diocres se hissent-elles au sommet d&#039;une entreprise, alors que les talents les plus talentueux restent souvent aux niveaux inf\u00e9rieurs ? Une nouvelle \u00e9tude de HEC Lausanne et de l&#039;Universit\u00e9 de Zurich remet en question la logique de gestion courante et montre que dans certains cas, c&#039;est pr\u00e9cis\u00e9ment cette constellation qui peut \u00eatre efficace pour l&#039;ensemble de l&#039;\u00e9quipe.\" \/>\n\t\t<meta property=\"og:url\" content=\"https:\/\/www.immo-invest.ch\/fr\/starke-follower-statt-schwache-chefs\/\" \/>\n\t\t<meta property=\"og:image\" content=\"https:\/\/www.immo-invest.ch\/wp-content\/uploads\/2025\/06\/business_professionals_formal_attire_company.webp\" \/>\n\t\t<meta property=\"og:image:secure_url\" content=\"https:\/\/www.immo-invest.ch\/wp-content\/uploads\/2025\/06\/business_professionals_formal_attire_company.webp\" \/>\n\t\t<meta property=\"og:image:width\" content=\"1726\" \/>\n\t\t<meta property=\"og:image:height\" content=\"863\" \/>\n\t\t<meta property=\"article:published_time\" content=\"2025-07-16T14:47:42+00:00\" \/>\n\t\t<meta property=\"article:modified_time\" content=\"2025-07-14T14:57:34+00:00\" \/>\n\t\t<meta property=\"article:publisher\" content=\"https:\/\/www.facebook.com\/people\/Immoinvest\/100077962920504\/\" \/>\n\t\t<meta name=\"twitter:card\" content=\"summary_large_image\" \/>\n\t\t<meta name=\"twitter:site\" content=\"@i\" \/>\n\t\t<meta name=\"twitter:title\" content=\"Des suiveurs forts plut\u00f4t que des patrons faibles - immo!nvest - Die Plattform f\u00fcr Standorte und Immobilien\" \/>\n\t\t<meta name=\"twitter:description\" content=\"Pourquoi des personnes aux performances m\u00e9diocres se hissent-elles au sommet d&#039;une entreprise, alors que les talents les plus talentueux restent souvent aux niveaux inf\u00e9rieurs ? Une nouvelle \u00e9tude de HEC Lausanne et de l&#039;Universit\u00e9 de Zurich remet en question la logique de gestion courante et montre que dans certains cas, c&#039;est pr\u00e9cis\u00e9ment cette constellation qui peut \u00eatre efficace pour l&#039;ensemble de l&#039;\u00e9quipe.\" \/>\n\t\t<meta name=\"twitter:creator\" content=\"@i\" \/>\n\t\t<meta name=\"twitter:image\" content=\"https:\/\/www.immo-invest.ch\/wp-content\/uploads\/2025\/06\/business_professionals_formal_attire_company.webp\" \/>\n\t\t<script type=\"application\/ld+json\" class=\"aioseo-schema\">\n\t\t\t{\"@context\":\"https:\\\/\\\/schema.org\",\"@graph\":[{\"@type\":\"BlogPosting\",\"@id\":\"https:\\\/\\\/www.immo-invest.ch\\\/fr\\\/starke-follower-statt-schwache-chefs\\\/#blogposting\",\"name\":\"Des suiveurs forts plut\\u00f4t que des patrons faibles - immo!nvest - Die Plattform f\\u00fcr Standorte und Immobilien\",\"headline\":\"Des suiveurs forts plut\\u00f4t que des patrons faibles\",\"author\":{\"@id\":\"https:\\\/\\\/www.immo-invest.ch\\\/fr\\\/author\\\/immovestuser\\\/#author\"},\"publisher\":{\"@id\":\"https:\\\/\\\/www.immo-invest.ch\\\/fr\\\/#organization\"},\"image\":{\"@type\":\"ImageObject\",\"url\":\"https:\\\/\\\/www.immo-invest.ch\\\/wp-content\\\/uploads\\\/2025\\\/06\\\/business_professionals_formal_attire_company.webp\",\"width\":1726,\"height\":863},\"datePublished\":\"2025-07-16T16:47:42+02:00\",\"dateModified\":\"2025-07-14T16:57:34+02:00\",\"inLanguage\":\"fr-FR\",\"mainEntityOfPage\":{\"@id\":\"https:\\\/\\\/www.immo-invest.ch\\\/fr\\\/starke-follower-statt-schwache-chefs\\\/#webpage\"},\"isPartOf\":{\"@id\":\"https:\\\/\\\/www.immo-invest.ch\\\/fr\\\/starke-follower-statt-schwache-chefs\\\/#webpage\"},\"articleSection\":\"Entreprise, Gens, immoNews, Trends, Immoinvest, immoNews, News, Unternehmen, Unternehmenskultur, Facultatif\"},{\"@type\":\"BreadcrumbList\",\"@id\":\"https:\\\/\\\/www.immo-invest.ch\\\/fr\\\/starke-follower-statt-schwache-chefs\\\/#breadcrumblist\",\"itemListElement\":[{\"@type\":\"ListItem\",\"@id\":\"https:\\\/\\\/www.immo-invest.ch\\\/fr\\\/#listItem\",\"position\":1,\"name\":\"Home\",\"item\":\"https:\\\/\\\/www.immo-invest.ch\\\/fr\\\/\",\"nextItem\":{\"@type\":\"ListItem\",\"@id\":\"https:\\\/\\\/www.immo-invest.ch\\\/fr\\\/categories\\\/personnes\\\/#listItem\",\"name\":\"Personnes\"}},{\"@type\":\"ListItem\",\"@id\":\"https:\\\/\\\/www.immo-invest.ch\\\/fr\\\/categories\\\/personnes\\\/#listItem\",\"position\":2,\"name\":\"Personnes\",\"item\":\"https:\\\/\\\/www.immo-invest.ch\\\/fr\\\/categories\\\/personnes\\\/\",\"nextItem\":{\"@type\":\"ListItem\",\"@id\":\"https:\\\/\\\/www.immo-invest.ch\\\/fr\\\/categories\\\/personnes\\\/gens\\\/#listItem\",\"name\":\"Gens\"},\"previousItem\":{\"@type\":\"ListItem\",\"@id\":\"https:\\\/\\\/www.immo-invest.ch\\\/fr\\\/#listItem\",\"name\":\"Home\"}},{\"@type\":\"ListItem\",\"@id\":\"https:\\\/\\\/www.immo-invest.ch\\\/fr\\\/categories\\\/personnes\\\/gens\\\/#listItem\",\"position\":3,\"name\":\"Gens\",\"item\":\"https:\\\/\\\/www.immo-invest.ch\\\/fr\\\/categories\\\/personnes\\\/gens\\\/\",\"nextItem\":{\"@type\":\"ListItem\",\"@id\":\"https:\\\/\\\/www.immo-invest.ch\\\/fr\\\/starke-follower-statt-schwache-chefs\\\/#listItem\",\"name\":\"Des suiveurs forts plut\\u00f4t que des patrons faibles\"},\"previousItem\":{\"@type\":\"ListItem\",\"@id\":\"https:\\\/\\\/www.immo-invest.ch\\\/fr\\\/categories\\\/personnes\\\/#listItem\",\"name\":\"Personnes\"}},{\"@type\":\"ListItem\",\"@id\":\"https:\\\/\\\/www.immo-invest.ch\\\/fr\\\/starke-follower-statt-schwache-chefs\\\/#listItem\",\"position\":4,\"name\":\"Des suiveurs forts plut\\u00f4t que des patrons faibles\",\"previousItem\":{\"@type\":\"ListItem\",\"@id\":\"https:\\\/\\\/www.immo-invest.ch\\\/fr\\\/categories\\\/personnes\\\/gens\\\/#listItem\",\"name\":\"Gens\"}}]},{\"@type\":\"Organization\",\"@id\":\"https:\\\/\\\/www.immo-invest.ch\\\/fr\\\/#organization\",\"name\":\"immo!nvest - Die Plattform f\\u00fcr Standorte und Immobilien\",\"description\":\"Die\\u00a0Plattform f\\u00fcr Standorte und Immobilien\",\"url\":\"https:\\\/\\\/www.immo-invest.ch\\\/fr\\\/\",\"email\":\"admin@immomedia.ag\",\"telephone\":\"+41444420002\",\"logo\":{\"@type\":\"ImageObject\",\"url\":\"https:\\\/\\\/www.immo-invest.ch\\\/wp-content\\\/uploads\\\/2024\\\/09\\\/immoinvest_sm-scaled.jpg\",\"@id\":\"https:\\\/\\\/www.immo-invest.ch\\\/fr\\\/starke-follower-statt-schwache-chefs\\\/#organizationLogo\",\"width\":2560,\"height\":1340},\"image\":{\"@id\":\"https:\\\/\\\/www.immo-invest.ch\\\/fr\\\/starke-follower-statt-schwache-chefs\\\/#organizationLogo\"},\"sameAs\":[\"https:\\\/\\\/www.facebook.com\\\/people\\\/Immoinvest\\\/100077962920504\\\/\",\"https:\\\/\\\/x.com\\\/i\\\/flow\\\/login?redirect_after_login=immoinvest_ch\",\"https:\\\/\\\/www.instagram.com\\\/immoinvest_ch\\\/\",\"https:\\\/\\\/www.linkedin.com\\\/company\\\/immoinvest-swiss\"]},{\"@type\":\"Person\",\"@id\":\"https:\\\/\\\/www.immo-invest.ch\\\/fr\\\/author\\\/immovestuser\\\/#author\",\"url\":\"https:\\\/\\\/www.immo-invest.ch\\\/fr\\\/author\\\/immovestuser\\\/\",\"name\":\"immovestuser\",\"image\":{\"@type\":\"ImageObject\",\"@id\":\"https:\\\/\\\/www.immo-invest.ch\\\/fr\\\/starke-follower-statt-schwache-chefs\\\/#authorImage\",\"url\":\"https:\\\/\\\/secure.gravatar.com\\\/avatar\\\/8e01f4d99f2eeea7a362ebb93305e1172a70e9293ba250f897a65c39f54cdd1e?s=96&d=mm&r=g\",\"width\":96,\"height\":96,\"caption\":\"immovestuser\"}},{\"@type\":\"WebPage\",\"@id\":\"https:\\\/\\\/www.immo-invest.ch\\\/fr\\\/starke-follower-statt-schwache-chefs\\\/#webpage\",\"url\":\"https:\\\/\\\/www.immo-invest.ch\\\/fr\\\/starke-follower-statt-schwache-chefs\\\/\",\"name\":\"Des suiveurs forts plut\\u00f4t que des patrons faibles - immo!nvest - Die Plattform f\\u00fcr Standorte und Immobilien\",\"description\":\"Pourquoi des personnes aux performances m\\u00e9diocres se hissent-elles au sommet d'une entreprise, alors que les talents les plus talentueux restent souvent aux niveaux inf\\u00e9rieurs ? Une nouvelle \\u00e9tude de HEC Lausanne et de l'Universit\\u00e9 de Zurich remet en question la logique de gestion courante et montre que dans certains cas, c'est pr\\u00e9cis\\u00e9ment cette constellation qui peut \\u00eatre efficace pour l'ensemble de l'\\u00e9quipe.\",\"inLanguage\":\"fr-FR\",\"isPartOf\":{\"@id\":\"https:\\\/\\\/www.immo-invest.ch\\\/fr\\\/#website\"},\"breadcrumb\":{\"@id\":\"https:\\\/\\\/www.immo-invest.ch\\\/fr\\\/starke-follower-statt-schwache-chefs\\\/#breadcrumblist\"},\"author\":{\"@id\":\"https:\\\/\\\/www.immo-invest.ch\\\/fr\\\/author\\\/immovestuser\\\/#author\"},\"creator\":{\"@id\":\"https:\\\/\\\/www.immo-invest.ch\\\/fr\\\/author\\\/immovestuser\\\/#author\"},\"image\":{\"@type\":\"ImageObject\",\"url\":\"https:\\\/\\\/www.immo-invest.ch\\\/wp-content\\\/uploads\\\/2025\\\/06\\\/business_professionals_formal_attire_company.webp\",\"@id\":\"https:\\\/\\\/www.immo-invest.ch\\\/fr\\\/starke-follower-statt-schwache-chefs\\\/#mainImage\",\"width\":1726,\"height\":863},\"primaryImageOfPage\":{\"@id\":\"https:\\\/\\\/www.immo-invest.ch\\\/fr\\\/starke-follower-statt-schwache-chefs\\\/#mainImage\"},\"datePublished\":\"2025-07-16T16:47:42+02:00\",\"dateModified\":\"2025-07-14T16:57:34+02:00\"},{\"@type\":\"WebSite\",\"@id\":\"https:\\\/\\\/www.immo-invest.ch\\\/fr\\\/#website\",\"url\":\"https:\\\/\\\/www.immo-invest.ch\\\/fr\\\/\",\"name\":\"immo!nvest - Die Plattform f\\u00fcr Standorte und Immobilien\",\"description\":\"Die\\u00a0Plattform f\\u00fcr Standorte und Immobilien\",\"inLanguage\":\"fr-FR\",\"publisher\":{\"@id\":\"https:\\\/\\\/www.immo-invest.ch\\\/fr\\\/#organization\"}}]}\n\t\t<\/script>\n\t\t<!-- All in One SEO -->\n\n","aioseo_head_json":{"title":"Des suiveurs forts plut\u00f4t que des patrons faibles - immo!nvest - Die Plattform f\u00fcr Standorte und Immobilien","description":"Pourquoi des personnes aux performances m\u00e9diocres se hissent-elles au sommet d'une entreprise, alors que les talents les plus talentueux restent souvent aux niveaux inf\u00e9rieurs ? Une nouvelle \u00e9tude de HEC Lausanne et de l'Universit\u00e9 de Zurich remet en question la logique de gestion courante et montre que dans certains cas, c'est pr\u00e9cis\u00e9ment cette constellation qui peut \u00eatre efficace pour l'ensemble de l'\u00e9quipe.","canonical_url":"https:\/\/www.immo-invest.ch\/fr\/starke-follower-statt-schwache-chefs\/","robots":"max-image-preview:large","keywords":"","webmasterTools":{"google-site-verification":"fHJKvgWpZCR2zVBHWfkQeFXC11qieUSff0HGNYfuyLA","miscellaneous":""},"schema":{"@context":"https:\/\/schema.org","@graph":[{"@type":"BlogPosting","@id":"https:\/\/www.immo-invest.ch\/fr\/starke-follower-statt-schwache-chefs\/#blogposting","name":"Des suiveurs forts plut\u00f4t que des patrons faibles - immo!nvest - Die Plattform f\u00fcr Standorte und Immobilien","headline":"Des suiveurs forts plut\u00f4t que des patrons faibles","author":{"@id":"https:\/\/www.immo-invest.ch\/fr\/author\/immovestuser\/#author"},"publisher":{"@id":"https:\/\/www.immo-invest.ch\/fr\/#organization"},"image":{"@type":"ImageObject","url":"https:\/\/www.immo-invest.ch\/wp-content\/uploads\/2025\/06\/business_professionals_formal_attire_company.webp","width":1726,"height":863},"datePublished":"2025-07-16T16:47:42+02:00","dateModified":"2025-07-14T16:57:34+02:00","inLanguage":"fr-FR","mainEntityOfPage":{"@id":"https:\/\/www.immo-invest.ch\/fr\/starke-follower-statt-schwache-chefs\/#webpage"},"isPartOf":{"@id":"https:\/\/www.immo-invest.ch\/fr\/starke-follower-statt-schwache-chefs\/#webpage"},"articleSection":"Entreprise, Gens, immoNews, Trends, Immoinvest, immoNews, News, Unternehmen, Unternehmenskultur, Facultatif"},{"@type":"BreadcrumbList","@id":"https:\/\/www.immo-invest.ch\/fr\/starke-follower-statt-schwache-chefs\/#breadcrumblist","itemListElement":[{"@type":"ListItem","@id":"https:\/\/www.immo-invest.ch\/fr\/#listItem","position":1,"name":"Home","item":"https:\/\/www.immo-invest.ch\/fr\/","nextItem":{"@type":"ListItem","@id":"https:\/\/www.immo-invest.ch\/fr\/categories\/personnes\/#listItem","name":"Personnes"}},{"@type":"ListItem","@id":"https:\/\/www.immo-invest.ch\/fr\/categories\/personnes\/#listItem","position":2,"name":"Personnes","item":"https:\/\/www.immo-invest.ch\/fr\/categories\/personnes\/","nextItem":{"@type":"ListItem","@id":"https:\/\/www.immo-invest.ch\/fr\/categories\/personnes\/gens\/#listItem","name":"Gens"},"previousItem":{"@type":"ListItem","@id":"https:\/\/www.immo-invest.ch\/fr\/#listItem","name":"Home"}},{"@type":"ListItem","@id":"https:\/\/www.immo-invest.ch\/fr\/categories\/personnes\/gens\/#listItem","position":3,"name":"Gens","item":"https:\/\/www.immo-invest.ch\/fr\/categories\/personnes\/gens\/","nextItem":{"@type":"ListItem","@id":"https:\/\/www.immo-invest.ch\/fr\/starke-follower-statt-schwache-chefs\/#listItem","name":"Des suiveurs forts plut\u00f4t que des patrons faibles"},"previousItem":{"@type":"ListItem","@id":"https:\/\/www.immo-invest.ch\/fr\/categories\/personnes\/#listItem","name":"Personnes"}},{"@type":"ListItem","@id":"https:\/\/www.immo-invest.ch\/fr\/starke-follower-statt-schwache-chefs\/#listItem","position":4,"name":"Des suiveurs forts plut\u00f4t que des patrons faibles","previousItem":{"@type":"ListItem","@id":"https:\/\/www.immo-invest.ch\/fr\/categories\/personnes\/gens\/#listItem","name":"Gens"}}]},{"@type":"Organization","@id":"https:\/\/www.immo-invest.ch\/fr\/#organization","name":"immo!nvest - Die Plattform f\u00fcr Standorte und Immobilien","description":"Die\u00a0Plattform f\u00fcr Standorte und Immobilien","url":"https:\/\/www.immo-invest.ch\/fr\/","email":"admin@immomedia.ag","telephone":"+41444420002","logo":{"@type":"ImageObject","url":"https:\/\/www.immo-invest.ch\/wp-content\/uploads\/2024\/09\/immoinvest_sm-scaled.jpg","@id":"https:\/\/www.immo-invest.ch\/fr\/starke-follower-statt-schwache-chefs\/#organizationLogo","width":2560,"height":1340},"image":{"@id":"https:\/\/www.immo-invest.ch\/fr\/starke-follower-statt-schwache-chefs\/#organizationLogo"},"sameAs":["https:\/\/www.facebook.com\/people\/Immoinvest\/100077962920504\/","https:\/\/x.com\/i\/flow\/login?redirect_after_login=immoinvest_ch","https:\/\/www.instagram.com\/immoinvest_ch\/","https:\/\/www.linkedin.com\/company\/immoinvest-swiss"]},{"@type":"Person","@id":"https:\/\/www.immo-invest.ch\/fr\/author\/immovestuser\/#author","url":"https:\/\/www.immo-invest.ch\/fr\/author\/immovestuser\/","name":"immovestuser","image":{"@type":"ImageObject","@id":"https:\/\/www.immo-invest.ch\/fr\/starke-follower-statt-schwache-chefs\/#authorImage","url":"https:\/\/secure.gravatar.com\/avatar\/8e01f4d99f2eeea7a362ebb93305e1172a70e9293ba250f897a65c39f54cdd1e?s=96&d=mm&r=g","width":96,"height":96,"caption":"immovestuser"}},{"@type":"WebPage","@id":"https:\/\/www.immo-invest.ch\/fr\/starke-follower-statt-schwache-chefs\/#webpage","url":"https:\/\/www.immo-invest.ch\/fr\/starke-follower-statt-schwache-chefs\/","name":"Des suiveurs forts plut\u00f4t que des patrons faibles - immo!nvest - Die Plattform f\u00fcr Standorte und Immobilien","description":"Pourquoi des personnes aux performances m\u00e9diocres se hissent-elles au sommet d'une entreprise, alors que les talents les plus talentueux restent souvent aux niveaux inf\u00e9rieurs ? Une nouvelle \u00e9tude de HEC Lausanne et de l'Universit\u00e9 de Zurich remet en question la logique de gestion courante et montre que dans certains cas, c'est pr\u00e9cis\u00e9ment cette constellation qui peut \u00eatre efficace pour l'ensemble de l'\u00e9quipe.","inLanguage":"fr-FR","isPartOf":{"@id":"https:\/\/www.immo-invest.ch\/fr\/#website"},"breadcrumb":{"@id":"https:\/\/www.immo-invest.ch\/fr\/starke-follower-statt-schwache-chefs\/#breadcrumblist"},"author":{"@id":"https:\/\/www.immo-invest.ch\/fr\/author\/immovestuser\/#author"},"creator":{"@id":"https:\/\/www.immo-invest.ch\/fr\/author\/immovestuser\/#author"},"image":{"@type":"ImageObject","url":"https:\/\/www.immo-invest.ch\/wp-content\/uploads\/2025\/06\/business_professionals_formal_attire_company.webp","@id":"https:\/\/www.immo-invest.ch\/fr\/starke-follower-statt-schwache-chefs\/#mainImage","width":1726,"height":863},"primaryImageOfPage":{"@id":"https:\/\/www.immo-invest.ch\/fr\/starke-follower-statt-schwache-chefs\/#mainImage"},"datePublished":"2025-07-16T16:47:42+02:00","dateModified":"2025-07-14T16:57:34+02:00"},{"@type":"WebSite","@id":"https:\/\/www.immo-invest.ch\/fr\/#website","url":"https:\/\/www.immo-invest.ch\/fr\/","name":"immo!nvest - Die Plattform f\u00fcr Standorte und Immobilien","description":"Die\u00a0Plattform f\u00fcr Standorte und Immobilien","inLanguage":"fr-FR","publisher":{"@id":"https:\/\/www.immo-invest.ch\/fr\/#organization"}}]},"og:locale":"fr_FR","og:site_name":"immo!nvest - Die Plattform f\u00fcr Standorte und Immobilien - Die\u00a0Plattform f\u00fcr Standorte und Immobilien","og:type":"article","og:title":"Des suiveurs forts plut\u00f4t que des patrons faibles - immo!nvest - Die Plattform f\u00fcr Standorte und Immobilien","og:description":"Pourquoi des personnes aux performances m\u00e9diocres se hissent-elles au sommet d'une entreprise, alors que les talents les plus talentueux restent souvent aux niveaux inf\u00e9rieurs ? Une nouvelle \u00e9tude de HEC Lausanne et de l'Universit\u00e9 de Zurich remet en question la logique de gestion courante et montre que dans certains cas, c'est pr\u00e9cis\u00e9ment cette constellation qui peut \u00eatre efficace pour l'ensemble de l'\u00e9quipe.","og:url":"https:\/\/www.immo-invest.ch\/fr\/starke-follower-statt-schwache-chefs\/","og:image":"https:\/\/www.immo-invest.ch\/wp-content\/uploads\/2025\/06\/business_professionals_formal_attire_company.webp","og:image:secure_url":"https:\/\/www.immo-invest.ch\/wp-content\/uploads\/2025\/06\/business_professionals_formal_attire_company.webp","og:image:width":1726,"og:image:height":863,"article:published_time":"2025-07-16T14:47:42+00:00","article:modified_time":"2025-07-14T14:57:34+00:00","article:publisher":"https:\/\/www.facebook.com\/people\/Immoinvest\/100077962920504\/","twitter:card":"summary_large_image","twitter:site":"@i","twitter:title":"Des suiveurs forts plut\u00f4t que des patrons faibles - immo!nvest - Die Plattform f\u00fcr Standorte und Immobilien","twitter:description":"Pourquoi des personnes aux performances m\u00e9diocres se hissent-elles au sommet d'une entreprise, alors que les talents les plus talentueux restent souvent aux niveaux inf\u00e9rieurs ? Une nouvelle \u00e9tude de HEC Lausanne et de l'Universit\u00e9 de Zurich remet en question la logique de gestion courante et montre que dans certains cas, c'est pr\u00e9cis\u00e9ment cette constellation qui peut \u00eatre efficace pour l'ensemble de l'\u00e9quipe.","twitter:creator":"@i","twitter:image":"https:\/\/www.immo-invest.ch\/wp-content\/uploads\/2025\/06\/business_professionals_formal_attire_company.webp"},"aioseo_meta_data":{"post_id":"135990","title":null,"description":null,"keywords":null,"keyphrases":{"focus":{"keyphrase":"","score":0,"analysis":{"keyphraseInTitle":{"score":0,"maxScore":9,"error":1}}},"additional":[]},"primary_term":null,"canonical_url":null,"og_title":null,"og_description":null,"og_object_type":"default","og_image_type":"default","og_image_url":null,"og_image_width":null,"og_image_height":null,"og_image_custom_url":null,"og_image_custom_fields":null,"og_video":"","og_custom_url":null,"og_article_section":null,"og_article_tags":null,"twitter_use_og":false,"twitter_card":"default","twitter_image_type":"default","twitter_image_url":null,"twitter_image_custom_url":null,"twitter_image_custom_fields":null,"twitter_title":null,"twitter_description":null,"schema":{"blockGraphs":[],"customGraphs":[],"default":{"data":{"Article":[],"Course":[],"Dataset":[],"FAQPage":[],"Movie":[],"Person":[],"Product":[],"ProductReview":[],"Car":[],"Recipe":[],"Service":[],"SoftwareApplication":[],"WebPage":[]},"graphName":"BlogPosting","isEnabled":true},"graphs":[]},"schema_type":"default","schema_type_options":null,"pillar_content":false,"robots_default":true,"robots_noindex":false,"robots_noarchive":false,"robots_nosnippet":false,"robots_nofollow":false,"robots_noimageindex":false,"robots_noodp":false,"robots_notranslate":false,"robots_max_snippet":"-1","robots_max_videopreview":"-1","robots_max_imagepreview":"large","priority":null,"frequency":"default","local_seo":null,"breadcrumb_settings":null,"limit_modified_date":false,"ai":null,"created":"2025-07-14 14:57:34","updated":"2025-10-24 23:24:13","seo_analyzer_scan_date":null,"focus_keyword":null,"additional_keywords":null,"truseo_locale":null},"aioseo_breadcrumb":"<div class=\"aioseo-breadcrumbs\"><span class=\"aioseo-breadcrumb\">\n\t\t\t<a href=\"https:\/\/www.immo-invest.ch\/fr\/\" title=\"Home\">Home<\/a>\n\t\t<\/span><span class=\"aioseo-breadcrumb-separator\">&raquo;<\/span><span class=\"aioseo-breadcrumb\">\n\t\t\t<a href=\"https:\/\/www.immo-invest.ch\/fr\/categories\/personnes\/\" title=\"Personnes\">Personnes<\/a>\n\t\t<\/span><span class=\"aioseo-breadcrumb-separator\">&raquo;<\/span><span class=\"aioseo-breadcrumb\">\n\t\t\t<a href=\"https:\/\/www.immo-invest.ch\/fr\/categories\/personnes\/gens\/\" title=\"Gens\">Gens<\/a>\n\t\t<\/span><span class=\"aioseo-breadcrumb-separator\">&raquo;<\/span><span class=\"aioseo-breadcrumb\">\n\t\t\tDes suiveurs forts plut\u00f4t que des patrons faibles\n\t\t<\/span><\/div>","aioseo_breadcrumb_json":[{"label":"Home","link":"https:\/\/www.immo-invest.ch\/fr\/"},{"label":"Personnes","link":"https:\/\/www.immo-invest.ch\/fr\/categories\/personnes\/"},{"label":"Gens","link":"https:\/\/www.immo-invest.ch\/fr\/categories\/personnes\/gens\/"},{"label":"Des suiveurs forts plut\u00f4t que des patrons faibles","link":"https:\/\/www.immo-invest.ch\/fr\/starke-follower-statt-schwache-chefs\/"}],"featured_image_src":"https:\/\/www.immo-invest.ch\/wp-content\/uploads\/2025\/06\/business_professionals_formal_attire_company-336x168.webp","_links":{"self":[{"href":"https:\/\/www.immo-invest.ch\/fr\/wp-json\/wp\/v2\/posts\/135990","targetHints":{"allow":["GET"]}}],"collection":[{"href":"https:\/\/www.immo-invest.ch\/fr\/wp-json\/wp\/v2\/posts"}],"about":[{"href":"https:\/\/www.immo-invest.ch\/fr\/wp-json\/wp\/v2\/types\/post"}],"author":[{"embeddable":true,"href":"https:\/\/www.immo-invest.ch\/fr\/wp-json\/wp\/v2\/users\/2"}],"replies":[{"embeddable":true,"href":"https:\/\/www.immo-invest.ch\/fr\/wp-json\/wp\/v2\/comments?post=135990"}],"version-history":[{"count":0,"href":"https:\/\/www.immo-invest.ch\/fr\/wp-json\/wp\/v2\/posts\/135990\/revisions"}],"wp:featuredmedia":[{"embeddable":true,"href":"https:\/\/www.immo-invest.ch\/fr\/wp-json\/wp\/v2\/media\/133826"}],"wp:attachment":[{"href":"https:\/\/www.immo-invest.ch\/fr\/wp-json\/wp\/v2\/media?parent=135990"}],"wp:term":[{"taxonomy":"category","embeddable":true,"href":"https:\/\/www.immo-invest.ch\/fr\/wp-json\/wp\/v2\/categories?post=135990"},{"taxonomy":"post_tag","embeddable":true,"href":"https:\/\/www.immo-invest.ch\/fr\/wp-json\/wp\/v2\/tags?post=135990"}],"curies":[{"name":"wp","href":"https:\/\/api.w.org\/{rel}","templated":true}]}}