{"id":135948,"date":"2025-07-18T16:15:53","date_gmt":"2025-07-18T14:15:53","guid":{"rendered":"https:\/\/www.immo-invest.ch\/?p=135948"},"modified":"2025-07-16T11:45:07","modified_gmt":"2025-07-16T09:45:07","slug":"digitale-gaesteplattform-staerkt-den-standort-glarus","status":"publish","type":"post","link":"https:\/\/www.immo-invest.ch\/fr\/digitale-gaesteplattform-staerkt-den-standort-glarus\/","title":{"rendered":"Une plate-forme num\u00e9rique pour les visiteurs renforce le site de Glaris"},"content":{"rendered":"<p class=\"wp-block-paragraph\">Le GlarnerlandPass regroupe l&rsquo;enregistrement, la carte d&rsquo;h&ocirc;te et le compagnon de voyage dans un syst&egrave;me int&eacute;gr&eacute; et relie le tourisme, la culture et le commerce sur une plateforme commune. Sa mise en &oelig;uvre s&rsquo;inscrit dans le cadre de la r&eacute;orientation du tourisme, qui a commenc&eacute; par la fusion de toutes les organisations en 2024. Sous la nouvelle marque ombrelle &laquo;&nbsp;Glarnerland&nbsp;&raquo;, une exp&eacute;rience alpine globale avec une forte identit&eacute; r&eacute;gionale est cr&eacute;&eacute;e aux portes de Zurich, qui devient visible, combinable et r&eacute;servable num&eacute;riquement.<\/p>\n\n\n\n\n\n<p class=\"wp-block-paragraph\"><strong>Centrage sur le client et proximit&eacute; num&eacute;rique<\/strong><br>L&rsquo;application accompagne l&rsquo;h&ocirc;te tout au long du parcours client et permet une communication interactive en temps r&eacute;el. Sont pris en compte non seulement les h&ocirc;tes h&eacute;berg&eacute;s, mais aussi les excursionnistes, les propri&eacute;taires de r&eacute;sidences secondaires et les habitants de la r&eacute;gion. Pour les h&ocirc;tes h&eacute;berg&eacute;s, les transports publics dans tout le canton sont inclus dans le pass. Un signe fort en faveur de la mobilit&eacute; durable.<\/p>\n\n\n\n\n\n<p class=\"wp-block-paragraph\"><strong>Cr&eacute;ation de valeur gr&acirc;ce &agrave; un r&eacute;seau local<\/strong><br>Les entreprises touristiques, les commerces et les institutions culturelles sont activement impliqu&eacute;s. Des ateliers et des groupes de r&eacute;flexion permettent d&rsquo;acqu&eacute;rir une compr&eacute;hension commune des processus num&eacute;riques, de d&eacute;velopper de nouveaux produits et d&rsquo;ouvrir des canaux de distribution suppl&eacute;mentaires. Cette &eacute;troite collaboration renforce l&rsquo;&eacute;conomie r&eacute;gionale et assure une v&eacute;ritable cr&eacute;ation de valeur dans le pays de Glaris.<\/p>\n\n\n\n\n\n<p class=\"wp-block-paragraph\"><strong>Un pilotage durable et une technologie moderne<\/strong><br>La plateforme permet une gestion flexible des flux de visiteurs et fournit, gr&acirc;ce aux donn&eacute;es collect&eacute;es, de pr&eacute;cieuses impulsions pour un d&eacute;veloppement durable de la destination. Sur le plan technologique, le syst&egrave;me est bas&eacute; sur des solutions modulaires &eacute;prouv&eacute;es de destinations leaders et utilise la connexion &agrave; discover.swiss.<\/p>\n\n\n\n\n\n<p class=\"wp-block-paragraph\"><strong>Visibilit&eacute; gr&acirc;ce &agrave; l&rsquo;ESAF 2025<\/strong><br>La F&ecirc;te f&eacute;d&eacute;rale de lutte suisse et des jeux alpestres 2025 offre une occasion id&eacute;ale de pr&eacute;senter le passeport &agrave; un large public. La combinaison de l&rsquo;authenticit&eacute; alpine, de l&rsquo;<span class=\"glossaryLink\" aria-describedby=\"tt\" data-cmtooltip=\"&lt;div class=glossaryItemTitle&gt;Innovation&lt;\/div&gt;&lt;div class=glossaryItemBody&gt;Innovation in der heutigen Immobilienwelt bedeutet vor allem Digitalisierung von Prozessen. Zum Beispiel das Eliminieren von Tausenden von Excel-Bl&auml;ttern f&uuml;r Portfolio- und Asset-Manager oder das Erstellen einer Anwendung (App) f&uuml;r alle Formalit&auml;ten rund um die Beziehung zwischen Immobilieneigent&uuml;mern, - verwaltung und -mietern.&lt;\/div&gt;\" data-mobile-support=\"0\" data-gt-translate-attributes='[{\"attribute\":\"data-cmtooltip\", \"format\":\"html\"}]' tabindex=\"0\" role=\"link\">innovation<\/span> num&eacute;rique et d&rsquo;une strat&eacute;gie de localisation int&eacute;grative fait de ce projet un mod&egrave;le pour l&rsquo;avenir du tourisme.<\/p>\n\n","protected":false},"excerpt":{"rendered":"<p>Avec le GlarnerlandPass, le canton de Glaris franchit une \u00e9tape avant-gardiste dans le d\u00e9veloppement du tourisme. La nouvelle plateforme associe num\u00e9risation, r\u00e9gionalisme et durabilit\u00e9 en un mod\u00e8le global dont le rayonnement d\u00e9passe les fronti\u00e8res du canton.<\/p>\n","protected":false},"author":2,"featured_media":135938,"comment_status":"open","ping_status":"open","sticky":false,"template":"","format":"standard","meta":{"pmpro_default_level":"","inline_featured_image":false,"_monsterinsights_skip_tracking":false,"footnotes":""},"categories":[45951,743,8735,8452],"tags":[1647,3577,53753,53754,848,872,3931,4259,2002,2933,6538],"class_list":["post-135948","post","type-post","status-publish","format-standard","has-post-thumbnail","hentry","category-glarus-fr","category-immonews-fr","category-proptech-fr","category-regions","tag-digitalisierung-fr","tag-gewerbe-fr","tag-glarnerlandpass-fr","tag-identitaet-fr","tag-immobilien-fr","tag-immoinvest-fr","tag-immonews-fr","tag-kultur-fr","tag-news-fr","tag-plattform-fr","tag-vernetzung-fr","pmpro-has-access"],"acf":{"bild_mit_ki_erstellt_worden":[],"lead":"Avec le GlarnerlandPass, le canton de Glaris franchit une \u00e9tape avant-gardiste dans le d\u00e9veloppement du tourisme. La nouvelle plateforme associe num\u00e9risation, r\u00e9gionalisme et durabilit\u00e9 en un mod\u00e8le global dont le rayonnement d\u00e9passe les fronti\u00e8res du canton.\r\n","autor":"Quelle: immo!nvest Magazin Glarus","ort":"","bildunterschrift":"","bild_im_grid":false,"gallerie":"","newsim":""},"aioseo_notices":[],"aioseo_head":"\n\t\t<!-- All in One SEO 5.0.0.1 - aioseo.com -->\n\t<meta name=\"description\" content=\"Avec le GlarnerlandPass, le canton de Glaris franchit une \u00e9tape avant-gardiste dans le d\u00e9veloppement du tourisme. La nouvelle plateforme associe num\u00e9risation, r\u00e9gionalisme et durabilit\u00e9 en un mod\u00e8le global dont le rayonnement d\u00e9passe les fronti\u00e8res du canton.\" \/>\n\t<meta name=\"robots\" content=\"max-image-preview:large\" \/>\n\t<meta name=\"author\" content=\"immovestuser\"\/>\n\t<meta name=\"google-site-verification\" content=\"fHJKvgWpZCR2zVBHWfkQeFXC11qieUSff0HGNYfuyLA\" \/>\n\t<link rel=\"canonical\" href=\"https:\/\/www.immo-invest.ch\/fr\/digitale-gaesteplattform-staerkt-den-standort-glarus\/\" \/>\n\t<meta name=\"generator\" content=\"All in One SEO (AIOSEO) 5.0.0.1\" \/>\n\t\t<meta property=\"og:locale\" content=\"fr_FR\" \/>\n\t\t<meta property=\"og:site_name\" content=\"immo!nvest - Die Plattform f\u00fcr Standorte und Immobilien - Die\u00a0Plattform f\u00fcr Standorte und Immobilien\" \/>\n\t\t<meta property=\"og:type\" content=\"article\" \/>\n\t\t<meta property=\"og:title\" content=\"Une plate-forme num\u00e9rique pour les visiteurs renforce le site de Glaris - immo!nvest - Die Plattform f\u00fcr Standorte und Immobilien\" \/>\n\t\t<meta property=\"og:description\" content=\"Avec le GlarnerlandPass, le canton de Glaris franchit une \u00e9tape avant-gardiste dans le d\u00e9veloppement du tourisme. La nouvelle plateforme associe num\u00e9risation, r\u00e9gionalisme et durabilit\u00e9 en un mod\u00e8le global dont le rayonnement d\u00e9passe les fronti\u00e8res du canton.\" \/>\n\t\t<meta property=\"og:url\" content=\"https:\/\/www.immo-invest.ch\/fr\/digitale-gaesteplattform-staerkt-den-standort-glarus\/\" \/>\n\t\t<meta property=\"og:image\" content=\"https:\/\/www.immo-invest.ch\/wp-content\/uploads\/2025\/07\/low-angle-view-of-snowboarders-with-ski-equipment-2024-12-04-23-20-42-utc-scaled.jpg\" \/>\n\t\t<meta property=\"og:image:secure_url\" content=\"https:\/\/www.immo-invest.ch\/wp-content\/uploads\/2025\/07\/low-angle-view-of-snowboarders-with-ski-equipment-2024-12-04-23-20-42-utc-scaled.jpg\" \/>\n\t\t<meta property=\"og:image:width\" content=\"2560\" \/>\n\t\t<meta property=\"og:image:height\" content=\"1709\" \/>\n\t\t<meta property=\"article:published_time\" content=\"2025-07-18T14:15:53+00:00\" \/>\n\t\t<meta property=\"article:modified_time\" content=\"2025-07-16T09:45:07+00:00\" \/>\n\t\t<meta property=\"article:publisher\" content=\"https:\/\/www.facebook.com\/people\/Immoinvest\/100077962920504\/\" \/>\n\t\t<meta name=\"twitter:card\" content=\"summary_large_image\" \/>\n\t\t<meta name=\"twitter:site\" content=\"@i\" \/>\n\t\t<meta name=\"twitter:title\" content=\"Une plate-forme num\u00e9rique pour les visiteurs renforce le site de Glaris - immo!nvest - Die Plattform f\u00fcr Standorte und Immobilien\" \/>\n\t\t<meta name=\"twitter:description\" content=\"Avec le GlarnerlandPass, le canton de Glaris franchit une \u00e9tape avant-gardiste dans le d\u00e9veloppement du tourisme. La nouvelle plateforme associe num\u00e9risation, r\u00e9gionalisme et durabilit\u00e9 en un mod\u00e8le global dont le rayonnement d\u00e9passe les fronti\u00e8res du canton.\" \/>\n\t\t<meta name=\"twitter:creator\" content=\"@i\" \/>\n\t\t<meta name=\"twitter:image\" content=\"https:\/\/www.immo-invest.ch\/wp-content\/uploads\/2025\/07\/low-angle-view-of-snowboarders-with-ski-equipment-2024-12-04-23-20-42-utc-scaled.jpg\" \/>\n\t\t<script type=\"application\/ld+json\" class=\"aioseo-schema\">\n\t\t\t{\"@context\":\"https:\\\/\\\/schema.org\",\"@graph\":[{\"@type\":\"BlogPosting\",\"@id\":\"https:\\\/\\\/www.immo-invest.ch\\\/fr\\\/digitale-gaesteplattform-staerkt-den-standort-glarus\\\/#blogposting\",\"name\":\"Une plate-forme num\\u00e9rique pour les visiteurs renforce le site de Glaris - immo!nvest - Die Plattform f\\u00fcr Standorte und Immobilien\",\"headline\":\"Une plate-forme num\\u00e9rique pour les visiteurs renforce le site de Glaris\",\"author\":{\"@id\":\"https:\\\/\\\/www.immo-invest.ch\\\/fr\\\/author\\\/immovestuser\\\/#author\"},\"publisher\":{\"@id\":\"https:\\\/\\\/www.immo-invest.ch\\\/fr\\\/#organization\"},\"image\":{\"@type\":\"ImageObject\",\"url\":\"https:\\\/\\\/www.immo-invest.ch\\\/wp-content\\\/uploads\\\/2025\\\/07\\\/low-angle-view-of-snowboarders-with-ski-equipment-2024-12-04-23-20-42-utc-scaled.jpg\",\"width\":2560,\"height\":1709,\"caption\":\"Low angle view of snowboarders with ski equipment\"},\"datePublished\":\"2025-07-18T16:15:53+02:00\",\"dateModified\":\"2025-07-16T11:45:07+02:00\",\"inLanguage\":\"fr-FR\",\"mainEntityOfPage\":{\"@id\":\"https:\\\/\\\/www.immo-invest.ch\\\/fr\\\/digitale-gaesteplattform-staerkt-den-standort-glarus\\\/#webpage\"},\"isPartOf\":{\"@id\":\"https:\\\/\\\/www.immo-invest.ch\\\/fr\\\/digitale-gaesteplattform-staerkt-den-standort-glarus\\\/#webpage\"},\"articleSection\":\"Glarus, immoNews, propTech, R\\u00e9gions, Digitalisierung, Gewerbe, GlarnerlandPass, Identit\\u00e4t, immobilien, Immoinvest, immoNews, Kultur, News, Plattform, Vernetzung, Facultatif\"},{\"@type\":\"BreadcrumbList\",\"@id\":\"https:\\\/\\\/www.immo-invest.ch\\\/fr\\\/digitale-gaesteplattform-staerkt-den-standort-glarus\\\/#breadcrumblist\",\"itemListElement\":[{\"@type\":\"ListItem\",\"@id\":\"https:\\\/\\\/www.immo-invest.ch\\\/fr\\\/#listItem\",\"position\":1,\"name\":\"Home\",\"item\":\"https:\\\/\\\/www.immo-invest.ch\\\/fr\\\/\",\"nextItem\":{\"@type\":\"ListItem\",\"@id\":\"https:\\\/\\\/www.immo-invest.ch\\\/fr\\\/categories\\\/regions\\\/#listItem\",\"name\":\"R\\u00e9gions\"}},{\"@type\":\"ListItem\",\"@id\":\"https:\\\/\\\/www.immo-invest.ch\\\/fr\\\/categories\\\/regions\\\/#listItem\",\"position\":2,\"name\":\"R\\u00e9gions\",\"item\":\"https:\\\/\\\/www.immo-invest.ch\\\/fr\\\/categories\\\/regions\\\/\",\"nextItem\":{\"@type\":\"ListItem\",\"@id\":\"https:\\\/\\\/www.immo-invest.ch\\\/fr\\\/categories\\\/regions\\\/suisse\\\/#listItem\",\"name\":\"Suisse\"},\"previousItem\":{\"@type\":\"ListItem\",\"@id\":\"https:\\\/\\\/www.immo-invest.ch\\\/fr\\\/#listItem\",\"name\":\"Home\"}},{\"@type\":\"ListItem\",\"@id\":\"https:\\\/\\\/www.immo-invest.ch\\\/fr\\\/categories\\\/regions\\\/suisse\\\/#listItem\",\"position\":3,\"name\":\"Suisse\",\"item\":\"https:\\\/\\\/www.immo-invest.ch\\\/fr\\\/categories\\\/regions\\\/suisse\\\/\",\"nextItem\":{\"@type\":\"ListItem\",\"@id\":\"https:\\\/\\\/www.immo-invest.ch\\\/fr\\\/categories\\\/regions\\\/suisse\\\/suisse-orientale\\\/#listItem\",\"name\":\"Suisse orientale\"},\"previousItem\":{\"@type\":\"ListItem\",\"@id\":\"https:\\\/\\\/www.immo-invest.ch\\\/fr\\\/categories\\\/regions\\\/#listItem\",\"name\":\"R\\u00e9gions\"}},{\"@type\":\"ListItem\",\"@id\":\"https:\\\/\\\/www.immo-invest.ch\\\/fr\\\/categories\\\/regions\\\/suisse\\\/suisse-orientale\\\/#listItem\",\"position\":4,\"name\":\"Suisse orientale\",\"item\":\"https:\\\/\\\/www.immo-invest.ch\\\/fr\\\/categories\\\/regions\\\/suisse\\\/suisse-orientale\\\/\",\"nextItem\":{\"@type\":\"ListItem\",\"@id\":\"https:\\\/\\\/www.immo-invest.ch\\\/fr\\\/categories\\\/regions\\\/suisse\\\/suisse-orientale\\\/glarus-fr\\\/#listItem\",\"name\":\"Glarus\"},\"previousItem\":{\"@type\":\"ListItem\",\"@id\":\"https:\\\/\\\/www.immo-invest.ch\\\/fr\\\/categories\\\/regions\\\/suisse\\\/#listItem\",\"name\":\"Suisse\"}},{\"@type\":\"ListItem\",\"@id\":\"https:\\\/\\\/www.immo-invest.ch\\\/fr\\\/categories\\\/regions\\\/suisse\\\/suisse-orientale\\\/glarus-fr\\\/#listItem\",\"position\":5,\"name\":\"Glarus\",\"item\":\"https:\\\/\\\/www.immo-invest.ch\\\/fr\\\/categories\\\/regions\\\/suisse\\\/suisse-orientale\\\/glarus-fr\\\/\",\"nextItem\":{\"@type\":\"ListItem\",\"@id\":\"https:\\\/\\\/www.immo-invest.ch\\\/fr\\\/digitale-gaesteplattform-staerkt-den-standort-glarus\\\/#listItem\",\"name\":\"Une plate-forme num\\u00e9rique pour les visiteurs renforce le site de Glaris\"},\"previousItem\":{\"@type\":\"ListItem\",\"@id\":\"https:\\\/\\\/www.immo-invest.ch\\\/fr\\\/categories\\\/regions\\\/suisse\\\/suisse-orientale\\\/#listItem\",\"name\":\"Suisse orientale\"}},{\"@type\":\"ListItem\",\"@id\":\"https:\\\/\\\/www.immo-invest.ch\\\/fr\\\/digitale-gaesteplattform-staerkt-den-standort-glarus\\\/#listItem\",\"position\":6,\"name\":\"Une plate-forme num\\u00e9rique pour les visiteurs renforce le site de Glaris\",\"previousItem\":{\"@type\":\"ListItem\",\"@id\":\"https:\\\/\\\/www.immo-invest.ch\\\/fr\\\/categories\\\/regions\\\/suisse\\\/suisse-orientale\\\/glarus-fr\\\/#listItem\",\"name\":\"Glarus\"}}]},{\"@type\":\"Organization\",\"@id\":\"https:\\\/\\\/www.immo-invest.ch\\\/fr\\\/#organization\",\"name\":\"immo!nvest - Die Plattform f\\u00fcr Standorte und Immobilien\",\"description\":\"Die\\u00a0Plattform f\\u00fcr Standorte und Immobilien\",\"url\":\"https:\\\/\\\/www.immo-invest.ch\\\/fr\\\/\",\"email\":\"admin@immomedia.ag\",\"telephone\":\"+41444420002\",\"logo\":{\"@type\":\"ImageObject\",\"url\":\"https:\\\/\\\/www.immo-invest.ch\\\/wp-content\\\/uploads\\\/2024\\\/09\\\/immoinvest_sm-scaled.jpg\",\"@id\":\"https:\\\/\\\/www.immo-invest.ch\\\/fr\\\/digitale-gaesteplattform-staerkt-den-standort-glarus\\\/#organizationLogo\",\"width\":2560,\"height\":1340},\"image\":{\"@id\":\"https:\\\/\\\/www.immo-invest.ch\\\/fr\\\/digitale-gaesteplattform-staerkt-den-standort-glarus\\\/#organizationLogo\"},\"sameAs\":[\"https:\\\/\\\/www.facebook.com\\\/people\\\/Immoinvest\\\/100077962920504\\\/\",\"https:\\\/\\\/x.com\\\/i\\\/flow\\\/login?redirect_after_login=immoinvest_ch\",\"https:\\\/\\\/www.instagram.com\\\/immoinvest_ch\\\/\",\"https:\\\/\\\/www.linkedin.com\\\/company\\\/immoinvest-swiss\"]},{\"@type\":\"Person\",\"@id\":\"https:\\\/\\\/www.immo-invest.ch\\\/fr\\\/author\\\/immovestuser\\\/#author\",\"url\":\"https:\\\/\\\/www.immo-invest.ch\\\/fr\\\/author\\\/immovestuser\\\/\",\"name\":\"immovestuser\",\"image\":{\"@type\":\"ImageObject\",\"@id\":\"https:\\\/\\\/www.immo-invest.ch\\\/fr\\\/digitale-gaesteplattform-staerkt-den-standort-glarus\\\/#authorImage\",\"url\":\"https:\\\/\\\/secure.gravatar.com\\\/avatar\\\/8e01f4d99f2eeea7a362ebb93305e1172a70e9293ba250f897a65c39f54cdd1e?s=96&d=mm&r=g\",\"width\":96,\"height\":96,\"caption\":\"immovestuser\"}},{\"@type\":\"WebPage\",\"@id\":\"https:\\\/\\\/www.immo-invest.ch\\\/fr\\\/digitale-gaesteplattform-staerkt-den-standort-glarus\\\/#webpage\",\"url\":\"https:\\\/\\\/www.immo-invest.ch\\\/fr\\\/digitale-gaesteplattform-staerkt-den-standort-glarus\\\/\",\"name\":\"Une plate-forme num\\u00e9rique pour les visiteurs renforce le site de Glaris - immo!nvest - Die Plattform f\\u00fcr Standorte und Immobilien\",\"description\":\"Avec le GlarnerlandPass, le canton de Glaris franchit une \\u00e9tape avant-gardiste dans le d\\u00e9veloppement du tourisme. La nouvelle plateforme associe num\\u00e9risation, r\\u00e9gionalisme et durabilit\\u00e9 en un mod\\u00e8le global dont le rayonnement d\\u00e9passe les fronti\\u00e8res du canton.\",\"inLanguage\":\"fr-FR\",\"isPartOf\":{\"@id\":\"https:\\\/\\\/www.immo-invest.ch\\\/fr\\\/#website\"},\"breadcrumb\":{\"@id\":\"https:\\\/\\\/www.immo-invest.ch\\\/fr\\\/digitale-gaesteplattform-staerkt-den-standort-glarus\\\/#breadcrumblist\"},\"author\":{\"@id\":\"https:\\\/\\\/www.immo-invest.ch\\\/fr\\\/author\\\/immovestuser\\\/#author\"},\"creator\":{\"@id\":\"https:\\\/\\\/www.immo-invest.ch\\\/fr\\\/author\\\/immovestuser\\\/#author\"},\"image\":{\"@type\":\"ImageObject\",\"url\":\"https:\\\/\\\/www.immo-invest.ch\\\/wp-content\\\/uploads\\\/2025\\\/07\\\/low-angle-view-of-snowboarders-with-ski-equipment-2024-12-04-23-20-42-utc-scaled.jpg\",\"@id\":\"https:\\\/\\\/www.immo-invest.ch\\\/fr\\\/digitale-gaesteplattform-staerkt-den-standort-glarus\\\/#mainImage\",\"width\":2560,\"height\":1709,\"caption\":\"Low angle view of snowboarders with ski equipment\"},\"primaryImageOfPage\":{\"@id\":\"https:\\\/\\\/www.immo-invest.ch\\\/fr\\\/digitale-gaesteplattform-staerkt-den-standort-glarus\\\/#mainImage\"},\"datePublished\":\"2025-07-18T16:15:53+02:00\",\"dateModified\":\"2025-07-16T11:45:07+02:00\"},{\"@type\":\"WebSite\",\"@id\":\"https:\\\/\\\/www.immo-invest.ch\\\/fr\\\/#website\",\"url\":\"https:\\\/\\\/www.immo-invest.ch\\\/fr\\\/\",\"name\":\"immo!nvest - Die Plattform f\\u00fcr Standorte und Immobilien\",\"description\":\"Die\\u00a0Plattform f\\u00fcr Standorte und Immobilien\",\"inLanguage\":\"fr-FR\",\"publisher\":{\"@id\":\"https:\\\/\\\/www.immo-invest.ch\\\/fr\\\/#organization\"}}]}\n\t\t<\/script>\n\t\t<!-- All in One SEO -->\n\n","aioseo_head_json":{"title":"Une plate-forme num\u00e9rique pour les visiteurs renforce le site de Glaris - immo!nvest - Die Plattform f\u00fcr Standorte und Immobilien","description":"Avec le GlarnerlandPass, le canton de Glaris franchit une \u00e9tape avant-gardiste dans le d\u00e9veloppement du tourisme. La nouvelle plateforme associe num\u00e9risation, r\u00e9gionalisme et durabilit\u00e9 en un mod\u00e8le global dont le rayonnement d\u00e9passe les fronti\u00e8res du canton.","canonical_url":"https:\/\/www.immo-invest.ch\/fr\/digitale-gaesteplattform-staerkt-den-standort-glarus\/","robots":"max-image-preview:large","keywords":"","webmasterTools":{"google-site-verification":"fHJKvgWpZCR2zVBHWfkQeFXC11qieUSff0HGNYfuyLA","miscellaneous":""},"schema":{"@context":"https:\/\/schema.org","@graph":[{"@type":"BlogPosting","@id":"https:\/\/www.immo-invest.ch\/fr\/digitale-gaesteplattform-staerkt-den-standort-glarus\/#blogposting","name":"Une plate-forme num\u00e9rique pour les visiteurs renforce le site de Glaris - immo!nvest - Die Plattform f\u00fcr Standorte und Immobilien","headline":"Une plate-forme num\u00e9rique pour les visiteurs renforce le site de Glaris","author":{"@id":"https:\/\/www.immo-invest.ch\/fr\/author\/immovestuser\/#author"},"publisher":{"@id":"https:\/\/www.immo-invest.ch\/fr\/#organization"},"image":{"@type":"ImageObject","url":"https:\/\/www.immo-invest.ch\/wp-content\/uploads\/2025\/07\/low-angle-view-of-snowboarders-with-ski-equipment-2024-12-04-23-20-42-utc-scaled.jpg","width":2560,"height":1709,"caption":"Low angle view of snowboarders with ski equipment"},"datePublished":"2025-07-18T16:15:53+02:00","dateModified":"2025-07-16T11:45:07+02:00","inLanguage":"fr-FR","mainEntityOfPage":{"@id":"https:\/\/www.immo-invest.ch\/fr\/digitale-gaesteplattform-staerkt-den-standort-glarus\/#webpage"},"isPartOf":{"@id":"https:\/\/www.immo-invest.ch\/fr\/digitale-gaesteplattform-staerkt-den-standort-glarus\/#webpage"},"articleSection":"Glarus, immoNews, propTech, R\u00e9gions, Digitalisierung, Gewerbe, GlarnerlandPass, Identit\u00e4t, immobilien, Immoinvest, immoNews, Kultur, News, Plattform, Vernetzung, Facultatif"},{"@type":"BreadcrumbList","@id":"https:\/\/www.immo-invest.ch\/fr\/digitale-gaesteplattform-staerkt-den-standort-glarus\/#breadcrumblist","itemListElement":[{"@type":"ListItem","@id":"https:\/\/www.immo-invest.ch\/fr\/#listItem","position":1,"name":"Home","item":"https:\/\/www.immo-invest.ch\/fr\/","nextItem":{"@type":"ListItem","@id":"https:\/\/www.immo-invest.ch\/fr\/categories\/regions\/#listItem","name":"R\u00e9gions"}},{"@type":"ListItem","@id":"https:\/\/www.immo-invest.ch\/fr\/categories\/regions\/#listItem","position":2,"name":"R\u00e9gions","item":"https:\/\/www.immo-invest.ch\/fr\/categories\/regions\/","nextItem":{"@type":"ListItem","@id":"https:\/\/www.immo-invest.ch\/fr\/categories\/regions\/suisse\/#listItem","name":"Suisse"},"previousItem":{"@type":"ListItem","@id":"https:\/\/www.immo-invest.ch\/fr\/#listItem","name":"Home"}},{"@type":"ListItem","@id":"https:\/\/www.immo-invest.ch\/fr\/categories\/regions\/suisse\/#listItem","position":3,"name":"Suisse","item":"https:\/\/www.immo-invest.ch\/fr\/categories\/regions\/suisse\/","nextItem":{"@type":"ListItem","@id":"https:\/\/www.immo-invest.ch\/fr\/categories\/regions\/suisse\/suisse-orientale\/#listItem","name":"Suisse orientale"},"previousItem":{"@type":"ListItem","@id":"https:\/\/www.immo-invest.ch\/fr\/categories\/regions\/#listItem","name":"R\u00e9gions"}},{"@type":"ListItem","@id":"https:\/\/www.immo-invest.ch\/fr\/categories\/regions\/suisse\/suisse-orientale\/#listItem","position":4,"name":"Suisse orientale","item":"https:\/\/www.immo-invest.ch\/fr\/categories\/regions\/suisse\/suisse-orientale\/","nextItem":{"@type":"ListItem","@id":"https:\/\/www.immo-invest.ch\/fr\/categories\/regions\/suisse\/suisse-orientale\/glarus-fr\/#listItem","name":"Glarus"},"previousItem":{"@type":"ListItem","@id":"https:\/\/www.immo-invest.ch\/fr\/categories\/regions\/suisse\/#listItem","name":"Suisse"}},{"@type":"ListItem","@id":"https:\/\/www.immo-invest.ch\/fr\/categories\/regions\/suisse\/suisse-orientale\/glarus-fr\/#listItem","position":5,"name":"Glarus","item":"https:\/\/www.immo-invest.ch\/fr\/categories\/regions\/suisse\/suisse-orientale\/glarus-fr\/","nextItem":{"@type":"ListItem","@id":"https:\/\/www.immo-invest.ch\/fr\/digitale-gaesteplattform-staerkt-den-standort-glarus\/#listItem","name":"Une plate-forme num\u00e9rique pour les visiteurs renforce le site de Glaris"},"previousItem":{"@type":"ListItem","@id":"https:\/\/www.immo-invest.ch\/fr\/categories\/regions\/suisse\/suisse-orientale\/#listItem","name":"Suisse orientale"}},{"@type":"ListItem","@id":"https:\/\/www.immo-invest.ch\/fr\/digitale-gaesteplattform-staerkt-den-standort-glarus\/#listItem","position":6,"name":"Une plate-forme num\u00e9rique pour les visiteurs renforce le site de Glaris","previousItem":{"@type":"ListItem","@id":"https:\/\/www.immo-invest.ch\/fr\/categories\/regions\/suisse\/suisse-orientale\/glarus-fr\/#listItem","name":"Glarus"}}]},{"@type":"Organization","@id":"https:\/\/www.immo-invest.ch\/fr\/#organization","name":"immo!nvest - Die Plattform f\u00fcr Standorte und Immobilien","description":"Die\u00a0Plattform f\u00fcr Standorte und Immobilien","url":"https:\/\/www.immo-invest.ch\/fr\/","email":"admin@immomedia.ag","telephone":"+41444420002","logo":{"@type":"ImageObject","url":"https:\/\/www.immo-invest.ch\/wp-content\/uploads\/2024\/09\/immoinvest_sm-scaled.jpg","@id":"https:\/\/www.immo-invest.ch\/fr\/digitale-gaesteplattform-staerkt-den-standort-glarus\/#organizationLogo","width":2560,"height":1340},"image":{"@id":"https:\/\/www.immo-invest.ch\/fr\/digitale-gaesteplattform-staerkt-den-standort-glarus\/#organizationLogo"},"sameAs":["https:\/\/www.facebook.com\/people\/Immoinvest\/100077962920504\/","https:\/\/x.com\/i\/flow\/login?redirect_after_login=immoinvest_ch","https:\/\/www.instagram.com\/immoinvest_ch\/","https:\/\/www.linkedin.com\/company\/immoinvest-swiss"]},{"@type":"Person","@id":"https:\/\/www.immo-invest.ch\/fr\/author\/immovestuser\/#author","url":"https:\/\/www.immo-invest.ch\/fr\/author\/immovestuser\/","name":"immovestuser","image":{"@type":"ImageObject","@id":"https:\/\/www.immo-invest.ch\/fr\/digitale-gaesteplattform-staerkt-den-standort-glarus\/#authorImage","url":"https:\/\/secure.gravatar.com\/avatar\/8e01f4d99f2eeea7a362ebb93305e1172a70e9293ba250f897a65c39f54cdd1e?s=96&d=mm&r=g","width":96,"height":96,"caption":"immovestuser"}},{"@type":"WebPage","@id":"https:\/\/www.immo-invest.ch\/fr\/digitale-gaesteplattform-staerkt-den-standort-glarus\/#webpage","url":"https:\/\/www.immo-invest.ch\/fr\/digitale-gaesteplattform-staerkt-den-standort-glarus\/","name":"Une plate-forme num\u00e9rique pour les visiteurs renforce le site de Glaris - immo!nvest - Die Plattform f\u00fcr Standorte und Immobilien","description":"Avec le GlarnerlandPass, le canton de Glaris franchit une \u00e9tape avant-gardiste dans le d\u00e9veloppement du tourisme. La nouvelle plateforme associe num\u00e9risation, r\u00e9gionalisme et durabilit\u00e9 en un mod\u00e8le global dont le rayonnement d\u00e9passe les fronti\u00e8res du canton.","inLanguage":"fr-FR","isPartOf":{"@id":"https:\/\/www.immo-invest.ch\/fr\/#website"},"breadcrumb":{"@id":"https:\/\/www.immo-invest.ch\/fr\/digitale-gaesteplattform-staerkt-den-standort-glarus\/#breadcrumblist"},"author":{"@id":"https:\/\/www.immo-invest.ch\/fr\/author\/immovestuser\/#author"},"creator":{"@id":"https:\/\/www.immo-invest.ch\/fr\/author\/immovestuser\/#author"},"image":{"@type":"ImageObject","url":"https:\/\/www.immo-invest.ch\/wp-content\/uploads\/2025\/07\/low-angle-view-of-snowboarders-with-ski-equipment-2024-12-04-23-20-42-utc-scaled.jpg","@id":"https:\/\/www.immo-invest.ch\/fr\/digitale-gaesteplattform-staerkt-den-standort-glarus\/#mainImage","width":2560,"height":1709,"caption":"Low angle view of snowboarders with ski equipment"},"primaryImageOfPage":{"@id":"https:\/\/www.immo-invest.ch\/fr\/digitale-gaesteplattform-staerkt-den-standort-glarus\/#mainImage"},"datePublished":"2025-07-18T16:15:53+02:00","dateModified":"2025-07-16T11:45:07+02:00"},{"@type":"WebSite","@id":"https:\/\/www.immo-invest.ch\/fr\/#website","url":"https:\/\/www.immo-invest.ch\/fr\/","name":"immo!nvest - Die Plattform f\u00fcr Standorte und Immobilien","description":"Die\u00a0Plattform f\u00fcr Standorte und Immobilien","inLanguage":"fr-FR","publisher":{"@id":"https:\/\/www.immo-invest.ch\/fr\/#organization"}}]},"og:locale":"fr_FR","og:site_name":"immo!nvest - Die Plattform f\u00fcr Standorte und Immobilien - Die\u00a0Plattform f\u00fcr Standorte und Immobilien","og:type":"article","og:title":"Une plate-forme num\u00e9rique pour les visiteurs renforce le site de Glaris - immo!nvest - Die Plattform f\u00fcr Standorte und Immobilien","og:description":"Avec le GlarnerlandPass, le canton de Glaris franchit une \u00e9tape avant-gardiste dans le d\u00e9veloppement du tourisme. La nouvelle plateforme associe num\u00e9risation, r\u00e9gionalisme et durabilit\u00e9 en un mod\u00e8le global dont le rayonnement d\u00e9passe les fronti\u00e8res du canton.","og:url":"https:\/\/www.immo-invest.ch\/fr\/digitale-gaesteplattform-staerkt-den-standort-glarus\/","og:image":"https:\/\/www.immo-invest.ch\/wp-content\/uploads\/2025\/07\/low-angle-view-of-snowboarders-with-ski-equipment-2024-12-04-23-20-42-utc-scaled.jpg","og:image:secure_url":"https:\/\/www.immo-invest.ch\/wp-content\/uploads\/2025\/07\/low-angle-view-of-snowboarders-with-ski-equipment-2024-12-04-23-20-42-utc-scaled.jpg","og:image:width":2560,"og:image:height":1709,"article:published_time":"2025-07-18T14:15:53+00:00","article:modified_time":"2025-07-16T09:45:07+00:00","article:publisher":"https:\/\/www.facebook.com\/people\/Immoinvest\/100077962920504\/","twitter:card":"summary_large_image","twitter:site":"@i","twitter:title":"Une plate-forme num\u00e9rique pour les visiteurs renforce le site de Glaris - immo!nvest - Die Plattform f\u00fcr Standorte und Immobilien","twitter:description":"Avec le GlarnerlandPass, le canton de Glaris franchit une \u00e9tape avant-gardiste dans le d\u00e9veloppement du tourisme. La nouvelle plateforme associe num\u00e9risation, r\u00e9gionalisme et durabilit\u00e9 en un mod\u00e8le global dont le rayonnement d\u00e9passe les fronti\u00e8res du canton.","twitter:creator":"@i","twitter:image":"https:\/\/www.immo-invest.ch\/wp-content\/uploads\/2025\/07\/low-angle-view-of-snowboarders-with-ski-equipment-2024-12-04-23-20-42-utc-scaled.jpg"},"aioseo_meta_data":{"post_id":"135948","title":null,"description":null,"keywords":null,"keyphrases":{"focus":{"keyphrase":"","score":0,"analysis":{"keyphraseInTitle":{"score":0,"maxScore":9,"error":1}}},"additional":[]},"primary_term":null,"canonical_url":null,"og_title":null,"og_description":null,"og_object_type":"default","og_image_type":"default","og_image_url":null,"og_image_width":null,"og_image_height":null,"og_image_custom_url":null,"og_image_custom_fields":null,"og_video":"","og_custom_url":null,"og_article_section":null,"og_article_tags":null,"twitter_use_og":false,"twitter_card":"default","twitter_image_type":"default","twitter_image_url":null,"twitter_image_custom_url":null,"twitter_image_custom_fields":null,"twitter_title":null,"twitter_description":null,"schema":{"blockGraphs":[],"customGraphs":[],"default":{"data":{"Article":[],"Course":[],"Dataset":[],"FAQPage":[],"Movie":[],"Person":[],"Product":[],"ProductReview":[],"Car":[],"Recipe":[],"Service":[],"SoftwareApplication":[],"WebPage":[]},"graphName":"BlogPosting","isEnabled":true},"graphs":[]},"schema_type":"default","schema_type_options":null,"pillar_content":false,"robots_default":true,"robots_noindex":false,"robots_noarchive":false,"robots_nosnippet":false,"robots_nofollow":false,"robots_noimageindex":false,"robots_noodp":false,"robots_notranslate":false,"robots_max_snippet":"-1","robots_max_videopreview":"-1","robots_max_imagepreview":"large","priority":null,"frequency":"default","local_seo":null,"breadcrumb_settings":null,"limit_modified_date":false,"ai":null,"created":"2025-07-14 14:36:44","updated":"2025-10-24 23:22:14","seo_analyzer_scan_date":null,"focus_keyword":null,"additional_keywords":null,"truseo_locale":null},"aioseo_breadcrumb":"<div class=\"aioseo-breadcrumbs\"><span class=\"aioseo-breadcrumb\">\n\t\t\t<a href=\"https:\/\/www.immo-invest.ch\/fr\/\" title=\"Home\">Home<\/a>\n\t\t<\/span><span class=\"aioseo-breadcrumb-separator\">&raquo;<\/span><span class=\"aioseo-breadcrumb\">\n\t\t\t<a href=\"https:\/\/www.immo-invest.ch\/fr\/categories\/regions\/\" title=\"R\u00e9gions\">R\u00e9gions<\/a>\n\t\t<\/span><span class=\"aioseo-breadcrumb-separator\">&raquo;<\/span><span class=\"aioseo-breadcrumb\">\n\t\t\t<a href=\"https:\/\/www.immo-invest.ch\/fr\/categories\/regions\/suisse\/\" title=\"Suisse\">Suisse<\/a>\n\t\t<\/span><span class=\"aioseo-breadcrumb-separator\">&raquo;<\/span><span class=\"aioseo-breadcrumb\">\n\t\t\t<a href=\"https:\/\/www.immo-invest.ch\/fr\/categories\/regions\/suisse\/suisse-orientale\/\" title=\"Suisse orientale\">Suisse orientale<\/a>\n\t\t<\/span><span class=\"aioseo-breadcrumb-separator\">&raquo;<\/span><span class=\"aioseo-breadcrumb\">\n\t\t\t<a href=\"https:\/\/www.immo-invest.ch\/fr\/categories\/regions\/suisse\/suisse-orientale\/glarus-fr\/\" title=\"Glarus\">Glarus<\/a>\n\t\t<\/span><span class=\"aioseo-breadcrumb-separator\">&raquo;<\/span><span class=\"aioseo-breadcrumb\">\n\t\t\tUne plate-forme num\u00e9rique pour les visiteurs renforce le site de Glaris\n\t\t<\/span><\/div>","aioseo_breadcrumb_json":[{"label":"Home","link":"https:\/\/www.immo-invest.ch\/fr\/"},{"label":"R\u00e9gions","link":"https:\/\/www.immo-invest.ch\/fr\/categories\/regions\/"},{"label":"Suisse","link":"https:\/\/www.immo-invest.ch\/fr\/categories\/regions\/suisse\/"},{"label":"Suisse orientale","link":"https:\/\/www.immo-invest.ch\/fr\/categories\/regions\/suisse\/suisse-orientale\/"},{"label":"Glarus","link":"https:\/\/www.immo-invest.ch\/fr\/categories\/regions\/suisse\/suisse-orientale\/glarus-fr\/"},{"label":"Une plate-forme num\u00e9rique pour les visiteurs renforce le site de Glaris","link":"https:\/\/www.immo-invest.ch\/fr\/digitale-gaesteplattform-staerkt-den-standort-glarus\/"}],"featured_image_src":"https:\/\/www.immo-invest.ch\/wp-content\/uploads\/2025\/07\/low-angle-view-of-snowboarders-with-ski-equipment-2024-12-04-23-20-42-utc-336x168.jpg","_links":{"self":[{"href":"https:\/\/www.immo-invest.ch\/fr\/wp-json\/wp\/v2\/posts\/135948","targetHints":{"allow":["GET"]}}],"collection":[{"href":"https:\/\/www.immo-invest.ch\/fr\/wp-json\/wp\/v2\/posts"}],"about":[{"href":"https:\/\/www.immo-invest.ch\/fr\/wp-json\/wp\/v2\/types\/post"}],"author":[{"embeddable":true,"href":"https:\/\/www.immo-invest.ch\/fr\/wp-json\/wp\/v2\/users\/2"}],"replies":[{"embeddable":true,"href":"https:\/\/www.immo-invest.ch\/fr\/wp-json\/wp\/v2\/comments?post=135948"}],"version-history":[{"count":0,"href":"https:\/\/www.immo-invest.ch\/fr\/wp-json\/wp\/v2\/posts\/135948\/revisions"}],"wp:featuredmedia":[{"embeddable":true,"href":"https:\/\/www.immo-invest.ch\/fr\/wp-json\/wp\/v2\/media\/135938"}],"wp:attachment":[{"href":"https:\/\/www.immo-invest.ch\/fr\/wp-json\/wp\/v2\/media?parent=135948"}],"wp:term":[{"taxonomy":"category","embeddable":true,"href":"https:\/\/www.immo-invest.ch\/fr\/wp-json\/wp\/v2\/categories?post=135948"},{"taxonomy":"post_tag","embeddable":true,"href":"https:\/\/www.immo-invest.ch\/fr\/wp-json\/wp\/v2\/tags?post=135948"}],"curies":[{"name":"wp","href":"https:\/\/api.w.org\/{rel}","templated":true}]}}