{"id":135943,"date":"2025-07-18T08:09:00","date_gmt":"2025-07-18T06:09:00","guid":{"rendered":"https:\/\/www.immo-invest.ch\/?p=135943"},"modified":"2025-07-16T11:46:59","modified_gmt":"2025-07-16T09:46:59","slug":"das-landolt-areal-im-wandel-2","status":"publish","type":"post","link":"https:\/\/www.immo-invest.ch\/fr\/das-landolt-areal-im-wandel-2\/","title":{"rendered":"Le site Landolt en pleine mutation"},"content":{"rendered":"<p class=\"wp-block-paragraph\"><strong>Quelle est l&rsquo;importance du d&eacute;veloppement du Landolt-Areal pour le site &eacute;conomique de Glaris ? Quelles impulsions concr&egrave;tes attendez-vous pour l&rsquo;&eacute;conomie locale et la cr&eacute;ation de nouveaux emplois ?<\/strong><br>Le site est aujourd&rsquo;hui d&eacute;j&agrave; bien occup&eacute; par de nombreuses PME diff&eacute;rentes. Avec le d&eacute;part &agrave; moyen terme de l&rsquo;entreprise Landolt, l&rsquo;ancien site sera lib&eacute;r&eacute;. La Shedhalle, que nous avons d&eacute;j&agrave; r&eacute;nov&eacute;e et dont le toit a &eacute;t&eacute; &eacute;quip&eacute; d&rsquo;une grande installation photovolta&iuml;que, est particuli&egrave;rement int&eacute;ressante. Nous sommes en train d&rsquo;attirer de nouveaux locataires et offrons un site tr&egrave;s attractif avec une connexion logistique optimale. De nouveaux emplois attrayants y seront cr&eacute;&eacute;s.<\/p>\n\n\n\n\n\n<p class=\"wp-block-paragraph\"><strong>Les utilisations temporaires, comme le hub Mobility pr&eacute;vu, sont un &eacute;l&eacute;ment central du concept. Quelles opportunit&eacute;s voyez-vous dans ces utilisations temporaires pour animer le site pendant la phase de d&eacute;veloppement ?<\/strong><br>C&rsquo;est l&rsquo;une des parties les plus importantes de la transformation. Nous souhaitons, dans la mesure du possible, conserver tous les locataires existants. Nous entretenons un contact direct avec eux afin qu&rsquo;ils puissent continuer &agrave; se d&eacute;velopper au sein du site. Les b&acirc;timents &agrave; usage interm&eacute;diaire sont lou&eacute;s &agrave; bas prix mais pas pour longtemps, que ce soit comme entrep&ocirc;t, parking ou hub, mais sans grand investissement de notre part. Il y a aussi de la place pour la cr&eacute;ativit&eacute;.<\/p>\n\n\n\n\n\n<p class=\"wp-block-paragraph\"><strong>Comment le canton de Glaris et la promotion &eacute;conomique sont-ils impliqu&eacute;s dans le projet ? Y a-t-il une coordination strat&eacute;gique avec les objectifs de d&eacute;veloppement cantonaux ?<\/strong><br>Nous avons des &eacute;changes r&eacute;guliers avec la promotion &eacute;conomique et sommes confiants quant &agrave; la possibilit&eacute; d&rsquo;attirer des PME plus importantes dans le canton de Glaris en raison de la bonne situation et de la taille de la surface propos&eacute;e. Plusieurs entreprises sont d&eacute;j&agrave; int&eacute;ress&eacute;es pour s&rsquo;y installer.<\/p>\n\n\n\n\n\n<p class=\"wp-block-paragraph\"><strong>La planification participative est soulign&eacute;e. Comment les habitants et les commer&ccedil;ants ont-ils pu participer concr&egrave;tement et quels sont les enseignements tir&eacute;s de ce processus qui seront pris en compte dans les prochaines &eacute;tapes ?<\/strong><br>L&rsquo;urbanisme, les relations avec les voisins ainsi que l&rsquo;utilisation et la r&eacute;partition des constructions sur le site ont &eacute;t&eacute; revus avec une repr&eacute;sentation bien &eacute;tay&eacute;e des autorit&eacute;s et un comit&eacute; d&rsquo;experts de l&rsquo;&eacute;conomie et de l&rsquo;urbanisme ainsi qu&rsquo;une &eacute;quipe de planification internationale. Un grand nombre d&rsquo;anciens b&acirc;timents de la filature seront conserv&eacute;s et une nouvelle vie leur sera donn&eacute;e.<\/p>\n\n\n\n\n\n<p class=\"wp-block-paragraph\">Le site, aujourd&rsquo;hui exclusivement commercial, sera compl&eacute;t&eacute; par diff&eacute;rentes offres commerciales, et une petite part d&rsquo;habitat sera &eacute;galement possible. La situation tr&egrave;s attrayante entre les ruisseaux Chli Linthli et M&uuml;hlibach invite &eacute;galement les promeneurs et les habitants &agrave; d&eacute;couvrir ce lieu magnifique et idyllique.<\/p>\n\n\n\n\n\n<p class=\"wp-block-paragraph\">Les planificateurs &eacute;laborent actuellement le projet indicatif en collaboration avec la commission d&rsquo;am&eacute;nagement et le service des monuments historiques. D&rsquo;ici l&rsquo;&eacute;t&eacute; 2025, la forme future du site, l&rsquo;offre commerciale &eacute;largie et la diversit&eacute; des logements pourront &ecirc;tre pr&eacute;sent&eacute;es. Nous sommes tr&egrave;s heureux de cette excellente collaboration et sommes convaincus que le traitement soigneux de l&rsquo;existant et des nouveaux b&acirc;timents cr&eacute;era une grande valeur ajout&eacute;e pour les utilisateurs du site, mais aussi pour les riverains.<\/p>\n\n\n\n\n\n<p class=\"wp-block-paragraph\"><strong>Le d&eacute;veloppement se fera en quatre &eacute;tapes. Comment vous assurez-vous que le site reste vivant, utilisable et attractif d&egrave;s les phases interm&eacute;diaires et qu&rsquo;il ne devienne pas un chantier de longue haleine ?<\/strong><br>Comme nous l&rsquo;avons d&eacute;j&agrave; &eacute;voqu&eacute;, une partie sera r&eacute;utilis&eacute;e dans les b&acirc;timents industriels existants. Les b&acirc;timents existants tr&egrave;s anciens, qui seront vides &agrave; moyen terme apr&egrave;s le d&eacute;part de l&rsquo;entreprise Landolt, doivent &ecirc;tre rapidement remis en location apr&egrave;s une transformation ou une modernisation. Pour ce faire, les diff&eacute;rentes zones de talents ont &eacute;t&eacute; d&eacute;finies et constituent les &eacute;tapes. L&rsquo;ach&egrave;vement de chaque zone permettra d&rsquo;achever successivement le d&eacute;veloppement.<\/p>\n\n\n\n\n\n<p class=\"wp-block-paragraph\"><strong>Le campus d&rsquo;<span class=\"glossaryLink\" aria-describedby=\"tt\" data-cmtooltip=\"&lt;div class=glossaryItemTitle&gt;Innovation&lt;\/div&gt;&lt;div class=glossaryItemBody&gt;Innovation in der heutigen Immobilienwelt bedeutet vor allem Digitalisierung von Prozessen. Zum Beispiel das Eliminieren von Tausenden von Excel-Bl&auml;ttern f&uuml;r Portfolio- und Asset-Manager oder das Erstellen einer Anwendung (App) f&uuml;r alle Formalit&auml;ten rund um die Beziehung zwischen Immobilieneigent&uuml;mern, - verwaltung und -mietern.&lt;\/div&gt;\" data-mobile-support=\"0\" data-gt-translate-attributes='[{\"attribute\":\"data-cmtooltip\", \"format\":\"html\"}]' tabindex=\"0\" role=\"link\">innovation<\/span> du Chli Linthli doit se d&eacute;velopper de mani&egrave;re ind&eacute;pendante et en fonction des besoins. A quels groupes cibles souhaitez-vous vous adresser ici et quels secteurs pourraient s&rsquo;y implanter ?<\/strong><br>Ce site est aujourd&rsquo;hui enti&egrave;rement occup&eacute; par un large &eacute;ventail d&rsquo;activit&eacute;s commerciales. C&rsquo;est ici que seront log&eacute;s les besoins de demain. L&rsquo;id&eacute;e est de cr&eacute;er une offre commerciale diversifi&eacute;e qui n&eacute;cessite un bon r&eacute;seau au sein de cette zone et qui fonctionne comme un campus. Mais nous sommes &eacute;galement ouverts &agrave; d&rsquo;autres id&eacute;es. Seul l&rsquo;avenir nous dira lesquelles.<\/p>\n\n\n\n\n\n<p class=\"wp-block-paragraph\"><strong>Comment cr&eacute;ez-vous une identit&eacute; et un lien &agrave; long terme sur le site ? Quel r&ocirc;le jouent les offres sociales, culturelles ou &eacute;cologiques pour les futurs utilisateurs ?<\/strong><br>Le site a d&eacute;j&agrave; une histoire riche. Cela se voit partout ici. Une nouvelle utilisation et une gestion appropri&eacute;e permettront de pr&eacute;server la culture, mais aussi de la red&eacute;finir. Avec notre objectif de durabilit&eacute;, ce processus permettra &eacute;galement de pr&eacute;server les ressources. L&rsquo;utilisation de mat&eacute;riaux naturels et d&rsquo;une architecture simple permettra de cr&eacute;er des espaces de travail et d&rsquo;habitation abordables, sains et agr&eacute;ables &agrave; vivre pour les utilisateurs. Avec ses cours d&rsquo;eau, ses espaces verts, ses places de <span class=\"glossaryLink\" aria-describedby=\"tt\" data-cmtooltip=\"&lt;div class=glossaryItemTitle&gt;Quartier&lt;\/div&gt;&lt;div class=glossaryItemBody&gt;Amtliches, historisches, soziales oder stadtplanerisches Stadtviertel&lt;\/div&gt;\" data-mobile-support=\"0\" data-gt-translate-attributes='[{\"attribute\":\"data-cmtooltip\", \"format\":\"html\"}]' tabindex=\"0\" role=\"link\">quartier<\/span> nouvellement cr&eacute;&eacute;es, etc., le site offre une grande qualit&eacute; d&rsquo;espace, mais aussi un lieu tr&egrave;s attractif pour travailler, vivre et rester.<\/p>\n\n","protected":false},"excerpt":{"rendered":"<p>Avec une vision claire et un dialogue direct avec les locataires, le responsable du projet fait avancer la transformation du Landolt-Areal \u00e0 N\u00e4fels &#8211; avec un espace pour l&rsquo;innovation, une utilisation durable et de nouvelles impulsions pour l&rsquo;\u00e9conomie, le travail et l&rsquo;identit\u00e9.<\/p>\n","protected":false},"author":2,"featured_media":135933,"comment_status":"open","ping_status":"open","sticky":false,"template":"","format":"standard","meta":{"pmpro_default_level":"","inline_featured_image":false,"_monsterinsights_skip_tracking":false,"footnotes":""},"categories":[45951,743,22357,8452],"tags":[3555,1818,848,872,3931,19715,4495,2002,1343,2420,4746],"class_list":["post-135943","post","type-post","status-publish","format-standard","has-post-thumbnail","hentry","category-glarus-fr","category-immonews-fr","category-industrie-du-batiment","category-regions","tag-arbeitsplaetze-fr","tag-entwicklung-fr","tag-immobilien-fr","tag-immoinvest-fr","tag-immonews-fr","tag-investitionen-fr","tag-logistik-fr","tag-news-fr","tag-standortfoerderung-fr","tag-wirtschaft-fr","tag-wirtschaftsstandort-fr","pmpro-has-access"],"acf":{"bild_mit_ki_erstellt_worden":[],"lead":"Avec une vision claire et un dialogue direct avec les locataires, le responsable du projet fait avancer la transformation du Landolt-Areal \u00e0 N\u00e4fels - avec un espace pour l'innovation, une utilisation durable et de nouvelles impulsions pour l'\u00e9conomie, le travail et l'identit\u00e9.","autor":"Quelle: immo!nvest Magazin Glarus","ort":"","bildunterschrift":"","bild_im_grid":false,"gallerie":"","newsim":""},"aioseo_notices":[],"aioseo_head":"\n\t\t<!-- All in One SEO 5.0.0.1 - aioseo.com -->\n\t<meta name=\"description\" content=\"Avec une vision claire et un dialogue direct avec les locataires, le responsable du projet fait avancer la transformation du Landolt-Areal \u00e0 N\u00e4fels - avec un espace pour l&#039;innovation, une utilisation durable et de nouvelles impulsions pour l&#039;\u00e9conomie, le travail et l&#039;identit\u00e9.\" \/>\n\t<meta name=\"robots\" content=\"max-image-preview:large\" \/>\n\t<meta name=\"author\" content=\"immovestuser\"\/>\n\t<meta name=\"google-site-verification\" content=\"fHJKvgWpZCR2zVBHWfkQeFXC11qieUSff0HGNYfuyLA\" \/>\n\t<link rel=\"canonical\" href=\"https:\/\/www.immo-invest.ch\/fr\/das-landolt-areal-im-wandel-2\/\" \/>\n\t<meta name=\"generator\" content=\"All in One SEO (AIOSEO) 5.0.0.1\" \/>\n\t\t<meta property=\"og:locale\" content=\"fr_FR\" \/>\n\t\t<meta property=\"og:site_name\" content=\"immo!nvest - Die Plattform f\u00fcr Standorte und Immobilien - Die\u00a0Plattform f\u00fcr Standorte und Immobilien\" \/>\n\t\t<meta property=\"og:type\" content=\"article\" \/>\n\t\t<meta property=\"og:title\" content=\"Le site Landolt en pleine mutation - immo!nvest - Die Plattform f\u00fcr Standorte und Immobilien\" \/>\n\t\t<meta property=\"og:description\" content=\"Avec une vision claire et un dialogue direct avec les locataires, le responsable du projet fait avancer la transformation du Landolt-Areal \u00e0 N\u00e4fels - avec un espace pour l&#039;innovation, une utilisation durable et de nouvelles impulsions pour l&#039;\u00e9conomie, le travail et l&#039;identit\u00e9.\" \/>\n\t\t<meta property=\"og:url\" content=\"https:\/\/www.immo-invest.ch\/fr\/das-landolt-areal-im-wandel-2\/\" \/>\n\t\t<meta property=\"og:image\" content=\"https:\/\/www.immo-invest.ch\/wp-content\/uploads\/2025\/07\/Naefels_X_KPMG.jpg\" \/>\n\t\t<meta property=\"og:image:secure_url\" content=\"https:\/\/www.immo-invest.ch\/wp-content\/uploads\/2025\/07\/Naefels_X_KPMG.jpg\" \/>\n\t\t<meta property=\"og:image:width\" content=\"2275\" \/>\n\t\t<meta property=\"og:image:height\" content=\"1575\" \/>\n\t\t<meta property=\"article:published_time\" content=\"2025-07-18T06:09:00+00:00\" \/>\n\t\t<meta property=\"article:modified_time\" content=\"2025-07-16T09:46:59+00:00\" \/>\n\t\t<meta property=\"article:publisher\" content=\"https:\/\/www.facebook.com\/people\/Immoinvest\/100077962920504\/\" \/>\n\t\t<meta name=\"twitter:card\" content=\"summary_large_image\" \/>\n\t\t<meta name=\"twitter:site\" content=\"@i\" \/>\n\t\t<meta name=\"twitter:title\" content=\"Le site Landolt en pleine mutation - immo!nvest - Die Plattform f\u00fcr Standorte und Immobilien\" \/>\n\t\t<meta name=\"twitter:description\" content=\"Avec une vision claire et un dialogue direct avec les locataires, le responsable du projet fait avancer la transformation du Landolt-Areal \u00e0 N\u00e4fels - avec un espace pour l&#039;innovation, une utilisation durable et de nouvelles impulsions pour l&#039;\u00e9conomie, le travail et l&#039;identit\u00e9.\" \/>\n\t\t<meta name=\"twitter:creator\" content=\"@i\" \/>\n\t\t<meta name=\"twitter:image\" content=\"https:\/\/www.immo-invest.ch\/wp-content\/uploads\/2025\/07\/Naefels_X_KPMG.jpg\" \/>\n\t\t<script type=\"application\/ld+json\" class=\"aioseo-schema\">\n\t\t\t{\"@context\":\"https:\\\/\\\/schema.org\",\"@graph\":[{\"@type\":\"BlogPosting\",\"@id\":\"https:\\\/\\\/www.immo-invest.ch\\\/fr\\\/das-landolt-areal-im-wandel-2\\\/#blogposting\",\"name\":\"Le site Landolt en pleine mutation - immo!nvest - Die Plattform f\\u00fcr Standorte und Immobilien\",\"headline\":\"Le site Landolt en pleine mutation\",\"author\":{\"@id\":\"https:\\\/\\\/www.immo-invest.ch\\\/fr\\\/author\\\/immovestuser\\\/#author\"},\"publisher\":{\"@id\":\"https:\\\/\\\/www.immo-invest.ch\\\/fr\\\/#organization\"},\"image\":{\"@type\":\"ImageObject\",\"url\":\"https:\\\/\\\/www.immo-invest.ch\\\/wp-content\\\/uploads\\\/2025\\\/07\\\/Naefels_X_KPMG.jpg\",\"width\":2275,\"height\":1575},\"datePublished\":\"2025-07-18T08:09:00+02:00\",\"dateModified\":\"2025-07-16T11:46:59+02:00\",\"inLanguage\":\"fr-FR\",\"mainEntityOfPage\":{\"@id\":\"https:\\\/\\\/www.immo-invest.ch\\\/fr\\\/das-landolt-areal-im-wandel-2\\\/#webpage\"},\"isPartOf\":{\"@id\":\"https:\\\/\\\/www.immo-invest.ch\\\/fr\\\/das-landolt-areal-im-wandel-2\\\/#webpage\"},\"articleSection\":\"Glarus, immoNews, Industrie du b\\u00e2timent, R\\u00e9gions, Arbeitspl\\u00e4tze, Entwicklung, immobilien, Immoinvest, immoNews, Investitionen, Logistik, News, Standortf\\u00f6rderung, wirtschaft, Wirtschaftsstandort, Facultatif\"},{\"@type\":\"BreadcrumbList\",\"@id\":\"https:\\\/\\\/www.immo-invest.ch\\\/fr\\\/das-landolt-areal-im-wandel-2\\\/#breadcrumblist\",\"itemListElement\":[{\"@type\":\"ListItem\",\"@id\":\"https:\\\/\\\/www.immo-invest.ch\\\/fr\\\/#listItem\",\"position\":1,\"name\":\"Home\",\"item\":\"https:\\\/\\\/www.immo-invest.ch\\\/fr\\\/\",\"nextItem\":{\"@type\":\"ListItem\",\"@id\":\"https:\\\/\\\/www.immo-invest.ch\\\/fr\\\/categories\\\/regions\\\/#listItem\",\"name\":\"R\\u00e9gions\"}},{\"@type\":\"ListItem\",\"@id\":\"https:\\\/\\\/www.immo-invest.ch\\\/fr\\\/categories\\\/regions\\\/#listItem\",\"position\":2,\"name\":\"R\\u00e9gions\",\"item\":\"https:\\\/\\\/www.immo-invest.ch\\\/fr\\\/categories\\\/regions\\\/\",\"nextItem\":{\"@type\":\"ListItem\",\"@id\":\"https:\\\/\\\/www.immo-invest.ch\\\/fr\\\/categories\\\/regions\\\/suisse\\\/#listItem\",\"name\":\"Suisse\"},\"previousItem\":{\"@type\":\"ListItem\",\"@id\":\"https:\\\/\\\/www.immo-invest.ch\\\/fr\\\/#listItem\",\"name\":\"Home\"}},{\"@type\":\"ListItem\",\"@id\":\"https:\\\/\\\/www.immo-invest.ch\\\/fr\\\/categories\\\/regions\\\/suisse\\\/#listItem\",\"position\":3,\"name\":\"Suisse\",\"item\":\"https:\\\/\\\/www.immo-invest.ch\\\/fr\\\/categories\\\/regions\\\/suisse\\\/\",\"nextItem\":{\"@type\":\"ListItem\",\"@id\":\"https:\\\/\\\/www.immo-invest.ch\\\/fr\\\/categories\\\/regions\\\/suisse\\\/suisse-orientale\\\/#listItem\",\"name\":\"Suisse orientale\"},\"previousItem\":{\"@type\":\"ListItem\",\"@id\":\"https:\\\/\\\/www.immo-invest.ch\\\/fr\\\/categories\\\/regions\\\/#listItem\",\"name\":\"R\\u00e9gions\"}},{\"@type\":\"ListItem\",\"@id\":\"https:\\\/\\\/www.immo-invest.ch\\\/fr\\\/categories\\\/regions\\\/suisse\\\/suisse-orientale\\\/#listItem\",\"position\":4,\"name\":\"Suisse orientale\",\"item\":\"https:\\\/\\\/www.immo-invest.ch\\\/fr\\\/categories\\\/regions\\\/suisse\\\/suisse-orientale\\\/\",\"nextItem\":{\"@type\":\"ListItem\",\"@id\":\"https:\\\/\\\/www.immo-invest.ch\\\/fr\\\/categories\\\/regions\\\/suisse\\\/suisse-orientale\\\/glarus-fr\\\/#listItem\",\"name\":\"Glarus\"},\"previousItem\":{\"@type\":\"ListItem\",\"@id\":\"https:\\\/\\\/www.immo-invest.ch\\\/fr\\\/categories\\\/regions\\\/suisse\\\/#listItem\",\"name\":\"Suisse\"}},{\"@type\":\"ListItem\",\"@id\":\"https:\\\/\\\/www.immo-invest.ch\\\/fr\\\/categories\\\/regions\\\/suisse\\\/suisse-orientale\\\/glarus-fr\\\/#listItem\",\"position\":5,\"name\":\"Glarus\",\"item\":\"https:\\\/\\\/www.immo-invest.ch\\\/fr\\\/categories\\\/regions\\\/suisse\\\/suisse-orientale\\\/glarus-fr\\\/\",\"nextItem\":{\"@type\":\"ListItem\",\"@id\":\"https:\\\/\\\/www.immo-invest.ch\\\/fr\\\/das-landolt-areal-im-wandel-2\\\/#listItem\",\"name\":\"Le site Landolt en pleine mutation\"},\"previousItem\":{\"@type\":\"ListItem\",\"@id\":\"https:\\\/\\\/www.immo-invest.ch\\\/fr\\\/categories\\\/regions\\\/suisse\\\/suisse-orientale\\\/#listItem\",\"name\":\"Suisse orientale\"}},{\"@type\":\"ListItem\",\"@id\":\"https:\\\/\\\/www.immo-invest.ch\\\/fr\\\/das-landolt-areal-im-wandel-2\\\/#listItem\",\"position\":6,\"name\":\"Le site Landolt en pleine mutation\",\"previousItem\":{\"@type\":\"ListItem\",\"@id\":\"https:\\\/\\\/www.immo-invest.ch\\\/fr\\\/categories\\\/regions\\\/suisse\\\/suisse-orientale\\\/glarus-fr\\\/#listItem\",\"name\":\"Glarus\"}}]},{\"@type\":\"Organization\",\"@id\":\"https:\\\/\\\/www.immo-invest.ch\\\/fr\\\/#organization\",\"name\":\"immo!nvest - Die Plattform f\\u00fcr Standorte und Immobilien\",\"description\":\"Die\\u00a0Plattform f\\u00fcr Standorte und Immobilien\",\"url\":\"https:\\\/\\\/www.immo-invest.ch\\\/fr\\\/\",\"email\":\"admin@immomedia.ag\",\"telephone\":\"+41444420002\",\"logo\":{\"@type\":\"ImageObject\",\"url\":\"https:\\\/\\\/www.immo-invest.ch\\\/wp-content\\\/uploads\\\/2024\\\/09\\\/immoinvest_sm-scaled.jpg\",\"@id\":\"https:\\\/\\\/www.immo-invest.ch\\\/fr\\\/das-landolt-areal-im-wandel-2\\\/#organizationLogo\",\"width\":2560,\"height\":1340},\"image\":{\"@id\":\"https:\\\/\\\/www.immo-invest.ch\\\/fr\\\/das-landolt-areal-im-wandel-2\\\/#organizationLogo\"},\"sameAs\":[\"https:\\\/\\\/www.facebook.com\\\/people\\\/Immoinvest\\\/100077962920504\\\/\",\"https:\\\/\\\/x.com\\\/i\\\/flow\\\/login?redirect_after_login=immoinvest_ch\",\"https:\\\/\\\/www.instagram.com\\\/immoinvest_ch\\\/\",\"https:\\\/\\\/www.linkedin.com\\\/company\\\/immoinvest-swiss\"]},{\"@type\":\"Person\",\"@id\":\"https:\\\/\\\/www.immo-invest.ch\\\/fr\\\/author\\\/immovestuser\\\/#author\",\"url\":\"https:\\\/\\\/www.immo-invest.ch\\\/fr\\\/author\\\/immovestuser\\\/\",\"name\":\"immovestuser\",\"image\":{\"@type\":\"ImageObject\",\"@id\":\"https:\\\/\\\/www.immo-invest.ch\\\/fr\\\/das-landolt-areal-im-wandel-2\\\/#authorImage\",\"url\":\"https:\\\/\\\/secure.gravatar.com\\\/avatar\\\/8e01f4d99f2eeea7a362ebb93305e1172a70e9293ba250f897a65c39f54cdd1e?s=96&d=mm&r=g\",\"width\":96,\"height\":96,\"caption\":\"immovestuser\"}},{\"@type\":\"WebPage\",\"@id\":\"https:\\\/\\\/www.immo-invest.ch\\\/fr\\\/das-landolt-areal-im-wandel-2\\\/#webpage\",\"url\":\"https:\\\/\\\/www.immo-invest.ch\\\/fr\\\/das-landolt-areal-im-wandel-2\\\/\",\"name\":\"Le site Landolt en pleine mutation - immo!nvest - Die Plattform f\\u00fcr Standorte und Immobilien\",\"description\":\"Avec une vision claire et un dialogue direct avec les locataires, le responsable du projet fait avancer la transformation du Landolt-Areal \\u00e0 N\\u00e4fels - avec un espace pour l'innovation, une utilisation durable et de nouvelles impulsions pour l'\\u00e9conomie, le travail et l'identit\\u00e9.\",\"inLanguage\":\"fr-FR\",\"isPartOf\":{\"@id\":\"https:\\\/\\\/www.immo-invest.ch\\\/fr\\\/#website\"},\"breadcrumb\":{\"@id\":\"https:\\\/\\\/www.immo-invest.ch\\\/fr\\\/das-landolt-areal-im-wandel-2\\\/#breadcrumblist\"},\"author\":{\"@id\":\"https:\\\/\\\/www.immo-invest.ch\\\/fr\\\/author\\\/immovestuser\\\/#author\"},\"creator\":{\"@id\":\"https:\\\/\\\/www.immo-invest.ch\\\/fr\\\/author\\\/immovestuser\\\/#author\"},\"image\":{\"@type\":\"ImageObject\",\"url\":\"https:\\\/\\\/www.immo-invest.ch\\\/wp-content\\\/uploads\\\/2025\\\/07\\\/Naefels_X_KPMG.jpg\",\"@id\":\"https:\\\/\\\/www.immo-invest.ch\\\/fr\\\/das-landolt-areal-im-wandel-2\\\/#mainImage\",\"width\":2275,\"height\":1575},\"primaryImageOfPage\":{\"@id\":\"https:\\\/\\\/www.immo-invest.ch\\\/fr\\\/das-landolt-areal-im-wandel-2\\\/#mainImage\"},\"datePublished\":\"2025-07-18T08:09:00+02:00\",\"dateModified\":\"2025-07-16T11:46:59+02:00\"},{\"@type\":\"WebSite\",\"@id\":\"https:\\\/\\\/www.immo-invest.ch\\\/fr\\\/#website\",\"url\":\"https:\\\/\\\/www.immo-invest.ch\\\/fr\\\/\",\"name\":\"immo!nvest - Die Plattform f\\u00fcr Standorte und Immobilien\",\"description\":\"Die\\u00a0Plattform f\\u00fcr Standorte und Immobilien\",\"inLanguage\":\"fr-FR\",\"publisher\":{\"@id\":\"https:\\\/\\\/www.immo-invest.ch\\\/fr\\\/#organization\"}}]}\n\t\t<\/script>\n\t\t<!-- All in One SEO -->\n\n","aioseo_head_json":{"title":"Le site Landolt en pleine mutation - immo!nvest - Die Plattform f\u00fcr Standorte und Immobilien","description":"Avec une vision claire et un dialogue direct avec les locataires, le responsable du projet fait avancer la transformation du Landolt-Areal \u00e0 N\u00e4fels - avec un espace pour l'innovation, une utilisation durable et de nouvelles impulsions pour l'\u00e9conomie, le travail et l'identit\u00e9.","canonical_url":"https:\/\/www.immo-invest.ch\/fr\/das-landolt-areal-im-wandel-2\/","robots":"max-image-preview:large","keywords":"","webmasterTools":{"google-site-verification":"fHJKvgWpZCR2zVBHWfkQeFXC11qieUSff0HGNYfuyLA","miscellaneous":""},"schema":{"@context":"https:\/\/schema.org","@graph":[{"@type":"BlogPosting","@id":"https:\/\/www.immo-invest.ch\/fr\/das-landolt-areal-im-wandel-2\/#blogposting","name":"Le site Landolt en pleine mutation - immo!nvest - Die Plattform f\u00fcr Standorte und Immobilien","headline":"Le site Landolt en pleine mutation","author":{"@id":"https:\/\/www.immo-invest.ch\/fr\/author\/immovestuser\/#author"},"publisher":{"@id":"https:\/\/www.immo-invest.ch\/fr\/#organization"},"image":{"@type":"ImageObject","url":"https:\/\/www.immo-invest.ch\/wp-content\/uploads\/2025\/07\/Naefels_X_KPMG.jpg","width":2275,"height":1575},"datePublished":"2025-07-18T08:09:00+02:00","dateModified":"2025-07-16T11:46:59+02:00","inLanguage":"fr-FR","mainEntityOfPage":{"@id":"https:\/\/www.immo-invest.ch\/fr\/das-landolt-areal-im-wandel-2\/#webpage"},"isPartOf":{"@id":"https:\/\/www.immo-invest.ch\/fr\/das-landolt-areal-im-wandel-2\/#webpage"},"articleSection":"Glarus, immoNews, Industrie du b\u00e2timent, R\u00e9gions, Arbeitspl\u00e4tze, Entwicklung, immobilien, Immoinvest, immoNews, Investitionen, Logistik, News, Standortf\u00f6rderung, wirtschaft, Wirtschaftsstandort, Facultatif"},{"@type":"BreadcrumbList","@id":"https:\/\/www.immo-invest.ch\/fr\/das-landolt-areal-im-wandel-2\/#breadcrumblist","itemListElement":[{"@type":"ListItem","@id":"https:\/\/www.immo-invest.ch\/fr\/#listItem","position":1,"name":"Home","item":"https:\/\/www.immo-invest.ch\/fr\/","nextItem":{"@type":"ListItem","@id":"https:\/\/www.immo-invest.ch\/fr\/categories\/regions\/#listItem","name":"R\u00e9gions"}},{"@type":"ListItem","@id":"https:\/\/www.immo-invest.ch\/fr\/categories\/regions\/#listItem","position":2,"name":"R\u00e9gions","item":"https:\/\/www.immo-invest.ch\/fr\/categories\/regions\/","nextItem":{"@type":"ListItem","@id":"https:\/\/www.immo-invest.ch\/fr\/categories\/regions\/suisse\/#listItem","name":"Suisse"},"previousItem":{"@type":"ListItem","@id":"https:\/\/www.immo-invest.ch\/fr\/#listItem","name":"Home"}},{"@type":"ListItem","@id":"https:\/\/www.immo-invest.ch\/fr\/categories\/regions\/suisse\/#listItem","position":3,"name":"Suisse","item":"https:\/\/www.immo-invest.ch\/fr\/categories\/regions\/suisse\/","nextItem":{"@type":"ListItem","@id":"https:\/\/www.immo-invest.ch\/fr\/categories\/regions\/suisse\/suisse-orientale\/#listItem","name":"Suisse orientale"},"previousItem":{"@type":"ListItem","@id":"https:\/\/www.immo-invest.ch\/fr\/categories\/regions\/#listItem","name":"R\u00e9gions"}},{"@type":"ListItem","@id":"https:\/\/www.immo-invest.ch\/fr\/categories\/regions\/suisse\/suisse-orientale\/#listItem","position":4,"name":"Suisse orientale","item":"https:\/\/www.immo-invest.ch\/fr\/categories\/regions\/suisse\/suisse-orientale\/","nextItem":{"@type":"ListItem","@id":"https:\/\/www.immo-invest.ch\/fr\/categories\/regions\/suisse\/suisse-orientale\/glarus-fr\/#listItem","name":"Glarus"},"previousItem":{"@type":"ListItem","@id":"https:\/\/www.immo-invest.ch\/fr\/categories\/regions\/suisse\/#listItem","name":"Suisse"}},{"@type":"ListItem","@id":"https:\/\/www.immo-invest.ch\/fr\/categories\/regions\/suisse\/suisse-orientale\/glarus-fr\/#listItem","position":5,"name":"Glarus","item":"https:\/\/www.immo-invest.ch\/fr\/categories\/regions\/suisse\/suisse-orientale\/glarus-fr\/","nextItem":{"@type":"ListItem","@id":"https:\/\/www.immo-invest.ch\/fr\/das-landolt-areal-im-wandel-2\/#listItem","name":"Le site Landolt en pleine mutation"},"previousItem":{"@type":"ListItem","@id":"https:\/\/www.immo-invest.ch\/fr\/categories\/regions\/suisse\/suisse-orientale\/#listItem","name":"Suisse orientale"}},{"@type":"ListItem","@id":"https:\/\/www.immo-invest.ch\/fr\/das-landolt-areal-im-wandel-2\/#listItem","position":6,"name":"Le site Landolt en pleine mutation","previousItem":{"@type":"ListItem","@id":"https:\/\/www.immo-invest.ch\/fr\/categories\/regions\/suisse\/suisse-orientale\/glarus-fr\/#listItem","name":"Glarus"}}]},{"@type":"Organization","@id":"https:\/\/www.immo-invest.ch\/fr\/#organization","name":"immo!nvest - Die Plattform f\u00fcr Standorte und Immobilien","description":"Die\u00a0Plattform f\u00fcr Standorte und Immobilien","url":"https:\/\/www.immo-invest.ch\/fr\/","email":"admin@immomedia.ag","telephone":"+41444420002","logo":{"@type":"ImageObject","url":"https:\/\/www.immo-invest.ch\/wp-content\/uploads\/2024\/09\/immoinvest_sm-scaled.jpg","@id":"https:\/\/www.immo-invest.ch\/fr\/das-landolt-areal-im-wandel-2\/#organizationLogo","width":2560,"height":1340},"image":{"@id":"https:\/\/www.immo-invest.ch\/fr\/das-landolt-areal-im-wandel-2\/#organizationLogo"},"sameAs":["https:\/\/www.facebook.com\/people\/Immoinvest\/100077962920504\/","https:\/\/x.com\/i\/flow\/login?redirect_after_login=immoinvest_ch","https:\/\/www.instagram.com\/immoinvest_ch\/","https:\/\/www.linkedin.com\/company\/immoinvest-swiss"]},{"@type":"Person","@id":"https:\/\/www.immo-invest.ch\/fr\/author\/immovestuser\/#author","url":"https:\/\/www.immo-invest.ch\/fr\/author\/immovestuser\/","name":"immovestuser","image":{"@type":"ImageObject","@id":"https:\/\/www.immo-invest.ch\/fr\/das-landolt-areal-im-wandel-2\/#authorImage","url":"https:\/\/secure.gravatar.com\/avatar\/8e01f4d99f2eeea7a362ebb93305e1172a70e9293ba250f897a65c39f54cdd1e?s=96&d=mm&r=g","width":96,"height":96,"caption":"immovestuser"}},{"@type":"WebPage","@id":"https:\/\/www.immo-invest.ch\/fr\/das-landolt-areal-im-wandel-2\/#webpage","url":"https:\/\/www.immo-invest.ch\/fr\/das-landolt-areal-im-wandel-2\/","name":"Le site Landolt en pleine mutation - immo!nvest - Die Plattform f\u00fcr Standorte und Immobilien","description":"Avec une vision claire et un dialogue direct avec les locataires, le responsable du projet fait avancer la transformation du Landolt-Areal \u00e0 N\u00e4fels - avec un espace pour l'innovation, une utilisation durable et de nouvelles impulsions pour l'\u00e9conomie, le travail et l'identit\u00e9.","inLanguage":"fr-FR","isPartOf":{"@id":"https:\/\/www.immo-invest.ch\/fr\/#website"},"breadcrumb":{"@id":"https:\/\/www.immo-invest.ch\/fr\/das-landolt-areal-im-wandel-2\/#breadcrumblist"},"author":{"@id":"https:\/\/www.immo-invest.ch\/fr\/author\/immovestuser\/#author"},"creator":{"@id":"https:\/\/www.immo-invest.ch\/fr\/author\/immovestuser\/#author"},"image":{"@type":"ImageObject","url":"https:\/\/www.immo-invest.ch\/wp-content\/uploads\/2025\/07\/Naefels_X_KPMG.jpg","@id":"https:\/\/www.immo-invest.ch\/fr\/das-landolt-areal-im-wandel-2\/#mainImage","width":2275,"height":1575},"primaryImageOfPage":{"@id":"https:\/\/www.immo-invest.ch\/fr\/das-landolt-areal-im-wandel-2\/#mainImage"},"datePublished":"2025-07-18T08:09:00+02:00","dateModified":"2025-07-16T11:46:59+02:00"},{"@type":"WebSite","@id":"https:\/\/www.immo-invest.ch\/fr\/#website","url":"https:\/\/www.immo-invest.ch\/fr\/","name":"immo!nvest - Die Plattform f\u00fcr Standorte und Immobilien","description":"Die\u00a0Plattform f\u00fcr Standorte und Immobilien","inLanguage":"fr-FR","publisher":{"@id":"https:\/\/www.immo-invest.ch\/fr\/#organization"}}]},"og:locale":"fr_FR","og:site_name":"immo!nvest - Die Plattform f\u00fcr Standorte und Immobilien - Die\u00a0Plattform f\u00fcr Standorte und Immobilien","og:type":"article","og:title":"Le site Landolt en pleine mutation - immo!nvest - Die Plattform f\u00fcr Standorte und Immobilien","og:description":"Avec une vision claire et un dialogue direct avec les locataires, le responsable du projet fait avancer la transformation du Landolt-Areal \u00e0 N\u00e4fels - avec un espace pour l'innovation, une utilisation durable et de nouvelles impulsions pour l'\u00e9conomie, le travail et l'identit\u00e9.","og:url":"https:\/\/www.immo-invest.ch\/fr\/das-landolt-areal-im-wandel-2\/","og:image":"https:\/\/www.immo-invest.ch\/wp-content\/uploads\/2025\/07\/Naefels_X_KPMG.jpg","og:image:secure_url":"https:\/\/www.immo-invest.ch\/wp-content\/uploads\/2025\/07\/Naefels_X_KPMG.jpg","og:image:width":2275,"og:image:height":1575,"article:published_time":"2025-07-18T06:09:00+00:00","article:modified_time":"2025-07-16T09:46:59+00:00","article:publisher":"https:\/\/www.facebook.com\/people\/Immoinvest\/100077962920504\/","twitter:card":"summary_large_image","twitter:site":"@i","twitter:title":"Le site Landolt en pleine mutation - immo!nvest - Die Plattform f\u00fcr Standorte und Immobilien","twitter:description":"Avec une vision claire et un dialogue direct avec les locataires, le responsable du projet fait avancer la transformation du Landolt-Areal \u00e0 N\u00e4fels - avec un espace pour l'innovation, une utilisation durable et de nouvelles impulsions pour l'\u00e9conomie, le travail et l'identit\u00e9.","twitter:creator":"@i","twitter:image":"https:\/\/www.immo-invest.ch\/wp-content\/uploads\/2025\/07\/Naefels_X_KPMG.jpg"},"aioseo_meta_data":{"post_id":"135943","title":null,"description":null,"keywords":null,"keyphrases":{"focus":{"keyphrase":"","score":0,"analysis":{"keyphraseInTitle":{"score":0,"maxScore":9,"error":1}}},"additional":[]},"primary_term":null,"canonical_url":null,"og_title":null,"og_description":null,"og_object_type":"default","og_image_type":"default","og_image_url":null,"og_image_width":null,"og_image_height":null,"og_image_custom_url":null,"og_image_custom_fields":null,"og_video":"","og_custom_url":null,"og_article_section":null,"og_article_tags":null,"twitter_use_og":false,"twitter_card":"default","twitter_image_type":"default","twitter_image_url":null,"twitter_image_custom_url":null,"twitter_image_custom_fields":null,"twitter_title":null,"twitter_description":null,"schema":{"blockGraphs":[],"customGraphs":[],"default":{"data":{"Article":[],"Course":[],"Dataset":[],"FAQPage":[],"Movie":[],"Person":[],"Product":[],"ProductReview":[],"Car":[],"Recipe":[],"Service":[],"SoftwareApplication":[],"WebPage":[]},"graphName":"BlogPosting","isEnabled":true},"graphs":[]},"schema_type":"default","schema_type_options":null,"pillar_content":false,"robots_default":true,"robots_noindex":false,"robots_noarchive":false,"robots_nosnippet":false,"robots_nofollow":false,"robots_noimageindex":false,"robots_noodp":false,"robots_notranslate":false,"robots_max_snippet":"-1","robots_max_videopreview":"-1","robots_max_imagepreview":"large","priority":null,"frequency":"default","local_seo":null,"breadcrumb_settings":null,"limit_modified_date":false,"ai":null,"created":"2025-07-14 14:35:45","updated":"2025-10-24 23:22:14","seo_analyzer_scan_date":null,"focus_keyword":null,"additional_keywords":null,"truseo_locale":null},"aioseo_breadcrumb":"<div class=\"aioseo-breadcrumbs\"><span class=\"aioseo-breadcrumb\">\n\t\t\t<a href=\"https:\/\/www.immo-invest.ch\/fr\/\" title=\"Home\">Home<\/a>\n\t\t<\/span><span class=\"aioseo-breadcrumb-separator\">&raquo;<\/span><span class=\"aioseo-breadcrumb\">\n\t\t\t<a href=\"https:\/\/www.immo-invest.ch\/fr\/categories\/regions\/\" title=\"R\u00e9gions\">R\u00e9gions<\/a>\n\t\t<\/span><span class=\"aioseo-breadcrumb-separator\">&raquo;<\/span><span class=\"aioseo-breadcrumb\">\n\t\t\t<a href=\"https:\/\/www.immo-invest.ch\/fr\/categories\/regions\/suisse\/\" title=\"Suisse\">Suisse<\/a>\n\t\t<\/span><span class=\"aioseo-breadcrumb-separator\">&raquo;<\/span><span class=\"aioseo-breadcrumb\">\n\t\t\t<a href=\"https:\/\/www.immo-invest.ch\/fr\/categories\/regions\/suisse\/suisse-orientale\/\" title=\"Suisse orientale\">Suisse orientale<\/a>\n\t\t<\/span><span class=\"aioseo-breadcrumb-separator\">&raquo;<\/span><span class=\"aioseo-breadcrumb\">\n\t\t\t<a href=\"https:\/\/www.immo-invest.ch\/fr\/categories\/regions\/suisse\/suisse-orientale\/glarus-fr\/\" title=\"Glarus\">Glarus<\/a>\n\t\t<\/span><span class=\"aioseo-breadcrumb-separator\">&raquo;<\/span><span class=\"aioseo-breadcrumb\">\n\t\t\tLe site Landolt en pleine mutation\n\t\t<\/span><\/div>","aioseo_breadcrumb_json":[{"label":"Home","link":"https:\/\/www.immo-invest.ch\/fr\/"},{"label":"R\u00e9gions","link":"https:\/\/www.immo-invest.ch\/fr\/categories\/regions\/"},{"label":"Suisse","link":"https:\/\/www.immo-invest.ch\/fr\/categories\/regions\/suisse\/"},{"label":"Suisse orientale","link":"https:\/\/www.immo-invest.ch\/fr\/categories\/regions\/suisse\/suisse-orientale\/"},{"label":"Glarus","link":"https:\/\/www.immo-invest.ch\/fr\/categories\/regions\/suisse\/suisse-orientale\/glarus-fr\/"},{"label":"Le site Landolt en pleine mutation","link":"https:\/\/www.immo-invest.ch\/fr\/das-landolt-areal-im-wandel-2\/"}],"featured_image_src":"https:\/\/www.immo-invest.ch\/wp-content\/uploads\/2025\/07\/Naefels_X_KPMG-336x168.jpg","_links":{"self":[{"href":"https:\/\/www.immo-invest.ch\/fr\/wp-json\/wp\/v2\/posts\/135943","targetHints":{"allow":["GET"]}}],"collection":[{"href":"https:\/\/www.immo-invest.ch\/fr\/wp-json\/wp\/v2\/posts"}],"about":[{"href":"https:\/\/www.immo-invest.ch\/fr\/wp-json\/wp\/v2\/types\/post"}],"author":[{"embeddable":true,"href":"https:\/\/www.immo-invest.ch\/fr\/wp-json\/wp\/v2\/users\/2"}],"replies":[{"embeddable":true,"href":"https:\/\/www.immo-invest.ch\/fr\/wp-json\/wp\/v2\/comments?post=135943"}],"version-history":[{"count":0,"href":"https:\/\/www.immo-invest.ch\/fr\/wp-json\/wp\/v2\/posts\/135943\/revisions"}],"wp:featuredmedia":[{"embeddable":true,"href":"https:\/\/www.immo-invest.ch\/fr\/wp-json\/wp\/v2\/media\/135933"}],"wp:attachment":[{"href":"https:\/\/www.immo-invest.ch\/fr\/wp-json\/wp\/v2\/media?parent=135943"}],"wp:term":[{"taxonomy":"category","embeddable":true,"href":"https:\/\/www.immo-invest.ch\/fr\/wp-json\/wp\/v2\/categories?post=135943"},{"taxonomy":"post_tag","embeddable":true,"href":"https:\/\/www.immo-invest.ch\/fr\/wp-json\/wp\/v2\/tags?post=135943"}],"curies":[{"name":"wp","href":"https:\/\/api.w.org\/{rel}","templated":true}]}}