{"id":135799,"date":"2025-07-21T08:30:00","date_gmt":"2025-07-21T06:30:00","guid":{"rendered":"https:\/\/www.immo-invest.ch\/?p=135799"},"modified":"2025-07-14T11:57:10","modified_gmt":"2025-07-14T09:57:10","slug":"rehabilitationszentrum-bleibt-erhalten-und-wird-erweitert","status":"publish","type":"post","link":"https:\/\/www.immo-invest.ch\/fr\/rehabilitationszentrum-bleibt-erhalten-und-wird-erweitert\/","title":{"rendered":"Le centre de r\u00e9\u00e9ducation est maintenu et agrandi"},"content":{"rendered":"<p class=\"bodytext\">La Berner Klinik Montana<a href=\"https:\/\/bernerklinik.ch\/\" target=\"_blank\" rel=\"noopener\">(BKM<\/a>) reprendra au 1er janvier 2026 la Luzerner H&ouml;henklinik Montana<a href=\"https:\/\/www.lhm.ch\/de\" target=\"_blank\" rel=\"noopener\">(LHM<\/a>), &eacute;galement situ&eacute;e &agrave; Crans Montana. Comme l&rsquo;indique un <a href=\"https:\/\/newsletter.lu.ch\/files\/SK\/Mitteilungen%202025\/07_Juli\/20250709_MM_Verkauf_LHM.pdf\" target=\"_blank\" rel=\"noopener\">communiqu&eacute;<\/a>, un accord correspondant a &eacute;t&eacute; conclu avec succ&egrave;s entre l&rsquo;h&ocirc;pital cantonal de Lucerne<a href=\"https:\/\/www.luks.ch\/\" target=\"_blank\" rel=\"noopener\">(LUKS<\/a>), le <a href=\"https:\/\/www.lu.ch\/\" target=\"_blank\" rel=\"noopener\">canton de Lucerne<\/a> et BKM. BKM continuera d&rsquo;exploiter la clinique lucernoise rachet&eacute;e. D&rsquo;ici la date de reprise, les syst&egrave;mes informatiques des deux cliniques doivent encore &ecirc;tre adapt&eacute;s.<\/p>\n<p class=\"bodytext\">&laquo;&nbsp;La reprise de l&rsquo;&eacute;tablissement et de ses collaborateurs tr&egrave;s comp&eacute;tents est une aubaine pour nous&nbsp;&raquo;, d&eacute;clare Philippe Eckert, directeur de la clinique bernoise Montana, cit&eacute; dans le communiqu&eacute;. &laquo;&nbsp;L&rsquo;int&eacute;gration de LHM permettrait de d&eacute;velopper des synergies dans la r&eacute;adaptation musculo-squelettique, psychosomatique et oncologique et d&rsquo;&eacute;largir la gamme de prestations de BKM avec la r&eacute;adaptation pulmonaire&nbsp;&raquo;<\/p>\n<p class=\"bodytext\">Dans un premier temps, le canton de Lucerne reste propri&eacute;taire des terrains et des immeubles. La BKM loue le b&acirc;timent principal de la clinique d&rsquo;altitude ainsi que le b&acirc;timent du personnel <span class=\"glossaryLink\"  aria-describedby=\"tt\"  data-cmtooltip=\"&lt;div class=glossaryItemTitle&gt;Villa&lt;\/div&gt;&lt;div class=glossaryItemBody&gt;Von lat. Landhaus, Landgut; freistehendes, anspruchsvolles Einfamilienhaus&nbsp;&lt;\/div&gt;\"  data-mobile-support=\"0\"  data-gt-translate-attributes='[{\"attribute\":\"data-cmtooltip\", \"format\":\"html\"}]' tabindex='0' role='link'>Villa<\/span> Claire pour trois ans. Elle b&eacute;n&eacute;ficie d&rsquo;une option d&rsquo;achat pendant deux ans pour un prix de 13,5 millions de francs.<\/p>\n<p class=\"bodytext\">Florian Aschbrenner, CEO et pr&eacute;sident de la direction du groupe LUKS, se dit satisfait de la conclusion du contrat. &laquo;&nbsp;Il &eacute;tait tr&egrave;s important pour nous de trouver une bonne solution pour les collaborateurs de LHM. C&rsquo;est ce que nous garantissons avec la vente &agrave; une clinique tr&egrave;s r&eacute;put&eacute;e dans le domaine de la r&eacute;&eacute;ducation, &eacute;galement implant&eacute;e sur place&nbsp;&raquo;, a d&eacute;clar&eacute; Aschbrenner.<\/p>\n<p class=\"bodytext\">Le LHM reste sur la liste des h&ocirc;pitaux du canton de Lucerne. Les patients ont toujours la possibilit&eacute; de choisir la clinique pour une r&eacute;&eacute;ducation stationnaire dans le cadre de la libert&eacute; de choix de l&rsquo;h&ocirc;pital accord&eacute;e par la loi.<\/p>\n","protected":false},"excerpt":{"rendered":"<p>La Berner Klink Montana (BKM) reprendra la Luzerner H\u00f6henklinik Montana (LHM) au 1er janvier 2026. Un accord a \u00e9t\u00e9 conclu en ce sens avec l&rsquo;h\u00f4pital cantonal de Lucerne et le canton de Lucerne. Les b\u00e2timents de la LHM restent la propri\u00e9t\u00e9 du canton de Lucerne.<\/p>\n","protected":false},"author":2,"featured_media":135794,"comment_status":"open","ping_status":"open","sticky":false,"template":"","format":"standard","meta":{"pmpro_default_level":"","inline_featured_image":false,"_monsterinsights_skip_tracking":false,"footnotes":""},"categories":[22696,743],"tags":[6782,872,3931,53729,2002,44408,53730,53731],"class_list":["post-135799","post","type-post","status-publish","format-standard","has-post-thumbnail","hentry","category-entreprise","category-immonews-fr","tag-gesundheitswesen-fr","tag-immoinvest-fr","tag-immonews-fr","tag-klinikuebernahme-fr","tag-news-fr","tag-rehabilitation-fr","tag-spitalliste-fr","tag-spitalwahlfreiheit-fr","pmpro-has-access"],"acf":{"bild_mit_ki_erstellt_worden":[],"lead":"La Berner Klink Montana (BKM) reprendra la Luzerner H\u00f6henklinik Montana (LHM) au 1er janvier 2026. Un accord a \u00e9t\u00e9 conclu en ce sens avec l'h\u00f4pital cantonal de Lucerne et le canton de Lucerne. Les b\u00e2timents de la LHM restent la propri\u00e9t\u00e9 du canton de Lucerne.","autor":"ce\/ww, Bildquelle: Luzerner H\u00f6henklinik Montana","ort":"Crans Montana VS\/Luzern","bildunterschrift":"","bild_im_grid":false,"gallerie":"","newsim":""},"aioseo_notices":[],"aioseo_head":"\n\t\t<!-- All in One SEO 5.0.1.1 - aioseo.com -->\n\t<meta name=\"description\" content=\"La Berner Klink Montana (BKM) reprendra la Luzerner H\u00f6henklinik Montana (LHM) au 1er janvier 2026. Un accord a \u00e9t\u00e9 conclu en ce sens avec l&#039;h\u00f4pital cantonal de Lucerne et le canton de Lucerne. Les b\u00e2timents de la LHM restent la propri\u00e9t\u00e9 du canton de Lucerne.\" \/>\n\t<meta name=\"robots\" content=\"max-image-preview:large\" \/>\n\t<meta name=\"author\" content=\"immovestuser\"\/>\n\t<meta name=\"google-site-verification\" content=\"fHJKvgWpZCR2zVBHWfkQeFXC11qieUSff0HGNYfuyLA\" \/>\n\t<link rel=\"canonical\" href=\"https:\/\/www.immo-invest.ch\/fr\/rehabilitationszentrum-bleibt-erhalten-und-wird-erweitert\/\" \/>\n\t<meta name=\"generator\" content=\"All in One SEO (AIOSEO) 5.0.1.1\" \/>\n\t\t<meta property=\"og:locale\" content=\"fr_FR\" \/>\n\t\t<meta property=\"og:site_name\" content=\"immo!nvest - Die Plattform f\u00fcr Standorte und Immobilien - Die\u00a0Plattform f\u00fcr Standorte und Immobilien\" \/>\n\t\t<meta property=\"og:type\" content=\"article\" \/>\n\t\t<meta property=\"og:title\" content=\"Le centre de r\u00e9\u00e9ducation est maintenu et agrandi - immo!nvest - Die Plattform f\u00fcr Standorte und Immobilien\" \/>\n\t\t<meta property=\"og:description\" content=\"La Berner Klink Montana (BKM) reprendra la Luzerner H\u00f6henklinik Montana (LHM) au 1er janvier 2026. Un accord a \u00e9t\u00e9 conclu en ce sens avec l&#039;h\u00f4pital cantonal de Lucerne et le canton de Lucerne. Les b\u00e2timents de la LHM restent la propri\u00e9t\u00e9 du canton de Lucerne.\" \/>\n\t\t<meta property=\"og:url\" content=\"https:\/\/www.immo-invest.ch\/fr\/rehabilitationszentrum-bleibt-erhalten-und-wird-erweitert\/\" \/>\n\t\t<meta property=\"og:image\" content=\"https:\/\/www.immo-invest.ch\/wp-content\/uploads\/2025\/07\/srccd9917f3444702bea8444391eed21f2f_par1b233f2d5045c8bd1e6815e086887d46_dat1541427917.jpg\" \/>\n\t\t<meta property=\"og:image:secure_url\" content=\"https:\/\/www.immo-invest.ch\/wp-content\/uploads\/2025\/07\/srccd9917f3444702bea8444391eed21f2f_par1b233f2d5045c8bd1e6815e086887d46_dat1541427917.jpg\" \/>\n\t\t<meta property=\"og:image:width\" content=\"1500\" \/>\n\t\t<meta property=\"og:image:height\" content=\"880\" \/>\n\t\t<meta property=\"article:published_time\" content=\"2025-07-21T06:30:00+00:00\" \/>\n\t\t<meta property=\"article:modified_time\" content=\"2025-07-14T09:57:10+00:00\" \/>\n\t\t<meta property=\"article:publisher\" content=\"https:\/\/www.facebook.com\/people\/Immoinvest\/100077962920504\/\" \/>\n\t\t<meta name=\"twitter:card\" content=\"summary_large_image\" \/>\n\t\t<meta name=\"twitter:site\" content=\"@i\" \/>\n\t\t<meta name=\"twitter:title\" content=\"Le centre de r\u00e9\u00e9ducation est maintenu et agrandi - immo!nvest - Die Plattform f\u00fcr Standorte und Immobilien\" \/>\n\t\t<meta name=\"twitter:description\" content=\"La Berner Klink Montana (BKM) reprendra la Luzerner H\u00f6henklinik Montana (LHM) au 1er janvier 2026. Un accord a \u00e9t\u00e9 conclu en ce sens avec l&#039;h\u00f4pital cantonal de Lucerne et le canton de Lucerne. Les b\u00e2timents de la LHM restent la propri\u00e9t\u00e9 du canton de Lucerne.\" \/>\n\t\t<meta name=\"twitter:creator\" content=\"@i\" \/>\n\t\t<meta name=\"twitter:image\" content=\"https:\/\/www.immo-invest.ch\/wp-content\/uploads\/2025\/07\/srccd9917f3444702bea8444391eed21f2f_par1b233f2d5045c8bd1e6815e086887d46_dat1541427917.jpg\" \/>\n\t\t<script type=\"application\/ld+json\" class=\"aioseo-schema\">\n\t\t\t{\"@context\":\"https:\\\/\\\/schema.org\",\"@graph\":[{\"@type\":\"BlogPosting\",\"@id\":\"https:\\\/\\\/www.immo-invest.ch\\\/fr\\\/rehabilitationszentrum-bleibt-erhalten-und-wird-erweitert\\\/#blogposting\",\"name\":\"Le centre de r\\u00e9\\u00e9ducation est maintenu et agrandi - immo!nvest - Die Plattform f\\u00fcr Standorte und Immobilien\",\"headline\":\"Le centre de r\\u00e9\\u00e9ducation est maintenu et agrandi\",\"author\":{\"@id\":\"https:\\\/\\\/www.immo-invest.ch\\\/fr\\\/author\\\/immovestuser\\\/#author\"},\"publisher\":{\"@id\":\"https:\\\/\\\/www.immo-invest.ch\\\/fr\\\/#organization\"},\"image\":{\"@type\":\"ImageObject\",\"url\":\"https:\\\/\\\/www.immo-invest.ch\\\/wp-content\\\/uploads\\\/2025\\\/07\\\/srccd9917f3444702bea8444391eed21f2f_par1b233f2d5045c8bd1e6815e086887d46_dat1541427917.jpg\",\"width\":1500,\"height\":880,\"caption\":\"https:\\\/\\\/www.lhm.ch\\\/de\\\/besucher\"},\"datePublished\":\"2025-07-21T08:30:00+02:00\",\"dateModified\":\"2025-07-14T11:57:10+02:00\",\"inLanguage\":\"fr-FR\",\"mainEntityOfPage\":{\"@id\":\"https:\\\/\\\/www.immo-invest.ch\\\/fr\\\/rehabilitationszentrum-bleibt-erhalten-und-wird-erweitert\\\/#webpage\"},\"isPartOf\":{\"@id\":\"https:\\\/\\\/www.immo-invest.ch\\\/fr\\\/rehabilitationszentrum-bleibt-erhalten-und-wird-erweitert\\\/#webpage\"},\"articleSection\":\"Entreprise, immoNews, Gesundheitswesen, Immoinvest, immoNews, Klinik\\u00fcbernahme, News, Rehabilitation, Spitalliste, Spitalwahlfreiheit, Facultatif\"},{\"@type\":\"BreadcrumbList\",\"@id\":\"https:\\\/\\\/www.immo-invest.ch\\\/fr\\\/rehabilitationszentrum-bleibt-erhalten-und-wird-erweitert\\\/#breadcrumblist\",\"itemListElement\":[{\"@type\":\"ListItem\",\"@id\":\"https:\\\/\\\/www.immo-invest.ch\\\/fr\\\/#listItem\",\"position\":1,\"name\":\"Home\",\"item\":\"https:\\\/\\\/www.immo-invest.ch\\\/fr\\\/\",\"nextItem\":{\"@type\":\"ListItem\",\"@id\":\"https:\\\/\\\/www.immo-invest.ch\\\/fr\\\/categories\\\/trends-fr\\\/#listItem\",\"name\":\"Trends\"}},{\"@type\":\"ListItem\",\"@id\":\"https:\\\/\\\/www.immo-invest.ch\\\/fr\\\/categories\\\/trends-fr\\\/#listItem\",\"position\":2,\"name\":\"Trends\",\"item\":\"https:\\\/\\\/www.immo-invest.ch\\\/fr\\\/categories\\\/trends-fr\\\/\",\"nextItem\":{\"@type\":\"ListItem\",\"@id\":\"https:\\\/\\\/www.immo-invest.ch\\\/fr\\\/categories\\\/trends-fr\\\/entreprise\\\/#listItem\",\"name\":\"Entreprise\"},\"previousItem\":{\"@type\":\"ListItem\",\"@id\":\"https:\\\/\\\/www.immo-invest.ch\\\/fr\\\/#listItem\",\"name\":\"Home\"}},{\"@type\":\"ListItem\",\"@id\":\"https:\\\/\\\/www.immo-invest.ch\\\/fr\\\/categories\\\/trends-fr\\\/entreprise\\\/#listItem\",\"position\":3,\"name\":\"Entreprise\",\"item\":\"https:\\\/\\\/www.immo-invest.ch\\\/fr\\\/categories\\\/trends-fr\\\/entreprise\\\/\",\"nextItem\":{\"@type\":\"ListItem\",\"@id\":\"https:\\\/\\\/www.immo-invest.ch\\\/fr\\\/rehabilitationszentrum-bleibt-erhalten-und-wird-erweitert\\\/#listItem\",\"name\":\"Le centre de r\\u00e9\\u00e9ducation est maintenu et agrandi\"},\"previousItem\":{\"@type\":\"ListItem\",\"@id\":\"https:\\\/\\\/www.immo-invest.ch\\\/fr\\\/categories\\\/trends-fr\\\/#listItem\",\"name\":\"Trends\"}},{\"@type\":\"ListItem\",\"@id\":\"https:\\\/\\\/www.immo-invest.ch\\\/fr\\\/rehabilitationszentrum-bleibt-erhalten-und-wird-erweitert\\\/#listItem\",\"position\":4,\"name\":\"Le centre de r\\u00e9\\u00e9ducation est maintenu et agrandi\",\"previousItem\":{\"@type\":\"ListItem\",\"@id\":\"https:\\\/\\\/www.immo-invest.ch\\\/fr\\\/categories\\\/trends-fr\\\/entreprise\\\/#listItem\",\"name\":\"Entreprise\"}}]},{\"@type\":\"Organization\",\"@id\":\"https:\\\/\\\/www.immo-invest.ch\\\/fr\\\/#organization\",\"name\":\"immo!nvest - Die Plattform f\\u00fcr Standorte und Immobilien\",\"description\":\"Die\\u00a0Plattform f\\u00fcr Standorte und Immobilien\",\"url\":\"https:\\\/\\\/www.immo-invest.ch\\\/fr\\\/\",\"email\":\"admin@immomedia.ag\",\"telephone\":\"+41444420002\",\"logo\":{\"@type\":\"ImageObject\",\"url\":\"https:\\\/\\\/www.immo-invest.ch\\\/wp-content\\\/uploads\\\/2024\\\/09\\\/immoinvest_sm-scaled.jpg\",\"@id\":\"https:\\\/\\\/www.immo-invest.ch\\\/fr\\\/rehabilitationszentrum-bleibt-erhalten-und-wird-erweitert\\\/#organizationLogo\",\"width\":2560,\"height\":1340},\"image\":{\"@id\":\"https:\\\/\\\/www.immo-invest.ch\\\/fr\\\/rehabilitationszentrum-bleibt-erhalten-und-wird-erweitert\\\/#organizationLogo\"},\"sameAs\":[\"https:\\\/\\\/www.facebook.com\\\/people\\\/Immoinvest\\\/100077962920504\\\/\",\"https:\\\/\\\/x.com\\\/i\\\/flow\\\/login?redirect_after_login=immoinvest_ch\",\"https:\\\/\\\/www.instagram.com\\\/immoinvest_ch\\\/\",\"https:\\\/\\\/www.linkedin.com\\\/company\\\/immoinvest-swiss\"]},{\"@type\":\"Person\",\"@id\":\"https:\\\/\\\/www.immo-invest.ch\\\/fr\\\/author\\\/immovestuser\\\/#author\",\"url\":\"https:\\\/\\\/www.immo-invest.ch\\\/fr\\\/author\\\/immovestuser\\\/\",\"name\":\"immovestuser\",\"image\":{\"@type\":\"ImageObject\",\"@id\":\"https:\\\/\\\/www.immo-invest.ch\\\/fr\\\/rehabilitationszentrum-bleibt-erhalten-und-wird-erweitert\\\/#authorImage\",\"url\":\"https:\\\/\\\/secure.gravatar.com\\\/avatar\\\/8e01f4d99f2eeea7a362ebb93305e1172a70e9293ba250f897a65c39f54cdd1e?s=96&d=mm&r=g\",\"width\":96,\"height\":96,\"caption\":\"immovestuser\"}},{\"@type\":\"WebPage\",\"@id\":\"https:\\\/\\\/www.immo-invest.ch\\\/fr\\\/rehabilitationszentrum-bleibt-erhalten-und-wird-erweitert\\\/#webpage\",\"url\":\"https:\\\/\\\/www.immo-invest.ch\\\/fr\\\/rehabilitationszentrum-bleibt-erhalten-und-wird-erweitert\\\/\",\"name\":\"Le centre de r\\u00e9\\u00e9ducation est maintenu et agrandi - immo!nvest - Die Plattform f\\u00fcr Standorte und Immobilien\",\"description\":\"La Berner Klink Montana (BKM) reprendra la Luzerner H\\u00f6henklinik Montana (LHM) au 1er janvier 2026. Un accord a \\u00e9t\\u00e9 conclu en ce sens avec l'h\\u00f4pital cantonal de Lucerne et le canton de Lucerne. Les b\\u00e2timents de la LHM restent la propri\\u00e9t\\u00e9 du canton de Lucerne.\",\"inLanguage\":\"fr-FR\",\"isPartOf\":{\"@id\":\"https:\\\/\\\/www.immo-invest.ch\\\/fr\\\/#website\"},\"breadcrumb\":{\"@id\":\"https:\\\/\\\/www.immo-invest.ch\\\/fr\\\/rehabilitationszentrum-bleibt-erhalten-und-wird-erweitert\\\/#breadcrumblist\"},\"author\":{\"@id\":\"https:\\\/\\\/www.immo-invest.ch\\\/fr\\\/author\\\/immovestuser\\\/#author\"},\"creator\":{\"@id\":\"https:\\\/\\\/www.immo-invest.ch\\\/fr\\\/author\\\/immovestuser\\\/#author\"},\"image\":{\"@type\":\"ImageObject\",\"url\":\"https:\\\/\\\/www.immo-invest.ch\\\/wp-content\\\/uploads\\\/2025\\\/07\\\/srccd9917f3444702bea8444391eed21f2f_par1b233f2d5045c8bd1e6815e086887d46_dat1541427917.jpg\",\"@id\":\"https:\\\/\\\/www.immo-invest.ch\\\/fr\\\/rehabilitationszentrum-bleibt-erhalten-und-wird-erweitert\\\/#mainImage\",\"width\":1500,\"height\":880,\"caption\":\"https:\\\/\\\/www.lhm.ch\\\/de\\\/besucher\"},\"primaryImageOfPage\":{\"@id\":\"https:\\\/\\\/www.immo-invest.ch\\\/fr\\\/rehabilitationszentrum-bleibt-erhalten-und-wird-erweitert\\\/#mainImage\"},\"datePublished\":\"2025-07-21T08:30:00+02:00\",\"dateModified\":\"2025-07-14T11:57:10+02:00\"},{\"@type\":\"WebSite\",\"@id\":\"https:\\\/\\\/www.immo-invest.ch\\\/fr\\\/#website\",\"url\":\"https:\\\/\\\/www.immo-invest.ch\\\/fr\\\/\",\"name\":\"immo!nvest - Die Plattform f\\u00fcr Standorte und Immobilien\",\"description\":\"Die\\u00a0Plattform f\\u00fcr Standorte und Immobilien\",\"inLanguage\":\"fr-FR\",\"publisher\":{\"@id\":\"https:\\\/\\\/www.immo-invest.ch\\\/fr\\\/#organization\"}}]}\n\t\t<\/script>\n\t\t<!-- All in One SEO -->\n\n","aioseo_head_json":{"title":"Le centre de r\u00e9\u00e9ducation est maintenu et agrandi - immo!nvest - Die Plattform f\u00fcr Standorte und Immobilien","description":"La Berner Klink Montana (BKM) reprendra la Luzerner H\u00f6henklinik Montana (LHM) au 1er janvier 2026. Un accord a \u00e9t\u00e9 conclu en ce sens avec l'h\u00f4pital cantonal de Lucerne et le canton de Lucerne. Les b\u00e2timents de la LHM restent la propri\u00e9t\u00e9 du canton de Lucerne.","canonical_url":"https:\/\/www.immo-invest.ch\/fr\/rehabilitationszentrum-bleibt-erhalten-und-wird-erweitert\/","robots":"max-image-preview:large","keywords":"","webmasterTools":{"google-site-verification":"fHJKvgWpZCR2zVBHWfkQeFXC11qieUSff0HGNYfuyLA","miscellaneous":""},"schema":{"@context":"https:\/\/schema.org","@graph":[{"@type":"BlogPosting","@id":"https:\/\/www.immo-invest.ch\/fr\/rehabilitationszentrum-bleibt-erhalten-und-wird-erweitert\/#blogposting","name":"Le centre de r\u00e9\u00e9ducation est maintenu et agrandi - immo!nvest - Die Plattform f\u00fcr Standorte und Immobilien","headline":"Le centre de r\u00e9\u00e9ducation est maintenu et agrandi","author":{"@id":"https:\/\/www.immo-invest.ch\/fr\/author\/immovestuser\/#author"},"publisher":{"@id":"https:\/\/www.immo-invest.ch\/fr\/#organization"},"image":{"@type":"ImageObject","url":"https:\/\/www.immo-invest.ch\/wp-content\/uploads\/2025\/07\/srccd9917f3444702bea8444391eed21f2f_par1b233f2d5045c8bd1e6815e086887d46_dat1541427917.jpg","width":1500,"height":880,"caption":"https:\/\/www.lhm.ch\/de\/besucher"},"datePublished":"2025-07-21T08:30:00+02:00","dateModified":"2025-07-14T11:57:10+02:00","inLanguage":"fr-FR","mainEntityOfPage":{"@id":"https:\/\/www.immo-invest.ch\/fr\/rehabilitationszentrum-bleibt-erhalten-und-wird-erweitert\/#webpage"},"isPartOf":{"@id":"https:\/\/www.immo-invest.ch\/fr\/rehabilitationszentrum-bleibt-erhalten-und-wird-erweitert\/#webpage"},"articleSection":"Entreprise, immoNews, Gesundheitswesen, Immoinvest, immoNews, Klinik\u00fcbernahme, News, Rehabilitation, Spitalliste, Spitalwahlfreiheit, Facultatif"},{"@type":"BreadcrumbList","@id":"https:\/\/www.immo-invest.ch\/fr\/rehabilitationszentrum-bleibt-erhalten-und-wird-erweitert\/#breadcrumblist","itemListElement":[{"@type":"ListItem","@id":"https:\/\/www.immo-invest.ch\/fr\/#listItem","position":1,"name":"Home","item":"https:\/\/www.immo-invest.ch\/fr\/","nextItem":{"@type":"ListItem","@id":"https:\/\/www.immo-invest.ch\/fr\/categories\/trends-fr\/#listItem","name":"Trends"}},{"@type":"ListItem","@id":"https:\/\/www.immo-invest.ch\/fr\/categories\/trends-fr\/#listItem","position":2,"name":"Trends","item":"https:\/\/www.immo-invest.ch\/fr\/categories\/trends-fr\/","nextItem":{"@type":"ListItem","@id":"https:\/\/www.immo-invest.ch\/fr\/categories\/trends-fr\/entreprise\/#listItem","name":"Entreprise"},"previousItem":{"@type":"ListItem","@id":"https:\/\/www.immo-invest.ch\/fr\/#listItem","name":"Home"}},{"@type":"ListItem","@id":"https:\/\/www.immo-invest.ch\/fr\/categories\/trends-fr\/entreprise\/#listItem","position":3,"name":"Entreprise","item":"https:\/\/www.immo-invest.ch\/fr\/categories\/trends-fr\/entreprise\/","nextItem":{"@type":"ListItem","@id":"https:\/\/www.immo-invest.ch\/fr\/rehabilitationszentrum-bleibt-erhalten-und-wird-erweitert\/#listItem","name":"Le centre de r\u00e9\u00e9ducation est maintenu et agrandi"},"previousItem":{"@type":"ListItem","@id":"https:\/\/www.immo-invest.ch\/fr\/categories\/trends-fr\/#listItem","name":"Trends"}},{"@type":"ListItem","@id":"https:\/\/www.immo-invest.ch\/fr\/rehabilitationszentrum-bleibt-erhalten-und-wird-erweitert\/#listItem","position":4,"name":"Le centre de r\u00e9\u00e9ducation est maintenu et agrandi","previousItem":{"@type":"ListItem","@id":"https:\/\/www.immo-invest.ch\/fr\/categories\/trends-fr\/entreprise\/#listItem","name":"Entreprise"}}]},{"@type":"Organization","@id":"https:\/\/www.immo-invest.ch\/fr\/#organization","name":"immo!nvest - Die Plattform f\u00fcr Standorte und Immobilien","description":"Die\u00a0Plattform f\u00fcr Standorte und Immobilien","url":"https:\/\/www.immo-invest.ch\/fr\/","email":"admin@immomedia.ag","telephone":"+41444420002","logo":{"@type":"ImageObject","url":"https:\/\/www.immo-invest.ch\/wp-content\/uploads\/2024\/09\/immoinvest_sm-scaled.jpg","@id":"https:\/\/www.immo-invest.ch\/fr\/rehabilitationszentrum-bleibt-erhalten-und-wird-erweitert\/#organizationLogo","width":2560,"height":1340},"image":{"@id":"https:\/\/www.immo-invest.ch\/fr\/rehabilitationszentrum-bleibt-erhalten-und-wird-erweitert\/#organizationLogo"},"sameAs":["https:\/\/www.facebook.com\/people\/Immoinvest\/100077962920504\/","https:\/\/x.com\/i\/flow\/login?redirect_after_login=immoinvest_ch","https:\/\/www.instagram.com\/immoinvest_ch\/","https:\/\/www.linkedin.com\/company\/immoinvest-swiss"]},{"@type":"Person","@id":"https:\/\/www.immo-invest.ch\/fr\/author\/immovestuser\/#author","url":"https:\/\/www.immo-invest.ch\/fr\/author\/immovestuser\/","name":"immovestuser","image":{"@type":"ImageObject","@id":"https:\/\/www.immo-invest.ch\/fr\/rehabilitationszentrum-bleibt-erhalten-und-wird-erweitert\/#authorImage","url":"https:\/\/secure.gravatar.com\/avatar\/8e01f4d99f2eeea7a362ebb93305e1172a70e9293ba250f897a65c39f54cdd1e?s=96&d=mm&r=g","width":96,"height":96,"caption":"immovestuser"}},{"@type":"WebPage","@id":"https:\/\/www.immo-invest.ch\/fr\/rehabilitationszentrum-bleibt-erhalten-und-wird-erweitert\/#webpage","url":"https:\/\/www.immo-invest.ch\/fr\/rehabilitationszentrum-bleibt-erhalten-und-wird-erweitert\/","name":"Le centre de r\u00e9\u00e9ducation est maintenu et agrandi - immo!nvest - Die Plattform f\u00fcr Standorte und Immobilien","description":"La Berner Klink Montana (BKM) reprendra la Luzerner H\u00f6henklinik Montana (LHM) au 1er janvier 2026. Un accord a \u00e9t\u00e9 conclu en ce sens avec l'h\u00f4pital cantonal de Lucerne et le canton de Lucerne. Les b\u00e2timents de la LHM restent la propri\u00e9t\u00e9 du canton de Lucerne.","inLanguage":"fr-FR","isPartOf":{"@id":"https:\/\/www.immo-invest.ch\/fr\/#website"},"breadcrumb":{"@id":"https:\/\/www.immo-invest.ch\/fr\/rehabilitationszentrum-bleibt-erhalten-und-wird-erweitert\/#breadcrumblist"},"author":{"@id":"https:\/\/www.immo-invest.ch\/fr\/author\/immovestuser\/#author"},"creator":{"@id":"https:\/\/www.immo-invest.ch\/fr\/author\/immovestuser\/#author"},"image":{"@type":"ImageObject","url":"https:\/\/www.immo-invest.ch\/wp-content\/uploads\/2025\/07\/srccd9917f3444702bea8444391eed21f2f_par1b233f2d5045c8bd1e6815e086887d46_dat1541427917.jpg","@id":"https:\/\/www.immo-invest.ch\/fr\/rehabilitationszentrum-bleibt-erhalten-und-wird-erweitert\/#mainImage","width":1500,"height":880,"caption":"https:\/\/www.lhm.ch\/de\/besucher"},"primaryImageOfPage":{"@id":"https:\/\/www.immo-invest.ch\/fr\/rehabilitationszentrum-bleibt-erhalten-und-wird-erweitert\/#mainImage"},"datePublished":"2025-07-21T08:30:00+02:00","dateModified":"2025-07-14T11:57:10+02:00"},{"@type":"WebSite","@id":"https:\/\/www.immo-invest.ch\/fr\/#website","url":"https:\/\/www.immo-invest.ch\/fr\/","name":"immo!nvest - Die Plattform f\u00fcr Standorte und Immobilien","description":"Die\u00a0Plattform f\u00fcr Standorte und Immobilien","inLanguage":"fr-FR","publisher":{"@id":"https:\/\/www.immo-invest.ch\/fr\/#organization"}}]},"og:locale":"fr_FR","og:site_name":"immo!nvest - Die Plattform f\u00fcr Standorte und Immobilien - Die\u00a0Plattform f\u00fcr Standorte und Immobilien","og:type":"article","og:title":"Le centre de r\u00e9\u00e9ducation est maintenu et agrandi - immo!nvest - Die Plattform f\u00fcr Standorte und Immobilien","og:description":"La Berner Klink Montana (BKM) reprendra la Luzerner H\u00f6henklinik Montana (LHM) au 1er janvier 2026. Un accord a \u00e9t\u00e9 conclu en ce sens avec l'h\u00f4pital cantonal de Lucerne et le canton de Lucerne. Les b\u00e2timents de la LHM restent la propri\u00e9t\u00e9 du canton de Lucerne.","og:url":"https:\/\/www.immo-invest.ch\/fr\/rehabilitationszentrum-bleibt-erhalten-und-wird-erweitert\/","og:image":"https:\/\/www.immo-invest.ch\/wp-content\/uploads\/2025\/07\/srccd9917f3444702bea8444391eed21f2f_par1b233f2d5045c8bd1e6815e086887d46_dat1541427917.jpg","og:image:secure_url":"https:\/\/www.immo-invest.ch\/wp-content\/uploads\/2025\/07\/srccd9917f3444702bea8444391eed21f2f_par1b233f2d5045c8bd1e6815e086887d46_dat1541427917.jpg","og:image:width":1500,"og:image:height":880,"article:published_time":"2025-07-21T06:30:00+00:00","article:modified_time":"2025-07-14T09:57:10+00:00","article:publisher":"https:\/\/www.facebook.com\/people\/Immoinvest\/100077962920504\/","twitter:card":"summary_large_image","twitter:site":"@i","twitter:title":"Le centre de r\u00e9\u00e9ducation est maintenu et agrandi - immo!nvest - Die Plattform f\u00fcr Standorte und Immobilien","twitter:description":"La Berner Klink Montana (BKM) reprendra la Luzerner H\u00f6henklinik Montana (LHM) au 1er janvier 2026. Un accord a \u00e9t\u00e9 conclu en ce sens avec l'h\u00f4pital cantonal de Lucerne et le canton de Lucerne. Les b\u00e2timents de la LHM restent la propri\u00e9t\u00e9 du canton de Lucerne.","twitter:creator":"@i","twitter:image":"https:\/\/www.immo-invest.ch\/wp-content\/uploads\/2025\/07\/srccd9917f3444702bea8444391eed21f2f_par1b233f2d5045c8bd1e6815e086887d46_dat1541427917.jpg"},"aioseo_meta_data":{"post_id":"135799","title":null,"description":null,"keywords":null,"keyphrases":{"focus":{"keyphrase":"","score":0,"analysis":{"keyphraseInTitle":{"score":0,"maxScore":9,"error":1}}},"additional":[]},"primary_term":null,"canonical_url":null,"og_title":null,"og_description":null,"og_object_type":"default","og_image_type":"default","og_image_url":null,"og_image_width":null,"og_image_height":null,"og_image_custom_url":null,"og_image_custom_fields":null,"og_video":"","og_custom_url":null,"og_article_section":null,"og_article_tags":null,"twitter_use_og":false,"twitter_card":"default","twitter_image_type":"default","twitter_image_url":null,"twitter_image_custom_url":null,"twitter_image_custom_fields":null,"twitter_title":null,"twitter_description":null,"schema":{"blockGraphs":[],"customGraphs":[],"default":{"data":{"Article":[],"Course":[],"Dataset":[],"FAQPage":[],"Movie":[],"Person":[],"Product":[],"ProductReview":[],"Car":[],"Recipe":[],"Service":[],"SoftwareApplication":[],"WebPage":[]},"graphName":"BlogPosting","isEnabled":true},"graphs":[]},"schema_type":"default","schema_type_options":null,"pillar_content":false,"robots_default":true,"robots_noindex":false,"robots_noarchive":false,"robots_nosnippet":false,"robots_nofollow":false,"robots_noimageindex":false,"robots_noodp":false,"robots_notranslate":false,"robots_max_snippet":"-1","robots_max_videopreview":"-1","robots_max_imagepreview":"large","priority":null,"frequency":"default","local_seo":null,"breadcrumb_settings":null,"limit_modified_date":false,"ai":null,"created":"2025-07-14 09:56:30","updated":"2025-10-24 23:15:15","seo_analyzer_scan_date":null,"focus_keyword":null,"additional_keywords":null,"truseo_locale":null},"aioseo_breadcrumb":"<div class=\"aioseo-breadcrumbs\"><span class=\"aioseo-breadcrumb\">\n\t\t\t<a href=\"https:\/\/www.immo-invest.ch\/fr\/\" title=\"Home\">Home<\/a>\n\t\t<\/span><span class=\"aioseo-breadcrumb-separator\">&raquo;<\/span><span class=\"aioseo-breadcrumb\">\n\t\t\t<a href=\"https:\/\/www.immo-invest.ch\/fr\/categories\/trends-fr\/\" title=\"Trends\">Trends<\/a>\n\t\t<\/span><span class=\"aioseo-breadcrumb-separator\">&raquo;<\/span><span class=\"aioseo-breadcrumb\">\n\t\t\t<a href=\"https:\/\/www.immo-invest.ch\/fr\/categories\/trends-fr\/entreprise\/\" title=\"Entreprise\">Entreprise<\/a>\n\t\t<\/span><span class=\"aioseo-breadcrumb-separator\">&raquo;<\/span><span class=\"aioseo-breadcrumb\">\n\t\t\tLe centre de r\u00e9\u00e9ducation est maintenu et agrandi\n\t\t<\/span><\/div>","aioseo_breadcrumb_json":[{"label":"Home","link":"https:\/\/www.immo-invest.ch\/fr\/"},{"label":"Trends","link":"https:\/\/www.immo-invest.ch\/fr\/categories\/trends-fr\/"},{"label":"Entreprise","link":"https:\/\/www.immo-invest.ch\/fr\/categories\/trends-fr\/entreprise\/"},{"label":"Le centre de r\u00e9\u00e9ducation est maintenu et agrandi","link":"https:\/\/www.immo-invest.ch\/fr\/rehabilitationszentrum-bleibt-erhalten-und-wird-erweitert\/"}],"featured_image_src":"https:\/\/www.immo-invest.ch\/wp-content\/uploads\/2025\/07\/srccd9917f3444702bea8444391eed21f2f_par1b233f2d5045c8bd1e6815e086887d46_dat1541427917-336x168.jpg","_links":{"self":[{"href":"https:\/\/www.immo-invest.ch\/fr\/wp-json\/wp\/v2\/posts\/135799","targetHints":{"allow":["GET"]}}],"collection":[{"href":"https:\/\/www.immo-invest.ch\/fr\/wp-json\/wp\/v2\/posts"}],"about":[{"href":"https:\/\/www.immo-invest.ch\/fr\/wp-json\/wp\/v2\/types\/post"}],"author":[{"embeddable":true,"href":"https:\/\/www.immo-invest.ch\/fr\/wp-json\/wp\/v2\/users\/2"}],"replies":[{"embeddable":true,"href":"https:\/\/www.immo-invest.ch\/fr\/wp-json\/wp\/v2\/comments?post=135799"}],"version-history":[{"count":0,"href":"https:\/\/www.immo-invest.ch\/fr\/wp-json\/wp\/v2\/posts\/135799\/revisions"}],"wp:featuredmedia":[{"embeddable":true,"href":"https:\/\/www.immo-invest.ch\/fr\/wp-json\/wp\/v2\/media\/135794"}],"wp:attachment":[{"href":"https:\/\/www.immo-invest.ch\/fr\/wp-json\/wp\/v2\/media?parent=135799"}],"wp:term":[{"taxonomy":"category","embeddable":true,"href":"https:\/\/www.immo-invest.ch\/fr\/wp-json\/wp\/v2\/categories?post=135799"},{"taxonomy":"post_tag","embeddable":true,"href":"https:\/\/www.immo-invest.ch\/fr\/wp-json\/wp\/v2\/tags?post=135799"}],"curies":[{"name":"wp","href":"https:\/\/api.w.org\/{rel}","templated":true}]}}