{"id":135691,"date":"2025-07-16T16:24:18","date_gmt":"2025-07-16T14:24:18","guid":{"rendered":"https:\/\/www.immo-invest.ch\/?p=135691"},"modified":"2025-10-14T16:19:39","modified_gmt":"2025-10-14T14:19:39","slug":"das-moebeliareal-glarus-nimmt-gestalt-an","status":"publish","type":"post","link":"https:\/\/www.immo-invest.ch\/fr\/das-moebeliareal-glarus-nimmt-gestalt-an\/","title":{"rendered":"Le M\u00f6beliareal de Glaris prend forme"},"content":{"rendered":"<p class=\"wp-block-paragraph\">Apr&egrave;s le changement de zonage, passant de zone industrielle &agrave; zone mixte r&eacute;sidentielle et professionnelle, les bases d&rsquo;une nouvelle utilisation ont &eacute;t&eacute; pos&eacute;es. Avec la soumission du plan d&rsquo;am&eacute;nagement, cette vision devient d&eacute;sormais concr&egrave;te.<\/p>\n\n\n\n<p class=\"wp-block-paragraph\"><strong>Le dialogue comme base du d&eacute;veloppement durable<\/strong><br>Un processus de dialogue intensif, lanc&eacute; en 2022, a constitu&eacute; la base du projet d&rsquo;am&eacute;nagement pr&eacute;sent&eacute; aujourd&rsquo;hui. Dans le cadre de ce processus coop&eacute;ratif, des questions centrales relatives &agrave; l&rsquo;urbanisme, &agrave; la mixit&eacute; des usages, aux espaces libres et &agrave; l&rsquo;&eacute;cologie ont &eacute;t&eacute; abord&eacute;es en collaboration avec des experts, des voisins et des personnes int&eacute;ress&eacute;es. Les r&eacute;sultats ont abouti &agrave; une planification minutieuse qui vise &agrave; trouver un &eacute;quilibre entre les b&acirc;timents historiques et les nouveaux &eacute;l&eacute;ments architecturaux. Les anciens b&acirc;timents de production de l&rsquo;ag m&ouml;belfabrik horgenglarus seront disponibles &agrave; partir de 2027 et pourront &ecirc;tre int&eacute;gr&eacute;s dans la premi&egrave;re phase de construction.<\/p>\n\n\n\n<p class=\"wp-block-paragraph\"><strong>Un nouvel &eacute;l&eacute;ment urbain au centre de Glaris<\/strong><br>L&rsquo;objectif de m&ouml;beliareal ag avec ce projet est de cr&eacute;er un lieu vivant, ouvert et mixte. Les b&acirc;timents existants, tels que l&rsquo;ancien atelier de matelassage r&eacute;nov&eacute;, un b&acirc;timent Hans-Leuzinger ainsi que l&rsquo;espace de coworking bien &eacute;tabli RAUMSTATION, montrent d&eacute;j&agrave; comment de nouvelles utilisations peuvent &ecirc;tre int&eacute;gr&eacute;es dans des structures existantes. Le nouveau b&acirc;timent pr&eacute;vu compl&egrave;te le complexe avec des espaces libres captivants et donne au site une nouvelle lisibilit&eacute; urbaine.<\/p>\n\n\n\n<p class=\"wp-block-paragraph\"><strong>D&eacute;but des travaux pr&eacute;vu en 2027<\/strong><br>Le plan de lotissement, bas&eacute; sur le projet indicatif d&rsquo;agps architecture ltd. et de B&ouml;e Studio GmbH, a &eacute;t&eacute; soumis &agrave; la commune pour examen pr&eacute;liminaire fin 2023. Apr&egrave;s une &eacute;ventuelle r&eacute;vision, le plan d&eacute;finitif est attendu. Les premi&egrave;res demandes de permis de construire pourraient ensuite suivre, le d&eacute;but de la construction par &eacute;tapes &eacute;tant pr&eacute;vu &agrave; partir de 2027. Ainsi se poursuit un processus de d&eacute;veloppement qui a &eacute;t&eacute; pr&eacute;par&eacute; par des analyses de march&eacute; approfondies et des &eacute;tudes de planification et qui passe maintenant &agrave; une phase de r&eacute;alisation concr&egrave;te.<\/p>\n\n\n\n<p class=\"wp-block-paragraph\"><strong>Des perspectives pour des espaces de vie urbains<\/strong><br>Avec le M&ouml;beliareal, un projet exemplaire voit le jour au c&oelig;ur du chef-lieu du canton. Historiquement enracin&eacute;, socialement mixte, architecturalement planifi&eacute; avec clairvoyance et &eacute;conomiquement viable. La transition soigneusement orchestr&eacute;e d&rsquo;un site de production industrielle vers un espace de vie diversifi&eacute; illustre de mani&egrave;re exemplaire comment le d&eacute;veloppement d&rsquo;un site peut r&eacute;ussir entre tradition et avenir.<\/p>\n","protected":false},"excerpt":{"rendered":"<p>La zone industrielle situ\u00e9e entre le Kirchweg sud et l&rsquo;Abl\u00e4schstrasse \u00e0 Glaris doit rester un quartier anim\u00e9 de la capitale cantonale. Depuis son rachat par m\u00f6beliareal ag en 2016, un processus de transformation progressive est en cours, qui fait d\u00e9lib\u00e9r\u00e9ment r\u00e9f\u00e9rence \u00e0 l&rsquo;histoire industrielle du site.<\/p>\n","protected":false},"author":2,"featured_media":135686,"comment_status":"open","ping_status":"open","sticky":false,"template":"","format":"standard","meta":{"pmpro_default_level":"","inline_featured_image":false,"_monsterinsights_skip_tracking":false,"footnotes":""},"categories":[45951,743,22357,9824],"tags":[],"class_list":["post-135691","post","type-post","status-publish","format-standard","has-post-thumbnail","hentry","category-glarus-fr","category-immonews-fr","category-industrie-du-batiment","category-nouvelle-construction","pmpro-has-access"],"acf":{"bild_mit_ki_erstellt_worden":[],"lead":"La zone industrielle situ\u00e9e entre le Kirchweg sud et l'Abl\u00e4schstrasse \u00e0 Glaris doit rester un quartier anim\u00e9 de la capitale cantonale. Depuis son rachat par m\u00f6beliareal ag en 2016, un processus de transformation progressive est en cours, qui fait d\u00e9lib\u00e9r\u00e9ment r\u00e9f\u00e9rence \u00e0 l'histoire industrielle du site.","autor":"Quelle: immo!nvest Magazin Glarus","ort":"","bildunterschrift":"","bild_im_grid":false,"gallerie":"","newsim":""},"aioseo_notices":[],"aioseo_head":"\n\t\t<!-- All in One SEO 5.0.0.1 - aioseo.com -->\n\t<meta name=\"description\" content=\"La zone industrielle situ\u00e9e entre le Kirchweg sud et l&#039;Abl\u00e4schstrasse \u00e0 Glaris doit rester un quartier anim\u00e9 de la capitale cantonale. Depuis son rachat par m\u00f6beliareal ag en 2016, un processus de transformation progressive est en cours, qui fait d\u00e9lib\u00e9r\u00e9ment r\u00e9f\u00e9rence \u00e0 l&#039;histoire industrielle du site.\" \/>\n\t<meta name=\"robots\" content=\"max-image-preview:large\" \/>\n\t<meta name=\"author\" content=\"immovestuser\"\/>\n\t<meta name=\"google-site-verification\" content=\"fHJKvgWpZCR2zVBHWfkQeFXC11qieUSff0HGNYfuyLA\" \/>\n\t<link rel=\"canonical\" href=\"https:\/\/www.immo-invest.ch\/fr\/das-moebeliareal-glarus-nimmt-gestalt-an\/\" \/>\n\t<meta name=\"generator\" content=\"All in One SEO (AIOSEO) 5.0.0.1\" \/>\n\t\t<meta property=\"og:locale\" content=\"fr_FR\" \/>\n\t\t<meta property=\"og:site_name\" content=\"immo!nvest - Die Plattform f\u00fcr Standorte und Immobilien - Die\u00a0Plattform f\u00fcr Standorte und Immobilien\" \/>\n\t\t<meta property=\"og:type\" content=\"article\" \/>\n\t\t<meta property=\"og:title\" content=\"Le M\u00f6beliareal de Glaris prend forme - immo!nvest - Die Plattform f\u00fcr Standorte und Immobilien\" \/>\n\t\t<meta property=\"og:description\" content=\"La zone industrielle situ\u00e9e entre le Kirchweg sud et l&#039;Abl\u00e4schstrasse \u00e0 Glaris doit rester un quartier anim\u00e9 de la capitale cantonale. Depuis son rachat par m\u00f6beliareal ag en 2016, un processus de transformation progressive est en cours, qui fait d\u00e9lib\u00e9r\u00e9ment r\u00e9f\u00e9rence \u00e0 l&#039;histoire industrielle du site.\" \/>\n\t\t<meta property=\"og:url\" content=\"https:\/\/www.immo-invest.ch\/fr\/das-moebeliareal-glarus-nimmt-gestalt-an\/\" \/>\n\t\t<meta property=\"og:image\" content=\"https:\/\/www.immo-invest.ch\/wp-content\/uploads\/2025\/07\/MOEB_IMG_Areal_Luftbild_GeodataGlarusAG-e1752157567872.jpg\" \/>\n\t\t<meta property=\"og:image:secure_url\" content=\"https:\/\/www.immo-invest.ch\/wp-content\/uploads\/2025\/07\/MOEB_IMG_Areal_Luftbild_GeodataGlarusAG-e1752157567872.jpg\" \/>\n\t\t<meta property=\"og:image:width\" content=\"1920\" \/>\n\t\t<meta property=\"og:image:height\" content=\"2400\" \/>\n\t\t<meta property=\"article:published_time\" content=\"2025-07-16T14:24:18+00:00\" \/>\n\t\t<meta property=\"article:modified_time\" content=\"2025-10-14T14:19:39+00:00\" \/>\n\t\t<meta property=\"article:publisher\" content=\"https:\/\/www.facebook.com\/people\/Immoinvest\/100077962920504\/\" \/>\n\t\t<meta name=\"twitter:card\" content=\"summary_large_image\" \/>\n\t\t<meta name=\"twitter:site\" content=\"@i\" \/>\n\t\t<meta name=\"twitter:title\" content=\"Le M\u00f6beliareal de Glaris prend forme - immo!nvest - Die Plattform f\u00fcr Standorte und Immobilien\" \/>\n\t\t<meta name=\"twitter:description\" content=\"La zone industrielle situ\u00e9e entre le Kirchweg sud et l&#039;Abl\u00e4schstrasse \u00e0 Glaris doit rester un quartier anim\u00e9 de la capitale cantonale. Depuis son rachat par m\u00f6beliareal ag en 2016, un processus de transformation progressive est en cours, qui fait d\u00e9lib\u00e9r\u00e9ment r\u00e9f\u00e9rence \u00e0 l&#039;histoire industrielle du site.\" \/>\n\t\t<meta name=\"twitter:creator\" content=\"@i\" \/>\n\t\t<meta name=\"twitter:image\" content=\"https:\/\/www.immo-invest.ch\/wp-content\/uploads\/2025\/07\/MOEB_IMG_Areal_Luftbild_GeodataGlarusAG-e1752157567872.jpg\" \/>\n\t\t<script type=\"application\/ld+json\" class=\"aioseo-schema\">\n\t\t\t{\"@context\":\"https:\\\/\\\/schema.org\",\"@graph\":[{\"@type\":\"BlogPosting\",\"@id\":\"https:\\\/\\\/www.immo-invest.ch\\\/fr\\\/das-moebeliareal-glarus-nimmt-gestalt-an\\\/#blogposting\",\"name\":\"Le M\\u00f6beliareal de Glaris prend forme - immo!nvest - Die Plattform f\\u00fcr Standorte und Immobilien\",\"headline\":\"Le M\\u00f6beliareal de Glaris prend forme\",\"author\":{\"@id\":\"https:\\\/\\\/www.immo-invest.ch\\\/fr\\\/author\\\/immovestuser\\\/#author\"},\"publisher\":{\"@id\":\"https:\\\/\\\/www.immo-invest.ch\\\/fr\\\/#organization\"},\"image\":{\"@type\":\"ImageObject\",\"url\":\"https:\\\/\\\/www.immo-invest.ch\\\/wp-content\\\/uploads\\\/2025\\\/07\\\/MOEB_IMG_Areal_Luftbild_GeodataGlarusAG-e1752157567872.jpg\",\"width\":1920,\"height\":2400},\"datePublished\":\"2025-07-16T16:24:18+02:00\",\"dateModified\":\"2025-10-14T16:19:39+02:00\",\"inLanguage\":\"fr-FR\",\"mainEntityOfPage\":{\"@id\":\"https:\\\/\\\/www.immo-invest.ch\\\/fr\\\/das-moebeliareal-glarus-nimmt-gestalt-an\\\/#webpage\"},\"isPartOf\":{\"@id\":\"https:\\\/\\\/www.immo-invest.ch\\\/fr\\\/das-moebeliareal-glarus-nimmt-gestalt-an\\\/#webpage\"},\"articleSection\":\"Glarus, immoNews, Industrie du b\\u00e2timent, Nouvelle construction, Facultatif\"},{\"@type\":\"BreadcrumbList\",\"@id\":\"https:\\\/\\\/www.immo-invest.ch\\\/fr\\\/das-moebeliareal-glarus-nimmt-gestalt-an\\\/#breadcrumblist\",\"itemListElement\":[{\"@type\":\"ListItem\",\"@id\":\"https:\\\/\\\/www.immo-invest.ch\\\/fr\\\/#listItem\",\"position\":1,\"name\":\"Home\",\"item\":\"https:\\\/\\\/www.immo-invest.ch\\\/fr\\\/\",\"nextItem\":{\"@type\":\"ListItem\",\"@id\":\"https:\\\/\\\/www.immo-invest.ch\\\/fr\\\/categories\\\/regions\\\/#listItem\",\"name\":\"R\\u00e9gions\"}},{\"@type\":\"ListItem\",\"@id\":\"https:\\\/\\\/www.immo-invest.ch\\\/fr\\\/categories\\\/regions\\\/#listItem\",\"position\":2,\"name\":\"R\\u00e9gions\",\"item\":\"https:\\\/\\\/www.immo-invest.ch\\\/fr\\\/categories\\\/regions\\\/\",\"nextItem\":{\"@type\":\"ListItem\",\"@id\":\"https:\\\/\\\/www.immo-invest.ch\\\/fr\\\/categories\\\/regions\\\/suisse\\\/#listItem\",\"name\":\"Suisse\"},\"previousItem\":{\"@type\":\"ListItem\",\"@id\":\"https:\\\/\\\/www.immo-invest.ch\\\/fr\\\/#listItem\",\"name\":\"Home\"}},{\"@type\":\"ListItem\",\"@id\":\"https:\\\/\\\/www.immo-invest.ch\\\/fr\\\/categories\\\/regions\\\/suisse\\\/#listItem\",\"position\":3,\"name\":\"Suisse\",\"item\":\"https:\\\/\\\/www.immo-invest.ch\\\/fr\\\/categories\\\/regions\\\/suisse\\\/\",\"nextItem\":{\"@type\":\"ListItem\",\"@id\":\"https:\\\/\\\/www.immo-invest.ch\\\/fr\\\/categories\\\/regions\\\/suisse\\\/suisse-orientale\\\/#listItem\",\"name\":\"Suisse orientale\"},\"previousItem\":{\"@type\":\"ListItem\",\"@id\":\"https:\\\/\\\/www.immo-invest.ch\\\/fr\\\/categories\\\/regions\\\/#listItem\",\"name\":\"R\\u00e9gions\"}},{\"@type\":\"ListItem\",\"@id\":\"https:\\\/\\\/www.immo-invest.ch\\\/fr\\\/categories\\\/regions\\\/suisse\\\/suisse-orientale\\\/#listItem\",\"position\":4,\"name\":\"Suisse orientale\",\"item\":\"https:\\\/\\\/www.immo-invest.ch\\\/fr\\\/categories\\\/regions\\\/suisse\\\/suisse-orientale\\\/\",\"nextItem\":{\"@type\":\"ListItem\",\"@id\":\"https:\\\/\\\/www.immo-invest.ch\\\/fr\\\/categories\\\/regions\\\/suisse\\\/suisse-orientale\\\/glarus-fr\\\/#listItem\",\"name\":\"Glarus\"},\"previousItem\":{\"@type\":\"ListItem\",\"@id\":\"https:\\\/\\\/www.immo-invest.ch\\\/fr\\\/categories\\\/regions\\\/suisse\\\/#listItem\",\"name\":\"Suisse\"}},{\"@type\":\"ListItem\",\"@id\":\"https:\\\/\\\/www.immo-invest.ch\\\/fr\\\/categories\\\/regions\\\/suisse\\\/suisse-orientale\\\/glarus-fr\\\/#listItem\",\"position\":5,\"name\":\"Glarus\",\"item\":\"https:\\\/\\\/www.immo-invest.ch\\\/fr\\\/categories\\\/regions\\\/suisse\\\/suisse-orientale\\\/glarus-fr\\\/\",\"nextItem\":{\"@type\":\"ListItem\",\"@id\":\"https:\\\/\\\/www.immo-invest.ch\\\/fr\\\/das-moebeliareal-glarus-nimmt-gestalt-an\\\/#listItem\",\"name\":\"Le M\\u00f6beliareal de Glaris prend forme\"},\"previousItem\":{\"@type\":\"ListItem\",\"@id\":\"https:\\\/\\\/www.immo-invest.ch\\\/fr\\\/categories\\\/regions\\\/suisse\\\/suisse-orientale\\\/#listItem\",\"name\":\"Suisse orientale\"}},{\"@type\":\"ListItem\",\"@id\":\"https:\\\/\\\/www.immo-invest.ch\\\/fr\\\/das-moebeliareal-glarus-nimmt-gestalt-an\\\/#listItem\",\"position\":6,\"name\":\"Le M\\u00f6beliareal de Glaris prend forme\",\"previousItem\":{\"@type\":\"ListItem\",\"@id\":\"https:\\\/\\\/www.immo-invest.ch\\\/fr\\\/categories\\\/regions\\\/suisse\\\/suisse-orientale\\\/glarus-fr\\\/#listItem\",\"name\":\"Glarus\"}}]},{\"@type\":\"Organization\",\"@id\":\"https:\\\/\\\/www.immo-invest.ch\\\/fr\\\/#organization\",\"name\":\"immo!nvest - Die Plattform f\\u00fcr Standorte und Immobilien\",\"description\":\"Die\\u00a0Plattform f\\u00fcr Standorte und Immobilien\",\"url\":\"https:\\\/\\\/www.immo-invest.ch\\\/fr\\\/\",\"email\":\"admin@immomedia.ag\",\"telephone\":\"+41444420002\",\"logo\":{\"@type\":\"ImageObject\",\"url\":\"https:\\\/\\\/www.immo-invest.ch\\\/wp-content\\\/uploads\\\/2024\\\/09\\\/immoinvest_sm-scaled.jpg\",\"@id\":\"https:\\\/\\\/www.immo-invest.ch\\\/fr\\\/das-moebeliareal-glarus-nimmt-gestalt-an\\\/#organizationLogo\",\"width\":2560,\"height\":1340},\"image\":{\"@id\":\"https:\\\/\\\/www.immo-invest.ch\\\/fr\\\/das-moebeliareal-glarus-nimmt-gestalt-an\\\/#organizationLogo\"},\"sameAs\":[\"https:\\\/\\\/www.facebook.com\\\/people\\\/Immoinvest\\\/100077962920504\\\/\",\"https:\\\/\\\/x.com\\\/i\\\/flow\\\/login?redirect_after_login=immoinvest_ch\",\"https:\\\/\\\/www.instagram.com\\\/immoinvest_ch\\\/\",\"https:\\\/\\\/www.linkedin.com\\\/company\\\/immoinvest-swiss\"]},{\"@type\":\"Person\",\"@id\":\"https:\\\/\\\/www.immo-invest.ch\\\/fr\\\/author\\\/immovestuser\\\/#author\",\"url\":\"https:\\\/\\\/www.immo-invest.ch\\\/fr\\\/author\\\/immovestuser\\\/\",\"name\":\"immovestuser\",\"image\":{\"@type\":\"ImageObject\",\"@id\":\"https:\\\/\\\/www.immo-invest.ch\\\/fr\\\/das-moebeliareal-glarus-nimmt-gestalt-an\\\/#authorImage\",\"url\":\"https:\\\/\\\/secure.gravatar.com\\\/avatar\\\/8e01f4d99f2eeea7a362ebb93305e1172a70e9293ba250f897a65c39f54cdd1e?s=96&d=mm&r=g\",\"width\":96,\"height\":96,\"caption\":\"immovestuser\"}},{\"@type\":\"WebPage\",\"@id\":\"https:\\\/\\\/www.immo-invest.ch\\\/fr\\\/das-moebeliareal-glarus-nimmt-gestalt-an\\\/#webpage\",\"url\":\"https:\\\/\\\/www.immo-invest.ch\\\/fr\\\/das-moebeliareal-glarus-nimmt-gestalt-an\\\/\",\"name\":\"Le M\\u00f6beliareal de Glaris prend forme - immo!nvest - Die Plattform f\\u00fcr Standorte und Immobilien\",\"description\":\"La zone industrielle situ\\u00e9e entre le Kirchweg sud et l'Abl\\u00e4schstrasse \\u00e0 Glaris doit rester un quartier anim\\u00e9 de la capitale cantonale. Depuis son rachat par m\\u00f6beliareal ag en 2016, un processus de transformation progressive est en cours, qui fait d\\u00e9lib\\u00e9r\\u00e9ment r\\u00e9f\\u00e9rence \\u00e0 l'histoire industrielle du site.\",\"inLanguage\":\"fr-FR\",\"isPartOf\":{\"@id\":\"https:\\\/\\\/www.immo-invest.ch\\\/fr\\\/#website\"},\"breadcrumb\":{\"@id\":\"https:\\\/\\\/www.immo-invest.ch\\\/fr\\\/das-moebeliareal-glarus-nimmt-gestalt-an\\\/#breadcrumblist\"},\"author\":{\"@id\":\"https:\\\/\\\/www.immo-invest.ch\\\/fr\\\/author\\\/immovestuser\\\/#author\"},\"creator\":{\"@id\":\"https:\\\/\\\/www.immo-invest.ch\\\/fr\\\/author\\\/immovestuser\\\/#author\"},\"image\":{\"@type\":\"ImageObject\",\"url\":\"https:\\\/\\\/www.immo-invest.ch\\\/wp-content\\\/uploads\\\/2025\\\/07\\\/MOEB_IMG_Areal_Luftbild_GeodataGlarusAG-e1752157567872.jpg\",\"@id\":\"https:\\\/\\\/www.immo-invest.ch\\\/fr\\\/das-moebeliareal-glarus-nimmt-gestalt-an\\\/#mainImage\",\"width\":1920,\"height\":2400},\"primaryImageOfPage\":{\"@id\":\"https:\\\/\\\/www.immo-invest.ch\\\/fr\\\/das-moebeliareal-glarus-nimmt-gestalt-an\\\/#mainImage\"},\"datePublished\":\"2025-07-16T16:24:18+02:00\",\"dateModified\":\"2025-10-14T16:19:39+02:00\"},{\"@type\":\"WebSite\",\"@id\":\"https:\\\/\\\/www.immo-invest.ch\\\/fr\\\/#website\",\"url\":\"https:\\\/\\\/www.immo-invest.ch\\\/fr\\\/\",\"name\":\"immo!nvest - Die Plattform f\\u00fcr Standorte und Immobilien\",\"description\":\"Die\\u00a0Plattform f\\u00fcr Standorte und Immobilien\",\"inLanguage\":\"fr-FR\",\"publisher\":{\"@id\":\"https:\\\/\\\/www.immo-invest.ch\\\/fr\\\/#organization\"}}]}\n\t\t<\/script>\n\t\t<!-- All in One SEO -->\n\n","aioseo_head_json":{"title":"Le M\u00f6beliareal de Glaris prend forme - immo!nvest - Die Plattform f\u00fcr Standorte und Immobilien","description":"La zone industrielle situ\u00e9e entre le Kirchweg sud et l'Abl\u00e4schstrasse \u00e0 Glaris doit rester un quartier anim\u00e9 de la capitale cantonale. Depuis son rachat par m\u00f6beliareal ag en 2016, un processus de transformation progressive est en cours, qui fait d\u00e9lib\u00e9r\u00e9ment r\u00e9f\u00e9rence \u00e0 l'histoire industrielle du site.","canonical_url":"https:\/\/www.immo-invest.ch\/fr\/das-moebeliareal-glarus-nimmt-gestalt-an\/","robots":"max-image-preview:large","keywords":"","webmasterTools":{"google-site-verification":"fHJKvgWpZCR2zVBHWfkQeFXC11qieUSff0HGNYfuyLA","miscellaneous":""},"schema":{"@context":"https:\/\/schema.org","@graph":[{"@type":"BlogPosting","@id":"https:\/\/www.immo-invest.ch\/fr\/das-moebeliareal-glarus-nimmt-gestalt-an\/#blogposting","name":"Le M\u00f6beliareal de Glaris prend forme - immo!nvest - Die Plattform f\u00fcr Standorte und Immobilien","headline":"Le M\u00f6beliareal de Glaris prend forme","author":{"@id":"https:\/\/www.immo-invest.ch\/fr\/author\/immovestuser\/#author"},"publisher":{"@id":"https:\/\/www.immo-invest.ch\/fr\/#organization"},"image":{"@type":"ImageObject","url":"https:\/\/www.immo-invest.ch\/wp-content\/uploads\/2025\/07\/MOEB_IMG_Areal_Luftbild_GeodataGlarusAG-e1752157567872.jpg","width":1920,"height":2400},"datePublished":"2025-07-16T16:24:18+02:00","dateModified":"2025-10-14T16:19:39+02:00","inLanguage":"fr-FR","mainEntityOfPage":{"@id":"https:\/\/www.immo-invest.ch\/fr\/das-moebeliareal-glarus-nimmt-gestalt-an\/#webpage"},"isPartOf":{"@id":"https:\/\/www.immo-invest.ch\/fr\/das-moebeliareal-glarus-nimmt-gestalt-an\/#webpage"},"articleSection":"Glarus, immoNews, Industrie du b\u00e2timent, Nouvelle construction, Facultatif"},{"@type":"BreadcrumbList","@id":"https:\/\/www.immo-invest.ch\/fr\/das-moebeliareal-glarus-nimmt-gestalt-an\/#breadcrumblist","itemListElement":[{"@type":"ListItem","@id":"https:\/\/www.immo-invest.ch\/fr\/#listItem","position":1,"name":"Home","item":"https:\/\/www.immo-invest.ch\/fr\/","nextItem":{"@type":"ListItem","@id":"https:\/\/www.immo-invest.ch\/fr\/categories\/regions\/#listItem","name":"R\u00e9gions"}},{"@type":"ListItem","@id":"https:\/\/www.immo-invest.ch\/fr\/categories\/regions\/#listItem","position":2,"name":"R\u00e9gions","item":"https:\/\/www.immo-invest.ch\/fr\/categories\/regions\/","nextItem":{"@type":"ListItem","@id":"https:\/\/www.immo-invest.ch\/fr\/categories\/regions\/suisse\/#listItem","name":"Suisse"},"previousItem":{"@type":"ListItem","@id":"https:\/\/www.immo-invest.ch\/fr\/#listItem","name":"Home"}},{"@type":"ListItem","@id":"https:\/\/www.immo-invest.ch\/fr\/categories\/regions\/suisse\/#listItem","position":3,"name":"Suisse","item":"https:\/\/www.immo-invest.ch\/fr\/categories\/regions\/suisse\/","nextItem":{"@type":"ListItem","@id":"https:\/\/www.immo-invest.ch\/fr\/categories\/regions\/suisse\/suisse-orientale\/#listItem","name":"Suisse orientale"},"previousItem":{"@type":"ListItem","@id":"https:\/\/www.immo-invest.ch\/fr\/categories\/regions\/#listItem","name":"R\u00e9gions"}},{"@type":"ListItem","@id":"https:\/\/www.immo-invest.ch\/fr\/categories\/regions\/suisse\/suisse-orientale\/#listItem","position":4,"name":"Suisse orientale","item":"https:\/\/www.immo-invest.ch\/fr\/categories\/regions\/suisse\/suisse-orientale\/","nextItem":{"@type":"ListItem","@id":"https:\/\/www.immo-invest.ch\/fr\/categories\/regions\/suisse\/suisse-orientale\/glarus-fr\/#listItem","name":"Glarus"},"previousItem":{"@type":"ListItem","@id":"https:\/\/www.immo-invest.ch\/fr\/categories\/regions\/suisse\/#listItem","name":"Suisse"}},{"@type":"ListItem","@id":"https:\/\/www.immo-invest.ch\/fr\/categories\/regions\/suisse\/suisse-orientale\/glarus-fr\/#listItem","position":5,"name":"Glarus","item":"https:\/\/www.immo-invest.ch\/fr\/categories\/regions\/suisse\/suisse-orientale\/glarus-fr\/","nextItem":{"@type":"ListItem","@id":"https:\/\/www.immo-invest.ch\/fr\/das-moebeliareal-glarus-nimmt-gestalt-an\/#listItem","name":"Le M\u00f6beliareal de Glaris prend forme"},"previousItem":{"@type":"ListItem","@id":"https:\/\/www.immo-invest.ch\/fr\/categories\/regions\/suisse\/suisse-orientale\/#listItem","name":"Suisse orientale"}},{"@type":"ListItem","@id":"https:\/\/www.immo-invest.ch\/fr\/das-moebeliareal-glarus-nimmt-gestalt-an\/#listItem","position":6,"name":"Le M\u00f6beliareal de Glaris prend forme","previousItem":{"@type":"ListItem","@id":"https:\/\/www.immo-invest.ch\/fr\/categories\/regions\/suisse\/suisse-orientale\/glarus-fr\/#listItem","name":"Glarus"}}]},{"@type":"Organization","@id":"https:\/\/www.immo-invest.ch\/fr\/#organization","name":"immo!nvest - Die Plattform f\u00fcr Standorte und Immobilien","description":"Die\u00a0Plattform f\u00fcr Standorte und Immobilien","url":"https:\/\/www.immo-invest.ch\/fr\/","email":"admin@immomedia.ag","telephone":"+41444420002","logo":{"@type":"ImageObject","url":"https:\/\/www.immo-invest.ch\/wp-content\/uploads\/2024\/09\/immoinvest_sm-scaled.jpg","@id":"https:\/\/www.immo-invest.ch\/fr\/das-moebeliareal-glarus-nimmt-gestalt-an\/#organizationLogo","width":2560,"height":1340},"image":{"@id":"https:\/\/www.immo-invest.ch\/fr\/das-moebeliareal-glarus-nimmt-gestalt-an\/#organizationLogo"},"sameAs":["https:\/\/www.facebook.com\/people\/Immoinvest\/100077962920504\/","https:\/\/x.com\/i\/flow\/login?redirect_after_login=immoinvest_ch","https:\/\/www.instagram.com\/immoinvest_ch\/","https:\/\/www.linkedin.com\/company\/immoinvest-swiss"]},{"@type":"Person","@id":"https:\/\/www.immo-invest.ch\/fr\/author\/immovestuser\/#author","url":"https:\/\/www.immo-invest.ch\/fr\/author\/immovestuser\/","name":"immovestuser","image":{"@type":"ImageObject","@id":"https:\/\/www.immo-invest.ch\/fr\/das-moebeliareal-glarus-nimmt-gestalt-an\/#authorImage","url":"https:\/\/secure.gravatar.com\/avatar\/8e01f4d99f2eeea7a362ebb93305e1172a70e9293ba250f897a65c39f54cdd1e?s=96&d=mm&r=g","width":96,"height":96,"caption":"immovestuser"}},{"@type":"WebPage","@id":"https:\/\/www.immo-invest.ch\/fr\/das-moebeliareal-glarus-nimmt-gestalt-an\/#webpage","url":"https:\/\/www.immo-invest.ch\/fr\/das-moebeliareal-glarus-nimmt-gestalt-an\/","name":"Le M\u00f6beliareal de Glaris prend forme - immo!nvest - Die Plattform f\u00fcr Standorte und Immobilien","description":"La zone industrielle situ\u00e9e entre le Kirchweg sud et l'Abl\u00e4schstrasse \u00e0 Glaris doit rester un quartier anim\u00e9 de la capitale cantonale. Depuis son rachat par m\u00f6beliareal ag en 2016, un processus de transformation progressive est en cours, qui fait d\u00e9lib\u00e9r\u00e9ment r\u00e9f\u00e9rence \u00e0 l'histoire industrielle du site.","inLanguage":"fr-FR","isPartOf":{"@id":"https:\/\/www.immo-invest.ch\/fr\/#website"},"breadcrumb":{"@id":"https:\/\/www.immo-invest.ch\/fr\/das-moebeliareal-glarus-nimmt-gestalt-an\/#breadcrumblist"},"author":{"@id":"https:\/\/www.immo-invest.ch\/fr\/author\/immovestuser\/#author"},"creator":{"@id":"https:\/\/www.immo-invest.ch\/fr\/author\/immovestuser\/#author"},"image":{"@type":"ImageObject","url":"https:\/\/www.immo-invest.ch\/wp-content\/uploads\/2025\/07\/MOEB_IMG_Areal_Luftbild_GeodataGlarusAG-e1752157567872.jpg","@id":"https:\/\/www.immo-invest.ch\/fr\/das-moebeliareal-glarus-nimmt-gestalt-an\/#mainImage","width":1920,"height":2400},"primaryImageOfPage":{"@id":"https:\/\/www.immo-invest.ch\/fr\/das-moebeliareal-glarus-nimmt-gestalt-an\/#mainImage"},"datePublished":"2025-07-16T16:24:18+02:00","dateModified":"2025-10-14T16:19:39+02:00"},{"@type":"WebSite","@id":"https:\/\/www.immo-invest.ch\/fr\/#website","url":"https:\/\/www.immo-invest.ch\/fr\/","name":"immo!nvest - Die Plattform f\u00fcr Standorte und Immobilien","description":"Die\u00a0Plattform f\u00fcr Standorte und Immobilien","inLanguage":"fr-FR","publisher":{"@id":"https:\/\/www.immo-invest.ch\/fr\/#organization"}}]},"og:locale":"fr_FR","og:site_name":"immo!nvest - Die Plattform f\u00fcr Standorte und Immobilien - Die\u00a0Plattform f\u00fcr Standorte und Immobilien","og:type":"article","og:title":"Le M\u00f6beliareal de Glaris prend forme - immo!nvest - Die Plattform f\u00fcr Standorte und Immobilien","og:description":"La zone industrielle situ\u00e9e entre le Kirchweg sud et l'Abl\u00e4schstrasse \u00e0 Glaris doit rester un quartier anim\u00e9 de la capitale cantonale. Depuis son rachat par m\u00f6beliareal ag en 2016, un processus de transformation progressive est en cours, qui fait d\u00e9lib\u00e9r\u00e9ment r\u00e9f\u00e9rence \u00e0 l'histoire industrielle du site.","og:url":"https:\/\/www.immo-invest.ch\/fr\/das-moebeliareal-glarus-nimmt-gestalt-an\/","og:image":"https:\/\/www.immo-invest.ch\/wp-content\/uploads\/2025\/07\/MOEB_IMG_Areal_Luftbild_GeodataGlarusAG-e1752157567872.jpg","og:image:secure_url":"https:\/\/www.immo-invest.ch\/wp-content\/uploads\/2025\/07\/MOEB_IMG_Areal_Luftbild_GeodataGlarusAG-e1752157567872.jpg","og:image:width":1920,"og:image:height":2400,"article:published_time":"2025-07-16T14:24:18+00:00","article:modified_time":"2025-10-14T14:19:39+00:00","article:publisher":"https:\/\/www.facebook.com\/people\/Immoinvest\/100077962920504\/","twitter:card":"summary_large_image","twitter:site":"@i","twitter:title":"Le M\u00f6beliareal de Glaris prend forme - immo!nvest - Die Plattform f\u00fcr Standorte und Immobilien","twitter:description":"La zone industrielle situ\u00e9e entre le Kirchweg sud et l'Abl\u00e4schstrasse \u00e0 Glaris doit rester un quartier anim\u00e9 de la capitale cantonale. Depuis son rachat par m\u00f6beliareal ag en 2016, un processus de transformation progressive est en cours, qui fait d\u00e9lib\u00e9r\u00e9ment r\u00e9f\u00e9rence \u00e0 l'histoire industrielle du site.","twitter:creator":"@i","twitter:image":"https:\/\/www.immo-invest.ch\/wp-content\/uploads\/2025\/07\/MOEB_IMG_Areal_Luftbild_GeodataGlarusAG-e1752157567872.jpg"},"aioseo_meta_data":{"post_id":"135691","title":null,"description":null,"keywords":null,"keyphrases":{"focus":{"keyphrase":"","score":0,"analysis":{"keyphraseInTitle":{"score":0,"maxScore":9,"error":1}}},"additional":[]},"primary_term":null,"canonical_url":null,"og_title":null,"og_description":null,"og_object_type":"default","og_image_type":"default","og_image_url":null,"og_image_width":null,"og_image_height":null,"og_image_custom_url":null,"og_image_custom_fields":null,"og_video":"","og_custom_url":null,"og_article_section":null,"og_article_tags":null,"twitter_use_og":false,"twitter_card":"default","twitter_image_type":"default","twitter_image_url":null,"twitter_image_custom_url":null,"twitter_image_custom_fields":null,"twitter_title":null,"twitter_description":null,"schema":{"blockGraphs":[],"customGraphs":[],"default":{"data":{"Article":[],"Course":[],"Dataset":[],"FAQPage":[],"Movie":[],"Person":[],"Product":[],"ProductReview":[],"Car":[],"Recipe":[],"Service":[],"SoftwareApplication":[],"WebPage":[]},"graphName":"BlogPosting","isEnabled":true},"graphs":[]},"schema_type":"default","schema_type_options":null,"pillar_content":false,"robots_default":true,"robots_noindex":false,"robots_noarchive":false,"robots_nosnippet":false,"robots_nofollow":false,"robots_noimageindex":false,"robots_noodp":false,"robots_notranslate":false,"robots_max_snippet":"-1","robots_max_videopreview":"-1","robots_max_imagepreview":"large","priority":null,"frequency":"default","local_seo":null,"breadcrumb_settings":null,"limit_modified_date":false,"ai":{"faqs":[],"keyPoints":[],"titles":[],"descriptions":[],"socialPosts":{"email":[],"linkedin":[],"twitter":[],"facebook":[],"instagram":[]}},"created":"2025-07-10 14:35:00","updated":"2025-10-24 23:11:15","seo_analyzer_scan_date":null,"focus_keyword":null,"additional_keywords":null,"truseo_locale":null},"aioseo_breadcrumb":"<div class=\"aioseo-breadcrumbs\"><span class=\"aioseo-breadcrumb\">\n\t\t\t<a href=\"https:\/\/www.immo-invest.ch\/fr\/\" title=\"Home\">Home<\/a>\n\t\t<\/span><span class=\"aioseo-breadcrumb-separator\">&raquo;<\/span><span class=\"aioseo-breadcrumb\">\n\t\t\t<a href=\"https:\/\/www.immo-invest.ch\/fr\/categories\/regions\/\" title=\"R\u00e9gions\">R\u00e9gions<\/a>\n\t\t<\/span><span class=\"aioseo-breadcrumb-separator\">&raquo;<\/span><span class=\"aioseo-breadcrumb\">\n\t\t\t<a href=\"https:\/\/www.immo-invest.ch\/fr\/categories\/regions\/suisse\/\" title=\"Suisse\">Suisse<\/a>\n\t\t<\/span><span class=\"aioseo-breadcrumb-separator\">&raquo;<\/span><span class=\"aioseo-breadcrumb\">\n\t\t\t<a href=\"https:\/\/www.immo-invest.ch\/fr\/categories\/regions\/suisse\/suisse-orientale\/\" title=\"Suisse orientale\">Suisse orientale<\/a>\n\t\t<\/span><span class=\"aioseo-breadcrumb-separator\">&raquo;<\/span><span class=\"aioseo-breadcrumb\">\n\t\t\t<a href=\"https:\/\/www.immo-invest.ch\/fr\/categories\/regions\/suisse\/suisse-orientale\/glarus-fr\/\" title=\"Glarus\">Glarus<\/a>\n\t\t<\/span><span class=\"aioseo-breadcrumb-separator\">&raquo;<\/span><span class=\"aioseo-breadcrumb\">\n\t\t\tLe M\u00f6beliareal de Glaris prend forme\n\t\t<\/span><\/div>","aioseo_breadcrumb_json":[{"label":"Home","link":"https:\/\/www.immo-invest.ch\/fr\/"},{"label":"R\u00e9gions","link":"https:\/\/www.immo-invest.ch\/fr\/categories\/regions\/"},{"label":"Suisse","link":"https:\/\/www.immo-invest.ch\/fr\/categories\/regions\/suisse\/"},{"label":"Suisse orientale","link":"https:\/\/www.immo-invest.ch\/fr\/categories\/regions\/suisse\/suisse-orientale\/"},{"label":"Glarus","link":"https:\/\/www.immo-invest.ch\/fr\/categories\/regions\/suisse\/suisse-orientale\/glarus-fr\/"},{"label":"Le M\u00f6beliareal de Glaris prend forme","link":"https:\/\/www.immo-invest.ch\/fr\/das-moebeliareal-glarus-nimmt-gestalt-an\/"}],"featured_image_src":"https:\/\/www.immo-invest.ch\/wp-content\/uploads\/2025\/07\/MOEB_IMG_Areal_Luftbild_GeodataGlarusAG-336x168.jpg","_links":{"self":[{"href":"https:\/\/www.immo-invest.ch\/fr\/wp-json\/wp\/v2\/posts\/135691","targetHints":{"allow":["GET"]}}],"collection":[{"href":"https:\/\/www.immo-invest.ch\/fr\/wp-json\/wp\/v2\/posts"}],"about":[{"href":"https:\/\/www.immo-invest.ch\/fr\/wp-json\/wp\/v2\/types\/post"}],"author":[{"embeddable":true,"href":"https:\/\/www.immo-invest.ch\/fr\/wp-json\/wp\/v2\/users\/2"}],"replies":[{"embeddable":true,"href":"https:\/\/www.immo-invest.ch\/fr\/wp-json\/wp\/v2\/comments?post=135691"}],"version-history":[{"count":0,"href":"https:\/\/www.immo-invest.ch\/fr\/wp-json\/wp\/v2\/posts\/135691\/revisions"}],"wp:featuredmedia":[{"embeddable":true,"href":"https:\/\/www.immo-invest.ch\/fr\/wp-json\/wp\/v2\/media\/135686"}],"wp:attachment":[{"href":"https:\/\/www.immo-invest.ch\/fr\/wp-json\/wp\/v2\/media?parent=135691"}],"wp:term":[{"taxonomy":"category","embeddable":true,"href":"https:\/\/www.immo-invest.ch\/fr\/wp-json\/wp\/v2\/categories?post=135691"},{"taxonomy":"post_tag","embeddable":true,"href":"https:\/\/www.immo-invest.ch\/fr\/wp-json\/wp\/v2\/tags?post=135691"}],"curies":[{"name":"wp","href":"https:\/\/api.w.org\/{rel}","templated":true}]}}