{"id":135670,"date":"2025-07-14T14:49:07","date_gmt":"2025-07-14T12:49:07","guid":{"rendered":"https:\/\/www.immo-invest.ch\/?p=135670"},"modified":"2025-07-10T15:56:35","modified_gmt":"2025-07-10T13:56:35","slug":"vom-randgebiet-zumurbanen-quartier-mit-vision","status":"publish","type":"post","link":"https:\/\/www.immo-invest.ch\/fr\/vom-randgebiet-zumurbanen-quartier-mit-vision\/","title":{"rendered":"D&rsquo;une zone p\u00e9riph\u00e9rique \u00e0 un quartier urbain visionnaire"},"content":{"rendered":"<p class=\"wp-block-paragraph\">Buchholz est synonyme de nouveau d&eacute;part urbain. Sur une surface d&rsquo;environ 36 300 m&sup2;, un <span class=\"glossaryLink\" aria-describedby=\"tt\" data-cmtooltip=\"&lt;div class=glossaryItemTitle&gt;Quartier&lt;\/div&gt;&lt;div class=glossaryItemBody&gt;Amtliches, historisches, soziales oder stadtplanerisches Stadtviertel&lt;\/div&gt;\" data-mobile-support=\"0\" data-gt-translate-attributes='[{\"attribute\":\"data-cmtooltip\", \"format\":\"html\"}]' tabindex=\"0\" role=\"link\">quartier<\/span> urbain autonome se forme, qui combine habitat, travail, mouvement et rencontre. La structure h&eacute;t&eacute;rog&egrave;ne qui existait jusqu&rsquo;&agrave; pr&eacute;sent fait place &agrave; un m&eacute;lange d&rsquo;usages clairement structur&eacute;, qui allie qualit&eacute; spatiale et responsabilit&eacute; &eacute;cologique. La pi&egrave;ce ma&icirc;tresse du d&eacute;veloppement est le &laquo;&nbsp;centre vert&nbsp;&raquo;. Un centre avec une &eacute;cole, des installations sportives et des espaces libres, encadr&eacute; par des tours d&rsquo;habitation et des b&acirc;timents commerciaux. <\/p>\n\n\n\n\n\n<p class=\"wp-block-paragraph\"><strong>D&rsquo;un site industriel &agrave; un <span class=\"glossaryLink\" aria-describedby=\"tt\" data-cmtooltip=\"&lt;div class=glossaryItemTitle&gt;Quartier&lt;\/div&gt;&lt;div class=glossaryItemBody&gt;Amtliches, historisches, soziales oder stadtplanerisches Stadtviertel&lt;\/div&gt;\" data-mobile-support=\"0\" data-gt-translate-attributes='[{\"attribute\":\"data-cmtooltip\", \"format\":\"html\"}]' tabindex=\"0\" role=\"link\">quartier<\/span> vivant<\/strong><br>Le d&eacute;veloppement est issu d&rsquo;un mandat d&rsquo;&eacute;tude r&eacute;ussi du bureau d&rsquo;architecture et de planification zurichois helsinkizurich. Sur cette base, un projet indicatif finement &eacute;quilibr&eacute; a &eacute;t&eacute; &eacute;labor&eacute;, avec une strat&eacute;gie de construction qui pr&eacute;voit un approfondissement par &eacute;tapes de la planification. La r&eacute;alisation se fera en trois &eacute;tapes, en fonction des diff&eacute;rents int&eacute;r&ecirc;ts des propri&eacute;taires. Une attention particuli&egrave;re est accord&eacute;e au patrimoine b&acirc;ti : des &eacute;l&eacute;ments tels que la poudri&egrave;re, class&eacute;e monument historique, sont int&eacute;gr&eacute;s avec pr&eacute;caution et respectueusement dans le contexte urbain.<\/p>\n\n\n\n\n\n<p class=\"wp-block-paragraph\"><strong>La vie de <span class=\"glossaryLink\" aria-describedby=\"tt\" data-cmtooltip=\"&lt;div class=glossaryItemTitle&gt;Quartier&lt;\/div&gt;&lt;div class=glossaryItemBody&gt;Amtliches, historisches, soziales oder stadtplanerisches Stadtviertel&lt;\/div&gt;\" data-mobile-support=\"0\" data-gt-translate-attributes='[{\"attribute\":\"data-cmtooltip\", \"format\":\"html\"}]' tabindex=\"0\" role=\"link\">quartier<\/span> en bas, la qualit&eacute; de vie en haut<\/strong><br>Le visage public du <span class=\"glossaryLink\" aria-describedby=\"tt\" data-cmtooltip=\"&lt;div class=glossaryItemTitle&gt;Quartier&lt;\/div&gt;&lt;div class=glossaryItemBody&gt;Amtliches, historisches, soziales oder stadtplanerisches Stadtviertel&lt;\/div&gt;\" data-mobile-support=\"0\" data-gt-translate-attributes='[{\"attribute\":\"data-cmtooltip\", \"format\":\"html\"}]' tabindex=\"0\" role=\"link\">quartier<\/span> est marqu&eacute; par des usages commerciaux et des espaces communs dans les zones de socle le long de la Buchholzstrasse. Au-dessus, des appartements baign&eacute;s de lumi&egrave;re offrent de larges vues sur le paysage. Les espaces de rencontre, les cours et les axes d&rsquo;acc&egrave;s favorisent l&rsquo;interaction sociale. La gradation de l&rsquo;espace public permet &agrave; la fois de se retirer et de participer, un principe adapt&eacute; &agrave; la vie urbaine.<\/p>\n\n\n\n\n\n<p class=\"wp-block-paragraph\"><strong>Une infrastructure bleue et verte comme colonne vert&eacute;brale<\/strong><br>Dans le <span class=\"glossaryLink\" aria-describedby=\"tt\" data-cmtooltip=\"&lt;div class=glossaryItemTitle&gt;Quartier&lt;\/div&gt;&lt;div class=glossaryItemBody&gt;Amtliches, historisches, soziales oder stadtplanerisches Stadtviertel&lt;\/div&gt;\" data-mobile-support=\"0\" data-gt-translate-attributes='[{\"attribute\":\"data-cmtooltip\", \"format\":\"html\"}]' tabindex=\"0\" role=\"link\">quartier<\/span> de Buchholz, la durabilit&eacute; n&rsquo;est pas une promesse, mais une r&eacute;alit&eacute;. Une gestion de l&rsquo;eau bien pens&eacute;e, avec r&eacute;tention des eaux de pluie et surfaces d&rsquo;&eacute;vaporation, soulage l&rsquo;infrastructure et am&eacute;liore le microclimat. Les toitures v&eacute;g&eacute;talis&eacute;es, les rev&ecirc;tements perm&eacute;ables et les espaces libres actifs sur le plan climatique cr&eacute;ent une qualit&eacute; de vie, sont efficaces sur le plan &eacute;cologique et convaincants sur le plan esth&eacute;tique.<\/p>\n\n\n\n\n\n<p class=\"wp-block-paragraph\"><strong>Une identit&eacute; forte, une adresse claire<\/strong><br>Avec la nouvelle promenade le long de la Buchholzstrasse, ce n&rsquo;est pas seulement une desserte fonctionnelle qui est cr&eacute;&eacute;e, mais aussi une adresse identitaire pour le nouveau <span class=\"glossaryLink\" aria-describedby=\"tt\" data-cmtooltip=\"&lt;div class=glossaryItemTitle&gt;Quartier&lt;\/div&gt;&lt;div class=glossaryItemBody&gt;Amtliches, historisches, soziales oder stadtplanerisches Stadtviertel&lt;\/div&gt;\" data-mobile-support=\"0\" data-gt-translate-attributes='[{\"attribute\":\"data-cmtooltip\", \"format\":\"html\"}]' tabindex=\"0\" role=\"link\">quartier<\/span>. Le <span class=\"glossaryLink\" aria-describedby=\"tt\" data-cmtooltip=\"&lt;div class=glossaryItemTitle&gt;Quartier&lt;\/div&gt;&lt;div class=glossaryItemBody&gt;Amtliches, historisches, soziales oder stadtplanerisches Stadtviertel&lt;\/div&gt;\" data-mobile-support=\"0\" data-gt-translate-attributes='[{\"attribute\":\"data-cmtooltip\", \"format\":\"html\"}]' tabindex=\"0\" role=\"link\">quartier<\/span> se positionne ainsi entre l&rsquo;espace paysager de la Linth et le centre urbain &ndash; ouvert, perm&eacute;able, tourn&eacute; vers l&rsquo;avenir.<\/p>\n\n\n\n\n\n<p class=\"wp-block-paragraph\"><strong>Un d&eacute;veloppement urbain qui a de l&rsquo;impact<\/strong><br>Buchholz est un exemple de d&eacute;veloppement urbain qui pense &agrave; long terme et agit de mani&egrave;re diff&eacute;renci&eacute;e. Le projet cr&eacute;e de nouveaux logements et une forme moderne de qualit&eacute; urbaine &agrave; la p&eacute;riph&eacute;rie de Glaris &ndash; en r&eacute;seau, de mani&egrave;re durable et avec une vision d&rsquo;ensemble.<\/p>\n\n","protected":false},"excerpt":{"rendered":"<p>Le quartier de Buchholz, situ\u00e9 \u00e0 la limite nord de la ville de Glaris, est un quartier d&rsquo;avenir. Autrefois une zone industrielle fragment\u00e9e, il se d\u00e9veloppe aujourd&rsquo;hui en un quartier mixte au c\u0153ur vert, \u00e0 la volont\u00e9 d&rsquo;am\u00e9nagement claire et \u00e0 la qualit\u00e9 urbanistique. La planification mise sur l&rsquo;originalit\u00e9 architecturale, la diversit\u00e9 fonctionnelle et l&rsquo;int\u00e9gration dans l&rsquo;environnement urbain.<\/p>\n","protected":false},"author":2,"featured_media":135663,"comment_status":"open","ping_status":"open","sticky":false,"template":"","format":"standard","meta":{"pmpro_default_level":"","inline_featured_image":false,"_monsterinsights_skip_tracking":false,"footnotes":""},"categories":[45951,743,22357,739],"tags":[2209,848,872,3931,53693,2002,1613,1173],"class_list":["post-135670","post","type-post","status-publish","format-standard","has-post-thumbnail","hentry","category-glarus-fr","category-immonews-fr","category-industrie-du-batiment","category-projects","tag-bauwesen-fr","tag-immobilien-fr","tag-immoinvest-fr","tag-immonews-fr","tag-industriegelande","tag-news-fr","tag-projekte-fr","tag-wohnungen-fr","pmpro-has-access"],"acf":{"bild_mit_ki_erstellt_worden":[],"lead":"Le quartier de Buchholz, situ\u00e9 \u00e0 la limite nord de la ville de Glaris, est un quartier d'avenir. Autrefois une zone industrielle fragment\u00e9e, il se d\u00e9veloppe aujourd'hui en un quartier mixte au c\u0153ur vert, \u00e0 la volont\u00e9 d'am\u00e9nagement claire et \u00e0 la qualit\u00e9 urbanistique. La planification mise sur l'originalit\u00e9 architecturale, la diversit\u00e9 fonctionnelle et l'int\u00e9gration dans l'environnement urbain.","autor":"Quelle: immo!nvest Magazin Glarus, Bild: Helsinki Z\u00fcrich Office ","ort":"","bildunterschrift":"","bild_im_grid":false,"gallerie":"","newsim":""},"aioseo_notices":[],"aioseo_head":"\n\t\t<!-- All in One SEO 5.0.0.1 - aioseo.com -->\n\t<meta name=\"description\" content=\"Le quartier de Buchholz, situ\u00e9 \u00e0 la limite nord de la ville de Glaris, est un quartier d&#039;avenir. Autrefois une zone industrielle fragment\u00e9e, il se d\u00e9veloppe aujourd&#039;hui en un quartier mixte au c\u0153ur vert, \u00e0 la volont\u00e9 d&#039;am\u00e9nagement claire et \u00e0 la qualit\u00e9 urbanistique. La planification mise sur l&#039;originalit\u00e9 architecturale, la diversit\u00e9 fonctionnelle et l&#039;int\u00e9gration dans l&#039;environnement urbain.\" \/>\n\t<meta name=\"robots\" content=\"max-image-preview:large\" \/>\n\t<meta name=\"author\" content=\"immovestuser\"\/>\n\t<meta name=\"google-site-verification\" content=\"fHJKvgWpZCR2zVBHWfkQeFXC11qieUSff0HGNYfuyLA\" \/>\n\t<link rel=\"canonical\" href=\"https:\/\/www.immo-invest.ch\/fr\/vom-randgebiet-zumurbanen-quartier-mit-vision\/\" \/>\n\t<meta name=\"generator\" content=\"All in One SEO (AIOSEO) 5.0.0.1\" \/>\n\t\t<meta property=\"og:locale\" content=\"fr_FR\" \/>\n\t\t<meta property=\"og:site_name\" content=\"immo!nvest - Die Plattform f\u00fcr Standorte und Immobilien - Die\u00a0Plattform f\u00fcr Standorte und Immobilien\" \/>\n\t\t<meta property=\"og:type\" content=\"article\" \/>\n\t\t<meta property=\"og:title\" content=\"D\u2019une zone p\u00e9riph\u00e9rique \u00e0 un quartier urbain visionnaire - immo!nvest - Die Plattform f\u00fcr Standorte und Immobilien\" \/>\n\t\t<meta property=\"og:description\" content=\"Le quartier de Buchholz, situ\u00e9 \u00e0 la limite nord de la ville de Glaris, est un quartier d&#039;avenir. Autrefois une zone industrielle fragment\u00e9e, il se d\u00e9veloppe aujourd&#039;hui en un quartier mixte au c\u0153ur vert, \u00e0 la volont\u00e9 d&#039;am\u00e9nagement claire et \u00e0 la qualit\u00e9 urbanistique. La planification mise sur l&#039;originalit\u00e9 architecturale, la diversit\u00e9 fonctionnelle et l&#039;int\u00e9gration dans l&#039;environnement urbain.\" \/>\n\t\t<meta property=\"og:url\" content=\"https:\/\/www.immo-invest.ch\/fr\/vom-randgebiet-zumurbanen-quartier-mit-vision\/\" \/>\n\t\t<meta property=\"og:image\" content=\"https:\/\/www.immo-invest.ch\/wp-content\/uploads\/2025\/07\/Anhang_4_3D-Modell_Visualisierung-1-scaled-e1752155356316.jpg\" \/>\n\t\t<meta property=\"og:image:secure_url\" content=\"https:\/\/www.immo-invest.ch\/wp-content\/uploads\/2025\/07\/Anhang_4_3D-Modell_Visualisierung-1-scaled-e1752155356316.jpg\" \/>\n\t\t<meta property=\"og:image:width\" content=\"2560\" \/>\n\t\t<meta property=\"og:image:height\" content=\"1280\" \/>\n\t\t<meta property=\"article:published_time\" content=\"2025-07-14T12:49:07+00:00\" \/>\n\t\t<meta property=\"article:modified_time\" content=\"2025-07-10T13:56:35+00:00\" \/>\n\t\t<meta property=\"article:publisher\" content=\"https:\/\/www.facebook.com\/people\/Immoinvest\/100077962920504\/\" \/>\n\t\t<meta name=\"twitter:card\" content=\"summary_large_image\" \/>\n\t\t<meta name=\"twitter:site\" content=\"@i\" \/>\n\t\t<meta name=\"twitter:title\" content=\"D\u2019une zone p\u00e9riph\u00e9rique \u00e0 un quartier urbain visionnaire - immo!nvest - Die Plattform f\u00fcr Standorte und Immobilien\" \/>\n\t\t<meta name=\"twitter:description\" content=\"Le quartier de Buchholz, situ\u00e9 \u00e0 la limite nord de la ville de Glaris, est un quartier d&#039;avenir. Autrefois une zone industrielle fragment\u00e9e, il se d\u00e9veloppe aujourd&#039;hui en un quartier mixte au c\u0153ur vert, \u00e0 la volont\u00e9 d&#039;am\u00e9nagement claire et \u00e0 la qualit\u00e9 urbanistique. La planification mise sur l&#039;originalit\u00e9 architecturale, la diversit\u00e9 fonctionnelle et l&#039;int\u00e9gration dans l&#039;environnement urbain.\" \/>\n\t\t<meta name=\"twitter:creator\" content=\"@i\" \/>\n\t\t<meta name=\"twitter:image\" content=\"https:\/\/www.immo-invest.ch\/wp-content\/uploads\/2025\/07\/Anhang_4_3D-Modell_Visualisierung-1-scaled-e1752155356316.jpg\" \/>\n\t\t<script type=\"application\/ld+json\" class=\"aioseo-schema\">\n\t\t\t{\"@context\":\"https:\\\/\\\/schema.org\",\"@graph\":[{\"@type\":\"BlogPosting\",\"@id\":\"https:\\\/\\\/www.immo-invest.ch\\\/fr\\\/vom-randgebiet-zumurbanen-quartier-mit-vision\\\/#blogposting\",\"name\":\"D\\u2019une zone p\\u00e9riph\\u00e9rique \\u00e0 un quartier urbain visionnaire - immo!nvest - Die Plattform f\\u00fcr Standorte und Immobilien\",\"headline\":\"D&rsquo;une zone p\\u00e9riph\\u00e9rique \\u00e0 un quartier urbain visionnaire\",\"author\":{\"@id\":\"https:\\\/\\\/www.immo-invest.ch\\\/fr\\\/author\\\/immovestuser\\\/#author\"},\"publisher\":{\"@id\":\"https:\\\/\\\/www.immo-invest.ch\\\/fr\\\/#organization\"},\"image\":{\"@type\":\"ImageObject\",\"url\":\"https:\\\/\\\/www.immo-invest.ch\\\/wp-content\\\/uploads\\\/2025\\\/07\\\/Anhang_4_3D-Modell_Visualisierung-1-scaled-e1752155356316.jpg\",\"width\":2560,\"height\":1280,\"caption\":\"Bild: Helsinki Z\\u00fcrich Office\"},\"datePublished\":\"2025-07-14T14:49:07+02:00\",\"dateModified\":\"2025-07-10T15:56:35+02:00\",\"inLanguage\":\"fr-FR\",\"mainEntityOfPage\":{\"@id\":\"https:\\\/\\\/www.immo-invest.ch\\\/fr\\\/vom-randgebiet-zumurbanen-quartier-mit-vision\\\/#webpage\"},\"isPartOf\":{\"@id\":\"https:\\\/\\\/www.immo-invest.ch\\\/fr\\\/vom-randgebiet-zumurbanen-quartier-mit-vision\\\/#webpage\"},\"articleSection\":\"Glarus, immoNews, Industrie du b\\u00e2timent, Projects, Bauwesen, immobilien, Immoinvest, immoNews, Industriegel\\u00e0nde, News, Projekte, Wohnungen, Facultatif\"},{\"@type\":\"BreadcrumbList\",\"@id\":\"https:\\\/\\\/www.immo-invest.ch\\\/fr\\\/vom-randgebiet-zumurbanen-quartier-mit-vision\\\/#breadcrumblist\",\"itemListElement\":[{\"@type\":\"ListItem\",\"@id\":\"https:\\\/\\\/www.immo-invest.ch\\\/fr\\\/#listItem\",\"position\":1,\"name\":\"Home\",\"item\":\"https:\\\/\\\/www.immo-invest.ch\\\/fr\\\/\",\"nextItem\":{\"@type\":\"ListItem\",\"@id\":\"https:\\\/\\\/www.immo-invest.ch\\\/fr\\\/categories\\\/regions\\\/#listItem\",\"name\":\"R\\u00e9gions\"}},{\"@type\":\"ListItem\",\"@id\":\"https:\\\/\\\/www.immo-invest.ch\\\/fr\\\/categories\\\/regions\\\/#listItem\",\"position\":2,\"name\":\"R\\u00e9gions\",\"item\":\"https:\\\/\\\/www.immo-invest.ch\\\/fr\\\/categories\\\/regions\\\/\",\"nextItem\":{\"@type\":\"ListItem\",\"@id\":\"https:\\\/\\\/www.immo-invest.ch\\\/fr\\\/categories\\\/regions\\\/suisse\\\/#listItem\",\"name\":\"Suisse\"},\"previousItem\":{\"@type\":\"ListItem\",\"@id\":\"https:\\\/\\\/www.immo-invest.ch\\\/fr\\\/#listItem\",\"name\":\"Home\"}},{\"@type\":\"ListItem\",\"@id\":\"https:\\\/\\\/www.immo-invest.ch\\\/fr\\\/categories\\\/regions\\\/suisse\\\/#listItem\",\"position\":3,\"name\":\"Suisse\",\"item\":\"https:\\\/\\\/www.immo-invest.ch\\\/fr\\\/categories\\\/regions\\\/suisse\\\/\",\"nextItem\":{\"@type\":\"ListItem\",\"@id\":\"https:\\\/\\\/www.immo-invest.ch\\\/fr\\\/categories\\\/regions\\\/suisse\\\/suisse-orientale\\\/#listItem\",\"name\":\"Suisse orientale\"},\"previousItem\":{\"@type\":\"ListItem\",\"@id\":\"https:\\\/\\\/www.immo-invest.ch\\\/fr\\\/categories\\\/regions\\\/#listItem\",\"name\":\"R\\u00e9gions\"}},{\"@type\":\"ListItem\",\"@id\":\"https:\\\/\\\/www.immo-invest.ch\\\/fr\\\/categories\\\/regions\\\/suisse\\\/suisse-orientale\\\/#listItem\",\"position\":4,\"name\":\"Suisse orientale\",\"item\":\"https:\\\/\\\/www.immo-invest.ch\\\/fr\\\/categories\\\/regions\\\/suisse\\\/suisse-orientale\\\/\",\"nextItem\":{\"@type\":\"ListItem\",\"@id\":\"https:\\\/\\\/www.immo-invest.ch\\\/fr\\\/categories\\\/regions\\\/suisse\\\/suisse-orientale\\\/glarus-fr\\\/#listItem\",\"name\":\"Glarus\"},\"previousItem\":{\"@type\":\"ListItem\",\"@id\":\"https:\\\/\\\/www.immo-invest.ch\\\/fr\\\/categories\\\/regions\\\/suisse\\\/#listItem\",\"name\":\"Suisse\"}},{\"@type\":\"ListItem\",\"@id\":\"https:\\\/\\\/www.immo-invest.ch\\\/fr\\\/categories\\\/regions\\\/suisse\\\/suisse-orientale\\\/glarus-fr\\\/#listItem\",\"position\":5,\"name\":\"Glarus\",\"item\":\"https:\\\/\\\/www.immo-invest.ch\\\/fr\\\/categories\\\/regions\\\/suisse\\\/suisse-orientale\\\/glarus-fr\\\/\",\"nextItem\":{\"@type\":\"ListItem\",\"@id\":\"https:\\\/\\\/www.immo-invest.ch\\\/fr\\\/vom-randgebiet-zumurbanen-quartier-mit-vision\\\/#listItem\",\"name\":\"D&rsquo;une zone p\\u00e9riph\\u00e9rique \\u00e0 un quartier urbain visionnaire\"},\"previousItem\":{\"@type\":\"ListItem\",\"@id\":\"https:\\\/\\\/www.immo-invest.ch\\\/fr\\\/categories\\\/regions\\\/suisse\\\/suisse-orientale\\\/#listItem\",\"name\":\"Suisse orientale\"}},{\"@type\":\"ListItem\",\"@id\":\"https:\\\/\\\/www.immo-invest.ch\\\/fr\\\/vom-randgebiet-zumurbanen-quartier-mit-vision\\\/#listItem\",\"position\":6,\"name\":\"D&rsquo;une zone p\\u00e9riph\\u00e9rique \\u00e0 un quartier urbain visionnaire\",\"previousItem\":{\"@type\":\"ListItem\",\"@id\":\"https:\\\/\\\/www.immo-invest.ch\\\/fr\\\/categories\\\/regions\\\/suisse\\\/suisse-orientale\\\/glarus-fr\\\/#listItem\",\"name\":\"Glarus\"}}]},{\"@type\":\"Organization\",\"@id\":\"https:\\\/\\\/www.immo-invest.ch\\\/fr\\\/#organization\",\"name\":\"immo!nvest - Die Plattform f\\u00fcr Standorte und Immobilien\",\"description\":\"Die\\u00a0Plattform f\\u00fcr Standorte und Immobilien\",\"url\":\"https:\\\/\\\/www.immo-invest.ch\\\/fr\\\/\",\"email\":\"admin@immomedia.ag\",\"telephone\":\"+41444420002\",\"logo\":{\"@type\":\"ImageObject\",\"url\":\"https:\\\/\\\/www.immo-invest.ch\\\/wp-content\\\/uploads\\\/2024\\\/09\\\/immoinvest_sm-scaled.jpg\",\"@id\":\"https:\\\/\\\/www.immo-invest.ch\\\/fr\\\/vom-randgebiet-zumurbanen-quartier-mit-vision\\\/#organizationLogo\",\"width\":2560,\"height\":1340},\"image\":{\"@id\":\"https:\\\/\\\/www.immo-invest.ch\\\/fr\\\/vom-randgebiet-zumurbanen-quartier-mit-vision\\\/#organizationLogo\"},\"sameAs\":[\"https:\\\/\\\/www.facebook.com\\\/people\\\/Immoinvest\\\/100077962920504\\\/\",\"https:\\\/\\\/x.com\\\/i\\\/flow\\\/login?redirect_after_login=immoinvest_ch\",\"https:\\\/\\\/www.instagram.com\\\/immoinvest_ch\\\/\",\"https:\\\/\\\/www.linkedin.com\\\/company\\\/immoinvest-swiss\"]},{\"@type\":\"Person\",\"@id\":\"https:\\\/\\\/www.immo-invest.ch\\\/fr\\\/author\\\/immovestuser\\\/#author\",\"url\":\"https:\\\/\\\/www.immo-invest.ch\\\/fr\\\/author\\\/immovestuser\\\/\",\"name\":\"immovestuser\",\"image\":{\"@type\":\"ImageObject\",\"@id\":\"https:\\\/\\\/www.immo-invest.ch\\\/fr\\\/vom-randgebiet-zumurbanen-quartier-mit-vision\\\/#authorImage\",\"url\":\"https:\\\/\\\/secure.gravatar.com\\\/avatar\\\/8e01f4d99f2eeea7a362ebb93305e1172a70e9293ba250f897a65c39f54cdd1e?s=96&d=mm&r=g\",\"width\":96,\"height\":96,\"caption\":\"immovestuser\"}},{\"@type\":\"WebPage\",\"@id\":\"https:\\\/\\\/www.immo-invest.ch\\\/fr\\\/vom-randgebiet-zumurbanen-quartier-mit-vision\\\/#webpage\",\"url\":\"https:\\\/\\\/www.immo-invest.ch\\\/fr\\\/vom-randgebiet-zumurbanen-quartier-mit-vision\\\/\",\"name\":\"D\\u2019une zone p\\u00e9riph\\u00e9rique \\u00e0 un quartier urbain visionnaire - immo!nvest - Die Plattform f\\u00fcr Standorte und Immobilien\",\"description\":\"Le quartier de Buchholz, situ\\u00e9 \\u00e0 la limite nord de la ville de Glaris, est un quartier d'avenir. Autrefois une zone industrielle fragment\\u00e9e, il se d\\u00e9veloppe aujourd'hui en un quartier mixte au c\\u0153ur vert, \\u00e0 la volont\\u00e9 d'am\\u00e9nagement claire et \\u00e0 la qualit\\u00e9 urbanistique. La planification mise sur l'originalit\\u00e9 architecturale, la diversit\\u00e9 fonctionnelle et l'int\\u00e9gration dans l'environnement urbain.\",\"inLanguage\":\"fr-FR\",\"isPartOf\":{\"@id\":\"https:\\\/\\\/www.immo-invest.ch\\\/fr\\\/#website\"},\"breadcrumb\":{\"@id\":\"https:\\\/\\\/www.immo-invest.ch\\\/fr\\\/vom-randgebiet-zumurbanen-quartier-mit-vision\\\/#breadcrumblist\"},\"author\":{\"@id\":\"https:\\\/\\\/www.immo-invest.ch\\\/fr\\\/author\\\/immovestuser\\\/#author\"},\"creator\":{\"@id\":\"https:\\\/\\\/www.immo-invest.ch\\\/fr\\\/author\\\/immovestuser\\\/#author\"},\"image\":{\"@type\":\"ImageObject\",\"url\":\"https:\\\/\\\/www.immo-invest.ch\\\/wp-content\\\/uploads\\\/2025\\\/07\\\/Anhang_4_3D-Modell_Visualisierung-1-scaled-e1752155356316.jpg\",\"@id\":\"https:\\\/\\\/www.immo-invest.ch\\\/fr\\\/vom-randgebiet-zumurbanen-quartier-mit-vision\\\/#mainImage\",\"width\":2560,\"height\":1280,\"caption\":\"Bild: Helsinki Z\\u00fcrich Office\"},\"primaryImageOfPage\":{\"@id\":\"https:\\\/\\\/www.immo-invest.ch\\\/fr\\\/vom-randgebiet-zumurbanen-quartier-mit-vision\\\/#mainImage\"},\"datePublished\":\"2025-07-14T14:49:07+02:00\",\"dateModified\":\"2025-07-10T15:56:35+02:00\"},{\"@type\":\"WebSite\",\"@id\":\"https:\\\/\\\/www.immo-invest.ch\\\/fr\\\/#website\",\"url\":\"https:\\\/\\\/www.immo-invest.ch\\\/fr\\\/\",\"name\":\"immo!nvest - Die Plattform f\\u00fcr Standorte und Immobilien\",\"description\":\"Die\\u00a0Plattform f\\u00fcr Standorte und Immobilien\",\"inLanguage\":\"fr-FR\",\"publisher\":{\"@id\":\"https:\\\/\\\/www.immo-invest.ch\\\/fr\\\/#organization\"}}]}\n\t\t<\/script>\n\t\t<!-- All in One SEO -->\n\n","aioseo_head_json":{"title":"D\u2019une zone p\u00e9riph\u00e9rique \u00e0 un quartier urbain visionnaire - immo!nvest - Die Plattform f\u00fcr Standorte und Immobilien","description":"Le quartier de Buchholz, situ\u00e9 \u00e0 la limite nord de la ville de Glaris, est un quartier d'avenir. Autrefois une zone industrielle fragment\u00e9e, il se d\u00e9veloppe aujourd'hui en un quartier mixte au c\u0153ur vert, \u00e0 la volont\u00e9 d'am\u00e9nagement claire et \u00e0 la qualit\u00e9 urbanistique. La planification mise sur l'originalit\u00e9 architecturale, la diversit\u00e9 fonctionnelle et l'int\u00e9gration dans l'environnement urbain.","canonical_url":"https:\/\/www.immo-invest.ch\/fr\/vom-randgebiet-zumurbanen-quartier-mit-vision\/","robots":"max-image-preview:large","keywords":"","webmasterTools":{"google-site-verification":"fHJKvgWpZCR2zVBHWfkQeFXC11qieUSff0HGNYfuyLA","miscellaneous":""},"schema":{"@context":"https:\/\/schema.org","@graph":[{"@type":"BlogPosting","@id":"https:\/\/www.immo-invest.ch\/fr\/vom-randgebiet-zumurbanen-quartier-mit-vision\/#blogposting","name":"D\u2019une zone p\u00e9riph\u00e9rique \u00e0 un quartier urbain visionnaire - immo!nvest - Die Plattform f\u00fcr Standorte und Immobilien","headline":"D&rsquo;une zone p\u00e9riph\u00e9rique \u00e0 un quartier urbain visionnaire","author":{"@id":"https:\/\/www.immo-invest.ch\/fr\/author\/immovestuser\/#author"},"publisher":{"@id":"https:\/\/www.immo-invest.ch\/fr\/#organization"},"image":{"@type":"ImageObject","url":"https:\/\/www.immo-invest.ch\/wp-content\/uploads\/2025\/07\/Anhang_4_3D-Modell_Visualisierung-1-scaled-e1752155356316.jpg","width":2560,"height":1280,"caption":"Bild: Helsinki Z\u00fcrich Office"},"datePublished":"2025-07-14T14:49:07+02:00","dateModified":"2025-07-10T15:56:35+02:00","inLanguage":"fr-FR","mainEntityOfPage":{"@id":"https:\/\/www.immo-invest.ch\/fr\/vom-randgebiet-zumurbanen-quartier-mit-vision\/#webpage"},"isPartOf":{"@id":"https:\/\/www.immo-invest.ch\/fr\/vom-randgebiet-zumurbanen-quartier-mit-vision\/#webpage"},"articleSection":"Glarus, immoNews, Industrie du b\u00e2timent, Projects, Bauwesen, immobilien, Immoinvest, immoNews, Industriegel\u00e0nde, News, Projekte, Wohnungen, Facultatif"},{"@type":"BreadcrumbList","@id":"https:\/\/www.immo-invest.ch\/fr\/vom-randgebiet-zumurbanen-quartier-mit-vision\/#breadcrumblist","itemListElement":[{"@type":"ListItem","@id":"https:\/\/www.immo-invest.ch\/fr\/#listItem","position":1,"name":"Home","item":"https:\/\/www.immo-invest.ch\/fr\/","nextItem":{"@type":"ListItem","@id":"https:\/\/www.immo-invest.ch\/fr\/categories\/regions\/#listItem","name":"R\u00e9gions"}},{"@type":"ListItem","@id":"https:\/\/www.immo-invest.ch\/fr\/categories\/regions\/#listItem","position":2,"name":"R\u00e9gions","item":"https:\/\/www.immo-invest.ch\/fr\/categories\/regions\/","nextItem":{"@type":"ListItem","@id":"https:\/\/www.immo-invest.ch\/fr\/categories\/regions\/suisse\/#listItem","name":"Suisse"},"previousItem":{"@type":"ListItem","@id":"https:\/\/www.immo-invest.ch\/fr\/#listItem","name":"Home"}},{"@type":"ListItem","@id":"https:\/\/www.immo-invest.ch\/fr\/categories\/regions\/suisse\/#listItem","position":3,"name":"Suisse","item":"https:\/\/www.immo-invest.ch\/fr\/categories\/regions\/suisse\/","nextItem":{"@type":"ListItem","@id":"https:\/\/www.immo-invest.ch\/fr\/categories\/regions\/suisse\/suisse-orientale\/#listItem","name":"Suisse orientale"},"previousItem":{"@type":"ListItem","@id":"https:\/\/www.immo-invest.ch\/fr\/categories\/regions\/#listItem","name":"R\u00e9gions"}},{"@type":"ListItem","@id":"https:\/\/www.immo-invest.ch\/fr\/categories\/regions\/suisse\/suisse-orientale\/#listItem","position":4,"name":"Suisse orientale","item":"https:\/\/www.immo-invest.ch\/fr\/categories\/regions\/suisse\/suisse-orientale\/","nextItem":{"@type":"ListItem","@id":"https:\/\/www.immo-invest.ch\/fr\/categories\/regions\/suisse\/suisse-orientale\/glarus-fr\/#listItem","name":"Glarus"},"previousItem":{"@type":"ListItem","@id":"https:\/\/www.immo-invest.ch\/fr\/categories\/regions\/suisse\/#listItem","name":"Suisse"}},{"@type":"ListItem","@id":"https:\/\/www.immo-invest.ch\/fr\/categories\/regions\/suisse\/suisse-orientale\/glarus-fr\/#listItem","position":5,"name":"Glarus","item":"https:\/\/www.immo-invest.ch\/fr\/categories\/regions\/suisse\/suisse-orientale\/glarus-fr\/","nextItem":{"@type":"ListItem","@id":"https:\/\/www.immo-invest.ch\/fr\/vom-randgebiet-zumurbanen-quartier-mit-vision\/#listItem","name":"D&rsquo;une zone p\u00e9riph\u00e9rique \u00e0 un quartier urbain visionnaire"},"previousItem":{"@type":"ListItem","@id":"https:\/\/www.immo-invest.ch\/fr\/categories\/regions\/suisse\/suisse-orientale\/#listItem","name":"Suisse orientale"}},{"@type":"ListItem","@id":"https:\/\/www.immo-invest.ch\/fr\/vom-randgebiet-zumurbanen-quartier-mit-vision\/#listItem","position":6,"name":"D&rsquo;une zone p\u00e9riph\u00e9rique \u00e0 un quartier urbain visionnaire","previousItem":{"@type":"ListItem","@id":"https:\/\/www.immo-invest.ch\/fr\/categories\/regions\/suisse\/suisse-orientale\/glarus-fr\/#listItem","name":"Glarus"}}]},{"@type":"Organization","@id":"https:\/\/www.immo-invest.ch\/fr\/#organization","name":"immo!nvest - Die Plattform f\u00fcr Standorte und Immobilien","description":"Die\u00a0Plattform f\u00fcr Standorte und Immobilien","url":"https:\/\/www.immo-invest.ch\/fr\/","email":"admin@immomedia.ag","telephone":"+41444420002","logo":{"@type":"ImageObject","url":"https:\/\/www.immo-invest.ch\/wp-content\/uploads\/2024\/09\/immoinvest_sm-scaled.jpg","@id":"https:\/\/www.immo-invest.ch\/fr\/vom-randgebiet-zumurbanen-quartier-mit-vision\/#organizationLogo","width":2560,"height":1340},"image":{"@id":"https:\/\/www.immo-invest.ch\/fr\/vom-randgebiet-zumurbanen-quartier-mit-vision\/#organizationLogo"},"sameAs":["https:\/\/www.facebook.com\/people\/Immoinvest\/100077962920504\/","https:\/\/x.com\/i\/flow\/login?redirect_after_login=immoinvest_ch","https:\/\/www.instagram.com\/immoinvest_ch\/","https:\/\/www.linkedin.com\/company\/immoinvest-swiss"]},{"@type":"Person","@id":"https:\/\/www.immo-invest.ch\/fr\/author\/immovestuser\/#author","url":"https:\/\/www.immo-invest.ch\/fr\/author\/immovestuser\/","name":"immovestuser","image":{"@type":"ImageObject","@id":"https:\/\/www.immo-invest.ch\/fr\/vom-randgebiet-zumurbanen-quartier-mit-vision\/#authorImage","url":"https:\/\/secure.gravatar.com\/avatar\/8e01f4d99f2eeea7a362ebb93305e1172a70e9293ba250f897a65c39f54cdd1e?s=96&d=mm&r=g","width":96,"height":96,"caption":"immovestuser"}},{"@type":"WebPage","@id":"https:\/\/www.immo-invest.ch\/fr\/vom-randgebiet-zumurbanen-quartier-mit-vision\/#webpage","url":"https:\/\/www.immo-invest.ch\/fr\/vom-randgebiet-zumurbanen-quartier-mit-vision\/","name":"D\u2019une zone p\u00e9riph\u00e9rique \u00e0 un quartier urbain visionnaire - immo!nvest - Die Plattform f\u00fcr Standorte und Immobilien","description":"Le quartier de Buchholz, situ\u00e9 \u00e0 la limite nord de la ville de Glaris, est un quartier d'avenir. Autrefois une zone industrielle fragment\u00e9e, il se d\u00e9veloppe aujourd'hui en un quartier mixte au c\u0153ur vert, \u00e0 la volont\u00e9 d'am\u00e9nagement claire et \u00e0 la qualit\u00e9 urbanistique. La planification mise sur l'originalit\u00e9 architecturale, la diversit\u00e9 fonctionnelle et l'int\u00e9gration dans l'environnement urbain.","inLanguage":"fr-FR","isPartOf":{"@id":"https:\/\/www.immo-invest.ch\/fr\/#website"},"breadcrumb":{"@id":"https:\/\/www.immo-invest.ch\/fr\/vom-randgebiet-zumurbanen-quartier-mit-vision\/#breadcrumblist"},"author":{"@id":"https:\/\/www.immo-invest.ch\/fr\/author\/immovestuser\/#author"},"creator":{"@id":"https:\/\/www.immo-invest.ch\/fr\/author\/immovestuser\/#author"},"image":{"@type":"ImageObject","url":"https:\/\/www.immo-invest.ch\/wp-content\/uploads\/2025\/07\/Anhang_4_3D-Modell_Visualisierung-1-scaled-e1752155356316.jpg","@id":"https:\/\/www.immo-invest.ch\/fr\/vom-randgebiet-zumurbanen-quartier-mit-vision\/#mainImage","width":2560,"height":1280,"caption":"Bild: Helsinki Z\u00fcrich Office"},"primaryImageOfPage":{"@id":"https:\/\/www.immo-invest.ch\/fr\/vom-randgebiet-zumurbanen-quartier-mit-vision\/#mainImage"},"datePublished":"2025-07-14T14:49:07+02:00","dateModified":"2025-07-10T15:56:35+02:00"},{"@type":"WebSite","@id":"https:\/\/www.immo-invest.ch\/fr\/#website","url":"https:\/\/www.immo-invest.ch\/fr\/","name":"immo!nvest - Die Plattform f\u00fcr Standorte und Immobilien","description":"Die\u00a0Plattform f\u00fcr Standorte und Immobilien","inLanguage":"fr-FR","publisher":{"@id":"https:\/\/www.immo-invest.ch\/fr\/#organization"}}]},"og:locale":"fr_FR","og:site_name":"immo!nvest - Die Plattform f\u00fcr Standorte und Immobilien - Die\u00a0Plattform f\u00fcr Standorte und Immobilien","og:type":"article","og:title":"D\u2019une zone p\u00e9riph\u00e9rique \u00e0 un quartier urbain visionnaire - immo!nvest - Die Plattform f\u00fcr Standorte und Immobilien","og:description":"Le quartier de Buchholz, situ\u00e9 \u00e0 la limite nord de la ville de Glaris, est un quartier d'avenir. Autrefois une zone industrielle fragment\u00e9e, il se d\u00e9veloppe aujourd'hui en un quartier mixte au c\u0153ur vert, \u00e0 la volont\u00e9 d'am\u00e9nagement claire et \u00e0 la qualit\u00e9 urbanistique. La planification mise sur l'originalit\u00e9 architecturale, la diversit\u00e9 fonctionnelle et l'int\u00e9gration dans l'environnement urbain.","og:url":"https:\/\/www.immo-invest.ch\/fr\/vom-randgebiet-zumurbanen-quartier-mit-vision\/","og:image":"https:\/\/www.immo-invest.ch\/wp-content\/uploads\/2025\/07\/Anhang_4_3D-Modell_Visualisierung-1-scaled-e1752155356316.jpg","og:image:secure_url":"https:\/\/www.immo-invest.ch\/wp-content\/uploads\/2025\/07\/Anhang_4_3D-Modell_Visualisierung-1-scaled-e1752155356316.jpg","og:image:width":2560,"og:image:height":1280,"article:published_time":"2025-07-14T12:49:07+00:00","article:modified_time":"2025-07-10T13:56:35+00:00","article:publisher":"https:\/\/www.facebook.com\/people\/Immoinvest\/100077962920504\/","twitter:card":"summary_large_image","twitter:site":"@i","twitter:title":"D\u2019une zone p\u00e9riph\u00e9rique \u00e0 un quartier urbain visionnaire - immo!nvest - Die Plattform f\u00fcr Standorte und Immobilien","twitter:description":"Le quartier de Buchholz, situ\u00e9 \u00e0 la limite nord de la ville de Glaris, est un quartier d'avenir. Autrefois une zone industrielle fragment\u00e9e, il se d\u00e9veloppe aujourd'hui en un quartier mixte au c\u0153ur vert, \u00e0 la volont\u00e9 d'am\u00e9nagement claire et \u00e0 la qualit\u00e9 urbanistique. La planification mise sur l'originalit\u00e9 architecturale, la diversit\u00e9 fonctionnelle et l'int\u00e9gration dans l'environnement urbain.","twitter:creator":"@i","twitter:image":"https:\/\/www.immo-invest.ch\/wp-content\/uploads\/2025\/07\/Anhang_4_3D-Modell_Visualisierung-1-scaled-e1752155356316.jpg"},"aioseo_meta_data":{"post_id":"135670","title":null,"description":null,"keywords":null,"keyphrases":{"focus":{"keyphrase":"","score":0,"analysis":{"keyphraseInTitle":{"score":0,"maxScore":9,"error":1}}},"additional":[]},"primary_term":null,"canonical_url":null,"og_title":null,"og_description":null,"og_object_type":"default","og_image_type":"default","og_image_url":null,"og_image_width":null,"og_image_height":null,"og_image_custom_url":null,"og_image_custom_fields":null,"og_video":"","og_custom_url":null,"og_article_section":null,"og_article_tags":null,"twitter_use_og":false,"twitter_card":"default","twitter_image_type":"default","twitter_image_url":null,"twitter_image_custom_url":null,"twitter_image_custom_fields":null,"twitter_title":null,"twitter_description":null,"schema":{"blockGraphs":[],"customGraphs":[],"default":{"data":{"Article":[],"Course":[],"Dataset":[],"FAQPage":[],"Movie":[],"Person":[],"Product":[],"ProductReview":[],"Car":[],"Recipe":[],"Service":[],"SoftwareApplication":[],"WebPage":[]},"graphName":"BlogPosting","isEnabled":true},"graphs":[]},"schema_type":"default","schema_type_options":null,"pillar_content":false,"robots_default":true,"robots_noindex":false,"robots_noarchive":false,"robots_nosnippet":false,"robots_nofollow":false,"robots_noimageindex":false,"robots_noodp":false,"robots_notranslate":false,"robots_max_snippet":"-1","robots_max_videopreview":"-1","robots_max_imagepreview":"large","priority":null,"frequency":"default","local_seo":null,"breadcrumb_settings":null,"limit_modified_date":false,"ai":null,"created":"2025-07-10 13:56:36","updated":"2025-10-24 23:10:17","seo_analyzer_scan_date":null,"focus_keyword":null,"additional_keywords":null,"truseo_locale":null},"aioseo_breadcrumb":"<div class=\"aioseo-breadcrumbs\"><span class=\"aioseo-breadcrumb\">\n\t\t\t<a href=\"https:\/\/www.immo-invest.ch\/fr\/\" title=\"Home\">Home<\/a>\n\t\t<\/span><span class=\"aioseo-breadcrumb-separator\">&raquo;<\/span><span class=\"aioseo-breadcrumb\">\n\t\t\t<a href=\"https:\/\/www.immo-invest.ch\/fr\/categories\/regions\/\" title=\"R\u00e9gions\">R\u00e9gions<\/a>\n\t\t<\/span><span class=\"aioseo-breadcrumb-separator\">&raquo;<\/span><span class=\"aioseo-breadcrumb\">\n\t\t\t<a href=\"https:\/\/www.immo-invest.ch\/fr\/categories\/regions\/suisse\/\" title=\"Suisse\">Suisse<\/a>\n\t\t<\/span><span class=\"aioseo-breadcrumb-separator\">&raquo;<\/span><span class=\"aioseo-breadcrumb\">\n\t\t\t<a href=\"https:\/\/www.immo-invest.ch\/fr\/categories\/regions\/suisse\/suisse-orientale\/\" title=\"Suisse orientale\">Suisse orientale<\/a>\n\t\t<\/span><span class=\"aioseo-breadcrumb-separator\">&raquo;<\/span><span class=\"aioseo-breadcrumb\">\n\t\t\t<a href=\"https:\/\/www.immo-invest.ch\/fr\/categories\/regions\/suisse\/suisse-orientale\/glarus-fr\/\" title=\"Glarus\">Glarus<\/a>\n\t\t<\/span><span class=\"aioseo-breadcrumb-separator\">&raquo;<\/span><span class=\"aioseo-breadcrumb\">\n\t\t\tD\u2019une zone p\u00e9riph\u00e9rique \u00e0 un quartier urbain visionnaire\n\t\t<\/span><\/div>","aioseo_breadcrumb_json":[{"label":"Home","link":"https:\/\/www.immo-invest.ch\/fr\/"},{"label":"R\u00e9gions","link":"https:\/\/www.immo-invest.ch\/fr\/categories\/regions\/"},{"label":"Suisse","link":"https:\/\/www.immo-invest.ch\/fr\/categories\/regions\/suisse\/"},{"label":"Suisse orientale","link":"https:\/\/www.immo-invest.ch\/fr\/categories\/regions\/suisse\/suisse-orientale\/"},{"label":"Glarus","link":"https:\/\/www.immo-invest.ch\/fr\/categories\/regions\/suisse\/suisse-orientale\/glarus-fr\/"},{"label":"D&rsquo;une zone p\u00e9riph\u00e9rique \u00e0 un quartier urbain visionnaire","link":"https:\/\/www.immo-invest.ch\/fr\/vom-randgebiet-zumurbanen-quartier-mit-vision\/"}],"featured_image_src":"https:\/\/www.immo-invest.ch\/wp-content\/uploads\/2025\/07\/Anhang_4_3D-Modell_Visualisierung-1-scaled-e1752155356316-336x168.jpg","_links":{"self":[{"href":"https:\/\/www.immo-invest.ch\/fr\/wp-json\/wp\/v2\/posts\/135670","targetHints":{"allow":["GET"]}}],"collection":[{"href":"https:\/\/www.immo-invest.ch\/fr\/wp-json\/wp\/v2\/posts"}],"about":[{"href":"https:\/\/www.immo-invest.ch\/fr\/wp-json\/wp\/v2\/types\/post"}],"author":[{"embeddable":true,"href":"https:\/\/www.immo-invest.ch\/fr\/wp-json\/wp\/v2\/users\/2"}],"replies":[{"embeddable":true,"href":"https:\/\/www.immo-invest.ch\/fr\/wp-json\/wp\/v2\/comments?post=135670"}],"version-history":[{"count":0,"href":"https:\/\/www.immo-invest.ch\/fr\/wp-json\/wp\/v2\/posts\/135670\/revisions"}],"wp:featuredmedia":[{"embeddable":true,"href":"https:\/\/www.immo-invest.ch\/fr\/wp-json\/wp\/v2\/media\/135663"}],"wp:attachment":[{"href":"https:\/\/www.immo-invest.ch\/fr\/wp-json\/wp\/v2\/media?parent=135670"}],"wp:term":[{"taxonomy":"category","embeddable":true,"href":"https:\/\/www.immo-invest.ch\/fr\/wp-json\/wp\/v2\/categories?post=135670"},{"taxonomy":"post_tag","embeddable":true,"href":"https:\/\/www.immo-invest.ch\/fr\/wp-json\/wp\/v2\/tags?post=135670"}],"curies":[{"name":"wp","href":"https:\/\/api.w.org\/{rel}","templated":true}]}}