{"id":135658,"date":"2025-07-10T15:37:01","date_gmt":"2025-07-10T13:37:01","guid":{"rendered":"https:\/\/www.immo-invest.ch\/zukunft-bauen-heisst-verantwortung-uebernehmen\/"},"modified":"2025-07-10T15:52:50","modified_gmt":"2025-07-10T13:52:50","slug":"zukunft-bauen-heisst-verantwortung-uebernehmen","status":"publish","type":"post","link":"https:\/\/www.immo-invest.ch\/fr\/zukunft-bauen-heisst-verantwortung-uebernehmen\/","title":{"rendered":"Construire l&rsquo;avenir, c&rsquo;est prendre ses responsabilit\u00e9s"},"content":{"rendered":"<p class=\"wp-block-paragraph\"><strong>Monsieur Binkert, vous &ecirc;tes actif dans le d&eacute;veloppement immobilier depuis des d&eacute;cennies. Qu&rsquo;est-ce qui vous motive personnellement et quelle est votre vision de l&rsquo;avenir de l&rsquo;architecture et du d&eacute;veloppement immobilier ?<\/strong>Le d&eacute;veloppement immobilier est aussi un d&eacute;veloppement spatial. Avec chaque construction, nous modifions notre environnement, l&rsquo;espace qui nous entoure. Ce changement doit &ecirc;tre une am&eacute;lioration, pas une d&eacute;t&eacute;rioration. La question qui me pr&eacute;occupe est celle des r&egrave;gles que nous devons respecter pour que notre environnement b&acirc;ti reste durable, vivable et viable. Je vois l&rsquo;avenir du d&eacute;veloppement immobilier dans une planification cr&eacute;ative et globale qui associe les besoins de la soci&eacute;t&eacute; aux possibilit&eacute;s technologiques, tout en pla&ccedil;ant l&rsquo;homme et l&rsquo;environnement au centre.<\/p>\n\n\n\n\n\n<p class=\"wp-block-paragraph\"><strong>Quel projet vous a particuli&egrave;rement marqu&eacute; ?<\/strong><br>Chaque projet &eacute;largit l&rsquo;horizon de l&rsquo;exp&eacute;rience &ndash; mais Greencity Zurich a &eacute;t&eacute; un tournant pour moi. C&rsquo;est l&agrave; que nous avons d&eacute;velopp&eacute; pour la premi&egrave;re fois pour Losinger Marazzi des r&egrave;gles concr&egrave;tes sur la mani&egrave;re dont un <span class=\"glossaryLink\" aria-describedby=\"tt\" data-cmtooltip=\"&lt;div class=glossaryItemTitle&gt;Quartier&lt;\/div&gt;&lt;div class=glossaryItemBody&gt;Amtliches, historisches, soziales oder stadtplanerisches Stadtviertel&lt;\/div&gt;\" data-mobile-support=\"0\" data-gt-translate-attributes='[{\"attribute\":\"data-cmtooltip\", \"format\":\"html\"}]' tabindex=\"0\" role=\"link\">quartier<\/span> doit &ecirc;tre con&ccedil;u, construit et exploit&eacute; pour &ecirc;tre consid&eacute;r&eacute; comme r&eacute;ellement durable. Ce projet m&rsquo;a montr&eacute; &agrave; quel point la durabilit&eacute; peut avoir un impact profond lorsqu&rsquo;elle est pens&eacute;e et mise en &oelig;uvre de mani&egrave;re syst&eacute;matique. Le fait qu&rsquo;il ait permis &agrave; Losinger Marazzi de devenir le premier &laquo;&nbsp;entrepreneur g&eacute;n&eacute;ral vert&nbsp;&raquo; de Suisse a &eacute;t&eacute; un signe fort que le d&eacute;veloppement durable peut &eacute;galement &ecirc;tre un mod&egrave;le de r&eacute;ussite &eacute;conomique.<\/p>\n\n\n\n\n\n<p class=\"wp-block-paragraph\"><strong>En tant que pr&eacute;sident de l&rsquo;association 2000-Watt-Smart-Cities, vous vous engagez pour des villes durables et &eacute;nerg&eacute;tiquement efficaces. Comment int&eacute;grez-vous concr&egrave;tement les aspects de durabilit&eacute; dans vos projets ?<\/strong><br>Dans Greencity Zurich, nous avons d&eacute;velopp&eacute; pour la premi&egrave;re fois des r&egrave;gles compl&egrave;tes pour la planification, la construction et l&rsquo;exploitation d&rsquo;un <span class=\"glossaryLink\" aria-describedby=\"tt\" data-cmtooltip=\"&lt;div class=glossaryItemTitle&gt;Quartier&lt;\/div&gt;&lt;div class=glossaryItemBody&gt;Amtliches, historisches, soziales oder stadtplanerisches Stadtviertel&lt;\/div&gt;\" data-mobile-support=\"0\" data-gt-translate-attributes='[{\"attribute\":\"data-cmtooltip\", \"format\":\"html\"}]' tabindex=\"0\" role=\"link\">quartier<\/span> durable. Cela a donn&eacute; naissance au label &laquo;&nbsp;2000-Watt-Areal&nbsp;&raquo;, qui a permis de certifier plus de 50 quartiers urbains dans toute la Suisse. Aujourd&rsquo;hui, nous continuons &agrave; le d&eacute;velopper sous l&rsquo;autorisation de l&rsquo;Office f&eacute;d&eacute;ral de l&rsquo;&eacute;nergie &ndash; dans l&rsquo;optique de la Smart City. Nous avons ainsi r&eacute;cemment pu certifier le premier projet en Inde.<\/p>\n\n\n\n\n\n<p class=\"wp-block-paragraph\">Le plus grand d&eacute;fi reste l&rsquo;&eacute;quilibre entre la durabilit&eacute; environnementale, sociale et &eacute;conomique, en particulier au niveau international. En Chine, les exigences sociales sont difficiles &agrave; mettre en &oelig;uvre, au Br&eacute;sil, la compr&eacute;hension de l&rsquo;environnement fait souvent d&eacute;faut, et dans les &Eacute;mirats, l&rsquo;&eacute;conomie n&rsquo;est pas un probl&egrave;me. En Suisse aussi, il faut de l&rsquo;empathie, de la compr&eacute;hension et du souffle pour imposer des solutions viables et durables.<\/p>\n\n\n\n\n\n<p class=\"wp-block-paragraph\"><strong>Vous avez une exp&eacute;rience internationale, notamment aux &Eacute;tats-Unis et en Inde. Quelles diff&eacute;rences et similitudes voyez-vous entre la Suisse et ces pays en mati&egrave;re de d&eacute;veloppement urbain ?<\/strong><br>La principale diff&eacute;rence r&eacute;side dans le rythme de croissance : les pays &eacute;mergents dont la population augmente rapidement ont besoin de beaucoup de nouveaux espaces rapidement et &agrave; moindre co&ucirc;t, souvent au d&eacute;triment de la qualit&eacute;. La durabilit&eacute; y est une promesse d&rsquo;avenir, souvent accueillie avec scepticisme. La durabilit&eacute; co&ucirc;te cher &agrave; court terme, mais ne rapporte qu&rsquo;&agrave; long terme, mais elle couvre alors plusieurs fois les co&ucirc;ts selon nos hypoth&egrave;ses.<\/p>\n\n\n\n\n\n<p class=\"wp-block-paragraph\">Dans le monde occidental &ndash; o&ugrave; la croissance stagne ou recule &ndash; d&rsquo;autres valeurs sont mises en avant : l&rsquo;&eacute;quit&eacute; sociale, l&rsquo;&eacute;conomie circulaire, la biodiversit&eacute;. Le d&eacute;veloppement durable y est de plus en plus per&ccedil;u comme une condition pr&eacute;alable &agrave; la qualit&eacute; de vie. L&rsquo;exigence selon laquelle l&rsquo;Occident doit &eacute;galement prendre en charge le d&eacute;veloppement durable dans les pays &eacute;mergents pousse toutefois des pays prosp&egrave;res comme la Suisse &agrave; leurs limites.<\/p>\n\n\n\n\n\n<p class=\"wp-block-paragraph\"><strong>Quelles tendances voyez-vous dans le d&eacute;veloppement futur des villes et des sites et comment imaginez-vous les formes d&rsquo;habitat de demain, notamment au regard des changements d&eacute;mographiques, de l&rsquo;urbanisation croissante et de la densification ?<\/strong><br>Nous sommes &agrave; un tournant. Le secteur de la construction doit imp&eacute;rativement rattraper son retard dans des domaines tels que la num&eacute;risation, l&rsquo;automatisation et l&rsquo;intelligence artificielle. Nous continuons &agrave; construire &laquo;&nbsp;brick and mortar&nbsp;&raquo;, comme &agrave; l&rsquo;&eacute;poque romaine. Pourtant, si les besoins humains fondamentaux n&rsquo;ont gu&egrave;re chang&eacute;, les possibilit&eacute;s techniques, elles, ont bien &eacute;volu&eacute;. Les m&eacute;gatendances &ndash; changement d&eacute;mographique, sant&eacute;, avenir du travail, crise climatique &ndash; exigent de nouvelles r&eacute;ponses &agrave; la question de savoir comment nous habitons. Nous devons avoir le courage de remettre en question le statu quo, d&rsquo;explorer de nouvelles voies et d&rsquo;essayer des solutions qui n&rsquo;existaient pas dans le pass&eacute;.<\/p>\n\n\n\n\n\n<p class=\"wp-block-paragraph\">Le &laquo;&nbsp;b&eacute;tonnage de la Suisse&nbsp;&raquo; ne peut pas continuer ainsi. Ce qui fonctionnait encore dans une Suisse de 6 millions d&rsquo;habitants &agrave; la mobilit&eacute; limit&eacute;e conduit aujourd&rsquo;hui &agrave; l&rsquo;effondrement. Nous devons nous consid&eacute;rer davantage comme une partie de l&rsquo;univers, dans lequel nous ne sommes qu&rsquo;une esp&egrave;ce parmi d&rsquo;autres, et non comme des dominateurs. Nous constatons chaque jour les cons&eacute;quences de notre gestion &agrave; courte vue des ressources limit&eacute;es, de la diminution de la biodiversit&eacute; et du gaspillage d&rsquo;&eacute;nergie.<\/p>\n\n\n\n\n\n<p class=\"wp-block-paragraph\">&Agrave; l&rsquo;avenir, nous nous rapprocherons les uns des autres, nous ferons de la place pour les autres, nous vivrons de mani&egrave;re plus efficace et suffisante. Pour que cela ne nuise pas &agrave; notre qualit&eacute; de vie, nous devons mieux utiliser les possibilit&eacute;s technologiques qui s&rsquo;offrent &agrave; nous aujourd&rsquo;hui et celles que nous d&eacute;velopperons demain. Nous vivrons de mani&egrave;re plus urbaine qu&rsquo;aujourd&rsquo;hui, nous satisferons les besoins de la vie quotidienne &agrave; distance de marche, nous serons mieux connect&eacute;s.<\/p>\n\n\n\n\n\n<p class=\"wp-block-paragraph\"><strong>Nous avons d&eacute;sormais atteint 9 millions d&rsquo;habitants en Suisse. Le secteur immobilier parle depuis longtemps d&rsquo;une Suisse &agrave; 10 millions d&rsquo;habitants. Sommes-nous, selon vous, suffisamment pr&eacute;par&eacute;s &agrave; cette &eacute;ventualit&eacute; et o&ugrave; voyez-vous encore un besoin de rattrapage ?<\/strong><br>L&rsquo;id&eacute;e d&rsquo;une Suisse &agrave; 10 millions d&rsquo;habitants est elle aussi d&eacute;j&agrave; d&eacute;pass&eacute;e. Si nous voulons permettre &agrave; notre soci&eacute;t&eacute; vieillissante de vivre confortablement, nous avons besoin d&rsquo;une main-d&rsquo;&oelig;uvre jeune et bien form&eacute;e suppl&eacute;mentaire, nous avons donc besoin d&rsquo;une Suisse de 12 millions ! Nous devons proposer des solutions durables aux flux migratoires attendus de r&eacute;fugi&eacute;s climatiques et de r&eacute;fugi&eacute;s de guerre, mais sans mettre en p&eacute;ril notre culture et notre histoire. Plus nous nous pr&eacute;parons rapidement et efficacement, plus nous serons en mesure d&rsquo;en tirer profit.<\/p>\n\n\n\n\n\n<p class=\"wp-block-paragraph\">Nous sommes mal pr&eacute;par&eacute;s aux changements de paradigmes exog&egrave;nes. Nous sommes conscients de l&rsquo;attraction des grandes villes, mais nous ne proposons pas d&rsquo;alternatives. Nous continuons &agrave; travailler avec des plans de zonage alors qu&rsquo;ils ne sont plus en mesure de refl&eacute;ter notre production et notre mode de vie. Nous avons les yeux riv&eacute;s sur les p&ocirc;les d&rsquo;attraction que sont Zurich, B&acirc;le et Gen&egrave;ve, au lieu de percevoir et d&rsquo;exploiter les qualit&eacute;s dormantes de petites villes comme Lenzbourg, Brugg, Wetzikon ou Glaris. Il y a l&agrave; un besoin urgent de rattrapage.<\/p>\n\n\n\n\n\n<p class=\"wp-block-paragraph\">Notre vision de la Smart City Switzerland n&rsquo;est pas celle d&rsquo;une m&eacute;gapole avec une agglom&eacute;ration tentaculaire &ndash; bien au contraire : nous proposons de redevenir plus petits. Ce ne sont pas les grandes villes suisses qui doivent cro&icirc;tre, mais les villes moyennes et les petites villes bien connect&eacute;es qui doivent &ecirc;tre densifi&eacute;es et urbanis&eacute;es &ndash; avec beaucoup d&rsquo;espaces verts entre elles. L&rsquo;urbanisation passe par l&rsquo;am&eacute;lioration de l&rsquo;offre, la revalorisation culturelle, mais aussi et surtout par la cr&eacute;ation de nouveaux emplois. Et l&agrave; o&ugrave; la recherche sur l&rsquo;urbanisation identifie des lacunes dans le r&eacute;seau urbain, nous devons &eacute;galement avoir le courage de construire de nouvelles villes.<\/p>\n\n\n\n\n\n<p class=\"wp-block-paragraph\"><strong>Quels r&ocirc;les et quelle vision &agrave; long terme voyez-vous pour l&rsquo;espace &eacute;conomique de Glaris et quels sont les projets cl&eacute;s qui marqueront les ann&eacute;es &agrave; venir ?<\/strong><br>Glaris Nord est l&rsquo;&eacute;pine dorsale &eacute;conomique du canton &ndash; avec sa situation, son infrastructure et sa proximit&eacute; avec la zone &eacute;conomique de Zurich, il offre un &eacute;norme potentiel pour la production et les services. Glaris Sud, en revanche, marque des points avec la nature, les loisirs et la qualit&eacute; de vie. Ces deux espaces devraient &ecirc;tre beaucoup plus pens&eacute;s dans le sens d&rsquo;une symbiose fonctionnelle. La vision Glaris 2030 pr&eacute;sente des perspectives claires &agrave; cet &eacute;gard, mais elle doit &ecirc;tre port&eacute;e plus largement. Des projets cl&eacute;s &agrave; N&auml;fels-Mollis et Niederurnen-Oberurnen seraient des catalyseurs id&eacute;aux, mais ils n&rsquo;ont pas &eacute;t&eacute; suffisamment exploit&eacute;s jusqu&rsquo;&agrave; pr&eacute;sent &ndash; m&ecirc;me pas dans le plan directeur communal r&eacute;cemment &eacute;tabli. Les directives cantonales et f&eacute;d&eacute;rales &eacute;troites concernant le dimensionnement des zones &agrave; b&acirc;tir freinent le d&eacute;veloppement &ndash; il faut ici une <span class=\"glossaryLink\"  aria-describedby=\"tt\"  data-cmtooltip=\"&lt;div class=glossaryItemTitle&gt;Marge&lt;\/div&gt;&lt;div class=glossaryItemBody&gt;Gewinnspanne, prozentualer Gewinn je Leistungseinheit; Handel: Handelsspanne, Differenz zwischen An- und Verkaufspreis&lt;\/div&gt;\"  data-mobile-support=\"0\"  data-gt-translate-attributes='[{\"attribute\":\"data-cmtooltip\", \"format\":\"html\"}]' tabindex='0' role='link'>marge<\/span> de man&oelig;uvre pour des solutions orient&eacute;es vers l&rsquo;avenir.<\/p>\n\n\n\n\n\n<p class=\"wp-block-paragraph\"><strong>L&rsquo;un des travaux de master de vos &eacute;tudiants analyse Glaris Nord comme un sous-centre potentiel de la r&eacute;gion &eacute;conomique de Zurich. Comment &eacute;valuez-vous le potentiel de d&eacute;veloppement de cette r&eacute;gion, notamment en termes d&rsquo;infrastructures, de secteurs, d&rsquo;emplois<br>et d&rsquo;habitat ?<\/strong><br>Le potentiel de Glaris Nord est impressionnant. Nos &eacute;tudes sur la Smart City Switzerland montrent qu&rsquo;il y aurait de la place des deux c&ocirc;t&eacute;s du lac de Walenstadt pour une ville de taille moyenne &ndash; mais que celle-ci soit cr&eacute;&eacute;e &agrave; Glaris Nord, &agrave; Ausserschwyz ou dans le Sarganserland d&eacute;pend en fin de compte de la volont&eacute; politique des habitants.<br>Le travail de master de la HSLU mentionn&eacute; ci-dessus &eacute;tudie la relation entre la grande ville de Zurich et les sous-centres environnants (n&oelig;uds de deuxi&egrave;me centralit&eacute;). La situation actuelle du brain-drain et des mercenaires salariaux qui font la navette entre la r&eacute;gion rurale de Glaris et la ville de Zurich est compar&eacute;e &agrave; la vision de la ville de Glaris Nord &agrave; 15 minutes. Le travail de master confirme l&rsquo;interd&eacute;pendance de l&rsquo;am&eacute;nagement du territoire et de la promotion &eacute;conomique, de la densification et de la diversit&eacute; des utilisations, des emplois et des logements.<\/p>\n\n\n\n\n\n<p class=\"wp-block-paragraph\"><strong>Du point de vue de la planification et de la politique, que doit-il se passer pour que Glaris ne se contente pas de s&rsquo;agrandir, mais participe &eacute;galement &agrave; son d&eacute;veloppement ?<\/strong><br>Dans la perspective de Smart City Switzerland, l&rsquo;Office f&eacute;d&eacute;ral du d&eacute;veloppement territorial ARE doit revoir l&rsquo;am&eacute;nagement du territoire &agrave; l&rsquo;&eacute;chelle nationale et cr&eacute;er de nouveaux espaces libres pour le d&eacute;veloppement urbain densifi&eacute;. Sur cette base, il est possible de densifier les villes existantes, voire de d&eacute;velopper de nouvelles villes r&eacute;gionales (n&oelig;uds de deuxi&egrave;me centralit&eacute;) et de petites villes (n&oelig;uds de troisi&egrave;me centralit&eacute;).<\/p>\n\n\n\n\n\n<p class=\"wp-block-paragraph\">Pour Glaris, cela signifie concr&egrave;tement qu&rsquo;il faut faire du lobbying actif &agrave; Berne pour positionner Glaris Nord en tant que site &eacute;conomique. C&rsquo;est la seule fa&ccedil;on pour le canton de se lib&eacute;rer du r&ocirc;le de suiveur passif dans la p&eacute;r&eacute;quation financi&egrave;re. Il faut faire un choix clair entre l&rsquo;attente et la participation active. Pour participer, il faut investir &ndash; dans la planification et le d&eacute;veloppement, les infrastructures, le marketing local et le travail de persuasion politique.<\/p>\n\n\n\n\n\n<p class=\"wp-block-paragraph\"><strong>Quel r&ocirc;le joue le plan directeur cantonal dans ce contexte et quelles sont les possibilit&eacute;s d&rsquo;influence au niveau communal ?<\/strong><br>Le plan directeur cantonal refl&egrave;te la situation actuelle et la pense de mani&egrave;re lin&eacute;aire. Il ne refl&egrave;te pas les changements de paradigme qui nous attendent dans les ann&eacute;es &agrave; venir. Le plan directeur n&rsquo;offre pas non plus une flexibilit&eacute; suffisante pour r&eacute;pondre aux nouveaux d&eacute;fis exog&egrave;nes et endog&egrave;nes.<\/p>\n\n\n\n\n\n<p class=\"wp-block-paragraph\">Les possibilit&eacute;s d&rsquo;influencer le plan directeur sup&eacute;rieur sont limit&eacute;es. La commune d&eacute;pend du canton, et le canton d&eacute;pend de la Conf&eacute;d&eacute;ration. De plus, l&rsquo;exigence de stabilit&eacute; du plan rend toute <span class=\"glossaryLink\" aria-describedby=\"tt\" data-cmtooltip=\"&lt;div class=glossaryItemTitle&gt;Innovation&lt;\/div&gt;&lt;div class=glossaryItemBody&gt;Innovation in der heutigen Immobilienwelt bedeutet vor allem Digitalisierung von Prozessen. Zum Beispiel das Eliminieren von Tausenden von Excel-Bl&auml;ttern f&uuml;r Portfolio- und Asset-Manager oder das Erstellen einer Anwendung (App) f&uuml;r alle Formalit&auml;ten rund um die Beziehung zwischen Immobilieneigent&uuml;mern, - verwaltung und -mietern.&lt;\/div&gt;\" data-mobile-support=\"0\" data-gt-translate-attributes='[{\"attribute\":\"data-cmtooltip\", \"format\":\"html\"}]' tabindex=\"0\" role=\"link\">innovation<\/span> difficile. Les temps de r&eacute;action sont trop longs. Pourtant, des leviers existent : les projets pilotes et les p&ocirc;les de d&eacute;veloppement (PDD) permettent de tester des id&eacute;es innovantes et d&rsquo;exp&eacute;rimenter de nouveaux mod&egrave;les urbains.<\/p>\n\n\n\n\n\n<p class=\"wp-block-paragraph\">La 105e immoTable d&rsquo;aujourd&rsquo;hui &agrave; Glaris apporte une contribution importante &agrave; la discussion urgente et n&eacute;cessaire sur la volont&eacute; de Glaris de devenir le site de l&rsquo;avenir.<\/p>\n\n","protected":false},"excerpt":{"rendered":"<p>Andreas Binkert repense le d\u00e9veloppement urbain &#8211; pour lui, le d\u00e9veloppement immobilier est une responsabilit\u00e9 sociale. Dans cet entretien, le pr\u00e9sident de la 2000-Watt Smart Cities Association explique sa vision des quartiers durables, parle de Greencity, des d\u00e9fis mondiaux et du potentiel de Glaris dans la r\u00e9gion de Zurich.<\/p>\n","protected":false},"author":2,"featured_media":135653,"comment_status":"open","ping_status":"open","sticky":false,"template":"","format":"standard","meta":{"pmpro_default_level":"","inline_featured_image":false,"_monsterinsights_skip_tracking":false,"footnotes":""},"categories":[4464,45951,743,22357],"tags":[10250,3185,37303,2512,53691],"class_list":["post-135658","post","type-post","status-publish","format-standard","has-post-thumbnail","hentry","category-gens","category-glarus-fr","category-immonews-fr","category-industrie-du-batiment","tag-immobilienentwicklung-fr","tag-raumplanung-fr","tag-stadtraum-fr","tag-urban-fr","tag-zukunftsvision-fr","pmpro-has-access"],"acf":{"bild_mit_ki_erstellt_worden":[],"lead":"Andreas Binkert repense le d\u00e9veloppement urbain - pour lui, le d\u00e9veloppement immobilier est une responsabilit\u00e9 sociale. Dans cet entretien, le pr\u00e9sident de la 2000-Watt Smart Cities Association explique sa vision des quartiers durables, parle de Greencity, des d\u00e9fis mondiaux et du potentiel de Glaris dans la r\u00e9gion de Zurich.","autor":"Quelle: immo!nvest Magazin Glarus","ort":"","bildunterschrift":"","bild_im_grid":false,"gallerie":"","newsim":""},"aioseo_notices":[],"aioseo_head":"\n\t\t<!-- All in One SEO 5.0.0.1 - aioseo.com -->\n\t<meta name=\"description\" content=\"Andreas Binkert repense le d\u00e9veloppement urbain - pour lui, le d\u00e9veloppement immobilier est une responsabilit\u00e9 sociale. Dans cet entretien, le pr\u00e9sident de la 2000-Watt Smart Cities Association explique sa vision des quartiers durables, parle de Greencity, des d\u00e9fis mondiaux et du potentiel de Glaris dans la r\u00e9gion de Zurich.\" \/>\n\t<meta name=\"robots\" content=\"max-image-preview:large\" \/>\n\t<meta name=\"author\" content=\"immovestuser\"\/>\n\t<meta name=\"google-site-verification\" content=\"fHJKvgWpZCR2zVBHWfkQeFXC11qieUSff0HGNYfuyLA\" \/>\n\t<link rel=\"canonical\" href=\"https:\/\/www.immo-invest.ch\/fr\/zukunft-bauen-heisst-verantwortung-uebernehmen\/\" \/>\n\t<meta name=\"generator\" content=\"All in One SEO (AIOSEO) 5.0.0.1\" \/>\n\t\t<meta property=\"og:locale\" content=\"fr_FR\" \/>\n\t\t<meta property=\"og:site_name\" content=\"immo!nvest - Die Plattform f\u00fcr Standorte und Immobilien - Die\u00a0Plattform f\u00fcr Standorte und Immobilien\" \/>\n\t\t<meta property=\"og:type\" content=\"article\" \/>\n\t\t<meta property=\"og:title\" content=\"Construire l\u2019avenir, c\u2019est prendre ses responsabilit\u00e9s - immo!nvest - Die Plattform f\u00fcr Standorte und Immobilien\" \/>\n\t\t<meta property=\"og:description\" content=\"Andreas Binkert repense le d\u00e9veloppement urbain - pour lui, le d\u00e9veloppement immobilier est une responsabilit\u00e9 sociale. Dans cet entretien, le pr\u00e9sident de la 2000-Watt Smart Cities Association explique sa vision des quartiers durables, parle de Greencity, des d\u00e9fis mondiaux et du potentiel de Glaris dans la r\u00e9gion de Zurich.\" \/>\n\t\t<meta property=\"og:url\" content=\"https:\/\/www.immo-invest.ch\/fr\/zukunft-bauen-heisst-verantwortung-uebernehmen\/\" \/>\n\t\t<meta property=\"og:image\" content=\"https:\/\/www.immo-invest.ch\/wp-content\/uploads\/2025\/07\/ABI.jpg\" \/>\n\t\t<meta property=\"og:image:secure_url\" content=\"https:\/\/www.immo-invest.ch\/wp-content\/uploads\/2025\/07\/ABI.jpg\" \/>\n\t\t<meta property=\"og:image:width\" content=\"944\" \/>\n\t\t<meta property=\"og:image:height\" content=\"531\" \/>\n\t\t<meta property=\"article:published_time\" content=\"2025-07-10T13:37:01+00:00\" \/>\n\t\t<meta property=\"article:modified_time\" content=\"2025-07-10T13:52:50+00:00\" \/>\n\t\t<meta property=\"article:publisher\" content=\"https:\/\/www.facebook.com\/people\/Immoinvest\/100077962920504\/\" \/>\n\t\t<meta name=\"twitter:card\" content=\"summary_large_image\" \/>\n\t\t<meta name=\"twitter:site\" content=\"@i\" \/>\n\t\t<meta name=\"twitter:title\" content=\"Construire l\u2019avenir, c\u2019est prendre ses responsabilit\u00e9s - immo!nvest - Die Plattform f\u00fcr Standorte und Immobilien\" \/>\n\t\t<meta name=\"twitter:description\" content=\"Andreas Binkert repense le d\u00e9veloppement urbain - pour lui, le d\u00e9veloppement immobilier est une responsabilit\u00e9 sociale. Dans cet entretien, le pr\u00e9sident de la 2000-Watt Smart Cities Association explique sa vision des quartiers durables, parle de Greencity, des d\u00e9fis mondiaux et du potentiel de Glaris dans la r\u00e9gion de Zurich.\" \/>\n\t\t<meta name=\"twitter:creator\" content=\"@i\" \/>\n\t\t<meta name=\"twitter:image\" content=\"https:\/\/www.immo-invest.ch\/wp-content\/uploads\/2025\/07\/ABI.jpg\" \/>\n\t\t<script type=\"application\/ld+json\" class=\"aioseo-schema\">\n\t\t\t{\"@context\":\"https:\\\/\\\/schema.org\",\"@graph\":[{\"@type\":\"BlogPosting\",\"@id\":\"https:\\\/\\\/www.immo-invest.ch\\\/fr\\\/zukunft-bauen-heisst-verantwortung-uebernehmen\\\/#blogposting\",\"name\":\"Construire l\\u2019avenir, c\\u2019est prendre ses responsabilit\\u00e9s - immo!nvest - Die Plattform f\\u00fcr Standorte und Immobilien\",\"headline\":\"Construire l&rsquo;avenir, c&rsquo;est prendre ses responsabilit\\u00e9s\",\"author\":{\"@id\":\"https:\\\/\\\/www.immo-invest.ch\\\/fr\\\/author\\\/immovestuser\\\/#author\"},\"publisher\":{\"@id\":\"https:\\\/\\\/www.immo-invest.ch\\\/fr\\\/#organization\"},\"image\":{\"@type\":\"ImageObject\",\"url\":\"https:\\\/\\\/www.immo-invest.ch\\\/wp-content\\\/uploads\\\/2025\\\/07\\\/ABI.jpg\",\"width\":944,\"height\":531},\"datePublished\":\"2025-07-10T15:37:01+02:00\",\"dateModified\":\"2025-07-10T15:52:50+02:00\",\"inLanguage\":\"fr-FR\",\"mainEntityOfPage\":{\"@id\":\"https:\\\/\\\/www.immo-invest.ch\\\/fr\\\/zukunft-bauen-heisst-verantwortung-uebernehmen\\\/#webpage\"},\"isPartOf\":{\"@id\":\"https:\\\/\\\/www.immo-invest.ch\\\/fr\\\/zukunft-bauen-heisst-verantwortung-uebernehmen\\\/#webpage\"},\"articleSection\":\"Gens, Glarus, immoNews, Industrie du b\\u00e2timent, Immobilienentwicklung, Raumplanung, Stadtraum, Urban, Zukunftsvision, Facultatif\"},{\"@type\":\"BreadcrumbList\",\"@id\":\"https:\\\/\\\/www.immo-invest.ch\\\/fr\\\/zukunft-bauen-heisst-verantwortung-uebernehmen\\\/#breadcrumblist\",\"itemListElement\":[{\"@type\":\"ListItem\",\"@id\":\"https:\\\/\\\/www.immo-invest.ch\\\/fr\\\/#listItem\",\"position\":1,\"name\":\"Home\",\"item\":\"https:\\\/\\\/www.immo-invest.ch\\\/fr\\\/\",\"nextItem\":{\"@type\":\"ListItem\",\"@id\":\"https:\\\/\\\/www.immo-invest.ch\\\/fr\\\/categories\\\/regions\\\/#listItem\",\"name\":\"R\\u00e9gions\"}},{\"@type\":\"ListItem\",\"@id\":\"https:\\\/\\\/www.immo-invest.ch\\\/fr\\\/categories\\\/regions\\\/#listItem\",\"position\":2,\"name\":\"R\\u00e9gions\",\"item\":\"https:\\\/\\\/www.immo-invest.ch\\\/fr\\\/categories\\\/regions\\\/\",\"nextItem\":{\"@type\":\"ListItem\",\"@id\":\"https:\\\/\\\/www.immo-invest.ch\\\/fr\\\/categories\\\/regions\\\/suisse\\\/#listItem\",\"name\":\"Suisse\"},\"previousItem\":{\"@type\":\"ListItem\",\"@id\":\"https:\\\/\\\/www.immo-invest.ch\\\/fr\\\/#listItem\",\"name\":\"Home\"}},{\"@type\":\"ListItem\",\"@id\":\"https:\\\/\\\/www.immo-invest.ch\\\/fr\\\/categories\\\/regions\\\/suisse\\\/#listItem\",\"position\":3,\"name\":\"Suisse\",\"item\":\"https:\\\/\\\/www.immo-invest.ch\\\/fr\\\/categories\\\/regions\\\/suisse\\\/\",\"nextItem\":{\"@type\":\"ListItem\",\"@id\":\"https:\\\/\\\/www.immo-invest.ch\\\/fr\\\/categories\\\/regions\\\/suisse\\\/suisse-orientale\\\/#listItem\",\"name\":\"Suisse orientale\"},\"previousItem\":{\"@type\":\"ListItem\",\"@id\":\"https:\\\/\\\/www.immo-invest.ch\\\/fr\\\/categories\\\/regions\\\/#listItem\",\"name\":\"R\\u00e9gions\"}},{\"@type\":\"ListItem\",\"@id\":\"https:\\\/\\\/www.immo-invest.ch\\\/fr\\\/categories\\\/regions\\\/suisse\\\/suisse-orientale\\\/#listItem\",\"position\":4,\"name\":\"Suisse orientale\",\"item\":\"https:\\\/\\\/www.immo-invest.ch\\\/fr\\\/categories\\\/regions\\\/suisse\\\/suisse-orientale\\\/\",\"nextItem\":{\"@type\":\"ListItem\",\"@id\":\"https:\\\/\\\/www.immo-invest.ch\\\/fr\\\/categories\\\/regions\\\/suisse\\\/suisse-orientale\\\/glarus-fr\\\/#listItem\",\"name\":\"Glarus\"},\"previousItem\":{\"@type\":\"ListItem\",\"@id\":\"https:\\\/\\\/www.immo-invest.ch\\\/fr\\\/categories\\\/regions\\\/suisse\\\/#listItem\",\"name\":\"Suisse\"}},{\"@type\":\"ListItem\",\"@id\":\"https:\\\/\\\/www.immo-invest.ch\\\/fr\\\/categories\\\/regions\\\/suisse\\\/suisse-orientale\\\/glarus-fr\\\/#listItem\",\"position\":5,\"name\":\"Glarus\",\"item\":\"https:\\\/\\\/www.immo-invest.ch\\\/fr\\\/categories\\\/regions\\\/suisse\\\/suisse-orientale\\\/glarus-fr\\\/\",\"nextItem\":{\"@type\":\"ListItem\",\"@id\":\"https:\\\/\\\/www.immo-invest.ch\\\/fr\\\/zukunft-bauen-heisst-verantwortung-uebernehmen\\\/#listItem\",\"name\":\"Construire l&rsquo;avenir, c&rsquo;est prendre ses responsabilit\\u00e9s\"},\"previousItem\":{\"@type\":\"ListItem\",\"@id\":\"https:\\\/\\\/www.immo-invest.ch\\\/fr\\\/categories\\\/regions\\\/suisse\\\/suisse-orientale\\\/#listItem\",\"name\":\"Suisse orientale\"}},{\"@type\":\"ListItem\",\"@id\":\"https:\\\/\\\/www.immo-invest.ch\\\/fr\\\/zukunft-bauen-heisst-verantwortung-uebernehmen\\\/#listItem\",\"position\":6,\"name\":\"Construire l&rsquo;avenir, c&rsquo;est prendre ses responsabilit\\u00e9s\",\"previousItem\":{\"@type\":\"ListItem\",\"@id\":\"https:\\\/\\\/www.immo-invest.ch\\\/fr\\\/categories\\\/regions\\\/suisse\\\/suisse-orientale\\\/glarus-fr\\\/#listItem\",\"name\":\"Glarus\"}}]},{\"@type\":\"Organization\",\"@id\":\"https:\\\/\\\/www.immo-invest.ch\\\/fr\\\/#organization\",\"name\":\"immo!nvest - Die Plattform f\\u00fcr Standorte und Immobilien\",\"description\":\"Die\\u00a0Plattform f\\u00fcr Standorte und Immobilien\",\"url\":\"https:\\\/\\\/www.immo-invest.ch\\\/fr\\\/\",\"email\":\"admin@immomedia.ag\",\"telephone\":\"+41444420002\",\"logo\":{\"@type\":\"ImageObject\",\"url\":\"https:\\\/\\\/www.immo-invest.ch\\\/wp-content\\\/uploads\\\/2024\\\/09\\\/immoinvest_sm-scaled.jpg\",\"@id\":\"https:\\\/\\\/www.immo-invest.ch\\\/fr\\\/zukunft-bauen-heisst-verantwortung-uebernehmen\\\/#organizationLogo\",\"width\":2560,\"height\":1340},\"image\":{\"@id\":\"https:\\\/\\\/www.immo-invest.ch\\\/fr\\\/zukunft-bauen-heisst-verantwortung-uebernehmen\\\/#organizationLogo\"},\"sameAs\":[\"https:\\\/\\\/www.facebook.com\\\/people\\\/Immoinvest\\\/100077962920504\\\/\",\"https:\\\/\\\/x.com\\\/i\\\/flow\\\/login?redirect_after_login=immoinvest_ch\",\"https:\\\/\\\/www.instagram.com\\\/immoinvest_ch\\\/\",\"https:\\\/\\\/www.linkedin.com\\\/company\\\/immoinvest-swiss\"]},{\"@type\":\"Person\",\"@id\":\"https:\\\/\\\/www.immo-invest.ch\\\/fr\\\/author\\\/immovestuser\\\/#author\",\"url\":\"https:\\\/\\\/www.immo-invest.ch\\\/fr\\\/author\\\/immovestuser\\\/\",\"name\":\"immovestuser\",\"image\":{\"@type\":\"ImageObject\",\"@id\":\"https:\\\/\\\/www.immo-invest.ch\\\/fr\\\/zukunft-bauen-heisst-verantwortung-uebernehmen\\\/#authorImage\",\"url\":\"https:\\\/\\\/secure.gravatar.com\\\/avatar\\\/8e01f4d99f2eeea7a362ebb93305e1172a70e9293ba250f897a65c39f54cdd1e?s=96&d=mm&r=g\",\"width\":96,\"height\":96,\"caption\":\"immovestuser\"}},{\"@type\":\"WebPage\",\"@id\":\"https:\\\/\\\/www.immo-invest.ch\\\/fr\\\/zukunft-bauen-heisst-verantwortung-uebernehmen\\\/#webpage\",\"url\":\"https:\\\/\\\/www.immo-invest.ch\\\/fr\\\/zukunft-bauen-heisst-verantwortung-uebernehmen\\\/\",\"name\":\"Construire l\\u2019avenir, c\\u2019est prendre ses responsabilit\\u00e9s - immo!nvest - Die Plattform f\\u00fcr Standorte und Immobilien\",\"description\":\"Andreas Binkert repense le d\\u00e9veloppement urbain - pour lui, le d\\u00e9veloppement immobilier est une responsabilit\\u00e9 sociale. Dans cet entretien, le pr\\u00e9sident de la 2000-Watt Smart Cities Association explique sa vision des quartiers durables, parle de Greencity, des d\\u00e9fis mondiaux et du potentiel de Glaris dans la r\\u00e9gion de Zurich.\",\"inLanguage\":\"fr-FR\",\"isPartOf\":{\"@id\":\"https:\\\/\\\/www.immo-invest.ch\\\/fr\\\/#website\"},\"breadcrumb\":{\"@id\":\"https:\\\/\\\/www.immo-invest.ch\\\/fr\\\/zukunft-bauen-heisst-verantwortung-uebernehmen\\\/#breadcrumblist\"},\"author\":{\"@id\":\"https:\\\/\\\/www.immo-invest.ch\\\/fr\\\/author\\\/immovestuser\\\/#author\"},\"creator\":{\"@id\":\"https:\\\/\\\/www.immo-invest.ch\\\/fr\\\/author\\\/immovestuser\\\/#author\"},\"image\":{\"@type\":\"ImageObject\",\"url\":\"https:\\\/\\\/www.immo-invest.ch\\\/wp-content\\\/uploads\\\/2025\\\/07\\\/ABI.jpg\",\"@id\":\"https:\\\/\\\/www.immo-invest.ch\\\/fr\\\/zukunft-bauen-heisst-verantwortung-uebernehmen\\\/#mainImage\",\"width\":944,\"height\":531},\"primaryImageOfPage\":{\"@id\":\"https:\\\/\\\/www.immo-invest.ch\\\/fr\\\/zukunft-bauen-heisst-verantwortung-uebernehmen\\\/#mainImage\"},\"datePublished\":\"2025-07-10T15:37:01+02:00\",\"dateModified\":\"2025-07-10T15:52:50+02:00\"},{\"@type\":\"WebSite\",\"@id\":\"https:\\\/\\\/www.immo-invest.ch\\\/fr\\\/#website\",\"url\":\"https:\\\/\\\/www.immo-invest.ch\\\/fr\\\/\",\"name\":\"immo!nvest - Die Plattform f\\u00fcr Standorte und Immobilien\",\"description\":\"Die\\u00a0Plattform f\\u00fcr Standorte und Immobilien\",\"inLanguage\":\"fr-FR\",\"publisher\":{\"@id\":\"https:\\\/\\\/www.immo-invest.ch\\\/fr\\\/#organization\"}}]}\n\t\t<\/script>\n\t\t<!-- All in One SEO -->\n\n","aioseo_head_json":{"title":"Construire l\u2019avenir, c\u2019est prendre ses responsabilit\u00e9s - immo!nvest - Die Plattform f\u00fcr Standorte und Immobilien","description":"Andreas Binkert repense le d\u00e9veloppement urbain - pour lui, le d\u00e9veloppement immobilier est une responsabilit\u00e9 sociale. Dans cet entretien, le pr\u00e9sident de la 2000-Watt Smart Cities Association explique sa vision des quartiers durables, parle de Greencity, des d\u00e9fis mondiaux et du potentiel de Glaris dans la r\u00e9gion de Zurich.","canonical_url":"https:\/\/www.immo-invest.ch\/fr\/zukunft-bauen-heisst-verantwortung-uebernehmen\/","robots":"max-image-preview:large","keywords":"","webmasterTools":{"google-site-verification":"fHJKvgWpZCR2zVBHWfkQeFXC11qieUSff0HGNYfuyLA","miscellaneous":""},"schema":{"@context":"https:\/\/schema.org","@graph":[{"@type":"BlogPosting","@id":"https:\/\/www.immo-invest.ch\/fr\/zukunft-bauen-heisst-verantwortung-uebernehmen\/#blogposting","name":"Construire l\u2019avenir, c\u2019est prendre ses responsabilit\u00e9s - immo!nvest - Die Plattform f\u00fcr Standorte und Immobilien","headline":"Construire l&rsquo;avenir, c&rsquo;est prendre ses responsabilit\u00e9s","author":{"@id":"https:\/\/www.immo-invest.ch\/fr\/author\/immovestuser\/#author"},"publisher":{"@id":"https:\/\/www.immo-invest.ch\/fr\/#organization"},"image":{"@type":"ImageObject","url":"https:\/\/www.immo-invest.ch\/wp-content\/uploads\/2025\/07\/ABI.jpg","width":944,"height":531},"datePublished":"2025-07-10T15:37:01+02:00","dateModified":"2025-07-10T15:52:50+02:00","inLanguage":"fr-FR","mainEntityOfPage":{"@id":"https:\/\/www.immo-invest.ch\/fr\/zukunft-bauen-heisst-verantwortung-uebernehmen\/#webpage"},"isPartOf":{"@id":"https:\/\/www.immo-invest.ch\/fr\/zukunft-bauen-heisst-verantwortung-uebernehmen\/#webpage"},"articleSection":"Gens, Glarus, immoNews, Industrie du b\u00e2timent, Immobilienentwicklung, Raumplanung, Stadtraum, Urban, Zukunftsvision, Facultatif"},{"@type":"BreadcrumbList","@id":"https:\/\/www.immo-invest.ch\/fr\/zukunft-bauen-heisst-verantwortung-uebernehmen\/#breadcrumblist","itemListElement":[{"@type":"ListItem","@id":"https:\/\/www.immo-invest.ch\/fr\/#listItem","position":1,"name":"Home","item":"https:\/\/www.immo-invest.ch\/fr\/","nextItem":{"@type":"ListItem","@id":"https:\/\/www.immo-invest.ch\/fr\/categories\/regions\/#listItem","name":"R\u00e9gions"}},{"@type":"ListItem","@id":"https:\/\/www.immo-invest.ch\/fr\/categories\/regions\/#listItem","position":2,"name":"R\u00e9gions","item":"https:\/\/www.immo-invest.ch\/fr\/categories\/regions\/","nextItem":{"@type":"ListItem","@id":"https:\/\/www.immo-invest.ch\/fr\/categories\/regions\/suisse\/#listItem","name":"Suisse"},"previousItem":{"@type":"ListItem","@id":"https:\/\/www.immo-invest.ch\/fr\/#listItem","name":"Home"}},{"@type":"ListItem","@id":"https:\/\/www.immo-invest.ch\/fr\/categories\/regions\/suisse\/#listItem","position":3,"name":"Suisse","item":"https:\/\/www.immo-invest.ch\/fr\/categories\/regions\/suisse\/","nextItem":{"@type":"ListItem","@id":"https:\/\/www.immo-invest.ch\/fr\/categories\/regions\/suisse\/suisse-orientale\/#listItem","name":"Suisse orientale"},"previousItem":{"@type":"ListItem","@id":"https:\/\/www.immo-invest.ch\/fr\/categories\/regions\/#listItem","name":"R\u00e9gions"}},{"@type":"ListItem","@id":"https:\/\/www.immo-invest.ch\/fr\/categories\/regions\/suisse\/suisse-orientale\/#listItem","position":4,"name":"Suisse orientale","item":"https:\/\/www.immo-invest.ch\/fr\/categories\/regions\/suisse\/suisse-orientale\/","nextItem":{"@type":"ListItem","@id":"https:\/\/www.immo-invest.ch\/fr\/categories\/regions\/suisse\/suisse-orientale\/glarus-fr\/#listItem","name":"Glarus"},"previousItem":{"@type":"ListItem","@id":"https:\/\/www.immo-invest.ch\/fr\/categories\/regions\/suisse\/#listItem","name":"Suisse"}},{"@type":"ListItem","@id":"https:\/\/www.immo-invest.ch\/fr\/categories\/regions\/suisse\/suisse-orientale\/glarus-fr\/#listItem","position":5,"name":"Glarus","item":"https:\/\/www.immo-invest.ch\/fr\/categories\/regions\/suisse\/suisse-orientale\/glarus-fr\/","nextItem":{"@type":"ListItem","@id":"https:\/\/www.immo-invest.ch\/fr\/zukunft-bauen-heisst-verantwortung-uebernehmen\/#listItem","name":"Construire l&rsquo;avenir, c&rsquo;est prendre ses responsabilit\u00e9s"},"previousItem":{"@type":"ListItem","@id":"https:\/\/www.immo-invest.ch\/fr\/categories\/regions\/suisse\/suisse-orientale\/#listItem","name":"Suisse orientale"}},{"@type":"ListItem","@id":"https:\/\/www.immo-invest.ch\/fr\/zukunft-bauen-heisst-verantwortung-uebernehmen\/#listItem","position":6,"name":"Construire l&rsquo;avenir, c&rsquo;est prendre ses responsabilit\u00e9s","previousItem":{"@type":"ListItem","@id":"https:\/\/www.immo-invest.ch\/fr\/categories\/regions\/suisse\/suisse-orientale\/glarus-fr\/#listItem","name":"Glarus"}}]},{"@type":"Organization","@id":"https:\/\/www.immo-invest.ch\/fr\/#organization","name":"immo!nvest - Die Plattform f\u00fcr Standorte und Immobilien","description":"Die\u00a0Plattform f\u00fcr Standorte und Immobilien","url":"https:\/\/www.immo-invest.ch\/fr\/","email":"admin@immomedia.ag","telephone":"+41444420002","logo":{"@type":"ImageObject","url":"https:\/\/www.immo-invest.ch\/wp-content\/uploads\/2024\/09\/immoinvest_sm-scaled.jpg","@id":"https:\/\/www.immo-invest.ch\/fr\/zukunft-bauen-heisst-verantwortung-uebernehmen\/#organizationLogo","width":2560,"height":1340},"image":{"@id":"https:\/\/www.immo-invest.ch\/fr\/zukunft-bauen-heisst-verantwortung-uebernehmen\/#organizationLogo"},"sameAs":["https:\/\/www.facebook.com\/people\/Immoinvest\/100077962920504\/","https:\/\/x.com\/i\/flow\/login?redirect_after_login=immoinvest_ch","https:\/\/www.instagram.com\/immoinvest_ch\/","https:\/\/www.linkedin.com\/company\/immoinvest-swiss"]},{"@type":"Person","@id":"https:\/\/www.immo-invest.ch\/fr\/author\/immovestuser\/#author","url":"https:\/\/www.immo-invest.ch\/fr\/author\/immovestuser\/","name":"immovestuser","image":{"@type":"ImageObject","@id":"https:\/\/www.immo-invest.ch\/fr\/zukunft-bauen-heisst-verantwortung-uebernehmen\/#authorImage","url":"https:\/\/secure.gravatar.com\/avatar\/8e01f4d99f2eeea7a362ebb93305e1172a70e9293ba250f897a65c39f54cdd1e?s=96&d=mm&r=g","width":96,"height":96,"caption":"immovestuser"}},{"@type":"WebPage","@id":"https:\/\/www.immo-invest.ch\/fr\/zukunft-bauen-heisst-verantwortung-uebernehmen\/#webpage","url":"https:\/\/www.immo-invest.ch\/fr\/zukunft-bauen-heisst-verantwortung-uebernehmen\/","name":"Construire l\u2019avenir, c\u2019est prendre ses responsabilit\u00e9s - immo!nvest - Die Plattform f\u00fcr Standorte und Immobilien","description":"Andreas Binkert repense le d\u00e9veloppement urbain - pour lui, le d\u00e9veloppement immobilier est une responsabilit\u00e9 sociale. Dans cet entretien, le pr\u00e9sident de la 2000-Watt Smart Cities Association explique sa vision des quartiers durables, parle de Greencity, des d\u00e9fis mondiaux et du potentiel de Glaris dans la r\u00e9gion de Zurich.","inLanguage":"fr-FR","isPartOf":{"@id":"https:\/\/www.immo-invest.ch\/fr\/#website"},"breadcrumb":{"@id":"https:\/\/www.immo-invest.ch\/fr\/zukunft-bauen-heisst-verantwortung-uebernehmen\/#breadcrumblist"},"author":{"@id":"https:\/\/www.immo-invest.ch\/fr\/author\/immovestuser\/#author"},"creator":{"@id":"https:\/\/www.immo-invest.ch\/fr\/author\/immovestuser\/#author"},"image":{"@type":"ImageObject","url":"https:\/\/www.immo-invest.ch\/wp-content\/uploads\/2025\/07\/ABI.jpg","@id":"https:\/\/www.immo-invest.ch\/fr\/zukunft-bauen-heisst-verantwortung-uebernehmen\/#mainImage","width":944,"height":531},"primaryImageOfPage":{"@id":"https:\/\/www.immo-invest.ch\/fr\/zukunft-bauen-heisst-verantwortung-uebernehmen\/#mainImage"},"datePublished":"2025-07-10T15:37:01+02:00","dateModified":"2025-07-10T15:52:50+02:00"},{"@type":"WebSite","@id":"https:\/\/www.immo-invest.ch\/fr\/#website","url":"https:\/\/www.immo-invest.ch\/fr\/","name":"immo!nvest - Die Plattform f\u00fcr Standorte und Immobilien","description":"Die\u00a0Plattform f\u00fcr Standorte und Immobilien","inLanguage":"fr-FR","publisher":{"@id":"https:\/\/www.immo-invest.ch\/fr\/#organization"}}]},"og:locale":"fr_FR","og:site_name":"immo!nvest - Die Plattform f\u00fcr Standorte und Immobilien - Die\u00a0Plattform f\u00fcr Standorte und Immobilien","og:type":"article","og:title":"Construire l\u2019avenir, c\u2019est prendre ses responsabilit\u00e9s - immo!nvest - Die Plattform f\u00fcr Standorte und Immobilien","og:description":"Andreas Binkert repense le d\u00e9veloppement urbain - pour lui, le d\u00e9veloppement immobilier est une responsabilit\u00e9 sociale. Dans cet entretien, le pr\u00e9sident de la 2000-Watt Smart Cities Association explique sa vision des quartiers durables, parle de Greencity, des d\u00e9fis mondiaux et du potentiel de Glaris dans la r\u00e9gion de Zurich.","og:url":"https:\/\/www.immo-invest.ch\/fr\/zukunft-bauen-heisst-verantwortung-uebernehmen\/","og:image":"https:\/\/www.immo-invest.ch\/wp-content\/uploads\/2025\/07\/ABI.jpg","og:image:secure_url":"https:\/\/www.immo-invest.ch\/wp-content\/uploads\/2025\/07\/ABI.jpg","og:image:width":944,"og:image:height":531,"article:published_time":"2025-07-10T13:37:01+00:00","article:modified_time":"2025-07-10T13:52:50+00:00","article:publisher":"https:\/\/www.facebook.com\/people\/Immoinvest\/100077962920504\/","twitter:card":"summary_large_image","twitter:site":"@i","twitter:title":"Construire l\u2019avenir, c\u2019est prendre ses responsabilit\u00e9s - immo!nvest - Die Plattform f\u00fcr Standorte und Immobilien","twitter:description":"Andreas Binkert repense le d\u00e9veloppement urbain - pour lui, le d\u00e9veloppement immobilier est une responsabilit\u00e9 sociale. Dans cet entretien, le pr\u00e9sident de la 2000-Watt Smart Cities Association explique sa vision des quartiers durables, parle de Greencity, des d\u00e9fis mondiaux et du potentiel de Glaris dans la r\u00e9gion de Zurich.","twitter:creator":"@i","twitter:image":"https:\/\/www.immo-invest.ch\/wp-content\/uploads\/2025\/07\/ABI.jpg"},"aioseo_meta_data":{"post_id":"135658","title":null,"description":null,"keywords":null,"keyphrases":{"focus":{"keyphrase":"","score":0,"analysis":{"keyphraseInTitle":{"score":0,"maxScore":9,"error":1}}},"additional":[]},"primary_term":null,"canonical_url":null,"og_title":null,"og_description":null,"og_object_type":"default","og_image_type":"default","og_image_url":null,"og_image_width":null,"og_image_height":null,"og_image_custom_url":null,"og_image_custom_fields":null,"og_video":"","og_custom_url":null,"og_article_section":null,"og_article_tags":null,"twitter_use_og":false,"twitter_card":"default","twitter_image_type":"default","twitter_image_url":null,"twitter_image_custom_url":null,"twitter_image_custom_fields":null,"twitter_title":null,"twitter_description":null,"schema":{"blockGraphs":[],"customGraphs":[],"default":{"data":{"Article":[],"Course":[],"Dataset":[],"FAQPage":[],"Movie":[],"Person":[],"Product":[],"ProductReview":[],"Car":[],"Recipe":[],"Service":[],"SoftwareApplication":[],"WebPage":[]},"graphName":"BlogPosting","isEnabled":true},"graphs":[]},"schema_type":"default","schema_type_options":null,"pillar_content":false,"robots_default":true,"robots_noindex":false,"robots_noarchive":false,"robots_nosnippet":false,"robots_nofollow":false,"robots_noimageindex":false,"robots_noodp":false,"robots_notranslate":false,"robots_max_snippet":"-1","robots_max_videopreview":"-1","robots_max_imagepreview":"large","priority":null,"frequency":"default","local_seo":null,"breadcrumb_settings":null,"limit_modified_date":false,"ai":null,"created":"2025-07-10 13:42:00","updated":"2025-10-24 23:09:14","seo_analyzer_scan_date":null,"focus_keyword":null,"additional_keywords":null,"truseo_locale":null},"aioseo_breadcrumb":"<div class=\"aioseo-breadcrumbs\"><span class=\"aioseo-breadcrumb\">\n\t\t\t<a href=\"https:\/\/www.immo-invest.ch\/fr\/\" title=\"Home\">Home<\/a>\n\t\t<\/span><span class=\"aioseo-breadcrumb-separator\">&raquo;<\/span><span class=\"aioseo-breadcrumb\">\n\t\t\t<a href=\"https:\/\/www.immo-invest.ch\/fr\/categories\/regions\/\" title=\"R\u00e9gions\">R\u00e9gions<\/a>\n\t\t<\/span><span class=\"aioseo-breadcrumb-separator\">&raquo;<\/span><span class=\"aioseo-breadcrumb\">\n\t\t\t<a href=\"https:\/\/www.immo-invest.ch\/fr\/categories\/regions\/suisse\/\" title=\"Suisse\">Suisse<\/a>\n\t\t<\/span><span class=\"aioseo-breadcrumb-separator\">&raquo;<\/span><span class=\"aioseo-breadcrumb\">\n\t\t\t<a href=\"https:\/\/www.immo-invest.ch\/fr\/categories\/regions\/suisse\/suisse-orientale\/\" title=\"Suisse orientale\">Suisse orientale<\/a>\n\t\t<\/span><span class=\"aioseo-breadcrumb-separator\">&raquo;<\/span><span class=\"aioseo-breadcrumb\">\n\t\t\t<a href=\"https:\/\/www.immo-invest.ch\/fr\/categories\/regions\/suisse\/suisse-orientale\/glarus-fr\/\" title=\"Glarus\">Glarus<\/a>\n\t\t<\/span><span class=\"aioseo-breadcrumb-separator\">&raquo;<\/span><span class=\"aioseo-breadcrumb\">\n\t\t\tConstruire l\u2019avenir, c\u2019est prendre ses responsabilit\u00e9s\n\t\t<\/span><\/div>","aioseo_breadcrumb_json":[{"label":"Home","link":"https:\/\/www.immo-invest.ch\/fr\/"},{"label":"R\u00e9gions","link":"https:\/\/www.immo-invest.ch\/fr\/categories\/regions\/"},{"label":"Suisse","link":"https:\/\/www.immo-invest.ch\/fr\/categories\/regions\/suisse\/"},{"label":"Suisse orientale","link":"https:\/\/www.immo-invest.ch\/fr\/categories\/regions\/suisse\/suisse-orientale\/"},{"label":"Glarus","link":"https:\/\/www.immo-invest.ch\/fr\/categories\/regions\/suisse\/suisse-orientale\/glarus-fr\/"},{"label":"Construire l&rsquo;avenir, c&rsquo;est prendre ses responsabilit\u00e9s","link":"https:\/\/www.immo-invest.ch\/fr\/zukunft-bauen-heisst-verantwortung-uebernehmen\/"}],"featured_image_src":"https:\/\/www.immo-invest.ch\/wp-content\/uploads\/2025\/07\/ABI-336x168.jpg","_links":{"self":[{"href":"https:\/\/www.immo-invest.ch\/fr\/wp-json\/wp\/v2\/posts\/135658","targetHints":{"allow":["GET"]}}],"collection":[{"href":"https:\/\/www.immo-invest.ch\/fr\/wp-json\/wp\/v2\/posts"}],"about":[{"href":"https:\/\/www.immo-invest.ch\/fr\/wp-json\/wp\/v2\/types\/post"}],"author":[{"embeddable":true,"href":"https:\/\/www.immo-invest.ch\/fr\/wp-json\/wp\/v2\/users\/2"}],"replies":[{"embeddable":true,"href":"https:\/\/www.immo-invest.ch\/fr\/wp-json\/wp\/v2\/comments?post=135658"}],"version-history":[{"count":0,"href":"https:\/\/www.immo-invest.ch\/fr\/wp-json\/wp\/v2\/posts\/135658\/revisions"}],"wp:featuredmedia":[{"embeddable":true,"href":"https:\/\/www.immo-invest.ch\/fr\/wp-json\/wp\/v2\/media\/135653"}],"wp:attachment":[{"href":"https:\/\/www.immo-invest.ch\/fr\/wp-json\/wp\/v2\/media?parent=135658"}],"wp:term":[{"taxonomy":"category","embeddable":true,"href":"https:\/\/www.immo-invest.ch\/fr\/wp-json\/wp\/v2\/categories?post=135658"},{"taxonomy":"post_tag","embeddable":true,"href":"https:\/\/www.immo-invest.ch\/fr\/wp-json\/wp\/v2\/tags?post=135658"}],"curies":[{"name":"wp","href":"https:\/\/api.w.org\/{rel}","templated":true}]}}