{"id":135594,"date":"2025-07-14T14:28:00","date_gmt":"2025-07-14T12:28:00","guid":{"rendered":"https:\/\/www.immo-invest.ch\/?p=135594"},"modified":"2025-07-10T10:42:47","modified_gmt":"2025-07-10T08:42:47","slug":"chur-west-das-tor-zur-zukunft","status":"publish","type":"post","link":"https:\/\/www.immo-invest.ch\/fr\/chur-west-das-tor-zur-zukunft\/","title":{"rendered":"Chur West la porte de l&rsquo;avenir"},"content":{"rendered":"<p class=\"wp-block-paragraph\">L&rsquo;objectif d&eacute;clar&eacute; &eacute;tait de cr&eacute;er un <span class=\"glossaryLink\" aria-describedby=\"tt\" data-cmtooltip=\"&lt;div class=glossaryItemTitle&gt;Quartier&lt;\/div&gt;&lt;div class=glossaryItemBody&gt;Amtliches, historisches, soziales oder stadtplanerisches Stadtviertel&lt;\/div&gt;\" data-mobile-support=\"0\" data-gt-translate-attributes='[{\"attribute\":\"data-cmtooltip\", \"format\":\"html\"}]' tabindex=\"0\" role=\"link\">quartier<\/span> urbain, vivant et attrayant, offrant un nouvel espace de vie et de travail &agrave; plus de 400 personnes. Compte tenu de la p&eacute;nurie de logements &agrave; Coire, il s&rsquo;agit d&rsquo;un d&eacute;veloppement pr&eacute;curseur pour les familles, les couples et les personnes seules.<\/p>\n\n\n\n\n\n<p class=\"wp-block-paragraph\">Le projet gagnant, choisi &agrave; l&rsquo;unanimit&eacute; par l&rsquo;&eacute;quipe compos&eacute;e de Duplex Architekten, Gersbach <span class=\"glossaryLink\" aria-describedby=\"tt\" data-cmtooltip=\"&lt;div class=glossaryItemTitle&gt;Landschaftsarchitektur&lt;\/div&gt;&lt;div class=glossaryItemBody&gt;Landschaftsarchitekten entwerfen und planen Frei-, Verkehrs- und Zwischen-r&auml;ume und leisten damit einen wesentlichen Beitrag zur Gestaltung von &ouml;ffentlichen und privaten Freir&auml;umen und zur Entwicklung der Landschaft&lt;\/div&gt;\" data-mobile-support=\"0\" data-gt-translate-attributes='[{\"attribute\":\"data-cmtooltip\", \"format\":\"html\"}]' tabindex=\"0\" role=\"link\">Landschaftsarchitektur<\/span> et IBV H&uuml;sler Verkehrsplanung, se distingue par une vision urbanistique audacieuse. Cinq b&acirc;timents de hauteurs diff&eacute;rentes, dont deux points hauts marquants, d&eacute;finissent le nouveau <span class=\"glossaryLink\" aria-describedby=\"tt\" data-cmtooltip=\"&lt;div class=glossaryItemTitle&gt;Quartier&lt;\/div&gt;&lt;div class=glossaryItemBody&gt;Amtliches, historisches, soziales oder stadtplanerisches Stadtviertel&lt;\/div&gt;\" data-mobile-support=\"0\" data-gt-translate-attributes='[{\"attribute\":\"data-cmtooltip\", \"format\":\"html\"}]' tabindex=\"0\" role=\"link\">quartier<\/span>. Cette &laquo;&nbsp;densit&eacute; en hauteur&nbsp;&raquo; n&rsquo;est pas seulement une d&eacute;claration architecturale, elle permet &eacute;galement de cr&eacute;er de vastes espaces publics qui marqueront de mani&egrave;re significative l&rsquo;identit&eacute; du nouveau <span class=\"glossaryLink\" aria-describedby=\"tt\" data-cmtooltip=\"&lt;div class=glossaryItemTitle&gt;Quartier&lt;\/div&gt;&lt;div class=glossaryItemBody&gt;Amtliches, historisches, soziales oder stadtplanerisches Stadtviertel&lt;\/div&gt;\" data-mobile-support=\"0\" data-gt-translate-attributes='[{\"attribute\":\"data-cmtooltip\", \"format\":\"html\"}]' tabindex=\"0\" role=\"link\">quartier<\/span>. Des rues, des ruelles et des s&eacute;quences de places &agrave; l&rsquo;am&eacute;nagement vari&eacute; traversent le site et cr&eacute;ent un &eacute;quilibre harmonieux entre rencontres publiques et possibilit&eacute;s de retraite priv&eacute;e.<\/p>\n\n\n\n\n\n<p class=\"wp-block-paragraph\"><strong>Une &eacute;tape importante pour Coire<br><\/strong>Un jury de haut niveau compos&eacute; d&rsquo;experts en planification et de repr&eacute;sentants des propri&eacute;taires a examin&eacute; en d&eacute;tail les cinq projets soumis et a choisi &agrave; l&rsquo;unanimit&eacute; le projet de Duplex Architekten, un choix qui a &eacute;galement &eacute;t&eacute; approuv&eacute; par le conseil municipal de Coire. Le projet gagnant a convaincu non seulement par sa position urbanistique claire, mais aussi par la transformation innovante de l&rsquo;ancien site industriel en un centre urbain vivant.<\/p>\n\n\n\n\n\n<p class=\"wp-block-paragraph\">Il convient de souligner le langage architectural marquant, dont le design ne convainc pas seulement sur le plan esth&eacute;tique, mais promet &eacute;galement une qualit&eacute; d&rsquo;habitation maximale. En outre, les nombreux espaces libres et verts cr&eacute;ent une coexistence unique entre le public et le priv&eacute;, ce qui conf&egrave;re au lieu une identit&eacute; tourn&eacute;e vers l&rsquo;avenir. Enfin, l&rsquo;excellente interconnexion permet au <span class=\"glossaryLink\" aria-describedby=\"tt\" data-cmtooltip=\"&lt;div class=glossaryItemTitle&gt;Quartier&lt;\/div&gt;&lt;div class=glossaryItemBody&gt;Amtliches, historisches, soziales oder stadtplanerisches Stadtviertel&lt;\/div&gt;\" data-mobile-support=\"0\" data-gt-translate-attributes='[{\"attribute\":\"data-cmtooltip\", \"format\":\"html\"}]' tabindex=\"0\" role=\"link\">quartier<\/span> d&rsquo;&ecirc;tre parfaitement desservi par les transports en commun et de former un lien continu avec les quartiers environnants.<\/p>\n\n\n\n\n\n<p class=\"wp-block-paragraph\"><strong>De la vision &agrave; la r&eacute;alit&eacute;<br><\/strong>Le projet gagnant est actuellement expos&eacute; au public dans le hall d&rsquo;entr&eacute;e de l&rsquo;h&ocirc;tel de ville de Coire et sera soumis &agrave; l&rsquo;appr&eacute;ciation du comit&eacute; consultatif d&rsquo;am&eacute;nagement nouvellement constitu&eacute;. L&rsquo;&eacute;quipe gagnante continuera ensuite &agrave; concr&eacute;tiser le projet. Dans les ann&eacute;es &agrave; venir, une fois le plan de <span class=\"glossaryLink\" aria-describedby=\"tt\" data-cmtooltip=\"&lt;div class=glossaryItemTitle&gt;Quartier&lt;\/div&gt;&lt;div class=glossaryItemBody&gt;Amtliches, historisches, soziales oder stadtplanerisches Stadtviertel&lt;\/div&gt;\" data-mobile-support=\"0\" data-gt-translate-attributes='[{\"attribute\":\"data-cmtooltip\", \"format\":\"html\"}]' tabindex=\"0\" role=\"link\">quartier<\/span> achev&eacute;, les projets de construction concrets seront d&eacute;pos&eacute;s et r&eacute;alis&eacute;s. Chur West ne sera alors pas seulement un nouveau <span class=\"glossaryLink\" aria-describedby=\"tt\" data-cmtooltip=\"&lt;div class=glossaryItemTitle&gt;Quartier&lt;\/div&gt;&lt;div class=glossaryItemBody&gt;Amtliches, historisches, soziales oder stadtplanerisches Stadtviertel&lt;\/div&gt;\" data-mobile-support=\"0\" data-gt-translate-attributes='[{\"attribute\":\"data-cmtooltip\", \"format\":\"html\"}]' tabindex=\"0\" role=\"link\">quartier<\/span>, mais une porte d&rsquo;entr&eacute;e vibrante et accueillante qui red&eacute;finira la ville et fa&ccedil;onnera activement son avenir.<\/p>\n\n","protected":false},"excerpt":{"rendered":"<p>Coire se pr\u00e9pare \u00e0 un nouveau chapitre de son d\u00e9veloppement urbain. Le site de Coire Ouest, strat\u00e9giquement situ\u00e9 au sud de la gare en construction, deviendra le deuxi\u00e8me centre urbain de la ville dans les d\u00e9cennies \u00e0 venir. La zone dite E, con\u00e7ue comme une future porte d&rsquo;entr\u00e9e, reliera sans rupture la gare ferroviaire et routi\u00e8re aux autres zones de Coire Ouest, cr\u00e9ant ainsi un carrefour dynamique pour les habitants et les visiteurs.<\/p>\n","protected":false},"author":2,"featured_media":135589,"comment_status":"open","ping_status":"open","sticky":false,"template":"","format":"standard","meta":{"pmpro_default_level":"","inline_featured_image":false,"_monsterinsights_skip_tracking":false,"footnotes":""},"categories":[22347,22357,9824],"tags":[],"class_list":["post-135594","post","type-post","status-publish","format-standard","has-post-thumbnail","hentry","category-grisons","category-industrie-du-batiment","category-nouvelle-construction","pmpro-has-access"],"acf":{"bild_mit_ki_erstellt_worden":[],"lead":"Coire se pr\u00e9pare \u00e0 un nouveau chapitre de son d\u00e9veloppement urbain. Le site de Coire Ouest, strat\u00e9giquement situ\u00e9 au sud de la gare en construction, deviendra le deuxi\u00e8me centre urbain de la ville dans les d\u00e9cennies \u00e0 venir. La zone dite E, con\u00e7ue comme une future porte d'entr\u00e9e, reliera sans rupture la gare ferroviaire et routi\u00e8re aux autres zones de Coire Ouest, cr\u00e9ant ainsi un carrefour dynamique pour les habitants et les visiteurs.","autor":"Quelle: Chur, Bild: Duplex Architekten","ort":"","bildunterschrift":"","bild_im_grid":false,"gallerie":"","newsim":""},"aioseo_notices":[],"aioseo_head":"\n\t\t<!-- All in One SEO 5.0.1.1 - aioseo.com -->\n\t<meta name=\"description\" content=\"Coire se pr\u00e9pare \u00e0 un nouveau chapitre de son d\u00e9veloppement urbain. Le site de Coire Ouest, strat\u00e9giquement situ\u00e9 au sud de la gare en construction, deviendra le deuxi\u00e8me centre urbain de la ville dans les d\u00e9cennies \u00e0 venir. La zone dite E, con\u00e7ue comme une future porte d&#039;entr\u00e9e, reliera sans rupture la gare ferroviaire et routi\u00e8re aux autres zones de Coire Ouest, cr\u00e9ant ainsi un carrefour dynamique pour les habitants et les visiteurs.\" \/>\n\t<meta name=\"robots\" content=\"max-image-preview:large\" \/>\n\t<meta name=\"author\" content=\"immovestuser\"\/>\n\t<meta name=\"google-site-verification\" content=\"fHJKvgWpZCR2zVBHWfkQeFXC11qieUSff0HGNYfuyLA\" \/>\n\t<link rel=\"canonical\" href=\"https:\/\/www.immo-invest.ch\/fr\/chur-west-das-tor-zur-zukunft\/\" \/>\n\t<meta name=\"generator\" content=\"All in One SEO (AIOSEO) 5.0.1.1\" \/>\n\t\t<meta property=\"og:locale\" content=\"fr_FR\" \/>\n\t\t<meta property=\"og:site_name\" content=\"immo!nvest - Die Plattform f\u00fcr Standorte und Immobilien - Die\u00a0Plattform f\u00fcr Standorte und Immobilien\" \/>\n\t\t<meta property=\"og:type\" content=\"article\" \/>\n\t\t<meta property=\"og:title\" content=\"Chur West la porte de l\u2019avenir - immo!nvest - Die Plattform f\u00fcr Standorte und Immobilien\" \/>\n\t\t<meta property=\"og:description\" content=\"Coire se pr\u00e9pare \u00e0 un nouveau chapitre de son d\u00e9veloppement urbain. Le site de Coire Ouest, strat\u00e9giquement situ\u00e9 au sud de la gare en construction, deviendra le deuxi\u00e8me centre urbain de la ville dans les d\u00e9cennies \u00e0 venir. La zone dite E, con\u00e7ue comme une future porte d&#039;entr\u00e9e, reliera sans rupture la gare ferroviaire et routi\u00e8re aux autres zones de Coire Ouest, cr\u00e9ant ainsi un carrefour dynamique pour les habitants et les visiteurs.\" \/>\n\t\t<meta property=\"og:url\" content=\"https:\/\/www.immo-invest.ch\/fr\/chur-west-das-tor-zur-zukunft\/\" \/>\n\t\t<meta property=\"og:image\" content=\"https:\/\/www.immo-invest.ch\/wp-content\/uploads\/2025\/07\/api.i-web.png\" \/>\n\t\t<meta property=\"og:image:secure_url\" content=\"https:\/\/www.immo-invest.ch\/wp-content\/uploads\/2025\/07\/api.i-web.png\" \/>\n\t\t<meta property=\"og:image:width\" content=\"908\" \/>\n\t\t<meta property=\"og:image:height\" content=\"655\" \/>\n\t\t<meta property=\"article:published_time\" content=\"2025-07-14T12:28:00+00:00\" \/>\n\t\t<meta property=\"article:modified_time\" content=\"2025-07-10T08:42:47+00:00\" \/>\n\t\t<meta property=\"article:publisher\" content=\"https:\/\/www.facebook.com\/people\/Immoinvest\/100077962920504\/\" \/>\n\t\t<meta name=\"twitter:card\" content=\"summary_large_image\" \/>\n\t\t<meta name=\"twitter:site\" content=\"@i\" \/>\n\t\t<meta name=\"twitter:title\" content=\"Chur West la porte de l\u2019avenir - immo!nvest - Die Plattform f\u00fcr Standorte und Immobilien\" \/>\n\t\t<meta name=\"twitter:description\" content=\"Coire se pr\u00e9pare \u00e0 un nouveau chapitre de son d\u00e9veloppement urbain. Le site de Coire Ouest, strat\u00e9giquement situ\u00e9 au sud de la gare en construction, deviendra le deuxi\u00e8me centre urbain de la ville dans les d\u00e9cennies \u00e0 venir. La zone dite E, con\u00e7ue comme une future porte d&#039;entr\u00e9e, reliera sans rupture la gare ferroviaire et routi\u00e8re aux autres zones de Coire Ouest, cr\u00e9ant ainsi un carrefour dynamique pour les habitants et les visiteurs.\" \/>\n\t\t<meta name=\"twitter:creator\" content=\"@i\" \/>\n\t\t<meta name=\"twitter:image\" content=\"https:\/\/www.immo-invest.ch\/wp-content\/uploads\/2025\/07\/api.i-web.png\" \/>\n\t\t<script type=\"application\/ld+json\" class=\"aioseo-schema\">\n\t\t\t{\"@context\":\"https:\\\/\\\/schema.org\",\"@graph\":[{\"@type\":\"BlogPosting\",\"@id\":\"https:\\\/\\\/www.immo-invest.ch\\\/fr\\\/chur-west-das-tor-zur-zukunft\\\/#blogposting\",\"name\":\"Chur West la porte de l\\u2019avenir - immo!nvest - Die Plattform f\\u00fcr Standorte und Immobilien\",\"headline\":\"Chur West la porte de l&rsquo;avenir\",\"author\":{\"@id\":\"https:\\\/\\\/www.immo-invest.ch\\\/fr\\\/author\\\/immovestuser\\\/#author\"},\"publisher\":{\"@id\":\"https:\\\/\\\/www.immo-invest.ch\\\/fr\\\/#organization\"},\"image\":{\"@type\":\"ImageObject\",\"url\":\"https:\\\/\\\/www.immo-invest.ch\\\/wp-content\\\/uploads\\\/2025\\\/07\\\/api.i-web.png\",\"width\":908,\"height\":655,\"caption\":\"Bild: Duplex Architekten\"},\"datePublished\":\"2025-07-14T14:28:00+02:00\",\"dateModified\":\"2025-07-10T10:42:47+02:00\",\"inLanguage\":\"fr-FR\",\"mainEntityOfPage\":{\"@id\":\"https:\\\/\\\/www.immo-invest.ch\\\/fr\\\/chur-west-das-tor-zur-zukunft\\\/#webpage\"},\"isPartOf\":{\"@id\":\"https:\\\/\\\/www.immo-invest.ch\\\/fr\\\/chur-west-das-tor-zur-zukunft\\\/#webpage\"},\"articleSection\":\"Grisons, Industrie du b\\u00e2timent, Nouvelle construction, Facultatif\"},{\"@type\":\"BreadcrumbList\",\"@id\":\"https:\\\/\\\/www.immo-invest.ch\\\/fr\\\/chur-west-das-tor-zur-zukunft\\\/#breadcrumblist\",\"itemListElement\":[{\"@type\":\"ListItem\",\"@id\":\"https:\\\/\\\/www.immo-invest.ch\\\/fr\\\/#listItem\",\"position\":1,\"name\":\"Home\",\"item\":\"https:\\\/\\\/www.immo-invest.ch\\\/fr\\\/\",\"nextItem\":{\"@type\":\"ListItem\",\"@id\":\"https:\\\/\\\/www.immo-invest.ch\\\/fr\\\/categories\\\/regions\\\/#listItem\",\"name\":\"R\\u00e9gions\"}},{\"@type\":\"ListItem\",\"@id\":\"https:\\\/\\\/www.immo-invest.ch\\\/fr\\\/categories\\\/regions\\\/#listItem\",\"position\":2,\"name\":\"R\\u00e9gions\",\"item\":\"https:\\\/\\\/www.immo-invest.ch\\\/fr\\\/categories\\\/regions\\\/\",\"nextItem\":{\"@type\":\"ListItem\",\"@id\":\"https:\\\/\\\/www.immo-invest.ch\\\/fr\\\/categories\\\/regions\\\/suisse\\\/#listItem\",\"name\":\"Suisse\"},\"previousItem\":{\"@type\":\"ListItem\",\"@id\":\"https:\\\/\\\/www.immo-invest.ch\\\/fr\\\/#listItem\",\"name\":\"Home\"}},{\"@type\":\"ListItem\",\"@id\":\"https:\\\/\\\/www.immo-invest.ch\\\/fr\\\/categories\\\/regions\\\/suisse\\\/#listItem\",\"position\":3,\"name\":\"Suisse\",\"item\":\"https:\\\/\\\/www.immo-invest.ch\\\/fr\\\/categories\\\/regions\\\/suisse\\\/\",\"nextItem\":{\"@type\":\"ListItem\",\"@id\":\"https:\\\/\\\/www.immo-invest.ch\\\/fr\\\/categories\\\/regions\\\/suisse\\\/suisse-orientale\\\/#listItem\",\"name\":\"Suisse orientale\"},\"previousItem\":{\"@type\":\"ListItem\",\"@id\":\"https:\\\/\\\/www.immo-invest.ch\\\/fr\\\/categories\\\/regions\\\/#listItem\",\"name\":\"R\\u00e9gions\"}},{\"@type\":\"ListItem\",\"@id\":\"https:\\\/\\\/www.immo-invest.ch\\\/fr\\\/categories\\\/regions\\\/suisse\\\/suisse-orientale\\\/#listItem\",\"position\":4,\"name\":\"Suisse orientale\",\"item\":\"https:\\\/\\\/www.immo-invest.ch\\\/fr\\\/categories\\\/regions\\\/suisse\\\/suisse-orientale\\\/\",\"nextItem\":{\"@type\":\"ListItem\",\"@id\":\"https:\\\/\\\/www.immo-invest.ch\\\/fr\\\/categories\\\/regions\\\/suisse\\\/suisse-orientale\\\/grisons\\\/#listItem\",\"name\":\"Grisons\"},\"previousItem\":{\"@type\":\"ListItem\",\"@id\":\"https:\\\/\\\/www.immo-invest.ch\\\/fr\\\/categories\\\/regions\\\/suisse\\\/#listItem\",\"name\":\"Suisse\"}},{\"@type\":\"ListItem\",\"@id\":\"https:\\\/\\\/www.immo-invest.ch\\\/fr\\\/categories\\\/regions\\\/suisse\\\/suisse-orientale\\\/grisons\\\/#listItem\",\"position\":5,\"name\":\"Grisons\",\"item\":\"https:\\\/\\\/www.immo-invest.ch\\\/fr\\\/categories\\\/regions\\\/suisse\\\/suisse-orientale\\\/grisons\\\/\",\"nextItem\":{\"@type\":\"ListItem\",\"@id\":\"https:\\\/\\\/www.immo-invest.ch\\\/fr\\\/chur-west-das-tor-zur-zukunft\\\/#listItem\",\"name\":\"Chur West la porte de l&rsquo;avenir\"},\"previousItem\":{\"@type\":\"ListItem\",\"@id\":\"https:\\\/\\\/www.immo-invest.ch\\\/fr\\\/categories\\\/regions\\\/suisse\\\/suisse-orientale\\\/#listItem\",\"name\":\"Suisse orientale\"}},{\"@type\":\"ListItem\",\"@id\":\"https:\\\/\\\/www.immo-invest.ch\\\/fr\\\/chur-west-das-tor-zur-zukunft\\\/#listItem\",\"position\":6,\"name\":\"Chur West la porte de l&rsquo;avenir\",\"previousItem\":{\"@type\":\"ListItem\",\"@id\":\"https:\\\/\\\/www.immo-invest.ch\\\/fr\\\/categories\\\/regions\\\/suisse\\\/suisse-orientale\\\/grisons\\\/#listItem\",\"name\":\"Grisons\"}}]},{\"@type\":\"Organization\",\"@id\":\"https:\\\/\\\/www.immo-invest.ch\\\/fr\\\/#organization\",\"name\":\"immo!nvest - Die Plattform f\\u00fcr Standorte und Immobilien\",\"description\":\"Die\\u00a0Plattform f\\u00fcr Standorte und Immobilien\",\"url\":\"https:\\\/\\\/www.immo-invest.ch\\\/fr\\\/\",\"email\":\"admin@immomedia.ag\",\"telephone\":\"+41444420002\",\"logo\":{\"@type\":\"ImageObject\",\"url\":\"https:\\\/\\\/www.immo-invest.ch\\\/wp-content\\\/uploads\\\/2024\\\/09\\\/immoinvest_sm-scaled.jpg\",\"@id\":\"https:\\\/\\\/www.immo-invest.ch\\\/fr\\\/chur-west-das-tor-zur-zukunft\\\/#organizationLogo\",\"width\":2560,\"height\":1340},\"image\":{\"@id\":\"https:\\\/\\\/www.immo-invest.ch\\\/fr\\\/chur-west-das-tor-zur-zukunft\\\/#organizationLogo\"},\"sameAs\":[\"https:\\\/\\\/www.facebook.com\\\/people\\\/Immoinvest\\\/100077962920504\\\/\",\"https:\\\/\\\/x.com\\\/i\\\/flow\\\/login?redirect_after_login=immoinvest_ch\",\"https:\\\/\\\/www.instagram.com\\\/immoinvest_ch\\\/\",\"https:\\\/\\\/www.linkedin.com\\\/company\\\/immoinvest-swiss\"]},{\"@type\":\"Person\",\"@id\":\"https:\\\/\\\/www.immo-invest.ch\\\/fr\\\/author\\\/immovestuser\\\/#author\",\"url\":\"https:\\\/\\\/www.immo-invest.ch\\\/fr\\\/author\\\/immovestuser\\\/\",\"name\":\"immovestuser\",\"image\":{\"@type\":\"ImageObject\",\"@id\":\"https:\\\/\\\/www.immo-invest.ch\\\/fr\\\/chur-west-das-tor-zur-zukunft\\\/#authorImage\",\"url\":\"https:\\\/\\\/secure.gravatar.com\\\/avatar\\\/8e01f4d99f2eeea7a362ebb93305e1172a70e9293ba250f897a65c39f54cdd1e?s=96&d=mm&r=g\",\"width\":96,\"height\":96,\"caption\":\"immovestuser\"}},{\"@type\":\"WebPage\",\"@id\":\"https:\\\/\\\/www.immo-invest.ch\\\/fr\\\/chur-west-das-tor-zur-zukunft\\\/#webpage\",\"url\":\"https:\\\/\\\/www.immo-invest.ch\\\/fr\\\/chur-west-das-tor-zur-zukunft\\\/\",\"name\":\"Chur West la porte de l\\u2019avenir - immo!nvest - Die Plattform f\\u00fcr Standorte und Immobilien\",\"description\":\"Coire se pr\\u00e9pare \\u00e0 un nouveau chapitre de son d\\u00e9veloppement urbain. Le site de Coire Ouest, strat\\u00e9giquement situ\\u00e9 au sud de la gare en construction, deviendra le deuxi\\u00e8me centre urbain de la ville dans les d\\u00e9cennies \\u00e0 venir. La zone dite E, con\\u00e7ue comme une future porte d'entr\\u00e9e, reliera sans rupture la gare ferroviaire et routi\\u00e8re aux autres zones de Coire Ouest, cr\\u00e9ant ainsi un carrefour dynamique pour les habitants et les visiteurs.\",\"inLanguage\":\"fr-FR\",\"isPartOf\":{\"@id\":\"https:\\\/\\\/www.immo-invest.ch\\\/fr\\\/#website\"},\"breadcrumb\":{\"@id\":\"https:\\\/\\\/www.immo-invest.ch\\\/fr\\\/chur-west-das-tor-zur-zukunft\\\/#breadcrumblist\"},\"author\":{\"@id\":\"https:\\\/\\\/www.immo-invest.ch\\\/fr\\\/author\\\/immovestuser\\\/#author\"},\"creator\":{\"@id\":\"https:\\\/\\\/www.immo-invest.ch\\\/fr\\\/author\\\/immovestuser\\\/#author\"},\"image\":{\"@type\":\"ImageObject\",\"url\":\"https:\\\/\\\/www.immo-invest.ch\\\/wp-content\\\/uploads\\\/2025\\\/07\\\/api.i-web.png\",\"@id\":\"https:\\\/\\\/www.immo-invest.ch\\\/fr\\\/chur-west-das-tor-zur-zukunft\\\/#mainImage\",\"width\":908,\"height\":655,\"caption\":\"Bild: Duplex Architekten\"},\"primaryImageOfPage\":{\"@id\":\"https:\\\/\\\/www.immo-invest.ch\\\/fr\\\/chur-west-das-tor-zur-zukunft\\\/#mainImage\"},\"datePublished\":\"2025-07-14T14:28:00+02:00\",\"dateModified\":\"2025-07-10T10:42:47+02:00\"},{\"@type\":\"WebSite\",\"@id\":\"https:\\\/\\\/www.immo-invest.ch\\\/fr\\\/#website\",\"url\":\"https:\\\/\\\/www.immo-invest.ch\\\/fr\\\/\",\"name\":\"immo!nvest - Die Plattform f\\u00fcr Standorte und Immobilien\",\"description\":\"Die\\u00a0Plattform f\\u00fcr Standorte und Immobilien\",\"inLanguage\":\"fr-FR\",\"publisher\":{\"@id\":\"https:\\\/\\\/www.immo-invest.ch\\\/fr\\\/#organization\"}}]}\n\t\t<\/script>\n\t\t<!-- All in One SEO -->\n\n","aioseo_head_json":{"title":"Chur West la porte de l\u2019avenir - immo!nvest - Die Plattform f\u00fcr Standorte und Immobilien","description":"Coire se pr\u00e9pare \u00e0 un nouveau chapitre de son d\u00e9veloppement urbain. Le site de Coire Ouest, strat\u00e9giquement situ\u00e9 au sud de la gare en construction, deviendra le deuxi\u00e8me centre urbain de la ville dans les d\u00e9cennies \u00e0 venir. La zone dite E, con\u00e7ue comme une future porte d'entr\u00e9e, reliera sans rupture la gare ferroviaire et routi\u00e8re aux autres zones de Coire Ouest, cr\u00e9ant ainsi un carrefour dynamique pour les habitants et les visiteurs.","canonical_url":"https:\/\/www.immo-invest.ch\/fr\/chur-west-das-tor-zur-zukunft\/","robots":"max-image-preview:large","keywords":"","webmasterTools":{"google-site-verification":"fHJKvgWpZCR2zVBHWfkQeFXC11qieUSff0HGNYfuyLA","miscellaneous":""},"schema":{"@context":"https:\/\/schema.org","@graph":[{"@type":"BlogPosting","@id":"https:\/\/www.immo-invest.ch\/fr\/chur-west-das-tor-zur-zukunft\/#blogposting","name":"Chur West la porte de l\u2019avenir - immo!nvest - Die Plattform f\u00fcr Standorte und Immobilien","headline":"Chur West la porte de l&rsquo;avenir","author":{"@id":"https:\/\/www.immo-invest.ch\/fr\/author\/immovestuser\/#author"},"publisher":{"@id":"https:\/\/www.immo-invest.ch\/fr\/#organization"},"image":{"@type":"ImageObject","url":"https:\/\/www.immo-invest.ch\/wp-content\/uploads\/2025\/07\/api.i-web.png","width":908,"height":655,"caption":"Bild: Duplex Architekten"},"datePublished":"2025-07-14T14:28:00+02:00","dateModified":"2025-07-10T10:42:47+02:00","inLanguage":"fr-FR","mainEntityOfPage":{"@id":"https:\/\/www.immo-invest.ch\/fr\/chur-west-das-tor-zur-zukunft\/#webpage"},"isPartOf":{"@id":"https:\/\/www.immo-invest.ch\/fr\/chur-west-das-tor-zur-zukunft\/#webpage"},"articleSection":"Grisons, Industrie du b\u00e2timent, Nouvelle construction, Facultatif"},{"@type":"BreadcrumbList","@id":"https:\/\/www.immo-invest.ch\/fr\/chur-west-das-tor-zur-zukunft\/#breadcrumblist","itemListElement":[{"@type":"ListItem","@id":"https:\/\/www.immo-invest.ch\/fr\/#listItem","position":1,"name":"Home","item":"https:\/\/www.immo-invest.ch\/fr\/","nextItem":{"@type":"ListItem","@id":"https:\/\/www.immo-invest.ch\/fr\/categories\/regions\/#listItem","name":"R\u00e9gions"}},{"@type":"ListItem","@id":"https:\/\/www.immo-invest.ch\/fr\/categories\/regions\/#listItem","position":2,"name":"R\u00e9gions","item":"https:\/\/www.immo-invest.ch\/fr\/categories\/regions\/","nextItem":{"@type":"ListItem","@id":"https:\/\/www.immo-invest.ch\/fr\/categories\/regions\/suisse\/#listItem","name":"Suisse"},"previousItem":{"@type":"ListItem","@id":"https:\/\/www.immo-invest.ch\/fr\/#listItem","name":"Home"}},{"@type":"ListItem","@id":"https:\/\/www.immo-invest.ch\/fr\/categories\/regions\/suisse\/#listItem","position":3,"name":"Suisse","item":"https:\/\/www.immo-invest.ch\/fr\/categories\/regions\/suisse\/","nextItem":{"@type":"ListItem","@id":"https:\/\/www.immo-invest.ch\/fr\/categories\/regions\/suisse\/suisse-orientale\/#listItem","name":"Suisse orientale"},"previousItem":{"@type":"ListItem","@id":"https:\/\/www.immo-invest.ch\/fr\/categories\/regions\/#listItem","name":"R\u00e9gions"}},{"@type":"ListItem","@id":"https:\/\/www.immo-invest.ch\/fr\/categories\/regions\/suisse\/suisse-orientale\/#listItem","position":4,"name":"Suisse orientale","item":"https:\/\/www.immo-invest.ch\/fr\/categories\/regions\/suisse\/suisse-orientale\/","nextItem":{"@type":"ListItem","@id":"https:\/\/www.immo-invest.ch\/fr\/categories\/regions\/suisse\/suisse-orientale\/grisons\/#listItem","name":"Grisons"},"previousItem":{"@type":"ListItem","@id":"https:\/\/www.immo-invest.ch\/fr\/categories\/regions\/suisse\/#listItem","name":"Suisse"}},{"@type":"ListItem","@id":"https:\/\/www.immo-invest.ch\/fr\/categories\/regions\/suisse\/suisse-orientale\/grisons\/#listItem","position":5,"name":"Grisons","item":"https:\/\/www.immo-invest.ch\/fr\/categories\/regions\/suisse\/suisse-orientale\/grisons\/","nextItem":{"@type":"ListItem","@id":"https:\/\/www.immo-invest.ch\/fr\/chur-west-das-tor-zur-zukunft\/#listItem","name":"Chur West la porte de l&rsquo;avenir"},"previousItem":{"@type":"ListItem","@id":"https:\/\/www.immo-invest.ch\/fr\/categories\/regions\/suisse\/suisse-orientale\/#listItem","name":"Suisse orientale"}},{"@type":"ListItem","@id":"https:\/\/www.immo-invest.ch\/fr\/chur-west-das-tor-zur-zukunft\/#listItem","position":6,"name":"Chur West la porte de l&rsquo;avenir","previousItem":{"@type":"ListItem","@id":"https:\/\/www.immo-invest.ch\/fr\/categories\/regions\/suisse\/suisse-orientale\/grisons\/#listItem","name":"Grisons"}}]},{"@type":"Organization","@id":"https:\/\/www.immo-invest.ch\/fr\/#organization","name":"immo!nvest - Die Plattform f\u00fcr Standorte und Immobilien","description":"Die\u00a0Plattform f\u00fcr Standorte und Immobilien","url":"https:\/\/www.immo-invest.ch\/fr\/","email":"admin@immomedia.ag","telephone":"+41444420002","logo":{"@type":"ImageObject","url":"https:\/\/www.immo-invest.ch\/wp-content\/uploads\/2024\/09\/immoinvest_sm-scaled.jpg","@id":"https:\/\/www.immo-invest.ch\/fr\/chur-west-das-tor-zur-zukunft\/#organizationLogo","width":2560,"height":1340},"image":{"@id":"https:\/\/www.immo-invest.ch\/fr\/chur-west-das-tor-zur-zukunft\/#organizationLogo"},"sameAs":["https:\/\/www.facebook.com\/people\/Immoinvest\/100077962920504\/","https:\/\/x.com\/i\/flow\/login?redirect_after_login=immoinvest_ch","https:\/\/www.instagram.com\/immoinvest_ch\/","https:\/\/www.linkedin.com\/company\/immoinvest-swiss"]},{"@type":"Person","@id":"https:\/\/www.immo-invest.ch\/fr\/author\/immovestuser\/#author","url":"https:\/\/www.immo-invest.ch\/fr\/author\/immovestuser\/","name":"immovestuser","image":{"@type":"ImageObject","@id":"https:\/\/www.immo-invest.ch\/fr\/chur-west-das-tor-zur-zukunft\/#authorImage","url":"https:\/\/secure.gravatar.com\/avatar\/8e01f4d99f2eeea7a362ebb93305e1172a70e9293ba250f897a65c39f54cdd1e?s=96&d=mm&r=g","width":96,"height":96,"caption":"immovestuser"}},{"@type":"WebPage","@id":"https:\/\/www.immo-invest.ch\/fr\/chur-west-das-tor-zur-zukunft\/#webpage","url":"https:\/\/www.immo-invest.ch\/fr\/chur-west-das-tor-zur-zukunft\/","name":"Chur West la porte de l\u2019avenir - immo!nvest - Die Plattform f\u00fcr Standorte und Immobilien","description":"Coire se pr\u00e9pare \u00e0 un nouveau chapitre de son d\u00e9veloppement urbain. Le site de Coire Ouest, strat\u00e9giquement situ\u00e9 au sud de la gare en construction, deviendra le deuxi\u00e8me centre urbain de la ville dans les d\u00e9cennies \u00e0 venir. La zone dite E, con\u00e7ue comme une future porte d'entr\u00e9e, reliera sans rupture la gare ferroviaire et routi\u00e8re aux autres zones de Coire Ouest, cr\u00e9ant ainsi un carrefour dynamique pour les habitants et les visiteurs.","inLanguage":"fr-FR","isPartOf":{"@id":"https:\/\/www.immo-invest.ch\/fr\/#website"},"breadcrumb":{"@id":"https:\/\/www.immo-invest.ch\/fr\/chur-west-das-tor-zur-zukunft\/#breadcrumblist"},"author":{"@id":"https:\/\/www.immo-invest.ch\/fr\/author\/immovestuser\/#author"},"creator":{"@id":"https:\/\/www.immo-invest.ch\/fr\/author\/immovestuser\/#author"},"image":{"@type":"ImageObject","url":"https:\/\/www.immo-invest.ch\/wp-content\/uploads\/2025\/07\/api.i-web.png","@id":"https:\/\/www.immo-invest.ch\/fr\/chur-west-das-tor-zur-zukunft\/#mainImage","width":908,"height":655,"caption":"Bild: Duplex Architekten"},"primaryImageOfPage":{"@id":"https:\/\/www.immo-invest.ch\/fr\/chur-west-das-tor-zur-zukunft\/#mainImage"},"datePublished":"2025-07-14T14:28:00+02:00","dateModified":"2025-07-10T10:42:47+02:00"},{"@type":"WebSite","@id":"https:\/\/www.immo-invest.ch\/fr\/#website","url":"https:\/\/www.immo-invest.ch\/fr\/","name":"immo!nvest - Die Plattform f\u00fcr Standorte und Immobilien","description":"Die\u00a0Plattform f\u00fcr Standorte und Immobilien","inLanguage":"fr-FR","publisher":{"@id":"https:\/\/www.immo-invest.ch\/fr\/#organization"}}]},"og:locale":"fr_FR","og:site_name":"immo!nvest - Die Plattform f\u00fcr Standorte und Immobilien - Die\u00a0Plattform f\u00fcr Standorte und Immobilien","og:type":"article","og:title":"Chur West la porte de l\u2019avenir - immo!nvest - Die Plattform f\u00fcr Standorte und Immobilien","og:description":"Coire se pr\u00e9pare \u00e0 un nouveau chapitre de son d\u00e9veloppement urbain. Le site de Coire Ouest, strat\u00e9giquement situ\u00e9 au sud de la gare en construction, deviendra le deuxi\u00e8me centre urbain de la ville dans les d\u00e9cennies \u00e0 venir. La zone dite E, con\u00e7ue comme une future porte d'entr\u00e9e, reliera sans rupture la gare ferroviaire et routi\u00e8re aux autres zones de Coire Ouest, cr\u00e9ant ainsi un carrefour dynamique pour les habitants et les visiteurs.","og:url":"https:\/\/www.immo-invest.ch\/fr\/chur-west-das-tor-zur-zukunft\/","og:image":"https:\/\/www.immo-invest.ch\/wp-content\/uploads\/2025\/07\/api.i-web.png","og:image:secure_url":"https:\/\/www.immo-invest.ch\/wp-content\/uploads\/2025\/07\/api.i-web.png","og:image:width":908,"og:image:height":655,"article:published_time":"2025-07-14T12:28:00+00:00","article:modified_time":"2025-07-10T08:42:47+00:00","article:publisher":"https:\/\/www.facebook.com\/people\/Immoinvest\/100077962920504\/","twitter:card":"summary_large_image","twitter:site":"@i","twitter:title":"Chur West la porte de l\u2019avenir - immo!nvest - Die Plattform f\u00fcr Standorte und Immobilien","twitter:description":"Coire se pr\u00e9pare \u00e0 un nouveau chapitre de son d\u00e9veloppement urbain. Le site de Coire Ouest, strat\u00e9giquement situ\u00e9 au sud de la gare en construction, deviendra le deuxi\u00e8me centre urbain de la ville dans les d\u00e9cennies \u00e0 venir. La zone dite E, con\u00e7ue comme une future porte d'entr\u00e9e, reliera sans rupture la gare ferroviaire et routi\u00e8re aux autres zones de Coire Ouest, cr\u00e9ant ainsi un carrefour dynamique pour les habitants et les visiteurs.","twitter:creator":"@i","twitter:image":"https:\/\/www.immo-invest.ch\/wp-content\/uploads\/2025\/07\/api.i-web.png"},"aioseo_meta_data":{"post_id":"135594","title":null,"description":null,"keywords":null,"keyphrases":{"focus":{"keyphrase":"","score":0,"analysis":{"keyphraseInTitle":{"score":0,"maxScore":9,"error":1}}},"additional":[]},"primary_term":null,"canonical_url":null,"og_title":null,"og_description":null,"og_object_type":"default","og_image_type":"default","og_image_url":null,"og_image_width":null,"og_image_height":null,"og_image_custom_url":null,"og_image_custom_fields":null,"og_video":"","og_custom_url":null,"og_article_section":null,"og_article_tags":null,"twitter_use_og":false,"twitter_card":"default","twitter_image_type":"default","twitter_image_url":null,"twitter_image_custom_url":null,"twitter_image_custom_fields":null,"twitter_title":null,"twitter_description":null,"schema":{"blockGraphs":[],"customGraphs":[],"default":{"data":{"Article":[],"Course":[],"Dataset":[],"FAQPage":[],"Movie":[],"Person":[],"Product":[],"ProductReview":[],"Car":[],"Recipe":[],"Service":[],"SoftwareApplication":[],"WebPage":[]},"graphName":"BlogPosting","isEnabled":true},"graphs":[]},"schema_type":"default","schema_type_options":null,"pillar_content":false,"robots_default":true,"robots_noindex":false,"robots_noarchive":false,"robots_nosnippet":false,"robots_nofollow":false,"robots_noimageindex":false,"robots_noodp":false,"robots_notranslate":false,"robots_max_snippet":"-1","robots_max_videopreview":"-1","robots_max_imagepreview":"large","priority":null,"frequency":"default","local_seo":null,"breadcrumb_settings":null,"limit_modified_date":false,"ai":null,"created":"2025-07-10 08:42:48","updated":"2025-10-24 23:07:14","seo_analyzer_scan_date":null,"focus_keyword":null,"additional_keywords":null,"truseo_locale":null},"aioseo_breadcrumb":"<div class=\"aioseo-breadcrumbs\"><span class=\"aioseo-breadcrumb\">\n\t\t\t<a href=\"https:\/\/www.immo-invest.ch\/fr\/\" title=\"Home\">Home<\/a>\n\t\t<\/span><span class=\"aioseo-breadcrumb-separator\">&raquo;<\/span><span class=\"aioseo-breadcrumb\">\n\t\t\t<a href=\"https:\/\/www.immo-invest.ch\/fr\/categories\/regions\/\" title=\"R\u00e9gions\">R\u00e9gions<\/a>\n\t\t<\/span><span class=\"aioseo-breadcrumb-separator\">&raquo;<\/span><span class=\"aioseo-breadcrumb\">\n\t\t\t<a href=\"https:\/\/www.immo-invest.ch\/fr\/categories\/regions\/suisse\/\" title=\"Suisse\">Suisse<\/a>\n\t\t<\/span><span class=\"aioseo-breadcrumb-separator\">&raquo;<\/span><span class=\"aioseo-breadcrumb\">\n\t\t\t<a href=\"https:\/\/www.immo-invest.ch\/fr\/categories\/regions\/suisse\/suisse-orientale\/\" title=\"Suisse orientale\">Suisse orientale<\/a>\n\t\t<\/span><span class=\"aioseo-breadcrumb-separator\">&raquo;<\/span><span class=\"aioseo-breadcrumb\">\n\t\t\t<a href=\"https:\/\/www.immo-invest.ch\/fr\/categories\/regions\/suisse\/suisse-orientale\/grisons\/\" title=\"Grisons\">Grisons<\/a>\n\t\t<\/span><span class=\"aioseo-breadcrumb-separator\">&raquo;<\/span><span class=\"aioseo-breadcrumb\">\n\t\t\tChur West la porte de l\u2019avenir\n\t\t<\/span><\/div>","aioseo_breadcrumb_json":[{"label":"Home","link":"https:\/\/www.immo-invest.ch\/fr\/"},{"label":"R\u00e9gions","link":"https:\/\/www.immo-invest.ch\/fr\/categories\/regions\/"},{"label":"Suisse","link":"https:\/\/www.immo-invest.ch\/fr\/categories\/regions\/suisse\/"},{"label":"Suisse orientale","link":"https:\/\/www.immo-invest.ch\/fr\/categories\/regions\/suisse\/suisse-orientale\/"},{"label":"Grisons","link":"https:\/\/www.immo-invest.ch\/fr\/categories\/regions\/suisse\/suisse-orientale\/grisons\/"},{"label":"Chur West la porte de l&rsquo;avenir","link":"https:\/\/www.immo-invest.ch\/fr\/chur-west-das-tor-zur-zukunft\/"}],"featured_image_src":"https:\/\/www.immo-invest.ch\/wp-content\/uploads\/2025\/07\/api.i-web-336x168.png","_links":{"self":[{"href":"https:\/\/www.immo-invest.ch\/fr\/wp-json\/wp\/v2\/posts\/135594","targetHints":{"allow":["GET"]}}],"collection":[{"href":"https:\/\/www.immo-invest.ch\/fr\/wp-json\/wp\/v2\/posts"}],"about":[{"href":"https:\/\/www.immo-invest.ch\/fr\/wp-json\/wp\/v2\/types\/post"}],"author":[{"embeddable":true,"href":"https:\/\/www.immo-invest.ch\/fr\/wp-json\/wp\/v2\/users\/2"}],"replies":[{"embeddable":true,"href":"https:\/\/www.immo-invest.ch\/fr\/wp-json\/wp\/v2\/comments?post=135594"}],"version-history":[{"count":0,"href":"https:\/\/www.immo-invest.ch\/fr\/wp-json\/wp\/v2\/posts\/135594\/revisions"}],"wp:featuredmedia":[{"embeddable":true,"href":"https:\/\/www.immo-invest.ch\/fr\/wp-json\/wp\/v2\/media\/135589"}],"wp:attachment":[{"href":"https:\/\/www.immo-invest.ch\/fr\/wp-json\/wp\/v2\/media?parent=135594"}],"wp:term":[{"taxonomy":"category","embeddable":true,"href":"https:\/\/www.immo-invest.ch\/fr\/wp-json\/wp\/v2\/categories?post=135594"},{"taxonomy":"post_tag","embeddable":true,"href":"https:\/\/www.immo-invest.ch\/fr\/wp-json\/wp\/v2\/tags?post=135594"}],"curies":[{"name":"wp","href":"https:\/\/api.w.org\/{rel}","templated":true}]}}