{"id":135515,"date":"2026-04-27T12:37:14","date_gmt":"2026-04-27T10:37:14","guid":{"rendered":"https:\/\/www.immo-invest.ch\/?p=135515"},"modified":"2026-04-27T13:01:14","modified_gmt":"2026-04-27T11:01:14","slug":"swiss-pv-circle-schafft-grundlagen-fuer-die-wiederverwendung-von-solarmodulen","status":"publish","type":"post","link":"https:\/\/www.immo-invest.ch\/fr\/swiss-pv-circle-schafft-grundlagen-fuer-die-wiederverwendung-von-solarmodulen\/","title":{"rendered":"Swiss PV Circle cr\u00e9e les bases de la r\u00e9utilisation des modules solaires"},"content":{"rendered":"<p class=\"bodytext\">Environ la moiti&eacute; des modules photovolta&iuml;ques qui finissent actuellement dans le flux de d&eacute;chets sont en principe encore fonctionnels. Le <a href=\"https:\/\/www.pv-circle.ch\/projekt.html\" target=\"_blank\" rel=\"noopener\">projet Swiss PV Circle a<\/a>donc <a href=\"https:\/\/www.pv-circle.ch\/projekt.html\" target=\"_blank\" rel=\"noopener\">d&eacute;velopp&eacute;<\/a>au cours de l&rsquo;ann&eacute;e et demie &eacute;coul&eacute;e des instruments pratiques, des bases techniques, des analyses de march&eacute; et des recommandations politiques afin de promouvoir la r&eacute;utilisation des modules photovolta&iuml;ques, comme l&rsquo;indique un <a href=\"https:\/\/www.pv-circle.ch\/news\/projektabschluss-und-ergebnisse.html\" target=\"_blank\" rel=\"noopener\">communiqu&eacute;<\/a>. Le projet est men&eacute; par <a href=\"https:\/\/www.erecycling.ch\/\" target=\"_blank\" rel=\"noopener\">SENS eRecycling<\/a>, <a href=\"https:\/\/www.swissolar.ch\/de\" target=\"_blank\" rel=\"noopener\">Swissolar<\/a> et la <a href=\"https:\/\/www.bfh.ch\/de\/\" target=\"_blank\" rel=\"noopener\">Haute &eacute;cole sp&eacute;cialis&eacute;e bernoise<\/a>.<\/p>\n<p class=\"bodytext\">Les recommandations politiques se concentrent sur des incitations financi&egrave;res, telles qu&rsquo;une contribution de r&eacute;utilisation analogue aux contributions de recyclage existantes. En outre, des possibilit&eacute;s d&rsquo;harmonisation telles qu&rsquo;un syst&egrave;me de label et de certification &agrave; l&rsquo;&eacute;chelle nationale sont demand&eacute;es afin de rendre la qualit&eacute; visible et d&rsquo;instaurer la confiance dans les modules d&rsquo;occasion. Des pratiques d&rsquo;autorisation harmonis&eacute;es au niveau national pour le traitement des modules usag&eacute;s et des collectes de donn&eacute;es syst&eacute;matiques lors de l&rsquo;installation et du d&eacute;montage d&rsquo;installations solaires permettent de lever d&rsquo;autres obstacles, peut-on lire dans le communiqu&eacute;.<\/p>\n<p>Des outils pratiques tels qu&rsquo;un prototype de plateforme avec un mod&egrave;le de donn&eacute;es sous-jacent permettent d&rsquo;&eacute;valuer &agrave; temps la strat&eacute;gie de recyclage appropri&eacute;e pour les modules usag&eacute;s. Le projet a calcul&eacute; un retour de 23 000 &agrave; 90 000 tonnes de modules photovolta&iuml;ques usag&eacute;s d&rsquo;ici 2050.<\/p>\n<p class=\"bodytext\">L&rsquo;analyse de march&eacute; du projet a r&eacute;v&eacute;l&eacute; que la rentabilit&eacute; &eacute;conomique des modules r&eacute;utilis&eacute;s est encore limit&eacute;e en raison du faible prix des modules neufs. Actuellement, les modules usag&eacute;s sont principalement utilis&eacute;s dans des applications &agrave; petite &eacute;chelle. Pour obtenir une acceptation plus large, il faut donc des prix attractifs, une qualit&eacute; contr&ocirc;l&eacute;e et une puissance r&eacute;siduelle &eacute;lev&eacute;e des modules.<\/p>\n<p class=\"bodytext\">Le projet Swiss PV Circle vise &agrave; r&eacute;duire les quantit&eacute;s de d&eacute;chets &agrave; l&rsquo;avenir en augmentant la seconde utilisation des modules. Pour ce faire, SENS eRecycling, Swissolar et la Haute &eacute;cole sp&eacute;cialis&eacute;e bernoise collaborent avec <a href=\"https:\/\/www.pv-circle.ch\/partner.html\" target=\"_blank\" rel=\"noopener\">des partenaires<\/a> de l&rsquo;industrie photovolta&iuml;que suisse.<\/p>\n","protected":false},"excerpt":{"rendered":"<p>SENS eRecycling et Swissolar de Zurich, en collaboration avec la Haute \u00e9cole sp\u00e9cialis\u00e9e bernoise, ont achev\u00e9 le projet Swiss PV Circle. L&rsquo;objectif \u00e9tait de promouvoir la r\u00e9utilisation des modules photovolta\u00efques. Les partenaires ont formul\u00e9 des recommandations politiques, des analyses de march\u00e9 et ont cr\u00e9\u00e9 des outils pratiques.<\/p>\n","protected":false},"author":2,"featured_media":63934,"comment_status":"open","ping_status":"open","sticky":false,"template":"","format":"standard","meta":{"pmpro_default_level":"","inline_featured_image":false,"_monsterinsights_skip_tracking":false,"footnotes":""},"categories":[22699,8747,743],"tags":[835,42923,2056],"class_list":["post-135515","post","type-post","status-publish","format-standard","has-post-thumbnail","hentry","category-durabilite","category-energie","category-immonews-fr","tag-energie-fr","tag-module-fr","tag-nachhaltigkeit-fr","pmpro-has-access"],"acf":{"bild_mit_ki_erstellt_worden":[],"lead":"SENS eRecycling et Swissolar de Zurich, en collaboration avec la Haute \u00e9cole sp\u00e9cialis\u00e9e bernoise, ont achev\u00e9 le projet Swiss PV Circle. L'objectif \u00e9tait de promouvoir la r\u00e9utilisation des modules photovolta\u00efques. Les partenaires ont formul\u00e9 des recommandations politiques, des analyses de march\u00e9 et ont cr\u00e9\u00e9 des outils pratiques.","autor":"ce\/ja","ort":"Z\u00fcrich\/Bern","bildunterschrift":"","bild_im_grid":false,"gallerie":"","newsim":""},"aioseo_notices":[],"aioseo_head":"\n\t\t<!-- All in One SEO 5.0.0.1 - aioseo.com -->\n\t<meta name=\"description\" content=\"SENS eRecycling et Swissolar de Zurich, en collaboration avec la Haute \u00e9cole sp\u00e9cialis\u00e9e bernoise, ont achev\u00e9 le projet Swiss PV Circle. L&#039;objectif \u00e9tait de promouvoir la r\u00e9utilisation des modules photovolta\u00efques. Les partenaires ont formul\u00e9 des recommandations politiques, des analyses de march\u00e9 et ont cr\u00e9\u00e9 des outils pratiques.\" \/>\n\t<meta name=\"robots\" content=\"max-image-preview:large\" \/>\n\t<meta name=\"author\" content=\"immovestuser\"\/>\n\t<meta name=\"google-site-verification\" content=\"fHJKvgWpZCR2zVBHWfkQeFXC11qieUSff0HGNYfuyLA\" \/>\n\t<link rel=\"canonical\" href=\"https:\/\/www.immo-invest.ch\/fr\/swiss-pv-circle-schafft-grundlagen-fuer-die-wiederverwendung-von-solarmodulen\/\" \/>\n\t<meta name=\"generator\" content=\"All in One SEO (AIOSEO) 5.0.0.1\" \/>\n\t\t<meta property=\"og:locale\" content=\"fr_FR\" \/>\n\t\t<meta property=\"og:site_name\" content=\"immo!nvest - Die Plattform f\u00fcr Standorte und Immobilien - Die\u00a0Plattform f\u00fcr Standorte und Immobilien\" \/>\n\t\t<meta property=\"og:type\" content=\"article\" \/>\n\t\t<meta property=\"og:title\" content=\"Swiss PV Circle cr\u00e9e les bases de la r\u00e9utilisation des modules solaires - immo!nvest - Die Plattform f\u00fcr Standorte und Immobilien\" \/>\n\t\t<meta property=\"og:description\" content=\"SENS eRecycling et Swissolar de Zurich, en collaboration avec la Haute \u00e9cole sp\u00e9cialis\u00e9e bernoise, ont achev\u00e9 le projet Swiss PV Circle. L&#039;objectif \u00e9tait de promouvoir la r\u00e9utilisation des modules photovolta\u00efques. Les partenaires ont formul\u00e9 des recommandations politiques, des analyses de march\u00e9 et ont cr\u00e9\u00e9 des outils pratiques.\" \/>\n\t\t<meta property=\"og:url\" content=\"https:\/\/www.immo-invest.ch\/fr\/swiss-pv-circle-schafft-grundlagen-fuer-die-wiederverwendung-von-solarmodulen\/\" \/>\n\t\t<meta property=\"og:image\" content=\"https:\/\/www.immo-invest.ch\/wp-content\/uploads\/2023\/09\/photovoltaic-2814504_1280.jpg\" \/>\n\t\t<meta property=\"og:image:secure_url\" content=\"https:\/\/www.immo-invest.ch\/wp-content\/uploads\/2023\/09\/photovoltaic-2814504_1280.jpg\" \/>\n\t\t<meta property=\"og:image:width\" content=\"1280\" \/>\n\t\t<meta property=\"og:image:height\" content=\"853\" \/>\n\t\t<meta property=\"article:published_time\" content=\"2026-04-27T10:37:14+00:00\" \/>\n\t\t<meta property=\"article:modified_time\" content=\"2026-04-27T11:01:14+00:00\" \/>\n\t\t<meta property=\"article:publisher\" content=\"https:\/\/www.facebook.com\/people\/Immoinvest\/100077962920504\/\" \/>\n\t\t<meta name=\"twitter:card\" content=\"summary_large_image\" \/>\n\t\t<meta name=\"twitter:site\" content=\"@i\" \/>\n\t\t<meta name=\"twitter:title\" content=\"Swiss PV Circle cr\u00e9e les bases de la r\u00e9utilisation des modules solaires - immo!nvest - Die Plattform f\u00fcr Standorte und Immobilien\" \/>\n\t\t<meta name=\"twitter:description\" content=\"SENS eRecycling et Swissolar de Zurich, en collaboration avec la Haute \u00e9cole sp\u00e9cialis\u00e9e bernoise, ont achev\u00e9 le projet Swiss PV Circle. L&#039;objectif \u00e9tait de promouvoir la r\u00e9utilisation des modules photovolta\u00efques. Les partenaires ont formul\u00e9 des recommandations politiques, des analyses de march\u00e9 et ont cr\u00e9\u00e9 des outils pratiques.\" \/>\n\t\t<meta name=\"twitter:creator\" content=\"@i\" \/>\n\t\t<meta name=\"twitter:image\" content=\"https:\/\/www.immo-invest.ch\/wp-content\/uploads\/2023\/09\/photovoltaic-2814504_1280.jpg\" \/>\n\t\t<script type=\"application\/ld+json\" class=\"aioseo-schema\">\n\t\t\t{\"@context\":\"https:\\\/\\\/schema.org\",\"@graph\":[{\"@type\":\"BlogPosting\",\"@id\":\"https:\\\/\\\/www.immo-invest.ch\\\/fr\\\/swiss-pv-circle-schafft-grundlagen-fuer-die-wiederverwendung-von-solarmodulen\\\/#blogposting\",\"name\":\"Swiss PV Circle cr\\u00e9e les bases de la r\\u00e9utilisation des modules solaires - immo!nvest - Die Plattform f\\u00fcr Standorte und Immobilien\",\"headline\":\"Swiss PV Circle cr\\u00e9e les bases de la r\\u00e9utilisation des modules solaires\",\"author\":{\"@id\":\"https:\\\/\\\/www.immo-invest.ch\\\/fr\\\/author\\\/immovestuser\\\/#author\"},\"publisher\":{\"@id\":\"https:\\\/\\\/www.immo-invest.ch\\\/fr\\\/#organization\"},\"image\":{\"@type\":\"ImageObject\",\"url\":\"https:\\\/\\\/www.immo-invest.ch\\\/wp-content\\\/uploads\\\/2023\\\/09\\\/photovoltaic-2814504_1280.jpg\",\"width\":1280,\"height\":853},\"datePublished\":\"2026-04-27T12:37:14+02:00\",\"dateModified\":\"2026-04-27T13:01:14+02:00\",\"inLanguage\":\"fr-FR\",\"mainEntityOfPage\":{\"@id\":\"https:\\\/\\\/www.immo-invest.ch\\\/fr\\\/swiss-pv-circle-schafft-grundlagen-fuer-die-wiederverwendung-von-solarmodulen\\\/#webpage\"},\"isPartOf\":{\"@id\":\"https:\\\/\\\/www.immo-invest.ch\\\/fr\\\/swiss-pv-circle-schafft-grundlagen-fuer-die-wiederverwendung-von-solarmodulen\\\/#webpage\"},\"articleSection\":\"Durabilit\\u00e9, \\u00c9nergie, immoNews, Energie, Module, Nachhaltigkeit, Facultatif\"},{\"@type\":\"BreadcrumbList\",\"@id\":\"https:\\\/\\\/www.immo-invest.ch\\\/fr\\\/swiss-pv-circle-schafft-grundlagen-fuer-die-wiederverwendung-von-solarmodulen\\\/#breadcrumblist\",\"itemListElement\":[{\"@type\":\"ListItem\",\"@id\":\"https:\\\/\\\/www.immo-invest.ch\\\/fr\\\/#listItem\",\"position\":1,\"name\":\"Home\",\"item\":\"https:\\\/\\\/www.immo-invest.ch\\\/fr\\\/\",\"nextItem\":{\"@type\":\"ListItem\",\"@id\":\"https:\\\/\\\/www.immo-invest.ch\\\/fr\\\/categories\\\/trends-fr\\\/#listItem\",\"name\":\"Trends\"}},{\"@type\":\"ListItem\",\"@id\":\"https:\\\/\\\/www.immo-invest.ch\\\/fr\\\/categories\\\/trends-fr\\\/#listItem\",\"position\":2,\"name\":\"Trends\",\"item\":\"https:\\\/\\\/www.immo-invest.ch\\\/fr\\\/categories\\\/trends-fr\\\/\",\"nextItem\":{\"@type\":\"ListItem\",\"@id\":\"https:\\\/\\\/www.immo-invest.ch\\\/fr\\\/categories\\\/trends-fr\\\/durabilite\\\/#listItem\",\"name\":\"Durabilit\\u00e9\"},\"previousItem\":{\"@type\":\"ListItem\",\"@id\":\"https:\\\/\\\/www.immo-invest.ch\\\/fr\\\/#listItem\",\"name\":\"Home\"}},{\"@type\":\"ListItem\",\"@id\":\"https:\\\/\\\/www.immo-invest.ch\\\/fr\\\/categories\\\/trends-fr\\\/durabilite\\\/#listItem\",\"position\":3,\"name\":\"Durabilit\\u00e9\",\"item\":\"https:\\\/\\\/www.immo-invest.ch\\\/fr\\\/categories\\\/trends-fr\\\/durabilite\\\/\",\"nextItem\":{\"@type\":\"ListItem\",\"@id\":\"https:\\\/\\\/www.immo-invest.ch\\\/fr\\\/swiss-pv-circle-schafft-grundlagen-fuer-die-wiederverwendung-von-solarmodulen\\\/#listItem\",\"name\":\"Swiss PV Circle cr\\u00e9e les bases de la r\\u00e9utilisation des modules solaires\"},\"previousItem\":{\"@type\":\"ListItem\",\"@id\":\"https:\\\/\\\/www.immo-invest.ch\\\/fr\\\/categories\\\/trends-fr\\\/#listItem\",\"name\":\"Trends\"}},{\"@type\":\"ListItem\",\"@id\":\"https:\\\/\\\/www.immo-invest.ch\\\/fr\\\/swiss-pv-circle-schafft-grundlagen-fuer-die-wiederverwendung-von-solarmodulen\\\/#listItem\",\"position\":4,\"name\":\"Swiss PV Circle cr\\u00e9e les bases de la r\\u00e9utilisation des modules solaires\",\"previousItem\":{\"@type\":\"ListItem\",\"@id\":\"https:\\\/\\\/www.immo-invest.ch\\\/fr\\\/categories\\\/trends-fr\\\/durabilite\\\/#listItem\",\"name\":\"Durabilit\\u00e9\"}}]},{\"@type\":\"Organization\",\"@id\":\"https:\\\/\\\/www.immo-invest.ch\\\/fr\\\/#organization\",\"name\":\"immo!nvest - Die Plattform f\\u00fcr Standorte und Immobilien\",\"description\":\"Die\\u00a0Plattform f\\u00fcr Standorte und Immobilien\",\"url\":\"https:\\\/\\\/www.immo-invest.ch\\\/fr\\\/\",\"email\":\"admin@immomedia.ag\",\"telephone\":\"+41444420002\",\"logo\":{\"@type\":\"ImageObject\",\"url\":\"https:\\\/\\\/www.immo-invest.ch\\\/wp-content\\\/uploads\\\/2024\\\/09\\\/immoinvest_sm-scaled.jpg\",\"@id\":\"https:\\\/\\\/www.immo-invest.ch\\\/fr\\\/swiss-pv-circle-schafft-grundlagen-fuer-die-wiederverwendung-von-solarmodulen\\\/#organizationLogo\",\"width\":2560,\"height\":1340},\"image\":{\"@id\":\"https:\\\/\\\/www.immo-invest.ch\\\/fr\\\/swiss-pv-circle-schafft-grundlagen-fuer-die-wiederverwendung-von-solarmodulen\\\/#organizationLogo\"},\"sameAs\":[\"https:\\\/\\\/www.facebook.com\\\/people\\\/Immoinvest\\\/100077962920504\\\/\",\"https:\\\/\\\/x.com\\\/i\\\/flow\\\/login?redirect_after_login=immoinvest_ch\",\"https:\\\/\\\/www.instagram.com\\\/immoinvest_ch\\\/\",\"https:\\\/\\\/www.linkedin.com\\\/company\\\/immoinvest-swiss\"]},{\"@type\":\"Person\",\"@id\":\"https:\\\/\\\/www.immo-invest.ch\\\/fr\\\/author\\\/immovestuser\\\/#author\",\"url\":\"https:\\\/\\\/www.immo-invest.ch\\\/fr\\\/author\\\/immovestuser\\\/\",\"name\":\"immovestuser\",\"image\":{\"@type\":\"ImageObject\",\"@id\":\"https:\\\/\\\/www.immo-invest.ch\\\/fr\\\/swiss-pv-circle-schafft-grundlagen-fuer-die-wiederverwendung-von-solarmodulen\\\/#authorImage\",\"url\":\"https:\\\/\\\/secure.gravatar.com\\\/avatar\\\/8e01f4d99f2eeea7a362ebb93305e1172a70e9293ba250f897a65c39f54cdd1e?s=96&d=mm&r=g\",\"width\":96,\"height\":96,\"caption\":\"immovestuser\"}},{\"@type\":\"WebPage\",\"@id\":\"https:\\\/\\\/www.immo-invest.ch\\\/fr\\\/swiss-pv-circle-schafft-grundlagen-fuer-die-wiederverwendung-von-solarmodulen\\\/#webpage\",\"url\":\"https:\\\/\\\/www.immo-invest.ch\\\/fr\\\/swiss-pv-circle-schafft-grundlagen-fuer-die-wiederverwendung-von-solarmodulen\\\/\",\"name\":\"Swiss PV Circle cr\\u00e9e les bases de la r\\u00e9utilisation des modules solaires - immo!nvest - Die Plattform f\\u00fcr Standorte und Immobilien\",\"description\":\"SENS eRecycling et Swissolar de Zurich, en collaboration avec la Haute \\u00e9cole sp\\u00e9cialis\\u00e9e bernoise, ont achev\\u00e9 le projet Swiss PV Circle. L'objectif \\u00e9tait de promouvoir la r\\u00e9utilisation des modules photovolta\\u00efques. Les partenaires ont formul\\u00e9 des recommandations politiques, des analyses de march\\u00e9 et ont cr\\u00e9\\u00e9 des outils pratiques.\",\"inLanguage\":\"fr-FR\",\"isPartOf\":{\"@id\":\"https:\\\/\\\/www.immo-invest.ch\\\/fr\\\/#website\"},\"breadcrumb\":{\"@id\":\"https:\\\/\\\/www.immo-invest.ch\\\/fr\\\/swiss-pv-circle-schafft-grundlagen-fuer-die-wiederverwendung-von-solarmodulen\\\/#breadcrumblist\"},\"author\":{\"@id\":\"https:\\\/\\\/www.immo-invest.ch\\\/fr\\\/author\\\/immovestuser\\\/#author\"},\"creator\":{\"@id\":\"https:\\\/\\\/www.immo-invest.ch\\\/fr\\\/author\\\/immovestuser\\\/#author\"},\"image\":{\"@type\":\"ImageObject\",\"url\":\"https:\\\/\\\/www.immo-invest.ch\\\/wp-content\\\/uploads\\\/2023\\\/09\\\/photovoltaic-2814504_1280.jpg\",\"@id\":\"https:\\\/\\\/www.immo-invest.ch\\\/fr\\\/swiss-pv-circle-schafft-grundlagen-fuer-die-wiederverwendung-von-solarmodulen\\\/#mainImage\",\"width\":1280,\"height\":853},\"primaryImageOfPage\":{\"@id\":\"https:\\\/\\\/www.immo-invest.ch\\\/fr\\\/swiss-pv-circle-schafft-grundlagen-fuer-die-wiederverwendung-von-solarmodulen\\\/#mainImage\"},\"datePublished\":\"2026-04-27T12:37:14+02:00\",\"dateModified\":\"2026-04-27T13:01:14+02:00\"},{\"@type\":\"WebSite\",\"@id\":\"https:\\\/\\\/www.immo-invest.ch\\\/fr\\\/#website\",\"url\":\"https:\\\/\\\/www.immo-invest.ch\\\/fr\\\/\",\"name\":\"immo!nvest - Die Plattform f\\u00fcr Standorte und Immobilien\",\"description\":\"Die\\u00a0Plattform f\\u00fcr Standorte und Immobilien\",\"inLanguage\":\"fr-FR\",\"publisher\":{\"@id\":\"https:\\\/\\\/www.immo-invest.ch\\\/fr\\\/#organization\"}}]}\n\t\t<\/script>\n\t\t<!-- All in One SEO -->\n\n","aioseo_head_json":{"title":"Swiss PV Circle cr\u00e9e les bases de la r\u00e9utilisation des modules solaires - immo!nvest - Die Plattform f\u00fcr Standorte und Immobilien","description":"SENS eRecycling et Swissolar de Zurich, en collaboration avec la Haute \u00e9cole sp\u00e9cialis\u00e9e bernoise, ont achev\u00e9 le projet Swiss PV Circle. L'objectif \u00e9tait de promouvoir la r\u00e9utilisation des modules photovolta\u00efques. Les partenaires ont formul\u00e9 des recommandations politiques, des analyses de march\u00e9 et ont cr\u00e9\u00e9 des outils pratiques.","canonical_url":"https:\/\/www.immo-invest.ch\/fr\/swiss-pv-circle-schafft-grundlagen-fuer-die-wiederverwendung-von-solarmodulen\/","robots":"max-image-preview:large","keywords":"","webmasterTools":{"google-site-verification":"fHJKvgWpZCR2zVBHWfkQeFXC11qieUSff0HGNYfuyLA","miscellaneous":""},"schema":{"@context":"https:\/\/schema.org","@graph":[{"@type":"BlogPosting","@id":"https:\/\/www.immo-invest.ch\/fr\/swiss-pv-circle-schafft-grundlagen-fuer-die-wiederverwendung-von-solarmodulen\/#blogposting","name":"Swiss PV Circle cr\u00e9e les bases de la r\u00e9utilisation des modules solaires - immo!nvest - Die Plattform f\u00fcr Standorte und Immobilien","headline":"Swiss PV Circle cr\u00e9e les bases de la r\u00e9utilisation des modules solaires","author":{"@id":"https:\/\/www.immo-invest.ch\/fr\/author\/immovestuser\/#author"},"publisher":{"@id":"https:\/\/www.immo-invest.ch\/fr\/#organization"},"image":{"@type":"ImageObject","url":"https:\/\/www.immo-invest.ch\/wp-content\/uploads\/2023\/09\/photovoltaic-2814504_1280.jpg","width":1280,"height":853},"datePublished":"2026-04-27T12:37:14+02:00","dateModified":"2026-04-27T13:01:14+02:00","inLanguage":"fr-FR","mainEntityOfPage":{"@id":"https:\/\/www.immo-invest.ch\/fr\/swiss-pv-circle-schafft-grundlagen-fuer-die-wiederverwendung-von-solarmodulen\/#webpage"},"isPartOf":{"@id":"https:\/\/www.immo-invest.ch\/fr\/swiss-pv-circle-schafft-grundlagen-fuer-die-wiederverwendung-von-solarmodulen\/#webpage"},"articleSection":"Durabilit\u00e9, \u00c9nergie, immoNews, Energie, Module, Nachhaltigkeit, Facultatif"},{"@type":"BreadcrumbList","@id":"https:\/\/www.immo-invest.ch\/fr\/swiss-pv-circle-schafft-grundlagen-fuer-die-wiederverwendung-von-solarmodulen\/#breadcrumblist","itemListElement":[{"@type":"ListItem","@id":"https:\/\/www.immo-invest.ch\/fr\/#listItem","position":1,"name":"Home","item":"https:\/\/www.immo-invest.ch\/fr\/","nextItem":{"@type":"ListItem","@id":"https:\/\/www.immo-invest.ch\/fr\/categories\/trends-fr\/#listItem","name":"Trends"}},{"@type":"ListItem","@id":"https:\/\/www.immo-invest.ch\/fr\/categories\/trends-fr\/#listItem","position":2,"name":"Trends","item":"https:\/\/www.immo-invest.ch\/fr\/categories\/trends-fr\/","nextItem":{"@type":"ListItem","@id":"https:\/\/www.immo-invest.ch\/fr\/categories\/trends-fr\/durabilite\/#listItem","name":"Durabilit\u00e9"},"previousItem":{"@type":"ListItem","@id":"https:\/\/www.immo-invest.ch\/fr\/#listItem","name":"Home"}},{"@type":"ListItem","@id":"https:\/\/www.immo-invest.ch\/fr\/categories\/trends-fr\/durabilite\/#listItem","position":3,"name":"Durabilit\u00e9","item":"https:\/\/www.immo-invest.ch\/fr\/categories\/trends-fr\/durabilite\/","nextItem":{"@type":"ListItem","@id":"https:\/\/www.immo-invest.ch\/fr\/swiss-pv-circle-schafft-grundlagen-fuer-die-wiederverwendung-von-solarmodulen\/#listItem","name":"Swiss PV Circle cr\u00e9e les bases de la r\u00e9utilisation des modules solaires"},"previousItem":{"@type":"ListItem","@id":"https:\/\/www.immo-invest.ch\/fr\/categories\/trends-fr\/#listItem","name":"Trends"}},{"@type":"ListItem","@id":"https:\/\/www.immo-invest.ch\/fr\/swiss-pv-circle-schafft-grundlagen-fuer-die-wiederverwendung-von-solarmodulen\/#listItem","position":4,"name":"Swiss PV Circle cr\u00e9e les bases de la r\u00e9utilisation des modules solaires","previousItem":{"@type":"ListItem","@id":"https:\/\/www.immo-invest.ch\/fr\/categories\/trends-fr\/durabilite\/#listItem","name":"Durabilit\u00e9"}}]},{"@type":"Organization","@id":"https:\/\/www.immo-invest.ch\/fr\/#organization","name":"immo!nvest - Die Plattform f\u00fcr Standorte und Immobilien","description":"Die\u00a0Plattform f\u00fcr Standorte und Immobilien","url":"https:\/\/www.immo-invest.ch\/fr\/","email":"admin@immomedia.ag","telephone":"+41444420002","logo":{"@type":"ImageObject","url":"https:\/\/www.immo-invest.ch\/wp-content\/uploads\/2024\/09\/immoinvest_sm-scaled.jpg","@id":"https:\/\/www.immo-invest.ch\/fr\/swiss-pv-circle-schafft-grundlagen-fuer-die-wiederverwendung-von-solarmodulen\/#organizationLogo","width":2560,"height":1340},"image":{"@id":"https:\/\/www.immo-invest.ch\/fr\/swiss-pv-circle-schafft-grundlagen-fuer-die-wiederverwendung-von-solarmodulen\/#organizationLogo"},"sameAs":["https:\/\/www.facebook.com\/people\/Immoinvest\/100077962920504\/","https:\/\/x.com\/i\/flow\/login?redirect_after_login=immoinvest_ch","https:\/\/www.instagram.com\/immoinvest_ch\/","https:\/\/www.linkedin.com\/company\/immoinvest-swiss"]},{"@type":"Person","@id":"https:\/\/www.immo-invest.ch\/fr\/author\/immovestuser\/#author","url":"https:\/\/www.immo-invest.ch\/fr\/author\/immovestuser\/","name":"immovestuser","image":{"@type":"ImageObject","@id":"https:\/\/www.immo-invest.ch\/fr\/swiss-pv-circle-schafft-grundlagen-fuer-die-wiederverwendung-von-solarmodulen\/#authorImage","url":"https:\/\/secure.gravatar.com\/avatar\/8e01f4d99f2eeea7a362ebb93305e1172a70e9293ba250f897a65c39f54cdd1e?s=96&d=mm&r=g","width":96,"height":96,"caption":"immovestuser"}},{"@type":"WebPage","@id":"https:\/\/www.immo-invest.ch\/fr\/swiss-pv-circle-schafft-grundlagen-fuer-die-wiederverwendung-von-solarmodulen\/#webpage","url":"https:\/\/www.immo-invest.ch\/fr\/swiss-pv-circle-schafft-grundlagen-fuer-die-wiederverwendung-von-solarmodulen\/","name":"Swiss PV Circle cr\u00e9e les bases de la r\u00e9utilisation des modules solaires - immo!nvest - Die Plattform f\u00fcr Standorte und Immobilien","description":"SENS eRecycling et Swissolar de Zurich, en collaboration avec la Haute \u00e9cole sp\u00e9cialis\u00e9e bernoise, ont achev\u00e9 le projet Swiss PV Circle. L'objectif \u00e9tait de promouvoir la r\u00e9utilisation des modules photovolta\u00efques. Les partenaires ont formul\u00e9 des recommandations politiques, des analyses de march\u00e9 et ont cr\u00e9\u00e9 des outils pratiques.","inLanguage":"fr-FR","isPartOf":{"@id":"https:\/\/www.immo-invest.ch\/fr\/#website"},"breadcrumb":{"@id":"https:\/\/www.immo-invest.ch\/fr\/swiss-pv-circle-schafft-grundlagen-fuer-die-wiederverwendung-von-solarmodulen\/#breadcrumblist"},"author":{"@id":"https:\/\/www.immo-invest.ch\/fr\/author\/immovestuser\/#author"},"creator":{"@id":"https:\/\/www.immo-invest.ch\/fr\/author\/immovestuser\/#author"},"image":{"@type":"ImageObject","url":"https:\/\/www.immo-invest.ch\/wp-content\/uploads\/2023\/09\/photovoltaic-2814504_1280.jpg","@id":"https:\/\/www.immo-invest.ch\/fr\/swiss-pv-circle-schafft-grundlagen-fuer-die-wiederverwendung-von-solarmodulen\/#mainImage","width":1280,"height":853},"primaryImageOfPage":{"@id":"https:\/\/www.immo-invest.ch\/fr\/swiss-pv-circle-schafft-grundlagen-fuer-die-wiederverwendung-von-solarmodulen\/#mainImage"},"datePublished":"2026-04-27T12:37:14+02:00","dateModified":"2026-04-27T13:01:14+02:00"},{"@type":"WebSite","@id":"https:\/\/www.immo-invest.ch\/fr\/#website","url":"https:\/\/www.immo-invest.ch\/fr\/","name":"immo!nvest - Die Plattform f\u00fcr Standorte und Immobilien","description":"Die\u00a0Plattform f\u00fcr Standorte und Immobilien","inLanguage":"fr-FR","publisher":{"@id":"https:\/\/www.immo-invest.ch\/fr\/#organization"}}]},"og:locale":"fr_FR","og:site_name":"immo!nvest - Die Plattform f\u00fcr Standorte und Immobilien - Die\u00a0Plattform f\u00fcr Standorte und Immobilien","og:type":"article","og:title":"Swiss PV Circle cr\u00e9e les bases de la r\u00e9utilisation des modules solaires - immo!nvest - Die Plattform f\u00fcr Standorte und Immobilien","og:description":"SENS eRecycling et Swissolar de Zurich, en collaboration avec la Haute \u00e9cole sp\u00e9cialis\u00e9e bernoise, ont achev\u00e9 le projet Swiss PV Circle. L'objectif \u00e9tait de promouvoir la r\u00e9utilisation des modules photovolta\u00efques. Les partenaires ont formul\u00e9 des recommandations politiques, des analyses de march\u00e9 et ont cr\u00e9\u00e9 des outils pratiques.","og:url":"https:\/\/www.immo-invest.ch\/fr\/swiss-pv-circle-schafft-grundlagen-fuer-die-wiederverwendung-von-solarmodulen\/","og:image":"https:\/\/www.immo-invest.ch\/wp-content\/uploads\/2023\/09\/photovoltaic-2814504_1280.jpg","og:image:secure_url":"https:\/\/www.immo-invest.ch\/wp-content\/uploads\/2023\/09\/photovoltaic-2814504_1280.jpg","og:image:width":1280,"og:image:height":853,"article:published_time":"2026-04-27T10:37:14+00:00","article:modified_time":"2026-04-27T11:01:14+00:00","article:publisher":"https:\/\/www.facebook.com\/people\/Immoinvest\/100077962920504\/","twitter:card":"summary_large_image","twitter:site":"@i","twitter:title":"Swiss PV Circle cr\u00e9e les bases de la r\u00e9utilisation des modules solaires - immo!nvest - Die Plattform f\u00fcr Standorte und Immobilien","twitter:description":"SENS eRecycling et Swissolar de Zurich, en collaboration avec la Haute \u00e9cole sp\u00e9cialis\u00e9e bernoise, ont achev\u00e9 le projet Swiss PV Circle. L'objectif \u00e9tait de promouvoir la r\u00e9utilisation des modules photovolta\u00efques. Les partenaires ont formul\u00e9 des recommandations politiques, des analyses de march\u00e9 et ont cr\u00e9\u00e9 des outils pratiques.","twitter:creator":"@i","twitter:image":"https:\/\/www.immo-invest.ch\/wp-content\/uploads\/2023\/09\/photovoltaic-2814504_1280.jpg"},"aioseo_meta_data":{"post_id":"135515","title":null,"description":null,"keywords":null,"keyphrases":{"focus":{"keyphrase":"","score":0,"analysis":{"keyphraseInTitle":{"score":0,"maxScore":9,"error":1}}},"additional":[]},"primary_term":null,"canonical_url":null,"og_title":null,"og_description":null,"og_object_type":"default","og_image_type":"default","og_image_url":null,"og_image_width":null,"og_image_height":null,"og_image_custom_url":null,"og_image_custom_fields":null,"og_video":"","og_custom_url":null,"og_article_section":null,"og_article_tags":null,"twitter_use_og":false,"twitter_card":"default","twitter_image_type":"default","twitter_image_url":null,"twitter_image_custom_url":null,"twitter_image_custom_fields":null,"twitter_title":null,"twitter_description":null,"schema":{"blockGraphs":[],"customGraphs":[],"default":{"data":{"Article":[],"Course":[],"Dataset":[],"FAQPage":[],"Movie":[],"Person":[],"Product":[],"ProductReview":[],"Car":[],"Recipe":[],"Service":[],"SoftwareApplication":[],"WebPage":[]},"graphName":"BlogPosting","isEnabled":true},"graphs":[]},"schema_type":"default","schema_type_options":null,"pillar_content":false,"robots_default":true,"robots_noindex":false,"robots_noarchive":false,"robots_nosnippet":false,"robots_nofollow":false,"robots_noimageindex":false,"robots_noodp":false,"robots_notranslate":false,"robots_max_snippet":"-1","robots_max_videopreview":"-1","robots_max_imagepreview":"large","priority":null,"frequency":"default","local_seo":null,"breadcrumb_settings":null,"limit_modified_date":false,"ai":null,"created":"2025-07-08 14:25:57","updated":"2026-04-27 11:52:25","seo_analyzer_scan_date":null,"focus_keyword":null,"additional_keywords":null,"truseo_locale":null},"aioseo_breadcrumb":"<div class=\"aioseo-breadcrumbs\"><span class=\"aioseo-breadcrumb\">\n\t\t\t<a href=\"https:\/\/www.immo-invest.ch\/fr\/\" title=\"Home\">Home<\/a>\n\t\t<\/span><span class=\"aioseo-breadcrumb-separator\">&raquo;<\/span><span class=\"aioseo-breadcrumb\">\n\t\t\t<a href=\"https:\/\/www.immo-invest.ch\/fr\/categories\/trends-fr\/\" title=\"Trends\">Trends<\/a>\n\t\t<\/span><span class=\"aioseo-breadcrumb-separator\">&raquo;<\/span><span class=\"aioseo-breadcrumb\">\n\t\t\t<a href=\"https:\/\/www.immo-invest.ch\/fr\/categories\/trends-fr\/durabilite\/\" title=\"Durabilit\u00e9\">Durabilit\u00e9<\/a>\n\t\t<\/span><span class=\"aioseo-breadcrumb-separator\">&raquo;<\/span><span class=\"aioseo-breadcrumb\">\n\t\t\tSwiss PV Circle cr\u00e9e les bases de la r\u00e9utilisation des modules solaires\n\t\t<\/span><\/div>","aioseo_breadcrumb_json":[{"label":"Home","link":"https:\/\/www.immo-invest.ch\/fr\/"},{"label":"Trends","link":"https:\/\/www.immo-invest.ch\/fr\/categories\/trends-fr\/"},{"label":"Durabilit\u00e9","link":"https:\/\/www.immo-invest.ch\/fr\/categories\/trends-fr\/durabilite\/"},{"label":"Swiss PV Circle cr\u00e9e les bases de la r\u00e9utilisation des modules solaires","link":"https:\/\/www.immo-invest.ch\/fr\/swiss-pv-circle-schafft-grundlagen-fuer-die-wiederverwendung-von-solarmodulen\/"}],"featured_image_src":"https:\/\/www.immo-invest.ch\/wp-content\/uploads\/2023\/09\/photovoltaic-2814504_1280-336x168.jpg","_links":{"self":[{"href":"https:\/\/www.immo-invest.ch\/fr\/wp-json\/wp\/v2\/posts\/135515","targetHints":{"allow":["GET"]}}],"collection":[{"href":"https:\/\/www.immo-invest.ch\/fr\/wp-json\/wp\/v2\/posts"}],"about":[{"href":"https:\/\/www.immo-invest.ch\/fr\/wp-json\/wp\/v2\/types\/post"}],"author":[{"embeddable":true,"href":"https:\/\/www.immo-invest.ch\/fr\/wp-json\/wp\/v2\/users\/2"}],"replies":[{"embeddable":true,"href":"https:\/\/www.immo-invest.ch\/fr\/wp-json\/wp\/v2\/comments?post=135515"}],"version-history":[{"count":1,"href":"https:\/\/www.immo-invest.ch\/fr\/wp-json\/wp\/v2\/posts\/135515\/revisions"}],"predecessor-version":[{"id":155398,"href":"https:\/\/www.immo-invest.ch\/fr\/wp-json\/wp\/v2\/posts\/135515\/revisions\/155398"}],"wp:featuredmedia":[{"embeddable":true,"href":"https:\/\/www.immo-invest.ch\/fr\/wp-json\/wp\/v2\/media\/63934"}],"wp:attachment":[{"href":"https:\/\/www.immo-invest.ch\/fr\/wp-json\/wp\/v2\/media?parent=135515"}],"wp:term":[{"taxonomy":"category","embeddable":true,"href":"https:\/\/www.immo-invest.ch\/fr\/wp-json\/wp\/v2\/categories?post=135515"},{"taxonomy":"post_tag","embeddable":true,"href":"https:\/\/www.immo-invest.ch\/fr\/wp-json\/wp\/v2\/tags?post=135515"}],"curies":[{"name":"wp","href":"https:\/\/api.w.org\/{rel}","templated":true}]}}