{"id":135418,"date":"2025-07-07T16:39:31","date_gmt":"2025-07-07T14:39:31","guid":{"rendered":"https:\/\/www.immo-invest.ch\/fribourg-swiss-marke-starkt-internationale-position\/"},"modified":"2025-07-07T16:49:16","modified_gmt":"2025-07-07T14:49:16","slug":"fribourg-swiss-marke-starkt-internationale-position","status":"publish","type":"post","link":"https:\/\/www.immo-invest.ch\/fr\/fribourg-swiss-marke-starkt-internationale-position\/","title":{"rendered":"La marque Fribourg.swiss renforce sa position internationale"},"content":{"rendered":"<p class=\"wp-block-paragraph\">Le canton de Fribourg renforce son profil dans la concurrence mondiale. Avec fribourg.swiss, la Promotion &eacute;conomique mise sur une marque plus claire et plus compr&eacute;hensible au niveau international. La nouvelle plateforme s&rsquo;adresse de mani&egrave;re cibl&eacute;e aux entreprises, aux investisseurs et aux acteurs de l&rsquo;<span class=\"glossaryLink\" aria-describedby=\"tt\" data-cmtooltip=\"&lt;div class=glossaryItemTitle&gt;Innovation&lt;\/div&gt;&lt;div class=glossaryItemBody&gt;Innovation in der heutigen Immobilienwelt bedeutet vor allem Digitalisierung von Prozessen. Zum Beispiel das Eliminieren von Tausenden von Excel-Bl&auml;ttern f&uuml;r Portfolio- und Asset-Manager oder das Erstellen einer Anwendung (App) f&uuml;r alle Formalit&auml;ten rund um die Beziehung zwischen Immobilieneigent&uuml;mern, - verwaltung und -mietern.&lt;\/div&gt;\" data-mobile-support=\"0\" data-gt-translate-attributes='[{\"attribute\":\"data-cmtooltip\", \"format\":\"html\"}]' tabindex=\"0\" role=\"link\">innovation<\/span> en Suisse et &agrave; l&rsquo;&eacute;tranger. Gr&acirc;ce &agrave; l&rsquo;extension officielle du domaine &laquo;&nbsp;.swiss&nbsp;&raquo;, l&rsquo;appartenance aux standards de qualit&eacute; suisses est soulign&eacute;e, de mani&egrave;re compacte, accessible et forte en termes de marque.<\/p>\n\n\n\n\n\n<p class=\"wp-block-paragraph\"><strong>Rendre l&rsquo;excellence visible<\/strong><br>&laquo;&nbsp;fribourg.swiss est notre vitrine strat&eacute;gique vers l&rsquo;ext&eacute;rieur&nbsp;&raquo;, explique Jerry Krattiger, directeur du WIF. Elle est centr&eacute;e sur les entreprises, les institutions de formation et de recherche ainsi que les centres de comp&eacute;tences qui marquent le canton de Fribourg sur le plan &eacute;conomique. Des th&egrave;mes tels que la bio&eacute;conomie, l&rsquo;industrie 4.0, les sciences de la vie ou le transfert de technologie montrent la diversit&eacute; et la capacit&eacute; d&rsquo;avenir du site.<\/p>\n\n\n\n\n\n<p class=\"wp-block-paragraph\"><strong>Communication multicanale pour une port&eacute;e maximale<br><\/strong>La nouvelle marque est d&eacute;j&agrave; active sur tous les canaux orient&eacute;s vers l&rsquo;ext&eacute;rieur, du site web aux newsletters en passant par les activit&eacute;s internationales sur <span class=\"glossaryLink\" aria-describedby=\"tt\" data-cmtooltip=\"&lt;div class=glossaryItemTitle&gt;LinkedIn&lt;\/div&gt;&lt;div class=glossaryItemBody&gt;Social-Media-Plattform f&uuml;r Fach- und F&uuml;hrungskr&auml;fte&lt;\/div&gt;\" data-mobile-support=\"0\" data-gt-translate-attributes='[{\"attribute\":\"data-cmtooltip\", \"format\":\"html\"}]' tabindex=\"0\" role=\"link\">LinkedIn<\/span>. Le contenu est diffus&eacute; dans le monde entier via les ambassades, les consulats et les r&eacute;seaux professionnels. Parall&egrave;lement, la nouvelle identit&eacute; de marque renforce &eacute;galement la perception interne des atouts &eacute;conomiques et cr&eacute;e une conscience commune au sein du canton.<\/p>\n\n\n\n\n\n<p class=\"wp-block-paragraph\"><strong>Visibilit&eacute; et identification<br><\/strong>Avec fribourg.swiss, le canton de Fribourg ouvre un nouveau chapitre dans la promotion de son site. Un qui mise sur la clart&eacute; num&eacute;rique, la port&eacute;e internationale et l&rsquo;ancrage r&eacute;gional. Le dynamisme &eacute;conomique du canton sera ainsi plus visible et plus largement reconnu, en Suisse comme &agrave; l&rsquo;&eacute;tranger.<\/p>\n\n","protected":false},"excerpt":{"rendered":"<p>Avec le lancement de la marque fribourg.swiss, la Promotion \u00e9conomique du canton de Fribourg (PEF) lance une plateforme de communication moderne et cibl\u00e9e pour renforcer sa visibilit\u00e9 \u00e9conomique au niveau national et international. La nouvelle identit\u00e9 remplace \u00ab\u00a0Fribourg Network Freiburg\u00a0\u00bb et pr\u00e9sente le canton comme un lieu attractif pour l&rsquo;innovation et l&rsquo;excellence.<\/p>\n","protected":false},"author":2,"featured_media":130566,"comment_status":"open","ping_status":"open","sticky":false,"template":"","format":"standard","meta":{"pmpro_default_level":"","inline_featured_image":false,"_monsterinsights_skip_tracking":false,"footnotes":""},"categories":[49707,743,22357,8452],"tags":[53625,9790,848,872,3931,8461,2002,52765,53626,2237,9987],"class_list":["post-135418","post","type-post","status-publish","format-standard","has-post-thumbnail","hentry","category-freiburg-fr","category-immonews-fr","category-industrie-du-batiment","category-regions","tag-fribourg-2-fr","tag-global-fr","tag-immobilien-fr","tag-immoinvest-fr","tag-immonews-fr","tag-kanton-fr","tag-news-fr","tag-sichtbarkeit-fr","tag-standortsforderung-fr","tag-technologie-fr","tag-vermarktung-fr","pmpro-has-access"],"acf":{"bild_mit_ki_erstellt_worden":[],"lead":"Avec le lancement de la marque fribourg.swiss, la Promotion \u00e9conomique du canton de Fribourg (PEF) lance une plateforme de communication moderne et cibl\u00e9e pour renforcer sa visibilit\u00e9 \u00e9conomique au niveau national et international. La nouvelle identit\u00e9 remplace \"Fribourg Network Freiburg\" et pr\u00e9sente le canton comme un lieu attractif pour l'innovation et l'excellence.","autor":"Quelle: Fribourg","ort":"","bildunterschrift":"","bild_im_grid":false,"gallerie":"","newsim":""},"aioseo_notices":[],"aioseo_head":"\n\t\t<!-- All in One SEO 5.0.0.1 - aioseo.com -->\n\t<meta name=\"description\" content=\"Avec le lancement de la marque fribourg.swiss, la Promotion \u00e9conomique du canton de Fribourg (PEF) lance une plateforme de communication moderne et cibl\u00e9e pour renforcer sa visibilit\u00e9 \u00e9conomique au niveau national et international. La nouvelle identit\u00e9 remplace &quot;Fribourg Network Freiburg&quot; et pr\u00e9sente le canton comme un lieu attractif pour l&#039;innovation et l&#039;excellence.\" \/>\n\t<meta name=\"robots\" content=\"max-image-preview:large\" \/>\n\t<meta name=\"author\" content=\"immovestuser\"\/>\n\t<meta name=\"google-site-verification\" content=\"fHJKvgWpZCR2zVBHWfkQeFXC11qieUSff0HGNYfuyLA\" \/>\n\t<link rel=\"canonical\" href=\"https:\/\/www.immo-invest.ch\/fr\/fribourg-swiss-marke-starkt-internationale-position\/\" \/>\n\t<meta name=\"generator\" content=\"All in One SEO (AIOSEO) 5.0.0.1\" \/>\n\t\t<meta property=\"og:locale\" content=\"fr_FR\" \/>\n\t\t<meta property=\"og:site_name\" content=\"immo!nvest - Die Plattform f\u00fcr Standorte und Immobilien - Die\u00a0Plattform f\u00fcr Standorte und Immobilien\" \/>\n\t\t<meta property=\"og:type\" content=\"article\" \/>\n\t\t<meta property=\"og:title\" content=\"La marque Fribourg.swiss renforce sa position internationale - immo!nvest - Die Plattform f\u00fcr Standorte und Immobilien\" \/>\n\t\t<meta property=\"og:description\" content=\"Avec le lancement de la marque fribourg.swiss, la Promotion \u00e9conomique du canton de Fribourg (PEF) lance une plateforme de communication moderne et cibl\u00e9e pour renforcer sa visibilit\u00e9 \u00e9conomique au niveau national et international. La nouvelle identit\u00e9 remplace &quot;Fribourg Network Freiburg&quot; et pr\u00e9sente le canton comme un lieu attractif pour l&#039;innovation et l&#039;excellence.\" \/>\n\t\t<meta property=\"og:url\" content=\"https:\/\/www.immo-invest.ch\/fr\/fribourg-swiss-marke-starkt-internationale-position\/\" \/>\n\t\t<meta property=\"og:image\" content=\"https:\/\/www.immo-invest.ch\/wp-content\/uploads\/2025\/04\/fribourg_vieille_ville-e1744362087574.jpg\" \/>\n\t\t<meta property=\"og:image:secure_url\" content=\"https:\/\/www.immo-invest.ch\/wp-content\/uploads\/2025\/04\/fribourg_vieille_ville-e1744362087574.jpg\" \/>\n\t\t<meta property=\"og:image:width\" content=\"1047\" \/>\n\t\t<meta property=\"og:image:height\" content=\"700\" \/>\n\t\t<meta property=\"article:published_time\" content=\"2025-07-07T14:39:31+00:00\" \/>\n\t\t<meta property=\"article:modified_time\" content=\"2025-07-07T14:49:16+00:00\" \/>\n\t\t<meta property=\"article:publisher\" content=\"https:\/\/www.facebook.com\/people\/Immoinvest\/100077962920504\/\" \/>\n\t\t<meta name=\"twitter:card\" content=\"summary_large_image\" \/>\n\t\t<meta name=\"twitter:site\" content=\"@i\" \/>\n\t\t<meta name=\"twitter:title\" content=\"La marque Fribourg.swiss renforce sa position internationale - immo!nvest - Die Plattform f\u00fcr Standorte und Immobilien\" \/>\n\t\t<meta name=\"twitter:description\" content=\"Avec le lancement de la marque fribourg.swiss, la Promotion \u00e9conomique du canton de Fribourg (PEF) lance une plateforme de communication moderne et cibl\u00e9e pour renforcer sa visibilit\u00e9 \u00e9conomique au niveau national et international. La nouvelle identit\u00e9 remplace &quot;Fribourg Network Freiburg&quot; et pr\u00e9sente le canton comme un lieu attractif pour l&#039;innovation et l&#039;excellence.\" \/>\n\t\t<meta name=\"twitter:creator\" content=\"@i\" \/>\n\t\t<meta name=\"twitter:image\" content=\"https:\/\/www.immo-invest.ch\/wp-content\/uploads\/2025\/04\/fribourg_vieille_ville-e1744362087574.jpg\" \/>\n\t\t<script type=\"application\/ld+json\" class=\"aioseo-schema\">\n\t\t\t{\"@context\":\"https:\\\/\\\/schema.org\",\"@graph\":[{\"@type\":\"BlogPosting\",\"@id\":\"https:\\\/\\\/www.immo-invest.ch\\\/fr\\\/fribourg-swiss-marke-starkt-internationale-position\\\/#blogposting\",\"name\":\"La marque Fribourg.swiss renforce sa position internationale - immo!nvest - Die Plattform f\\u00fcr Standorte und Immobilien\",\"headline\":\"La marque Fribourg.swiss renforce sa position internationale\",\"author\":{\"@id\":\"https:\\\/\\\/www.immo-invest.ch\\\/fr\\\/author\\\/immovestuser\\\/#author\"},\"publisher\":{\"@id\":\"https:\\\/\\\/www.immo-invest.ch\\\/fr\\\/#organization\"},\"image\":{\"@type\":\"ImageObject\",\"url\":\"https:\\\/\\\/www.immo-invest.ch\\\/wp-content\\\/uploads\\\/2025\\\/04\\\/fribourg_vieille_ville-e1744362087574.jpg\",\"width\":1047,\"height\":700},\"datePublished\":\"2025-07-07T16:39:31+02:00\",\"dateModified\":\"2025-07-07T16:49:16+02:00\",\"inLanguage\":\"fr-FR\",\"mainEntityOfPage\":{\"@id\":\"https:\\\/\\\/www.immo-invest.ch\\\/fr\\\/fribourg-swiss-marke-starkt-internationale-position\\\/#webpage\"},\"isPartOf\":{\"@id\":\"https:\\\/\\\/www.immo-invest.ch\\\/fr\\\/fribourg-swiss-marke-starkt-internationale-position\\\/#webpage\"},\"articleSection\":\"Freiburg, immoNews, Industrie du b\\u00e2timent, R\\u00e9gions, Fribourg, Global, immobilien, Immoinvest, immoNews, KAnton, News, Sichtbarkeit, Standortsf\\u00f6rderung, Technologie, Vermarktung, Facultatif\"},{\"@type\":\"BreadcrumbList\",\"@id\":\"https:\\\/\\\/www.immo-invest.ch\\\/fr\\\/fribourg-swiss-marke-starkt-internationale-position\\\/#breadcrumblist\",\"itemListElement\":[{\"@type\":\"ListItem\",\"@id\":\"https:\\\/\\\/www.immo-invest.ch\\\/fr\\\/#listItem\",\"position\":1,\"name\":\"Home\",\"item\":\"https:\\\/\\\/www.immo-invest.ch\\\/fr\\\/\",\"nextItem\":{\"@type\":\"ListItem\",\"@id\":\"https:\\\/\\\/www.immo-invest.ch\\\/fr\\\/categories\\\/regions\\\/#listItem\",\"name\":\"R\\u00e9gions\"}},{\"@type\":\"ListItem\",\"@id\":\"https:\\\/\\\/www.immo-invest.ch\\\/fr\\\/categories\\\/regions\\\/#listItem\",\"position\":2,\"name\":\"R\\u00e9gions\",\"item\":\"https:\\\/\\\/www.immo-invest.ch\\\/fr\\\/categories\\\/regions\\\/\",\"nextItem\":{\"@type\":\"ListItem\",\"@id\":\"https:\\\/\\\/www.immo-invest.ch\\\/fr\\\/categories\\\/regions\\\/suisse\\\/#listItem\",\"name\":\"Suisse\"},\"previousItem\":{\"@type\":\"ListItem\",\"@id\":\"https:\\\/\\\/www.immo-invest.ch\\\/fr\\\/#listItem\",\"name\":\"Home\"}},{\"@type\":\"ListItem\",\"@id\":\"https:\\\/\\\/www.immo-invest.ch\\\/fr\\\/categories\\\/regions\\\/suisse\\\/#listItem\",\"position\":3,\"name\":\"Suisse\",\"item\":\"https:\\\/\\\/www.immo-invest.ch\\\/fr\\\/categories\\\/regions\\\/suisse\\\/\",\"nextItem\":{\"@type\":\"ListItem\",\"@id\":\"https:\\\/\\\/www.immo-invest.ch\\\/fr\\\/categories\\\/regions\\\/suisse\\\/espace-mittelland\\\/#listItem\",\"name\":\"Espace Mittelland\"},\"previousItem\":{\"@type\":\"ListItem\",\"@id\":\"https:\\\/\\\/www.immo-invest.ch\\\/fr\\\/categories\\\/regions\\\/#listItem\",\"name\":\"R\\u00e9gions\"}},{\"@type\":\"ListItem\",\"@id\":\"https:\\\/\\\/www.immo-invest.ch\\\/fr\\\/categories\\\/regions\\\/suisse\\\/espace-mittelland\\\/#listItem\",\"position\":4,\"name\":\"Espace Mittelland\",\"item\":\"https:\\\/\\\/www.immo-invest.ch\\\/fr\\\/categories\\\/regions\\\/suisse\\\/espace-mittelland\\\/\",\"nextItem\":{\"@type\":\"ListItem\",\"@id\":\"https:\\\/\\\/www.immo-invest.ch\\\/fr\\\/categories\\\/regions\\\/suisse\\\/espace-mittelland\\\/freiburg-fr\\\/#listItem\",\"name\":\"Freiburg\"},\"previousItem\":{\"@type\":\"ListItem\",\"@id\":\"https:\\\/\\\/www.immo-invest.ch\\\/fr\\\/categories\\\/regions\\\/suisse\\\/#listItem\",\"name\":\"Suisse\"}},{\"@type\":\"ListItem\",\"@id\":\"https:\\\/\\\/www.immo-invest.ch\\\/fr\\\/categories\\\/regions\\\/suisse\\\/espace-mittelland\\\/freiburg-fr\\\/#listItem\",\"position\":5,\"name\":\"Freiburg\",\"item\":\"https:\\\/\\\/www.immo-invest.ch\\\/fr\\\/categories\\\/regions\\\/suisse\\\/espace-mittelland\\\/freiburg-fr\\\/\",\"nextItem\":{\"@type\":\"ListItem\",\"@id\":\"https:\\\/\\\/www.immo-invest.ch\\\/fr\\\/fribourg-swiss-marke-starkt-internationale-position\\\/#listItem\",\"name\":\"La marque Fribourg.swiss renforce sa position internationale\"},\"previousItem\":{\"@type\":\"ListItem\",\"@id\":\"https:\\\/\\\/www.immo-invest.ch\\\/fr\\\/categories\\\/regions\\\/suisse\\\/espace-mittelland\\\/#listItem\",\"name\":\"Espace Mittelland\"}},{\"@type\":\"ListItem\",\"@id\":\"https:\\\/\\\/www.immo-invest.ch\\\/fr\\\/fribourg-swiss-marke-starkt-internationale-position\\\/#listItem\",\"position\":6,\"name\":\"La marque Fribourg.swiss renforce sa position internationale\",\"previousItem\":{\"@type\":\"ListItem\",\"@id\":\"https:\\\/\\\/www.immo-invest.ch\\\/fr\\\/categories\\\/regions\\\/suisse\\\/espace-mittelland\\\/freiburg-fr\\\/#listItem\",\"name\":\"Freiburg\"}}]},{\"@type\":\"Organization\",\"@id\":\"https:\\\/\\\/www.immo-invest.ch\\\/fr\\\/#organization\",\"name\":\"immo!nvest - Die Plattform f\\u00fcr Standorte und Immobilien\",\"description\":\"Die\\u00a0Plattform f\\u00fcr Standorte und Immobilien\",\"url\":\"https:\\\/\\\/www.immo-invest.ch\\\/fr\\\/\",\"email\":\"admin@immomedia.ag\",\"telephone\":\"+41444420002\",\"logo\":{\"@type\":\"ImageObject\",\"url\":\"https:\\\/\\\/www.immo-invest.ch\\\/wp-content\\\/uploads\\\/2024\\\/09\\\/immoinvest_sm-scaled.jpg\",\"@id\":\"https:\\\/\\\/www.immo-invest.ch\\\/fr\\\/fribourg-swiss-marke-starkt-internationale-position\\\/#organizationLogo\",\"width\":2560,\"height\":1340},\"image\":{\"@id\":\"https:\\\/\\\/www.immo-invest.ch\\\/fr\\\/fribourg-swiss-marke-starkt-internationale-position\\\/#organizationLogo\"},\"sameAs\":[\"https:\\\/\\\/www.facebook.com\\\/people\\\/Immoinvest\\\/100077962920504\\\/\",\"https:\\\/\\\/x.com\\\/i\\\/flow\\\/login?redirect_after_login=immoinvest_ch\",\"https:\\\/\\\/www.instagram.com\\\/immoinvest_ch\\\/\",\"https:\\\/\\\/www.linkedin.com\\\/company\\\/immoinvest-swiss\"]},{\"@type\":\"Person\",\"@id\":\"https:\\\/\\\/www.immo-invest.ch\\\/fr\\\/author\\\/immovestuser\\\/#author\",\"url\":\"https:\\\/\\\/www.immo-invest.ch\\\/fr\\\/author\\\/immovestuser\\\/\",\"name\":\"immovestuser\",\"image\":{\"@type\":\"ImageObject\",\"@id\":\"https:\\\/\\\/www.immo-invest.ch\\\/fr\\\/fribourg-swiss-marke-starkt-internationale-position\\\/#authorImage\",\"url\":\"https:\\\/\\\/secure.gravatar.com\\\/avatar\\\/8e01f4d99f2eeea7a362ebb93305e1172a70e9293ba250f897a65c39f54cdd1e?s=96&d=mm&r=g\",\"width\":96,\"height\":96,\"caption\":\"immovestuser\"}},{\"@type\":\"WebPage\",\"@id\":\"https:\\\/\\\/www.immo-invest.ch\\\/fr\\\/fribourg-swiss-marke-starkt-internationale-position\\\/#webpage\",\"url\":\"https:\\\/\\\/www.immo-invest.ch\\\/fr\\\/fribourg-swiss-marke-starkt-internationale-position\\\/\",\"name\":\"La marque Fribourg.swiss renforce sa position internationale - immo!nvest - Die Plattform f\\u00fcr Standorte und Immobilien\",\"description\":\"Avec le lancement de la marque fribourg.swiss, la Promotion \\u00e9conomique du canton de Fribourg (PEF) lance une plateforme de communication moderne et cibl\\u00e9e pour renforcer sa visibilit\\u00e9 \\u00e9conomique au niveau national et international. La nouvelle identit\\u00e9 remplace \\\"Fribourg Network Freiburg\\\" et pr\\u00e9sente le canton comme un lieu attractif pour l'innovation et l'excellence.\",\"inLanguage\":\"fr-FR\",\"isPartOf\":{\"@id\":\"https:\\\/\\\/www.immo-invest.ch\\\/fr\\\/#website\"},\"breadcrumb\":{\"@id\":\"https:\\\/\\\/www.immo-invest.ch\\\/fr\\\/fribourg-swiss-marke-starkt-internationale-position\\\/#breadcrumblist\"},\"author\":{\"@id\":\"https:\\\/\\\/www.immo-invest.ch\\\/fr\\\/author\\\/immovestuser\\\/#author\"},\"creator\":{\"@id\":\"https:\\\/\\\/www.immo-invest.ch\\\/fr\\\/author\\\/immovestuser\\\/#author\"},\"image\":{\"@type\":\"ImageObject\",\"url\":\"https:\\\/\\\/www.immo-invest.ch\\\/wp-content\\\/uploads\\\/2025\\\/04\\\/fribourg_vieille_ville-e1744362087574.jpg\",\"@id\":\"https:\\\/\\\/www.immo-invest.ch\\\/fr\\\/fribourg-swiss-marke-starkt-internationale-position\\\/#mainImage\",\"width\":1047,\"height\":700},\"primaryImageOfPage\":{\"@id\":\"https:\\\/\\\/www.immo-invest.ch\\\/fr\\\/fribourg-swiss-marke-starkt-internationale-position\\\/#mainImage\"},\"datePublished\":\"2025-07-07T16:39:31+02:00\",\"dateModified\":\"2025-07-07T16:49:16+02:00\"},{\"@type\":\"WebSite\",\"@id\":\"https:\\\/\\\/www.immo-invest.ch\\\/fr\\\/#website\",\"url\":\"https:\\\/\\\/www.immo-invest.ch\\\/fr\\\/\",\"name\":\"immo!nvest - Die Plattform f\\u00fcr Standorte und Immobilien\",\"description\":\"Die\\u00a0Plattform f\\u00fcr Standorte und Immobilien\",\"inLanguage\":\"fr-FR\",\"publisher\":{\"@id\":\"https:\\\/\\\/www.immo-invest.ch\\\/fr\\\/#organization\"}}]}\n\t\t<\/script>\n\t\t<!-- All in One SEO -->\n\n","aioseo_head_json":{"title":"La marque Fribourg.swiss renforce sa position internationale - immo!nvest - Die Plattform f\u00fcr Standorte und Immobilien","description":"Avec le lancement de la marque fribourg.swiss, la Promotion \u00e9conomique du canton de Fribourg (PEF) lance une plateforme de communication moderne et cibl\u00e9e pour renforcer sa visibilit\u00e9 \u00e9conomique au niveau national et international. La nouvelle identit\u00e9 remplace \"Fribourg Network Freiburg\" et pr\u00e9sente le canton comme un lieu attractif pour l'innovation et l'excellence.","canonical_url":"https:\/\/www.immo-invest.ch\/fr\/fribourg-swiss-marke-starkt-internationale-position\/","robots":"max-image-preview:large","keywords":"","webmasterTools":{"google-site-verification":"fHJKvgWpZCR2zVBHWfkQeFXC11qieUSff0HGNYfuyLA","miscellaneous":""},"schema":{"@context":"https:\/\/schema.org","@graph":[{"@type":"BlogPosting","@id":"https:\/\/www.immo-invest.ch\/fr\/fribourg-swiss-marke-starkt-internationale-position\/#blogposting","name":"La marque Fribourg.swiss renforce sa position internationale - immo!nvest - Die Plattform f\u00fcr Standorte und Immobilien","headline":"La marque Fribourg.swiss renforce sa position internationale","author":{"@id":"https:\/\/www.immo-invest.ch\/fr\/author\/immovestuser\/#author"},"publisher":{"@id":"https:\/\/www.immo-invest.ch\/fr\/#organization"},"image":{"@type":"ImageObject","url":"https:\/\/www.immo-invest.ch\/wp-content\/uploads\/2025\/04\/fribourg_vieille_ville-e1744362087574.jpg","width":1047,"height":700},"datePublished":"2025-07-07T16:39:31+02:00","dateModified":"2025-07-07T16:49:16+02:00","inLanguage":"fr-FR","mainEntityOfPage":{"@id":"https:\/\/www.immo-invest.ch\/fr\/fribourg-swiss-marke-starkt-internationale-position\/#webpage"},"isPartOf":{"@id":"https:\/\/www.immo-invest.ch\/fr\/fribourg-swiss-marke-starkt-internationale-position\/#webpage"},"articleSection":"Freiburg, immoNews, Industrie du b\u00e2timent, R\u00e9gions, Fribourg, Global, immobilien, Immoinvest, immoNews, KAnton, News, Sichtbarkeit, Standortsf\u00f6rderung, Technologie, Vermarktung, Facultatif"},{"@type":"BreadcrumbList","@id":"https:\/\/www.immo-invest.ch\/fr\/fribourg-swiss-marke-starkt-internationale-position\/#breadcrumblist","itemListElement":[{"@type":"ListItem","@id":"https:\/\/www.immo-invest.ch\/fr\/#listItem","position":1,"name":"Home","item":"https:\/\/www.immo-invest.ch\/fr\/","nextItem":{"@type":"ListItem","@id":"https:\/\/www.immo-invest.ch\/fr\/categories\/regions\/#listItem","name":"R\u00e9gions"}},{"@type":"ListItem","@id":"https:\/\/www.immo-invest.ch\/fr\/categories\/regions\/#listItem","position":2,"name":"R\u00e9gions","item":"https:\/\/www.immo-invest.ch\/fr\/categories\/regions\/","nextItem":{"@type":"ListItem","@id":"https:\/\/www.immo-invest.ch\/fr\/categories\/regions\/suisse\/#listItem","name":"Suisse"},"previousItem":{"@type":"ListItem","@id":"https:\/\/www.immo-invest.ch\/fr\/#listItem","name":"Home"}},{"@type":"ListItem","@id":"https:\/\/www.immo-invest.ch\/fr\/categories\/regions\/suisse\/#listItem","position":3,"name":"Suisse","item":"https:\/\/www.immo-invest.ch\/fr\/categories\/regions\/suisse\/","nextItem":{"@type":"ListItem","@id":"https:\/\/www.immo-invest.ch\/fr\/categories\/regions\/suisse\/espace-mittelland\/#listItem","name":"Espace Mittelland"},"previousItem":{"@type":"ListItem","@id":"https:\/\/www.immo-invest.ch\/fr\/categories\/regions\/#listItem","name":"R\u00e9gions"}},{"@type":"ListItem","@id":"https:\/\/www.immo-invest.ch\/fr\/categories\/regions\/suisse\/espace-mittelland\/#listItem","position":4,"name":"Espace Mittelland","item":"https:\/\/www.immo-invest.ch\/fr\/categories\/regions\/suisse\/espace-mittelland\/","nextItem":{"@type":"ListItem","@id":"https:\/\/www.immo-invest.ch\/fr\/categories\/regions\/suisse\/espace-mittelland\/freiburg-fr\/#listItem","name":"Freiburg"},"previousItem":{"@type":"ListItem","@id":"https:\/\/www.immo-invest.ch\/fr\/categories\/regions\/suisse\/#listItem","name":"Suisse"}},{"@type":"ListItem","@id":"https:\/\/www.immo-invest.ch\/fr\/categories\/regions\/suisse\/espace-mittelland\/freiburg-fr\/#listItem","position":5,"name":"Freiburg","item":"https:\/\/www.immo-invest.ch\/fr\/categories\/regions\/suisse\/espace-mittelland\/freiburg-fr\/","nextItem":{"@type":"ListItem","@id":"https:\/\/www.immo-invest.ch\/fr\/fribourg-swiss-marke-starkt-internationale-position\/#listItem","name":"La marque Fribourg.swiss renforce sa position internationale"},"previousItem":{"@type":"ListItem","@id":"https:\/\/www.immo-invest.ch\/fr\/categories\/regions\/suisse\/espace-mittelland\/#listItem","name":"Espace Mittelland"}},{"@type":"ListItem","@id":"https:\/\/www.immo-invest.ch\/fr\/fribourg-swiss-marke-starkt-internationale-position\/#listItem","position":6,"name":"La marque Fribourg.swiss renforce sa position internationale","previousItem":{"@type":"ListItem","@id":"https:\/\/www.immo-invest.ch\/fr\/categories\/regions\/suisse\/espace-mittelland\/freiburg-fr\/#listItem","name":"Freiburg"}}]},{"@type":"Organization","@id":"https:\/\/www.immo-invest.ch\/fr\/#organization","name":"immo!nvest - Die Plattform f\u00fcr Standorte und Immobilien","description":"Die\u00a0Plattform f\u00fcr Standorte und Immobilien","url":"https:\/\/www.immo-invest.ch\/fr\/","email":"admin@immomedia.ag","telephone":"+41444420002","logo":{"@type":"ImageObject","url":"https:\/\/www.immo-invest.ch\/wp-content\/uploads\/2024\/09\/immoinvest_sm-scaled.jpg","@id":"https:\/\/www.immo-invest.ch\/fr\/fribourg-swiss-marke-starkt-internationale-position\/#organizationLogo","width":2560,"height":1340},"image":{"@id":"https:\/\/www.immo-invest.ch\/fr\/fribourg-swiss-marke-starkt-internationale-position\/#organizationLogo"},"sameAs":["https:\/\/www.facebook.com\/people\/Immoinvest\/100077962920504\/","https:\/\/x.com\/i\/flow\/login?redirect_after_login=immoinvest_ch","https:\/\/www.instagram.com\/immoinvest_ch\/","https:\/\/www.linkedin.com\/company\/immoinvest-swiss"]},{"@type":"Person","@id":"https:\/\/www.immo-invest.ch\/fr\/author\/immovestuser\/#author","url":"https:\/\/www.immo-invest.ch\/fr\/author\/immovestuser\/","name":"immovestuser","image":{"@type":"ImageObject","@id":"https:\/\/www.immo-invest.ch\/fr\/fribourg-swiss-marke-starkt-internationale-position\/#authorImage","url":"https:\/\/secure.gravatar.com\/avatar\/8e01f4d99f2eeea7a362ebb93305e1172a70e9293ba250f897a65c39f54cdd1e?s=96&d=mm&r=g","width":96,"height":96,"caption":"immovestuser"}},{"@type":"WebPage","@id":"https:\/\/www.immo-invest.ch\/fr\/fribourg-swiss-marke-starkt-internationale-position\/#webpage","url":"https:\/\/www.immo-invest.ch\/fr\/fribourg-swiss-marke-starkt-internationale-position\/","name":"La marque Fribourg.swiss renforce sa position internationale - immo!nvest - Die Plattform f\u00fcr Standorte und Immobilien","description":"Avec le lancement de la marque fribourg.swiss, la Promotion \u00e9conomique du canton de Fribourg (PEF) lance une plateforme de communication moderne et cibl\u00e9e pour renforcer sa visibilit\u00e9 \u00e9conomique au niveau national et international. La nouvelle identit\u00e9 remplace \"Fribourg Network Freiburg\" et pr\u00e9sente le canton comme un lieu attractif pour l'innovation et l'excellence.","inLanguage":"fr-FR","isPartOf":{"@id":"https:\/\/www.immo-invest.ch\/fr\/#website"},"breadcrumb":{"@id":"https:\/\/www.immo-invest.ch\/fr\/fribourg-swiss-marke-starkt-internationale-position\/#breadcrumblist"},"author":{"@id":"https:\/\/www.immo-invest.ch\/fr\/author\/immovestuser\/#author"},"creator":{"@id":"https:\/\/www.immo-invest.ch\/fr\/author\/immovestuser\/#author"},"image":{"@type":"ImageObject","url":"https:\/\/www.immo-invest.ch\/wp-content\/uploads\/2025\/04\/fribourg_vieille_ville-e1744362087574.jpg","@id":"https:\/\/www.immo-invest.ch\/fr\/fribourg-swiss-marke-starkt-internationale-position\/#mainImage","width":1047,"height":700},"primaryImageOfPage":{"@id":"https:\/\/www.immo-invest.ch\/fr\/fribourg-swiss-marke-starkt-internationale-position\/#mainImage"},"datePublished":"2025-07-07T16:39:31+02:00","dateModified":"2025-07-07T16:49:16+02:00"},{"@type":"WebSite","@id":"https:\/\/www.immo-invest.ch\/fr\/#website","url":"https:\/\/www.immo-invest.ch\/fr\/","name":"immo!nvest - Die Plattform f\u00fcr Standorte und Immobilien","description":"Die\u00a0Plattform f\u00fcr Standorte und Immobilien","inLanguage":"fr-FR","publisher":{"@id":"https:\/\/www.immo-invest.ch\/fr\/#organization"}}]},"og:locale":"fr_FR","og:site_name":"immo!nvest - Die Plattform f\u00fcr Standorte und Immobilien - Die\u00a0Plattform f\u00fcr Standorte und Immobilien","og:type":"article","og:title":"La marque Fribourg.swiss renforce sa position internationale - immo!nvest - Die Plattform f\u00fcr Standorte und Immobilien","og:description":"Avec le lancement de la marque fribourg.swiss, la Promotion \u00e9conomique du canton de Fribourg (PEF) lance une plateforme de communication moderne et cibl\u00e9e pour renforcer sa visibilit\u00e9 \u00e9conomique au niveau national et international. La nouvelle identit\u00e9 remplace &quot;Fribourg Network Freiburg&quot; et pr\u00e9sente le canton comme un lieu attractif pour l'innovation et l'excellence.","og:url":"https:\/\/www.immo-invest.ch\/fr\/fribourg-swiss-marke-starkt-internationale-position\/","og:image":"https:\/\/www.immo-invest.ch\/wp-content\/uploads\/2025\/04\/fribourg_vieille_ville-e1744362087574.jpg","og:image:secure_url":"https:\/\/www.immo-invest.ch\/wp-content\/uploads\/2025\/04\/fribourg_vieille_ville-e1744362087574.jpg","og:image:width":1047,"og:image:height":700,"article:published_time":"2025-07-07T14:39:31+00:00","article:modified_time":"2025-07-07T14:49:16+00:00","article:publisher":"https:\/\/www.facebook.com\/people\/Immoinvest\/100077962920504\/","twitter:card":"summary_large_image","twitter:site":"@i","twitter:title":"La marque Fribourg.swiss renforce sa position internationale - immo!nvest - Die Plattform f\u00fcr Standorte und Immobilien","twitter:description":"Avec le lancement de la marque fribourg.swiss, la Promotion \u00e9conomique du canton de Fribourg (PEF) lance une plateforme de communication moderne et cibl\u00e9e pour renforcer sa visibilit\u00e9 \u00e9conomique au niveau national et international. La nouvelle identit\u00e9 remplace &quot;Fribourg Network Freiburg&quot; et pr\u00e9sente le canton comme un lieu attractif pour l'innovation et l'excellence.","twitter:creator":"@i","twitter:image":"https:\/\/www.immo-invest.ch\/wp-content\/uploads\/2025\/04\/fribourg_vieille_ville-e1744362087574.jpg"},"aioseo_meta_data":{"post_id":"135418","title":null,"description":null,"keywords":null,"keyphrases":{"focus":{"keyphrase":"","score":0,"analysis":{"keyphraseInTitle":{"score":0,"maxScore":9,"error":1}}},"additional":[]},"primary_term":null,"canonical_url":null,"og_title":null,"og_description":null,"og_object_type":"default","og_image_type":"default","og_image_url":null,"og_image_width":null,"og_image_height":null,"og_image_custom_url":null,"og_image_custom_fields":null,"og_video":"","og_custom_url":null,"og_article_section":null,"og_article_tags":null,"twitter_use_og":false,"twitter_card":"default","twitter_image_type":"default","twitter_image_url":null,"twitter_image_custom_url":null,"twitter_image_custom_fields":null,"twitter_title":null,"twitter_description":null,"schema":{"blockGraphs":[],"customGraphs":[],"default":{"data":{"Article":[],"Course":[],"Dataset":[],"FAQPage":[],"Movie":[],"Person":[],"Product":[],"ProductReview":[],"Car":[],"Recipe":[],"Service":[],"SoftwareApplication":[],"WebPage":[]},"graphName":"BlogPosting","isEnabled":true},"graphs":[]},"schema_type":"default","schema_type_options":null,"pillar_content":false,"robots_default":true,"robots_noindex":false,"robots_noarchive":false,"robots_nosnippet":false,"robots_nofollow":false,"robots_noimageindex":false,"robots_noodp":false,"robots_notranslate":false,"robots_max_snippet":"-1","robots_max_videopreview":"-1","robots_max_imagepreview":"large","priority":null,"frequency":"default","local_seo":null,"breadcrumb_settings":null,"limit_modified_date":false,"ai":null,"created":"2025-07-07 14:49:17","updated":"2025-10-24 22:59:13","seo_analyzer_scan_date":null,"focus_keyword":null,"additional_keywords":null,"truseo_locale":null},"aioseo_breadcrumb":"<div class=\"aioseo-breadcrumbs\"><span class=\"aioseo-breadcrumb\">\n\t\t\t<a href=\"https:\/\/www.immo-invest.ch\/fr\/\" title=\"Home\">Home<\/a>\n\t\t<\/span><span class=\"aioseo-breadcrumb-separator\">&raquo;<\/span><span class=\"aioseo-breadcrumb\">\n\t\t\t<a href=\"https:\/\/www.immo-invest.ch\/fr\/categories\/regions\/\" title=\"R\u00e9gions\">R\u00e9gions<\/a>\n\t\t<\/span><span class=\"aioseo-breadcrumb-separator\">&raquo;<\/span><span class=\"aioseo-breadcrumb\">\n\t\t\t<a href=\"https:\/\/www.immo-invest.ch\/fr\/categories\/regions\/suisse\/\" title=\"Suisse\">Suisse<\/a>\n\t\t<\/span><span class=\"aioseo-breadcrumb-separator\">&raquo;<\/span><span class=\"aioseo-breadcrumb\">\n\t\t\t<a href=\"https:\/\/www.immo-invest.ch\/fr\/categories\/regions\/suisse\/espace-mittelland\/\" title=\"Espace Mittelland\">Espace Mittelland<\/a>\n\t\t<\/span><span class=\"aioseo-breadcrumb-separator\">&raquo;<\/span><span class=\"aioseo-breadcrumb\">\n\t\t\t<a href=\"https:\/\/www.immo-invest.ch\/fr\/categories\/regions\/suisse\/espace-mittelland\/freiburg-fr\/\" title=\"Freiburg\">Freiburg<\/a>\n\t\t<\/span><span class=\"aioseo-breadcrumb-separator\">&raquo;<\/span><span class=\"aioseo-breadcrumb\">\n\t\t\tLa marque Fribourg.swiss renforce sa position internationale\n\t\t<\/span><\/div>","aioseo_breadcrumb_json":[{"label":"Home","link":"https:\/\/www.immo-invest.ch\/fr\/"},{"label":"R\u00e9gions","link":"https:\/\/www.immo-invest.ch\/fr\/categories\/regions\/"},{"label":"Suisse","link":"https:\/\/www.immo-invest.ch\/fr\/categories\/regions\/suisse\/"},{"label":"Espace Mittelland","link":"https:\/\/www.immo-invest.ch\/fr\/categories\/regions\/suisse\/espace-mittelland\/"},{"label":"Freiburg","link":"https:\/\/www.immo-invest.ch\/fr\/categories\/regions\/suisse\/espace-mittelland\/freiburg-fr\/"},{"label":"La marque Fribourg.swiss renforce sa position internationale","link":"https:\/\/www.immo-invest.ch\/fr\/fribourg-swiss-marke-starkt-internationale-position\/"}],"featured_image_src":"https:\/\/www.immo-invest.ch\/wp-content\/uploads\/2025\/04\/fribourg_vieille_ville-e1744362087574-336x168.jpg","_links":{"self":[{"href":"https:\/\/www.immo-invest.ch\/fr\/wp-json\/wp\/v2\/posts\/135418","targetHints":{"allow":["GET"]}}],"collection":[{"href":"https:\/\/www.immo-invest.ch\/fr\/wp-json\/wp\/v2\/posts"}],"about":[{"href":"https:\/\/www.immo-invest.ch\/fr\/wp-json\/wp\/v2\/types\/post"}],"author":[{"embeddable":true,"href":"https:\/\/www.immo-invest.ch\/fr\/wp-json\/wp\/v2\/users\/2"}],"replies":[{"embeddable":true,"href":"https:\/\/www.immo-invest.ch\/fr\/wp-json\/wp\/v2\/comments?post=135418"}],"version-history":[{"count":0,"href":"https:\/\/www.immo-invest.ch\/fr\/wp-json\/wp\/v2\/posts\/135418\/revisions"}],"wp:featuredmedia":[{"embeddable":true,"href":"https:\/\/www.immo-invest.ch\/fr\/wp-json\/wp\/v2\/media\/130566"}],"wp:attachment":[{"href":"https:\/\/www.immo-invest.ch\/fr\/wp-json\/wp\/v2\/media?parent=135418"}],"wp:term":[{"taxonomy":"category","embeddable":true,"href":"https:\/\/www.immo-invest.ch\/fr\/wp-json\/wp\/v2\/categories?post=135418"},{"taxonomy":"post_tag","embeddable":true,"href":"https:\/\/www.immo-invest.ch\/fr\/wp-json\/wp\/v2\/tags?post=135418"}],"curies":[{"name":"wp","href":"https:\/\/api.w.org\/{rel}","templated":true}]}}