{"id":135357,"date":"2025-07-09T08:55:00","date_gmt":"2025-07-09T06:55:00","guid":{"rendered":"https:\/\/www.immo-invest.ch\/?p=135357"},"modified":"2025-07-07T11:04:23","modified_gmt":"2025-07-07T09:04:23","slug":"fuehrungswechsel-bei-immobilienfirma-aus-schlieren","status":"publish","type":"post","link":"https:\/\/www.immo-invest.ch\/fr\/fuehrungswechsel-bei-immobilienfirma-aus-schlieren\/","title":{"rendered":"Changement de direction pour une soci\u00e9t\u00e9 immobili\u00e8re de Schlieren"},"content":{"rendered":"<p class=\"bodytext\">La <a href=\"https:\/\/www.geistlich-immobilia.ch\/\" target=\"_blank\" rel=\"noopener\">soci&eacute;t&eacute; Geistlich Immobilia AG<\/a> annonce un changement &agrave; sa t&ecirc;te : D&eacute;but juillet, Ladina Esslinger a pris la direction du promoteur immobilier issu du <a href=\"https:\/\/www.geistlich-group.com\/de-ch\/\" target=\"_blank\" rel=\"noopener\">groupe Geistlich<\/a>, informe Geistlich Immobilia dans un communiqu&eacute;. L&rsquo;ancienne directrice du d&eacute;veloppement de projets reprend la direction op&eacute;rationnelle de Martin Geistlich. L&rsquo;ancien directeur g&eacute;n&eacute;ral reste toutefois actif dans l&rsquo;entreprise en tant que pr&eacute;sident du conseil d&rsquo;administration.<\/p>\n<p class=\"bodytext\">La soci&eacute;t&eacute; Geistlich Immobilia AG prend en charge, au sein du groupe Geistlich, le r&eacute;am&eacute;nagement de l&rsquo;ancien site de l&rsquo;entreprise &agrave; Schlieren. Le <span class=\"glossaryLink\" aria-describedby=\"tt\" data-cmtooltip=\"&lt;div class=glossaryItemTitle&gt;Quartier&lt;\/div&gt;&lt;div class=glossaryItemBody&gt;Amtliches, historisches, soziales oder stadtplanerisches Stadtviertel&lt;\/div&gt;\" data-mobile-support=\"0\" data-gt-translate-attributes='[{\"attribute\":\"data-cmtooltip\", \"format\":\"html\"}]' tabindex=\"0\" role=\"link\">quartier<\/span> amRietpark y est en cours de construction sur plus de 125 000 m&egrave;tres carr&eacute;s. Autour d&rsquo;un parc de 600 m&egrave;tres de long, quelque 650 appartements ainsi que des surfaces commerciales et des bureaux seront am&eacute;nag&eacute;s. Actuellement, Geistlich Immobilia s&rsquo;occupe de la r&eacute;alisation du projet Lymhof.<\/p>\n<p class=\"bodytext\">&laquo;&nbsp;Notre objectif est de r&eacute;aliser des projets qui renforcent &agrave; long terme Schlieren en tant que lieu d&rsquo;habitation et d&rsquo;activit&eacute; &eacute;conomique, avec une v&eacute;ritable valeur ajout&eacute;e pour les personnes qui y vivent, ainsi que pour les entreprises locales et nouvelles&nbsp;&raquo;, d&eacute;clare Esslinger, cit&eacute;e dans le communiqu&eacute;. La nouvelle directrice de Geistlich Immobilia AG a &eacute;tudi&eacute; l&rsquo;architecture &agrave; l&rsquo;Ecole polytechnique f&eacute;d&eacute;rale de Zurich et obtenu un Executive Master of Business Administration &agrave; l&rsquo;Universit&eacute; de Saint-Gall.<\/p>\n","protected":false},"excerpt":{"rendered":"<p>Ladina Esslinger a pris la direction de Geistlich Immobilia AG d\u00e9but juillet. Elle suit les traces de Martin Geistlich, qui reste dans l&rsquo;entreprise en tant que pr\u00e9sident du conseil d&rsquo;administration. Geistlich Immobilia AG fait partie du groupe Geistlich de Schlieren.<\/p>\n","protected":false},"author":2,"featured_media":129552,"comment_status":"open","ping_status":"open","sticky":false,"template":"","format":"standard","meta":{"pmpro_default_level":"","inline_featured_image":false,"_monsterinsights_skip_tracking":false,"footnotes":""},"categories":[22696,4464,743,9824],"tags":[19289,53595,872,3931,2002,53596],"class_list":["post-135357","post","type-post","status-publish","format-standard","has-post-thumbnail","hentry","category-entreprise","category-gens","category-immonews-fr","category-nouvelle-construction","tag-fuehrungswechsel-fr","tag-geistlich-immobilia-fr","tag-immoinvest-fr","tag-immonews-fr","tag-news-fr","tag-stadtentwicklung-schlieren-fr","pmpro-has-access"],"acf":{"bild_mit_ki_erstellt_worden":[],"lead":"Ladina Esslinger a pris la direction de Geistlich Immobilia AG d\u00e9but juillet. Elle suit les traces de Martin Geistlich, qui reste dans l'entreprise en tant que pr\u00e9sident du conseil d'administration. Geistlich Immobilia AG fait partie du groupe Geistlich de Schlieren.","autor":"ce\/hs","ort":"Schlieren ZH","bildunterschrift":"","bild_im_grid":false,"gallerie":"","newsim":""},"aioseo_notices":[],"aioseo_head":"\n\t\t<!-- All in One SEO 5.0.1.1 - aioseo.com -->\n\t<meta name=\"description\" content=\"Ladina Esslinger a pris la direction de Geistlich Immobilia AG d\u00e9but juillet. Elle suit les traces de Martin Geistlich, qui reste dans l&#039;entreprise en tant que pr\u00e9sident du conseil d&#039;administration. Geistlich Immobilia AG fait partie du groupe Geistlich de Schlieren.\" \/>\n\t<meta name=\"robots\" content=\"max-image-preview:large\" \/>\n\t<meta name=\"author\" content=\"immovestuser\"\/>\n\t<meta name=\"google-site-verification\" content=\"fHJKvgWpZCR2zVBHWfkQeFXC11qieUSff0HGNYfuyLA\" \/>\n\t<link rel=\"canonical\" href=\"https:\/\/www.immo-invest.ch\/fr\/fuehrungswechsel-bei-immobilienfirma-aus-schlieren\/\" \/>\n\t<meta name=\"generator\" content=\"All in One SEO (AIOSEO) 5.0.1.1\" \/>\n\t\t<meta property=\"og:locale\" content=\"fr_FR\" \/>\n\t\t<meta property=\"og:site_name\" content=\"immo!nvest - Die Plattform f\u00fcr Standorte und Immobilien - Die\u00a0Plattform f\u00fcr Standorte und Immobilien\" \/>\n\t\t<meta property=\"og:type\" content=\"article\" \/>\n\t\t<meta property=\"og:title\" content=\"Changement de direction pour une soci\u00e9t\u00e9 immobili\u00e8re de Schlieren - immo!nvest - Die Plattform f\u00fcr Standorte und Immobilien\" \/>\n\t\t<meta property=\"og:description\" content=\"Ladina Esslinger a pris la direction de Geistlich Immobilia AG d\u00e9but juillet. Elle suit les traces de Martin Geistlich, qui reste dans l&#039;entreprise en tant que pr\u00e9sident du conseil d&#039;administration. Geistlich Immobilia AG fait partie du groupe Geistlich de Schlieren.\" \/>\n\t\t<meta property=\"og:url\" content=\"https:\/\/www.immo-invest.ch\/fr\/fuehrungswechsel-bei-immobilienfirma-aus-schlieren\/\" \/>\n\t\t<meta property=\"og:image\" content=\"https:\/\/www.immo-invest.ch\/wp-content\/uploads\/2025\/04\/immo-invest-unternehmen-bauwirtschaft-unternehmensuebernahme-elektroplanung-thurgau.png\" \/>\n\t\t<meta property=\"og:image:secure_url\" content=\"https:\/\/www.immo-invest.ch\/wp-content\/uploads\/2025\/04\/immo-invest-unternehmen-bauwirtschaft-unternehmensuebernahme-elektroplanung-thurgau.png\" \/>\n\t\t<meta property=\"og:image:width\" content=\"1536\" \/>\n\t\t<meta property=\"og:image:height\" content=\"768\" \/>\n\t\t<meta property=\"article:published_time\" content=\"2025-07-09T06:55:00+00:00\" \/>\n\t\t<meta property=\"article:modified_time\" content=\"2025-07-07T09:04:23+00:00\" \/>\n\t\t<meta property=\"article:publisher\" content=\"https:\/\/www.facebook.com\/people\/Immoinvest\/100077962920504\/\" \/>\n\t\t<meta name=\"twitter:card\" content=\"summary_large_image\" \/>\n\t\t<meta name=\"twitter:site\" content=\"@i\" \/>\n\t\t<meta name=\"twitter:title\" content=\"Changement de direction pour une soci\u00e9t\u00e9 immobili\u00e8re de Schlieren - immo!nvest - Die Plattform f\u00fcr Standorte und Immobilien\" \/>\n\t\t<meta name=\"twitter:description\" content=\"Ladina Esslinger a pris la direction de Geistlich Immobilia AG d\u00e9but juillet. Elle suit les traces de Martin Geistlich, qui reste dans l&#039;entreprise en tant que pr\u00e9sident du conseil d&#039;administration. Geistlich Immobilia AG fait partie du groupe Geistlich de Schlieren.\" \/>\n\t\t<meta name=\"twitter:creator\" content=\"@i\" \/>\n\t\t<meta name=\"twitter:image\" content=\"https:\/\/www.immo-invest.ch\/wp-content\/uploads\/2025\/04\/immo-invest-unternehmen-bauwirtschaft-unternehmensuebernahme-elektroplanung-thurgau.png\" \/>\n\t\t<script type=\"application\/ld+json\" class=\"aioseo-schema\">\n\t\t\t{\"@context\":\"https:\\\/\\\/schema.org\",\"@graph\":[{\"@type\":\"BlogPosting\",\"@id\":\"https:\\\/\\\/www.immo-invest.ch\\\/fr\\\/fuehrungswechsel-bei-immobilienfirma-aus-schlieren\\\/#blogposting\",\"name\":\"Changement de direction pour une soci\\u00e9t\\u00e9 immobili\\u00e8re de Schlieren - immo!nvest - Die Plattform f\\u00fcr Standorte und Immobilien\",\"headline\":\"Changement de direction pour une soci\\u00e9t\\u00e9 immobili\\u00e8re de Schlieren\",\"author\":{\"@id\":\"https:\\\/\\\/www.immo-invest.ch\\\/fr\\\/author\\\/immovestuser\\\/#author\"},\"publisher\":{\"@id\":\"https:\\\/\\\/www.immo-invest.ch\\\/fr\\\/#organization\"},\"image\":{\"@type\":\"ImageObject\",\"url\":\"https:\\\/\\\/www.immo-invest.ch\\\/wp-content\\\/uploads\\\/2025\\\/04\\\/immo-invest-unternehmen-bauwirtschaft-unternehmensuebernahme-elektroplanung-thurgau.png\",\"width\":1536,\"height\":768},\"datePublished\":\"2025-07-09T08:55:00+02:00\",\"dateModified\":\"2025-07-07T11:04:23+02:00\",\"inLanguage\":\"fr-FR\",\"mainEntityOfPage\":{\"@id\":\"https:\\\/\\\/www.immo-invest.ch\\\/fr\\\/fuehrungswechsel-bei-immobilienfirma-aus-schlieren\\\/#webpage\"},\"isPartOf\":{\"@id\":\"https:\\\/\\\/www.immo-invest.ch\\\/fr\\\/fuehrungswechsel-bei-immobilienfirma-aus-schlieren\\\/#webpage\"},\"articleSection\":\"Entreprise, Gens, immoNews, Nouvelle construction, F\\u00fchrungswechsel, Geistlich Immobilia, Immoinvest, immoNews, News, Stadtentwicklung Schlieren, Facultatif\"},{\"@type\":\"BreadcrumbList\",\"@id\":\"https:\\\/\\\/www.immo-invest.ch\\\/fr\\\/fuehrungswechsel-bei-immobilienfirma-aus-schlieren\\\/#breadcrumblist\",\"itemListElement\":[{\"@type\":\"ListItem\",\"@id\":\"https:\\\/\\\/www.immo-invest.ch\\\/fr\\\/#listItem\",\"position\":1,\"name\":\"Home\",\"item\":\"https:\\\/\\\/www.immo-invest.ch\\\/fr\\\/\",\"nextItem\":{\"@type\":\"ListItem\",\"@id\":\"https:\\\/\\\/www.immo-invest.ch\\\/fr\\\/categories\\\/personnes\\\/#listItem\",\"name\":\"Personnes\"}},{\"@type\":\"ListItem\",\"@id\":\"https:\\\/\\\/www.immo-invest.ch\\\/fr\\\/categories\\\/personnes\\\/#listItem\",\"position\":2,\"name\":\"Personnes\",\"item\":\"https:\\\/\\\/www.immo-invest.ch\\\/fr\\\/categories\\\/personnes\\\/\",\"nextItem\":{\"@type\":\"ListItem\",\"@id\":\"https:\\\/\\\/www.immo-invest.ch\\\/fr\\\/categories\\\/personnes\\\/gens\\\/#listItem\",\"name\":\"Gens\"},\"previousItem\":{\"@type\":\"ListItem\",\"@id\":\"https:\\\/\\\/www.immo-invest.ch\\\/fr\\\/#listItem\",\"name\":\"Home\"}},{\"@type\":\"ListItem\",\"@id\":\"https:\\\/\\\/www.immo-invest.ch\\\/fr\\\/categories\\\/personnes\\\/gens\\\/#listItem\",\"position\":3,\"name\":\"Gens\",\"item\":\"https:\\\/\\\/www.immo-invest.ch\\\/fr\\\/categories\\\/personnes\\\/gens\\\/\",\"nextItem\":{\"@type\":\"ListItem\",\"@id\":\"https:\\\/\\\/www.immo-invest.ch\\\/fr\\\/fuehrungswechsel-bei-immobilienfirma-aus-schlieren\\\/#listItem\",\"name\":\"Changement de direction pour une soci\\u00e9t\\u00e9 immobili\\u00e8re de Schlieren\"},\"previousItem\":{\"@type\":\"ListItem\",\"@id\":\"https:\\\/\\\/www.immo-invest.ch\\\/fr\\\/categories\\\/personnes\\\/#listItem\",\"name\":\"Personnes\"}},{\"@type\":\"ListItem\",\"@id\":\"https:\\\/\\\/www.immo-invest.ch\\\/fr\\\/fuehrungswechsel-bei-immobilienfirma-aus-schlieren\\\/#listItem\",\"position\":4,\"name\":\"Changement de direction pour une soci\\u00e9t\\u00e9 immobili\\u00e8re de Schlieren\",\"previousItem\":{\"@type\":\"ListItem\",\"@id\":\"https:\\\/\\\/www.immo-invest.ch\\\/fr\\\/categories\\\/personnes\\\/gens\\\/#listItem\",\"name\":\"Gens\"}}]},{\"@type\":\"Organization\",\"@id\":\"https:\\\/\\\/www.immo-invest.ch\\\/fr\\\/#organization\",\"name\":\"immo!nvest - Die Plattform f\\u00fcr Standorte und Immobilien\",\"description\":\"Die\\u00a0Plattform f\\u00fcr Standorte und Immobilien\",\"url\":\"https:\\\/\\\/www.immo-invest.ch\\\/fr\\\/\",\"email\":\"admin@immomedia.ag\",\"telephone\":\"+41444420002\",\"logo\":{\"@type\":\"ImageObject\",\"url\":\"https:\\\/\\\/www.immo-invest.ch\\\/wp-content\\\/uploads\\\/2024\\\/09\\\/immoinvest_sm-scaled.jpg\",\"@id\":\"https:\\\/\\\/www.immo-invest.ch\\\/fr\\\/fuehrungswechsel-bei-immobilienfirma-aus-schlieren\\\/#organizationLogo\",\"width\":2560,\"height\":1340},\"image\":{\"@id\":\"https:\\\/\\\/www.immo-invest.ch\\\/fr\\\/fuehrungswechsel-bei-immobilienfirma-aus-schlieren\\\/#organizationLogo\"},\"sameAs\":[\"https:\\\/\\\/www.facebook.com\\\/people\\\/Immoinvest\\\/100077962920504\\\/\",\"https:\\\/\\\/x.com\\\/i\\\/flow\\\/login?redirect_after_login=immoinvest_ch\",\"https:\\\/\\\/www.instagram.com\\\/immoinvest_ch\\\/\",\"https:\\\/\\\/www.linkedin.com\\\/company\\\/immoinvest-swiss\"]},{\"@type\":\"Person\",\"@id\":\"https:\\\/\\\/www.immo-invest.ch\\\/fr\\\/author\\\/immovestuser\\\/#author\",\"url\":\"https:\\\/\\\/www.immo-invest.ch\\\/fr\\\/author\\\/immovestuser\\\/\",\"name\":\"immovestuser\",\"image\":{\"@type\":\"ImageObject\",\"@id\":\"https:\\\/\\\/www.immo-invest.ch\\\/fr\\\/fuehrungswechsel-bei-immobilienfirma-aus-schlieren\\\/#authorImage\",\"url\":\"https:\\\/\\\/secure.gravatar.com\\\/avatar\\\/8e01f4d99f2eeea7a362ebb93305e1172a70e9293ba250f897a65c39f54cdd1e?s=96&d=mm&r=g\",\"width\":96,\"height\":96,\"caption\":\"immovestuser\"}},{\"@type\":\"WebPage\",\"@id\":\"https:\\\/\\\/www.immo-invest.ch\\\/fr\\\/fuehrungswechsel-bei-immobilienfirma-aus-schlieren\\\/#webpage\",\"url\":\"https:\\\/\\\/www.immo-invest.ch\\\/fr\\\/fuehrungswechsel-bei-immobilienfirma-aus-schlieren\\\/\",\"name\":\"Changement de direction pour une soci\\u00e9t\\u00e9 immobili\\u00e8re de Schlieren - immo!nvest - Die Plattform f\\u00fcr Standorte und Immobilien\",\"description\":\"Ladina Esslinger a pris la direction de Geistlich Immobilia AG d\\u00e9but juillet. Elle suit les traces de Martin Geistlich, qui reste dans l'entreprise en tant que pr\\u00e9sident du conseil d'administration. Geistlich Immobilia AG fait partie du groupe Geistlich de Schlieren.\",\"inLanguage\":\"fr-FR\",\"isPartOf\":{\"@id\":\"https:\\\/\\\/www.immo-invest.ch\\\/fr\\\/#website\"},\"breadcrumb\":{\"@id\":\"https:\\\/\\\/www.immo-invest.ch\\\/fr\\\/fuehrungswechsel-bei-immobilienfirma-aus-schlieren\\\/#breadcrumblist\"},\"author\":{\"@id\":\"https:\\\/\\\/www.immo-invest.ch\\\/fr\\\/author\\\/immovestuser\\\/#author\"},\"creator\":{\"@id\":\"https:\\\/\\\/www.immo-invest.ch\\\/fr\\\/author\\\/immovestuser\\\/#author\"},\"image\":{\"@type\":\"ImageObject\",\"url\":\"https:\\\/\\\/www.immo-invest.ch\\\/wp-content\\\/uploads\\\/2025\\\/04\\\/immo-invest-unternehmen-bauwirtschaft-unternehmensuebernahme-elektroplanung-thurgau.png\",\"@id\":\"https:\\\/\\\/www.immo-invest.ch\\\/fr\\\/fuehrungswechsel-bei-immobilienfirma-aus-schlieren\\\/#mainImage\",\"width\":1536,\"height\":768},\"primaryImageOfPage\":{\"@id\":\"https:\\\/\\\/www.immo-invest.ch\\\/fr\\\/fuehrungswechsel-bei-immobilienfirma-aus-schlieren\\\/#mainImage\"},\"datePublished\":\"2025-07-09T08:55:00+02:00\",\"dateModified\":\"2025-07-07T11:04:23+02:00\"},{\"@type\":\"WebSite\",\"@id\":\"https:\\\/\\\/www.immo-invest.ch\\\/fr\\\/#website\",\"url\":\"https:\\\/\\\/www.immo-invest.ch\\\/fr\\\/\",\"name\":\"immo!nvest - Die Plattform f\\u00fcr Standorte und Immobilien\",\"description\":\"Die\\u00a0Plattform f\\u00fcr Standorte und Immobilien\",\"inLanguage\":\"fr-FR\",\"publisher\":{\"@id\":\"https:\\\/\\\/www.immo-invest.ch\\\/fr\\\/#organization\"}}]}\n\t\t<\/script>\n\t\t<!-- All in One SEO -->\n\n","aioseo_head_json":{"title":"Changement de direction pour une soci\u00e9t\u00e9 immobili\u00e8re de Schlieren - immo!nvest - Die Plattform f\u00fcr Standorte und Immobilien","description":"Ladina Esslinger a pris la direction de Geistlich Immobilia AG d\u00e9but juillet. Elle suit les traces de Martin Geistlich, qui reste dans l'entreprise en tant que pr\u00e9sident du conseil d'administration. Geistlich Immobilia AG fait partie du groupe Geistlich de Schlieren.","canonical_url":"https:\/\/www.immo-invest.ch\/fr\/fuehrungswechsel-bei-immobilienfirma-aus-schlieren\/","robots":"max-image-preview:large","keywords":"","webmasterTools":{"google-site-verification":"fHJKvgWpZCR2zVBHWfkQeFXC11qieUSff0HGNYfuyLA","miscellaneous":""},"schema":{"@context":"https:\/\/schema.org","@graph":[{"@type":"BlogPosting","@id":"https:\/\/www.immo-invest.ch\/fr\/fuehrungswechsel-bei-immobilienfirma-aus-schlieren\/#blogposting","name":"Changement de direction pour une soci\u00e9t\u00e9 immobili\u00e8re de Schlieren - immo!nvest - Die Plattform f\u00fcr Standorte und Immobilien","headline":"Changement de direction pour une soci\u00e9t\u00e9 immobili\u00e8re de Schlieren","author":{"@id":"https:\/\/www.immo-invest.ch\/fr\/author\/immovestuser\/#author"},"publisher":{"@id":"https:\/\/www.immo-invest.ch\/fr\/#organization"},"image":{"@type":"ImageObject","url":"https:\/\/www.immo-invest.ch\/wp-content\/uploads\/2025\/04\/immo-invest-unternehmen-bauwirtschaft-unternehmensuebernahme-elektroplanung-thurgau.png","width":1536,"height":768},"datePublished":"2025-07-09T08:55:00+02:00","dateModified":"2025-07-07T11:04:23+02:00","inLanguage":"fr-FR","mainEntityOfPage":{"@id":"https:\/\/www.immo-invest.ch\/fr\/fuehrungswechsel-bei-immobilienfirma-aus-schlieren\/#webpage"},"isPartOf":{"@id":"https:\/\/www.immo-invest.ch\/fr\/fuehrungswechsel-bei-immobilienfirma-aus-schlieren\/#webpage"},"articleSection":"Entreprise, Gens, immoNews, Nouvelle construction, F\u00fchrungswechsel, Geistlich Immobilia, Immoinvest, immoNews, News, Stadtentwicklung Schlieren, Facultatif"},{"@type":"BreadcrumbList","@id":"https:\/\/www.immo-invest.ch\/fr\/fuehrungswechsel-bei-immobilienfirma-aus-schlieren\/#breadcrumblist","itemListElement":[{"@type":"ListItem","@id":"https:\/\/www.immo-invest.ch\/fr\/#listItem","position":1,"name":"Home","item":"https:\/\/www.immo-invest.ch\/fr\/","nextItem":{"@type":"ListItem","@id":"https:\/\/www.immo-invest.ch\/fr\/categories\/personnes\/#listItem","name":"Personnes"}},{"@type":"ListItem","@id":"https:\/\/www.immo-invest.ch\/fr\/categories\/personnes\/#listItem","position":2,"name":"Personnes","item":"https:\/\/www.immo-invest.ch\/fr\/categories\/personnes\/","nextItem":{"@type":"ListItem","@id":"https:\/\/www.immo-invest.ch\/fr\/categories\/personnes\/gens\/#listItem","name":"Gens"},"previousItem":{"@type":"ListItem","@id":"https:\/\/www.immo-invest.ch\/fr\/#listItem","name":"Home"}},{"@type":"ListItem","@id":"https:\/\/www.immo-invest.ch\/fr\/categories\/personnes\/gens\/#listItem","position":3,"name":"Gens","item":"https:\/\/www.immo-invest.ch\/fr\/categories\/personnes\/gens\/","nextItem":{"@type":"ListItem","@id":"https:\/\/www.immo-invest.ch\/fr\/fuehrungswechsel-bei-immobilienfirma-aus-schlieren\/#listItem","name":"Changement de direction pour une soci\u00e9t\u00e9 immobili\u00e8re de Schlieren"},"previousItem":{"@type":"ListItem","@id":"https:\/\/www.immo-invest.ch\/fr\/categories\/personnes\/#listItem","name":"Personnes"}},{"@type":"ListItem","@id":"https:\/\/www.immo-invest.ch\/fr\/fuehrungswechsel-bei-immobilienfirma-aus-schlieren\/#listItem","position":4,"name":"Changement de direction pour une soci\u00e9t\u00e9 immobili\u00e8re de Schlieren","previousItem":{"@type":"ListItem","@id":"https:\/\/www.immo-invest.ch\/fr\/categories\/personnes\/gens\/#listItem","name":"Gens"}}]},{"@type":"Organization","@id":"https:\/\/www.immo-invest.ch\/fr\/#organization","name":"immo!nvest - Die Plattform f\u00fcr Standorte und Immobilien","description":"Die\u00a0Plattform f\u00fcr Standorte und Immobilien","url":"https:\/\/www.immo-invest.ch\/fr\/","email":"admin@immomedia.ag","telephone":"+41444420002","logo":{"@type":"ImageObject","url":"https:\/\/www.immo-invest.ch\/wp-content\/uploads\/2024\/09\/immoinvest_sm-scaled.jpg","@id":"https:\/\/www.immo-invest.ch\/fr\/fuehrungswechsel-bei-immobilienfirma-aus-schlieren\/#organizationLogo","width":2560,"height":1340},"image":{"@id":"https:\/\/www.immo-invest.ch\/fr\/fuehrungswechsel-bei-immobilienfirma-aus-schlieren\/#organizationLogo"},"sameAs":["https:\/\/www.facebook.com\/people\/Immoinvest\/100077962920504\/","https:\/\/x.com\/i\/flow\/login?redirect_after_login=immoinvest_ch","https:\/\/www.instagram.com\/immoinvest_ch\/","https:\/\/www.linkedin.com\/company\/immoinvest-swiss"]},{"@type":"Person","@id":"https:\/\/www.immo-invest.ch\/fr\/author\/immovestuser\/#author","url":"https:\/\/www.immo-invest.ch\/fr\/author\/immovestuser\/","name":"immovestuser","image":{"@type":"ImageObject","@id":"https:\/\/www.immo-invest.ch\/fr\/fuehrungswechsel-bei-immobilienfirma-aus-schlieren\/#authorImage","url":"https:\/\/secure.gravatar.com\/avatar\/8e01f4d99f2eeea7a362ebb93305e1172a70e9293ba250f897a65c39f54cdd1e?s=96&d=mm&r=g","width":96,"height":96,"caption":"immovestuser"}},{"@type":"WebPage","@id":"https:\/\/www.immo-invest.ch\/fr\/fuehrungswechsel-bei-immobilienfirma-aus-schlieren\/#webpage","url":"https:\/\/www.immo-invest.ch\/fr\/fuehrungswechsel-bei-immobilienfirma-aus-schlieren\/","name":"Changement de direction pour une soci\u00e9t\u00e9 immobili\u00e8re de Schlieren - immo!nvest - Die Plattform f\u00fcr Standorte und Immobilien","description":"Ladina Esslinger a pris la direction de Geistlich Immobilia AG d\u00e9but juillet. Elle suit les traces de Martin Geistlich, qui reste dans l'entreprise en tant que pr\u00e9sident du conseil d'administration. Geistlich Immobilia AG fait partie du groupe Geistlich de Schlieren.","inLanguage":"fr-FR","isPartOf":{"@id":"https:\/\/www.immo-invest.ch\/fr\/#website"},"breadcrumb":{"@id":"https:\/\/www.immo-invest.ch\/fr\/fuehrungswechsel-bei-immobilienfirma-aus-schlieren\/#breadcrumblist"},"author":{"@id":"https:\/\/www.immo-invest.ch\/fr\/author\/immovestuser\/#author"},"creator":{"@id":"https:\/\/www.immo-invest.ch\/fr\/author\/immovestuser\/#author"},"image":{"@type":"ImageObject","url":"https:\/\/www.immo-invest.ch\/wp-content\/uploads\/2025\/04\/immo-invest-unternehmen-bauwirtschaft-unternehmensuebernahme-elektroplanung-thurgau.png","@id":"https:\/\/www.immo-invest.ch\/fr\/fuehrungswechsel-bei-immobilienfirma-aus-schlieren\/#mainImage","width":1536,"height":768},"primaryImageOfPage":{"@id":"https:\/\/www.immo-invest.ch\/fr\/fuehrungswechsel-bei-immobilienfirma-aus-schlieren\/#mainImage"},"datePublished":"2025-07-09T08:55:00+02:00","dateModified":"2025-07-07T11:04:23+02:00"},{"@type":"WebSite","@id":"https:\/\/www.immo-invest.ch\/fr\/#website","url":"https:\/\/www.immo-invest.ch\/fr\/","name":"immo!nvest - Die Plattform f\u00fcr Standorte und Immobilien","description":"Die\u00a0Plattform f\u00fcr Standorte und Immobilien","inLanguage":"fr-FR","publisher":{"@id":"https:\/\/www.immo-invest.ch\/fr\/#organization"}}]},"og:locale":"fr_FR","og:site_name":"immo!nvest - Die Plattform f\u00fcr Standorte und Immobilien - Die\u00a0Plattform f\u00fcr Standorte und Immobilien","og:type":"article","og:title":"Changement de direction pour une soci\u00e9t\u00e9 immobili\u00e8re de Schlieren - immo!nvest - Die Plattform f\u00fcr Standorte und Immobilien","og:description":"Ladina Esslinger a pris la direction de Geistlich Immobilia AG d\u00e9but juillet. Elle suit les traces de Martin Geistlich, qui reste dans l'entreprise en tant que pr\u00e9sident du conseil d'administration. Geistlich Immobilia AG fait partie du groupe Geistlich de Schlieren.","og:url":"https:\/\/www.immo-invest.ch\/fr\/fuehrungswechsel-bei-immobilienfirma-aus-schlieren\/","og:image":"https:\/\/www.immo-invest.ch\/wp-content\/uploads\/2025\/04\/immo-invest-unternehmen-bauwirtschaft-unternehmensuebernahme-elektroplanung-thurgau.png","og:image:secure_url":"https:\/\/www.immo-invest.ch\/wp-content\/uploads\/2025\/04\/immo-invest-unternehmen-bauwirtschaft-unternehmensuebernahme-elektroplanung-thurgau.png","og:image:width":1536,"og:image:height":768,"article:published_time":"2025-07-09T06:55:00+00:00","article:modified_time":"2025-07-07T09:04:23+00:00","article:publisher":"https:\/\/www.facebook.com\/people\/Immoinvest\/100077962920504\/","twitter:card":"summary_large_image","twitter:site":"@i","twitter:title":"Changement de direction pour une soci\u00e9t\u00e9 immobili\u00e8re de Schlieren - immo!nvest - Die Plattform f\u00fcr Standorte und Immobilien","twitter:description":"Ladina Esslinger a pris la direction de Geistlich Immobilia AG d\u00e9but juillet. Elle suit les traces de Martin Geistlich, qui reste dans l'entreprise en tant que pr\u00e9sident du conseil d'administration. Geistlich Immobilia AG fait partie du groupe Geistlich de Schlieren.","twitter:creator":"@i","twitter:image":"https:\/\/www.immo-invest.ch\/wp-content\/uploads\/2025\/04\/immo-invest-unternehmen-bauwirtschaft-unternehmensuebernahme-elektroplanung-thurgau.png"},"aioseo_meta_data":{"post_id":"135357","title":null,"description":null,"keywords":null,"keyphrases":{"focus":{"keyphrase":"","score":0,"analysis":{"keyphraseInTitle":{"score":0,"maxScore":9,"error":1}}},"additional":[]},"primary_term":null,"canonical_url":null,"og_title":null,"og_description":null,"og_object_type":"default","og_image_type":"default","og_image_url":null,"og_image_width":null,"og_image_height":null,"og_image_custom_url":null,"og_image_custom_fields":null,"og_video":"","og_custom_url":null,"og_article_section":null,"og_article_tags":null,"twitter_use_og":false,"twitter_card":"default","twitter_image_type":"default","twitter_image_url":null,"twitter_image_custom_url":null,"twitter_image_custom_fields":null,"twitter_title":null,"twitter_description":null,"schema":{"blockGraphs":[],"customGraphs":[],"default":{"data":{"Article":[],"Course":[],"Dataset":[],"FAQPage":[],"Movie":[],"Person":[],"Product":[],"ProductReview":[],"Car":[],"Recipe":[],"Service":[],"SoftwareApplication":[],"WebPage":[]},"graphName":"BlogPosting","isEnabled":true},"graphs":[]},"schema_type":"default","schema_type_options":null,"pillar_content":false,"robots_default":true,"robots_noindex":false,"robots_noarchive":false,"robots_nosnippet":false,"robots_nofollow":false,"robots_noimageindex":false,"robots_noodp":false,"robots_notranslate":false,"robots_max_snippet":"-1","robots_max_videopreview":"-1","robots_max_imagepreview":"large","priority":null,"frequency":"default","local_seo":null,"breadcrumb_settings":null,"limit_modified_date":false,"ai":null,"created":"2025-07-07 09:04:24","updated":"2025-10-24 22:57:13","seo_analyzer_scan_date":null,"focus_keyword":null,"additional_keywords":null,"truseo_locale":null},"aioseo_breadcrumb":"<div class=\"aioseo-breadcrumbs\"><span class=\"aioseo-breadcrumb\">\n\t\t\t<a href=\"https:\/\/www.immo-invest.ch\/fr\/\" title=\"Home\">Home<\/a>\n\t\t<\/span><span class=\"aioseo-breadcrumb-separator\">&raquo;<\/span><span class=\"aioseo-breadcrumb\">\n\t\t\t<a href=\"https:\/\/www.immo-invest.ch\/fr\/categories\/personnes\/\" title=\"Personnes\">Personnes<\/a>\n\t\t<\/span><span class=\"aioseo-breadcrumb-separator\">&raquo;<\/span><span class=\"aioseo-breadcrumb\">\n\t\t\t<a href=\"https:\/\/www.immo-invest.ch\/fr\/categories\/personnes\/gens\/\" title=\"Gens\">Gens<\/a>\n\t\t<\/span><span class=\"aioseo-breadcrumb-separator\">&raquo;<\/span><span class=\"aioseo-breadcrumb\">\n\t\t\tChangement de direction pour une soci\u00e9t\u00e9 immobili\u00e8re de Schlieren\n\t\t<\/span><\/div>","aioseo_breadcrumb_json":[{"label":"Home","link":"https:\/\/www.immo-invest.ch\/fr\/"},{"label":"Personnes","link":"https:\/\/www.immo-invest.ch\/fr\/categories\/personnes\/"},{"label":"Gens","link":"https:\/\/www.immo-invest.ch\/fr\/categories\/personnes\/gens\/"},{"label":"Changement de direction pour une soci\u00e9t\u00e9 immobili\u00e8re de Schlieren","link":"https:\/\/www.immo-invest.ch\/fr\/fuehrungswechsel-bei-immobilienfirma-aus-schlieren\/"}],"featured_image_src":"https:\/\/www.immo-invest.ch\/wp-content\/uploads\/2025\/04\/immo-invest-unternehmen-bauwirtschaft-unternehmensuebernahme-elektroplanung-thurgau-336x168.png","_links":{"self":[{"href":"https:\/\/www.immo-invest.ch\/fr\/wp-json\/wp\/v2\/posts\/135357","targetHints":{"allow":["GET"]}}],"collection":[{"href":"https:\/\/www.immo-invest.ch\/fr\/wp-json\/wp\/v2\/posts"}],"about":[{"href":"https:\/\/www.immo-invest.ch\/fr\/wp-json\/wp\/v2\/types\/post"}],"author":[{"embeddable":true,"href":"https:\/\/www.immo-invest.ch\/fr\/wp-json\/wp\/v2\/users\/2"}],"replies":[{"embeddable":true,"href":"https:\/\/www.immo-invest.ch\/fr\/wp-json\/wp\/v2\/comments?post=135357"}],"version-history":[{"count":0,"href":"https:\/\/www.immo-invest.ch\/fr\/wp-json\/wp\/v2\/posts\/135357\/revisions"}],"wp:featuredmedia":[{"embeddable":true,"href":"https:\/\/www.immo-invest.ch\/fr\/wp-json\/wp\/v2\/media\/129552"}],"wp:attachment":[{"href":"https:\/\/www.immo-invest.ch\/fr\/wp-json\/wp\/v2\/media?parent=135357"}],"wp:term":[{"taxonomy":"category","embeddable":true,"href":"https:\/\/www.immo-invest.ch\/fr\/wp-json\/wp\/v2\/categories?post=135357"},{"taxonomy":"post_tag","embeddable":true,"href":"https:\/\/www.immo-invest.ch\/fr\/wp-json\/wp\/v2\/tags?post=135357"}],"curies":[{"name":"wp","href":"https:\/\/api.w.org\/{rel}","templated":true}]}}