{"id":135201,"date":"2025-07-01T10:59:48","date_gmt":"2025-07-01T08:59:48","guid":{"rendered":"https:\/\/www.immo-invest.ch\/erlenpark-nafelsschafft-neuen-wohnraum\/"},"modified":"2025-07-01T11:10:15","modified_gmt":"2025-07-01T09:10:15","slug":"erlenpark-nafelsschafft-neuen-wohnraum","status":"publish","type":"post","link":"https:\/\/www.immo-invest.ch\/fr\/erlenpark-nafelsschafft-neuen-wohnraum\/","title":{"rendered":"Erlenpark N\u00e4felsschafft de nouveaux logements"},"content":{"rendered":"<p class=\"wp-block-paragraph\">Sur le site &laquo;&nbsp;Feld&nbsp;&raquo; de N&auml;fels, d&rsquo;une superficie de plus de 16 000 m&sup2;, la commune de Glaris Nord r&eacute;alise, en collaboration avec FT3 Architekten AG, un ensemble r&eacute;sidentiel tourn&eacute; vers l&rsquo;avenir. Dix immeubles collectifs comprenant environ 98 appartements seront construits dans trois groupes de b&acirc;timents dispos&eacute;s en ligne. Les appartements ont une taille comprise entre 1&frac12; et 5&frac12; pi&egrave;ces et s&rsquo;adressent &agrave; des personnes de toutes les phases de la vie &ndash; des c&eacute;libataires aux seniors en passant par les familles. La diversit&eacute; de l&rsquo;offre de logements doit favoriser la mixit&eacute; sociale et animer le <span class=\"glossaryLink\" aria-describedby=\"tt\" data-cmtooltip=\"&lt;div class=glossaryItemTitle&gt;Quartier&lt;\/div&gt;&lt;div class=glossaryItemBody&gt;Amtliches, historisches, soziales oder stadtplanerisches Stadtviertel&lt;\/div&gt;\" data-mobile-support=\"0\" data-gt-translate-attributes='[{\"attribute\":\"data-cmtooltip\", \"format\":\"html\"}]' tabindex=\"0\" role=\"link\">quartier<\/span>.<\/p>\n\n\n\n\n\n<p class=\"wp-block-paragraph\"><strong>Une cour int&eacute;rieure calme au c&oelig;ur du lotissement<\/strong><br>La g&eacute;om&eacute;trie particuli&egrave;re de la parcelle conduit &agrave; une disposition en losange des b&acirc;timents, qui entourent une cour int&eacute;rieure v&eacute;g&eacute;talis&eacute;e d&rsquo;environ 6 800 m&sup2;. Celle-ci fait office de centre du lotissement sans voitures et offre un espace de rencontre et de d&eacute;tente &ndash; &agrave; l&rsquo;abri du bruit des axes de circulation environnants. Les b&acirc;timents d&rsquo;habitation dispos&eacute;s en quinconce assurent en outre une structure rythmique et cr&eacute;ent une qualit&eacute; architecturale ainsi qu&rsquo;un ensoleillement optimal des appartements.<\/p>\n\n\n\n\n\n<p class=\"wp-block-paragraph\"><strong>Sans voiture et avec un acc&egrave;s central<\/strong><br>L&rsquo;une des principales caract&eacute;ristiques du projet est sa conception syst&eacute;matiquement sans circulation. L&rsquo;acc&egrave;s et toutes les installations de stationnement sont regroup&eacute;s en un point central, ce qui permet de pr&eacute;server l&rsquo;ensemble de l&rsquo;environnement r&eacute;sidentiel de la circulation motoris&eacute;e. Cela am&eacute;liore la s&eacute;curit&eacute;, cr&eacute;e des espaces libres attrayants et agr&eacute;ables &agrave; vivre et r&eacute;pond aux exigences actuelles en mati&egrave;re d&rsquo;habitat et d&rsquo;urbanisme.<\/p>\n\n\n\n\n\n<p class=\"wp-block-paragraph\"><strong>Un signal pour le d&eacute;veloppement du site et la culture du b&acirc;timent<\/strong><br>Le pr&eacute;sident de la commune, Fritz Staub, voit dans l&rsquo;Erlenpark un signal fort pour le d&eacute;veloppement de la commune. Peu apr&egrave;s l&rsquo;entr&eacute;e en vigueur de la r&eacute;vision totale du plan d&rsquo;affectation NUP II, le projet montre de mani&egrave;re exemplaire comment des projets de construction de logements de qualit&eacute; et peu gourmands en surface peuvent &ecirc;tre mis en &oelig;uvre dans le canton de Glaris. Le premier coup de pioche a &eacute;t&eacute; donn&eacute; en avril 2025. La premi&egrave;re &eacute;tape de construction sera achev&eacute;e &agrave; l&rsquo;&eacute;t&eacute; 2027, la deuxi&egrave;me et la troisi&egrave;me &eacute;tape suivront &agrave; l&rsquo;automne 2028.<\/p>\n\n\n\n\n\n<p class=\"wp-block-paragraph\"><strong>Une construction moderne et ambitieuse<\/strong><br>La planification et la r&eacute;alisation par FT3 Architekten AG suivent une approche architecturale claire. C&ocirc;t&eacute; rue, les b&acirc;timents se pr&eacute;sentent ferm&eacute;s et compacts, tandis qu&rsquo;ils s&rsquo;ouvrent sur la cour int&eacute;rieure avec des balcons g&eacute;n&eacute;reux. L&rsquo;&eacute;chelonnement des &eacute;tages favorise l&rsquo;&eacute;clairage naturel et conf&egrave;re aux b&acirc;timents une structure claire. L&rsquo;Erlenpark est donc un exemple r&eacute;ussi de construction moderne et de qualit&eacute; dans le Glarnerland. Un projet qui a valeur de signal pour le d&eacute;veloppement des sites dans les centres &agrave; caract&egrave;re rural.<\/p>\n\n","protected":false},"excerpt":{"rendered":"<p>Avec le projet Erlenpark, un lotissement de 98 appartements sans circulation voit le jour \u00e0 N\u00e4fels. Il r\u00e9pond aux besoins modernes et mise sur une qualit\u00e9 de vie \u00e9lev\u00e9e ainsi que sur une architecture bien pens\u00e9e. Le projet est consid\u00e9r\u00e9 comme une \u00e9tape importante dans la mise en \u0153uvre du nouveau plan d&rsquo;affectation NUP II et renforce durablement le site de Glaris Nord.<\/p>\n","protected":false},"author":2,"featured_media":135193,"comment_status":"open","ping_status":"open","sticky":false,"template":"","format":"standard","meta":{"pmpro_default_level":"","inline_featured_image":false,"_monsterinsights_skip_tracking":false,"footnotes":""},"categories":[45951,743,739],"tags":[53554,2209,49035,37345,848,5863,5512,19187],"class_list":["post-135201","post","type-post","status-publish","format-standard","has-post-thumbnail","hentry","category-glarus-fr","category-immonews-fr","category-projects","tag-autofrei-2-fr","tag-bauwesen-fr","tag-glarus-nord-fr","tag-grossprojekt-fr","tag-immobilien-fr","tag-mehrfamilienhaeuser-fr","tag-standortentwicklung-fr","tag-wohnraum-fr","pmpro-has-access"],"acf":{"bild_mit_ki_erstellt_worden":[],"lead":"Avec le projet Erlenpark, un lotissement de 98 appartements sans circulation voit le jour \u00e0 N\u00e4fels. Il r\u00e9pond aux besoins modernes et mise sur une qualit\u00e9 de vie \u00e9lev\u00e9e ainsi que sur une architecture bien pens\u00e9e. Le projet est consid\u00e9r\u00e9 comme une \u00e9tape importante dans la mise en \u0153uvre du nouveau plan d'affectation NUP II et renforce durablement le site de Glaris Nord.","autor":"Quelle: immo!nvest Magazin Glarus","ort":"","bildunterschrift":"","bild_im_grid":false,"gallerie":"","newsim":""},"aioseo_notices":[],"aioseo_head":"\n\t\t<!-- All in One SEO 5.0.0.1 - aioseo.com -->\n\t<meta name=\"description\" content=\"Avec le projet Erlenpark, un lotissement de 98 appartements sans circulation voit le jour \u00e0 N\u00e4fels. Il r\u00e9pond aux besoins modernes et mise sur une qualit\u00e9 de vie \u00e9lev\u00e9e ainsi que sur une architecture bien pens\u00e9e. Le projet est consid\u00e9r\u00e9 comme une \u00e9tape importante dans la mise en \u0153uvre du nouveau plan d&#039;affectation NUP II et renforce durablement le site de Glaris Nord.\" \/>\n\t<meta name=\"robots\" content=\"max-image-preview:large\" \/>\n\t<meta name=\"author\" content=\"immovestuser\"\/>\n\t<meta name=\"google-site-verification\" content=\"fHJKvgWpZCR2zVBHWfkQeFXC11qieUSff0HGNYfuyLA\" \/>\n\t<link rel=\"canonical\" href=\"https:\/\/www.immo-invest.ch\/fr\/erlenpark-nafelsschafft-neuen-wohnraum\/\" \/>\n\t<meta name=\"generator\" content=\"All in One SEO (AIOSEO) 5.0.0.1\" \/>\n\t\t<meta property=\"og:locale\" content=\"fr_FR\" \/>\n\t\t<meta property=\"og:site_name\" content=\"immo!nvest - Die Plattform f\u00fcr Standorte und Immobilien - Die\u00a0Plattform f\u00fcr Standorte und Immobilien\" \/>\n\t\t<meta property=\"og:type\" content=\"article\" \/>\n\t\t<meta property=\"og:title\" content=\"Erlenpark N\u00e4felsschafft de nouveaux logements - immo!nvest - Die Plattform f\u00fcr Standorte und Immobilien\" \/>\n\t\t<meta property=\"og:description\" content=\"Avec le projet Erlenpark, un lotissement de 98 appartements sans circulation voit le jour \u00e0 N\u00e4fels. Il r\u00e9pond aux besoins modernes et mise sur une qualit\u00e9 de vie \u00e9lev\u00e9e ainsi que sur une architecture bien pens\u00e9e. Le projet est consid\u00e9r\u00e9 comme une \u00e9tape importante dans la mise en \u0153uvre du nouveau plan d&#039;affectation NUP II et renforce durablement le site de Glaris Nord.\" \/>\n\t\t<meta property=\"og:url\" content=\"https:\/\/www.immo-invest.ch\/fr\/erlenpark-nafelsschafft-neuen-wohnraum\/\" \/>\n\t\t<meta property=\"og:image\" content=\"https:\/\/www.immo-invest.ch\/wp-content\/uploads\/2025\/07\/ERLENPARK-NAFELS-983791_upscaled.jpg\" \/>\n\t\t<meta property=\"og:image:secure_url\" content=\"https:\/\/www.immo-invest.ch\/wp-content\/uploads\/2025\/07\/ERLENPARK-NAFELS-983791_upscaled.jpg\" \/>\n\t\t<meta property=\"og:image:width\" content=\"1400\" \/>\n\t\t<meta property=\"og:image:height\" content=\"988\" \/>\n\t\t<meta property=\"article:published_time\" content=\"2025-07-01T08:59:48+00:00\" \/>\n\t\t<meta property=\"article:modified_time\" content=\"2025-07-01T09:10:15+00:00\" \/>\n\t\t<meta property=\"article:publisher\" content=\"https:\/\/www.facebook.com\/people\/Immoinvest\/100077962920504\/\" \/>\n\t\t<meta name=\"twitter:card\" content=\"summary_large_image\" \/>\n\t\t<meta name=\"twitter:site\" content=\"@i\" \/>\n\t\t<meta name=\"twitter:title\" content=\"Erlenpark N\u00e4felsschafft de nouveaux logements - immo!nvest - Die Plattform f\u00fcr Standorte und Immobilien\" \/>\n\t\t<meta name=\"twitter:description\" content=\"Avec le projet Erlenpark, un lotissement de 98 appartements sans circulation voit le jour \u00e0 N\u00e4fels. Il r\u00e9pond aux besoins modernes et mise sur une qualit\u00e9 de vie \u00e9lev\u00e9e ainsi que sur une architecture bien pens\u00e9e. Le projet est consid\u00e9r\u00e9 comme une \u00e9tape importante dans la mise en \u0153uvre du nouveau plan d&#039;affectation NUP II et renforce durablement le site de Glaris Nord.\" \/>\n\t\t<meta name=\"twitter:creator\" content=\"@i\" \/>\n\t\t<meta name=\"twitter:image\" content=\"https:\/\/www.immo-invest.ch\/wp-content\/uploads\/2025\/07\/ERLENPARK-NAFELS-983791_upscaled.jpg\" \/>\n\t\t<script type=\"application\/ld+json\" class=\"aioseo-schema\">\n\t\t\t{\"@context\":\"https:\\\/\\\/schema.org\",\"@graph\":[{\"@type\":\"BlogPosting\",\"@id\":\"https:\\\/\\\/www.immo-invest.ch\\\/fr\\\/erlenpark-nafelsschafft-neuen-wohnraum\\\/#blogposting\",\"name\":\"Erlenpark N\\u00e4felsschafft de nouveaux logements - immo!nvest - Die Plattform f\\u00fcr Standorte und Immobilien\",\"headline\":\"Erlenpark N\\u00e4felsschafft de nouveaux logements\",\"author\":{\"@id\":\"https:\\\/\\\/www.immo-invest.ch\\\/fr\\\/author\\\/immovestuser\\\/#author\"},\"publisher\":{\"@id\":\"https:\\\/\\\/www.immo-invest.ch\\\/fr\\\/#organization\"},\"image\":{\"@type\":\"ImageObject\",\"url\":\"https:\\\/\\\/www.immo-invest.ch\\\/wp-content\\\/uploads\\\/2025\\\/07\\\/ERLENPARK-NAFELS-983791_upscaled.jpg\",\"width\":1400,\"height\":988},\"datePublished\":\"2025-07-01T10:59:48+02:00\",\"dateModified\":\"2025-07-01T11:10:15+02:00\",\"inLanguage\":\"fr-FR\",\"mainEntityOfPage\":{\"@id\":\"https:\\\/\\\/www.immo-invest.ch\\\/fr\\\/erlenpark-nafelsschafft-neuen-wohnraum\\\/#webpage\"},\"isPartOf\":{\"@id\":\"https:\\\/\\\/www.immo-invest.ch\\\/fr\\\/erlenpark-nafelsschafft-neuen-wohnraum\\\/#webpage\"},\"articleSection\":\"Glarus, immoNews, Projects, Autofrei, Bauwesen, Glarus Nord, Grossprojekt, immobilien, Mehrfamilienh\\u00e4user, Standortentwicklung, Wohnraum, Facultatif\"},{\"@type\":\"BreadcrumbList\",\"@id\":\"https:\\\/\\\/www.immo-invest.ch\\\/fr\\\/erlenpark-nafelsschafft-neuen-wohnraum\\\/#breadcrumblist\",\"itemListElement\":[{\"@type\":\"ListItem\",\"@id\":\"https:\\\/\\\/www.immo-invest.ch\\\/fr\\\/#listItem\",\"position\":1,\"name\":\"Home\",\"item\":\"https:\\\/\\\/www.immo-invest.ch\\\/fr\\\/\",\"nextItem\":{\"@type\":\"ListItem\",\"@id\":\"https:\\\/\\\/www.immo-invest.ch\\\/fr\\\/categories\\\/regions\\\/#listItem\",\"name\":\"R\\u00e9gions\"}},{\"@type\":\"ListItem\",\"@id\":\"https:\\\/\\\/www.immo-invest.ch\\\/fr\\\/categories\\\/regions\\\/#listItem\",\"position\":2,\"name\":\"R\\u00e9gions\",\"item\":\"https:\\\/\\\/www.immo-invest.ch\\\/fr\\\/categories\\\/regions\\\/\",\"nextItem\":{\"@type\":\"ListItem\",\"@id\":\"https:\\\/\\\/www.immo-invest.ch\\\/fr\\\/categories\\\/regions\\\/suisse\\\/#listItem\",\"name\":\"Suisse\"},\"previousItem\":{\"@type\":\"ListItem\",\"@id\":\"https:\\\/\\\/www.immo-invest.ch\\\/fr\\\/#listItem\",\"name\":\"Home\"}},{\"@type\":\"ListItem\",\"@id\":\"https:\\\/\\\/www.immo-invest.ch\\\/fr\\\/categories\\\/regions\\\/suisse\\\/#listItem\",\"position\":3,\"name\":\"Suisse\",\"item\":\"https:\\\/\\\/www.immo-invest.ch\\\/fr\\\/categories\\\/regions\\\/suisse\\\/\",\"nextItem\":{\"@type\":\"ListItem\",\"@id\":\"https:\\\/\\\/www.immo-invest.ch\\\/fr\\\/categories\\\/regions\\\/suisse\\\/suisse-orientale\\\/#listItem\",\"name\":\"Suisse orientale\"},\"previousItem\":{\"@type\":\"ListItem\",\"@id\":\"https:\\\/\\\/www.immo-invest.ch\\\/fr\\\/categories\\\/regions\\\/#listItem\",\"name\":\"R\\u00e9gions\"}},{\"@type\":\"ListItem\",\"@id\":\"https:\\\/\\\/www.immo-invest.ch\\\/fr\\\/categories\\\/regions\\\/suisse\\\/suisse-orientale\\\/#listItem\",\"position\":4,\"name\":\"Suisse orientale\",\"item\":\"https:\\\/\\\/www.immo-invest.ch\\\/fr\\\/categories\\\/regions\\\/suisse\\\/suisse-orientale\\\/\",\"nextItem\":{\"@type\":\"ListItem\",\"@id\":\"https:\\\/\\\/www.immo-invest.ch\\\/fr\\\/categories\\\/regions\\\/suisse\\\/suisse-orientale\\\/glarus-fr\\\/#listItem\",\"name\":\"Glarus\"},\"previousItem\":{\"@type\":\"ListItem\",\"@id\":\"https:\\\/\\\/www.immo-invest.ch\\\/fr\\\/categories\\\/regions\\\/suisse\\\/#listItem\",\"name\":\"Suisse\"}},{\"@type\":\"ListItem\",\"@id\":\"https:\\\/\\\/www.immo-invest.ch\\\/fr\\\/categories\\\/regions\\\/suisse\\\/suisse-orientale\\\/glarus-fr\\\/#listItem\",\"position\":5,\"name\":\"Glarus\",\"item\":\"https:\\\/\\\/www.immo-invest.ch\\\/fr\\\/categories\\\/regions\\\/suisse\\\/suisse-orientale\\\/glarus-fr\\\/\",\"nextItem\":{\"@type\":\"ListItem\",\"@id\":\"https:\\\/\\\/www.immo-invest.ch\\\/fr\\\/erlenpark-nafelsschafft-neuen-wohnraum\\\/#listItem\",\"name\":\"Erlenpark N\\u00e4felsschafft de nouveaux logements\"},\"previousItem\":{\"@type\":\"ListItem\",\"@id\":\"https:\\\/\\\/www.immo-invest.ch\\\/fr\\\/categories\\\/regions\\\/suisse\\\/suisse-orientale\\\/#listItem\",\"name\":\"Suisse orientale\"}},{\"@type\":\"ListItem\",\"@id\":\"https:\\\/\\\/www.immo-invest.ch\\\/fr\\\/erlenpark-nafelsschafft-neuen-wohnraum\\\/#listItem\",\"position\":6,\"name\":\"Erlenpark N\\u00e4felsschafft de nouveaux logements\",\"previousItem\":{\"@type\":\"ListItem\",\"@id\":\"https:\\\/\\\/www.immo-invest.ch\\\/fr\\\/categories\\\/regions\\\/suisse\\\/suisse-orientale\\\/glarus-fr\\\/#listItem\",\"name\":\"Glarus\"}}]},{\"@type\":\"Organization\",\"@id\":\"https:\\\/\\\/www.immo-invest.ch\\\/fr\\\/#organization\",\"name\":\"immo!nvest - Die Plattform f\\u00fcr Standorte und Immobilien\",\"description\":\"Die\\u00a0Plattform f\\u00fcr Standorte und Immobilien\",\"url\":\"https:\\\/\\\/www.immo-invest.ch\\\/fr\\\/\",\"email\":\"admin@immomedia.ag\",\"telephone\":\"+41444420002\",\"logo\":{\"@type\":\"ImageObject\",\"url\":\"https:\\\/\\\/www.immo-invest.ch\\\/wp-content\\\/uploads\\\/2024\\\/09\\\/immoinvest_sm-scaled.jpg\",\"@id\":\"https:\\\/\\\/www.immo-invest.ch\\\/fr\\\/erlenpark-nafelsschafft-neuen-wohnraum\\\/#organizationLogo\",\"width\":2560,\"height\":1340},\"image\":{\"@id\":\"https:\\\/\\\/www.immo-invest.ch\\\/fr\\\/erlenpark-nafelsschafft-neuen-wohnraum\\\/#organizationLogo\"},\"sameAs\":[\"https:\\\/\\\/www.facebook.com\\\/people\\\/Immoinvest\\\/100077962920504\\\/\",\"https:\\\/\\\/x.com\\\/i\\\/flow\\\/login?redirect_after_login=immoinvest_ch\",\"https:\\\/\\\/www.instagram.com\\\/immoinvest_ch\\\/\",\"https:\\\/\\\/www.linkedin.com\\\/company\\\/immoinvest-swiss\"]},{\"@type\":\"Person\",\"@id\":\"https:\\\/\\\/www.immo-invest.ch\\\/fr\\\/author\\\/immovestuser\\\/#author\",\"url\":\"https:\\\/\\\/www.immo-invest.ch\\\/fr\\\/author\\\/immovestuser\\\/\",\"name\":\"immovestuser\",\"image\":{\"@type\":\"ImageObject\",\"@id\":\"https:\\\/\\\/www.immo-invest.ch\\\/fr\\\/erlenpark-nafelsschafft-neuen-wohnraum\\\/#authorImage\",\"url\":\"https:\\\/\\\/secure.gravatar.com\\\/avatar\\\/8e01f4d99f2eeea7a362ebb93305e1172a70e9293ba250f897a65c39f54cdd1e?s=96&d=mm&r=g\",\"width\":96,\"height\":96,\"caption\":\"immovestuser\"}},{\"@type\":\"WebPage\",\"@id\":\"https:\\\/\\\/www.immo-invest.ch\\\/fr\\\/erlenpark-nafelsschafft-neuen-wohnraum\\\/#webpage\",\"url\":\"https:\\\/\\\/www.immo-invest.ch\\\/fr\\\/erlenpark-nafelsschafft-neuen-wohnraum\\\/\",\"name\":\"Erlenpark N\\u00e4felsschafft de nouveaux logements - immo!nvest - Die Plattform f\\u00fcr Standorte und Immobilien\",\"description\":\"Avec le projet Erlenpark, un lotissement de 98 appartements sans circulation voit le jour \\u00e0 N\\u00e4fels. Il r\\u00e9pond aux besoins modernes et mise sur une qualit\\u00e9 de vie \\u00e9lev\\u00e9e ainsi que sur une architecture bien pens\\u00e9e. Le projet est consid\\u00e9r\\u00e9 comme une \\u00e9tape importante dans la mise en \\u0153uvre du nouveau plan d'affectation NUP II et renforce durablement le site de Glaris Nord.\",\"inLanguage\":\"fr-FR\",\"isPartOf\":{\"@id\":\"https:\\\/\\\/www.immo-invest.ch\\\/fr\\\/#website\"},\"breadcrumb\":{\"@id\":\"https:\\\/\\\/www.immo-invest.ch\\\/fr\\\/erlenpark-nafelsschafft-neuen-wohnraum\\\/#breadcrumblist\"},\"author\":{\"@id\":\"https:\\\/\\\/www.immo-invest.ch\\\/fr\\\/author\\\/immovestuser\\\/#author\"},\"creator\":{\"@id\":\"https:\\\/\\\/www.immo-invest.ch\\\/fr\\\/author\\\/immovestuser\\\/#author\"},\"image\":{\"@type\":\"ImageObject\",\"url\":\"https:\\\/\\\/www.immo-invest.ch\\\/wp-content\\\/uploads\\\/2025\\\/07\\\/ERLENPARK-NAFELS-983791_upscaled.jpg\",\"@id\":\"https:\\\/\\\/www.immo-invest.ch\\\/fr\\\/erlenpark-nafelsschafft-neuen-wohnraum\\\/#mainImage\",\"width\":1400,\"height\":988},\"primaryImageOfPage\":{\"@id\":\"https:\\\/\\\/www.immo-invest.ch\\\/fr\\\/erlenpark-nafelsschafft-neuen-wohnraum\\\/#mainImage\"},\"datePublished\":\"2025-07-01T10:59:48+02:00\",\"dateModified\":\"2025-07-01T11:10:15+02:00\"},{\"@type\":\"WebSite\",\"@id\":\"https:\\\/\\\/www.immo-invest.ch\\\/fr\\\/#website\",\"url\":\"https:\\\/\\\/www.immo-invest.ch\\\/fr\\\/\",\"name\":\"immo!nvest - Die Plattform f\\u00fcr Standorte und Immobilien\",\"description\":\"Die\\u00a0Plattform f\\u00fcr Standorte und Immobilien\",\"inLanguage\":\"fr-FR\",\"publisher\":{\"@id\":\"https:\\\/\\\/www.immo-invest.ch\\\/fr\\\/#organization\"}}]}\n\t\t<\/script>\n\t\t<!-- All in One SEO -->\n\n","aioseo_head_json":{"title":"Erlenpark N\u00e4felsschafft de nouveaux logements - immo!nvest - Die Plattform f\u00fcr Standorte und Immobilien","description":"Avec le projet Erlenpark, un lotissement de 98 appartements sans circulation voit le jour \u00e0 N\u00e4fels. Il r\u00e9pond aux besoins modernes et mise sur une qualit\u00e9 de vie \u00e9lev\u00e9e ainsi que sur une architecture bien pens\u00e9e. Le projet est consid\u00e9r\u00e9 comme une \u00e9tape importante dans la mise en \u0153uvre du nouveau plan d'affectation NUP II et renforce durablement le site de Glaris Nord.","canonical_url":"https:\/\/www.immo-invest.ch\/fr\/erlenpark-nafelsschafft-neuen-wohnraum\/","robots":"max-image-preview:large","keywords":"","webmasterTools":{"google-site-verification":"fHJKvgWpZCR2zVBHWfkQeFXC11qieUSff0HGNYfuyLA","miscellaneous":""},"schema":{"@context":"https:\/\/schema.org","@graph":[{"@type":"BlogPosting","@id":"https:\/\/www.immo-invest.ch\/fr\/erlenpark-nafelsschafft-neuen-wohnraum\/#blogposting","name":"Erlenpark N\u00e4felsschafft de nouveaux logements - immo!nvest - Die Plattform f\u00fcr Standorte und Immobilien","headline":"Erlenpark N\u00e4felsschafft de nouveaux logements","author":{"@id":"https:\/\/www.immo-invest.ch\/fr\/author\/immovestuser\/#author"},"publisher":{"@id":"https:\/\/www.immo-invest.ch\/fr\/#organization"},"image":{"@type":"ImageObject","url":"https:\/\/www.immo-invest.ch\/wp-content\/uploads\/2025\/07\/ERLENPARK-NAFELS-983791_upscaled.jpg","width":1400,"height":988},"datePublished":"2025-07-01T10:59:48+02:00","dateModified":"2025-07-01T11:10:15+02:00","inLanguage":"fr-FR","mainEntityOfPage":{"@id":"https:\/\/www.immo-invest.ch\/fr\/erlenpark-nafelsschafft-neuen-wohnraum\/#webpage"},"isPartOf":{"@id":"https:\/\/www.immo-invest.ch\/fr\/erlenpark-nafelsschafft-neuen-wohnraum\/#webpage"},"articleSection":"Glarus, immoNews, Projects, Autofrei, Bauwesen, Glarus Nord, Grossprojekt, immobilien, Mehrfamilienh\u00e4user, Standortentwicklung, Wohnraum, Facultatif"},{"@type":"BreadcrumbList","@id":"https:\/\/www.immo-invest.ch\/fr\/erlenpark-nafelsschafft-neuen-wohnraum\/#breadcrumblist","itemListElement":[{"@type":"ListItem","@id":"https:\/\/www.immo-invest.ch\/fr\/#listItem","position":1,"name":"Home","item":"https:\/\/www.immo-invest.ch\/fr\/","nextItem":{"@type":"ListItem","@id":"https:\/\/www.immo-invest.ch\/fr\/categories\/regions\/#listItem","name":"R\u00e9gions"}},{"@type":"ListItem","@id":"https:\/\/www.immo-invest.ch\/fr\/categories\/regions\/#listItem","position":2,"name":"R\u00e9gions","item":"https:\/\/www.immo-invest.ch\/fr\/categories\/regions\/","nextItem":{"@type":"ListItem","@id":"https:\/\/www.immo-invest.ch\/fr\/categories\/regions\/suisse\/#listItem","name":"Suisse"},"previousItem":{"@type":"ListItem","@id":"https:\/\/www.immo-invest.ch\/fr\/#listItem","name":"Home"}},{"@type":"ListItem","@id":"https:\/\/www.immo-invest.ch\/fr\/categories\/regions\/suisse\/#listItem","position":3,"name":"Suisse","item":"https:\/\/www.immo-invest.ch\/fr\/categories\/regions\/suisse\/","nextItem":{"@type":"ListItem","@id":"https:\/\/www.immo-invest.ch\/fr\/categories\/regions\/suisse\/suisse-orientale\/#listItem","name":"Suisse orientale"},"previousItem":{"@type":"ListItem","@id":"https:\/\/www.immo-invest.ch\/fr\/categories\/regions\/#listItem","name":"R\u00e9gions"}},{"@type":"ListItem","@id":"https:\/\/www.immo-invest.ch\/fr\/categories\/regions\/suisse\/suisse-orientale\/#listItem","position":4,"name":"Suisse orientale","item":"https:\/\/www.immo-invest.ch\/fr\/categories\/regions\/suisse\/suisse-orientale\/","nextItem":{"@type":"ListItem","@id":"https:\/\/www.immo-invest.ch\/fr\/categories\/regions\/suisse\/suisse-orientale\/glarus-fr\/#listItem","name":"Glarus"},"previousItem":{"@type":"ListItem","@id":"https:\/\/www.immo-invest.ch\/fr\/categories\/regions\/suisse\/#listItem","name":"Suisse"}},{"@type":"ListItem","@id":"https:\/\/www.immo-invest.ch\/fr\/categories\/regions\/suisse\/suisse-orientale\/glarus-fr\/#listItem","position":5,"name":"Glarus","item":"https:\/\/www.immo-invest.ch\/fr\/categories\/regions\/suisse\/suisse-orientale\/glarus-fr\/","nextItem":{"@type":"ListItem","@id":"https:\/\/www.immo-invest.ch\/fr\/erlenpark-nafelsschafft-neuen-wohnraum\/#listItem","name":"Erlenpark N\u00e4felsschafft de nouveaux logements"},"previousItem":{"@type":"ListItem","@id":"https:\/\/www.immo-invest.ch\/fr\/categories\/regions\/suisse\/suisse-orientale\/#listItem","name":"Suisse orientale"}},{"@type":"ListItem","@id":"https:\/\/www.immo-invest.ch\/fr\/erlenpark-nafelsschafft-neuen-wohnraum\/#listItem","position":6,"name":"Erlenpark N\u00e4felsschafft de nouveaux logements","previousItem":{"@type":"ListItem","@id":"https:\/\/www.immo-invest.ch\/fr\/categories\/regions\/suisse\/suisse-orientale\/glarus-fr\/#listItem","name":"Glarus"}}]},{"@type":"Organization","@id":"https:\/\/www.immo-invest.ch\/fr\/#organization","name":"immo!nvest - Die Plattform f\u00fcr Standorte und Immobilien","description":"Die\u00a0Plattform f\u00fcr Standorte und Immobilien","url":"https:\/\/www.immo-invest.ch\/fr\/","email":"admin@immomedia.ag","telephone":"+41444420002","logo":{"@type":"ImageObject","url":"https:\/\/www.immo-invest.ch\/wp-content\/uploads\/2024\/09\/immoinvest_sm-scaled.jpg","@id":"https:\/\/www.immo-invest.ch\/fr\/erlenpark-nafelsschafft-neuen-wohnraum\/#organizationLogo","width":2560,"height":1340},"image":{"@id":"https:\/\/www.immo-invest.ch\/fr\/erlenpark-nafelsschafft-neuen-wohnraum\/#organizationLogo"},"sameAs":["https:\/\/www.facebook.com\/people\/Immoinvest\/100077962920504\/","https:\/\/x.com\/i\/flow\/login?redirect_after_login=immoinvest_ch","https:\/\/www.instagram.com\/immoinvest_ch\/","https:\/\/www.linkedin.com\/company\/immoinvest-swiss"]},{"@type":"Person","@id":"https:\/\/www.immo-invest.ch\/fr\/author\/immovestuser\/#author","url":"https:\/\/www.immo-invest.ch\/fr\/author\/immovestuser\/","name":"immovestuser","image":{"@type":"ImageObject","@id":"https:\/\/www.immo-invest.ch\/fr\/erlenpark-nafelsschafft-neuen-wohnraum\/#authorImage","url":"https:\/\/secure.gravatar.com\/avatar\/8e01f4d99f2eeea7a362ebb93305e1172a70e9293ba250f897a65c39f54cdd1e?s=96&d=mm&r=g","width":96,"height":96,"caption":"immovestuser"}},{"@type":"WebPage","@id":"https:\/\/www.immo-invest.ch\/fr\/erlenpark-nafelsschafft-neuen-wohnraum\/#webpage","url":"https:\/\/www.immo-invest.ch\/fr\/erlenpark-nafelsschafft-neuen-wohnraum\/","name":"Erlenpark N\u00e4felsschafft de nouveaux logements - immo!nvest - Die Plattform f\u00fcr Standorte und Immobilien","description":"Avec le projet Erlenpark, un lotissement de 98 appartements sans circulation voit le jour \u00e0 N\u00e4fels. Il r\u00e9pond aux besoins modernes et mise sur une qualit\u00e9 de vie \u00e9lev\u00e9e ainsi que sur une architecture bien pens\u00e9e. Le projet est consid\u00e9r\u00e9 comme une \u00e9tape importante dans la mise en \u0153uvre du nouveau plan d'affectation NUP II et renforce durablement le site de Glaris Nord.","inLanguage":"fr-FR","isPartOf":{"@id":"https:\/\/www.immo-invest.ch\/fr\/#website"},"breadcrumb":{"@id":"https:\/\/www.immo-invest.ch\/fr\/erlenpark-nafelsschafft-neuen-wohnraum\/#breadcrumblist"},"author":{"@id":"https:\/\/www.immo-invest.ch\/fr\/author\/immovestuser\/#author"},"creator":{"@id":"https:\/\/www.immo-invest.ch\/fr\/author\/immovestuser\/#author"},"image":{"@type":"ImageObject","url":"https:\/\/www.immo-invest.ch\/wp-content\/uploads\/2025\/07\/ERLENPARK-NAFELS-983791_upscaled.jpg","@id":"https:\/\/www.immo-invest.ch\/fr\/erlenpark-nafelsschafft-neuen-wohnraum\/#mainImage","width":1400,"height":988},"primaryImageOfPage":{"@id":"https:\/\/www.immo-invest.ch\/fr\/erlenpark-nafelsschafft-neuen-wohnraum\/#mainImage"},"datePublished":"2025-07-01T10:59:48+02:00","dateModified":"2025-07-01T11:10:15+02:00"},{"@type":"WebSite","@id":"https:\/\/www.immo-invest.ch\/fr\/#website","url":"https:\/\/www.immo-invest.ch\/fr\/","name":"immo!nvest - Die Plattform f\u00fcr Standorte und Immobilien","description":"Die\u00a0Plattform f\u00fcr Standorte und Immobilien","inLanguage":"fr-FR","publisher":{"@id":"https:\/\/www.immo-invest.ch\/fr\/#organization"}}]},"og:locale":"fr_FR","og:site_name":"immo!nvest - Die Plattform f\u00fcr Standorte und Immobilien - Die\u00a0Plattform f\u00fcr Standorte und Immobilien","og:type":"article","og:title":"Erlenpark N\u00e4felsschafft de nouveaux logements - immo!nvest - Die Plattform f\u00fcr Standorte und Immobilien","og:description":"Avec le projet Erlenpark, un lotissement de 98 appartements sans circulation voit le jour \u00e0 N\u00e4fels. Il r\u00e9pond aux besoins modernes et mise sur une qualit\u00e9 de vie \u00e9lev\u00e9e ainsi que sur une architecture bien pens\u00e9e. Le projet est consid\u00e9r\u00e9 comme une \u00e9tape importante dans la mise en \u0153uvre du nouveau plan d'affectation NUP II et renforce durablement le site de Glaris Nord.","og:url":"https:\/\/www.immo-invest.ch\/fr\/erlenpark-nafelsschafft-neuen-wohnraum\/","og:image":"https:\/\/www.immo-invest.ch\/wp-content\/uploads\/2025\/07\/ERLENPARK-NAFELS-983791_upscaled.jpg","og:image:secure_url":"https:\/\/www.immo-invest.ch\/wp-content\/uploads\/2025\/07\/ERLENPARK-NAFELS-983791_upscaled.jpg","og:image:width":1400,"og:image:height":988,"article:published_time":"2025-07-01T08:59:48+00:00","article:modified_time":"2025-07-01T09:10:15+00:00","article:publisher":"https:\/\/www.facebook.com\/people\/Immoinvest\/100077962920504\/","twitter:card":"summary_large_image","twitter:site":"@i","twitter:title":"Erlenpark N\u00e4felsschafft de nouveaux logements - immo!nvest - Die Plattform f\u00fcr Standorte und Immobilien","twitter:description":"Avec le projet Erlenpark, un lotissement de 98 appartements sans circulation voit le jour \u00e0 N\u00e4fels. Il r\u00e9pond aux besoins modernes et mise sur une qualit\u00e9 de vie \u00e9lev\u00e9e ainsi que sur une architecture bien pens\u00e9e. Le projet est consid\u00e9r\u00e9 comme une \u00e9tape importante dans la mise en \u0153uvre du nouveau plan d'affectation NUP II et renforce durablement le site de Glaris Nord.","twitter:creator":"@i","twitter:image":"https:\/\/www.immo-invest.ch\/wp-content\/uploads\/2025\/07\/ERLENPARK-NAFELS-983791_upscaled.jpg"},"aioseo_meta_data":{"post_id":"135201","title":null,"description":null,"keywords":null,"keyphrases":{"focus":{"keyphrase":"","score":0,"analysis":{"keyphraseInTitle":{"score":0,"maxScore":9,"error":1}}},"additional":[]},"primary_term":null,"canonical_url":null,"og_title":null,"og_description":null,"og_object_type":"default","og_image_type":"default","og_image_url":null,"og_image_width":null,"og_image_height":null,"og_image_custom_url":null,"og_image_custom_fields":null,"og_video":"","og_custom_url":null,"og_article_section":null,"og_article_tags":null,"twitter_use_og":false,"twitter_card":"default","twitter_image_type":"default","twitter_image_url":null,"twitter_image_custom_url":null,"twitter_image_custom_fields":null,"twitter_title":null,"twitter_description":null,"schema":{"blockGraphs":[],"customGraphs":[],"default":{"data":{"Article":[],"Course":[],"Dataset":[],"FAQPage":[],"Movie":[],"Person":[],"Product":[],"ProductReview":[],"Car":[],"Recipe":[],"Service":[],"SoftwareApplication":[],"WebPage":[]},"graphName":"BlogPosting","isEnabled":true},"graphs":[]},"schema_type":"default","schema_type_options":null,"pillar_content":false,"robots_default":true,"robots_noindex":false,"robots_noarchive":false,"robots_nosnippet":false,"robots_nofollow":false,"robots_noimageindex":false,"robots_noodp":false,"robots_notranslate":false,"robots_max_snippet":"-1","robots_max_videopreview":"-1","robots_max_imagepreview":"large","priority":null,"frequency":"default","local_seo":null,"breadcrumb_settings":null,"limit_modified_date":false,"ai":null,"created":"2025-07-01 09:07:06","updated":"2025-10-24 22:52:14","seo_analyzer_scan_date":null,"focus_keyword":null,"additional_keywords":null,"truseo_locale":null},"aioseo_breadcrumb":"<div class=\"aioseo-breadcrumbs\"><span class=\"aioseo-breadcrumb\">\n\t\t\t<a href=\"https:\/\/www.immo-invest.ch\/fr\/\" title=\"Home\">Home<\/a>\n\t\t<\/span><span class=\"aioseo-breadcrumb-separator\">&raquo;<\/span><span class=\"aioseo-breadcrumb\">\n\t\t\t<a href=\"https:\/\/www.immo-invest.ch\/fr\/categories\/regions\/\" title=\"R\u00e9gions\">R\u00e9gions<\/a>\n\t\t<\/span><span class=\"aioseo-breadcrumb-separator\">&raquo;<\/span><span class=\"aioseo-breadcrumb\">\n\t\t\t<a href=\"https:\/\/www.immo-invest.ch\/fr\/categories\/regions\/suisse\/\" title=\"Suisse\">Suisse<\/a>\n\t\t<\/span><span class=\"aioseo-breadcrumb-separator\">&raquo;<\/span><span class=\"aioseo-breadcrumb\">\n\t\t\t<a href=\"https:\/\/www.immo-invest.ch\/fr\/categories\/regions\/suisse\/suisse-orientale\/\" title=\"Suisse orientale\">Suisse orientale<\/a>\n\t\t<\/span><span class=\"aioseo-breadcrumb-separator\">&raquo;<\/span><span class=\"aioseo-breadcrumb\">\n\t\t\t<a href=\"https:\/\/www.immo-invest.ch\/fr\/categories\/regions\/suisse\/suisse-orientale\/glarus-fr\/\" title=\"Glarus\">Glarus<\/a>\n\t\t<\/span><span class=\"aioseo-breadcrumb-separator\">&raquo;<\/span><span class=\"aioseo-breadcrumb\">\n\t\t\tErlenpark N\u00e4felsschafft de nouveaux logements\n\t\t<\/span><\/div>","aioseo_breadcrumb_json":[{"label":"Home","link":"https:\/\/www.immo-invest.ch\/fr\/"},{"label":"R\u00e9gions","link":"https:\/\/www.immo-invest.ch\/fr\/categories\/regions\/"},{"label":"Suisse","link":"https:\/\/www.immo-invest.ch\/fr\/categories\/regions\/suisse\/"},{"label":"Suisse orientale","link":"https:\/\/www.immo-invest.ch\/fr\/categories\/regions\/suisse\/suisse-orientale\/"},{"label":"Glarus","link":"https:\/\/www.immo-invest.ch\/fr\/categories\/regions\/suisse\/suisse-orientale\/glarus-fr\/"},{"label":"Erlenpark N\u00e4felsschafft de nouveaux logements","link":"https:\/\/www.immo-invest.ch\/fr\/erlenpark-nafelsschafft-neuen-wohnraum\/"}],"featured_image_src":"https:\/\/www.immo-invest.ch\/wp-content\/uploads\/2025\/07\/ERLENPARK-NAFELS-983791_upscaled-336x168.jpg","_links":{"self":[{"href":"https:\/\/www.immo-invest.ch\/fr\/wp-json\/wp\/v2\/posts\/135201","targetHints":{"allow":["GET"]}}],"collection":[{"href":"https:\/\/www.immo-invest.ch\/fr\/wp-json\/wp\/v2\/posts"}],"about":[{"href":"https:\/\/www.immo-invest.ch\/fr\/wp-json\/wp\/v2\/types\/post"}],"author":[{"embeddable":true,"href":"https:\/\/www.immo-invest.ch\/fr\/wp-json\/wp\/v2\/users\/2"}],"replies":[{"embeddable":true,"href":"https:\/\/www.immo-invest.ch\/fr\/wp-json\/wp\/v2\/comments?post=135201"}],"version-history":[{"count":0,"href":"https:\/\/www.immo-invest.ch\/fr\/wp-json\/wp\/v2\/posts\/135201\/revisions"}],"wp:featuredmedia":[{"embeddable":true,"href":"https:\/\/www.immo-invest.ch\/fr\/wp-json\/wp\/v2\/media\/135193"}],"wp:attachment":[{"href":"https:\/\/www.immo-invest.ch\/fr\/wp-json\/wp\/v2\/media?parent=135201"}],"wp:term":[{"taxonomy":"category","embeddable":true,"href":"https:\/\/www.immo-invest.ch\/fr\/wp-json\/wp\/v2\/categories?post=135201"},{"taxonomy":"post_tag","embeddable":true,"href":"https:\/\/www.immo-invest.ch\/fr\/wp-json\/wp\/v2\/tags?post=135201"}],"curies":[{"name":"wp","href":"https:\/\/api.w.org\/{rel}","templated":true}]}}