{"id":135186,"date":"2025-07-01T10:51:55","date_gmt":"2025-07-01T08:51:55","guid":{"rendered":"https:\/\/www.immo-invest.ch\/biaesche-neu-denken\/"},"modified":"2025-07-01T11:00:06","modified_gmt":"2025-07-01T09:00:06","slug":"biaesche-neu-denken","status":"publish","type":"post","link":"https:\/\/www.immo-invest.ch\/fr\/biaesche-neu-denken\/","title":{"rendered":"Repenser la biomasse"},"content":{"rendered":"<p class=\"wp-block-paragraph\">La zone de travail de Bi&auml;sche r&eacute;unit des qualit&eacute;s d&rsquo;emplacement qui sont rares sous cette forme. Juste devant la porte, il y a l&rsquo;acc&egrave;s &agrave; l&rsquo;autoroute, une gare de marchandises et des espaces de loisirs proches de la nature. Entre les fronti&egrave;res communales, les axes de circulation et l&rsquo;espace naturel se trouve une zone qui doit &ecirc;tre pens&eacute;e de mani&egrave;re &eacute;conomique, planifi&eacute;e intelligemment et utilis&eacute;e de mani&egrave;re durable. Les parcelles sont en mains publiques, priv&eacute;es et cantonales. Une constellation qui n&eacute;cessite un d&eacute;veloppement int&eacute;gratif.<\/p>\n\n\n\n\n\n<p class=\"wp-block-paragraph\"><strong>De la surface &agrave; la fonction<\/strong><br>Actuellement, la maturit&eacute; en mati&egrave;re de planification et de construction fait d&eacute;faut. En l&rsquo;absence de d&eacute;veloppement et de planification de la construction, le potentiel reste inexploit&eacute;. C&rsquo;est pourquoi une proc&eacute;dure de planification test a examin&eacute; diff&eacute;rents sc&eacute;narios d&rsquo;utilisation et strat&eacute;gies d&rsquo;am&eacute;nagement. L&rsquo;objectif &eacute;tait de cr&eacute;er un espace &eacute;conomique clairement positionn&eacute; et commercialisable, pr&ecirc;t &agrave; accueillir des entreprises &agrave; faible taux d&rsquo;&eacute;missions et &agrave; forte valeur ajout&eacute;e. Il est essentiel d&rsquo;&eacute;chelonner ce d&eacute;veloppement. Seuls des concepts flexibles et connectables permettront de d&eacute;velopper le site de mani&egrave;re viable &agrave; long terme.<\/p>\n\n\n\n\n\n<p class=\"wp-block-paragraph\"><strong>Un site, de nombreux int&eacute;r&ecirc;ts<\/strong><br>Dans le sous-secteur d&rsquo;Unterflechsen, la commune de Glaris Nord d&eacute;tient 3,8 hectares de zones d&rsquo;activit&eacute;s non construites. Le canton de Glaris poss&egrave;de 2,7 ha suppl&eacute;mentaires dans la zone adjacente de Mittelflechsen. Il existe des int&eacute;r&ecirc;ts concrets pour cette zone. Un &eacute;levage de saumons et un nouvel &eacute;tablissement p&eacute;nitentiaire sont en discussion. La surface est compl&eacute;t&eacute;e par des terrains priv&eacute;s ainsi que par des utilisations existantes. Cette diversit&eacute; fait de la coordination spatiale une t&acirc;che cl&eacute; en mati&egrave;re de planification.<\/p>\n\n\n\n\n\n<p class=\"wp-block-paragraph\"><strong>L&rsquo;infrastructure comme moteur de d&eacute;veloppement<\/strong><br>Du point de vue des transports, Bi&auml;sche est id&eacute;alement situ&eacute;. La zone est desservie par les axes de transport nationaux des CFF et de l&rsquo;OFROU. Toutefois, pour que le d&eacute;veloppement soit viable, il faut que le TIM, les transports publics, les d&eacute;placements &agrave; pied et &agrave; v&eacute;lo ainsi que les infrastructures d&rsquo;approvisionnement et d&rsquo;&eacute;limination soient coordonn&eacute;s et planifi&eacute;s &agrave; l&rsquo;avance. C&rsquo;est la seule fa&ccedil;on de cr&eacute;er un site qui soit &agrave; la fois &eacute;conomiquement attractif et &eacute;cologiquement responsable.<\/p>\n\n\n\n\n\n<p class=\"wp-block-paragraph\"><strong>Le projet indicatif, cl&eacute; du progr&egrave;s<\/strong><br>Apr&egrave;s l&rsquo;ach&egrave;vement de la planification test du d&eacute;veloppement du site de Bi&auml;sche en juin 2023, les concepts d&rsquo;Ernst Niklaus Fausch Partner AG et de Studio Vulkan <span class=\"glossaryLink\" aria-describedby=\"tt\" data-cmtooltip=\"&lt;div class=glossaryItemTitle&gt;Landschaftsarchitektur&lt;\/div&gt;&lt;div class=glossaryItemBody&gt;Landschaftsarchitekten entwerfen und planen Frei-, Verkehrs- und Zwischen-r&auml;ume und leisten damit einen wesentlichen Beitrag zur Gestaltung von &ouml;ffentlichen und privaten Freir&auml;umen und zur Entwicklung der Landschaft&lt;\/div&gt;\" data-mobile-support=\"0\" data-gt-translate-attributes='[{\"attribute\":\"data-cmtooltip\", \"format\":\"html\"}]' tabindex=\"0\" role=\"link\">Landschaftsarchitektur<\/span> AG seront d&eacute;velopp&eacute;s dans le cadre d&rsquo;une phase de synth&egrave;se jusqu&rsquo;en ao&ucirc;t 2025 pour aboutir &agrave; un projet indicatif. Le projet indicatif r&eacute;sume, dans le sens d&rsquo;une synth&egrave;se, les param&egrave;tres de d&eacute;veloppement du site consid&eacute;r&eacute;s comme corrects par les signataires et montre dans les grandes lignes comment le site doit se d&eacute;velopper &agrave; court, moyen et long terme. Il sert de base &agrave; la proc&eacute;dure de plan de <span class=\"glossaryLink\" aria-describedby=\"tt\" data-cmtooltip=\"&lt;div class=glossaryItemTitle&gt;Quartier&lt;\/div&gt;&lt;div class=glossaryItemBody&gt;Amtliches, historisches, soziales oder stadtplanerisches Stadtviertel&lt;\/div&gt;\" data-mobile-support=\"0\" data-gt-translate-attributes='[{\"attribute\":\"data-cmtooltip\", \"format\":\"html\"}]' tabindex=\"0\" role=\"link\">quartier<\/span> et de p&eacute;rim&egrave;tre qui s&rsquo;ensuit.<\/p>\n\n","protected":false},"excerpt":{"rendered":"<p>Un espace d&rsquo;avenir pour le travail, l&rsquo;innovation et la cr\u00e9ation de valeur r\u00e9gionale est en train de na\u00eetre dans la zone frontali\u00e8re de Glaris Nord et Weesen. Le d\u00e9veloppement du site de Bi\u00e4sche cr\u00e9e les conditions d&rsquo;un nouveau p\u00f4le de d\u00e9veloppement \u00e9conomique dans la plaine de la Linth.<\/p>\n","protected":false},"author":2,"featured_media":135181,"comment_status":"open","ping_status":"open","sticky":false,"template":"","format":"standard","meta":{"pmpro_default_level":"","inline_featured_image":false,"_monsterinsights_skip_tracking":false,"footnotes":""},"categories":[45951,743,739],"tags":[39759,871,848,872,3931,2002,2143,53550],"class_list":["post-135186","post","type-post","status-publish","format-standard","has-post-thumbnail","hentry","category-glarus-fr","category-immonews-fr","category-projects","tag-arbeitsgebiet-fr","tag-glarus-fr","tag-immobilien-fr","tag-immoinvest-fr","tag-immonews-fr","tag-news-fr","tag-standortqualitaet-fr","tag-ueberbauungsplan-fr","pmpro-has-access"],"acf":{"bild_mit_ki_erstellt_worden":[],"lead":"Un espace d'avenir pour le travail, l'innovation et la cr\u00e9ation de valeur r\u00e9gionale est en train de na\u00eetre dans la zone frontali\u00e8re de Glaris Nord et Weesen. Le d\u00e9veloppement du site de Bi\u00e4sche cr\u00e9e les conditions d'un nouveau p\u00f4le de d\u00e9veloppement \u00e9conomique dans la plaine de la Linth.","autor":"Quelle: immo!nvest Magazin Glarus","ort":"","bildunterschrift":"","bild_im_grid":false,"gallerie":"","newsim":""},"aioseo_notices":[],"aioseo_head":"\n\t\t<!-- All in One SEO 5.0.0.1 - aioseo.com -->\n\t<meta name=\"description\" content=\"Un espace d&#039;avenir pour le travail, l&#039;innovation et la cr\u00e9ation de valeur r\u00e9gionale est en train de na\u00eetre dans la zone frontali\u00e8re de Glaris Nord et Weesen. Le d\u00e9veloppement du site de Bi\u00e4sche cr\u00e9e les conditions d&#039;un nouveau p\u00f4le de d\u00e9veloppement \u00e9conomique dans la plaine de la Linth.\" \/>\n\t<meta name=\"robots\" content=\"max-image-preview:large\" \/>\n\t<meta name=\"author\" content=\"immovestuser\"\/>\n\t<meta name=\"google-site-verification\" content=\"fHJKvgWpZCR2zVBHWfkQeFXC11qieUSff0HGNYfuyLA\" \/>\n\t<link rel=\"canonical\" href=\"https:\/\/www.immo-invest.ch\/fr\/biaesche-neu-denken\/\" \/>\n\t<meta name=\"generator\" content=\"All in One SEO (AIOSEO) 5.0.0.1\" \/>\n\t\t<meta property=\"og:locale\" content=\"fr_FR\" \/>\n\t\t<meta property=\"og:site_name\" content=\"immo!nvest - Die Plattform f\u00fcr Standorte und Immobilien - Die\u00a0Plattform f\u00fcr Standorte und Immobilien\" \/>\n\t\t<meta property=\"og:type\" content=\"article\" \/>\n\t\t<meta property=\"og:title\" content=\"Repenser la biomasse - immo!nvest - Die Plattform f\u00fcr Standorte und Immobilien\" \/>\n\t\t<meta property=\"og:description\" content=\"Un espace d&#039;avenir pour le travail, l&#039;innovation et la cr\u00e9ation de valeur r\u00e9gionale est en train de na\u00eetre dans la zone frontali\u00e8re de Glaris Nord et Weesen. Le d\u00e9veloppement du site de Bi\u00e4sche cr\u00e9e les conditions d&#039;un nouveau p\u00f4le de d\u00e9veloppement \u00e9conomique dans la plaine de la Linth.\" \/>\n\t\t<meta property=\"og:url\" content=\"https:\/\/www.immo-invest.ch\/fr\/biaesche-neu-denken\/\" \/>\n\t\t<meta property=\"og:image\" content=\"https:\/\/www.immo-invest.ch\/wp-content\/uploads\/2025\/07\/NiederurnenZiegelbruecke-scaled.jpg\" \/>\n\t\t<meta property=\"og:image:secure_url\" content=\"https:\/\/www.immo-invest.ch\/wp-content\/uploads\/2025\/07\/NiederurnenZiegelbruecke-scaled.jpg\" \/>\n\t\t<meta property=\"og:image:width\" content=\"2560\" \/>\n\t\t<meta property=\"og:image:height\" content=\"843\" \/>\n\t\t<meta property=\"article:published_time\" content=\"2025-07-01T08:51:55+00:00\" \/>\n\t\t<meta property=\"article:modified_time\" content=\"2025-07-01T09:00:06+00:00\" \/>\n\t\t<meta property=\"article:publisher\" content=\"https:\/\/www.facebook.com\/people\/Immoinvest\/100077962920504\/\" \/>\n\t\t<meta name=\"twitter:card\" content=\"summary_large_image\" \/>\n\t\t<meta name=\"twitter:site\" content=\"@i\" \/>\n\t\t<meta name=\"twitter:title\" content=\"Repenser la biomasse - immo!nvest - Die Plattform f\u00fcr Standorte und Immobilien\" \/>\n\t\t<meta name=\"twitter:description\" content=\"Un espace d&#039;avenir pour le travail, l&#039;innovation et la cr\u00e9ation de valeur r\u00e9gionale est en train de na\u00eetre dans la zone frontali\u00e8re de Glaris Nord et Weesen. Le d\u00e9veloppement du site de Bi\u00e4sche cr\u00e9e les conditions d&#039;un nouveau p\u00f4le de d\u00e9veloppement \u00e9conomique dans la plaine de la Linth.\" \/>\n\t\t<meta name=\"twitter:creator\" content=\"@i\" \/>\n\t\t<meta name=\"twitter:image\" content=\"https:\/\/www.immo-invest.ch\/wp-content\/uploads\/2025\/07\/NiederurnenZiegelbruecke-scaled.jpg\" \/>\n\t\t<script type=\"application\/ld+json\" class=\"aioseo-schema\">\n\t\t\t{\"@context\":\"https:\\\/\\\/schema.org\",\"@graph\":[{\"@type\":\"BlogPosting\",\"@id\":\"https:\\\/\\\/www.immo-invest.ch\\\/fr\\\/biaesche-neu-denken\\\/#blogposting\",\"name\":\"Repenser la biomasse - immo!nvest - Die Plattform f\\u00fcr Standorte und Immobilien\",\"headline\":\"Repenser la biomasse\",\"author\":{\"@id\":\"https:\\\/\\\/www.immo-invest.ch\\\/fr\\\/author\\\/immovestuser\\\/#author\"},\"publisher\":{\"@id\":\"https:\\\/\\\/www.immo-invest.ch\\\/fr\\\/#organization\"},\"image\":{\"@type\":\"ImageObject\",\"url\":\"https:\\\/\\\/www.immo-invest.ch\\\/wp-content\\\/uploads\\\/2025\\\/07\\\/NiederurnenZiegelbruecke-scaled.jpg\",\"width\":2560,\"height\":843,\"caption\":\"Glarus Nord\"},\"datePublished\":\"2025-07-01T10:51:55+02:00\",\"dateModified\":\"2025-07-01T11:00:06+02:00\",\"inLanguage\":\"fr-FR\",\"mainEntityOfPage\":{\"@id\":\"https:\\\/\\\/www.immo-invest.ch\\\/fr\\\/biaesche-neu-denken\\\/#webpage\"},\"isPartOf\":{\"@id\":\"https:\\\/\\\/www.immo-invest.ch\\\/fr\\\/biaesche-neu-denken\\\/#webpage\"},\"articleSection\":\"Glarus, immoNews, Projects, Arbeitsgebiet, Glarus, immobilien, Immoinvest, immoNews, News, Standortqualit\\u00e4t, \\u00dcberbauungsplan, Facultatif\"},{\"@type\":\"BreadcrumbList\",\"@id\":\"https:\\\/\\\/www.immo-invest.ch\\\/fr\\\/biaesche-neu-denken\\\/#breadcrumblist\",\"itemListElement\":[{\"@type\":\"ListItem\",\"@id\":\"https:\\\/\\\/www.immo-invest.ch\\\/fr\\\/#listItem\",\"position\":1,\"name\":\"Home\",\"item\":\"https:\\\/\\\/www.immo-invest.ch\\\/fr\\\/\",\"nextItem\":{\"@type\":\"ListItem\",\"@id\":\"https:\\\/\\\/www.immo-invest.ch\\\/fr\\\/categories\\\/regions\\\/#listItem\",\"name\":\"R\\u00e9gions\"}},{\"@type\":\"ListItem\",\"@id\":\"https:\\\/\\\/www.immo-invest.ch\\\/fr\\\/categories\\\/regions\\\/#listItem\",\"position\":2,\"name\":\"R\\u00e9gions\",\"item\":\"https:\\\/\\\/www.immo-invest.ch\\\/fr\\\/categories\\\/regions\\\/\",\"nextItem\":{\"@type\":\"ListItem\",\"@id\":\"https:\\\/\\\/www.immo-invest.ch\\\/fr\\\/categories\\\/regions\\\/suisse\\\/#listItem\",\"name\":\"Suisse\"},\"previousItem\":{\"@type\":\"ListItem\",\"@id\":\"https:\\\/\\\/www.immo-invest.ch\\\/fr\\\/#listItem\",\"name\":\"Home\"}},{\"@type\":\"ListItem\",\"@id\":\"https:\\\/\\\/www.immo-invest.ch\\\/fr\\\/categories\\\/regions\\\/suisse\\\/#listItem\",\"position\":3,\"name\":\"Suisse\",\"item\":\"https:\\\/\\\/www.immo-invest.ch\\\/fr\\\/categories\\\/regions\\\/suisse\\\/\",\"nextItem\":{\"@type\":\"ListItem\",\"@id\":\"https:\\\/\\\/www.immo-invest.ch\\\/fr\\\/categories\\\/regions\\\/suisse\\\/suisse-orientale\\\/#listItem\",\"name\":\"Suisse orientale\"},\"previousItem\":{\"@type\":\"ListItem\",\"@id\":\"https:\\\/\\\/www.immo-invest.ch\\\/fr\\\/categories\\\/regions\\\/#listItem\",\"name\":\"R\\u00e9gions\"}},{\"@type\":\"ListItem\",\"@id\":\"https:\\\/\\\/www.immo-invest.ch\\\/fr\\\/categories\\\/regions\\\/suisse\\\/suisse-orientale\\\/#listItem\",\"position\":4,\"name\":\"Suisse orientale\",\"item\":\"https:\\\/\\\/www.immo-invest.ch\\\/fr\\\/categories\\\/regions\\\/suisse\\\/suisse-orientale\\\/\",\"nextItem\":{\"@type\":\"ListItem\",\"@id\":\"https:\\\/\\\/www.immo-invest.ch\\\/fr\\\/categories\\\/regions\\\/suisse\\\/suisse-orientale\\\/glarus-fr\\\/#listItem\",\"name\":\"Glarus\"},\"previousItem\":{\"@type\":\"ListItem\",\"@id\":\"https:\\\/\\\/www.immo-invest.ch\\\/fr\\\/categories\\\/regions\\\/suisse\\\/#listItem\",\"name\":\"Suisse\"}},{\"@type\":\"ListItem\",\"@id\":\"https:\\\/\\\/www.immo-invest.ch\\\/fr\\\/categories\\\/regions\\\/suisse\\\/suisse-orientale\\\/glarus-fr\\\/#listItem\",\"position\":5,\"name\":\"Glarus\",\"item\":\"https:\\\/\\\/www.immo-invest.ch\\\/fr\\\/categories\\\/regions\\\/suisse\\\/suisse-orientale\\\/glarus-fr\\\/\",\"nextItem\":{\"@type\":\"ListItem\",\"@id\":\"https:\\\/\\\/www.immo-invest.ch\\\/fr\\\/biaesche-neu-denken\\\/#listItem\",\"name\":\"Repenser la biomasse\"},\"previousItem\":{\"@type\":\"ListItem\",\"@id\":\"https:\\\/\\\/www.immo-invest.ch\\\/fr\\\/categories\\\/regions\\\/suisse\\\/suisse-orientale\\\/#listItem\",\"name\":\"Suisse orientale\"}},{\"@type\":\"ListItem\",\"@id\":\"https:\\\/\\\/www.immo-invest.ch\\\/fr\\\/biaesche-neu-denken\\\/#listItem\",\"position\":6,\"name\":\"Repenser la biomasse\",\"previousItem\":{\"@type\":\"ListItem\",\"@id\":\"https:\\\/\\\/www.immo-invest.ch\\\/fr\\\/categories\\\/regions\\\/suisse\\\/suisse-orientale\\\/glarus-fr\\\/#listItem\",\"name\":\"Glarus\"}}]},{\"@type\":\"Organization\",\"@id\":\"https:\\\/\\\/www.immo-invest.ch\\\/fr\\\/#organization\",\"name\":\"immo!nvest - Die Plattform f\\u00fcr Standorte und Immobilien\",\"description\":\"Die\\u00a0Plattform f\\u00fcr Standorte und Immobilien\",\"url\":\"https:\\\/\\\/www.immo-invest.ch\\\/fr\\\/\",\"email\":\"admin@immomedia.ag\",\"telephone\":\"+41444420002\",\"logo\":{\"@type\":\"ImageObject\",\"url\":\"https:\\\/\\\/www.immo-invest.ch\\\/wp-content\\\/uploads\\\/2024\\\/09\\\/immoinvest_sm-scaled.jpg\",\"@id\":\"https:\\\/\\\/www.immo-invest.ch\\\/fr\\\/biaesche-neu-denken\\\/#organizationLogo\",\"width\":2560,\"height\":1340},\"image\":{\"@id\":\"https:\\\/\\\/www.immo-invest.ch\\\/fr\\\/biaesche-neu-denken\\\/#organizationLogo\"},\"sameAs\":[\"https:\\\/\\\/www.facebook.com\\\/people\\\/Immoinvest\\\/100077962920504\\\/\",\"https:\\\/\\\/x.com\\\/i\\\/flow\\\/login?redirect_after_login=immoinvest_ch\",\"https:\\\/\\\/www.instagram.com\\\/immoinvest_ch\\\/\",\"https:\\\/\\\/www.linkedin.com\\\/company\\\/immoinvest-swiss\"]},{\"@type\":\"Person\",\"@id\":\"https:\\\/\\\/www.immo-invest.ch\\\/fr\\\/author\\\/immovestuser\\\/#author\",\"url\":\"https:\\\/\\\/www.immo-invest.ch\\\/fr\\\/author\\\/immovestuser\\\/\",\"name\":\"immovestuser\",\"image\":{\"@type\":\"ImageObject\",\"@id\":\"https:\\\/\\\/www.immo-invest.ch\\\/fr\\\/biaesche-neu-denken\\\/#authorImage\",\"url\":\"https:\\\/\\\/secure.gravatar.com\\\/avatar\\\/8e01f4d99f2eeea7a362ebb93305e1172a70e9293ba250f897a65c39f54cdd1e?s=96&d=mm&r=g\",\"width\":96,\"height\":96,\"caption\":\"immovestuser\"}},{\"@type\":\"WebPage\",\"@id\":\"https:\\\/\\\/www.immo-invest.ch\\\/fr\\\/biaesche-neu-denken\\\/#webpage\",\"url\":\"https:\\\/\\\/www.immo-invest.ch\\\/fr\\\/biaesche-neu-denken\\\/\",\"name\":\"Repenser la biomasse - immo!nvest - Die Plattform f\\u00fcr Standorte und Immobilien\",\"description\":\"Un espace d'avenir pour le travail, l'innovation et la cr\\u00e9ation de valeur r\\u00e9gionale est en train de na\\u00eetre dans la zone frontali\\u00e8re de Glaris Nord et Weesen. Le d\\u00e9veloppement du site de Bi\\u00e4sche cr\\u00e9e les conditions d'un nouveau p\\u00f4le de d\\u00e9veloppement \\u00e9conomique dans la plaine de la Linth.\",\"inLanguage\":\"fr-FR\",\"isPartOf\":{\"@id\":\"https:\\\/\\\/www.immo-invest.ch\\\/fr\\\/#website\"},\"breadcrumb\":{\"@id\":\"https:\\\/\\\/www.immo-invest.ch\\\/fr\\\/biaesche-neu-denken\\\/#breadcrumblist\"},\"author\":{\"@id\":\"https:\\\/\\\/www.immo-invest.ch\\\/fr\\\/author\\\/immovestuser\\\/#author\"},\"creator\":{\"@id\":\"https:\\\/\\\/www.immo-invest.ch\\\/fr\\\/author\\\/immovestuser\\\/#author\"},\"image\":{\"@type\":\"ImageObject\",\"url\":\"https:\\\/\\\/www.immo-invest.ch\\\/wp-content\\\/uploads\\\/2025\\\/07\\\/NiederurnenZiegelbruecke-scaled.jpg\",\"@id\":\"https:\\\/\\\/www.immo-invest.ch\\\/fr\\\/biaesche-neu-denken\\\/#mainImage\",\"width\":2560,\"height\":843,\"caption\":\"Glarus Nord\"},\"primaryImageOfPage\":{\"@id\":\"https:\\\/\\\/www.immo-invest.ch\\\/fr\\\/biaesche-neu-denken\\\/#mainImage\"},\"datePublished\":\"2025-07-01T10:51:55+02:00\",\"dateModified\":\"2025-07-01T11:00:06+02:00\"},{\"@type\":\"WebSite\",\"@id\":\"https:\\\/\\\/www.immo-invest.ch\\\/fr\\\/#website\",\"url\":\"https:\\\/\\\/www.immo-invest.ch\\\/fr\\\/\",\"name\":\"immo!nvest - Die Plattform f\\u00fcr Standorte und Immobilien\",\"description\":\"Die\\u00a0Plattform f\\u00fcr Standorte und Immobilien\",\"inLanguage\":\"fr-FR\",\"publisher\":{\"@id\":\"https:\\\/\\\/www.immo-invest.ch\\\/fr\\\/#organization\"}}]}\n\t\t<\/script>\n\t\t<!-- All in One SEO -->\n\n","aioseo_head_json":{"title":"Repenser la biomasse - immo!nvest - Die Plattform f\u00fcr Standorte und Immobilien","description":"Un espace d'avenir pour le travail, l'innovation et la cr\u00e9ation de valeur r\u00e9gionale est en train de na\u00eetre dans la zone frontali\u00e8re de Glaris Nord et Weesen. Le d\u00e9veloppement du site de Bi\u00e4sche cr\u00e9e les conditions d'un nouveau p\u00f4le de d\u00e9veloppement \u00e9conomique dans la plaine de la Linth.","canonical_url":"https:\/\/www.immo-invest.ch\/fr\/biaesche-neu-denken\/","robots":"max-image-preview:large","keywords":"","webmasterTools":{"google-site-verification":"fHJKvgWpZCR2zVBHWfkQeFXC11qieUSff0HGNYfuyLA","miscellaneous":""},"schema":{"@context":"https:\/\/schema.org","@graph":[{"@type":"BlogPosting","@id":"https:\/\/www.immo-invest.ch\/fr\/biaesche-neu-denken\/#blogposting","name":"Repenser la biomasse - immo!nvest - Die Plattform f\u00fcr Standorte und Immobilien","headline":"Repenser la biomasse","author":{"@id":"https:\/\/www.immo-invest.ch\/fr\/author\/immovestuser\/#author"},"publisher":{"@id":"https:\/\/www.immo-invest.ch\/fr\/#organization"},"image":{"@type":"ImageObject","url":"https:\/\/www.immo-invest.ch\/wp-content\/uploads\/2025\/07\/NiederurnenZiegelbruecke-scaled.jpg","width":2560,"height":843,"caption":"Glarus Nord"},"datePublished":"2025-07-01T10:51:55+02:00","dateModified":"2025-07-01T11:00:06+02:00","inLanguage":"fr-FR","mainEntityOfPage":{"@id":"https:\/\/www.immo-invest.ch\/fr\/biaesche-neu-denken\/#webpage"},"isPartOf":{"@id":"https:\/\/www.immo-invest.ch\/fr\/biaesche-neu-denken\/#webpage"},"articleSection":"Glarus, immoNews, Projects, Arbeitsgebiet, Glarus, immobilien, Immoinvest, immoNews, News, Standortqualit\u00e4t, \u00dcberbauungsplan, Facultatif"},{"@type":"BreadcrumbList","@id":"https:\/\/www.immo-invest.ch\/fr\/biaesche-neu-denken\/#breadcrumblist","itemListElement":[{"@type":"ListItem","@id":"https:\/\/www.immo-invest.ch\/fr\/#listItem","position":1,"name":"Home","item":"https:\/\/www.immo-invest.ch\/fr\/","nextItem":{"@type":"ListItem","@id":"https:\/\/www.immo-invest.ch\/fr\/categories\/regions\/#listItem","name":"R\u00e9gions"}},{"@type":"ListItem","@id":"https:\/\/www.immo-invest.ch\/fr\/categories\/regions\/#listItem","position":2,"name":"R\u00e9gions","item":"https:\/\/www.immo-invest.ch\/fr\/categories\/regions\/","nextItem":{"@type":"ListItem","@id":"https:\/\/www.immo-invest.ch\/fr\/categories\/regions\/suisse\/#listItem","name":"Suisse"},"previousItem":{"@type":"ListItem","@id":"https:\/\/www.immo-invest.ch\/fr\/#listItem","name":"Home"}},{"@type":"ListItem","@id":"https:\/\/www.immo-invest.ch\/fr\/categories\/regions\/suisse\/#listItem","position":3,"name":"Suisse","item":"https:\/\/www.immo-invest.ch\/fr\/categories\/regions\/suisse\/","nextItem":{"@type":"ListItem","@id":"https:\/\/www.immo-invest.ch\/fr\/categories\/regions\/suisse\/suisse-orientale\/#listItem","name":"Suisse orientale"},"previousItem":{"@type":"ListItem","@id":"https:\/\/www.immo-invest.ch\/fr\/categories\/regions\/#listItem","name":"R\u00e9gions"}},{"@type":"ListItem","@id":"https:\/\/www.immo-invest.ch\/fr\/categories\/regions\/suisse\/suisse-orientale\/#listItem","position":4,"name":"Suisse orientale","item":"https:\/\/www.immo-invest.ch\/fr\/categories\/regions\/suisse\/suisse-orientale\/","nextItem":{"@type":"ListItem","@id":"https:\/\/www.immo-invest.ch\/fr\/categories\/regions\/suisse\/suisse-orientale\/glarus-fr\/#listItem","name":"Glarus"},"previousItem":{"@type":"ListItem","@id":"https:\/\/www.immo-invest.ch\/fr\/categories\/regions\/suisse\/#listItem","name":"Suisse"}},{"@type":"ListItem","@id":"https:\/\/www.immo-invest.ch\/fr\/categories\/regions\/suisse\/suisse-orientale\/glarus-fr\/#listItem","position":5,"name":"Glarus","item":"https:\/\/www.immo-invest.ch\/fr\/categories\/regions\/suisse\/suisse-orientale\/glarus-fr\/","nextItem":{"@type":"ListItem","@id":"https:\/\/www.immo-invest.ch\/fr\/biaesche-neu-denken\/#listItem","name":"Repenser la biomasse"},"previousItem":{"@type":"ListItem","@id":"https:\/\/www.immo-invest.ch\/fr\/categories\/regions\/suisse\/suisse-orientale\/#listItem","name":"Suisse orientale"}},{"@type":"ListItem","@id":"https:\/\/www.immo-invest.ch\/fr\/biaesche-neu-denken\/#listItem","position":6,"name":"Repenser la biomasse","previousItem":{"@type":"ListItem","@id":"https:\/\/www.immo-invest.ch\/fr\/categories\/regions\/suisse\/suisse-orientale\/glarus-fr\/#listItem","name":"Glarus"}}]},{"@type":"Organization","@id":"https:\/\/www.immo-invest.ch\/fr\/#organization","name":"immo!nvest - Die Plattform f\u00fcr Standorte und Immobilien","description":"Die\u00a0Plattform f\u00fcr Standorte und Immobilien","url":"https:\/\/www.immo-invest.ch\/fr\/","email":"admin@immomedia.ag","telephone":"+41444420002","logo":{"@type":"ImageObject","url":"https:\/\/www.immo-invest.ch\/wp-content\/uploads\/2024\/09\/immoinvest_sm-scaled.jpg","@id":"https:\/\/www.immo-invest.ch\/fr\/biaesche-neu-denken\/#organizationLogo","width":2560,"height":1340},"image":{"@id":"https:\/\/www.immo-invest.ch\/fr\/biaesche-neu-denken\/#organizationLogo"},"sameAs":["https:\/\/www.facebook.com\/people\/Immoinvest\/100077962920504\/","https:\/\/x.com\/i\/flow\/login?redirect_after_login=immoinvest_ch","https:\/\/www.instagram.com\/immoinvest_ch\/","https:\/\/www.linkedin.com\/company\/immoinvest-swiss"]},{"@type":"Person","@id":"https:\/\/www.immo-invest.ch\/fr\/author\/immovestuser\/#author","url":"https:\/\/www.immo-invest.ch\/fr\/author\/immovestuser\/","name":"immovestuser","image":{"@type":"ImageObject","@id":"https:\/\/www.immo-invest.ch\/fr\/biaesche-neu-denken\/#authorImage","url":"https:\/\/secure.gravatar.com\/avatar\/8e01f4d99f2eeea7a362ebb93305e1172a70e9293ba250f897a65c39f54cdd1e?s=96&d=mm&r=g","width":96,"height":96,"caption":"immovestuser"}},{"@type":"WebPage","@id":"https:\/\/www.immo-invest.ch\/fr\/biaesche-neu-denken\/#webpage","url":"https:\/\/www.immo-invest.ch\/fr\/biaesche-neu-denken\/","name":"Repenser la biomasse - immo!nvest - Die Plattform f\u00fcr Standorte und Immobilien","description":"Un espace d'avenir pour le travail, l'innovation et la cr\u00e9ation de valeur r\u00e9gionale est en train de na\u00eetre dans la zone frontali\u00e8re de Glaris Nord et Weesen. Le d\u00e9veloppement du site de Bi\u00e4sche cr\u00e9e les conditions d'un nouveau p\u00f4le de d\u00e9veloppement \u00e9conomique dans la plaine de la Linth.","inLanguage":"fr-FR","isPartOf":{"@id":"https:\/\/www.immo-invest.ch\/fr\/#website"},"breadcrumb":{"@id":"https:\/\/www.immo-invest.ch\/fr\/biaesche-neu-denken\/#breadcrumblist"},"author":{"@id":"https:\/\/www.immo-invest.ch\/fr\/author\/immovestuser\/#author"},"creator":{"@id":"https:\/\/www.immo-invest.ch\/fr\/author\/immovestuser\/#author"},"image":{"@type":"ImageObject","url":"https:\/\/www.immo-invest.ch\/wp-content\/uploads\/2025\/07\/NiederurnenZiegelbruecke-scaled.jpg","@id":"https:\/\/www.immo-invest.ch\/fr\/biaesche-neu-denken\/#mainImage","width":2560,"height":843,"caption":"Glarus Nord"},"primaryImageOfPage":{"@id":"https:\/\/www.immo-invest.ch\/fr\/biaesche-neu-denken\/#mainImage"},"datePublished":"2025-07-01T10:51:55+02:00","dateModified":"2025-07-01T11:00:06+02:00"},{"@type":"WebSite","@id":"https:\/\/www.immo-invest.ch\/fr\/#website","url":"https:\/\/www.immo-invest.ch\/fr\/","name":"immo!nvest - Die Plattform f\u00fcr Standorte und Immobilien","description":"Die\u00a0Plattform f\u00fcr Standorte und Immobilien","inLanguage":"fr-FR","publisher":{"@id":"https:\/\/www.immo-invest.ch\/fr\/#organization"}}]},"og:locale":"fr_FR","og:site_name":"immo!nvest - Die Plattform f\u00fcr Standorte und Immobilien - Die\u00a0Plattform f\u00fcr Standorte und Immobilien","og:type":"article","og:title":"Repenser la biomasse - immo!nvest - Die Plattform f\u00fcr Standorte und Immobilien","og:description":"Un espace d'avenir pour le travail, l'innovation et la cr\u00e9ation de valeur r\u00e9gionale est en train de na\u00eetre dans la zone frontali\u00e8re de Glaris Nord et Weesen. Le d\u00e9veloppement du site de Bi\u00e4sche cr\u00e9e les conditions d'un nouveau p\u00f4le de d\u00e9veloppement \u00e9conomique dans la plaine de la Linth.","og:url":"https:\/\/www.immo-invest.ch\/fr\/biaesche-neu-denken\/","og:image":"https:\/\/www.immo-invest.ch\/wp-content\/uploads\/2025\/07\/NiederurnenZiegelbruecke-scaled.jpg","og:image:secure_url":"https:\/\/www.immo-invest.ch\/wp-content\/uploads\/2025\/07\/NiederurnenZiegelbruecke-scaled.jpg","og:image:width":2560,"og:image:height":843,"article:published_time":"2025-07-01T08:51:55+00:00","article:modified_time":"2025-07-01T09:00:06+00:00","article:publisher":"https:\/\/www.facebook.com\/people\/Immoinvest\/100077962920504\/","twitter:card":"summary_large_image","twitter:site":"@i","twitter:title":"Repenser la biomasse - immo!nvest - Die Plattform f\u00fcr Standorte und Immobilien","twitter:description":"Un espace d'avenir pour le travail, l'innovation et la cr\u00e9ation de valeur r\u00e9gionale est en train de na\u00eetre dans la zone frontali\u00e8re de Glaris Nord et Weesen. Le d\u00e9veloppement du site de Bi\u00e4sche cr\u00e9e les conditions d'un nouveau p\u00f4le de d\u00e9veloppement \u00e9conomique dans la plaine de la Linth.","twitter:creator":"@i","twitter:image":"https:\/\/www.immo-invest.ch\/wp-content\/uploads\/2025\/07\/NiederurnenZiegelbruecke-scaled.jpg"},"aioseo_meta_data":{"post_id":"135186","title":null,"description":null,"keywords":null,"keyphrases":{"focus":{"keyphrase":"","score":0,"analysis":{"keyphraseInTitle":{"score":0,"maxScore":9,"error":1}}},"additional":[]},"primary_term":null,"canonical_url":null,"og_title":null,"og_description":null,"og_object_type":"default","og_image_type":"default","og_image_url":null,"og_image_width":null,"og_image_height":null,"og_image_custom_url":null,"og_image_custom_fields":null,"og_video":"","og_custom_url":null,"og_article_section":null,"og_article_tags":null,"twitter_use_og":false,"twitter_card":"default","twitter_image_type":"default","twitter_image_url":null,"twitter_image_custom_url":null,"twitter_image_custom_fields":null,"twitter_title":null,"twitter_description":null,"schema":{"blockGraphs":[],"customGraphs":[],"default":{"data":{"Article":[],"Course":[],"Dataset":[],"FAQPage":[],"Movie":[],"Person":[],"Product":[],"ProductReview":[],"Car":[],"Recipe":[],"Service":[],"SoftwareApplication":[],"WebPage":[]},"graphName":"BlogPosting","isEnabled":true},"graphs":[]},"schema_type":"default","schema_type_options":null,"pillar_content":false,"robots_default":true,"robots_noindex":false,"robots_noarchive":false,"robots_nosnippet":false,"robots_nofollow":false,"robots_noimageindex":false,"robots_noodp":false,"robots_notranslate":false,"robots_max_snippet":"-1","robots_max_videopreview":"-1","robots_max_imagepreview":"large","priority":null,"frequency":"default","local_seo":null,"breadcrumb_settings":null,"limit_modified_date":false,"ai":null,"created":"2025-07-01 09:00:06","updated":"2025-10-24 22:51:16","seo_analyzer_scan_date":null,"focus_keyword":null,"additional_keywords":null,"truseo_locale":null},"aioseo_breadcrumb":"<div class=\"aioseo-breadcrumbs\"><span class=\"aioseo-breadcrumb\">\n\t\t\t<a href=\"https:\/\/www.immo-invest.ch\/fr\/\" title=\"Home\">Home<\/a>\n\t\t<\/span><span class=\"aioseo-breadcrumb-separator\">&raquo;<\/span><span class=\"aioseo-breadcrumb\">\n\t\t\t<a href=\"https:\/\/www.immo-invest.ch\/fr\/categories\/regions\/\" title=\"R\u00e9gions\">R\u00e9gions<\/a>\n\t\t<\/span><span class=\"aioseo-breadcrumb-separator\">&raquo;<\/span><span class=\"aioseo-breadcrumb\">\n\t\t\t<a href=\"https:\/\/www.immo-invest.ch\/fr\/categories\/regions\/suisse\/\" title=\"Suisse\">Suisse<\/a>\n\t\t<\/span><span class=\"aioseo-breadcrumb-separator\">&raquo;<\/span><span class=\"aioseo-breadcrumb\">\n\t\t\t<a href=\"https:\/\/www.immo-invest.ch\/fr\/categories\/regions\/suisse\/suisse-orientale\/\" title=\"Suisse orientale\">Suisse orientale<\/a>\n\t\t<\/span><span class=\"aioseo-breadcrumb-separator\">&raquo;<\/span><span class=\"aioseo-breadcrumb\">\n\t\t\t<a href=\"https:\/\/www.immo-invest.ch\/fr\/categories\/regions\/suisse\/suisse-orientale\/glarus-fr\/\" title=\"Glarus\">Glarus<\/a>\n\t\t<\/span><span class=\"aioseo-breadcrumb-separator\">&raquo;<\/span><span class=\"aioseo-breadcrumb\">\n\t\t\tRepenser la biomasse\n\t\t<\/span><\/div>","aioseo_breadcrumb_json":[{"label":"Home","link":"https:\/\/www.immo-invest.ch\/fr\/"},{"label":"R\u00e9gions","link":"https:\/\/www.immo-invest.ch\/fr\/categories\/regions\/"},{"label":"Suisse","link":"https:\/\/www.immo-invest.ch\/fr\/categories\/regions\/suisse\/"},{"label":"Suisse orientale","link":"https:\/\/www.immo-invest.ch\/fr\/categories\/regions\/suisse\/suisse-orientale\/"},{"label":"Glarus","link":"https:\/\/www.immo-invest.ch\/fr\/categories\/regions\/suisse\/suisse-orientale\/glarus-fr\/"},{"label":"Repenser la biomasse","link":"https:\/\/www.immo-invest.ch\/fr\/biaesche-neu-denken\/"}],"featured_image_src":"https:\/\/www.immo-invest.ch\/wp-content\/uploads\/2025\/07\/NiederurnenZiegelbruecke-336x168.jpg","_links":{"self":[{"href":"https:\/\/www.immo-invest.ch\/fr\/wp-json\/wp\/v2\/posts\/135186","targetHints":{"allow":["GET"]}}],"collection":[{"href":"https:\/\/www.immo-invest.ch\/fr\/wp-json\/wp\/v2\/posts"}],"about":[{"href":"https:\/\/www.immo-invest.ch\/fr\/wp-json\/wp\/v2\/types\/post"}],"author":[{"embeddable":true,"href":"https:\/\/www.immo-invest.ch\/fr\/wp-json\/wp\/v2\/users\/2"}],"replies":[{"embeddable":true,"href":"https:\/\/www.immo-invest.ch\/fr\/wp-json\/wp\/v2\/comments?post=135186"}],"version-history":[{"count":0,"href":"https:\/\/www.immo-invest.ch\/fr\/wp-json\/wp\/v2\/posts\/135186\/revisions"}],"wp:featuredmedia":[{"embeddable":true,"href":"https:\/\/www.immo-invest.ch\/fr\/wp-json\/wp\/v2\/media\/135181"}],"wp:attachment":[{"href":"https:\/\/www.immo-invest.ch\/fr\/wp-json\/wp\/v2\/media?parent=135186"}],"wp:term":[{"taxonomy":"category","embeddable":true,"href":"https:\/\/www.immo-invest.ch\/fr\/wp-json\/wp\/v2\/categories?post=135186"},{"taxonomy":"post_tag","embeddable":true,"href":"https:\/\/www.immo-invest.ch\/fr\/wp-json\/wp\/v2\/tags?post=135186"}],"curies":[{"name":"wp","href":"https:\/\/api.w.org\/{rel}","templated":true}]}}