{"id":135046,"date":"2025-07-04T12:21:57","date_gmt":"2025-07-04T10:21:57","guid":{"rendered":"https:\/\/www.immo-invest.ch\/?p=135046"},"modified":"2025-06-30T11:19:05","modified_gmt":"2025-06-30T09:19:05","slug":"zuger-stadtparlament-unterstuetzt-bebauungsplan-metalli","status":"publish","type":"post","link":"https:\/\/www.immo-invest.ch\/fr\/zuger-stadtparlament-unterstuetzt-bebauungsplan-metalli\/","title":{"rendered":"Le parlement de la ville de Zoug soutient le plan d&rsquo;urbanisme Metalli"},"content":{"rendered":"<p class=\"bodytext\">Le <a href=\"https:\/\/lebensraum-metalli.ch\/\" target=\"_blank\" rel=\"noopener\">plan d&rsquo;am&eacute;nagement Metalli<\/a> est entr&eacute; dans le processus d&rsquo;approbation politique, informe le <a href=\"https:\/\/zugestates.ch\/\" target=\"_blank\" rel=\"noopener\">groupe Zug Estates<\/a> dans un <a href=\"https:\/\/mailing-ircockpit.eqs.com\/crm-mailing\/5c0b96df-ea7c-11e8-902f-2c44fd856d8c\/8dd16851-5e6e-45f1-aa4e-adc049febbbe\/417973fd-ac85-43f9-ab41-e5dd00b30d93\/250625_Medienmitteilung.pdf\" target=\"_blank\" rel=\"noopener\">communiqu&eacute;<\/a>. La soci&eacute;t&eacute; immobili&egrave;re, qui se concentre sur l&rsquo;espace &eacute;conomique et de vie de Zoug, pr&eacute;voit de transformer l&rsquo;avenue commer&ccedil;ante existante en un <span class=\"glossaryLink\" aria-describedby=\"tt\" data-cmtooltip=\"&lt;div class=glossaryItemTitle&gt;Quartier&lt;\/div&gt;&lt;div class=glossaryItemBody&gt;Amtliches, historisches, soziales oder stadtplanerisches Stadtviertel&lt;\/div&gt;\" data-mobile-support=\"0\" data-gt-translate-attributes='[{\"attribute\":\"data-cmtooltip\", \"format\":\"html\"}]' tabindex=\"0\" role=\"link\">quartier<\/span> vivant. Il est pr&eacute;vu de cr&eacute;er des logements suppl&eacute;mentaires et de nouveaux espaces publics verts.<\/p>\n<p class=\"bodytext\">Le <a href=\"https:\/\/www.stadtzug.ch\/stadtrat\/1823\" target=\"_blank\" rel=\"noopener\">conseil municipal<\/a> de la <a href=\"https:\/\/www.stadtzug.ch\/_rtr\/home\" target=\"_blank\" rel=\"noopener\">ville de Zoug<\/a> avait d&eacute;j&agrave; approuv&eacute; le plan d&rsquo;am&eacute;nagement Metalli le 8 avril. Le 17 juin, le plan d&rsquo;am&eacute;nagement a &eacute;galement &eacute;t&eacute; approuv&eacute; en premier lieu par le <a href=\"https:\/\/www.stadtzug.ch\/grosser-gemeinderat\/32903\" target=\"_blank\" rel=\"noopener\">Grand Conseil de la<\/a> ville de Zoug. Les plans vont maintenant &ecirc;tre mis &agrave; l&rsquo;enqu&ecirc;te publique avant de revenir au Grand Conseil pour une deuxi&egrave;me lecture, probablement au printemps 2026. Ensuite, Zug Estates pourra lancer le processus de planification proprement dit avec un concours d&rsquo;architecture.<\/p>\n<p class=\"bodytext\">Le plan d&rsquo;am&eacute;nagement Metalli pr&eacute;voit la cr&eacute;ation de 160 nouveaux logements, dont 130 viendront s&rsquo;ajouter &agrave; l&rsquo;offre de logements existante. Pour ce faire, des sur&eacute;l&eacute;vations de b&acirc;timents existants et une nouvelle tour sont pr&eacute;vues. Une nouvelle place reli&eacute;e &agrave; la zone de la gare servira de porte d&rsquo;entr&eacute;e &agrave; Metalli. En outre, Zug Estates pr&eacute;voit d&rsquo;am&eacute;nager une terrasse publique sur le toit, semblable &agrave; un parc.<\/p>\n<p class=\"bodytext\">&laquo;&nbsp;Avec le projet Lebensraum Metalli, nous reprenons des qualit&eacute;s &eacute;prouv&eacute;es et pr&eacute;servons l&rsquo;architecture caract&eacute;ristique de Metalli avec ses toits en verre, ses arcades et sa mat&eacute;rialisation typique&nbsp;&raquo;, explique Peter Wicki, responsable du d&eacute;veloppement de projets chez Zug Estates, cit&eacute; dans le communiqu&eacute;. &laquo;&nbsp;Gr&acirc;ce &agrave; la revalorisation et &agrave; la modernisation cibl&eacute;es de l&rsquo;infrastructure ainsi qu&rsquo;&agrave; l&rsquo;augmentation de l&rsquo;attractivit&eacute; de l&rsquo;all&eacute;e commer&ccedil;ante, l&rsquo;espace de vie Metalli est en outre une chance pour le maintien et le d&eacute;veloppement du commerce de d&eacute;tail ainsi que de la gastronomie&nbsp;&raquo;<\/p>\n","protected":false},"excerpt":{"rendered":"<p>Apr\u00e8s le conseil municipal de Zoug, le grand conseil municipal de la ville a \u00e9galement approuv\u00e9 le plan d&rsquo;am\u00e9nagement Metalli en premi\u00e8re lecture. Il va maintenant \u00eatre mis \u00e0 l&rsquo;enqu\u00eate publique. Zug Estates souhaite d\u00e9velopper l&rsquo;avenue commerciale existante pour en faire un quartier vivant.<\/p>\n","protected":false},"author":2,"featured_media":135036,"comment_status":"open","ping_status":"open","sticky":false,"template":"","format":"standard","meta":{"pmpro_default_level":"","inline_featured_image":false,"_monsterinsights_skip_tracking":false,"footnotes":""},"categories":[743,22357,739,8736],"tags":[31002,872,3931,2002,39703,41099],"class_list":["post-135046","post","type-post","status-publish","format-standard","has-post-thumbnail","hentry","category-immonews-fr","category-industrie-du-batiment","category-projects","category-region-zug","tag-bebauungsplan-fr","tag-immoinvest-fr","tag-immonews-fr","tag-news-fr","tag-stadtentwicklung-fr","tag-verdichtung-fr","pmpro-has-access"],"acf":{"bild_mit_ki_erstellt_worden":[],"lead":"Apr\u00e8s le conseil municipal de Zoug, le grand conseil municipal de la ville a \u00e9galement approuv\u00e9 le plan d'am\u00e9nagement Metalli en premi\u00e8re lecture. Il va maintenant \u00eatre mis \u00e0 l'enqu\u00eate publique. Zug Estates souhaite d\u00e9velopper l'avenue commerciale existante pour en faire un quartier vivant.","autor":"ce\/hs, Bildquelle: Mohan Mani \/ immo!nvest Magazin Zug","ort":"Zug","bildunterschrift":"","bild_im_grid":false,"gallerie":"","newsim":""},"aioseo_notices":[],"aioseo_head":"\n\t\t<!-- All in One SEO 5.0.0.1 - aioseo.com -->\n\t<meta name=\"description\" content=\"Apr\u00e8s le conseil municipal de Zoug, le grand conseil municipal de la ville a \u00e9galement approuv\u00e9 le plan d&#039;am\u00e9nagement Metalli en premi\u00e8re lecture. Il va maintenant \u00eatre mis \u00e0 l&#039;enqu\u00eate publique. Zug Estates souhaite d\u00e9velopper l&#039;avenue commerciale existante pour en faire un quartier vivant.\" \/>\n\t<meta name=\"robots\" content=\"max-image-preview:large\" \/>\n\t<meta name=\"author\" content=\"immovestuser\"\/>\n\t<meta name=\"google-site-verification\" content=\"fHJKvgWpZCR2zVBHWfkQeFXC11qieUSff0HGNYfuyLA\" \/>\n\t<link rel=\"canonical\" href=\"https:\/\/www.immo-invest.ch\/fr\/zuger-stadtparlament-unterstuetzt-bebauungsplan-metalli\/\" \/>\n\t<meta name=\"generator\" content=\"All in One SEO (AIOSEO) 5.0.0.1\" \/>\n\t\t<meta property=\"og:locale\" content=\"fr_FR\" \/>\n\t\t<meta property=\"og:site_name\" content=\"immo!nvest - Die Plattform f\u00fcr Standorte und Immobilien - Die\u00a0Plattform f\u00fcr Standorte und Immobilien\" \/>\n\t\t<meta property=\"og:type\" content=\"article\" \/>\n\t\t<meta property=\"og:title\" content=\"Le parlement de la ville de Zoug soutient le plan d\u2019urbanisme Metalli - immo!nvest - Die Plattform f\u00fcr Standorte und Immobilien\" \/>\n\t\t<meta property=\"og:description\" content=\"Apr\u00e8s le conseil municipal de Zoug, le grand conseil municipal de la ville a \u00e9galement approuv\u00e9 le plan d&#039;am\u00e9nagement Metalli en premi\u00e8re lecture. Il va maintenant \u00eatre mis \u00e0 l&#039;enqu\u00eate publique. Zug Estates souhaite d\u00e9velopper l&#039;avenue commerciale existante pour en faire un quartier vivant.\" \/>\n\t\t<meta property=\"og:url\" content=\"https:\/\/www.immo-invest.ch\/fr\/zuger-stadtparlament-unterstuetzt-bebauungsplan-metalli\/\" \/>\n\t\t<meta property=\"og:image\" content=\"https:\/\/www.immo-invest.ch\/wp-content\/uploads\/2025\/06\/metallli-ea190801-lm6.webp\" \/>\n\t\t<meta property=\"og:image:secure_url\" content=\"https:\/\/www.immo-invest.ch\/wp-content\/uploads\/2025\/06\/metallli-ea190801-lm6.webp\" \/>\n\t\t<meta property=\"og:image:width\" content=\"1500\" \/>\n\t\t<meta property=\"og:image:height\" content=\"750\" \/>\n\t\t<meta property=\"article:published_time\" content=\"2025-07-04T10:21:57+00:00\" \/>\n\t\t<meta property=\"article:modified_time\" content=\"2025-06-30T09:19:05+00:00\" \/>\n\t\t<meta property=\"article:publisher\" content=\"https:\/\/www.facebook.com\/people\/Immoinvest\/100077962920504\/\" \/>\n\t\t<meta name=\"twitter:card\" content=\"summary_large_image\" \/>\n\t\t<meta name=\"twitter:site\" content=\"@i\" \/>\n\t\t<meta name=\"twitter:title\" content=\"Le parlement de la ville de Zoug soutient le plan d\u2019urbanisme Metalli - immo!nvest - Die Plattform f\u00fcr Standorte und Immobilien\" \/>\n\t\t<meta name=\"twitter:description\" content=\"Apr\u00e8s le conseil municipal de Zoug, le grand conseil municipal de la ville a \u00e9galement approuv\u00e9 le plan d&#039;am\u00e9nagement Metalli en premi\u00e8re lecture. Il va maintenant \u00eatre mis \u00e0 l&#039;enqu\u00eate publique. Zug Estates souhaite d\u00e9velopper l&#039;avenue commerciale existante pour en faire un quartier vivant.\" \/>\n\t\t<meta name=\"twitter:creator\" content=\"@i\" \/>\n\t\t<meta name=\"twitter:image\" content=\"https:\/\/www.immo-invest.ch\/wp-content\/uploads\/2025\/06\/metallli-ea190801-lm6.webp\" \/>\n\t\t<script type=\"application\/ld+json\" class=\"aioseo-schema\">\n\t\t\t{\"@context\":\"https:\\\/\\\/schema.org\",\"@graph\":[{\"@type\":\"BlogPosting\",\"@id\":\"https:\\\/\\\/www.immo-invest.ch\\\/fr\\\/zuger-stadtparlament-unterstuetzt-bebauungsplan-metalli\\\/#blogposting\",\"name\":\"Le parlement de la ville de Zoug soutient le plan d\\u2019urbanisme Metalli - immo!nvest - Die Plattform f\\u00fcr Standorte und Immobilien\",\"headline\":\"Le parlement de la ville de Zoug soutient le plan d&rsquo;urbanisme Metalli\",\"author\":{\"@id\":\"https:\\\/\\\/www.immo-invest.ch\\\/fr\\\/author\\\/immovestuser\\\/#author\"},\"publisher\":{\"@id\":\"https:\\\/\\\/www.immo-invest.ch\\\/fr\\\/#organization\"},\"image\":{\"@type\":\"ImageObject\",\"url\":\"https:\\\/\\\/www.immo-invest.ch\\\/wp-content\\\/uploads\\\/2025\\\/06\\\/metallli-ea190801-lm6.webp\",\"width\":1500,\"height\":750,\"caption\":\"Mohan Mani, Bilder: zVg\"},\"datePublished\":\"2025-07-04T12:21:57+02:00\",\"dateModified\":\"2025-06-30T11:19:05+02:00\",\"inLanguage\":\"fr-FR\",\"mainEntityOfPage\":{\"@id\":\"https:\\\/\\\/www.immo-invest.ch\\\/fr\\\/zuger-stadtparlament-unterstuetzt-bebauungsplan-metalli\\\/#webpage\"},\"isPartOf\":{\"@id\":\"https:\\\/\\\/www.immo-invest.ch\\\/fr\\\/zuger-stadtparlament-unterstuetzt-bebauungsplan-metalli\\\/#webpage\"},\"articleSection\":\"immoNews, Industrie du b\\u00e2timent, Projects, Zug, Bebauungsplan, Immoinvest, immoNews, News, Stadtentwicklung, Verdichtung, Facultatif\"},{\"@type\":\"BreadcrumbList\",\"@id\":\"https:\\\/\\\/www.immo-invest.ch\\\/fr\\\/zuger-stadtparlament-unterstuetzt-bebauungsplan-metalli\\\/#breadcrumblist\",\"itemListElement\":[{\"@type\":\"ListItem\",\"@id\":\"https:\\\/\\\/www.immo-invest.ch\\\/fr\\\/#listItem\",\"position\":1,\"name\":\"Home\",\"item\":\"https:\\\/\\\/www.immo-invest.ch\\\/fr\\\/\",\"nextItem\":{\"@type\":\"ListItem\",\"@id\":\"https:\\\/\\\/www.immo-invest.ch\\\/fr\\\/categories\\\/regions\\\/#listItem\",\"name\":\"R\\u00e9gions\"}},{\"@type\":\"ListItem\",\"@id\":\"https:\\\/\\\/www.immo-invest.ch\\\/fr\\\/categories\\\/regions\\\/#listItem\",\"position\":2,\"name\":\"R\\u00e9gions\",\"item\":\"https:\\\/\\\/www.immo-invest.ch\\\/fr\\\/categories\\\/regions\\\/\",\"nextItem\":{\"@type\":\"ListItem\",\"@id\":\"https:\\\/\\\/www.immo-invest.ch\\\/fr\\\/categories\\\/regions\\\/suisse\\\/#listItem\",\"name\":\"Suisse\"},\"previousItem\":{\"@type\":\"ListItem\",\"@id\":\"https:\\\/\\\/www.immo-invest.ch\\\/fr\\\/#listItem\",\"name\":\"Home\"}},{\"@type\":\"ListItem\",\"@id\":\"https:\\\/\\\/www.immo-invest.ch\\\/fr\\\/categories\\\/regions\\\/suisse\\\/#listItem\",\"position\":3,\"name\":\"Suisse\",\"item\":\"https:\\\/\\\/www.immo-invest.ch\\\/fr\\\/categories\\\/regions\\\/suisse\\\/\",\"nextItem\":{\"@type\":\"ListItem\",\"@id\":\"https:\\\/\\\/www.immo-invest.ch\\\/fr\\\/categories\\\/regions\\\/suisse\\\/region-zentralschweiz\\\/#listItem\",\"name\":\"Zentralschweiz\"},\"previousItem\":{\"@type\":\"ListItem\",\"@id\":\"https:\\\/\\\/www.immo-invest.ch\\\/fr\\\/categories\\\/regions\\\/#listItem\",\"name\":\"R\\u00e9gions\"}},{\"@type\":\"ListItem\",\"@id\":\"https:\\\/\\\/www.immo-invest.ch\\\/fr\\\/categories\\\/regions\\\/suisse\\\/region-zentralschweiz\\\/#listItem\",\"position\":4,\"name\":\"Zentralschweiz\",\"item\":\"https:\\\/\\\/www.immo-invest.ch\\\/fr\\\/categories\\\/regions\\\/suisse\\\/region-zentralschweiz\\\/\",\"nextItem\":{\"@type\":\"ListItem\",\"@id\":\"https:\\\/\\\/www.immo-invest.ch\\\/fr\\\/categories\\\/regions\\\/suisse\\\/region-zentralschweiz\\\/region-zug\\\/#listItem\",\"name\":\"Zug\"},\"previousItem\":{\"@type\":\"ListItem\",\"@id\":\"https:\\\/\\\/www.immo-invest.ch\\\/fr\\\/categories\\\/regions\\\/suisse\\\/#listItem\",\"name\":\"Suisse\"}},{\"@type\":\"ListItem\",\"@id\":\"https:\\\/\\\/www.immo-invest.ch\\\/fr\\\/categories\\\/regions\\\/suisse\\\/region-zentralschweiz\\\/region-zug\\\/#listItem\",\"position\":5,\"name\":\"Zug\",\"item\":\"https:\\\/\\\/www.immo-invest.ch\\\/fr\\\/categories\\\/regions\\\/suisse\\\/region-zentralschweiz\\\/region-zug\\\/\",\"nextItem\":{\"@type\":\"ListItem\",\"@id\":\"https:\\\/\\\/www.immo-invest.ch\\\/fr\\\/zuger-stadtparlament-unterstuetzt-bebauungsplan-metalli\\\/#listItem\",\"name\":\"Le parlement de la ville de Zoug soutient le plan d&rsquo;urbanisme Metalli\"},\"previousItem\":{\"@type\":\"ListItem\",\"@id\":\"https:\\\/\\\/www.immo-invest.ch\\\/fr\\\/categories\\\/regions\\\/suisse\\\/region-zentralschweiz\\\/#listItem\",\"name\":\"Zentralschweiz\"}},{\"@type\":\"ListItem\",\"@id\":\"https:\\\/\\\/www.immo-invest.ch\\\/fr\\\/zuger-stadtparlament-unterstuetzt-bebauungsplan-metalli\\\/#listItem\",\"position\":6,\"name\":\"Le parlement de la ville de Zoug soutient le plan d&rsquo;urbanisme Metalli\",\"previousItem\":{\"@type\":\"ListItem\",\"@id\":\"https:\\\/\\\/www.immo-invest.ch\\\/fr\\\/categories\\\/regions\\\/suisse\\\/region-zentralschweiz\\\/region-zug\\\/#listItem\",\"name\":\"Zug\"}}]},{\"@type\":\"Organization\",\"@id\":\"https:\\\/\\\/www.immo-invest.ch\\\/fr\\\/#organization\",\"name\":\"immo!nvest - Die Plattform f\\u00fcr Standorte und Immobilien\",\"description\":\"Die\\u00a0Plattform f\\u00fcr Standorte und Immobilien\",\"url\":\"https:\\\/\\\/www.immo-invest.ch\\\/fr\\\/\",\"email\":\"admin@immomedia.ag\",\"telephone\":\"+41444420002\",\"logo\":{\"@type\":\"ImageObject\",\"url\":\"https:\\\/\\\/www.immo-invest.ch\\\/wp-content\\\/uploads\\\/2024\\\/09\\\/immoinvest_sm-scaled.jpg\",\"@id\":\"https:\\\/\\\/www.immo-invest.ch\\\/fr\\\/zuger-stadtparlament-unterstuetzt-bebauungsplan-metalli\\\/#organizationLogo\",\"width\":2560,\"height\":1340},\"image\":{\"@id\":\"https:\\\/\\\/www.immo-invest.ch\\\/fr\\\/zuger-stadtparlament-unterstuetzt-bebauungsplan-metalli\\\/#organizationLogo\"},\"sameAs\":[\"https:\\\/\\\/www.facebook.com\\\/people\\\/Immoinvest\\\/100077962920504\\\/\",\"https:\\\/\\\/x.com\\\/i\\\/flow\\\/login?redirect_after_login=immoinvest_ch\",\"https:\\\/\\\/www.instagram.com\\\/immoinvest_ch\\\/\",\"https:\\\/\\\/www.linkedin.com\\\/company\\\/immoinvest-swiss\"]},{\"@type\":\"Person\",\"@id\":\"https:\\\/\\\/www.immo-invest.ch\\\/fr\\\/author\\\/immovestuser\\\/#author\",\"url\":\"https:\\\/\\\/www.immo-invest.ch\\\/fr\\\/author\\\/immovestuser\\\/\",\"name\":\"immovestuser\",\"image\":{\"@type\":\"ImageObject\",\"@id\":\"https:\\\/\\\/www.immo-invest.ch\\\/fr\\\/zuger-stadtparlament-unterstuetzt-bebauungsplan-metalli\\\/#authorImage\",\"url\":\"https:\\\/\\\/secure.gravatar.com\\\/avatar\\\/8e01f4d99f2eeea7a362ebb93305e1172a70e9293ba250f897a65c39f54cdd1e?s=96&d=mm&r=g\",\"width\":96,\"height\":96,\"caption\":\"immovestuser\"}},{\"@type\":\"WebPage\",\"@id\":\"https:\\\/\\\/www.immo-invest.ch\\\/fr\\\/zuger-stadtparlament-unterstuetzt-bebauungsplan-metalli\\\/#webpage\",\"url\":\"https:\\\/\\\/www.immo-invest.ch\\\/fr\\\/zuger-stadtparlament-unterstuetzt-bebauungsplan-metalli\\\/\",\"name\":\"Le parlement de la ville de Zoug soutient le plan d\\u2019urbanisme Metalli - immo!nvest - Die Plattform f\\u00fcr Standorte und Immobilien\",\"description\":\"Apr\\u00e8s le conseil municipal de Zoug, le grand conseil municipal de la ville a \\u00e9galement approuv\\u00e9 le plan d'am\\u00e9nagement Metalli en premi\\u00e8re lecture. Il va maintenant \\u00eatre mis \\u00e0 l'enqu\\u00eate publique. Zug Estates souhaite d\\u00e9velopper l'avenue commerciale existante pour en faire un quartier vivant.\",\"inLanguage\":\"fr-FR\",\"isPartOf\":{\"@id\":\"https:\\\/\\\/www.immo-invest.ch\\\/fr\\\/#website\"},\"breadcrumb\":{\"@id\":\"https:\\\/\\\/www.immo-invest.ch\\\/fr\\\/zuger-stadtparlament-unterstuetzt-bebauungsplan-metalli\\\/#breadcrumblist\"},\"author\":{\"@id\":\"https:\\\/\\\/www.immo-invest.ch\\\/fr\\\/author\\\/immovestuser\\\/#author\"},\"creator\":{\"@id\":\"https:\\\/\\\/www.immo-invest.ch\\\/fr\\\/author\\\/immovestuser\\\/#author\"},\"image\":{\"@type\":\"ImageObject\",\"url\":\"https:\\\/\\\/www.immo-invest.ch\\\/wp-content\\\/uploads\\\/2025\\\/06\\\/metallli-ea190801-lm6.webp\",\"@id\":\"https:\\\/\\\/www.immo-invest.ch\\\/fr\\\/zuger-stadtparlament-unterstuetzt-bebauungsplan-metalli\\\/#mainImage\",\"width\":1500,\"height\":750,\"caption\":\"Mohan Mani, Bilder: zVg\"},\"primaryImageOfPage\":{\"@id\":\"https:\\\/\\\/www.immo-invest.ch\\\/fr\\\/zuger-stadtparlament-unterstuetzt-bebauungsplan-metalli\\\/#mainImage\"},\"datePublished\":\"2025-07-04T12:21:57+02:00\",\"dateModified\":\"2025-06-30T11:19:05+02:00\"},{\"@type\":\"WebSite\",\"@id\":\"https:\\\/\\\/www.immo-invest.ch\\\/fr\\\/#website\",\"url\":\"https:\\\/\\\/www.immo-invest.ch\\\/fr\\\/\",\"name\":\"immo!nvest - Die Plattform f\\u00fcr Standorte und Immobilien\",\"description\":\"Die\\u00a0Plattform f\\u00fcr Standorte und Immobilien\",\"inLanguage\":\"fr-FR\",\"publisher\":{\"@id\":\"https:\\\/\\\/www.immo-invest.ch\\\/fr\\\/#organization\"}}]}\n\t\t<\/script>\n\t\t<!-- All in One SEO -->\n\n","aioseo_head_json":{"title":"Le parlement de la ville de Zoug soutient le plan d\u2019urbanisme Metalli - immo!nvest - Die Plattform f\u00fcr Standorte und Immobilien","description":"Apr\u00e8s le conseil municipal de Zoug, le grand conseil municipal de la ville a \u00e9galement approuv\u00e9 le plan d'am\u00e9nagement Metalli en premi\u00e8re lecture. Il va maintenant \u00eatre mis \u00e0 l'enqu\u00eate publique. Zug Estates souhaite d\u00e9velopper l'avenue commerciale existante pour en faire un quartier vivant.","canonical_url":"https:\/\/www.immo-invest.ch\/fr\/zuger-stadtparlament-unterstuetzt-bebauungsplan-metalli\/","robots":"max-image-preview:large","keywords":"","webmasterTools":{"google-site-verification":"fHJKvgWpZCR2zVBHWfkQeFXC11qieUSff0HGNYfuyLA","miscellaneous":""},"schema":{"@context":"https:\/\/schema.org","@graph":[{"@type":"BlogPosting","@id":"https:\/\/www.immo-invest.ch\/fr\/zuger-stadtparlament-unterstuetzt-bebauungsplan-metalli\/#blogposting","name":"Le parlement de la ville de Zoug soutient le plan d\u2019urbanisme Metalli - immo!nvest - Die Plattform f\u00fcr Standorte und Immobilien","headline":"Le parlement de la ville de Zoug soutient le plan d&rsquo;urbanisme Metalli","author":{"@id":"https:\/\/www.immo-invest.ch\/fr\/author\/immovestuser\/#author"},"publisher":{"@id":"https:\/\/www.immo-invest.ch\/fr\/#organization"},"image":{"@type":"ImageObject","url":"https:\/\/www.immo-invest.ch\/wp-content\/uploads\/2025\/06\/metallli-ea190801-lm6.webp","width":1500,"height":750,"caption":"Mohan Mani, Bilder: zVg"},"datePublished":"2025-07-04T12:21:57+02:00","dateModified":"2025-06-30T11:19:05+02:00","inLanguage":"fr-FR","mainEntityOfPage":{"@id":"https:\/\/www.immo-invest.ch\/fr\/zuger-stadtparlament-unterstuetzt-bebauungsplan-metalli\/#webpage"},"isPartOf":{"@id":"https:\/\/www.immo-invest.ch\/fr\/zuger-stadtparlament-unterstuetzt-bebauungsplan-metalli\/#webpage"},"articleSection":"immoNews, Industrie du b\u00e2timent, Projects, Zug, Bebauungsplan, Immoinvest, immoNews, News, Stadtentwicklung, Verdichtung, Facultatif"},{"@type":"BreadcrumbList","@id":"https:\/\/www.immo-invest.ch\/fr\/zuger-stadtparlament-unterstuetzt-bebauungsplan-metalli\/#breadcrumblist","itemListElement":[{"@type":"ListItem","@id":"https:\/\/www.immo-invest.ch\/fr\/#listItem","position":1,"name":"Home","item":"https:\/\/www.immo-invest.ch\/fr\/","nextItem":{"@type":"ListItem","@id":"https:\/\/www.immo-invest.ch\/fr\/categories\/regions\/#listItem","name":"R\u00e9gions"}},{"@type":"ListItem","@id":"https:\/\/www.immo-invest.ch\/fr\/categories\/regions\/#listItem","position":2,"name":"R\u00e9gions","item":"https:\/\/www.immo-invest.ch\/fr\/categories\/regions\/","nextItem":{"@type":"ListItem","@id":"https:\/\/www.immo-invest.ch\/fr\/categories\/regions\/suisse\/#listItem","name":"Suisse"},"previousItem":{"@type":"ListItem","@id":"https:\/\/www.immo-invest.ch\/fr\/#listItem","name":"Home"}},{"@type":"ListItem","@id":"https:\/\/www.immo-invest.ch\/fr\/categories\/regions\/suisse\/#listItem","position":3,"name":"Suisse","item":"https:\/\/www.immo-invest.ch\/fr\/categories\/regions\/suisse\/","nextItem":{"@type":"ListItem","@id":"https:\/\/www.immo-invest.ch\/fr\/categories\/regions\/suisse\/region-zentralschweiz\/#listItem","name":"Zentralschweiz"},"previousItem":{"@type":"ListItem","@id":"https:\/\/www.immo-invest.ch\/fr\/categories\/regions\/#listItem","name":"R\u00e9gions"}},{"@type":"ListItem","@id":"https:\/\/www.immo-invest.ch\/fr\/categories\/regions\/suisse\/region-zentralschweiz\/#listItem","position":4,"name":"Zentralschweiz","item":"https:\/\/www.immo-invest.ch\/fr\/categories\/regions\/suisse\/region-zentralschweiz\/","nextItem":{"@type":"ListItem","@id":"https:\/\/www.immo-invest.ch\/fr\/categories\/regions\/suisse\/region-zentralschweiz\/region-zug\/#listItem","name":"Zug"},"previousItem":{"@type":"ListItem","@id":"https:\/\/www.immo-invest.ch\/fr\/categories\/regions\/suisse\/#listItem","name":"Suisse"}},{"@type":"ListItem","@id":"https:\/\/www.immo-invest.ch\/fr\/categories\/regions\/suisse\/region-zentralschweiz\/region-zug\/#listItem","position":5,"name":"Zug","item":"https:\/\/www.immo-invest.ch\/fr\/categories\/regions\/suisse\/region-zentralschweiz\/region-zug\/","nextItem":{"@type":"ListItem","@id":"https:\/\/www.immo-invest.ch\/fr\/zuger-stadtparlament-unterstuetzt-bebauungsplan-metalli\/#listItem","name":"Le parlement de la ville de Zoug soutient le plan d&rsquo;urbanisme Metalli"},"previousItem":{"@type":"ListItem","@id":"https:\/\/www.immo-invest.ch\/fr\/categories\/regions\/suisse\/region-zentralschweiz\/#listItem","name":"Zentralschweiz"}},{"@type":"ListItem","@id":"https:\/\/www.immo-invest.ch\/fr\/zuger-stadtparlament-unterstuetzt-bebauungsplan-metalli\/#listItem","position":6,"name":"Le parlement de la ville de Zoug soutient le plan d&rsquo;urbanisme Metalli","previousItem":{"@type":"ListItem","@id":"https:\/\/www.immo-invest.ch\/fr\/categories\/regions\/suisse\/region-zentralschweiz\/region-zug\/#listItem","name":"Zug"}}]},{"@type":"Organization","@id":"https:\/\/www.immo-invest.ch\/fr\/#organization","name":"immo!nvest - Die Plattform f\u00fcr Standorte und Immobilien","description":"Die\u00a0Plattform f\u00fcr Standorte und Immobilien","url":"https:\/\/www.immo-invest.ch\/fr\/","email":"admin@immomedia.ag","telephone":"+41444420002","logo":{"@type":"ImageObject","url":"https:\/\/www.immo-invest.ch\/wp-content\/uploads\/2024\/09\/immoinvest_sm-scaled.jpg","@id":"https:\/\/www.immo-invest.ch\/fr\/zuger-stadtparlament-unterstuetzt-bebauungsplan-metalli\/#organizationLogo","width":2560,"height":1340},"image":{"@id":"https:\/\/www.immo-invest.ch\/fr\/zuger-stadtparlament-unterstuetzt-bebauungsplan-metalli\/#organizationLogo"},"sameAs":["https:\/\/www.facebook.com\/people\/Immoinvest\/100077962920504\/","https:\/\/x.com\/i\/flow\/login?redirect_after_login=immoinvest_ch","https:\/\/www.instagram.com\/immoinvest_ch\/","https:\/\/www.linkedin.com\/company\/immoinvest-swiss"]},{"@type":"Person","@id":"https:\/\/www.immo-invest.ch\/fr\/author\/immovestuser\/#author","url":"https:\/\/www.immo-invest.ch\/fr\/author\/immovestuser\/","name":"immovestuser","image":{"@type":"ImageObject","@id":"https:\/\/www.immo-invest.ch\/fr\/zuger-stadtparlament-unterstuetzt-bebauungsplan-metalli\/#authorImage","url":"https:\/\/secure.gravatar.com\/avatar\/8e01f4d99f2eeea7a362ebb93305e1172a70e9293ba250f897a65c39f54cdd1e?s=96&d=mm&r=g","width":96,"height":96,"caption":"immovestuser"}},{"@type":"WebPage","@id":"https:\/\/www.immo-invest.ch\/fr\/zuger-stadtparlament-unterstuetzt-bebauungsplan-metalli\/#webpage","url":"https:\/\/www.immo-invest.ch\/fr\/zuger-stadtparlament-unterstuetzt-bebauungsplan-metalli\/","name":"Le parlement de la ville de Zoug soutient le plan d\u2019urbanisme Metalli - immo!nvest - Die Plattform f\u00fcr Standorte und Immobilien","description":"Apr\u00e8s le conseil municipal de Zoug, le grand conseil municipal de la ville a \u00e9galement approuv\u00e9 le plan d'am\u00e9nagement Metalli en premi\u00e8re lecture. Il va maintenant \u00eatre mis \u00e0 l'enqu\u00eate publique. Zug Estates souhaite d\u00e9velopper l'avenue commerciale existante pour en faire un quartier vivant.","inLanguage":"fr-FR","isPartOf":{"@id":"https:\/\/www.immo-invest.ch\/fr\/#website"},"breadcrumb":{"@id":"https:\/\/www.immo-invest.ch\/fr\/zuger-stadtparlament-unterstuetzt-bebauungsplan-metalli\/#breadcrumblist"},"author":{"@id":"https:\/\/www.immo-invest.ch\/fr\/author\/immovestuser\/#author"},"creator":{"@id":"https:\/\/www.immo-invest.ch\/fr\/author\/immovestuser\/#author"},"image":{"@type":"ImageObject","url":"https:\/\/www.immo-invest.ch\/wp-content\/uploads\/2025\/06\/metallli-ea190801-lm6.webp","@id":"https:\/\/www.immo-invest.ch\/fr\/zuger-stadtparlament-unterstuetzt-bebauungsplan-metalli\/#mainImage","width":1500,"height":750,"caption":"Mohan Mani, Bilder: zVg"},"primaryImageOfPage":{"@id":"https:\/\/www.immo-invest.ch\/fr\/zuger-stadtparlament-unterstuetzt-bebauungsplan-metalli\/#mainImage"},"datePublished":"2025-07-04T12:21:57+02:00","dateModified":"2025-06-30T11:19:05+02:00"},{"@type":"WebSite","@id":"https:\/\/www.immo-invest.ch\/fr\/#website","url":"https:\/\/www.immo-invest.ch\/fr\/","name":"immo!nvest - Die Plattform f\u00fcr Standorte und Immobilien","description":"Die\u00a0Plattform f\u00fcr Standorte und Immobilien","inLanguage":"fr-FR","publisher":{"@id":"https:\/\/www.immo-invest.ch\/fr\/#organization"}}]},"og:locale":"fr_FR","og:site_name":"immo!nvest - Die Plattform f\u00fcr Standorte und Immobilien - Die\u00a0Plattform f\u00fcr Standorte und Immobilien","og:type":"article","og:title":"Le parlement de la ville de Zoug soutient le plan d\u2019urbanisme Metalli - immo!nvest - Die Plattform f\u00fcr Standorte und Immobilien","og:description":"Apr\u00e8s le conseil municipal de Zoug, le grand conseil municipal de la ville a \u00e9galement approuv\u00e9 le plan d'am\u00e9nagement Metalli en premi\u00e8re lecture. Il va maintenant \u00eatre mis \u00e0 l'enqu\u00eate publique. Zug Estates souhaite d\u00e9velopper l'avenue commerciale existante pour en faire un quartier vivant.","og:url":"https:\/\/www.immo-invest.ch\/fr\/zuger-stadtparlament-unterstuetzt-bebauungsplan-metalli\/","og:image":"https:\/\/www.immo-invest.ch\/wp-content\/uploads\/2025\/06\/metallli-ea190801-lm6.webp","og:image:secure_url":"https:\/\/www.immo-invest.ch\/wp-content\/uploads\/2025\/06\/metallli-ea190801-lm6.webp","og:image:width":1500,"og:image:height":750,"article:published_time":"2025-07-04T10:21:57+00:00","article:modified_time":"2025-06-30T09:19:05+00:00","article:publisher":"https:\/\/www.facebook.com\/people\/Immoinvest\/100077962920504\/","twitter:card":"summary_large_image","twitter:site":"@i","twitter:title":"Le parlement de la ville de Zoug soutient le plan d\u2019urbanisme Metalli - immo!nvest - Die Plattform f\u00fcr Standorte und Immobilien","twitter:description":"Apr\u00e8s le conseil municipal de Zoug, le grand conseil municipal de la ville a \u00e9galement approuv\u00e9 le plan d'am\u00e9nagement Metalli en premi\u00e8re lecture. Il va maintenant \u00eatre mis \u00e0 l'enqu\u00eate publique. Zug Estates souhaite d\u00e9velopper l'avenue commerciale existante pour en faire un quartier vivant.","twitter:creator":"@i","twitter:image":"https:\/\/www.immo-invest.ch\/wp-content\/uploads\/2025\/06\/metallli-ea190801-lm6.webp"},"aioseo_meta_data":{"post_id":"135046","title":null,"description":null,"keywords":null,"keyphrases":{"focus":{"keyphrase":"","score":0,"analysis":{"keyphraseInTitle":{"score":0,"maxScore":9,"error":1}}},"additional":[]},"primary_term":null,"canonical_url":null,"og_title":null,"og_description":null,"og_object_type":"default","og_image_type":"default","og_image_url":null,"og_image_width":null,"og_image_height":null,"og_image_custom_url":null,"og_image_custom_fields":null,"og_video":"","og_custom_url":null,"og_article_section":null,"og_article_tags":null,"twitter_use_og":false,"twitter_card":"default","twitter_image_type":"default","twitter_image_url":null,"twitter_image_custom_url":null,"twitter_image_custom_fields":null,"twitter_title":null,"twitter_description":null,"schema":{"blockGraphs":[],"customGraphs":[],"default":{"data":{"Article":[],"Course":[],"Dataset":[],"FAQPage":[],"Movie":[],"Person":[],"Product":[],"ProductReview":[],"Car":[],"Recipe":[],"Service":[],"SoftwareApplication":[],"WebPage":[]},"graphName":"BlogPosting","isEnabled":true},"graphs":[]},"schema_type":"default","schema_type_options":null,"pillar_content":false,"robots_default":true,"robots_noindex":false,"robots_noarchive":false,"robots_nosnippet":false,"robots_nofollow":false,"robots_noimageindex":false,"robots_noodp":false,"robots_notranslate":false,"robots_max_snippet":"-1","robots_max_videopreview":"-1","robots_max_imagepreview":"large","priority":null,"frequency":"default","local_seo":null,"breadcrumb_settings":null,"limit_modified_date":false,"ai":null,"created":"2025-06-30 09:13:37","updated":"2025-10-24 22:45:18","seo_analyzer_scan_date":null,"focus_keyword":null,"additional_keywords":null,"truseo_locale":null},"aioseo_breadcrumb":"<div class=\"aioseo-breadcrumbs\"><span class=\"aioseo-breadcrumb\">\n\t\t\t<a href=\"https:\/\/www.immo-invest.ch\/fr\/\" title=\"Home\">Home<\/a>\n\t\t<\/span><span class=\"aioseo-breadcrumb-separator\">&raquo;<\/span><span class=\"aioseo-breadcrumb\">\n\t\t\t<a href=\"https:\/\/www.immo-invest.ch\/fr\/categories\/regions\/\" title=\"R\u00e9gions\">R\u00e9gions<\/a>\n\t\t<\/span><span class=\"aioseo-breadcrumb-separator\">&raquo;<\/span><span class=\"aioseo-breadcrumb\">\n\t\t\t<a href=\"https:\/\/www.immo-invest.ch\/fr\/categories\/regions\/suisse\/\" title=\"Suisse\">Suisse<\/a>\n\t\t<\/span><span class=\"aioseo-breadcrumb-separator\">&raquo;<\/span><span class=\"aioseo-breadcrumb\">\n\t\t\t<a href=\"https:\/\/www.immo-invest.ch\/fr\/categories\/regions\/suisse\/region-zentralschweiz\/\" title=\"Zentralschweiz\">Zentralschweiz<\/a>\n\t\t<\/span><span class=\"aioseo-breadcrumb-separator\">&raquo;<\/span><span class=\"aioseo-breadcrumb\">\n\t\t\t<a href=\"https:\/\/www.immo-invest.ch\/fr\/categories\/regions\/suisse\/region-zentralschweiz\/region-zug\/\" title=\"Zug\">Zug<\/a>\n\t\t<\/span><span class=\"aioseo-breadcrumb-separator\">&raquo;<\/span><span class=\"aioseo-breadcrumb\">\n\t\t\tLe parlement de la ville de Zoug soutient le plan d\u2019urbanisme Metalli\n\t\t<\/span><\/div>","aioseo_breadcrumb_json":[{"label":"Home","link":"https:\/\/www.immo-invest.ch\/fr\/"},{"label":"R\u00e9gions","link":"https:\/\/www.immo-invest.ch\/fr\/categories\/regions\/"},{"label":"Suisse","link":"https:\/\/www.immo-invest.ch\/fr\/categories\/regions\/suisse\/"},{"label":"Zentralschweiz","link":"https:\/\/www.immo-invest.ch\/fr\/categories\/regions\/suisse\/region-zentralschweiz\/"},{"label":"Zug","link":"https:\/\/www.immo-invest.ch\/fr\/categories\/regions\/suisse\/region-zentralschweiz\/region-zug\/"},{"label":"Le parlement de la ville de Zoug soutient le plan d&rsquo;urbanisme Metalli","link":"https:\/\/www.immo-invest.ch\/fr\/zuger-stadtparlament-unterstuetzt-bebauungsplan-metalli\/"}],"featured_image_src":"https:\/\/www.immo-invest.ch\/wp-content\/uploads\/2025\/06\/metallli-ea190801-lm6-336x168.webp","_links":{"self":[{"href":"https:\/\/www.immo-invest.ch\/fr\/wp-json\/wp\/v2\/posts\/135046","targetHints":{"allow":["GET"]}}],"collection":[{"href":"https:\/\/www.immo-invest.ch\/fr\/wp-json\/wp\/v2\/posts"}],"about":[{"href":"https:\/\/www.immo-invest.ch\/fr\/wp-json\/wp\/v2\/types\/post"}],"author":[{"embeddable":true,"href":"https:\/\/www.immo-invest.ch\/fr\/wp-json\/wp\/v2\/users\/2"}],"replies":[{"embeddable":true,"href":"https:\/\/www.immo-invest.ch\/fr\/wp-json\/wp\/v2\/comments?post=135046"}],"version-history":[{"count":0,"href":"https:\/\/www.immo-invest.ch\/fr\/wp-json\/wp\/v2\/posts\/135046\/revisions"}],"wp:featuredmedia":[{"embeddable":true,"href":"https:\/\/www.immo-invest.ch\/fr\/wp-json\/wp\/v2\/media\/135036"}],"wp:attachment":[{"href":"https:\/\/www.immo-invest.ch\/fr\/wp-json\/wp\/v2\/media?parent=135046"}],"wp:term":[{"taxonomy":"category","embeddable":true,"href":"https:\/\/www.immo-invest.ch\/fr\/wp-json\/wp\/v2\/categories?post=135046"},{"taxonomy":"post_tag","embeddable":true,"href":"https:\/\/www.immo-invest.ch\/fr\/wp-json\/wp\/v2\/tags?post=135046"}],"curies":[{"name":"wp","href":"https:\/\/api.w.org\/{rel}","templated":true}]}}