{"id":135005,"date":"2025-07-03T16:45:39","date_gmt":"2025-07-03T14:45:39","guid":{"rendered":"https:\/\/www.immo-invest.ch\/?p=135005"},"modified":"2025-06-30T10:21:03","modified_gmt":"2025-06-30T08:21:03","slug":"ceo-wird-teilhaber-bei-baugruppe","status":"publish","type":"post","link":"https:\/\/www.immo-invest.ch\/fr\/ceo-wird-teilhaber-bei-baugruppe\/","title":{"rendered":"Le CEO devient associ\u00e9 dans un groupe de construction"},"content":{"rendered":"<p class=\"bodytext\">Le <a href=\"https:\/\/www.erne-gruppe.ch\/de\/\" target=\"_blank\" rel=\"noopener\">groupe ERNE<\/a> accueille son CEO Giuseppe Santagada en tant qu&rsquo;associ&eacute;. Le CEO, en poste depuis le d&eacute;but de l&rsquo;ann&eacute;e 2024, entre &eacute;galement dans le groupe de construction et d&rsquo;immobilier de Laufenburg en tant qu&rsquo;actionnaire minoritaire, informe le groupe ERNE dans un <a href=\"https:\/\/www.erne-gruppe.ch\/de\/fileservice\/service\/forcedownload\/file\/120626\/\" target=\"_blank\" rel=\"noopener\">communiqu&eacute;<\/a>. L&rsquo;entreprise familiale est d&eacute;tenue par la quatri&egrave;me g&eacute;n&eacute;ration de la famille fondatrice.<\/p>\n<p class=\"bodytext\">&laquo;&nbsp;Depuis le premier jour, la collaboration avec Giuseppe Santagada se d&eacute;roule dans un esprit de partenariat, d&rsquo;engagement et d&rsquo;&eacute;galit&eacute;&nbsp;&raquo;, indiquent Daniel et Christoph Erne, pr&eacute;sident et vice-pr&eacute;sident du conseil d&rsquo;administration, cit&eacute;s dans le communiqu&eacute;. Le docteur en &eacute;conomie contribue au d&eacute;veloppement strat&eacute;gique du groupe gr&acirc;ce &agrave; sa vision entrepreneuriale et &agrave; son exp&eacute;rience de direction. &laquo;&nbsp;Son admission en tant qu&rsquo;actionnaire minoritaire est l&rsquo;expression de notre confiance mutuelle et de notre responsabilit&eacute; envers nos collaborateurs, nos clients, nos partenaires et notre famille&nbsp;&raquo;<\/p>\n<p class=\"bodytext\">Les soci&eacute;t&eacute;s du groupe ERNE sont sp&eacute;cialis&eacute;es dans l&rsquo;ensemble du secteur de la construction, de l&rsquo;extraction des mati&egrave;res premi&egrave;res &agrave; la d&eacute;construction, l&rsquo;&eacute;limination et le recyclage, en passant par la planification et la r&eacute;alisation de projets. Outre son si&egrave;ge social &agrave; Laufenburg, l&rsquo;entreprise dispose d&rsquo;autres sites en Suisse ainsi qu&rsquo;en Allemagne et est active en Suisse, en Allemagne et au Luxembourg.<\/p>\n","protected":false},"excerpt":{"rendered":"<p>Le CEO du groupe ERNE, Giuseppe Santagada, a l&rsquo;intention de s&rsquo;engager \u00e0 l&rsquo;avenir en tant qu&rsquo;associ\u00e9 dans le groupe de construction et d&rsquo;immobilier. La famille fondatrice salue la d\u00e9cision de Santagada de prendre une part minoritaire dans le groupe ERNE.<\/p>\n","protected":false},"author":2,"featured_media":6761,"comment_status":"open","ping_status":"open","sticky":false,"template":"","format":"standard","meta":{"pmpro_default_level":"","inline_featured_image":false,"_monsterinsights_skip_tracking":false,"footnotes":""},"categories":[22696,4464,743],"tags":[53512,28651,872,3931,2002,53513],"class_list":["post-135005","post","type-post","status-publish","format-standard","has-post-thumbnail","hentry","category-entreprise","category-gens","category-immonews-fr","tag-baugruppe-fr","tag-geschaeftsfuehrung-fr","tag-immoinvest-fr","tag-immonews-fr","tag-news-fr","tag-unternehmensbeteiligung-fr","pmpro-has-access"],"acf":{"bild_mit_ki_erstellt_worden":[],"lead":"Le CEO du groupe ERNE, Giuseppe Santagada, a l'intention de s'engager \u00e0 l'avenir en tant qu'associ\u00e9 dans le groupe de construction et d'immobilier. La famille fondatrice salue la d\u00e9cision de Santagada de prendre une part minoritaire dans le groupe ERNE.","autor":"ce\/hs","ort":"Laufenburg AG -","bildunterschrift":"","bild_im_grid":false,"gallerie":"","newsim":""},"aioseo_notices":[],"aioseo_head":"\n\t\t<!-- All in One SEO 5.0.1.1 - aioseo.com -->\n\t<meta name=\"description\" content=\"Le CEO du groupe ERNE, Giuseppe Santagada, a l&#039;intention de s&#039;engager \u00e0 l&#039;avenir en tant qu&#039;associ\u00e9 dans le groupe de construction et d&#039;immobilier. La famille fondatrice salue la d\u00e9cision de Santagada de prendre une part minoritaire dans le groupe ERNE.\" \/>\n\t<meta name=\"robots\" content=\"max-image-preview:large\" \/>\n\t<meta name=\"author\" content=\"immovestuser\"\/>\n\t<meta name=\"google-site-verification\" content=\"fHJKvgWpZCR2zVBHWfkQeFXC11qieUSff0HGNYfuyLA\" \/>\n\t<link rel=\"canonical\" href=\"https:\/\/www.immo-invest.ch\/fr\/ceo-wird-teilhaber-bei-baugruppe\/\" \/>\n\t<meta name=\"generator\" content=\"All in One SEO (AIOSEO) 5.0.1.1\" \/>\n\t\t<meta property=\"og:locale\" content=\"fr_FR\" \/>\n\t\t<meta property=\"og:site_name\" content=\"immo!nvest - Die Plattform f\u00fcr Standorte und Immobilien - Die\u00a0Plattform f\u00fcr Standorte und Immobilien\" \/>\n\t\t<meta property=\"og:type\" content=\"article\" \/>\n\t\t<meta property=\"og:title\" content=\"Le CEO devient associ\u00e9 dans un groupe de construction - immo!nvest - Die Plattform f\u00fcr Standorte und Immobilien\" \/>\n\t\t<meta property=\"og:description\" content=\"Le CEO du groupe ERNE, Giuseppe Santagada, a l&#039;intention de s&#039;engager \u00e0 l&#039;avenir en tant qu&#039;associ\u00e9 dans le groupe de construction et d&#039;immobilier. La famille fondatrice salue la d\u00e9cision de Santagada de prendre une part minoritaire dans le groupe ERNE.\" \/>\n\t\t<meta property=\"og:url\" content=\"https:\/\/www.immo-invest.ch\/fr\/ceo-wird-teilhaber-bei-baugruppe\/\" \/>\n\t\t<meta property=\"og:image\" content=\"https:\/\/www.immo-invest.ch\/wp-content\/uploads\/2020\/03\/finanzen_1-1.png\" \/>\n\t\t<meta property=\"og:image:secure_url\" content=\"https:\/\/www.immo-invest.ch\/wp-content\/uploads\/2020\/03\/finanzen_1-1.png\" \/>\n\t\t<meta property=\"og:image:width\" content=\"1200\" \/>\n\t\t<meta property=\"og:image:height\" content=\"628\" \/>\n\t\t<meta property=\"article:published_time\" content=\"2025-07-03T14:45:39+00:00\" \/>\n\t\t<meta property=\"article:modified_time\" content=\"2025-06-30T08:21:03+00:00\" \/>\n\t\t<meta property=\"article:publisher\" content=\"https:\/\/www.facebook.com\/people\/Immoinvest\/100077962920504\/\" \/>\n\t\t<meta name=\"twitter:card\" content=\"summary_large_image\" \/>\n\t\t<meta name=\"twitter:site\" content=\"@i\" \/>\n\t\t<meta name=\"twitter:title\" content=\"Le CEO devient associ\u00e9 dans un groupe de construction - immo!nvest - Die Plattform f\u00fcr Standorte und Immobilien\" \/>\n\t\t<meta name=\"twitter:description\" content=\"Le CEO du groupe ERNE, Giuseppe Santagada, a l&#039;intention de s&#039;engager \u00e0 l&#039;avenir en tant qu&#039;associ\u00e9 dans le groupe de construction et d&#039;immobilier. La famille fondatrice salue la d\u00e9cision de Santagada de prendre une part minoritaire dans le groupe ERNE.\" \/>\n\t\t<meta name=\"twitter:creator\" content=\"@i\" \/>\n\t\t<meta name=\"twitter:image\" content=\"https:\/\/www.immo-invest.ch\/wp-content\/uploads\/2020\/03\/finanzen_1-1.png\" \/>\n\t\t<script type=\"application\/ld+json\" class=\"aioseo-schema\">\n\t\t\t{\"@context\":\"https:\\\/\\\/schema.org\",\"@graph\":[{\"@type\":\"BlogPosting\",\"@id\":\"https:\\\/\\\/www.immo-invest.ch\\\/fr\\\/ceo-wird-teilhaber-bei-baugruppe\\\/#blogposting\",\"name\":\"Le CEO devient associ\\u00e9 dans un groupe de construction - immo!nvest - Die Plattform f\\u00fcr Standorte und Immobilien\",\"headline\":\"Le CEO devient associ\\u00e9 dans un groupe de construction\",\"author\":{\"@id\":\"https:\\\/\\\/www.immo-invest.ch\\\/fr\\\/author\\\/immovestuser\\\/#author\"},\"publisher\":{\"@id\":\"https:\\\/\\\/www.immo-invest.ch\\\/fr\\\/#organization\"},\"image\":{\"@type\":\"ImageObject\",\"url\":\"https:\\\/\\\/www.immo-invest.ch\\\/wp-content\\\/uploads\\\/2020\\\/03\\\/finanzen_1-1.png\",\"width\":1200,\"height\":628},\"datePublished\":\"2025-07-03T16:45:39+02:00\",\"dateModified\":\"2025-06-30T10:21:03+02:00\",\"inLanguage\":\"fr-FR\",\"mainEntityOfPage\":{\"@id\":\"https:\\\/\\\/www.immo-invest.ch\\\/fr\\\/ceo-wird-teilhaber-bei-baugruppe\\\/#webpage\"},\"isPartOf\":{\"@id\":\"https:\\\/\\\/www.immo-invest.ch\\\/fr\\\/ceo-wird-teilhaber-bei-baugruppe\\\/#webpage\"},\"articleSection\":\"Entreprise, Gens, immoNews, Baugruppe, Gesch\\u00e4ftsf\\u00fchrung, Immoinvest, immoNews, News, Unternehmensbeteiligung, Facultatif\"},{\"@type\":\"BreadcrumbList\",\"@id\":\"https:\\\/\\\/www.immo-invest.ch\\\/fr\\\/ceo-wird-teilhaber-bei-baugruppe\\\/#breadcrumblist\",\"itemListElement\":[{\"@type\":\"ListItem\",\"@id\":\"https:\\\/\\\/www.immo-invest.ch\\\/fr\\\/#listItem\",\"position\":1,\"name\":\"Home\",\"item\":\"https:\\\/\\\/www.immo-invest.ch\\\/fr\\\/\",\"nextItem\":{\"@type\":\"ListItem\",\"@id\":\"https:\\\/\\\/www.immo-invest.ch\\\/fr\\\/categories\\\/personnes\\\/#listItem\",\"name\":\"Personnes\"}},{\"@type\":\"ListItem\",\"@id\":\"https:\\\/\\\/www.immo-invest.ch\\\/fr\\\/categories\\\/personnes\\\/#listItem\",\"position\":2,\"name\":\"Personnes\",\"item\":\"https:\\\/\\\/www.immo-invest.ch\\\/fr\\\/categories\\\/personnes\\\/\",\"nextItem\":{\"@type\":\"ListItem\",\"@id\":\"https:\\\/\\\/www.immo-invest.ch\\\/fr\\\/categories\\\/personnes\\\/gens\\\/#listItem\",\"name\":\"Gens\"},\"previousItem\":{\"@type\":\"ListItem\",\"@id\":\"https:\\\/\\\/www.immo-invest.ch\\\/fr\\\/#listItem\",\"name\":\"Home\"}},{\"@type\":\"ListItem\",\"@id\":\"https:\\\/\\\/www.immo-invest.ch\\\/fr\\\/categories\\\/personnes\\\/gens\\\/#listItem\",\"position\":3,\"name\":\"Gens\",\"item\":\"https:\\\/\\\/www.immo-invest.ch\\\/fr\\\/categories\\\/personnes\\\/gens\\\/\",\"nextItem\":{\"@type\":\"ListItem\",\"@id\":\"https:\\\/\\\/www.immo-invest.ch\\\/fr\\\/ceo-wird-teilhaber-bei-baugruppe\\\/#listItem\",\"name\":\"Le CEO devient associ\\u00e9 dans un groupe de construction\"},\"previousItem\":{\"@type\":\"ListItem\",\"@id\":\"https:\\\/\\\/www.immo-invest.ch\\\/fr\\\/categories\\\/personnes\\\/#listItem\",\"name\":\"Personnes\"}},{\"@type\":\"ListItem\",\"@id\":\"https:\\\/\\\/www.immo-invest.ch\\\/fr\\\/ceo-wird-teilhaber-bei-baugruppe\\\/#listItem\",\"position\":4,\"name\":\"Le CEO devient associ\\u00e9 dans un groupe de construction\",\"previousItem\":{\"@type\":\"ListItem\",\"@id\":\"https:\\\/\\\/www.immo-invest.ch\\\/fr\\\/categories\\\/personnes\\\/gens\\\/#listItem\",\"name\":\"Gens\"}}]},{\"@type\":\"Organization\",\"@id\":\"https:\\\/\\\/www.immo-invest.ch\\\/fr\\\/#organization\",\"name\":\"immo!nvest - Die Plattform f\\u00fcr Standorte und Immobilien\",\"description\":\"Die\\u00a0Plattform f\\u00fcr Standorte und Immobilien\",\"url\":\"https:\\\/\\\/www.immo-invest.ch\\\/fr\\\/\",\"email\":\"admin@immomedia.ag\",\"telephone\":\"+41444420002\",\"logo\":{\"@type\":\"ImageObject\",\"url\":\"https:\\\/\\\/www.immo-invest.ch\\\/wp-content\\\/uploads\\\/2024\\\/09\\\/immoinvest_sm-scaled.jpg\",\"@id\":\"https:\\\/\\\/www.immo-invest.ch\\\/fr\\\/ceo-wird-teilhaber-bei-baugruppe\\\/#organizationLogo\",\"width\":2560,\"height\":1340},\"image\":{\"@id\":\"https:\\\/\\\/www.immo-invest.ch\\\/fr\\\/ceo-wird-teilhaber-bei-baugruppe\\\/#organizationLogo\"},\"sameAs\":[\"https:\\\/\\\/www.facebook.com\\\/people\\\/Immoinvest\\\/100077962920504\\\/\",\"https:\\\/\\\/x.com\\\/i\\\/flow\\\/login?redirect_after_login=immoinvest_ch\",\"https:\\\/\\\/www.instagram.com\\\/immoinvest_ch\\\/\",\"https:\\\/\\\/www.linkedin.com\\\/company\\\/immoinvest-swiss\"]},{\"@type\":\"Person\",\"@id\":\"https:\\\/\\\/www.immo-invest.ch\\\/fr\\\/author\\\/immovestuser\\\/#author\",\"url\":\"https:\\\/\\\/www.immo-invest.ch\\\/fr\\\/author\\\/immovestuser\\\/\",\"name\":\"immovestuser\",\"image\":{\"@type\":\"ImageObject\",\"@id\":\"https:\\\/\\\/www.immo-invest.ch\\\/fr\\\/ceo-wird-teilhaber-bei-baugruppe\\\/#authorImage\",\"url\":\"https:\\\/\\\/secure.gravatar.com\\\/avatar\\\/8e01f4d99f2eeea7a362ebb93305e1172a70e9293ba250f897a65c39f54cdd1e?s=96&d=mm&r=g\",\"width\":96,\"height\":96,\"caption\":\"immovestuser\"}},{\"@type\":\"WebPage\",\"@id\":\"https:\\\/\\\/www.immo-invest.ch\\\/fr\\\/ceo-wird-teilhaber-bei-baugruppe\\\/#webpage\",\"url\":\"https:\\\/\\\/www.immo-invest.ch\\\/fr\\\/ceo-wird-teilhaber-bei-baugruppe\\\/\",\"name\":\"Le CEO devient associ\\u00e9 dans un groupe de construction - immo!nvest - Die Plattform f\\u00fcr Standorte und Immobilien\",\"description\":\"Le CEO du groupe ERNE, Giuseppe Santagada, a l'intention de s'engager \\u00e0 l'avenir en tant qu'associ\\u00e9 dans le groupe de construction et d'immobilier. La famille fondatrice salue la d\\u00e9cision de Santagada de prendre une part minoritaire dans le groupe ERNE.\",\"inLanguage\":\"fr-FR\",\"isPartOf\":{\"@id\":\"https:\\\/\\\/www.immo-invest.ch\\\/fr\\\/#website\"},\"breadcrumb\":{\"@id\":\"https:\\\/\\\/www.immo-invest.ch\\\/fr\\\/ceo-wird-teilhaber-bei-baugruppe\\\/#breadcrumblist\"},\"author\":{\"@id\":\"https:\\\/\\\/www.immo-invest.ch\\\/fr\\\/author\\\/immovestuser\\\/#author\"},\"creator\":{\"@id\":\"https:\\\/\\\/www.immo-invest.ch\\\/fr\\\/author\\\/immovestuser\\\/#author\"},\"image\":{\"@type\":\"ImageObject\",\"url\":\"https:\\\/\\\/www.immo-invest.ch\\\/wp-content\\\/uploads\\\/2020\\\/03\\\/finanzen_1-1.png\",\"@id\":\"https:\\\/\\\/www.immo-invest.ch\\\/fr\\\/ceo-wird-teilhaber-bei-baugruppe\\\/#mainImage\",\"width\":1200,\"height\":628},\"primaryImageOfPage\":{\"@id\":\"https:\\\/\\\/www.immo-invest.ch\\\/fr\\\/ceo-wird-teilhaber-bei-baugruppe\\\/#mainImage\"},\"datePublished\":\"2025-07-03T16:45:39+02:00\",\"dateModified\":\"2025-06-30T10:21:03+02:00\"},{\"@type\":\"WebSite\",\"@id\":\"https:\\\/\\\/www.immo-invest.ch\\\/fr\\\/#website\",\"url\":\"https:\\\/\\\/www.immo-invest.ch\\\/fr\\\/\",\"name\":\"immo!nvest - Die Plattform f\\u00fcr Standorte und Immobilien\",\"description\":\"Die\\u00a0Plattform f\\u00fcr Standorte und Immobilien\",\"inLanguage\":\"fr-FR\",\"publisher\":{\"@id\":\"https:\\\/\\\/www.immo-invest.ch\\\/fr\\\/#organization\"}}]}\n\t\t<\/script>\n\t\t<!-- All in One SEO -->\n\n","aioseo_head_json":{"title":"Le CEO devient associ\u00e9 dans un groupe de construction - immo!nvest - Die Plattform f\u00fcr Standorte und Immobilien","description":"Le CEO du groupe ERNE, Giuseppe Santagada, a l'intention de s'engager \u00e0 l'avenir en tant qu'associ\u00e9 dans le groupe de construction et d'immobilier. La famille fondatrice salue la d\u00e9cision de Santagada de prendre une part minoritaire dans le groupe ERNE.","canonical_url":"https:\/\/www.immo-invest.ch\/fr\/ceo-wird-teilhaber-bei-baugruppe\/","robots":"max-image-preview:large","keywords":"","webmasterTools":{"google-site-verification":"fHJKvgWpZCR2zVBHWfkQeFXC11qieUSff0HGNYfuyLA","miscellaneous":""},"schema":{"@context":"https:\/\/schema.org","@graph":[{"@type":"BlogPosting","@id":"https:\/\/www.immo-invest.ch\/fr\/ceo-wird-teilhaber-bei-baugruppe\/#blogposting","name":"Le CEO devient associ\u00e9 dans un groupe de construction - immo!nvest - Die Plattform f\u00fcr Standorte und Immobilien","headline":"Le CEO devient associ\u00e9 dans un groupe de construction","author":{"@id":"https:\/\/www.immo-invest.ch\/fr\/author\/immovestuser\/#author"},"publisher":{"@id":"https:\/\/www.immo-invest.ch\/fr\/#organization"},"image":{"@type":"ImageObject","url":"https:\/\/www.immo-invest.ch\/wp-content\/uploads\/2020\/03\/finanzen_1-1.png","width":1200,"height":628},"datePublished":"2025-07-03T16:45:39+02:00","dateModified":"2025-06-30T10:21:03+02:00","inLanguage":"fr-FR","mainEntityOfPage":{"@id":"https:\/\/www.immo-invest.ch\/fr\/ceo-wird-teilhaber-bei-baugruppe\/#webpage"},"isPartOf":{"@id":"https:\/\/www.immo-invest.ch\/fr\/ceo-wird-teilhaber-bei-baugruppe\/#webpage"},"articleSection":"Entreprise, Gens, immoNews, Baugruppe, Gesch\u00e4ftsf\u00fchrung, Immoinvest, immoNews, News, Unternehmensbeteiligung, Facultatif"},{"@type":"BreadcrumbList","@id":"https:\/\/www.immo-invest.ch\/fr\/ceo-wird-teilhaber-bei-baugruppe\/#breadcrumblist","itemListElement":[{"@type":"ListItem","@id":"https:\/\/www.immo-invest.ch\/fr\/#listItem","position":1,"name":"Home","item":"https:\/\/www.immo-invest.ch\/fr\/","nextItem":{"@type":"ListItem","@id":"https:\/\/www.immo-invest.ch\/fr\/categories\/personnes\/#listItem","name":"Personnes"}},{"@type":"ListItem","@id":"https:\/\/www.immo-invest.ch\/fr\/categories\/personnes\/#listItem","position":2,"name":"Personnes","item":"https:\/\/www.immo-invest.ch\/fr\/categories\/personnes\/","nextItem":{"@type":"ListItem","@id":"https:\/\/www.immo-invest.ch\/fr\/categories\/personnes\/gens\/#listItem","name":"Gens"},"previousItem":{"@type":"ListItem","@id":"https:\/\/www.immo-invest.ch\/fr\/#listItem","name":"Home"}},{"@type":"ListItem","@id":"https:\/\/www.immo-invest.ch\/fr\/categories\/personnes\/gens\/#listItem","position":3,"name":"Gens","item":"https:\/\/www.immo-invest.ch\/fr\/categories\/personnes\/gens\/","nextItem":{"@type":"ListItem","@id":"https:\/\/www.immo-invest.ch\/fr\/ceo-wird-teilhaber-bei-baugruppe\/#listItem","name":"Le CEO devient associ\u00e9 dans un groupe de construction"},"previousItem":{"@type":"ListItem","@id":"https:\/\/www.immo-invest.ch\/fr\/categories\/personnes\/#listItem","name":"Personnes"}},{"@type":"ListItem","@id":"https:\/\/www.immo-invest.ch\/fr\/ceo-wird-teilhaber-bei-baugruppe\/#listItem","position":4,"name":"Le CEO devient associ\u00e9 dans un groupe de construction","previousItem":{"@type":"ListItem","@id":"https:\/\/www.immo-invest.ch\/fr\/categories\/personnes\/gens\/#listItem","name":"Gens"}}]},{"@type":"Organization","@id":"https:\/\/www.immo-invest.ch\/fr\/#organization","name":"immo!nvest - Die Plattform f\u00fcr Standorte und Immobilien","description":"Die\u00a0Plattform f\u00fcr Standorte und Immobilien","url":"https:\/\/www.immo-invest.ch\/fr\/","email":"admin@immomedia.ag","telephone":"+41444420002","logo":{"@type":"ImageObject","url":"https:\/\/www.immo-invest.ch\/wp-content\/uploads\/2024\/09\/immoinvest_sm-scaled.jpg","@id":"https:\/\/www.immo-invest.ch\/fr\/ceo-wird-teilhaber-bei-baugruppe\/#organizationLogo","width":2560,"height":1340},"image":{"@id":"https:\/\/www.immo-invest.ch\/fr\/ceo-wird-teilhaber-bei-baugruppe\/#organizationLogo"},"sameAs":["https:\/\/www.facebook.com\/people\/Immoinvest\/100077962920504\/","https:\/\/x.com\/i\/flow\/login?redirect_after_login=immoinvest_ch","https:\/\/www.instagram.com\/immoinvest_ch\/","https:\/\/www.linkedin.com\/company\/immoinvest-swiss"]},{"@type":"Person","@id":"https:\/\/www.immo-invest.ch\/fr\/author\/immovestuser\/#author","url":"https:\/\/www.immo-invest.ch\/fr\/author\/immovestuser\/","name":"immovestuser","image":{"@type":"ImageObject","@id":"https:\/\/www.immo-invest.ch\/fr\/ceo-wird-teilhaber-bei-baugruppe\/#authorImage","url":"https:\/\/secure.gravatar.com\/avatar\/8e01f4d99f2eeea7a362ebb93305e1172a70e9293ba250f897a65c39f54cdd1e?s=96&d=mm&r=g","width":96,"height":96,"caption":"immovestuser"}},{"@type":"WebPage","@id":"https:\/\/www.immo-invest.ch\/fr\/ceo-wird-teilhaber-bei-baugruppe\/#webpage","url":"https:\/\/www.immo-invest.ch\/fr\/ceo-wird-teilhaber-bei-baugruppe\/","name":"Le CEO devient associ\u00e9 dans un groupe de construction - immo!nvest - Die Plattform f\u00fcr Standorte und Immobilien","description":"Le CEO du groupe ERNE, Giuseppe Santagada, a l'intention de s'engager \u00e0 l'avenir en tant qu'associ\u00e9 dans le groupe de construction et d'immobilier. La famille fondatrice salue la d\u00e9cision de Santagada de prendre une part minoritaire dans le groupe ERNE.","inLanguage":"fr-FR","isPartOf":{"@id":"https:\/\/www.immo-invest.ch\/fr\/#website"},"breadcrumb":{"@id":"https:\/\/www.immo-invest.ch\/fr\/ceo-wird-teilhaber-bei-baugruppe\/#breadcrumblist"},"author":{"@id":"https:\/\/www.immo-invest.ch\/fr\/author\/immovestuser\/#author"},"creator":{"@id":"https:\/\/www.immo-invest.ch\/fr\/author\/immovestuser\/#author"},"image":{"@type":"ImageObject","url":"https:\/\/www.immo-invest.ch\/wp-content\/uploads\/2020\/03\/finanzen_1-1.png","@id":"https:\/\/www.immo-invest.ch\/fr\/ceo-wird-teilhaber-bei-baugruppe\/#mainImage","width":1200,"height":628},"primaryImageOfPage":{"@id":"https:\/\/www.immo-invest.ch\/fr\/ceo-wird-teilhaber-bei-baugruppe\/#mainImage"},"datePublished":"2025-07-03T16:45:39+02:00","dateModified":"2025-06-30T10:21:03+02:00"},{"@type":"WebSite","@id":"https:\/\/www.immo-invest.ch\/fr\/#website","url":"https:\/\/www.immo-invest.ch\/fr\/","name":"immo!nvest - Die Plattform f\u00fcr Standorte und Immobilien","description":"Die\u00a0Plattform f\u00fcr Standorte und Immobilien","inLanguage":"fr-FR","publisher":{"@id":"https:\/\/www.immo-invest.ch\/fr\/#organization"}}]},"og:locale":"fr_FR","og:site_name":"immo!nvest - Die Plattform f\u00fcr Standorte und Immobilien - Die\u00a0Plattform f\u00fcr Standorte und Immobilien","og:type":"article","og:title":"Le CEO devient associ\u00e9 dans un groupe de construction - immo!nvest - Die Plattform f\u00fcr Standorte und Immobilien","og:description":"Le CEO du groupe ERNE, Giuseppe Santagada, a l'intention de s'engager \u00e0 l'avenir en tant qu'associ\u00e9 dans le groupe de construction et d'immobilier. La famille fondatrice salue la d\u00e9cision de Santagada de prendre une part minoritaire dans le groupe ERNE.","og:url":"https:\/\/www.immo-invest.ch\/fr\/ceo-wird-teilhaber-bei-baugruppe\/","og:image":"https:\/\/www.immo-invest.ch\/wp-content\/uploads\/2020\/03\/finanzen_1-1.png","og:image:secure_url":"https:\/\/www.immo-invest.ch\/wp-content\/uploads\/2020\/03\/finanzen_1-1.png","og:image:width":1200,"og:image:height":628,"article:published_time":"2025-07-03T14:45:39+00:00","article:modified_time":"2025-06-30T08:21:03+00:00","article:publisher":"https:\/\/www.facebook.com\/people\/Immoinvest\/100077962920504\/","twitter:card":"summary_large_image","twitter:site":"@i","twitter:title":"Le CEO devient associ\u00e9 dans un groupe de construction - immo!nvest - Die Plattform f\u00fcr Standorte und Immobilien","twitter:description":"Le CEO du groupe ERNE, Giuseppe Santagada, a l'intention de s'engager \u00e0 l'avenir en tant qu'associ\u00e9 dans le groupe de construction et d'immobilier. La famille fondatrice salue la d\u00e9cision de Santagada de prendre une part minoritaire dans le groupe ERNE.","twitter:creator":"@i","twitter:image":"https:\/\/www.immo-invest.ch\/wp-content\/uploads\/2020\/03\/finanzen_1-1.png"},"aioseo_meta_data":{"post_id":"135005","title":null,"description":null,"keywords":null,"keyphrases":{"focus":{"keyphrase":"","score":0,"analysis":{"keyphraseInTitle":{"score":0,"maxScore":9,"error":1}}},"additional":[]},"primary_term":null,"canonical_url":null,"og_title":null,"og_description":null,"og_object_type":"default","og_image_type":"default","og_image_url":null,"og_image_width":null,"og_image_height":null,"og_image_custom_url":null,"og_image_custom_fields":null,"og_video":"","og_custom_url":null,"og_article_section":null,"og_article_tags":null,"twitter_use_og":false,"twitter_card":"default","twitter_image_type":"default","twitter_image_url":null,"twitter_image_custom_url":null,"twitter_image_custom_fields":null,"twitter_title":null,"twitter_description":null,"schema":{"blockGraphs":[],"customGraphs":[],"default":{"data":{"Article":[],"Course":[],"Dataset":[],"FAQPage":[],"Movie":[],"Person":[],"Product":[],"ProductReview":[],"Car":[],"Recipe":[],"Service":[],"SoftwareApplication":[],"WebPage":[]},"graphName":"BlogPosting","isEnabled":true},"graphs":[]},"schema_type":"default","schema_type_options":null,"pillar_content":false,"robots_default":true,"robots_noindex":false,"robots_noarchive":false,"robots_nosnippet":false,"robots_nofollow":false,"robots_noimageindex":false,"robots_noodp":false,"robots_notranslate":false,"robots_max_snippet":"-1","robots_max_videopreview":"-1","robots_max_imagepreview":"large","priority":null,"frequency":"default","local_seo":null,"breadcrumb_settings":null,"limit_modified_date":false,"ai":null,"created":"2025-06-30 08:11:14","updated":"2025-10-24 22:44:14","seo_analyzer_scan_date":null,"focus_keyword":null,"additional_keywords":null,"truseo_locale":null},"aioseo_breadcrumb":"<div class=\"aioseo-breadcrumbs\"><span class=\"aioseo-breadcrumb\">\n\t\t\t<a href=\"https:\/\/www.immo-invest.ch\/fr\/\" title=\"Home\">Home<\/a>\n\t\t<\/span><span class=\"aioseo-breadcrumb-separator\">&raquo;<\/span><span class=\"aioseo-breadcrumb\">\n\t\t\t<a href=\"https:\/\/www.immo-invest.ch\/fr\/categories\/personnes\/\" title=\"Personnes\">Personnes<\/a>\n\t\t<\/span><span class=\"aioseo-breadcrumb-separator\">&raquo;<\/span><span class=\"aioseo-breadcrumb\">\n\t\t\t<a href=\"https:\/\/www.immo-invest.ch\/fr\/categories\/personnes\/gens\/\" title=\"Gens\">Gens<\/a>\n\t\t<\/span><span class=\"aioseo-breadcrumb-separator\">&raquo;<\/span><span class=\"aioseo-breadcrumb\">\n\t\t\tLe CEO devient associ\u00e9 dans un groupe de construction\n\t\t<\/span><\/div>","aioseo_breadcrumb_json":[{"label":"Home","link":"https:\/\/www.immo-invest.ch\/fr\/"},{"label":"Personnes","link":"https:\/\/www.immo-invest.ch\/fr\/categories\/personnes\/"},{"label":"Gens","link":"https:\/\/www.immo-invest.ch\/fr\/categories\/personnes\/gens\/"},{"label":"Le CEO devient associ\u00e9 dans un groupe de construction","link":"https:\/\/www.immo-invest.ch\/fr\/ceo-wird-teilhaber-bei-baugruppe\/"}],"featured_image_src":"https:\/\/www.immo-invest.ch\/wp-content\/uploads\/2020\/03\/finanzen_1-1-150x150.png","_links":{"self":[{"href":"https:\/\/www.immo-invest.ch\/fr\/wp-json\/wp\/v2\/posts\/135005","targetHints":{"allow":["GET"]}}],"collection":[{"href":"https:\/\/www.immo-invest.ch\/fr\/wp-json\/wp\/v2\/posts"}],"about":[{"href":"https:\/\/www.immo-invest.ch\/fr\/wp-json\/wp\/v2\/types\/post"}],"author":[{"embeddable":true,"href":"https:\/\/www.immo-invest.ch\/fr\/wp-json\/wp\/v2\/users\/2"}],"replies":[{"embeddable":true,"href":"https:\/\/www.immo-invest.ch\/fr\/wp-json\/wp\/v2\/comments?post=135005"}],"version-history":[{"count":0,"href":"https:\/\/www.immo-invest.ch\/fr\/wp-json\/wp\/v2\/posts\/135005\/revisions"}],"wp:featuredmedia":[{"embeddable":true,"href":"https:\/\/www.immo-invest.ch\/fr\/wp-json\/wp\/v2\/media\/6761"}],"wp:attachment":[{"href":"https:\/\/www.immo-invest.ch\/fr\/wp-json\/wp\/v2\/media?parent=135005"}],"wp:term":[{"taxonomy":"category","embeddable":true,"href":"https:\/\/www.immo-invest.ch\/fr\/wp-json\/wp\/v2\/categories?post=135005"},{"taxonomy":"post_tag","embeddable":true,"href":"https:\/\/www.immo-invest.ch\/fr\/wp-json\/wp\/v2\/tags?post=135005"}],"curies":[{"name":"wp","href":"https:\/\/api.w.org\/{rel}","templated":true}]}}