{"id":134863,"date":"2025-06-25T11:00:00","date_gmt":"2025-06-25T09:00:00","guid":{"rendered":"https:\/\/www.immo-invest.ch\/?p=134863"},"modified":"2025-06-25T10:46:04","modified_gmt":"2025-06-25T08:46:04","slug":"hortus-setzt-neuen-massstab-fuer-nachhaltiges-bauen","status":"publish","type":"post","link":"https:\/\/www.immo-invest.ch\/fr\/hortus-setzt-neuen-massstab-fuer-nachhaltiges-bauen\/","title":{"rendered":"HORTUS \u00e9tablit une nouvelle r\u00e9f\u00e9rence en mati\u00e8re de construction durable"},"content":{"rendered":"<p class=\"wp-block-paragraph\">HORTUS est un b&acirc;timent qui a &eacute;t&eacute; construit sur le campus principal du Switzerland <span class=\"glossaryLink\" aria-describedby=\"tt\" data-cmtooltip=\"&lt;div class=glossaryItemTitle&gt;Innovation&lt;\/div&gt;&lt;div class=glossaryItemBody&gt;Innovation in der heutigen Immobilienwelt bedeutet vor allem Digitalisierung von Prozessen. Zum Beispiel das Eliminieren von Tausenden von Excel-Bl&auml;ttern f&uuml;r Portfolio- und Asset-Manager oder das Erstellen einer Anwendung (App) f&uuml;r alle Formalit&auml;ten rund um die Beziehung zwischen Immobilieneigent&uuml;mern, - verwaltung und -mietern.&lt;\/div&gt;\" data-mobile-support=\"0\" data-gt-translate-attributes='[{\"attribute\":\"data-cmtooltip\", \"format\":\"html\"}]' tabindex=\"0\" role=\"link\">Innovation<\/span> Park Basel Area et qui vise &agrave; &eacute;tablir de nouveaux standards en mati&egrave;re de construction durable. Le projet a &eacute;t&eacute; d&eacute;velopp&eacute; par SENN, Herzog &amp; de Meuron et ZPF Ingenieure. HORTUS n&rsquo;est pas seulement con&ccedil;u pour &ecirc;tre compatible avec le climat, il compensera &eacute;galement son &eacute;nergie grise en l&rsquo;espace d&rsquo;une g&eacute;n&eacute;ration et fonctionnera ensuite comme un b&acirc;timent &agrave; &eacute;nergie positive, selon les indications des participants. <\/p>\n\n\n\n\n\n<p class=\"wp-block-paragraph\">Le c&oelig;ur du concept est une r&eacute;duction cons&eacute;quente de l&rsquo;utilisation de l&rsquo;&eacute;nergie dans la construction et l&rsquo;exploitation. Des mat&eacute;riaux tels que l&rsquo;argile, le bois et le papier recycl&eacute; ont &eacute;t&eacute; utilis&eacute;s avec un minimum de ressources. Le sous-sol a &eacute;t&eacute; d&eacute;lib&eacute;r&eacute;ment &eacute;vit&eacute;. Parall&egrave;lement, une surface photovolta&iuml;que d&rsquo;environ 5&rsquo;000 m&sup2; sur la fa&ccedil;ade et le toit assure une production maximale d&rsquo;&eacute;nergie propre. <\/p>\n\n\n\n\n\n<p class=\"wp-block-paragraph\"><strong>&Eacute;conomie circulaire au niveau des &eacute;l&eacute;ments de construction<\/strong> <br>Une attention particuli&egrave;re a &eacute;t&eacute; port&eacute;e &agrave; la r&eacute;utilisation. Chaque &eacute;l&eacute;ment utilis&eacute; a &eacute;t&eacute; con&ccedil;u avec une seconde utilisation pr&eacute;vue. HORTUS suit ainsi les principes de l&rsquo;&eacute;conomie circulaire jusque dans les moindres d&eacute;tails. Les &eacute;l&eacute;ments pr&eacute;fabriqu&eacute;s en argile et en bois, fabriqu&eacute;s directement sur place dans une usine de campagne, permettent une d&eacute;construction ou une r&eacute;utilisation efficace. <\/p>\n\n\n\n\n\n<p class=\"wp-block-paragraph\">Les mat&eacute;riaux naturels assurent un climat int&eacute;rieur &eacute;quilibr&eacute;, soutenu par une cour int&eacute;rieure verdoyante con&ccedil;ue par le c&eacute;l&egrave;bre architecte paysagiste Piet Oudolf. <\/p>\n\n\n\n\n\n<p class=\"wp-block-paragraph\"><strong>Une infrastructure pour l&rsquo;<span class=\"glossaryLink\" aria-describedby=\"tt\" data-cmtooltip=\"&lt;div class=glossaryItemTitle&gt;Innovation&lt;\/div&gt;&lt;div class=glossaryItemBody&gt;Innovation in der heutigen Immobilienwelt bedeutet vor allem Digitalisierung von Prozessen. Zum Beispiel das Eliminieren von Tausenden von Excel-Bl&auml;ttern f&uuml;r Portfolio- und Asset-Manager oder das Erstellen einer Anwendung (App) f&uuml;r alle Formalit&auml;ten rund um die Beziehung zwischen Immobilieneigent&uuml;mern, - verwaltung und -mietern.&lt;\/div&gt;\" data-mobile-support=\"0\" data-gt-translate-attributes='[{\"attribute\":\"data-cmtooltip\", \"format\":\"html\"}]' tabindex=\"0\" role=\"link\">innovation<\/span><\/strong> <br>Le b&acirc;timent offre environ 10 000 m&sup2; de surface utile, principalement pour des entreprises du secteur des TIC et des sciences de la vie. Les espaces de bureaux sont d&eacute;j&agrave; enti&egrave;rement lou&eacute;s &agrave; l&rsquo;ouverture. Le seul espace encore disponible est l&rsquo;espace de coworking. Celui-ci s&rsquo;adresse aux start-ups, aux &eacute;quipes de projet ou aux utilisateurs individuels qui souhaitent profiter de la proximit&eacute; de l&rsquo;un des plus grands &eacute;cosyst&egrave;mes des sciences de la vie en Europe. <\/p>\n\n\n\n\n\n<p class=\"wp-block-paragraph\">L&rsquo;espace de coworking et les bureaux disposent de cuisines communes, d&rsquo;un jardin et d&rsquo;une infrastructure informatique. Au rez-de-chauss&eacute;e, des services de restauration et un espace de fitness compl&egrave;tent l&rsquo;infrastructure. L&rsquo;objectif est de r&eacute;unir l&rsquo;<span class=\"glossaryLink\" aria-describedby=\"tt\" data-cmtooltip=\"&lt;div class=glossaryItemTitle&gt;Innovation&lt;\/div&gt;&lt;div class=glossaryItemBody&gt;Innovation in der heutigen Immobilienwelt bedeutet vor allem Digitalisierung von Prozessen. Zum Beispiel das Eliminieren von Tausenden von Excel-Bl&auml;ttern f&uuml;r Portfolio- und Asset-Manager oder das Erstellen einer Anwendung (App) f&uuml;r alle Formalit&auml;ten rund um die Beziehung zwischen Immobilieneigent&uuml;mern, - verwaltung und -mietern.&lt;\/div&gt;\" data-mobile-support=\"0\" data-gt-translate-attributes='[{\"attribute\":\"data-cmtooltip\", \"format\":\"html\"}]' tabindex=\"0\" role=\"link\">innovation<\/span> et la vie quotidienne en un seul lieu. <\/p>\n\n\n\n\n\n<p class=\"wp-block-paragraph\"><strong>Une partie d&rsquo;une zone de d&eacute;veloppement plus vaste<\/strong> <br>Ce n&rsquo;est pas le premier b&acirc;timent sur le campus. Le Main Campus HQ est d&eacute;j&agrave; en service. D&rsquo;autres b&acirc;timents, ALL, HOPE et SCALE, sont en cours de construction ou de planification. D&rsquo;ici 2029, Allschwil devrait devenir le plus grand site d&rsquo;un parc d&rsquo;<span class=\"glossaryLink\" aria-describedby=\"tt\" data-cmtooltip=\"&lt;div class=glossaryItemTitle&gt;Innovation&lt;\/div&gt;&lt;div class=glossaryItemBody&gt;Innovation in der heutigen Immobilienwelt bedeutet vor allem Digitalisierung von Prozessen. Zum Beispiel das Eliminieren von Tausenden von Excel-Bl&auml;ttern f&uuml;r Portfolio- und Asset-Manager oder das Erstellen einer Anwendung (App) f&uuml;r alle Formalit&auml;ten rund um die Beziehung zwischen Immobilieneigent&uuml;mern, - verwaltung und -mietern.&lt;\/div&gt;\" data-mobile-support=\"0\" data-gt-translate-attributes='[{\"attribute\":\"data-cmtooltip\", \"format\":\"html\"}]' tabindex=\"0\" role=\"link\">innovation<\/span> suisse, ax&eacute; sur les sciences de la vie, la sant&eacute; num&eacute;rique et la transformation industrielle. <\/p>\n\n\n\n\n\n<p class=\"wp-block-paragraph\">Avec actuellement environ 1 200 collaborateurs r&eacute;partis dans 92 entreprises et 12 groupes de recherche, le site est d&eacute;j&agrave; un centre important de recherche appliqu&eacute;e et de d&eacute;veloppement en Suisse. <\/p>\n\n","protected":false},"excerpt":{"rendered":"<p>Un immeuble de bureaux d&rsquo;un nouveau genre, HORTUS, a \u00e9t\u00e9 inaugur\u00e9 \u00e0 Allschwil. Il mise sur une durabilit\u00e9 radicale, de la construction \u00e0 l&rsquo;exploitation. Le projet fait partie du Switzerland Innovation Park Basel Area et combine r\u00e9duction de CO\u2082, \u00e9conomie circulaire et confort des utilisateurs. L&rsquo;espace est d\u00e9j\u00e0 presque enti\u00e8rement lou\u00e9. <\/p>\n","protected":false},"author":2,"featured_media":46833,"comment_status":"open","ping_status":"open","sticky":false,"template":"","format":"standard","meta":{"pmpro_default_level":"","inline_featured_image":false,"_monsterinsights_skip_tracking":false,"footnotes":""},"categories":[9438,22699,9824,39686,22438],"tags":[53466,872,3931,12359,19419,2002],"class_list":["post-134863","post","type-post","status-publish","format-standard","has-post-thumbnail","hentry","category-region-bale","category-durabilite","category-nouvelle-construction","category-standorte-fr","category-trends-fr","tag-energiepositiv-fr","tag-immoinvest-fr","tag-immonews-fr","tag-innovationspark-fr","tag-kreislaufwirtschaft-fr","tag-news-fr","pmpro-has-access"],"acf":{"bild_mit_ki_erstellt_worden":[],"lead":"Un immeuble de bureaux d'un nouveau genre, HORTUS, a \u00e9t\u00e9 inaugur\u00e9 \u00e0 Allschwil. Il mise sur une durabilit\u00e9 radicale, de la construction \u00e0 l'exploitation. Le projet fait partie du Switzerland Innovation Park Basel Area et combine r\u00e9duction de CO\u2082, \u00e9conomie circulaire et confort des utilisateurs. L'espace est d\u00e9j\u00e0 presque enti\u00e8rement lou\u00e9. ","autor":"Quelle Area Basel","ort":"","bildunterschrift":"","bild_im_grid":false,"gallerie":"","newsim":""},"aioseo_notices":[],"aioseo_head":"\n\t\t<!-- All in One SEO 5.0.0.1 - aioseo.com -->\n\t<meta name=\"description\" content=\"Un immeuble de bureaux d&#039;un nouveau genre, HORTUS, a \u00e9t\u00e9 inaugur\u00e9 \u00e0 Allschwil. Il mise sur une durabilit\u00e9 radicale, de la construction \u00e0 l&#039;exploitation. Le projet fait partie du Switzerland Innovation Park Basel Area et combine r\u00e9duction de CO\u2082, \u00e9conomie circulaire et confort des utilisateurs. L&#039;espace est d\u00e9j\u00e0 presque enti\u00e8rement lou\u00e9.\" \/>\n\t<meta name=\"robots\" content=\"max-image-preview:large\" \/>\n\t<meta name=\"author\" content=\"immovestuser\"\/>\n\t<meta name=\"google-site-verification\" content=\"fHJKvgWpZCR2zVBHWfkQeFXC11qieUSff0HGNYfuyLA\" \/>\n\t<link rel=\"canonical\" href=\"https:\/\/www.immo-invest.ch\/fr\/hortus-setzt-neuen-massstab-fuer-nachhaltiges-bauen\/\" \/>\n\t<meta name=\"generator\" content=\"All in One SEO (AIOSEO) 5.0.0.1\" \/>\n\t\t<meta property=\"og:locale\" content=\"fr_FR\" \/>\n\t\t<meta property=\"og:site_name\" content=\"immo!nvest - Die Plattform f\u00fcr Standorte und Immobilien - Die\u00a0Plattform f\u00fcr Standorte und Immobilien\" \/>\n\t\t<meta property=\"og:type\" content=\"article\" \/>\n\t\t<meta property=\"og:title\" content=\"HORTUS \u00e9tablit une nouvelle r\u00e9f\u00e9rence en mati\u00e8re de construction durable - immo!nvest - Die Plattform f\u00fcr Standorte und Immobilien\" \/>\n\t\t<meta property=\"og:description\" content=\"Un immeuble de bureaux d&#039;un nouveau genre, HORTUS, a \u00e9t\u00e9 inaugur\u00e9 \u00e0 Allschwil. Il mise sur une durabilit\u00e9 radicale, de la construction \u00e0 l&#039;exploitation. Le projet fait partie du Switzerland Innovation Park Basel Area et combine r\u00e9duction de CO\u2082, \u00e9conomie circulaire et confort des utilisateurs. L&#039;espace est d\u00e9j\u00e0 presque enti\u00e8rement lou\u00e9.\" \/>\n\t\t<meta property=\"og:url\" content=\"https:\/\/www.immo-invest.ch\/fr\/hortus-setzt-neuen-massstab-fuer-nachhaltiges-bauen\/\" \/>\n\t\t<meta property=\"og:image\" content=\"https:\/\/www.immo-invest.ch\/wp-content\/uploads\/2022\/11\/HORTUS.jpg\" \/>\n\t\t<meta property=\"og:image:secure_url\" content=\"https:\/\/www.immo-invest.ch\/wp-content\/uploads\/2022\/11\/HORTUS.jpg\" \/>\n\t\t<meta property=\"og:image:width\" content=\"1000\" \/>\n\t\t<meta property=\"og:image:height\" content=\"500\" \/>\n\t\t<meta property=\"article:published_time\" content=\"2025-06-25T09:00:00+00:00\" \/>\n\t\t<meta property=\"article:modified_time\" content=\"2025-06-25T08:46:04+00:00\" \/>\n\t\t<meta property=\"article:publisher\" content=\"https:\/\/www.facebook.com\/people\/Immoinvest\/100077962920504\/\" \/>\n\t\t<meta name=\"twitter:card\" content=\"summary_large_image\" \/>\n\t\t<meta name=\"twitter:site\" content=\"@i\" \/>\n\t\t<meta name=\"twitter:title\" content=\"HORTUS \u00e9tablit une nouvelle r\u00e9f\u00e9rence en mati\u00e8re de construction durable - immo!nvest - Die Plattform f\u00fcr Standorte und Immobilien\" \/>\n\t\t<meta name=\"twitter:description\" content=\"Un immeuble de bureaux d&#039;un nouveau genre, HORTUS, a \u00e9t\u00e9 inaugur\u00e9 \u00e0 Allschwil. Il mise sur une durabilit\u00e9 radicale, de la construction \u00e0 l&#039;exploitation. Le projet fait partie du Switzerland Innovation Park Basel Area et combine r\u00e9duction de CO\u2082, \u00e9conomie circulaire et confort des utilisateurs. L&#039;espace est d\u00e9j\u00e0 presque enti\u00e8rement lou\u00e9.\" \/>\n\t\t<meta name=\"twitter:creator\" content=\"@i\" \/>\n\t\t<meta name=\"twitter:image\" content=\"https:\/\/www.immo-invest.ch\/wp-content\/uploads\/2022\/11\/HORTUS.jpg\" \/>\n\t\t<script type=\"application\/ld+json\" class=\"aioseo-schema\">\n\t\t\t{\"@context\":\"https:\\\/\\\/schema.org\",\"@graph\":[{\"@type\":\"BlogPosting\",\"@id\":\"https:\\\/\\\/www.immo-invest.ch\\\/fr\\\/hortus-setzt-neuen-massstab-fuer-nachhaltiges-bauen\\\/#blogposting\",\"name\":\"HORTUS \\u00e9tablit une nouvelle r\\u00e9f\\u00e9rence en mati\\u00e8re de construction durable - immo!nvest - Die Plattform f\\u00fcr Standorte und Immobilien\",\"headline\":\"HORTUS \\u00e9tablit une nouvelle r\\u00e9f\\u00e9rence en mati\\u00e8re de construction durable\",\"author\":{\"@id\":\"https:\\\/\\\/www.immo-invest.ch\\\/fr\\\/author\\\/immovestuser\\\/#author\"},\"publisher\":{\"@id\":\"https:\\\/\\\/www.immo-invest.ch\\\/fr\\\/#organization\"},\"image\":{\"@type\":\"ImageObject\",\"url\":\"https:\\\/\\\/www.immo-invest.ch\\\/wp-content\\\/uploads\\\/2022\\\/11\\\/HORTUS.jpg\",\"width\":1000,\"height\":500},\"datePublished\":\"2025-06-25T11:00:00+02:00\",\"dateModified\":\"2025-06-25T10:46:04+02:00\",\"inLanguage\":\"fr-FR\",\"mainEntityOfPage\":{\"@id\":\"https:\\\/\\\/www.immo-invest.ch\\\/fr\\\/hortus-setzt-neuen-massstab-fuer-nachhaltiges-bauen\\\/#webpage\"},\"isPartOf\":{\"@id\":\"https:\\\/\\\/www.immo-invest.ch\\\/fr\\\/hortus-setzt-neuen-massstab-fuer-nachhaltiges-bauen\\\/#webpage\"},\"articleSection\":\"B\\u00e2le, Durabilit\\u00e9, Nouvelle construction, Standorte, Trends, energiepositiv, Immoinvest, immoNews, Innovationspark, Kreislaufwirtschaft, News, Facultatif\"},{\"@type\":\"BreadcrumbList\",\"@id\":\"https:\\\/\\\/www.immo-invest.ch\\\/fr\\\/hortus-setzt-neuen-massstab-fuer-nachhaltiges-bauen\\\/#breadcrumblist\",\"itemListElement\":[{\"@type\":\"ListItem\",\"@id\":\"https:\\\/\\\/www.immo-invest.ch\\\/fr\\\/#listItem\",\"position\":1,\"name\":\"Home\",\"item\":\"https:\\\/\\\/www.immo-invest.ch\\\/fr\\\/\",\"nextItem\":{\"@type\":\"ListItem\",\"@id\":\"https:\\\/\\\/www.immo-invest.ch\\\/fr\\\/categories\\\/regions\\\/#listItem\",\"name\":\"R\\u00e9gions\"}},{\"@type\":\"ListItem\",\"@id\":\"https:\\\/\\\/www.immo-invest.ch\\\/fr\\\/categories\\\/regions\\\/#listItem\",\"position\":2,\"name\":\"R\\u00e9gions\",\"item\":\"https:\\\/\\\/www.immo-invest.ch\\\/fr\\\/categories\\\/regions\\\/\",\"nextItem\":{\"@type\":\"ListItem\",\"@id\":\"https:\\\/\\\/www.immo-invest.ch\\\/fr\\\/categories\\\/regions\\\/suisse\\\/#listItem\",\"name\":\"Suisse\"},\"previousItem\":{\"@type\":\"ListItem\",\"@id\":\"https:\\\/\\\/www.immo-invest.ch\\\/fr\\\/#listItem\",\"name\":\"Home\"}},{\"@type\":\"ListItem\",\"@id\":\"https:\\\/\\\/www.immo-invest.ch\\\/fr\\\/categories\\\/regions\\\/suisse\\\/#listItem\",\"position\":3,\"name\":\"Suisse\",\"item\":\"https:\\\/\\\/www.immo-invest.ch\\\/fr\\\/categories\\\/regions\\\/suisse\\\/\",\"nextItem\":{\"@type\":\"ListItem\",\"@id\":\"https:\\\/\\\/www.immo-invest.ch\\\/fr\\\/categories\\\/regions\\\/suisse\\\/suisse-du-nord-ouest\\\/#listItem\",\"name\":\"Suisse du Nord-Ouest\"},\"previousItem\":{\"@type\":\"ListItem\",\"@id\":\"https:\\\/\\\/www.immo-invest.ch\\\/fr\\\/categories\\\/regions\\\/#listItem\",\"name\":\"R\\u00e9gions\"}},{\"@type\":\"ListItem\",\"@id\":\"https:\\\/\\\/www.immo-invest.ch\\\/fr\\\/categories\\\/regions\\\/suisse\\\/suisse-du-nord-ouest\\\/#listItem\",\"position\":4,\"name\":\"Suisse du Nord-Ouest\",\"item\":\"https:\\\/\\\/www.immo-invest.ch\\\/fr\\\/categories\\\/regions\\\/suisse\\\/suisse-du-nord-ouest\\\/\",\"nextItem\":{\"@type\":\"ListItem\",\"@id\":\"https:\\\/\\\/www.immo-invest.ch\\\/fr\\\/categories\\\/regions\\\/suisse\\\/suisse-du-nord-ouest\\\/region-bale\\\/#listItem\",\"name\":\"B\\u00e2le\"},\"previousItem\":{\"@type\":\"ListItem\",\"@id\":\"https:\\\/\\\/www.immo-invest.ch\\\/fr\\\/categories\\\/regions\\\/suisse\\\/#listItem\",\"name\":\"Suisse\"}},{\"@type\":\"ListItem\",\"@id\":\"https:\\\/\\\/www.immo-invest.ch\\\/fr\\\/categories\\\/regions\\\/suisse\\\/suisse-du-nord-ouest\\\/region-bale\\\/#listItem\",\"position\":5,\"name\":\"B\\u00e2le\",\"item\":\"https:\\\/\\\/www.immo-invest.ch\\\/fr\\\/categories\\\/regions\\\/suisse\\\/suisse-du-nord-ouest\\\/region-bale\\\/\",\"nextItem\":{\"@type\":\"ListItem\",\"@id\":\"https:\\\/\\\/www.immo-invest.ch\\\/fr\\\/hortus-setzt-neuen-massstab-fuer-nachhaltiges-bauen\\\/#listItem\",\"name\":\"HORTUS \\u00e9tablit une nouvelle r\\u00e9f\\u00e9rence en mati\\u00e8re de construction durable\"},\"previousItem\":{\"@type\":\"ListItem\",\"@id\":\"https:\\\/\\\/www.immo-invest.ch\\\/fr\\\/categories\\\/regions\\\/suisse\\\/suisse-du-nord-ouest\\\/#listItem\",\"name\":\"Suisse du Nord-Ouest\"}},{\"@type\":\"ListItem\",\"@id\":\"https:\\\/\\\/www.immo-invest.ch\\\/fr\\\/hortus-setzt-neuen-massstab-fuer-nachhaltiges-bauen\\\/#listItem\",\"position\":6,\"name\":\"HORTUS \\u00e9tablit une nouvelle r\\u00e9f\\u00e9rence en mati\\u00e8re de construction durable\",\"previousItem\":{\"@type\":\"ListItem\",\"@id\":\"https:\\\/\\\/www.immo-invest.ch\\\/fr\\\/categories\\\/regions\\\/suisse\\\/suisse-du-nord-ouest\\\/region-bale\\\/#listItem\",\"name\":\"B\\u00e2le\"}}]},{\"@type\":\"Organization\",\"@id\":\"https:\\\/\\\/www.immo-invest.ch\\\/fr\\\/#organization\",\"name\":\"immo!nvest - Die Plattform f\\u00fcr Standorte und Immobilien\",\"description\":\"Die\\u00a0Plattform f\\u00fcr Standorte und Immobilien\",\"url\":\"https:\\\/\\\/www.immo-invest.ch\\\/fr\\\/\",\"email\":\"admin@immomedia.ag\",\"telephone\":\"+41444420002\",\"logo\":{\"@type\":\"ImageObject\",\"url\":\"https:\\\/\\\/www.immo-invest.ch\\\/wp-content\\\/uploads\\\/2024\\\/09\\\/immoinvest_sm-scaled.jpg\",\"@id\":\"https:\\\/\\\/www.immo-invest.ch\\\/fr\\\/hortus-setzt-neuen-massstab-fuer-nachhaltiges-bauen\\\/#organizationLogo\",\"width\":2560,\"height\":1340},\"image\":{\"@id\":\"https:\\\/\\\/www.immo-invest.ch\\\/fr\\\/hortus-setzt-neuen-massstab-fuer-nachhaltiges-bauen\\\/#organizationLogo\"},\"sameAs\":[\"https:\\\/\\\/www.facebook.com\\\/people\\\/Immoinvest\\\/100077962920504\\\/\",\"https:\\\/\\\/x.com\\\/i\\\/flow\\\/login?redirect_after_login=immoinvest_ch\",\"https:\\\/\\\/www.instagram.com\\\/immoinvest_ch\\\/\",\"https:\\\/\\\/www.linkedin.com\\\/company\\\/immoinvest-swiss\"]},{\"@type\":\"Person\",\"@id\":\"https:\\\/\\\/www.immo-invest.ch\\\/fr\\\/author\\\/immovestuser\\\/#author\",\"url\":\"https:\\\/\\\/www.immo-invest.ch\\\/fr\\\/author\\\/immovestuser\\\/\",\"name\":\"immovestuser\",\"image\":{\"@type\":\"ImageObject\",\"@id\":\"https:\\\/\\\/www.immo-invest.ch\\\/fr\\\/hortus-setzt-neuen-massstab-fuer-nachhaltiges-bauen\\\/#authorImage\",\"url\":\"https:\\\/\\\/secure.gravatar.com\\\/avatar\\\/8e01f4d99f2eeea7a362ebb93305e1172a70e9293ba250f897a65c39f54cdd1e?s=96&d=mm&r=g\",\"width\":96,\"height\":96,\"caption\":\"immovestuser\"}},{\"@type\":\"WebPage\",\"@id\":\"https:\\\/\\\/www.immo-invest.ch\\\/fr\\\/hortus-setzt-neuen-massstab-fuer-nachhaltiges-bauen\\\/#webpage\",\"url\":\"https:\\\/\\\/www.immo-invest.ch\\\/fr\\\/hortus-setzt-neuen-massstab-fuer-nachhaltiges-bauen\\\/\",\"name\":\"HORTUS \\u00e9tablit une nouvelle r\\u00e9f\\u00e9rence en mati\\u00e8re de construction durable - immo!nvest - Die Plattform f\\u00fcr Standorte und Immobilien\",\"description\":\"Un immeuble de bureaux d'un nouveau genre, HORTUS, a \\u00e9t\\u00e9 inaugur\\u00e9 \\u00e0 Allschwil. Il mise sur une durabilit\\u00e9 radicale, de la construction \\u00e0 l'exploitation. Le projet fait partie du Switzerland Innovation Park Basel Area et combine r\\u00e9duction de CO\\u2082, \\u00e9conomie circulaire et confort des utilisateurs. L'espace est d\\u00e9j\\u00e0 presque enti\\u00e8rement lou\\u00e9.\",\"inLanguage\":\"fr-FR\",\"isPartOf\":{\"@id\":\"https:\\\/\\\/www.immo-invest.ch\\\/fr\\\/#website\"},\"breadcrumb\":{\"@id\":\"https:\\\/\\\/www.immo-invest.ch\\\/fr\\\/hortus-setzt-neuen-massstab-fuer-nachhaltiges-bauen\\\/#breadcrumblist\"},\"author\":{\"@id\":\"https:\\\/\\\/www.immo-invest.ch\\\/fr\\\/author\\\/immovestuser\\\/#author\"},\"creator\":{\"@id\":\"https:\\\/\\\/www.immo-invest.ch\\\/fr\\\/author\\\/immovestuser\\\/#author\"},\"image\":{\"@type\":\"ImageObject\",\"url\":\"https:\\\/\\\/www.immo-invest.ch\\\/wp-content\\\/uploads\\\/2022\\\/11\\\/HORTUS.jpg\",\"@id\":\"https:\\\/\\\/www.immo-invest.ch\\\/fr\\\/hortus-setzt-neuen-massstab-fuer-nachhaltiges-bauen\\\/#mainImage\",\"width\":1000,\"height\":500},\"primaryImageOfPage\":{\"@id\":\"https:\\\/\\\/www.immo-invest.ch\\\/fr\\\/hortus-setzt-neuen-massstab-fuer-nachhaltiges-bauen\\\/#mainImage\"},\"datePublished\":\"2025-06-25T11:00:00+02:00\",\"dateModified\":\"2025-06-25T10:46:04+02:00\"},{\"@type\":\"WebSite\",\"@id\":\"https:\\\/\\\/www.immo-invest.ch\\\/fr\\\/#website\",\"url\":\"https:\\\/\\\/www.immo-invest.ch\\\/fr\\\/\",\"name\":\"immo!nvest - Die Plattform f\\u00fcr Standorte und Immobilien\",\"description\":\"Die\\u00a0Plattform f\\u00fcr Standorte und Immobilien\",\"inLanguage\":\"fr-FR\",\"publisher\":{\"@id\":\"https:\\\/\\\/www.immo-invest.ch\\\/fr\\\/#organization\"}}]}\n\t\t<\/script>\n\t\t<!-- All in One SEO -->\n\n","aioseo_head_json":{"title":"HORTUS \u00e9tablit une nouvelle r\u00e9f\u00e9rence en mati\u00e8re de construction durable - immo!nvest - Die Plattform f\u00fcr Standorte und Immobilien","description":"Un immeuble de bureaux d'un nouveau genre, HORTUS, a \u00e9t\u00e9 inaugur\u00e9 \u00e0 Allschwil. Il mise sur une durabilit\u00e9 radicale, de la construction \u00e0 l'exploitation. Le projet fait partie du Switzerland Innovation Park Basel Area et combine r\u00e9duction de CO\u2082, \u00e9conomie circulaire et confort des utilisateurs. L'espace est d\u00e9j\u00e0 presque enti\u00e8rement lou\u00e9.","canonical_url":"https:\/\/www.immo-invest.ch\/fr\/hortus-setzt-neuen-massstab-fuer-nachhaltiges-bauen\/","robots":"max-image-preview:large","keywords":"","webmasterTools":{"google-site-verification":"fHJKvgWpZCR2zVBHWfkQeFXC11qieUSff0HGNYfuyLA","miscellaneous":""},"schema":{"@context":"https:\/\/schema.org","@graph":[{"@type":"BlogPosting","@id":"https:\/\/www.immo-invest.ch\/fr\/hortus-setzt-neuen-massstab-fuer-nachhaltiges-bauen\/#blogposting","name":"HORTUS \u00e9tablit une nouvelle r\u00e9f\u00e9rence en mati\u00e8re de construction durable - immo!nvest - Die Plattform f\u00fcr Standorte und Immobilien","headline":"HORTUS \u00e9tablit une nouvelle r\u00e9f\u00e9rence en mati\u00e8re de construction durable","author":{"@id":"https:\/\/www.immo-invest.ch\/fr\/author\/immovestuser\/#author"},"publisher":{"@id":"https:\/\/www.immo-invest.ch\/fr\/#organization"},"image":{"@type":"ImageObject","url":"https:\/\/www.immo-invest.ch\/wp-content\/uploads\/2022\/11\/HORTUS.jpg","width":1000,"height":500},"datePublished":"2025-06-25T11:00:00+02:00","dateModified":"2025-06-25T10:46:04+02:00","inLanguage":"fr-FR","mainEntityOfPage":{"@id":"https:\/\/www.immo-invest.ch\/fr\/hortus-setzt-neuen-massstab-fuer-nachhaltiges-bauen\/#webpage"},"isPartOf":{"@id":"https:\/\/www.immo-invest.ch\/fr\/hortus-setzt-neuen-massstab-fuer-nachhaltiges-bauen\/#webpage"},"articleSection":"B\u00e2le, Durabilit\u00e9, Nouvelle construction, Standorte, Trends, energiepositiv, Immoinvest, immoNews, Innovationspark, Kreislaufwirtschaft, News, Facultatif"},{"@type":"BreadcrumbList","@id":"https:\/\/www.immo-invest.ch\/fr\/hortus-setzt-neuen-massstab-fuer-nachhaltiges-bauen\/#breadcrumblist","itemListElement":[{"@type":"ListItem","@id":"https:\/\/www.immo-invest.ch\/fr\/#listItem","position":1,"name":"Home","item":"https:\/\/www.immo-invest.ch\/fr\/","nextItem":{"@type":"ListItem","@id":"https:\/\/www.immo-invest.ch\/fr\/categories\/regions\/#listItem","name":"R\u00e9gions"}},{"@type":"ListItem","@id":"https:\/\/www.immo-invest.ch\/fr\/categories\/regions\/#listItem","position":2,"name":"R\u00e9gions","item":"https:\/\/www.immo-invest.ch\/fr\/categories\/regions\/","nextItem":{"@type":"ListItem","@id":"https:\/\/www.immo-invest.ch\/fr\/categories\/regions\/suisse\/#listItem","name":"Suisse"},"previousItem":{"@type":"ListItem","@id":"https:\/\/www.immo-invest.ch\/fr\/#listItem","name":"Home"}},{"@type":"ListItem","@id":"https:\/\/www.immo-invest.ch\/fr\/categories\/regions\/suisse\/#listItem","position":3,"name":"Suisse","item":"https:\/\/www.immo-invest.ch\/fr\/categories\/regions\/suisse\/","nextItem":{"@type":"ListItem","@id":"https:\/\/www.immo-invest.ch\/fr\/categories\/regions\/suisse\/suisse-du-nord-ouest\/#listItem","name":"Suisse du Nord-Ouest"},"previousItem":{"@type":"ListItem","@id":"https:\/\/www.immo-invest.ch\/fr\/categories\/regions\/#listItem","name":"R\u00e9gions"}},{"@type":"ListItem","@id":"https:\/\/www.immo-invest.ch\/fr\/categories\/regions\/suisse\/suisse-du-nord-ouest\/#listItem","position":4,"name":"Suisse du Nord-Ouest","item":"https:\/\/www.immo-invest.ch\/fr\/categories\/regions\/suisse\/suisse-du-nord-ouest\/","nextItem":{"@type":"ListItem","@id":"https:\/\/www.immo-invest.ch\/fr\/categories\/regions\/suisse\/suisse-du-nord-ouest\/region-bale\/#listItem","name":"B\u00e2le"},"previousItem":{"@type":"ListItem","@id":"https:\/\/www.immo-invest.ch\/fr\/categories\/regions\/suisse\/#listItem","name":"Suisse"}},{"@type":"ListItem","@id":"https:\/\/www.immo-invest.ch\/fr\/categories\/regions\/suisse\/suisse-du-nord-ouest\/region-bale\/#listItem","position":5,"name":"B\u00e2le","item":"https:\/\/www.immo-invest.ch\/fr\/categories\/regions\/suisse\/suisse-du-nord-ouest\/region-bale\/","nextItem":{"@type":"ListItem","@id":"https:\/\/www.immo-invest.ch\/fr\/hortus-setzt-neuen-massstab-fuer-nachhaltiges-bauen\/#listItem","name":"HORTUS \u00e9tablit une nouvelle r\u00e9f\u00e9rence en mati\u00e8re de construction durable"},"previousItem":{"@type":"ListItem","@id":"https:\/\/www.immo-invest.ch\/fr\/categories\/regions\/suisse\/suisse-du-nord-ouest\/#listItem","name":"Suisse du Nord-Ouest"}},{"@type":"ListItem","@id":"https:\/\/www.immo-invest.ch\/fr\/hortus-setzt-neuen-massstab-fuer-nachhaltiges-bauen\/#listItem","position":6,"name":"HORTUS \u00e9tablit une nouvelle r\u00e9f\u00e9rence en mati\u00e8re de construction durable","previousItem":{"@type":"ListItem","@id":"https:\/\/www.immo-invest.ch\/fr\/categories\/regions\/suisse\/suisse-du-nord-ouest\/region-bale\/#listItem","name":"B\u00e2le"}}]},{"@type":"Organization","@id":"https:\/\/www.immo-invest.ch\/fr\/#organization","name":"immo!nvest - Die Plattform f\u00fcr Standorte und Immobilien","description":"Die\u00a0Plattform f\u00fcr Standorte und Immobilien","url":"https:\/\/www.immo-invest.ch\/fr\/","email":"admin@immomedia.ag","telephone":"+41444420002","logo":{"@type":"ImageObject","url":"https:\/\/www.immo-invest.ch\/wp-content\/uploads\/2024\/09\/immoinvest_sm-scaled.jpg","@id":"https:\/\/www.immo-invest.ch\/fr\/hortus-setzt-neuen-massstab-fuer-nachhaltiges-bauen\/#organizationLogo","width":2560,"height":1340},"image":{"@id":"https:\/\/www.immo-invest.ch\/fr\/hortus-setzt-neuen-massstab-fuer-nachhaltiges-bauen\/#organizationLogo"},"sameAs":["https:\/\/www.facebook.com\/people\/Immoinvest\/100077962920504\/","https:\/\/x.com\/i\/flow\/login?redirect_after_login=immoinvest_ch","https:\/\/www.instagram.com\/immoinvest_ch\/","https:\/\/www.linkedin.com\/company\/immoinvest-swiss"]},{"@type":"Person","@id":"https:\/\/www.immo-invest.ch\/fr\/author\/immovestuser\/#author","url":"https:\/\/www.immo-invest.ch\/fr\/author\/immovestuser\/","name":"immovestuser","image":{"@type":"ImageObject","@id":"https:\/\/www.immo-invest.ch\/fr\/hortus-setzt-neuen-massstab-fuer-nachhaltiges-bauen\/#authorImage","url":"https:\/\/secure.gravatar.com\/avatar\/8e01f4d99f2eeea7a362ebb93305e1172a70e9293ba250f897a65c39f54cdd1e?s=96&d=mm&r=g","width":96,"height":96,"caption":"immovestuser"}},{"@type":"WebPage","@id":"https:\/\/www.immo-invest.ch\/fr\/hortus-setzt-neuen-massstab-fuer-nachhaltiges-bauen\/#webpage","url":"https:\/\/www.immo-invest.ch\/fr\/hortus-setzt-neuen-massstab-fuer-nachhaltiges-bauen\/","name":"HORTUS \u00e9tablit une nouvelle r\u00e9f\u00e9rence en mati\u00e8re de construction durable - immo!nvest - Die Plattform f\u00fcr Standorte und Immobilien","description":"Un immeuble de bureaux d'un nouveau genre, HORTUS, a \u00e9t\u00e9 inaugur\u00e9 \u00e0 Allschwil. Il mise sur une durabilit\u00e9 radicale, de la construction \u00e0 l'exploitation. Le projet fait partie du Switzerland Innovation Park Basel Area et combine r\u00e9duction de CO\u2082, \u00e9conomie circulaire et confort des utilisateurs. L'espace est d\u00e9j\u00e0 presque enti\u00e8rement lou\u00e9.","inLanguage":"fr-FR","isPartOf":{"@id":"https:\/\/www.immo-invest.ch\/fr\/#website"},"breadcrumb":{"@id":"https:\/\/www.immo-invest.ch\/fr\/hortus-setzt-neuen-massstab-fuer-nachhaltiges-bauen\/#breadcrumblist"},"author":{"@id":"https:\/\/www.immo-invest.ch\/fr\/author\/immovestuser\/#author"},"creator":{"@id":"https:\/\/www.immo-invest.ch\/fr\/author\/immovestuser\/#author"},"image":{"@type":"ImageObject","url":"https:\/\/www.immo-invest.ch\/wp-content\/uploads\/2022\/11\/HORTUS.jpg","@id":"https:\/\/www.immo-invest.ch\/fr\/hortus-setzt-neuen-massstab-fuer-nachhaltiges-bauen\/#mainImage","width":1000,"height":500},"primaryImageOfPage":{"@id":"https:\/\/www.immo-invest.ch\/fr\/hortus-setzt-neuen-massstab-fuer-nachhaltiges-bauen\/#mainImage"},"datePublished":"2025-06-25T11:00:00+02:00","dateModified":"2025-06-25T10:46:04+02:00"},{"@type":"WebSite","@id":"https:\/\/www.immo-invest.ch\/fr\/#website","url":"https:\/\/www.immo-invest.ch\/fr\/","name":"immo!nvest - Die Plattform f\u00fcr Standorte und Immobilien","description":"Die\u00a0Plattform f\u00fcr Standorte und Immobilien","inLanguage":"fr-FR","publisher":{"@id":"https:\/\/www.immo-invest.ch\/fr\/#organization"}}]},"og:locale":"fr_FR","og:site_name":"immo!nvest - Die Plattform f\u00fcr Standorte und Immobilien - Die\u00a0Plattform f\u00fcr Standorte und Immobilien","og:type":"article","og:title":"HORTUS \u00e9tablit une nouvelle r\u00e9f\u00e9rence en mati\u00e8re de construction durable - immo!nvest - Die Plattform f\u00fcr Standorte und Immobilien","og:description":"Un immeuble de bureaux d'un nouveau genre, HORTUS, a \u00e9t\u00e9 inaugur\u00e9 \u00e0 Allschwil. Il mise sur une durabilit\u00e9 radicale, de la construction \u00e0 l'exploitation. Le projet fait partie du Switzerland Innovation Park Basel Area et combine r\u00e9duction de CO\u2082, \u00e9conomie circulaire et confort des utilisateurs. L'espace est d\u00e9j\u00e0 presque enti\u00e8rement lou\u00e9.","og:url":"https:\/\/www.immo-invest.ch\/fr\/hortus-setzt-neuen-massstab-fuer-nachhaltiges-bauen\/","og:image":"https:\/\/www.immo-invest.ch\/wp-content\/uploads\/2022\/11\/HORTUS.jpg","og:image:secure_url":"https:\/\/www.immo-invest.ch\/wp-content\/uploads\/2022\/11\/HORTUS.jpg","og:image:width":1000,"og:image:height":500,"article:published_time":"2025-06-25T09:00:00+00:00","article:modified_time":"2025-06-25T08:46:04+00:00","article:publisher":"https:\/\/www.facebook.com\/people\/Immoinvest\/100077962920504\/","twitter:card":"summary_large_image","twitter:site":"@i","twitter:title":"HORTUS \u00e9tablit une nouvelle r\u00e9f\u00e9rence en mati\u00e8re de construction durable - immo!nvest - Die Plattform f\u00fcr Standorte und Immobilien","twitter:description":"Un immeuble de bureaux d'un nouveau genre, HORTUS, a \u00e9t\u00e9 inaugur\u00e9 \u00e0 Allschwil. Il mise sur une durabilit\u00e9 radicale, de la construction \u00e0 l'exploitation. Le projet fait partie du Switzerland Innovation Park Basel Area et combine r\u00e9duction de CO\u2082, \u00e9conomie circulaire et confort des utilisateurs. L'espace est d\u00e9j\u00e0 presque enti\u00e8rement lou\u00e9.","twitter:creator":"@i","twitter:image":"https:\/\/www.immo-invest.ch\/wp-content\/uploads\/2022\/11\/HORTUS.jpg"},"aioseo_meta_data":{"post_id":"134863","title":null,"description":null,"keywords":null,"keyphrases":{"focus":{"keyphrase":"","score":0,"analysis":{"keyphraseInTitle":{"score":0,"maxScore":9,"error":1}}},"additional":[]},"primary_term":null,"canonical_url":null,"og_title":null,"og_description":null,"og_object_type":"default","og_image_type":"default","og_image_url":null,"og_image_width":null,"og_image_height":null,"og_image_custom_url":null,"og_image_custom_fields":null,"og_video":"","og_custom_url":null,"og_article_section":null,"og_article_tags":null,"twitter_use_og":false,"twitter_card":"default","twitter_image_type":"default","twitter_image_url":null,"twitter_image_custom_url":null,"twitter_image_custom_fields":null,"twitter_title":null,"twitter_description":null,"schema":{"blockGraphs":[],"customGraphs":[],"default":{"data":{"Article":[],"Course":[],"Dataset":[],"FAQPage":[],"Movie":[],"Person":[],"Product":[],"ProductReview":[],"Car":[],"Recipe":[],"Service":[],"SoftwareApplication":[],"WebPage":[]},"graphName":"BlogPosting","isEnabled":true},"graphs":[]},"schema_type":"default","schema_type_options":null,"pillar_content":false,"robots_default":true,"robots_noindex":false,"robots_noarchive":false,"robots_nosnippet":false,"robots_nofollow":false,"robots_noimageindex":false,"robots_noodp":false,"robots_notranslate":false,"robots_max_snippet":"-1","robots_max_videopreview":"-1","robots_max_imagepreview":"large","priority":null,"frequency":"default","local_seo":null,"breadcrumb_settings":null,"limit_modified_date":false,"ai":null,"created":"2025-06-25 08:46:04","updated":"2025-10-24 22:39:13","seo_analyzer_scan_date":null,"focus_keyword":null,"additional_keywords":null,"truseo_locale":null},"aioseo_breadcrumb":"<div class=\"aioseo-breadcrumbs\"><span class=\"aioseo-breadcrumb\">\n\t\t\t<a href=\"https:\/\/www.immo-invest.ch\/fr\/\" title=\"Home\">Home<\/a>\n\t\t<\/span><span class=\"aioseo-breadcrumb-separator\">&raquo;<\/span><span class=\"aioseo-breadcrumb\">\n\t\t\t<a href=\"https:\/\/www.immo-invest.ch\/fr\/categories\/regions\/\" title=\"R\u00e9gions\">R\u00e9gions<\/a>\n\t\t<\/span><span class=\"aioseo-breadcrumb-separator\">&raquo;<\/span><span class=\"aioseo-breadcrumb\">\n\t\t\t<a href=\"https:\/\/www.immo-invest.ch\/fr\/categories\/regions\/suisse\/\" title=\"Suisse\">Suisse<\/a>\n\t\t<\/span><span class=\"aioseo-breadcrumb-separator\">&raquo;<\/span><span class=\"aioseo-breadcrumb\">\n\t\t\t<a href=\"https:\/\/www.immo-invest.ch\/fr\/categories\/regions\/suisse\/suisse-du-nord-ouest\/\" title=\"Suisse du Nord-Ouest\">Suisse du Nord-Ouest<\/a>\n\t\t<\/span><span class=\"aioseo-breadcrumb-separator\">&raquo;<\/span><span class=\"aioseo-breadcrumb\">\n\t\t\t<a href=\"https:\/\/www.immo-invest.ch\/fr\/categories\/regions\/suisse\/suisse-du-nord-ouest\/region-bale\/\" title=\"B\u00e2le\">B\u00e2le<\/a>\n\t\t<\/span><span class=\"aioseo-breadcrumb-separator\">&raquo;<\/span><span class=\"aioseo-breadcrumb\">\n\t\t\tHORTUS \u00e9tablit une nouvelle r\u00e9f\u00e9rence en mati\u00e8re de construction durable\n\t\t<\/span><\/div>","aioseo_breadcrumb_json":[{"label":"Home","link":"https:\/\/www.immo-invest.ch\/fr\/"},{"label":"R\u00e9gions","link":"https:\/\/www.immo-invest.ch\/fr\/categories\/regions\/"},{"label":"Suisse","link":"https:\/\/www.immo-invest.ch\/fr\/categories\/regions\/suisse\/"},{"label":"Suisse du Nord-Ouest","link":"https:\/\/www.immo-invest.ch\/fr\/categories\/regions\/suisse\/suisse-du-nord-ouest\/"},{"label":"B\u00e2le","link":"https:\/\/www.immo-invest.ch\/fr\/categories\/regions\/suisse\/suisse-du-nord-ouest\/region-bale\/"},{"label":"HORTUS \u00e9tablit une nouvelle r\u00e9f\u00e9rence en mati\u00e8re de construction durable","link":"https:\/\/www.immo-invest.ch\/fr\/hortus-setzt-neuen-massstab-fuer-nachhaltiges-bauen\/"}],"featured_image_src":"https:\/\/www.immo-invest.ch\/wp-content\/uploads\/2022\/11\/HORTUS-336x168.jpg","_links":{"self":[{"href":"https:\/\/www.immo-invest.ch\/fr\/wp-json\/wp\/v2\/posts\/134863","targetHints":{"allow":["GET"]}}],"collection":[{"href":"https:\/\/www.immo-invest.ch\/fr\/wp-json\/wp\/v2\/posts"}],"about":[{"href":"https:\/\/www.immo-invest.ch\/fr\/wp-json\/wp\/v2\/types\/post"}],"author":[{"embeddable":true,"href":"https:\/\/www.immo-invest.ch\/fr\/wp-json\/wp\/v2\/users\/2"}],"replies":[{"embeddable":true,"href":"https:\/\/www.immo-invest.ch\/fr\/wp-json\/wp\/v2\/comments?post=134863"}],"version-history":[{"count":0,"href":"https:\/\/www.immo-invest.ch\/fr\/wp-json\/wp\/v2\/posts\/134863\/revisions"}],"wp:featuredmedia":[{"embeddable":true,"href":"https:\/\/www.immo-invest.ch\/fr\/wp-json\/wp\/v2\/media\/46833"}],"wp:attachment":[{"href":"https:\/\/www.immo-invest.ch\/fr\/wp-json\/wp\/v2\/media?parent=134863"}],"wp:term":[{"taxonomy":"category","embeddable":true,"href":"https:\/\/www.immo-invest.ch\/fr\/wp-json\/wp\/v2\/categories?post=134863"},{"taxonomy":"post_tag","embeddable":true,"href":"https:\/\/www.immo-invest.ch\/fr\/wp-json\/wp\/v2\/tags?post=134863"}],"curies":[{"name":"wp","href":"https:\/\/api.w.org\/{rel}","templated":true}]}}