{"id":134815,"date":"2025-06-24T09:59:37","date_gmt":"2025-06-24T07:59:37","guid":{"rendered":"https:\/\/www.immo-invest.ch\/der-wohnpark-glarus-suedsetzt-neue-massstaeb\/"},"modified":"2025-06-24T10:12:03","modified_gmt":"2025-06-24T08:12:03","slug":"der-wohnpark-glarus-suedsetzt-neue-massstaeb","status":"publish","type":"post","link":"https:\/\/www.immo-invest.ch\/fr\/der-wohnpark-glarus-suedsetzt-neue-massstaeb\/","title":{"rendered":"Le parc r\u00e9sidentiel de Glaris Sud pose de nouveaux jalons"},"content":{"rendered":"<p class=\"wp-block-paragraph\">Au c&oelig;ur du pays de Glaris, nich&eacute; dans le paysage alpin et directement reli&eacute; &agrave; Zurich par le RER, un projet pr&eacute;curseur prend forme. Le parc r&eacute;sidentiel de Glaris Sud est pr&ecirc;t &agrave; &ecirc;tre r&eacute;alis&eacute;. Le permis de construire a &eacute;t&eacute; d&eacute;livr&eacute;, le concept est pr&ecirc;t et l&rsquo;environnement est id&eacute;alement desservi. Le site abrite d&eacute;j&agrave; un centre de sant&eacute; et de pr&eacute;vention bien &eacute;tabli, un caf&eacute;, un salon de coiffure et de beaut&eacute; ainsi que des espaces &eacute;v&eacute;nementiels polyvalents. Les &eacute;coles, les commerces, les services de soins &agrave; domicile et le train pour Braunwald se trouvent &agrave; distance de marche. L&rsquo;emplacement combine un habitat proche de la nature et un acc&egrave;s urbain. <\/p>\n\n\n\n\n\n<p class=\"wp-block-paragraph\"><strong>Un projet pionnier pour de nouveaux modes de vie<\/strong><br>Le projet se concentre sur l&rsquo;habitat interg&eacute;n&eacute;rationnel, compl&eacute;t&eacute; par des offres de co-living et de co-working. Les 51 logements s&rsquo;inscrivent dans un concept global ax&eacute; sur la mixit&eacute; sociale, les rencontres et le partage. Le parc r&eacute;sidentiel est exploit&eacute; de mani&egrave;re neutre en termes d&rsquo;&eacute;missions de CO2. L&rsquo;&eacute;nergie est produite sur place. Le concept r&eacute;pond &agrave; des d&eacute;fis cl&eacute;s tels que l&rsquo;&eacute;volution d&eacute;mographique, la protection du climat et le besoin croissant de modes de vie et de travail flexibles, tout en offrant des perspectives attrayantes aux investisseurs qui misent sur des projets &agrave; valeur ajout&eacute;e et socialement pertinents.<\/p>\n\n\n\n\n\n<p class=\"wp-block-paragraph\"><strong>L&rsquo;exp&eacute;rience rencontre la vision<\/strong><br>Derri&egrave;re ce projet se trouve la soci&eacute;t&eacute; Hacontex AG de Zollikon. L&rsquo;entreprise, qui a ses racines dans l&rsquo;industrie textile, s&rsquo;est transform&eacute;e de mani&egrave;re cons&eacute;quente au cours des derni&egrave;res d&eacute;cennies. Aujourd&rsquo;hui, Hacontex est active dans la production d&rsquo;&eacute;nergie durable et le d&eacute;veloppement immobilier. Le directeur g&eacute;n&eacute;ral Hans-Peter Keller et son &eacute;quipe misent sur le courage entrepreneurial, l&rsquo;ancrage r&eacute;gional et la vision &eacute;conomique. Avec des projets dans l&rsquo;agglom&eacute;ration zurichoise, dans le canton de Schwyz et dans le pays de Glaris, l&rsquo;entreprise aborde des th&egrave;mes orient&eacute;s vers l&rsquo;avenir, toujours &agrave; la crois&eacute;e de la nature, de la technique et de la soci&eacute;t&eacute;.<\/p>\n\n\n\n\n\n<p class=\"wp-block-paragraph\"><strong>Un projet qui a valeur de signal<\/strong><br>Le parc r&eacute;sidentiel de Glaris Sud est plus qu&rsquo;un projet immobilier. C&rsquo;est une impulsion pour la r&eacute;gion et un mod&egrave;le de transformation durable de l&rsquo;espace rural. Au milieu des montagnes, un lieu est cr&eacute;&eacute; pour toutes les g&eacute;n&eacute;rations, pour le travail, la sant&eacute;, la communaut&eacute; et l&rsquo;<span class=\"glossaryLink\" aria-describedby=\"tt\" data-cmtooltip=\"&lt;div class=glossaryItemTitle&gt;Innovation&lt;\/div&gt;&lt;div class=glossaryItemBody&gt;Innovation in der heutigen Immobilienwelt bedeutet vor allem Digitalisierung von Prozessen. Zum Beispiel das Eliminieren von Tausenden von Excel-Bl&auml;ttern f&uuml;r Portfolio- und Asset-Manager oder das Erstellen einer Anwendung (App) f&uuml;r alle Formalit&auml;ten rund um die Beziehung zwischen Immobilieneigent&uuml;mern, - verwaltung und -mietern.&lt;\/div&gt;\" data-mobile-support=\"0\" data-gt-translate-attributes='[{\"attribute\":\"data-cmtooltip\", \"format\":\"html\"}]' tabindex=\"0\" role=\"link\">innovation<\/span>. La combinaison d&rsquo;une infrastructure moderne, d&rsquo;un ancrage local et d&rsquo;une responsabilit&eacute; &eacute;cologique fait de ce projet un objectif d&rsquo;investissement avec une valeur ajout&eacute;e &agrave; long terme.<\/p>\n\n\n\n\n\n<p class=\"wp-block-paragraph\">La construction &eacute;tant pr&ecirc;te, le coup d&rsquo;envoi est imminent. On recherche maintenant un investisseur qui partage la vision et qui a le courage de miser sur un projet qui ne se contente pas de promettre l&rsquo;avenir, mais qui le construit.<\/p>\n\n","protected":false},"excerpt":{"rendered":"<p>Avec le Wohnpark Glarus S\u00fcd, un quartier interg\u00e9n\u00e9rationnel et autosuffisant en \u00e9nergie de 51 logements est en train de voir le jour sur un ancien site industriel \u00e0 Linthal. Le projet allie durabilit\u00e9, innovation et d\u00e9veloppement r\u00e9gional et recherche un investisseur visionnaire.<\/p>\n","protected":false},"author":2,"featured_media":134801,"comment_status":"open","ping_status":"open","sticky":false,"template":"","format":"standard","meta":{"pmpro_default_level":"","inline_featured_image":false,"_monsterinsights_skip_tracking":false,"footnotes":""},"categories":[45951,743,739],"tags":[2573,53455,848,10250,872,3931,21522,2002,53456],"class_list":["post-134815","post","type-post","status-publish","format-standard","has-post-thumbnail","hentry","category-glarus-fr","category-immonews-fr","category-projects","tag-bauwirtschaft-fr","tag-glarnerland-fr","tag-immobilien-fr","tag-immobilienentwicklung-fr","tag-immoinvest-fr","tag-immonews-fr","tag-landschaft-fr","tag-news-fr","tag-wohnpark-fr","pmpro-has-access"],"acf":{"bild_mit_ki_erstellt_worden":[],"lead":"Avec le Wohnpark Glarus S\u00fcd, un quartier interg\u00e9n\u00e9rationnel et autosuffisant en \u00e9nergie de 51 logements est en train de voir le jour sur un ancien site industriel \u00e0 Linthal. Le projet allie durabilit\u00e9, innovation et d\u00e9veloppement r\u00e9gional et recherche un investisseur visionnaire.\r\n","autor":"Quelle: immo!nvest Magazin Glarus","ort":"","bildunterschrift":"","bild_im_grid":false,"gallerie":"","newsim":""},"aioseo_notices":[],"aioseo_head":"\n\t\t<!-- All in One SEO 5.0.0.1 - aioseo.com -->\n\t<meta name=\"description\" content=\"Avec le Wohnpark Glarus S\u00fcd, un quartier interg\u00e9n\u00e9rationnel et autosuffisant en \u00e9nergie de 51 logements est en train de voir le jour sur un ancien site industriel \u00e0 Linthal. Le projet allie durabilit\u00e9, innovation et d\u00e9veloppement r\u00e9gional et recherche un investisseur visionnaire.\" \/>\n\t<meta name=\"robots\" content=\"max-image-preview:large\" \/>\n\t<meta name=\"author\" content=\"immovestuser\"\/>\n\t<meta name=\"google-site-verification\" content=\"fHJKvgWpZCR2zVBHWfkQeFXC11qieUSff0HGNYfuyLA\" \/>\n\t<link rel=\"canonical\" href=\"https:\/\/www.immo-invest.ch\/fr\/der-wohnpark-glarus-suedsetzt-neue-massstaeb\/\" \/>\n\t<meta name=\"generator\" content=\"All in One SEO (AIOSEO) 5.0.0.1\" \/>\n\t\t<meta property=\"og:locale\" content=\"fr_FR\" \/>\n\t\t<meta property=\"og:site_name\" content=\"immo!nvest - Die Plattform f\u00fcr Standorte und Immobilien - Die\u00a0Plattform f\u00fcr Standorte und Immobilien\" \/>\n\t\t<meta property=\"og:type\" content=\"article\" \/>\n\t\t<meta property=\"og:title\" content=\"Le parc r\u00e9sidentiel de Glaris Sud pose de nouveaux jalons - immo!nvest - Die Plattform f\u00fcr Standorte und Immobilien\" \/>\n\t\t<meta property=\"og:description\" content=\"Avec le Wohnpark Glarus S\u00fcd, un quartier interg\u00e9n\u00e9rationnel et autosuffisant en \u00e9nergie de 51 logements est en train de voir le jour sur un ancien site industriel \u00e0 Linthal. Le projet allie durabilit\u00e9, innovation et d\u00e9veloppement r\u00e9gional et recherche un investisseur visionnaire.\" \/>\n\t\t<meta property=\"og:url\" content=\"https:\/\/www.immo-invest.ch\/fr\/der-wohnpark-glarus-suedsetzt-neue-massstaeb\/\" \/>\n\t\t<meta property=\"og:image\" content=\"https:\/\/www.immo-invest.ch\/wp-content\/uploads\/2025\/06\/Areal-Sued-7f17bec5.jpg\" \/>\n\t\t<meta property=\"og:image:secure_url\" content=\"https:\/\/www.immo-invest.ch\/wp-content\/uploads\/2025\/06\/Areal-Sued-7f17bec5.jpg\" \/>\n\t\t<meta property=\"og:image:width\" content=\"1311\" \/>\n\t\t<meta property=\"og:image:height\" content=\"546\" \/>\n\t\t<meta property=\"article:published_time\" content=\"2025-06-24T07:59:37+00:00\" \/>\n\t\t<meta property=\"article:modified_time\" content=\"2025-06-24T08:12:03+00:00\" \/>\n\t\t<meta property=\"article:publisher\" content=\"https:\/\/www.facebook.com\/people\/Immoinvest\/100077962920504\/\" \/>\n\t\t<meta name=\"twitter:card\" content=\"summary_large_image\" \/>\n\t\t<meta name=\"twitter:site\" content=\"@i\" \/>\n\t\t<meta name=\"twitter:title\" content=\"Le parc r\u00e9sidentiel de Glaris Sud pose de nouveaux jalons - immo!nvest - Die Plattform f\u00fcr Standorte und Immobilien\" \/>\n\t\t<meta name=\"twitter:description\" content=\"Avec le Wohnpark Glarus S\u00fcd, un quartier interg\u00e9n\u00e9rationnel et autosuffisant en \u00e9nergie de 51 logements est en train de voir le jour sur un ancien site industriel \u00e0 Linthal. Le projet allie durabilit\u00e9, innovation et d\u00e9veloppement r\u00e9gional et recherche un investisseur visionnaire.\" \/>\n\t\t<meta name=\"twitter:creator\" content=\"@i\" \/>\n\t\t<meta name=\"twitter:image\" content=\"https:\/\/www.immo-invest.ch\/wp-content\/uploads\/2025\/06\/Areal-Sued-7f17bec5.jpg\" \/>\n\t\t<script type=\"application\/ld+json\" class=\"aioseo-schema\">\n\t\t\t{\"@context\":\"https:\\\/\\\/schema.org\",\"@graph\":[{\"@type\":\"BlogPosting\",\"@id\":\"https:\\\/\\\/www.immo-invest.ch\\\/fr\\\/der-wohnpark-glarus-suedsetzt-neue-massstaeb\\\/#blogposting\",\"name\":\"Le parc r\\u00e9sidentiel de Glaris Sud pose de nouveaux jalons - immo!nvest - Die Plattform f\\u00fcr Standorte und Immobilien\",\"headline\":\"Le parc r\\u00e9sidentiel de Glaris Sud pose de nouveaux jalons\",\"author\":{\"@id\":\"https:\\\/\\\/www.immo-invest.ch\\\/fr\\\/author\\\/immovestuser\\\/#author\"},\"publisher\":{\"@id\":\"https:\\\/\\\/www.immo-invest.ch\\\/fr\\\/#organization\"},\"image\":{\"@type\":\"ImageObject\",\"url\":\"https:\\\/\\\/www.immo-invest.ch\\\/wp-content\\\/uploads\\\/2025\\\/06\\\/Areal-Sued-7f17bec5.jpg\",\"width\":1311,\"height\":546,\"caption\":\"Quelle: immo!nvest Magazin Glarus\"},\"datePublished\":\"2025-06-24T09:59:37+02:00\",\"dateModified\":\"2025-06-24T10:12:03+02:00\",\"inLanguage\":\"fr-FR\",\"mainEntityOfPage\":{\"@id\":\"https:\\\/\\\/www.immo-invest.ch\\\/fr\\\/der-wohnpark-glarus-suedsetzt-neue-massstaeb\\\/#webpage\"},\"isPartOf\":{\"@id\":\"https:\\\/\\\/www.immo-invest.ch\\\/fr\\\/der-wohnpark-glarus-suedsetzt-neue-massstaeb\\\/#webpage\"},\"articleSection\":\"Glarus, immoNews, Projects, Bauwirtschaft, Glarnerland, immobilien, Immobilienentwicklung, Immoinvest, immoNews, Landschaft, News, Wohnpark, Facultatif\"},{\"@type\":\"BreadcrumbList\",\"@id\":\"https:\\\/\\\/www.immo-invest.ch\\\/fr\\\/der-wohnpark-glarus-suedsetzt-neue-massstaeb\\\/#breadcrumblist\",\"itemListElement\":[{\"@type\":\"ListItem\",\"@id\":\"https:\\\/\\\/www.immo-invest.ch\\\/fr\\\/#listItem\",\"position\":1,\"name\":\"Home\",\"item\":\"https:\\\/\\\/www.immo-invest.ch\\\/fr\\\/\",\"nextItem\":{\"@type\":\"ListItem\",\"@id\":\"https:\\\/\\\/www.immo-invest.ch\\\/fr\\\/categories\\\/regions\\\/#listItem\",\"name\":\"R\\u00e9gions\"}},{\"@type\":\"ListItem\",\"@id\":\"https:\\\/\\\/www.immo-invest.ch\\\/fr\\\/categories\\\/regions\\\/#listItem\",\"position\":2,\"name\":\"R\\u00e9gions\",\"item\":\"https:\\\/\\\/www.immo-invest.ch\\\/fr\\\/categories\\\/regions\\\/\",\"nextItem\":{\"@type\":\"ListItem\",\"@id\":\"https:\\\/\\\/www.immo-invest.ch\\\/fr\\\/categories\\\/regions\\\/suisse\\\/#listItem\",\"name\":\"Suisse\"},\"previousItem\":{\"@type\":\"ListItem\",\"@id\":\"https:\\\/\\\/www.immo-invest.ch\\\/fr\\\/#listItem\",\"name\":\"Home\"}},{\"@type\":\"ListItem\",\"@id\":\"https:\\\/\\\/www.immo-invest.ch\\\/fr\\\/categories\\\/regions\\\/suisse\\\/#listItem\",\"position\":3,\"name\":\"Suisse\",\"item\":\"https:\\\/\\\/www.immo-invest.ch\\\/fr\\\/categories\\\/regions\\\/suisse\\\/\",\"nextItem\":{\"@type\":\"ListItem\",\"@id\":\"https:\\\/\\\/www.immo-invest.ch\\\/fr\\\/categories\\\/regions\\\/suisse\\\/suisse-orientale\\\/#listItem\",\"name\":\"Suisse orientale\"},\"previousItem\":{\"@type\":\"ListItem\",\"@id\":\"https:\\\/\\\/www.immo-invest.ch\\\/fr\\\/categories\\\/regions\\\/#listItem\",\"name\":\"R\\u00e9gions\"}},{\"@type\":\"ListItem\",\"@id\":\"https:\\\/\\\/www.immo-invest.ch\\\/fr\\\/categories\\\/regions\\\/suisse\\\/suisse-orientale\\\/#listItem\",\"position\":4,\"name\":\"Suisse orientale\",\"item\":\"https:\\\/\\\/www.immo-invest.ch\\\/fr\\\/categories\\\/regions\\\/suisse\\\/suisse-orientale\\\/\",\"nextItem\":{\"@type\":\"ListItem\",\"@id\":\"https:\\\/\\\/www.immo-invest.ch\\\/fr\\\/categories\\\/regions\\\/suisse\\\/suisse-orientale\\\/glarus-fr\\\/#listItem\",\"name\":\"Glarus\"},\"previousItem\":{\"@type\":\"ListItem\",\"@id\":\"https:\\\/\\\/www.immo-invest.ch\\\/fr\\\/categories\\\/regions\\\/suisse\\\/#listItem\",\"name\":\"Suisse\"}},{\"@type\":\"ListItem\",\"@id\":\"https:\\\/\\\/www.immo-invest.ch\\\/fr\\\/categories\\\/regions\\\/suisse\\\/suisse-orientale\\\/glarus-fr\\\/#listItem\",\"position\":5,\"name\":\"Glarus\",\"item\":\"https:\\\/\\\/www.immo-invest.ch\\\/fr\\\/categories\\\/regions\\\/suisse\\\/suisse-orientale\\\/glarus-fr\\\/\",\"nextItem\":{\"@type\":\"ListItem\",\"@id\":\"https:\\\/\\\/www.immo-invest.ch\\\/fr\\\/der-wohnpark-glarus-suedsetzt-neue-massstaeb\\\/#listItem\",\"name\":\"Le parc r\\u00e9sidentiel de Glaris Sud pose de nouveaux jalons\"},\"previousItem\":{\"@type\":\"ListItem\",\"@id\":\"https:\\\/\\\/www.immo-invest.ch\\\/fr\\\/categories\\\/regions\\\/suisse\\\/suisse-orientale\\\/#listItem\",\"name\":\"Suisse orientale\"}},{\"@type\":\"ListItem\",\"@id\":\"https:\\\/\\\/www.immo-invest.ch\\\/fr\\\/der-wohnpark-glarus-suedsetzt-neue-massstaeb\\\/#listItem\",\"position\":6,\"name\":\"Le parc r\\u00e9sidentiel de Glaris Sud pose de nouveaux jalons\",\"previousItem\":{\"@type\":\"ListItem\",\"@id\":\"https:\\\/\\\/www.immo-invest.ch\\\/fr\\\/categories\\\/regions\\\/suisse\\\/suisse-orientale\\\/glarus-fr\\\/#listItem\",\"name\":\"Glarus\"}}]},{\"@type\":\"Organization\",\"@id\":\"https:\\\/\\\/www.immo-invest.ch\\\/fr\\\/#organization\",\"name\":\"immo!nvest - Die Plattform f\\u00fcr Standorte und Immobilien\",\"description\":\"Die\\u00a0Plattform f\\u00fcr Standorte und Immobilien\",\"url\":\"https:\\\/\\\/www.immo-invest.ch\\\/fr\\\/\",\"email\":\"admin@immomedia.ag\",\"telephone\":\"+41444420002\",\"logo\":{\"@type\":\"ImageObject\",\"url\":\"https:\\\/\\\/www.immo-invest.ch\\\/wp-content\\\/uploads\\\/2024\\\/09\\\/immoinvest_sm-scaled.jpg\",\"@id\":\"https:\\\/\\\/www.immo-invest.ch\\\/fr\\\/der-wohnpark-glarus-suedsetzt-neue-massstaeb\\\/#organizationLogo\",\"width\":2560,\"height\":1340},\"image\":{\"@id\":\"https:\\\/\\\/www.immo-invest.ch\\\/fr\\\/der-wohnpark-glarus-suedsetzt-neue-massstaeb\\\/#organizationLogo\"},\"sameAs\":[\"https:\\\/\\\/www.facebook.com\\\/people\\\/Immoinvest\\\/100077962920504\\\/\",\"https:\\\/\\\/x.com\\\/i\\\/flow\\\/login?redirect_after_login=immoinvest_ch\",\"https:\\\/\\\/www.instagram.com\\\/immoinvest_ch\\\/\",\"https:\\\/\\\/www.linkedin.com\\\/company\\\/immoinvest-swiss\"]},{\"@type\":\"Person\",\"@id\":\"https:\\\/\\\/www.immo-invest.ch\\\/fr\\\/author\\\/immovestuser\\\/#author\",\"url\":\"https:\\\/\\\/www.immo-invest.ch\\\/fr\\\/author\\\/immovestuser\\\/\",\"name\":\"immovestuser\",\"image\":{\"@type\":\"ImageObject\",\"@id\":\"https:\\\/\\\/www.immo-invest.ch\\\/fr\\\/der-wohnpark-glarus-suedsetzt-neue-massstaeb\\\/#authorImage\",\"url\":\"https:\\\/\\\/secure.gravatar.com\\\/avatar\\\/8e01f4d99f2eeea7a362ebb93305e1172a70e9293ba250f897a65c39f54cdd1e?s=96&d=mm&r=g\",\"width\":96,\"height\":96,\"caption\":\"immovestuser\"}},{\"@type\":\"WebPage\",\"@id\":\"https:\\\/\\\/www.immo-invest.ch\\\/fr\\\/der-wohnpark-glarus-suedsetzt-neue-massstaeb\\\/#webpage\",\"url\":\"https:\\\/\\\/www.immo-invest.ch\\\/fr\\\/der-wohnpark-glarus-suedsetzt-neue-massstaeb\\\/\",\"name\":\"Le parc r\\u00e9sidentiel de Glaris Sud pose de nouveaux jalons - immo!nvest - Die Plattform f\\u00fcr Standorte und Immobilien\",\"description\":\"Avec le Wohnpark Glarus S\\u00fcd, un quartier interg\\u00e9n\\u00e9rationnel et autosuffisant en \\u00e9nergie de 51 logements est en train de voir le jour sur un ancien site industriel \\u00e0 Linthal. Le projet allie durabilit\\u00e9, innovation et d\\u00e9veloppement r\\u00e9gional et recherche un investisseur visionnaire.\",\"inLanguage\":\"fr-FR\",\"isPartOf\":{\"@id\":\"https:\\\/\\\/www.immo-invest.ch\\\/fr\\\/#website\"},\"breadcrumb\":{\"@id\":\"https:\\\/\\\/www.immo-invest.ch\\\/fr\\\/der-wohnpark-glarus-suedsetzt-neue-massstaeb\\\/#breadcrumblist\"},\"author\":{\"@id\":\"https:\\\/\\\/www.immo-invest.ch\\\/fr\\\/author\\\/immovestuser\\\/#author\"},\"creator\":{\"@id\":\"https:\\\/\\\/www.immo-invest.ch\\\/fr\\\/author\\\/immovestuser\\\/#author\"},\"image\":{\"@type\":\"ImageObject\",\"url\":\"https:\\\/\\\/www.immo-invest.ch\\\/wp-content\\\/uploads\\\/2025\\\/06\\\/Areal-Sued-7f17bec5.jpg\",\"@id\":\"https:\\\/\\\/www.immo-invest.ch\\\/fr\\\/der-wohnpark-glarus-suedsetzt-neue-massstaeb\\\/#mainImage\",\"width\":1311,\"height\":546,\"caption\":\"Quelle: immo!nvest Magazin Glarus\"},\"primaryImageOfPage\":{\"@id\":\"https:\\\/\\\/www.immo-invest.ch\\\/fr\\\/der-wohnpark-glarus-suedsetzt-neue-massstaeb\\\/#mainImage\"},\"datePublished\":\"2025-06-24T09:59:37+02:00\",\"dateModified\":\"2025-06-24T10:12:03+02:00\"},{\"@type\":\"WebSite\",\"@id\":\"https:\\\/\\\/www.immo-invest.ch\\\/fr\\\/#website\",\"url\":\"https:\\\/\\\/www.immo-invest.ch\\\/fr\\\/\",\"name\":\"immo!nvest - Die Plattform f\\u00fcr Standorte und Immobilien\",\"description\":\"Die\\u00a0Plattform f\\u00fcr Standorte und Immobilien\",\"inLanguage\":\"fr-FR\",\"publisher\":{\"@id\":\"https:\\\/\\\/www.immo-invest.ch\\\/fr\\\/#organization\"}}]}\n\t\t<\/script>\n\t\t<!-- All in One SEO -->\n\n","aioseo_head_json":{"title":"Le parc r\u00e9sidentiel de Glaris Sud pose de nouveaux jalons - immo!nvest - Die Plattform f\u00fcr Standorte und Immobilien","description":"Avec le Wohnpark Glarus S\u00fcd, un quartier interg\u00e9n\u00e9rationnel et autosuffisant en \u00e9nergie de 51 logements est en train de voir le jour sur un ancien site industriel \u00e0 Linthal. Le projet allie durabilit\u00e9, innovation et d\u00e9veloppement r\u00e9gional et recherche un investisseur visionnaire.","canonical_url":"https:\/\/www.immo-invest.ch\/fr\/der-wohnpark-glarus-suedsetzt-neue-massstaeb\/","robots":"max-image-preview:large","keywords":"","webmasterTools":{"google-site-verification":"fHJKvgWpZCR2zVBHWfkQeFXC11qieUSff0HGNYfuyLA","miscellaneous":""},"schema":{"@context":"https:\/\/schema.org","@graph":[{"@type":"BlogPosting","@id":"https:\/\/www.immo-invest.ch\/fr\/der-wohnpark-glarus-suedsetzt-neue-massstaeb\/#blogposting","name":"Le parc r\u00e9sidentiel de Glaris Sud pose de nouveaux jalons - immo!nvest - Die Plattform f\u00fcr Standorte und Immobilien","headline":"Le parc r\u00e9sidentiel de Glaris Sud pose de nouveaux jalons","author":{"@id":"https:\/\/www.immo-invest.ch\/fr\/author\/immovestuser\/#author"},"publisher":{"@id":"https:\/\/www.immo-invest.ch\/fr\/#organization"},"image":{"@type":"ImageObject","url":"https:\/\/www.immo-invest.ch\/wp-content\/uploads\/2025\/06\/Areal-Sued-7f17bec5.jpg","width":1311,"height":546,"caption":"Quelle: immo!nvest Magazin Glarus"},"datePublished":"2025-06-24T09:59:37+02:00","dateModified":"2025-06-24T10:12:03+02:00","inLanguage":"fr-FR","mainEntityOfPage":{"@id":"https:\/\/www.immo-invest.ch\/fr\/der-wohnpark-glarus-suedsetzt-neue-massstaeb\/#webpage"},"isPartOf":{"@id":"https:\/\/www.immo-invest.ch\/fr\/der-wohnpark-glarus-suedsetzt-neue-massstaeb\/#webpage"},"articleSection":"Glarus, immoNews, Projects, Bauwirtschaft, Glarnerland, immobilien, Immobilienentwicklung, Immoinvest, immoNews, Landschaft, News, Wohnpark, Facultatif"},{"@type":"BreadcrumbList","@id":"https:\/\/www.immo-invest.ch\/fr\/der-wohnpark-glarus-suedsetzt-neue-massstaeb\/#breadcrumblist","itemListElement":[{"@type":"ListItem","@id":"https:\/\/www.immo-invest.ch\/fr\/#listItem","position":1,"name":"Home","item":"https:\/\/www.immo-invest.ch\/fr\/","nextItem":{"@type":"ListItem","@id":"https:\/\/www.immo-invest.ch\/fr\/categories\/regions\/#listItem","name":"R\u00e9gions"}},{"@type":"ListItem","@id":"https:\/\/www.immo-invest.ch\/fr\/categories\/regions\/#listItem","position":2,"name":"R\u00e9gions","item":"https:\/\/www.immo-invest.ch\/fr\/categories\/regions\/","nextItem":{"@type":"ListItem","@id":"https:\/\/www.immo-invest.ch\/fr\/categories\/regions\/suisse\/#listItem","name":"Suisse"},"previousItem":{"@type":"ListItem","@id":"https:\/\/www.immo-invest.ch\/fr\/#listItem","name":"Home"}},{"@type":"ListItem","@id":"https:\/\/www.immo-invest.ch\/fr\/categories\/regions\/suisse\/#listItem","position":3,"name":"Suisse","item":"https:\/\/www.immo-invest.ch\/fr\/categories\/regions\/suisse\/","nextItem":{"@type":"ListItem","@id":"https:\/\/www.immo-invest.ch\/fr\/categories\/regions\/suisse\/suisse-orientale\/#listItem","name":"Suisse orientale"},"previousItem":{"@type":"ListItem","@id":"https:\/\/www.immo-invest.ch\/fr\/categories\/regions\/#listItem","name":"R\u00e9gions"}},{"@type":"ListItem","@id":"https:\/\/www.immo-invest.ch\/fr\/categories\/regions\/suisse\/suisse-orientale\/#listItem","position":4,"name":"Suisse orientale","item":"https:\/\/www.immo-invest.ch\/fr\/categories\/regions\/suisse\/suisse-orientale\/","nextItem":{"@type":"ListItem","@id":"https:\/\/www.immo-invest.ch\/fr\/categories\/regions\/suisse\/suisse-orientale\/glarus-fr\/#listItem","name":"Glarus"},"previousItem":{"@type":"ListItem","@id":"https:\/\/www.immo-invest.ch\/fr\/categories\/regions\/suisse\/#listItem","name":"Suisse"}},{"@type":"ListItem","@id":"https:\/\/www.immo-invest.ch\/fr\/categories\/regions\/suisse\/suisse-orientale\/glarus-fr\/#listItem","position":5,"name":"Glarus","item":"https:\/\/www.immo-invest.ch\/fr\/categories\/regions\/suisse\/suisse-orientale\/glarus-fr\/","nextItem":{"@type":"ListItem","@id":"https:\/\/www.immo-invest.ch\/fr\/der-wohnpark-glarus-suedsetzt-neue-massstaeb\/#listItem","name":"Le parc r\u00e9sidentiel de Glaris Sud pose de nouveaux jalons"},"previousItem":{"@type":"ListItem","@id":"https:\/\/www.immo-invest.ch\/fr\/categories\/regions\/suisse\/suisse-orientale\/#listItem","name":"Suisse orientale"}},{"@type":"ListItem","@id":"https:\/\/www.immo-invest.ch\/fr\/der-wohnpark-glarus-suedsetzt-neue-massstaeb\/#listItem","position":6,"name":"Le parc r\u00e9sidentiel de Glaris Sud pose de nouveaux jalons","previousItem":{"@type":"ListItem","@id":"https:\/\/www.immo-invest.ch\/fr\/categories\/regions\/suisse\/suisse-orientale\/glarus-fr\/#listItem","name":"Glarus"}}]},{"@type":"Organization","@id":"https:\/\/www.immo-invest.ch\/fr\/#organization","name":"immo!nvest - Die Plattform f\u00fcr Standorte und Immobilien","description":"Die\u00a0Plattform f\u00fcr Standorte und Immobilien","url":"https:\/\/www.immo-invest.ch\/fr\/","email":"admin@immomedia.ag","telephone":"+41444420002","logo":{"@type":"ImageObject","url":"https:\/\/www.immo-invest.ch\/wp-content\/uploads\/2024\/09\/immoinvest_sm-scaled.jpg","@id":"https:\/\/www.immo-invest.ch\/fr\/der-wohnpark-glarus-suedsetzt-neue-massstaeb\/#organizationLogo","width":2560,"height":1340},"image":{"@id":"https:\/\/www.immo-invest.ch\/fr\/der-wohnpark-glarus-suedsetzt-neue-massstaeb\/#organizationLogo"},"sameAs":["https:\/\/www.facebook.com\/people\/Immoinvest\/100077962920504\/","https:\/\/x.com\/i\/flow\/login?redirect_after_login=immoinvest_ch","https:\/\/www.instagram.com\/immoinvest_ch\/","https:\/\/www.linkedin.com\/company\/immoinvest-swiss"]},{"@type":"Person","@id":"https:\/\/www.immo-invest.ch\/fr\/author\/immovestuser\/#author","url":"https:\/\/www.immo-invest.ch\/fr\/author\/immovestuser\/","name":"immovestuser","image":{"@type":"ImageObject","@id":"https:\/\/www.immo-invest.ch\/fr\/der-wohnpark-glarus-suedsetzt-neue-massstaeb\/#authorImage","url":"https:\/\/secure.gravatar.com\/avatar\/8e01f4d99f2eeea7a362ebb93305e1172a70e9293ba250f897a65c39f54cdd1e?s=96&d=mm&r=g","width":96,"height":96,"caption":"immovestuser"}},{"@type":"WebPage","@id":"https:\/\/www.immo-invest.ch\/fr\/der-wohnpark-glarus-suedsetzt-neue-massstaeb\/#webpage","url":"https:\/\/www.immo-invest.ch\/fr\/der-wohnpark-glarus-suedsetzt-neue-massstaeb\/","name":"Le parc r\u00e9sidentiel de Glaris Sud pose de nouveaux jalons - immo!nvest - Die Plattform f\u00fcr Standorte und Immobilien","description":"Avec le Wohnpark Glarus S\u00fcd, un quartier interg\u00e9n\u00e9rationnel et autosuffisant en \u00e9nergie de 51 logements est en train de voir le jour sur un ancien site industriel \u00e0 Linthal. Le projet allie durabilit\u00e9, innovation et d\u00e9veloppement r\u00e9gional et recherche un investisseur visionnaire.","inLanguage":"fr-FR","isPartOf":{"@id":"https:\/\/www.immo-invest.ch\/fr\/#website"},"breadcrumb":{"@id":"https:\/\/www.immo-invest.ch\/fr\/der-wohnpark-glarus-suedsetzt-neue-massstaeb\/#breadcrumblist"},"author":{"@id":"https:\/\/www.immo-invest.ch\/fr\/author\/immovestuser\/#author"},"creator":{"@id":"https:\/\/www.immo-invest.ch\/fr\/author\/immovestuser\/#author"},"image":{"@type":"ImageObject","url":"https:\/\/www.immo-invest.ch\/wp-content\/uploads\/2025\/06\/Areal-Sued-7f17bec5.jpg","@id":"https:\/\/www.immo-invest.ch\/fr\/der-wohnpark-glarus-suedsetzt-neue-massstaeb\/#mainImage","width":1311,"height":546,"caption":"Quelle: immo!nvest Magazin Glarus"},"primaryImageOfPage":{"@id":"https:\/\/www.immo-invest.ch\/fr\/der-wohnpark-glarus-suedsetzt-neue-massstaeb\/#mainImage"},"datePublished":"2025-06-24T09:59:37+02:00","dateModified":"2025-06-24T10:12:03+02:00"},{"@type":"WebSite","@id":"https:\/\/www.immo-invest.ch\/fr\/#website","url":"https:\/\/www.immo-invest.ch\/fr\/","name":"immo!nvest - Die Plattform f\u00fcr Standorte und Immobilien","description":"Die\u00a0Plattform f\u00fcr Standorte und Immobilien","inLanguage":"fr-FR","publisher":{"@id":"https:\/\/www.immo-invest.ch\/fr\/#organization"}}]},"og:locale":"fr_FR","og:site_name":"immo!nvest - Die Plattform f\u00fcr Standorte und Immobilien - Die\u00a0Plattform f\u00fcr Standorte und Immobilien","og:type":"article","og:title":"Le parc r\u00e9sidentiel de Glaris Sud pose de nouveaux jalons - immo!nvest - Die Plattform f\u00fcr Standorte und Immobilien","og:description":"Avec le Wohnpark Glarus S\u00fcd, un quartier interg\u00e9n\u00e9rationnel et autosuffisant en \u00e9nergie de 51 logements est en train de voir le jour sur un ancien site industriel \u00e0 Linthal. Le projet allie durabilit\u00e9, innovation et d\u00e9veloppement r\u00e9gional et recherche un investisseur visionnaire.","og:url":"https:\/\/www.immo-invest.ch\/fr\/der-wohnpark-glarus-suedsetzt-neue-massstaeb\/","og:image":"https:\/\/www.immo-invest.ch\/wp-content\/uploads\/2025\/06\/Areal-Sued-7f17bec5.jpg","og:image:secure_url":"https:\/\/www.immo-invest.ch\/wp-content\/uploads\/2025\/06\/Areal-Sued-7f17bec5.jpg","og:image:width":1311,"og:image:height":546,"article:published_time":"2025-06-24T07:59:37+00:00","article:modified_time":"2025-06-24T08:12:03+00:00","article:publisher":"https:\/\/www.facebook.com\/people\/Immoinvest\/100077962920504\/","twitter:card":"summary_large_image","twitter:site":"@i","twitter:title":"Le parc r\u00e9sidentiel de Glaris Sud pose de nouveaux jalons - immo!nvest - Die Plattform f\u00fcr Standorte und Immobilien","twitter:description":"Avec le Wohnpark Glarus S\u00fcd, un quartier interg\u00e9n\u00e9rationnel et autosuffisant en \u00e9nergie de 51 logements est en train de voir le jour sur un ancien site industriel \u00e0 Linthal. Le projet allie durabilit\u00e9, innovation et d\u00e9veloppement r\u00e9gional et recherche un investisseur visionnaire.","twitter:creator":"@i","twitter:image":"https:\/\/www.immo-invest.ch\/wp-content\/uploads\/2025\/06\/Areal-Sued-7f17bec5.jpg"},"aioseo_meta_data":{"post_id":"134815","title":null,"description":null,"keywords":null,"keyphrases":{"focus":{"keyphrase":"","score":0,"analysis":{"keyphraseInTitle":{"score":0,"maxScore":9,"error":1}}},"additional":[]},"primary_term":null,"canonical_url":null,"og_title":null,"og_description":null,"og_object_type":"default","og_image_type":"default","og_image_url":null,"og_image_width":null,"og_image_height":null,"og_image_custom_url":null,"og_image_custom_fields":null,"og_video":"","og_custom_url":null,"og_article_section":null,"og_article_tags":null,"twitter_use_og":false,"twitter_card":"default","twitter_image_type":"default","twitter_image_url":null,"twitter_image_custom_url":null,"twitter_image_custom_fields":null,"twitter_title":null,"twitter_description":null,"schema":{"blockGraphs":[],"customGraphs":[],"default":{"data":{"Article":[],"Course":[],"Dataset":[],"FAQPage":[],"Movie":[],"Person":[],"Product":[],"ProductReview":[],"Car":[],"Recipe":[],"Service":[],"SoftwareApplication":[],"WebPage":[]},"graphName":"BlogPosting","isEnabled":true},"graphs":[]},"schema_type":"default","schema_type_options":null,"pillar_content":false,"robots_default":true,"robots_noindex":false,"robots_noarchive":false,"robots_nosnippet":false,"robots_nofollow":false,"robots_noimageindex":false,"robots_noodp":false,"robots_notranslate":false,"robots_max_snippet":"-1","robots_max_videopreview":"-1","robots_max_imagepreview":"large","priority":null,"frequency":"default","local_seo":null,"breadcrumb_settings":null,"limit_modified_date":false,"ai":null,"created":"2025-06-24 08:04:36","updated":"2025-10-24 22:38:19","seo_analyzer_scan_date":null,"focus_keyword":null,"additional_keywords":null,"truseo_locale":null},"aioseo_breadcrumb":"<div class=\"aioseo-breadcrumbs\"><span class=\"aioseo-breadcrumb\">\n\t\t\t<a href=\"https:\/\/www.immo-invest.ch\/fr\/\" title=\"Home\">Home<\/a>\n\t\t<\/span><span class=\"aioseo-breadcrumb-separator\">&raquo;<\/span><span class=\"aioseo-breadcrumb\">\n\t\t\t<a href=\"https:\/\/www.immo-invest.ch\/fr\/categories\/regions\/\" title=\"R\u00e9gions\">R\u00e9gions<\/a>\n\t\t<\/span><span class=\"aioseo-breadcrumb-separator\">&raquo;<\/span><span class=\"aioseo-breadcrumb\">\n\t\t\t<a href=\"https:\/\/www.immo-invest.ch\/fr\/categories\/regions\/suisse\/\" title=\"Suisse\">Suisse<\/a>\n\t\t<\/span><span class=\"aioseo-breadcrumb-separator\">&raquo;<\/span><span class=\"aioseo-breadcrumb\">\n\t\t\t<a href=\"https:\/\/www.immo-invest.ch\/fr\/categories\/regions\/suisse\/suisse-orientale\/\" title=\"Suisse orientale\">Suisse orientale<\/a>\n\t\t<\/span><span class=\"aioseo-breadcrumb-separator\">&raquo;<\/span><span class=\"aioseo-breadcrumb\">\n\t\t\t<a href=\"https:\/\/www.immo-invest.ch\/fr\/categories\/regions\/suisse\/suisse-orientale\/glarus-fr\/\" title=\"Glarus\">Glarus<\/a>\n\t\t<\/span><span class=\"aioseo-breadcrumb-separator\">&raquo;<\/span><span class=\"aioseo-breadcrumb\">\n\t\t\tLe parc r\u00e9sidentiel de Glaris Sud pose de nouveaux jalons\n\t\t<\/span><\/div>","aioseo_breadcrumb_json":[{"label":"Home","link":"https:\/\/www.immo-invest.ch\/fr\/"},{"label":"R\u00e9gions","link":"https:\/\/www.immo-invest.ch\/fr\/categories\/regions\/"},{"label":"Suisse","link":"https:\/\/www.immo-invest.ch\/fr\/categories\/regions\/suisse\/"},{"label":"Suisse orientale","link":"https:\/\/www.immo-invest.ch\/fr\/categories\/regions\/suisse\/suisse-orientale\/"},{"label":"Glarus","link":"https:\/\/www.immo-invest.ch\/fr\/categories\/regions\/suisse\/suisse-orientale\/glarus-fr\/"},{"label":"Le parc r\u00e9sidentiel de Glaris Sud pose de nouveaux jalons","link":"https:\/\/www.immo-invest.ch\/fr\/der-wohnpark-glarus-suedsetzt-neue-massstaeb\/"}],"featured_image_src":"https:\/\/www.immo-invest.ch\/wp-content\/uploads\/2025\/06\/Areal-Sued-7f17bec5-336x168.jpg","_links":{"self":[{"href":"https:\/\/www.immo-invest.ch\/fr\/wp-json\/wp\/v2\/posts\/134815","targetHints":{"allow":["GET"]}}],"collection":[{"href":"https:\/\/www.immo-invest.ch\/fr\/wp-json\/wp\/v2\/posts"}],"about":[{"href":"https:\/\/www.immo-invest.ch\/fr\/wp-json\/wp\/v2\/types\/post"}],"author":[{"embeddable":true,"href":"https:\/\/www.immo-invest.ch\/fr\/wp-json\/wp\/v2\/users\/2"}],"replies":[{"embeddable":true,"href":"https:\/\/www.immo-invest.ch\/fr\/wp-json\/wp\/v2\/comments?post=134815"}],"version-history":[{"count":0,"href":"https:\/\/www.immo-invest.ch\/fr\/wp-json\/wp\/v2\/posts\/134815\/revisions"}],"wp:featuredmedia":[{"embeddable":true,"href":"https:\/\/www.immo-invest.ch\/fr\/wp-json\/wp\/v2\/media\/134801"}],"wp:attachment":[{"href":"https:\/\/www.immo-invest.ch\/fr\/wp-json\/wp\/v2\/media?parent=134815"}],"wp:term":[{"taxonomy":"category","embeddable":true,"href":"https:\/\/www.immo-invest.ch\/fr\/wp-json\/wp\/v2\/categories?post=134815"},{"taxonomy":"post_tag","embeddable":true,"href":"https:\/\/www.immo-invest.ch\/fr\/wp-json\/wp\/v2\/tags?post=134815"}],"curies":[{"name":"wp","href":"https:\/\/api.w.org\/{rel}","templated":true}]}}