{"id":134810,"date":"2025-06-24T09:57:53","date_gmt":"2025-06-24T07:57:53","guid":{"rendered":"https:\/\/www.immo-invest.ch\/vom-industriegelaende-zum-gartenquartier\/"},"modified":"2025-06-24T10:21:01","modified_gmt":"2025-06-24T08:21:01","slug":"vom-industriegelaende-zum-gartenquartier","status":"publish","type":"post","link":"https:\/\/www.immo-invest.ch\/fr\/vom-industriegelaende-zum-gartenquartier\/","title":{"rendered":"D&rsquo;un site industriel \u00e0 un quartier de jardins"},"content":{"rendered":"<p class=\"wp-block-paragraph\">Le <span class=\"glossaryLink\" aria-describedby=\"tt\" data-cmtooltip=\"&lt;div class=glossaryItemTitle&gt;Quartier&lt;\/div&gt;&lt;div class=glossaryItemBody&gt;Amtliches, historisches, soziales oder stadtplanerisches Stadtviertel&lt;\/div&gt;\" data-mobile-support=\"0\" data-gt-translate-attributes='[{\"attribute\":\"data-cmtooltip\", \"format\":\"html\"}]' tabindex=\"0\" role=\"link\">quartier<\/span> Kartoni montre comment un d&eacute;veloppement urbain visionnaire peut r&eacute;ussir. Sur un ancien site industriel, un <span class=\"glossaryLink\" aria-describedby=\"tt\" data-cmtooltip=\"&lt;div class=glossaryItemTitle&gt;Quartier&lt;\/div&gt;&lt;div class=glossaryItemBody&gt;Amtliches, historisches, soziales oder stadtplanerisches Stadtviertel&lt;\/div&gt;\" data-mobile-support=\"0\" data-gt-translate-attributes='[{\"attribute\":\"data-cmtooltip\", \"format\":\"html\"}]' tabindex=\"0\" role=\"link\">quartier<\/span> r&eacute;sidentiel verdoyant d&rsquo;environ 150 logements, compl&eacute;t&eacute; par des services et des activit&eacute;s culturelles, est en train de voir le jour. Ce qui n&rsquo;est aujourd&rsquo;hui qu&rsquo;une esquisse de planification doit se d&eacute;velopper en plusieurs &eacute;tapes en un espace de vie diversifi&eacute;, ouvert &agrave; toutes les g&eacute;n&eacute;rations et &agrave; tous les projets de vie. Le cadre historique de Glaris ne constitue pas seulement le cadre, mais il est aussi repens&eacute; &agrave; travers une architecture moderne et une construction durable.<\/p>\n\n\n\n\n\n<p class=\"wp-block-paragraph\"><strong>Un nouveau lien entre la ville et la campagne<\/strong><br>Glaris est plus que le chef-lieu du canton, c&rsquo;est un mode de vie. &Agrave; seulement une heure de Zurich ou de Saint-Gall, Glaris offre &agrave; la fois une densit&eacute; urbaine et une d&eacute;tente proche de la nature. Le <span class=\"glossaryLink\" aria-describedby=\"tt\" data-cmtooltip=\"&lt;div class=glossaryItemTitle&gt;Quartier&lt;\/div&gt;&lt;div class=glossaryItemBody&gt;Amtliches, historisches, soziales oder stadtplanerisches Stadtviertel&lt;\/div&gt;\" data-mobile-support=\"0\" data-gt-translate-attributes='[{\"attribute\":\"data-cmtooltip\", \"format\":\"html\"}]' tabindex=\"0\" role=\"link\">quartier<\/span> Kartoni renforce cette qualit&eacute;. Il jette un pont entre le <span class=\"glossaryLink\" aria-describedby=\"tt\" data-cmtooltip=\"&lt;div class=glossaryItemTitle&gt;Quartier&lt;\/div&gt;&lt;div class=glossaryItemBody&gt;Amtliches, historisches, soziales oder stadtplanerisches Stadtviertel&lt;\/div&gt;\" data-mobile-support=\"0\" data-gt-translate-attributes='[{\"attribute\":\"data-cmtooltip\", \"format\":\"html\"}]' tabindex=\"0\" role=\"link\">quartier<\/span> d&rsquo;Ennenda et le centre-ville, cr&eacute;ant de nouvelles voies et de nouveaux lieux de rencontre, tant sur le plan spatial que social. La fusion des communes intervenue en 2011 prend ainsi une dimension architecturale tangible.<\/p>\n\n\n\n\n\n<p class=\"wp-block-paragraph\"><strong>L&rsquo;eau comme &eacute;l&eacute;ment de liaison<\/strong><br>La Linth deviendra &agrave; l&rsquo;avenir l&rsquo;art&egrave;re vitale du <span class=\"glossaryLink\" aria-describedby=\"tt\" data-cmtooltip=\"&lt;div class=glossaryItemTitle&gt;Quartier&lt;\/div&gt;&lt;div class=glossaryItemBody&gt;Amtliches, historisches, soziales oder stadtplanerisches Stadtviertel&lt;\/div&gt;\" data-mobile-support=\"0\" data-gt-translate-attributes='[{\"attribute\":\"data-cmtooltip\", \"format\":\"html\"}]' tabindex=\"0\" role=\"link\">quartier<\/span>. L&agrave; o&ugrave; les surfaces imperm&eacute;ables dominaient auparavant, un espace public riverain avec un acc&egrave;s direct &agrave; l&rsquo;eau est cr&eacute;&eacute;. Le canal renatur&eacute; s&rsquo;entrelace avec le paysage fluvial et cr&eacute;e un pendant ludique &agrave; l&rsquo;am&eacute;nagement structur&eacute; du Volksgarten tout proche. Le lieu devient un point de rencontre pour les promenades, la d&eacute;tente et le partage.<\/p>\n\n\n\n\n\n<p class=\"wp-block-paragraph\"><strong><span class=\"glossaryLink\" aria-describedby=\"tt\" data-cmtooltip=\"&lt;div class=glossaryItemTitle&gt;Quartier&lt;\/div&gt;&lt;div class=glossaryItemBody&gt;Amtliches, historisches, soziales oder stadtplanerisches Stadtviertel&lt;\/div&gt;\" data-mobile-support=\"0\" data-gt-translate-attributes='[{\"attribute\":\"data-cmtooltip\", \"format\":\"html\"}]' tabindex=\"0\" role=\"link\">Quartier<\/span> jardin sans voiture<\/strong><br>Le <span class=\"glossaryLink\" aria-describedby=\"tt\" data-cmtooltip=\"&lt;div class=glossaryItemTitle&gt;Quartier&lt;\/div&gt;&lt;div class=glossaryItemBody&gt;Amtliches, historisches, soziales oder stadtplanerisches Stadtviertel&lt;\/div&gt;\" data-mobile-support=\"0\" data-gt-translate-attributes='[{\"attribute\":\"data-cmtooltip\", \"format\":\"html\"}]' tabindex=\"0\" role=\"link\">quartier<\/span> Kartoni mise sur une solution souterraine en mati&egrave;re de mobilit&eacute;. Juste apr&egrave;s le pont de la Linth, une voie d&rsquo;acc&egrave;s m&egrave;ne &agrave; un vaste parking souterrain, ce qui permet &agrave; l&rsquo;ensemble du <span class=\"glossaryLink\" aria-describedby=\"tt\" data-cmtooltip=\"&lt;div class=glossaryItemTitle&gt;Quartier&lt;\/div&gt;&lt;div class=glossaryItemBody&gt;Amtliches, historisches, soziales oder stadtplanerisches Stadtviertel&lt;\/div&gt;\" data-mobile-support=\"0\" data-gt-translate-attributes='[{\"attribute\":\"data-cmtooltip\", \"format\":\"html\"}]' tabindex=\"0\" role=\"link\">quartier<\/span> de rester sans voiture en surface. Il en r&eacute;sulte un quartier-jardin, ouvert, verdoyant et travers&eacute; par des chemins. L&rsquo;am&eacute;nagement sans voiture favorise non seulement le calme et la s&eacute;curit&eacute;, mais envoie aussi un signal fort en faveur d&rsquo;une nouvelle fa&ccedil;on de vivre ensemble dans des espaces denses.<\/p>\n\n\n\n\n\n<p class=\"wp-block-paragraph\"><strong>Le courage de l&rsquo;&eacute;tape et un plan avec une vision<\/strong><br>Le d&eacute;veloppement du <span class=\"glossaryLink\" aria-describedby=\"tt\" data-cmtooltip=\"&lt;div class=glossaryItemTitle&gt;Quartier&lt;\/div&gt;&lt;div class=glossaryItemBody&gt;Amtliches, historisches, soziales oder stadtplanerisches Stadtviertel&lt;\/div&gt;\" data-mobile-support=\"0\" data-gt-translate-attributes='[{\"attribute\":\"data-cmtooltip\", \"format\":\"html\"}]' tabindex=\"0\" role=\"link\">quartier<\/span> ne suit pas un calendrier rigide, mais r&eacute;agit avec souplesse aux conditions politiques, &eacute;conomiques et sociales. Actuellement, plusieurs axes de planification sont men&eacute;s en parall&egrave;le : de la tour H&auml;nggi &agrave; l&rsquo;int&eacute;gration d&rsquo;une &eacute;cole de musique en passant par des espaces d&rsquo;habitation. Le plan de lotissement d&eacute;j&agrave; approuv&eacute; est ainsi adapt&eacute; aux nouvelles exigences, notamment en ce qui concerne le projet voisin de Dorfbach &agrave; Ennenda.<\/p>\n\n","protected":false},"excerpt":{"rendered":"<p>L\u00e0 o\u00f9 l&rsquo;industrie marquait autrefois le paysage, un morceau vivant de la ville de demain est en train de na\u00eetre. Le quartier de Kartoni allie conscience \u00e9cologique, diversit\u00e9 sociale et d\u00e9veloppement urbain audacieux pour cr\u00e9er un espace de vie tourn\u00e9 vers l&rsquo;avenir dans le canton de Glaris.<\/p>\n","protected":false},"author":2,"featured_media":134805,"comment_status":"open","ping_status":"open","sticky":false,"template":"","format":"standard","meta":{"pmpro_default_level":"","inline_featured_image":false,"_monsterinsights_skip_tracking":false,"footnotes":""},"categories":[45951,743,739],"tags":[2573,848,53449,53450,2225,2002,2142],"class_list":["post-134810","post","type-post","status-publish","format-standard","has-post-thumbnail","hentry","category-glarus-fr","category-immonews-fr","category-projects","tag-bauwirtschaft-fr","tag-immobilien-fr","tag-industriegelaende-fr","tag-lindth-fr","tag-neubau-fr","tag-news-fr","tag-stadt-fr","pmpro-has-access"],"acf":{"bild_mit_ki_erstellt_worden":[],"lead":"L\u00e0 o\u00f9 l'industrie marquait autrefois le paysage, un morceau vivant de la ville de demain est en train de na\u00eetre. Le quartier de Kartoni allie conscience \u00e9cologique, diversit\u00e9 sociale et d\u00e9veloppement urbain audacieux pour cr\u00e9er un espace de vie tourn\u00e9 vers l'avenir dans le canton de Glaris.","autor":"Quelle: immo!nvest Magazin Glarus","ort":"","bildunterschrift":"","bild_im_grid":false,"gallerie":"","newsim":""},"aioseo_notices":[],"aioseo_head":"\n\t\t<!-- All in One SEO 5.0.0.1 - aioseo.com -->\n\t<meta name=\"description\" content=\"L\u00e0 o\u00f9 l&#039;industrie marquait autrefois le paysage, un morceau vivant de la ville de demain est en train de na\u00eetre. Le quartier de Kartoni allie conscience \u00e9cologique, diversit\u00e9 sociale et d\u00e9veloppement urbain audacieux pour cr\u00e9er un espace de vie tourn\u00e9 vers l&#039;avenir dans le canton de Glaris.\" \/>\n\t<meta name=\"robots\" content=\"max-image-preview:large\" \/>\n\t<meta name=\"author\" content=\"immovestuser\"\/>\n\t<meta name=\"google-site-verification\" content=\"fHJKvgWpZCR2zVBHWfkQeFXC11qieUSff0HGNYfuyLA\" \/>\n\t<link rel=\"canonical\" href=\"https:\/\/www.immo-invest.ch\/fr\/vom-industriegelaende-zum-gartenquartier\/\" \/>\n\t<meta name=\"generator\" content=\"All in One SEO (AIOSEO) 5.0.0.1\" \/>\n\t\t<meta property=\"og:locale\" content=\"fr_FR\" \/>\n\t\t<meta property=\"og:site_name\" content=\"immo!nvest - Die Plattform f\u00fcr Standorte und Immobilien - Die\u00a0Plattform f\u00fcr Standorte und Immobilien\" \/>\n\t\t<meta property=\"og:type\" content=\"article\" \/>\n\t\t<meta property=\"og:title\" content=\"D\u2019un site industriel \u00e0 un quartier de jardins - immo!nvest - Die Plattform f\u00fcr Standorte und Immobilien\" \/>\n\t\t<meta property=\"og:description\" content=\"L\u00e0 o\u00f9 l&#039;industrie marquait autrefois le paysage, un morceau vivant de la ville de demain est en train de na\u00eetre. Le quartier de Kartoni allie conscience \u00e9cologique, diversit\u00e9 sociale et d\u00e9veloppement urbain audacieux pour cr\u00e9er un espace de vie tourn\u00e9 vers l&#039;avenir dans le canton de Glaris.\" \/>\n\t\t<meta property=\"og:url\" content=\"https:\/\/www.immo-invest.ch\/fr\/vom-industriegelaende-zum-gartenquartier\/\" \/>\n\t\t<meta property=\"og:image\" content=\"https:\/\/www.immo-invest.ch\/wp-content\/uploads\/2025\/06\/2025-05-07-11_24_53-Window.png\" \/>\n\t\t<meta property=\"og:image:secure_url\" content=\"https:\/\/www.immo-invest.ch\/wp-content\/uploads\/2025\/06\/2025-05-07-11_24_53-Window.png\" \/>\n\t\t<meta property=\"og:image:width\" content=\"1716\" \/>\n\t\t<meta property=\"og:image:height\" content=\"965\" \/>\n\t\t<meta property=\"article:published_time\" content=\"2025-06-24T07:57:53+00:00\" \/>\n\t\t<meta property=\"article:modified_time\" content=\"2025-06-24T08:21:01+00:00\" \/>\n\t\t<meta property=\"article:publisher\" content=\"https:\/\/www.facebook.com\/people\/Immoinvest\/100077962920504\/\" \/>\n\t\t<meta name=\"twitter:card\" content=\"summary_large_image\" \/>\n\t\t<meta name=\"twitter:site\" content=\"@i\" \/>\n\t\t<meta name=\"twitter:title\" content=\"D\u2019un site industriel \u00e0 un quartier de jardins - immo!nvest - Die Plattform f\u00fcr Standorte und Immobilien\" \/>\n\t\t<meta name=\"twitter:description\" content=\"L\u00e0 o\u00f9 l&#039;industrie marquait autrefois le paysage, un morceau vivant de la ville de demain est en train de na\u00eetre. Le quartier de Kartoni allie conscience \u00e9cologique, diversit\u00e9 sociale et d\u00e9veloppement urbain audacieux pour cr\u00e9er un espace de vie tourn\u00e9 vers l&#039;avenir dans le canton de Glaris.\" \/>\n\t\t<meta name=\"twitter:creator\" content=\"@i\" \/>\n\t\t<meta name=\"twitter:image\" content=\"https:\/\/www.immo-invest.ch\/wp-content\/uploads\/2025\/06\/2025-05-07-11_24_53-Window.png\" \/>\n\t\t<script type=\"application\/ld+json\" class=\"aioseo-schema\">\n\t\t\t{\"@context\":\"https:\\\/\\\/schema.org\",\"@graph\":[{\"@type\":\"BlogPosting\",\"@id\":\"https:\\\/\\\/www.immo-invest.ch\\\/fr\\\/vom-industriegelaende-zum-gartenquartier\\\/#blogposting\",\"name\":\"D\\u2019un site industriel \\u00e0 un quartier de jardins - immo!nvest - Die Plattform f\\u00fcr Standorte und Immobilien\",\"headline\":\"D&rsquo;un site industriel \\u00e0 un quartier de jardins\",\"author\":{\"@id\":\"https:\\\/\\\/www.immo-invest.ch\\\/fr\\\/author\\\/immovestuser\\\/#author\"},\"publisher\":{\"@id\":\"https:\\\/\\\/www.immo-invest.ch\\\/fr\\\/#organization\"},\"image\":{\"@type\":\"ImageObject\",\"url\":\"https:\\\/\\\/www.immo-invest.ch\\\/wp-content\\\/uploads\\\/2025\\\/06\\\/2025-05-07-11_24_53-Window.png\",\"width\":1716,\"height\":965,\"caption\":\"Quelle: immo!nvest Magazin Glarus\"},\"datePublished\":\"2025-06-24T09:57:53+02:00\",\"dateModified\":\"2025-06-24T10:21:01+02:00\",\"inLanguage\":\"fr-FR\",\"mainEntityOfPage\":{\"@id\":\"https:\\\/\\\/www.immo-invest.ch\\\/fr\\\/vom-industriegelaende-zum-gartenquartier\\\/#webpage\"},\"isPartOf\":{\"@id\":\"https:\\\/\\\/www.immo-invest.ch\\\/fr\\\/vom-industriegelaende-zum-gartenquartier\\\/#webpage\"},\"articleSection\":\"Glarus, immoNews, Projects, Bauwirtschaft, immobilien, Industriegel\\u00e4nde, Lindth, Neubau, News, stadt, Facultatif\"},{\"@type\":\"BreadcrumbList\",\"@id\":\"https:\\\/\\\/www.immo-invest.ch\\\/fr\\\/vom-industriegelaende-zum-gartenquartier\\\/#breadcrumblist\",\"itemListElement\":[{\"@type\":\"ListItem\",\"@id\":\"https:\\\/\\\/www.immo-invest.ch\\\/fr\\\/#listItem\",\"position\":1,\"name\":\"Home\",\"item\":\"https:\\\/\\\/www.immo-invest.ch\\\/fr\\\/\",\"nextItem\":{\"@type\":\"ListItem\",\"@id\":\"https:\\\/\\\/www.immo-invest.ch\\\/fr\\\/categories\\\/regions\\\/#listItem\",\"name\":\"R\\u00e9gions\"}},{\"@type\":\"ListItem\",\"@id\":\"https:\\\/\\\/www.immo-invest.ch\\\/fr\\\/categories\\\/regions\\\/#listItem\",\"position\":2,\"name\":\"R\\u00e9gions\",\"item\":\"https:\\\/\\\/www.immo-invest.ch\\\/fr\\\/categories\\\/regions\\\/\",\"nextItem\":{\"@type\":\"ListItem\",\"@id\":\"https:\\\/\\\/www.immo-invest.ch\\\/fr\\\/categories\\\/regions\\\/suisse\\\/#listItem\",\"name\":\"Suisse\"},\"previousItem\":{\"@type\":\"ListItem\",\"@id\":\"https:\\\/\\\/www.immo-invest.ch\\\/fr\\\/#listItem\",\"name\":\"Home\"}},{\"@type\":\"ListItem\",\"@id\":\"https:\\\/\\\/www.immo-invest.ch\\\/fr\\\/categories\\\/regions\\\/suisse\\\/#listItem\",\"position\":3,\"name\":\"Suisse\",\"item\":\"https:\\\/\\\/www.immo-invest.ch\\\/fr\\\/categories\\\/regions\\\/suisse\\\/\",\"nextItem\":{\"@type\":\"ListItem\",\"@id\":\"https:\\\/\\\/www.immo-invest.ch\\\/fr\\\/categories\\\/regions\\\/suisse\\\/suisse-orientale\\\/#listItem\",\"name\":\"Suisse orientale\"},\"previousItem\":{\"@type\":\"ListItem\",\"@id\":\"https:\\\/\\\/www.immo-invest.ch\\\/fr\\\/categories\\\/regions\\\/#listItem\",\"name\":\"R\\u00e9gions\"}},{\"@type\":\"ListItem\",\"@id\":\"https:\\\/\\\/www.immo-invest.ch\\\/fr\\\/categories\\\/regions\\\/suisse\\\/suisse-orientale\\\/#listItem\",\"position\":4,\"name\":\"Suisse orientale\",\"item\":\"https:\\\/\\\/www.immo-invest.ch\\\/fr\\\/categories\\\/regions\\\/suisse\\\/suisse-orientale\\\/\",\"nextItem\":{\"@type\":\"ListItem\",\"@id\":\"https:\\\/\\\/www.immo-invest.ch\\\/fr\\\/categories\\\/regions\\\/suisse\\\/suisse-orientale\\\/glarus-fr\\\/#listItem\",\"name\":\"Glarus\"},\"previousItem\":{\"@type\":\"ListItem\",\"@id\":\"https:\\\/\\\/www.immo-invest.ch\\\/fr\\\/categories\\\/regions\\\/suisse\\\/#listItem\",\"name\":\"Suisse\"}},{\"@type\":\"ListItem\",\"@id\":\"https:\\\/\\\/www.immo-invest.ch\\\/fr\\\/categories\\\/regions\\\/suisse\\\/suisse-orientale\\\/glarus-fr\\\/#listItem\",\"position\":5,\"name\":\"Glarus\",\"item\":\"https:\\\/\\\/www.immo-invest.ch\\\/fr\\\/categories\\\/regions\\\/suisse\\\/suisse-orientale\\\/glarus-fr\\\/\",\"nextItem\":{\"@type\":\"ListItem\",\"@id\":\"https:\\\/\\\/www.immo-invest.ch\\\/fr\\\/vom-industriegelaende-zum-gartenquartier\\\/#listItem\",\"name\":\"D&rsquo;un site industriel \\u00e0 un quartier de jardins\"},\"previousItem\":{\"@type\":\"ListItem\",\"@id\":\"https:\\\/\\\/www.immo-invest.ch\\\/fr\\\/categories\\\/regions\\\/suisse\\\/suisse-orientale\\\/#listItem\",\"name\":\"Suisse orientale\"}},{\"@type\":\"ListItem\",\"@id\":\"https:\\\/\\\/www.immo-invest.ch\\\/fr\\\/vom-industriegelaende-zum-gartenquartier\\\/#listItem\",\"position\":6,\"name\":\"D&rsquo;un site industriel \\u00e0 un quartier de jardins\",\"previousItem\":{\"@type\":\"ListItem\",\"@id\":\"https:\\\/\\\/www.immo-invest.ch\\\/fr\\\/categories\\\/regions\\\/suisse\\\/suisse-orientale\\\/glarus-fr\\\/#listItem\",\"name\":\"Glarus\"}}]},{\"@type\":\"Organization\",\"@id\":\"https:\\\/\\\/www.immo-invest.ch\\\/fr\\\/#organization\",\"name\":\"immo!nvest - Die Plattform f\\u00fcr Standorte und Immobilien\",\"description\":\"Die\\u00a0Plattform f\\u00fcr Standorte und Immobilien\",\"url\":\"https:\\\/\\\/www.immo-invest.ch\\\/fr\\\/\",\"email\":\"admin@immomedia.ag\",\"telephone\":\"+41444420002\",\"logo\":{\"@type\":\"ImageObject\",\"url\":\"https:\\\/\\\/www.immo-invest.ch\\\/wp-content\\\/uploads\\\/2024\\\/09\\\/immoinvest_sm-scaled.jpg\",\"@id\":\"https:\\\/\\\/www.immo-invest.ch\\\/fr\\\/vom-industriegelaende-zum-gartenquartier\\\/#organizationLogo\",\"width\":2560,\"height\":1340},\"image\":{\"@id\":\"https:\\\/\\\/www.immo-invest.ch\\\/fr\\\/vom-industriegelaende-zum-gartenquartier\\\/#organizationLogo\"},\"sameAs\":[\"https:\\\/\\\/www.facebook.com\\\/people\\\/Immoinvest\\\/100077962920504\\\/\",\"https:\\\/\\\/x.com\\\/i\\\/flow\\\/login?redirect_after_login=immoinvest_ch\",\"https:\\\/\\\/www.instagram.com\\\/immoinvest_ch\\\/\",\"https:\\\/\\\/www.linkedin.com\\\/company\\\/immoinvest-swiss\"]},{\"@type\":\"Person\",\"@id\":\"https:\\\/\\\/www.immo-invest.ch\\\/fr\\\/author\\\/immovestuser\\\/#author\",\"url\":\"https:\\\/\\\/www.immo-invest.ch\\\/fr\\\/author\\\/immovestuser\\\/\",\"name\":\"immovestuser\",\"image\":{\"@type\":\"ImageObject\",\"@id\":\"https:\\\/\\\/www.immo-invest.ch\\\/fr\\\/vom-industriegelaende-zum-gartenquartier\\\/#authorImage\",\"url\":\"https:\\\/\\\/secure.gravatar.com\\\/avatar\\\/8e01f4d99f2eeea7a362ebb93305e1172a70e9293ba250f897a65c39f54cdd1e?s=96&d=mm&r=g\",\"width\":96,\"height\":96,\"caption\":\"immovestuser\"}},{\"@type\":\"WebPage\",\"@id\":\"https:\\\/\\\/www.immo-invest.ch\\\/fr\\\/vom-industriegelaende-zum-gartenquartier\\\/#webpage\",\"url\":\"https:\\\/\\\/www.immo-invest.ch\\\/fr\\\/vom-industriegelaende-zum-gartenquartier\\\/\",\"name\":\"D\\u2019un site industriel \\u00e0 un quartier de jardins - immo!nvest - Die Plattform f\\u00fcr Standorte und Immobilien\",\"description\":\"L\\u00e0 o\\u00f9 l'industrie marquait autrefois le paysage, un morceau vivant de la ville de demain est en train de na\\u00eetre. Le quartier de Kartoni allie conscience \\u00e9cologique, diversit\\u00e9 sociale et d\\u00e9veloppement urbain audacieux pour cr\\u00e9er un espace de vie tourn\\u00e9 vers l'avenir dans le canton de Glaris.\",\"inLanguage\":\"fr-FR\",\"isPartOf\":{\"@id\":\"https:\\\/\\\/www.immo-invest.ch\\\/fr\\\/#website\"},\"breadcrumb\":{\"@id\":\"https:\\\/\\\/www.immo-invest.ch\\\/fr\\\/vom-industriegelaende-zum-gartenquartier\\\/#breadcrumblist\"},\"author\":{\"@id\":\"https:\\\/\\\/www.immo-invest.ch\\\/fr\\\/author\\\/immovestuser\\\/#author\"},\"creator\":{\"@id\":\"https:\\\/\\\/www.immo-invest.ch\\\/fr\\\/author\\\/immovestuser\\\/#author\"},\"image\":{\"@type\":\"ImageObject\",\"url\":\"https:\\\/\\\/www.immo-invest.ch\\\/wp-content\\\/uploads\\\/2025\\\/06\\\/2025-05-07-11_24_53-Window.png\",\"@id\":\"https:\\\/\\\/www.immo-invest.ch\\\/fr\\\/vom-industriegelaende-zum-gartenquartier\\\/#mainImage\",\"width\":1716,\"height\":965,\"caption\":\"Quelle: immo!nvest Magazin Glarus\"},\"primaryImageOfPage\":{\"@id\":\"https:\\\/\\\/www.immo-invest.ch\\\/fr\\\/vom-industriegelaende-zum-gartenquartier\\\/#mainImage\"},\"datePublished\":\"2025-06-24T09:57:53+02:00\",\"dateModified\":\"2025-06-24T10:21:01+02:00\"},{\"@type\":\"WebSite\",\"@id\":\"https:\\\/\\\/www.immo-invest.ch\\\/fr\\\/#website\",\"url\":\"https:\\\/\\\/www.immo-invest.ch\\\/fr\\\/\",\"name\":\"immo!nvest - Die Plattform f\\u00fcr Standorte und Immobilien\",\"description\":\"Die\\u00a0Plattform f\\u00fcr Standorte und Immobilien\",\"inLanguage\":\"fr-FR\",\"publisher\":{\"@id\":\"https:\\\/\\\/www.immo-invest.ch\\\/fr\\\/#organization\"}}]}\n\t\t<\/script>\n\t\t<!-- All in One SEO -->\n\n","aioseo_head_json":{"title":"D\u2019un site industriel \u00e0 un quartier de jardins - immo!nvest - Die Plattform f\u00fcr Standorte und Immobilien","description":"L\u00e0 o\u00f9 l'industrie marquait autrefois le paysage, un morceau vivant de la ville de demain est en train de na\u00eetre. Le quartier de Kartoni allie conscience \u00e9cologique, diversit\u00e9 sociale et d\u00e9veloppement urbain audacieux pour cr\u00e9er un espace de vie tourn\u00e9 vers l'avenir dans le canton de Glaris.","canonical_url":"https:\/\/www.immo-invest.ch\/fr\/vom-industriegelaende-zum-gartenquartier\/","robots":"max-image-preview:large","keywords":"","webmasterTools":{"google-site-verification":"fHJKvgWpZCR2zVBHWfkQeFXC11qieUSff0HGNYfuyLA","miscellaneous":""},"schema":{"@context":"https:\/\/schema.org","@graph":[{"@type":"BlogPosting","@id":"https:\/\/www.immo-invest.ch\/fr\/vom-industriegelaende-zum-gartenquartier\/#blogposting","name":"D\u2019un site industriel \u00e0 un quartier de jardins - immo!nvest - Die Plattform f\u00fcr Standorte und Immobilien","headline":"D&rsquo;un site industriel \u00e0 un quartier de jardins","author":{"@id":"https:\/\/www.immo-invest.ch\/fr\/author\/immovestuser\/#author"},"publisher":{"@id":"https:\/\/www.immo-invest.ch\/fr\/#organization"},"image":{"@type":"ImageObject","url":"https:\/\/www.immo-invest.ch\/wp-content\/uploads\/2025\/06\/2025-05-07-11_24_53-Window.png","width":1716,"height":965,"caption":"Quelle: immo!nvest Magazin Glarus"},"datePublished":"2025-06-24T09:57:53+02:00","dateModified":"2025-06-24T10:21:01+02:00","inLanguage":"fr-FR","mainEntityOfPage":{"@id":"https:\/\/www.immo-invest.ch\/fr\/vom-industriegelaende-zum-gartenquartier\/#webpage"},"isPartOf":{"@id":"https:\/\/www.immo-invest.ch\/fr\/vom-industriegelaende-zum-gartenquartier\/#webpage"},"articleSection":"Glarus, immoNews, Projects, Bauwirtschaft, immobilien, Industriegel\u00e4nde, Lindth, Neubau, News, stadt, Facultatif"},{"@type":"BreadcrumbList","@id":"https:\/\/www.immo-invest.ch\/fr\/vom-industriegelaende-zum-gartenquartier\/#breadcrumblist","itemListElement":[{"@type":"ListItem","@id":"https:\/\/www.immo-invest.ch\/fr\/#listItem","position":1,"name":"Home","item":"https:\/\/www.immo-invest.ch\/fr\/","nextItem":{"@type":"ListItem","@id":"https:\/\/www.immo-invest.ch\/fr\/categories\/regions\/#listItem","name":"R\u00e9gions"}},{"@type":"ListItem","@id":"https:\/\/www.immo-invest.ch\/fr\/categories\/regions\/#listItem","position":2,"name":"R\u00e9gions","item":"https:\/\/www.immo-invest.ch\/fr\/categories\/regions\/","nextItem":{"@type":"ListItem","@id":"https:\/\/www.immo-invest.ch\/fr\/categories\/regions\/suisse\/#listItem","name":"Suisse"},"previousItem":{"@type":"ListItem","@id":"https:\/\/www.immo-invest.ch\/fr\/#listItem","name":"Home"}},{"@type":"ListItem","@id":"https:\/\/www.immo-invest.ch\/fr\/categories\/regions\/suisse\/#listItem","position":3,"name":"Suisse","item":"https:\/\/www.immo-invest.ch\/fr\/categories\/regions\/suisse\/","nextItem":{"@type":"ListItem","@id":"https:\/\/www.immo-invest.ch\/fr\/categories\/regions\/suisse\/suisse-orientale\/#listItem","name":"Suisse orientale"},"previousItem":{"@type":"ListItem","@id":"https:\/\/www.immo-invest.ch\/fr\/categories\/regions\/#listItem","name":"R\u00e9gions"}},{"@type":"ListItem","@id":"https:\/\/www.immo-invest.ch\/fr\/categories\/regions\/suisse\/suisse-orientale\/#listItem","position":4,"name":"Suisse orientale","item":"https:\/\/www.immo-invest.ch\/fr\/categories\/regions\/suisse\/suisse-orientale\/","nextItem":{"@type":"ListItem","@id":"https:\/\/www.immo-invest.ch\/fr\/categories\/regions\/suisse\/suisse-orientale\/glarus-fr\/#listItem","name":"Glarus"},"previousItem":{"@type":"ListItem","@id":"https:\/\/www.immo-invest.ch\/fr\/categories\/regions\/suisse\/#listItem","name":"Suisse"}},{"@type":"ListItem","@id":"https:\/\/www.immo-invest.ch\/fr\/categories\/regions\/suisse\/suisse-orientale\/glarus-fr\/#listItem","position":5,"name":"Glarus","item":"https:\/\/www.immo-invest.ch\/fr\/categories\/regions\/suisse\/suisse-orientale\/glarus-fr\/","nextItem":{"@type":"ListItem","@id":"https:\/\/www.immo-invest.ch\/fr\/vom-industriegelaende-zum-gartenquartier\/#listItem","name":"D&rsquo;un site industriel \u00e0 un quartier de jardins"},"previousItem":{"@type":"ListItem","@id":"https:\/\/www.immo-invest.ch\/fr\/categories\/regions\/suisse\/suisse-orientale\/#listItem","name":"Suisse orientale"}},{"@type":"ListItem","@id":"https:\/\/www.immo-invest.ch\/fr\/vom-industriegelaende-zum-gartenquartier\/#listItem","position":6,"name":"D&rsquo;un site industriel \u00e0 un quartier de jardins","previousItem":{"@type":"ListItem","@id":"https:\/\/www.immo-invest.ch\/fr\/categories\/regions\/suisse\/suisse-orientale\/glarus-fr\/#listItem","name":"Glarus"}}]},{"@type":"Organization","@id":"https:\/\/www.immo-invest.ch\/fr\/#organization","name":"immo!nvest - Die Plattform f\u00fcr Standorte und Immobilien","description":"Die\u00a0Plattform f\u00fcr Standorte und Immobilien","url":"https:\/\/www.immo-invest.ch\/fr\/","email":"admin@immomedia.ag","telephone":"+41444420002","logo":{"@type":"ImageObject","url":"https:\/\/www.immo-invest.ch\/wp-content\/uploads\/2024\/09\/immoinvest_sm-scaled.jpg","@id":"https:\/\/www.immo-invest.ch\/fr\/vom-industriegelaende-zum-gartenquartier\/#organizationLogo","width":2560,"height":1340},"image":{"@id":"https:\/\/www.immo-invest.ch\/fr\/vom-industriegelaende-zum-gartenquartier\/#organizationLogo"},"sameAs":["https:\/\/www.facebook.com\/people\/Immoinvest\/100077962920504\/","https:\/\/x.com\/i\/flow\/login?redirect_after_login=immoinvest_ch","https:\/\/www.instagram.com\/immoinvest_ch\/","https:\/\/www.linkedin.com\/company\/immoinvest-swiss"]},{"@type":"Person","@id":"https:\/\/www.immo-invest.ch\/fr\/author\/immovestuser\/#author","url":"https:\/\/www.immo-invest.ch\/fr\/author\/immovestuser\/","name":"immovestuser","image":{"@type":"ImageObject","@id":"https:\/\/www.immo-invest.ch\/fr\/vom-industriegelaende-zum-gartenquartier\/#authorImage","url":"https:\/\/secure.gravatar.com\/avatar\/8e01f4d99f2eeea7a362ebb93305e1172a70e9293ba250f897a65c39f54cdd1e?s=96&d=mm&r=g","width":96,"height":96,"caption":"immovestuser"}},{"@type":"WebPage","@id":"https:\/\/www.immo-invest.ch\/fr\/vom-industriegelaende-zum-gartenquartier\/#webpage","url":"https:\/\/www.immo-invest.ch\/fr\/vom-industriegelaende-zum-gartenquartier\/","name":"D\u2019un site industriel \u00e0 un quartier de jardins - immo!nvest - Die Plattform f\u00fcr Standorte und Immobilien","description":"L\u00e0 o\u00f9 l'industrie marquait autrefois le paysage, un morceau vivant de la ville de demain est en train de na\u00eetre. Le quartier de Kartoni allie conscience \u00e9cologique, diversit\u00e9 sociale et d\u00e9veloppement urbain audacieux pour cr\u00e9er un espace de vie tourn\u00e9 vers l'avenir dans le canton de Glaris.","inLanguage":"fr-FR","isPartOf":{"@id":"https:\/\/www.immo-invest.ch\/fr\/#website"},"breadcrumb":{"@id":"https:\/\/www.immo-invest.ch\/fr\/vom-industriegelaende-zum-gartenquartier\/#breadcrumblist"},"author":{"@id":"https:\/\/www.immo-invest.ch\/fr\/author\/immovestuser\/#author"},"creator":{"@id":"https:\/\/www.immo-invest.ch\/fr\/author\/immovestuser\/#author"},"image":{"@type":"ImageObject","url":"https:\/\/www.immo-invest.ch\/wp-content\/uploads\/2025\/06\/2025-05-07-11_24_53-Window.png","@id":"https:\/\/www.immo-invest.ch\/fr\/vom-industriegelaende-zum-gartenquartier\/#mainImage","width":1716,"height":965,"caption":"Quelle: immo!nvest Magazin Glarus"},"primaryImageOfPage":{"@id":"https:\/\/www.immo-invest.ch\/fr\/vom-industriegelaende-zum-gartenquartier\/#mainImage"},"datePublished":"2025-06-24T09:57:53+02:00","dateModified":"2025-06-24T10:21:01+02:00"},{"@type":"WebSite","@id":"https:\/\/www.immo-invest.ch\/fr\/#website","url":"https:\/\/www.immo-invest.ch\/fr\/","name":"immo!nvest - Die Plattform f\u00fcr Standorte und Immobilien","description":"Die\u00a0Plattform f\u00fcr Standorte und Immobilien","inLanguage":"fr-FR","publisher":{"@id":"https:\/\/www.immo-invest.ch\/fr\/#organization"}}]},"og:locale":"fr_FR","og:site_name":"immo!nvest - Die Plattform f\u00fcr Standorte und Immobilien - Die\u00a0Plattform f\u00fcr Standorte und Immobilien","og:type":"article","og:title":"D\u2019un site industriel \u00e0 un quartier de jardins - immo!nvest - Die Plattform f\u00fcr Standorte und Immobilien","og:description":"L\u00e0 o\u00f9 l'industrie marquait autrefois le paysage, un morceau vivant de la ville de demain est en train de na\u00eetre. Le quartier de Kartoni allie conscience \u00e9cologique, diversit\u00e9 sociale et d\u00e9veloppement urbain audacieux pour cr\u00e9er un espace de vie tourn\u00e9 vers l'avenir dans le canton de Glaris.","og:url":"https:\/\/www.immo-invest.ch\/fr\/vom-industriegelaende-zum-gartenquartier\/","og:image":"https:\/\/www.immo-invest.ch\/wp-content\/uploads\/2025\/06\/2025-05-07-11_24_53-Window.png","og:image:secure_url":"https:\/\/www.immo-invest.ch\/wp-content\/uploads\/2025\/06\/2025-05-07-11_24_53-Window.png","og:image:width":1716,"og:image:height":965,"article:published_time":"2025-06-24T07:57:53+00:00","article:modified_time":"2025-06-24T08:21:01+00:00","article:publisher":"https:\/\/www.facebook.com\/people\/Immoinvest\/100077962920504\/","twitter:card":"summary_large_image","twitter:site":"@i","twitter:title":"D\u2019un site industriel \u00e0 un quartier de jardins - immo!nvest - Die Plattform f\u00fcr Standorte und Immobilien","twitter:description":"L\u00e0 o\u00f9 l'industrie marquait autrefois le paysage, un morceau vivant de la ville de demain est en train de na\u00eetre. Le quartier de Kartoni allie conscience \u00e9cologique, diversit\u00e9 sociale et d\u00e9veloppement urbain audacieux pour cr\u00e9er un espace de vie tourn\u00e9 vers l'avenir dans le canton de Glaris.","twitter:creator":"@i","twitter:image":"https:\/\/www.immo-invest.ch\/wp-content\/uploads\/2025\/06\/2025-05-07-11_24_53-Window.png"},"aioseo_meta_data":{"post_id":"134810","title":null,"description":null,"keywords":null,"keyphrases":{"focus":{"keyphrase":"","score":0,"analysis":{"keyphraseInTitle":{"score":0,"maxScore":9,"error":1}}},"additional":[]},"primary_term":null,"canonical_url":null,"og_title":null,"og_description":null,"og_object_type":"default","og_image_type":"default","og_image_url":null,"og_image_width":null,"og_image_height":null,"og_image_custom_url":null,"og_image_custom_fields":null,"og_video":"","og_custom_url":null,"og_article_section":null,"og_article_tags":null,"twitter_use_og":false,"twitter_card":"default","twitter_image_type":"default","twitter_image_url":null,"twitter_image_custom_url":null,"twitter_image_custom_fields":null,"twitter_title":null,"twitter_description":null,"schema":{"blockGraphs":[],"customGraphs":[],"default":{"data":{"Article":[],"Course":[],"Dataset":[],"FAQPage":[],"Movie":[],"Person":[],"Product":[],"ProductReview":[],"Car":[],"Recipe":[],"Service":[],"SoftwareApplication":[],"WebPage":[]},"graphName":"BlogPosting","isEnabled":true},"graphs":[]},"schema_type":"default","schema_type_options":null,"pillar_content":false,"robots_default":true,"robots_noindex":false,"robots_noarchive":false,"robots_nosnippet":false,"robots_nofollow":false,"robots_noimageindex":false,"robots_noodp":false,"robots_notranslate":false,"robots_max_snippet":"-1","robots_max_videopreview":"-1","robots_max_imagepreview":"large","priority":null,"frequency":"default","local_seo":null,"breadcrumb_settings":null,"limit_modified_date":false,"ai":null,"created":"2025-06-24 08:04:36","updated":"2025-10-24 22:37:13","seo_analyzer_scan_date":null,"focus_keyword":null,"additional_keywords":null,"truseo_locale":null},"aioseo_breadcrumb":"<div class=\"aioseo-breadcrumbs\"><span class=\"aioseo-breadcrumb\">\n\t\t\t<a href=\"https:\/\/www.immo-invest.ch\/fr\/\" title=\"Home\">Home<\/a>\n\t\t<\/span><span class=\"aioseo-breadcrumb-separator\">&raquo;<\/span><span class=\"aioseo-breadcrumb\">\n\t\t\t<a href=\"https:\/\/www.immo-invest.ch\/fr\/categories\/regions\/\" title=\"R\u00e9gions\">R\u00e9gions<\/a>\n\t\t<\/span><span class=\"aioseo-breadcrumb-separator\">&raquo;<\/span><span class=\"aioseo-breadcrumb\">\n\t\t\t<a href=\"https:\/\/www.immo-invest.ch\/fr\/categories\/regions\/suisse\/\" title=\"Suisse\">Suisse<\/a>\n\t\t<\/span><span class=\"aioseo-breadcrumb-separator\">&raquo;<\/span><span class=\"aioseo-breadcrumb\">\n\t\t\t<a href=\"https:\/\/www.immo-invest.ch\/fr\/categories\/regions\/suisse\/suisse-orientale\/\" title=\"Suisse orientale\">Suisse orientale<\/a>\n\t\t<\/span><span class=\"aioseo-breadcrumb-separator\">&raquo;<\/span><span class=\"aioseo-breadcrumb\">\n\t\t\t<a href=\"https:\/\/www.immo-invest.ch\/fr\/categories\/regions\/suisse\/suisse-orientale\/glarus-fr\/\" title=\"Glarus\">Glarus<\/a>\n\t\t<\/span><span class=\"aioseo-breadcrumb-separator\">&raquo;<\/span><span class=\"aioseo-breadcrumb\">\n\t\t\tD\u2019un site industriel \u00e0 un quartier de jardins\n\t\t<\/span><\/div>","aioseo_breadcrumb_json":[{"label":"Home","link":"https:\/\/www.immo-invest.ch\/fr\/"},{"label":"R\u00e9gions","link":"https:\/\/www.immo-invest.ch\/fr\/categories\/regions\/"},{"label":"Suisse","link":"https:\/\/www.immo-invest.ch\/fr\/categories\/regions\/suisse\/"},{"label":"Suisse orientale","link":"https:\/\/www.immo-invest.ch\/fr\/categories\/regions\/suisse\/suisse-orientale\/"},{"label":"Glarus","link":"https:\/\/www.immo-invest.ch\/fr\/categories\/regions\/suisse\/suisse-orientale\/glarus-fr\/"},{"label":"D&rsquo;un site industriel \u00e0 un quartier de jardins","link":"https:\/\/www.immo-invest.ch\/fr\/vom-industriegelaende-zum-gartenquartier\/"}],"featured_image_src":"https:\/\/www.immo-invest.ch\/wp-content\/uploads\/2025\/06\/2025-05-07-11_24_53-Window-336x168.png","_links":{"self":[{"href":"https:\/\/www.immo-invest.ch\/fr\/wp-json\/wp\/v2\/posts\/134810","targetHints":{"allow":["GET"]}}],"collection":[{"href":"https:\/\/www.immo-invest.ch\/fr\/wp-json\/wp\/v2\/posts"}],"about":[{"href":"https:\/\/www.immo-invest.ch\/fr\/wp-json\/wp\/v2\/types\/post"}],"author":[{"embeddable":true,"href":"https:\/\/www.immo-invest.ch\/fr\/wp-json\/wp\/v2\/users\/2"}],"replies":[{"embeddable":true,"href":"https:\/\/www.immo-invest.ch\/fr\/wp-json\/wp\/v2\/comments?post=134810"}],"version-history":[{"count":0,"href":"https:\/\/www.immo-invest.ch\/fr\/wp-json\/wp\/v2\/posts\/134810\/revisions"}],"wp:featuredmedia":[{"embeddable":true,"href":"https:\/\/www.immo-invest.ch\/fr\/wp-json\/wp\/v2\/media\/134805"}],"wp:attachment":[{"href":"https:\/\/www.immo-invest.ch\/fr\/wp-json\/wp\/v2\/media?parent=134810"}],"wp:term":[{"taxonomy":"category","embeddable":true,"href":"https:\/\/www.immo-invest.ch\/fr\/wp-json\/wp\/v2\/categories?post=134810"},{"taxonomy":"post_tag","embeddable":true,"href":"https:\/\/www.immo-invest.ch\/fr\/wp-json\/wp\/v2\/tags?post=134810"}],"curies":[{"name":"wp","href":"https:\/\/api.w.org\/{rel}","templated":true}]}}