{"id":134752,"date":"2025-06-24T08:50:06","date_gmt":"2025-06-24T06:50:06","guid":{"rendered":"https:\/\/www.immo-invest.ch\/zurich-und-aargau-planen-mobil-vernetzt\/"},"modified":"2025-06-24T08:56:56","modified_gmt":"2025-06-24T06:56:56","slug":"zurich-und-aargau-planen-mobil-vernetzt","status":"publish","type":"post","link":"https:\/\/www.immo-invest.ch\/fr\/zurich-und-aargau-planen-mobil-vernetzt\/","title":{"rendered":"Zurich et Argovie planifient la mise en r\u00e9seau mobile"},"content":{"rendered":"<p class=\"wp-block-paragraph\">La vall&eacute;e de la Limmat se d&eacute;veloppe rapidement, notamment gr&acirc;ce &agrave; de nouveaux projets de transport. Pour faire face strat&eacute;giquement &agrave; cette dynamique, les cantons de Zurich et d&rsquo;Argovie, en collaboration avec trois associations r&eacute;gionales de planification, lancent un instrument de planification transcantonal :. Le concept global de transport r&eacute;gional Limmattal.<\/p>\n\n\n\n\n\n<p class=\"wp-block-paragraph\">Le concept a pour principe directeur &laquo;&nbsp;Limmattal ist zukunftstauglich unterwegs&nbsp;&raquo; et vise &agrave; cr&eacute;er un &eacute;quilibre durable, performant et respectueux de l&rsquo;environnement entre l&rsquo;urbanisation et le d&eacute;veloppement des transports. L&rsquo;horizon de planification s&rsquo;&eacute;tend jusqu&rsquo;en 2050.<\/p>\n\n\n\n\n\n<p class=\"wp-block-paragraph\"><strong>L&rsquo;interconnexion multimodale comme ligne directrice<br><\/strong>L&rsquo;accent est mis sur l&rsquo;am&eacute;lioration de l&rsquo;interconnexion r&eacute;gionale, la promotion de solutions multimodales et l&rsquo;int&eacute;gration de concepts logistiques. Les r&eacute;gions voisines, telles que la vall&eacute;e de la Furt ou la ville de Zurich, sont &eacute;galement prises en compte.<\/p>\n\n\n\n\n\n<p class=\"wp-block-paragraph\">Les r&eacute;sultats du concept serviront de base aux prochains projets d&rsquo;agglom&eacute;ration et seront concr&egrave;tement mis en &oelig;uvre dans les communes et les cantons &agrave; partir de 2027\/2028. D&rsquo;ici fin 2026, des objectifs, des strat&eacute;gies et des mesures seront d&eacute;velopp&eacute;s en plusieurs phases.<\/p>\n\n\n\n\n\n<p class=\"wp-block-paragraph\"><strong>Processus structur&eacute; avec participation r&eacute;gionale<br><\/strong>Le projet est dirig&eacute; par un groupe de pilotage compos&eacute; de repr&eacute;sentants des cantons et des associations r&eacute;gionales d&rsquo;am&eacute;nagement. Une large participation des communes ainsi que des s&eacute;ances d&rsquo;information publiques garantissent la transparence et l&rsquo;acceptation.<\/p>\n\n\n\n\n\n<p class=\"wp-block-paragraph\">La directrice de projet Sarah Hug (canton de Zurich) et le directeur de projet Dominik Kramer (canton d&rsquo;Argovie) coordonnent le processus participatif. Des s&eacute;ances d&rsquo;information publiques sont pr&eacute;vues, entre autres, le 5 novembre 2025 et le 13 mai 2026.<\/p>\n\n\n\n\n\n<p class=\"wp-block-paragraph\"><strong>Strat&eacute;gie de mobilit&eacute; avec effet de signal<br><\/strong>Le rGVK Limmattal est un projet mod&egrave;le de coop&eacute;ration intercantonale dans l&rsquo;une des zones de d&eacute;veloppement les plus importantes de Suisse sur le plan &eacute;conomique. Il montre comment les int&eacute;r&ecirc;ts r&eacute;gionaux et suprar&eacute;gionaux peuvent &ecirc;tre r&eacute;unis dans une strat&eacute;gie commune pour une mobilit&eacute; durable.<\/p>\n\n","protected":false},"excerpt":{"rendered":"<p>Les cantons de Zurich et d&rsquo;Argovie, en collaboration avec des associations r\u00e9gionales de planification, ont commenc\u00e9 \u00e0 travailler sur un concept r\u00e9gional global de transport (rGVK) pour la vall\u00e9e de la Limmat. L&rsquo;objectif est d&rsquo;assurer un d\u00e9veloppement durable de la mobilit\u00e9 d&rsquo;ici 2050 &#8211; en r\u00e9seau, multimodal et coordonn\u00e9 au-del\u00e0 des fronti\u00e8res cantonales.<\/p>\n","protected":false},"author":2,"featured_media":134747,"comment_status":"open","ping_status":"open","sticky":false,"template":"","format":"standard","meta":{"pmpro_default_level":"","inline_featured_image":false,"_monsterinsights_skip_tracking":false,"footnotes":""},"categories":[4897,743,22357,22703,4957],"tags":[1999,1653,53426,32066,1132,880],"class_list":["post-134752","post","type-post","status-publish","format-standard","has-post-thumbnail","hentry","category-region-aarau","category-immonews-fr","category-industrie-du-batiment","category-mobilite","category-region-zurich","tag-aargau-fr","tag-limmattal-fr","tag-mobilitatsentwicklung-fr","tag-strategie-fr","tag-verkehr-fr","tag-zuerich-fr","pmpro-has-access"],"acf":{"bild_mit_ki_erstellt_worden":[],"lead":"Les cantons de Zurich et d'Argovie, en collaboration avec des associations r\u00e9gionales de planification, ont commenc\u00e9 \u00e0 travailler sur un concept r\u00e9gional global de transport (rGVK) pour la vall\u00e9e de la Limmat. L'objectif est d'assurer un d\u00e9veloppement durable de la mobilit\u00e9 d'ici 2050 - en r\u00e9seau, multimodal et coordonn\u00e9 au-del\u00e0 des fronti\u00e8res cantonales.","autor":"Quelle: zh","ort":"","bildunterschrift":"","bild_im_grid":false,"gallerie":"","newsim":""},"aioseo_notices":[],"aioseo_head":"\n\t\t<!-- All in One SEO 5.0.0.1 - aioseo.com -->\n\t<meta name=\"description\" content=\"Les cantons de Zurich et d&#039;Argovie, en collaboration avec des associations r\u00e9gionales de planification, ont commenc\u00e9 \u00e0 travailler sur un concept r\u00e9gional global de transport (rGVK) pour la vall\u00e9e de la Limmat. L&#039;objectif est d&#039;assurer un d\u00e9veloppement durable de la mobilit\u00e9 d&#039;ici 2050 - en r\u00e9seau, multimodal et coordonn\u00e9 au-del\u00e0 des fronti\u00e8res cantonales.\" \/>\n\t<meta name=\"robots\" content=\"max-image-preview:large\" \/>\n\t<meta name=\"author\" content=\"immovestuser\"\/>\n\t<meta name=\"google-site-verification\" content=\"fHJKvgWpZCR2zVBHWfkQeFXC11qieUSff0HGNYfuyLA\" \/>\n\t<link rel=\"canonical\" href=\"https:\/\/www.immo-invest.ch\/fr\/zurich-und-aargau-planen-mobil-vernetzt\/\" \/>\n\t<meta name=\"generator\" content=\"All in One SEO (AIOSEO) 5.0.0.1\" \/>\n\t\t<meta property=\"og:locale\" content=\"fr_FR\" \/>\n\t\t<meta property=\"og:site_name\" content=\"immo!nvest - Die Plattform f\u00fcr Standorte und Immobilien - Die\u00a0Plattform f\u00fcr Standorte und Immobilien\" \/>\n\t\t<meta property=\"og:type\" content=\"article\" \/>\n\t\t<meta property=\"og:title\" content=\"Zurich et Argovie planifient la mise en r\u00e9seau mobile - immo!nvest - Die Plattform f\u00fcr Standorte und Immobilien\" \/>\n\t\t<meta property=\"og:description\" content=\"Les cantons de Zurich et d&#039;Argovie, en collaboration avec des associations r\u00e9gionales de planification, ont commenc\u00e9 \u00e0 travailler sur un concept r\u00e9gional global de transport (rGVK) pour la vall\u00e9e de la Limmat. L&#039;objectif est d&#039;assurer un d\u00e9veloppement durable de la mobilit\u00e9 d&#039;ici 2050 - en r\u00e9seau, multimodal et coordonn\u00e9 au-del\u00e0 des fronti\u00e8res cantonales.\" \/>\n\t\t<meta property=\"og:url\" content=\"https:\/\/www.immo-invest.ch\/fr\/zurich-und-aargau-planen-mobil-vernetzt\/\" \/>\n\t\t<meta property=\"og:image\" content=\"https:\/\/www.immo-invest.ch\/wp-content\/uploads\/2025\/06\/Perimeter.1750544433537.png\" \/>\n\t\t<meta property=\"og:image:secure_url\" content=\"https:\/\/www.immo-invest.ch\/wp-content\/uploads\/2025\/06\/Perimeter.1750544433537.png\" \/>\n\t\t<meta property=\"og:image:width\" content=\"1152\" \/>\n\t\t<meta property=\"og:image:height\" content=\"759\" \/>\n\t\t<meta property=\"article:published_time\" content=\"2025-06-24T06:50:06+00:00\" \/>\n\t\t<meta property=\"article:modified_time\" content=\"2025-06-24T06:56:56+00:00\" \/>\n\t\t<meta property=\"article:publisher\" content=\"https:\/\/www.facebook.com\/people\/Immoinvest\/100077962920504\/\" \/>\n\t\t<meta name=\"twitter:card\" content=\"summary_large_image\" \/>\n\t\t<meta name=\"twitter:site\" content=\"@i\" \/>\n\t\t<meta name=\"twitter:title\" content=\"Zurich et Argovie planifient la mise en r\u00e9seau mobile - immo!nvest - Die Plattform f\u00fcr Standorte und Immobilien\" \/>\n\t\t<meta name=\"twitter:description\" content=\"Les cantons de Zurich et d&#039;Argovie, en collaboration avec des associations r\u00e9gionales de planification, ont commenc\u00e9 \u00e0 travailler sur un concept r\u00e9gional global de transport (rGVK) pour la vall\u00e9e de la Limmat. L&#039;objectif est d&#039;assurer un d\u00e9veloppement durable de la mobilit\u00e9 d&#039;ici 2050 - en r\u00e9seau, multimodal et coordonn\u00e9 au-del\u00e0 des fronti\u00e8res cantonales.\" \/>\n\t\t<meta name=\"twitter:creator\" content=\"@i\" \/>\n\t\t<meta name=\"twitter:image\" content=\"https:\/\/www.immo-invest.ch\/wp-content\/uploads\/2025\/06\/Perimeter.1750544433537.png\" \/>\n\t\t<script type=\"application\/ld+json\" class=\"aioseo-schema\">\n\t\t\t{\"@context\":\"https:\\\/\\\/schema.org\",\"@graph\":[{\"@type\":\"BlogPosting\",\"@id\":\"https:\\\/\\\/www.immo-invest.ch\\\/fr\\\/zurich-und-aargau-planen-mobil-vernetzt\\\/#blogposting\",\"name\":\"Zurich et Argovie planifient la mise en r\\u00e9seau mobile - immo!nvest - Die Plattform f\\u00fcr Standorte und Immobilien\",\"headline\":\"Zurich et Argovie planifient la mise en r\\u00e9seau mobile\",\"author\":{\"@id\":\"https:\\\/\\\/www.immo-invest.ch\\\/fr\\\/author\\\/immovestuser\\\/#author\"},\"publisher\":{\"@id\":\"https:\\\/\\\/www.immo-invest.ch\\\/fr\\\/#organization\"},\"image\":{\"@type\":\"ImageObject\",\"url\":\"https:\\\/\\\/www.immo-invest.ch\\\/wp-content\\\/uploads\\\/2025\\\/06\\\/Perimeter.1750544433537.png\",\"width\":1152,\"height\":759,\"caption\":\"https:\\\/\\\/www.zh.ch\\\/de\\\/mobilitaet\\\/gesamtverkehrsplanung\\\/regionale-gesamtverkehrskonzepte\\\/regionales-gesamtverkehrskonzept-limmattal.html\"},\"datePublished\":\"2025-06-24T08:50:06+02:00\",\"dateModified\":\"2025-06-24T08:56:56+02:00\",\"inLanguage\":\"fr-FR\",\"mainEntityOfPage\":{\"@id\":\"https:\\\/\\\/www.immo-invest.ch\\\/fr\\\/zurich-und-aargau-planen-mobil-vernetzt\\\/#webpage\"},\"isPartOf\":{\"@id\":\"https:\\\/\\\/www.immo-invest.ch\\\/fr\\\/zurich-und-aargau-planen-mobil-vernetzt\\\/#webpage\"},\"articleSection\":\"Aargau, immoNews, Industrie du b\\u00e2timent, Mobilit\\u00e9, Zurich, aargau, Limmattal, Mobilit\\u00e4tsentwicklung, Strategie, Verkehr, Z\\u00fcrich, Facultatif\"},{\"@type\":\"BreadcrumbList\",\"@id\":\"https:\\\/\\\/www.immo-invest.ch\\\/fr\\\/zurich-und-aargau-planen-mobil-vernetzt\\\/#breadcrumblist\",\"itemListElement\":[{\"@type\":\"ListItem\",\"@id\":\"https:\\\/\\\/www.immo-invest.ch\\\/fr\\\/#listItem\",\"position\":1,\"name\":\"Home\",\"item\":\"https:\\\/\\\/www.immo-invest.ch\\\/fr\\\/\",\"nextItem\":{\"@type\":\"ListItem\",\"@id\":\"https:\\\/\\\/www.immo-invest.ch\\\/fr\\\/categories\\\/regions\\\/#listItem\",\"name\":\"R\\u00e9gions\"}},{\"@type\":\"ListItem\",\"@id\":\"https:\\\/\\\/www.immo-invest.ch\\\/fr\\\/categories\\\/regions\\\/#listItem\",\"position\":2,\"name\":\"R\\u00e9gions\",\"item\":\"https:\\\/\\\/www.immo-invest.ch\\\/fr\\\/categories\\\/regions\\\/\",\"nextItem\":{\"@type\":\"ListItem\",\"@id\":\"https:\\\/\\\/www.immo-invest.ch\\\/fr\\\/categories\\\/regions\\\/suisse\\\/#listItem\",\"name\":\"Suisse\"},\"previousItem\":{\"@type\":\"ListItem\",\"@id\":\"https:\\\/\\\/www.immo-invest.ch\\\/fr\\\/#listItem\",\"name\":\"Home\"}},{\"@type\":\"ListItem\",\"@id\":\"https:\\\/\\\/www.immo-invest.ch\\\/fr\\\/categories\\\/regions\\\/suisse\\\/#listItem\",\"position\":3,\"name\":\"Suisse\",\"item\":\"https:\\\/\\\/www.immo-invest.ch\\\/fr\\\/categories\\\/regions\\\/suisse\\\/\",\"nextItem\":{\"@type\":\"ListItem\",\"@id\":\"https:\\\/\\\/www.immo-invest.ch\\\/fr\\\/categories\\\/regions\\\/suisse\\\/suisse-du-nord-ouest\\\/#listItem\",\"name\":\"Suisse du Nord-Ouest\"},\"previousItem\":{\"@type\":\"ListItem\",\"@id\":\"https:\\\/\\\/www.immo-invest.ch\\\/fr\\\/categories\\\/regions\\\/#listItem\",\"name\":\"R\\u00e9gions\"}},{\"@type\":\"ListItem\",\"@id\":\"https:\\\/\\\/www.immo-invest.ch\\\/fr\\\/categories\\\/regions\\\/suisse\\\/suisse-du-nord-ouest\\\/#listItem\",\"position\":4,\"name\":\"Suisse du Nord-Ouest\",\"item\":\"https:\\\/\\\/www.immo-invest.ch\\\/fr\\\/categories\\\/regions\\\/suisse\\\/suisse-du-nord-ouest\\\/\",\"nextItem\":{\"@type\":\"ListItem\",\"@id\":\"https:\\\/\\\/www.immo-invest.ch\\\/fr\\\/categories\\\/regions\\\/suisse\\\/suisse-du-nord-ouest\\\/region-aarau\\\/#listItem\",\"name\":\"Aargau\"},\"previousItem\":{\"@type\":\"ListItem\",\"@id\":\"https:\\\/\\\/www.immo-invest.ch\\\/fr\\\/categories\\\/regions\\\/suisse\\\/#listItem\",\"name\":\"Suisse\"}},{\"@type\":\"ListItem\",\"@id\":\"https:\\\/\\\/www.immo-invest.ch\\\/fr\\\/categories\\\/regions\\\/suisse\\\/suisse-du-nord-ouest\\\/region-aarau\\\/#listItem\",\"position\":5,\"name\":\"Aargau\",\"item\":\"https:\\\/\\\/www.immo-invest.ch\\\/fr\\\/categories\\\/regions\\\/suisse\\\/suisse-du-nord-ouest\\\/region-aarau\\\/\",\"nextItem\":{\"@type\":\"ListItem\",\"@id\":\"https:\\\/\\\/www.immo-invest.ch\\\/fr\\\/zurich-und-aargau-planen-mobil-vernetzt\\\/#listItem\",\"name\":\"Zurich et Argovie planifient la mise en r\\u00e9seau mobile\"},\"previousItem\":{\"@type\":\"ListItem\",\"@id\":\"https:\\\/\\\/www.immo-invest.ch\\\/fr\\\/categories\\\/regions\\\/suisse\\\/suisse-du-nord-ouest\\\/#listItem\",\"name\":\"Suisse du Nord-Ouest\"}},{\"@type\":\"ListItem\",\"@id\":\"https:\\\/\\\/www.immo-invest.ch\\\/fr\\\/zurich-und-aargau-planen-mobil-vernetzt\\\/#listItem\",\"position\":6,\"name\":\"Zurich et Argovie planifient la mise en r\\u00e9seau mobile\",\"previousItem\":{\"@type\":\"ListItem\",\"@id\":\"https:\\\/\\\/www.immo-invest.ch\\\/fr\\\/categories\\\/regions\\\/suisse\\\/suisse-du-nord-ouest\\\/region-aarau\\\/#listItem\",\"name\":\"Aargau\"}}]},{\"@type\":\"Organization\",\"@id\":\"https:\\\/\\\/www.immo-invest.ch\\\/fr\\\/#organization\",\"name\":\"immo!nvest - Die Plattform f\\u00fcr Standorte und Immobilien\",\"description\":\"Die\\u00a0Plattform f\\u00fcr Standorte und Immobilien\",\"url\":\"https:\\\/\\\/www.immo-invest.ch\\\/fr\\\/\",\"email\":\"admin@immomedia.ag\",\"telephone\":\"+41444420002\",\"logo\":{\"@type\":\"ImageObject\",\"url\":\"https:\\\/\\\/www.immo-invest.ch\\\/wp-content\\\/uploads\\\/2024\\\/09\\\/immoinvest_sm-scaled.jpg\",\"@id\":\"https:\\\/\\\/www.immo-invest.ch\\\/fr\\\/zurich-und-aargau-planen-mobil-vernetzt\\\/#organizationLogo\",\"width\":2560,\"height\":1340},\"image\":{\"@id\":\"https:\\\/\\\/www.immo-invest.ch\\\/fr\\\/zurich-und-aargau-planen-mobil-vernetzt\\\/#organizationLogo\"},\"sameAs\":[\"https:\\\/\\\/www.facebook.com\\\/people\\\/Immoinvest\\\/100077962920504\\\/\",\"https:\\\/\\\/x.com\\\/i\\\/flow\\\/login?redirect_after_login=immoinvest_ch\",\"https:\\\/\\\/www.instagram.com\\\/immoinvest_ch\\\/\",\"https:\\\/\\\/www.linkedin.com\\\/company\\\/immoinvest-swiss\"]},{\"@type\":\"Person\",\"@id\":\"https:\\\/\\\/www.immo-invest.ch\\\/fr\\\/author\\\/immovestuser\\\/#author\",\"url\":\"https:\\\/\\\/www.immo-invest.ch\\\/fr\\\/author\\\/immovestuser\\\/\",\"name\":\"immovestuser\",\"image\":{\"@type\":\"ImageObject\",\"@id\":\"https:\\\/\\\/www.immo-invest.ch\\\/fr\\\/zurich-und-aargau-planen-mobil-vernetzt\\\/#authorImage\",\"url\":\"https:\\\/\\\/secure.gravatar.com\\\/avatar\\\/8e01f4d99f2eeea7a362ebb93305e1172a70e9293ba250f897a65c39f54cdd1e?s=96&d=mm&r=g\",\"width\":96,\"height\":96,\"caption\":\"immovestuser\"}},{\"@type\":\"WebPage\",\"@id\":\"https:\\\/\\\/www.immo-invest.ch\\\/fr\\\/zurich-und-aargau-planen-mobil-vernetzt\\\/#webpage\",\"url\":\"https:\\\/\\\/www.immo-invest.ch\\\/fr\\\/zurich-und-aargau-planen-mobil-vernetzt\\\/\",\"name\":\"Zurich et Argovie planifient la mise en r\\u00e9seau mobile - immo!nvest - Die Plattform f\\u00fcr Standorte und Immobilien\",\"description\":\"Les cantons de Zurich et d'Argovie, en collaboration avec des associations r\\u00e9gionales de planification, ont commenc\\u00e9 \\u00e0 travailler sur un concept r\\u00e9gional global de transport (rGVK) pour la vall\\u00e9e de la Limmat. L'objectif est d'assurer un d\\u00e9veloppement durable de la mobilit\\u00e9 d'ici 2050 - en r\\u00e9seau, multimodal et coordonn\\u00e9 au-del\\u00e0 des fronti\\u00e8res cantonales.\",\"inLanguage\":\"fr-FR\",\"isPartOf\":{\"@id\":\"https:\\\/\\\/www.immo-invest.ch\\\/fr\\\/#website\"},\"breadcrumb\":{\"@id\":\"https:\\\/\\\/www.immo-invest.ch\\\/fr\\\/zurich-und-aargau-planen-mobil-vernetzt\\\/#breadcrumblist\"},\"author\":{\"@id\":\"https:\\\/\\\/www.immo-invest.ch\\\/fr\\\/author\\\/immovestuser\\\/#author\"},\"creator\":{\"@id\":\"https:\\\/\\\/www.immo-invest.ch\\\/fr\\\/author\\\/immovestuser\\\/#author\"},\"image\":{\"@type\":\"ImageObject\",\"url\":\"https:\\\/\\\/www.immo-invest.ch\\\/wp-content\\\/uploads\\\/2025\\\/06\\\/Perimeter.1750544433537.png\",\"@id\":\"https:\\\/\\\/www.immo-invest.ch\\\/fr\\\/zurich-und-aargau-planen-mobil-vernetzt\\\/#mainImage\",\"width\":1152,\"height\":759,\"caption\":\"https:\\\/\\\/www.zh.ch\\\/de\\\/mobilitaet\\\/gesamtverkehrsplanung\\\/regionale-gesamtverkehrskonzepte\\\/regionales-gesamtverkehrskonzept-limmattal.html\"},\"primaryImageOfPage\":{\"@id\":\"https:\\\/\\\/www.immo-invest.ch\\\/fr\\\/zurich-und-aargau-planen-mobil-vernetzt\\\/#mainImage\"},\"datePublished\":\"2025-06-24T08:50:06+02:00\",\"dateModified\":\"2025-06-24T08:56:56+02:00\"},{\"@type\":\"WebSite\",\"@id\":\"https:\\\/\\\/www.immo-invest.ch\\\/fr\\\/#website\",\"url\":\"https:\\\/\\\/www.immo-invest.ch\\\/fr\\\/\",\"name\":\"immo!nvest - Die Plattform f\\u00fcr Standorte und Immobilien\",\"description\":\"Die\\u00a0Plattform f\\u00fcr Standorte und Immobilien\",\"inLanguage\":\"fr-FR\",\"publisher\":{\"@id\":\"https:\\\/\\\/www.immo-invest.ch\\\/fr\\\/#organization\"}}]}\n\t\t<\/script>\n\t\t<!-- All in One SEO -->\n\n","aioseo_head_json":{"title":"Zurich et Argovie planifient la mise en r\u00e9seau mobile - immo!nvest - Die Plattform f\u00fcr Standorte und Immobilien","description":"Les cantons de Zurich et d'Argovie, en collaboration avec des associations r\u00e9gionales de planification, ont commenc\u00e9 \u00e0 travailler sur un concept r\u00e9gional global de transport (rGVK) pour la vall\u00e9e de la Limmat. L'objectif est d'assurer un d\u00e9veloppement durable de la mobilit\u00e9 d'ici 2050 - en r\u00e9seau, multimodal et coordonn\u00e9 au-del\u00e0 des fronti\u00e8res cantonales.","canonical_url":"https:\/\/www.immo-invest.ch\/fr\/zurich-und-aargau-planen-mobil-vernetzt\/","robots":"max-image-preview:large","keywords":"","webmasterTools":{"google-site-verification":"fHJKvgWpZCR2zVBHWfkQeFXC11qieUSff0HGNYfuyLA","miscellaneous":""},"schema":{"@context":"https:\/\/schema.org","@graph":[{"@type":"BlogPosting","@id":"https:\/\/www.immo-invest.ch\/fr\/zurich-und-aargau-planen-mobil-vernetzt\/#blogposting","name":"Zurich et Argovie planifient la mise en r\u00e9seau mobile - immo!nvest - Die Plattform f\u00fcr Standorte und Immobilien","headline":"Zurich et Argovie planifient la mise en r\u00e9seau mobile","author":{"@id":"https:\/\/www.immo-invest.ch\/fr\/author\/immovestuser\/#author"},"publisher":{"@id":"https:\/\/www.immo-invest.ch\/fr\/#organization"},"image":{"@type":"ImageObject","url":"https:\/\/www.immo-invest.ch\/wp-content\/uploads\/2025\/06\/Perimeter.1750544433537.png","width":1152,"height":759,"caption":"https:\/\/www.zh.ch\/de\/mobilitaet\/gesamtverkehrsplanung\/regionale-gesamtverkehrskonzepte\/regionales-gesamtverkehrskonzept-limmattal.html"},"datePublished":"2025-06-24T08:50:06+02:00","dateModified":"2025-06-24T08:56:56+02:00","inLanguage":"fr-FR","mainEntityOfPage":{"@id":"https:\/\/www.immo-invest.ch\/fr\/zurich-und-aargau-planen-mobil-vernetzt\/#webpage"},"isPartOf":{"@id":"https:\/\/www.immo-invest.ch\/fr\/zurich-und-aargau-planen-mobil-vernetzt\/#webpage"},"articleSection":"Aargau, immoNews, Industrie du b\u00e2timent, Mobilit\u00e9, Zurich, aargau, Limmattal, Mobilit\u00e4tsentwicklung, Strategie, Verkehr, Z\u00fcrich, Facultatif"},{"@type":"BreadcrumbList","@id":"https:\/\/www.immo-invest.ch\/fr\/zurich-und-aargau-planen-mobil-vernetzt\/#breadcrumblist","itemListElement":[{"@type":"ListItem","@id":"https:\/\/www.immo-invest.ch\/fr\/#listItem","position":1,"name":"Home","item":"https:\/\/www.immo-invest.ch\/fr\/","nextItem":{"@type":"ListItem","@id":"https:\/\/www.immo-invest.ch\/fr\/categories\/regions\/#listItem","name":"R\u00e9gions"}},{"@type":"ListItem","@id":"https:\/\/www.immo-invest.ch\/fr\/categories\/regions\/#listItem","position":2,"name":"R\u00e9gions","item":"https:\/\/www.immo-invest.ch\/fr\/categories\/regions\/","nextItem":{"@type":"ListItem","@id":"https:\/\/www.immo-invest.ch\/fr\/categories\/regions\/suisse\/#listItem","name":"Suisse"},"previousItem":{"@type":"ListItem","@id":"https:\/\/www.immo-invest.ch\/fr\/#listItem","name":"Home"}},{"@type":"ListItem","@id":"https:\/\/www.immo-invest.ch\/fr\/categories\/regions\/suisse\/#listItem","position":3,"name":"Suisse","item":"https:\/\/www.immo-invest.ch\/fr\/categories\/regions\/suisse\/","nextItem":{"@type":"ListItem","@id":"https:\/\/www.immo-invest.ch\/fr\/categories\/regions\/suisse\/suisse-du-nord-ouest\/#listItem","name":"Suisse du Nord-Ouest"},"previousItem":{"@type":"ListItem","@id":"https:\/\/www.immo-invest.ch\/fr\/categories\/regions\/#listItem","name":"R\u00e9gions"}},{"@type":"ListItem","@id":"https:\/\/www.immo-invest.ch\/fr\/categories\/regions\/suisse\/suisse-du-nord-ouest\/#listItem","position":4,"name":"Suisse du Nord-Ouest","item":"https:\/\/www.immo-invest.ch\/fr\/categories\/regions\/suisse\/suisse-du-nord-ouest\/","nextItem":{"@type":"ListItem","@id":"https:\/\/www.immo-invest.ch\/fr\/categories\/regions\/suisse\/suisse-du-nord-ouest\/region-aarau\/#listItem","name":"Aargau"},"previousItem":{"@type":"ListItem","@id":"https:\/\/www.immo-invest.ch\/fr\/categories\/regions\/suisse\/#listItem","name":"Suisse"}},{"@type":"ListItem","@id":"https:\/\/www.immo-invest.ch\/fr\/categories\/regions\/suisse\/suisse-du-nord-ouest\/region-aarau\/#listItem","position":5,"name":"Aargau","item":"https:\/\/www.immo-invest.ch\/fr\/categories\/regions\/suisse\/suisse-du-nord-ouest\/region-aarau\/","nextItem":{"@type":"ListItem","@id":"https:\/\/www.immo-invest.ch\/fr\/zurich-und-aargau-planen-mobil-vernetzt\/#listItem","name":"Zurich et Argovie planifient la mise en r\u00e9seau mobile"},"previousItem":{"@type":"ListItem","@id":"https:\/\/www.immo-invest.ch\/fr\/categories\/regions\/suisse\/suisse-du-nord-ouest\/#listItem","name":"Suisse du Nord-Ouest"}},{"@type":"ListItem","@id":"https:\/\/www.immo-invest.ch\/fr\/zurich-und-aargau-planen-mobil-vernetzt\/#listItem","position":6,"name":"Zurich et Argovie planifient la mise en r\u00e9seau mobile","previousItem":{"@type":"ListItem","@id":"https:\/\/www.immo-invest.ch\/fr\/categories\/regions\/suisse\/suisse-du-nord-ouest\/region-aarau\/#listItem","name":"Aargau"}}]},{"@type":"Organization","@id":"https:\/\/www.immo-invest.ch\/fr\/#organization","name":"immo!nvest - Die Plattform f\u00fcr Standorte und Immobilien","description":"Die\u00a0Plattform f\u00fcr Standorte und Immobilien","url":"https:\/\/www.immo-invest.ch\/fr\/","email":"admin@immomedia.ag","telephone":"+41444420002","logo":{"@type":"ImageObject","url":"https:\/\/www.immo-invest.ch\/wp-content\/uploads\/2024\/09\/immoinvest_sm-scaled.jpg","@id":"https:\/\/www.immo-invest.ch\/fr\/zurich-und-aargau-planen-mobil-vernetzt\/#organizationLogo","width":2560,"height":1340},"image":{"@id":"https:\/\/www.immo-invest.ch\/fr\/zurich-und-aargau-planen-mobil-vernetzt\/#organizationLogo"},"sameAs":["https:\/\/www.facebook.com\/people\/Immoinvest\/100077962920504\/","https:\/\/x.com\/i\/flow\/login?redirect_after_login=immoinvest_ch","https:\/\/www.instagram.com\/immoinvest_ch\/","https:\/\/www.linkedin.com\/company\/immoinvest-swiss"]},{"@type":"Person","@id":"https:\/\/www.immo-invest.ch\/fr\/author\/immovestuser\/#author","url":"https:\/\/www.immo-invest.ch\/fr\/author\/immovestuser\/","name":"immovestuser","image":{"@type":"ImageObject","@id":"https:\/\/www.immo-invest.ch\/fr\/zurich-und-aargau-planen-mobil-vernetzt\/#authorImage","url":"https:\/\/secure.gravatar.com\/avatar\/8e01f4d99f2eeea7a362ebb93305e1172a70e9293ba250f897a65c39f54cdd1e?s=96&d=mm&r=g","width":96,"height":96,"caption":"immovestuser"}},{"@type":"WebPage","@id":"https:\/\/www.immo-invest.ch\/fr\/zurich-und-aargau-planen-mobil-vernetzt\/#webpage","url":"https:\/\/www.immo-invest.ch\/fr\/zurich-und-aargau-planen-mobil-vernetzt\/","name":"Zurich et Argovie planifient la mise en r\u00e9seau mobile - immo!nvest - Die Plattform f\u00fcr Standorte und Immobilien","description":"Les cantons de Zurich et d'Argovie, en collaboration avec des associations r\u00e9gionales de planification, ont commenc\u00e9 \u00e0 travailler sur un concept r\u00e9gional global de transport (rGVK) pour la vall\u00e9e de la Limmat. L'objectif est d'assurer un d\u00e9veloppement durable de la mobilit\u00e9 d'ici 2050 - en r\u00e9seau, multimodal et coordonn\u00e9 au-del\u00e0 des fronti\u00e8res cantonales.","inLanguage":"fr-FR","isPartOf":{"@id":"https:\/\/www.immo-invest.ch\/fr\/#website"},"breadcrumb":{"@id":"https:\/\/www.immo-invest.ch\/fr\/zurich-und-aargau-planen-mobil-vernetzt\/#breadcrumblist"},"author":{"@id":"https:\/\/www.immo-invest.ch\/fr\/author\/immovestuser\/#author"},"creator":{"@id":"https:\/\/www.immo-invest.ch\/fr\/author\/immovestuser\/#author"},"image":{"@type":"ImageObject","url":"https:\/\/www.immo-invest.ch\/wp-content\/uploads\/2025\/06\/Perimeter.1750544433537.png","@id":"https:\/\/www.immo-invest.ch\/fr\/zurich-und-aargau-planen-mobil-vernetzt\/#mainImage","width":1152,"height":759,"caption":"https:\/\/www.zh.ch\/de\/mobilitaet\/gesamtverkehrsplanung\/regionale-gesamtverkehrskonzepte\/regionales-gesamtverkehrskonzept-limmattal.html"},"primaryImageOfPage":{"@id":"https:\/\/www.immo-invest.ch\/fr\/zurich-und-aargau-planen-mobil-vernetzt\/#mainImage"},"datePublished":"2025-06-24T08:50:06+02:00","dateModified":"2025-06-24T08:56:56+02:00"},{"@type":"WebSite","@id":"https:\/\/www.immo-invest.ch\/fr\/#website","url":"https:\/\/www.immo-invest.ch\/fr\/","name":"immo!nvest - Die Plattform f\u00fcr Standorte und Immobilien","description":"Die\u00a0Plattform f\u00fcr Standorte und Immobilien","inLanguage":"fr-FR","publisher":{"@id":"https:\/\/www.immo-invest.ch\/fr\/#organization"}}]},"og:locale":"fr_FR","og:site_name":"immo!nvest - Die Plattform f\u00fcr Standorte und Immobilien - Die\u00a0Plattform f\u00fcr Standorte und Immobilien","og:type":"article","og:title":"Zurich et Argovie planifient la mise en r\u00e9seau mobile - immo!nvest - Die Plattform f\u00fcr Standorte und Immobilien","og:description":"Les cantons de Zurich et d'Argovie, en collaboration avec des associations r\u00e9gionales de planification, ont commenc\u00e9 \u00e0 travailler sur un concept r\u00e9gional global de transport (rGVK) pour la vall\u00e9e de la Limmat. L'objectif est d'assurer un d\u00e9veloppement durable de la mobilit\u00e9 d'ici 2050 - en r\u00e9seau, multimodal et coordonn\u00e9 au-del\u00e0 des fronti\u00e8res cantonales.","og:url":"https:\/\/www.immo-invest.ch\/fr\/zurich-und-aargau-planen-mobil-vernetzt\/","og:image":"https:\/\/www.immo-invest.ch\/wp-content\/uploads\/2025\/06\/Perimeter.1750544433537.png","og:image:secure_url":"https:\/\/www.immo-invest.ch\/wp-content\/uploads\/2025\/06\/Perimeter.1750544433537.png","og:image:width":1152,"og:image:height":759,"article:published_time":"2025-06-24T06:50:06+00:00","article:modified_time":"2025-06-24T06:56:56+00:00","article:publisher":"https:\/\/www.facebook.com\/people\/Immoinvest\/100077962920504\/","twitter:card":"summary_large_image","twitter:site":"@i","twitter:title":"Zurich et Argovie planifient la mise en r\u00e9seau mobile - immo!nvest - Die Plattform f\u00fcr Standorte und Immobilien","twitter:description":"Les cantons de Zurich et d'Argovie, en collaboration avec des associations r\u00e9gionales de planification, ont commenc\u00e9 \u00e0 travailler sur un concept r\u00e9gional global de transport (rGVK) pour la vall\u00e9e de la Limmat. L'objectif est d'assurer un d\u00e9veloppement durable de la mobilit\u00e9 d'ici 2050 - en r\u00e9seau, multimodal et coordonn\u00e9 au-del\u00e0 des fronti\u00e8res cantonales.","twitter:creator":"@i","twitter:image":"https:\/\/www.immo-invest.ch\/wp-content\/uploads\/2025\/06\/Perimeter.1750544433537.png"},"aioseo_meta_data":{"post_id":"134752","title":null,"description":null,"keywords":null,"keyphrases":{"focus":{"keyphrase":"","score":0,"analysis":{"keyphraseInTitle":{"score":0,"maxScore":9,"error":1}}},"additional":[]},"primary_term":null,"canonical_url":null,"og_title":null,"og_description":null,"og_object_type":"default","og_image_type":"default","og_image_url":null,"og_image_width":null,"og_image_height":null,"og_image_custom_url":null,"og_image_custom_fields":null,"og_video":"","og_custom_url":null,"og_article_section":null,"og_article_tags":null,"twitter_use_og":false,"twitter_card":"default","twitter_image_type":"default","twitter_image_url":null,"twitter_image_custom_url":null,"twitter_image_custom_fields":null,"twitter_title":null,"twitter_description":null,"schema":{"blockGraphs":[],"customGraphs":[],"default":{"data":{"Article":[],"Course":[],"Dataset":[],"FAQPage":[],"Movie":[],"Person":[],"Product":[],"ProductReview":[],"Car":[],"Recipe":[],"Service":[],"SoftwareApplication":[],"WebPage":[]},"graphName":"BlogPosting","isEnabled":true},"graphs":[]},"schema_type":"default","schema_type_options":null,"pillar_content":false,"robots_default":true,"robots_noindex":false,"robots_noarchive":false,"robots_nosnippet":false,"robots_nofollow":false,"robots_noimageindex":false,"robots_noodp":false,"robots_notranslate":false,"robots_max_snippet":"-1","robots_max_videopreview":"-1","robots_max_imagepreview":"large","priority":null,"frequency":"default","local_seo":null,"breadcrumb_settings":null,"limit_modified_date":false,"ai":null,"created":"2025-06-24 06:54:29","updated":"2025-10-24 22:34:17","seo_analyzer_scan_date":null,"focus_keyword":null,"additional_keywords":null,"truseo_locale":null},"aioseo_breadcrumb":"<div class=\"aioseo-breadcrumbs\"><span class=\"aioseo-breadcrumb\">\n\t\t\t<a href=\"https:\/\/www.immo-invest.ch\/fr\/\" title=\"Home\">Home<\/a>\n\t\t<\/span><span class=\"aioseo-breadcrumb-separator\">&raquo;<\/span><span class=\"aioseo-breadcrumb\">\n\t\t\t<a href=\"https:\/\/www.immo-invest.ch\/fr\/categories\/regions\/\" title=\"R\u00e9gions\">R\u00e9gions<\/a>\n\t\t<\/span><span class=\"aioseo-breadcrumb-separator\">&raquo;<\/span><span class=\"aioseo-breadcrumb\">\n\t\t\t<a href=\"https:\/\/www.immo-invest.ch\/fr\/categories\/regions\/suisse\/\" title=\"Suisse\">Suisse<\/a>\n\t\t<\/span><span class=\"aioseo-breadcrumb-separator\">&raquo;<\/span><span class=\"aioseo-breadcrumb\">\n\t\t\t<a href=\"https:\/\/www.immo-invest.ch\/fr\/categories\/regions\/suisse\/suisse-du-nord-ouest\/\" title=\"Suisse du Nord-Ouest\">Suisse du Nord-Ouest<\/a>\n\t\t<\/span><span class=\"aioseo-breadcrumb-separator\">&raquo;<\/span><span class=\"aioseo-breadcrumb\">\n\t\t\t<a href=\"https:\/\/www.immo-invest.ch\/fr\/categories\/regions\/suisse\/suisse-du-nord-ouest\/region-aarau\/\" title=\"Aargau\">Aargau<\/a>\n\t\t<\/span><span class=\"aioseo-breadcrumb-separator\">&raquo;<\/span><span class=\"aioseo-breadcrumb\">\n\t\t\tZurich et Argovie planifient la mise en r\u00e9seau mobile\n\t\t<\/span><\/div>","aioseo_breadcrumb_json":[{"label":"Home","link":"https:\/\/www.immo-invest.ch\/fr\/"},{"label":"R\u00e9gions","link":"https:\/\/www.immo-invest.ch\/fr\/categories\/regions\/"},{"label":"Suisse","link":"https:\/\/www.immo-invest.ch\/fr\/categories\/regions\/suisse\/"},{"label":"Suisse du Nord-Ouest","link":"https:\/\/www.immo-invest.ch\/fr\/categories\/regions\/suisse\/suisse-du-nord-ouest\/"},{"label":"Aargau","link":"https:\/\/www.immo-invest.ch\/fr\/categories\/regions\/suisse\/suisse-du-nord-ouest\/region-aarau\/"},{"label":"Zurich et Argovie planifient la mise en r\u00e9seau mobile","link":"https:\/\/www.immo-invest.ch\/fr\/zurich-und-aargau-planen-mobil-vernetzt\/"}],"featured_image_src":"https:\/\/www.immo-invest.ch\/wp-content\/uploads\/2025\/06\/Perimeter.1750544433537-336x168.png","_links":{"self":[{"href":"https:\/\/www.immo-invest.ch\/fr\/wp-json\/wp\/v2\/posts\/134752","targetHints":{"allow":["GET"]}}],"collection":[{"href":"https:\/\/www.immo-invest.ch\/fr\/wp-json\/wp\/v2\/posts"}],"about":[{"href":"https:\/\/www.immo-invest.ch\/fr\/wp-json\/wp\/v2\/types\/post"}],"author":[{"embeddable":true,"href":"https:\/\/www.immo-invest.ch\/fr\/wp-json\/wp\/v2\/users\/2"}],"replies":[{"embeddable":true,"href":"https:\/\/www.immo-invest.ch\/fr\/wp-json\/wp\/v2\/comments?post=134752"}],"version-history":[{"count":0,"href":"https:\/\/www.immo-invest.ch\/fr\/wp-json\/wp\/v2\/posts\/134752\/revisions"}],"wp:featuredmedia":[{"embeddable":true,"href":"https:\/\/www.immo-invest.ch\/fr\/wp-json\/wp\/v2\/media\/134747"}],"wp:attachment":[{"href":"https:\/\/www.immo-invest.ch\/fr\/wp-json\/wp\/v2\/media?parent=134752"}],"wp:term":[{"taxonomy":"category","embeddable":true,"href":"https:\/\/www.immo-invest.ch\/fr\/wp-json\/wp\/v2\/categories?post=134752"},{"taxonomy":"post_tag","embeddable":true,"href":"https:\/\/www.immo-invest.ch\/fr\/wp-json\/wp\/v2\/tags?post=134752"}],"curies":[{"name":"wp","href":"https:\/\/api.w.org\/{rel}","templated":true}]}}