{"id":134589,"date":"2025-06-24T08:29:00","date_gmt":"2025-06-24T06:29:00","guid":{"rendered":"https:\/\/www.immo-invest.ch\/?p=134589"},"modified":"2025-06-24T09:23:19","modified_gmt":"2025-06-24T07:23:19","slug":"basel-sbb-west-setzt-neue-massstaebe","status":"publish","type":"post","link":"https:\/\/www.immo-invest.ch\/fr\/basel-sbb-west-setzt-neue-massstaebe\/","title":{"rendered":"B\u00e2le CFF Ouest pose de nouveaux jalons"},"content":{"rendered":"<p class=\"wp-block-paragraph\">Das gemeinsame Projekt von SBB, Bund und Kanton Basel-Stadt zielt auf einen Ausbau des Bahnhofs Basel SBB mit h&ouml;herer Kapazit&auml;t und verbesserten Verbindungen in Richtung Westen. Kernst&uuml;cke sind zwei Grossprojekte, die neue Margarethenbr&uuml;cke und der Perronzugang Margarethen. Ein interdisziplin&auml;res Gremium hat Ende Mai 2025 das &uuml;berzeugendste Konzept im Rahmen eines Studienauftrags gek&uuml;rt.<\/p>\n\n<p class=\"wp-block-paragraph\">Das Siegerprojekt des Z&uuml;rcher Teams Penzel Valier bringt eine innovative architektonische L&ouml;sung. Ein leichtes, ausgedehntes Dach &uuml;berspannt k&uuml;nftig Tramhaltestelle und Perrons. Es schafft nicht nur eine neue Bahnhofshalle mit hoher Aufenthaltsqualit&auml;t, sondern bietet auch Platz f&uuml;r Begr&uuml;nung und Photovoltaik.<\/p>\n\n<p class=\"wp-block-paragraph\"><strong>Verbindung von Funktion und Gestaltung<br><\/strong>Die neue Br&uuml;cke und der Perronzugang f&uuml;gen sich harmonisch in das st&auml;dtische Umfeld ein. Dank schlanker Tragwerke k&ouml;nnen die Anschl&uuml;sse zu den umliegenden Quartieren tief gehalten werden. Die Halle SNCF, ein denkmalgesch&uuml;tztes Element, bleibt erhalten und wird sorgf&auml;ltig in das neue Gef&uuml;ge integriert.<\/p>\n\n<p class=\"wp-block-paragraph\">Ein differenziertes W&auml;rmemanagement und die geplante Flexibilit&auml;t bei sp&auml;teren Erweiterungen zeigen, das Projekt denkt in Etappen und bietet langfristige Perspektiven f&uuml;r die Mobilit&auml;t der Region.<\/p>\n\n<p class=\"wp-block-paragraph\"><strong>Umsetzung in Etappen, mit Fokus auf Qualit&auml;t<br><\/strong>Die neue Infrastruktur wird fr&uuml;hestens ab 2034 realisiert. Grund daf&uuml;r ist die komplexe Ausgangslage. Neben dem laufenden Bahn- und Stadtverkehr sind auch denkmalpflegerische Auflagen und ein m&ouml;glicher zuk&uuml;nftiger Tiefbahnhof zu ber&uuml;cksichtigen.<\/p>\n\n<p class=\"wp-block-paragraph\">Beide Teilprojekte, die Br&uuml;cke und der Zugang, k&ouml;nnen unabh&auml;ngig gebaut werden, doch Bund, Kanton und SBB streben eine gemeinsame Umsetzung an. Die voraussichtlichen Kosten liegen je Projekt im dreistelligen Millionenbereich. W&auml;hrend der Zugang Margarethen bereits finanziert ist, steht die <span class=\"glossaryLink\" aria-describedby=\"tt\" data-cmtooltip=\"&lt;div class=glossaryItemTitle&gt;Finanzierung&lt;\/div&gt;&lt;div class=glossaryItemBody&gt;Die meisten K&auml;ufer von Wohneigentum greifen f&uuml;r die Finanzierung auf Hypothekardarlehen von Banken zur&uuml;ck. Dabei sollte der Eigenkapitalanteil mindestens 20?% des Kaufpreises betragen&lt;\/div&gt;\" data-mobile-support=\"0\" data-gt-translate-attributes='[{\"attribute\":\"data-cmtooltip\", \"format\":\"html\"}]' tabindex=\"0\" role=\"link\">Finanzierung<\/span> der Br&uuml;cke noch aus.<\/p>\n\n<p class=\"wp-block-paragraph\"><strong>Neue Mobilit&auml;tsdrehscheibe mit Symbolkraft<br><\/strong>Mit Basel SBB West entsteht nicht nur zus&auml;tzliche Bahninfrastruktur, das Projekt schafft neue R&auml;ume f&uuml;r Stadtentwicklung, nachhaltige Mobilit&auml;t und Aufenthaltsqualit&auml;t. Es ist ein Musterbeispiel f&uuml;r die Integration von Verkehr, <span class=\"glossaryLink\" aria-describedby=\"tt\" data-cmtooltip=\"&lt;div class=glossaryItemTitle&gt;Architektur&lt;\/div&gt;&lt;div class=glossaryItemBody&gt;Entwurf und Gestaltung von Bauwerken unter Ber&uuml;cksichtigung &auml;sthetischer, technischer, sozialer, wirtschaftlicher und &ouml;kologischer Belange. Im Unterschied zum &laquo;blossen&raquo; Bauen bem&uuml;ht sich Architektur um die Koordination vielf&auml;ltiger Werte, Anspr&uuml;che und Erfahrungen&lt;\/div&gt;\" data-mobile-support=\"0\" data-gt-translate-attributes='[{\"attribute\":\"data-cmtooltip\", \"format\":\"html\"}]' tabindex=\"0\" role=\"link\">Architektur<\/span> und <span class=\"glossaryLink\" aria-describedby=\"tt\" data-cmtooltip=\"&lt;div class=glossaryItemTitle&gt;St&auml;dtebau&lt;\/div&gt;&lt;div class=glossaryItemBody&gt;Gestaltung von Geb&auml;udegruppen, Siedlungen, Stadtteilen und &ouml;ffentlichem Raum unter Ber&uuml;cksichtigung gesellschaftspolitischer Ziele&lt;\/div&gt;\" data-mobile-support=\"0\" data-gt-translate-attributes='[{\"attribute\":\"data-cmtooltip\", \"format\":\"html\"}]' tabindex=\"0\" role=\"link\">St&auml;dtebau<\/span> in einem historischen Kontext. Die &ouml;ffentliche Ausstellung des Siegerprojekts findet vom 19. bis 28. Juni 2025 statt, ein &ouml;ffentlicher Infoanlass folgt am 25. Juni.<\/p>\n","protected":false},"excerpt":{"rendered":"<p>Avec un vaste toit de halle v\u00e9g\u00e9talis\u00e9 et une forte int\u00e9gration urbaine, le projet gagnant de l&rsquo;\u00e9quipe Penzel Valier pour l&rsquo;extension de la gare de B\u00e2le CFF Ouest est convaincant. Le nouvel acc\u00e8s aux quais Margarethen et le pont Margarethen constituent le c\u0153ur de ce projet d&rsquo;avenir qui devrait \u00eatre r\u00e9alis\u00e9 \u00e0 partir des ann\u00e9es 2030.<\/p>\n","protected":false},"author":2,"featured_media":134558,"comment_status":"open","ping_status":"open","sticky":false,"template":"","format":"standard","meta":{"pmpro_default_level":"","inline_featured_image":false,"_monsterinsights_skip_tracking":false,"footnotes":""},"categories":[9438,743,22703,739],"tags":[53395,38405,872,3931,53396,2002,53398,53399],"class_list":["post-134589","post","type-post","status-publish","format-standard","has-post-thumbnail","hentry","category-region-bale","category-immonews-fr","category-mobilite","category-projects","tag-bahnhofsausbau-fr","tag-bahnverkehr-fr","tag-immoinvest-fr","tag-immonews-fr","tag-margarethenbruecke-fr","tag-news-fr","tag-tiefbahnhof-fr","tag-werbemanagement-fr","pmpro-has-access"],"acf":{"bild_mit_ki_erstellt_worden":[],"lead":"Avec un vaste toit de halle v\u00e9g\u00e9talis\u00e9 et une forte int\u00e9gration urbaine, le projet gagnant de l'\u00e9quipe Penzel Valier pour l'extension de la gare de B\u00e2le CFF Ouest est convaincant. Le nouvel acc\u00e8s aux quais Margarethen et le pont Margarethen constituent le c\u0153ur de ce projet d'avenir qui devrait \u00eatre r\u00e9alis\u00e9 \u00e0 partir des ann\u00e9es 2030.","autor":"Quelle: SBB, Bild: Penzel Valier \/ Architekturbasel","ort":"","bildunterschrift":"","bild_im_grid":false,"gallerie":"","newsim":""},"aioseo_notices":[],"aioseo_head":"\n\t\t<!-- All in One SEO 5.0.0.1 - aioseo.com -->\n\t<meta name=\"description\" content=\"Avec un vaste toit de halle v\u00e9g\u00e9talis\u00e9 et une forte int\u00e9gration urbaine, le projet gagnant de l&#039;\u00e9quipe Penzel Valier pour l&#039;extension de la gare de B\u00e2le CFF Ouest est convaincant. Le nouvel acc\u00e8s aux quais Margarethen et le pont Margarethen constituent le c\u0153ur de ce projet d&#039;avenir qui devrait \u00eatre r\u00e9alis\u00e9 \u00e0 partir des ann\u00e9es 2030.\" \/>\n\t<meta name=\"robots\" content=\"max-image-preview:large\" \/>\n\t<meta name=\"author\" content=\"immovestuser\"\/>\n\t<meta name=\"google-site-verification\" content=\"fHJKvgWpZCR2zVBHWfkQeFXC11qieUSff0HGNYfuyLA\" \/>\n\t<link rel=\"canonical\" href=\"https:\/\/www.immo-invest.ch\/fr\/basel-sbb-west-setzt-neue-massstaebe\/\" \/>\n\t<meta name=\"generator\" content=\"All in One SEO (AIOSEO) 5.0.0.1\" \/>\n\t\t<meta property=\"og:locale\" content=\"fr_FR\" \/>\n\t\t<meta property=\"og:site_name\" content=\"immo!nvest - Die Plattform f\u00fcr Standorte und Immobilien - Die\u00a0Plattform f\u00fcr Standorte und Immobilien\" \/>\n\t\t<meta property=\"og:type\" content=\"article\" \/>\n\t\t<meta property=\"og:title\" content=\"B\u00e2le CFF Ouest pose de nouveaux jalons - immo!nvest - Die Plattform f\u00fcr Standorte und Immobilien\" \/>\n\t\t<meta property=\"og:description\" content=\"Avec un vaste toit de halle v\u00e9g\u00e9talis\u00e9 et une forte int\u00e9gration urbaine, le projet gagnant de l&#039;\u00e9quipe Penzel Valier pour l&#039;extension de la gare de B\u00e2le CFF Ouest est convaincant. Le nouvel acc\u00e8s aux quais Margarethen et le pont Margarethen constituent le c\u0153ur de ce projet d&#039;avenir qui devrait \u00eatre r\u00e9alis\u00e9 \u00e0 partir des ann\u00e9es 2030.\" \/>\n\t\t<meta property=\"og:url\" content=\"https:\/\/www.immo-invest.ch\/fr\/basel-sbb-west-setzt-neue-massstaebe\/\" \/>\n\t\t<meta property=\"og:image\" content=\"https:\/\/www.immo-invest.ch\/wp-content\/uploads\/2025\/06\/Bild.png\" \/>\n\t\t<meta property=\"og:image:secure_url\" content=\"https:\/\/www.immo-invest.ch\/wp-content\/uploads\/2025\/06\/Bild.png\" \/>\n\t\t<meta property=\"og:image:width\" content=\"653\" \/>\n\t\t<meta property=\"og:image:height\" content=\"368\" \/>\n\t\t<meta property=\"article:published_time\" content=\"2025-06-24T06:29:00+00:00\" \/>\n\t\t<meta property=\"article:modified_time\" content=\"2025-06-24T07:23:19+00:00\" \/>\n\t\t<meta property=\"article:publisher\" content=\"https:\/\/www.facebook.com\/people\/Immoinvest\/100077962920504\/\" \/>\n\t\t<meta name=\"twitter:card\" content=\"summary_large_image\" \/>\n\t\t<meta name=\"twitter:site\" content=\"@i\" \/>\n\t\t<meta name=\"twitter:title\" content=\"B\u00e2le CFF Ouest pose de nouveaux jalons - immo!nvest - Die Plattform f\u00fcr Standorte und Immobilien\" \/>\n\t\t<meta name=\"twitter:description\" content=\"Avec un vaste toit de halle v\u00e9g\u00e9talis\u00e9 et une forte int\u00e9gration urbaine, le projet gagnant de l&#039;\u00e9quipe Penzel Valier pour l&#039;extension de la gare de B\u00e2le CFF Ouest est convaincant. Le nouvel acc\u00e8s aux quais Margarethen et le pont Margarethen constituent le c\u0153ur de ce projet d&#039;avenir qui devrait \u00eatre r\u00e9alis\u00e9 \u00e0 partir des ann\u00e9es 2030.\" \/>\n\t\t<meta name=\"twitter:creator\" content=\"@i\" \/>\n\t\t<meta name=\"twitter:image\" content=\"https:\/\/www.immo-invest.ch\/wp-content\/uploads\/2025\/06\/Bild.png\" \/>\n\t\t<script type=\"application\/ld+json\" class=\"aioseo-schema\">\n\t\t\t{\"@context\":\"https:\\\/\\\/schema.org\",\"@graph\":[{\"@type\":\"BlogPosting\",\"@id\":\"https:\\\/\\\/www.immo-invest.ch\\\/fr\\\/basel-sbb-west-setzt-neue-massstaebe\\\/#blogposting\",\"name\":\"B\\u00e2le CFF Ouest pose de nouveaux jalons - immo!nvest - Die Plattform f\\u00fcr Standorte und Immobilien\",\"headline\":\"B\\u00e2le CFF Ouest pose de nouveaux jalons\",\"author\":{\"@id\":\"https:\\\/\\\/www.immo-invest.ch\\\/fr\\\/author\\\/immovestuser\\\/#author\"},\"publisher\":{\"@id\":\"https:\\\/\\\/www.immo-invest.ch\\\/fr\\\/#organization\"},\"image\":{\"@type\":\"ImageObject\",\"url\":\"https:\\\/\\\/www.immo-invest.ch\\\/wp-content\\\/uploads\\\/2025\\\/06\\\/Bild.png\",\"width\":653,\"height\":368,\"caption\":\"Quelle: SBB, Bild: Penzel Valier \\\/ Architekturbasel\"},\"datePublished\":\"2025-06-24T08:29:00+02:00\",\"dateModified\":\"2025-06-24T09:23:19+02:00\",\"inLanguage\":\"fr-FR\",\"mainEntityOfPage\":{\"@id\":\"https:\\\/\\\/www.immo-invest.ch\\\/fr\\\/basel-sbb-west-setzt-neue-massstaebe\\\/#webpage\"},\"isPartOf\":{\"@id\":\"https:\\\/\\\/www.immo-invest.ch\\\/fr\\\/basel-sbb-west-setzt-neue-massstaebe\\\/#webpage\"},\"articleSection\":\"B\\u00e2le, immoNews, Mobilit\\u00e9, Projects, Bahnhofsausbau, Bahnverkehr, Immoinvest, immoNews, Margarethenbr\\u00fccke, News, Tiefbahnhof, Werbemanagement, Facultatif\"},{\"@type\":\"BreadcrumbList\",\"@id\":\"https:\\\/\\\/www.immo-invest.ch\\\/fr\\\/basel-sbb-west-setzt-neue-massstaebe\\\/#breadcrumblist\",\"itemListElement\":[{\"@type\":\"ListItem\",\"@id\":\"https:\\\/\\\/www.immo-invest.ch\\\/fr\\\/#listItem\",\"position\":1,\"name\":\"Home\",\"item\":\"https:\\\/\\\/www.immo-invest.ch\\\/fr\\\/\",\"nextItem\":{\"@type\":\"ListItem\",\"@id\":\"https:\\\/\\\/www.immo-invest.ch\\\/fr\\\/categories\\\/regions\\\/#listItem\",\"name\":\"R\\u00e9gions\"}},{\"@type\":\"ListItem\",\"@id\":\"https:\\\/\\\/www.immo-invest.ch\\\/fr\\\/categories\\\/regions\\\/#listItem\",\"position\":2,\"name\":\"R\\u00e9gions\",\"item\":\"https:\\\/\\\/www.immo-invest.ch\\\/fr\\\/categories\\\/regions\\\/\",\"nextItem\":{\"@type\":\"ListItem\",\"@id\":\"https:\\\/\\\/www.immo-invest.ch\\\/fr\\\/categories\\\/regions\\\/suisse\\\/#listItem\",\"name\":\"Suisse\"},\"previousItem\":{\"@type\":\"ListItem\",\"@id\":\"https:\\\/\\\/www.immo-invest.ch\\\/fr\\\/#listItem\",\"name\":\"Home\"}},{\"@type\":\"ListItem\",\"@id\":\"https:\\\/\\\/www.immo-invest.ch\\\/fr\\\/categories\\\/regions\\\/suisse\\\/#listItem\",\"position\":3,\"name\":\"Suisse\",\"item\":\"https:\\\/\\\/www.immo-invest.ch\\\/fr\\\/categories\\\/regions\\\/suisse\\\/\",\"nextItem\":{\"@type\":\"ListItem\",\"@id\":\"https:\\\/\\\/www.immo-invest.ch\\\/fr\\\/categories\\\/regions\\\/suisse\\\/suisse-du-nord-ouest\\\/#listItem\",\"name\":\"Suisse du Nord-Ouest\"},\"previousItem\":{\"@type\":\"ListItem\",\"@id\":\"https:\\\/\\\/www.immo-invest.ch\\\/fr\\\/categories\\\/regions\\\/#listItem\",\"name\":\"R\\u00e9gions\"}},{\"@type\":\"ListItem\",\"@id\":\"https:\\\/\\\/www.immo-invest.ch\\\/fr\\\/categories\\\/regions\\\/suisse\\\/suisse-du-nord-ouest\\\/#listItem\",\"position\":4,\"name\":\"Suisse du Nord-Ouest\",\"item\":\"https:\\\/\\\/www.immo-invest.ch\\\/fr\\\/categories\\\/regions\\\/suisse\\\/suisse-du-nord-ouest\\\/\",\"nextItem\":{\"@type\":\"ListItem\",\"@id\":\"https:\\\/\\\/www.immo-invest.ch\\\/fr\\\/categories\\\/regions\\\/suisse\\\/suisse-du-nord-ouest\\\/region-bale\\\/#listItem\",\"name\":\"B\\u00e2le\"},\"previousItem\":{\"@type\":\"ListItem\",\"@id\":\"https:\\\/\\\/www.immo-invest.ch\\\/fr\\\/categories\\\/regions\\\/suisse\\\/#listItem\",\"name\":\"Suisse\"}},{\"@type\":\"ListItem\",\"@id\":\"https:\\\/\\\/www.immo-invest.ch\\\/fr\\\/categories\\\/regions\\\/suisse\\\/suisse-du-nord-ouest\\\/region-bale\\\/#listItem\",\"position\":5,\"name\":\"B\\u00e2le\",\"item\":\"https:\\\/\\\/www.immo-invest.ch\\\/fr\\\/categories\\\/regions\\\/suisse\\\/suisse-du-nord-ouest\\\/region-bale\\\/\",\"nextItem\":{\"@type\":\"ListItem\",\"@id\":\"https:\\\/\\\/www.immo-invest.ch\\\/fr\\\/basel-sbb-west-setzt-neue-massstaebe\\\/#listItem\",\"name\":\"B\\u00e2le CFF Ouest pose de nouveaux jalons\"},\"previousItem\":{\"@type\":\"ListItem\",\"@id\":\"https:\\\/\\\/www.immo-invest.ch\\\/fr\\\/categories\\\/regions\\\/suisse\\\/suisse-du-nord-ouest\\\/#listItem\",\"name\":\"Suisse du Nord-Ouest\"}},{\"@type\":\"ListItem\",\"@id\":\"https:\\\/\\\/www.immo-invest.ch\\\/fr\\\/basel-sbb-west-setzt-neue-massstaebe\\\/#listItem\",\"position\":6,\"name\":\"B\\u00e2le CFF Ouest pose de nouveaux jalons\",\"previousItem\":{\"@type\":\"ListItem\",\"@id\":\"https:\\\/\\\/www.immo-invest.ch\\\/fr\\\/categories\\\/regions\\\/suisse\\\/suisse-du-nord-ouest\\\/region-bale\\\/#listItem\",\"name\":\"B\\u00e2le\"}}]},{\"@type\":\"Organization\",\"@id\":\"https:\\\/\\\/www.immo-invest.ch\\\/fr\\\/#organization\",\"name\":\"immo!nvest - Die Plattform f\\u00fcr Standorte und Immobilien\",\"description\":\"Die\\u00a0Plattform f\\u00fcr Standorte und Immobilien\",\"url\":\"https:\\\/\\\/www.immo-invest.ch\\\/fr\\\/\",\"email\":\"admin@immomedia.ag\",\"telephone\":\"+41444420002\",\"logo\":{\"@type\":\"ImageObject\",\"url\":\"https:\\\/\\\/www.immo-invest.ch\\\/wp-content\\\/uploads\\\/2024\\\/09\\\/immoinvest_sm-scaled.jpg\",\"@id\":\"https:\\\/\\\/www.immo-invest.ch\\\/fr\\\/basel-sbb-west-setzt-neue-massstaebe\\\/#organizationLogo\",\"width\":2560,\"height\":1340},\"image\":{\"@id\":\"https:\\\/\\\/www.immo-invest.ch\\\/fr\\\/basel-sbb-west-setzt-neue-massstaebe\\\/#organizationLogo\"},\"sameAs\":[\"https:\\\/\\\/www.facebook.com\\\/people\\\/Immoinvest\\\/100077962920504\\\/\",\"https:\\\/\\\/x.com\\\/i\\\/flow\\\/login?redirect_after_login=immoinvest_ch\",\"https:\\\/\\\/www.instagram.com\\\/immoinvest_ch\\\/\",\"https:\\\/\\\/www.linkedin.com\\\/company\\\/immoinvest-swiss\"]},{\"@type\":\"Person\",\"@id\":\"https:\\\/\\\/www.immo-invest.ch\\\/fr\\\/author\\\/immovestuser\\\/#author\",\"url\":\"https:\\\/\\\/www.immo-invest.ch\\\/fr\\\/author\\\/immovestuser\\\/\",\"name\":\"immovestuser\",\"image\":{\"@type\":\"ImageObject\",\"@id\":\"https:\\\/\\\/www.immo-invest.ch\\\/fr\\\/basel-sbb-west-setzt-neue-massstaebe\\\/#authorImage\",\"url\":\"https:\\\/\\\/secure.gravatar.com\\\/avatar\\\/8e01f4d99f2eeea7a362ebb93305e1172a70e9293ba250f897a65c39f54cdd1e?s=96&d=mm&r=g\",\"width\":96,\"height\":96,\"caption\":\"immovestuser\"}},{\"@type\":\"WebPage\",\"@id\":\"https:\\\/\\\/www.immo-invest.ch\\\/fr\\\/basel-sbb-west-setzt-neue-massstaebe\\\/#webpage\",\"url\":\"https:\\\/\\\/www.immo-invest.ch\\\/fr\\\/basel-sbb-west-setzt-neue-massstaebe\\\/\",\"name\":\"B\\u00e2le CFF Ouest pose de nouveaux jalons - immo!nvest - Die Plattform f\\u00fcr Standorte und Immobilien\",\"description\":\"Avec un vaste toit de halle v\\u00e9g\\u00e9talis\\u00e9 et une forte int\\u00e9gration urbaine, le projet gagnant de l'\\u00e9quipe Penzel Valier pour l'extension de la gare de B\\u00e2le CFF Ouest est convaincant. Le nouvel acc\\u00e8s aux quais Margarethen et le pont Margarethen constituent le c\\u0153ur de ce projet d'avenir qui devrait \\u00eatre r\\u00e9alis\\u00e9 \\u00e0 partir des ann\\u00e9es 2030.\",\"inLanguage\":\"fr-FR\",\"isPartOf\":{\"@id\":\"https:\\\/\\\/www.immo-invest.ch\\\/fr\\\/#website\"},\"breadcrumb\":{\"@id\":\"https:\\\/\\\/www.immo-invest.ch\\\/fr\\\/basel-sbb-west-setzt-neue-massstaebe\\\/#breadcrumblist\"},\"author\":{\"@id\":\"https:\\\/\\\/www.immo-invest.ch\\\/fr\\\/author\\\/immovestuser\\\/#author\"},\"creator\":{\"@id\":\"https:\\\/\\\/www.immo-invest.ch\\\/fr\\\/author\\\/immovestuser\\\/#author\"},\"image\":{\"@type\":\"ImageObject\",\"url\":\"https:\\\/\\\/www.immo-invest.ch\\\/wp-content\\\/uploads\\\/2025\\\/06\\\/Bild.png\",\"@id\":\"https:\\\/\\\/www.immo-invest.ch\\\/fr\\\/basel-sbb-west-setzt-neue-massstaebe\\\/#mainImage\",\"width\":653,\"height\":368,\"caption\":\"Quelle: SBB, Bild: Penzel Valier \\\/ Architekturbasel\"},\"primaryImageOfPage\":{\"@id\":\"https:\\\/\\\/www.immo-invest.ch\\\/fr\\\/basel-sbb-west-setzt-neue-massstaebe\\\/#mainImage\"},\"datePublished\":\"2025-06-24T08:29:00+02:00\",\"dateModified\":\"2025-06-24T09:23:19+02:00\"},{\"@type\":\"WebSite\",\"@id\":\"https:\\\/\\\/www.immo-invest.ch\\\/fr\\\/#website\",\"url\":\"https:\\\/\\\/www.immo-invest.ch\\\/fr\\\/\",\"name\":\"immo!nvest - Die Plattform f\\u00fcr Standorte und Immobilien\",\"description\":\"Die\\u00a0Plattform f\\u00fcr Standorte und Immobilien\",\"inLanguage\":\"fr-FR\",\"publisher\":{\"@id\":\"https:\\\/\\\/www.immo-invest.ch\\\/fr\\\/#organization\"}}]}\n\t\t<\/script>\n\t\t<!-- All in One SEO -->\n\n","aioseo_head_json":{"title":"B\u00e2le CFF Ouest pose de nouveaux jalons - immo!nvest - Die Plattform f\u00fcr Standorte und Immobilien","description":"Avec un vaste toit de halle v\u00e9g\u00e9talis\u00e9 et une forte int\u00e9gration urbaine, le projet gagnant de l'\u00e9quipe Penzel Valier pour l'extension de la gare de B\u00e2le CFF Ouest est convaincant. Le nouvel acc\u00e8s aux quais Margarethen et le pont Margarethen constituent le c\u0153ur de ce projet d'avenir qui devrait \u00eatre r\u00e9alis\u00e9 \u00e0 partir des ann\u00e9es 2030.","canonical_url":"https:\/\/www.immo-invest.ch\/fr\/basel-sbb-west-setzt-neue-massstaebe\/","robots":"max-image-preview:large","keywords":"","webmasterTools":{"google-site-verification":"fHJKvgWpZCR2zVBHWfkQeFXC11qieUSff0HGNYfuyLA","miscellaneous":""},"schema":{"@context":"https:\/\/schema.org","@graph":[{"@type":"BlogPosting","@id":"https:\/\/www.immo-invest.ch\/fr\/basel-sbb-west-setzt-neue-massstaebe\/#blogposting","name":"B\u00e2le CFF Ouest pose de nouveaux jalons - immo!nvest - Die Plattform f\u00fcr Standorte und Immobilien","headline":"B\u00e2le CFF Ouest pose de nouveaux jalons","author":{"@id":"https:\/\/www.immo-invest.ch\/fr\/author\/immovestuser\/#author"},"publisher":{"@id":"https:\/\/www.immo-invest.ch\/fr\/#organization"},"image":{"@type":"ImageObject","url":"https:\/\/www.immo-invest.ch\/wp-content\/uploads\/2025\/06\/Bild.png","width":653,"height":368,"caption":"Quelle: SBB, Bild: Penzel Valier \/ Architekturbasel"},"datePublished":"2025-06-24T08:29:00+02:00","dateModified":"2025-06-24T09:23:19+02:00","inLanguage":"fr-FR","mainEntityOfPage":{"@id":"https:\/\/www.immo-invest.ch\/fr\/basel-sbb-west-setzt-neue-massstaebe\/#webpage"},"isPartOf":{"@id":"https:\/\/www.immo-invest.ch\/fr\/basel-sbb-west-setzt-neue-massstaebe\/#webpage"},"articleSection":"B\u00e2le, immoNews, Mobilit\u00e9, Projects, Bahnhofsausbau, Bahnverkehr, Immoinvest, immoNews, Margarethenbr\u00fccke, News, Tiefbahnhof, Werbemanagement, Facultatif"},{"@type":"BreadcrumbList","@id":"https:\/\/www.immo-invest.ch\/fr\/basel-sbb-west-setzt-neue-massstaebe\/#breadcrumblist","itemListElement":[{"@type":"ListItem","@id":"https:\/\/www.immo-invest.ch\/fr\/#listItem","position":1,"name":"Home","item":"https:\/\/www.immo-invest.ch\/fr\/","nextItem":{"@type":"ListItem","@id":"https:\/\/www.immo-invest.ch\/fr\/categories\/regions\/#listItem","name":"R\u00e9gions"}},{"@type":"ListItem","@id":"https:\/\/www.immo-invest.ch\/fr\/categories\/regions\/#listItem","position":2,"name":"R\u00e9gions","item":"https:\/\/www.immo-invest.ch\/fr\/categories\/regions\/","nextItem":{"@type":"ListItem","@id":"https:\/\/www.immo-invest.ch\/fr\/categories\/regions\/suisse\/#listItem","name":"Suisse"},"previousItem":{"@type":"ListItem","@id":"https:\/\/www.immo-invest.ch\/fr\/#listItem","name":"Home"}},{"@type":"ListItem","@id":"https:\/\/www.immo-invest.ch\/fr\/categories\/regions\/suisse\/#listItem","position":3,"name":"Suisse","item":"https:\/\/www.immo-invest.ch\/fr\/categories\/regions\/suisse\/","nextItem":{"@type":"ListItem","@id":"https:\/\/www.immo-invest.ch\/fr\/categories\/regions\/suisse\/suisse-du-nord-ouest\/#listItem","name":"Suisse du Nord-Ouest"},"previousItem":{"@type":"ListItem","@id":"https:\/\/www.immo-invest.ch\/fr\/categories\/regions\/#listItem","name":"R\u00e9gions"}},{"@type":"ListItem","@id":"https:\/\/www.immo-invest.ch\/fr\/categories\/regions\/suisse\/suisse-du-nord-ouest\/#listItem","position":4,"name":"Suisse du Nord-Ouest","item":"https:\/\/www.immo-invest.ch\/fr\/categories\/regions\/suisse\/suisse-du-nord-ouest\/","nextItem":{"@type":"ListItem","@id":"https:\/\/www.immo-invest.ch\/fr\/categories\/regions\/suisse\/suisse-du-nord-ouest\/region-bale\/#listItem","name":"B\u00e2le"},"previousItem":{"@type":"ListItem","@id":"https:\/\/www.immo-invest.ch\/fr\/categories\/regions\/suisse\/#listItem","name":"Suisse"}},{"@type":"ListItem","@id":"https:\/\/www.immo-invest.ch\/fr\/categories\/regions\/suisse\/suisse-du-nord-ouest\/region-bale\/#listItem","position":5,"name":"B\u00e2le","item":"https:\/\/www.immo-invest.ch\/fr\/categories\/regions\/suisse\/suisse-du-nord-ouest\/region-bale\/","nextItem":{"@type":"ListItem","@id":"https:\/\/www.immo-invest.ch\/fr\/basel-sbb-west-setzt-neue-massstaebe\/#listItem","name":"B\u00e2le CFF Ouest pose de nouveaux jalons"},"previousItem":{"@type":"ListItem","@id":"https:\/\/www.immo-invest.ch\/fr\/categories\/regions\/suisse\/suisse-du-nord-ouest\/#listItem","name":"Suisse du Nord-Ouest"}},{"@type":"ListItem","@id":"https:\/\/www.immo-invest.ch\/fr\/basel-sbb-west-setzt-neue-massstaebe\/#listItem","position":6,"name":"B\u00e2le CFF Ouest pose de nouveaux jalons","previousItem":{"@type":"ListItem","@id":"https:\/\/www.immo-invest.ch\/fr\/categories\/regions\/suisse\/suisse-du-nord-ouest\/region-bale\/#listItem","name":"B\u00e2le"}}]},{"@type":"Organization","@id":"https:\/\/www.immo-invest.ch\/fr\/#organization","name":"immo!nvest - Die Plattform f\u00fcr Standorte und Immobilien","description":"Die\u00a0Plattform f\u00fcr Standorte und Immobilien","url":"https:\/\/www.immo-invest.ch\/fr\/","email":"admin@immomedia.ag","telephone":"+41444420002","logo":{"@type":"ImageObject","url":"https:\/\/www.immo-invest.ch\/wp-content\/uploads\/2024\/09\/immoinvest_sm-scaled.jpg","@id":"https:\/\/www.immo-invest.ch\/fr\/basel-sbb-west-setzt-neue-massstaebe\/#organizationLogo","width":2560,"height":1340},"image":{"@id":"https:\/\/www.immo-invest.ch\/fr\/basel-sbb-west-setzt-neue-massstaebe\/#organizationLogo"},"sameAs":["https:\/\/www.facebook.com\/people\/Immoinvest\/100077962920504\/","https:\/\/x.com\/i\/flow\/login?redirect_after_login=immoinvest_ch","https:\/\/www.instagram.com\/immoinvest_ch\/","https:\/\/www.linkedin.com\/company\/immoinvest-swiss"]},{"@type":"Person","@id":"https:\/\/www.immo-invest.ch\/fr\/author\/immovestuser\/#author","url":"https:\/\/www.immo-invest.ch\/fr\/author\/immovestuser\/","name":"immovestuser","image":{"@type":"ImageObject","@id":"https:\/\/www.immo-invest.ch\/fr\/basel-sbb-west-setzt-neue-massstaebe\/#authorImage","url":"https:\/\/secure.gravatar.com\/avatar\/8e01f4d99f2eeea7a362ebb93305e1172a70e9293ba250f897a65c39f54cdd1e?s=96&d=mm&r=g","width":96,"height":96,"caption":"immovestuser"}},{"@type":"WebPage","@id":"https:\/\/www.immo-invest.ch\/fr\/basel-sbb-west-setzt-neue-massstaebe\/#webpage","url":"https:\/\/www.immo-invest.ch\/fr\/basel-sbb-west-setzt-neue-massstaebe\/","name":"B\u00e2le CFF Ouest pose de nouveaux jalons - immo!nvest - Die Plattform f\u00fcr Standorte und Immobilien","description":"Avec un vaste toit de halle v\u00e9g\u00e9talis\u00e9 et une forte int\u00e9gration urbaine, le projet gagnant de l'\u00e9quipe Penzel Valier pour l'extension de la gare de B\u00e2le CFF Ouest est convaincant. Le nouvel acc\u00e8s aux quais Margarethen et le pont Margarethen constituent le c\u0153ur de ce projet d'avenir qui devrait \u00eatre r\u00e9alis\u00e9 \u00e0 partir des ann\u00e9es 2030.","inLanguage":"fr-FR","isPartOf":{"@id":"https:\/\/www.immo-invest.ch\/fr\/#website"},"breadcrumb":{"@id":"https:\/\/www.immo-invest.ch\/fr\/basel-sbb-west-setzt-neue-massstaebe\/#breadcrumblist"},"author":{"@id":"https:\/\/www.immo-invest.ch\/fr\/author\/immovestuser\/#author"},"creator":{"@id":"https:\/\/www.immo-invest.ch\/fr\/author\/immovestuser\/#author"},"image":{"@type":"ImageObject","url":"https:\/\/www.immo-invest.ch\/wp-content\/uploads\/2025\/06\/Bild.png","@id":"https:\/\/www.immo-invest.ch\/fr\/basel-sbb-west-setzt-neue-massstaebe\/#mainImage","width":653,"height":368,"caption":"Quelle: SBB, Bild: Penzel Valier \/ Architekturbasel"},"primaryImageOfPage":{"@id":"https:\/\/www.immo-invest.ch\/fr\/basel-sbb-west-setzt-neue-massstaebe\/#mainImage"},"datePublished":"2025-06-24T08:29:00+02:00","dateModified":"2025-06-24T09:23:19+02:00"},{"@type":"WebSite","@id":"https:\/\/www.immo-invest.ch\/fr\/#website","url":"https:\/\/www.immo-invest.ch\/fr\/","name":"immo!nvest - Die Plattform f\u00fcr Standorte und Immobilien","description":"Die\u00a0Plattform f\u00fcr Standorte und Immobilien","inLanguage":"fr-FR","publisher":{"@id":"https:\/\/www.immo-invest.ch\/fr\/#organization"}}]},"og:locale":"fr_FR","og:site_name":"immo!nvest - Die Plattform f\u00fcr Standorte und Immobilien - Die\u00a0Plattform f\u00fcr Standorte und Immobilien","og:type":"article","og:title":"B\u00e2le CFF Ouest pose de nouveaux jalons - immo!nvest - Die Plattform f\u00fcr Standorte und Immobilien","og:description":"Avec un vaste toit de halle v\u00e9g\u00e9talis\u00e9 et une forte int\u00e9gration urbaine, le projet gagnant de l'\u00e9quipe Penzel Valier pour l'extension de la gare de B\u00e2le CFF Ouest est convaincant. Le nouvel acc\u00e8s aux quais Margarethen et le pont Margarethen constituent le c\u0153ur de ce projet d'avenir qui devrait \u00eatre r\u00e9alis\u00e9 \u00e0 partir des ann\u00e9es 2030.","og:url":"https:\/\/www.immo-invest.ch\/fr\/basel-sbb-west-setzt-neue-massstaebe\/","og:image":"https:\/\/www.immo-invest.ch\/wp-content\/uploads\/2025\/06\/Bild.png","og:image:secure_url":"https:\/\/www.immo-invest.ch\/wp-content\/uploads\/2025\/06\/Bild.png","og:image:width":653,"og:image:height":368,"article:published_time":"2025-06-24T06:29:00+00:00","article:modified_time":"2025-06-24T07:23:19+00:00","article:publisher":"https:\/\/www.facebook.com\/people\/Immoinvest\/100077962920504\/","twitter:card":"summary_large_image","twitter:site":"@i","twitter:title":"B\u00e2le CFF Ouest pose de nouveaux jalons - immo!nvest - Die Plattform f\u00fcr Standorte und Immobilien","twitter:description":"Avec un vaste toit de halle v\u00e9g\u00e9talis\u00e9 et une forte int\u00e9gration urbaine, le projet gagnant de l'\u00e9quipe Penzel Valier pour l'extension de la gare de B\u00e2le CFF Ouest est convaincant. Le nouvel acc\u00e8s aux quais Margarethen et le pont Margarethen constituent le c\u0153ur de ce projet d'avenir qui devrait \u00eatre r\u00e9alis\u00e9 \u00e0 partir des ann\u00e9es 2030.","twitter:creator":"@i","twitter:image":"https:\/\/www.immo-invest.ch\/wp-content\/uploads\/2025\/06\/Bild.png"},"aioseo_meta_data":{"post_id":"134589","title":null,"description":null,"keywords":null,"keyphrases":{"focus":{"keyphrase":"","score":0,"analysis":{"keyphraseInTitle":{"score":0,"maxScore":9,"error":1}}},"additional":[]},"primary_term":null,"canonical_url":null,"og_title":null,"og_description":null,"og_object_type":"default","og_image_type":"default","og_image_url":null,"og_image_width":null,"og_image_height":null,"og_image_custom_url":null,"og_image_custom_fields":null,"og_video":"","og_custom_url":null,"og_article_section":null,"og_article_tags":null,"twitter_use_og":false,"twitter_card":"default","twitter_image_type":"default","twitter_image_url":null,"twitter_image_custom_url":null,"twitter_image_custom_fields":null,"twitter_title":null,"twitter_description":null,"schema":{"blockGraphs":[],"customGraphs":[],"default":{"data":{"Article":[],"Course":[],"Dataset":[],"FAQPage":[],"Movie":[],"Person":[],"Product":[],"ProductReview":[],"Car":[],"Recipe":[],"Service":[],"SoftwareApplication":[],"WebPage":[]},"graphName":"BlogPosting","isEnabled":true},"graphs":[]},"schema_type":"default","schema_type_options":null,"pillar_content":false,"robots_default":true,"robots_noindex":false,"robots_noarchive":false,"robots_nosnippet":false,"robots_nofollow":false,"robots_noimageindex":false,"robots_noodp":false,"robots_notranslate":false,"robots_max_snippet":"-1","robots_max_videopreview":"-1","robots_max_imagepreview":"large","priority":null,"frequency":"default","local_seo":null,"breadcrumb_settings":null,"limit_modified_date":false,"ai":null,"created":"2025-06-23 08:32:22","updated":"2025-10-24 22:29:13","seo_analyzer_scan_date":null,"focus_keyword":null,"additional_keywords":null,"truseo_locale":null},"aioseo_breadcrumb":"<div class=\"aioseo-breadcrumbs\"><span class=\"aioseo-breadcrumb\">\n\t\t\t<a href=\"https:\/\/www.immo-invest.ch\/fr\/\" title=\"Home\">Home<\/a>\n\t\t<\/span><span class=\"aioseo-breadcrumb-separator\">&raquo;<\/span><span class=\"aioseo-breadcrumb\">\n\t\t\t<a href=\"https:\/\/www.immo-invest.ch\/fr\/categories\/regions\/\" title=\"R\u00e9gions\">R\u00e9gions<\/a>\n\t\t<\/span><span class=\"aioseo-breadcrumb-separator\">&raquo;<\/span><span class=\"aioseo-breadcrumb\">\n\t\t\t<a href=\"https:\/\/www.immo-invest.ch\/fr\/categories\/regions\/suisse\/\" title=\"Suisse\">Suisse<\/a>\n\t\t<\/span><span class=\"aioseo-breadcrumb-separator\">&raquo;<\/span><span class=\"aioseo-breadcrumb\">\n\t\t\t<a href=\"https:\/\/www.immo-invest.ch\/fr\/categories\/regions\/suisse\/suisse-du-nord-ouest\/\" title=\"Suisse du Nord-Ouest\">Suisse du Nord-Ouest<\/a>\n\t\t<\/span><span class=\"aioseo-breadcrumb-separator\">&raquo;<\/span><span class=\"aioseo-breadcrumb\">\n\t\t\t<a href=\"https:\/\/www.immo-invest.ch\/fr\/categories\/regions\/suisse\/suisse-du-nord-ouest\/region-bale\/\" title=\"B\u00e2le\">B\u00e2le<\/a>\n\t\t<\/span><span class=\"aioseo-breadcrumb-separator\">&raquo;<\/span><span class=\"aioseo-breadcrumb\">\n\t\t\tB\u00e2le CFF Ouest pose de nouveaux jalons\n\t\t<\/span><\/div>","aioseo_breadcrumb_json":[{"label":"Home","link":"https:\/\/www.immo-invest.ch\/fr\/"},{"label":"R\u00e9gions","link":"https:\/\/www.immo-invest.ch\/fr\/categories\/regions\/"},{"label":"Suisse","link":"https:\/\/www.immo-invest.ch\/fr\/categories\/regions\/suisse\/"},{"label":"Suisse du Nord-Ouest","link":"https:\/\/www.immo-invest.ch\/fr\/categories\/regions\/suisse\/suisse-du-nord-ouest\/"},{"label":"B\u00e2le","link":"https:\/\/www.immo-invest.ch\/fr\/categories\/regions\/suisse\/suisse-du-nord-ouest\/region-bale\/"},{"label":"B\u00e2le CFF Ouest pose de nouveaux jalons","link":"https:\/\/www.immo-invest.ch\/fr\/basel-sbb-west-setzt-neue-massstaebe\/"}],"featured_image_src":"https:\/\/www.immo-invest.ch\/wp-content\/uploads\/2025\/06\/Bild-336x168.png","_links":{"self":[{"href":"https:\/\/www.immo-invest.ch\/fr\/wp-json\/wp\/v2\/posts\/134589","targetHints":{"allow":["GET"]}}],"collection":[{"href":"https:\/\/www.immo-invest.ch\/fr\/wp-json\/wp\/v2\/posts"}],"about":[{"href":"https:\/\/www.immo-invest.ch\/fr\/wp-json\/wp\/v2\/types\/post"}],"author":[{"embeddable":true,"href":"https:\/\/www.immo-invest.ch\/fr\/wp-json\/wp\/v2\/users\/2"}],"replies":[{"embeddable":true,"href":"https:\/\/www.immo-invest.ch\/fr\/wp-json\/wp\/v2\/comments?post=134589"}],"version-history":[{"count":0,"href":"https:\/\/www.immo-invest.ch\/fr\/wp-json\/wp\/v2\/posts\/134589\/revisions"}],"wp:featuredmedia":[{"embeddable":true,"href":"https:\/\/www.immo-invest.ch\/fr\/wp-json\/wp\/v2\/media\/134558"}],"wp:attachment":[{"href":"https:\/\/www.immo-invest.ch\/fr\/wp-json\/wp\/v2\/media?parent=134589"}],"wp:term":[{"taxonomy":"category","embeddable":true,"href":"https:\/\/www.immo-invest.ch\/fr\/wp-json\/wp\/v2\/categories?post=134589"},{"taxonomy":"post_tag","embeddable":true,"href":"https:\/\/www.immo-invest.ch\/fr\/wp-json\/wp\/v2\/tags?post=134589"}],"curies":[{"name":"wp","href":"https:\/\/api.w.org\/{rel}","templated":true}]}}