{"id":134406,"date":"2025-06-17T11:34:44","date_gmt":"2025-06-17T09:34:44","guid":{"rendered":"https:\/\/www.immo-invest.ch\/eigentuemerpartizipation-ziegelbrueckstrasse-in-glarus-nord\/"},"modified":"2025-06-17T11:40:30","modified_gmt":"2025-06-17T09:40:30","slug":"eigentuemerpartizipation-ziegelbrueckstrasse-in-glarus-nord","status":"publish","type":"post","link":"https:\/\/www.immo-invest.ch\/fr\/eigentuemerpartizipation-ziegelbrueckstrasse-in-glarus-nord\/","title":{"rendered":"Participation des propri\u00e9taires \u00ab\u00a0Ziegelbr\u00fcckstrasse\u00a0\u00bb \u00e0 Glaris Nord"},"content":{"rendered":"<p class=\"wp-block-paragraph\">La commune de Glaris Nord souhaite inciter les ma&icirc;tres d&rsquo;ouvrage &agrave; mettre en &oelig;uvre des processus participatifs dans le cadre de projets de construction complexes. Son &laquo;&nbsp;Guide de la participation et de la communication pour les processus de planification&nbsp;&raquo; esquisse, pour diff&eacute;rentes situations de planification, la mani&egrave;re dont les besoins de la population et des futurs utilisateurs peuvent &ecirc;tre anticip&eacute;s &agrave; un stade pr&eacute;coce. Afin de montrer l&rsquo;exemple, la commune a initi&eacute; un processus participatif pour la zone de densification architecturale &laquo;&nbsp;Ziegelbr&uuml;ckstrasse&nbsp;&raquo; entre la gare de Ziegelbr&uuml;cke, le Jennyareal et le centre du village de Niederurnen : elle a impliqu&eacute; les propri&eacute;taires concern&eacute;s entre octobre 2024 et f&eacute;vrier 2025 dans l&rsquo;&eacute;laboration d&rsquo;une <span class=\"glossaryLink\"  aria-describedby=\"tt\"  data-cmtooltip=\"&lt;div class=glossaryItemTitle&gt;Image&lt;\/div&gt;&lt;div class=glossaryItemBody&gt;Individuelles Vorstellungsbild, das Dritte von einer Marke, einem Produkt oder einer Unternehmung haben. Aus Marketingsicht wird zwischen einem gegenw&auml;rtigen (Ist-Image) und einem anzustrebenden Image (Soll-Image) unterschieden&lt;\/div&gt;\"  data-mobile-support=\"0\"  data-gt-translate-attributes='[{\"attribute\":\"data-cmtooltip\", \"format\":\"html\"}]' tabindex='0' role='link'>image<\/span> directrice qui a servi de base &agrave; l&rsquo;&eacute;laboration d&rsquo;un plan-cadre pour la zone.  <\/p>\n\n\n\n\n\n<p class=\"wp-block-paragraph\"><strong>Concevoir un cadre pour le d&eacute;veloppement<\/strong> <br>Le sch&eacute;ma directeur devait permettre de d&eacute;finir les dimensions des constructions et la mixit&eacute; des usages. Comme la zone fait partie des zones de densification et de revalorisation marquant l&rsquo;<span class=\"glossaryLink\"  aria-describedby=\"tt\"  data-cmtooltip=\"&lt;div class=glossaryItemTitle&gt;Image&lt;\/div&gt;&lt;div class=glossaryItemBody&gt;Individuelles Vorstellungsbild, das Dritte von einer Marke, einem Produkt oder einer Unternehmung haben. Aus Marketingsicht wird zwischen einem gegenw&auml;rtigen (Ist-Image) und einem anzustrebenden Image (Soll-Image) unterschieden&lt;\/div&gt;\"  data-mobile-support=\"0\"  data-gt-translate-attributes='[{\"attribute\":\"data-cmtooltip\", \"format\":\"html\"}]' tabindex='0' role='link'>image<\/span> de la ville, il s&rsquo;agissait &eacute;galement de discuter des points cl&eacute;s qualitatifs d&rsquo;un d&eacute;veloppement qui tienne compte du caract&egrave;re et de l&rsquo;histoire de la zone. La commune a &eacute;galement consid&eacute;r&eacute; que les pouvoirs publics avaient un r&ocirc;le &agrave; jouer et a donc fix&eacute; ses attentes en mati&egrave;re d&rsquo;am&eacute;nagement et de valorisation de la route cantonale qui traverse la zone. Elle s&rsquo;est ainsi dot&eacute;e d&rsquo;une base largement &eacute;tay&eacute;e pour les &eacute;changes avec le canton, qui est responsable de la r&eacute;novation de la route. <\/p>\n\n\n\n\n\n<p class=\"wp-block-paragraph\">L&rsquo;<span class=\"glossaryLink\"  aria-describedby=\"tt\"  data-cmtooltip=\"&lt;div class=glossaryItemTitle&gt;Image&lt;\/div&gt;&lt;div class=glossaryItemBody&gt;Individuelles Vorstellungsbild, das Dritte von einer Marke, einem Produkt oder einer Unternehmung haben. Aus Marketingsicht wird zwischen einem gegenw&auml;rtigen (Ist-Image) und einem anzustrebenden Image (Soll-Image) unterschieden&lt;\/div&gt;\"  data-mobile-support=\"0\"  data-gt-translate-attributes='[{\"attribute\":\"data-cmtooltip\", \"format\":\"html\"}]' tabindex='0' role='link'>image<\/span> directrice &eacute;labor&eacute;e en commun a servi de base &agrave; la commune pour un plan-cadre contraignant pour les autorit&eacute;s. Le plan-cadre d&eacute;finit &agrave; son tour les lignes directrices de la mani&egrave;re dont il sera possible de construire &agrave; l&rsquo;avenir le long de la Ziegelbr&uuml;ckstrasse, en vertu du nouveau plan d&rsquo;affectation contraignant pour les propri&eacute;taires. En participant au plan directeur, les propri&eacute;taires impliqu&eacute;s ont contribu&eacute; &agrave; d&eacute;finir comment et ce qu&rsquo;ils pourront construire &agrave; l&rsquo;avenir sur leurs terrains. <\/p>\n\n\n\n\n\n<p class=\"wp-block-paragraph\"><strong>Un processus participatif all&eacute;g&eacute;<\/strong> <br>Les propri&eacute;taires de la zone ont &eacute;t&eacute; invit&eacute;s &agrave; participer &agrave; deux soir&eacute;es avec la municipalit&eacute;. La premi&egrave;re soir&eacute;e &eacute;tait consacr&eacute;e &agrave; l&rsquo;information et &agrave; la participation, la seconde &agrave; la pr&eacute;sentation des r&eacute;sultats. Plus de 56 propri&eacute;taires de 127 parcelles ont saisi l&rsquo;occasion et ont particip&eacute; aux &eacute;v&eacute;nements eux-m&ecirc;mes ou avec un repr&eacute;sentant. <\/p>\n\n\n\n\n\n<p class=\"wp-block-paragraph\">Lors du premier atelier, ils ont eu un aper&ccedil;u de l&rsquo;instrument de planification pr&eacute;vu et ont &eacute;t&eacute; consult&eacute;s sur diff&eacute;rentes variantes concernant les possibilit&eacute;s de d&eacute;veloppement futur. En classant les variantes par ordre de priorit&eacute;, ils ont pu influencer la d&eacute;cision relative &agrave; l&rsquo;<span class=\"glossaryLink\"  aria-describedby=\"tt\"  data-cmtooltip=\"&lt;div class=glossaryItemTitle&gt;Image&lt;\/div&gt;&lt;div class=glossaryItemBody&gt;Individuelles Vorstellungsbild, das Dritte von einer Marke, einem Produkt oder einer Unternehmung haben. Aus Marketingsicht wird zwischen einem gegenw&auml;rtigen (Ist-Image) und einem anzustrebenden Image (Soll-Image) unterschieden&lt;\/div&gt;\"  data-mobile-support=\"0\"  data-gt-translate-attributes='[{\"attribute\":\"data-cmtooltip\", \"format\":\"html\"}]' tabindex='0' role='link'>image<\/span> directrice souhait&eacute;e. Lors du deuxi&egrave;me atelier, la municipalit&eacute; a pr&eacute;sent&eacute; le plan-cadre &eacute;labor&eacute; sur la base de la variante souhait&eacute;e.  <\/p>\n\n\n\n\n\n<p class=\"wp-block-paragraph\"><strong>Un effort qui en vaut la peine pour la commune<\/strong> <br>Les processus participatifs sont co&ucirc;teux en temps, en argent et en capital politique. Pour la commune, cette d&eacute;marche co&ucirc;teuse en valait la peine, car elle augmentait les chances de voir les propri&eacute;taires devenir actifs : En &eacute;tant inform&eacute;s &agrave; l&rsquo;avance d&rsquo;un plus grand nombre de possibilit&eacute;s de construction, ils peuvent adapter leur planification des investissements et harmoniser les &eacute;ventuelles intentions d&eacute;j&agrave; existantes avec les intentions de d&eacute;veloppement de la commune.  <\/p>\n\n\n\n\n\n<p class=\"wp-block-paragraph\">La discussion autour du sch&eacute;ma directeur contribue &agrave; orienter les propri&eacute;taires vers une vision commune de l&rsquo;avenir de la zone de densification et de d&eacute;veloppement et &agrave; leur faire comprendre que des th&egrave;mes tels que l&rsquo;adressage des b&acirc;timents sur la rue, la granularit&eacute; des constructions, la formation du socle ou la mat&eacute;rialisation ne sont pas seulement des affaires priv&eacute;es, mais ont &eacute;galement un impact sur l&rsquo;<span class=\"glossaryLink\"  aria-describedby=\"tt\"  data-cmtooltip=\"&lt;div class=glossaryItemTitle&gt;Image&lt;\/div&gt;&lt;div class=glossaryItemBody&gt;Individuelles Vorstellungsbild, das Dritte von einer Marke, einem Produkt oder einer Unternehmung haben. Aus Marketingsicht wird zwischen einem gegenw&auml;rtigen (Ist-Image) und einem anzustrebenden Image (Soll-Image) unterschieden&lt;\/div&gt;\"  data-mobile-support=\"0\"  data-gt-translate-attributes='[{\"attribute\":\"data-cmtooltip\", \"format\":\"html\"}]' tabindex='0' role='link'>image<\/span> du <span class=\"glossaryLink\" aria-describedby=\"tt\" data-cmtooltip=\"&lt;div class=glossaryItemTitle&gt;Quartier&lt;\/div&gt;&lt;div class=glossaryItemBody&gt;Amtliches, historisches, soziales oder stadtplanerisches Stadtviertel&lt;\/div&gt;\" data-mobile-support=\"0\" data-gt-translate-attributes='[{\"attribute\":\"data-cmtooltip\", \"format\":\"html\"}]' tabindex=\"0\" role=\"link\">quartier<\/span> et influencent ainsi l&rsquo;attractivit&eacute; et la valeur du site pour tous.  <\/p>\n\n\n\n\n\n<p class=\"wp-block-paragraph\">Le processus participatif a donn&eacute; &agrave; la commune l&rsquo;occasion d&rsquo;attirer l&rsquo;attention sur ses conseils en mati&egrave;re de construction et d&rsquo;augmenter la probabilit&eacute; que les propri&eacute;taires fonciers ayant l&rsquo;intention d&rsquo;investir discutent et coordonnent leurs plans avec la commune &agrave; un stade pr&eacute;coce, avant qu&rsquo;ils n&rsquo;aient &eacute;labor&eacute; un avant-projet ou un projet de construction difficilement adaptable. Dans le meilleur des cas, le processus incite certains propri&eacute;taires &agrave; voir plus grand et &agrave; coop&eacute;rer avec d&rsquo;autres propri&eacute;taires fonciers ou &agrave; aborder ensemble des questions telles que la mise &agrave; disposition de places de stationnement lors de projets de construction. <\/p>\n\n\n\n\n\n<p class=\"wp-block-paragraph\">La commune a &eacute;galement pu profiter de ces manifestations pour harmoniser les revalorisations sur le domaine public avec les besoins et les id&eacute;es des propri&eacute;taires et pour tester l&rsquo;acceptation de mesures telles que des parties centrales v&eacute;g&eacute;talis&eacute;es sur la route ou une r&eacute;duction de la vitesse sur certains tron&ccedil;ons de route. <\/p>\n\n\n\n\n\n<p class=\"wp-block-paragraph\"><strong>Une plus grande s&eacute;curit&eacute; de planification pour les propri&eacute;taires fonciers<\/strong> <br>Les processus participatifs co&ucirc;tent &eacute;galement du temps aux participants. Dans le cas de la Ziegelbr&uuml;ckstrasse, l&rsquo;effort des propri&eacute;taires en valait la peine, ne serait-ce que parce qu&rsquo;en participant au plan-cadre contraignant pour les autorit&eacute;s, ils ont pu influencer les d&eacute;cisions sur des sujets qui engagent les propri&eacute;taires fonciers : la question fondamentale de l&rsquo;am&eacute;nagement de la densit&eacute; et de la mixit&eacute; des usages possibles avec le nouveau plan d&rsquo;affectation. Le plan-cadre offre en outre aux propri&eacute;taires une plus grande s&eacute;curit&eacute; en mati&egrave;re de planification, car il renforce l&rsquo;&eacute;galit&eacute; de traitement dans le processus d&rsquo;autorisation.  <\/p>\n\n\n\n\n\n<p class=\"wp-block-paragraph\">Dans le cadre du processus, les propri&eacute;taires ont pu mieux comprendre quelles sont les attentes de la commune en mati&egrave;re de d&eacute;veloppement architectural et ont pu s&rsquo;inspirer des contributions qu&rsquo;ils peuvent apporter &agrave; la valorisation du <span class=\"glossaryLink\" aria-describedby=\"tt\" data-cmtooltip=\"&lt;div class=glossaryItemTitle&gt;Quartier&lt;\/div&gt;&lt;div class=glossaryItemBody&gt;Amtliches, historisches, soziales oder stadtplanerisches Stadtviertel&lt;\/div&gt;\" data-mobile-support=\"0\" data-gt-translate-attributes='[{\"attribute\":\"data-cmtooltip\", \"format\":\"html\"}]' tabindex=\"0\" role=\"link\">quartier<\/span> en plus des d&eacute;veloppements architecturaux &ndash; par exemple en am&eacute;nageant les jardins et les abords des rues ou en r&eacute;alisant de petits projets de r&eacute;novation. Enfin, en ayant l&rsquo;occasion de s&rsquo;informer sur les projets de leurs voisins lors de la manifestation, les propri&eacute;taires sont davantage assur&eacute;s qu&rsquo;ils ne sont pas les seuls &agrave; agir avec leurs investissements.<\/p>\n\n","protected":false},"excerpt":{"rendered":"<p>La commune de Glaris Nord pose de nouveaux jalons en mati\u00e8re de d\u00e9veloppement urbain gr\u00e2ce \u00e0 un processus de planification participatif le long de la Ziegelbr\u00fcckstrasse. L&rsquo;implication pr\u00e9coce des propri\u00e9taires permet d&rsquo;\u00e9tablir un plan-cadre qui non seulement permet la densification des constructions, mais cr\u00e9e \u00e9galement une identit\u00e9 et une s\u00e9curit\u00e9 de planification. <\/p>\n","protected":false},"author":2,"featured_media":134399,"comment_status":"open","ping_status":"open","sticky":false,"template":"","format":"standard","meta":{"pmpro_default_level":"","inline_featured_image":false,"_monsterinsights_skip_tracking":false,"footnotes":""},"categories":[22699,45951,743,22357,39686],"tags":[53335,872,3931,2002,51614,53336,41495,41099],"class_list":["post-134406","post","type-post","status-publish","format-standard","has-post-thumbnail","hentry","category-durabilite","category-glarus-fr","category-immonews-fr","category-industrie-du-batiment","category-standorte-fr","tag-eigentuemerpartizipation-fr","tag-immoinvest-fr","tag-immonews-fr","tag-news-fr","tag-planungssicherheit-2-fr","tag-rahmenplan-fr","tag-siedlungsentwicklung-fr","tag-verdichtung-fr","pmpro-has-access"],"acf":{"bild_mit_ki_erstellt_worden":[],"lead":"La commune de Glaris Nord pose de nouveaux jalons en mati\u00e8re de d\u00e9veloppement urbain gr\u00e2ce \u00e0 un processus de planification participatif le long de la Ziegelbr\u00fcckstrasse. L'implication pr\u00e9coce des propri\u00e9taires permet d'\u00e9tablir un plan-cadre qui non seulement permet la densification des constructions, mais cr\u00e9e \u00e9galement une identit\u00e9 et une s\u00e9curit\u00e9 de planification. ","autor":"Quelle: immo!nvest Magazin Glarus","ort":"","bildunterschrift":"","bild_im_grid":false,"gallerie":"","newsim":""},"aioseo_notices":[],"aioseo_head":"\n\t\t<!-- All in One SEO 5.0.0.1 - aioseo.com -->\n\t<meta name=\"description\" content=\"La commune de Glaris Nord pose de nouveaux jalons en mati\u00e8re de d\u00e9veloppement urbain gr\u00e2ce \u00e0 un processus de planification participatif le long de la Ziegelbr\u00fcckstrasse. L&#039;implication pr\u00e9coce des propri\u00e9taires permet d&#039;\u00e9tablir un plan-cadre qui non seulement permet la densification des constructions, mais cr\u00e9e \u00e9galement une identit\u00e9 et une s\u00e9curit\u00e9 de planification.\" \/>\n\t<meta name=\"robots\" content=\"max-image-preview:large\" \/>\n\t<meta name=\"author\" content=\"immovestuser\"\/>\n\t<meta name=\"google-site-verification\" content=\"fHJKvgWpZCR2zVBHWfkQeFXC11qieUSff0HGNYfuyLA\" \/>\n\t<link rel=\"canonical\" href=\"https:\/\/www.immo-invest.ch\/fr\/eigentuemerpartizipation-ziegelbrueckstrasse-in-glarus-nord\/\" \/>\n\t<meta name=\"generator\" content=\"All in One SEO (AIOSEO) 5.0.0.1\" \/>\n\t\t<meta property=\"og:locale\" content=\"fr_FR\" \/>\n\t\t<meta property=\"og:site_name\" content=\"immo!nvest - Die Plattform f\u00fcr Standorte und Immobilien - Die\u00a0Plattform f\u00fcr Standorte und Immobilien\" \/>\n\t\t<meta property=\"og:type\" content=\"article\" \/>\n\t\t<meta property=\"og:title\" content=\"Participation des propri\u00e9taires \u00ab Ziegelbr\u00fcckstrasse \u00bb \u00e0 Glaris Nord - immo!nvest - Die Plattform f\u00fcr Standorte und Immobilien\" \/>\n\t\t<meta property=\"og:description\" content=\"La commune de Glaris Nord pose de nouveaux jalons en mati\u00e8re de d\u00e9veloppement urbain gr\u00e2ce \u00e0 un processus de planification participatif le long de la Ziegelbr\u00fcckstrasse. L&#039;implication pr\u00e9coce des propri\u00e9taires permet d&#039;\u00e9tablir un plan-cadre qui non seulement permet la densification des constructions, mais cr\u00e9e \u00e9galement une identit\u00e9 et une s\u00e9curit\u00e9 de planification.\" \/>\n\t\t<meta property=\"og:url\" content=\"https:\/\/www.immo-invest.ch\/fr\/eigentuemerpartizipation-ziegelbrueckstrasse-in-glarus-nord\/\" \/>\n\t\t<meta property=\"og:image\" content=\"https:\/\/www.immo-invest.ch\/wp-content\/uploads\/2025\/06\/Eigentuemerveranstaltung-Quelle-Gemeinde-Glarus-Nord-1-scaled.jpeg\" \/>\n\t\t<meta property=\"og:image:secure_url\" content=\"https:\/\/www.immo-invest.ch\/wp-content\/uploads\/2025\/06\/Eigentuemerveranstaltung-Quelle-Gemeinde-Glarus-Nord-1-scaled.jpeg\" \/>\n\t\t<meta property=\"og:image:width\" content=\"2560\" \/>\n\t\t<meta property=\"og:image:height\" content=\"1920\" \/>\n\t\t<meta property=\"article:published_time\" content=\"2025-06-17T09:34:44+00:00\" \/>\n\t\t<meta property=\"article:modified_time\" content=\"2025-06-17T09:40:30+00:00\" \/>\n\t\t<meta property=\"article:publisher\" content=\"https:\/\/www.facebook.com\/people\/Immoinvest\/100077962920504\/\" \/>\n\t\t<meta name=\"twitter:card\" content=\"summary_large_image\" \/>\n\t\t<meta name=\"twitter:site\" content=\"@i\" \/>\n\t\t<meta name=\"twitter:title\" content=\"Participation des propri\u00e9taires \u00ab Ziegelbr\u00fcckstrasse \u00bb \u00e0 Glaris Nord - immo!nvest - Die Plattform f\u00fcr Standorte und Immobilien\" \/>\n\t\t<meta name=\"twitter:description\" content=\"La commune de Glaris Nord pose de nouveaux jalons en mati\u00e8re de d\u00e9veloppement urbain gr\u00e2ce \u00e0 un processus de planification participatif le long de la Ziegelbr\u00fcckstrasse. L&#039;implication pr\u00e9coce des propri\u00e9taires permet d&#039;\u00e9tablir un plan-cadre qui non seulement permet la densification des constructions, mais cr\u00e9e \u00e9galement une identit\u00e9 et une s\u00e9curit\u00e9 de planification.\" \/>\n\t\t<meta name=\"twitter:creator\" content=\"@i\" \/>\n\t\t<meta name=\"twitter:image\" content=\"https:\/\/www.immo-invest.ch\/wp-content\/uploads\/2025\/06\/Eigentuemerveranstaltung-Quelle-Gemeinde-Glarus-Nord-1-scaled.jpeg\" \/>\n\t\t<script type=\"application\/ld+json\" class=\"aioseo-schema\">\n\t\t\t{\"@context\":\"https:\\\/\\\/schema.org\",\"@graph\":[{\"@type\":\"BlogPosting\",\"@id\":\"https:\\\/\\\/www.immo-invest.ch\\\/fr\\\/eigentuemerpartizipation-ziegelbrueckstrasse-in-glarus-nord\\\/#blogposting\",\"name\":\"Participation des propri\\u00e9taires \\u00ab Ziegelbr\\u00fcckstrasse \\u00bb \\u00e0 Glaris Nord - immo!nvest - Die Plattform f\\u00fcr Standorte und Immobilien\",\"headline\":\"Participation des propri\\u00e9taires \\u00ab\\u00a0Ziegelbr\\u00fcckstrasse\\u00a0\\u00bb \\u00e0 Glaris Nord\",\"author\":{\"@id\":\"https:\\\/\\\/www.immo-invest.ch\\\/fr\\\/author\\\/immovestuser\\\/#author\"},\"publisher\":{\"@id\":\"https:\\\/\\\/www.immo-invest.ch\\\/fr\\\/#organization\"},\"image\":{\"@type\":\"ImageObject\",\"url\":\"https:\\\/\\\/www.immo-invest.ch\\\/wp-content\\\/uploads\\\/2025\\\/06\\\/Eigentuemerveranstaltung-Quelle-Gemeinde-Glarus-Nord-1-scaled.jpeg\",\"width\":2560,\"height\":1920},\"datePublished\":\"2025-06-17T11:34:44+02:00\",\"dateModified\":\"2025-06-17T11:40:30+02:00\",\"inLanguage\":\"fr-FR\",\"mainEntityOfPage\":{\"@id\":\"https:\\\/\\\/www.immo-invest.ch\\\/fr\\\/eigentuemerpartizipation-ziegelbrueckstrasse-in-glarus-nord\\\/#webpage\"},\"isPartOf\":{\"@id\":\"https:\\\/\\\/www.immo-invest.ch\\\/fr\\\/eigentuemerpartizipation-ziegelbrueckstrasse-in-glarus-nord\\\/#webpage\"},\"articleSection\":\"Durabilit\\u00e9, Glarus, immoNews, Industrie du b\\u00e2timent, Standorte, Eigent\\u00fcmerpartizipation, Immoinvest, immoNews, News, Planungssicherheit, Rahmenplan, Siedlungsentwicklung, Verdichtung, Facultatif\"},{\"@type\":\"BreadcrumbList\",\"@id\":\"https:\\\/\\\/www.immo-invest.ch\\\/fr\\\/eigentuemerpartizipation-ziegelbrueckstrasse-in-glarus-nord\\\/#breadcrumblist\",\"itemListElement\":[{\"@type\":\"ListItem\",\"@id\":\"https:\\\/\\\/www.immo-invest.ch\\\/fr\\\/#listItem\",\"position\":1,\"name\":\"Home\",\"item\":\"https:\\\/\\\/www.immo-invest.ch\\\/fr\\\/\",\"nextItem\":{\"@type\":\"ListItem\",\"@id\":\"https:\\\/\\\/www.immo-invest.ch\\\/fr\\\/categories\\\/regions\\\/#listItem\",\"name\":\"R\\u00e9gions\"}},{\"@type\":\"ListItem\",\"@id\":\"https:\\\/\\\/www.immo-invest.ch\\\/fr\\\/categories\\\/regions\\\/#listItem\",\"position\":2,\"name\":\"R\\u00e9gions\",\"item\":\"https:\\\/\\\/www.immo-invest.ch\\\/fr\\\/categories\\\/regions\\\/\",\"nextItem\":{\"@type\":\"ListItem\",\"@id\":\"https:\\\/\\\/www.immo-invest.ch\\\/fr\\\/categories\\\/regions\\\/suisse\\\/#listItem\",\"name\":\"Suisse\"},\"previousItem\":{\"@type\":\"ListItem\",\"@id\":\"https:\\\/\\\/www.immo-invest.ch\\\/fr\\\/#listItem\",\"name\":\"Home\"}},{\"@type\":\"ListItem\",\"@id\":\"https:\\\/\\\/www.immo-invest.ch\\\/fr\\\/categories\\\/regions\\\/suisse\\\/#listItem\",\"position\":3,\"name\":\"Suisse\",\"item\":\"https:\\\/\\\/www.immo-invest.ch\\\/fr\\\/categories\\\/regions\\\/suisse\\\/\",\"nextItem\":{\"@type\":\"ListItem\",\"@id\":\"https:\\\/\\\/www.immo-invest.ch\\\/fr\\\/categories\\\/regions\\\/suisse\\\/suisse-orientale\\\/#listItem\",\"name\":\"Suisse orientale\"},\"previousItem\":{\"@type\":\"ListItem\",\"@id\":\"https:\\\/\\\/www.immo-invest.ch\\\/fr\\\/categories\\\/regions\\\/#listItem\",\"name\":\"R\\u00e9gions\"}},{\"@type\":\"ListItem\",\"@id\":\"https:\\\/\\\/www.immo-invest.ch\\\/fr\\\/categories\\\/regions\\\/suisse\\\/suisse-orientale\\\/#listItem\",\"position\":4,\"name\":\"Suisse orientale\",\"item\":\"https:\\\/\\\/www.immo-invest.ch\\\/fr\\\/categories\\\/regions\\\/suisse\\\/suisse-orientale\\\/\",\"nextItem\":{\"@type\":\"ListItem\",\"@id\":\"https:\\\/\\\/www.immo-invest.ch\\\/fr\\\/categories\\\/regions\\\/suisse\\\/suisse-orientale\\\/glarus-fr\\\/#listItem\",\"name\":\"Glarus\"},\"previousItem\":{\"@type\":\"ListItem\",\"@id\":\"https:\\\/\\\/www.immo-invest.ch\\\/fr\\\/categories\\\/regions\\\/suisse\\\/#listItem\",\"name\":\"Suisse\"}},{\"@type\":\"ListItem\",\"@id\":\"https:\\\/\\\/www.immo-invest.ch\\\/fr\\\/categories\\\/regions\\\/suisse\\\/suisse-orientale\\\/glarus-fr\\\/#listItem\",\"position\":5,\"name\":\"Glarus\",\"item\":\"https:\\\/\\\/www.immo-invest.ch\\\/fr\\\/categories\\\/regions\\\/suisse\\\/suisse-orientale\\\/glarus-fr\\\/\",\"nextItem\":{\"@type\":\"ListItem\",\"@id\":\"https:\\\/\\\/www.immo-invest.ch\\\/fr\\\/eigentuemerpartizipation-ziegelbrueckstrasse-in-glarus-nord\\\/#listItem\",\"name\":\"Participation des propri\\u00e9taires \\u00ab\\u00a0Ziegelbr\\u00fcckstrasse\\u00a0\\u00bb \\u00e0 Glaris Nord\"},\"previousItem\":{\"@type\":\"ListItem\",\"@id\":\"https:\\\/\\\/www.immo-invest.ch\\\/fr\\\/categories\\\/regions\\\/suisse\\\/suisse-orientale\\\/#listItem\",\"name\":\"Suisse orientale\"}},{\"@type\":\"ListItem\",\"@id\":\"https:\\\/\\\/www.immo-invest.ch\\\/fr\\\/eigentuemerpartizipation-ziegelbrueckstrasse-in-glarus-nord\\\/#listItem\",\"position\":6,\"name\":\"Participation des propri\\u00e9taires \\u00ab\\u00a0Ziegelbr\\u00fcckstrasse\\u00a0\\u00bb \\u00e0 Glaris Nord\",\"previousItem\":{\"@type\":\"ListItem\",\"@id\":\"https:\\\/\\\/www.immo-invest.ch\\\/fr\\\/categories\\\/regions\\\/suisse\\\/suisse-orientale\\\/glarus-fr\\\/#listItem\",\"name\":\"Glarus\"}}]},{\"@type\":\"Organization\",\"@id\":\"https:\\\/\\\/www.immo-invest.ch\\\/fr\\\/#organization\",\"name\":\"immo!nvest - Die Plattform f\\u00fcr Standorte und Immobilien\",\"description\":\"Die\\u00a0Plattform f\\u00fcr Standorte und Immobilien\",\"url\":\"https:\\\/\\\/www.immo-invest.ch\\\/fr\\\/\",\"email\":\"admin@immomedia.ag\",\"telephone\":\"+41444420002\",\"logo\":{\"@type\":\"ImageObject\",\"url\":\"https:\\\/\\\/www.immo-invest.ch\\\/wp-content\\\/uploads\\\/2024\\\/09\\\/immoinvest_sm-scaled.jpg\",\"@id\":\"https:\\\/\\\/www.immo-invest.ch\\\/fr\\\/eigentuemerpartizipation-ziegelbrueckstrasse-in-glarus-nord\\\/#organizationLogo\",\"width\":2560,\"height\":1340},\"image\":{\"@id\":\"https:\\\/\\\/www.immo-invest.ch\\\/fr\\\/eigentuemerpartizipation-ziegelbrueckstrasse-in-glarus-nord\\\/#organizationLogo\"},\"sameAs\":[\"https:\\\/\\\/www.facebook.com\\\/people\\\/Immoinvest\\\/100077962920504\\\/\",\"https:\\\/\\\/x.com\\\/i\\\/flow\\\/login?redirect_after_login=immoinvest_ch\",\"https:\\\/\\\/www.instagram.com\\\/immoinvest_ch\\\/\",\"https:\\\/\\\/www.linkedin.com\\\/company\\\/immoinvest-swiss\"]},{\"@type\":\"Person\",\"@id\":\"https:\\\/\\\/www.immo-invest.ch\\\/fr\\\/author\\\/immovestuser\\\/#author\",\"url\":\"https:\\\/\\\/www.immo-invest.ch\\\/fr\\\/author\\\/immovestuser\\\/\",\"name\":\"immovestuser\",\"image\":{\"@type\":\"ImageObject\",\"@id\":\"https:\\\/\\\/www.immo-invest.ch\\\/fr\\\/eigentuemerpartizipation-ziegelbrueckstrasse-in-glarus-nord\\\/#authorImage\",\"url\":\"https:\\\/\\\/secure.gravatar.com\\\/avatar\\\/8e01f4d99f2eeea7a362ebb93305e1172a70e9293ba250f897a65c39f54cdd1e?s=96&d=mm&r=g\",\"width\":96,\"height\":96,\"caption\":\"immovestuser\"}},{\"@type\":\"WebPage\",\"@id\":\"https:\\\/\\\/www.immo-invest.ch\\\/fr\\\/eigentuemerpartizipation-ziegelbrueckstrasse-in-glarus-nord\\\/#webpage\",\"url\":\"https:\\\/\\\/www.immo-invest.ch\\\/fr\\\/eigentuemerpartizipation-ziegelbrueckstrasse-in-glarus-nord\\\/\",\"name\":\"Participation des propri\\u00e9taires \\u00ab Ziegelbr\\u00fcckstrasse \\u00bb \\u00e0 Glaris Nord - immo!nvest - Die Plattform f\\u00fcr Standorte und Immobilien\",\"description\":\"La commune de Glaris Nord pose de nouveaux jalons en mati\\u00e8re de d\\u00e9veloppement urbain gr\\u00e2ce \\u00e0 un processus de planification participatif le long de la Ziegelbr\\u00fcckstrasse. L'implication pr\\u00e9coce des propri\\u00e9taires permet d'\\u00e9tablir un plan-cadre qui non seulement permet la densification des constructions, mais cr\\u00e9e \\u00e9galement une identit\\u00e9 et une s\\u00e9curit\\u00e9 de planification.\",\"inLanguage\":\"fr-FR\",\"isPartOf\":{\"@id\":\"https:\\\/\\\/www.immo-invest.ch\\\/fr\\\/#website\"},\"breadcrumb\":{\"@id\":\"https:\\\/\\\/www.immo-invest.ch\\\/fr\\\/eigentuemerpartizipation-ziegelbrueckstrasse-in-glarus-nord\\\/#breadcrumblist\"},\"author\":{\"@id\":\"https:\\\/\\\/www.immo-invest.ch\\\/fr\\\/author\\\/immovestuser\\\/#author\"},\"creator\":{\"@id\":\"https:\\\/\\\/www.immo-invest.ch\\\/fr\\\/author\\\/immovestuser\\\/#author\"},\"image\":{\"@type\":\"ImageObject\",\"url\":\"https:\\\/\\\/www.immo-invest.ch\\\/wp-content\\\/uploads\\\/2025\\\/06\\\/Eigentuemerveranstaltung-Quelle-Gemeinde-Glarus-Nord-1-scaled.jpeg\",\"@id\":\"https:\\\/\\\/www.immo-invest.ch\\\/fr\\\/eigentuemerpartizipation-ziegelbrueckstrasse-in-glarus-nord\\\/#mainImage\",\"width\":2560,\"height\":1920},\"primaryImageOfPage\":{\"@id\":\"https:\\\/\\\/www.immo-invest.ch\\\/fr\\\/eigentuemerpartizipation-ziegelbrueckstrasse-in-glarus-nord\\\/#mainImage\"},\"datePublished\":\"2025-06-17T11:34:44+02:00\",\"dateModified\":\"2025-06-17T11:40:30+02:00\"},{\"@type\":\"WebSite\",\"@id\":\"https:\\\/\\\/www.immo-invest.ch\\\/fr\\\/#website\",\"url\":\"https:\\\/\\\/www.immo-invest.ch\\\/fr\\\/\",\"name\":\"immo!nvest - Die Plattform f\\u00fcr Standorte und Immobilien\",\"description\":\"Die\\u00a0Plattform f\\u00fcr Standorte und Immobilien\",\"inLanguage\":\"fr-FR\",\"publisher\":{\"@id\":\"https:\\\/\\\/www.immo-invest.ch\\\/fr\\\/#organization\"}}]}\n\t\t<\/script>\n\t\t<!-- All in One SEO -->\n\n","aioseo_head_json":{"title":"Participation des propri\u00e9taires \u00ab Ziegelbr\u00fcckstrasse \u00bb \u00e0 Glaris Nord - immo!nvest - Die Plattform f\u00fcr Standorte und Immobilien","description":"La commune de Glaris Nord pose de nouveaux jalons en mati\u00e8re de d\u00e9veloppement urbain gr\u00e2ce \u00e0 un processus de planification participatif le long de la Ziegelbr\u00fcckstrasse. L'implication pr\u00e9coce des propri\u00e9taires permet d'\u00e9tablir un plan-cadre qui non seulement permet la densification des constructions, mais cr\u00e9e \u00e9galement une identit\u00e9 et une s\u00e9curit\u00e9 de planification.","canonical_url":"https:\/\/www.immo-invest.ch\/fr\/eigentuemerpartizipation-ziegelbrueckstrasse-in-glarus-nord\/","robots":"max-image-preview:large","keywords":"","webmasterTools":{"google-site-verification":"fHJKvgWpZCR2zVBHWfkQeFXC11qieUSff0HGNYfuyLA","miscellaneous":""},"schema":{"@context":"https:\/\/schema.org","@graph":[{"@type":"BlogPosting","@id":"https:\/\/www.immo-invest.ch\/fr\/eigentuemerpartizipation-ziegelbrueckstrasse-in-glarus-nord\/#blogposting","name":"Participation des propri\u00e9taires \u00ab Ziegelbr\u00fcckstrasse \u00bb \u00e0 Glaris Nord - immo!nvest - Die Plattform f\u00fcr Standorte und Immobilien","headline":"Participation des propri\u00e9taires \u00ab\u00a0Ziegelbr\u00fcckstrasse\u00a0\u00bb \u00e0 Glaris Nord","author":{"@id":"https:\/\/www.immo-invest.ch\/fr\/author\/immovestuser\/#author"},"publisher":{"@id":"https:\/\/www.immo-invest.ch\/fr\/#organization"},"image":{"@type":"ImageObject","url":"https:\/\/www.immo-invest.ch\/wp-content\/uploads\/2025\/06\/Eigentuemerveranstaltung-Quelle-Gemeinde-Glarus-Nord-1-scaled.jpeg","width":2560,"height":1920},"datePublished":"2025-06-17T11:34:44+02:00","dateModified":"2025-06-17T11:40:30+02:00","inLanguage":"fr-FR","mainEntityOfPage":{"@id":"https:\/\/www.immo-invest.ch\/fr\/eigentuemerpartizipation-ziegelbrueckstrasse-in-glarus-nord\/#webpage"},"isPartOf":{"@id":"https:\/\/www.immo-invest.ch\/fr\/eigentuemerpartizipation-ziegelbrueckstrasse-in-glarus-nord\/#webpage"},"articleSection":"Durabilit\u00e9, Glarus, immoNews, Industrie du b\u00e2timent, Standorte, Eigent\u00fcmerpartizipation, Immoinvest, immoNews, News, Planungssicherheit, Rahmenplan, Siedlungsentwicklung, Verdichtung, Facultatif"},{"@type":"BreadcrumbList","@id":"https:\/\/www.immo-invest.ch\/fr\/eigentuemerpartizipation-ziegelbrueckstrasse-in-glarus-nord\/#breadcrumblist","itemListElement":[{"@type":"ListItem","@id":"https:\/\/www.immo-invest.ch\/fr\/#listItem","position":1,"name":"Home","item":"https:\/\/www.immo-invest.ch\/fr\/","nextItem":{"@type":"ListItem","@id":"https:\/\/www.immo-invest.ch\/fr\/categories\/regions\/#listItem","name":"R\u00e9gions"}},{"@type":"ListItem","@id":"https:\/\/www.immo-invest.ch\/fr\/categories\/regions\/#listItem","position":2,"name":"R\u00e9gions","item":"https:\/\/www.immo-invest.ch\/fr\/categories\/regions\/","nextItem":{"@type":"ListItem","@id":"https:\/\/www.immo-invest.ch\/fr\/categories\/regions\/suisse\/#listItem","name":"Suisse"},"previousItem":{"@type":"ListItem","@id":"https:\/\/www.immo-invest.ch\/fr\/#listItem","name":"Home"}},{"@type":"ListItem","@id":"https:\/\/www.immo-invest.ch\/fr\/categories\/regions\/suisse\/#listItem","position":3,"name":"Suisse","item":"https:\/\/www.immo-invest.ch\/fr\/categories\/regions\/suisse\/","nextItem":{"@type":"ListItem","@id":"https:\/\/www.immo-invest.ch\/fr\/categories\/regions\/suisse\/suisse-orientale\/#listItem","name":"Suisse orientale"},"previousItem":{"@type":"ListItem","@id":"https:\/\/www.immo-invest.ch\/fr\/categories\/regions\/#listItem","name":"R\u00e9gions"}},{"@type":"ListItem","@id":"https:\/\/www.immo-invest.ch\/fr\/categories\/regions\/suisse\/suisse-orientale\/#listItem","position":4,"name":"Suisse orientale","item":"https:\/\/www.immo-invest.ch\/fr\/categories\/regions\/suisse\/suisse-orientale\/","nextItem":{"@type":"ListItem","@id":"https:\/\/www.immo-invest.ch\/fr\/categories\/regions\/suisse\/suisse-orientale\/glarus-fr\/#listItem","name":"Glarus"},"previousItem":{"@type":"ListItem","@id":"https:\/\/www.immo-invest.ch\/fr\/categories\/regions\/suisse\/#listItem","name":"Suisse"}},{"@type":"ListItem","@id":"https:\/\/www.immo-invest.ch\/fr\/categories\/regions\/suisse\/suisse-orientale\/glarus-fr\/#listItem","position":5,"name":"Glarus","item":"https:\/\/www.immo-invest.ch\/fr\/categories\/regions\/suisse\/suisse-orientale\/glarus-fr\/","nextItem":{"@type":"ListItem","@id":"https:\/\/www.immo-invest.ch\/fr\/eigentuemerpartizipation-ziegelbrueckstrasse-in-glarus-nord\/#listItem","name":"Participation des propri\u00e9taires \u00ab\u00a0Ziegelbr\u00fcckstrasse\u00a0\u00bb \u00e0 Glaris Nord"},"previousItem":{"@type":"ListItem","@id":"https:\/\/www.immo-invest.ch\/fr\/categories\/regions\/suisse\/suisse-orientale\/#listItem","name":"Suisse orientale"}},{"@type":"ListItem","@id":"https:\/\/www.immo-invest.ch\/fr\/eigentuemerpartizipation-ziegelbrueckstrasse-in-glarus-nord\/#listItem","position":6,"name":"Participation des propri\u00e9taires \u00ab\u00a0Ziegelbr\u00fcckstrasse\u00a0\u00bb \u00e0 Glaris Nord","previousItem":{"@type":"ListItem","@id":"https:\/\/www.immo-invest.ch\/fr\/categories\/regions\/suisse\/suisse-orientale\/glarus-fr\/#listItem","name":"Glarus"}}]},{"@type":"Organization","@id":"https:\/\/www.immo-invest.ch\/fr\/#organization","name":"immo!nvest - Die Plattform f\u00fcr Standorte und Immobilien","description":"Die\u00a0Plattform f\u00fcr Standorte und Immobilien","url":"https:\/\/www.immo-invest.ch\/fr\/","email":"admin@immomedia.ag","telephone":"+41444420002","logo":{"@type":"ImageObject","url":"https:\/\/www.immo-invest.ch\/wp-content\/uploads\/2024\/09\/immoinvest_sm-scaled.jpg","@id":"https:\/\/www.immo-invest.ch\/fr\/eigentuemerpartizipation-ziegelbrueckstrasse-in-glarus-nord\/#organizationLogo","width":2560,"height":1340},"image":{"@id":"https:\/\/www.immo-invest.ch\/fr\/eigentuemerpartizipation-ziegelbrueckstrasse-in-glarus-nord\/#organizationLogo"},"sameAs":["https:\/\/www.facebook.com\/people\/Immoinvest\/100077962920504\/","https:\/\/x.com\/i\/flow\/login?redirect_after_login=immoinvest_ch","https:\/\/www.instagram.com\/immoinvest_ch\/","https:\/\/www.linkedin.com\/company\/immoinvest-swiss"]},{"@type":"Person","@id":"https:\/\/www.immo-invest.ch\/fr\/author\/immovestuser\/#author","url":"https:\/\/www.immo-invest.ch\/fr\/author\/immovestuser\/","name":"immovestuser","image":{"@type":"ImageObject","@id":"https:\/\/www.immo-invest.ch\/fr\/eigentuemerpartizipation-ziegelbrueckstrasse-in-glarus-nord\/#authorImage","url":"https:\/\/secure.gravatar.com\/avatar\/8e01f4d99f2eeea7a362ebb93305e1172a70e9293ba250f897a65c39f54cdd1e?s=96&d=mm&r=g","width":96,"height":96,"caption":"immovestuser"}},{"@type":"WebPage","@id":"https:\/\/www.immo-invest.ch\/fr\/eigentuemerpartizipation-ziegelbrueckstrasse-in-glarus-nord\/#webpage","url":"https:\/\/www.immo-invest.ch\/fr\/eigentuemerpartizipation-ziegelbrueckstrasse-in-glarus-nord\/","name":"Participation des propri\u00e9taires \u00ab Ziegelbr\u00fcckstrasse \u00bb \u00e0 Glaris Nord - immo!nvest - Die Plattform f\u00fcr Standorte und Immobilien","description":"La commune de Glaris Nord pose de nouveaux jalons en mati\u00e8re de d\u00e9veloppement urbain gr\u00e2ce \u00e0 un processus de planification participatif le long de la Ziegelbr\u00fcckstrasse. L'implication pr\u00e9coce des propri\u00e9taires permet d'\u00e9tablir un plan-cadre qui non seulement permet la densification des constructions, mais cr\u00e9e \u00e9galement une identit\u00e9 et une s\u00e9curit\u00e9 de planification.","inLanguage":"fr-FR","isPartOf":{"@id":"https:\/\/www.immo-invest.ch\/fr\/#website"},"breadcrumb":{"@id":"https:\/\/www.immo-invest.ch\/fr\/eigentuemerpartizipation-ziegelbrueckstrasse-in-glarus-nord\/#breadcrumblist"},"author":{"@id":"https:\/\/www.immo-invest.ch\/fr\/author\/immovestuser\/#author"},"creator":{"@id":"https:\/\/www.immo-invest.ch\/fr\/author\/immovestuser\/#author"},"image":{"@type":"ImageObject","url":"https:\/\/www.immo-invest.ch\/wp-content\/uploads\/2025\/06\/Eigentuemerveranstaltung-Quelle-Gemeinde-Glarus-Nord-1-scaled.jpeg","@id":"https:\/\/www.immo-invest.ch\/fr\/eigentuemerpartizipation-ziegelbrueckstrasse-in-glarus-nord\/#mainImage","width":2560,"height":1920},"primaryImageOfPage":{"@id":"https:\/\/www.immo-invest.ch\/fr\/eigentuemerpartizipation-ziegelbrueckstrasse-in-glarus-nord\/#mainImage"},"datePublished":"2025-06-17T11:34:44+02:00","dateModified":"2025-06-17T11:40:30+02:00"},{"@type":"WebSite","@id":"https:\/\/www.immo-invest.ch\/fr\/#website","url":"https:\/\/www.immo-invest.ch\/fr\/","name":"immo!nvest - Die Plattform f\u00fcr Standorte und Immobilien","description":"Die\u00a0Plattform f\u00fcr Standorte und Immobilien","inLanguage":"fr-FR","publisher":{"@id":"https:\/\/www.immo-invest.ch\/fr\/#organization"}}]},"og:locale":"fr_FR","og:site_name":"immo!nvest - Die Plattform f\u00fcr Standorte und Immobilien - Die\u00a0Plattform f\u00fcr Standorte und Immobilien","og:type":"article","og:title":"Participation des propri\u00e9taires \u00ab Ziegelbr\u00fcckstrasse \u00bb \u00e0 Glaris Nord - immo!nvest - Die Plattform f\u00fcr Standorte und Immobilien","og:description":"La commune de Glaris Nord pose de nouveaux jalons en mati\u00e8re de d\u00e9veloppement urbain gr\u00e2ce \u00e0 un processus de planification participatif le long de la Ziegelbr\u00fcckstrasse. L'implication pr\u00e9coce des propri\u00e9taires permet d'\u00e9tablir un plan-cadre qui non seulement permet la densification des constructions, mais cr\u00e9e \u00e9galement une identit\u00e9 et une s\u00e9curit\u00e9 de planification.","og:url":"https:\/\/www.immo-invest.ch\/fr\/eigentuemerpartizipation-ziegelbrueckstrasse-in-glarus-nord\/","og:image":"https:\/\/www.immo-invest.ch\/wp-content\/uploads\/2025\/06\/Eigentuemerveranstaltung-Quelle-Gemeinde-Glarus-Nord-1-scaled.jpeg","og:image:secure_url":"https:\/\/www.immo-invest.ch\/wp-content\/uploads\/2025\/06\/Eigentuemerveranstaltung-Quelle-Gemeinde-Glarus-Nord-1-scaled.jpeg","og:image:width":2560,"og:image:height":1920,"article:published_time":"2025-06-17T09:34:44+00:00","article:modified_time":"2025-06-17T09:40:30+00:00","article:publisher":"https:\/\/www.facebook.com\/people\/Immoinvest\/100077962920504\/","twitter:card":"summary_large_image","twitter:site":"@i","twitter:title":"Participation des propri\u00e9taires \u00ab Ziegelbr\u00fcckstrasse \u00bb \u00e0 Glaris Nord - immo!nvest - Die Plattform f\u00fcr Standorte und Immobilien","twitter:description":"La commune de Glaris Nord pose de nouveaux jalons en mati\u00e8re de d\u00e9veloppement urbain gr\u00e2ce \u00e0 un processus de planification participatif le long de la Ziegelbr\u00fcckstrasse. L'implication pr\u00e9coce des propri\u00e9taires permet d'\u00e9tablir un plan-cadre qui non seulement permet la densification des constructions, mais cr\u00e9e \u00e9galement une identit\u00e9 et une s\u00e9curit\u00e9 de planification.","twitter:creator":"@i","twitter:image":"https:\/\/www.immo-invest.ch\/wp-content\/uploads\/2025\/06\/Eigentuemerveranstaltung-Quelle-Gemeinde-Glarus-Nord-1-scaled.jpeg"},"aioseo_meta_data":{"post_id":"134406","title":null,"description":null,"keywords":null,"keyphrases":{"focus":{"keyphrase":"","score":0,"analysis":{"keyphraseInTitle":{"score":0,"maxScore":9,"error":1}}},"additional":[]},"primary_term":null,"canonical_url":null,"og_title":null,"og_description":null,"og_object_type":"default","og_image_type":"default","og_image_url":null,"og_image_width":null,"og_image_height":null,"og_image_custom_url":null,"og_image_custom_fields":null,"og_video":"","og_custom_url":null,"og_article_section":null,"og_article_tags":null,"twitter_use_og":false,"twitter_card":"default","twitter_image_type":"default","twitter_image_url":null,"twitter_image_custom_url":null,"twitter_image_custom_fields":null,"twitter_title":null,"twitter_description":null,"schema":{"blockGraphs":[],"customGraphs":[],"default":{"data":{"Article":[],"Course":[],"Dataset":[],"FAQPage":[],"Movie":[],"Person":[],"Product":[],"ProductReview":[],"Car":[],"Recipe":[],"Service":[],"SoftwareApplication":[],"WebPage":[]},"graphName":"BlogPosting","isEnabled":true},"graphs":[]},"schema_type":"default","schema_type_options":null,"pillar_content":false,"robots_default":true,"robots_noindex":false,"robots_noarchive":false,"robots_nosnippet":false,"robots_nofollow":false,"robots_noimageindex":false,"robots_noodp":false,"robots_notranslate":false,"robots_max_snippet":"-1","robots_max_videopreview":"-1","robots_max_imagepreview":"large","priority":null,"frequency":"default","local_seo":null,"breadcrumb_settings":null,"limit_modified_date":false,"ai":null,"created":"2025-06-17 09:40:30","updated":"2025-10-24 22:20:16","seo_analyzer_scan_date":null,"focus_keyword":null,"additional_keywords":null,"truseo_locale":null},"aioseo_breadcrumb":"<div class=\"aioseo-breadcrumbs\"><span class=\"aioseo-breadcrumb\">\n\t\t\t<a href=\"https:\/\/www.immo-invest.ch\/fr\/\" title=\"Home\">Home<\/a>\n\t\t<\/span><span class=\"aioseo-breadcrumb-separator\">&raquo;<\/span><span class=\"aioseo-breadcrumb\">\n\t\t\t<a href=\"https:\/\/www.immo-invest.ch\/fr\/categories\/regions\/\" title=\"R\u00e9gions\">R\u00e9gions<\/a>\n\t\t<\/span><span class=\"aioseo-breadcrumb-separator\">&raquo;<\/span><span class=\"aioseo-breadcrumb\">\n\t\t\t<a href=\"https:\/\/www.immo-invest.ch\/fr\/categories\/regions\/suisse\/\" title=\"Suisse\">Suisse<\/a>\n\t\t<\/span><span class=\"aioseo-breadcrumb-separator\">&raquo;<\/span><span class=\"aioseo-breadcrumb\">\n\t\t\t<a href=\"https:\/\/www.immo-invest.ch\/fr\/categories\/regions\/suisse\/suisse-orientale\/\" title=\"Suisse orientale\">Suisse orientale<\/a>\n\t\t<\/span><span class=\"aioseo-breadcrumb-separator\">&raquo;<\/span><span class=\"aioseo-breadcrumb\">\n\t\t\t<a href=\"https:\/\/www.immo-invest.ch\/fr\/categories\/regions\/suisse\/suisse-orientale\/glarus-fr\/\" title=\"Glarus\">Glarus<\/a>\n\t\t<\/span><span class=\"aioseo-breadcrumb-separator\">&raquo;<\/span><span class=\"aioseo-breadcrumb\">\n\t\t\tParticipation des propri\u00e9taires \u00ab Ziegelbr\u00fcckstrasse \u00bb \u00e0 Glaris Nord\n\t\t<\/span><\/div>","aioseo_breadcrumb_json":[{"label":"Home","link":"https:\/\/www.immo-invest.ch\/fr\/"},{"label":"R\u00e9gions","link":"https:\/\/www.immo-invest.ch\/fr\/categories\/regions\/"},{"label":"Suisse","link":"https:\/\/www.immo-invest.ch\/fr\/categories\/regions\/suisse\/"},{"label":"Suisse orientale","link":"https:\/\/www.immo-invest.ch\/fr\/categories\/regions\/suisse\/suisse-orientale\/"},{"label":"Glarus","link":"https:\/\/www.immo-invest.ch\/fr\/categories\/regions\/suisse\/suisse-orientale\/glarus-fr\/"},{"label":"Participation des propri\u00e9taires \u00ab\u00a0Ziegelbr\u00fcckstrasse\u00a0\u00bb \u00e0 Glaris Nord","link":"https:\/\/www.immo-invest.ch\/fr\/eigentuemerpartizipation-ziegelbrueckstrasse-in-glarus-nord\/"}],"featured_image_src":"https:\/\/www.immo-invest.ch\/wp-content\/uploads\/2025\/06\/Eigentuemerveranstaltung-Quelle-Gemeinde-Glarus-Nord-1-336x168.jpeg","_links":{"self":[{"href":"https:\/\/www.immo-invest.ch\/fr\/wp-json\/wp\/v2\/posts\/134406","targetHints":{"allow":["GET"]}}],"collection":[{"href":"https:\/\/www.immo-invest.ch\/fr\/wp-json\/wp\/v2\/posts"}],"about":[{"href":"https:\/\/www.immo-invest.ch\/fr\/wp-json\/wp\/v2\/types\/post"}],"author":[{"embeddable":true,"href":"https:\/\/www.immo-invest.ch\/fr\/wp-json\/wp\/v2\/users\/2"}],"replies":[{"embeddable":true,"href":"https:\/\/www.immo-invest.ch\/fr\/wp-json\/wp\/v2\/comments?post=134406"}],"version-history":[{"count":0,"href":"https:\/\/www.immo-invest.ch\/fr\/wp-json\/wp\/v2\/posts\/134406\/revisions"}],"wp:featuredmedia":[{"embeddable":true,"href":"https:\/\/www.immo-invest.ch\/fr\/wp-json\/wp\/v2\/media\/134399"}],"wp:attachment":[{"href":"https:\/\/www.immo-invest.ch\/fr\/wp-json\/wp\/v2\/media?parent=134406"}],"wp:term":[{"taxonomy":"category","embeddable":true,"href":"https:\/\/www.immo-invest.ch\/fr\/wp-json\/wp\/v2\/categories?post=134406"},{"taxonomy":"post_tag","embeddable":true,"href":"https:\/\/www.immo-invest.ch\/fr\/wp-json\/wp\/v2\/tags?post=134406"}],"curies":[{"name":"wp","href":"https:\/\/api.w.org\/{rel}","templated":true}]}}