{"id":134341,"date":"2025-06-17T10:30:33","date_gmt":"2025-06-17T08:30:33","guid":{"rendered":"https:\/\/www.immo-invest.ch\/?p=134341"},"modified":"2025-06-17T10:09:24","modified_gmt":"2025-06-17T08:09:24","slug":"parlament-bewilligt-neubau-iom-hauptsitzes-in-genf","status":"publish","type":"post","link":"https:\/\/www.immo-invest.ch\/fr\/parlament-bewilligt-neubau-iom-hauptsitzes-in-genf\/","title":{"rendered":"Le Parlement approuve la construction du nouveau si\u00e8ge de l&rsquo;OIM \u00e0 Gen\u00e8ve"},"content":{"rendered":"<p class=\"wp-block-paragraph\">Par 166 voix contre 2, le Conseil national a approuv&eacute; le 14 juin 2025 un pr&ecirc;t f&eacute;d&eacute;ral sans int&eacute;r&ecirc;t pour la r&eacute;novation du si&egrave;ge de l&rsquo;Organisation internationale pour les migrations. Cette d&eacute;cision fait suite &agrave; un vote positif du Conseil des Etats en mars dernier. L&rsquo;OIM, qui fait partie du syst&egrave;me des Nations Unies, joue un r&ocirc;le de premier plan dans la politique migratoire mondiale. Le site actuel dans le <span class=\"glossaryLink\" aria-describedby=\"tt\" data-cmtooltip=\"&lt;div class=glossaryItemTitle&gt;Quartier&lt;\/div&gt;&lt;div class=glossaryItemBody&gt;Amtliches, historisches, soziales oder stadtplanerisches Stadtviertel&lt;\/div&gt;\" data-mobile-support=\"0\" data-gt-translate-attributes='[{\"attribute\":\"data-cmtooltip\", \"format\":\"html\"}]' tabindex=\"0\" role=\"link\">quartier<\/span> des Morillons &agrave; Gen&egrave;ve date du d&eacute;but des ann&eacute;es 1980 et ne r&eacute;pond pas aux normes &eacute;nerg&eacute;tiques, fonctionnelles et de s&eacute;curit&eacute;.<\/p>\n\n\n\n\n\n<p class=\"wp-block-paragraph\"><strong>Investissement d&rsquo;importance strat&eacute;gique<br><\/strong>L&rsquo;approbation du Parlement est intervenue malgr&eacute; l&rsquo;annonce r&eacute;cente par l&rsquo;OIM de la suppression d&rsquo;environ 20% de ses quelque 1000 postes &agrave; Gen&egrave;ve. Cette d&eacute;cision est motiv&eacute;e par l&rsquo;arr&ecirc;t de l&rsquo;aide des Etats-Unis, l&rsquo;un des principaux donateurs de l&rsquo;organisation. Le ministre des Affaires &eacute;trang&egrave;res Ignazio Cassis a toutefois soulign&eacute; devant le Conseil que le projet de construction &eacute;tait raisonnablement dimensionn&eacute;, m&ecirc;me avec un effectif r&eacute;duit, soit environ 600 collaborateurs &agrave; l&rsquo;avenir. Par cet engagement, la Suisse poursuit une strat&eacute;gie claire de politique d&rsquo;accueil visant &agrave; renforcer la Gen&egrave;ve internationale &agrave; long terme.<\/p>\n\n\n\n\n\n<p class=\"wp-block-paragraph\"><strong>Structure de financement et calendrier<br><\/strong>Le pr&ecirc;t de 44,7 millions de francs accord&eacute; par la Conf&eacute;d&eacute;ration ne porte pas d&rsquo;int&eacute;r&ecirc;ts et doit &ecirc;tre rembours&eacute; en l&rsquo;espace de 50 ans. Les fonds sont vers&eacute;s &agrave; la FIPOI (Fondation des immeubles pour les organisations internationales), qui est responsable du projet. Le canton de Gen&egrave;ve participe &eacute;galement &agrave; hauteur de 21,6 millions de francs. La Conf&eacute;d&eacute;ration et le canton assument ainsi environ deux tiers du co&ucirc;t total. En 2022 d&eacute;j&agrave;, le Parlement avait soutenu un avant-projet &agrave; hauteur de 5,7 millions de francs pour les travaux de planification. Le d&eacute;but des travaux est pr&eacute;vu pour janvier 2026 et l&rsquo;emm&eacute;nagement pour 2029.<\/p>\n\n\n\n\n\n<p class=\"wp-block-paragraph\"><strong>Gen&egrave;ve, un site strat&eacute;gique pour les organisations internationales<br><\/strong>Le soutien de la Conf&eacute;d&eacute;ration doit &ecirc;tre compris comme faisant partie de la politique d&rsquo;accueil sup&eacute;rieure. Gen&egrave;ve accueille aujourd&rsquo;hui plus de 40 organisations internationales et est consid&eacute;r&eacute;e comme l&rsquo;un des principaux sites multilat&eacute;raux au monde. La Suisse a pour objectif de consolider ce r&ocirc;le. Notamment dans un contexte de plus en plus concurrentiel pour les si&egrave;ges internationaux. La modernisation de l&rsquo;infrastructure est un moyen essentiel de fid&eacute;liser durablement des organisations comme l&rsquo;OIM &agrave; Gen&egrave;ve.<\/p>\n\n\n\n\n\n<p class=\"wp-block-paragraph\"><strong>Signal de continuit&eacute; malgr&eacute; les incertitudes<br><\/strong>En approuvant clairement la construction du nouveau si&egrave;ge de l&rsquo;OIM, la Suisse affirme une fois de plus son r&ocirc;le d&rsquo;Etat h&ocirc;te des organisations internationales. Malgr&eacute; les incertitudes g&eacute;opolitiques et les r&eacute;ductions internes &agrave; l&rsquo;OIM, le projet envoie un signal fort quant &agrave; l&rsquo;attractivit&eacute; de la place &eacute;conomique suisse et &agrave; sa fiabilit&eacute;. Un aspect qui rev&ecirc;t une importance &eacute;gale pour les sp&eacute;cialistes et les cadres de la diplomatie, des organisations internationales et de la construction.<\/p>\n\n","protected":false},"excerpt":{"rendered":"<p>Malgr\u00e9 les suppressions de postes annonc\u00e9es, le Parlement suisse soutient la d\u00e9molition et la reconstruction du si\u00e8ge de l&rsquo;OIM \u00e0 Gen\u00e8ve par un pr\u00eat sans int\u00e9r\u00eat de 44,7 millions de francs. L&rsquo;objectif est de renforcer \u00e0 long terme le site international de Gen\u00e8ve et de p\u00e9renniser les infrastructures pour les organisations mondiales.<\/p>\n","protected":false},"author":2,"featured_media":134336,"comment_status":"open","ping_status":"open","sticky":false,"template":"","format":"standard","meta":{"pmpro_default_level":"","inline_featured_image":false,"_monsterinsights_skip_tracking":false,"footnotes":""},"categories":[9430,47523,743,9824,39686],"tags":[27365,2685,872,3931,53319,2225,2002,53320],"class_list":["post-134341","post","type-post","status-publish","format-standard","has-post-thumbnail","hentry","category-business-fr","category-genf-fr","category-immonews-fr","category-nouvelle-construction","category-standorte-fr","tag-darlehen-fr","tag-genf-fr","tag-immoinvest-fr","tag-immonews-fr","tag-iom-fr","tag-neubau-fr","tag-news-fr","tag-uno-fr","pmpro-has-access"],"acf":{"bild_mit_ki_erstellt_worden":[],"lead":"Malgr\u00e9 les suppressions de postes annonc\u00e9es, le Parlement suisse soutient la d\u00e9molition et la reconstruction du si\u00e8ge de l'OIM \u00e0 Gen\u00e8ve par un pr\u00eat sans int\u00e9r\u00eat de 44,7 millions de francs. L'objectif est de renforcer \u00e0 long terme le site international de Gen\u00e8ve et de p\u00e9renniser les infrastructures pour les organisations mondiales.","autor":"Quelle Parlament","ort":"","bildunterschrift":"","bild_im_grid":false,"gallerie":"","newsim":""},"aioseo_notices":[],"aioseo_head":"\n\t\t<!-- All in One SEO 5.0.0.1 - aioseo.com -->\n\t<meta name=\"description\" content=\"Malgr\u00e9 les suppressions de postes annonc\u00e9es, le Parlement suisse soutient la d\u00e9molition et la reconstruction du si\u00e8ge de l&#039;OIM \u00e0 Gen\u00e8ve par un pr\u00eat sans int\u00e9r\u00eat de 44,7 millions de francs. L&#039;objectif est de renforcer \u00e0 long terme le site international de Gen\u00e8ve et de p\u00e9renniser les infrastructures pour les organisations mondiales.\" \/>\n\t<meta name=\"robots\" content=\"max-image-preview:large\" \/>\n\t<meta name=\"author\" content=\"immovestuser\"\/>\n\t<meta name=\"google-site-verification\" content=\"fHJKvgWpZCR2zVBHWfkQeFXC11qieUSff0HGNYfuyLA\" \/>\n\t<link rel=\"canonical\" href=\"https:\/\/www.immo-invest.ch\/fr\/parlament-bewilligt-neubau-iom-hauptsitzes-in-genf\/\" \/>\n\t<meta name=\"generator\" content=\"All in One SEO (AIOSEO) 5.0.0.1\" \/>\n\t\t<meta property=\"og:locale\" content=\"fr_FR\" \/>\n\t\t<meta property=\"og:site_name\" content=\"immo!nvest - Die Plattform f\u00fcr Standorte und Immobilien - Die\u00a0Plattform f\u00fcr Standorte und Immobilien\" \/>\n\t\t<meta property=\"og:type\" content=\"article\" \/>\n\t\t<meta property=\"og:title\" content=\"Le Parlement approuve la construction du nouveau si\u00e8ge de l\u2019OIM \u00e0 Gen\u00e8ve - immo!nvest - Die Plattform f\u00fcr Standorte und Immobilien\" \/>\n\t\t<meta property=\"og:description\" content=\"Malgr\u00e9 les suppressions de postes annonc\u00e9es, le Parlement suisse soutient la d\u00e9molition et la reconstruction du si\u00e8ge de l&#039;OIM \u00e0 Gen\u00e8ve par un pr\u00eat sans int\u00e9r\u00eat de 44,7 millions de francs. L&#039;objectif est de renforcer \u00e0 long terme le site international de Gen\u00e8ve et de p\u00e9renniser les infrastructures pour les organisations mondiales.\" \/>\n\t\t<meta property=\"og:url\" content=\"https:\/\/www.immo-invest.ch\/fr\/parlament-bewilligt-neubau-iom-hauptsitzes-in-genf\/\" \/>\n\t\t<meta property=\"og:image\" content=\"https:\/\/www.immo-invest.ch\/wp-content\/uploads\/2025\/06\/symbolic-picture-iom-bern_1_small.jpeg\" \/>\n\t\t<meta property=\"og:image:secure_url\" content=\"https:\/\/www.immo-invest.ch\/wp-content\/uploads\/2025\/06\/symbolic-picture-iom-bern_1_small.jpeg\" \/>\n\t\t<meta property=\"og:image:width\" content=\"1920\" \/>\n\t\t<meta property=\"og:image:height\" content=\"900\" \/>\n\t\t<meta property=\"article:published_time\" content=\"2025-06-17T08:30:33+00:00\" \/>\n\t\t<meta property=\"article:modified_time\" content=\"2025-06-17T08:09:24+00:00\" \/>\n\t\t<meta property=\"article:publisher\" content=\"https:\/\/www.facebook.com\/people\/Immoinvest\/100077962920504\/\" \/>\n\t\t<meta name=\"twitter:card\" content=\"summary_large_image\" \/>\n\t\t<meta name=\"twitter:site\" content=\"@i\" \/>\n\t\t<meta name=\"twitter:title\" content=\"Le Parlement approuve la construction du nouveau si\u00e8ge de l\u2019OIM \u00e0 Gen\u00e8ve - immo!nvest - Die Plattform f\u00fcr Standorte und Immobilien\" \/>\n\t\t<meta name=\"twitter:description\" content=\"Malgr\u00e9 les suppressions de postes annonc\u00e9es, le Parlement suisse soutient la d\u00e9molition et la reconstruction du si\u00e8ge de l&#039;OIM \u00e0 Gen\u00e8ve par un pr\u00eat sans int\u00e9r\u00eat de 44,7 millions de francs. L&#039;objectif est de renforcer \u00e0 long terme le site international de Gen\u00e8ve et de p\u00e9renniser les infrastructures pour les organisations mondiales.\" \/>\n\t\t<meta name=\"twitter:creator\" content=\"@i\" \/>\n\t\t<meta name=\"twitter:image\" content=\"https:\/\/www.immo-invest.ch\/wp-content\/uploads\/2025\/06\/symbolic-picture-iom-bern_1_small.jpeg\" \/>\n\t\t<script type=\"application\/ld+json\" class=\"aioseo-schema\">\n\t\t\t{\"@context\":\"https:\\\/\\\/schema.org\",\"@graph\":[{\"@type\":\"BlogPosting\",\"@id\":\"https:\\\/\\\/www.immo-invest.ch\\\/fr\\\/parlament-bewilligt-neubau-iom-hauptsitzes-in-genf\\\/#blogposting\",\"name\":\"Le Parlement approuve la construction du nouveau si\\u00e8ge de l\\u2019OIM \\u00e0 Gen\\u00e8ve - immo!nvest - Die Plattform f\\u00fcr Standorte und Immobilien\",\"headline\":\"Le Parlement approuve la construction du nouveau si\\u00e8ge de l&rsquo;OIM \\u00e0 Gen\\u00e8ve\",\"author\":{\"@id\":\"https:\\\/\\\/www.immo-invest.ch\\\/fr\\\/author\\\/immovestuser\\\/#author\"},\"publisher\":{\"@id\":\"https:\\\/\\\/www.immo-invest.ch\\\/fr\\\/#organization\"},\"image\":{\"@type\":\"ImageObject\",\"url\":\"https:\\\/\\\/www.immo-invest.ch\\\/wp-content\\\/uploads\\\/2025\\\/06\\\/symbolic-picture-iom-bern_1_small.jpeg\",\"width\":1920,\"height\":900},\"datePublished\":\"2025-06-17T10:30:33+02:00\",\"dateModified\":\"2025-06-17T10:09:24+02:00\",\"inLanguage\":\"fr-FR\",\"mainEntityOfPage\":{\"@id\":\"https:\\\/\\\/www.immo-invest.ch\\\/fr\\\/parlament-bewilligt-neubau-iom-hauptsitzes-in-genf\\\/#webpage\"},\"isPartOf\":{\"@id\":\"https:\\\/\\\/www.immo-invest.ch\\\/fr\\\/parlament-bewilligt-neubau-iom-hauptsitzes-in-genf\\\/#webpage\"},\"articleSection\":\"Business, Genf, immoNews, Nouvelle construction, Standorte, Darlehen, Genf, Immoinvest, immoNews, IOM, Neubau, News, UNO, Facultatif\"},{\"@type\":\"BreadcrumbList\",\"@id\":\"https:\\\/\\\/www.immo-invest.ch\\\/fr\\\/parlament-bewilligt-neubau-iom-hauptsitzes-in-genf\\\/#breadcrumblist\",\"itemListElement\":[{\"@type\":\"ListItem\",\"@id\":\"https:\\\/\\\/www.immo-invest.ch\\\/fr\\\/#listItem\",\"position\":1,\"name\":\"Home\",\"item\":\"https:\\\/\\\/www.immo-invest.ch\\\/fr\\\/\",\"nextItem\":{\"@type\":\"ListItem\",\"@id\":\"https:\\\/\\\/www.immo-invest.ch\\\/fr\\\/categories\\\/regions\\\/#listItem\",\"name\":\"R\\u00e9gions\"}},{\"@type\":\"ListItem\",\"@id\":\"https:\\\/\\\/www.immo-invest.ch\\\/fr\\\/categories\\\/regions\\\/#listItem\",\"position\":2,\"name\":\"R\\u00e9gions\",\"item\":\"https:\\\/\\\/www.immo-invest.ch\\\/fr\\\/categories\\\/regions\\\/\",\"nextItem\":{\"@type\":\"ListItem\",\"@id\":\"https:\\\/\\\/www.immo-invest.ch\\\/fr\\\/categories\\\/regions\\\/suisse\\\/#listItem\",\"name\":\"Suisse\"},\"previousItem\":{\"@type\":\"ListItem\",\"@id\":\"https:\\\/\\\/www.immo-invest.ch\\\/fr\\\/#listItem\",\"name\":\"Home\"}},{\"@type\":\"ListItem\",\"@id\":\"https:\\\/\\\/www.immo-invest.ch\\\/fr\\\/categories\\\/regions\\\/suisse\\\/#listItem\",\"position\":3,\"name\":\"Suisse\",\"item\":\"https:\\\/\\\/www.immo-invest.ch\\\/fr\\\/categories\\\/regions\\\/suisse\\\/\",\"nextItem\":{\"@type\":\"ListItem\",\"@id\":\"https:\\\/\\\/www.immo-invest.ch\\\/fr\\\/categories\\\/regions\\\/suisse\\\/region-lemanique\\\/#listItem\",\"name\":\"R\\u00e9gion l\\u00e9manique\"},\"previousItem\":{\"@type\":\"ListItem\",\"@id\":\"https:\\\/\\\/www.immo-invest.ch\\\/fr\\\/categories\\\/regions\\\/#listItem\",\"name\":\"R\\u00e9gions\"}},{\"@type\":\"ListItem\",\"@id\":\"https:\\\/\\\/www.immo-invest.ch\\\/fr\\\/categories\\\/regions\\\/suisse\\\/region-lemanique\\\/#listItem\",\"position\":4,\"name\":\"R\\u00e9gion l\\u00e9manique\",\"item\":\"https:\\\/\\\/www.immo-invest.ch\\\/fr\\\/categories\\\/regions\\\/suisse\\\/region-lemanique\\\/\",\"nextItem\":{\"@type\":\"ListItem\",\"@id\":\"https:\\\/\\\/www.immo-invest.ch\\\/fr\\\/categories\\\/regions\\\/suisse\\\/region-lemanique\\\/genf-fr\\\/#listItem\",\"name\":\"Genf\"},\"previousItem\":{\"@type\":\"ListItem\",\"@id\":\"https:\\\/\\\/www.immo-invest.ch\\\/fr\\\/categories\\\/regions\\\/suisse\\\/#listItem\",\"name\":\"Suisse\"}},{\"@type\":\"ListItem\",\"@id\":\"https:\\\/\\\/www.immo-invest.ch\\\/fr\\\/categories\\\/regions\\\/suisse\\\/region-lemanique\\\/genf-fr\\\/#listItem\",\"position\":5,\"name\":\"Genf\",\"item\":\"https:\\\/\\\/www.immo-invest.ch\\\/fr\\\/categories\\\/regions\\\/suisse\\\/region-lemanique\\\/genf-fr\\\/\",\"nextItem\":{\"@type\":\"ListItem\",\"@id\":\"https:\\\/\\\/www.immo-invest.ch\\\/fr\\\/parlament-bewilligt-neubau-iom-hauptsitzes-in-genf\\\/#listItem\",\"name\":\"Le Parlement approuve la construction du nouveau si\\u00e8ge de l&rsquo;OIM \\u00e0 Gen\\u00e8ve\"},\"previousItem\":{\"@type\":\"ListItem\",\"@id\":\"https:\\\/\\\/www.immo-invest.ch\\\/fr\\\/categories\\\/regions\\\/suisse\\\/region-lemanique\\\/#listItem\",\"name\":\"R\\u00e9gion l\\u00e9manique\"}},{\"@type\":\"ListItem\",\"@id\":\"https:\\\/\\\/www.immo-invest.ch\\\/fr\\\/parlament-bewilligt-neubau-iom-hauptsitzes-in-genf\\\/#listItem\",\"position\":6,\"name\":\"Le Parlement approuve la construction du nouveau si\\u00e8ge de l&rsquo;OIM \\u00e0 Gen\\u00e8ve\",\"previousItem\":{\"@type\":\"ListItem\",\"@id\":\"https:\\\/\\\/www.immo-invest.ch\\\/fr\\\/categories\\\/regions\\\/suisse\\\/region-lemanique\\\/genf-fr\\\/#listItem\",\"name\":\"Genf\"}}]},{\"@type\":\"Organization\",\"@id\":\"https:\\\/\\\/www.immo-invest.ch\\\/fr\\\/#organization\",\"name\":\"immo!nvest - Die Plattform f\\u00fcr Standorte und Immobilien\",\"description\":\"Die\\u00a0Plattform f\\u00fcr Standorte und Immobilien\",\"url\":\"https:\\\/\\\/www.immo-invest.ch\\\/fr\\\/\",\"email\":\"admin@immomedia.ag\",\"telephone\":\"+41444420002\",\"logo\":{\"@type\":\"ImageObject\",\"url\":\"https:\\\/\\\/www.immo-invest.ch\\\/wp-content\\\/uploads\\\/2024\\\/09\\\/immoinvest_sm-scaled.jpg\",\"@id\":\"https:\\\/\\\/www.immo-invest.ch\\\/fr\\\/parlament-bewilligt-neubau-iom-hauptsitzes-in-genf\\\/#organizationLogo\",\"width\":2560,\"height\":1340},\"image\":{\"@id\":\"https:\\\/\\\/www.immo-invest.ch\\\/fr\\\/parlament-bewilligt-neubau-iom-hauptsitzes-in-genf\\\/#organizationLogo\"},\"sameAs\":[\"https:\\\/\\\/www.facebook.com\\\/people\\\/Immoinvest\\\/100077962920504\\\/\",\"https:\\\/\\\/x.com\\\/i\\\/flow\\\/login?redirect_after_login=immoinvest_ch\",\"https:\\\/\\\/www.instagram.com\\\/immoinvest_ch\\\/\",\"https:\\\/\\\/www.linkedin.com\\\/company\\\/immoinvest-swiss\"]},{\"@type\":\"Person\",\"@id\":\"https:\\\/\\\/www.immo-invest.ch\\\/fr\\\/author\\\/immovestuser\\\/#author\",\"url\":\"https:\\\/\\\/www.immo-invest.ch\\\/fr\\\/author\\\/immovestuser\\\/\",\"name\":\"immovestuser\",\"image\":{\"@type\":\"ImageObject\",\"@id\":\"https:\\\/\\\/www.immo-invest.ch\\\/fr\\\/parlament-bewilligt-neubau-iom-hauptsitzes-in-genf\\\/#authorImage\",\"url\":\"https:\\\/\\\/secure.gravatar.com\\\/avatar\\\/8e01f4d99f2eeea7a362ebb93305e1172a70e9293ba250f897a65c39f54cdd1e?s=96&d=mm&r=g\",\"width\":96,\"height\":96,\"caption\":\"immovestuser\"}},{\"@type\":\"WebPage\",\"@id\":\"https:\\\/\\\/www.immo-invest.ch\\\/fr\\\/parlament-bewilligt-neubau-iom-hauptsitzes-in-genf\\\/#webpage\",\"url\":\"https:\\\/\\\/www.immo-invest.ch\\\/fr\\\/parlament-bewilligt-neubau-iom-hauptsitzes-in-genf\\\/\",\"name\":\"Le Parlement approuve la construction du nouveau si\\u00e8ge de l\\u2019OIM \\u00e0 Gen\\u00e8ve - immo!nvest - Die Plattform f\\u00fcr Standorte und Immobilien\",\"description\":\"Malgr\\u00e9 les suppressions de postes annonc\\u00e9es, le Parlement suisse soutient la d\\u00e9molition et la reconstruction du si\\u00e8ge de l'OIM \\u00e0 Gen\\u00e8ve par un pr\\u00eat sans int\\u00e9r\\u00eat de 44,7 millions de francs. L'objectif est de renforcer \\u00e0 long terme le site international de Gen\\u00e8ve et de p\\u00e9renniser les infrastructures pour les organisations mondiales.\",\"inLanguage\":\"fr-FR\",\"isPartOf\":{\"@id\":\"https:\\\/\\\/www.immo-invest.ch\\\/fr\\\/#website\"},\"breadcrumb\":{\"@id\":\"https:\\\/\\\/www.immo-invest.ch\\\/fr\\\/parlament-bewilligt-neubau-iom-hauptsitzes-in-genf\\\/#breadcrumblist\"},\"author\":{\"@id\":\"https:\\\/\\\/www.immo-invest.ch\\\/fr\\\/author\\\/immovestuser\\\/#author\"},\"creator\":{\"@id\":\"https:\\\/\\\/www.immo-invest.ch\\\/fr\\\/author\\\/immovestuser\\\/#author\"},\"image\":{\"@type\":\"ImageObject\",\"url\":\"https:\\\/\\\/www.immo-invest.ch\\\/wp-content\\\/uploads\\\/2025\\\/06\\\/symbolic-picture-iom-bern_1_small.jpeg\",\"@id\":\"https:\\\/\\\/www.immo-invest.ch\\\/fr\\\/parlament-bewilligt-neubau-iom-hauptsitzes-in-genf\\\/#mainImage\",\"width\":1920,\"height\":900},\"primaryImageOfPage\":{\"@id\":\"https:\\\/\\\/www.immo-invest.ch\\\/fr\\\/parlament-bewilligt-neubau-iom-hauptsitzes-in-genf\\\/#mainImage\"},\"datePublished\":\"2025-06-17T10:30:33+02:00\",\"dateModified\":\"2025-06-17T10:09:24+02:00\"},{\"@type\":\"WebSite\",\"@id\":\"https:\\\/\\\/www.immo-invest.ch\\\/fr\\\/#website\",\"url\":\"https:\\\/\\\/www.immo-invest.ch\\\/fr\\\/\",\"name\":\"immo!nvest - Die Plattform f\\u00fcr Standorte und Immobilien\",\"description\":\"Die\\u00a0Plattform f\\u00fcr Standorte und Immobilien\",\"inLanguage\":\"fr-FR\",\"publisher\":{\"@id\":\"https:\\\/\\\/www.immo-invest.ch\\\/fr\\\/#organization\"}}]}\n\t\t<\/script>\n\t\t<!-- All in One SEO -->\n\n","aioseo_head_json":{"title":"Le Parlement approuve la construction du nouveau si\u00e8ge de l\u2019OIM \u00e0 Gen\u00e8ve - immo!nvest - Die Plattform f\u00fcr Standorte und Immobilien","description":"Malgr\u00e9 les suppressions de postes annonc\u00e9es, le Parlement suisse soutient la d\u00e9molition et la reconstruction du si\u00e8ge de l'OIM \u00e0 Gen\u00e8ve par un pr\u00eat sans int\u00e9r\u00eat de 44,7 millions de francs. L'objectif est de renforcer \u00e0 long terme le site international de Gen\u00e8ve et de p\u00e9renniser les infrastructures pour les organisations mondiales.","canonical_url":"https:\/\/www.immo-invest.ch\/fr\/parlament-bewilligt-neubau-iom-hauptsitzes-in-genf\/","robots":"max-image-preview:large","keywords":"","webmasterTools":{"google-site-verification":"fHJKvgWpZCR2zVBHWfkQeFXC11qieUSff0HGNYfuyLA","miscellaneous":""},"schema":{"@context":"https:\/\/schema.org","@graph":[{"@type":"BlogPosting","@id":"https:\/\/www.immo-invest.ch\/fr\/parlament-bewilligt-neubau-iom-hauptsitzes-in-genf\/#blogposting","name":"Le Parlement approuve la construction du nouveau si\u00e8ge de l\u2019OIM \u00e0 Gen\u00e8ve - immo!nvest - Die Plattform f\u00fcr Standorte und Immobilien","headline":"Le Parlement approuve la construction du nouveau si\u00e8ge de l&rsquo;OIM \u00e0 Gen\u00e8ve","author":{"@id":"https:\/\/www.immo-invest.ch\/fr\/author\/immovestuser\/#author"},"publisher":{"@id":"https:\/\/www.immo-invest.ch\/fr\/#organization"},"image":{"@type":"ImageObject","url":"https:\/\/www.immo-invest.ch\/wp-content\/uploads\/2025\/06\/symbolic-picture-iom-bern_1_small.jpeg","width":1920,"height":900},"datePublished":"2025-06-17T10:30:33+02:00","dateModified":"2025-06-17T10:09:24+02:00","inLanguage":"fr-FR","mainEntityOfPage":{"@id":"https:\/\/www.immo-invest.ch\/fr\/parlament-bewilligt-neubau-iom-hauptsitzes-in-genf\/#webpage"},"isPartOf":{"@id":"https:\/\/www.immo-invest.ch\/fr\/parlament-bewilligt-neubau-iom-hauptsitzes-in-genf\/#webpage"},"articleSection":"Business, Genf, immoNews, Nouvelle construction, Standorte, Darlehen, Genf, Immoinvest, immoNews, IOM, Neubau, News, UNO, Facultatif"},{"@type":"BreadcrumbList","@id":"https:\/\/www.immo-invest.ch\/fr\/parlament-bewilligt-neubau-iom-hauptsitzes-in-genf\/#breadcrumblist","itemListElement":[{"@type":"ListItem","@id":"https:\/\/www.immo-invest.ch\/fr\/#listItem","position":1,"name":"Home","item":"https:\/\/www.immo-invest.ch\/fr\/","nextItem":{"@type":"ListItem","@id":"https:\/\/www.immo-invest.ch\/fr\/categories\/regions\/#listItem","name":"R\u00e9gions"}},{"@type":"ListItem","@id":"https:\/\/www.immo-invest.ch\/fr\/categories\/regions\/#listItem","position":2,"name":"R\u00e9gions","item":"https:\/\/www.immo-invest.ch\/fr\/categories\/regions\/","nextItem":{"@type":"ListItem","@id":"https:\/\/www.immo-invest.ch\/fr\/categories\/regions\/suisse\/#listItem","name":"Suisse"},"previousItem":{"@type":"ListItem","@id":"https:\/\/www.immo-invest.ch\/fr\/#listItem","name":"Home"}},{"@type":"ListItem","@id":"https:\/\/www.immo-invest.ch\/fr\/categories\/regions\/suisse\/#listItem","position":3,"name":"Suisse","item":"https:\/\/www.immo-invest.ch\/fr\/categories\/regions\/suisse\/","nextItem":{"@type":"ListItem","@id":"https:\/\/www.immo-invest.ch\/fr\/categories\/regions\/suisse\/region-lemanique\/#listItem","name":"R\u00e9gion l\u00e9manique"},"previousItem":{"@type":"ListItem","@id":"https:\/\/www.immo-invest.ch\/fr\/categories\/regions\/#listItem","name":"R\u00e9gions"}},{"@type":"ListItem","@id":"https:\/\/www.immo-invest.ch\/fr\/categories\/regions\/suisse\/region-lemanique\/#listItem","position":4,"name":"R\u00e9gion l\u00e9manique","item":"https:\/\/www.immo-invest.ch\/fr\/categories\/regions\/suisse\/region-lemanique\/","nextItem":{"@type":"ListItem","@id":"https:\/\/www.immo-invest.ch\/fr\/categories\/regions\/suisse\/region-lemanique\/genf-fr\/#listItem","name":"Genf"},"previousItem":{"@type":"ListItem","@id":"https:\/\/www.immo-invest.ch\/fr\/categories\/regions\/suisse\/#listItem","name":"Suisse"}},{"@type":"ListItem","@id":"https:\/\/www.immo-invest.ch\/fr\/categories\/regions\/suisse\/region-lemanique\/genf-fr\/#listItem","position":5,"name":"Genf","item":"https:\/\/www.immo-invest.ch\/fr\/categories\/regions\/suisse\/region-lemanique\/genf-fr\/","nextItem":{"@type":"ListItem","@id":"https:\/\/www.immo-invest.ch\/fr\/parlament-bewilligt-neubau-iom-hauptsitzes-in-genf\/#listItem","name":"Le Parlement approuve la construction du nouveau si\u00e8ge de l&rsquo;OIM \u00e0 Gen\u00e8ve"},"previousItem":{"@type":"ListItem","@id":"https:\/\/www.immo-invest.ch\/fr\/categories\/regions\/suisse\/region-lemanique\/#listItem","name":"R\u00e9gion l\u00e9manique"}},{"@type":"ListItem","@id":"https:\/\/www.immo-invest.ch\/fr\/parlament-bewilligt-neubau-iom-hauptsitzes-in-genf\/#listItem","position":6,"name":"Le Parlement approuve la construction du nouveau si\u00e8ge de l&rsquo;OIM \u00e0 Gen\u00e8ve","previousItem":{"@type":"ListItem","@id":"https:\/\/www.immo-invest.ch\/fr\/categories\/regions\/suisse\/region-lemanique\/genf-fr\/#listItem","name":"Genf"}}]},{"@type":"Organization","@id":"https:\/\/www.immo-invest.ch\/fr\/#organization","name":"immo!nvest - Die Plattform f\u00fcr Standorte und Immobilien","description":"Die\u00a0Plattform f\u00fcr Standorte und Immobilien","url":"https:\/\/www.immo-invest.ch\/fr\/","email":"admin@immomedia.ag","telephone":"+41444420002","logo":{"@type":"ImageObject","url":"https:\/\/www.immo-invest.ch\/wp-content\/uploads\/2024\/09\/immoinvest_sm-scaled.jpg","@id":"https:\/\/www.immo-invest.ch\/fr\/parlament-bewilligt-neubau-iom-hauptsitzes-in-genf\/#organizationLogo","width":2560,"height":1340},"image":{"@id":"https:\/\/www.immo-invest.ch\/fr\/parlament-bewilligt-neubau-iom-hauptsitzes-in-genf\/#organizationLogo"},"sameAs":["https:\/\/www.facebook.com\/people\/Immoinvest\/100077962920504\/","https:\/\/x.com\/i\/flow\/login?redirect_after_login=immoinvest_ch","https:\/\/www.instagram.com\/immoinvest_ch\/","https:\/\/www.linkedin.com\/company\/immoinvest-swiss"]},{"@type":"Person","@id":"https:\/\/www.immo-invest.ch\/fr\/author\/immovestuser\/#author","url":"https:\/\/www.immo-invest.ch\/fr\/author\/immovestuser\/","name":"immovestuser","image":{"@type":"ImageObject","@id":"https:\/\/www.immo-invest.ch\/fr\/parlament-bewilligt-neubau-iom-hauptsitzes-in-genf\/#authorImage","url":"https:\/\/secure.gravatar.com\/avatar\/8e01f4d99f2eeea7a362ebb93305e1172a70e9293ba250f897a65c39f54cdd1e?s=96&d=mm&r=g","width":96,"height":96,"caption":"immovestuser"}},{"@type":"WebPage","@id":"https:\/\/www.immo-invest.ch\/fr\/parlament-bewilligt-neubau-iom-hauptsitzes-in-genf\/#webpage","url":"https:\/\/www.immo-invest.ch\/fr\/parlament-bewilligt-neubau-iom-hauptsitzes-in-genf\/","name":"Le Parlement approuve la construction du nouveau si\u00e8ge de l\u2019OIM \u00e0 Gen\u00e8ve - immo!nvest - Die Plattform f\u00fcr Standorte und Immobilien","description":"Malgr\u00e9 les suppressions de postes annonc\u00e9es, le Parlement suisse soutient la d\u00e9molition et la reconstruction du si\u00e8ge de l'OIM \u00e0 Gen\u00e8ve par un pr\u00eat sans int\u00e9r\u00eat de 44,7 millions de francs. L'objectif est de renforcer \u00e0 long terme le site international de Gen\u00e8ve et de p\u00e9renniser les infrastructures pour les organisations mondiales.","inLanguage":"fr-FR","isPartOf":{"@id":"https:\/\/www.immo-invest.ch\/fr\/#website"},"breadcrumb":{"@id":"https:\/\/www.immo-invest.ch\/fr\/parlament-bewilligt-neubau-iom-hauptsitzes-in-genf\/#breadcrumblist"},"author":{"@id":"https:\/\/www.immo-invest.ch\/fr\/author\/immovestuser\/#author"},"creator":{"@id":"https:\/\/www.immo-invest.ch\/fr\/author\/immovestuser\/#author"},"image":{"@type":"ImageObject","url":"https:\/\/www.immo-invest.ch\/wp-content\/uploads\/2025\/06\/symbolic-picture-iom-bern_1_small.jpeg","@id":"https:\/\/www.immo-invest.ch\/fr\/parlament-bewilligt-neubau-iom-hauptsitzes-in-genf\/#mainImage","width":1920,"height":900},"primaryImageOfPage":{"@id":"https:\/\/www.immo-invest.ch\/fr\/parlament-bewilligt-neubau-iom-hauptsitzes-in-genf\/#mainImage"},"datePublished":"2025-06-17T10:30:33+02:00","dateModified":"2025-06-17T10:09:24+02:00"},{"@type":"WebSite","@id":"https:\/\/www.immo-invest.ch\/fr\/#website","url":"https:\/\/www.immo-invest.ch\/fr\/","name":"immo!nvest - Die Plattform f\u00fcr Standorte und Immobilien","description":"Die\u00a0Plattform f\u00fcr Standorte und Immobilien","inLanguage":"fr-FR","publisher":{"@id":"https:\/\/www.immo-invest.ch\/fr\/#organization"}}]},"og:locale":"fr_FR","og:site_name":"immo!nvest - Die Plattform f\u00fcr Standorte und Immobilien - Die\u00a0Plattform f\u00fcr Standorte und Immobilien","og:type":"article","og:title":"Le Parlement approuve la construction du nouveau si\u00e8ge de l\u2019OIM \u00e0 Gen\u00e8ve - immo!nvest - Die Plattform f\u00fcr Standorte und Immobilien","og:description":"Malgr\u00e9 les suppressions de postes annonc\u00e9es, le Parlement suisse soutient la d\u00e9molition et la reconstruction du si\u00e8ge de l'OIM \u00e0 Gen\u00e8ve par un pr\u00eat sans int\u00e9r\u00eat de 44,7 millions de francs. L'objectif est de renforcer \u00e0 long terme le site international de Gen\u00e8ve et de p\u00e9renniser les infrastructures pour les organisations mondiales.","og:url":"https:\/\/www.immo-invest.ch\/fr\/parlament-bewilligt-neubau-iom-hauptsitzes-in-genf\/","og:image":"https:\/\/www.immo-invest.ch\/wp-content\/uploads\/2025\/06\/symbolic-picture-iom-bern_1_small.jpeg","og:image:secure_url":"https:\/\/www.immo-invest.ch\/wp-content\/uploads\/2025\/06\/symbolic-picture-iom-bern_1_small.jpeg","og:image:width":1920,"og:image:height":900,"article:published_time":"2025-06-17T08:30:33+00:00","article:modified_time":"2025-06-17T08:09:24+00:00","article:publisher":"https:\/\/www.facebook.com\/people\/Immoinvest\/100077962920504\/","twitter:card":"summary_large_image","twitter:site":"@i","twitter:title":"Le Parlement approuve la construction du nouveau si\u00e8ge de l\u2019OIM \u00e0 Gen\u00e8ve - immo!nvest - Die Plattform f\u00fcr Standorte und Immobilien","twitter:description":"Malgr\u00e9 les suppressions de postes annonc\u00e9es, le Parlement suisse soutient la d\u00e9molition et la reconstruction du si\u00e8ge de l'OIM \u00e0 Gen\u00e8ve par un pr\u00eat sans int\u00e9r\u00eat de 44,7 millions de francs. L'objectif est de renforcer \u00e0 long terme le site international de Gen\u00e8ve et de p\u00e9renniser les infrastructures pour les organisations mondiales.","twitter:creator":"@i","twitter:image":"https:\/\/www.immo-invest.ch\/wp-content\/uploads\/2025\/06\/symbolic-picture-iom-bern_1_small.jpeg"},"aioseo_meta_data":{"post_id":"134341","title":null,"description":null,"keywords":null,"keyphrases":{"focus":{"keyphrase":"","score":0,"analysis":{"keyphraseInTitle":{"score":0,"maxScore":9,"error":1}}},"additional":[]},"primary_term":null,"canonical_url":null,"og_title":null,"og_description":null,"og_object_type":"default","og_image_type":"default","og_image_url":null,"og_image_width":null,"og_image_height":null,"og_image_custom_url":null,"og_image_custom_fields":null,"og_video":"","og_custom_url":null,"og_article_section":null,"og_article_tags":null,"twitter_use_og":false,"twitter_card":"default","twitter_image_type":"default","twitter_image_url":null,"twitter_image_custom_url":null,"twitter_image_custom_fields":null,"twitter_title":null,"twitter_description":null,"schema":{"blockGraphs":[],"customGraphs":[],"default":{"data":{"Article":[],"Course":[],"Dataset":[],"FAQPage":[],"Movie":[],"Person":[],"Product":[],"ProductReview":[],"Car":[],"Recipe":[],"Service":[],"SoftwareApplication":[],"WebPage":[]},"graphName":"BlogPosting","isEnabled":true},"graphs":[]},"schema_type":"default","schema_type_options":null,"pillar_content":false,"robots_default":true,"robots_noindex":false,"robots_noarchive":false,"robots_nosnippet":false,"robots_nofollow":false,"robots_noimageindex":false,"robots_noodp":false,"robots_notranslate":false,"robots_max_snippet":"-1","robots_max_videopreview":"-1","robots_max_imagepreview":"large","priority":null,"frequency":"default","local_seo":null,"breadcrumb_settings":null,"limit_modified_date":false,"ai":null,"created":"2025-06-17 08:09:25","updated":"2025-10-24 22:17:14","seo_analyzer_scan_date":null,"focus_keyword":null,"additional_keywords":null,"truseo_locale":null},"aioseo_breadcrumb":"<div class=\"aioseo-breadcrumbs\"><span class=\"aioseo-breadcrumb\">\n\t\t\t<a href=\"https:\/\/www.immo-invest.ch\/fr\/\" title=\"Home\">Home<\/a>\n\t\t<\/span><span class=\"aioseo-breadcrumb-separator\">&raquo;<\/span><span class=\"aioseo-breadcrumb\">\n\t\t\t<a href=\"https:\/\/www.immo-invest.ch\/fr\/categories\/regions\/\" title=\"R\u00e9gions\">R\u00e9gions<\/a>\n\t\t<\/span><span class=\"aioseo-breadcrumb-separator\">&raquo;<\/span><span class=\"aioseo-breadcrumb\">\n\t\t\t<a href=\"https:\/\/www.immo-invest.ch\/fr\/categories\/regions\/suisse\/\" title=\"Suisse\">Suisse<\/a>\n\t\t<\/span><span class=\"aioseo-breadcrumb-separator\">&raquo;<\/span><span class=\"aioseo-breadcrumb\">\n\t\t\t<a href=\"https:\/\/www.immo-invest.ch\/fr\/categories\/regions\/suisse\/region-lemanique\/\" title=\"R\u00e9gion l\u00e9manique\">R\u00e9gion l\u00e9manique<\/a>\n\t\t<\/span><span class=\"aioseo-breadcrumb-separator\">&raquo;<\/span><span class=\"aioseo-breadcrumb\">\n\t\t\t<a href=\"https:\/\/www.immo-invest.ch\/fr\/categories\/regions\/suisse\/region-lemanique\/genf-fr\/\" title=\"Genf\">Genf<\/a>\n\t\t<\/span><span class=\"aioseo-breadcrumb-separator\">&raquo;<\/span><span class=\"aioseo-breadcrumb\">\n\t\t\tLe Parlement approuve la construction du nouveau si\u00e8ge de l\u2019OIM \u00e0 Gen\u00e8ve\n\t\t<\/span><\/div>","aioseo_breadcrumb_json":[{"label":"Home","link":"https:\/\/www.immo-invest.ch\/fr\/"},{"label":"R\u00e9gions","link":"https:\/\/www.immo-invest.ch\/fr\/categories\/regions\/"},{"label":"Suisse","link":"https:\/\/www.immo-invest.ch\/fr\/categories\/regions\/suisse\/"},{"label":"R\u00e9gion l\u00e9manique","link":"https:\/\/www.immo-invest.ch\/fr\/categories\/regions\/suisse\/region-lemanique\/"},{"label":"Genf","link":"https:\/\/www.immo-invest.ch\/fr\/categories\/regions\/suisse\/region-lemanique\/genf-fr\/"},{"label":"Le Parlement approuve la construction du nouveau si\u00e8ge de l&rsquo;OIM \u00e0 Gen\u00e8ve","link":"https:\/\/www.immo-invest.ch\/fr\/parlament-bewilligt-neubau-iom-hauptsitzes-in-genf\/"}],"featured_image_src":"https:\/\/www.immo-invest.ch\/wp-content\/uploads\/2025\/06\/symbolic-picture-iom-bern_1_small-336x168.jpeg","_links":{"self":[{"href":"https:\/\/www.immo-invest.ch\/fr\/wp-json\/wp\/v2\/posts\/134341","targetHints":{"allow":["GET"]}}],"collection":[{"href":"https:\/\/www.immo-invest.ch\/fr\/wp-json\/wp\/v2\/posts"}],"about":[{"href":"https:\/\/www.immo-invest.ch\/fr\/wp-json\/wp\/v2\/types\/post"}],"author":[{"embeddable":true,"href":"https:\/\/www.immo-invest.ch\/fr\/wp-json\/wp\/v2\/users\/2"}],"replies":[{"embeddable":true,"href":"https:\/\/www.immo-invest.ch\/fr\/wp-json\/wp\/v2\/comments?post=134341"}],"version-history":[{"count":0,"href":"https:\/\/www.immo-invest.ch\/fr\/wp-json\/wp\/v2\/posts\/134341\/revisions"}],"wp:featuredmedia":[{"embeddable":true,"href":"https:\/\/www.immo-invest.ch\/fr\/wp-json\/wp\/v2\/media\/134336"}],"wp:attachment":[{"href":"https:\/\/www.immo-invest.ch\/fr\/wp-json\/wp\/v2\/media?parent=134341"}],"wp:term":[{"taxonomy":"category","embeddable":true,"href":"https:\/\/www.immo-invest.ch\/fr\/wp-json\/wp\/v2\/categories?post=134341"},{"taxonomy":"post_tag","embeddable":true,"href":"https:\/\/www.immo-invest.ch\/fr\/wp-json\/wp\/v2\/tags?post=134341"}],"curies":[{"name":"wp","href":"https:\/\/api.w.org\/{rel}","templated":true}]}}