{"id":133722,"date":"2025-06-06T12:00:00","date_gmt":"2025-06-06T10:00:00","guid":{"rendered":"https:\/\/www.immo-invest.ch\/?p=133722"},"modified":"2025-06-05T14:51:09","modified_gmt":"2025-06-05T12:51:09","slug":"neues-gerichtsgebaeude-fuer-kreisgericht-st-gallen","status":"publish","type":"post","link":"https:\/\/www.immo-invest.ch\/fr\/neues-gerichtsgebaeude-fuer-kreisgericht-st-gallen\/","title":{"rendered":"Nouveau b\u00e2timent judiciaire pour le tribunal d&rsquo;arrondissement de Saint-Gall"},"content":{"rendered":"<p class=\"wp-block-paragraph\">Depuis 1996, le tribunal d&rsquo;arrondissement de Saint-Gall est r&eacute;parti sur deux sites. Une solution qui n&rsquo;a jamais &eacute;t&eacute; pr&eacute;vue pour durer. Alors que les bureaux sont install&eacute;s dans l&rsquo;immeuble Bohl 1, les s&eacute;ances du tribunal se tiennent &agrave; la Neugasse 3\/5. Cette division ne complique pas seulement les proc&eacute;dures de travail, mais ne r&eacute;pond plus aux exigences actuelles en mati&egrave;re de s&eacute;curit&eacute; et de fonctionnalit&eacute;. Avec le d&eacute;m&eacute;nagement pr&eacute;vu dans l&rsquo;immeuble Sch&uuml;tzengasse 1, le tribunal devrait enfin disposer d&rsquo;un domicile moderne et coh&eacute;rent.<\/p>\n\n\n\n\n\n<p class=\"wp-block-paragraph\"><strong>Un b&acirc;timent pour l&rsquo;avenir<br><\/strong>Propri&eacute;t&eacute; du canton de Saint-Gall, le b&acirc;timent Sch&uuml;tzengasse 1 sera enti&egrave;rement remis en &eacute;tat et r&eacute;nov&eacute; sur le plan &eacute;nerg&eacute;tique en vue de sa nouvelle utilisation. L&rsquo;&eacute;tude de faisabilit&eacute; a confirm&eacute; que le b&acirc;timent &eacute;tait parfaitement adapt&eacute; aux besoins d&rsquo;un tribunal moderne. Le regroupement de tous les services sur un seul site permettra non seulement de simplifier les processus de travail, mais aussi de mettre en &oelig;uvre les exigences de s&eacute;curit&eacute; de mani&egrave;re moderne. La solution actuelle de location &agrave; la Neugasse 3\/5 devient ainsi obsol&egrave;te, ce qui pr&eacute;sente des avantages financiers &agrave; long terme pour le canton.<\/p>\n\n\n\n\n\n<p class=\"wp-block-paragraph\"><strong>Aper&ccedil;u du financement et des co&ucirc;ts<br><\/strong>Le co&ucirc;t total du projet s&rsquo;&eacute;l&egrave;ve &agrave; environ 27 millions de francs. Ce montant comprend 8,5 millions de francs pour le transfert de l&rsquo;immeuble du patrimoine financier au patrimoine administratif. Les co&ucirc;ts proprement dits de la remise en &eacute;tat et de la r&eacute;affectation du b&acirc;timent s&rsquo;&eacute;l&egrave;vent &agrave; 19,5 millions de francs, selon une estimation sommaire des co&ucirc;ts. Cet investissement est compl&eacute;t&eacute; par un versement unique d&rsquo;indemnisation de la ville de Saint-Gall d&rsquo;un montant de 780 000 francs. La suppression des frais de location de la Neugasse 3\/5 assure en outre un all&egrave;gement durable des finances cantonales.<\/p>\n\n\n\n\n\n<p class=\"wp-block-paragraph\"><strong>D&eacute;but des travaux et calendrier<br><\/strong>Le projet de construction devrait d&eacute;marrer en 2027. L&rsquo;ach&egrave;vement et l&rsquo;emm&eacute;nagement sont pr&eacute;vus pour fin 2028. Le tribunal d&rsquo;arrondissement de Saint-Gall disposera ainsi dans un avenir proche d&rsquo;un b&acirc;timent qui non seulement r&eacute;pondra aux exigences actuelles, mais tiendra &eacute;galement compte des &eacute;volutions futures dans le domaine de la justice.<\/p>\n\n\n\n\n\n<p class=\"wp-block-paragraph\"><strong>Le plus grand tribunal d&rsquo;arrondissement du canton<br><\/strong>Avec environ 3 300 proc&eacute;dures judiciaires par an, le tribunal d&rsquo;arrondissement de Saint-Gall est le plus important des sept tribunaux d&rsquo;arrondissement du canton. Il traite des affaires dans les domaines du droit civil et du droit p&eacute;nal et dispose d&rsquo;une &eacute;quipe bien rod&eacute;e de 43 collaborateurs permanents. Il s&rsquo;agit notamment de juges d&rsquo;arrondissement, de greffiers, de greffiers-adjoints et d&rsquo;auditeurs. En outre, 14 juges d&rsquo;arrondissement &agrave; temps partiel participent au traitement des affaires. Pour ces t&acirc;ches &eacute;tendues, il faut une infrastructure qui r&eacute;ponde aux exigences actuelles en mati&egrave;re d&rsquo;efficacit&eacute;, de s&eacute;curit&eacute; et de flexibilit&eacute;.<\/p>\n\n\n\n\n\n<p class=\"wp-block-paragraph\"><strong>La s&eacute;curit&eacute;, partie int&eacute;grante<br><\/strong>Outre le regroupement des sites, c&rsquo;est surtout le dispositif de s&eacute;curit&eacute; qui constitue un &eacute;l&eacute;ment central du projet. Les &eacute;tablissements judiciaires doivent aujourd&rsquo;hui r&eacute;pondre &agrave; des normes &eacute;lev&eacute;es afin de garantir l&rsquo;int&eacute;grit&eacute; des proc&eacute;dures et la protection de toutes les parties. Le nouvel immeuble sera r&eacute;am&eacute;nag&eacute; de mani&egrave;re &agrave; r&eacute;pondre &agrave; ces exigences et &agrave; prendre en compte tous les aspects li&eacute;s &agrave; la s&eacute;curit&eacute;.<\/p>\n\n\n\n\n\n<p class=\"wp-block-paragraph\"><strong>Un gain pour tous les participants<br><\/strong>Le d&eacute;m&eacute;nagement pr&eacute;vu du tribunal d&rsquo;arrondissement de Saint-Gall ne repr&eacute;sente pas seulement une revalorisation pour le site judiciaire, mais aussi un investissement durable dans la qualit&eacute; et la p&eacute;rennit&eacute; du syst&egrave;me judiciaire cantonal. L&rsquo;optimisation des processus, la modernisation de l&rsquo;infrastructure et l&rsquo;assainissement &eacute;nerg&eacute;tique sont autant d&rsquo;&eacute;tapes vers un fonctionnement efficace et respectueux des ressources. Parall&egrave;lement, les parties &agrave; la proc&eacute;dure b&eacute;n&eacute;ficient d&rsquo;un environnement moderne qui permet des n&eacute;gociations et des proc&eacute;dures dans un cadre appropri&eacute;.<\/p>\n\n","protected":false},"excerpt":{"rendered":"<p>Le d\u00e9m\u00e9nagement \u00e0 la Sch\u00fctzengasse 1 permettra non seulement de mettre fin \u00e0 un statut provisoire de longue date, mais aussi de moderniser les processus op\u00e9rationnels et d&rsquo;am\u00e9liorer la s\u00e9curit\u00e9. Le gouvernement a demand\u00e9 un cr\u00e9dit d&rsquo;environ 27 millions de francs pour ce projet. Un investissement dans l&rsquo;efficacit\u00e9 et la p\u00e9rennit\u00e9 du site judiciaire de Saint-Gall.<\/p>\n","protected":false},"author":2,"featured_media":133698,"comment_status":"open","ping_status":"open","sticky":false,"template":"","format":"standard","meta":{"pmpro_default_level":"","inline_featured_image":false,"_monsterinsights_skip_tracking":false,"footnotes":""},"categories":[8452,9442,39686],"tags":[53161,10250,872,3931,3579,44223,53162,2002,1157,3050],"class_list":["post-133722","post","type-post","status-publish","format-standard","has-post-thumbnail","hentry","category-regions","category-region-saint-gall","category-standorte-fr","tag-gericht-fr","tag-immobilienentwicklung-fr","tag-immoinvest-fr","tag-immonews-fr","tag-investition-fr","tag-justiz-fr","tag-kreisgericht-fr","tag-news-fr","tag-sanierung-fr","tag-st-gallen-fr","pmpro-has-access"],"acf":{"bild_mit_ki_erstellt_worden":[],"lead":"Le d\u00e9m\u00e9nagement \u00e0 la Sch\u00fctzengasse 1 permettra non seulement de mettre fin \u00e0 un statut provisoire de longue date, mais aussi de moderniser les processus op\u00e9rationnels et d'am\u00e9liorer la s\u00e9curit\u00e9. Le gouvernement a demand\u00e9 un cr\u00e9dit d'environ 27 millions de francs pour ce projet. Un investissement dans l'efficacit\u00e9 et la p\u00e9rennit\u00e9 du site judiciaire de Saint-Gall.","autor":"Quelle St. Gallen","ort":"","bildunterschrift":"","bild_im_grid":false,"gallerie":"","newsim":""},"aioseo_notices":[],"aioseo_head":"\n\t\t<!-- All in One SEO 5.0.0.1 - aioseo.com -->\n\t<meta name=\"description\" content=\"Le d\u00e9m\u00e9nagement \u00e0 la Sch\u00fctzengasse 1 permettra non seulement de mettre fin \u00e0 un statut provisoire de longue date, mais aussi de moderniser les processus op\u00e9rationnels et d&#039;am\u00e9liorer la s\u00e9curit\u00e9. Le gouvernement a demand\u00e9 un cr\u00e9dit d&#039;environ 27 millions de francs pour ce projet. Un investissement dans l&#039;efficacit\u00e9 et la p\u00e9rennit\u00e9 du site judiciaire de Saint-Gall.\" \/>\n\t<meta name=\"robots\" content=\"max-image-preview:large\" \/>\n\t<meta name=\"author\" content=\"immovestuser\"\/>\n\t<meta name=\"google-site-verification\" content=\"fHJKvgWpZCR2zVBHWfkQeFXC11qieUSff0HGNYfuyLA\" \/>\n\t<link rel=\"canonical\" href=\"https:\/\/www.immo-invest.ch\/fr\/neues-gerichtsgebaeude-fuer-kreisgericht-st-gallen\/\" \/>\n\t<meta name=\"generator\" content=\"All in One SEO (AIOSEO) 5.0.0.1\" \/>\n\t\t<meta property=\"og:locale\" content=\"fr_FR\" \/>\n\t\t<meta property=\"og:site_name\" content=\"immo!nvest - Die Plattform f\u00fcr Standorte und Immobilien - Die\u00a0Plattform f\u00fcr Standorte und Immobilien\" \/>\n\t\t<meta property=\"og:type\" content=\"article\" \/>\n\t\t<meta property=\"og:title\" content=\"Nouveau b\u00e2timent judiciaire pour le tribunal d\u2019arrondissement de Saint-Gall - immo!nvest - Die Plattform f\u00fcr Standorte und Immobilien\" \/>\n\t\t<meta property=\"og:description\" content=\"Le d\u00e9m\u00e9nagement \u00e0 la Sch\u00fctzengasse 1 permettra non seulement de mettre fin \u00e0 un statut provisoire de longue date, mais aussi de moderniser les processus op\u00e9rationnels et d&#039;am\u00e9liorer la s\u00e9curit\u00e9. Le gouvernement a demand\u00e9 un cr\u00e9dit d&#039;environ 27 millions de francs pour ce projet. Un investissement dans l&#039;efficacit\u00e9 et la p\u00e9rennit\u00e9 du site judiciaire de Saint-Gall.\" \/>\n\t\t<meta property=\"og:url\" content=\"https:\/\/www.immo-invest.ch\/fr\/neues-gerichtsgebaeude-fuer-kreisgericht-st-gallen\/\" \/>\n\t\t<meta property=\"og:image\" content=\"https:\/\/www.immo-invest.ch\/wp-content\/uploads\/2025\/06\/Justizdepartement-CMS-e1749125977630.jpg\" \/>\n\t\t<meta property=\"og:image:secure_url\" content=\"https:\/\/www.immo-invest.ch\/wp-content\/uploads\/2025\/06\/Justizdepartement-CMS-e1749125977630.jpg\" \/>\n\t\t<meta property=\"og:image:width\" content=\"1140\" \/>\n\t\t<meta property=\"og:image:height\" content=\"390\" \/>\n\t\t<meta property=\"article:published_time\" content=\"2025-06-06T10:00:00+00:00\" \/>\n\t\t<meta property=\"article:modified_time\" content=\"2025-06-05T12:51:09+00:00\" \/>\n\t\t<meta property=\"article:publisher\" content=\"https:\/\/www.facebook.com\/people\/Immoinvest\/100077962920504\/\" \/>\n\t\t<meta name=\"twitter:card\" content=\"summary_large_image\" \/>\n\t\t<meta name=\"twitter:site\" content=\"@i\" \/>\n\t\t<meta name=\"twitter:title\" content=\"Nouveau b\u00e2timent judiciaire pour le tribunal d\u2019arrondissement de Saint-Gall - immo!nvest - Die Plattform f\u00fcr Standorte und Immobilien\" \/>\n\t\t<meta name=\"twitter:description\" content=\"Le d\u00e9m\u00e9nagement \u00e0 la Sch\u00fctzengasse 1 permettra non seulement de mettre fin \u00e0 un statut provisoire de longue date, mais aussi de moderniser les processus op\u00e9rationnels et d&#039;am\u00e9liorer la s\u00e9curit\u00e9. Le gouvernement a demand\u00e9 un cr\u00e9dit d&#039;environ 27 millions de francs pour ce projet. Un investissement dans l&#039;efficacit\u00e9 et la p\u00e9rennit\u00e9 du site judiciaire de Saint-Gall.\" \/>\n\t\t<meta name=\"twitter:creator\" content=\"@i\" \/>\n\t\t<meta name=\"twitter:image\" content=\"https:\/\/www.immo-invest.ch\/wp-content\/uploads\/2025\/06\/Justizdepartement-CMS-e1749125977630.jpg\" \/>\n\t\t<script type=\"application\/ld+json\" class=\"aioseo-schema\">\n\t\t\t{\"@context\":\"https:\\\/\\\/schema.org\",\"@graph\":[{\"@type\":\"BlogPosting\",\"@id\":\"https:\\\/\\\/www.immo-invest.ch\\\/fr\\\/neues-gerichtsgebaeude-fuer-kreisgericht-st-gallen\\\/#blogposting\",\"name\":\"Nouveau b\\u00e2timent judiciaire pour le tribunal d\\u2019arrondissement de Saint-Gall - immo!nvest - Die Plattform f\\u00fcr Standorte und Immobilien\",\"headline\":\"Nouveau b\\u00e2timent judiciaire pour le tribunal d&rsquo;arrondissement de Saint-Gall\",\"author\":{\"@id\":\"https:\\\/\\\/www.immo-invest.ch\\\/fr\\\/author\\\/immovestuser\\\/#author\"},\"publisher\":{\"@id\":\"https:\\\/\\\/www.immo-invest.ch\\\/fr\\\/#organization\"},\"image\":{\"@type\":\"ImageObject\",\"url\":\"https:\\\/\\\/www.immo-invest.ch\\\/wp-content\\\/uploads\\\/2025\\\/06\\\/Justizdepartement-CMS-e1749125977630.jpg\",\"width\":1140,\"height\":390},\"datePublished\":\"2025-06-06T12:00:00+02:00\",\"dateModified\":\"2025-06-05T14:51:09+02:00\",\"inLanguage\":\"fr-FR\",\"mainEntityOfPage\":{\"@id\":\"https:\\\/\\\/www.immo-invest.ch\\\/fr\\\/neues-gerichtsgebaeude-fuer-kreisgericht-st-gallen\\\/#webpage\"},\"isPartOf\":{\"@id\":\"https:\\\/\\\/www.immo-invest.ch\\\/fr\\\/neues-gerichtsgebaeude-fuer-kreisgericht-st-gallen\\\/#webpage\"},\"articleSection\":\"R\\u00e9gions, Saint-Gall, Standorte, Gericht, Immobilienentwicklung, Immoinvest, immoNews, Investition, Justiz, Kreisgericht, News, Sanierung, st. gallen, Facultatif\"},{\"@type\":\"BreadcrumbList\",\"@id\":\"https:\\\/\\\/www.immo-invest.ch\\\/fr\\\/neues-gerichtsgebaeude-fuer-kreisgericht-st-gallen\\\/#breadcrumblist\",\"itemListElement\":[{\"@type\":\"ListItem\",\"@id\":\"https:\\\/\\\/www.immo-invest.ch\\\/fr\\\/#listItem\",\"position\":1,\"name\":\"Home\",\"item\":\"https:\\\/\\\/www.immo-invest.ch\\\/fr\\\/\",\"nextItem\":{\"@type\":\"ListItem\",\"@id\":\"https:\\\/\\\/www.immo-invest.ch\\\/fr\\\/categories\\\/regions\\\/#listItem\",\"name\":\"R\\u00e9gions\"}},{\"@type\":\"ListItem\",\"@id\":\"https:\\\/\\\/www.immo-invest.ch\\\/fr\\\/categories\\\/regions\\\/#listItem\",\"position\":2,\"name\":\"R\\u00e9gions\",\"item\":\"https:\\\/\\\/www.immo-invest.ch\\\/fr\\\/categories\\\/regions\\\/\",\"nextItem\":{\"@type\":\"ListItem\",\"@id\":\"https:\\\/\\\/www.immo-invest.ch\\\/fr\\\/categories\\\/regions\\\/suisse\\\/#listItem\",\"name\":\"Suisse\"},\"previousItem\":{\"@type\":\"ListItem\",\"@id\":\"https:\\\/\\\/www.immo-invest.ch\\\/fr\\\/#listItem\",\"name\":\"Home\"}},{\"@type\":\"ListItem\",\"@id\":\"https:\\\/\\\/www.immo-invest.ch\\\/fr\\\/categories\\\/regions\\\/suisse\\\/#listItem\",\"position\":3,\"name\":\"Suisse\",\"item\":\"https:\\\/\\\/www.immo-invest.ch\\\/fr\\\/categories\\\/regions\\\/suisse\\\/\",\"nextItem\":{\"@type\":\"ListItem\",\"@id\":\"https:\\\/\\\/www.immo-invest.ch\\\/fr\\\/categories\\\/regions\\\/suisse\\\/suisse-orientale\\\/#listItem\",\"name\":\"Suisse orientale\"},\"previousItem\":{\"@type\":\"ListItem\",\"@id\":\"https:\\\/\\\/www.immo-invest.ch\\\/fr\\\/categories\\\/regions\\\/#listItem\",\"name\":\"R\\u00e9gions\"}},{\"@type\":\"ListItem\",\"@id\":\"https:\\\/\\\/www.immo-invest.ch\\\/fr\\\/categories\\\/regions\\\/suisse\\\/suisse-orientale\\\/#listItem\",\"position\":4,\"name\":\"Suisse orientale\",\"item\":\"https:\\\/\\\/www.immo-invest.ch\\\/fr\\\/categories\\\/regions\\\/suisse\\\/suisse-orientale\\\/\",\"nextItem\":{\"@type\":\"ListItem\",\"@id\":\"https:\\\/\\\/www.immo-invest.ch\\\/fr\\\/categories\\\/regions\\\/suisse\\\/suisse-orientale\\\/region-saint-gall\\\/#listItem\",\"name\":\"Saint-Gall\"},\"previousItem\":{\"@type\":\"ListItem\",\"@id\":\"https:\\\/\\\/www.immo-invest.ch\\\/fr\\\/categories\\\/regions\\\/suisse\\\/#listItem\",\"name\":\"Suisse\"}},{\"@type\":\"ListItem\",\"@id\":\"https:\\\/\\\/www.immo-invest.ch\\\/fr\\\/categories\\\/regions\\\/suisse\\\/suisse-orientale\\\/region-saint-gall\\\/#listItem\",\"position\":5,\"name\":\"Saint-Gall\",\"item\":\"https:\\\/\\\/www.immo-invest.ch\\\/fr\\\/categories\\\/regions\\\/suisse\\\/suisse-orientale\\\/region-saint-gall\\\/\",\"nextItem\":{\"@type\":\"ListItem\",\"@id\":\"https:\\\/\\\/www.immo-invest.ch\\\/fr\\\/neues-gerichtsgebaeude-fuer-kreisgericht-st-gallen\\\/#listItem\",\"name\":\"Nouveau b\\u00e2timent judiciaire pour le tribunal d&rsquo;arrondissement de Saint-Gall\"},\"previousItem\":{\"@type\":\"ListItem\",\"@id\":\"https:\\\/\\\/www.immo-invest.ch\\\/fr\\\/categories\\\/regions\\\/suisse\\\/suisse-orientale\\\/#listItem\",\"name\":\"Suisse orientale\"}},{\"@type\":\"ListItem\",\"@id\":\"https:\\\/\\\/www.immo-invest.ch\\\/fr\\\/neues-gerichtsgebaeude-fuer-kreisgericht-st-gallen\\\/#listItem\",\"position\":6,\"name\":\"Nouveau b\\u00e2timent judiciaire pour le tribunal d&rsquo;arrondissement de Saint-Gall\",\"previousItem\":{\"@type\":\"ListItem\",\"@id\":\"https:\\\/\\\/www.immo-invest.ch\\\/fr\\\/categories\\\/regions\\\/suisse\\\/suisse-orientale\\\/region-saint-gall\\\/#listItem\",\"name\":\"Saint-Gall\"}}]},{\"@type\":\"Organization\",\"@id\":\"https:\\\/\\\/www.immo-invest.ch\\\/fr\\\/#organization\",\"name\":\"immo!nvest - Die Plattform f\\u00fcr Standorte und Immobilien\",\"description\":\"Die\\u00a0Plattform f\\u00fcr Standorte und Immobilien\",\"url\":\"https:\\\/\\\/www.immo-invest.ch\\\/fr\\\/\",\"email\":\"admin@immomedia.ag\",\"telephone\":\"+41444420002\",\"logo\":{\"@type\":\"ImageObject\",\"url\":\"https:\\\/\\\/www.immo-invest.ch\\\/wp-content\\\/uploads\\\/2024\\\/09\\\/immoinvest_sm-scaled.jpg\",\"@id\":\"https:\\\/\\\/www.immo-invest.ch\\\/fr\\\/neues-gerichtsgebaeude-fuer-kreisgericht-st-gallen\\\/#organizationLogo\",\"width\":2560,\"height\":1340},\"image\":{\"@id\":\"https:\\\/\\\/www.immo-invest.ch\\\/fr\\\/neues-gerichtsgebaeude-fuer-kreisgericht-st-gallen\\\/#organizationLogo\"},\"sameAs\":[\"https:\\\/\\\/www.facebook.com\\\/people\\\/Immoinvest\\\/100077962920504\\\/\",\"https:\\\/\\\/x.com\\\/i\\\/flow\\\/login?redirect_after_login=immoinvest_ch\",\"https:\\\/\\\/www.instagram.com\\\/immoinvest_ch\\\/\",\"https:\\\/\\\/www.linkedin.com\\\/company\\\/immoinvest-swiss\"]},{\"@type\":\"Person\",\"@id\":\"https:\\\/\\\/www.immo-invest.ch\\\/fr\\\/author\\\/immovestuser\\\/#author\",\"url\":\"https:\\\/\\\/www.immo-invest.ch\\\/fr\\\/author\\\/immovestuser\\\/\",\"name\":\"immovestuser\",\"image\":{\"@type\":\"ImageObject\",\"@id\":\"https:\\\/\\\/www.immo-invest.ch\\\/fr\\\/neues-gerichtsgebaeude-fuer-kreisgericht-st-gallen\\\/#authorImage\",\"url\":\"https:\\\/\\\/secure.gravatar.com\\\/avatar\\\/8e01f4d99f2eeea7a362ebb93305e1172a70e9293ba250f897a65c39f54cdd1e?s=96&d=mm&r=g\",\"width\":96,\"height\":96,\"caption\":\"immovestuser\"}},{\"@type\":\"WebPage\",\"@id\":\"https:\\\/\\\/www.immo-invest.ch\\\/fr\\\/neues-gerichtsgebaeude-fuer-kreisgericht-st-gallen\\\/#webpage\",\"url\":\"https:\\\/\\\/www.immo-invest.ch\\\/fr\\\/neues-gerichtsgebaeude-fuer-kreisgericht-st-gallen\\\/\",\"name\":\"Nouveau b\\u00e2timent judiciaire pour le tribunal d\\u2019arrondissement de Saint-Gall - immo!nvest - Die Plattform f\\u00fcr Standorte und Immobilien\",\"description\":\"Le d\\u00e9m\\u00e9nagement \\u00e0 la Sch\\u00fctzengasse 1 permettra non seulement de mettre fin \\u00e0 un statut provisoire de longue date, mais aussi de moderniser les processus op\\u00e9rationnels et d'am\\u00e9liorer la s\\u00e9curit\\u00e9. Le gouvernement a demand\\u00e9 un cr\\u00e9dit d'environ 27 millions de francs pour ce projet. Un investissement dans l'efficacit\\u00e9 et la p\\u00e9rennit\\u00e9 du site judiciaire de Saint-Gall.\",\"inLanguage\":\"fr-FR\",\"isPartOf\":{\"@id\":\"https:\\\/\\\/www.immo-invest.ch\\\/fr\\\/#website\"},\"breadcrumb\":{\"@id\":\"https:\\\/\\\/www.immo-invest.ch\\\/fr\\\/neues-gerichtsgebaeude-fuer-kreisgericht-st-gallen\\\/#breadcrumblist\"},\"author\":{\"@id\":\"https:\\\/\\\/www.immo-invest.ch\\\/fr\\\/author\\\/immovestuser\\\/#author\"},\"creator\":{\"@id\":\"https:\\\/\\\/www.immo-invest.ch\\\/fr\\\/author\\\/immovestuser\\\/#author\"},\"image\":{\"@type\":\"ImageObject\",\"url\":\"https:\\\/\\\/www.immo-invest.ch\\\/wp-content\\\/uploads\\\/2025\\\/06\\\/Justizdepartement-CMS-e1749125977630.jpg\",\"@id\":\"https:\\\/\\\/www.immo-invest.ch\\\/fr\\\/neues-gerichtsgebaeude-fuer-kreisgericht-st-gallen\\\/#mainImage\",\"width\":1140,\"height\":390},\"primaryImageOfPage\":{\"@id\":\"https:\\\/\\\/www.immo-invest.ch\\\/fr\\\/neues-gerichtsgebaeude-fuer-kreisgericht-st-gallen\\\/#mainImage\"},\"datePublished\":\"2025-06-06T12:00:00+02:00\",\"dateModified\":\"2025-06-05T14:51:09+02:00\"},{\"@type\":\"WebSite\",\"@id\":\"https:\\\/\\\/www.immo-invest.ch\\\/fr\\\/#website\",\"url\":\"https:\\\/\\\/www.immo-invest.ch\\\/fr\\\/\",\"name\":\"immo!nvest - Die Plattform f\\u00fcr Standorte und Immobilien\",\"description\":\"Die\\u00a0Plattform f\\u00fcr Standorte und Immobilien\",\"inLanguage\":\"fr-FR\",\"publisher\":{\"@id\":\"https:\\\/\\\/www.immo-invest.ch\\\/fr\\\/#organization\"}}]}\n\t\t<\/script>\n\t\t<!-- All in One SEO -->\n\n","aioseo_head_json":{"title":"Nouveau b\u00e2timent judiciaire pour le tribunal d\u2019arrondissement de Saint-Gall - immo!nvest - Die Plattform f\u00fcr Standorte und Immobilien","description":"Le d\u00e9m\u00e9nagement \u00e0 la Sch\u00fctzengasse 1 permettra non seulement de mettre fin \u00e0 un statut provisoire de longue date, mais aussi de moderniser les processus op\u00e9rationnels et d'am\u00e9liorer la s\u00e9curit\u00e9. Le gouvernement a demand\u00e9 un cr\u00e9dit d'environ 27 millions de francs pour ce projet. Un investissement dans l'efficacit\u00e9 et la p\u00e9rennit\u00e9 du site judiciaire de Saint-Gall.","canonical_url":"https:\/\/www.immo-invest.ch\/fr\/neues-gerichtsgebaeude-fuer-kreisgericht-st-gallen\/","robots":"max-image-preview:large","keywords":"","webmasterTools":{"google-site-verification":"fHJKvgWpZCR2zVBHWfkQeFXC11qieUSff0HGNYfuyLA","miscellaneous":""},"schema":{"@context":"https:\/\/schema.org","@graph":[{"@type":"BlogPosting","@id":"https:\/\/www.immo-invest.ch\/fr\/neues-gerichtsgebaeude-fuer-kreisgericht-st-gallen\/#blogposting","name":"Nouveau b\u00e2timent judiciaire pour le tribunal d\u2019arrondissement de Saint-Gall - immo!nvest - Die Plattform f\u00fcr Standorte und Immobilien","headline":"Nouveau b\u00e2timent judiciaire pour le tribunal d&rsquo;arrondissement de Saint-Gall","author":{"@id":"https:\/\/www.immo-invest.ch\/fr\/author\/immovestuser\/#author"},"publisher":{"@id":"https:\/\/www.immo-invest.ch\/fr\/#organization"},"image":{"@type":"ImageObject","url":"https:\/\/www.immo-invest.ch\/wp-content\/uploads\/2025\/06\/Justizdepartement-CMS-e1749125977630.jpg","width":1140,"height":390},"datePublished":"2025-06-06T12:00:00+02:00","dateModified":"2025-06-05T14:51:09+02:00","inLanguage":"fr-FR","mainEntityOfPage":{"@id":"https:\/\/www.immo-invest.ch\/fr\/neues-gerichtsgebaeude-fuer-kreisgericht-st-gallen\/#webpage"},"isPartOf":{"@id":"https:\/\/www.immo-invest.ch\/fr\/neues-gerichtsgebaeude-fuer-kreisgericht-st-gallen\/#webpage"},"articleSection":"R\u00e9gions, Saint-Gall, Standorte, Gericht, Immobilienentwicklung, Immoinvest, immoNews, Investition, Justiz, Kreisgericht, News, Sanierung, st. gallen, Facultatif"},{"@type":"BreadcrumbList","@id":"https:\/\/www.immo-invest.ch\/fr\/neues-gerichtsgebaeude-fuer-kreisgericht-st-gallen\/#breadcrumblist","itemListElement":[{"@type":"ListItem","@id":"https:\/\/www.immo-invest.ch\/fr\/#listItem","position":1,"name":"Home","item":"https:\/\/www.immo-invest.ch\/fr\/","nextItem":{"@type":"ListItem","@id":"https:\/\/www.immo-invest.ch\/fr\/categories\/regions\/#listItem","name":"R\u00e9gions"}},{"@type":"ListItem","@id":"https:\/\/www.immo-invest.ch\/fr\/categories\/regions\/#listItem","position":2,"name":"R\u00e9gions","item":"https:\/\/www.immo-invest.ch\/fr\/categories\/regions\/","nextItem":{"@type":"ListItem","@id":"https:\/\/www.immo-invest.ch\/fr\/categories\/regions\/suisse\/#listItem","name":"Suisse"},"previousItem":{"@type":"ListItem","@id":"https:\/\/www.immo-invest.ch\/fr\/#listItem","name":"Home"}},{"@type":"ListItem","@id":"https:\/\/www.immo-invest.ch\/fr\/categories\/regions\/suisse\/#listItem","position":3,"name":"Suisse","item":"https:\/\/www.immo-invest.ch\/fr\/categories\/regions\/suisse\/","nextItem":{"@type":"ListItem","@id":"https:\/\/www.immo-invest.ch\/fr\/categories\/regions\/suisse\/suisse-orientale\/#listItem","name":"Suisse orientale"},"previousItem":{"@type":"ListItem","@id":"https:\/\/www.immo-invest.ch\/fr\/categories\/regions\/#listItem","name":"R\u00e9gions"}},{"@type":"ListItem","@id":"https:\/\/www.immo-invest.ch\/fr\/categories\/regions\/suisse\/suisse-orientale\/#listItem","position":4,"name":"Suisse orientale","item":"https:\/\/www.immo-invest.ch\/fr\/categories\/regions\/suisse\/suisse-orientale\/","nextItem":{"@type":"ListItem","@id":"https:\/\/www.immo-invest.ch\/fr\/categories\/regions\/suisse\/suisse-orientale\/region-saint-gall\/#listItem","name":"Saint-Gall"},"previousItem":{"@type":"ListItem","@id":"https:\/\/www.immo-invest.ch\/fr\/categories\/regions\/suisse\/#listItem","name":"Suisse"}},{"@type":"ListItem","@id":"https:\/\/www.immo-invest.ch\/fr\/categories\/regions\/suisse\/suisse-orientale\/region-saint-gall\/#listItem","position":5,"name":"Saint-Gall","item":"https:\/\/www.immo-invest.ch\/fr\/categories\/regions\/suisse\/suisse-orientale\/region-saint-gall\/","nextItem":{"@type":"ListItem","@id":"https:\/\/www.immo-invest.ch\/fr\/neues-gerichtsgebaeude-fuer-kreisgericht-st-gallen\/#listItem","name":"Nouveau b\u00e2timent judiciaire pour le tribunal d&rsquo;arrondissement de Saint-Gall"},"previousItem":{"@type":"ListItem","@id":"https:\/\/www.immo-invest.ch\/fr\/categories\/regions\/suisse\/suisse-orientale\/#listItem","name":"Suisse orientale"}},{"@type":"ListItem","@id":"https:\/\/www.immo-invest.ch\/fr\/neues-gerichtsgebaeude-fuer-kreisgericht-st-gallen\/#listItem","position":6,"name":"Nouveau b\u00e2timent judiciaire pour le tribunal d&rsquo;arrondissement de Saint-Gall","previousItem":{"@type":"ListItem","@id":"https:\/\/www.immo-invest.ch\/fr\/categories\/regions\/suisse\/suisse-orientale\/region-saint-gall\/#listItem","name":"Saint-Gall"}}]},{"@type":"Organization","@id":"https:\/\/www.immo-invest.ch\/fr\/#organization","name":"immo!nvest - Die Plattform f\u00fcr Standorte und Immobilien","description":"Die\u00a0Plattform f\u00fcr Standorte und Immobilien","url":"https:\/\/www.immo-invest.ch\/fr\/","email":"admin@immomedia.ag","telephone":"+41444420002","logo":{"@type":"ImageObject","url":"https:\/\/www.immo-invest.ch\/wp-content\/uploads\/2024\/09\/immoinvest_sm-scaled.jpg","@id":"https:\/\/www.immo-invest.ch\/fr\/neues-gerichtsgebaeude-fuer-kreisgericht-st-gallen\/#organizationLogo","width":2560,"height":1340},"image":{"@id":"https:\/\/www.immo-invest.ch\/fr\/neues-gerichtsgebaeude-fuer-kreisgericht-st-gallen\/#organizationLogo"},"sameAs":["https:\/\/www.facebook.com\/people\/Immoinvest\/100077962920504\/","https:\/\/x.com\/i\/flow\/login?redirect_after_login=immoinvest_ch","https:\/\/www.instagram.com\/immoinvest_ch\/","https:\/\/www.linkedin.com\/company\/immoinvest-swiss"]},{"@type":"Person","@id":"https:\/\/www.immo-invest.ch\/fr\/author\/immovestuser\/#author","url":"https:\/\/www.immo-invest.ch\/fr\/author\/immovestuser\/","name":"immovestuser","image":{"@type":"ImageObject","@id":"https:\/\/www.immo-invest.ch\/fr\/neues-gerichtsgebaeude-fuer-kreisgericht-st-gallen\/#authorImage","url":"https:\/\/secure.gravatar.com\/avatar\/8e01f4d99f2eeea7a362ebb93305e1172a70e9293ba250f897a65c39f54cdd1e?s=96&d=mm&r=g","width":96,"height":96,"caption":"immovestuser"}},{"@type":"WebPage","@id":"https:\/\/www.immo-invest.ch\/fr\/neues-gerichtsgebaeude-fuer-kreisgericht-st-gallen\/#webpage","url":"https:\/\/www.immo-invest.ch\/fr\/neues-gerichtsgebaeude-fuer-kreisgericht-st-gallen\/","name":"Nouveau b\u00e2timent judiciaire pour le tribunal d\u2019arrondissement de Saint-Gall - immo!nvest - Die Plattform f\u00fcr Standorte und Immobilien","description":"Le d\u00e9m\u00e9nagement \u00e0 la Sch\u00fctzengasse 1 permettra non seulement de mettre fin \u00e0 un statut provisoire de longue date, mais aussi de moderniser les processus op\u00e9rationnels et d'am\u00e9liorer la s\u00e9curit\u00e9. Le gouvernement a demand\u00e9 un cr\u00e9dit d'environ 27 millions de francs pour ce projet. Un investissement dans l'efficacit\u00e9 et la p\u00e9rennit\u00e9 du site judiciaire de Saint-Gall.","inLanguage":"fr-FR","isPartOf":{"@id":"https:\/\/www.immo-invest.ch\/fr\/#website"},"breadcrumb":{"@id":"https:\/\/www.immo-invest.ch\/fr\/neues-gerichtsgebaeude-fuer-kreisgericht-st-gallen\/#breadcrumblist"},"author":{"@id":"https:\/\/www.immo-invest.ch\/fr\/author\/immovestuser\/#author"},"creator":{"@id":"https:\/\/www.immo-invest.ch\/fr\/author\/immovestuser\/#author"},"image":{"@type":"ImageObject","url":"https:\/\/www.immo-invest.ch\/wp-content\/uploads\/2025\/06\/Justizdepartement-CMS-e1749125977630.jpg","@id":"https:\/\/www.immo-invest.ch\/fr\/neues-gerichtsgebaeude-fuer-kreisgericht-st-gallen\/#mainImage","width":1140,"height":390},"primaryImageOfPage":{"@id":"https:\/\/www.immo-invest.ch\/fr\/neues-gerichtsgebaeude-fuer-kreisgericht-st-gallen\/#mainImage"},"datePublished":"2025-06-06T12:00:00+02:00","dateModified":"2025-06-05T14:51:09+02:00"},{"@type":"WebSite","@id":"https:\/\/www.immo-invest.ch\/fr\/#website","url":"https:\/\/www.immo-invest.ch\/fr\/","name":"immo!nvest - Die Plattform f\u00fcr Standorte und Immobilien","description":"Die\u00a0Plattform f\u00fcr Standorte und Immobilien","inLanguage":"fr-FR","publisher":{"@id":"https:\/\/www.immo-invest.ch\/fr\/#organization"}}]},"og:locale":"fr_FR","og:site_name":"immo!nvest - Die Plattform f\u00fcr Standorte und Immobilien - Die\u00a0Plattform f\u00fcr Standorte und Immobilien","og:type":"article","og:title":"Nouveau b\u00e2timent judiciaire pour le tribunal d\u2019arrondissement de Saint-Gall - immo!nvest - Die Plattform f\u00fcr Standorte und Immobilien","og:description":"Le d\u00e9m\u00e9nagement \u00e0 la Sch\u00fctzengasse 1 permettra non seulement de mettre fin \u00e0 un statut provisoire de longue date, mais aussi de moderniser les processus op\u00e9rationnels et d'am\u00e9liorer la s\u00e9curit\u00e9. Le gouvernement a demand\u00e9 un cr\u00e9dit d'environ 27 millions de francs pour ce projet. Un investissement dans l'efficacit\u00e9 et la p\u00e9rennit\u00e9 du site judiciaire de Saint-Gall.","og:url":"https:\/\/www.immo-invest.ch\/fr\/neues-gerichtsgebaeude-fuer-kreisgericht-st-gallen\/","og:image":"https:\/\/www.immo-invest.ch\/wp-content\/uploads\/2025\/06\/Justizdepartement-CMS-e1749125977630.jpg","og:image:secure_url":"https:\/\/www.immo-invest.ch\/wp-content\/uploads\/2025\/06\/Justizdepartement-CMS-e1749125977630.jpg","og:image:width":1140,"og:image:height":390,"article:published_time":"2025-06-06T10:00:00+00:00","article:modified_time":"2025-06-05T12:51:09+00:00","article:publisher":"https:\/\/www.facebook.com\/people\/Immoinvest\/100077962920504\/","twitter:card":"summary_large_image","twitter:site":"@i","twitter:title":"Nouveau b\u00e2timent judiciaire pour le tribunal d\u2019arrondissement de Saint-Gall - immo!nvest - Die Plattform f\u00fcr Standorte und Immobilien","twitter:description":"Le d\u00e9m\u00e9nagement \u00e0 la Sch\u00fctzengasse 1 permettra non seulement de mettre fin \u00e0 un statut provisoire de longue date, mais aussi de moderniser les processus op\u00e9rationnels et d'am\u00e9liorer la s\u00e9curit\u00e9. Le gouvernement a demand\u00e9 un cr\u00e9dit d'environ 27 millions de francs pour ce projet. Un investissement dans l'efficacit\u00e9 et la p\u00e9rennit\u00e9 du site judiciaire de Saint-Gall.","twitter:creator":"@i","twitter:image":"https:\/\/www.immo-invest.ch\/wp-content\/uploads\/2025\/06\/Justizdepartement-CMS-e1749125977630.jpg"},"aioseo_meta_data":{"post_id":"133722","title":null,"description":null,"keywords":null,"keyphrases":{"focus":{"keyphrase":"","score":0,"analysis":{"keyphraseInTitle":{"score":0,"maxScore":9,"error":1}}},"additional":[]},"primary_term":null,"canonical_url":null,"og_title":null,"og_description":null,"og_object_type":"default","og_image_type":"default","og_image_url":null,"og_image_width":null,"og_image_height":null,"og_image_custom_url":null,"og_image_custom_fields":null,"og_video":"","og_custom_url":null,"og_article_section":null,"og_article_tags":null,"twitter_use_og":false,"twitter_card":"default","twitter_image_type":"default","twitter_image_url":null,"twitter_image_custom_url":null,"twitter_image_custom_fields":null,"twitter_title":null,"twitter_description":null,"schema":{"blockGraphs":[],"customGraphs":[],"default":{"data":{"Article":[],"Course":[],"Dataset":[],"FAQPage":[],"Movie":[],"Person":[],"Product":[],"ProductReview":[],"Car":[],"Recipe":[],"Service":[],"SoftwareApplication":[],"WebPage":[]},"graphName":"BlogPosting","isEnabled":true},"graphs":[]},"schema_type":"default","schema_type_options":null,"pillar_content":false,"robots_default":true,"robots_noindex":false,"robots_noarchive":false,"robots_nosnippet":false,"robots_nofollow":false,"robots_noimageindex":false,"robots_noodp":false,"robots_notranslate":false,"robots_max_snippet":"-1","robots_max_videopreview":"-1","robots_max_imagepreview":"large","priority":null,"frequency":"default","local_seo":null,"breadcrumb_settings":null,"limit_modified_date":false,"ai":null,"created":"2025-06-05 12:51:10","updated":"2025-10-24 21:54:13","seo_analyzer_scan_date":null,"focus_keyword":null,"additional_keywords":null,"truseo_locale":null},"aioseo_breadcrumb":"<div class=\"aioseo-breadcrumbs\"><span class=\"aioseo-breadcrumb\">\n\t\t\t<a href=\"https:\/\/www.immo-invest.ch\/fr\/\" title=\"Home\">Home<\/a>\n\t\t<\/span><span class=\"aioseo-breadcrumb-separator\">&raquo;<\/span><span class=\"aioseo-breadcrumb\">\n\t\t\t<a href=\"https:\/\/www.immo-invest.ch\/fr\/categories\/regions\/\" title=\"R\u00e9gions\">R\u00e9gions<\/a>\n\t\t<\/span><span class=\"aioseo-breadcrumb-separator\">&raquo;<\/span><span class=\"aioseo-breadcrumb\">\n\t\t\t<a href=\"https:\/\/www.immo-invest.ch\/fr\/categories\/regions\/suisse\/\" title=\"Suisse\">Suisse<\/a>\n\t\t<\/span><span class=\"aioseo-breadcrumb-separator\">&raquo;<\/span><span class=\"aioseo-breadcrumb\">\n\t\t\t<a href=\"https:\/\/www.immo-invest.ch\/fr\/categories\/regions\/suisse\/suisse-orientale\/\" title=\"Suisse orientale\">Suisse orientale<\/a>\n\t\t<\/span><span class=\"aioseo-breadcrumb-separator\">&raquo;<\/span><span class=\"aioseo-breadcrumb\">\n\t\t\t<a href=\"https:\/\/www.immo-invest.ch\/fr\/categories\/regions\/suisse\/suisse-orientale\/region-saint-gall\/\" title=\"Saint-Gall\">Saint-Gall<\/a>\n\t\t<\/span><span class=\"aioseo-breadcrumb-separator\">&raquo;<\/span><span class=\"aioseo-breadcrumb\">\n\t\t\tNouveau b\u00e2timent judiciaire pour le tribunal d\u2019arrondissement de Saint-Gall\n\t\t<\/span><\/div>","aioseo_breadcrumb_json":[{"label":"Home","link":"https:\/\/www.immo-invest.ch\/fr\/"},{"label":"R\u00e9gions","link":"https:\/\/www.immo-invest.ch\/fr\/categories\/regions\/"},{"label":"Suisse","link":"https:\/\/www.immo-invest.ch\/fr\/categories\/regions\/suisse\/"},{"label":"Suisse orientale","link":"https:\/\/www.immo-invest.ch\/fr\/categories\/regions\/suisse\/suisse-orientale\/"},{"label":"Saint-Gall","link":"https:\/\/www.immo-invest.ch\/fr\/categories\/regions\/suisse\/suisse-orientale\/region-saint-gall\/"},{"label":"Nouveau b\u00e2timent judiciaire pour le tribunal d&rsquo;arrondissement de Saint-Gall","link":"https:\/\/www.immo-invest.ch\/fr\/neues-gerichtsgebaeude-fuer-kreisgericht-st-gallen\/"}],"featured_image_src":"https:\/\/www.immo-invest.ch\/wp-content\/uploads\/2025\/06\/Justizdepartement-CMS-336x168.jpg","_links":{"self":[{"href":"https:\/\/www.immo-invest.ch\/fr\/wp-json\/wp\/v2\/posts\/133722","targetHints":{"allow":["GET"]}}],"collection":[{"href":"https:\/\/www.immo-invest.ch\/fr\/wp-json\/wp\/v2\/posts"}],"about":[{"href":"https:\/\/www.immo-invest.ch\/fr\/wp-json\/wp\/v2\/types\/post"}],"author":[{"embeddable":true,"href":"https:\/\/www.immo-invest.ch\/fr\/wp-json\/wp\/v2\/users\/2"}],"replies":[{"embeddable":true,"href":"https:\/\/www.immo-invest.ch\/fr\/wp-json\/wp\/v2\/comments?post=133722"}],"version-history":[{"count":0,"href":"https:\/\/www.immo-invest.ch\/fr\/wp-json\/wp\/v2\/posts\/133722\/revisions"}],"wp:featuredmedia":[{"embeddable":true,"href":"https:\/\/www.immo-invest.ch\/fr\/wp-json\/wp\/v2\/media\/133698"}],"wp:attachment":[{"href":"https:\/\/www.immo-invest.ch\/fr\/wp-json\/wp\/v2\/media?parent=133722"}],"wp:term":[{"taxonomy":"category","embeddable":true,"href":"https:\/\/www.immo-invest.ch\/fr\/wp-json\/wp\/v2\/categories?post=133722"},{"taxonomy":"post_tag","embeddable":true,"href":"https:\/\/www.immo-invest.ch\/fr\/wp-json\/wp\/v2\/tags?post=133722"}],"curies":[{"name":"wp","href":"https:\/\/api.w.org\/{rel}","templated":true}]}}