{"id":133609,"date":"2025-06-03T10:59:57","date_gmt":"2025-06-03T08:59:57","guid":{"rendered":"https:\/\/www.immo-invest.ch\/masterplan-fuer-das-jenny-areal\/"},"modified":"2025-06-03T13:13:51","modified_gmt":"2025-06-03T11:13:51","slug":"masterplan-fuer-das-jenny-areal","status":"publish","type":"post","link":"https:\/\/www.immo-invest.ch\/fr\/masterplan-fuer-das-jenny-areal\/","title":{"rendered":"Plan directeur pour le Jenny-Areal"},"content":{"rendered":"<p class=\"wp-block-paragraph\">Le site Jenny de Fritz Caspar Jenny AG, qui s&rsquo;&eacute;tend sur environ 30 hectares, est profond&eacute;ment ancr&eacute; dans l&rsquo;histoire industrielle du pays de Glaris. L&agrave; o&ugrave; la production textile a eu lieu depuis 1834, un site aux multiples facettes est aujourd&rsquo;hui en train de na&icirc;tre avec de nouvelles perspectives. La proximit&eacute; de la gare de Ziegelbr&uuml;cke, la taille du site et les infrastructures existantes en font un lieu cl&eacute; pour le d&eacute;veloppement &eacute;conomique et urbain du canton.<\/p>\n\n\n\n\n\n<p class=\"wp-block-paragraph\"><strong>Une planification visionnaire et participative<\/strong><br>Dans le cadre d&rsquo;un processus en plusieurs &eacute;tapes, un plan directeur strat&eacute;gique a &eacute;t&eacute; &eacute;labor&eacute;, sur la base d&rsquo;une planification test compl&egrave;te r&eacute;alis&eacute;e par quatre &eacute;quipes interdisciplinaires. Les conclusions qui en ont &eacute;t&eacute; tir&eacute;es constituent la base d&rsquo;un d&eacute;veloppement &agrave; long terme adapt&eacute; &agrave; l&rsquo;am&eacute;nagement du territoire r&eacute;gional, aux potentiels &eacute;conomiques et &agrave; la diversit&eacute; sociale. Le projet gagnant de Bl&auml;ttler Dafflon Architekten avec Tony Fretton Architects et Studio Vulkan a convaincu par son lien fort entre la nature, la culture du b&acirc;timent et les espaces ouverts.<\/p>\n\n\n\n\n\n<p class=\"wp-block-paragraph\"><strong>Une utilisation diversifi&eacute;e comme strat&eacute;gie de site<\/strong><br>Aujourd&rsquo;hui d&eacute;j&agrave;, le site r&eacute;unit diff&eacute;rentes utilisations. De la Carlsberg Supply Company &agrave; l&rsquo;&eacute;cole professionnelle cantonale de Glaris, en passant par des formes cr&eacute;atives de travail et d&rsquo;habitation comme le loft Z25. Le plan directeur s&rsquo;appuie sur cette diversit&eacute; et l&rsquo;&eacute;largit &agrave; de nouvelles offres de formation, de services et de logements. Un projet d&rsquo;h&ocirc;tel est &eacute;galement &agrave; l&rsquo;&eacute;tude. L&rsquo;objectif est d&rsquo;&eacute;tablir durablement le Jenny-Areal en tant que lieu &eacute;conomique, d&rsquo;habitation et d&rsquo;apprentissage et de le faire vivre de mani&egrave;re durable.<\/p>\n\n\n\n\n\n<p class=\"wp-block-paragraph\"><strong>La culture du b&acirc;ti comme &eacute;l&eacute;ment identitaire<\/strong><br>Le traitement respectueux du patrimoine architectural est central pour le d&eacute;veloppement. Le site fait partie de l&rsquo;inventaire des sites construits &agrave; prot&eacute;ger en Suisse. Les b&acirc;timents existants pr&eacute;sentant un int&eacute;r&ecirc;t architectural et historique doivent &ecirc;tre conserv&eacute;s et int&eacute;gr&eacute;s de mani&egrave;re cibl&eacute;e. Le centre &eacute;questre class&eacute; monument historique, par exemple, doit &ecirc;tre un &eacute;l&eacute;ment marquant du nouveau concept de site et contribuer &agrave; l&rsquo;identit&eacute; du lieu.<\/p>\n\n\n\n\n\n<p class=\"wp-block-paragraph\"><strong>Le cadre juridique en ligne de mire<\/strong><br>La mise en &oelig;uvre du plan directeur requiert un plan d&rsquo;affectation adapt&eacute;. Actuellement, le projet attend l&rsquo;entr&eacute;e en vigueur du plan d&rsquo;affectation II de la commune de Glaris Nord. Les premi&egrave;res &eacute;tapes du changement de zonage ont &eacute;t&eacute; franchies, mais des conditions juridiques centrales doivent encore &ecirc;tre remplies. L&rsquo;ach&egrave;vement de ce processus permettra d&rsquo;exploiter pleinement le potentiel de d&eacute;veloppement du Jenny-Areal. Une &eacute;tape d&eacute;cisive pour l&rsquo;avenir du site.<\/p>\n\n","protected":false},"excerpt":{"rendered":"<p>Le Jenny-Areal \u00e0 Ziegelbr\u00fccke est un projet mod\u00e8le pour le d\u00e9veloppement durable des sites dans le canton de Glaris. Un plan directeur global associe l&rsquo;identit\u00e9 historique \u00e0 une nouvelle utilisation et positionne la plus grande zone de d\u00e9veloppement de la r\u00e9gion comme un lieu d&rsquo;avenir pour le travail, la formation, l&rsquo;habitat et l&rsquo;innovation.<\/p>\n","protected":false},"author":2,"featured_media":133518,"comment_status":"open","ping_status":"open","sticky":false,"template":"","format":"standard","meta":{"pmpro_default_level":"","inline_featured_image":false,"_monsterinsights_skip_tracking":false,"footnotes":""},"categories":[45951,22357,8452,39686],"tags":[871,872,3931,53119,43375,27366,2002,53120,53121,53122],"class_list":["post-133609","post","type-post","status-publish","format-standard","has-post-thumbnail","hentry","category-glarus-fr","category-industrie-du-batiment","category-regions","category-standorte-fr","tag-glarus-fr","tag-immoinvest-fr","tag-immonews-fr","tag-jenny-areal-fr","tag-masterplan-fr","tag-nachhaltige-entwicklung-fr","tag-news-fr","tag-nutzungskonzepte-fr","tag-umzonung-fr","tag-ziegelbruecke-fr","pmpro-has-access"],"acf":{"bild_mit_ki_erstellt_worden":[],"lead":"Le Jenny-Areal \u00e0 Ziegelbr\u00fccke est un projet mod\u00e8le pour le d\u00e9veloppement durable des sites dans le canton de Glaris. Un plan directeur global associe l'identit\u00e9 historique \u00e0 une nouvelle utilisation et positionne la plus grande zone de d\u00e9veloppement de la r\u00e9gion comme un lieu d'avenir pour le travail, la formation, l'habitat et l'innovation.","autor":"Redaktion: Jessica Bill, Bild: zVg.","ort":"","bildunterschrift":"","bild_im_grid":false,"gallerie":"","newsim":""},"aioseo_notices":[],"aioseo_head":"\n\t\t<!-- All in One SEO 5.0.0.1 - aioseo.com -->\n\t<meta name=\"description\" content=\"Le Jenny-Areal \u00e0 Ziegelbr\u00fccke est un projet mod\u00e8le pour le d\u00e9veloppement durable des sites dans le canton de Glaris. Un plan directeur global associe l&#039;identit\u00e9 historique \u00e0 une nouvelle utilisation et positionne la plus grande zone de d\u00e9veloppement de la r\u00e9gion comme un lieu d&#039;avenir pour le travail, la formation, l&#039;habitat et l&#039;innovation.\" \/>\n\t<meta name=\"robots\" content=\"max-image-preview:large\" \/>\n\t<meta name=\"author\" content=\"immovestuser\"\/>\n\t<meta name=\"google-site-verification\" content=\"fHJKvgWpZCR2zVBHWfkQeFXC11qieUSff0HGNYfuyLA\" \/>\n\t<link rel=\"canonical\" href=\"https:\/\/www.immo-invest.ch\/fr\/masterplan-fuer-das-jenny-areal\/\" \/>\n\t<meta name=\"generator\" content=\"All in One SEO (AIOSEO) 5.0.0.1\" \/>\n\t\t<meta property=\"og:locale\" content=\"fr_FR\" \/>\n\t\t<meta property=\"og:site_name\" content=\"immo!nvest - Die Plattform f\u00fcr Standorte und Immobilien - Die\u00a0Plattform f\u00fcr Standorte und Immobilien\" \/>\n\t\t<meta property=\"og:type\" content=\"article\" \/>\n\t\t<meta property=\"og:title\" content=\"Plan directeur pour le Jenny-Areal - immo!nvest - Die Plattform f\u00fcr Standorte und Immobilien\" \/>\n\t\t<meta property=\"og:description\" content=\"Le Jenny-Areal \u00e0 Ziegelbr\u00fccke est un projet mod\u00e8le pour le d\u00e9veloppement durable des sites dans le canton de Glaris. Un plan directeur global associe l&#039;identit\u00e9 historique \u00e0 une nouvelle utilisation et positionne la plus grande zone de d\u00e9veloppement de la r\u00e9gion comme un lieu d&#039;avenir pour le travail, la formation, l&#039;habitat et l&#039;innovation.\" \/>\n\t\t<meta property=\"og:url\" content=\"https:\/\/www.immo-invest.ch\/fr\/masterplan-fuer-das-jenny-areal\/\" \/>\n\t\t<meta property=\"og:image\" content=\"https:\/\/www.immo-invest.ch\/wp-content\/uploads\/2025\/06\/6a48e2_c619874538dd43e3988c1892fad732b6-e1748940922910.avif\" \/>\n\t\t<meta property=\"og:image:secure_url\" content=\"https:\/\/www.immo-invest.ch\/wp-content\/uploads\/2025\/06\/6a48e2_c619874538dd43e3988c1892fad732b6-e1748940922910.avif\" \/>\n\t\t<meta property=\"og:image:width\" content=\"1200\" \/>\n\t\t<meta property=\"og:image:height\" content=\"800\" \/>\n\t\t<meta property=\"article:published_time\" content=\"2025-06-03T08:59:57+00:00\" \/>\n\t\t<meta property=\"article:modified_time\" content=\"2025-06-03T11:13:51+00:00\" \/>\n\t\t<meta property=\"article:publisher\" content=\"https:\/\/www.facebook.com\/people\/Immoinvest\/100077962920504\/\" \/>\n\t\t<meta name=\"twitter:card\" content=\"summary_large_image\" \/>\n\t\t<meta name=\"twitter:site\" content=\"@i\" \/>\n\t\t<meta name=\"twitter:title\" content=\"Plan directeur pour le Jenny-Areal - immo!nvest - Die Plattform f\u00fcr Standorte und Immobilien\" \/>\n\t\t<meta name=\"twitter:description\" content=\"Le Jenny-Areal \u00e0 Ziegelbr\u00fccke est un projet mod\u00e8le pour le d\u00e9veloppement durable des sites dans le canton de Glaris. Un plan directeur global associe l&#039;identit\u00e9 historique \u00e0 une nouvelle utilisation et positionne la plus grande zone de d\u00e9veloppement de la r\u00e9gion comme un lieu d&#039;avenir pour le travail, la formation, l&#039;habitat et l&#039;innovation.\" \/>\n\t\t<meta name=\"twitter:creator\" content=\"@i\" \/>\n\t\t<meta name=\"twitter:image\" content=\"https:\/\/www.immo-invest.ch\/wp-content\/uploads\/2025\/06\/6a48e2_c619874538dd43e3988c1892fad732b6-e1748940922910.avif\" \/>\n\t\t<script type=\"application\/ld+json\" class=\"aioseo-schema\">\n\t\t\t{\"@context\":\"https:\\\/\\\/schema.org\",\"@graph\":[{\"@type\":\"BlogPosting\",\"@id\":\"https:\\\/\\\/www.immo-invest.ch\\\/fr\\\/masterplan-fuer-das-jenny-areal\\\/#blogposting\",\"name\":\"Plan directeur pour le Jenny-Areal - immo!nvest - Die Plattform f\\u00fcr Standorte und Immobilien\",\"headline\":\"Plan directeur pour le Jenny-Areal\",\"author\":{\"@id\":\"https:\\\/\\\/www.immo-invest.ch\\\/fr\\\/author\\\/immovestuser\\\/#author\"},\"publisher\":{\"@id\":\"https:\\\/\\\/www.immo-invest.ch\\\/fr\\\/#organization\"},\"image\":{\"@type\":\"ImageObject\",\"url\":\"https:\\\/\\\/www.immo-invest.ch\\\/wp-content\\\/uploads\\\/2025\\\/06\\\/6a48e2_c619874538dd43e3988c1892fad732b6-e1748940922910.avif\",\"width\":1200,\"height\":800},\"datePublished\":\"2025-06-03T10:59:57+02:00\",\"dateModified\":\"2025-06-03T13:13:51+02:00\",\"inLanguage\":\"fr-FR\",\"mainEntityOfPage\":{\"@id\":\"https:\\\/\\\/www.immo-invest.ch\\\/fr\\\/masterplan-fuer-das-jenny-areal\\\/#webpage\"},\"isPartOf\":{\"@id\":\"https:\\\/\\\/www.immo-invest.ch\\\/fr\\\/masterplan-fuer-das-jenny-areal\\\/#webpage\"},\"articleSection\":\"Glarus, Industrie du b\\u00e2timent, R\\u00e9gions, Standorte, Glarus, Immoinvest, immoNews, Jenny-Areal, Masterplan, nachhaltige Entwicklung, News, Nutzungskonzepte, Umzonung, Ziegelbr\\u00fccke, Facultatif\"},{\"@type\":\"BreadcrumbList\",\"@id\":\"https:\\\/\\\/www.immo-invest.ch\\\/fr\\\/masterplan-fuer-das-jenny-areal\\\/#breadcrumblist\",\"itemListElement\":[{\"@type\":\"ListItem\",\"@id\":\"https:\\\/\\\/www.immo-invest.ch\\\/fr\\\/#listItem\",\"position\":1,\"name\":\"Home\",\"item\":\"https:\\\/\\\/www.immo-invest.ch\\\/fr\\\/\",\"nextItem\":{\"@type\":\"ListItem\",\"@id\":\"https:\\\/\\\/www.immo-invest.ch\\\/fr\\\/categories\\\/regions\\\/#listItem\",\"name\":\"R\\u00e9gions\"}},{\"@type\":\"ListItem\",\"@id\":\"https:\\\/\\\/www.immo-invest.ch\\\/fr\\\/categories\\\/regions\\\/#listItem\",\"position\":2,\"name\":\"R\\u00e9gions\",\"item\":\"https:\\\/\\\/www.immo-invest.ch\\\/fr\\\/categories\\\/regions\\\/\",\"nextItem\":{\"@type\":\"ListItem\",\"@id\":\"https:\\\/\\\/www.immo-invest.ch\\\/fr\\\/categories\\\/regions\\\/suisse\\\/#listItem\",\"name\":\"Suisse\"},\"previousItem\":{\"@type\":\"ListItem\",\"@id\":\"https:\\\/\\\/www.immo-invest.ch\\\/fr\\\/#listItem\",\"name\":\"Home\"}},{\"@type\":\"ListItem\",\"@id\":\"https:\\\/\\\/www.immo-invest.ch\\\/fr\\\/categories\\\/regions\\\/suisse\\\/#listItem\",\"position\":3,\"name\":\"Suisse\",\"item\":\"https:\\\/\\\/www.immo-invest.ch\\\/fr\\\/categories\\\/regions\\\/suisse\\\/\",\"nextItem\":{\"@type\":\"ListItem\",\"@id\":\"https:\\\/\\\/www.immo-invest.ch\\\/fr\\\/categories\\\/regions\\\/suisse\\\/suisse-orientale\\\/#listItem\",\"name\":\"Suisse orientale\"},\"previousItem\":{\"@type\":\"ListItem\",\"@id\":\"https:\\\/\\\/www.immo-invest.ch\\\/fr\\\/categories\\\/regions\\\/#listItem\",\"name\":\"R\\u00e9gions\"}},{\"@type\":\"ListItem\",\"@id\":\"https:\\\/\\\/www.immo-invest.ch\\\/fr\\\/categories\\\/regions\\\/suisse\\\/suisse-orientale\\\/#listItem\",\"position\":4,\"name\":\"Suisse orientale\",\"item\":\"https:\\\/\\\/www.immo-invest.ch\\\/fr\\\/categories\\\/regions\\\/suisse\\\/suisse-orientale\\\/\",\"nextItem\":{\"@type\":\"ListItem\",\"@id\":\"https:\\\/\\\/www.immo-invest.ch\\\/fr\\\/categories\\\/regions\\\/suisse\\\/suisse-orientale\\\/glarus-fr\\\/#listItem\",\"name\":\"Glarus\"},\"previousItem\":{\"@type\":\"ListItem\",\"@id\":\"https:\\\/\\\/www.immo-invest.ch\\\/fr\\\/categories\\\/regions\\\/suisse\\\/#listItem\",\"name\":\"Suisse\"}},{\"@type\":\"ListItem\",\"@id\":\"https:\\\/\\\/www.immo-invest.ch\\\/fr\\\/categories\\\/regions\\\/suisse\\\/suisse-orientale\\\/glarus-fr\\\/#listItem\",\"position\":5,\"name\":\"Glarus\",\"item\":\"https:\\\/\\\/www.immo-invest.ch\\\/fr\\\/categories\\\/regions\\\/suisse\\\/suisse-orientale\\\/glarus-fr\\\/\",\"nextItem\":{\"@type\":\"ListItem\",\"@id\":\"https:\\\/\\\/www.immo-invest.ch\\\/fr\\\/masterplan-fuer-das-jenny-areal\\\/#listItem\",\"name\":\"Plan directeur pour le Jenny-Areal\"},\"previousItem\":{\"@type\":\"ListItem\",\"@id\":\"https:\\\/\\\/www.immo-invest.ch\\\/fr\\\/categories\\\/regions\\\/suisse\\\/suisse-orientale\\\/#listItem\",\"name\":\"Suisse orientale\"}},{\"@type\":\"ListItem\",\"@id\":\"https:\\\/\\\/www.immo-invest.ch\\\/fr\\\/masterplan-fuer-das-jenny-areal\\\/#listItem\",\"position\":6,\"name\":\"Plan directeur pour le Jenny-Areal\",\"previousItem\":{\"@type\":\"ListItem\",\"@id\":\"https:\\\/\\\/www.immo-invest.ch\\\/fr\\\/categories\\\/regions\\\/suisse\\\/suisse-orientale\\\/glarus-fr\\\/#listItem\",\"name\":\"Glarus\"}}]},{\"@type\":\"Organization\",\"@id\":\"https:\\\/\\\/www.immo-invest.ch\\\/fr\\\/#organization\",\"name\":\"immo!nvest - Die Plattform f\\u00fcr Standorte und Immobilien\",\"description\":\"Die\\u00a0Plattform f\\u00fcr Standorte und Immobilien\",\"url\":\"https:\\\/\\\/www.immo-invest.ch\\\/fr\\\/\",\"email\":\"admin@immomedia.ag\",\"telephone\":\"+41444420002\",\"logo\":{\"@type\":\"ImageObject\",\"url\":\"https:\\\/\\\/www.immo-invest.ch\\\/wp-content\\\/uploads\\\/2024\\\/09\\\/immoinvest_sm-scaled.jpg\",\"@id\":\"https:\\\/\\\/www.immo-invest.ch\\\/fr\\\/masterplan-fuer-das-jenny-areal\\\/#organizationLogo\",\"width\":2560,\"height\":1340},\"image\":{\"@id\":\"https:\\\/\\\/www.immo-invest.ch\\\/fr\\\/masterplan-fuer-das-jenny-areal\\\/#organizationLogo\"},\"sameAs\":[\"https:\\\/\\\/www.facebook.com\\\/people\\\/Immoinvest\\\/100077962920504\\\/\",\"https:\\\/\\\/x.com\\\/i\\\/flow\\\/login?redirect_after_login=immoinvest_ch\",\"https:\\\/\\\/www.instagram.com\\\/immoinvest_ch\\\/\",\"https:\\\/\\\/www.linkedin.com\\\/company\\\/immoinvest-swiss\"]},{\"@type\":\"Person\",\"@id\":\"https:\\\/\\\/www.immo-invest.ch\\\/fr\\\/author\\\/immovestuser\\\/#author\",\"url\":\"https:\\\/\\\/www.immo-invest.ch\\\/fr\\\/author\\\/immovestuser\\\/\",\"name\":\"immovestuser\",\"image\":{\"@type\":\"ImageObject\",\"@id\":\"https:\\\/\\\/www.immo-invest.ch\\\/fr\\\/masterplan-fuer-das-jenny-areal\\\/#authorImage\",\"url\":\"https:\\\/\\\/secure.gravatar.com\\\/avatar\\\/8e01f4d99f2eeea7a362ebb93305e1172a70e9293ba250f897a65c39f54cdd1e?s=96&d=mm&r=g\",\"width\":96,\"height\":96,\"caption\":\"immovestuser\"}},{\"@type\":\"WebPage\",\"@id\":\"https:\\\/\\\/www.immo-invest.ch\\\/fr\\\/masterplan-fuer-das-jenny-areal\\\/#webpage\",\"url\":\"https:\\\/\\\/www.immo-invest.ch\\\/fr\\\/masterplan-fuer-das-jenny-areal\\\/\",\"name\":\"Plan directeur pour le Jenny-Areal - immo!nvest - Die Plattform f\\u00fcr Standorte und Immobilien\",\"description\":\"Le Jenny-Areal \\u00e0 Ziegelbr\\u00fccke est un projet mod\\u00e8le pour le d\\u00e9veloppement durable des sites dans le canton de Glaris. Un plan directeur global associe l'identit\\u00e9 historique \\u00e0 une nouvelle utilisation et positionne la plus grande zone de d\\u00e9veloppement de la r\\u00e9gion comme un lieu d'avenir pour le travail, la formation, l'habitat et l'innovation.\",\"inLanguage\":\"fr-FR\",\"isPartOf\":{\"@id\":\"https:\\\/\\\/www.immo-invest.ch\\\/fr\\\/#website\"},\"breadcrumb\":{\"@id\":\"https:\\\/\\\/www.immo-invest.ch\\\/fr\\\/masterplan-fuer-das-jenny-areal\\\/#breadcrumblist\"},\"author\":{\"@id\":\"https:\\\/\\\/www.immo-invest.ch\\\/fr\\\/author\\\/immovestuser\\\/#author\"},\"creator\":{\"@id\":\"https:\\\/\\\/www.immo-invest.ch\\\/fr\\\/author\\\/immovestuser\\\/#author\"},\"image\":{\"@type\":\"ImageObject\",\"url\":\"https:\\\/\\\/www.immo-invest.ch\\\/wp-content\\\/uploads\\\/2025\\\/06\\\/6a48e2_c619874538dd43e3988c1892fad732b6-e1748940922910.avif\",\"@id\":\"https:\\\/\\\/www.immo-invest.ch\\\/fr\\\/masterplan-fuer-das-jenny-areal\\\/#mainImage\",\"width\":1200,\"height\":800},\"primaryImageOfPage\":{\"@id\":\"https:\\\/\\\/www.immo-invest.ch\\\/fr\\\/masterplan-fuer-das-jenny-areal\\\/#mainImage\"},\"datePublished\":\"2025-06-03T10:59:57+02:00\",\"dateModified\":\"2025-06-03T13:13:51+02:00\"},{\"@type\":\"WebSite\",\"@id\":\"https:\\\/\\\/www.immo-invest.ch\\\/fr\\\/#website\",\"url\":\"https:\\\/\\\/www.immo-invest.ch\\\/fr\\\/\",\"name\":\"immo!nvest - Die Plattform f\\u00fcr Standorte und Immobilien\",\"description\":\"Die\\u00a0Plattform f\\u00fcr Standorte und Immobilien\",\"inLanguage\":\"fr-FR\",\"publisher\":{\"@id\":\"https:\\\/\\\/www.immo-invest.ch\\\/fr\\\/#organization\"}}]}\n\t\t<\/script>\n\t\t<!-- All in One SEO -->\n\n","aioseo_head_json":{"title":"Plan directeur pour le Jenny-Areal - immo!nvest - Die Plattform f\u00fcr Standorte und Immobilien","description":"Le Jenny-Areal \u00e0 Ziegelbr\u00fccke est un projet mod\u00e8le pour le d\u00e9veloppement durable des sites dans le canton de Glaris. Un plan directeur global associe l'identit\u00e9 historique \u00e0 une nouvelle utilisation et positionne la plus grande zone de d\u00e9veloppement de la r\u00e9gion comme un lieu d'avenir pour le travail, la formation, l'habitat et l'innovation.","canonical_url":"https:\/\/www.immo-invest.ch\/fr\/masterplan-fuer-das-jenny-areal\/","robots":"max-image-preview:large","keywords":"","webmasterTools":{"google-site-verification":"fHJKvgWpZCR2zVBHWfkQeFXC11qieUSff0HGNYfuyLA","miscellaneous":""},"schema":{"@context":"https:\/\/schema.org","@graph":[{"@type":"BlogPosting","@id":"https:\/\/www.immo-invest.ch\/fr\/masterplan-fuer-das-jenny-areal\/#blogposting","name":"Plan directeur pour le Jenny-Areal - immo!nvest - Die Plattform f\u00fcr Standorte und Immobilien","headline":"Plan directeur pour le Jenny-Areal","author":{"@id":"https:\/\/www.immo-invest.ch\/fr\/author\/immovestuser\/#author"},"publisher":{"@id":"https:\/\/www.immo-invest.ch\/fr\/#organization"},"image":{"@type":"ImageObject","url":"https:\/\/www.immo-invest.ch\/wp-content\/uploads\/2025\/06\/6a48e2_c619874538dd43e3988c1892fad732b6-e1748940922910.avif","width":1200,"height":800},"datePublished":"2025-06-03T10:59:57+02:00","dateModified":"2025-06-03T13:13:51+02:00","inLanguage":"fr-FR","mainEntityOfPage":{"@id":"https:\/\/www.immo-invest.ch\/fr\/masterplan-fuer-das-jenny-areal\/#webpage"},"isPartOf":{"@id":"https:\/\/www.immo-invest.ch\/fr\/masterplan-fuer-das-jenny-areal\/#webpage"},"articleSection":"Glarus, Industrie du b\u00e2timent, R\u00e9gions, Standorte, Glarus, Immoinvest, immoNews, Jenny-Areal, Masterplan, nachhaltige Entwicklung, News, Nutzungskonzepte, Umzonung, Ziegelbr\u00fccke, Facultatif"},{"@type":"BreadcrumbList","@id":"https:\/\/www.immo-invest.ch\/fr\/masterplan-fuer-das-jenny-areal\/#breadcrumblist","itemListElement":[{"@type":"ListItem","@id":"https:\/\/www.immo-invest.ch\/fr\/#listItem","position":1,"name":"Home","item":"https:\/\/www.immo-invest.ch\/fr\/","nextItem":{"@type":"ListItem","@id":"https:\/\/www.immo-invest.ch\/fr\/categories\/regions\/#listItem","name":"R\u00e9gions"}},{"@type":"ListItem","@id":"https:\/\/www.immo-invest.ch\/fr\/categories\/regions\/#listItem","position":2,"name":"R\u00e9gions","item":"https:\/\/www.immo-invest.ch\/fr\/categories\/regions\/","nextItem":{"@type":"ListItem","@id":"https:\/\/www.immo-invest.ch\/fr\/categories\/regions\/suisse\/#listItem","name":"Suisse"},"previousItem":{"@type":"ListItem","@id":"https:\/\/www.immo-invest.ch\/fr\/#listItem","name":"Home"}},{"@type":"ListItem","@id":"https:\/\/www.immo-invest.ch\/fr\/categories\/regions\/suisse\/#listItem","position":3,"name":"Suisse","item":"https:\/\/www.immo-invest.ch\/fr\/categories\/regions\/suisse\/","nextItem":{"@type":"ListItem","@id":"https:\/\/www.immo-invest.ch\/fr\/categories\/regions\/suisse\/suisse-orientale\/#listItem","name":"Suisse orientale"},"previousItem":{"@type":"ListItem","@id":"https:\/\/www.immo-invest.ch\/fr\/categories\/regions\/#listItem","name":"R\u00e9gions"}},{"@type":"ListItem","@id":"https:\/\/www.immo-invest.ch\/fr\/categories\/regions\/suisse\/suisse-orientale\/#listItem","position":4,"name":"Suisse orientale","item":"https:\/\/www.immo-invest.ch\/fr\/categories\/regions\/suisse\/suisse-orientale\/","nextItem":{"@type":"ListItem","@id":"https:\/\/www.immo-invest.ch\/fr\/categories\/regions\/suisse\/suisse-orientale\/glarus-fr\/#listItem","name":"Glarus"},"previousItem":{"@type":"ListItem","@id":"https:\/\/www.immo-invest.ch\/fr\/categories\/regions\/suisse\/#listItem","name":"Suisse"}},{"@type":"ListItem","@id":"https:\/\/www.immo-invest.ch\/fr\/categories\/regions\/suisse\/suisse-orientale\/glarus-fr\/#listItem","position":5,"name":"Glarus","item":"https:\/\/www.immo-invest.ch\/fr\/categories\/regions\/suisse\/suisse-orientale\/glarus-fr\/","nextItem":{"@type":"ListItem","@id":"https:\/\/www.immo-invest.ch\/fr\/masterplan-fuer-das-jenny-areal\/#listItem","name":"Plan directeur pour le Jenny-Areal"},"previousItem":{"@type":"ListItem","@id":"https:\/\/www.immo-invest.ch\/fr\/categories\/regions\/suisse\/suisse-orientale\/#listItem","name":"Suisse orientale"}},{"@type":"ListItem","@id":"https:\/\/www.immo-invest.ch\/fr\/masterplan-fuer-das-jenny-areal\/#listItem","position":6,"name":"Plan directeur pour le Jenny-Areal","previousItem":{"@type":"ListItem","@id":"https:\/\/www.immo-invest.ch\/fr\/categories\/regions\/suisse\/suisse-orientale\/glarus-fr\/#listItem","name":"Glarus"}}]},{"@type":"Organization","@id":"https:\/\/www.immo-invest.ch\/fr\/#organization","name":"immo!nvest - Die Plattform f\u00fcr Standorte und Immobilien","description":"Die\u00a0Plattform f\u00fcr Standorte und Immobilien","url":"https:\/\/www.immo-invest.ch\/fr\/","email":"admin@immomedia.ag","telephone":"+41444420002","logo":{"@type":"ImageObject","url":"https:\/\/www.immo-invest.ch\/wp-content\/uploads\/2024\/09\/immoinvest_sm-scaled.jpg","@id":"https:\/\/www.immo-invest.ch\/fr\/masterplan-fuer-das-jenny-areal\/#organizationLogo","width":2560,"height":1340},"image":{"@id":"https:\/\/www.immo-invest.ch\/fr\/masterplan-fuer-das-jenny-areal\/#organizationLogo"},"sameAs":["https:\/\/www.facebook.com\/people\/Immoinvest\/100077962920504\/","https:\/\/x.com\/i\/flow\/login?redirect_after_login=immoinvest_ch","https:\/\/www.instagram.com\/immoinvest_ch\/","https:\/\/www.linkedin.com\/company\/immoinvest-swiss"]},{"@type":"Person","@id":"https:\/\/www.immo-invest.ch\/fr\/author\/immovestuser\/#author","url":"https:\/\/www.immo-invest.ch\/fr\/author\/immovestuser\/","name":"immovestuser","image":{"@type":"ImageObject","@id":"https:\/\/www.immo-invest.ch\/fr\/masterplan-fuer-das-jenny-areal\/#authorImage","url":"https:\/\/secure.gravatar.com\/avatar\/8e01f4d99f2eeea7a362ebb93305e1172a70e9293ba250f897a65c39f54cdd1e?s=96&d=mm&r=g","width":96,"height":96,"caption":"immovestuser"}},{"@type":"WebPage","@id":"https:\/\/www.immo-invest.ch\/fr\/masterplan-fuer-das-jenny-areal\/#webpage","url":"https:\/\/www.immo-invest.ch\/fr\/masterplan-fuer-das-jenny-areal\/","name":"Plan directeur pour le Jenny-Areal - immo!nvest - Die Plattform f\u00fcr Standorte und Immobilien","description":"Le Jenny-Areal \u00e0 Ziegelbr\u00fccke est un projet mod\u00e8le pour le d\u00e9veloppement durable des sites dans le canton de Glaris. Un plan directeur global associe l'identit\u00e9 historique \u00e0 une nouvelle utilisation et positionne la plus grande zone de d\u00e9veloppement de la r\u00e9gion comme un lieu d'avenir pour le travail, la formation, l'habitat et l'innovation.","inLanguage":"fr-FR","isPartOf":{"@id":"https:\/\/www.immo-invest.ch\/fr\/#website"},"breadcrumb":{"@id":"https:\/\/www.immo-invest.ch\/fr\/masterplan-fuer-das-jenny-areal\/#breadcrumblist"},"author":{"@id":"https:\/\/www.immo-invest.ch\/fr\/author\/immovestuser\/#author"},"creator":{"@id":"https:\/\/www.immo-invest.ch\/fr\/author\/immovestuser\/#author"},"image":{"@type":"ImageObject","url":"https:\/\/www.immo-invest.ch\/wp-content\/uploads\/2025\/06\/6a48e2_c619874538dd43e3988c1892fad732b6-e1748940922910.avif","@id":"https:\/\/www.immo-invest.ch\/fr\/masterplan-fuer-das-jenny-areal\/#mainImage","width":1200,"height":800},"primaryImageOfPage":{"@id":"https:\/\/www.immo-invest.ch\/fr\/masterplan-fuer-das-jenny-areal\/#mainImage"},"datePublished":"2025-06-03T10:59:57+02:00","dateModified":"2025-06-03T13:13:51+02:00"},{"@type":"WebSite","@id":"https:\/\/www.immo-invest.ch\/fr\/#website","url":"https:\/\/www.immo-invest.ch\/fr\/","name":"immo!nvest - Die Plattform f\u00fcr Standorte und Immobilien","description":"Die\u00a0Plattform f\u00fcr Standorte und Immobilien","inLanguage":"fr-FR","publisher":{"@id":"https:\/\/www.immo-invest.ch\/fr\/#organization"}}]},"og:locale":"fr_FR","og:site_name":"immo!nvest - Die Plattform f\u00fcr Standorte und Immobilien - Die\u00a0Plattform f\u00fcr Standorte und Immobilien","og:type":"article","og:title":"Plan directeur pour le Jenny-Areal - immo!nvest - Die Plattform f\u00fcr Standorte und Immobilien","og:description":"Le Jenny-Areal \u00e0 Ziegelbr\u00fccke est un projet mod\u00e8le pour le d\u00e9veloppement durable des sites dans le canton de Glaris. Un plan directeur global associe l'identit\u00e9 historique \u00e0 une nouvelle utilisation et positionne la plus grande zone de d\u00e9veloppement de la r\u00e9gion comme un lieu d'avenir pour le travail, la formation, l'habitat et l'innovation.","og:url":"https:\/\/www.immo-invest.ch\/fr\/masterplan-fuer-das-jenny-areal\/","og:image":"https:\/\/www.immo-invest.ch\/wp-content\/uploads\/2025\/06\/6a48e2_c619874538dd43e3988c1892fad732b6-e1748940922910.avif","og:image:secure_url":"https:\/\/www.immo-invest.ch\/wp-content\/uploads\/2025\/06\/6a48e2_c619874538dd43e3988c1892fad732b6-e1748940922910.avif","og:image:width":1200,"og:image:height":800,"article:published_time":"2025-06-03T08:59:57+00:00","article:modified_time":"2025-06-03T11:13:51+00:00","article:publisher":"https:\/\/www.facebook.com\/people\/Immoinvest\/100077962920504\/","twitter:card":"summary_large_image","twitter:site":"@i","twitter:title":"Plan directeur pour le Jenny-Areal - immo!nvest - Die Plattform f\u00fcr Standorte und Immobilien","twitter:description":"Le Jenny-Areal \u00e0 Ziegelbr\u00fccke est un projet mod\u00e8le pour le d\u00e9veloppement durable des sites dans le canton de Glaris. Un plan directeur global associe l'identit\u00e9 historique \u00e0 une nouvelle utilisation et positionne la plus grande zone de d\u00e9veloppement de la r\u00e9gion comme un lieu d'avenir pour le travail, la formation, l'habitat et l'innovation.","twitter:creator":"@i","twitter:image":"https:\/\/www.immo-invest.ch\/wp-content\/uploads\/2025\/06\/6a48e2_c619874538dd43e3988c1892fad732b6-e1748940922910.avif"},"aioseo_meta_data":{"post_id":"133609","title":null,"description":null,"keywords":null,"keyphrases":{"focus":{"keyphrase":"","score":0,"analysis":{"keyphraseInTitle":{"score":0,"maxScore":9,"error":1}}},"additional":[]},"primary_term":null,"canonical_url":null,"og_title":null,"og_description":null,"og_object_type":"default","og_image_type":"default","og_image_url":null,"og_image_width":null,"og_image_height":null,"og_image_custom_url":null,"og_image_custom_fields":null,"og_video":"","og_custom_url":null,"og_article_section":null,"og_article_tags":null,"twitter_use_og":false,"twitter_card":"default","twitter_image_type":"default","twitter_image_url":null,"twitter_image_custom_url":null,"twitter_image_custom_fields":null,"twitter_title":null,"twitter_description":null,"schema":{"blockGraphs":[],"customGraphs":[],"default":{"data":{"Article":[],"Course":[],"Dataset":[],"FAQPage":[],"Movie":[],"Person":[],"Product":[],"ProductReview":[],"Car":[],"Recipe":[],"Service":[],"SoftwareApplication":[],"WebPage":[]},"graphName":"BlogPosting","isEnabled":true},"graphs":[]},"schema_type":"default","schema_type_options":null,"pillar_content":false,"robots_default":true,"robots_noindex":false,"robots_noarchive":false,"robots_nosnippet":false,"robots_nofollow":false,"robots_noimageindex":false,"robots_noodp":false,"robots_notranslate":false,"robots_max_snippet":"-1","robots_max_videopreview":"-1","robots_max_imagepreview":"large","priority":null,"frequency":"default","local_seo":null,"breadcrumb_settings":null,"limit_modified_date":false,"ai":null,"created":"2025-06-03 11:12:02","updated":"2025-10-24 21:49:14","seo_analyzer_scan_date":null,"focus_keyword":null,"additional_keywords":null,"truseo_locale":null},"aioseo_breadcrumb":"<div class=\"aioseo-breadcrumbs\"><span class=\"aioseo-breadcrumb\">\n\t\t\t<a href=\"https:\/\/www.immo-invest.ch\/fr\/\" title=\"Home\">Home<\/a>\n\t\t<\/span><span class=\"aioseo-breadcrumb-separator\">&raquo;<\/span><span class=\"aioseo-breadcrumb\">\n\t\t\t<a href=\"https:\/\/www.immo-invest.ch\/fr\/categories\/regions\/\" title=\"R\u00e9gions\">R\u00e9gions<\/a>\n\t\t<\/span><span class=\"aioseo-breadcrumb-separator\">&raquo;<\/span><span class=\"aioseo-breadcrumb\">\n\t\t\t<a href=\"https:\/\/www.immo-invest.ch\/fr\/categories\/regions\/suisse\/\" title=\"Suisse\">Suisse<\/a>\n\t\t<\/span><span class=\"aioseo-breadcrumb-separator\">&raquo;<\/span><span class=\"aioseo-breadcrumb\">\n\t\t\t<a href=\"https:\/\/www.immo-invest.ch\/fr\/categories\/regions\/suisse\/suisse-orientale\/\" title=\"Suisse orientale\">Suisse orientale<\/a>\n\t\t<\/span><span class=\"aioseo-breadcrumb-separator\">&raquo;<\/span><span class=\"aioseo-breadcrumb\">\n\t\t\t<a href=\"https:\/\/www.immo-invest.ch\/fr\/categories\/regions\/suisse\/suisse-orientale\/glarus-fr\/\" title=\"Glarus\">Glarus<\/a>\n\t\t<\/span><span class=\"aioseo-breadcrumb-separator\">&raquo;<\/span><span class=\"aioseo-breadcrumb\">\n\t\t\tPlan directeur pour le Jenny-Areal\n\t\t<\/span><\/div>","aioseo_breadcrumb_json":[{"label":"Home","link":"https:\/\/www.immo-invest.ch\/fr\/"},{"label":"R\u00e9gions","link":"https:\/\/www.immo-invest.ch\/fr\/categories\/regions\/"},{"label":"Suisse","link":"https:\/\/www.immo-invest.ch\/fr\/categories\/regions\/suisse\/"},{"label":"Suisse orientale","link":"https:\/\/www.immo-invest.ch\/fr\/categories\/regions\/suisse\/suisse-orientale\/"},{"label":"Glarus","link":"https:\/\/www.immo-invest.ch\/fr\/categories\/regions\/suisse\/suisse-orientale\/glarus-fr\/"},{"label":"Plan directeur pour le Jenny-Areal","link":"https:\/\/www.immo-invest.ch\/fr\/masterplan-fuer-das-jenny-areal\/"}],"featured_image_src":"https:\/\/www.immo-invest.ch\/wp-content\/uploads\/2025\/06\/6a48e2_c619874538dd43e3988c1892fad732b6-336x168.avif","_links":{"self":[{"href":"https:\/\/www.immo-invest.ch\/fr\/wp-json\/wp\/v2\/posts\/133609","targetHints":{"allow":["GET"]}}],"collection":[{"href":"https:\/\/www.immo-invest.ch\/fr\/wp-json\/wp\/v2\/posts"}],"about":[{"href":"https:\/\/www.immo-invest.ch\/fr\/wp-json\/wp\/v2\/types\/post"}],"author":[{"embeddable":true,"href":"https:\/\/www.immo-invest.ch\/fr\/wp-json\/wp\/v2\/users\/2"}],"replies":[{"embeddable":true,"href":"https:\/\/www.immo-invest.ch\/fr\/wp-json\/wp\/v2\/comments?post=133609"}],"version-history":[{"count":0,"href":"https:\/\/www.immo-invest.ch\/fr\/wp-json\/wp\/v2\/posts\/133609\/revisions"}],"wp:featuredmedia":[{"embeddable":true,"href":"https:\/\/www.immo-invest.ch\/fr\/wp-json\/wp\/v2\/media\/133518"}],"wp:attachment":[{"href":"https:\/\/www.immo-invest.ch\/fr\/wp-json\/wp\/v2\/media?parent=133609"}],"wp:term":[{"taxonomy":"category","embeddable":true,"href":"https:\/\/www.immo-invest.ch\/fr\/wp-json\/wp\/v2\/categories?post=133609"},{"taxonomy":"post_tag","embeddable":true,"href":"https:\/\/www.immo-invest.ch\/fr\/wp-json\/wp\/v2\/tags?post=133609"}],"curies":[{"name":"wp","href":"https:\/\/api.w.org\/{rel}","templated":true}]}}