{"id":133600,"date":"2025-06-03T10:14:35","date_gmt":"2025-06-03T08:14:35","guid":{"rendered":"https:\/\/www.immo-invest.ch\/wirtschaftsstandort-und-lebensraum-kanton-glarus-ein-echt-sagenhaftes-lebensgefuehl\/"},"modified":"2025-06-03T13:07:07","modified_gmt":"2025-06-03T11:07:07","slug":"wirtschaftsstandort-und-lebensraum-kanton-glarus-ein-echt-sagenhaftes-lebensgefuehl","status":"publish","type":"post","link":"https:\/\/www.immo-invest.ch\/fr\/wirtschaftsstandort-und-lebensraum-kanton-glarus-ein-echt-sagenhaftes-lebensgefuehl\/","title":{"rendered":"Le site \u00e9conomique et l&rsquo;espace de vie du canton de Glaris &#8211; Une v\u00e9ritable l\u00e9gende de la vie"},"content":{"rendered":"<p class=\"wp-block-paragraph\"><strong>Le canton de Glaris a une longue tradition industrielle. Quelles impulsions donnez-vous pour renforcer la comp&eacute;titivit&eacute; &eacute;conomique et cr&eacute;er des emplois durables ?<\/strong><br>Le canton de Glaris a toujours &eacute;t&eacute; tr&egrave;s favorable &agrave; l&rsquo;&eacute;conomie. Nous avons &eacute;t&eacute; l&rsquo;un des premiers cantons suisses &agrave; l&eacute;gif&eacute;rer sur la promotion &eacute;conomique (1978). De plus, Glaris est un pionnier suisse en mati&egrave;re de l&eacute;gislation sociale avec la loi sur les fabriques (1864) et l&rsquo;assurance vieillesse obligatoire (1916). Dans ce contexte, le pays de Glaris est traditionnellement un lieu d&rsquo;implantation moderne pour les entreprises, avec des avantages comp&eacute;titifs pour les employeurs et les employ&eacute;s qui peuvent n&rsquo;appara&icirc;tre qu&rsquo;au second coup d&rsquo;&oelig;il. Par exemple, le Glarnerland est suffisamment grand pour offrir suffisamment d&rsquo;espace aux entreprises, mais aussi suffisamment petit pour que les d&eacute;cisions soient prises rapidement et sans bureaucratie. Le point de contact pour l&rsquo;&eacute;conomie apporte un soutien pragmatique et fiable aussi bien aux cr&eacute;ateurs d&rsquo;entreprise qu&rsquo;aux entreprises existantes ou &agrave; celles qui souhaitent s&rsquo;implanter. Dans nos trois grandes communes fusionn&eacute;es de mani&egrave;re exemplaire dans toute la Suisse, les investisseurs trouvent des biens immobiliers &agrave; des prix avantageux et les employeurs des collaborateurs bien form&eacute;s et motiv&eacute;s qui aiment vivre dans un environnement intact avec les avantages d&rsquo;un cadre moderne.<\/p>\n\n\n\n\n\n<p class=\"wp-block-paragraph\"><strong>Comment le D&eacute;partement de l&rsquo;&eacute;conomie encourage-t-il les id&eacute;es commerciales num&eacute;riques innovantes ?<\/strong><br>Les possibilit&eacute;s offertes par la transformation num&eacute;rique servent d&rsquo;une part &agrave; redessiner les processus et les produits, mais elles constituent d&rsquo;autre part la base de l&rsquo;&eacute;conomie circulaire. Il s&rsquo;agit &agrave; la fois d&rsquo;am&eacute;liorer l&rsquo;efficacit&eacute; des ressources et la gestion des donn&eacute;es. Ainsi, les collaborateurs de demain sauront quels mat&eacute;riaux ont &eacute;t&eacute; utilis&eacute;s et selon quels processus. Les cha&icirc;nes d&rsquo;approvisionnement constituent une autre opportunit&eacute; : Les nouveaux processus num&eacute;riques permettent une cha&icirc;ne d&rsquo;approvisionnement plus robuste, plus efficace et plus transparente. Dans ce contexte, nous soutenons la transformation num&eacute;rique dans l&rsquo;&eacute;conomie glaronnaise avec des cr&eacute;dits de num&eacute;risation. Le programme de soutien dispose de deux millions de francs jusqu&rsquo;&agrave; fin 2027. Les projets innovants qui prennent en compte les nouvelles technologies dans les processus et la production, qui cr&eacute;ent de nouveaux produits et mod&egrave;les commerciaux et qui mettent en place des coop&eacute;rations sont encourag&eacute;s. Concr&egrave;tement, nous r&eacute;alisons une analyse de la situation actuelle dans les entreprises participantes avec l&rsquo;expertise du r&eacute;seau d&rsquo;<span class=\"glossaryLink\" aria-describedby=\"tt\" data-cmtooltip=\"&lt;div class=glossaryItemTitle&gt;Innovation&lt;\/div&gt;&lt;div class=glossaryItemBody&gt;Innovation in der heutigen Immobilienwelt bedeutet vor allem Digitalisierung von Prozessen. Zum Beispiel das Eliminieren von Tausenden von Excel-Bl&auml;ttern f&uuml;r Portfolio- und Asset-Manager oder das Erstellen einer Anwendung (App) f&uuml;r alle Formalit&auml;ten rund um die Beziehung zwischen Immobilieneigent&uuml;mern, - verwaltung und -mietern.&lt;\/div&gt;\" data-mobile-support=\"0\" data-gt-translate-attributes='[{\"attribute\":\"data-cmtooltip\", \"format\":\"html\"}]' tabindex=\"0\" role=\"link\">innovation<\/span> de Suisse orientale (INOS). Cette analyse est financ&eacute;e par la nouvelle politique r&eacute;gionale (NPR) et comprend un &eacute;tat des lieux, y compris un plan de mesures et une feuille de route pour la mise en &oelig;uvre. Ces bases sont n&eacute;cessaires pour la demande de soutien financier jusqu&rsquo;&agrave; 100&rsquo;000 francs pour les projets individuels et 300&rsquo;000 francs pour les projets interentreprises et\/ou sectoriels.<\/p>\n\n\n\n\n\n<p class=\"wp-block-paragraph\"><strong>Selon vous, comment le secteur immobilier va-t-il &eacute;voluer dans le domaine de l&rsquo;industrie et du commerce ?<\/strong><br>La pression de l&rsquo;agglom&eacute;ration se fait sentir dans le pays de Glaris. La croissance d&eacute;mographique est toutefois mod&eacute;r&eacute;e, ce qui va dans le sens d&rsquo;un d&eacute;veloppement durable. En ce qui concerne les surfaces industrielles et commerciales, la commune de Glaris Nord dispose de capacit&eacute;s particuli&egrave;rement &eacute;lev&eacute;es, qui sont actuellement exploit&eacute;es sur le site de Bilten avec plusieurs projets. Gr&acirc;ce &agrave; une gestion active des surfaces, nous misons sur un d&eacute;veloppement durable avec des projets qualitatifs dans l&rsquo;industrie et le commerce.<\/p>\n\n\n\n\n\n<p class=\"wp-block-paragraph\"><strong>Quelles tendances voyez-vous dans l&rsquo;&eacute;volution de l&rsquo;offre et de la demande en mati&egrave;re de logement ?<\/strong><br>Les projets de nouvelles constructions dans le secteur r&eacute;sidentiel sont en grande partie r&eacute;alis&eacute;s dans les communes de Glaris et de Glaris Nord. Cela est &eacute;galement li&eacute; aux plans d&rsquo;affectation qui, gr&acirc;ce &agrave; la fusion des communes, peuvent adopter une vision globale et progressiste. A Glaris Sud, le plan d&rsquo;affectation est encore dans un processus politique exigeant, qui est &eacute;galement suivi par le canton.<\/p>\n\n\n\n\n\n<p class=\"wp-block-paragraph\"><strong>Comment pouvez-vous vous assurer que l&rsquo;&eacute;volution du march&eacute; immobilier correspond aux besoins de la population ?<\/strong><br>Les personnes qui vivent dans l&rsquo;un de nos 29 villages, localit&eacute;s ou quartiers appr&eacute;cient les particularit&eacute;s de leur lieu de r&eacute;sidence. Celles-ci se manifestent par exemple dans la situation g&eacute;ographique ou dans la vie associative. On ne vit pas du tout de la m&ecirc;me mani&egrave;re &agrave; Elm ou &agrave; Braunwald qu&rsquo;au chef-lieu du canton ou &agrave; N&auml;fels. Et l&agrave; encore, diff&eacute;remment du Kerenzerberg ou du Walensee. Cela cr&eacute;e une identit&eacute; et un lien, et les gens restent donc ici. Cela correspond au rythme mod&eacute;r&eacute; de la croissance d&eacute;mographique et &agrave; la relative stabilit&eacute; des prix de l&rsquo;immobilier.<\/p>\n\n\n\n\n\n<p class=\"wp-block-paragraph\">Comment pouvez-vous vous assurer que votre march&eacute; immobilier se d&eacute;veloppe durablement ?<br>Gr&acirc;ce &agrave; notre combinaison unique de proximit&eacute; avec la nature et la ville, &agrave; notre taille raisonnable et &agrave; notre espace &eacute;conomique et de vie compact, le Glarnerland marque des points. L&rsquo;essentiel est donc de g&eacute;rer ces avantages avec soin &ndash; ce sont nos ressources, notre capital.<\/p>\n\n\n\n\n\n<p class=\"wp-block-paragraph\"><strong>Quels sont les projets d&rsquo;infrastructure de l&rsquo;OFROU et des CFF pr&eacute;vus et quels sont les potentiels d&rsquo;am&eacute;lioration que vous identifiez ?<\/strong><br>Le Glarnerland est per&ccedil;u comme une r&eacute;gion rurale, mais sa situation entre Zurich et Coire lui permet de b&eacute;n&eacute;ficier d&rsquo;excellentes liaisons de transport. La ville de Zurich et l&rsquo;a&eacute;roport ne sont qu&rsquo;&agrave; une heure de voiture ou de train, l&rsquo;un des principaux axes nord-sud traverse le canton, et les avions et h&eacute;licopt&egrave;res priv&eacute;s peuvent d&eacute;coller et atterrir &agrave; Mollis.<br><br>Bien entendu, le canton de Glaris se penche &eacute;galement sur les exigences croissantes en mati&egrave;re de mobilit&eacute;. Ces derni&egrave;res ann&eacute;es, le canton a mis en &oelig;uvre trois des quatre grands projets de construction de routes afin de desservir notamment le p&ocirc;le de d&eacute;veloppement de l&rsquo;a&eacute;rodrome de Mollis dans une perspective d&rsquo;avenir. Le quatri&egrave;me projet visant &agrave; optimiser la desserte de la zone industrielle au sud de la commune de Glaris est en phase de planification. Le centre de nos efforts est l&rsquo;&eacute;troite collaboration avec la Conf&eacute;d&eacute;ration pour les projets de contournement visant &agrave; d&eacute;sengorger l&rsquo;axe principal actuel. Nous avons re&ccedil;u l&rsquo;assurance de la part de la Conf&eacute;d&eacute;ration que les contournements de Netstal et de Glaris seront r&eacute;unis en un projet global sous la direction de l&rsquo;OFROU. L&rsquo;objectif est de soulager globalement le canton de Glaris des probl&egrave;mes de circulation routi&egrave;re.<br><br>En ce qui concerne les transports publics, nous disposons depuis la Landsgemeinde 2025 d&rsquo;une nouvelle base l&eacute;gale pour l&rsquo;offre future de transports publics. Aujourd&rsquo;hui d&eacute;j&agrave;, notre r&eacute;gion est bien desservie par des liaisons directes vers Zurich et Rapperswil, ainsi que par des variantes de correspondance &agrave; Ziegelbr&uuml;cke vers Saint-Gall, Coire et Zurich. Notre population et nos entreprises ont besoin de ce confort et de la cadence semi-horaire continue d&eacute;cid&eacute;e lors de la Landsgemeinde 2025. Nous nous engageons r&eacute;solument en ce sens aupr&egrave;s de la Conf&eacute;d&eacute;ration et en collaboration avec les CFF et le SOB. Nous coop&eacute;rons activement avec les entreprises afin de rendre les trajets domicile-travail en transports publics plus attrayants pour les employ&eacute;s &ndash; le Bonus-Pass, par exemple, incite &agrave; passer de la voiture aux transports publics.<br><br>Les courtes distances dans et entre nos localit&eacute;s jouent &eacute;galement un r&ocirc;le central dans la mobilit&eacute;. Par exemple, il ne faut que 20 minutes pour se rendre &agrave; v&eacute;lo de N&auml;fels (Glaris Nord) ou de Schwanden (Glaris Sud) au chef-lieu du canton. La loi cantonale sur les pistes cyclables, adopt&eacute;e par la Landsgemeinde en 2024, tient &eacute;galement compte de la tendance au v&eacute;lo.<br><br><strong>Comment la promotion &eacute;conomique contribue-t-elle &agrave; pr&eacute;senter Glaris comme une r&eacute;gion o&ugrave; il fait bon vivre et qui est tourn&eacute;e vers l&rsquo;avenir ?<\/strong><br>Le canton de Glaris atteint le troisi&egrave;me plus haut niveau d&rsquo;attractivit&eacute; financi&egrave;re en mati&egrave;re de logement : outre des co&ucirc;ts de logement peu &eacute;lev&eacute;s, nous offrons une charge fiscale mod&eacute;r&eacute;e et des primes d&rsquo;assurance maladie relativement faibles. Ce sont nos grands atouts en termes de facteurs financiers. A cela s&rsquo;ajoute la grande qualit&eacute; de l&rsquo;habitat, qui combine les avantages de la campagne avec des offres urbaines. Cela se voit d&egrave;s le premier coup d&rsquo;&oelig;il en arrivant dans le canton de Glaris. Avec les impressionnantes montagnes, les t&eacute;moins des d&eacute;buts de l&rsquo;industrialisation marquent le paysage et la vie dans notre canton. Les sites industriels historiques, les villas des fabricants et les cit&eacute;s ouvri&egrave;res du XIXe si&egrave;cle, et justement le paysage, ne sont pas pour rien dans le d&eacute;cor de films et de s&eacute;ries t&eacute;l&eacute;vis&eacute;es. Dans la vie quotidienne des gens, cela se traduit par un environnement contrast&eacute; et vivant avec des lotissements contemporains pour les professionnels et les familles qui appr&eacute;cient la vie, le travail, la culture et les loisirs dans nos communes modernes.<br>C&rsquo;est dans cette optique que Glaris m&egrave;ne depuis plus de dix ans un marketing cantonal actif et cibl&eacute;. Cette ann&eacute;e, nous profitons de notre r&ocirc;le d&rsquo;h&ocirc;te de la F&ecirc;te f&eacute;d&eacute;rale de lutte suisse et des jeux alpestres (ESAF) pour mettre en avant le canton de Glaris en tant que centre de vie. Avec ce grand &eacute;v&eacute;nement &agrave; venir, le regard de toute la Suisse se tourne vers le pays de Glaris. Sous le <span class=\"glossaryLink\" aria-describedby=\"tt\" data-cmtooltip=\"&lt;div class=glossaryItemTitle&gt;Slogan&lt;\/div&gt;&lt;div class=glossaryItemBody&gt;Kurze, pr&auml;gnante Zusammenfassung der zentralen Werbeaussage&lt;\/div&gt;\" data-mobile-support=\"0\" data-gt-translate-attributes='[{\"attribute\":\"data-cmtooltip\", \"format\":\"html\"}]' tabindex=\"0\" role=\"link\">slogan<\/span> &laquo;&nbsp;Vraiment fabuleux&nbsp;&raquo;, les th&egrave;mes du travail, de l&rsquo;habitat et des loisirs sont au c&oelig;ur de la campagne. Le visage de la campagne est le cuisinier et influenceur glaronnais Noah Bachofen, tr&egrave;s appr&eacute;ci&eacute;. Lui et son coll&egrave;gue sont accompagn&eacute;s dans leur mission de cr&eacute;ation d&rsquo;un film d&rsquo;<span class=\"glossaryLink\"  aria-describedby=\"tt\"  data-cmtooltip=\"&lt;div class=glossaryItemTitle&gt;Image&lt;\/div&gt;&lt;div class=glossaryItemBody&gt;Individuelles Vorstellungsbild, das Dritte von einer Marke, einem Produkt oder einer Unternehmung haben. Aus Marketingsicht wird zwischen einem gegenw&auml;rtigen (Ist-Image) und einem anzustrebenden Image (Soll-Image) unterschieden&lt;\/div&gt;\"  data-mobile-support=\"0\"  data-gt-translate-attributes='[{\"attribute\":\"data-cmtooltip\", \"format\":\"html\"}]' tabindex='0' role='link'>image<\/span> authentique sur le pays de Glaris. La campagne vise &agrave; rendre visible et savoureux le mode de vie unique de Glaris.<\/p>\n\n\n\n\n\n<figure class=\"wp-block-image size-large\"><img loading=\"lazy\" decoding=\"async\" width=\"720\" height=\"480\" src=\"https:\/\/www.immo-invest.ch\/wp-content\/uploads\/2025\/06\/Glarnerland_upscaled-720x480.jpg\" alt=\"\" class=\"wp-image-133462\" srcset=\"https:\/\/www.immo-invest.ch\/wp-content\/uploads\/2025\/06\/Glarnerland_upscaled-720x480.jpg 720w, https:\/\/www.immo-invest.ch\/wp-content\/uploads\/2025\/06\/Glarnerland_upscaled-519x346.jpg 519w, https:\/\/www.immo-invest.ch\/wp-content\/uploads\/2025\/06\/Glarnerland_upscaled-768x512.jpg 768w, https:\/\/www.immo-invest.ch\/wp-content\/uploads\/2025\/06\/Glarnerland_upscaled-1536x1025.jpg 1536w, https:\/\/www.immo-invest.ch\/wp-content\/uploads\/2025\/06\/Glarnerland_upscaled-600x400.jpg 600w, https:\/\/www.immo-invest.ch\/wp-content\/uploads\/2025\/06\/Glarnerland_upscaled.jpg 2048w\" sizes=\"auto, (max-width: 720px) 100vw, 720px\"\/><\/figure>\n\n\n\n\n\n<p class=\"wp-block-paragraph\"><strong>Pourquoi les professionnels restent-ils dans la r&eacute;gion et quelle est la contribution de la promotion &eacute;conomique ?<\/strong><br>Bien s&ucirc;r, une bonne campagne ne suffit pas &agrave; elle seule. Les promotions communales apportent une grande contribution &agrave; la qualit&eacute; de vie &eacute;lev&eacute;e. Elles d&eacute;veloppent leur espace d&rsquo;habitation et de loisirs avec de nouveaux projets et en collaboration avec des investisseurs &ndash; les p&ocirc;les de d&eacute;veloppement &agrave; la desserte optimale des gares de N&auml;fels\/Mollis et de Glaris en sont des exemples. Les communes veillent &agrave; proposer des &eacute;coles modernes et des offres compl&eacute;mentaires pour les familles, exploitent des installations sportives et offrent au commerce de d&eacute;tail, &agrave; la restauration, aux soins m&eacute;dicaux, &agrave; l&rsquo;industrie, &agrave; l&rsquo;artisanat et &agrave; la culture un espace pour un quotidien vivant et fonctionnel. Le canton assure le fonctionnement de l&rsquo;&eacute;cole cantonale, de l&rsquo;&eacute;cole de sport ainsi que des &eacute;coles professionnelles, de l&rsquo;h&ocirc;pital cantonal, de la s&eacute;curit&eacute; et des services sociaux. Les structures administratives l&eacute;g&egrave;res permettent un &eacute;change efficace et direct entre les services cantonaux et les responsables au niveau communal.<\/p>\n\n\n\n\n\n<p class=\"wp-block-paragraph\"><strong>Quelle est votre vision &agrave; long terme pour le site &eacute;conomique de Glaris ?<\/strong><br>Dans les ann&eacute;es &agrave; venir, il est essentiel pour le canton de Glaris que le d&eacute;veloppement initi&eacute; soit mis en &oelig;uvre de mani&egrave;re coordonn&eacute;e. Il s&rsquo;agit de soutenir et d&rsquo;accompagner les initiatives priv&eacute;es, tout en cr&eacute;ant les bonnes conditions-cadres pour les entreprises et les professionnels. Si nous y parvenons, le canton de Glaris sera un canton de Landsgemeinde s&ucirc;r, interconnect&eacute; et &eacute;conomiquement fort, avec une classe moyenne forte, entour&eacute;e d&rsquo;une nature intacte.<\/p>\n\n\n\n\n\n<p class=\"wp-block-paragraph\">Des structures efficaces et tourn&eacute;es vers l&rsquo;avenir sont essentielles pour le succ&egrave;s d&rsquo;une entreprise. Il en va de m&ecirc;me pour les pouvoirs publics. Glaris est le seul canton &agrave; avoir syst&eacute;matiquement adapt&eacute; ses propres structures aux nouvelles conditions. Avec l&rsquo;administration tr&egrave;s efficace d&rsquo;aujourd&rsquo;hui, nous sommes pr&ecirc;ts pour l&rsquo;avenir.<\/p>\n\n","protected":false},"excerpt":{"rendered":"<p>Le canton de Glaris est le canton suisse le plus industrialis\u00e9. Il pr\u00e9sente une forte densit\u00e9 d&rsquo;entreprises d&rsquo;envergure nationale et internationale dans les secteurs des mati\u00e8res plastiques, de la m\u00e9tallurgie et de l&rsquo;agroalimentaire. Marianne Lienhard, directrice de l&rsquo;\u00e9conomie publique du canton de Glaris, nous en dit plus dans cette interview sur l&rsquo;esprit pionnier prononc\u00e9, la qualit\u00e9 de vie \u00e9lev\u00e9e et les avantages uniques d&rsquo;une r\u00e9gion p\u00e9riph\u00e9rique qui est en fait une perle pour investir, travailler, habiter et se d\u00e9tendre.<\/p>\n","protected":false},"author":2,"featured_media":133459,"comment_status":"open","ping_status":"open","sticky":false,"template":"","format":"standard","meta":{"pmpro_default_level":"","inline_featured_image":false,"_monsterinsights_skip_tracking":false,"footnotes":""},"categories":[4464,45951,743,8452,39686],"tags":[871,872,3931,3155,2175,2002,5512,37038],"class_list":["post-133600","post","type-post","status-publish","format-standard","has-post-thumbnail","hentry","category-gens","category-glarus-fr","category-immonews-fr","category-regions","category-standorte-fr","tag-glarus-fr","tag-immoinvest-fr","tag-immonews-fr","tag-infrastruktur-fr","tag-innovation-fr","tag-news-fr","tag-standortentwicklung-fr","tag-wohnqualitaet-fr","pmpro-has-access"],"acf":{"bild_mit_ki_erstellt_worden":[],"lead":"Le canton de Glaris est le canton suisse le plus industrialis\u00e9. Il pr\u00e9sente une forte densit\u00e9 d'entreprises d'envergure nationale et internationale dans les secteurs des mati\u00e8res plastiques, de la m\u00e9tallurgie et de l'agroalimentaire. Marianne Lienhard, directrice de l'\u00e9conomie publique du canton de Glaris, nous en dit plus dans cette interview sur l'esprit pionnier prononc\u00e9, la qualit\u00e9 de vie \u00e9lev\u00e9e et les avantages uniques d'une r\u00e9gion p\u00e9riph\u00e9rique qui est en fait une perle pour investir, travailler, habiter et se d\u00e9tendre.","autor":"Redaktion: Jessica Bill, Bild: zVg.","ort":"","bildunterschrift":"","bild_im_grid":false,"gallerie":"","newsim":""},"aioseo_notices":[],"aioseo_head":"\n\t\t<!-- All in One SEO 5.0.0.1 - aioseo.com -->\n\t<meta name=\"description\" content=\"Le canton de Glaris est le canton suisse le plus industrialis\u00e9. Il pr\u00e9sente une forte densit\u00e9 d&#039;entreprises d&#039;envergure nationale et internationale dans les secteurs des mati\u00e8res plastiques, de la m\u00e9tallurgie et de l&#039;agroalimentaire. Marianne Lienhard, directrice de l&#039;\u00e9conomie publique du canton de Glaris, nous en dit plus dans cette interview sur l&#039;esprit pionnier prononc\u00e9, la qualit\u00e9 de vie \u00e9lev\u00e9e et les avantages uniques d&#039;une r\u00e9gion p\u00e9riph\u00e9rique qui est en fait une perle pour investir, travailler, habiter et se d\u00e9tendre.\" \/>\n\t<meta name=\"robots\" content=\"max-image-preview:large\" \/>\n\t<meta name=\"author\" content=\"immovestuser\"\/>\n\t<meta name=\"google-site-verification\" content=\"fHJKvgWpZCR2zVBHWfkQeFXC11qieUSff0HGNYfuyLA\" \/>\n\t<link rel=\"canonical\" href=\"https:\/\/www.immo-invest.ch\/fr\/wirtschaftsstandort-und-lebensraum-kanton-glarus-ein-echt-sagenhaftes-lebensgefuehl\/\" \/>\n\t<meta name=\"generator\" content=\"All in One SEO (AIOSEO) 5.0.0.1\" \/>\n\t\t<meta property=\"og:locale\" content=\"fr_FR\" \/>\n\t\t<meta property=\"og:site_name\" content=\"immo!nvest - Die Plattform f\u00fcr Standorte und Immobilien - Die\u00a0Plattform f\u00fcr Standorte und Immobilien\" \/>\n\t\t<meta property=\"og:type\" content=\"article\" \/>\n\t\t<meta property=\"og:title\" content=\"Le site \u00e9conomique et l\u2019espace de vie du canton de Glaris \u2013 Une v\u00e9ritable l\u00e9gende de la vie - immo!nvest - Die Plattform f\u00fcr Standorte und Immobilien\" \/>\n\t\t<meta property=\"og:description\" content=\"Le canton de Glaris est le canton suisse le plus industrialis\u00e9. Il pr\u00e9sente une forte densit\u00e9 d&#039;entreprises d&#039;envergure nationale et internationale dans les secteurs des mati\u00e8res plastiques, de la m\u00e9tallurgie et de l&#039;agroalimentaire. Marianne Lienhard, directrice de l&#039;\u00e9conomie publique du canton de Glaris, nous en dit plus dans cette interview sur l&#039;esprit pionnier prononc\u00e9, la qualit\u00e9 de vie \u00e9lev\u00e9e et les avantages uniques d&#039;une r\u00e9gion p\u00e9riph\u00e9rique qui est en fait une perle pour investir, travailler, habiter et se d\u00e9tendre.\" \/>\n\t\t<meta property=\"og:url\" content=\"https:\/\/www.immo-invest.ch\/fr\/wirtschaftsstandort-und-lebensraum-kanton-glarus-ein-echt-sagenhaftes-lebensgefuehl\/\" \/>\n\t\t<meta property=\"og:image\" content=\"https:\/\/www.immo-invest.ch\/wp-content\/uploads\/2025\/06\/1200x1203px_MarianneLienhard_353-e1748938335998.jpg\" \/>\n\t\t<meta property=\"og:image:secure_url\" content=\"https:\/\/www.immo-invest.ch\/wp-content\/uploads\/2025\/06\/1200x1203px_MarianneLienhard_353-e1748938335998.jpg\" \/>\n\t\t<meta property=\"og:image:width\" content=\"2406\" \/>\n\t\t<meta property=\"og:image:height\" content=\"1203\" \/>\n\t\t<meta property=\"article:published_time\" content=\"2025-06-03T08:14:35+00:00\" \/>\n\t\t<meta property=\"article:modified_time\" content=\"2025-06-03T11:07:07+00:00\" \/>\n\t\t<meta property=\"article:publisher\" content=\"https:\/\/www.facebook.com\/people\/Immoinvest\/100077962920504\/\" \/>\n\t\t<meta name=\"twitter:card\" content=\"summary_large_image\" \/>\n\t\t<meta name=\"twitter:site\" content=\"@i\" \/>\n\t\t<meta name=\"twitter:title\" content=\"Le site \u00e9conomique et l\u2019espace de vie du canton de Glaris \u2013 Une v\u00e9ritable l\u00e9gende de la vie - immo!nvest - Die Plattform f\u00fcr Standorte und Immobilien\" \/>\n\t\t<meta name=\"twitter:description\" content=\"Le canton de Glaris est le canton suisse le plus industrialis\u00e9. Il pr\u00e9sente une forte densit\u00e9 d&#039;entreprises d&#039;envergure nationale et internationale dans les secteurs des mati\u00e8res plastiques, de la m\u00e9tallurgie et de l&#039;agroalimentaire. Marianne Lienhard, directrice de l&#039;\u00e9conomie publique du canton de Glaris, nous en dit plus dans cette interview sur l&#039;esprit pionnier prononc\u00e9, la qualit\u00e9 de vie \u00e9lev\u00e9e et les avantages uniques d&#039;une r\u00e9gion p\u00e9riph\u00e9rique qui est en fait une perle pour investir, travailler, habiter et se d\u00e9tendre.\" \/>\n\t\t<meta name=\"twitter:creator\" content=\"@i\" \/>\n\t\t<meta name=\"twitter:image\" content=\"https:\/\/www.immo-invest.ch\/wp-content\/uploads\/2025\/06\/1200x1203px_MarianneLienhard_353-e1748938335998.jpg\" \/>\n\t\t<script type=\"application\/ld+json\" class=\"aioseo-schema\">\n\t\t\t{\"@context\":\"https:\\\/\\\/schema.org\",\"@graph\":[{\"@type\":\"BlogPosting\",\"@id\":\"https:\\\/\\\/www.immo-invest.ch\\\/fr\\\/wirtschaftsstandort-und-lebensraum-kanton-glarus-ein-echt-sagenhaftes-lebensgefuehl\\\/#blogposting\",\"name\":\"Le site \\u00e9conomique et l\\u2019espace de vie du canton de Glaris \\u2013 Une v\\u00e9ritable l\\u00e9gende de la vie - immo!nvest - Die Plattform f\\u00fcr Standorte und Immobilien\",\"headline\":\"Le site \\u00e9conomique et l&rsquo;espace de vie du canton de Glaris &#8211; Une v\\u00e9ritable l\\u00e9gende de la vie\",\"author\":{\"@id\":\"https:\\\/\\\/www.immo-invest.ch\\\/fr\\\/author\\\/immovestuser\\\/#author\"},\"publisher\":{\"@id\":\"https:\\\/\\\/www.immo-invest.ch\\\/fr\\\/#organization\"},\"image\":{\"@type\":\"ImageObject\",\"url\":\"https:\\\/\\\/www.immo-invest.ch\\\/wp-content\\\/uploads\\\/2025\\\/06\\\/1200x1203px_MarianneLienhard_353-e1748938335998.jpg\",\"width\":2406,\"height\":1203},\"datePublished\":\"2025-06-03T10:14:35+02:00\",\"dateModified\":\"2025-06-03T13:07:07+02:00\",\"inLanguage\":\"fr-FR\",\"mainEntityOfPage\":{\"@id\":\"https:\\\/\\\/www.immo-invest.ch\\\/fr\\\/wirtschaftsstandort-und-lebensraum-kanton-glarus-ein-echt-sagenhaftes-lebensgefuehl\\\/#webpage\"},\"isPartOf\":{\"@id\":\"https:\\\/\\\/www.immo-invest.ch\\\/fr\\\/wirtschaftsstandort-und-lebensraum-kanton-glarus-ein-echt-sagenhaftes-lebensgefuehl\\\/#webpage\"},\"articleSection\":\"Gens, Glarus, immoNews, R\\u00e9gions, Standorte, Glarus, Immoinvest, immoNews, Infrastruktur, Innovation, News, Standortentwicklung, Wohnqualit\\u00e4t, Facultatif\"},{\"@type\":\"BreadcrumbList\",\"@id\":\"https:\\\/\\\/www.immo-invest.ch\\\/fr\\\/wirtschaftsstandort-und-lebensraum-kanton-glarus-ein-echt-sagenhaftes-lebensgefuehl\\\/#breadcrumblist\",\"itemListElement\":[{\"@type\":\"ListItem\",\"@id\":\"https:\\\/\\\/www.immo-invest.ch\\\/fr\\\/#listItem\",\"position\":1,\"name\":\"Home\",\"item\":\"https:\\\/\\\/www.immo-invest.ch\\\/fr\\\/\",\"nextItem\":{\"@type\":\"ListItem\",\"@id\":\"https:\\\/\\\/www.immo-invest.ch\\\/fr\\\/categories\\\/regions\\\/#listItem\",\"name\":\"R\\u00e9gions\"}},{\"@type\":\"ListItem\",\"@id\":\"https:\\\/\\\/www.immo-invest.ch\\\/fr\\\/categories\\\/regions\\\/#listItem\",\"position\":2,\"name\":\"R\\u00e9gions\",\"item\":\"https:\\\/\\\/www.immo-invest.ch\\\/fr\\\/categories\\\/regions\\\/\",\"nextItem\":{\"@type\":\"ListItem\",\"@id\":\"https:\\\/\\\/www.immo-invest.ch\\\/fr\\\/categories\\\/regions\\\/suisse\\\/#listItem\",\"name\":\"Suisse\"},\"previousItem\":{\"@type\":\"ListItem\",\"@id\":\"https:\\\/\\\/www.immo-invest.ch\\\/fr\\\/#listItem\",\"name\":\"Home\"}},{\"@type\":\"ListItem\",\"@id\":\"https:\\\/\\\/www.immo-invest.ch\\\/fr\\\/categories\\\/regions\\\/suisse\\\/#listItem\",\"position\":3,\"name\":\"Suisse\",\"item\":\"https:\\\/\\\/www.immo-invest.ch\\\/fr\\\/categories\\\/regions\\\/suisse\\\/\",\"nextItem\":{\"@type\":\"ListItem\",\"@id\":\"https:\\\/\\\/www.immo-invest.ch\\\/fr\\\/categories\\\/regions\\\/suisse\\\/suisse-orientale\\\/#listItem\",\"name\":\"Suisse orientale\"},\"previousItem\":{\"@type\":\"ListItem\",\"@id\":\"https:\\\/\\\/www.immo-invest.ch\\\/fr\\\/categories\\\/regions\\\/#listItem\",\"name\":\"R\\u00e9gions\"}},{\"@type\":\"ListItem\",\"@id\":\"https:\\\/\\\/www.immo-invest.ch\\\/fr\\\/categories\\\/regions\\\/suisse\\\/suisse-orientale\\\/#listItem\",\"position\":4,\"name\":\"Suisse orientale\",\"item\":\"https:\\\/\\\/www.immo-invest.ch\\\/fr\\\/categories\\\/regions\\\/suisse\\\/suisse-orientale\\\/\",\"nextItem\":{\"@type\":\"ListItem\",\"@id\":\"https:\\\/\\\/www.immo-invest.ch\\\/fr\\\/categories\\\/regions\\\/suisse\\\/suisse-orientale\\\/glarus-fr\\\/#listItem\",\"name\":\"Glarus\"},\"previousItem\":{\"@type\":\"ListItem\",\"@id\":\"https:\\\/\\\/www.immo-invest.ch\\\/fr\\\/categories\\\/regions\\\/suisse\\\/#listItem\",\"name\":\"Suisse\"}},{\"@type\":\"ListItem\",\"@id\":\"https:\\\/\\\/www.immo-invest.ch\\\/fr\\\/categories\\\/regions\\\/suisse\\\/suisse-orientale\\\/glarus-fr\\\/#listItem\",\"position\":5,\"name\":\"Glarus\",\"item\":\"https:\\\/\\\/www.immo-invest.ch\\\/fr\\\/categories\\\/regions\\\/suisse\\\/suisse-orientale\\\/glarus-fr\\\/\",\"nextItem\":{\"@type\":\"ListItem\",\"@id\":\"https:\\\/\\\/www.immo-invest.ch\\\/fr\\\/wirtschaftsstandort-und-lebensraum-kanton-glarus-ein-echt-sagenhaftes-lebensgefuehl\\\/#listItem\",\"name\":\"Le site \\u00e9conomique et l&rsquo;espace de vie du canton de Glaris &#8211; Une v\\u00e9ritable l\\u00e9gende de la vie\"},\"previousItem\":{\"@type\":\"ListItem\",\"@id\":\"https:\\\/\\\/www.immo-invest.ch\\\/fr\\\/categories\\\/regions\\\/suisse\\\/suisse-orientale\\\/#listItem\",\"name\":\"Suisse orientale\"}},{\"@type\":\"ListItem\",\"@id\":\"https:\\\/\\\/www.immo-invest.ch\\\/fr\\\/wirtschaftsstandort-und-lebensraum-kanton-glarus-ein-echt-sagenhaftes-lebensgefuehl\\\/#listItem\",\"position\":6,\"name\":\"Le site \\u00e9conomique et l&rsquo;espace de vie du canton de Glaris &#8211; Une v\\u00e9ritable l\\u00e9gende de la vie\",\"previousItem\":{\"@type\":\"ListItem\",\"@id\":\"https:\\\/\\\/www.immo-invest.ch\\\/fr\\\/categories\\\/regions\\\/suisse\\\/suisse-orientale\\\/glarus-fr\\\/#listItem\",\"name\":\"Glarus\"}}]},{\"@type\":\"Organization\",\"@id\":\"https:\\\/\\\/www.immo-invest.ch\\\/fr\\\/#organization\",\"name\":\"immo!nvest - Die Plattform f\\u00fcr Standorte und Immobilien\",\"description\":\"Die\\u00a0Plattform f\\u00fcr Standorte und Immobilien\",\"url\":\"https:\\\/\\\/www.immo-invest.ch\\\/fr\\\/\",\"email\":\"admin@immomedia.ag\",\"telephone\":\"+41444420002\",\"logo\":{\"@type\":\"ImageObject\",\"url\":\"https:\\\/\\\/www.immo-invest.ch\\\/wp-content\\\/uploads\\\/2024\\\/09\\\/immoinvest_sm-scaled.jpg\",\"@id\":\"https:\\\/\\\/www.immo-invest.ch\\\/fr\\\/wirtschaftsstandort-und-lebensraum-kanton-glarus-ein-echt-sagenhaftes-lebensgefuehl\\\/#organizationLogo\",\"width\":2560,\"height\":1340},\"image\":{\"@id\":\"https:\\\/\\\/www.immo-invest.ch\\\/fr\\\/wirtschaftsstandort-und-lebensraum-kanton-glarus-ein-echt-sagenhaftes-lebensgefuehl\\\/#organizationLogo\"},\"sameAs\":[\"https:\\\/\\\/www.facebook.com\\\/people\\\/Immoinvest\\\/100077962920504\\\/\",\"https:\\\/\\\/x.com\\\/i\\\/flow\\\/login?redirect_after_login=immoinvest_ch\",\"https:\\\/\\\/www.instagram.com\\\/immoinvest_ch\\\/\",\"https:\\\/\\\/www.linkedin.com\\\/company\\\/immoinvest-swiss\"]},{\"@type\":\"Person\",\"@id\":\"https:\\\/\\\/www.immo-invest.ch\\\/fr\\\/author\\\/immovestuser\\\/#author\",\"url\":\"https:\\\/\\\/www.immo-invest.ch\\\/fr\\\/author\\\/immovestuser\\\/\",\"name\":\"immovestuser\",\"image\":{\"@type\":\"ImageObject\",\"@id\":\"https:\\\/\\\/www.immo-invest.ch\\\/fr\\\/wirtschaftsstandort-und-lebensraum-kanton-glarus-ein-echt-sagenhaftes-lebensgefuehl\\\/#authorImage\",\"url\":\"https:\\\/\\\/secure.gravatar.com\\\/avatar\\\/8e01f4d99f2eeea7a362ebb93305e1172a70e9293ba250f897a65c39f54cdd1e?s=96&d=mm&r=g\",\"width\":96,\"height\":96,\"caption\":\"immovestuser\"}},{\"@type\":\"WebPage\",\"@id\":\"https:\\\/\\\/www.immo-invest.ch\\\/fr\\\/wirtschaftsstandort-und-lebensraum-kanton-glarus-ein-echt-sagenhaftes-lebensgefuehl\\\/#webpage\",\"url\":\"https:\\\/\\\/www.immo-invest.ch\\\/fr\\\/wirtschaftsstandort-und-lebensraum-kanton-glarus-ein-echt-sagenhaftes-lebensgefuehl\\\/\",\"name\":\"Le site \\u00e9conomique et l\\u2019espace de vie du canton de Glaris \\u2013 Une v\\u00e9ritable l\\u00e9gende de la vie - immo!nvest - Die Plattform f\\u00fcr Standorte und Immobilien\",\"description\":\"Le canton de Glaris est le canton suisse le plus industrialis\\u00e9. Il pr\\u00e9sente une forte densit\\u00e9 d'entreprises d'envergure nationale et internationale dans les secteurs des mati\\u00e8res plastiques, de la m\\u00e9tallurgie et de l'agroalimentaire. Marianne Lienhard, directrice de l'\\u00e9conomie publique du canton de Glaris, nous en dit plus dans cette interview sur l'esprit pionnier prononc\\u00e9, la qualit\\u00e9 de vie \\u00e9lev\\u00e9e et les avantages uniques d'une r\\u00e9gion p\\u00e9riph\\u00e9rique qui est en fait une perle pour investir, travailler, habiter et se d\\u00e9tendre.\",\"inLanguage\":\"fr-FR\",\"isPartOf\":{\"@id\":\"https:\\\/\\\/www.immo-invest.ch\\\/fr\\\/#website\"},\"breadcrumb\":{\"@id\":\"https:\\\/\\\/www.immo-invest.ch\\\/fr\\\/wirtschaftsstandort-und-lebensraum-kanton-glarus-ein-echt-sagenhaftes-lebensgefuehl\\\/#breadcrumblist\"},\"author\":{\"@id\":\"https:\\\/\\\/www.immo-invest.ch\\\/fr\\\/author\\\/immovestuser\\\/#author\"},\"creator\":{\"@id\":\"https:\\\/\\\/www.immo-invest.ch\\\/fr\\\/author\\\/immovestuser\\\/#author\"},\"image\":{\"@type\":\"ImageObject\",\"url\":\"https:\\\/\\\/www.immo-invest.ch\\\/wp-content\\\/uploads\\\/2025\\\/06\\\/1200x1203px_MarianneLienhard_353-e1748938335998.jpg\",\"@id\":\"https:\\\/\\\/www.immo-invest.ch\\\/fr\\\/wirtschaftsstandort-und-lebensraum-kanton-glarus-ein-echt-sagenhaftes-lebensgefuehl\\\/#mainImage\",\"width\":2406,\"height\":1203},\"primaryImageOfPage\":{\"@id\":\"https:\\\/\\\/www.immo-invest.ch\\\/fr\\\/wirtschaftsstandort-und-lebensraum-kanton-glarus-ein-echt-sagenhaftes-lebensgefuehl\\\/#mainImage\"},\"datePublished\":\"2025-06-03T10:14:35+02:00\",\"dateModified\":\"2025-06-03T13:07:07+02:00\"},{\"@type\":\"WebSite\",\"@id\":\"https:\\\/\\\/www.immo-invest.ch\\\/fr\\\/#website\",\"url\":\"https:\\\/\\\/www.immo-invest.ch\\\/fr\\\/\",\"name\":\"immo!nvest - Die Plattform f\\u00fcr Standorte und Immobilien\",\"description\":\"Die\\u00a0Plattform f\\u00fcr Standorte und Immobilien\",\"inLanguage\":\"fr-FR\",\"publisher\":{\"@id\":\"https:\\\/\\\/www.immo-invest.ch\\\/fr\\\/#organization\"}}]}\n\t\t<\/script>\n\t\t<!-- All in One SEO -->\n\n","aioseo_head_json":{"title":"Le site \u00e9conomique et l\u2019espace de vie du canton de Glaris \u2013 Une v\u00e9ritable l\u00e9gende de la vie - immo!nvest - Die Plattform f\u00fcr Standorte und Immobilien","description":"Le canton de Glaris est le canton suisse le plus industrialis\u00e9. Il pr\u00e9sente une forte densit\u00e9 d'entreprises d'envergure nationale et internationale dans les secteurs des mati\u00e8res plastiques, de la m\u00e9tallurgie et de l'agroalimentaire. Marianne Lienhard, directrice de l'\u00e9conomie publique du canton de Glaris, nous en dit plus dans cette interview sur l'esprit pionnier prononc\u00e9, la qualit\u00e9 de vie \u00e9lev\u00e9e et les avantages uniques d'une r\u00e9gion p\u00e9riph\u00e9rique qui est en fait une perle pour investir, travailler, habiter et se d\u00e9tendre.","canonical_url":"https:\/\/www.immo-invest.ch\/fr\/wirtschaftsstandort-und-lebensraum-kanton-glarus-ein-echt-sagenhaftes-lebensgefuehl\/","robots":"max-image-preview:large","keywords":"","webmasterTools":{"google-site-verification":"fHJKvgWpZCR2zVBHWfkQeFXC11qieUSff0HGNYfuyLA","miscellaneous":""},"schema":{"@context":"https:\/\/schema.org","@graph":[{"@type":"BlogPosting","@id":"https:\/\/www.immo-invest.ch\/fr\/wirtschaftsstandort-und-lebensraum-kanton-glarus-ein-echt-sagenhaftes-lebensgefuehl\/#blogposting","name":"Le site \u00e9conomique et l\u2019espace de vie du canton de Glaris \u2013 Une v\u00e9ritable l\u00e9gende de la vie - immo!nvest - Die Plattform f\u00fcr Standorte und Immobilien","headline":"Le site \u00e9conomique et l&rsquo;espace de vie du canton de Glaris &#8211; Une v\u00e9ritable l\u00e9gende de la vie","author":{"@id":"https:\/\/www.immo-invest.ch\/fr\/author\/immovestuser\/#author"},"publisher":{"@id":"https:\/\/www.immo-invest.ch\/fr\/#organization"},"image":{"@type":"ImageObject","url":"https:\/\/www.immo-invest.ch\/wp-content\/uploads\/2025\/06\/1200x1203px_MarianneLienhard_353-e1748938335998.jpg","width":2406,"height":1203},"datePublished":"2025-06-03T10:14:35+02:00","dateModified":"2025-06-03T13:07:07+02:00","inLanguage":"fr-FR","mainEntityOfPage":{"@id":"https:\/\/www.immo-invest.ch\/fr\/wirtschaftsstandort-und-lebensraum-kanton-glarus-ein-echt-sagenhaftes-lebensgefuehl\/#webpage"},"isPartOf":{"@id":"https:\/\/www.immo-invest.ch\/fr\/wirtschaftsstandort-und-lebensraum-kanton-glarus-ein-echt-sagenhaftes-lebensgefuehl\/#webpage"},"articleSection":"Gens, Glarus, immoNews, R\u00e9gions, Standorte, Glarus, Immoinvest, immoNews, Infrastruktur, Innovation, News, Standortentwicklung, Wohnqualit\u00e4t, Facultatif"},{"@type":"BreadcrumbList","@id":"https:\/\/www.immo-invest.ch\/fr\/wirtschaftsstandort-und-lebensraum-kanton-glarus-ein-echt-sagenhaftes-lebensgefuehl\/#breadcrumblist","itemListElement":[{"@type":"ListItem","@id":"https:\/\/www.immo-invest.ch\/fr\/#listItem","position":1,"name":"Home","item":"https:\/\/www.immo-invest.ch\/fr\/","nextItem":{"@type":"ListItem","@id":"https:\/\/www.immo-invest.ch\/fr\/categories\/regions\/#listItem","name":"R\u00e9gions"}},{"@type":"ListItem","@id":"https:\/\/www.immo-invest.ch\/fr\/categories\/regions\/#listItem","position":2,"name":"R\u00e9gions","item":"https:\/\/www.immo-invest.ch\/fr\/categories\/regions\/","nextItem":{"@type":"ListItem","@id":"https:\/\/www.immo-invest.ch\/fr\/categories\/regions\/suisse\/#listItem","name":"Suisse"},"previousItem":{"@type":"ListItem","@id":"https:\/\/www.immo-invest.ch\/fr\/#listItem","name":"Home"}},{"@type":"ListItem","@id":"https:\/\/www.immo-invest.ch\/fr\/categories\/regions\/suisse\/#listItem","position":3,"name":"Suisse","item":"https:\/\/www.immo-invest.ch\/fr\/categories\/regions\/suisse\/","nextItem":{"@type":"ListItem","@id":"https:\/\/www.immo-invest.ch\/fr\/categories\/regions\/suisse\/suisse-orientale\/#listItem","name":"Suisse orientale"},"previousItem":{"@type":"ListItem","@id":"https:\/\/www.immo-invest.ch\/fr\/categories\/regions\/#listItem","name":"R\u00e9gions"}},{"@type":"ListItem","@id":"https:\/\/www.immo-invest.ch\/fr\/categories\/regions\/suisse\/suisse-orientale\/#listItem","position":4,"name":"Suisse orientale","item":"https:\/\/www.immo-invest.ch\/fr\/categories\/regions\/suisse\/suisse-orientale\/","nextItem":{"@type":"ListItem","@id":"https:\/\/www.immo-invest.ch\/fr\/categories\/regions\/suisse\/suisse-orientale\/glarus-fr\/#listItem","name":"Glarus"},"previousItem":{"@type":"ListItem","@id":"https:\/\/www.immo-invest.ch\/fr\/categories\/regions\/suisse\/#listItem","name":"Suisse"}},{"@type":"ListItem","@id":"https:\/\/www.immo-invest.ch\/fr\/categories\/regions\/suisse\/suisse-orientale\/glarus-fr\/#listItem","position":5,"name":"Glarus","item":"https:\/\/www.immo-invest.ch\/fr\/categories\/regions\/suisse\/suisse-orientale\/glarus-fr\/","nextItem":{"@type":"ListItem","@id":"https:\/\/www.immo-invest.ch\/fr\/wirtschaftsstandort-und-lebensraum-kanton-glarus-ein-echt-sagenhaftes-lebensgefuehl\/#listItem","name":"Le site \u00e9conomique et l&rsquo;espace de vie du canton de Glaris &#8211; Une v\u00e9ritable l\u00e9gende de la vie"},"previousItem":{"@type":"ListItem","@id":"https:\/\/www.immo-invest.ch\/fr\/categories\/regions\/suisse\/suisse-orientale\/#listItem","name":"Suisse orientale"}},{"@type":"ListItem","@id":"https:\/\/www.immo-invest.ch\/fr\/wirtschaftsstandort-und-lebensraum-kanton-glarus-ein-echt-sagenhaftes-lebensgefuehl\/#listItem","position":6,"name":"Le site \u00e9conomique et l&rsquo;espace de vie du canton de Glaris &#8211; Une v\u00e9ritable l\u00e9gende de la vie","previousItem":{"@type":"ListItem","@id":"https:\/\/www.immo-invest.ch\/fr\/categories\/regions\/suisse\/suisse-orientale\/glarus-fr\/#listItem","name":"Glarus"}}]},{"@type":"Organization","@id":"https:\/\/www.immo-invest.ch\/fr\/#organization","name":"immo!nvest - Die Plattform f\u00fcr Standorte und Immobilien","description":"Die\u00a0Plattform f\u00fcr Standorte und Immobilien","url":"https:\/\/www.immo-invest.ch\/fr\/","email":"admin@immomedia.ag","telephone":"+41444420002","logo":{"@type":"ImageObject","url":"https:\/\/www.immo-invest.ch\/wp-content\/uploads\/2024\/09\/immoinvest_sm-scaled.jpg","@id":"https:\/\/www.immo-invest.ch\/fr\/wirtschaftsstandort-und-lebensraum-kanton-glarus-ein-echt-sagenhaftes-lebensgefuehl\/#organizationLogo","width":2560,"height":1340},"image":{"@id":"https:\/\/www.immo-invest.ch\/fr\/wirtschaftsstandort-und-lebensraum-kanton-glarus-ein-echt-sagenhaftes-lebensgefuehl\/#organizationLogo"},"sameAs":["https:\/\/www.facebook.com\/people\/Immoinvest\/100077962920504\/","https:\/\/x.com\/i\/flow\/login?redirect_after_login=immoinvest_ch","https:\/\/www.instagram.com\/immoinvest_ch\/","https:\/\/www.linkedin.com\/company\/immoinvest-swiss"]},{"@type":"Person","@id":"https:\/\/www.immo-invest.ch\/fr\/author\/immovestuser\/#author","url":"https:\/\/www.immo-invest.ch\/fr\/author\/immovestuser\/","name":"immovestuser","image":{"@type":"ImageObject","@id":"https:\/\/www.immo-invest.ch\/fr\/wirtschaftsstandort-und-lebensraum-kanton-glarus-ein-echt-sagenhaftes-lebensgefuehl\/#authorImage","url":"https:\/\/secure.gravatar.com\/avatar\/8e01f4d99f2eeea7a362ebb93305e1172a70e9293ba250f897a65c39f54cdd1e?s=96&d=mm&r=g","width":96,"height":96,"caption":"immovestuser"}},{"@type":"WebPage","@id":"https:\/\/www.immo-invest.ch\/fr\/wirtschaftsstandort-und-lebensraum-kanton-glarus-ein-echt-sagenhaftes-lebensgefuehl\/#webpage","url":"https:\/\/www.immo-invest.ch\/fr\/wirtschaftsstandort-und-lebensraum-kanton-glarus-ein-echt-sagenhaftes-lebensgefuehl\/","name":"Le site \u00e9conomique et l\u2019espace de vie du canton de Glaris \u2013 Une v\u00e9ritable l\u00e9gende de la vie - immo!nvest - Die Plattform f\u00fcr Standorte und Immobilien","description":"Le canton de Glaris est le canton suisse le plus industrialis\u00e9. Il pr\u00e9sente une forte densit\u00e9 d'entreprises d'envergure nationale et internationale dans les secteurs des mati\u00e8res plastiques, de la m\u00e9tallurgie et de l'agroalimentaire. Marianne Lienhard, directrice de l'\u00e9conomie publique du canton de Glaris, nous en dit plus dans cette interview sur l'esprit pionnier prononc\u00e9, la qualit\u00e9 de vie \u00e9lev\u00e9e et les avantages uniques d'une r\u00e9gion p\u00e9riph\u00e9rique qui est en fait une perle pour investir, travailler, habiter et se d\u00e9tendre.","inLanguage":"fr-FR","isPartOf":{"@id":"https:\/\/www.immo-invest.ch\/fr\/#website"},"breadcrumb":{"@id":"https:\/\/www.immo-invest.ch\/fr\/wirtschaftsstandort-und-lebensraum-kanton-glarus-ein-echt-sagenhaftes-lebensgefuehl\/#breadcrumblist"},"author":{"@id":"https:\/\/www.immo-invest.ch\/fr\/author\/immovestuser\/#author"},"creator":{"@id":"https:\/\/www.immo-invest.ch\/fr\/author\/immovestuser\/#author"},"image":{"@type":"ImageObject","url":"https:\/\/www.immo-invest.ch\/wp-content\/uploads\/2025\/06\/1200x1203px_MarianneLienhard_353-e1748938335998.jpg","@id":"https:\/\/www.immo-invest.ch\/fr\/wirtschaftsstandort-und-lebensraum-kanton-glarus-ein-echt-sagenhaftes-lebensgefuehl\/#mainImage","width":2406,"height":1203},"primaryImageOfPage":{"@id":"https:\/\/www.immo-invest.ch\/fr\/wirtschaftsstandort-und-lebensraum-kanton-glarus-ein-echt-sagenhaftes-lebensgefuehl\/#mainImage"},"datePublished":"2025-06-03T10:14:35+02:00","dateModified":"2025-06-03T13:07:07+02:00"},{"@type":"WebSite","@id":"https:\/\/www.immo-invest.ch\/fr\/#website","url":"https:\/\/www.immo-invest.ch\/fr\/","name":"immo!nvest - Die Plattform f\u00fcr Standorte und Immobilien","description":"Die\u00a0Plattform f\u00fcr Standorte und Immobilien","inLanguage":"fr-FR","publisher":{"@id":"https:\/\/www.immo-invest.ch\/fr\/#organization"}}]},"og:locale":"fr_FR","og:site_name":"immo!nvest - Die Plattform f\u00fcr Standorte und Immobilien - Die\u00a0Plattform f\u00fcr Standorte und Immobilien","og:type":"article","og:title":"Le site \u00e9conomique et l\u2019espace de vie du canton de Glaris \u2013 Une v\u00e9ritable l\u00e9gende de la vie - immo!nvest - Die Plattform f\u00fcr Standorte und Immobilien","og:description":"Le canton de Glaris est le canton suisse le plus industrialis\u00e9. Il pr\u00e9sente une forte densit\u00e9 d'entreprises d'envergure nationale et internationale dans les secteurs des mati\u00e8res plastiques, de la m\u00e9tallurgie et de l'agroalimentaire. Marianne Lienhard, directrice de l'\u00e9conomie publique du canton de Glaris, nous en dit plus dans cette interview sur l'esprit pionnier prononc\u00e9, la qualit\u00e9 de vie \u00e9lev\u00e9e et les avantages uniques d'une r\u00e9gion p\u00e9riph\u00e9rique qui est en fait une perle pour investir, travailler, habiter et se d\u00e9tendre.","og:url":"https:\/\/www.immo-invest.ch\/fr\/wirtschaftsstandort-und-lebensraum-kanton-glarus-ein-echt-sagenhaftes-lebensgefuehl\/","og:image":"https:\/\/www.immo-invest.ch\/wp-content\/uploads\/2025\/06\/1200x1203px_MarianneLienhard_353-e1748938335998.jpg","og:image:secure_url":"https:\/\/www.immo-invest.ch\/wp-content\/uploads\/2025\/06\/1200x1203px_MarianneLienhard_353-e1748938335998.jpg","og:image:width":2406,"og:image:height":1203,"article:published_time":"2025-06-03T08:14:35+00:00","article:modified_time":"2025-06-03T11:07:07+00:00","article:publisher":"https:\/\/www.facebook.com\/people\/Immoinvest\/100077962920504\/","twitter:card":"summary_large_image","twitter:site":"@i","twitter:title":"Le site \u00e9conomique et l\u2019espace de vie du canton de Glaris \u2013 Une v\u00e9ritable l\u00e9gende de la vie - immo!nvest - Die Plattform f\u00fcr Standorte und Immobilien","twitter:description":"Le canton de Glaris est le canton suisse le plus industrialis\u00e9. Il pr\u00e9sente une forte densit\u00e9 d'entreprises d'envergure nationale et internationale dans les secteurs des mati\u00e8res plastiques, de la m\u00e9tallurgie et de l'agroalimentaire. Marianne Lienhard, directrice de l'\u00e9conomie publique du canton de Glaris, nous en dit plus dans cette interview sur l'esprit pionnier prononc\u00e9, la qualit\u00e9 de vie \u00e9lev\u00e9e et les avantages uniques d'une r\u00e9gion p\u00e9riph\u00e9rique qui est en fait une perle pour investir, travailler, habiter et se d\u00e9tendre.","twitter:creator":"@i","twitter:image":"https:\/\/www.immo-invest.ch\/wp-content\/uploads\/2025\/06\/1200x1203px_MarianneLienhard_353-e1748938335998.jpg"},"aioseo_meta_data":{"post_id":"133600","title":null,"description":null,"keywords":null,"keyphrases":{"focus":{"keyphrase":"","score":0,"analysis":{"keyphraseInTitle":{"score":0,"maxScore":9,"error":1}}},"additional":[]},"primary_term":null,"canonical_url":null,"og_title":null,"og_description":null,"og_object_type":"default","og_image_type":"default","og_image_url":null,"og_image_width":null,"og_image_height":null,"og_image_custom_url":null,"og_image_custom_fields":null,"og_video":"","og_custom_url":null,"og_article_section":null,"og_article_tags":null,"twitter_use_og":false,"twitter_card":"default","twitter_image_type":"default","twitter_image_url":null,"twitter_image_custom_url":null,"twitter_image_custom_fields":null,"twitter_title":null,"twitter_description":null,"schema":{"blockGraphs":[],"customGraphs":[],"default":{"data":{"Article":[],"Course":[],"Dataset":[],"FAQPage":[],"Movie":[],"Person":[],"Product":[],"ProductReview":[],"Car":[],"Recipe":[],"Service":[],"SoftwareApplication":[],"WebPage":[]},"graphName":"BlogPosting","isEnabled":true},"graphs":[]},"schema_type":"default","schema_type_options":null,"pillar_content":false,"robots_default":true,"robots_noindex":false,"robots_noarchive":false,"robots_nosnippet":false,"robots_nofollow":false,"robots_noimageindex":false,"robots_noodp":false,"robots_notranslate":false,"robots_max_snippet":"-1","robots_max_videopreview":"-1","robots_max_imagepreview":"large","priority":null,"frequency":"default","local_seo":null,"breadcrumb_settings":null,"limit_modified_date":false,"ai":null,"created":"2025-06-03 11:07:07","updated":"2025-10-24 21:48:13","seo_analyzer_scan_date":null,"focus_keyword":null,"additional_keywords":null,"truseo_locale":null},"aioseo_breadcrumb":"<div class=\"aioseo-breadcrumbs\"><span class=\"aioseo-breadcrumb\">\n\t\t\t<a href=\"https:\/\/www.immo-invest.ch\/fr\/\" title=\"Home\">Home<\/a>\n\t\t<\/span><span class=\"aioseo-breadcrumb-separator\">&raquo;<\/span><span class=\"aioseo-breadcrumb\">\n\t\t\t<a href=\"https:\/\/www.immo-invest.ch\/fr\/categories\/regions\/\" title=\"R\u00e9gions\">R\u00e9gions<\/a>\n\t\t<\/span><span class=\"aioseo-breadcrumb-separator\">&raquo;<\/span><span class=\"aioseo-breadcrumb\">\n\t\t\t<a href=\"https:\/\/www.immo-invest.ch\/fr\/categories\/regions\/suisse\/\" title=\"Suisse\">Suisse<\/a>\n\t\t<\/span><span class=\"aioseo-breadcrumb-separator\">&raquo;<\/span><span class=\"aioseo-breadcrumb\">\n\t\t\t<a href=\"https:\/\/www.immo-invest.ch\/fr\/categories\/regions\/suisse\/suisse-orientale\/\" title=\"Suisse orientale\">Suisse orientale<\/a>\n\t\t<\/span><span class=\"aioseo-breadcrumb-separator\">&raquo;<\/span><span class=\"aioseo-breadcrumb\">\n\t\t\t<a href=\"https:\/\/www.immo-invest.ch\/fr\/categories\/regions\/suisse\/suisse-orientale\/glarus-fr\/\" title=\"Glarus\">Glarus<\/a>\n\t\t<\/span><span class=\"aioseo-breadcrumb-separator\">&raquo;<\/span><span class=\"aioseo-breadcrumb\">\n\t\t\tLe site \u00e9conomique et l\u2019espace de vie du canton de Glaris \u2013 Une v\u00e9ritable l\u00e9gende de la vie\n\t\t<\/span><\/div>","aioseo_breadcrumb_json":[{"label":"Home","link":"https:\/\/www.immo-invest.ch\/fr\/"},{"label":"R\u00e9gions","link":"https:\/\/www.immo-invest.ch\/fr\/categories\/regions\/"},{"label":"Suisse","link":"https:\/\/www.immo-invest.ch\/fr\/categories\/regions\/suisse\/"},{"label":"Suisse orientale","link":"https:\/\/www.immo-invest.ch\/fr\/categories\/regions\/suisse\/suisse-orientale\/"},{"label":"Glarus","link":"https:\/\/www.immo-invest.ch\/fr\/categories\/regions\/suisse\/suisse-orientale\/glarus-fr\/"},{"label":"Le site \u00e9conomique et l&rsquo;espace de vie du canton de Glaris &#8211; Une v\u00e9ritable l\u00e9gende de la vie","link":"https:\/\/www.immo-invest.ch\/fr\/wirtschaftsstandort-und-lebensraum-kanton-glarus-ein-echt-sagenhaftes-lebensgefuehl\/"}],"featured_image_src":"https:\/\/www.immo-invest.ch\/wp-content\/uploads\/2025\/06\/1200x1203px_MarianneLienhard_353-336x168.jpg","_links":{"self":[{"href":"https:\/\/www.immo-invest.ch\/fr\/wp-json\/wp\/v2\/posts\/133600","targetHints":{"allow":["GET"]}}],"collection":[{"href":"https:\/\/www.immo-invest.ch\/fr\/wp-json\/wp\/v2\/posts"}],"about":[{"href":"https:\/\/www.immo-invest.ch\/fr\/wp-json\/wp\/v2\/types\/post"}],"author":[{"embeddable":true,"href":"https:\/\/www.immo-invest.ch\/fr\/wp-json\/wp\/v2\/users\/2"}],"replies":[{"embeddable":true,"href":"https:\/\/www.immo-invest.ch\/fr\/wp-json\/wp\/v2\/comments?post=133600"}],"version-history":[{"count":0,"href":"https:\/\/www.immo-invest.ch\/fr\/wp-json\/wp\/v2\/posts\/133600\/revisions"}],"wp:featuredmedia":[{"embeddable":true,"href":"https:\/\/www.immo-invest.ch\/fr\/wp-json\/wp\/v2\/media\/133459"}],"wp:attachment":[{"href":"https:\/\/www.immo-invest.ch\/fr\/wp-json\/wp\/v2\/media?parent=133600"}],"wp:term":[{"taxonomy":"category","embeddable":true,"href":"https:\/\/www.immo-invest.ch\/fr\/wp-json\/wp\/v2\/categories?post=133600"},{"taxonomy":"post_tag","embeddable":true,"href":"https:\/\/www.immo-invest.ch\/fr\/wp-json\/wp\/v2\/tags?post=133600"}],"curies":[{"name":"wp","href":"https:\/\/api.w.org\/{rel}","templated":true}]}}