{"id":132631,"date":"2025-05-26T14:00:00","date_gmt":"2025-05-26T12:00:00","guid":{"rendered":"https:\/\/www.immo-invest.ch\/?p=132631"},"modified":"2025-05-27T12:56:14","modified_gmt":"2025-05-27T10:56:14","slug":"strategieanpassung-bringt-personelle-veraenderungen","status":"publish","type":"post","link":"https:\/\/www.immo-invest.ch\/fr\/strategieanpassung-bringt-personelle-veraenderungen\/","title":{"rendered":"L&rsquo;adaptation de la strat\u00e9gie entra\u00eene des changements de personnel"},"content":{"rendered":"<p class=\"bodytext wp-block-paragraph\">Jacques Mauron tire les cons&eacute;quences de la restructuration strat&eacute;gique de <a href=\"https:\/\/www.groupe-e.ch\" target=\"_blank\" rel=\"noopener\">Groupe E<\/a> et d&eacute;missionne de son poste de directeur g&eacute;n&eacute;ral. Selon un <a href=\"https:\/\/www.groupe-e.ch\/de\/ueber-groupe-e\/medien\/pressemitteilungen\/strategische-veranderung\" target=\"_blank\" rel=\"noopener\">communiqu&eacute;<\/a>, le conseil d&rsquo;administration a nomm&eacute; Alain Sapin, directeur de l&rsquo;&eacute;nergie &eacute;lectrique du fournisseur d&rsquo;&eacute;nergie fribourgeois, directeur g&eacute;n&eacute;ral ad interim. Mauron travaillait chez Groupe E depuis 2004, et en &eacute;tait le directeur g&eacute;n&eacute;ral depuis novembre 2019.<\/p>\n\n\n\n\n\n<p class=\"bodytext wp-block-paragraph\">Groupe E <a href=\"https:\/\/www.groupe-e.ch\/de\/groupe-e-passt-ihre-struktur-an-die-entwicklung-des-marktes\" target=\"_blank\" rel=\"noopener\">avait indiqu&eacute;<\/a> en avril qu&rsquo;il souhaitait revoir ses activit&eacute;s dans le domaine du photovolta&iuml;que et des pompes &agrave; chaleur dans son canton et dans d&rsquo;autres parties de la Suisse romande. L&rsquo;entreprise r&eacute;agissait ainsi &agrave; une baisse continue des ventes dans ce domaine depuis 2023. Elle souhaite maintenant adapter la structure de la direction Technique et Infrastructure afin de donner plus d&rsquo;autonomie &agrave; chacune de ses filiales.<\/p>\n\n\n\n\n\n<p class=\"bodytext wp-block-paragraph\">Ce remaniement strat&eacute;gique s&rsquo;accompagne d&rsquo;une r&eacute;duction des effectifs. En avril, l&rsquo;entreprise pr&eacute;voyait encore le licenciement de 188 des 2600 collaborateurs. En mai, le nombre de licenciements a pu &ecirc;tre <a href=\"https:\/\/www.groupe-e.ch\" target=\"_blank\" rel=\"noopener\">r&eacute;duit<\/a> &agrave; 168 apr&egrave;s une consultation avec les partenaires sociaux.<\/p>\n\n\n\n\n\n<p class=\"bodytext wp-block-paragraph\">L&rsquo;ancien chef de la direction technique et des infrastructures, Michel Beaud, a entre-temps quitt&eacute; Groupe E. Sa succession est d&eacute;sormais assur&eacute;e par int&eacute;rim par Johann Ruffieux, directeur des achats et du commerce.<\/p>\n\n","protected":false},"excerpt":{"rendered":"<p>Jacques Mauron d\u00e9missionne avec effet imm\u00e9diat de son poste de directeur g\u00e9n\u00e9ral de Groupe E. Il r\u00e9agit ainsi \u00e0 la restructuration strat\u00e9gique du fournisseur d&rsquo;\u00e9nergie fribourgeois, qui se traduit \u00e9galement par 168 licenciements \u00e0 la direction Technique et Infrastructure. Alain Sapin est devenu directeur g\u00e9n\u00e9ral ad interim.<\/p>\n","protected":false},"author":2,"featured_media":132626,"comment_status":"open","ping_status":"open","sticky":false,"template":"","format":"standard","meta":{"pmpro_default_level":"","inline_featured_image":false,"_monsterinsights_skip_tracking":false,"footnotes":""},"categories":[8747,22696,4464,52870,743,9440,22438],"tags":[2075,19289,872,3913,3931,2002,52983],"class_list":["post-132631","post","type-post","status-publish","format-standard","has-post-thumbnail","hentry","category-energie","category-entreprise","category-gens","category-immokolumne","category-immonews-fr","category-region-romandie-fr","category-trends-fr","tag-energiewirtschaft-fr","tag-fuehrungswechsel-fr","tag-immoinvest-fr","tag-immoinvest-2","tag-immonews-fr","tag-news-fr","tag-restrukturierung-fr","pmpro-has-access"],"acf":{"bild_mit_ki_erstellt_worden":[],"lead":"Jacques Mauron d\u00e9missionne avec effet imm\u00e9diat de son poste de directeur g\u00e9n\u00e9ral de Groupe E. Il r\u00e9agit ainsi \u00e0 la restructuration strat\u00e9gique du fournisseur d'\u00e9nergie fribourgeois, qui se traduit \u00e9galement par 168 licenciements \u00e0 la direction Technique et Infrastructure. Alain Sapin est devenu directeur g\u00e9n\u00e9ral ad interim.","autor":"ce\/stk","ort":"Granges-Paccot FR","bildunterschrift":"","bild_im_grid":false,"gallerie":"","newsim":""},"aioseo_notices":[],"aioseo_head":"\n\t\t<!-- All in One SEO 5.0.1.1 - aioseo.com -->\n\t<meta name=\"description\" content=\"Jacques Mauron d\u00e9missionne avec effet imm\u00e9diat de son poste de directeur g\u00e9n\u00e9ral de Groupe E. Il r\u00e9agit ainsi \u00e0 la restructuration strat\u00e9gique du fournisseur d&#039;\u00e9nergie fribourgeois, qui se traduit \u00e9galement par 168 licenciements \u00e0 la direction Technique et Infrastructure. Alain Sapin est devenu directeur g\u00e9n\u00e9ral ad interim.\" \/>\n\t<meta name=\"robots\" content=\"max-image-preview:large\" \/>\n\t<meta name=\"author\" content=\"immovestuser\"\/>\n\t<meta name=\"google-site-verification\" content=\"fHJKvgWpZCR2zVBHWfkQeFXC11qieUSff0HGNYfuyLA\" \/>\n\t<link rel=\"canonical\" href=\"https:\/\/www.immo-invest.ch\/fr\/strategieanpassung-bringt-personelle-veraenderungen\/\" \/>\n\t<meta name=\"generator\" content=\"All in One SEO (AIOSEO) 5.0.1.1\" \/>\n\t\t<meta property=\"og:locale\" content=\"fr_FR\" \/>\n\t\t<meta property=\"og:site_name\" content=\"immo!nvest - Die Plattform f\u00fcr Standorte und Immobilien - Die\u00a0Plattform f\u00fcr Standorte und Immobilien\" \/>\n\t\t<meta property=\"og:type\" content=\"article\" \/>\n\t\t<meta property=\"og:title\" content=\"L\u2019adaptation de la strat\u00e9gie entra\u00eene des changements de personnel - immo!nvest - Die Plattform f\u00fcr Standorte und Immobilien\" \/>\n\t\t<meta property=\"og:description\" content=\"Jacques Mauron d\u00e9missionne avec effet imm\u00e9diat de son poste de directeur g\u00e9n\u00e9ral de Groupe E. Il r\u00e9agit ainsi \u00e0 la restructuration strat\u00e9gique du fournisseur d&#039;\u00e9nergie fribourgeois, qui se traduit \u00e9galement par 168 licenciements \u00e0 la direction Technique et Infrastructure. Alain Sapin est devenu directeur g\u00e9n\u00e9ral ad interim.\" \/>\n\t\t<meta property=\"og:url\" content=\"https:\/\/www.immo-invest.ch\/fr\/strategieanpassung-bringt-personelle-veraenderungen\/\" \/>\n\t\t<meta property=\"og:image\" content=\"https:\/\/www.immo-invest.ch\/wp-content\/uploads\/2025\/05\/immo-invest-personen-energie-unternehmen-fuehrungswechsel-restruktierung-energiewirtschaft.png\" \/>\n\t\t<meta property=\"og:image:secure_url\" content=\"https:\/\/www.immo-invest.ch\/wp-content\/uploads\/2025\/05\/immo-invest-personen-energie-unternehmen-fuehrungswechsel-restruktierung-energiewirtschaft.png\" \/>\n\t\t<meta property=\"og:image:width\" content=\"1536\" \/>\n\t\t<meta property=\"og:image:height\" content=\"768\" \/>\n\t\t<meta property=\"article:published_time\" content=\"2025-05-26T12:00:00+00:00\" \/>\n\t\t<meta property=\"article:modified_time\" content=\"2025-05-27T10:56:14+00:00\" \/>\n\t\t<meta property=\"article:publisher\" content=\"https:\/\/www.facebook.com\/people\/Immoinvest\/100077962920504\/\" \/>\n\t\t<meta name=\"twitter:card\" content=\"summary_large_image\" \/>\n\t\t<meta name=\"twitter:site\" content=\"@i\" \/>\n\t\t<meta name=\"twitter:title\" content=\"L\u2019adaptation de la strat\u00e9gie entra\u00eene des changements de personnel - immo!nvest - Die Plattform f\u00fcr Standorte und Immobilien\" \/>\n\t\t<meta name=\"twitter:description\" content=\"Jacques Mauron d\u00e9missionne avec effet imm\u00e9diat de son poste de directeur g\u00e9n\u00e9ral de Groupe E. Il r\u00e9agit ainsi \u00e0 la restructuration strat\u00e9gique du fournisseur d&#039;\u00e9nergie fribourgeois, qui se traduit \u00e9galement par 168 licenciements \u00e0 la direction Technique et Infrastructure. Alain Sapin est devenu directeur g\u00e9n\u00e9ral ad interim.\" \/>\n\t\t<meta name=\"twitter:creator\" content=\"@i\" \/>\n\t\t<meta name=\"twitter:image\" content=\"https:\/\/www.immo-invest.ch\/wp-content\/uploads\/2025\/05\/immo-invest-personen-energie-unternehmen-fuehrungswechsel-restruktierung-energiewirtschaft.png\" \/>\n\t\t<script type=\"application\/ld+json\" class=\"aioseo-schema\">\n\t\t\t{\"@context\":\"https:\\\/\\\/schema.org\",\"@graph\":[{\"@type\":\"BlogPosting\",\"@id\":\"https:\\\/\\\/www.immo-invest.ch\\\/fr\\\/strategieanpassung-bringt-personelle-veraenderungen\\\/#blogposting\",\"name\":\"L\\u2019adaptation de la strat\\u00e9gie entra\\u00eene des changements de personnel - immo!nvest - Die Plattform f\\u00fcr Standorte und Immobilien\",\"headline\":\"L&rsquo;adaptation de la strat\\u00e9gie entra\\u00eene des changements de personnel\",\"author\":{\"@id\":\"https:\\\/\\\/www.immo-invest.ch\\\/fr\\\/author\\\/immovestuser\\\/#author\"},\"publisher\":{\"@id\":\"https:\\\/\\\/www.immo-invest.ch\\\/fr\\\/#organization\"},\"image\":{\"@type\":\"ImageObject\",\"url\":\"https:\\\/\\\/www.immo-invest.ch\\\/wp-content\\\/uploads\\\/2025\\\/05\\\/immo-invest-personen-energie-unternehmen-fuehrungswechsel-restruktierung-energiewirtschaft.png\",\"width\":1536,\"height\":768},\"datePublished\":\"2025-05-26T14:00:00+02:00\",\"dateModified\":\"2025-05-27T12:56:14+02:00\",\"inLanguage\":\"fr-FR\",\"mainEntityOfPage\":{\"@id\":\"https:\\\/\\\/www.immo-invest.ch\\\/fr\\\/strategieanpassung-bringt-personelle-veraenderungen\\\/#webpage\"},\"isPartOf\":{\"@id\":\"https:\\\/\\\/www.immo-invest.ch\\\/fr\\\/strategieanpassung-bringt-personelle-veraenderungen\\\/#webpage\"},\"articleSection\":\"\\u00c9nergie, Entreprise, Gens, immoKolumne, immoNews, Romandie, Trends, Energiewirtschaft, F\\u00fchrungswechsel, Immoinvest, \\u00cfmmoinvest, immoNews, News, Restrukturierung, Facultatif\"},{\"@type\":\"BreadcrumbList\",\"@id\":\"https:\\\/\\\/www.immo-invest.ch\\\/fr\\\/strategieanpassung-bringt-personelle-veraenderungen\\\/#breadcrumblist\",\"itemListElement\":[{\"@type\":\"ListItem\",\"@id\":\"https:\\\/\\\/www.immo-invest.ch\\\/fr\\\/#listItem\",\"position\":1,\"name\":\"Home\",\"item\":\"https:\\\/\\\/www.immo-invest.ch\\\/fr\\\/\",\"nextItem\":{\"@type\":\"ListItem\",\"@id\":\"https:\\\/\\\/www.immo-invest.ch\\\/fr\\\/categories\\\/personnes\\\/#listItem\",\"name\":\"Personnes\"}},{\"@type\":\"ListItem\",\"@id\":\"https:\\\/\\\/www.immo-invest.ch\\\/fr\\\/categories\\\/personnes\\\/#listItem\",\"position\":2,\"name\":\"Personnes\",\"item\":\"https:\\\/\\\/www.immo-invest.ch\\\/fr\\\/categories\\\/personnes\\\/\",\"nextItem\":{\"@type\":\"ListItem\",\"@id\":\"https:\\\/\\\/www.immo-invest.ch\\\/fr\\\/categories\\\/personnes\\\/gens\\\/#listItem\",\"name\":\"Gens\"},\"previousItem\":{\"@type\":\"ListItem\",\"@id\":\"https:\\\/\\\/www.immo-invest.ch\\\/fr\\\/#listItem\",\"name\":\"Home\"}},{\"@type\":\"ListItem\",\"@id\":\"https:\\\/\\\/www.immo-invest.ch\\\/fr\\\/categories\\\/personnes\\\/gens\\\/#listItem\",\"position\":3,\"name\":\"Gens\",\"item\":\"https:\\\/\\\/www.immo-invest.ch\\\/fr\\\/categories\\\/personnes\\\/gens\\\/\",\"nextItem\":{\"@type\":\"ListItem\",\"@id\":\"https:\\\/\\\/www.immo-invest.ch\\\/fr\\\/strategieanpassung-bringt-personelle-veraenderungen\\\/#listItem\",\"name\":\"L&rsquo;adaptation de la strat\\u00e9gie entra\\u00eene des changements de personnel\"},\"previousItem\":{\"@type\":\"ListItem\",\"@id\":\"https:\\\/\\\/www.immo-invest.ch\\\/fr\\\/categories\\\/personnes\\\/#listItem\",\"name\":\"Personnes\"}},{\"@type\":\"ListItem\",\"@id\":\"https:\\\/\\\/www.immo-invest.ch\\\/fr\\\/strategieanpassung-bringt-personelle-veraenderungen\\\/#listItem\",\"position\":4,\"name\":\"L&rsquo;adaptation de la strat\\u00e9gie entra\\u00eene des changements de personnel\",\"previousItem\":{\"@type\":\"ListItem\",\"@id\":\"https:\\\/\\\/www.immo-invest.ch\\\/fr\\\/categories\\\/personnes\\\/gens\\\/#listItem\",\"name\":\"Gens\"}}]},{\"@type\":\"Organization\",\"@id\":\"https:\\\/\\\/www.immo-invest.ch\\\/fr\\\/#organization\",\"name\":\"immo!nvest - Die Plattform f\\u00fcr Standorte und Immobilien\",\"description\":\"Die\\u00a0Plattform f\\u00fcr Standorte und Immobilien\",\"url\":\"https:\\\/\\\/www.immo-invest.ch\\\/fr\\\/\",\"email\":\"admin@immomedia.ag\",\"telephone\":\"+41444420002\",\"logo\":{\"@type\":\"ImageObject\",\"url\":\"https:\\\/\\\/www.immo-invest.ch\\\/wp-content\\\/uploads\\\/2024\\\/09\\\/immoinvest_sm-scaled.jpg\",\"@id\":\"https:\\\/\\\/www.immo-invest.ch\\\/fr\\\/strategieanpassung-bringt-personelle-veraenderungen\\\/#organizationLogo\",\"width\":2560,\"height\":1340},\"image\":{\"@id\":\"https:\\\/\\\/www.immo-invest.ch\\\/fr\\\/strategieanpassung-bringt-personelle-veraenderungen\\\/#organizationLogo\"},\"sameAs\":[\"https:\\\/\\\/www.facebook.com\\\/people\\\/Immoinvest\\\/100077962920504\\\/\",\"https:\\\/\\\/x.com\\\/i\\\/flow\\\/login?redirect_after_login=immoinvest_ch\",\"https:\\\/\\\/www.instagram.com\\\/immoinvest_ch\\\/\",\"https:\\\/\\\/www.linkedin.com\\\/company\\\/immoinvest-swiss\"]},{\"@type\":\"Person\",\"@id\":\"https:\\\/\\\/www.immo-invest.ch\\\/fr\\\/author\\\/immovestuser\\\/#author\",\"url\":\"https:\\\/\\\/www.immo-invest.ch\\\/fr\\\/author\\\/immovestuser\\\/\",\"name\":\"immovestuser\",\"image\":{\"@type\":\"ImageObject\",\"@id\":\"https:\\\/\\\/www.immo-invest.ch\\\/fr\\\/strategieanpassung-bringt-personelle-veraenderungen\\\/#authorImage\",\"url\":\"https:\\\/\\\/secure.gravatar.com\\\/avatar\\\/8e01f4d99f2eeea7a362ebb93305e1172a70e9293ba250f897a65c39f54cdd1e?s=96&d=mm&r=g\",\"width\":96,\"height\":96,\"caption\":\"immovestuser\"}},{\"@type\":\"WebPage\",\"@id\":\"https:\\\/\\\/www.immo-invest.ch\\\/fr\\\/strategieanpassung-bringt-personelle-veraenderungen\\\/#webpage\",\"url\":\"https:\\\/\\\/www.immo-invest.ch\\\/fr\\\/strategieanpassung-bringt-personelle-veraenderungen\\\/\",\"name\":\"L\\u2019adaptation de la strat\\u00e9gie entra\\u00eene des changements de personnel - immo!nvest - Die Plattform f\\u00fcr Standorte und Immobilien\",\"description\":\"Jacques Mauron d\\u00e9missionne avec effet imm\\u00e9diat de son poste de directeur g\\u00e9n\\u00e9ral de Groupe E. Il r\\u00e9agit ainsi \\u00e0 la restructuration strat\\u00e9gique du fournisseur d'\\u00e9nergie fribourgeois, qui se traduit \\u00e9galement par 168 licenciements \\u00e0 la direction Technique et Infrastructure. Alain Sapin est devenu directeur g\\u00e9n\\u00e9ral ad interim.\",\"inLanguage\":\"fr-FR\",\"isPartOf\":{\"@id\":\"https:\\\/\\\/www.immo-invest.ch\\\/fr\\\/#website\"},\"breadcrumb\":{\"@id\":\"https:\\\/\\\/www.immo-invest.ch\\\/fr\\\/strategieanpassung-bringt-personelle-veraenderungen\\\/#breadcrumblist\"},\"author\":{\"@id\":\"https:\\\/\\\/www.immo-invest.ch\\\/fr\\\/author\\\/immovestuser\\\/#author\"},\"creator\":{\"@id\":\"https:\\\/\\\/www.immo-invest.ch\\\/fr\\\/author\\\/immovestuser\\\/#author\"},\"image\":{\"@type\":\"ImageObject\",\"url\":\"https:\\\/\\\/www.immo-invest.ch\\\/wp-content\\\/uploads\\\/2025\\\/05\\\/immo-invest-personen-energie-unternehmen-fuehrungswechsel-restruktierung-energiewirtschaft.png\",\"@id\":\"https:\\\/\\\/www.immo-invest.ch\\\/fr\\\/strategieanpassung-bringt-personelle-veraenderungen\\\/#mainImage\",\"width\":1536,\"height\":768},\"primaryImageOfPage\":{\"@id\":\"https:\\\/\\\/www.immo-invest.ch\\\/fr\\\/strategieanpassung-bringt-personelle-veraenderungen\\\/#mainImage\"},\"datePublished\":\"2025-05-26T14:00:00+02:00\",\"dateModified\":\"2025-05-27T12:56:14+02:00\"},{\"@type\":\"WebSite\",\"@id\":\"https:\\\/\\\/www.immo-invest.ch\\\/fr\\\/#website\",\"url\":\"https:\\\/\\\/www.immo-invest.ch\\\/fr\\\/\",\"name\":\"immo!nvest - Die Plattform f\\u00fcr Standorte und Immobilien\",\"description\":\"Die\\u00a0Plattform f\\u00fcr Standorte und Immobilien\",\"inLanguage\":\"fr-FR\",\"publisher\":{\"@id\":\"https:\\\/\\\/www.immo-invest.ch\\\/fr\\\/#organization\"}}]}\n\t\t<\/script>\n\t\t<!-- All in One SEO -->\n\n","aioseo_head_json":{"title":"L\u2019adaptation de la strat\u00e9gie entra\u00eene des changements de personnel - immo!nvest - Die Plattform f\u00fcr Standorte und Immobilien","description":"Jacques Mauron d\u00e9missionne avec effet imm\u00e9diat de son poste de directeur g\u00e9n\u00e9ral de Groupe E. Il r\u00e9agit ainsi \u00e0 la restructuration strat\u00e9gique du fournisseur d'\u00e9nergie fribourgeois, qui se traduit \u00e9galement par 168 licenciements \u00e0 la direction Technique et Infrastructure. Alain Sapin est devenu directeur g\u00e9n\u00e9ral ad interim.","canonical_url":"https:\/\/www.immo-invest.ch\/fr\/strategieanpassung-bringt-personelle-veraenderungen\/","robots":"max-image-preview:large","keywords":"","webmasterTools":{"google-site-verification":"fHJKvgWpZCR2zVBHWfkQeFXC11qieUSff0HGNYfuyLA","miscellaneous":""},"schema":{"@context":"https:\/\/schema.org","@graph":[{"@type":"BlogPosting","@id":"https:\/\/www.immo-invest.ch\/fr\/strategieanpassung-bringt-personelle-veraenderungen\/#blogposting","name":"L\u2019adaptation de la strat\u00e9gie entra\u00eene des changements de personnel - immo!nvest - Die Plattform f\u00fcr Standorte und Immobilien","headline":"L&rsquo;adaptation de la strat\u00e9gie entra\u00eene des changements de personnel","author":{"@id":"https:\/\/www.immo-invest.ch\/fr\/author\/immovestuser\/#author"},"publisher":{"@id":"https:\/\/www.immo-invest.ch\/fr\/#organization"},"image":{"@type":"ImageObject","url":"https:\/\/www.immo-invest.ch\/wp-content\/uploads\/2025\/05\/immo-invest-personen-energie-unternehmen-fuehrungswechsel-restruktierung-energiewirtschaft.png","width":1536,"height":768},"datePublished":"2025-05-26T14:00:00+02:00","dateModified":"2025-05-27T12:56:14+02:00","inLanguage":"fr-FR","mainEntityOfPage":{"@id":"https:\/\/www.immo-invest.ch\/fr\/strategieanpassung-bringt-personelle-veraenderungen\/#webpage"},"isPartOf":{"@id":"https:\/\/www.immo-invest.ch\/fr\/strategieanpassung-bringt-personelle-veraenderungen\/#webpage"},"articleSection":"\u00c9nergie, Entreprise, Gens, immoKolumne, immoNews, Romandie, Trends, Energiewirtschaft, F\u00fchrungswechsel, Immoinvest, \u00cfmmoinvest, immoNews, News, Restrukturierung, Facultatif"},{"@type":"BreadcrumbList","@id":"https:\/\/www.immo-invest.ch\/fr\/strategieanpassung-bringt-personelle-veraenderungen\/#breadcrumblist","itemListElement":[{"@type":"ListItem","@id":"https:\/\/www.immo-invest.ch\/fr\/#listItem","position":1,"name":"Home","item":"https:\/\/www.immo-invest.ch\/fr\/","nextItem":{"@type":"ListItem","@id":"https:\/\/www.immo-invest.ch\/fr\/categories\/personnes\/#listItem","name":"Personnes"}},{"@type":"ListItem","@id":"https:\/\/www.immo-invest.ch\/fr\/categories\/personnes\/#listItem","position":2,"name":"Personnes","item":"https:\/\/www.immo-invest.ch\/fr\/categories\/personnes\/","nextItem":{"@type":"ListItem","@id":"https:\/\/www.immo-invest.ch\/fr\/categories\/personnes\/gens\/#listItem","name":"Gens"},"previousItem":{"@type":"ListItem","@id":"https:\/\/www.immo-invest.ch\/fr\/#listItem","name":"Home"}},{"@type":"ListItem","@id":"https:\/\/www.immo-invest.ch\/fr\/categories\/personnes\/gens\/#listItem","position":3,"name":"Gens","item":"https:\/\/www.immo-invest.ch\/fr\/categories\/personnes\/gens\/","nextItem":{"@type":"ListItem","@id":"https:\/\/www.immo-invest.ch\/fr\/strategieanpassung-bringt-personelle-veraenderungen\/#listItem","name":"L&rsquo;adaptation de la strat\u00e9gie entra\u00eene des changements de personnel"},"previousItem":{"@type":"ListItem","@id":"https:\/\/www.immo-invest.ch\/fr\/categories\/personnes\/#listItem","name":"Personnes"}},{"@type":"ListItem","@id":"https:\/\/www.immo-invest.ch\/fr\/strategieanpassung-bringt-personelle-veraenderungen\/#listItem","position":4,"name":"L&rsquo;adaptation de la strat\u00e9gie entra\u00eene des changements de personnel","previousItem":{"@type":"ListItem","@id":"https:\/\/www.immo-invest.ch\/fr\/categories\/personnes\/gens\/#listItem","name":"Gens"}}]},{"@type":"Organization","@id":"https:\/\/www.immo-invest.ch\/fr\/#organization","name":"immo!nvest - Die Plattform f\u00fcr Standorte und Immobilien","description":"Die\u00a0Plattform f\u00fcr Standorte und Immobilien","url":"https:\/\/www.immo-invest.ch\/fr\/","email":"admin@immomedia.ag","telephone":"+41444420002","logo":{"@type":"ImageObject","url":"https:\/\/www.immo-invest.ch\/wp-content\/uploads\/2024\/09\/immoinvest_sm-scaled.jpg","@id":"https:\/\/www.immo-invest.ch\/fr\/strategieanpassung-bringt-personelle-veraenderungen\/#organizationLogo","width":2560,"height":1340},"image":{"@id":"https:\/\/www.immo-invest.ch\/fr\/strategieanpassung-bringt-personelle-veraenderungen\/#organizationLogo"},"sameAs":["https:\/\/www.facebook.com\/people\/Immoinvest\/100077962920504\/","https:\/\/x.com\/i\/flow\/login?redirect_after_login=immoinvest_ch","https:\/\/www.instagram.com\/immoinvest_ch\/","https:\/\/www.linkedin.com\/company\/immoinvest-swiss"]},{"@type":"Person","@id":"https:\/\/www.immo-invest.ch\/fr\/author\/immovestuser\/#author","url":"https:\/\/www.immo-invest.ch\/fr\/author\/immovestuser\/","name":"immovestuser","image":{"@type":"ImageObject","@id":"https:\/\/www.immo-invest.ch\/fr\/strategieanpassung-bringt-personelle-veraenderungen\/#authorImage","url":"https:\/\/secure.gravatar.com\/avatar\/8e01f4d99f2eeea7a362ebb93305e1172a70e9293ba250f897a65c39f54cdd1e?s=96&d=mm&r=g","width":96,"height":96,"caption":"immovestuser"}},{"@type":"WebPage","@id":"https:\/\/www.immo-invest.ch\/fr\/strategieanpassung-bringt-personelle-veraenderungen\/#webpage","url":"https:\/\/www.immo-invest.ch\/fr\/strategieanpassung-bringt-personelle-veraenderungen\/","name":"L\u2019adaptation de la strat\u00e9gie entra\u00eene des changements de personnel - immo!nvest - Die Plattform f\u00fcr Standorte und Immobilien","description":"Jacques Mauron d\u00e9missionne avec effet imm\u00e9diat de son poste de directeur g\u00e9n\u00e9ral de Groupe E. Il r\u00e9agit ainsi \u00e0 la restructuration strat\u00e9gique du fournisseur d'\u00e9nergie fribourgeois, qui se traduit \u00e9galement par 168 licenciements \u00e0 la direction Technique et Infrastructure. Alain Sapin est devenu directeur g\u00e9n\u00e9ral ad interim.","inLanguage":"fr-FR","isPartOf":{"@id":"https:\/\/www.immo-invest.ch\/fr\/#website"},"breadcrumb":{"@id":"https:\/\/www.immo-invest.ch\/fr\/strategieanpassung-bringt-personelle-veraenderungen\/#breadcrumblist"},"author":{"@id":"https:\/\/www.immo-invest.ch\/fr\/author\/immovestuser\/#author"},"creator":{"@id":"https:\/\/www.immo-invest.ch\/fr\/author\/immovestuser\/#author"},"image":{"@type":"ImageObject","url":"https:\/\/www.immo-invest.ch\/wp-content\/uploads\/2025\/05\/immo-invest-personen-energie-unternehmen-fuehrungswechsel-restruktierung-energiewirtschaft.png","@id":"https:\/\/www.immo-invest.ch\/fr\/strategieanpassung-bringt-personelle-veraenderungen\/#mainImage","width":1536,"height":768},"primaryImageOfPage":{"@id":"https:\/\/www.immo-invest.ch\/fr\/strategieanpassung-bringt-personelle-veraenderungen\/#mainImage"},"datePublished":"2025-05-26T14:00:00+02:00","dateModified":"2025-05-27T12:56:14+02:00"},{"@type":"WebSite","@id":"https:\/\/www.immo-invest.ch\/fr\/#website","url":"https:\/\/www.immo-invest.ch\/fr\/","name":"immo!nvest - Die Plattform f\u00fcr Standorte und Immobilien","description":"Die\u00a0Plattform f\u00fcr Standorte und Immobilien","inLanguage":"fr-FR","publisher":{"@id":"https:\/\/www.immo-invest.ch\/fr\/#organization"}}]},"og:locale":"fr_FR","og:site_name":"immo!nvest - Die Plattform f\u00fcr Standorte und Immobilien - Die\u00a0Plattform f\u00fcr Standorte und Immobilien","og:type":"article","og:title":"L\u2019adaptation de la strat\u00e9gie entra\u00eene des changements de personnel - immo!nvest - Die Plattform f\u00fcr Standorte und Immobilien","og:description":"Jacques Mauron d\u00e9missionne avec effet imm\u00e9diat de son poste de directeur g\u00e9n\u00e9ral de Groupe E. Il r\u00e9agit ainsi \u00e0 la restructuration strat\u00e9gique du fournisseur d'\u00e9nergie fribourgeois, qui se traduit \u00e9galement par 168 licenciements \u00e0 la direction Technique et Infrastructure. Alain Sapin est devenu directeur g\u00e9n\u00e9ral ad interim.","og:url":"https:\/\/www.immo-invest.ch\/fr\/strategieanpassung-bringt-personelle-veraenderungen\/","og:image":"https:\/\/www.immo-invest.ch\/wp-content\/uploads\/2025\/05\/immo-invest-personen-energie-unternehmen-fuehrungswechsel-restruktierung-energiewirtschaft.png","og:image:secure_url":"https:\/\/www.immo-invest.ch\/wp-content\/uploads\/2025\/05\/immo-invest-personen-energie-unternehmen-fuehrungswechsel-restruktierung-energiewirtschaft.png","og:image:width":1536,"og:image:height":768,"article:published_time":"2025-05-26T12:00:00+00:00","article:modified_time":"2025-05-27T10:56:14+00:00","article:publisher":"https:\/\/www.facebook.com\/people\/Immoinvest\/100077962920504\/","twitter:card":"summary_large_image","twitter:site":"@i","twitter:title":"L\u2019adaptation de la strat\u00e9gie entra\u00eene des changements de personnel - immo!nvest - Die Plattform f\u00fcr Standorte und Immobilien","twitter:description":"Jacques Mauron d\u00e9missionne avec effet imm\u00e9diat de son poste de directeur g\u00e9n\u00e9ral de Groupe E. Il r\u00e9agit ainsi \u00e0 la restructuration strat\u00e9gique du fournisseur d'\u00e9nergie fribourgeois, qui se traduit \u00e9galement par 168 licenciements \u00e0 la direction Technique et Infrastructure. Alain Sapin est devenu directeur g\u00e9n\u00e9ral ad interim.","twitter:creator":"@i","twitter:image":"https:\/\/www.immo-invest.ch\/wp-content\/uploads\/2025\/05\/immo-invest-personen-energie-unternehmen-fuehrungswechsel-restruktierung-energiewirtschaft.png"},"aioseo_meta_data":{"post_id":"132631","title":null,"description":null,"keywords":null,"keyphrases":{"focus":{"keyphrase":"","score":0,"analysis":{"keyphraseInTitle":{"score":0,"maxScore":9,"error":1}}},"additional":[]},"primary_term":null,"canonical_url":null,"og_title":null,"og_description":null,"og_object_type":"default","og_image_type":"default","og_image_url":null,"og_image_width":null,"og_image_height":null,"og_image_custom_url":null,"og_image_custom_fields":null,"og_video":"","og_custom_url":null,"og_article_section":null,"og_article_tags":null,"twitter_use_og":false,"twitter_card":"default","twitter_image_type":"default","twitter_image_url":null,"twitter_image_custom_url":null,"twitter_image_custom_fields":null,"twitter_title":null,"twitter_description":null,"schema":{"blockGraphs":[],"customGraphs":[],"default":{"data":{"Article":[],"Course":[],"Dataset":[],"FAQPage":[],"Movie":[],"Person":[],"Product":[],"ProductReview":[],"Car":[],"Recipe":[],"Service":[],"SoftwareApplication":[],"WebPage":[]},"graphName":"BlogPosting","isEnabled":true},"graphs":[]},"schema_type":"default","schema_type_options":null,"pillar_content":false,"robots_default":true,"robots_noindex":false,"robots_noarchive":false,"robots_nosnippet":false,"robots_nofollow":false,"robots_noimageindex":false,"robots_noodp":false,"robots_notranslate":false,"robots_max_snippet":"-1","robots_max_videopreview":"-1","robots_max_imagepreview":"large","priority":null,"frequency":"default","local_seo":null,"breadcrumb_settings":null,"limit_modified_date":false,"ai":null,"created":"2025-05-26 07:09:19","updated":"2025-10-24 20:45:17","seo_analyzer_scan_date":null,"focus_keyword":null,"additional_keywords":null,"truseo_locale":null},"aioseo_breadcrumb":"<div class=\"aioseo-breadcrumbs\"><span class=\"aioseo-breadcrumb\">\n\t\t\t<a href=\"https:\/\/www.immo-invest.ch\/fr\/\" title=\"Home\">Home<\/a>\n\t\t<\/span><span class=\"aioseo-breadcrumb-separator\">&raquo;<\/span><span class=\"aioseo-breadcrumb\">\n\t\t\t<a href=\"https:\/\/www.immo-invest.ch\/fr\/categories\/personnes\/\" title=\"Personnes\">Personnes<\/a>\n\t\t<\/span><span class=\"aioseo-breadcrumb-separator\">&raquo;<\/span><span class=\"aioseo-breadcrumb\">\n\t\t\t<a href=\"https:\/\/www.immo-invest.ch\/fr\/categories\/personnes\/gens\/\" title=\"Gens\">Gens<\/a>\n\t\t<\/span><span class=\"aioseo-breadcrumb-separator\">&raquo;<\/span><span class=\"aioseo-breadcrumb\">\n\t\t\tL\u2019adaptation de la strat\u00e9gie entra\u00eene des changements de personnel\n\t\t<\/span><\/div>","aioseo_breadcrumb_json":[{"label":"Home","link":"https:\/\/www.immo-invest.ch\/fr\/"},{"label":"Personnes","link":"https:\/\/www.immo-invest.ch\/fr\/categories\/personnes\/"},{"label":"Gens","link":"https:\/\/www.immo-invest.ch\/fr\/categories\/personnes\/gens\/"},{"label":"L&rsquo;adaptation de la strat\u00e9gie entra\u00eene des changements de personnel","link":"https:\/\/www.immo-invest.ch\/fr\/strategieanpassung-bringt-personelle-veraenderungen\/"}],"featured_image_src":"https:\/\/www.immo-invest.ch\/wp-content\/uploads\/2025\/05\/immo-invest-personen-energie-unternehmen-fuehrungswechsel-restruktierung-energiewirtschaft-336x168.png","_links":{"self":[{"href":"https:\/\/www.immo-invest.ch\/fr\/wp-json\/wp\/v2\/posts\/132631","targetHints":{"allow":["GET"]}}],"collection":[{"href":"https:\/\/www.immo-invest.ch\/fr\/wp-json\/wp\/v2\/posts"}],"about":[{"href":"https:\/\/www.immo-invest.ch\/fr\/wp-json\/wp\/v2\/types\/post"}],"author":[{"embeddable":true,"href":"https:\/\/www.immo-invest.ch\/fr\/wp-json\/wp\/v2\/users\/2"}],"replies":[{"embeddable":true,"href":"https:\/\/www.immo-invest.ch\/fr\/wp-json\/wp\/v2\/comments?post=132631"}],"version-history":[{"count":0,"href":"https:\/\/www.immo-invest.ch\/fr\/wp-json\/wp\/v2\/posts\/132631\/revisions"}],"wp:featuredmedia":[{"embeddable":true,"href":"https:\/\/www.immo-invest.ch\/fr\/wp-json\/wp\/v2\/media\/132626"}],"wp:attachment":[{"href":"https:\/\/www.immo-invest.ch\/fr\/wp-json\/wp\/v2\/media?parent=132631"}],"wp:term":[{"taxonomy":"category","embeddable":true,"href":"https:\/\/www.immo-invest.ch\/fr\/wp-json\/wp\/v2\/categories?post=132631"},{"taxonomy":"post_tag","embeddable":true,"href":"https:\/\/www.immo-invest.ch\/fr\/wp-json\/wp\/v2\/tags?post=132631"}],"curies":[{"name":"wp","href":"https:\/\/api.w.org\/{rel}","templated":true}]}}