{"id":132551,"date":"2025-05-30T11:07:10","date_gmt":"2025-05-30T09:07:10","guid":{"rendered":"https:\/\/www.immo-invest.ch\/?p=132551"},"modified":"2025-05-23T11:54:02","modified_gmt":"2025-05-23T09:54:02","slug":"regionale-unternehmen-im-rampenlicht-der-preisverleihung-zentralschweiz","status":"publish","type":"post","link":"https:\/\/www.immo-invest.ch\/fr\/regionale-unternehmen-im-rampenlicht-der-preisverleihung-zentralschweiz\/","title":{"rendered":"Les entreprises r\u00e9gionales sous les feux de la rampe lors de la remise des prix de la Suisse centrale"},"content":{"rendered":"<p class=\"bodytext\"><a href=\"https:\/\/www.obrist-interior.ch\/home\" target=\"_blank\" rel=\"noopener\">Obrist interior<\/a> est le vainqueur du <a href=\"https:\/\/svc.swiss\/de\/event\/prix-svc-zentralschweiz-2025\" target=\"_blank\" rel=\"noopener\">Prix SVC Zentralschweiz 2025<\/a>. La PME d&rsquo;Inwil, fond&eacute;e en 1895, est sp&eacute;cialis&eacute;e dans l&rsquo;am&eacute;nagement de magasins et l&rsquo;agencement int&eacute;rieur haut de gamme. Selon un <a href=\"https:\/\/svc.swiss\/de\/event\/prix-svc-zentralschweiz-2025\" target=\"_blank\" rel=\"noopener\">communiqu&eacute;<\/a> du Swiss Venture Club<a href=\"http:\/\/svc.swiss\/de\" target=\"_blank\" rel=\"noopener\">(SVC<\/a>), elle r&eacute;alise dans le monde entier, avec quelque 120 sp&eacute;cialistes, des int&eacute;rieurs exceptionnels pour des marques de luxe, des espaces commerciaux et des habitations priv&eacute;es. Comme l&rsquo;a soulign&eacute; Urban Camenzind, pr&eacute;sident du jury et directeur de l&rsquo;&eacute;conomie publique du canton d&rsquo;Uri, lors de la remise du prix, le jury d&rsquo;experts a &eacute;t&eacute; &laquo;&nbsp;impressionn&eacute; par l&rsquo;alliance r&eacute;ussie de l&rsquo;artisanat traditionnel et des techniques les plus modernes. En &eacute;troite collaboration, les conseillers client&egrave;le, les chefs de projet, les planificateurs et les sp&eacute;cialistes de la production transforment les mat&eacute;riaux les plus divers, tels que le bois, le m&eacute;tal et le verre, en agencements de magasins et d&rsquo;int&eacute;rieurs de grande qualit&eacute; &ndash; de v&eacute;ritables &oelig;uvres d&rsquo;art, cr&eacute;&eacute;es en Suisse centrale pour le march&eacute; mondial&nbsp;&raquo;<\/p>\n<p class=\"bodytext\">La deuxi&egrave;me place a &eacute;t&eacute; attribu&eacute;e au <a href=\"https:\/\/www.axonactive.group\/\" target=\"_blank\" rel=\"noopener\">groupe Axon Active<\/a> de Lucerne. Elle aide les entreprises et les organisations de diff&eacute;rents secteurs &agrave; transformer et &agrave; optimiser leurs processus commerciaux gr&acirc;ce &agrave; des solutions num&eacute;riques &eacute;volutives. L&rsquo;entreprise se distingue par son agilit&eacute;, sa durabilit&eacute; et sa proximit&eacute; avec les clients, a jug&eacute; le jury du SVC.<\/p>\n<p class=\"bodytext\">La troisi&egrave;me place est revenue &agrave; <a href=\"https:\/\/www.schiltrac.ch\/\" target=\"_blank\" rel=\"noopener\">Schiltrac Fahrzeugbau<\/a>. Cette entreprise de Buochs construit des transporteurs sp&eacute;ciaux personnalis&eacute;s pour diff&eacute;rentes applications, des v&eacute;hicules agricoles et communaux aux camions de pompiers. Selon l&rsquo;USC, Schiltrac est connu pour sa grande qualit&eacute; de fabrication et sa flexibilit&eacute;.<\/p>\n<p class=\"bodytext\"><a href=\"https:\/\/www.stadlerform.com\/de-de\" target=\"_blank\" rel=\"noopener\">Stadler Form<\/a> de Zoug et <a href=\"https:\/\/impactacoustic.com\/de\" target=\"_blank\" rel=\"noopener\">Impact Acoustic<\/a> de Lucerne ont &eacute;galement &eacute;t&eacute; r&eacute;compens&eacute;s. Stadler Form optimise le climat int&eacute;rieur avec ses humidificateurs, d&eacute;shumidificateurs et diffuseurs d&rsquo;ar&ocirc;mes. Impact Acoustic d&eacute;veloppe des produits recyclables qui am&eacute;liorent l&rsquo;acoustique des bureaux, des restaurants, des h&ocirc;tels et des b&acirc;timents publics.<\/p>\n","protected":false},"excerpt":{"rendered":"<p>Le sp\u00e9cialiste de l&rsquo;am\u00e9nagement de magasins et de l&rsquo;agencement int\u00e9rieur OBRIST interior, bas\u00e9 \u00e0 Inwil, s&rsquo;est vu d\u00e9cerner cette ann\u00e9e le Prix SVC Zentralschweiz. La deuxi\u00e8me place est occup\u00e9e par le groupe Axon Activ de Lucerne et la troisi\u00e8me par Schiltrac Fahrzeugbau GmbH de Buochs NW.<\/p>\n","protected":false},"author":2,"featured_media":51834,"comment_status":"open","ping_status":"open","sticky":false,"template":"","format":"standard","meta":{"pmpro_default_level":"","inline_featured_image":false,"_monsterinsights_skip_tracking":false,"footnotes":""},"categories":[743,22438,8453],"tags":[],"class_list":["post-132551","post","type-post","status-publish","format-standard","has-post-thumbnail","hentry","category-immonews-fr","category-trends-fr","category-region-zentralschweiz","pmpro-has-access"],"acf":{"bild_mit_ki_erstellt_worden":[],"lead":"Le sp\u00e9cialiste de l'am\u00e9nagement de magasins et de l'agencement int\u00e9rieur OBRIST interior, bas\u00e9 \u00e0 Inwil, s'est vu d\u00e9cerner cette ann\u00e9e le Prix SVC Zentralschweiz. La deuxi\u00e8me place est occup\u00e9e par le groupe Axon Activ de Lucerne et la troisi\u00e8me par Schiltrac Fahrzeugbau GmbH de Buochs NW.","autor":"ce\/mm","ort":"Inwil LU\/Stettlen BE","bildunterschrift":"","bild_im_grid":false,"gallerie":"","newsim":""},"aioseo_notices":[],"aioseo_head":"\n\t\t<!-- All in One SEO 5.0.0.1 - aioseo.com -->\n\t<meta name=\"description\" content=\"Le sp\u00e9cialiste de l&#039;am\u00e9nagement de magasins et de l&#039;agencement int\u00e9rieur OBRIST interior, bas\u00e9 \u00e0 Inwil, s&#039;est vu d\u00e9cerner cette ann\u00e9e le Prix SVC Zentralschweiz. La deuxi\u00e8me place est occup\u00e9e par le groupe Axon Activ de Lucerne et la troisi\u00e8me par Schiltrac Fahrzeugbau GmbH de Buochs NW.\" \/>\n\t<meta name=\"robots\" content=\"max-image-preview:large\" \/>\n\t<meta name=\"author\" content=\"immovestuser\"\/>\n\t<meta name=\"google-site-verification\" content=\"fHJKvgWpZCR2zVBHWfkQeFXC11qieUSff0HGNYfuyLA\" \/>\n\t<link rel=\"canonical\" href=\"https:\/\/www.immo-invest.ch\/fr\/regionale-unternehmen-im-rampenlicht-der-preisverleihung-zentralschweiz\/\" \/>\n\t<meta name=\"generator\" content=\"All in One SEO (AIOSEO) 5.0.0.1\" \/>\n\t\t<meta property=\"og:locale\" content=\"fr_FR\" \/>\n\t\t<meta property=\"og:site_name\" content=\"immo!nvest - Die Plattform f\u00fcr Standorte und Immobilien - Die\u00a0Plattform f\u00fcr Standorte und Immobilien\" \/>\n\t\t<meta property=\"og:type\" content=\"article\" \/>\n\t\t<meta property=\"og:title\" content=\"Les entreprises r\u00e9gionales sous les feux de la rampe lors de la remise des prix de la Suisse centrale - immo!nvest - Die Plattform f\u00fcr Standorte und Immobilien\" \/>\n\t\t<meta property=\"og:description\" content=\"Le sp\u00e9cialiste de l&#039;am\u00e9nagement de magasins et de l&#039;agencement int\u00e9rieur OBRIST interior, bas\u00e9 \u00e0 Inwil, s&#039;est vu d\u00e9cerner cette ann\u00e9e le Prix SVC Zentralschweiz. La deuxi\u00e8me place est occup\u00e9e par le groupe Axon Activ de Lucerne et la troisi\u00e8me par Schiltrac Fahrzeugbau GmbH de Buochs NW.\" \/>\n\t\t<meta property=\"og:url\" content=\"https:\/\/www.immo-invest.ch\/fr\/regionale-unternehmen-im-rampenlicht-der-preisverleihung-zentralschweiz\/\" \/>\n\t\t<meta property=\"og:image\" content=\"https:\/\/www.immo-invest.ch\/wp-content\/uploads\/2023\/03\/shutterstock_1113947324_1-1-scaled.jpg\" \/>\n\t\t<meta property=\"og:image:secure_url\" content=\"https:\/\/www.immo-invest.ch\/wp-content\/uploads\/2023\/03\/shutterstock_1113947324_1-1-scaled.jpg\" \/>\n\t\t<meta property=\"og:image:width\" content=\"2560\" \/>\n\t\t<meta property=\"og:image:height\" content=\"1709\" \/>\n\t\t<meta property=\"article:published_time\" content=\"2025-05-30T09:07:10+00:00\" \/>\n\t\t<meta property=\"article:modified_time\" content=\"2025-05-23T09:54:02+00:00\" \/>\n\t\t<meta property=\"article:publisher\" content=\"https:\/\/www.facebook.com\/people\/Immoinvest\/100077962920504\/\" \/>\n\t\t<meta name=\"twitter:card\" content=\"summary_large_image\" \/>\n\t\t<meta name=\"twitter:site\" content=\"@i\" \/>\n\t\t<meta name=\"twitter:title\" content=\"Les entreprises r\u00e9gionales sous les feux de la rampe lors de la remise des prix de la Suisse centrale - immo!nvest - Die Plattform f\u00fcr Standorte und Immobilien\" \/>\n\t\t<meta name=\"twitter:description\" content=\"Le sp\u00e9cialiste de l&#039;am\u00e9nagement de magasins et de l&#039;agencement int\u00e9rieur OBRIST interior, bas\u00e9 \u00e0 Inwil, s&#039;est vu d\u00e9cerner cette ann\u00e9e le Prix SVC Zentralschweiz. La deuxi\u00e8me place est occup\u00e9e par le groupe Axon Activ de Lucerne et la troisi\u00e8me par Schiltrac Fahrzeugbau GmbH de Buochs NW.\" \/>\n\t\t<meta name=\"twitter:creator\" content=\"@i\" \/>\n\t\t<meta name=\"twitter:image\" content=\"https:\/\/www.immo-invest.ch\/wp-content\/uploads\/2023\/03\/shutterstock_1113947324_1-1-scaled.jpg\" \/>\n\t\t<script type=\"application\/ld+json\" class=\"aioseo-schema\">\n\t\t\t{\"@context\":\"https:\\\/\\\/schema.org\",\"@graph\":[{\"@type\":\"BlogPosting\",\"@id\":\"https:\\\/\\\/www.immo-invest.ch\\\/fr\\\/regionale-unternehmen-im-rampenlicht-der-preisverleihung-zentralschweiz\\\/#blogposting\",\"name\":\"Les entreprises r\\u00e9gionales sous les feux de la rampe lors de la remise des prix de la Suisse centrale - immo!nvest - Die Plattform f\\u00fcr Standorte und Immobilien\",\"headline\":\"Les entreprises r\\u00e9gionales sous les feux de la rampe lors de la remise des prix de la Suisse centrale\",\"author\":{\"@id\":\"https:\\\/\\\/www.immo-invest.ch\\\/fr\\\/author\\\/immovestuser\\\/#author\"},\"publisher\":{\"@id\":\"https:\\\/\\\/www.immo-invest.ch\\\/fr\\\/#organization\"},\"image\":{\"@type\":\"ImageObject\",\"url\":\"https:\\\/\\\/www.immo-invest.ch\\\/wp-content\\\/uploads\\\/2023\\\/03\\\/shutterstock_1113947324_1-1-scaled.jpg\",\"width\":2560,\"height\":1709},\"datePublished\":\"2025-05-30T11:07:10+02:00\",\"dateModified\":\"2025-05-23T11:54:02+02:00\",\"inLanguage\":\"fr-FR\",\"mainEntityOfPage\":{\"@id\":\"https:\\\/\\\/www.immo-invest.ch\\\/fr\\\/regionale-unternehmen-im-rampenlicht-der-preisverleihung-zentralschweiz\\\/#webpage\"},\"isPartOf\":{\"@id\":\"https:\\\/\\\/www.immo-invest.ch\\\/fr\\\/regionale-unternehmen-im-rampenlicht-der-preisverleihung-zentralschweiz\\\/#webpage\"},\"articleSection\":\"immoNews, Trends, Zentralschweiz, Facultatif\"},{\"@type\":\"BreadcrumbList\",\"@id\":\"https:\\\/\\\/www.immo-invest.ch\\\/fr\\\/regionale-unternehmen-im-rampenlicht-der-preisverleihung-zentralschweiz\\\/#breadcrumblist\",\"itemListElement\":[{\"@type\":\"ListItem\",\"@id\":\"https:\\\/\\\/www.immo-invest.ch\\\/fr\\\/#listItem\",\"position\":1,\"name\":\"Home\",\"item\":\"https:\\\/\\\/www.immo-invest.ch\\\/fr\\\/\",\"nextItem\":{\"@type\":\"ListItem\",\"@id\":\"https:\\\/\\\/www.immo-invest.ch\\\/fr\\\/categories\\\/regions\\\/#listItem\",\"name\":\"R\\u00e9gions\"}},{\"@type\":\"ListItem\",\"@id\":\"https:\\\/\\\/www.immo-invest.ch\\\/fr\\\/categories\\\/regions\\\/#listItem\",\"position\":2,\"name\":\"R\\u00e9gions\",\"item\":\"https:\\\/\\\/www.immo-invest.ch\\\/fr\\\/categories\\\/regions\\\/\",\"nextItem\":{\"@type\":\"ListItem\",\"@id\":\"https:\\\/\\\/www.immo-invest.ch\\\/fr\\\/categories\\\/regions\\\/suisse\\\/#listItem\",\"name\":\"Suisse\"},\"previousItem\":{\"@type\":\"ListItem\",\"@id\":\"https:\\\/\\\/www.immo-invest.ch\\\/fr\\\/#listItem\",\"name\":\"Home\"}},{\"@type\":\"ListItem\",\"@id\":\"https:\\\/\\\/www.immo-invest.ch\\\/fr\\\/categories\\\/regions\\\/suisse\\\/#listItem\",\"position\":3,\"name\":\"Suisse\",\"item\":\"https:\\\/\\\/www.immo-invest.ch\\\/fr\\\/categories\\\/regions\\\/suisse\\\/\",\"nextItem\":{\"@type\":\"ListItem\",\"@id\":\"https:\\\/\\\/www.immo-invest.ch\\\/fr\\\/categories\\\/regions\\\/suisse\\\/region-zentralschweiz\\\/#listItem\",\"name\":\"Zentralschweiz\"},\"previousItem\":{\"@type\":\"ListItem\",\"@id\":\"https:\\\/\\\/www.immo-invest.ch\\\/fr\\\/categories\\\/regions\\\/#listItem\",\"name\":\"R\\u00e9gions\"}},{\"@type\":\"ListItem\",\"@id\":\"https:\\\/\\\/www.immo-invest.ch\\\/fr\\\/categories\\\/regions\\\/suisse\\\/region-zentralschweiz\\\/#listItem\",\"position\":4,\"name\":\"Zentralschweiz\",\"item\":\"https:\\\/\\\/www.immo-invest.ch\\\/fr\\\/categories\\\/regions\\\/suisse\\\/region-zentralschweiz\\\/\",\"nextItem\":{\"@type\":\"ListItem\",\"@id\":\"https:\\\/\\\/www.immo-invest.ch\\\/fr\\\/regionale-unternehmen-im-rampenlicht-der-preisverleihung-zentralschweiz\\\/#listItem\",\"name\":\"Les entreprises r\\u00e9gionales sous les feux de la rampe lors de la remise des prix de la Suisse centrale\"},\"previousItem\":{\"@type\":\"ListItem\",\"@id\":\"https:\\\/\\\/www.immo-invest.ch\\\/fr\\\/categories\\\/regions\\\/suisse\\\/#listItem\",\"name\":\"Suisse\"}},{\"@type\":\"ListItem\",\"@id\":\"https:\\\/\\\/www.immo-invest.ch\\\/fr\\\/regionale-unternehmen-im-rampenlicht-der-preisverleihung-zentralschweiz\\\/#listItem\",\"position\":5,\"name\":\"Les entreprises r\\u00e9gionales sous les feux de la rampe lors de la remise des prix de la Suisse centrale\",\"previousItem\":{\"@type\":\"ListItem\",\"@id\":\"https:\\\/\\\/www.immo-invest.ch\\\/fr\\\/categories\\\/regions\\\/suisse\\\/region-zentralschweiz\\\/#listItem\",\"name\":\"Zentralschweiz\"}}]},{\"@type\":\"Organization\",\"@id\":\"https:\\\/\\\/www.immo-invest.ch\\\/fr\\\/#organization\",\"name\":\"immo!nvest - Die Plattform f\\u00fcr Standorte und Immobilien\",\"description\":\"Die\\u00a0Plattform f\\u00fcr Standorte und Immobilien\",\"url\":\"https:\\\/\\\/www.immo-invest.ch\\\/fr\\\/\",\"email\":\"admin@immomedia.ag\",\"telephone\":\"+41444420002\",\"logo\":{\"@type\":\"ImageObject\",\"url\":\"https:\\\/\\\/www.immo-invest.ch\\\/wp-content\\\/uploads\\\/2024\\\/09\\\/immoinvest_sm-scaled.jpg\",\"@id\":\"https:\\\/\\\/www.immo-invest.ch\\\/fr\\\/regionale-unternehmen-im-rampenlicht-der-preisverleihung-zentralschweiz\\\/#organizationLogo\",\"width\":2560,\"height\":1340},\"image\":{\"@id\":\"https:\\\/\\\/www.immo-invest.ch\\\/fr\\\/regionale-unternehmen-im-rampenlicht-der-preisverleihung-zentralschweiz\\\/#organizationLogo\"},\"sameAs\":[\"https:\\\/\\\/www.facebook.com\\\/people\\\/Immoinvest\\\/100077962920504\\\/\",\"https:\\\/\\\/x.com\\\/i\\\/flow\\\/login?redirect_after_login=immoinvest_ch\",\"https:\\\/\\\/www.instagram.com\\\/immoinvest_ch\\\/\",\"https:\\\/\\\/www.linkedin.com\\\/company\\\/immoinvest-swiss\"]},{\"@type\":\"Person\",\"@id\":\"https:\\\/\\\/www.immo-invest.ch\\\/fr\\\/author\\\/immovestuser\\\/#author\",\"url\":\"https:\\\/\\\/www.immo-invest.ch\\\/fr\\\/author\\\/immovestuser\\\/\",\"name\":\"immovestuser\",\"image\":{\"@type\":\"ImageObject\",\"@id\":\"https:\\\/\\\/www.immo-invest.ch\\\/fr\\\/regionale-unternehmen-im-rampenlicht-der-preisverleihung-zentralschweiz\\\/#authorImage\",\"url\":\"https:\\\/\\\/secure.gravatar.com\\\/avatar\\\/8e01f4d99f2eeea7a362ebb93305e1172a70e9293ba250f897a65c39f54cdd1e?s=96&d=mm&r=g\",\"width\":96,\"height\":96,\"caption\":\"immovestuser\"}},{\"@type\":\"WebPage\",\"@id\":\"https:\\\/\\\/www.immo-invest.ch\\\/fr\\\/regionale-unternehmen-im-rampenlicht-der-preisverleihung-zentralschweiz\\\/#webpage\",\"url\":\"https:\\\/\\\/www.immo-invest.ch\\\/fr\\\/regionale-unternehmen-im-rampenlicht-der-preisverleihung-zentralschweiz\\\/\",\"name\":\"Les entreprises r\\u00e9gionales sous les feux de la rampe lors de la remise des prix de la Suisse centrale - immo!nvest - Die Plattform f\\u00fcr Standorte und Immobilien\",\"description\":\"Le sp\\u00e9cialiste de l'am\\u00e9nagement de magasins et de l'agencement int\\u00e9rieur OBRIST interior, bas\\u00e9 \\u00e0 Inwil, s'est vu d\\u00e9cerner cette ann\\u00e9e le Prix SVC Zentralschweiz. La deuxi\\u00e8me place est occup\\u00e9e par le groupe Axon Activ de Lucerne et la troisi\\u00e8me par Schiltrac Fahrzeugbau GmbH de Buochs NW.\",\"inLanguage\":\"fr-FR\",\"isPartOf\":{\"@id\":\"https:\\\/\\\/www.immo-invest.ch\\\/fr\\\/#website\"},\"breadcrumb\":{\"@id\":\"https:\\\/\\\/www.immo-invest.ch\\\/fr\\\/regionale-unternehmen-im-rampenlicht-der-preisverleihung-zentralschweiz\\\/#breadcrumblist\"},\"author\":{\"@id\":\"https:\\\/\\\/www.immo-invest.ch\\\/fr\\\/author\\\/immovestuser\\\/#author\"},\"creator\":{\"@id\":\"https:\\\/\\\/www.immo-invest.ch\\\/fr\\\/author\\\/immovestuser\\\/#author\"},\"image\":{\"@type\":\"ImageObject\",\"url\":\"https:\\\/\\\/www.immo-invest.ch\\\/wp-content\\\/uploads\\\/2023\\\/03\\\/shutterstock_1113947324_1-1-scaled.jpg\",\"@id\":\"https:\\\/\\\/www.immo-invest.ch\\\/fr\\\/regionale-unternehmen-im-rampenlicht-der-preisverleihung-zentralschweiz\\\/#mainImage\",\"width\":2560,\"height\":1709},\"primaryImageOfPage\":{\"@id\":\"https:\\\/\\\/www.immo-invest.ch\\\/fr\\\/regionale-unternehmen-im-rampenlicht-der-preisverleihung-zentralschweiz\\\/#mainImage\"},\"datePublished\":\"2025-05-30T11:07:10+02:00\",\"dateModified\":\"2025-05-23T11:54:02+02:00\"},{\"@type\":\"WebSite\",\"@id\":\"https:\\\/\\\/www.immo-invest.ch\\\/fr\\\/#website\",\"url\":\"https:\\\/\\\/www.immo-invest.ch\\\/fr\\\/\",\"name\":\"immo!nvest - Die Plattform f\\u00fcr Standorte und Immobilien\",\"description\":\"Die\\u00a0Plattform f\\u00fcr Standorte und Immobilien\",\"inLanguage\":\"fr-FR\",\"publisher\":{\"@id\":\"https:\\\/\\\/www.immo-invest.ch\\\/fr\\\/#organization\"}}]}\n\t\t<\/script>\n\t\t<!-- All in One SEO -->\n\n","aioseo_head_json":{"title":"Les entreprises r\u00e9gionales sous les feux de la rampe lors de la remise des prix de la Suisse centrale - immo!nvest - Die Plattform f\u00fcr Standorte und Immobilien","description":"Le sp\u00e9cialiste de l'am\u00e9nagement de magasins et de l'agencement int\u00e9rieur OBRIST interior, bas\u00e9 \u00e0 Inwil, s'est vu d\u00e9cerner cette ann\u00e9e le Prix SVC Zentralschweiz. La deuxi\u00e8me place est occup\u00e9e par le groupe Axon Activ de Lucerne et la troisi\u00e8me par Schiltrac Fahrzeugbau GmbH de Buochs NW.","canonical_url":"https:\/\/www.immo-invest.ch\/fr\/regionale-unternehmen-im-rampenlicht-der-preisverleihung-zentralschweiz\/","robots":"max-image-preview:large","keywords":"","webmasterTools":{"google-site-verification":"fHJKvgWpZCR2zVBHWfkQeFXC11qieUSff0HGNYfuyLA","miscellaneous":""},"schema":{"@context":"https:\/\/schema.org","@graph":[{"@type":"BlogPosting","@id":"https:\/\/www.immo-invest.ch\/fr\/regionale-unternehmen-im-rampenlicht-der-preisverleihung-zentralschweiz\/#blogposting","name":"Les entreprises r\u00e9gionales sous les feux de la rampe lors de la remise des prix de la Suisse centrale - immo!nvest - Die Plattform f\u00fcr Standorte und Immobilien","headline":"Les entreprises r\u00e9gionales sous les feux de la rampe lors de la remise des prix de la Suisse centrale","author":{"@id":"https:\/\/www.immo-invest.ch\/fr\/author\/immovestuser\/#author"},"publisher":{"@id":"https:\/\/www.immo-invest.ch\/fr\/#organization"},"image":{"@type":"ImageObject","url":"https:\/\/www.immo-invest.ch\/wp-content\/uploads\/2023\/03\/shutterstock_1113947324_1-1-scaled.jpg","width":2560,"height":1709},"datePublished":"2025-05-30T11:07:10+02:00","dateModified":"2025-05-23T11:54:02+02:00","inLanguage":"fr-FR","mainEntityOfPage":{"@id":"https:\/\/www.immo-invest.ch\/fr\/regionale-unternehmen-im-rampenlicht-der-preisverleihung-zentralschweiz\/#webpage"},"isPartOf":{"@id":"https:\/\/www.immo-invest.ch\/fr\/regionale-unternehmen-im-rampenlicht-der-preisverleihung-zentralschweiz\/#webpage"},"articleSection":"immoNews, Trends, Zentralschweiz, Facultatif"},{"@type":"BreadcrumbList","@id":"https:\/\/www.immo-invest.ch\/fr\/regionale-unternehmen-im-rampenlicht-der-preisverleihung-zentralschweiz\/#breadcrumblist","itemListElement":[{"@type":"ListItem","@id":"https:\/\/www.immo-invest.ch\/fr\/#listItem","position":1,"name":"Home","item":"https:\/\/www.immo-invest.ch\/fr\/","nextItem":{"@type":"ListItem","@id":"https:\/\/www.immo-invest.ch\/fr\/categories\/regions\/#listItem","name":"R\u00e9gions"}},{"@type":"ListItem","@id":"https:\/\/www.immo-invest.ch\/fr\/categories\/regions\/#listItem","position":2,"name":"R\u00e9gions","item":"https:\/\/www.immo-invest.ch\/fr\/categories\/regions\/","nextItem":{"@type":"ListItem","@id":"https:\/\/www.immo-invest.ch\/fr\/categories\/regions\/suisse\/#listItem","name":"Suisse"},"previousItem":{"@type":"ListItem","@id":"https:\/\/www.immo-invest.ch\/fr\/#listItem","name":"Home"}},{"@type":"ListItem","@id":"https:\/\/www.immo-invest.ch\/fr\/categories\/regions\/suisse\/#listItem","position":3,"name":"Suisse","item":"https:\/\/www.immo-invest.ch\/fr\/categories\/regions\/suisse\/","nextItem":{"@type":"ListItem","@id":"https:\/\/www.immo-invest.ch\/fr\/categories\/regions\/suisse\/region-zentralschweiz\/#listItem","name":"Zentralschweiz"},"previousItem":{"@type":"ListItem","@id":"https:\/\/www.immo-invest.ch\/fr\/categories\/regions\/#listItem","name":"R\u00e9gions"}},{"@type":"ListItem","@id":"https:\/\/www.immo-invest.ch\/fr\/categories\/regions\/suisse\/region-zentralschweiz\/#listItem","position":4,"name":"Zentralschweiz","item":"https:\/\/www.immo-invest.ch\/fr\/categories\/regions\/suisse\/region-zentralschweiz\/","nextItem":{"@type":"ListItem","@id":"https:\/\/www.immo-invest.ch\/fr\/regionale-unternehmen-im-rampenlicht-der-preisverleihung-zentralschweiz\/#listItem","name":"Les entreprises r\u00e9gionales sous les feux de la rampe lors de la remise des prix de la Suisse centrale"},"previousItem":{"@type":"ListItem","@id":"https:\/\/www.immo-invest.ch\/fr\/categories\/regions\/suisse\/#listItem","name":"Suisse"}},{"@type":"ListItem","@id":"https:\/\/www.immo-invest.ch\/fr\/regionale-unternehmen-im-rampenlicht-der-preisverleihung-zentralschweiz\/#listItem","position":5,"name":"Les entreprises r\u00e9gionales sous les feux de la rampe lors de la remise des prix de la Suisse centrale","previousItem":{"@type":"ListItem","@id":"https:\/\/www.immo-invest.ch\/fr\/categories\/regions\/suisse\/region-zentralschweiz\/#listItem","name":"Zentralschweiz"}}]},{"@type":"Organization","@id":"https:\/\/www.immo-invest.ch\/fr\/#organization","name":"immo!nvest - Die Plattform f\u00fcr Standorte und Immobilien","description":"Die\u00a0Plattform f\u00fcr Standorte und Immobilien","url":"https:\/\/www.immo-invest.ch\/fr\/","email":"admin@immomedia.ag","telephone":"+41444420002","logo":{"@type":"ImageObject","url":"https:\/\/www.immo-invest.ch\/wp-content\/uploads\/2024\/09\/immoinvest_sm-scaled.jpg","@id":"https:\/\/www.immo-invest.ch\/fr\/regionale-unternehmen-im-rampenlicht-der-preisverleihung-zentralschweiz\/#organizationLogo","width":2560,"height":1340},"image":{"@id":"https:\/\/www.immo-invest.ch\/fr\/regionale-unternehmen-im-rampenlicht-der-preisverleihung-zentralschweiz\/#organizationLogo"},"sameAs":["https:\/\/www.facebook.com\/people\/Immoinvest\/100077962920504\/","https:\/\/x.com\/i\/flow\/login?redirect_after_login=immoinvest_ch","https:\/\/www.instagram.com\/immoinvest_ch\/","https:\/\/www.linkedin.com\/company\/immoinvest-swiss"]},{"@type":"Person","@id":"https:\/\/www.immo-invest.ch\/fr\/author\/immovestuser\/#author","url":"https:\/\/www.immo-invest.ch\/fr\/author\/immovestuser\/","name":"immovestuser","image":{"@type":"ImageObject","@id":"https:\/\/www.immo-invest.ch\/fr\/regionale-unternehmen-im-rampenlicht-der-preisverleihung-zentralschweiz\/#authorImage","url":"https:\/\/secure.gravatar.com\/avatar\/8e01f4d99f2eeea7a362ebb93305e1172a70e9293ba250f897a65c39f54cdd1e?s=96&d=mm&r=g","width":96,"height":96,"caption":"immovestuser"}},{"@type":"WebPage","@id":"https:\/\/www.immo-invest.ch\/fr\/regionale-unternehmen-im-rampenlicht-der-preisverleihung-zentralschweiz\/#webpage","url":"https:\/\/www.immo-invest.ch\/fr\/regionale-unternehmen-im-rampenlicht-der-preisverleihung-zentralschweiz\/","name":"Les entreprises r\u00e9gionales sous les feux de la rampe lors de la remise des prix de la Suisse centrale - immo!nvest - Die Plattform f\u00fcr Standorte und Immobilien","description":"Le sp\u00e9cialiste de l'am\u00e9nagement de magasins et de l'agencement int\u00e9rieur OBRIST interior, bas\u00e9 \u00e0 Inwil, s'est vu d\u00e9cerner cette ann\u00e9e le Prix SVC Zentralschweiz. La deuxi\u00e8me place est occup\u00e9e par le groupe Axon Activ de Lucerne et la troisi\u00e8me par Schiltrac Fahrzeugbau GmbH de Buochs NW.","inLanguage":"fr-FR","isPartOf":{"@id":"https:\/\/www.immo-invest.ch\/fr\/#website"},"breadcrumb":{"@id":"https:\/\/www.immo-invest.ch\/fr\/regionale-unternehmen-im-rampenlicht-der-preisverleihung-zentralschweiz\/#breadcrumblist"},"author":{"@id":"https:\/\/www.immo-invest.ch\/fr\/author\/immovestuser\/#author"},"creator":{"@id":"https:\/\/www.immo-invest.ch\/fr\/author\/immovestuser\/#author"},"image":{"@type":"ImageObject","url":"https:\/\/www.immo-invest.ch\/wp-content\/uploads\/2023\/03\/shutterstock_1113947324_1-1-scaled.jpg","@id":"https:\/\/www.immo-invest.ch\/fr\/regionale-unternehmen-im-rampenlicht-der-preisverleihung-zentralschweiz\/#mainImage","width":2560,"height":1709},"primaryImageOfPage":{"@id":"https:\/\/www.immo-invest.ch\/fr\/regionale-unternehmen-im-rampenlicht-der-preisverleihung-zentralschweiz\/#mainImage"},"datePublished":"2025-05-30T11:07:10+02:00","dateModified":"2025-05-23T11:54:02+02:00"},{"@type":"WebSite","@id":"https:\/\/www.immo-invest.ch\/fr\/#website","url":"https:\/\/www.immo-invest.ch\/fr\/","name":"immo!nvest - Die Plattform f\u00fcr Standorte und Immobilien","description":"Die\u00a0Plattform f\u00fcr Standorte und Immobilien","inLanguage":"fr-FR","publisher":{"@id":"https:\/\/www.immo-invest.ch\/fr\/#organization"}}]},"og:locale":"fr_FR","og:site_name":"immo!nvest - Die Plattform f\u00fcr Standorte und Immobilien - Die\u00a0Plattform f\u00fcr Standorte und Immobilien","og:type":"article","og:title":"Les entreprises r\u00e9gionales sous les feux de la rampe lors de la remise des prix de la Suisse centrale - immo!nvest - Die Plattform f\u00fcr Standorte und Immobilien","og:description":"Le sp\u00e9cialiste de l'am\u00e9nagement de magasins et de l'agencement int\u00e9rieur OBRIST interior, bas\u00e9 \u00e0 Inwil, s'est vu d\u00e9cerner cette ann\u00e9e le Prix SVC Zentralschweiz. La deuxi\u00e8me place est occup\u00e9e par le groupe Axon Activ de Lucerne et la troisi\u00e8me par Schiltrac Fahrzeugbau GmbH de Buochs NW.","og:url":"https:\/\/www.immo-invest.ch\/fr\/regionale-unternehmen-im-rampenlicht-der-preisverleihung-zentralschweiz\/","og:image":"https:\/\/www.immo-invest.ch\/wp-content\/uploads\/2023\/03\/shutterstock_1113947324_1-1-scaled.jpg","og:image:secure_url":"https:\/\/www.immo-invest.ch\/wp-content\/uploads\/2023\/03\/shutterstock_1113947324_1-1-scaled.jpg","og:image:width":2560,"og:image:height":1709,"article:published_time":"2025-05-30T09:07:10+00:00","article:modified_time":"2025-05-23T09:54:02+00:00","article:publisher":"https:\/\/www.facebook.com\/people\/Immoinvest\/100077962920504\/","twitter:card":"summary_large_image","twitter:site":"@i","twitter:title":"Les entreprises r\u00e9gionales sous les feux de la rampe lors de la remise des prix de la Suisse centrale - immo!nvest - Die Plattform f\u00fcr Standorte und Immobilien","twitter:description":"Le sp\u00e9cialiste de l'am\u00e9nagement de magasins et de l'agencement int\u00e9rieur OBRIST interior, bas\u00e9 \u00e0 Inwil, s'est vu d\u00e9cerner cette ann\u00e9e le Prix SVC Zentralschweiz. La deuxi\u00e8me place est occup\u00e9e par le groupe Axon Activ de Lucerne et la troisi\u00e8me par Schiltrac Fahrzeugbau GmbH de Buochs NW.","twitter:creator":"@i","twitter:image":"https:\/\/www.immo-invest.ch\/wp-content\/uploads\/2023\/03\/shutterstock_1113947324_1-1-scaled.jpg"},"aioseo_meta_data":{"post_id":"132551","title":null,"description":null,"keywords":null,"keyphrases":{"focus":{"keyphrase":"","score":0,"analysis":{"keyphraseInTitle":{"score":0,"maxScore":9,"error":1}}},"additional":[]},"primary_term":null,"canonical_url":null,"og_title":null,"og_description":null,"og_object_type":"default","og_image_type":"default","og_image_url":null,"og_image_width":null,"og_image_height":null,"og_image_custom_url":null,"og_image_custom_fields":null,"og_video":"","og_custom_url":null,"og_article_section":null,"og_article_tags":null,"twitter_use_og":false,"twitter_card":"default","twitter_image_type":"default","twitter_image_url":null,"twitter_image_custom_url":null,"twitter_image_custom_fields":null,"twitter_title":null,"twitter_description":null,"schema":{"blockGraphs":[],"customGraphs":[],"default":{"data":{"Article":[],"Course":[],"Dataset":[],"FAQPage":[],"Movie":[],"Person":[],"Product":[],"ProductReview":[],"Car":[],"Recipe":[],"Service":[],"SoftwareApplication":[],"WebPage":[]},"graphName":"BlogPosting","isEnabled":true},"graphs":[]},"schema_type":"default","schema_type_options":null,"pillar_content":false,"robots_default":true,"robots_noindex":false,"robots_noarchive":false,"robots_nosnippet":false,"robots_nofollow":false,"robots_noimageindex":false,"robots_noodp":false,"robots_notranslate":false,"robots_max_snippet":"-1","robots_max_videopreview":"-1","robots_max_imagepreview":"large","priority":null,"frequency":"default","local_seo":null,"breadcrumb_settings":null,"limit_modified_date":false,"ai":null,"created":"2025-05-23 09:54:03","updated":"2025-10-24 20:42:13","seo_analyzer_scan_date":null,"focus_keyword":null,"additional_keywords":null,"truseo_locale":null},"aioseo_breadcrumb":"<div class=\"aioseo-breadcrumbs\"><span class=\"aioseo-breadcrumb\">\n\t\t\t<a href=\"https:\/\/www.immo-invest.ch\/fr\/\" title=\"Home\">Home<\/a>\n\t\t<\/span><span class=\"aioseo-breadcrumb-separator\">&raquo;<\/span><span class=\"aioseo-breadcrumb\">\n\t\t\t<a href=\"https:\/\/www.immo-invest.ch\/fr\/categories\/regions\/\" title=\"R\u00e9gions\">R\u00e9gions<\/a>\n\t\t<\/span><span class=\"aioseo-breadcrumb-separator\">&raquo;<\/span><span class=\"aioseo-breadcrumb\">\n\t\t\t<a href=\"https:\/\/www.immo-invest.ch\/fr\/categories\/regions\/suisse\/\" title=\"Suisse\">Suisse<\/a>\n\t\t<\/span><span class=\"aioseo-breadcrumb-separator\">&raquo;<\/span><span class=\"aioseo-breadcrumb\">\n\t\t\t<a href=\"https:\/\/www.immo-invest.ch\/fr\/categories\/regions\/suisse\/region-zentralschweiz\/\" title=\"Zentralschweiz\">Zentralschweiz<\/a>\n\t\t<\/span><span class=\"aioseo-breadcrumb-separator\">&raquo;<\/span><span class=\"aioseo-breadcrumb\">\n\t\t\tLes entreprises r\u00e9gionales sous les feux de la rampe lors de la remise des prix de la Suisse centrale\n\t\t<\/span><\/div>","aioseo_breadcrumb_json":[{"label":"Home","link":"https:\/\/www.immo-invest.ch\/fr\/"},{"label":"R\u00e9gions","link":"https:\/\/www.immo-invest.ch\/fr\/categories\/regions\/"},{"label":"Suisse","link":"https:\/\/www.immo-invest.ch\/fr\/categories\/regions\/suisse\/"},{"label":"Zentralschweiz","link":"https:\/\/www.immo-invest.ch\/fr\/categories\/regions\/suisse\/region-zentralschweiz\/"},{"label":"Les entreprises r\u00e9gionales sous les feux de la rampe lors de la remise des prix de la Suisse centrale","link":"https:\/\/www.immo-invest.ch\/fr\/regionale-unternehmen-im-rampenlicht-der-preisverleihung-zentralschweiz\/"}],"featured_image_src":"https:\/\/www.immo-invest.ch\/wp-content\/uploads\/2023\/03\/shutterstock_1113947324_1-1-336x168.jpg","_links":{"self":[{"href":"https:\/\/www.immo-invest.ch\/fr\/wp-json\/wp\/v2\/posts\/132551","targetHints":{"allow":["GET"]}}],"collection":[{"href":"https:\/\/www.immo-invest.ch\/fr\/wp-json\/wp\/v2\/posts"}],"about":[{"href":"https:\/\/www.immo-invest.ch\/fr\/wp-json\/wp\/v2\/types\/post"}],"author":[{"embeddable":true,"href":"https:\/\/www.immo-invest.ch\/fr\/wp-json\/wp\/v2\/users\/2"}],"replies":[{"embeddable":true,"href":"https:\/\/www.immo-invest.ch\/fr\/wp-json\/wp\/v2\/comments?post=132551"}],"version-history":[{"count":0,"href":"https:\/\/www.immo-invest.ch\/fr\/wp-json\/wp\/v2\/posts\/132551\/revisions"}],"wp:featuredmedia":[{"embeddable":true,"href":"https:\/\/www.immo-invest.ch\/fr\/wp-json\/wp\/v2\/media\/51834"}],"wp:attachment":[{"href":"https:\/\/www.immo-invest.ch\/fr\/wp-json\/wp\/v2\/media?parent=132551"}],"wp:term":[{"taxonomy":"category","embeddable":true,"href":"https:\/\/www.immo-invest.ch\/fr\/wp-json\/wp\/v2\/categories?post=132551"},{"taxonomy":"post_tag","embeddable":true,"href":"https:\/\/www.immo-invest.ch\/fr\/wp-json\/wp\/v2\/tags?post=132551"}],"curies":[{"name":"wp","href":"https:\/\/api.w.org\/{rel}","templated":true}]}}