{"id":132161,"date":"2025-05-19T12:40:00","date_gmt":"2025-05-19T10:40:00","guid":{"rendered":"https:\/\/www.immo-invest.ch\/?p=132161"},"modified":"2025-05-16T12:10:53","modified_gmt":"2025-05-16T10:10:53","slug":"neues-start-up-zentrum-foerdert-unternehmertum-in-uzwil","status":"publish","type":"post","link":"https:\/\/www.immo-invest.ch\/fr\/neues-start-up-zentrum-foerdert-unternehmertum-in-uzwil\/","title":{"rendered":"Un nouveau centre de start-up encourage l&rsquo;entrepreneuriat \u00e0 Uzwil"},"content":{"rendered":"<p class=\"bodytext\">Un deuxi&egrave;me startup space de l&rsquo;<a href=\"https:\/\/www.ifj.ch\/de\" target=\"_blank\" rel=\"noopener\">Institut IFJ pour les jeunes entreprises<\/a> va voir le jour sur le site du Mahlwerk Uzwil, qui se trouve sur le terrain de <a href=\"https:\/\/www.buhlergroup.com\/global\/de\/homepage.html\" target=\"_blank\" rel=\"noopener\">B&uuml;hler Group<\/a>. <a href=\"https:\/\/www.uze.ch\/\" target=\"_blank\" rel=\"noopener\">Uze AG<\/a>, l&rsquo;agence immobili&egrave;re et family office du B&uuml;hler Group, d&eacute;veloppe cette partie du site sur la Spickel, entre la Bahnhofstrasse et la Fabrikstrasse, en collaboration avec l&rsquo;IFJ pour en faire un hub d&rsquo;<span class=\"glossaryLink\" aria-describedby=\"tt\" data-cmtooltip=\"&lt;div class=glossaryItemTitle&gt;Innovation&lt;\/div&gt;&lt;div class=glossaryItemBody&gt;Innovation in der heutigen Immobilienwelt bedeutet vor allem Digitalisierung von Prozessen. Zum Beispiel das Eliminieren von Tausenden von Excel-Bl&auml;ttern f&uuml;r Portfolio- und Asset-Manager oder das Erstellen einer Anwendung (App) f&uuml;r alle Formalit&auml;ten rund um die Beziehung zwischen Immobilieneigent&uuml;mern, - verwaltung und -mietern.&lt;\/div&gt;\" data-mobile-support=\"0\" data-gt-translate-attributes='[{\"attribute\":\"data-cmtooltip\", \"format\":\"html\"}]' tabindex=\"0\" role=\"link\">innovation<\/span>. La FIJ exploite son premier centre de ce type depuis dix ans d&eacute;j&agrave; &agrave; Schlieren.<\/p>\n<p class=\"bodytext\">Comme l&rsquo;<a href=\"https:\/\/www.linkedin.com\/feed\/update\/urn:li:activity:7326157683818962944\/\" target=\"_blank\" rel=\"noopener\">indique<\/a> Uze AG, le Mahlwerk d&rsquo;Uzwil sera &agrave; partir de 2027 un &laquo;&nbsp;lieu vivant pour les start-up, les entrepreneurs et les esprits cr&eacute;atifs&nbsp;&raquo;, &laquo;&nbsp;avec des bureaux et des espaces d&rsquo;ing&eacute;nierie modernes, des &eacute;v&eacute;nements et des r&eacute;unions ainsi que beaucoup de place pour l&rsquo;<span class=\"glossaryLink\" aria-describedby=\"tt\" data-cmtooltip=\"&lt;div class=glossaryItemTitle&gt;Innovation&lt;\/div&gt;&lt;div class=glossaryItemBody&gt;Innovation in der heutigen Immobilienwelt bedeutet vor allem Digitalisierung von Prozessen. Zum Beispiel das Eliminieren von Tausenden von Excel-Bl&auml;ttern f&uuml;r Portfolio- und Asset-Manager oder das Erstellen einer Anwendung (App) f&uuml;r alle Formalit&auml;ten rund um die Beziehung zwischen Immobilieneigent&uuml;mern, - verwaltung und -mietern.&lt;\/div&gt;\" data-mobile-support=\"0\" data-gt-translate-attributes='[{\"attribute\":\"data-cmtooltip\", \"format\":\"html\"}]' tabindex=\"0\" role=\"link\">innovation<\/span>&nbsp;&raquo;. Selon un <a href=\"https:\/\/www.ifj.ch\/IFJ-eroeffnet-2027-den-startup-space-Uzwil\" target=\"_blank\" rel=\"noopener\">communiqu&eacute;<\/a> de l&rsquo;IFJ, la construction d&eacute;butera le 12 juin 2025.<\/p>\n<p class=\"bodytext\">Dans le cadre de la densification et de la r&eacute;novation de ses biens immobiliers, le groupe B&uuml;hler a transf&eacute;r&eacute; les surfaces qu&rsquo;il utilisait sur le site principal adjacent. Cela a permis de lib&eacute;rer 18 680 m&egrave;tres carr&eacute;s pour de nouvelles activit&eacute;s. &laquo;&nbsp;C&rsquo;est ici qu&rsquo;Uze AG ouvre un nouveau chapitre avec le Mahlwerk et poursuit la tradition industrielle avec une vision entrepreneuriale, une force d&rsquo;<span class=\"glossaryLink\" aria-describedby=\"tt\" data-cmtooltip=\"&lt;div class=glossaryItemTitle&gt;Innovation&lt;\/div&gt;&lt;div class=glossaryItemBody&gt;Innovation in der heutigen Immobilienwelt bedeutet vor allem Digitalisierung von Prozessen. Zum Beispiel das Eliminieren von Tausenden von Excel-Bl&auml;ttern f&uuml;r Portfolio- und Asset-Manager oder das Erstellen einer Anwendung (App) f&uuml;r alle Formalit&auml;ten rund um die Beziehung zwischen Immobilieneigent&uuml;mern, - verwaltung und -mietern.&lt;\/div&gt;\" data-mobile-support=\"0\" data-gt-translate-attributes='[{\"attribute\":\"data-cmtooltip\", \"format\":\"html\"}]' tabindex=\"0\" role=\"link\">innovation<\/span> et un r&eacute;seau international&nbsp;&raquo;, explique l&rsquo;IFJ.<\/p>\n<p class=\"bodytext\">Le Mahlwerk cr&eacute;e &laquo;&nbsp;un espace de croissance, de rencontre et de mouvement &ndash; et surtout de visibilit&eacute; et de liens forts avec des entreprises, des experts, des organisations et des investisseurs&nbsp;&raquo;. En plus de l&rsquo;espace destin&eacute; aux start-ups et aux PME, il est pr&eacute;vu de cr&eacute;er des locaux pour les entreprises industrielles et commerciales.<\/p>\n","protected":false},"excerpt":{"rendered":"<p>Uze AG d\u00e9veloppe le Mahlwerk Uzwil sur le site de B\u00fchler en collaboration avec l&rsquo;IFJ Institut f\u00fcr Jungunternehmen pour en faire son deuxi\u00e8me startup space. Apr\u00e8s celui de Schlieren, ce centre d&rsquo;innovation doit \u00e9galement offrir un espace aux cr\u00e9ateurs d&rsquo;entreprise. L&rsquo;ouverture est pr\u00e9vue pour 2027.<\/p>\n","protected":false},"author":2,"featured_media":132150,"comment_status":"open","ping_status":"open","sticky":false,"template":"","format":"standard","meta":{"pmpro_default_level":"","inline_featured_image":false,"_monsterinsights_skip_tracking":false,"footnotes":""},"categories":[22696,743,739,9442],"tags":[872,3931,52892,2002,9999,52893],"class_list":["post-132161","post","type-post","status-publish","format-standard","has-post-thumbnail","hentry","category-entreprise","category-immonews-fr","category-projects","category-region-saint-gall","tag-immoinvest-fr","tag-immonews-fr","tag-innovationshub-fr","tag-news-fr","tag-start-ups-fr","tag-unternehmensstandort-fr","pmpro-has-access"],"acf":{"bild_mit_ki_erstellt_worden":[],"lead":"Uze AG d\u00e9veloppe le Mahlwerk Uzwil sur le site de B\u00fchler en collaboration avec l'IFJ Institut f\u00fcr Jungunternehmen pour en faire son deuxi\u00e8me startup space. Apr\u00e8s celui de Schlieren, ce centre d'innovation doit \u00e9galement offrir un espace aux cr\u00e9ateurs d'entreprise. L'ouverture est pr\u00e9vue pour 2027.","autor":"ce\/mm, Bildquelle: Baublatt \/ Gemeinde Uzwil, Fotograph Peter Dotzauer (2018)","ort":"Uzwil SG\/Schlieren ZH","bildunterschrift":"","bild_im_grid":false,"gallerie":"","newsim":""},"aioseo_notices":[],"aioseo_head":"\n\t\t<!-- All in One SEO 5.0.0.1 - aioseo.com -->\n\t<meta name=\"description\" content=\"Uze AG d\u00e9veloppe le Mahlwerk Uzwil sur le site de B\u00fchler en collaboration avec l&#039;IFJ Institut f\u00fcr Jungunternehmen pour en faire son deuxi\u00e8me startup space. Apr\u00e8s celui de Schlieren, ce centre d&#039;innovation doit \u00e9galement offrir un espace aux cr\u00e9ateurs d&#039;entreprise. L&#039;ouverture est pr\u00e9vue pour 2027.\" \/>\n\t<meta name=\"robots\" content=\"max-image-preview:large\" \/>\n\t<meta name=\"author\" content=\"immovestuser\"\/>\n\t<meta name=\"google-site-verification\" content=\"fHJKvgWpZCR2zVBHWfkQeFXC11qieUSff0HGNYfuyLA\" \/>\n\t<link rel=\"canonical\" href=\"https:\/\/www.immo-invest.ch\/fr\/neues-start-up-zentrum-foerdert-unternehmertum-in-uzwil\/\" \/>\n\t<meta name=\"generator\" content=\"All in One SEO (AIOSEO) 5.0.0.1\" \/>\n\t\t<meta property=\"og:locale\" content=\"fr_FR\" \/>\n\t\t<meta property=\"og:site_name\" content=\"immo!nvest - Die Plattform f\u00fcr Standorte und Immobilien - Die\u00a0Plattform f\u00fcr Standorte und Immobilien\" \/>\n\t\t<meta property=\"og:type\" content=\"article\" \/>\n\t\t<meta property=\"og:title\" content=\"Un nouveau centre de start-up encourage l\u2019entrepreneuriat \u00e0 Uzwil - immo!nvest - Die Plattform f\u00fcr Standorte und Immobilien\" \/>\n\t\t<meta property=\"og:description\" content=\"Uze AG d\u00e9veloppe le Mahlwerk Uzwil sur le site de B\u00fchler en collaboration avec l&#039;IFJ Institut f\u00fcr Jungunternehmen pour en faire son deuxi\u00e8me startup space. Apr\u00e8s celui de Schlieren, ce centre d&#039;innovation doit \u00e9galement offrir un espace aux cr\u00e9ateurs d&#039;entreprise. L&#039;ouverture est pr\u00e9vue pour 2027.\" \/>\n\t\t<meta property=\"og:url\" content=\"https:\/\/www.immo-invest.ch\/fr\/neues-start-up-zentrum-foerdert-unternehmertum-in-uzwil\/\" \/>\n\t\t<meta property=\"og:image\" content=\"https:\/\/www.immo-invest.ch\/wp-content\/uploads\/2025\/05\/158678_1.jpg\" \/>\n\t\t<meta property=\"og:image:secure_url\" content=\"https:\/\/www.immo-invest.ch\/wp-content\/uploads\/2025\/05\/158678_1.jpg\" \/>\n\t\t<meta property=\"og:image:width\" content=\"2000\" \/>\n\t\t<meta property=\"og:image:height\" content=\"1124\" \/>\n\t\t<meta property=\"article:published_time\" content=\"2025-05-19T10:40:00+00:00\" \/>\n\t\t<meta property=\"article:modified_time\" content=\"2025-05-16T10:10:53+00:00\" \/>\n\t\t<meta property=\"article:publisher\" content=\"https:\/\/www.facebook.com\/people\/Immoinvest\/100077962920504\/\" \/>\n\t\t<meta name=\"twitter:card\" content=\"summary_large_image\" \/>\n\t\t<meta name=\"twitter:site\" content=\"@i\" \/>\n\t\t<meta name=\"twitter:title\" content=\"Un nouveau centre de start-up encourage l\u2019entrepreneuriat \u00e0 Uzwil - immo!nvest - Die Plattform f\u00fcr Standorte und Immobilien\" \/>\n\t\t<meta name=\"twitter:description\" content=\"Uze AG d\u00e9veloppe le Mahlwerk Uzwil sur le site de B\u00fchler en collaboration avec l&#039;IFJ Institut f\u00fcr Jungunternehmen pour en faire son deuxi\u00e8me startup space. Apr\u00e8s celui de Schlieren, ce centre d&#039;innovation doit \u00e9galement offrir un espace aux cr\u00e9ateurs d&#039;entreprise. L&#039;ouverture est pr\u00e9vue pour 2027.\" \/>\n\t\t<meta name=\"twitter:creator\" content=\"@i\" \/>\n\t\t<meta name=\"twitter:image\" content=\"https:\/\/www.immo-invest.ch\/wp-content\/uploads\/2025\/05\/158678_1.jpg\" \/>\n\t\t<script type=\"application\/ld+json\" class=\"aioseo-schema\">\n\t\t\t{\"@context\":\"https:\\\/\\\/schema.org\",\"@graph\":[{\"@type\":\"BlogPosting\",\"@id\":\"https:\\\/\\\/www.immo-invest.ch\\\/fr\\\/neues-start-up-zentrum-foerdert-unternehmertum-in-uzwil\\\/#blogposting\",\"name\":\"Un nouveau centre de start-up encourage l\\u2019entrepreneuriat \\u00e0 Uzwil - immo!nvest - Die Plattform f\\u00fcr Standorte und Immobilien\",\"headline\":\"Un nouveau centre de start-up encourage l&rsquo;entrepreneuriat \\u00e0 Uzwil\",\"author\":{\"@id\":\"https:\\\/\\\/www.immo-invest.ch\\\/fr\\\/author\\\/immovestuser\\\/#author\"},\"publisher\":{\"@id\":\"https:\\\/\\\/www.immo-invest.ch\\\/fr\\\/#organization\"},\"image\":{\"@type\":\"ImageObject\",\"url\":\"https:\\\/\\\/www.immo-invest.ch\\\/wp-content\\\/uploads\\\/2025\\\/05\\\/158678_1.jpg\",\"width\":2000,\"height\":1124,\"caption\":\"Quelle: Gemeinde Uzwil, Fotograph Peter Dotzauer (2018)\"},\"datePublished\":\"2025-05-19T12:40:00+02:00\",\"dateModified\":\"2025-05-16T12:10:53+02:00\",\"inLanguage\":\"fr-FR\",\"mainEntityOfPage\":{\"@id\":\"https:\\\/\\\/www.immo-invest.ch\\\/fr\\\/neues-start-up-zentrum-foerdert-unternehmertum-in-uzwil\\\/#webpage\"},\"isPartOf\":{\"@id\":\"https:\\\/\\\/www.immo-invest.ch\\\/fr\\\/neues-start-up-zentrum-foerdert-unternehmertum-in-uzwil\\\/#webpage\"},\"articleSection\":\"Entreprise, immoNews, Projects, Saint-Gall, Immoinvest, immoNews, Innovationshub, News, Start-ups, Unternehmensstandort, Facultatif\"},{\"@type\":\"BreadcrumbList\",\"@id\":\"https:\\\/\\\/www.immo-invest.ch\\\/fr\\\/neues-start-up-zentrum-foerdert-unternehmertum-in-uzwil\\\/#breadcrumblist\",\"itemListElement\":[{\"@type\":\"ListItem\",\"@id\":\"https:\\\/\\\/www.immo-invest.ch\\\/fr\\\/#listItem\",\"position\":1,\"name\":\"Home\",\"item\":\"https:\\\/\\\/www.immo-invest.ch\\\/fr\\\/\",\"nextItem\":{\"@type\":\"ListItem\",\"@id\":\"https:\\\/\\\/www.immo-invest.ch\\\/fr\\\/categories\\\/regions\\\/#listItem\",\"name\":\"R\\u00e9gions\"}},{\"@type\":\"ListItem\",\"@id\":\"https:\\\/\\\/www.immo-invest.ch\\\/fr\\\/categories\\\/regions\\\/#listItem\",\"position\":2,\"name\":\"R\\u00e9gions\",\"item\":\"https:\\\/\\\/www.immo-invest.ch\\\/fr\\\/categories\\\/regions\\\/\",\"nextItem\":{\"@type\":\"ListItem\",\"@id\":\"https:\\\/\\\/www.immo-invest.ch\\\/fr\\\/categories\\\/regions\\\/suisse\\\/#listItem\",\"name\":\"Suisse\"},\"previousItem\":{\"@type\":\"ListItem\",\"@id\":\"https:\\\/\\\/www.immo-invest.ch\\\/fr\\\/#listItem\",\"name\":\"Home\"}},{\"@type\":\"ListItem\",\"@id\":\"https:\\\/\\\/www.immo-invest.ch\\\/fr\\\/categories\\\/regions\\\/suisse\\\/#listItem\",\"position\":3,\"name\":\"Suisse\",\"item\":\"https:\\\/\\\/www.immo-invest.ch\\\/fr\\\/categories\\\/regions\\\/suisse\\\/\",\"nextItem\":{\"@type\":\"ListItem\",\"@id\":\"https:\\\/\\\/www.immo-invest.ch\\\/fr\\\/categories\\\/regions\\\/suisse\\\/suisse-orientale\\\/#listItem\",\"name\":\"Suisse orientale\"},\"previousItem\":{\"@type\":\"ListItem\",\"@id\":\"https:\\\/\\\/www.immo-invest.ch\\\/fr\\\/categories\\\/regions\\\/#listItem\",\"name\":\"R\\u00e9gions\"}},{\"@type\":\"ListItem\",\"@id\":\"https:\\\/\\\/www.immo-invest.ch\\\/fr\\\/categories\\\/regions\\\/suisse\\\/suisse-orientale\\\/#listItem\",\"position\":4,\"name\":\"Suisse orientale\",\"item\":\"https:\\\/\\\/www.immo-invest.ch\\\/fr\\\/categories\\\/regions\\\/suisse\\\/suisse-orientale\\\/\",\"nextItem\":{\"@type\":\"ListItem\",\"@id\":\"https:\\\/\\\/www.immo-invest.ch\\\/fr\\\/categories\\\/regions\\\/suisse\\\/suisse-orientale\\\/region-saint-gall\\\/#listItem\",\"name\":\"Saint-Gall\"},\"previousItem\":{\"@type\":\"ListItem\",\"@id\":\"https:\\\/\\\/www.immo-invest.ch\\\/fr\\\/categories\\\/regions\\\/suisse\\\/#listItem\",\"name\":\"Suisse\"}},{\"@type\":\"ListItem\",\"@id\":\"https:\\\/\\\/www.immo-invest.ch\\\/fr\\\/categories\\\/regions\\\/suisse\\\/suisse-orientale\\\/region-saint-gall\\\/#listItem\",\"position\":5,\"name\":\"Saint-Gall\",\"item\":\"https:\\\/\\\/www.immo-invest.ch\\\/fr\\\/categories\\\/regions\\\/suisse\\\/suisse-orientale\\\/region-saint-gall\\\/\",\"nextItem\":{\"@type\":\"ListItem\",\"@id\":\"https:\\\/\\\/www.immo-invest.ch\\\/fr\\\/neues-start-up-zentrum-foerdert-unternehmertum-in-uzwil\\\/#listItem\",\"name\":\"Un nouveau centre de start-up encourage l&rsquo;entrepreneuriat \\u00e0 Uzwil\"},\"previousItem\":{\"@type\":\"ListItem\",\"@id\":\"https:\\\/\\\/www.immo-invest.ch\\\/fr\\\/categories\\\/regions\\\/suisse\\\/suisse-orientale\\\/#listItem\",\"name\":\"Suisse orientale\"}},{\"@type\":\"ListItem\",\"@id\":\"https:\\\/\\\/www.immo-invest.ch\\\/fr\\\/neues-start-up-zentrum-foerdert-unternehmertum-in-uzwil\\\/#listItem\",\"position\":6,\"name\":\"Un nouveau centre de start-up encourage l&rsquo;entrepreneuriat \\u00e0 Uzwil\",\"previousItem\":{\"@type\":\"ListItem\",\"@id\":\"https:\\\/\\\/www.immo-invest.ch\\\/fr\\\/categories\\\/regions\\\/suisse\\\/suisse-orientale\\\/region-saint-gall\\\/#listItem\",\"name\":\"Saint-Gall\"}}]},{\"@type\":\"Organization\",\"@id\":\"https:\\\/\\\/www.immo-invest.ch\\\/fr\\\/#organization\",\"name\":\"immo!nvest - Die Plattform f\\u00fcr Standorte und Immobilien\",\"description\":\"Die\\u00a0Plattform f\\u00fcr Standorte und Immobilien\",\"url\":\"https:\\\/\\\/www.immo-invest.ch\\\/fr\\\/\",\"email\":\"admin@immomedia.ag\",\"telephone\":\"+41444420002\",\"logo\":{\"@type\":\"ImageObject\",\"url\":\"https:\\\/\\\/www.immo-invest.ch\\\/wp-content\\\/uploads\\\/2024\\\/09\\\/immoinvest_sm-scaled.jpg\",\"@id\":\"https:\\\/\\\/www.immo-invest.ch\\\/fr\\\/neues-start-up-zentrum-foerdert-unternehmertum-in-uzwil\\\/#organizationLogo\",\"width\":2560,\"height\":1340},\"image\":{\"@id\":\"https:\\\/\\\/www.immo-invest.ch\\\/fr\\\/neues-start-up-zentrum-foerdert-unternehmertum-in-uzwil\\\/#organizationLogo\"},\"sameAs\":[\"https:\\\/\\\/www.facebook.com\\\/people\\\/Immoinvest\\\/100077962920504\\\/\",\"https:\\\/\\\/x.com\\\/i\\\/flow\\\/login?redirect_after_login=immoinvest_ch\",\"https:\\\/\\\/www.instagram.com\\\/immoinvest_ch\\\/\",\"https:\\\/\\\/www.linkedin.com\\\/company\\\/immoinvest-swiss\"]},{\"@type\":\"Person\",\"@id\":\"https:\\\/\\\/www.immo-invest.ch\\\/fr\\\/author\\\/immovestuser\\\/#author\",\"url\":\"https:\\\/\\\/www.immo-invest.ch\\\/fr\\\/author\\\/immovestuser\\\/\",\"name\":\"immovestuser\",\"image\":{\"@type\":\"ImageObject\",\"@id\":\"https:\\\/\\\/www.immo-invest.ch\\\/fr\\\/neues-start-up-zentrum-foerdert-unternehmertum-in-uzwil\\\/#authorImage\",\"url\":\"https:\\\/\\\/secure.gravatar.com\\\/avatar\\\/8e01f4d99f2eeea7a362ebb93305e1172a70e9293ba250f897a65c39f54cdd1e?s=96&d=mm&r=g\",\"width\":96,\"height\":96,\"caption\":\"immovestuser\"}},{\"@type\":\"WebPage\",\"@id\":\"https:\\\/\\\/www.immo-invest.ch\\\/fr\\\/neues-start-up-zentrum-foerdert-unternehmertum-in-uzwil\\\/#webpage\",\"url\":\"https:\\\/\\\/www.immo-invest.ch\\\/fr\\\/neues-start-up-zentrum-foerdert-unternehmertum-in-uzwil\\\/\",\"name\":\"Un nouveau centre de start-up encourage l\\u2019entrepreneuriat \\u00e0 Uzwil - immo!nvest - Die Plattform f\\u00fcr Standorte und Immobilien\",\"description\":\"Uze AG d\\u00e9veloppe le Mahlwerk Uzwil sur le site de B\\u00fchler en collaboration avec l'IFJ Institut f\\u00fcr Jungunternehmen pour en faire son deuxi\\u00e8me startup space. Apr\\u00e8s celui de Schlieren, ce centre d'innovation doit \\u00e9galement offrir un espace aux cr\\u00e9ateurs d'entreprise. L'ouverture est pr\\u00e9vue pour 2027.\",\"inLanguage\":\"fr-FR\",\"isPartOf\":{\"@id\":\"https:\\\/\\\/www.immo-invest.ch\\\/fr\\\/#website\"},\"breadcrumb\":{\"@id\":\"https:\\\/\\\/www.immo-invest.ch\\\/fr\\\/neues-start-up-zentrum-foerdert-unternehmertum-in-uzwil\\\/#breadcrumblist\"},\"author\":{\"@id\":\"https:\\\/\\\/www.immo-invest.ch\\\/fr\\\/author\\\/immovestuser\\\/#author\"},\"creator\":{\"@id\":\"https:\\\/\\\/www.immo-invest.ch\\\/fr\\\/author\\\/immovestuser\\\/#author\"},\"image\":{\"@type\":\"ImageObject\",\"url\":\"https:\\\/\\\/www.immo-invest.ch\\\/wp-content\\\/uploads\\\/2025\\\/05\\\/158678_1.jpg\",\"@id\":\"https:\\\/\\\/www.immo-invest.ch\\\/fr\\\/neues-start-up-zentrum-foerdert-unternehmertum-in-uzwil\\\/#mainImage\",\"width\":2000,\"height\":1124,\"caption\":\"Quelle: Gemeinde Uzwil, Fotograph Peter Dotzauer (2018)\"},\"primaryImageOfPage\":{\"@id\":\"https:\\\/\\\/www.immo-invest.ch\\\/fr\\\/neues-start-up-zentrum-foerdert-unternehmertum-in-uzwil\\\/#mainImage\"},\"datePublished\":\"2025-05-19T12:40:00+02:00\",\"dateModified\":\"2025-05-16T12:10:53+02:00\"},{\"@type\":\"WebSite\",\"@id\":\"https:\\\/\\\/www.immo-invest.ch\\\/fr\\\/#website\",\"url\":\"https:\\\/\\\/www.immo-invest.ch\\\/fr\\\/\",\"name\":\"immo!nvest - Die Plattform f\\u00fcr Standorte und Immobilien\",\"description\":\"Die\\u00a0Plattform f\\u00fcr Standorte und Immobilien\",\"inLanguage\":\"fr-FR\",\"publisher\":{\"@id\":\"https:\\\/\\\/www.immo-invest.ch\\\/fr\\\/#organization\"}}]}\n\t\t<\/script>\n\t\t<!-- All in One SEO -->\n\n","aioseo_head_json":{"title":"Un nouveau centre de start-up encourage l\u2019entrepreneuriat \u00e0 Uzwil - immo!nvest - Die Plattform f\u00fcr Standorte und Immobilien","description":"Uze AG d\u00e9veloppe le Mahlwerk Uzwil sur le site de B\u00fchler en collaboration avec l'IFJ Institut f\u00fcr Jungunternehmen pour en faire son deuxi\u00e8me startup space. Apr\u00e8s celui de Schlieren, ce centre d'innovation doit \u00e9galement offrir un espace aux cr\u00e9ateurs d'entreprise. L'ouverture est pr\u00e9vue pour 2027.","canonical_url":"https:\/\/www.immo-invest.ch\/fr\/neues-start-up-zentrum-foerdert-unternehmertum-in-uzwil\/","robots":"max-image-preview:large","keywords":"","webmasterTools":{"google-site-verification":"fHJKvgWpZCR2zVBHWfkQeFXC11qieUSff0HGNYfuyLA","miscellaneous":""},"schema":{"@context":"https:\/\/schema.org","@graph":[{"@type":"BlogPosting","@id":"https:\/\/www.immo-invest.ch\/fr\/neues-start-up-zentrum-foerdert-unternehmertum-in-uzwil\/#blogposting","name":"Un nouveau centre de start-up encourage l\u2019entrepreneuriat \u00e0 Uzwil - immo!nvest - Die Plattform f\u00fcr Standorte und Immobilien","headline":"Un nouveau centre de start-up encourage l&rsquo;entrepreneuriat \u00e0 Uzwil","author":{"@id":"https:\/\/www.immo-invest.ch\/fr\/author\/immovestuser\/#author"},"publisher":{"@id":"https:\/\/www.immo-invest.ch\/fr\/#organization"},"image":{"@type":"ImageObject","url":"https:\/\/www.immo-invest.ch\/wp-content\/uploads\/2025\/05\/158678_1.jpg","width":2000,"height":1124,"caption":"Quelle: Gemeinde Uzwil, Fotograph Peter Dotzauer (2018)"},"datePublished":"2025-05-19T12:40:00+02:00","dateModified":"2025-05-16T12:10:53+02:00","inLanguage":"fr-FR","mainEntityOfPage":{"@id":"https:\/\/www.immo-invest.ch\/fr\/neues-start-up-zentrum-foerdert-unternehmertum-in-uzwil\/#webpage"},"isPartOf":{"@id":"https:\/\/www.immo-invest.ch\/fr\/neues-start-up-zentrum-foerdert-unternehmertum-in-uzwil\/#webpage"},"articleSection":"Entreprise, immoNews, Projects, Saint-Gall, Immoinvest, immoNews, Innovationshub, News, Start-ups, Unternehmensstandort, Facultatif"},{"@type":"BreadcrumbList","@id":"https:\/\/www.immo-invest.ch\/fr\/neues-start-up-zentrum-foerdert-unternehmertum-in-uzwil\/#breadcrumblist","itemListElement":[{"@type":"ListItem","@id":"https:\/\/www.immo-invest.ch\/fr\/#listItem","position":1,"name":"Home","item":"https:\/\/www.immo-invest.ch\/fr\/","nextItem":{"@type":"ListItem","@id":"https:\/\/www.immo-invest.ch\/fr\/categories\/regions\/#listItem","name":"R\u00e9gions"}},{"@type":"ListItem","@id":"https:\/\/www.immo-invest.ch\/fr\/categories\/regions\/#listItem","position":2,"name":"R\u00e9gions","item":"https:\/\/www.immo-invest.ch\/fr\/categories\/regions\/","nextItem":{"@type":"ListItem","@id":"https:\/\/www.immo-invest.ch\/fr\/categories\/regions\/suisse\/#listItem","name":"Suisse"},"previousItem":{"@type":"ListItem","@id":"https:\/\/www.immo-invest.ch\/fr\/#listItem","name":"Home"}},{"@type":"ListItem","@id":"https:\/\/www.immo-invest.ch\/fr\/categories\/regions\/suisse\/#listItem","position":3,"name":"Suisse","item":"https:\/\/www.immo-invest.ch\/fr\/categories\/regions\/suisse\/","nextItem":{"@type":"ListItem","@id":"https:\/\/www.immo-invest.ch\/fr\/categories\/regions\/suisse\/suisse-orientale\/#listItem","name":"Suisse orientale"},"previousItem":{"@type":"ListItem","@id":"https:\/\/www.immo-invest.ch\/fr\/categories\/regions\/#listItem","name":"R\u00e9gions"}},{"@type":"ListItem","@id":"https:\/\/www.immo-invest.ch\/fr\/categories\/regions\/suisse\/suisse-orientale\/#listItem","position":4,"name":"Suisse orientale","item":"https:\/\/www.immo-invest.ch\/fr\/categories\/regions\/suisse\/suisse-orientale\/","nextItem":{"@type":"ListItem","@id":"https:\/\/www.immo-invest.ch\/fr\/categories\/regions\/suisse\/suisse-orientale\/region-saint-gall\/#listItem","name":"Saint-Gall"},"previousItem":{"@type":"ListItem","@id":"https:\/\/www.immo-invest.ch\/fr\/categories\/regions\/suisse\/#listItem","name":"Suisse"}},{"@type":"ListItem","@id":"https:\/\/www.immo-invest.ch\/fr\/categories\/regions\/suisse\/suisse-orientale\/region-saint-gall\/#listItem","position":5,"name":"Saint-Gall","item":"https:\/\/www.immo-invest.ch\/fr\/categories\/regions\/suisse\/suisse-orientale\/region-saint-gall\/","nextItem":{"@type":"ListItem","@id":"https:\/\/www.immo-invest.ch\/fr\/neues-start-up-zentrum-foerdert-unternehmertum-in-uzwil\/#listItem","name":"Un nouveau centre de start-up encourage l&rsquo;entrepreneuriat \u00e0 Uzwil"},"previousItem":{"@type":"ListItem","@id":"https:\/\/www.immo-invest.ch\/fr\/categories\/regions\/suisse\/suisse-orientale\/#listItem","name":"Suisse orientale"}},{"@type":"ListItem","@id":"https:\/\/www.immo-invest.ch\/fr\/neues-start-up-zentrum-foerdert-unternehmertum-in-uzwil\/#listItem","position":6,"name":"Un nouveau centre de start-up encourage l&rsquo;entrepreneuriat \u00e0 Uzwil","previousItem":{"@type":"ListItem","@id":"https:\/\/www.immo-invest.ch\/fr\/categories\/regions\/suisse\/suisse-orientale\/region-saint-gall\/#listItem","name":"Saint-Gall"}}]},{"@type":"Organization","@id":"https:\/\/www.immo-invest.ch\/fr\/#organization","name":"immo!nvest - Die Plattform f\u00fcr Standorte und Immobilien","description":"Die\u00a0Plattform f\u00fcr Standorte und Immobilien","url":"https:\/\/www.immo-invest.ch\/fr\/","email":"admin@immomedia.ag","telephone":"+41444420002","logo":{"@type":"ImageObject","url":"https:\/\/www.immo-invest.ch\/wp-content\/uploads\/2024\/09\/immoinvest_sm-scaled.jpg","@id":"https:\/\/www.immo-invest.ch\/fr\/neues-start-up-zentrum-foerdert-unternehmertum-in-uzwil\/#organizationLogo","width":2560,"height":1340},"image":{"@id":"https:\/\/www.immo-invest.ch\/fr\/neues-start-up-zentrum-foerdert-unternehmertum-in-uzwil\/#organizationLogo"},"sameAs":["https:\/\/www.facebook.com\/people\/Immoinvest\/100077962920504\/","https:\/\/x.com\/i\/flow\/login?redirect_after_login=immoinvest_ch","https:\/\/www.instagram.com\/immoinvest_ch\/","https:\/\/www.linkedin.com\/company\/immoinvest-swiss"]},{"@type":"Person","@id":"https:\/\/www.immo-invest.ch\/fr\/author\/immovestuser\/#author","url":"https:\/\/www.immo-invest.ch\/fr\/author\/immovestuser\/","name":"immovestuser","image":{"@type":"ImageObject","@id":"https:\/\/www.immo-invest.ch\/fr\/neues-start-up-zentrum-foerdert-unternehmertum-in-uzwil\/#authorImage","url":"https:\/\/secure.gravatar.com\/avatar\/8e01f4d99f2eeea7a362ebb93305e1172a70e9293ba250f897a65c39f54cdd1e?s=96&d=mm&r=g","width":96,"height":96,"caption":"immovestuser"}},{"@type":"WebPage","@id":"https:\/\/www.immo-invest.ch\/fr\/neues-start-up-zentrum-foerdert-unternehmertum-in-uzwil\/#webpage","url":"https:\/\/www.immo-invest.ch\/fr\/neues-start-up-zentrum-foerdert-unternehmertum-in-uzwil\/","name":"Un nouveau centre de start-up encourage l\u2019entrepreneuriat \u00e0 Uzwil - immo!nvest - Die Plattform f\u00fcr Standorte und Immobilien","description":"Uze AG d\u00e9veloppe le Mahlwerk Uzwil sur le site de B\u00fchler en collaboration avec l'IFJ Institut f\u00fcr Jungunternehmen pour en faire son deuxi\u00e8me startup space. Apr\u00e8s celui de Schlieren, ce centre d'innovation doit \u00e9galement offrir un espace aux cr\u00e9ateurs d'entreprise. L'ouverture est pr\u00e9vue pour 2027.","inLanguage":"fr-FR","isPartOf":{"@id":"https:\/\/www.immo-invest.ch\/fr\/#website"},"breadcrumb":{"@id":"https:\/\/www.immo-invest.ch\/fr\/neues-start-up-zentrum-foerdert-unternehmertum-in-uzwil\/#breadcrumblist"},"author":{"@id":"https:\/\/www.immo-invest.ch\/fr\/author\/immovestuser\/#author"},"creator":{"@id":"https:\/\/www.immo-invest.ch\/fr\/author\/immovestuser\/#author"},"image":{"@type":"ImageObject","url":"https:\/\/www.immo-invest.ch\/wp-content\/uploads\/2025\/05\/158678_1.jpg","@id":"https:\/\/www.immo-invest.ch\/fr\/neues-start-up-zentrum-foerdert-unternehmertum-in-uzwil\/#mainImage","width":2000,"height":1124,"caption":"Quelle: Gemeinde Uzwil, Fotograph Peter Dotzauer (2018)"},"primaryImageOfPage":{"@id":"https:\/\/www.immo-invest.ch\/fr\/neues-start-up-zentrum-foerdert-unternehmertum-in-uzwil\/#mainImage"},"datePublished":"2025-05-19T12:40:00+02:00","dateModified":"2025-05-16T12:10:53+02:00"},{"@type":"WebSite","@id":"https:\/\/www.immo-invest.ch\/fr\/#website","url":"https:\/\/www.immo-invest.ch\/fr\/","name":"immo!nvest - Die Plattform f\u00fcr Standorte und Immobilien","description":"Die\u00a0Plattform f\u00fcr Standorte und Immobilien","inLanguage":"fr-FR","publisher":{"@id":"https:\/\/www.immo-invest.ch\/fr\/#organization"}}]},"og:locale":"fr_FR","og:site_name":"immo!nvest - Die Plattform f\u00fcr Standorte und Immobilien - Die\u00a0Plattform f\u00fcr Standorte und Immobilien","og:type":"article","og:title":"Un nouveau centre de start-up encourage l\u2019entrepreneuriat \u00e0 Uzwil - immo!nvest - Die Plattform f\u00fcr Standorte und Immobilien","og:description":"Uze AG d\u00e9veloppe le Mahlwerk Uzwil sur le site de B\u00fchler en collaboration avec l'IFJ Institut f\u00fcr Jungunternehmen pour en faire son deuxi\u00e8me startup space. Apr\u00e8s celui de Schlieren, ce centre d'innovation doit \u00e9galement offrir un espace aux cr\u00e9ateurs d'entreprise. L'ouverture est pr\u00e9vue pour 2027.","og:url":"https:\/\/www.immo-invest.ch\/fr\/neues-start-up-zentrum-foerdert-unternehmertum-in-uzwil\/","og:image":"https:\/\/www.immo-invest.ch\/wp-content\/uploads\/2025\/05\/158678_1.jpg","og:image:secure_url":"https:\/\/www.immo-invest.ch\/wp-content\/uploads\/2025\/05\/158678_1.jpg","og:image:width":2000,"og:image:height":1124,"article:published_time":"2025-05-19T10:40:00+00:00","article:modified_time":"2025-05-16T10:10:53+00:00","article:publisher":"https:\/\/www.facebook.com\/people\/Immoinvest\/100077962920504\/","twitter:card":"summary_large_image","twitter:site":"@i","twitter:title":"Un nouveau centre de start-up encourage l\u2019entrepreneuriat \u00e0 Uzwil - immo!nvest - Die Plattform f\u00fcr Standorte und Immobilien","twitter:description":"Uze AG d\u00e9veloppe le Mahlwerk Uzwil sur le site de B\u00fchler en collaboration avec l'IFJ Institut f\u00fcr Jungunternehmen pour en faire son deuxi\u00e8me startup space. Apr\u00e8s celui de Schlieren, ce centre d'innovation doit \u00e9galement offrir un espace aux cr\u00e9ateurs d'entreprise. L'ouverture est pr\u00e9vue pour 2027.","twitter:creator":"@i","twitter:image":"https:\/\/www.immo-invest.ch\/wp-content\/uploads\/2025\/05\/158678_1.jpg"},"aioseo_meta_data":{"post_id":"132161","title":null,"description":null,"keywords":null,"keyphrases":{"focus":{"keyphrase":"","score":0,"analysis":{"keyphraseInTitle":{"score":0,"maxScore":9,"error":1}}},"additional":[]},"primary_term":null,"canonical_url":null,"og_title":null,"og_description":null,"og_object_type":"default","og_image_type":"default","og_image_url":null,"og_image_width":null,"og_image_height":null,"og_image_custom_url":null,"og_image_custom_fields":null,"og_video":"","og_custom_url":null,"og_article_section":null,"og_article_tags":null,"twitter_use_og":false,"twitter_card":"default","twitter_image_type":"default","twitter_image_url":null,"twitter_image_custom_url":null,"twitter_image_custom_fields":null,"twitter_title":null,"twitter_description":null,"schema":{"blockGraphs":[],"customGraphs":[],"default":{"data":{"Article":[],"Course":[],"Dataset":[],"FAQPage":[],"Movie":[],"Person":[],"Product":[],"ProductReview":[],"Car":[],"Recipe":[],"Service":[],"SoftwareApplication":[],"WebPage":[]},"graphName":"BlogPosting","isEnabled":true},"graphs":[]},"schema_type":"default","schema_type_options":null,"pillar_content":false,"robots_default":true,"robots_noindex":false,"robots_noarchive":false,"robots_nosnippet":false,"robots_nofollow":false,"robots_noimageindex":false,"robots_noodp":false,"robots_notranslate":false,"robots_max_snippet":"-1","robots_max_videopreview":"-1","robots_max_imagepreview":"large","priority":null,"frequency":"default","local_seo":null,"breadcrumb_settings":null,"limit_modified_date":false,"ai":null,"created":"2025-05-16 10:10:53","updated":"2025-10-24 20:26:13","seo_analyzer_scan_date":null,"focus_keyword":null,"additional_keywords":null,"truseo_locale":null},"aioseo_breadcrumb":"<div class=\"aioseo-breadcrumbs\"><span class=\"aioseo-breadcrumb\">\n\t\t\t<a href=\"https:\/\/www.immo-invest.ch\/fr\/\" title=\"Home\">Home<\/a>\n\t\t<\/span><span class=\"aioseo-breadcrumb-separator\">&raquo;<\/span><span class=\"aioseo-breadcrumb\">\n\t\t\t<a href=\"https:\/\/www.immo-invest.ch\/fr\/categories\/regions\/\" title=\"R\u00e9gions\">R\u00e9gions<\/a>\n\t\t<\/span><span class=\"aioseo-breadcrumb-separator\">&raquo;<\/span><span class=\"aioseo-breadcrumb\">\n\t\t\t<a href=\"https:\/\/www.immo-invest.ch\/fr\/categories\/regions\/suisse\/\" title=\"Suisse\">Suisse<\/a>\n\t\t<\/span><span class=\"aioseo-breadcrumb-separator\">&raquo;<\/span><span class=\"aioseo-breadcrumb\">\n\t\t\t<a href=\"https:\/\/www.immo-invest.ch\/fr\/categories\/regions\/suisse\/suisse-orientale\/\" title=\"Suisse orientale\">Suisse orientale<\/a>\n\t\t<\/span><span class=\"aioseo-breadcrumb-separator\">&raquo;<\/span><span class=\"aioseo-breadcrumb\">\n\t\t\t<a href=\"https:\/\/www.immo-invest.ch\/fr\/categories\/regions\/suisse\/suisse-orientale\/region-saint-gall\/\" title=\"Saint-Gall\">Saint-Gall<\/a>\n\t\t<\/span><span class=\"aioseo-breadcrumb-separator\">&raquo;<\/span><span class=\"aioseo-breadcrumb\">\n\t\t\tUn nouveau centre de start-up encourage l\u2019entrepreneuriat \u00e0 Uzwil\n\t\t<\/span><\/div>","aioseo_breadcrumb_json":[{"label":"Home","link":"https:\/\/www.immo-invest.ch\/fr\/"},{"label":"R\u00e9gions","link":"https:\/\/www.immo-invest.ch\/fr\/categories\/regions\/"},{"label":"Suisse","link":"https:\/\/www.immo-invest.ch\/fr\/categories\/regions\/suisse\/"},{"label":"Suisse orientale","link":"https:\/\/www.immo-invest.ch\/fr\/categories\/regions\/suisse\/suisse-orientale\/"},{"label":"Saint-Gall","link":"https:\/\/www.immo-invest.ch\/fr\/categories\/regions\/suisse\/suisse-orientale\/region-saint-gall\/"},{"label":"Un nouveau centre de start-up encourage l&rsquo;entrepreneuriat \u00e0 Uzwil","link":"https:\/\/www.immo-invest.ch\/fr\/neues-start-up-zentrum-foerdert-unternehmertum-in-uzwil\/"}],"featured_image_src":"https:\/\/www.immo-invest.ch\/wp-content\/uploads\/2025\/05\/158678_1-336x168.jpg","_links":{"self":[{"href":"https:\/\/www.immo-invest.ch\/fr\/wp-json\/wp\/v2\/posts\/132161","targetHints":{"allow":["GET"]}}],"collection":[{"href":"https:\/\/www.immo-invest.ch\/fr\/wp-json\/wp\/v2\/posts"}],"about":[{"href":"https:\/\/www.immo-invest.ch\/fr\/wp-json\/wp\/v2\/types\/post"}],"author":[{"embeddable":true,"href":"https:\/\/www.immo-invest.ch\/fr\/wp-json\/wp\/v2\/users\/2"}],"replies":[{"embeddable":true,"href":"https:\/\/www.immo-invest.ch\/fr\/wp-json\/wp\/v2\/comments?post=132161"}],"version-history":[{"count":0,"href":"https:\/\/www.immo-invest.ch\/fr\/wp-json\/wp\/v2\/posts\/132161\/revisions"}],"wp:featuredmedia":[{"embeddable":true,"href":"https:\/\/www.immo-invest.ch\/fr\/wp-json\/wp\/v2\/media\/132150"}],"wp:attachment":[{"href":"https:\/\/www.immo-invest.ch\/fr\/wp-json\/wp\/v2\/media?parent=132161"}],"wp:term":[{"taxonomy":"category","embeddable":true,"href":"https:\/\/www.immo-invest.ch\/fr\/wp-json\/wp\/v2\/categories?post=132161"},{"taxonomy":"post_tag","embeddable":true,"href":"https:\/\/www.immo-invest.ch\/fr\/wp-json\/wp\/v2\/tags?post=132161"}],"curies":[{"name":"wp","href":"https:\/\/api.w.org\/{rel}","templated":true}]}}