{"id":132041,"date":"2025-05-13T15:29:42","date_gmt":"2025-05-13T13:29:42","guid":{"rendered":"https:\/\/www.immo-invest.ch\/historisches-areal-wird-zu-neuem-kultur-und-bildungszentrum\/"},"modified":"2025-05-13T16:07:45","modified_gmt":"2025-05-13T14:07:45","slug":"historisches-areal-wird-zu-neuem-kultur-und-bildungszentrum","status":"publish","type":"post","link":"https:\/\/www.immo-invest.ch\/fr\/historisches-areal-wird-zu-neuem-kultur-und-bildungszentrum\/","title":{"rendered":"Le site historique devient un nouveau centre culturel et \u00e9ducatif"},"content":{"rendered":"<p class=\"wp-block-paragraph\">Avec la r&eacute;novation du site de Kammgarn, la ville de Schaffhouse poursuit un objectif ambitieux : la transformation du site historique en un lieu attractif pour la culture, la formation et les rencontres. En ao&ucirc;t 2020, les &eacute;lecteurs de Schaffhouse ont d&eacute;j&agrave; approuv&eacute; ce projet.<br>Le r&eacute;am&eacute;nagement complet cr&eacute;e non seulement un meilleur lien avec le tissu urbain, mais aussi de nouvelles possibilit&eacute;s d&rsquo;utilisation. En plus des acc&egrave;s existants depuis la Baumgartenstrasse, la Rheinuferstrasse et la Rheinstrasse, un nouveau passage sera r&eacute;alis&eacute; le long de la Klosterstrasse. Cela renforce les liens avec la vieille ville et augmente l&rsquo;attractivit&eacute; du <span class=\"glossaryLink\" aria-describedby=\"tt\" data-cmtooltip=\"&lt;div class=glossaryItemTitle&gt;Quartier&lt;\/div&gt;&lt;div class=glossaryItemBody&gt;Amtliches, historisches, soziales oder stadtplanerisches Stadtviertel&lt;\/div&gt;\" data-mobile-support=\"0\" data-gt-translate-attributes='[{\"attribute\":\"data-cmtooltip\", \"format\":\"html\"}]' tabindex=\"0\" role=\"link\">quartier<\/span>. Le Kammgarnareal fera partie d&rsquo;un &laquo;&nbsp;collier de perles&nbsp;&raquo; de lieux de rencontre le long des rives du Rhin, qui valoriseront durablement la zone.<\/p>\n\n\n\n\n\n<p class=\"wp-block-paragraph\"><strong>Une meilleure qualit&eacute; de s&eacute;jour gr&acirc;ce &agrave; de nouveaux espaces libres<\/strong><br>Le r&eacute;am&eacute;nagement du Kammgarnhof permettra de transformer la cour int&eacute;rieure, utilis&eacute;e jusqu&rsquo;&agrave; pr&eacute;sent comme parking, en une zone sans voitures. Des espaces verts, des si&egrave;ges et un jeu d&rsquo;eau augmentent la qualit&eacute; de s&eacute;jour et font de la cour un lieu de rencontre central. Le r&eacute;am&eacute;nagement permet une utilisation polyvalente pour les &eacute;v&eacute;nements, la culture et les loisirs.<\/p>\n\n\n\n\n\n<p class=\"wp-block-paragraph\">Un autre &eacute;l&eacute;ment cl&eacute; du d&eacute;veloppement est la construction d&rsquo;un parking souterrain d&rsquo;un &eacute;tage avec environ 90 places de stationnement, qui sera construit sous la cour. Ainsi, toute la zone en surface sera exempte de voitures et b&eacute;n&eacute;ficiera de nouvelles possibilit&eacute;s d&rsquo;utilisation. Une pergola sera construite devant l&rsquo;aile ouest, tandis qu&rsquo;une terrasse spacieuse sera am&eacute;nag&eacute;e devant l&rsquo;aile nord.<\/p>\n\n\n\n\n\n<p class=\"wp-block-paragraph\"><strong>Une infrastructure moderne pour la culture et l&rsquo;&eacute;ducation<\/strong><br>L&rsquo;aile ouest du site de Kammgarn sera pr&eacute;par&eacute;e pour de nouvelles utilisations dans le cadre de la r&eacute;novation. La biblioth&egrave;que et la ludoth&egrave;que s&rsquo;installeront au rez-de-chauss&eacute;e et au premier &eacute;tage. Des fa&ccedil;ades vitr&eacute;es permettront aux passants de d&eacute;couvrir le monde des livres et des jeux.<br>La Haute &eacute;cole p&eacute;dagogique de Schaffhouse occupera le deuxi&egrave;me et le troisi&egrave;me &eacute;tage, tandis que le quatri&egrave;me &eacute;tage sera disponible pour d&rsquo;autres locataires. Cette utilisation diversifi&eacute;e renforce l&rsquo;importance du site en tant que centre &eacute;ducatif et culturel.<\/p>\n\n\n\n\n\n<p class=\"wp-block-paragraph\"><strong>Avancement des travaux et travaux arch&eacute;ologiques<\/strong><br>Le d&eacute;but officiel des travaux a eu lieu en septembre 2024 avec le premier coup de pioche symbolique. Au pr&eacute;alable, des fouilles arch&eacute;ologiques de sauvetage ont &eacute;t&eacute; men&eacute;es et ont permis de d&eacute;couvrir des objets importants datant des 1000 derni&egrave;res ann&eacute;es.<\/p>\n\n\n\n\n\n<p class=\"wp-block-paragraph\">Actuellement, les travaux du parking souterrain et le r&eacute;am&eacute;nagement de la cour sont en cours. Parall&egrave;lement, la r&eacute;novation de l&rsquo;aile ouest progresse. Outre les mesures statiques, les fa&ccedil;ades et le toit sont r&eacute;nov&eacute;s et l&rsquo;am&eacute;nagement int&eacute;rieur est en cours de pr&eacute;paration.<\/p>\n\n\n\n\n\n<p class=\"wp-block-paragraph\">La premi&egrave;re dalle de la nouvelle cour a &eacute;t&eacute; coul&eacute;e en janvier 2025. Afin de prot&eacute;ger les arbres de valeur, un mur de sout&egrave;nement (R&uuml;hlwand) sera &eacute;rig&eacute; autour du grand marronnier de la cour.<\/p>\n\n\n\n\n\n<p class=\"wp-block-paragraph\"><strong>Un nouveau lieu de rencontre pour Schaffhouse<\/strong><br>Apr&egrave;s le r&eacute;am&eacute;nagement, le Kammgarnhof deviendra un lieu de s&eacute;jour attrayant pour la population et les visiteurs de la ville. Lire, rencontrer des amis ou profiter de concerts &ndash; tout cela sera possible dans cet environnement r&eacute;am&eacute;nag&eacute;.<\/p>\n\n\n\n\n\n<p class=\"wp-block-paragraph\">La construction du parking souterrain est financ&eacute;e conjointement avec IWC Schaffhausen, le voisin direct du site. Cette &eacute;troite collaboration donne naissance &agrave; une solution durable qui am&eacute;liore &agrave; la fois la fluidit&eacute; du trafic et la qualit&eacute; de vie.<\/p>\n\n\n\n\n\n<p class=\"wp-block-paragraph\"><strong>Un <span class=\"glossaryLink\" aria-describedby=\"tt\" data-cmtooltip=\"&lt;div class=glossaryItemTitle&gt;Quartier&lt;\/div&gt;&lt;div class=glossaryItemBody&gt;Amtliches, historisches, soziales oder stadtplanerisches Stadtviertel&lt;\/div&gt;\" data-mobile-support=\"0\" data-gt-translate-attributes='[{\"attribute\":\"data-cmtooltip\", \"format\":\"html\"}]' tabindex=\"0\" role=\"link\">quartier<\/span> vivant et plein d&rsquo;avenir<\/strong><br>Gr&acirc;ce &agrave; la r&eacute;novation et au r&eacute;am&eacute;nagement complets, le Kammgarnareal deviendra un centre culturel, &eacute;ducatif et de rencontre moderne. Le lien avec la vieille ville et le Rhin sera renforc&eacute;, tandis que de nouvelles utilisations enrichiront le paysage urbain de Schaffhouse. L&rsquo;ach&egrave;vement du projet est pr&eacute;vu pour fin 2026 &ndash; une &eacute;tape importante pour le d&eacute;veloppement &agrave; long terme de la ville.<\/p>\n\n","protected":false},"excerpt":{"rendered":"<p>Le site de Kammgarn \u00e0 Schaffhouse sera enti\u00e8rement r\u00e9nov\u00e9 et d\u00e9velopp\u00e9 d&rsquo;ici 2026 afin de cr\u00e9er un quartier moderne, culturel et ax\u00e9 sur l&rsquo;\u00e9ducation. La r\u00e9novation de l&rsquo;aile ouest, la construction d&rsquo;un parking souterrain et le r\u00e9am\u00e9nagement du Kammgarnhof permettront de cr\u00e9er de nouveaux espaces pour les rencontres, les \u00e9v\u00e9nements et l&rsquo;\u00e9ducation. Le projet s&rsquo;inscrit dans une vision urbanistique qui relie davantage le site \u00e0 la vieille ville et au Rhin.<\/p>\n","protected":false},"author":2,"featured_media":131988,"comment_status":"open","ping_status":"open","sticky":false,"template":"","format":"standard","meta":{"pmpro_default_level":"","inline_featured_image":false,"_monsterinsights_skip_tracking":false,"footnotes":""},"categories":[22357,739,22336],"tags":[42191,3061,44241,848,872,4259,1157],"class_list":["post-132041","post","type-post","status-publish","format-standard","has-post-thumbnail","hentry","category-industrie-du-batiment","category-projects","category-schaffhouse","tag-begegnungszone-fr","tag-bildung-fr","tag-historik-fr","tag-immobilien-fr","tag-immoinvest-fr","tag-kultur-fr","tag-sanierung-fr","pmpro-has-access"],"acf":{"bild_mit_ki_erstellt_worden":[],"lead":"Le site de Kammgarn \u00e0 Schaffhouse sera enti\u00e8rement r\u00e9nov\u00e9 et d\u00e9velopp\u00e9 d'ici 2026 afin de cr\u00e9er un quartier moderne, culturel et ax\u00e9 sur l'\u00e9ducation. La r\u00e9novation de l'aile ouest, la construction d'un parking souterrain et le r\u00e9am\u00e9nagement du Kammgarnhof permettront de cr\u00e9er de nouveaux espaces pour les rencontres, les \u00e9v\u00e9nements et l'\u00e9ducation. Le projet s'inscrit dans une vision urbanistique qui relie davantage le site \u00e0 la vieille ville et au Rhin.","autor":"Quelle: immo!nvest Magazin GZA","ort":"","bildunterschrift":"","bild_im_grid":false,"gallerie":"","newsim":""},"aioseo_notices":[],"aioseo_head":"\n\t\t<!-- All in One SEO 5.0.0.1 - aioseo.com -->\n\t<meta name=\"description\" content=\"Le site de Kammgarn \u00e0 Schaffhouse sera enti\u00e8rement r\u00e9nov\u00e9 et d\u00e9velopp\u00e9 d&#039;ici 2026 afin de cr\u00e9er un quartier moderne, culturel et ax\u00e9 sur l&#039;\u00e9ducation. La r\u00e9novation de l&#039;aile ouest, la construction d&#039;un parking souterrain et le r\u00e9am\u00e9nagement du Kammgarnhof permettront de cr\u00e9er de nouveaux espaces pour les rencontres, les \u00e9v\u00e9nements et l&#039;\u00e9ducation. Le projet s&#039;inscrit dans une vision urbanistique qui relie davantage le site \u00e0 la vieille ville et au Rhin.\" \/>\n\t<meta name=\"robots\" content=\"max-image-preview:large\" \/>\n\t<meta name=\"author\" content=\"immovestuser\"\/>\n\t<meta name=\"google-site-verification\" content=\"fHJKvgWpZCR2zVBHWfkQeFXC11qieUSff0HGNYfuyLA\" \/>\n\t<link rel=\"canonical\" href=\"https:\/\/www.immo-invest.ch\/fr\/historisches-areal-wird-zu-neuem-kultur-und-bildungszentrum\/\" \/>\n\t<meta name=\"generator\" content=\"All in One SEO (AIOSEO) 5.0.0.1\" \/>\n\t\t<meta property=\"og:locale\" content=\"fr_FR\" \/>\n\t\t<meta property=\"og:site_name\" content=\"immo!nvest - Die Plattform f\u00fcr Standorte und Immobilien - Die\u00a0Plattform f\u00fcr Standorte und Immobilien\" \/>\n\t\t<meta property=\"og:type\" content=\"article\" \/>\n\t\t<meta property=\"og:title\" content=\"Le site historique devient un nouveau centre culturel et \u00e9ducatif - immo!nvest - Die Plattform f\u00fcr Standorte und Immobilien\" \/>\n\t\t<meta property=\"og:description\" content=\"Le site de Kammgarn \u00e0 Schaffhouse sera enti\u00e8rement r\u00e9nov\u00e9 et d\u00e9velopp\u00e9 d&#039;ici 2026 afin de cr\u00e9er un quartier moderne, culturel et ax\u00e9 sur l&#039;\u00e9ducation. La r\u00e9novation de l&#039;aile ouest, la construction d&#039;un parking souterrain et le r\u00e9am\u00e9nagement du Kammgarnhof permettront de cr\u00e9er de nouveaux espaces pour les rencontres, les \u00e9v\u00e9nements et l&#039;\u00e9ducation. Le projet s&#039;inscrit dans une vision urbanistique qui relie davantage le site \u00e0 la vieille ville et au Rhin.\" \/>\n\t\t<meta property=\"og:url\" content=\"https:\/\/www.immo-invest.ch\/fr\/historisches-areal-wird-zu-neuem-kultur-und-bildungszentrum\/\" \/>\n\t\t<meta property=\"og:image\" content=\"https:\/\/www.immo-invest.ch\/wp-content\/uploads\/2025\/05\/230810_BergerHammann_Baumgartenstrasse_C-fcf27fbd.jpeg\" \/>\n\t\t<meta property=\"og:image:secure_url\" content=\"https:\/\/www.immo-invest.ch\/wp-content\/uploads\/2025\/05\/230810_BergerHammann_Baumgartenstrasse_C-fcf27fbd.jpeg\" \/>\n\t\t<meta property=\"og:image:width\" content=\"1600\" \/>\n\t\t<meta property=\"og:image:height\" content=\"1066\" \/>\n\t\t<meta property=\"article:published_time\" content=\"2025-05-13T13:29:42+00:00\" \/>\n\t\t<meta property=\"article:modified_time\" content=\"2025-05-13T14:07:45+00:00\" \/>\n\t\t<meta property=\"article:publisher\" content=\"https:\/\/www.facebook.com\/people\/Immoinvest\/100077962920504\/\" \/>\n\t\t<meta name=\"twitter:card\" content=\"summary_large_image\" \/>\n\t\t<meta name=\"twitter:site\" content=\"@i\" \/>\n\t\t<meta name=\"twitter:title\" content=\"Le site historique devient un nouveau centre culturel et \u00e9ducatif - immo!nvest - Die Plattform f\u00fcr Standorte und Immobilien\" \/>\n\t\t<meta name=\"twitter:description\" content=\"Le site de Kammgarn \u00e0 Schaffhouse sera enti\u00e8rement r\u00e9nov\u00e9 et d\u00e9velopp\u00e9 d&#039;ici 2026 afin de cr\u00e9er un quartier moderne, culturel et ax\u00e9 sur l&#039;\u00e9ducation. La r\u00e9novation de l&#039;aile ouest, la construction d&#039;un parking souterrain et le r\u00e9am\u00e9nagement du Kammgarnhof permettront de cr\u00e9er de nouveaux espaces pour les rencontres, les \u00e9v\u00e9nements et l&#039;\u00e9ducation. Le projet s&#039;inscrit dans une vision urbanistique qui relie davantage le site \u00e0 la vieille ville et au Rhin.\" \/>\n\t\t<meta name=\"twitter:creator\" content=\"@i\" \/>\n\t\t<meta name=\"twitter:image\" content=\"https:\/\/www.immo-invest.ch\/wp-content\/uploads\/2025\/05\/230810_BergerHammann_Baumgartenstrasse_C-fcf27fbd.jpeg\" \/>\n\t\t<script type=\"application\/ld+json\" class=\"aioseo-schema\">\n\t\t\t{\"@context\":\"https:\\\/\\\/schema.org\",\"@graph\":[{\"@type\":\"BlogPosting\",\"@id\":\"https:\\\/\\\/www.immo-invest.ch\\\/fr\\\/historisches-areal-wird-zu-neuem-kultur-und-bildungszentrum\\\/#blogposting\",\"name\":\"Le site historique devient un nouveau centre culturel et \\u00e9ducatif - immo!nvest - Die Plattform f\\u00fcr Standorte und Immobilien\",\"headline\":\"Le site historique devient un nouveau centre culturel et \\u00e9ducatif\",\"author\":{\"@id\":\"https:\\\/\\\/www.immo-invest.ch\\\/fr\\\/author\\\/immovestuser\\\/#author\"},\"publisher\":{\"@id\":\"https:\\\/\\\/www.immo-invest.ch\\\/fr\\\/#organization\"},\"image\":{\"@type\":\"ImageObject\",\"url\":\"https:\\\/\\\/www.immo-invest.ch\\\/wp-content\\\/uploads\\\/2025\\\/05\\\/230810_BergerHammann_Baumgartenstrasse_C-fcf27fbd.jpeg\",\"width\":1600,\"height\":1066},\"datePublished\":\"2025-05-13T15:29:42+02:00\",\"dateModified\":\"2025-05-13T16:07:45+02:00\",\"inLanguage\":\"fr-FR\",\"mainEntityOfPage\":{\"@id\":\"https:\\\/\\\/www.immo-invest.ch\\\/fr\\\/historisches-areal-wird-zu-neuem-kultur-und-bildungszentrum\\\/#webpage\"},\"isPartOf\":{\"@id\":\"https:\\\/\\\/www.immo-invest.ch\\\/fr\\\/historisches-areal-wird-zu-neuem-kultur-und-bildungszentrum\\\/#webpage\"},\"articleSection\":\"Industrie du b\\u00e2timent, Projects, Schaffhouse, Begegnungszone, Bildung, Historik, immobilien, Immoinvest, Kultur, Sanierung, Facultatif\"},{\"@type\":\"BreadcrumbList\",\"@id\":\"https:\\\/\\\/www.immo-invest.ch\\\/fr\\\/historisches-areal-wird-zu-neuem-kultur-und-bildungszentrum\\\/#breadcrumblist\",\"itemListElement\":[{\"@type\":\"ListItem\",\"@id\":\"https:\\\/\\\/www.immo-invest.ch\\\/fr\\\/#listItem\",\"position\":1,\"name\":\"Home\",\"item\":\"https:\\\/\\\/www.immo-invest.ch\\\/fr\\\/\",\"nextItem\":{\"@type\":\"ListItem\",\"@id\":\"https:\\\/\\\/www.immo-invest.ch\\\/fr\\\/categories\\\/regions\\\/#listItem\",\"name\":\"R\\u00e9gions\"}},{\"@type\":\"ListItem\",\"@id\":\"https:\\\/\\\/www.immo-invest.ch\\\/fr\\\/categories\\\/regions\\\/#listItem\",\"position\":2,\"name\":\"R\\u00e9gions\",\"item\":\"https:\\\/\\\/www.immo-invest.ch\\\/fr\\\/categories\\\/regions\\\/\",\"nextItem\":{\"@type\":\"ListItem\",\"@id\":\"https:\\\/\\\/www.immo-invest.ch\\\/fr\\\/categories\\\/regions\\\/suisse\\\/#listItem\",\"name\":\"Suisse\"},\"previousItem\":{\"@type\":\"ListItem\",\"@id\":\"https:\\\/\\\/www.immo-invest.ch\\\/fr\\\/#listItem\",\"name\":\"Home\"}},{\"@type\":\"ListItem\",\"@id\":\"https:\\\/\\\/www.immo-invest.ch\\\/fr\\\/categories\\\/regions\\\/suisse\\\/#listItem\",\"position\":3,\"name\":\"Suisse\",\"item\":\"https:\\\/\\\/www.immo-invest.ch\\\/fr\\\/categories\\\/regions\\\/suisse\\\/\",\"nextItem\":{\"@type\":\"ListItem\",\"@id\":\"https:\\\/\\\/www.immo-invest.ch\\\/fr\\\/categories\\\/regions\\\/suisse\\\/suisse-orientale\\\/#listItem\",\"name\":\"Suisse orientale\"},\"previousItem\":{\"@type\":\"ListItem\",\"@id\":\"https:\\\/\\\/www.immo-invest.ch\\\/fr\\\/categories\\\/regions\\\/#listItem\",\"name\":\"R\\u00e9gions\"}},{\"@type\":\"ListItem\",\"@id\":\"https:\\\/\\\/www.immo-invest.ch\\\/fr\\\/categories\\\/regions\\\/suisse\\\/suisse-orientale\\\/#listItem\",\"position\":4,\"name\":\"Suisse orientale\",\"item\":\"https:\\\/\\\/www.immo-invest.ch\\\/fr\\\/categories\\\/regions\\\/suisse\\\/suisse-orientale\\\/\",\"nextItem\":{\"@type\":\"ListItem\",\"@id\":\"https:\\\/\\\/www.immo-invest.ch\\\/fr\\\/categories\\\/regions\\\/suisse\\\/suisse-orientale\\\/schaffhouse\\\/#listItem\",\"name\":\"Schaffhouse\"},\"previousItem\":{\"@type\":\"ListItem\",\"@id\":\"https:\\\/\\\/www.immo-invest.ch\\\/fr\\\/categories\\\/regions\\\/suisse\\\/#listItem\",\"name\":\"Suisse\"}},{\"@type\":\"ListItem\",\"@id\":\"https:\\\/\\\/www.immo-invest.ch\\\/fr\\\/categories\\\/regions\\\/suisse\\\/suisse-orientale\\\/schaffhouse\\\/#listItem\",\"position\":5,\"name\":\"Schaffhouse\",\"item\":\"https:\\\/\\\/www.immo-invest.ch\\\/fr\\\/categories\\\/regions\\\/suisse\\\/suisse-orientale\\\/schaffhouse\\\/\",\"nextItem\":{\"@type\":\"ListItem\",\"@id\":\"https:\\\/\\\/www.immo-invest.ch\\\/fr\\\/historisches-areal-wird-zu-neuem-kultur-und-bildungszentrum\\\/#listItem\",\"name\":\"Le site historique devient un nouveau centre culturel et \\u00e9ducatif\"},\"previousItem\":{\"@type\":\"ListItem\",\"@id\":\"https:\\\/\\\/www.immo-invest.ch\\\/fr\\\/categories\\\/regions\\\/suisse\\\/suisse-orientale\\\/#listItem\",\"name\":\"Suisse orientale\"}},{\"@type\":\"ListItem\",\"@id\":\"https:\\\/\\\/www.immo-invest.ch\\\/fr\\\/historisches-areal-wird-zu-neuem-kultur-und-bildungszentrum\\\/#listItem\",\"position\":6,\"name\":\"Le site historique devient un nouveau centre culturel et \\u00e9ducatif\",\"previousItem\":{\"@type\":\"ListItem\",\"@id\":\"https:\\\/\\\/www.immo-invest.ch\\\/fr\\\/categories\\\/regions\\\/suisse\\\/suisse-orientale\\\/schaffhouse\\\/#listItem\",\"name\":\"Schaffhouse\"}}]},{\"@type\":\"Organization\",\"@id\":\"https:\\\/\\\/www.immo-invest.ch\\\/fr\\\/#organization\",\"name\":\"immo!nvest - Die Plattform f\\u00fcr Standorte und Immobilien\",\"description\":\"Die\\u00a0Plattform f\\u00fcr Standorte und Immobilien\",\"url\":\"https:\\\/\\\/www.immo-invest.ch\\\/fr\\\/\",\"email\":\"admin@immomedia.ag\",\"telephone\":\"+41444420002\",\"logo\":{\"@type\":\"ImageObject\",\"url\":\"https:\\\/\\\/www.immo-invest.ch\\\/wp-content\\\/uploads\\\/2024\\\/09\\\/immoinvest_sm-scaled.jpg\",\"@id\":\"https:\\\/\\\/www.immo-invest.ch\\\/fr\\\/historisches-areal-wird-zu-neuem-kultur-und-bildungszentrum\\\/#organizationLogo\",\"width\":2560,\"height\":1340},\"image\":{\"@id\":\"https:\\\/\\\/www.immo-invest.ch\\\/fr\\\/historisches-areal-wird-zu-neuem-kultur-und-bildungszentrum\\\/#organizationLogo\"},\"sameAs\":[\"https:\\\/\\\/www.facebook.com\\\/people\\\/Immoinvest\\\/100077962920504\\\/\",\"https:\\\/\\\/x.com\\\/i\\\/flow\\\/login?redirect_after_login=immoinvest_ch\",\"https:\\\/\\\/www.instagram.com\\\/immoinvest_ch\\\/\",\"https:\\\/\\\/www.linkedin.com\\\/company\\\/immoinvest-swiss\"]},{\"@type\":\"Person\",\"@id\":\"https:\\\/\\\/www.immo-invest.ch\\\/fr\\\/author\\\/immovestuser\\\/#author\",\"url\":\"https:\\\/\\\/www.immo-invest.ch\\\/fr\\\/author\\\/immovestuser\\\/\",\"name\":\"immovestuser\",\"image\":{\"@type\":\"ImageObject\",\"@id\":\"https:\\\/\\\/www.immo-invest.ch\\\/fr\\\/historisches-areal-wird-zu-neuem-kultur-und-bildungszentrum\\\/#authorImage\",\"url\":\"https:\\\/\\\/secure.gravatar.com\\\/avatar\\\/8e01f4d99f2eeea7a362ebb93305e1172a70e9293ba250f897a65c39f54cdd1e?s=96&d=mm&r=g\",\"width\":96,\"height\":96,\"caption\":\"immovestuser\"}},{\"@type\":\"WebPage\",\"@id\":\"https:\\\/\\\/www.immo-invest.ch\\\/fr\\\/historisches-areal-wird-zu-neuem-kultur-und-bildungszentrum\\\/#webpage\",\"url\":\"https:\\\/\\\/www.immo-invest.ch\\\/fr\\\/historisches-areal-wird-zu-neuem-kultur-und-bildungszentrum\\\/\",\"name\":\"Le site historique devient un nouveau centre culturel et \\u00e9ducatif - immo!nvest - Die Plattform f\\u00fcr Standorte und Immobilien\",\"description\":\"Le site de Kammgarn \\u00e0 Schaffhouse sera enti\\u00e8rement r\\u00e9nov\\u00e9 et d\\u00e9velopp\\u00e9 d'ici 2026 afin de cr\\u00e9er un quartier moderne, culturel et ax\\u00e9 sur l'\\u00e9ducation. La r\\u00e9novation de l'aile ouest, la construction d'un parking souterrain et le r\\u00e9am\\u00e9nagement du Kammgarnhof permettront de cr\\u00e9er de nouveaux espaces pour les rencontres, les \\u00e9v\\u00e9nements et l'\\u00e9ducation. Le projet s'inscrit dans une vision urbanistique qui relie davantage le site \\u00e0 la vieille ville et au Rhin.\",\"inLanguage\":\"fr-FR\",\"isPartOf\":{\"@id\":\"https:\\\/\\\/www.immo-invest.ch\\\/fr\\\/#website\"},\"breadcrumb\":{\"@id\":\"https:\\\/\\\/www.immo-invest.ch\\\/fr\\\/historisches-areal-wird-zu-neuem-kultur-und-bildungszentrum\\\/#breadcrumblist\"},\"author\":{\"@id\":\"https:\\\/\\\/www.immo-invest.ch\\\/fr\\\/author\\\/immovestuser\\\/#author\"},\"creator\":{\"@id\":\"https:\\\/\\\/www.immo-invest.ch\\\/fr\\\/author\\\/immovestuser\\\/#author\"},\"image\":{\"@type\":\"ImageObject\",\"url\":\"https:\\\/\\\/www.immo-invest.ch\\\/wp-content\\\/uploads\\\/2025\\\/05\\\/230810_BergerHammann_Baumgartenstrasse_C-fcf27fbd.jpeg\",\"@id\":\"https:\\\/\\\/www.immo-invest.ch\\\/fr\\\/historisches-areal-wird-zu-neuem-kultur-und-bildungszentrum\\\/#mainImage\",\"width\":1600,\"height\":1066},\"primaryImageOfPage\":{\"@id\":\"https:\\\/\\\/www.immo-invest.ch\\\/fr\\\/historisches-areal-wird-zu-neuem-kultur-und-bildungszentrum\\\/#mainImage\"},\"datePublished\":\"2025-05-13T15:29:42+02:00\",\"dateModified\":\"2025-05-13T16:07:45+02:00\"},{\"@type\":\"WebSite\",\"@id\":\"https:\\\/\\\/www.immo-invest.ch\\\/fr\\\/#website\",\"url\":\"https:\\\/\\\/www.immo-invest.ch\\\/fr\\\/\",\"name\":\"immo!nvest - Die Plattform f\\u00fcr Standorte und Immobilien\",\"description\":\"Die\\u00a0Plattform f\\u00fcr Standorte und Immobilien\",\"inLanguage\":\"fr-FR\",\"publisher\":{\"@id\":\"https:\\\/\\\/www.immo-invest.ch\\\/fr\\\/#organization\"}}]}\n\t\t<\/script>\n\t\t<!-- All in One SEO -->\n\n","aioseo_head_json":{"title":"Le site historique devient un nouveau centre culturel et \u00e9ducatif - immo!nvest - Die Plattform f\u00fcr Standorte und Immobilien","description":"Le site de Kammgarn \u00e0 Schaffhouse sera enti\u00e8rement r\u00e9nov\u00e9 et d\u00e9velopp\u00e9 d'ici 2026 afin de cr\u00e9er un quartier moderne, culturel et ax\u00e9 sur l'\u00e9ducation. La r\u00e9novation de l'aile ouest, la construction d'un parking souterrain et le r\u00e9am\u00e9nagement du Kammgarnhof permettront de cr\u00e9er de nouveaux espaces pour les rencontres, les \u00e9v\u00e9nements et l'\u00e9ducation. Le projet s'inscrit dans une vision urbanistique qui relie davantage le site \u00e0 la vieille ville et au Rhin.","canonical_url":"https:\/\/www.immo-invest.ch\/fr\/historisches-areal-wird-zu-neuem-kultur-und-bildungszentrum\/","robots":"max-image-preview:large","keywords":"","webmasterTools":{"google-site-verification":"fHJKvgWpZCR2zVBHWfkQeFXC11qieUSff0HGNYfuyLA","miscellaneous":""},"schema":{"@context":"https:\/\/schema.org","@graph":[{"@type":"BlogPosting","@id":"https:\/\/www.immo-invest.ch\/fr\/historisches-areal-wird-zu-neuem-kultur-und-bildungszentrum\/#blogposting","name":"Le site historique devient un nouveau centre culturel et \u00e9ducatif - immo!nvest - Die Plattform f\u00fcr Standorte und Immobilien","headline":"Le site historique devient un nouveau centre culturel et \u00e9ducatif","author":{"@id":"https:\/\/www.immo-invest.ch\/fr\/author\/immovestuser\/#author"},"publisher":{"@id":"https:\/\/www.immo-invest.ch\/fr\/#organization"},"image":{"@type":"ImageObject","url":"https:\/\/www.immo-invest.ch\/wp-content\/uploads\/2025\/05\/230810_BergerHammann_Baumgartenstrasse_C-fcf27fbd.jpeg","width":1600,"height":1066},"datePublished":"2025-05-13T15:29:42+02:00","dateModified":"2025-05-13T16:07:45+02:00","inLanguage":"fr-FR","mainEntityOfPage":{"@id":"https:\/\/www.immo-invest.ch\/fr\/historisches-areal-wird-zu-neuem-kultur-und-bildungszentrum\/#webpage"},"isPartOf":{"@id":"https:\/\/www.immo-invest.ch\/fr\/historisches-areal-wird-zu-neuem-kultur-und-bildungszentrum\/#webpage"},"articleSection":"Industrie du b\u00e2timent, Projects, Schaffhouse, Begegnungszone, Bildung, Historik, immobilien, Immoinvest, Kultur, Sanierung, Facultatif"},{"@type":"BreadcrumbList","@id":"https:\/\/www.immo-invest.ch\/fr\/historisches-areal-wird-zu-neuem-kultur-und-bildungszentrum\/#breadcrumblist","itemListElement":[{"@type":"ListItem","@id":"https:\/\/www.immo-invest.ch\/fr\/#listItem","position":1,"name":"Home","item":"https:\/\/www.immo-invest.ch\/fr\/","nextItem":{"@type":"ListItem","@id":"https:\/\/www.immo-invest.ch\/fr\/categories\/regions\/#listItem","name":"R\u00e9gions"}},{"@type":"ListItem","@id":"https:\/\/www.immo-invest.ch\/fr\/categories\/regions\/#listItem","position":2,"name":"R\u00e9gions","item":"https:\/\/www.immo-invest.ch\/fr\/categories\/regions\/","nextItem":{"@type":"ListItem","@id":"https:\/\/www.immo-invest.ch\/fr\/categories\/regions\/suisse\/#listItem","name":"Suisse"},"previousItem":{"@type":"ListItem","@id":"https:\/\/www.immo-invest.ch\/fr\/#listItem","name":"Home"}},{"@type":"ListItem","@id":"https:\/\/www.immo-invest.ch\/fr\/categories\/regions\/suisse\/#listItem","position":3,"name":"Suisse","item":"https:\/\/www.immo-invest.ch\/fr\/categories\/regions\/suisse\/","nextItem":{"@type":"ListItem","@id":"https:\/\/www.immo-invest.ch\/fr\/categories\/regions\/suisse\/suisse-orientale\/#listItem","name":"Suisse orientale"},"previousItem":{"@type":"ListItem","@id":"https:\/\/www.immo-invest.ch\/fr\/categories\/regions\/#listItem","name":"R\u00e9gions"}},{"@type":"ListItem","@id":"https:\/\/www.immo-invest.ch\/fr\/categories\/regions\/suisse\/suisse-orientale\/#listItem","position":4,"name":"Suisse orientale","item":"https:\/\/www.immo-invest.ch\/fr\/categories\/regions\/suisse\/suisse-orientale\/","nextItem":{"@type":"ListItem","@id":"https:\/\/www.immo-invest.ch\/fr\/categories\/regions\/suisse\/suisse-orientale\/schaffhouse\/#listItem","name":"Schaffhouse"},"previousItem":{"@type":"ListItem","@id":"https:\/\/www.immo-invest.ch\/fr\/categories\/regions\/suisse\/#listItem","name":"Suisse"}},{"@type":"ListItem","@id":"https:\/\/www.immo-invest.ch\/fr\/categories\/regions\/suisse\/suisse-orientale\/schaffhouse\/#listItem","position":5,"name":"Schaffhouse","item":"https:\/\/www.immo-invest.ch\/fr\/categories\/regions\/suisse\/suisse-orientale\/schaffhouse\/","nextItem":{"@type":"ListItem","@id":"https:\/\/www.immo-invest.ch\/fr\/historisches-areal-wird-zu-neuem-kultur-und-bildungszentrum\/#listItem","name":"Le site historique devient un nouveau centre culturel et \u00e9ducatif"},"previousItem":{"@type":"ListItem","@id":"https:\/\/www.immo-invest.ch\/fr\/categories\/regions\/suisse\/suisse-orientale\/#listItem","name":"Suisse orientale"}},{"@type":"ListItem","@id":"https:\/\/www.immo-invest.ch\/fr\/historisches-areal-wird-zu-neuem-kultur-und-bildungszentrum\/#listItem","position":6,"name":"Le site historique devient un nouveau centre culturel et \u00e9ducatif","previousItem":{"@type":"ListItem","@id":"https:\/\/www.immo-invest.ch\/fr\/categories\/regions\/suisse\/suisse-orientale\/schaffhouse\/#listItem","name":"Schaffhouse"}}]},{"@type":"Organization","@id":"https:\/\/www.immo-invest.ch\/fr\/#organization","name":"immo!nvest - Die Plattform f\u00fcr Standorte und Immobilien","description":"Die\u00a0Plattform f\u00fcr Standorte und Immobilien","url":"https:\/\/www.immo-invest.ch\/fr\/","email":"admin@immomedia.ag","telephone":"+41444420002","logo":{"@type":"ImageObject","url":"https:\/\/www.immo-invest.ch\/wp-content\/uploads\/2024\/09\/immoinvest_sm-scaled.jpg","@id":"https:\/\/www.immo-invest.ch\/fr\/historisches-areal-wird-zu-neuem-kultur-und-bildungszentrum\/#organizationLogo","width":2560,"height":1340},"image":{"@id":"https:\/\/www.immo-invest.ch\/fr\/historisches-areal-wird-zu-neuem-kultur-und-bildungszentrum\/#organizationLogo"},"sameAs":["https:\/\/www.facebook.com\/people\/Immoinvest\/100077962920504\/","https:\/\/x.com\/i\/flow\/login?redirect_after_login=immoinvest_ch","https:\/\/www.instagram.com\/immoinvest_ch\/","https:\/\/www.linkedin.com\/company\/immoinvest-swiss"]},{"@type":"Person","@id":"https:\/\/www.immo-invest.ch\/fr\/author\/immovestuser\/#author","url":"https:\/\/www.immo-invest.ch\/fr\/author\/immovestuser\/","name":"immovestuser","image":{"@type":"ImageObject","@id":"https:\/\/www.immo-invest.ch\/fr\/historisches-areal-wird-zu-neuem-kultur-und-bildungszentrum\/#authorImage","url":"https:\/\/secure.gravatar.com\/avatar\/8e01f4d99f2eeea7a362ebb93305e1172a70e9293ba250f897a65c39f54cdd1e?s=96&d=mm&r=g","width":96,"height":96,"caption":"immovestuser"}},{"@type":"WebPage","@id":"https:\/\/www.immo-invest.ch\/fr\/historisches-areal-wird-zu-neuem-kultur-und-bildungszentrum\/#webpage","url":"https:\/\/www.immo-invest.ch\/fr\/historisches-areal-wird-zu-neuem-kultur-und-bildungszentrum\/","name":"Le site historique devient un nouveau centre culturel et \u00e9ducatif - immo!nvest - Die Plattform f\u00fcr Standorte und Immobilien","description":"Le site de Kammgarn \u00e0 Schaffhouse sera enti\u00e8rement r\u00e9nov\u00e9 et d\u00e9velopp\u00e9 d'ici 2026 afin de cr\u00e9er un quartier moderne, culturel et ax\u00e9 sur l'\u00e9ducation. La r\u00e9novation de l'aile ouest, la construction d'un parking souterrain et le r\u00e9am\u00e9nagement du Kammgarnhof permettront de cr\u00e9er de nouveaux espaces pour les rencontres, les \u00e9v\u00e9nements et l'\u00e9ducation. Le projet s'inscrit dans une vision urbanistique qui relie davantage le site \u00e0 la vieille ville et au Rhin.","inLanguage":"fr-FR","isPartOf":{"@id":"https:\/\/www.immo-invest.ch\/fr\/#website"},"breadcrumb":{"@id":"https:\/\/www.immo-invest.ch\/fr\/historisches-areal-wird-zu-neuem-kultur-und-bildungszentrum\/#breadcrumblist"},"author":{"@id":"https:\/\/www.immo-invest.ch\/fr\/author\/immovestuser\/#author"},"creator":{"@id":"https:\/\/www.immo-invest.ch\/fr\/author\/immovestuser\/#author"},"image":{"@type":"ImageObject","url":"https:\/\/www.immo-invest.ch\/wp-content\/uploads\/2025\/05\/230810_BergerHammann_Baumgartenstrasse_C-fcf27fbd.jpeg","@id":"https:\/\/www.immo-invest.ch\/fr\/historisches-areal-wird-zu-neuem-kultur-und-bildungszentrum\/#mainImage","width":1600,"height":1066},"primaryImageOfPage":{"@id":"https:\/\/www.immo-invest.ch\/fr\/historisches-areal-wird-zu-neuem-kultur-und-bildungszentrum\/#mainImage"},"datePublished":"2025-05-13T15:29:42+02:00","dateModified":"2025-05-13T16:07:45+02:00"},{"@type":"WebSite","@id":"https:\/\/www.immo-invest.ch\/fr\/#website","url":"https:\/\/www.immo-invest.ch\/fr\/","name":"immo!nvest - Die Plattform f\u00fcr Standorte und Immobilien","description":"Die\u00a0Plattform f\u00fcr Standorte und Immobilien","inLanguage":"fr-FR","publisher":{"@id":"https:\/\/www.immo-invest.ch\/fr\/#organization"}}]},"og:locale":"fr_FR","og:site_name":"immo!nvest - Die Plattform f\u00fcr Standorte und Immobilien - Die\u00a0Plattform f\u00fcr Standorte und Immobilien","og:type":"article","og:title":"Le site historique devient un nouveau centre culturel et \u00e9ducatif - immo!nvest - Die Plattform f\u00fcr Standorte und Immobilien","og:description":"Le site de Kammgarn \u00e0 Schaffhouse sera enti\u00e8rement r\u00e9nov\u00e9 et d\u00e9velopp\u00e9 d'ici 2026 afin de cr\u00e9er un quartier moderne, culturel et ax\u00e9 sur l'\u00e9ducation. La r\u00e9novation de l'aile ouest, la construction d'un parking souterrain et le r\u00e9am\u00e9nagement du Kammgarnhof permettront de cr\u00e9er de nouveaux espaces pour les rencontres, les \u00e9v\u00e9nements et l'\u00e9ducation. Le projet s'inscrit dans une vision urbanistique qui relie davantage le site \u00e0 la vieille ville et au Rhin.","og:url":"https:\/\/www.immo-invest.ch\/fr\/historisches-areal-wird-zu-neuem-kultur-und-bildungszentrum\/","og:image":"https:\/\/www.immo-invest.ch\/wp-content\/uploads\/2025\/05\/230810_BergerHammann_Baumgartenstrasse_C-fcf27fbd.jpeg","og:image:secure_url":"https:\/\/www.immo-invest.ch\/wp-content\/uploads\/2025\/05\/230810_BergerHammann_Baumgartenstrasse_C-fcf27fbd.jpeg","og:image:width":1600,"og:image:height":1066,"article:published_time":"2025-05-13T13:29:42+00:00","article:modified_time":"2025-05-13T14:07:45+00:00","article:publisher":"https:\/\/www.facebook.com\/people\/Immoinvest\/100077962920504\/","twitter:card":"summary_large_image","twitter:site":"@i","twitter:title":"Le site historique devient un nouveau centre culturel et \u00e9ducatif - immo!nvest - Die Plattform f\u00fcr Standorte und Immobilien","twitter:description":"Le site de Kammgarn \u00e0 Schaffhouse sera enti\u00e8rement r\u00e9nov\u00e9 et d\u00e9velopp\u00e9 d'ici 2026 afin de cr\u00e9er un quartier moderne, culturel et ax\u00e9 sur l'\u00e9ducation. La r\u00e9novation de l'aile ouest, la construction d'un parking souterrain et le r\u00e9am\u00e9nagement du Kammgarnhof permettront de cr\u00e9er de nouveaux espaces pour les rencontres, les \u00e9v\u00e9nements et l'\u00e9ducation. Le projet s'inscrit dans une vision urbanistique qui relie davantage le site \u00e0 la vieille ville et au Rhin.","twitter:creator":"@i","twitter:image":"https:\/\/www.immo-invest.ch\/wp-content\/uploads\/2025\/05\/230810_BergerHammann_Baumgartenstrasse_C-fcf27fbd.jpeg"},"aioseo_meta_data":{"post_id":"132041","title":null,"description":null,"keywords":null,"keyphrases":{"focus":{"keyphrase":"","score":0,"analysis":{"keyphraseInTitle":{"score":0,"maxScore":9,"error":1}}},"additional":[]},"primary_term":null,"canonical_url":null,"og_title":null,"og_description":null,"og_object_type":"default","og_image_type":"default","og_image_url":null,"og_image_width":null,"og_image_height":null,"og_image_custom_url":null,"og_image_custom_fields":null,"og_video":"","og_custom_url":null,"og_article_section":null,"og_article_tags":null,"twitter_use_og":false,"twitter_card":"default","twitter_image_type":"default","twitter_image_url":null,"twitter_image_custom_url":null,"twitter_image_custom_fields":null,"twitter_title":null,"twitter_description":null,"schema":{"blockGraphs":[],"customGraphs":[],"default":{"data":{"Article":[],"Course":[],"Dataset":[],"FAQPage":[],"Movie":[],"Person":[],"Product":[],"ProductReview":[],"Car":[],"Recipe":[],"Service":[],"SoftwareApplication":[],"WebPage":[]},"graphName":"BlogPosting","isEnabled":true},"graphs":[]},"schema_type":"default","schema_type_options":null,"pillar_content":false,"robots_default":true,"robots_noindex":false,"robots_noarchive":false,"robots_nosnippet":false,"robots_nofollow":false,"robots_noimageindex":false,"robots_noodp":false,"robots_notranslate":false,"robots_max_snippet":"-1","robots_max_videopreview":"-1","robots_max_imagepreview":"large","priority":null,"frequency":"default","local_seo":null,"breadcrumb_settings":null,"limit_modified_date":false,"ai":null,"created":"2025-05-13 13:53:31","updated":"2025-10-24 20:22:18","seo_analyzer_scan_date":null,"focus_keyword":null,"additional_keywords":null,"truseo_locale":null},"aioseo_breadcrumb":"<div class=\"aioseo-breadcrumbs\"><span class=\"aioseo-breadcrumb\">\n\t\t\t<a href=\"https:\/\/www.immo-invest.ch\/fr\/\" title=\"Home\">Home<\/a>\n\t\t<\/span><span class=\"aioseo-breadcrumb-separator\">&raquo;<\/span><span class=\"aioseo-breadcrumb\">\n\t\t\t<a href=\"https:\/\/www.immo-invest.ch\/fr\/categories\/regions\/\" title=\"R\u00e9gions\">R\u00e9gions<\/a>\n\t\t<\/span><span class=\"aioseo-breadcrumb-separator\">&raquo;<\/span><span class=\"aioseo-breadcrumb\">\n\t\t\t<a href=\"https:\/\/www.immo-invest.ch\/fr\/categories\/regions\/suisse\/\" title=\"Suisse\">Suisse<\/a>\n\t\t<\/span><span class=\"aioseo-breadcrumb-separator\">&raquo;<\/span><span class=\"aioseo-breadcrumb\">\n\t\t\t<a href=\"https:\/\/www.immo-invest.ch\/fr\/categories\/regions\/suisse\/suisse-orientale\/\" title=\"Suisse orientale\">Suisse orientale<\/a>\n\t\t<\/span><span class=\"aioseo-breadcrumb-separator\">&raquo;<\/span><span class=\"aioseo-breadcrumb\">\n\t\t\t<a href=\"https:\/\/www.immo-invest.ch\/fr\/categories\/regions\/suisse\/suisse-orientale\/schaffhouse\/\" title=\"Schaffhouse\">Schaffhouse<\/a>\n\t\t<\/span><span class=\"aioseo-breadcrumb-separator\">&raquo;<\/span><span class=\"aioseo-breadcrumb\">\n\t\t\tLe site historique devient un nouveau centre culturel et \u00e9ducatif\n\t\t<\/span><\/div>","aioseo_breadcrumb_json":[{"label":"Home","link":"https:\/\/www.immo-invest.ch\/fr\/"},{"label":"R\u00e9gions","link":"https:\/\/www.immo-invest.ch\/fr\/categories\/regions\/"},{"label":"Suisse","link":"https:\/\/www.immo-invest.ch\/fr\/categories\/regions\/suisse\/"},{"label":"Suisse orientale","link":"https:\/\/www.immo-invest.ch\/fr\/categories\/regions\/suisse\/suisse-orientale\/"},{"label":"Schaffhouse","link":"https:\/\/www.immo-invest.ch\/fr\/categories\/regions\/suisse\/suisse-orientale\/schaffhouse\/"},{"label":"Le site historique devient un nouveau centre culturel et \u00e9ducatif","link":"https:\/\/www.immo-invest.ch\/fr\/historisches-areal-wird-zu-neuem-kultur-und-bildungszentrum\/"}],"featured_image_src":"https:\/\/www.immo-invest.ch\/wp-content\/uploads\/2025\/05\/230810_BergerHammann_Baumgartenstrasse_C-fcf27fbd-336x168.jpeg","_links":{"self":[{"href":"https:\/\/www.immo-invest.ch\/fr\/wp-json\/wp\/v2\/posts\/132041","targetHints":{"allow":["GET"]}}],"collection":[{"href":"https:\/\/www.immo-invest.ch\/fr\/wp-json\/wp\/v2\/posts"}],"about":[{"href":"https:\/\/www.immo-invest.ch\/fr\/wp-json\/wp\/v2\/types\/post"}],"author":[{"embeddable":true,"href":"https:\/\/www.immo-invest.ch\/fr\/wp-json\/wp\/v2\/users\/2"}],"replies":[{"embeddable":true,"href":"https:\/\/www.immo-invest.ch\/fr\/wp-json\/wp\/v2\/comments?post=132041"}],"version-history":[{"count":0,"href":"https:\/\/www.immo-invest.ch\/fr\/wp-json\/wp\/v2\/posts\/132041\/revisions"}],"wp:featuredmedia":[{"embeddable":true,"href":"https:\/\/www.immo-invest.ch\/fr\/wp-json\/wp\/v2\/media\/131988"}],"wp:attachment":[{"href":"https:\/\/www.immo-invest.ch\/fr\/wp-json\/wp\/v2\/media?parent=132041"}],"wp:term":[{"taxonomy":"category","embeddable":true,"href":"https:\/\/www.immo-invest.ch\/fr\/wp-json\/wp\/v2\/categories?post=132041"},{"taxonomy":"post_tag","embeddable":true,"href":"https:\/\/www.immo-invest.ch\/fr\/wp-json\/wp\/v2\/tags?post=132041"}],"curies":[{"name":"wp","href":"https:\/\/api.w.org\/{rel}","templated":true}]}}