{"id":131945,"date":"2025-05-13T14:11:40","date_gmt":"2025-05-13T12:11:40","guid":{"rendered":"https:\/\/www.immo-invest.ch\/wie-luzern-aktiv-neue-arbeitsflaechen-gestaltet\/"},"modified":"2025-05-13T14:28:22","modified_gmt":"2025-05-13T12:28:22","slug":"wie-luzern-aktiv-neue-arbeitsflaechen-gestaltet","status":"publish","type":"post","link":"https:\/\/www.immo-invest.ch\/fr\/wie-luzern-aktiv-neue-arbeitsflaechen-gestaltet\/","title":{"rendered":"Comment Lucerne con\u00e7oit activement de nouveaux espaces de travail"},"content":{"rendered":"<p class=\"wp-block-paragraph\">D&eacute;but avril 2025, des repr&eacute;sentants de communes lucernoises et des responsables du d&eacute;veloppement r&eacute;gional se sont r&eacute;unis pour le troisi&egrave;me forum &laquo;&nbsp;Promotion &eacute;conomique et de la localisation dans les communes&nbsp;&raquo;. La Promotion &eacute;conomique de Lucerne et l&rsquo;Association des communes lucernoises avaient lanc&eacute; l&rsquo;invitation. La question centrale du forum, qui s&rsquo;est tenu &agrave; la Haute &eacute;cole de Lucerne, &eacute;tait de savoir comment les communes peuvent strat&eacute;giquement garantir et d&eacute;velopper des surfaces pour des activit&eacute;s &eacute;conomiques.<\/p>\n\n\n\n\n\n<p class=\"wp-block-paragraph\"><strong>Cadre cantonal et outils num&eacute;riques<br><\/strong>Apr&egrave;s l&rsquo;ouverture par Ivan Buck, directeur de la promotion &eacute;conomique de Lucerne, et Sibylle Boos-Braun, pr&eacute;sidente de VLG, l&rsquo;&eacute;quipe de d&eacute;veloppement des entreprises a pr&eacute;sent&eacute; des outils pratiques. Parmi eux, un guide et l&rsquo;outil num&eacute;rique de start.swiss, qui permet d&rsquo;automatiser les processus d&rsquo;accueil des nouvelles entreprises dans la commune. Un pas en avant vers une administration efficace et la gestion du site.<\/p>\n\n\n\n\n\n<p class=\"wp-block-paragraph\"><strong>La planification cantonale comme source d&rsquo;impulsion<br><\/strong>Andr&eacute; Duss du canton de Lucerne a pr&eacute;sent&eacute; les mesures pr&eacute;vues pour le d&eacute;veloppement des zones d&rsquo;emploi dans le projet de plan directeur cantonal. L&rsquo;accent a &eacute;t&eacute; mis sur les surfaces destin&eacute;es &agrave; l&rsquo;expansion des entreprises locales et sur les sites attractifs pour de nouvelles implantations. La coordination entre le canton et les communes doit jouer un r&ocirc;le central.<\/p>\n\n\n\n\n\n<p class=\"wp-block-paragraph\"><strong>Des exemples pratiques r&eacute;gionaux donnent des impulsions<br><\/strong>Des projets concrets ont montr&eacute; comment les communes sont d&eacute;j&agrave; actives aujourd&rsquo;hui. LuzernPlus a d&eacute;montr&eacute; avec LuzernNord une gestion territoriale r&eacute;ussie, accompagn&eacute;e de d&eacute;veloppements &agrave; LuzernS&uuml;d, LuzernOst et Rothenburg-Station. Le projet pilote de Sursee Plus, pr&eacute;sent&eacute; par Matthias Senn, a &eacute;galement montr&eacute; comment la construction densifi&eacute;e dans les zones d&rsquo;activit&eacute;s peut &eacute;galement fonctionner pour les entreprises &agrave; forte consommation d&rsquo;espace. Florian Furrer de Sch&uuml;pfheim a donn&eacute; un aper&ccedil;u du processus communal de mise en zone de nouvelles surfaces de travail, un exemple de planification pr&eacute;visionnelle au niveau communal.<\/p>\n\n\n\n\n\n<p class=\"wp-block-paragraph\"><strong>Les communes fa&ccedil;onnent activement l&rsquo;avenir avec<br><\/strong>Le forum a clairement montr&eacute; que la promotion &eacute;conomique et la localisation commencent sur le terrain. Gr&acirc;ce &agrave; des approches innovantes, des outils num&eacute;riques et une collaboration cibl&eacute;e entre le canton, les communes et les r&eacute;gions, de nouveaux espaces de d&eacute;veloppement entrepreneurial voient le jour. Lucerne montre comment l&rsquo;avenir se construit concr&egrave;tement.<\/p>\n\n","protected":false},"excerpt":{"rendered":"<p>Comment les communes peuvent-elles exploiter strat\u00e9giquement des terrains favorables \u00e0 l&rsquo;\u00e9conomie ? Le troisi\u00e8me forum \u00ab\u00a0Standort- und Wirtschaftsf\u00f6rderung in den Gemeinden\u00a0\u00bb (promotion \u00e9conomique dans les communes), qui s&rsquo;est tenu \u00e0 Lucerne, a pr\u00e9sent\u00e9 des approches pratiques, des outils et des exemples de bonnes pratiques. Une soixantaine de participants ont discut\u00e9 des moyens de d\u00e9velopper activement les surfaces pour les entreprises existantes et les nouvelles implantations.<\/p>\n","protected":false},"author":2,"featured_media":131940,"comment_status":"open","ping_status":"open","sticky":false,"template":"","format":"standard","meta":{"pmpro_default_level":"","inline_featured_image":false,"_monsterinsights_skip_tracking":false,"footnotes":""},"categories":[22357,9437,739],"tags":[872,3931,52839,2002,5512,1597],"class_list":["post-131945","post","type-post","status-publish","format-standard","has-post-thumbnail","hentry","category-industrie-du-batiment","category-region-lucerne","category-projects","tag-immoinvest-fr","tag-immonews-fr","tag-luzerner-gemeinden-fr","tag-news-fr","tag-standortentwicklung-fr","tag-wirtschaftsfoerderung-fr","pmpro-has-access"],"acf":{"bild_mit_ki_erstellt_worden":[],"lead":"Comment les communes peuvent-elles exploiter strat\u00e9giquement des terrains favorables \u00e0 l'\u00e9conomie ? Le troisi\u00e8me forum \"Standort- und Wirtschaftsf\u00f6rderung in den Gemeinden\" (promotion \u00e9conomique dans les communes), qui s'est tenu \u00e0 Lucerne, a pr\u00e9sent\u00e9 des approches pratiques, des outils et des exemples de bonnes pratiques. Une soixantaine de participants ont discut\u00e9 des moyens de d\u00e9velopper activement les surfaces pour les entreprises existantes et les nouvelles implantations.","autor":"Quelle: Luzern Business","ort":"","bildunterschrift":"","bild_im_grid":false,"gallerie":"","newsim":""},"aioseo_notices":[],"aioseo_head":"\n\t\t<!-- All in One SEO 5.0.0.1 - aioseo.com -->\n\t<meta name=\"description\" content=\"Comment les communes peuvent-elles exploiter strat\u00e9giquement des terrains favorables \u00e0 l&#039;\u00e9conomie ? Le troisi\u00e8me forum &quot;Standort- und Wirtschaftsf\u00f6rderung in den Gemeinden&quot; (promotion \u00e9conomique dans les communes), qui s&#039;est tenu \u00e0 Lucerne, a pr\u00e9sent\u00e9 des approches pratiques, des outils et des exemples de bonnes pratiques. Une soixantaine de participants ont discut\u00e9 des moyens de d\u00e9velopper activement les surfaces pour les entreprises existantes et les nouvelles implantations.\" \/>\n\t<meta name=\"robots\" content=\"max-image-preview:large\" \/>\n\t<meta name=\"author\" content=\"immovestuser\"\/>\n\t<meta name=\"google-site-verification\" content=\"fHJKvgWpZCR2zVBHWfkQeFXC11qieUSff0HGNYfuyLA\" \/>\n\t<link rel=\"canonical\" href=\"https:\/\/www.immo-invest.ch\/fr\/wie-luzern-aktiv-neue-arbeitsflaechen-gestaltet\/\" \/>\n\t<meta name=\"generator\" content=\"All in One SEO (AIOSEO) 5.0.0.1\" \/>\n\t\t<meta property=\"og:locale\" content=\"fr_FR\" \/>\n\t\t<meta property=\"og:site_name\" content=\"immo!nvest - Die Plattform f\u00fcr Standorte und Immobilien - Die\u00a0Plattform f\u00fcr Standorte und Immobilien\" \/>\n\t\t<meta property=\"og:type\" content=\"article\" \/>\n\t\t<meta property=\"og:title\" content=\"Comment Lucerne con\u00e7oit activement de nouveaux espaces de travail - immo!nvest - Die Plattform f\u00fcr Standorte und Immobilien\" \/>\n\t\t<meta property=\"og:description\" content=\"Comment les communes peuvent-elles exploiter strat\u00e9giquement des terrains favorables \u00e0 l&#039;\u00e9conomie ? Le troisi\u00e8me forum &quot;Standort- und Wirtschaftsf\u00f6rderung in den Gemeinden&quot; (promotion \u00e9conomique dans les communes), qui s&#039;est tenu \u00e0 Lucerne, a pr\u00e9sent\u00e9 des approches pratiques, des outils et des exemples de bonnes pratiques. Une soixantaine de participants ont discut\u00e9 des moyens de d\u00e9velopper activement les surfaces pour les entreprises existantes et les nouvelles implantations.\" \/>\n\t\t<meta property=\"og:url\" content=\"https:\/\/www.immo-invest.ch\/fr\/wie-luzern-aktiv-neue-arbeitsflaechen-gestaltet\/\" \/>\n\t\t<meta property=\"og:image\" content=\"https:\/\/www.immo-invest.ch\/wp-content\/uploads\/2025\/05\/2025-05-13-14_07_48-_AFG4971-1.webp-800\u00d7567.png\" \/>\n\t\t<meta property=\"og:image:secure_url\" content=\"https:\/\/www.immo-invest.ch\/wp-content\/uploads\/2025\/05\/2025-05-13-14_07_48-_AFG4971-1.webp-800\u00d7567.png\" \/>\n\t\t<meta property=\"og:image:width\" content=\"998\" \/>\n\t\t<meta property=\"og:image:height\" content=\"707\" \/>\n\t\t<meta property=\"article:published_time\" content=\"2025-05-13T12:11:40+00:00\" \/>\n\t\t<meta property=\"article:modified_time\" content=\"2025-05-13T12:28:22+00:00\" \/>\n\t\t<meta property=\"article:publisher\" content=\"https:\/\/www.facebook.com\/people\/Immoinvest\/100077962920504\/\" \/>\n\t\t<meta name=\"twitter:card\" content=\"summary_large_image\" \/>\n\t\t<meta name=\"twitter:site\" content=\"@i\" \/>\n\t\t<meta name=\"twitter:title\" content=\"Comment Lucerne con\u00e7oit activement de nouveaux espaces de travail - immo!nvest - Die Plattform f\u00fcr Standorte und Immobilien\" \/>\n\t\t<meta name=\"twitter:description\" content=\"Comment les communes peuvent-elles exploiter strat\u00e9giquement des terrains favorables \u00e0 l&#039;\u00e9conomie ? Le troisi\u00e8me forum &quot;Standort- und Wirtschaftsf\u00f6rderung in den Gemeinden&quot; (promotion \u00e9conomique dans les communes), qui s&#039;est tenu \u00e0 Lucerne, a pr\u00e9sent\u00e9 des approches pratiques, des outils et des exemples de bonnes pratiques. Une soixantaine de participants ont discut\u00e9 des moyens de d\u00e9velopper activement les surfaces pour les entreprises existantes et les nouvelles implantations.\" \/>\n\t\t<meta name=\"twitter:creator\" content=\"@i\" \/>\n\t\t<meta name=\"twitter:image\" content=\"https:\/\/www.immo-invest.ch\/wp-content\/uploads\/2025\/05\/2025-05-13-14_07_48-_AFG4971-1.webp-800\u00d7567.png\" \/>\n\t\t<script type=\"application\/ld+json\" class=\"aioseo-schema\">\n\t\t\t{\"@context\":\"https:\\\/\\\/schema.org\",\"@graph\":[{\"@type\":\"BlogPosting\",\"@id\":\"https:\\\/\\\/www.immo-invest.ch\\\/fr\\\/wie-luzern-aktiv-neue-arbeitsflaechen-gestaltet\\\/#blogposting\",\"name\":\"Comment Lucerne con\\u00e7oit activement de nouveaux espaces de travail - immo!nvest - Die Plattform f\\u00fcr Standorte und Immobilien\",\"headline\":\"Comment Lucerne con\\u00e7oit activement de nouveaux espaces de travail\",\"author\":{\"@id\":\"https:\\\/\\\/www.immo-invest.ch\\\/fr\\\/author\\\/immovestuser\\\/#author\"},\"publisher\":{\"@id\":\"https:\\\/\\\/www.immo-invest.ch\\\/fr\\\/#organization\"},\"image\":{\"@type\":\"ImageObject\",\"url\":\"https:\\\/\\\/www.immo-invest.ch\\\/wp-content\\\/uploads\\\/2025\\\/05\\\/2025-05-13-14_07_48-_AFG4971-1.webp-800\\u00d7567.png\",\"width\":998,\"height\":707,\"caption\":\"https:\\\/\\\/www.luzern-business.ch\\\/de\\\/news\\\/forum-standort-und-wirtschaftsfoerderung-in-den-gemeinden-14557\"},\"datePublished\":\"2025-05-13T14:11:40+02:00\",\"dateModified\":\"2025-05-13T14:28:22+02:00\",\"inLanguage\":\"fr-FR\",\"mainEntityOfPage\":{\"@id\":\"https:\\\/\\\/www.immo-invest.ch\\\/fr\\\/wie-luzern-aktiv-neue-arbeitsflaechen-gestaltet\\\/#webpage\"},\"isPartOf\":{\"@id\":\"https:\\\/\\\/www.immo-invest.ch\\\/fr\\\/wie-luzern-aktiv-neue-arbeitsflaechen-gestaltet\\\/#webpage\"},\"articleSection\":\"Industrie du b\\u00e2timent, Lucerne, Projects, Immoinvest, immoNews, Luzerner Gemeinden, News, Standortentwicklung, Wirtschaftsf\\u00f6rderung, Facultatif\"},{\"@type\":\"BreadcrumbList\",\"@id\":\"https:\\\/\\\/www.immo-invest.ch\\\/fr\\\/wie-luzern-aktiv-neue-arbeitsflaechen-gestaltet\\\/#breadcrumblist\",\"itemListElement\":[{\"@type\":\"ListItem\",\"@id\":\"https:\\\/\\\/www.immo-invest.ch\\\/fr\\\/#listItem\",\"position\":1,\"name\":\"Home\",\"item\":\"https:\\\/\\\/www.immo-invest.ch\\\/fr\\\/\",\"nextItem\":{\"@type\":\"ListItem\",\"@id\":\"https:\\\/\\\/www.immo-invest.ch\\\/fr\\\/categories\\\/regions\\\/#listItem\",\"name\":\"R\\u00e9gions\"}},{\"@type\":\"ListItem\",\"@id\":\"https:\\\/\\\/www.immo-invest.ch\\\/fr\\\/categories\\\/regions\\\/#listItem\",\"position\":2,\"name\":\"R\\u00e9gions\",\"item\":\"https:\\\/\\\/www.immo-invest.ch\\\/fr\\\/categories\\\/regions\\\/\",\"nextItem\":{\"@type\":\"ListItem\",\"@id\":\"https:\\\/\\\/www.immo-invest.ch\\\/fr\\\/categories\\\/regions\\\/suisse\\\/#listItem\",\"name\":\"Suisse\"},\"previousItem\":{\"@type\":\"ListItem\",\"@id\":\"https:\\\/\\\/www.immo-invest.ch\\\/fr\\\/#listItem\",\"name\":\"Home\"}},{\"@type\":\"ListItem\",\"@id\":\"https:\\\/\\\/www.immo-invest.ch\\\/fr\\\/categories\\\/regions\\\/suisse\\\/#listItem\",\"position\":3,\"name\":\"Suisse\",\"item\":\"https:\\\/\\\/www.immo-invest.ch\\\/fr\\\/categories\\\/regions\\\/suisse\\\/\",\"nextItem\":{\"@type\":\"ListItem\",\"@id\":\"https:\\\/\\\/www.immo-invest.ch\\\/fr\\\/categories\\\/regions\\\/suisse\\\/region-zentralschweiz\\\/#listItem\",\"name\":\"Zentralschweiz\"},\"previousItem\":{\"@type\":\"ListItem\",\"@id\":\"https:\\\/\\\/www.immo-invest.ch\\\/fr\\\/categories\\\/regions\\\/#listItem\",\"name\":\"R\\u00e9gions\"}},{\"@type\":\"ListItem\",\"@id\":\"https:\\\/\\\/www.immo-invest.ch\\\/fr\\\/categories\\\/regions\\\/suisse\\\/region-zentralschweiz\\\/#listItem\",\"position\":4,\"name\":\"Zentralschweiz\",\"item\":\"https:\\\/\\\/www.immo-invest.ch\\\/fr\\\/categories\\\/regions\\\/suisse\\\/region-zentralschweiz\\\/\",\"nextItem\":{\"@type\":\"ListItem\",\"@id\":\"https:\\\/\\\/www.immo-invest.ch\\\/fr\\\/categories\\\/regions\\\/suisse\\\/region-zentralschweiz\\\/region-lucerne\\\/#listItem\",\"name\":\"Lucerne\"},\"previousItem\":{\"@type\":\"ListItem\",\"@id\":\"https:\\\/\\\/www.immo-invest.ch\\\/fr\\\/categories\\\/regions\\\/suisse\\\/#listItem\",\"name\":\"Suisse\"}},{\"@type\":\"ListItem\",\"@id\":\"https:\\\/\\\/www.immo-invest.ch\\\/fr\\\/categories\\\/regions\\\/suisse\\\/region-zentralschweiz\\\/region-lucerne\\\/#listItem\",\"position\":5,\"name\":\"Lucerne\",\"item\":\"https:\\\/\\\/www.immo-invest.ch\\\/fr\\\/categories\\\/regions\\\/suisse\\\/region-zentralschweiz\\\/region-lucerne\\\/\",\"nextItem\":{\"@type\":\"ListItem\",\"@id\":\"https:\\\/\\\/www.immo-invest.ch\\\/fr\\\/wie-luzern-aktiv-neue-arbeitsflaechen-gestaltet\\\/#listItem\",\"name\":\"Comment Lucerne con\\u00e7oit activement de nouveaux espaces de travail\"},\"previousItem\":{\"@type\":\"ListItem\",\"@id\":\"https:\\\/\\\/www.immo-invest.ch\\\/fr\\\/categories\\\/regions\\\/suisse\\\/region-zentralschweiz\\\/#listItem\",\"name\":\"Zentralschweiz\"}},{\"@type\":\"ListItem\",\"@id\":\"https:\\\/\\\/www.immo-invest.ch\\\/fr\\\/wie-luzern-aktiv-neue-arbeitsflaechen-gestaltet\\\/#listItem\",\"position\":6,\"name\":\"Comment Lucerne con\\u00e7oit activement de nouveaux espaces de travail\",\"previousItem\":{\"@type\":\"ListItem\",\"@id\":\"https:\\\/\\\/www.immo-invest.ch\\\/fr\\\/categories\\\/regions\\\/suisse\\\/region-zentralschweiz\\\/region-lucerne\\\/#listItem\",\"name\":\"Lucerne\"}}]},{\"@type\":\"Organization\",\"@id\":\"https:\\\/\\\/www.immo-invest.ch\\\/fr\\\/#organization\",\"name\":\"immo!nvest - Die Plattform f\\u00fcr Standorte und Immobilien\",\"description\":\"Die\\u00a0Plattform f\\u00fcr Standorte und Immobilien\",\"url\":\"https:\\\/\\\/www.immo-invest.ch\\\/fr\\\/\",\"email\":\"admin@immomedia.ag\",\"telephone\":\"+41444420002\",\"logo\":{\"@type\":\"ImageObject\",\"url\":\"https:\\\/\\\/www.immo-invest.ch\\\/wp-content\\\/uploads\\\/2024\\\/09\\\/immoinvest_sm-scaled.jpg\",\"@id\":\"https:\\\/\\\/www.immo-invest.ch\\\/fr\\\/wie-luzern-aktiv-neue-arbeitsflaechen-gestaltet\\\/#organizationLogo\",\"width\":2560,\"height\":1340},\"image\":{\"@id\":\"https:\\\/\\\/www.immo-invest.ch\\\/fr\\\/wie-luzern-aktiv-neue-arbeitsflaechen-gestaltet\\\/#organizationLogo\"},\"sameAs\":[\"https:\\\/\\\/www.facebook.com\\\/people\\\/Immoinvest\\\/100077962920504\\\/\",\"https:\\\/\\\/x.com\\\/i\\\/flow\\\/login?redirect_after_login=immoinvest_ch\",\"https:\\\/\\\/www.instagram.com\\\/immoinvest_ch\\\/\",\"https:\\\/\\\/www.linkedin.com\\\/company\\\/immoinvest-swiss\"]},{\"@type\":\"Person\",\"@id\":\"https:\\\/\\\/www.immo-invest.ch\\\/fr\\\/author\\\/immovestuser\\\/#author\",\"url\":\"https:\\\/\\\/www.immo-invest.ch\\\/fr\\\/author\\\/immovestuser\\\/\",\"name\":\"immovestuser\",\"image\":{\"@type\":\"ImageObject\",\"@id\":\"https:\\\/\\\/www.immo-invest.ch\\\/fr\\\/wie-luzern-aktiv-neue-arbeitsflaechen-gestaltet\\\/#authorImage\",\"url\":\"https:\\\/\\\/secure.gravatar.com\\\/avatar\\\/8e01f4d99f2eeea7a362ebb93305e1172a70e9293ba250f897a65c39f54cdd1e?s=96&d=mm&r=g\",\"width\":96,\"height\":96,\"caption\":\"immovestuser\"}},{\"@type\":\"WebPage\",\"@id\":\"https:\\\/\\\/www.immo-invest.ch\\\/fr\\\/wie-luzern-aktiv-neue-arbeitsflaechen-gestaltet\\\/#webpage\",\"url\":\"https:\\\/\\\/www.immo-invest.ch\\\/fr\\\/wie-luzern-aktiv-neue-arbeitsflaechen-gestaltet\\\/\",\"name\":\"Comment Lucerne con\\u00e7oit activement de nouveaux espaces de travail - immo!nvest - Die Plattform f\\u00fcr Standorte und Immobilien\",\"description\":\"Comment les communes peuvent-elles exploiter strat\\u00e9giquement des terrains favorables \\u00e0 l'\\u00e9conomie ? Le troisi\\u00e8me forum \\\"Standort- und Wirtschaftsf\\u00f6rderung in den Gemeinden\\\" (promotion \\u00e9conomique dans les communes), qui s'est tenu \\u00e0 Lucerne, a pr\\u00e9sent\\u00e9 des approches pratiques, des outils et des exemples de bonnes pratiques. Une soixantaine de participants ont discut\\u00e9 des moyens de d\\u00e9velopper activement les surfaces pour les entreprises existantes et les nouvelles implantations.\",\"inLanguage\":\"fr-FR\",\"isPartOf\":{\"@id\":\"https:\\\/\\\/www.immo-invest.ch\\\/fr\\\/#website\"},\"breadcrumb\":{\"@id\":\"https:\\\/\\\/www.immo-invest.ch\\\/fr\\\/wie-luzern-aktiv-neue-arbeitsflaechen-gestaltet\\\/#breadcrumblist\"},\"author\":{\"@id\":\"https:\\\/\\\/www.immo-invest.ch\\\/fr\\\/author\\\/immovestuser\\\/#author\"},\"creator\":{\"@id\":\"https:\\\/\\\/www.immo-invest.ch\\\/fr\\\/author\\\/immovestuser\\\/#author\"},\"image\":{\"@type\":\"ImageObject\",\"url\":\"https:\\\/\\\/www.immo-invest.ch\\\/wp-content\\\/uploads\\\/2025\\\/05\\\/2025-05-13-14_07_48-_AFG4971-1.webp-800\\u00d7567.png\",\"@id\":\"https:\\\/\\\/www.immo-invest.ch\\\/fr\\\/wie-luzern-aktiv-neue-arbeitsflaechen-gestaltet\\\/#mainImage\",\"width\":998,\"height\":707,\"caption\":\"https:\\\/\\\/www.luzern-business.ch\\\/de\\\/news\\\/forum-standort-und-wirtschaftsfoerderung-in-den-gemeinden-14557\"},\"primaryImageOfPage\":{\"@id\":\"https:\\\/\\\/www.immo-invest.ch\\\/fr\\\/wie-luzern-aktiv-neue-arbeitsflaechen-gestaltet\\\/#mainImage\"},\"datePublished\":\"2025-05-13T14:11:40+02:00\",\"dateModified\":\"2025-05-13T14:28:22+02:00\"},{\"@type\":\"WebSite\",\"@id\":\"https:\\\/\\\/www.immo-invest.ch\\\/fr\\\/#website\",\"url\":\"https:\\\/\\\/www.immo-invest.ch\\\/fr\\\/\",\"name\":\"immo!nvest - Die Plattform f\\u00fcr Standorte und Immobilien\",\"description\":\"Die\\u00a0Plattform f\\u00fcr Standorte und Immobilien\",\"inLanguage\":\"fr-FR\",\"publisher\":{\"@id\":\"https:\\\/\\\/www.immo-invest.ch\\\/fr\\\/#organization\"}}]}\n\t\t<\/script>\n\t\t<!-- All in One SEO -->\n\n","aioseo_head_json":{"title":"Comment Lucerne con\u00e7oit activement de nouveaux espaces de travail - immo!nvest - Die Plattform f\u00fcr Standorte und Immobilien","description":"Comment les communes peuvent-elles exploiter strat\u00e9giquement des terrains favorables \u00e0 l'\u00e9conomie ? Le troisi\u00e8me forum \"Standort- und Wirtschaftsf\u00f6rderung in den Gemeinden\" (promotion \u00e9conomique dans les communes), qui s'est tenu \u00e0 Lucerne, a pr\u00e9sent\u00e9 des approches pratiques, des outils et des exemples de bonnes pratiques. Une soixantaine de participants ont discut\u00e9 des moyens de d\u00e9velopper activement les surfaces pour les entreprises existantes et les nouvelles implantations.","canonical_url":"https:\/\/www.immo-invest.ch\/fr\/wie-luzern-aktiv-neue-arbeitsflaechen-gestaltet\/","robots":"max-image-preview:large","keywords":"","webmasterTools":{"google-site-verification":"fHJKvgWpZCR2zVBHWfkQeFXC11qieUSff0HGNYfuyLA","miscellaneous":""},"schema":{"@context":"https:\/\/schema.org","@graph":[{"@type":"BlogPosting","@id":"https:\/\/www.immo-invest.ch\/fr\/wie-luzern-aktiv-neue-arbeitsflaechen-gestaltet\/#blogposting","name":"Comment Lucerne con\u00e7oit activement de nouveaux espaces de travail - immo!nvest - Die Plattform f\u00fcr Standorte und Immobilien","headline":"Comment Lucerne con\u00e7oit activement de nouveaux espaces de travail","author":{"@id":"https:\/\/www.immo-invest.ch\/fr\/author\/immovestuser\/#author"},"publisher":{"@id":"https:\/\/www.immo-invest.ch\/fr\/#organization"},"image":{"@type":"ImageObject","url":"https:\/\/www.immo-invest.ch\/wp-content\/uploads\/2025\/05\/2025-05-13-14_07_48-_AFG4971-1.webp-800\u00d7567.png","width":998,"height":707,"caption":"https:\/\/www.luzern-business.ch\/de\/news\/forum-standort-und-wirtschaftsfoerderung-in-den-gemeinden-14557"},"datePublished":"2025-05-13T14:11:40+02:00","dateModified":"2025-05-13T14:28:22+02:00","inLanguage":"fr-FR","mainEntityOfPage":{"@id":"https:\/\/www.immo-invest.ch\/fr\/wie-luzern-aktiv-neue-arbeitsflaechen-gestaltet\/#webpage"},"isPartOf":{"@id":"https:\/\/www.immo-invest.ch\/fr\/wie-luzern-aktiv-neue-arbeitsflaechen-gestaltet\/#webpage"},"articleSection":"Industrie du b\u00e2timent, Lucerne, Projects, Immoinvest, immoNews, Luzerner Gemeinden, News, Standortentwicklung, Wirtschaftsf\u00f6rderung, Facultatif"},{"@type":"BreadcrumbList","@id":"https:\/\/www.immo-invest.ch\/fr\/wie-luzern-aktiv-neue-arbeitsflaechen-gestaltet\/#breadcrumblist","itemListElement":[{"@type":"ListItem","@id":"https:\/\/www.immo-invest.ch\/fr\/#listItem","position":1,"name":"Home","item":"https:\/\/www.immo-invest.ch\/fr\/","nextItem":{"@type":"ListItem","@id":"https:\/\/www.immo-invest.ch\/fr\/categories\/regions\/#listItem","name":"R\u00e9gions"}},{"@type":"ListItem","@id":"https:\/\/www.immo-invest.ch\/fr\/categories\/regions\/#listItem","position":2,"name":"R\u00e9gions","item":"https:\/\/www.immo-invest.ch\/fr\/categories\/regions\/","nextItem":{"@type":"ListItem","@id":"https:\/\/www.immo-invest.ch\/fr\/categories\/regions\/suisse\/#listItem","name":"Suisse"},"previousItem":{"@type":"ListItem","@id":"https:\/\/www.immo-invest.ch\/fr\/#listItem","name":"Home"}},{"@type":"ListItem","@id":"https:\/\/www.immo-invest.ch\/fr\/categories\/regions\/suisse\/#listItem","position":3,"name":"Suisse","item":"https:\/\/www.immo-invest.ch\/fr\/categories\/regions\/suisse\/","nextItem":{"@type":"ListItem","@id":"https:\/\/www.immo-invest.ch\/fr\/categories\/regions\/suisse\/region-zentralschweiz\/#listItem","name":"Zentralschweiz"},"previousItem":{"@type":"ListItem","@id":"https:\/\/www.immo-invest.ch\/fr\/categories\/regions\/#listItem","name":"R\u00e9gions"}},{"@type":"ListItem","@id":"https:\/\/www.immo-invest.ch\/fr\/categories\/regions\/suisse\/region-zentralschweiz\/#listItem","position":4,"name":"Zentralschweiz","item":"https:\/\/www.immo-invest.ch\/fr\/categories\/regions\/suisse\/region-zentralschweiz\/","nextItem":{"@type":"ListItem","@id":"https:\/\/www.immo-invest.ch\/fr\/categories\/regions\/suisse\/region-zentralschweiz\/region-lucerne\/#listItem","name":"Lucerne"},"previousItem":{"@type":"ListItem","@id":"https:\/\/www.immo-invest.ch\/fr\/categories\/regions\/suisse\/#listItem","name":"Suisse"}},{"@type":"ListItem","@id":"https:\/\/www.immo-invest.ch\/fr\/categories\/regions\/suisse\/region-zentralschweiz\/region-lucerne\/#listItem","position":5,"name":"Lucerne","item":"https:\/\/www.immo-invest.ch\/fr\/categories\/regions\/suisse\/region-zentralschweiz\/region-lucerne\/","nextItem":{"@type":"ListItem","@id":"https:\/\/www.immo-invest.ch\/fr\/wie-luzern-aktiv-neue-arbeitsflaechen-gestaltet\/#listItem","name":"Comment Lucerne con\u00e7oit activement de nouveaux espaces de travail"},"previousItem":{"@type":"ListItem","@id":"https:\/\/www.immo-invest.ch\/fr\/categories\/regions\/suisse\/region-zentralschweiz\/#listItem","name":"Zentralschweiz"}},{"@type":"ListItem","@id":"https:\/\/www.immo-invest.ch\/fr\/wie-luzern-aktiv-neue-arbeitsflaechen-gestaltet\/#listItem","position":6,"name":"Comment Lucerne con\u00e7oit activement de nouveaux espaces de travail","previousItem":{"@type":"ListItem","@id":"https:\/\/www.immo-invest.ch\/fr\/categories\/regions\/suisse\/region-zentralschweiz\/region-lucerne\/#listItem","name":"Lucerne"}}]},{"@type":"Organization","@id":"https:\/\/www.immo-invest.ch\/fr\/#organization","name":"immo!nvest - Die Plattform f\u00fcr Standorte und Immobilien","description":"Die\u00a0Plattform f\u00fcr Standorte und Immobilien","url":"https:\/\/www.immo-invest.ch\/fr\/","email":"admin@immomedia.ag","telephone":"+41444420002","logo":{"@type":"ImageObject","url":"https:\/\/www.immo-invest.ch\/wp-content\/uploads\/2024\/09\/immoinvest_sm-scaled.jpg","@id":"https:\/\/www.immo-invest.ch\/fr\/wie-luzern-aktiv-neue-arbeitsflaechen-gestaltet\/#organizationLogo","width":2560,"height":1340},"image":{"@id":"https:\/\/www.immo-invest.ch\/fr\/wie-luzern-aktiv-neue-arbeitsflaechen-gestaltet\/#organizationLogo"},"sameAs":["https:\/\/www.facebook.com\/people\/Immoinvest\/100077962920504\/","https:\/\/x.com\/i\/flow\/login?redirect_after_login=immoinvest_ch","https:\/\/www.instagram.com\/immoinvest_ch\/","https:\/\/www.linkedin.com\/company\/immoinvest-swiss"]},{"@type":"Person","@id":"https:\/\/www.immo-invest.ch\/fr\/author\/immovestuser\/#author","url":"https:\/\/www.immo-invest.ch\/fr\/author\/immovestuser\/","name":"immovestuser","image":{"@type":"ImageObject","@id":"https:\/\/www.immo-invest.ch\/fr\/wie-luzern-aktiv-neue-arbeitsflaechen-gestaltet\/#authorImage","url":"https:\/\/secure.gravatar.com\/avatar\/8e01f4d99f2eeea7a362ebb93305e1172a70e9293ba250f897a65c39f54cdd1e?s=96&d=mm&r=g","width":96,"height":96,"caption":"immovestuser"}},{"@type":"WebPage","@id":"https:\/\/www.immo-invest.ch\/fr\/wie-luzern-aktiv-neue-arbeitsflaechen-gestaltet\/#webpage","url":"https:\/\/www.immo-invest.ch\/fr\/wie-luzern-aktiv-neue-arbeitsflaechen-gestaltet\/","name":"Comment Lucerne con\u00e7oit activement de nouveaux espaces de travail - immo!nvest - Die Plattform f\u00fcr Standorte und Immobilien","description":"Comment les communes peuvent-elles exploiter strat\u00e9giquement des terrains favorables \u00e0 l'\u00e9conomie ? Le troisi\u00e8me forum \"Standort- und Wirtschaftsf\u00f6rderung in den Gemeinden\" (promotion \u00e9conomique dans les communes), qui s'est tenu \u00e0 Lucerne, a pr\u00e9sent\u00e9 des approches pratiques, des outils et des exemples de bonnes pratiques. Une soixantaine de participants ont discut\u00e9 des moyens de d\u00e9velopper activement les surfaces pour les entreprises existantes et les nouvelles implantations.","inLanguage":"fr-FR","isPartOf":{"@id":"https:\/\/www.immo-invest.ch\/fr\/#website"},"breadcrumb":{"@id":"https:\/\/www.immo-invest.ch\/fr\/wie-luzern-aktiv-neue-arbeitsflaechen-gestaltet\/#breadcrumblist"},"author":{"@id":"https:\/\/www.immo-invest.ch\/fr\/author\/immovestuser\/#author"},"creator":{"@id":"https:\/\/www.immo-invest.ch\/fr\/author\/immovestuser\/#author"},"image":{"@type":"ImageObject","url":"https:\/\/www.immo-invest.ch\/wp-content\/uploads\/2025\/05\/2025-05-13-14_07_48-_AFG4971-1.webp-800\u00d7567.png","@id":"https:\/\/www.immo-invest.ch\/fr\/wie-luzern-aktiv-neue-arbeitsflaechen-gestaltet\/#mainImage","width":998,"height":707,"caption":"https:\/\/www.luzern-business.ch\/de\/news\/forum-standort-und-wirtschaftsfoerderung-in-den-gemeinden-14557"},"primaryImageOfPage":{"@id":"https:\/\/www.immo-invest.ch\/fr\/wie-luzern-aktiv-neue-arbeitsflaechen-gestaltet\/#mainImage"},"datePublished":"2025-05-13T14:11:40+02:00","dateModified":"2025-05-13T14:28:22+02:00"},{"@type":"WebSite","@id":"https:\/\/www.immo-invest.ch\/fr\/#website","url":"https:\/\/www.immo-invest.ch\/fr\/","name":"immo!nvest - Die Plattform f\u00fcr Standorte und Immobilien","description":"Die\u00a0Plattform f\u00fcr Standorte und Immobilien","inLanguage":"fr-FR","publisher":{"@id":"https:\/\/www.immo-invest.ch\/fr\/#organization"}}]},"og:locale":"fr_FR","og:site_name":"immo!nvest - Die Plattform f\u00fcr Standorte und Immobilien - Die\u00a0Plattform f\u00fcr Standorte und Immobilien","og:type":"article","og:title":"Comment Lucerne con\u00e7oit activement de nouveaux espaces de travail - immo!nvest - Die Plattform f\u00fcr Standorte und Immobilien","og:description":"Comment les communes peuvent-elles exploiter strat\u00e9giquement des terrains favorables \u00e0 l'\u00e9conomie ? Le troisi\u00e8me forum &quot;Standort- und Wirtschaftsf\u00f6rderung in den Gemeinden&quot; (promotion \u00e9conomique dans les communes), qui s'est tenu \u00e0 Lucerne, a pr\u00e9sent\u00e9 des approches pratiques, des outils et des exemples de bonnes pratiques. Une soixantaine de participants ont discut\u00e9 des moyens de d\u00e9velopper activement les surfaces pour les entreprises existantes et les nouvelles implantations.","og:url":"https:\/\/www.immo-invest.ch\/fr\/wie-luzern-aktiv-neue-arbeitsflaechen-gestaltet\/","og:image":"https:\/\/www.immo-invest.ch\/wp-content\/uploads\/2025\/05\/2025-05-13-14_07_48-_AFG4971-1.webp-800\u00d7567.png","og:image:secure_url":"https:\/\/www.immo-invest.ch\/wp-content\/uploads\/2025\/05\/2025-05-13-14_07_48-_AFG4971-1.webp-800\u00d7567.png","og:image:width":998,"og:image:height":707,"article:published_time":"2025-05-13T12:11:40+00:00","article:modified_time":"2025-05-13T12:28:22+00:00","article:publisher":"https:\/\/www.facebook.com\/people\/Immoinvest\/100077962920504\/","twitter:card":"summary_large_image","twitter:site":"@i","twitter:title":"Comment Lucerne con\u00e7oit activement de nouveaux espaces de travail - immo!nvest - Die Plattform f\u00fcr Standorte und Immobilien","twitter:description":"Comment les communes peuvent-elles exploiter strat\u00e9giquement des terrains favorables \u00e0 l'\u00e9conomie ? Le troisi\u00e8me forum &quot;Standort- und Wirtschaftsf\u00f6rderung in den Gemeinden&quot; (promotion \u00e9conomique dans les communes), qui s'est tenu \u00e0 Lucerne, a pr\u00e9sent\u00e9 des approches pratiques, des outils et des exemples de bonnes pratiques. Une soixantaine de participants ont discut\u00e9 des moyens de d\u00e9velopper activement les surfaces pour les entreprises existantes et les nouvelles implantations.","twitter:creator":"@i","twitter:image":"https:\/\/www.immo-invest.ch\/wp-content\/uploads\/2025\/05\/2025-05-13-14_07_48-_AFG4971-1.webp-800\u00d7567.png"},"aioseo_meta_data":{"post_id":"131945","title":null,"description":null,"keywords":null,"keyphrases":{"focus":{"keyphrase":"","score":0,"analysis":{"keyphraseInTitle":{"score":0,"maxScore":9,"error":1}}},"additional":[]},"primary_term":null,"canonical_url":null,"og_title":null,"og_description":null,"og_object_type":"default","og_image_type":"default","og_image_url":null,"og_image_width":null,"og_image_height":null,"og_image_custom_url":null,"og_image_custom_fields":null,"og_video":"","og_custom_url":null,"og_article_section":null,"og_article_tags":null,"twitter_use_og":false,"twitter_card":"default","twitter_image_type":"default","twitter_image_url":null,"twitter_image_custom_url":null,"twitter_image_custom_fields":null,"twitter_title":null,"twitter_description":null,"schema":{"blockGraphs":[],"customGraphs":[],"default":{"data":{"Article":[],"Course":[],"Dataset":[],"FAQPage":[],"Movie":[],"Person":[],"Product":[],"ProductReview":[],"Car":[],"Recipe":[],"Service":[],"SoftwareApplication":[],"WebPage":[]},"graphName":"BlogPosting","isEnabled":true},"graphs":[]},"schema_type":"default","schema_type_options":null,"pillar_content":false,"robots_default":true,"robots_noindex":false,"robots_noarchive":false,"robots_nosnippet":false,"robots_nofollow":false,"robots_noimageindex":false,"robots_noodp":false,"robots_notranslate":false,"robots_max_snippet":"-1","robots_max_videopreview":"-1","robots_max_imagepreview":"large","priority":null,"frequency":"default","local_seo":null,"breadcrumb_settings":null,"limit_modified_date":false,"ai":null,"created":"2025-05-13 12:15:25","updated":"2025-10-24 20:16:14","seo_analyzer_scan_date":null,"focus_keyword":null,"additional_keywords":null,"truseo_locale":null},"aioseo_breadcrumb":"<div class=\"aioseo-breadcrumbs\"><span class=\"aioseo-breadcrumb\">\n\t\t\t<a href=\"https:\/\/www.immo-invest.ch\/fr\/\" title=\"Home\">Home<\/a>\n\t\t<\/span><span class=\"aioseo-breadcrumb-separator\">&raquo;<\/span><span class=\"aioseo-breadcrumb\">\n\t\t\t<a href=\"https:\/\/www.immo-invest.ch\/fr\/categories\/regions\/\" title=\"R\u00e9gions\">R\u00e9gions<\/a>\n\t\t<\/span><span class=\"aioseo-breadcrumb-separator\">&raquo;<\/span><span class=\"aioseo-breadcrumb\">\n\t\t\t<a href=\"https:\/\/www.immo-invest.ch\/fr\/categories\/regions\/suisse\/\" title=\"Suisse\">Suisse<\/a>\n\t\t<\/span><span class=\"aioseo-breadcrumb-separator\">&raquo;<\/span><span class=\"aioseo-breadcrumb\">\n\t\t\t<a href=\"https:\/\/www.immo-invest.ch\/fr\/categories\/regions\/suisse\/region-zentralschweiz\/\" title=\"Zentralschweiz\">Zentralschweiz<\/a>\n\t\t<\/span><span class=\"aioseo-breadcrumb-separator\">&raquo;<\/span><span class=\"aioseo-breadcrumb\">\n\t\t\t<a href=\"https:\/\/www.immo-invest.ch\/fr\/categories\/regions\/suisse\/region-zentralschweiz\/region-lucerne\/\" title=\"Lucerne\">Lucerne<\/a>\n\t\t<\/span><span class=\"aioseo-breadcrumb-separator\">&raquo;<\/span><span class=\"aioseo-breadcrumb\">\n\t\t\tComment Lucerne con\u00e7oit activement de nouveaux espaces de travail\n\t\t<\/span><\/div>","aioseo_breadcrumb_json":[{"label":"Home","link":"https:\/\/www.immo-invest.ch\/fr\/"},{"label":"R\u00e9gions","link":"https:\/\/www.immo-invest.ch\/fr\/categories\/regions\/"},{"label":"Suisse","link":"https:\/\/www.immo-invest.ch\/fr\/categories\/regions\/suisse\/"},{"label":"Zentralschweiz","link":"https:\/\/www.immo-invest.ch\/fr\/categories\/regions\/suisse\/region-zentralschweiz\/"},{"label":"Lucerne","link":"https:\/\/www.immo-invest.ch\/fr\/categories\/regions\/suisse\/region-zentralschweiz\/region-lucerne\/"},{"label":"Comment Lucerne con\u00e7oit activement de nouveaux espaces de travail","link":"https:\/\/www.immo-invest.ch\/fr\/wie-luzern-aktiv-neue-arbeitsflaechen-gestaltet\/"}],"featured_image_src":"https:\/\/www.immo-invest.ch\/wp-content\/uploads\/2025\/05\/2025-05-13-14_07_48-_AFG4971-1.webp-800\u00d7567-336x168.png","_links":{"self":[{"href":"https:\/\/www.immo-invest.ch\/fr\/wp-json\/wp\/v2\/posts\/131945","targetHints":{"allow":["GET"]}}],"collection":[{"href":"https:\/\/www.immo-invest.ch\/fr\/wp-json\/wp\/v2\/posts"}],"about":[{"href":"https:\/\/www.immo-invest.ch\/fr\/wp-json\/wp\/v2\/types\/post"}],"author":[{"embeddable":true,"href":"https:\/\/www.immo-invest.ch\/fr\/wp-json\/wp\/v2\/users\/2"}],"replies":[{"embeddable":true,"href":"https:\/\/www.immo-invest.ch\/fr\/wp-json\/wp\/v2\/comments?post=131945"}],"version-history":[{"count":0,"href":"https:\/\/www.immo-invest.ch\/fr\/wp-json\/wp\/v2\/posts\/131945\/revisions"}],"wp:featuredmedia":[{"embeddable":true,"href":"https:\/\/www.immo-invest.ch\/fr\/wp-json\/wp\/v2\/media\/131940"}],"wp:attachment":[{"href":"https:\/\/www.immo-invest.ch\/fr\/wp-json\/wp\/v2\/media?parent=131945"}],"wp:term":[{"taxonomy":"category","embeddable":true,"href":"https:\/\/www.immo-invest.ch\/fr\/wp-json\/wp\/v2\/categories?post=131945"},{"taxonomy":"post_tag","embeddable":true,"href":"https:\/\/www.immo-invest.ch\/fr\/wp-json\/wp\/v2\/tags?post=131945"}],"curies":[{"name":"wp","href":"https:\/\/api.w.org\/{rel}","templated":true}]}}