{"id":131642,"date":"2025-05-06T15:44:02","date_gmt":"2025-05-06T13:44:02","guid":{"rendered":"https:\/\/www.immo-invest.ch\/eroeffnung-klanghaus-am-schwendisee\/"},"modified":"2025-05-06T17:15:10","modified_gmt":"2025-05-06T15:15:10","slug":"eroeffnung-klanghaus-am-schwendisee","status":"publish","type":"post","link":"https:\/\/www.immo-invest.ch\/fr\/eroeffnung-klanghaus-am-schwendisee\/","title":{"rendered":"Ouverture de la maison du son au lac de Schwendi"},"content":{"rendered":"<p class=\"wp-block-paragraph\">Avec la maison sonore, le Toggenburg s&rsquo;est dot&eacute; d&rsquo;un embl&egrave;me culturel qui rayonne bien au-del&agrave; de la r&eacute;gion. Construite en bois et int&eacute;gr&eacute;e dans le paysage pr&eacute;alpin, la Klanghaus n&rsquo;est pas seulement un espace acoustique, mais aussi une plateforme de rencontre, de cr&eacute;ativit&eacute; et de recherche sonore. Quatre espaces sonores sp&eacute;cialement con&ccedil;us et deux sc&egrave;nes ext&eacute;rieures accueillent des r&eacute;p&eacute;titions, des concerts, des ateliers et des exp&eacute;riences sonores, ouverts aux professionnels comme aux amateurs.<\/p>\n\n\n\n\n\n<p class=\"wp-block-paragraph\"><strong>De l&rsquo;id&eacute;e &agrave; la r&eacute;alit&eacute;<br><\/strong>La vision d&rsquo;une maison qui rend les sons audibles et perceptibles a &eacute;t&eacute; scell&eacute;e par un r&eacute;f&eacute;rendum en 2019. Apr&egrave;s un intense travail politique et social pr&eacute;paratoire, les travaux de construction ont commenc&eacute; en 2022. Des investissements de 23,3 millions de francs ont permis de r&eacute;aliser un projet qui incarne de mani&egrave;re exemplaire le progr&egrave;s dans les r&eacute;gions rurales. La maison du son est l&rsquo;expression du courage et de l&rsquo;estime pour le patrimoine culturel et l&rsquo;esprit d&rsquo;<span class=\"glossaryLink\" aria-describedby=\"tt\" data-cmtooltip=\"&lt;div class=glossaryItemTitle&gt;Innovation&lt;\/div&gt;&lt;div class=glossaryItemBody&gt;Innovation in der heutigen Immobilienwelt bedeutet vor allem Digitalisierung von Prozessen. Zum Beispiel das Eliminieren von Tausenden von Excel-Bl&auml;ttern f&uuml;r Portfolio- und Asset-Manager oder das Erstellen einer Anwendung (App) f&uuml;r alle Formalit&auml;ten rund um die Beziehung zwischen Immobilieneigent&uuml;mern, - verwaltung und -mietern.&lt;\/div&gt;\" data-mobile-support=\"0\" data-gt-translate-attributes='[{\"attribute\":\"data-cmtooltip\", \"format\":\"html\"}]' tabindex=\"0\" role=\"link\">innovation<\/span> du Klangwelt Toggenburg.<\/p>\n\n\n\n\n\n<p class=\"wp-block-paragraph\"><strong>Plus qu&rsquo;un b&acirc;timent &ndash; une impulsion pour la r&eacute;gion<br><\/strong>La Klanghaus a un impact qui va au-del&agrave; du domaine artistique. Elle renforce le tourisme culturel, cr&eacute;e des espaces de r&eacute;sonance pour de nouveaux h&ocirc;tes, stimule le commerce local et inspire une r&eacute;flexion sur le son, l&rsquo;espace et l&rsquo;identit&eacute;. En tant que pont entre tradition et modernit&eacute;, il favorise le dialogue social, au c&oelig;ur de la nature.<\/p>\n\n\n\n\n\n<p class=\"wp-block-paragraph\"><strong>Ouverture avec diversit&eacute; sonore et rencontre<br><\/strong>Les 24 et 25 mai 2025, la population est invit&eacute;e &agrave; un grand week-end d&rsquo;ouverture. Le point culminant sera un marathon musical avec douze heures de concerts en direct, du yodel au gospel en passant par la musique des jeunes et le rock ind&eacute;pendant. L&rsquo;entr&eacute;e est en grande partie gratuite, la Klanghaus devient un espace de d&eacute;couverte pour tous.<\/p>\n\n","protected":false},"excerpt":{"rendered":"<p>Apr\u00e8s trois ans de travaux, la Klanghaus ouvrira ses portes en mai 2025 au bord du lac Schwendi. Cette construction en bois visionnaire associe la musique, le paysage et la soci\u00e9t\u00e9 et apporte un nouvel \u00e9lan au Toggenburg.<\/p>\n","protected":false},"author":2,"featured_media":131581,"comment_status":"open","ping_status":"open","sticky":false,"template":"","format":"standard","meta":{"pmpro_default_level":"","inline_featured_image":false,"_monsterinsights_skip_tracking":false,"footnotes":""},"categories":[9824,739,8452,9442,39686],"tags":[872,3931,18782,52771,2002,18790],"class_list":["post-131642","post","type-post","status-publish","format-standard","has-post-thumbnail","hentry","category-nouvelle-construction","category-projects","category-regions","category-region-saint-gall","category-standorte-fr","tag-immoinvest-fr","tag-immonews-fr","tag-klanghaus-fr","tag-kulturprojekt-2-fr","tag-news-fr","tag-toggenburg-fr","pmpro-has-access"],"acf":{"bild_mit_ki_erstellt_worden":[],"lead":"Apr\u00e8s trois ans de travaux, la Klanghaus ouvrira ses portes en mai 2025 au bord du lac Schwendi. Cette construction en bois visionnaire associe la musique, le paysage et la soci\u00e9t\u00e9 et apporte un nouvel \u00e9lan au Toggenburg.","autor":"Quelle: St. Gallen","ort":"","bildunterschrift":"","bild_im_grid":false,"gallerie":"","newsim":""},"aioseo_notices":[],"aioseo_head":"\n\t\t<!-- All in One SEO 5.0.0.1 - aioseo.com -->\n\t<meta name=\"description\" content=\"Apr\u00e8s trois ans de travaux, la Klanghaus ouvrira ses portes en mai 2025 au bord du lac Schwendi. Cette construction en bois visionnaire associe la musique, le paysage et la soci\u00e9t\u00e9 et apporte un nouvel \u00e9lan au Toggenburg.\" \/>\n\t<meta name=\"robots\" content=\"max-image-preview:large\" \/>\n\t<meta name=\"author\" content=\"immovestuser\"\/>\n\t<meta name=\"google-site-verification\" content=\"fHJKvgWpZCR2zVBHWfkQeFXC11qieUSff0HGNYfuyLA\" \/>\n\t<link rel=\"canonical\" href=\"https:\/\/www.immo-invest.ch\/fr\/eroeffnung-klanghaus-am-schwendisee\/\" \/>\n\t<meta name=\"generator\" content=\"All in One SEO (AIOSEO) 5.0.0.1\" \/>\n\t\t<meta property=\"og:locale\" content=\"fr_FR\" \/>\n\t\t<meta property=\"og:site_name\" content=\"immo!nvest - Die Plattform f\u00fcr Standorte und Immobilien - Die\u00a0Plattform f\u00fcr Standorte und Immobilien\" \/>\n\t\t<meta property=\"og:type\" content=\"article\" \/>\n\t\t<meta property=\"og:title\" content=\"Ouverture de la maison du son au lac de Schwendi - immo!nvest - Die Plattform f\u00fcr Standorte und Immobilien\" \/>\n\t\t<meta property=\"og:description\" content=\"Apr\u00e8s trois ans de travaux, la Klanghaus ouvrira ses portes en mai 2025 au bord du lac Schwendi. Cette construction en bois visionnaire associe la musique, le paysage et la soci\u00e9t\u00e9 et apporte un nouvel \u00e9lan au Toggenburg.\" \/>\n\t\t<meta property=\"og:url\" content=\"https:\/\/www.immo-invest.ch\/fr\/eroeffnung-klanghaus-am-schwendisee\/\" \/>\n\t\t<meta property=\"og:image\" content=\"https:\/\/www.immo-invest.ch\/wp-content\/uploads\/2025\/05\/Klanghaus-Eroeffnung-e1746539097987.png\" \/>\n\t\t<meta property=\"og:image:secure_url\" content=\"https:\/\/www.immo-invest.ch\/wp-content\/uploads\/2025\/05\/Klanghaus-Eroeffnung-e1746539097987.png\" \/>\n\t\t<meta property=\"og:image:width\" content=\"1140\" \/>\n\t\t<meta property=\"og:image:height\" content=\"390\" \/>\n\t\t<meta property=\"article:published_time\" content=\"2025-05-06T13:44:02+00:00\" \/>\n\t\t<meta property=\"article:modified_time\" content=\"2025-05-06T15:15:10+00:00\" \/>\n\t\t<meta property=\"article:publisher\" content=\"https:\/\/www.facebook.com\/people\/Immoinvest\/100077962920504\/\" \/>\n\t\t<meta name=\"twitter:card\" content=\"summary_large_image\" \/>\n\t\t<meta name=\"twitter:site\" content=\"@i\" \/>\n\t\t<meta name=\"twitter:title\" content=\"Ouverture de la maison du son au lac de Schwendi - immo!nvest - Die Plattform f\u00fcr Standorte und Immobilien\" \/>\n\t\t<meta name=\"twitter:description\" content=\"Apr\u00e8s trois ans de travaux, la Klanghaus ouvrira ses portes en mai 2025 au bord du lac Schwendi. Cette construction en bois visionnaire associe la musique, le paysage et la soci\u00e9t\u00e9 et apporte un nouvel \u00e9lan au Toggenburg.\" \/>\n\t\t<meta name=\"twitter:creator\" content=\"@i\" \/>\n\t\t<meta name=\"twitter:image\" content=\"https:\/\/www.immo-invest.ch\/wp-content\/uploads\/2025\/05\/Klanghaus-Eroeffnung-e1746539097987.png\" \/>\n\t\t<script type=\"application\/ld+json\" class=\"aioseo-schema\">\n\t\t\t{\"@context\":\"https:\\\/\\\/schema.org\",\"@graph\":[{\"@type\":\"BlogPosting\",\"@id\":\"https:\\\/\\\/www.immo-invest.ch\\\/fr\\\/eroeffnung-klanghaus-am-schwendisee\\\/#blogposting\",\"name\":\"Ouverture de la maison du son au lac de Schwendi - immo!nvest - Die Plattform f\\u00fcr Standorte und Immobilien\",\"headline\":\"Ouverture de la maison du son au lac de Schwendi\",\"author\":{\"@id\":\"https:\\\/\\\/www.immo-invest.ch\\\/fr\\\/author\\\/immovestuser\\\/#author\"},\"publisher\":{\"@id\":\"https:\\\/\\\/www.immo-invest.ch\\\/fr\\\/#organization\"},\"image\":{\"@type\":\"ImageObject\",\"url\":\"https:\\\/\\\/www.immo-invest.ch\\\/wp-content\\\/uploads\\\/2025\\\/05\\\/Klanghaus-Eroeffnung-e1746539097987.png\",\"width\":1140,\"height\":390},\"datePublished\":\"2025-05-06T15:44:02+02:00\",\"dateModified\":\"2025-05-06T17:15:10+02:00\",\"inLanguage\":\"fr-FR\",\"mainEntityOfPage\":{\"@id\":\"https:\\\/\\\/www.immo-invest.ch\\\/fr\\\/eroeffnung-klanghaus-am-schwendisee\\\/#webpage\"},\"isPartOf\":{\"@id\":\"https:\\\/\\\/www.immo-invest.ch\\\/fr\\\/eroeffnung-klanghaus-am-schwendisee\\\/#webpage\"},\"articleSection\":\"Nouvelle construction, Projects, R\\u00e9gions, Saint-Gall, Standorte, Immoinvest, immoNews, Klanghaus, Kulturprojekt, News, Toggenburg, Facultatif\"},{\"@type\":\"BreadcrumbList\",\"@id\":\"https:\\\/\\\/www.immo-invest.ch\\\/fr\\\/eroeffnung-klanghaus-am-schwendisee\\\/#breadcrumblist\",\"itemListElement\":[{\"@type\":\"ListItem\",\"@id\":\"https:\\\/\\\/www.immo-invest.ch\\\/fr\\\/#listItem\",\"position\":1,\"name\":\"Home\",\"item\":\"https:\\\/\\\/www.immo-invest.ch\\\/fr\\\/\",\"nextItem\":{\"@type\":\"ListItem\",\"@id\":\"https:\\\/\\\/www.immo-invest.ch\\\/fr\\\/categories\\\/regions\\\/#listItem\",\"name\":\"R\\u00e9gions\"}},{\"@type\":\"ListItem\",\"@id\":\"https:\\\/\\\/www.immo-invest.ch\\\/fr\\\/categories\\\/regions\\\/#listItem\",\"position\":2,\"name\":\"R\\u00e9gions\",\"item\":\"https:\\\/\\\/www.immo-invest.ch\\\/fr\\\/categories\\\/regions\\\/\",\"nextItem\":{\"@type\":\"ListItem\",\"@id\":\"https:\\\/\\\/www.immo-invest.ch\\\/fr\\\/categories\\\/regions\\\/suisse\\\/#listItem\",\"name\":\"Suisse\"},\"previousItem\":{\"@type\":\"ListItem\",\"@id\":\"https:\\\/\\\/www.immo-invest.ch\\\/fr\\\/#listItem\",\"name\":\"Home\"}},{\"@type\":\"ListItem\",\"@id\":\"https:\\\/\\\/www.immo-invest.ch\\\/fr\\\/categories\\\/regions\\\/suisse\\\/#listItem\",\"position\":3,\"name\":\"Suisse\",\"item\":\"https:\\\/\\\/www.immo-invest.ch\\\/fr\\\/categories\\\/regions\\\/suisse\\\/\",\"nextItem\":{\"@type\":\"ListItem\",\"@id\":\"https:\\\/\\\/www.immo-invest.ch\\\/fr\\\/categories\\\/regions\\\/suisse\\\/suisse-orientale\\\/#listItem\",\"name\":\"Suisse orientale\"},\"previousItem\":{\"@type\":\"ListItem\",\"@id\":\"https:\\\/\\\/www.immo-invest.ch\\\/fr\\\/categories\\\/regions\\\/#listItem\",\"name\":\"R\\u00e9gions\"}},{\"@type\":\"ListItem\",\"@id\":\"https:\\\/\\\/www.immo-invest.ch\\\/fr\\\/categories\\\/regions\\\/suisse\\\/suisse-orientale\\\/#listItem\",\"position\":4,\"name\":\"Suisse orientale\",\"item\":\"https:\\\/\\\/www.immo-invest.ch\\\/fr\\\/categories\\\/regions\\\/suisse\\\/suisse-orientale\\\/\",\"nextItem\":{\"@type\":\"ListItem\",\"@id\":\"https:\\\/\\\/www.immo-invest.ch\\\/fr\\\/categories\\\/regions\\\/suisse\\\/suisse-orientale\\\/region-saint-gall\\\/#listItem\",\"name\":\"Saint-Gall\"},\"previousItem\":{\"@type\":\"ListItem\",\"@id\":\"https:\\\/\\\/www.immo-invest.ch\\\/fr\\\/categories\\\/regions\\\/suisse\\\/#listItem\",\"name\":\"Suisse\"}},{\"@type\":\"ListItem\",\"@id\":\"https:\\\/\\\/www.immo-invest.ch\\\/fr\\\/categories\\\/regions\\\/suisse\\\/suisse-orientale\\\/region-saint-gall\\\/#listItem\",\"position\":5,\"name\":\"Saint-Gall\",\"item\":\"https:\\\/\\\/www.immo-invest.ch\\\/fr\\\/categories\\\/regions\\\/suisse\\\/suisse-orientale\\\/region-saint-gall\\\/\",\"nextItem\":{\"@type\":\"ListItem\",\"@id\":\"https:\\\/\\\/www.immo-invest.ch\\\/fr\\\/eroeffnung-klanghaus-am-schwendisee\\\/#listItem\",\"name\":\"Ouverture de la maison du son au lac de Schwendi\"},\"previousItem\":{\"@type\":\"ListItem\",\"@id\":\"https:\\\/\\\/www.immo-invest.ch\\\/fr\\\/categories\\\/regions\\\/suisse\\\/suisse-orientale\\\/#listItem\",\"name\":\"Suisse orientale\"}},{\"@type\":\"ListItem\",\"@id\":\"https:\\\/\\\/www.immo-invest.ch\\\/fr\\\/eroeffnung-klanghaus-am-schwendisee\\\/#listItem\",\"position\":6,\"name\":\"Ouverture de la maison du son au lac de Schwendi\",\"previousItem\":{\"@type\":\"ListItem\",\"@id\":\"https:\\\/\\\/www.immo-invest.ch\\\/fr\\\/categories\\\/regions\\\/suisse\\\/suisse-orientale\\\/region-saint-gall\\\/#listItem\",\"name\":\"Saint-Gall\"}}]},{\"@type\":\"Organization\",\"@id\":\"https:\\\/\\\/www.immo-invest.ch\\\/fr\\\/#organization\",\"name\":\"immo!nvest - Die Plattform f\\u00fcr Standorte und Immobilien\",\"description\":\"Die\\u00a0Plattform f\\u00fcr Standorte und Immobilien\",\"url\":\"https:\\\/\\\/www.immo-invest.ch\\\/fr\\\/\",\"email\":\"admin@immomedia.ag\",\"telephone\":\"+41444420002\",\"logo\":{\"@type\":\"ImageObject\",\"url\":\"https:\\\/\\\/www.immo-invest.ch\\\/wp-content\\\/uploads\\\/2024\\\/09\\\/immoinvest_sm-scaled.jpg\",\"@id\":\"https:\\\/\\\/www.immo-invest.ch\\\/fr\\\/eroeffnung-klanghaus-am-schwendisee\\\/#organizationLogo\",\"width\":2560,\"height\":1340},\"image\":{\"@id\":\"https:\\\/\\\/www.immo-invest.ch\\\/fr\\\/eroeffnung-klanghaus-am-schwendisee\\\/#organizationLogo\"},\"sameAs\":[\"https:\\\/\\\/www.facebook.com\\\/people\\\/Immoinvest\\\/100077962920504\\\/\",\"https:\\\/\\\/x.com\\\/i\\\/flow\\\/login?redirect_after_login=immoinvest_ch\",\"https:\\\/\\\/www.instagram.com\\\/immoinvest_ch\\\/\",\"https:\\\/\\\/www.linkedin.com\\\/company\\\/immoinvest-swiss\"]},{\"@type\":\"Person\",\"@id\":\"https:\\\/\\\/www.immo-invest.ch\\\/fr\\\/author\\\/immovestuser\\\/#author\",\"url\":\"https:\\\/\\\/www.immo-invest.ch\\\/fr\\\/author\\\/immovestuser\\\/\",\"name\":\"immovestuser\",\"image\":{\"@type\":\"ImageObject\",\"@id\":\"https:\\\/\\\/www.immo-invest.ch\\\/fr\\\/eroeffnung-klanghaus-am-schwendisee\\\/#authorImage\",\"url\":\"https:\\\/\\\/secure.gravatar.com\\\/avatar\\\/8e01f4d99f2eeea7a362ebb93305e1172a70e9293ba250f897a65c39f54cdd1e?s=96&d=mm&r=g\",\"width\":96,\"height\":96,\"caption\":\"immovestuser\"}},{\"@type\":\"WebPage\",\"@id\":\"https:\\\/\\\/www.immo-invest.ch\\\/fr\\\/eroeffnung-klanghaus-am-schwendisee\\\/#webpage\",\"url\":\"https:\\\/\\\/www.immo-invest.ch\\\/fr\\\/eroeffnung-klanghaus-am-schwendisee\\\/\",\"name\":\"Ouverture de la maison du son au lac de Schwendi - immo!nvest - Die Plattform f\\u00fcr Standorte und Immobilien\",\"description\":\"Apr\\u00e8s trois ans de travaux, la Klanghaus ouvrira ses portes en mai 2025 au bord du lac Schwendi. Cette construction en bois visionnaire associe la musique, le paysage et la soci\\u00e9t\\u00e9 et apporte un nouvel \\u00e9lan au Toggenburg.\",\"inLanguage\":\"fr-FR\",\"isPartOf\":{\"@id\":\"https:\\\/\\\/www.immo-invest.ch\\\/fr\\\/#website\"},\"breadcrumb\":{\"@id\":\"https:\\\/\\\/www.immo-invest.ch\\\/fr\\\/eroeffnung-klanghaus-am-schwendisee\\\/#breadcrumblist\"},\"author\":{\"@id\":\"https:\\\/\\\/www.immo-invest.ch\\\/fr\\\/author\\\/immovestuser\\\/#author\"},\"creator\":{\"@id\":\"https:\\\/\\\/www.immo-invest.ch\\\/fr\\\/author\\\/immovestuser\\\/#author\"},\"image\":{\"@type\":\"ImageObject\",\"url\":\"https:\\\/\\\/www.immo-invest.ch\\\/wp-content\\\/uploads\\\/2025\\\/05\\\/Klanghaus-Eroeffnung-e1746539097987.png\",\"@id\":\"https:\\\/\\\/www.immo-invest.ch\\\/fr\\\/eroeffnung-klanghaus-am-schwendisee\\\/#mainImage\",\"width\":1140,\"height\":390},\"primaryImageOfPage\":{\"@id\":\"https:\\\/\\\/www.immo-invest.ch\\\/fr\\\/eroeffnung-klanghaus-am-schwendisee\\\/#mainImage\"},\"datePublished\":\"2025-05-06T15:44:02+02:00\",\"dateModified\":\"2025-05-06T17:15:10+02:00\"},{\"@type\":\"WebSite\",\"@id\":\"https:\\\/\\\/www.immo-invest.ch\\\/fr\\\/#website\",\"url\":\"https:\\\/\\\/www.immo-invest.ch\\\/fr\\\/\",\"name\":\"immo!nvest - Die Plattform f\\u00fcr Standorte und Immobilien\",\"description\":\"Die\\u00a0Plattform f\\u00fcr Standorte und Immobilien\",\"inLanguage\":\"fr-FR\",\"publisher\":{\"@id\":\"https:\\\/\\\/www.immo-invest.ch\\\/fr\\\/#organization\"}}]}\n\t\t<\/script>\n\t\t<!-- All in One SEO -->\n\n","aioseo_head_json":{"title":"Ouverture de la maison du son au lac de Schwendi - immo!nvest - Die Plattform f\u00fcr Standorte und Immobilien","description":"Apr\u00e8s trois ans de travaux, la Klanghaus ouvrira ses portes en mai 2025 au bord du lac Schwendi. Cette construction en bois visionnaire associe la musique, le paysage et la soci\u00e9t\u00e9 et apporte un nouvel \u00e9lan au Toggenburg.","canonical_url":"https:\/\/www.immo-invest.ch\/fr\/eroeffnung-klanghaus-am-schwendisee\/","robots":"max-image-preview:large","keywords":"","webmasterTools":{"google-site-verification":"fHJKvgWpZCR2zVBHWfkQeFXC11qieUSff0HGNYfuyLA","miscellaneous":""},"schema":{"@context":"https:\/\/schema.org","@graph":[{"@type":"BlogPosting","@id":"https:\/\/www.immo-invest.ch\/fr\/eroeffnung-klanghaus-am-schwendisee\/#blogposting","name":"Ouverture de la maison du son au lac de Schwendi - immo!nvest - Die Plattform f\u00fcr Standorte und Immobilien","headline":"Ouverture de la maison du son au lac de Schwendi","author":{"@id":"https:\/\/www.immo-invest.ch\/fr\/author\/immovestuser\/#author"},"publisher":{"@id":"https:\/\/www.immo-invest.ch\/fr\/#organization"},"image":{"@type":"ImageObject","url":"https:\/\/www.immo-invest.ch\/wp-content\/uploads\/2025\/05\/Klanghaus-Eroeffnung-e1746539097987.png","width":1140,"height":390},"datePublished":"2025-05-06T15:44:02+02:00","dateModified":"2025-05-06T17:15:10+02:00","inLanguage":"fr-FR","mainEntityOfPage":{"@id":"https:\/\/www.immo-invest.ch\/fr\/eroeffnung-klanghaus-am-schwendisee\/#webpage"},"isPartOf":{"@id":"https:\/\/www.immo-invest.ch\/fr\/eroeffnung-klanghaus-am-schwendisee\/#webpage"},"articleSection":"Nouvelle construction, Projects, R\u00e9gions, Saint-Gall, Standorte, Immoinvest, immoNews, Klanghaus, Kulturprojekt, News, Toggenburg, Facultatif"},{"@type":"BreadcrumbList","@id":"https:\/\/www.immo-invest.ch\/fr\/eroeffnung-klanghaus-am-schwendisee\/#breadcrumblist","itemListElement":[{"@type":"ListItem","@id":"https:\/\/www.immo-invest.ch\/fr\/#listItem","position":1,"name":"Home","item":"https:\/\/www.immo-invest.ch\/fr\/","nextItem":{"@type":"ListItem","@id":"https:\/\/www.immo-invest.ch\/fr\/categories\/regions\/#listItem","name":"R\u00e9gions"}},{"@type":"ListItem","@id":"https:\/\/www.immo-invest.ch\/fr\/categories\/regions\/#listItem","position":2,"name":"R\u00e9gions","item":"https:\/\/www.immo-invest.ch\/fr\/categories\/regions\/","nextItem":{"@type":"ListItem","@id":"https:\/\/www.immo-invest.ch\/fr\/categories\/regions\/suisse\/#listItem","name":"Suisse"},"previousItem":{"@type":"ListItem","@id":"https:\/\/www.immo-invest.ch\/fr\/#listItem","name":"Home"}},{"@type":"ListItem","@id":"https:\/\/www.immo-invest.ch\/fr\/categories\/regions\/suisse\/#listItem","position":3,"name":"Suisse","item":"https:\/\/www.immo-invest.ch\/fr\/categories\/regions\/suisse\/","nextItem":{"@type":"ListItem","@id":"https:\/\/www.immo-invest.ch\/fr\/categories\/regions\/suisse\/suisse-orientale\/#listItem","name":"Suisse orientale"},"previousItem":{"@type":"ListItem","@id":"https:\/\/www.immo-invest.ch\/fr\/categories\/regions\/#listItem","name":"R\u00e9gions"}},{"@type":"ListItem","@id":"https:\/\/www.immo-invest.ch\/fr\/categories\/regions\/suisse\/suisse-orientale\/#listItem","position":4,"name":"Suisse orientale","item":"https:\/\/www.immo-invest.ch\/fr\/categories\/regions\/suisse\/suisse-orientale\/","nextItem":{"@type":"ListItem","@id":"https:\/\/www.immo-invest.ch\/fr\/categories\/regions\/suisse\/suisse-orientale\/region-saint-gall\/#listItem","name":"Saint-Gall"},"previousItem":{"@type":"ListItem","@id":"https:\/\/www.immo-invest.ch\/fr\/categories\/regions\/suisse\/#listItem","name":"Suisse"}},{"@type":"ListItem","@id":"https:\/\/www.immo-invest.ch\/fr\/categories\/regions\/suisse\/suisse-orientale\/region-saint-gall\/#listItem","position":5,"name":"Saint-Gall","item":"https:\/\/www.immo-invest.ch\/fr\/categories\/regions\/suisse\/suisse-orientale\/region-saint-gall\/","nextItem":{"@type":"ListItem","@id":"https:\/\/www.immo-invest.ch\/fr\/eroeffnung-klanghaus-am-schwendisee\/#listItem","name":"Ouverture de la maison du son au lac de Schwendi"},"previousItem":{"@type":"ListItem","@id":"https:\/\/www.immo-invest.ch\/fr\/categories\/regions\/suisse\/suisse-orientale\/#listItem","name":"Suisse orientale"}},{"@type":"ListItem","@id":"https:\/\/www.immo-invest.ch\/fr\/eroeffnung-klanghaus-am-schwendisee\/#listItem","position":6,"name":"Ouverture de la maison du son au lac de Schwendi","previousItem":{"@type":"ListItem","@id":"https:\/\/www.immo-invest.ch\/fr\/categories\/regions\/suisse\/suisse-orientale\/region-saint-gall\/#listItem","name":"Saint-Gall"}}]},{"@type":"Organization","@id":"https:\/\/www.immo-invest.ch\/fr\/#organization","name":"immo!nvest - Die Plattform f\u00fcr Standorte und Immobilien","description":"Die\u00a0Plattform f\u00fcr Standorte und Immobilien","url":"https:\/\/www.immo-invest.ch\/fr\/","email":"admin@immomedia.ag","telephone":"+41444420002","logo":{"@type":"ImageObject","url":"https:\/\/www.immo-invest.ch\/wp-content\/uploads\/2024\/09\/immoinvest_sm-scaled.jpg","@id":"https:\/\/www.immo-invest.ch\/fr\/eroeffnung-klanghaus-am-schwendisee\/#organizationLogo","width":2560,"height":1340},"image":{"@id":"https:\/\/www.immo-invest.ch\/fr\/eroeffnung-klanghaus-am-schwendisee\/#organizationLogo"},"sameAs":["https:\/\/www.facebook.com\/people\/Immoinvest\/100077962920504\/","https:\/\/x.com\/i\/flow\/login?redirect_after_login=immoinvest_ch","https:\/\/www.instagram.com\/immoinvest_ch\/","https:\/\/www.linkedin.com\/company\/immoinvest-swiss"]},{"@type":"Person","@id":"https:\/\/www.immo-invest.ch\/fr\/author\/immovestuser\/#author","url":"https:\/\/www.immo-invest.ch\/fr\/author\/immovestuser\/","name":"immovestuser","image":{"@type":"ImageObject","@id":"https:\/\/www.immo-invest.ch\/fr\/eroeffnung-klanghaus-am-schwendisee\/#authorImage","url":"https:\/\/secure.gravatar.com\/avatar\/8e01f4d99f2eeea7a362ebb93305e1172a70e9293ba250f897a65c39f54cdd1e?s=96&d=mm&r=g","width":96,"height":96,"caption":"immovestuser"}},{"@type":"WebPage","@id":"https:\/\/www.immo-invest.ch\/fr\/eroeffnung-klanghaus-am-schwendisee\/#webpage","url":"https:\/\/www.immo-invest.ch\/fr\/eroeffnung-klanghaus-am-schwendisee\/","name":"Ouverture de la maison du son au lac de Schwendi - immo!nvest - Die Plattform f\u00fcr Standorte und Immobilien","description":"Apr\u00e8s trois ans de travaux, la Klanghaus ouvrira ses portes en mai 2025 au bord du lac Schwendi. Cette construction en bois visionnaire associe la musique, le paysage et la soci\u00e9t\u00e9 et apporte un nouvel \u00e9lan au Toggenburg.","inLanguage":"fr-FR","isPartOf":{"@id":"https:\/\/www.immo-invest.ch\/fr\/#website"},"breadcrumb":{"@id":"https:\/\/www.immo-invest.ch\/fr\/eroeffnung-klanghaus-am-schwendisee\/#breadcrumblist"},"author":{"@id":"https:\/\/www.immo-invest.ch\/fr\/author\/immovestuser\/#author"},"creator":{"@id":"https:\/\/www.immo-invest.ch\/fr\/author\/immovestuser\/#author"},"image":{"@type":"ImageObject","url":"https:\/\/www.immo-invest.ch\/wp-content\/uploads\/2025\/05\/Klanghaus-Eroeffnung-e1746539097987.png","@id":"https:\/\/www.immo-invest.ch\/fr\/eroeffnung-klanghaus-am-schwendisee\/#mainImage","width":1140,"height":390},"primaryImageOfPage":{"@id":"https:\/\/www.immo-invest.ch\/fr\/eroeffnung-klanghaus-am-schwendisee\/#mainImage"},"datePublished":"2025-05-06T15:44:02+02:00","dateModified":"2025-05-06T17:15:10+02:00"},{"@type":"WebSite","@id":"https:\/\/www.immo-invest.ch\/fr\/#website","url":"https:\/\/www.immo-invest.ch\/fr\/","name":"immo!nvest - Die Plattform f\u00fcr Standorte und Immobilien","description":"Die\u00a0Plattform f\u00fcr Standorte und Immobilien","inLanguage":"fr-FR","publisher":{"@id":"https:\/\/www.immo-invest.ch\/fr\/#organization"}}]},"og:locale":"fr_FR","og:site_name":"immo!nvest - Die Plattform f\u00fcr Standorte und Immobilien - Die\u00a0Plattform f\u00fcr Standorte und Immobilien","og:type":"article","og:title":"Ouverture de la maison du son au lac de Schwendi - immo!nvest - Die Plattform f\u00fcr Standorte und Immobilien","og:description":"Apr\u00e8s trois ans de travaux, la Klanghaus ouvrira ses portes en mai 2025 au bord du lac Schwendi. Cette construction en bois visionnaire associe la musique, le paysage et la soci\u00e9t\u00e9 et apporte un nouvel \u00e9lan au Toggenburg.","og:url":"https:\/\/www.immo-invest.ch\/fr\/eroeffnung-klanghaus-am-schwendisee\/","og:image":"https:\/\/www.immo-invest.ch\/wp-content\/uploads\/2025\/05\/Klanghaus-Eroeffnung-e1746539097987.png","og:image:secure_url":"https:\/\/www.immo-invest.ch\/wp-content\/uploads\/2025\/05\/Klanghaus-Eroeffnung-e1746539097987.png","og:image:width":1140,"og:image:height":390,"article:published_time":"2025-05-06T13:44:02+00:00","article:modified_time":"2025-05-06T15:15:10+00:00","article:publisher":"https:\/\/www.facebook.com\/people\/Immoinvest\/100077962920504\/","twitter:card":"summary_large_image","twitter:site":"@i","twitter:title":"Ouverture de la maison du son au lac de Schwendi - immo!nvest - Die Plattform f\u00fcr Standorte und Immobilien","twitter:description":"Apr\u00e8s trois ans de travaux, la Klanghaus ouvrira ses portes en mai 2025 au bord du lac Schwendi. Cette construction en bois visionnaire associe la musique, le paysage et la soci\u00e9t\u00e9 et apporte un nouvel \u00e9lan au Toggenburg.","twitter:creator":"@i","twitter:image":"https:\/\/www.immo-invest.ch\/wp-content\/uploads\/2025\/05\/Klanghaus-Eroeffnung-e1746539097987.png"},"aioseo_meta_data":{"post_id":"131642","title":null,"description":null,"keywords":null,"keyphrases":{"focus":{"keyphrase":"","score":0,"analysis":{"keyphraseInTitle":{"score":0,"maxScore":9,"error":1}}},"additional":[]},"primary_term":null,"canonical_url":null,"og_title":null,"og_description":null,"og_object_type":"default","og_image_type":"default","og_image_url":null,"og_image_width":null,"og_image_height":null,"og_image_custom_url":null,"og_image_custom_fields":null,"og_video":"","og_custom_url":null,"og_article_section":null,"og_article_tags":null,"twitter_use_og":false,"twitter_card":"default","twitter_image_type":"default","twitter_image_url":null,"twitter_image_custom_url":null,"twitter_image_custom_fields":null,"twitter_title":null,"twitter_description":null,"schema":{"blockGraphs":[],"customGraphs":[],"default":{"data":{"Article":[],"Course":[],"Dataset":[],"FAQPage":[],"Movie":[],"Person":[],"Product":[],"ProductReview":[],"Car":[],"Recipe":[],"Service":[],"SoftwareApplication":[],"WebPage":[]},"graphName":"BlogPosting","isEnabled":true},"graphs":[]},"schema_type":"default","schema_type_options":null,"pillar_content":false,"robots_default":true,"robots_noindex":false,"robots_noarchive":false,"robots_nosnippet":false,"robots_nofollow":false,"robots_noimageindex":false,"robots_noodp":false,"robots_notranslate":false,"robots_max_snippet":"-1","robots_max_videopreview":"-1","robots_max_imagepreview":"large","priority":null,"frequency":"default","local_seo":null,"breadcrumb_settings":null,"limit_modified_date":false,"ai":null,"created":"2025-05-06 15:15:10","updated":"2025-10-24 20:05:14","seo_analyzer_scan_date":null,"focus_keyword":null,"additional_keywords":null,"truseo_locale":null},"aioseo_breadcrumb":"<div class=\"aioseo-breadcrumbs\"><span class=\"aioseo-breadcrumb\">\n\t\t\t<a href=\"https:\/\/www.immo-invest.ch\/fr\/\" title=\"Home\">Home<\/a>\n\t\t<\/span><span class=\"aioseo-breadcrumb-separator\">&raquo;<\/span><span class=\"aioseo-breadcrumb\">\n\t\t\t<a href=\"https:\/\/www.immo-invest.ch\/fr\/categories\/regions\/\" title=\"R\u00e9gions\">R\u00e9gions<\/a>\n\t\t<\/span><span class=\"aioseo-breadcrumb-separator\">&raquo;<\/span><span class=\"aioseo-breadcrumb\">\n\t\t\t<a href=\"https:\/\/www.immo-invest.ch\/fr\/categories\/regions\/suisse\/\" title=\"Suisse\">Suisse<\/a>\n\t\t<\/span><span class=\"aioseo-breadcrumb-separator\">&raquo;<\/span><span class=\"aioseo-breadcrumb\">\n\t\t\t<a href=\"https:\/\/www.immo-invest.ch\/fr\/categories\/regions\/suisse\/suisse-orientale\/\" title=\"Suisse orientale\">Suisse orientale<\/a>\n\t\t<\/span><span class=\"aioseo-breadcrumb-separator\">&raquo;<\/span><span class=\"aioseo-breadcrumb\">\n\t\t\t<a href=\"https:\/\/www.immo-invest.ch\/fr\/categories\/regions\/suisse\/suisse-orientale\/region-saint-gall\/\" title=\"Saint-Gall\">Saint-Gall<\/a>\n\t\t<\/span><span class=\"aioseo-breadcrumb-separator\">&raquo;<\/span><span class=\"aioseo-breadcrumb\">\n\t\t\tOuverture de la maison du son au lac de Schwendi\n\t\t<\/span><\/div>","aioseo_breadcrumb_json":[{"label":"Home","link":"https:\/\/www.immo-invest.ch\/fr\/"},{"label":"R\u00e9gions","link":"https:\/\/www.immo-invest.ch\/fr\/categories\/regions\/"},{"label":"Suisse","link":"https:\/\/www.immo-invest.ch\/fr\/categories\/regions\/suisse\/"},{"label":"Suisse orientale","link":"https:\/\/www.immo-invest.ch\/fr\/categories\/regions\/suisse\/suisse-orientale\/"},{"label":"Saint-Gall","link":"https:\/\/www.immo-invest.ch\/fr\/categories\/regions\/suisse\/suisse-orientale\/region-saint-gall\/"},{"label":"Ouverture de la maison du son au lac de Schwendi","link":"https:\/\/www.immo-invest.ch\/fr\/eroeffnung-klanghaus-am-schwendisee\/"}],"featured_image_src":"https:\/\/www.immo-invest.ch\/wp-content\/uploads\/2025\/05\/Klanghaus-Eroeffnung-336x168.png","_links":{"self":[{"href":"https:\/\/www.immo-invest.ch\/fr\/wp-json\/wp\/v2\/posts\/131642","targetHints":{"allow":["GET"]}}],"collection":[{"href":"https:\/\/www.immo-invest.ch\/fr\/wp-json\/wp\/v2\/posts"}],"about":[{"href":"https:\/\/www.immo-invest.ch\/fr\/wp-json\/wp\/v2\/types\/post"}],"author":[{"embeddable":true,"href":"https:\/\/www.immo-invest.ch\/fr\/wp-json\/wp\/v2\/users\/2"}],"replies":[{"embeddable":true,"href":"https:\/\/www.immo-invest.ch\/fr\/wp-json\/wp\/v2\/comments?post=131642"}],"version-history":[{"count":0,"href":"https:\/\/www.immo-invest.ch\/fr\/wp-json\/wp\/v2\/posts\/131642\/revisions"}],"wp:featuredmedia":[{"embeddable":true,"href":"https:\/\/www.immo-invest.ch\/fr\/wp-json\/wp\/v2\/media\/131581"}],"wp:attachment":[{"href":"https:\/\/www.immo-invest.ch\/fr\/wp-json\/wp\/v2\/media?parent=131642"}],"wp:term":[{"taxonomy":"category","embeddable":true,"href":"https:\/\/www.immo-invest.ch\/fr\/wp-json\/wp\/v2\/categories?post=131642"},{"taxonomy":"post_tag","embeddable":true,"href":"https:\/\/www.immo-invest.ch\/fr\/wp-json\/wp\/v2\/tags?post=131642"}],"curies":[{"name":"wp","href":"https:\/\/api.w.org\/{rel}","templated":true}]}}