{"id":131163,"date":"2025-04-29T13:50:00","date_gmt":"2025-04-29T11:50:00","guid":{"rendered":"https:\/\/www.immo-invest.ch\/?p=131163"},"modified":"2025-04-29T13:34:37","modified_gmt":"2025-04-29T11:34:37","slug":"internationale-plattform-fuer-die-raumplanung","status":"publish","type":"post","link":"https:\/\/www.immo-invest.ch\/fr\/internationale-plattform-fuer-die-raumplanung\/","title":{"rendered":"Plate-forme internationale pour l&rsquo;am\u00e9nagement du territoire"},"content":{"rendered":"<p class=\"wp-block-paragraph\">Sous le <span class=\"glossaryLink\" aria-describedby=\"tt\" data-cmtooltip=\"&lt;div class=glossaryItemTitle&gt;Slogan&lt;\/div&gt;&lt;div class=glossaryItemBody&gt;Kurze, pr&auml;gnante Zusammenfassung der zentralen Werbeaussage&lt;\/div&gt;\" data-mobile-support=\"0\" data-gt-translate-attributes='[{\"attribute\":\"data-cmtooltip\", \"format\":\"html\"}]' tabindex=\"0\" role=\"link\">slogan<\/span> &laquo;&nbsp;P:ITte alle umsteigen &lsquo;<span class=\"glossaryLink\"  aria-describedby=\"tt\"  data-cmtooltip=\"&lt;div class=glossaryItemTitle&gt;Raum&lt;\/div&gt;&lt;div class=glossaryItemBody&gt;Architektur schafft, gestaltet und gliedert Innen- und Aussenr&auml;ume; im engeren Sinne ein Zimmer&lt;\/div&gt;\"  data-mobile-support=\"0\"  data-gt-translate-attributes='[{\"attribute\":\"data-cmtooltip\", \"format\":\"html\"}]' tabindex='0' role='link'>Raum<\/span> &amp; Mobilit&auml;t&rsquo; integriert&nbsp;&raquo;, la Haute &eacute;cole sp&eacute;cialis&eacute;e de Suisse orientale a organis&eacute; sa 76e rencontre du 9 au 13 avril 2025. Environ 150 &eacute;tudiants en urbanisme, transport et am&eacute;nagement du territoire ont r&eacute;pondu &agrave; l&rsquo;invitation &agrave; Rapperswil-Jona. Organis&eacute;e par des &eacute;tudiants de Bachelor engag&eacute;s, la rencontre a offert une plateforme d&rsquo;&eacute;changes internationaux, de r&eacute;seautage et de discussions techniques sur l&rsquo;avenir de l&rsquo;am&eacute;nagement du territoire et de la planification des transports.<\/p>\n\n\n\n\n\n<p class=\"wp-block-paragraph\"><strong>Impulsions professionnelles pour un tournant dans les transports<br><\/strong>La question centrale &eacute;tait de savoir comment organiser la mobilit&eacute; de mani&egrave;re durable et l&rsquo;int&eacute;grer judicieusement au d&eacute;veloppement urbain. En s&rsquo;appuyant sur des exemples concrets de la r&eacute;gion, les participants ont notamment &eacute;tudi&eacute; la Bahnhofstrasse &agrave; Rapperswil et la fonction des plaques tournantes de la mobilit&eacute; comme la gare de Jona. Les ateliers interactifs et les excursions ont clairement montr&eacute; que la r&eacute;ussite de l&rsquo;am&eacute;nagement du territoire exige des solutions int&eacute;gr&eacute;es qui consid&egrave;rent l&rsquo;urbanisation et les transports comme un tout.<\/p>\n\n\n\n\n\n<p class=\"wp-block-paragraph\"><strong>Mise en r&eacute;seau au-del&agrave; des fronti&egrave;res<br><\/strong>La rencontre des urbanistes est la conf&eacute;rence la plus importante des &eacute;tudiants en urbanisme et am&eacute;nagement du territoire dans l&rsquo;espace germanophone. Organis&eacute;e par rotation par les associations professionnelles, la rencontre offre une formation continue sp&eacute;cialis&eacute;e et un pr&eacute;cieux r&eacute;seau international. La prochaine rencontre aura lieu &agrave; l&rsquo;universit&eacute; technique de L&uuml;beck et &agrave; l&rsquo;universit&eacute; des sciences appliqu&eacute;es de Hambourg et poursuivra la discussion sur les concepts d&rsquo;am&eacute;nagement du territoire porteurs d&rsquo;avenir.<\/p>\n\n","protected":false},"excerpt":{"rendered":"<p>Lors de la 76e rencontre des planificateurs \u00e0 Rapperswil-Jona, 150 \u00e9tudiants d&rsquo;Allemagne, d&rsquo;Autriche et de Suisse se sont mis en r\u00e9seau pour d\u00e9velopper de nouvelles approches de la mobilit\u00e9 durable et du d\u00e9veloppement urbain int\u00e9gr\u00e9.<\/p>\n","protected":false},"author":2,"featured_media":131088,"comment_status":"open","ping_status":"open","sticky":false,"template":"","format":"standard","meta":{"pmpro_default_level":"","inline_featured_image":false,"_monsterinsights_skip_tracking":false,"footnotes":""},"categories":[22699,743,22703,8452,9442,22438],"tags":[872,3931,2410,2002,3185,39703],"class_list":["post-131163","post","type-post","status-publish","format-standard","has-post-thumbnail","hentry","category-durabilite","category-immonews-fr","category-mobilite","category-regions","category-region-saint-gall","category-trends-fr","tag-immoinvest-fr","tag-immonews-fr","tag-mobilitaet-fr","tag-news-fr","tag-raumplanung-fr","tag-stadtentwicklung-fr","pmpro-has-access"],"acf":{"bild_mit_ki_erstellt_worden":[],"lead":"Lors de la 76e rencontre des planificateurs \u00e0 Rapperswil-Jona, 150 \u00e9tudiants d'Allemagne, d'Autriche et de Suisse se sont mis en r\u00e9seau pour d\u00e9velopper de nouvelles approches de la mobilit\u00e9 durable et du d\u00e9veloppement urbain int\u00e9gr\u00e9.","autor":"Quelle Ost","ort":"","bildunterschrift":"","bild_im_grid":false,"gallerie":"","newsim":""},"aioseo_notices":[],"aioseo_head":"\n\t\t<!-- All in One SEO 5.0.0.1 - aioseo.com -->\n\t<meta name=\"description\" content=\"Lors de la 76e rencontre des planificateurs \u00e0 Rapperswil-Jona, 150 \u00e9tudiants d&#039;Allemagne, d&#039;Autriche et de Suisse se sont mis en r\u00e9seau pour d\u00e9velopper de nouvelles approches de la mobilit\u00e9 durable et du d\u00e9veloppement urbain int\u00e9gr\u00e9.\" \/>\n\t<meta name=\"robots\" content=\"max-image-preview:large\" \/>\n\t<meta name=\"author\" content=\"immovestuser\"\/>\n\t<meta name=\"google-site-verification\" content=\"fHJKvgWpZCR2zVBHWfkQeFXC11qieUSff0HGNYfuyLA\" \/>\n\t<link rel=\"canonical\" href=\"https:\/\/www.immo-invest.ch\/fr\/internationale-plattform-fuer-die-raumplanung\/\" \/>\n\t<meta name=\"generator\" content=\"All in One SEO (AIOSEO) 5.0.0.1\" \/>\n\t\t<meta property=\"og:locale\" content=\"fr_FR\" \/>\n\t\t<meta property=\"og:site_name\" content=\"immo!nvest - Die Plattform f\u00fcr Standorte und Immobilien - Die\u00a0Plattform f\u00fcr Standorte und Immobilien\" \/>\n\t\t<meta property=\"og:type\" content=\"article\" \/>\n\t\t<meta property=\"og:title\" content=\"Plate-forme internationale pour l\u2019am\u00e9nagement du territoire - immo!nvest - Die Plattform f\u00fcr Standorte und Immobilien\" \/>\n\t\t<meta property=\"og:description\" content=\"Lors de la 76e rencontre des planificateurs \u00e0 Rapperswil-Jona, 150 \u00e9tudiants d&#039;Allemagne, d&#039;Autriche et de Suisse se sont mis en r\u00e9seau pour d\u00e9velopper de nouvelles approches de la mobilit\u00e9 durable et du d\u00e9veloppement urbain int\u00e9gr\u00e9.\" \/>\n\t\t<meta property=\"og:url\" content=\"https:\/\/www.immo-invest.ch\/fr\/internationale-plattform-fuer-die-raumplanung\/\" \/>\n\t\t<meta property=\"og:image\" content=\"https:\/\/www.immo-invest.ch\/wp-content\/uploads\/2025\/04\/csm_2025_04_25_gruppenfoto_timothy_iselin_d2c94119a0-scaled.jpg\" \/>\n\t\t<meta property=\"og:image:secure_url\" content=\"https:\/\/www.immo-invest.ch\/wp-content\/uploads\/2025\/04\/csm_2025_04_25_gruppenfoto_timothy_iselin_d2c94119a0-scaled.jpg\" \/>\n\t\t<meta property=\"og:image:width\" content=\"2560\" \/>\n\t\t<meta property=\"og:image:height\" content=\"1097\" \/>\n\t\t<meta property=\"article:published_time\" content=\"2025-04-29T11:50:00+00:00\" \/>\n\t\t<meta property=\"article:modified_time\" content=\"2025-04-29T11:34:37+00:00\" \/>\n\t\t<meta property=\"article:publisher\" content=\"https:\/\/www.facebook.com\/people\/Immoinvest\/100077962920504\/\" \/>\n\t\t<meta name=\"twitter:card\" content=\"summary_large_image\" \/>\n\t\t<meta name=\"twitter:site\" content=\"@i\" \/>\n\t\t<meta name=\"twitter:title\" content=\"Plate-forme internationale pour l\u2019am\u00e9nagement du territoire - immo!nvest - Die Plattform f\u00fcr Standorte und Immobilien\" \/>\n\t\t<meta name=\"twitter:description\" content=\"Lors de la 76e rencontre des planificateurs \u00e0 Rapperswil-Jona, 150 \u00e9tudiants d&#039;Allemagne, d&#039;Autriche et de Suisse se sont mis en r\u00e9seau pour d\u00e9velopper de nouvelles approches de la mobilit\u00e9 durable et du d\u00e9veloppement urbain int\u00e9gr\u00e9.\" \/>\n\t\t<meta name=\"twitter:creator\" content=\"@i\" \/>\n\t\t<meta name=\"twitter:image\" content=\"https:\/\/www.immo-invest.ch\/wp-content\/uploads\/2025\/04\/csm_2025_04_25_gruppenfoto_timothy_iselin_d2c94119a0-scaled.jpg\" \/>\n\t\t<script type=\"application\/ld+json\" class=\"aioseo-schema\">\n\t\t\t{\"@context\":\"https:\\\/\\\/schema.org\",\"@graph\":[{\"@type\":\"BlogPosting\",\"@id\":\"https:\\\/\\\/www.immo-invest.ch\\\/fr\\\/internationale-plattform-fuer-die-raumplanung\\\/#blogposting\",\"name\":\"Plate-forme internationale pour l\\u2019am\\u00e9nagement du territoire - immo!nvest - Die Plattform f\\u00fcr Standorte und Immobilien\",\"headline\":\"Plate-forme internationale pour l&rsquo;am\\u00e9nagement du territoire\",\"author\":{\"@id\":\"https:\\\/\\\/www.immo-invest.ch\\\/fr\\\/author\\\/immovestuser\\\/#author\"},\"publisher\":{\"@id\":\"https:\\\/\\\/www.immo-invest.ch\\\/fr\\\/#organization\"},\"image\":{\"@type\":\"ImageObject\",\"url\":\"https:\\\/\\\/www.immo-invest.ch\\\/wp-content\\\/uploads\\\/2025\\\/04\\\/csm_2025_04_25_gruppenfoto_timothy_iselin_d2c94119a0-scaled.jpg\",\"width\":2560,\"height\":1097},\"datePublished\":\"2025-04-29T13:50:00+02:00\",\"dateModified\":\"2025-04-29T13:34:37+02:00\",\"inLanguage\":\"fr-FR\",\"mainEntityOfPage\":{\"@id\":\"https:\\\/\\\/www.immo-invest.ch\\\/fr\\\/internationale-plattform-fuer-die-raumplanung\\\/#webpage\"},\"isPartOf\":{\"@id\":\"https:\\\/\\\/www.immo-invest.ch\\\/fr\\\/internationale-plattform-fuer-die-raumplanung\\\/#webpage\"},\"articleSection\":\"Durabilit\\u00e9, immoNews, Mobilit\\u00e9, R\\u00e9gions, Saint-Gall, Trends, Immoinvest, immoNews, Mobilit\\u00e4t, News, Raumplanung, Stadtentwicklung, Facultatif\"},{\"@type\":\"BreadcrumbList\",\"@id\":\"https:\\\/\\\/www.immo-invest.ch\\\/fr\\\/internationale-plattform-fuer-die-raumplanung\\\/#breadcrumblist\",\"itemListElement\":[{\"@type\":\"ListItem\",\"@id\":\"https:\\\/\\\/www.immo-invest.ch\\\/fr\\\/#listItem\",\"position\":1,\"name\":\"Home\",\"item\":\"https:\\\/\\\/www.immo-invest.ch\\\/fr\\\/\",\"nextItem\":{\"@type\":\"ListItem\",\"@id\":\"https:\\\/\\\/www.immo-invest.ch\\\/fr\\\/categories\\\/regions\\\/#listItem\",\"name\":\"R\\u00e9gions\"}},{\"@type\":\"ListItem\",\"@id\":\"https:\\\/\\\/www.immo-invest.ch\\\/fr\\\/categories\\\/regions\\\/#listItem\",\"position\":2,\"name\":\"R\\u00e9gions\",\"item\":\"https:\\\/\\\/www.immo-invest.ch\\\/fr\\\/categories\\\/regions\\\/\",\"nextItem\":{\"@type\":\"ListItem\",\"@id\":\"https:\\\/\\\/www.immo-invest.ch\\\/fr\\\/categories\\\/regions\\\/suisse\\\/#listItem\",\"name\":\"Suisse\"},\"previousItem\":{\"@type\":\"ListItem\",\"@id\":\"https:\\\/\\\/www.immo-invest.ch\\\/fr\\\/#listItem\",\"name\":\"Home\"}},{\"@type\":\"ListItem\",\"@id\":\"https:\\\/\\\/www.immo-invest.ch\\\/fr\\\/categories\\\/regions\\\/suisse\\\/#listItem\",\"position\":3,\"name\":\"Suisse\",\"item\":\"https:\\\/\\\/www.immo-invest.ch\\\/fr\\\/categories\\\/regions\\\/suisse\\\/\",\"nextItem\":{\"@type\":\"ListItem\",\"@id\":\"https:\\\/\\\/www.immo-invest.ch\\\/fr\\\/categories\\\/regions\\\/suisse\\\/suisse-orientale\\\/#listItem\",\"name\":\"Suisse orientale\"},\"previousItem\":{\"@type\":\"ListItem\",\"@id\":\"https:\\\/\\\/www.immo-invest.ch\\\/fr\\\/categories\\\/regions\\\/#listItem\",\"name\":\"R\\u00e9gions\"}},{\"@type\":\"ListItem\",\"@id\":\"https:\\\/\\\/www.immo-invest.ch\\\/fr\\\/categories\\\/regions\\\/suisse\\\/suisse-orientale\\\/#listItem\",\"position\":4,\"name\":\"Suisse orientale\",\"item\":\"https:\\\/\\\/www.immo-invest.ch\\\/fr\\\/categories\\\/regions\\\/suisse\\\/suisse-orientale\\\/\",\"nextItem\":{\"@type\":\"ListItem\",\"@id\":\"https:\\\/\\\/www.immo-invest.ch\\\/fr\\\/categories\\\/regions\\\/suisse\\\/suisse-orientale\\\/region-saint-gall\\\/#listItem\",\"name\":\"Saint-Gall\"},\"previousItem\":{\"@type\":\"ListItem\",\"@id\":\"https:\\\/\\\/www.immo-invest.ch\\\/fr\\\/categories\\\/regions\\\/suisse\\\/#listItem\",\"name\":\"Suisse\"}},{\"@type\":\"ListItem\",\"@id\":\"https:\\\/\\\/www.immo-invest.ch\\\/fr\\\/categories\\\/regions\\\/suisse\\\/suisse-orientale\\\/region-saint-gall\\\/#listItem\",\"position\":5,\"name\":\"Saint-Gall\",\"item\":\"https:\\\/\\\/www.immo-invest.ch\\\/fr\\\/categories\\\/regions\\\/suisse\\\/suisse-orientale\\\/region-saint-gall\\\/\",\"nextItem\":{\"@type\":\"ListItem\",\"@id\":\"https:\\\/\\\/www.immo-invest.ch\\\/fr\\\/internationale-plattform-fuer-die-raumplanung\\\/#listItem\",\"name\":\"Plate-forme internationale pour l&rsquo;am\\u00e9nagement du territoire\"},\"previousItem\":{\"@type\":\"ListItem\",\"@id\":\"https:\\\/\\\/www.immo-invest.ch\\\/fr\\\/categories\\\/regions\\\/suisse\\\/suisse-orientale\\\/#listItem\",\"name\":\"Suisse orientale\"}},{\"@type\":\"ListItem\",\"@id\":\"https:\\\/\\\/www.immo-invest.ch\\\/fr\\\/internationale-plattform-fuer-die-raumplanung\\\/#listItem\",\"position\":6,\"name\":\"Plate-forme internationale pour l&rsquo;am\\u00e9nagement du territoire\",\"previousItem\":{\"@type\":\"ListItem\",\"@id\":\"https:\\\/\\\/www.immo-invest.ch\\\/fr\\\/categories\\\/regions\\\/suisse\\\/suisse-orientale\\\/region-saint-gall\\\/#listItem\",\"name\":\"Saint-Gall\"}}]},{\"@type\":\"Organization\",\"@id\":\"https:\\\/\\\/www.immo-invest.ch\\\/fr\\\/#organization\",\"name\":\"immo!nvest - Die Plattform f\\u00fcr Standorte und Immobilien\",\"description\":\"Die\\u00a0Plattform f\\u00fcr Standorte und Immobilien\",\"url\":\"https:\\\/\\\/www.immo-invest.ch\\\/fr\\\/\",\"email\":\"admin@immomedia.ag\",\"telephone\":\"+41444420002\",\"logo\":{\"@type\":\"ImageObject\",\"url\":\"https:\\\/\\\/www.immo-invest.ch\\\/wp-content\\\/uploads\\\/2024\\\/09\\\/immoinvest_sm-scaled.jpg\",\"@id\":\"https:\\\/\\\/www.immo-invest.ch\\\/fr\\\/internationale-plattform-fuer-die-raumplanung\\\/#organizationLogo\",\"width\":2560,\"height\":1340},\"image\":{\"@id\":\"https:\\\/\\\/www.immo-invest.ch\\\/fr\\\/internationale-plattform-fuer-die-raumplanung\\\/#organizationLogo\"},\"sameAs\":[\"https:\\\/\\\/www.facebook.com\\\/people\\\/Immoinvest\\\/100077962920504\\\/\",\"https:\\\/\\\/x.com\\\/i\\\/flow\\\/login?redirect_after_login=immoinvest_ch\",\"https:\\\/\\\/www.instagram.com\\\/immoinvest_ch\\\/\",\"https:\\\/\\\/www.linkedin.com\\\/company\\\/immoinvest-swiss\"]},{\"@type\":\"Person\",\"@id\":\"https:\\\/\\\/www.immo-invest.ch\\\/fr\\\/author\\\/immovestuser\\\/#author\",\"url\":\"https:\\\/\\\/www.immo-invest.ch\\\/fr\\\/author\\\/immovestuser\\\/\",\"name\":\"immovestuser\",\"image\":{\"@type\":\"ImageObject\",\"@id\":\"https:\\\/\\\/www.immo-invest.ch\\\/fr\\\/internationale-plattform-fuer-die-raumplanung\\\/#authorImage\",\"url\":\"https:\\\/\\\/secure.gravatar.com\\\/avatar\\\/8e01f4d99f2eeea7a362ebb93305e1172a70e9293ba250f897a65c39f54cdd1e?s=96&d=mm&r=g\",\"width\":96,\"height\":96,\"caption\":\"immovestuser\"}},{\"@type\":\"WebPage\",\"@id\":\"https:\\\/\\\/www.immo-invest.ch\\\/fr\\\/internationale-plattform-fuer-die-raumplanung\\\/#webpage\",\"url\":\"https:\\\/\\\/www.immo-invest.ch\\\/fr\\\/internationale-plattform-fuer-die-raumplanung\\\/\",\"name\":\"Plate-forme internationale pour l\\u2019am\\u00e9nagement du territoire - immo!nvest - Die Plattform f\\u00fcr Standorte und Immobilien\",\"description\":\"Lors de la 76e rencontre des planificateurs \\u00e0 Rapperswil-Jona, 150 \\u00e9tudiants d'Allemagne, d'Autriche et de Suisse se sont mis en r\\u00e9seau pour d\\u00e9velopper de nouvelles approches de la mobilit\\u00e9 durable et du d\\u00e9veloppement urbain int\\u00e9gr\\u00e9.\",\"inLanguage\":\"fr-FR\",\"isPartOf\":{\"@id\":\"https:\\\/\\\/www.immo-invest.ch\\\/fr\\\/#website\"},\"breadcrumb\":{\"@id\":\"https:\\\/\\\/www.immo-invest.ch\\\/fr\\\/internationale-plattform-fuer-die-raumplanung\\\/#breadcrumblist\"},\"author\":{\"@id\":\"https:\\\/\\\/www.immo-invest.ch\\\/fr\\\/author\\\/immovestuser\\\/#author\"},\"creator\":{\"@id\":\"https:\\\/\\\/www.immo-invest.ch\\\/fr\\\/author\\\/immovestuser\\\/#author\"},\"image\":{\"@type\":\"ImageObject\",\"url\":\"https:\\\/\\\/www.immo-invest.ch\\\/wp-content\\\/uploads\\\/2025\\\/04\\\/csm_2025_04_25_gruppenfoto_timothy_iselin_d2c94119a0-scaled.jpg\",\"@id\":\"https:\\\/\\\/www.immo-invest.ch\\\/fr\\\/internationale-plattform-fuer-die-raumplanung\\\/#mainImage\",\"width\":2560,\"height\":1097},\"primaryImageOfPage\":{\"@id\":\"https:\\\/\\\/www.immo-invest.ch\\\/fr\\\/internationale-plattform-fuer-die-raumplanung\\\/#mainImage\"},\"datePublished\":\"2025-04-29T13:50:00+02:00\",\"dateModified\":\"2025-04-29T13:34:37+02:00\"},{\"@type\":\"WebSite\",\"@id\":\"https:\\\/\\\/www.immo-invest.ch\\\/fr\\\/#website\",\"url\":\"https:\\\/\\\/www.immo-invest.ch\\\/fr\\\/\",\"name\":\"immo!nvest - Die Plattform f\\u00fcr Standorte und Immobilien\",\"description\":\"Die\\u00a0Plattform f\\u00fcr Standorte und Immobilien\",\"inLanguage\":\"fr-FR\",\"publisher\":{\"@id\":\"https:\\\/\\\/www.immo-invest.ch\\\/fr\\\/#organization\"}}]}\n\t\t<\/script>\n\t\t<!-- All in One SEO -->\n\n","aioseo_head_json":{"title":"Plate-forme internationale pour l\u2019am\u00e9nagement du territoire - immo!nvest - Die Plattform f\u00fcr Standorte und Immobilien","description":"Lors de la 76e rencontre des planificateurs \u00e0 Rapperswil-Jona, 150 \u00e9tudiants d'Allemagne, d'Autriche et de Suisse se sont mis en r\u00e9seau pour d\u00e9velopper de nouvelles approches de la mobilit\u00e9 durable et du d\u00e9veloppement urbain int\u00e9gr\u00e9.","canonical_url":"https:\/\/www.immo-invest.ch\/fr\/internationale-plattform-fuer-die-raumplanung\/","robots":"max-image-preview:large","keywords":"","webmasterTools":{"google-site-verification":"fHJKvgWpZCR2zVBHWfkQeFXC11qieUSff0HGNYfuyLA","miscellaneous":""},"schema":{"@context":"https:\/\/schema.org","@graph":[{"@type":"BlogPosting","@id":"https:\/\/www.immo-invest.ch\/fr\/internationale-plattform-fuer-die-raumplanung\/#blogposting","name":"Plate-forme internationale pour l\u2019am\u00e9nagement du territoire - immo!nvest - Die Plattform f\u00fcr Standorte und Immobilien","headline":"Plate-forme internationale pour l&rsquo;am\u00e9nagement du territoire","author":{"@id":"https:\/\/www.immo-invest.ch\/fr\/author\/immovestuser\/#author"},"publisher":{"@id":"https:\/\/www.immo-invest.ch\/fr\/#organization"},"image":{"@type":"ImageObject","url":"https:\/\/www.immo-invest.ch\/wp-content\/uploads\/2025\/04\/csm_2025_04_25_gruppenfoto_timothy_iselin_d2c94119a0-scaled.jpg","width":2560,"height":1097},"datePublished":"2025-04-29T13:50:00+02:00","dateModified":"2025-04-29T13:34:37+02:00","inLanguage":"fr-FR","mainEntityOfPage":{"@id":"https:\/\/www.immo-invest.ch\/fr\/internationale-plattform-fuer-die-raumplanung\/#webpage"},"isPartOf":{"@id":"https:\/\/www.immo-invest.ch\/fr\/internationale-plattform-fuer-die-raumplanung\/#webpage"},"articleSection":"Durabilit\u00e9, immoNews, Mobilit\u00e9, R\u00e9gions, Saint-Gall, Trends, Immoinvest, immoNews, Mobilit\u00e4t, News, Raumplanung, Stadtentwicklung, Facultatif"},{"@type":"BreadcrumbList","@id":"https:\/\/www.immo-invest.ch\/fr\/internationale-plattform-fuer-die-raumplanung\/#breadcrumblist","itemListElement":[{"@type":"ListItem","@id":"https:\/\/www.immo-invest.ch\/fr\/#listItem","position":1,"name":"Home","item":"https:\/\/www.immo-invest.ch\/fr\/","nextItem":{"@type":"ListItem","@id":"https:\/\/www.immo-invest.ch\/fr\/categories\/regions\/#listItem","name":"R\u00e9gions"}},{"@type":"ListItem","@id":"https:\/\/www.immo-invest.ch\/fr\/categories\/regions\/#listItem","position":2,"name":"R\u00e9gions","item":"https:\/\/www.immo-invest.ch\/fr\/categories\/regions\/","nextItem":{"@type":"ListItem","@id":"https:\/\/www.immo-invest.ch\/fr\/categories\/regions\/suisse\/#listItem","name":"Suisse"},"previousItem":{"@type":"ListItem","@id":"https:\/\/www.immo-invest.ch\/fr\/#listItem","name":"Home"}},{"@type":"ListItem","@id":"https:\/\/www.immo-invest.ch\/fr\/categories\/regions\/suisse\/#listItem","position":3,"name":"Suisse","item":"https:\/\/www.immo-invest.ch\/fr\/categories\/regions\/suisse\/","nextItem":{"@type":"ListItem","@id":"https:\/\/www.immo-invest.ch\/fr\/categories\/regions\/suisse\/suisse-orientale\/#listItem","name":"Suisse orientale"},"previousItem":{"@type":"ListItem","@id":"https:\/\/www.immo-invest.ch\/fr\/categories\/regions\/#listItem","name":"R\u00e9gions"}},{"@type":"ListItem","@id":"https:\/\/www.immo-invest.ch\/fr\/categories\/regions\/suisse\/suisse-orientale\/#listItem","position":4,"name":"Suisse orientale","item":"https:\/\/www.immo-invest.ch\/fr\/categories\/regions\/suisse\/suisse-orientale\/","nextItem":{"@type":"ListItem","@id":"https:\/\/www.immo-invest.ch\/fr\/categories\/regions\/suisse\/suisse-orientale\/region-saint-gall\/#listItem","name":"Saint-Gall"},"previousItem":{"@type":"ListItem","@id":"https:\/\/www.immo-invest.ch\/fr\/categories\/regions\/suisse\/#listItem","name":"Suisse"}},{"@type":"ListItem","@id":"https:\/\/www.immo-invest.ch\/fr\/categories\/regions\/suisse\/suisse-orientale\/region-saint-gall\/#listItem","position":5,"name":"Saint-Gall","item":"https:\/\/www.immo-invest.ch\/fr\/categories\/regions\/suisse\/suisse-orientale\/region-saint-gall\/","nextItem":{"@type":"ListItem","@id":"https:\/\/www.immo-invest.ch\/fr\/internationale-plattform-fuer-die-raumplanung\/#listItem","name":"Plate-forme internationale pour l&rsquo;am\u00e9nagement du territoire"},"previousItem":{"@type":"ListItem","@id":"https:\/\/www.immo-invest.ch\/fr\/categories\/regions\/suisse\/suisse-orientale\/#listItem","name":"Suisse orientale"}},{"@type":"ListItem","@id":"https:\/\/www.immo-invest.ch\/fr\/internationale-plattform-fuer-die-raumplanung\/#listItem","position":6,"name":"Plate-forme internationale pour l&rsquo;am\u00e9nagement du territoire","previousItem":{"@type":"ListItem","@id":"https:\/\/www.immo-invest.ch\/fr\/categories\/regions\/suisse\/suisse-orientale\/region-saint-gall\/#listItem","name":"Saint-Gall"}}]},{"@type":"Organization","@id":"https:\/\/www.immo-invest.ch\/fr\/#organization","name":"immo!nvest - Die Plattform f\u00fcr Standorte und Immobilien","description":"Die\u00a0Plattform f\u00fcr Standorte und Immobilien","url":"https:\/\/www.immo-invest.ch\/fr\/","email":"admin@immomedia.ag","telephone":"+41444420002","logo":{"@type":"ImageObject","url":"https:\/\/www.immo-invest.ch\/wp-content\/uploads\/2024\/09\/immoinvest_sm-scaled.jpg","@id":"https:\/\/www.immo-invest.ch\/fr\/internationale-plattform-fuer-die-raumplanung\/#organizationLogo","width":2560,"height":1340},"image":{"@id":"https:\/\/www.immo-invest.ch\/fr\/internationale-plattform-fuer-die-raumplanung\/#organizationLogo"},"sameAs":["https:\/\/www.facebook.com\/people\/Immoinvest\/100077962920504\/","https:\/\/x.com\/i\/flow\/login?redirect_after_login=immoinvest_ch","https:\/\/www.instagram.com\/immoinvest_ch\/","https:\/\/www.linkedin.com\/company\/immoinvest-swiss"]},{"@type":"Person","@id":"https:\/\/www.immo-invest.ch\/fr\/author\/immovestuser\/#author","url":"https:\/\/www.immo-invest.ch\/fr\/author\/immovestuser\/","name":"immovestuser","image":{"@type":"ImageObject","@id":"https:\/\/www.immo-invest.ch\/fr\/internationale-plattform-fuer-die-raumplanung\/#authorImage","url":"https:\/\/secure.gravatar.com\/avatar\/8e01f4d99f2eeea7a362ebb93305e1172a70e9293ba250f897a65c39f54cdd1e?s=96&d=mm&r=g","width":96,"height":96,"caption":"immovestuser"}},{"@type":"WebPage","@id":"https:\/\/www.immo-invest.ch\/fr\/internationale-plattform-fuer-die-raumplanung\/#webpage","url":"https:\/\/www.immo-invest.ch\/fr\/internationale-plattform-fuer-die-raumplanung\/","name":"Plate-forme internationale pour l\u2019am\u00e9nagement du territoire - immo!nvest - Die Plattform f\u00fcr Standorte und Immobilien","description":"Lors de la 76e rencontre des planificateurs \u00e0 Rapperswil-Jona, 150 \u00e9tudiants d'Allemagne, d'Autriche et de Suisse se sont mis en r\u00e9seau pour d\u00e9velopper de nouvelles approches de la mobilit\u00e9 durable et du d\u00e9veloppement urbain int\u00e9gr\u00e9.","inLanguage":"fr-FR","isPartOf":{"@id":"https:\/\/www.immo-invest.ch\/fr\/#website"},"breadcrumb":{"@id":"https:\/\/www.immo-invest.ch\/fr\/internationale-plattform-fuer-die-raumplanung\/#breadcrumblist"},"author":{"@id":"https:\/\/www.immo-invest.ch\/fr\/author\/immovestuser\/#author"},"creator":{"@id":"https:\/\/www.immo-invest.ch\/fr\/author\/immovestuser\/#author"},"image":{"@type":"ImageObject","url":"https:\/\/www.immo-invest.ch\/wp-content\/uploads\/2025\/04\/csm_2025_04_25_gruppenfoto_timothy_iselin_d2c94119a0-scaled.jpg","@id":"https:\/\/www.immo-invest.ch\/fr\/internationale-plattform-fuer-die-raumplanung\/#mainImage","width":2560,"height":1097},"primaryImageOfPage":{"@id":"https:\/\/www.immo-invest.ch\/fr\/internationale-plattform-fuer-die-raumplanung\/#mainImage"},"datePublished":"2025-04-29T13:50:00+02:00","dateModified":"2025-04-29T13:34:37+02:00"},{"@type":"WebSite","@id":"https:\/\/www.immo-invest.ch\/fr\/#website","url":"https:\/\/www.immo-invest.ch\/fr\/","name":"immo!nvest - Die Plattform f\u00fcr Standorte und Immobilien","description":"Die\u00a0Plattform f\u00fcr Standorte und Immobilien","inLanguage":"fr-FR","publisher":{"@id":"https:\/\/www.immo-invest.ch\/fr\/#organization"}}]},"og:locale":"fr_FR","og:site_name":"immo!nvest - Die Plattform f\u00fcr Standorte und Immobilien - Die\u00a0Plattform f\u00fcr Standorte und Immobilien","og:type":"article","og:title":"Plate-forme internationale pour l\u2019am\u00e9nagement du territoire - immo!nvest - Die Plattform f\u00fcr Standorte und Immobilien","og:description":"Lors de la 76e rencontre des planificateurs \u00e0 Rapperswil-Jona, 150 \u00e9tudiants d'Allemagne, d'Autriche et de Suisse se sont mis en r\u00e9seau pour d\u00e9velopper de nouvelles approches de la mobilit\u00e9 durable et du d\u00e9veloppement urbain int\u00e9gr\u00e9.","og:url":"https:\/\/www.immo-invest.ch\/fr\/internationale-plattform-fuer-die-raumplanung\/","og:image":"https:\/\/www.immo-invest.ch\/wp-content\/uploads\/2025\/04\/csm_2025_04_25_gruppenfoto_timothy_iselin_d2c94119a0-scaled.jpg","og:image:secure_url":"https:\/\/www.immo-invest.ch\/wp-content\/uploads\/2025\/04\/csm_2025_04_25_gruppenfoto_timothy_iselin_d2c94119a0-scaled.jpg","og:image:width":2560,"og:image:height":1097,"article:published_time":"2025-04-29T11:50:00+00:00","article:modified_time":"2025-04-29T11:34:37+00:00","article:publisher":"https:\/\/www.facebook.com\/people\/Immoinvest\/100077962920504\/","twitter:card":"summary_large_image","twitter:site":"@i","twitter:title":"Plate-forme internationale pour l\u2019am\u00e9nagement du territoire - immo!nvest - Die Plattform f\u00fcr Standorte und Immobilien","twitter:description":"Lors de la 76e rencontre des planificateurs \u00e0 Rapperswil-Jona, 150 \u00e9tudiants d'Allemagne, d'Autriche et de Suisse se sont mis en r\u00e9seau pour d\u00e9velopper de nouvelles approches de la mobilit\u00e9 durable et du d\u00e9veloppement urbain int\u00e9gr\u00e9.","twitter:creator":"@i","twitter:image":"https:\/\/www.immo-invest.ch\/wp-content\/uploads\/2025\/04\/csm_2025_04_25_gruppenfoto_timothy_iselin_d2c94119a0-scaled.jpg"},"aioseo_meta_data":{"post_id":"131163","title":null,"description":null,"keywords":null,"keyphrases":{"focus":{"keyphrase":"","score":0,"analysis":{"keyphraseInTitle":{"score":0,"maxScore":9,"error":1}}},"additional":[]},"primary_term":null,"canonical_url":null,"og_title":null,"og_description":null,"og_object_type":"default","og_image_type":"default","og_image_url":null,"og_image_width":null,"og_image_height":null,"og_image_custom_url":null,"og_image_custom_fields":null,"og_video":"","og_custom_url":null,"og_article_section":null,"og_article_tags":null,"twitter_use_og":false,"twitter_card":"default","twitter_image_type":"default","twitter_image_url":null,"twitter_image_custom_url":null,"twitter_image_custom_fields":null,"twitter_title":null,"twitter_description":null,"schema":{"blockGraphs":[],"customGraphs":[],"default":{"data":{"Article":[],"Course":[],"Dataset":[],"FAQPage":[],"Movie":[],"Person":[],"Product":[],"ProductReview":[],"Car":[],"Recipe":[],"Service":[],"SoftwareApplication":[],"WebPage":[]},"graphName":"BlogPosting","isEnabled":true},"graphs":[]},"schema_type":"default","schema_type_options":null,"pillar_content":false,"robots_default":true,"robots_noindex":false,"robots_noarchive":false,"robots_nosnippet":false,"robots_nofollow":false,"robots_noimageindex":false,"robots_noodp":false,"robots_notranslate":false,"robots_max_snippet":"-1","robots_max_videopreview":"-1","robots_max_imagepreview":"large","priority":null,"frequency":"default","local_seo":null,"breadcrumb_settings":null,"limit_modified_date":false,"ai":null,"created":"2025-04-29 11:34:37","updated":"2025-10-24 19:43:15","seo_analyzer_scan_date":null,"focus_keyword":null,"additional_keywords":null,"truseo_locale":null},"aioseo_breadcrumb":"<div class=\"aioseo-breadcrumbs\"><span class=\"aioseo-breadcrumb\">\n\t\t\t<a href=\"https:\/\/www.immo-invest.ch\/fr\/\" title=\"Home\">Home<\/a>\n\t\t<\/span><span class=\"aioseo-breadcrumb-separator\">&raquo;<\/span><span class=\"aioseo-breadcrumb\">\n\t\t\t<a href=\"https:\/\/www.immo-invest.ch\/fr\/categories\/regions\/\" title=\"R\u00e9gions\">R\u00e9gions<\/a>\n\t\t<\/span><span class=\"aioseo-breadcrumb-separator\">&raquo;<\/span><span class=\"aioseo-breadcrumb\">\n\t\t\t<a href=\"https:\/\/www.immo-invest.ch\/fr\/categories\/regions\/suisse\/\" title=\"Suisse\">Suisse<\/a>\n\t\t<\/span><span class=\"aioseo-breadcrumb-separator\">&raquo;<\/span><span class=\"aioseo-breadcrumb\">\n\t\t\t<a href=\"https:\/\/www.immo-invest.ch\/fr\/categories\/regions\/suisse\/suisse-orientale\/\" title=\"Suisse orientale\">Suisse orientale<\/a>\n\t\t<\/span><span class=\"aioseo-breadcrumb-separator\">&raquo;<\/span><span class=\"aioseo-breadcrumb\">\n\t\t\t<a href=\"https:\/\/www.immo-invest.ch\/fr\/categories\/regions\/suisse\/suisse-orientale\/region-saint-gall\/\" title=\"Saint-Gall\">Saint-Gall<\/a>\n\t\t<\/span><span class=\"aioseo-breadcrumb-separator\">&raquo;<\/span><span class=\"aioseo-breadcrumb\">\n\t\t\tPlate-forme internationale pour l\u2019am\u00e9nagement du territoire\n\t\t<\/span><\/div>","aioseo_breadcrumb_json":[{"label":"Home","link":"https:\/\/www.immo-invest.ch\/fr\/"},{"label":"R\u00e9gions","link":"https:\/\/www.immo-invest.ch\/fr\/categories\/regions\/"},{"label":"Suisse","link":"https:\/\/www.immo-invest.ch\/fr\/categories\/regions\/suisse\/"},{"label":"Suisse orientale","link":"https:\/\/www.immo-invest.ch\/fr\/categories\/regions\/suisse\/suisse-orientale\/"},{"label":"Saint-Gall","link":"https:\/\/www.immo-invest.ch\/fr\/categories\/regions\/suisse\/suisse-orientale\/region-saint-gall\/"},{"label":"Plate-forme internationale pour l&rsquo;am\u00e9nagement du territoire","link":"https:\/\/www.immo-invest.ch\/fr\/internationale-plattform-fuer-die-raumplanung\/"}],"featured_image_src":"https:\/\/www.immo-invest.ch\/wp-content\/uploads\/2025\/04\/csm_2025_04_25_gruppenfoto_timothy_iselin_d2c94119a0-336x168.jpg","_links":{"self":[{"href":"https:\/\/www.immo-invest.ch\/fr\/wp-json\/wp\/v2\/posts\/131163","targetHints":{"allow":["GET"]}}],"collection":[{"href":"https:\/\/www.immo-invest.ch\/fr\/wp-json\/wp\/v2\/posts"}],"about":[{"href":"https:\/\/www.immo-invest.ch\/fr\/wp-json\/wp\/v2\/types\/post"}],"author":[{"embeddable":true,"href":"https:\/\/www.immo-invest.ch\/fr\/wp-json\/wp\/v2\/users\/2"}],"replies":[{"embeddable":true,"href":"https:\/\/www.immo-invest.ch\/fr\/wp-json\/wp\/v2\/comments?post=131163"}],"version-history":[{"count":0,"href":"https:\/\/www.immo-invest.ch\/fr\/wp-json\/wp\/v2\/posts\/131163\/revisions"}],"wp:featuredmedia":[{"embeddable":true,"href":"https:\/\/www.immo-invest.ch\/fr\/wp-json\/wp\/v2\/media\/131088"}],"wp:attachment":[{"href":"https:\/\/www.immo-invest.ch\/fr\/wp-json\/wp\/v2\/media?parent=131163"}],"wp:term":[{"taxonomy":"category","embeddable":true,"href":"https:\/\/www.immo-invest.ch\/fr\/wp-json\/wp\/v2\/categories?post=131163"},{"taxonomy":"post_tag","embeddable":true,"href":"https:\/\/www.immo-invest.ch\/fr\/wp-json\/wp\/v2\/tags?post=131163"}],"curies":[{"name":"wp","href":"https:\/\/api.w.org\/{rel}","templated":true}]}}