{"id":131031,"date":"2025-04-30T08:30:00","date_gmt":"2025-04-30T06:30:00","guid":{"rendered":"https:\/\/www.immo-invest.ch\/?p=131031"},"modified":"2025-04-24T15:55:21","modified_gmt":"2025-04-24T13:55:21","slug":"bergdietikon-erteilt-baubewilligung-fuer-alters-und-pflegezentrum","status":"publish","type":"post","link":"https:\/\/www.immo-invest.ch\/fr\/bergdietikon-erteilt-baubewilligung-fuer-alters-und-pflegezentrum\/","title":{"rendered":"Bergdietikon accorde un permis de construire pour un centre de soins et de retraite"},"content":{"rendered":"<p class=\"bodytext\">Selon un <a href=\"https:\/\/www.bergdietikon.ch\/b1739\" target=\"_blank\" rel=\"noopener\">communiqu&eacute;<\/a> du <a href=\"https:\/\/oasegruppe.ch\/\" target=\"_blank\" rel=\"noopener\">groupe Oase<\/a>, le conseil municipal <a href=\"https:\/\/www.bergdietikon.ch\/\" target=\"_blank\" rel=\"noopener\">de Bergdietikon<\/a> donne son feu vert &agrave; la construction d&rsquo;un centre de soins et de retraite dans la zone de Hintermatt. Des appartements pour personnes &acirc;g&eacute;es et des places de soins doivent y &ecirc;tre construits. Le permis de construire devrait entrer en vigueur fin mai, selon le communiqu&eacute; de la commune.<\/p>\n<p class=\"bodytext\">La planification du centre pour personnes &acirc;g&eacute;es et de soins Hintermatt dans le <span class=\"glossaryLink\" aria-describedby=\"tt\" data-cmtooltip=\"&lt;div class=glossaryItemTitle&gt;Quartier&lt;\/div&gt;&lt;div class=glossaryItemBody&gt;Amtliches, historisches, soziales oder stadtplanerisches Stadtviertel&lt;\/div&gt;\" data-mobile-support=\"0\" data-gt-translate-attributes='[{\"attribute\":\"data-cmtooltip\", \"format\":\"html\"}]' tabindex=\"0\" role=\"link\">quartier<\/span> de Kindhausen &agrave; Bergdietik dure d&eacute;j&agrave; depuis environ douze ans, pr&eacute;cise le communiqu&eacute;. Elle a d&eacute;but&eacute; par une assembl&eacute;e communale et la vente du terrain de Hintermatt &agrave; la soci&eacute;t&eacute; Oase Holding AG de Baar ZG. En novembre 2023, Oase a d&eacute;pos&eacute; la demande de permis de construire.<\/p>\n<p class=\"bodytext\">Le groupe Oase, dont le si&egrave;ge est &agrave; D&uuml;bendorf (ZH), exploite actuellement huit sites dans toute la Suisse et propose des concepts d&rsquo;habitation tr&egrave;s vari&eacute;s dans le domaine de l&rsquo;habitat pour les personnes &acirc;g&eacute;es, de l&rsquo;habitat assist&eacute;, des soins pour les personnes n&eacute;cessitant une assistance ainsi que des soins de longue dur&eacute;e et des soins palliatifs, indique l&rsquo;entreprise. Sept autres projets, dont celui de Bergdietikon, sont en cours de planification.<\/p>\n<p class=\"bodytext\">Selon le projet indicatif qui a servi de base au plan d&rsquo;am&eacute;nagement, Oase construira un centre comprenant environ 64 appartements pour personnes &acirc;g&eacute;es et 45 places de soins. Sept parties s&rsquo;&eacute;taient oppos&eacute;es &agrave; la demande de permis de construire. Apr&egrave;s la cl&ocirc;ture de l&rsquo;enqu&ecirc;te publique &agrave; l&rsquo;&eacute;t&eacute; 2024, plusieurs n&eacute;gociations sur les objections ont eu lieu entre le ma&icirc;tre d&rsquo;ouvrage et les opposants. Les n&eacute;gociations ont pu &ecirc;tre termin&eacute;es avant P&acirc;ques et le conseil municipal a d&eacute;livr&eacute; le permis de construire lors de sa s&eacute;ance du 22 avril, indique le communiqu&eacute; de la commune.<\/p>\n<p class=\"bodytext\">Selon la planification de la commune et du groupe Oase, la nouvelle maison de retraite et de soins devrait &ecirc;tre op&eacute;rationnelle &agrave; partir du 4e trimestre 2027.<\/p>\n","protected":false},"excerpt":{"rendered":"<p>Bergdietikon a donn\u00e9 son accord au groupe Oase pour la construction d&rsquo;un centre pour personnes \u00e2g\u00e9es dans la zone de Hintermatt. Le nouveau centre de soins et de retraite devrait \u00eatre op\u00e9rationnel \u00e0 partir du 4e trimestre 2027.<\/p>\n","protected":false},"author":2,"featured_media":131025,"comment_status":"open","ping_status":"open","sticky":false,"template":"","format":"standard","meta":{"pmpro_default_level":"","inline_featured_image":false,"_monsterinsights_skip_tracking":false,"footnotes":""},"categories":[743,9824,739],"tags":[1999,7853,9694,52664,872,3931,2002,52665,43414,46431],"class_list":["post-131031","post","type-post","status-publish","format-standard","has-post-thumbnail","hentry","category-immonews-fr","category-nouvelle-construction","category-projects","tag-aargau-fr","tag-alterszentrum-fr","tag-baubewilligung-fr","tag-gemeindeentwicklung-fr","tag-immoinvest-fr","tag-immonews-fr","tag-news-fr","tag-pflegeheim-fr","tag-pflegeplaetze-fr","tag-wohnbau-fr","pmpro-has-access"],"acf":{"bild_mit_ki_erstellt_worden":[],"lead":"Bergdietikon hat der Oase Gruppe die Genehmigung f\u00fcr den Bau eines Seniorenzentrums im Gebiet Hintermatt erteilt. Das neue Alters- und Pflegeheim soll ab dem 4. Quartal 2027 in Betrieb gehen.","autor":"ce\/gba","ort":"Bergdietikon AG","bildunterschrift":"","bild_im_grid":false,"gallerie":"","newsim":""},"aioseo_notices":[],"aioseo_head":"\n\t\t<!-- All in One SEO 5.0.1.1 - aioseo.com -->\n\t<meta name=\"description\" content=\"Bergdietikon a donn\u00e9 son accord au groupe Oase pour la construction d&#039;un centre pour personnes \u00e2g\u00e9es dans la zone de Hintermatt. Le nouveau centre de soins et de retraite devrait \u00eatre op\u00e9rationnel \u00e0 partir du 4e trimestre 2027.\" \/>\n\t<meta name=\"robots\" content=\"max-image-preview:large\" \/>\n\t<meta name=\"author\" content=\"immovestuser\"\/>\n\t<meta name=\"google-site-verification\" content=\"fHJKvgWpZCR2zVBHWfkQeFXC11qieUSff0HGNYfuyLA\" \/>\n\t<link rel=\"canonical\" href=\"https:\/\/www.immo-invest.ch\/fr\/bergdietikon-erteilt-baubewilligung-fuer-alters-und-pflegezentrum\/\" \/>\n\t<meta name=\"generator\" content=\"All in One SEO (AIOSEO) 5.0.1.1\" \/>\n\t\t<meta property=\"og:locale\" content=\"fr_FR\" \/>\n\t\t<meta property=\"og:site_name\" content=\"immo!nvest - Die Plattform f\u00fcr Standorte und Immobilien - Die\u00a0Plattform f\u00fcr Standorte und Immobilien\" \/>\n\t\t<meta property=\"og:type\" content=\"article\" \/>\n\t\t<meta property=\"og:title\" content=\"Bergdietikon accorde un permis de construire pour un centre de soins et de retraite - immo!nvest - Die Plattform f\u00fcr Standorte und Immobilien\" \/>\n\t\t<meta property=\"og:description\" content=\"Bergdietikon a donn\u00e9 son accord au groupe Oase pour la construction d&#039;un centre pour personnes \u00e2g\u00e9es dans la zone de Hintermatt. Le nouveau centre de soins et de retraite devrait \u00eatre op\u00e9rationnel \u00e0 partir du 4e trimestre 2027.\" \/>\n\t\t<meta property=\"og:url\" content=\"https:\/\/www.immo-invest.ch\/fr\/bergdietikon-erteilt-baubewilligung-fuer-alters-und-pflegezentrum\/\" \/>\n\t\t<meta property=\"og:image\" content=\"https:\/\/www.immo-invest.ch\/wp-content\/uploads\/2025\/04\/banoviag_modern_senior_living_and_care_center_under_constructio_114a4fe5-9635-4f13-8ef2-7be0934e72fb.png\" \/>\n\t\t<meta property=\"og:image:secure_url\" content=\"https:\/\/www.immo-invest.ch\/wp-content\/uploads\/2025\/04\/banoviag_modern_senior_living_and_care_center_under_constructio_114a4fe5-9635-4f13-8ef2-7be0934e72fb.png\" \/>\n\t\t<meta property=\"og:image:width\" content=\"3072\" \/>\n\t\t<meta property=\"og:image:height\" content=\"1536\" \/>\n\t\t<meta property=\"article:published_time\" content=\"2025-04-30T06:30:00+00:00\" \/>\n\t\t<meta property=\"article:modified_time\" content=\"2025-04-24T13:55:21+00:00\" \/>\n\t\t<meta property=\"article:publisher\" content=\"https:\/\/www.facebook.com\/people\/Immoinvest\/100077962920504\/\" \/>\n\t\t<meta name=\"twitter:card\" content=\"summary_large_image\" \/>\n\t\t<meta name=\"twitter:site\" content=\"@i\" \/>\n\t\t<meta name=\"twitter:title\" content=\"Bergdietikon accorde un permis de construire pour un centre de soins et de retraite - immo!nvest - Die Plattform f\u00fcr Standorte und Immobilien\" \/>\n\t\t<meta name=\"twitter:description\" content=\"Bergdietikon a donn\u00e9 son accord au groupe Oase pour la construction d&#039;un centre pour personnes \u00e2g\u00e9es dans la zone de Hintermatt. Le nouveau centre de soins et de retraite devrait \u00eatre op\u00e9rationnel \u00e0 partir du 4e trimestre 2027.\" \/>\n\t\t<meta name=\"twitter:creator\" content=\"@i\" \/>\n\t\t<meta name=\"twitter:image\" content=\"https:\/\/www.immo-invest.ch\/wp-content\/uploads\/2025\/04\/banoviag_modern_senior_living_and_care_center_under_constructio_114a4fe5-9635-4f13-8ef2-7be0934e72fb.png\" \/>\n\t\t<script type=\"application\/ld+json\" class=\"aioseo-schema\">\n\t\t\t{\"@context\":\"https:\\\/\\\/schema.org\",\"@graph\":[{\"@type\":\"BlogPosting\",\"@id\":\"https:\\\/\\\/www.immo-invest.ch\\\/fr\\\/bergdietikon-erteilt-baubewilligung-fuer-alters-und-pflegezentrum\\\/#blogposting\",\"name\":\"Bergdietikon accorde un permis de construire pour un centre de soins et de retraite - immo!nvest - Die Plattform f\\u00fcr Standorte und Immobilien\",\"headline\":\"Bergdietikon accorde un permis de construire pour un centre de soins et de retraite\",\"author\":{\"@id\":\"https:\\\/\\\/www.immo-invest.ch\\\/fr\\\/author\\\/immovestuser\\\/#author\"},\"publisher\":{\"@id\":\"https:\\\/\\\/www.immo-invest.ch\\\/fr\\\/#organization\"},\"image\":{\"@type\":\"ImageObject\",\"url\":\"https:\\\/\\\/www.immo-invest.ch\\\/wp-content\\\/uploads\\\/2025\\\/04\\\/banoviag_modern_senior_living_and_care_center_under_constructio_114a4fe5-9635-4f13-8ef2-7be0934e72fb.png\",\"width\":3072,\"height\":1536},\"datePublished\":\"2025-04-30T08:30:00+02:00\",\"dateModified\":\"2025-04-24T15:55:21+02:00\",\"inLanguage\":\"fr-FR\",\"mainEntityOfPage\":{\"@id\":\"https:\\\/\\\/www.immo-invest.ch\\\/fr\\\/bergdietikon-erteilt-baubewilligung-fuer-alters-und-pflegezentrum\\\/#webpage\"},\"isPartOf\":{\"@id\":\"https:\\\/\\\/www.immo-invest.ch\\\/fr\\\/bergdietikon-erteilt-baubewilligung-fuer-alters-und-pflegezentrum\\\/#webpage\"},\"articleSection\":\"immoNews, Nouvelle construction, Projects, aargau, Alterszentrum, Baubewilligung, Gemeindeentwicklung, Immoinvest, immoNews, News, Pflegeheim, Pflegepl\\u00e4tze, Wohnbau, Facultatif\"},{\"@type\":\"BreadcrumbList\",\"@id\":\"https:\\\/\\\/www.immo-invest.ch\\\/fr\\\/bergdietikon-erteilt-baubewilligung-fuer-alters-und-pflegezentrum\\\/#breadcrumblist\",\"itemListElement\":[{\"@type\":\"ListItem\",\"@id\":\"https:\\\/\\\/www.immo-invest.ch\\\/fr\\\/#listItem\",\"position\":1,\"name\":\"Home\",\"item\":\"https:\\\/\\\/www.immo-invest.ch\\\/fr\\\/\",\"nextItem\":{\"@type\":\"ListItem\",\"@id\":\"https:\\\/\\\/www.immo-invest.ch\\\/fr\\\/categories\\\/projects\\\/#listItem\",\"name\":\"Projects\"}},{\"@type\":\"ListItem\",\"@id\":\"https:\\\/\\\/www.immo-invest.ch\\\/fr\\\/categories\\\/projects\\\/#listItem\",\"position\":2,\"name\":\"Projects\",\"item\":\"https:\\\/\\\/www.immo-invest.ch\\\/fr\\\/categories\\\/projects\\\/\",\"nextItem\":{\"@type\":\"ListItem\",\"@id\":\"https:\\\/\\\/www.immo-invest.ch\\\/fr\\\/categories\\\/projects\\\/nouvelle-construction\\\/#listItem\",\"name\":\"Nouvelle construction\"},\"previousItem\":{\"@type\":\"ListItem\",\"@id\":\"https:\\\/\\\/www.immo-invest.ch\\\/fr\\\/#listItem\",\"name\":\"Home\"}},{\"@type\":\"ListItem\",\"@id\":\"https:\\\/\\\/www.immo-invest.ch\\\/fr\\\/categories\\\/projects\\\/nouvelle-construction\\\/#listItem\",\"position\":3,\"name\":\"Nouvelle construction\",\"item\":\"https:\\\/\\\/www.immo-invest.ch\\\/fr\\\/categories\\\/projects\\\/nouvelle-construction\\\/\",\"nextItem\":{\"@type\":\"ListItem\",\"@id\":\"https:\\\/\\\/www.immo-invest.ch\\\/fr\\\/bergdietikon-erteilt-baubewilligung-fuer-alters-und-pflegezentrum\\\/#listItem\",\"name\":\"Bergdietikon accorde un permis de construire pour un centre de soins et de retraite\"},\"previousItem\":{\"@type\":\"ListItem\",\"@id\":\"https:\\\/\\\/www.immo-invest.ch\\\/fr\\\/categories\\\/projects\\\/#listItem\",\"name\":\"Projects\"}},{\"@type\":\"ListItem\",\"@id\":\"https:\\\/\\\/www.immo-invest.ch\\\/fr\\\/bergdietikon-erteilt-baubewilligung-fuer-alters-und-pflegezentrum\\\/#listItem\",\"position\":4,\"name\":\"Bergdietikon accorde un permis de construire pour un centre de soins et de retraite\",\"previousItem\":{\"@type\":\"ListItem\",\"@id\":\"https:\\\/\\\/www.immo-invest.ch\\\/fr\\\/categories\\\/projects\\\/nouvelle-construction\\\/#listItem\",\"name\":\"Nouvelle construction\"}}]},{\"@type\":\"Organization\",\"@id\":\"https:\\\/\\\/www.immo-invest.ch\\\/fr\\\/#organization\",\"name\":\"immo!nvest - Die Plattform f\\u00fcr Standorte und Immobilien\",\"description\":\"Die\\u00a0Plattform f\\u00fcr Standorte und Immobilien\",\"url\":\"https:\\\/\\\/www.immo-invest.ch\\\/fr\\\/\",\"email\":\"admin@immomedia.ag\",\"telephone\":\"+41444420002\",\"logo\":{\"@type\":\"ImageObject\",\"url\":\"https:\\\/\\\/www.immo-invest.ch\\\/wp-content\\\/uploads\\\/2024\\\/09\\\/immoinvest_sm-scaled.jpg\",\"@id\":\"https:\\\/\\\/www.immo-invest.ch\\\/fr\\\/bergdietikon-erteilt-baubewilligung-fuer-alters-und-pflegezentrum\\\/#organizationLogo\",\"width\":2560,\"height\":1340},\"image\":{\"@id\":\"https:\\\/\\\/www.immo-invest.ch\\\/fr\\\/bergdietikon-erteilt-baubewilligung-fuer-alters-und-pflegezentrum\\\/#organizationLogo\"},\"sameAs\":[\"https:\\\/\\\/www.facebook.com\\\/people\\\/Immoinvest\\\/100077962920504\\\/\",\"https:\\\/\\\/x.com\\\/i\\\/flow\\\/login?redirect_after_login=immoinvest_ch\",\"https:\\\/\\\/www.instagram.com\\\/immoinvest_ch\\\/\",\"https:\\\/\\\/www.linkedin.com\\\/company\\\/immoinvest-swiss\"]},{\"@type\":\"Person\",\"@id\":\"https:\\\/\\\/www.immo-invest.ch\\\/fr\\\/author\\\/immovestuser\\\/#author\",\"url\":\"https:\\\/\\\/www.immo-invest.ch\\\/fr\\\/author\\\/immovestuser\\\/\",\"name\":\"immovestuser\",\"image\":{\"@type\":\"ImageObject\",\"@id\":\"https:\\\/\\\/www.immo-invest.ch\\\/fr\\\/bergdietikon-erteilt-baubewilligung-fuer-alters-und-pflegezentrum\\\/#authorImage\",\"url\":\"https:\\\/\\\/secure.gravatar.com\\\/avatar\\\/8e01f4d99f2eeea7a362ebb93305e1172a70e9293ba250f897a65c39f54cdd1e?s=96&d=mm&r=g\",\"width\":96,\"height\":96,\"caption\":\"immovestuser\"}},{\"@type\":\"WebPage\",\"@id\":\"https:\\\/\\\/www.immo-invest.ch\\\/fr\\\/bergdietikon-erteilt-baubewilligung-fuer-alters-und-pflegezentrum\\\/#webpage\",\"url\":\"https:\\\/\\\/www.immo-invest.ch\\\/fr\\\/bergdietikon-erteilt-baubewilligung-fuer-alters-und-pflegezentrum\\\/\",\"name\":\"Bergdietikon accorde un permis de construire pour un centre de soins et de retraite - immo!nvest - Die Plattform f\\u00fcr Standorte und Immobilien\",\"description\":\"Bergdietikon a donn\\u00e9 son accord au groupe Oase pour la construction d'un centre pour personnes \\u00e2g\\u00e9es dans la zone de Hintermatt. Le nouveau centre de soins et de retraite devrait \\u00eatre op\\u00e9rationnel \\u00e0 partir du 4e trimestre 2027.\",\"inLanguage\":\"fr-FR\",\"isPartOf\":{\"@id\":\"https:\\\/\\\/www.immo-invest.ch\\\/fr\\\/#website\"},\"breadcrumb\":{\"@id\":\"https:\\\/\\\/www.immo-invest.ch\\\/fr\\\/bergdietikon-erteilt-baubewilligung-fuer-alters-und-pflegezentrum\\\/#breadcrumblist\"},\"author\":{\"@id\":\"https:\\\/\\\/www.immo-invest.ch\\\/fr\\\/author\\\/immovestuser\\\/#author\"},\"creator\":{\"@id\":\"https:\\\/\\\/www.immo-invest.ch\\\/fr\\\/author\\\/immovestuser\\\/#author\"},\"image\":{\"@type\":\"ImageObject\",\"url\":\"https:\\\/\\\/www.immo-invest.ch\\\/wp-content\\\/uploads\\\/2025\\\/04\\\/banoviag_modern_senior_living_and_care_center_under_constructio_114a4fe5-9635-4f13-8ef2-7be0934e72fb.png\",\"@id\":\"https:\\\/\\\/www.immo-invest.ch\\\/fr\\\/bergdietikon-erteilt-baubewilligung-fuer-alters-und-pflegezentrum\\\/#mainImage\",\"width\":3072,\"height\":1536},\"primaryImageOfPage\":{\"@id\":\"https:\\\/\\\/www.immo-invest.ch\\\/fr\\\/bergdietikon-erteilt-baubewilligung-fuer-alters-und-pflegezentrum\\\/#mainImage\"},\"datePublished\":\"2025-04-30T08:30:00+02:00\",\"dateModified\":\"2025-04-24T15:55:21+02:00\"},{\"@type\":\"WebSite\",\"@id\":\"https:\\\/\\\/www.immo-invest.ch\\\/fr\\\/#website\",\"url\":\"https:\\\/\\\/www.immo-invest.ch\\\/fr\\\/\",\"name\":\"immo!nvest - Die Plattform f\\u00fcr Standorte und Immobilien\",\"description\":\"Die\\u00a0Plattform f\\u00fcr Standorte und Immobilien\",\"inLanguage\":\"fr-FR\",\"publisher\":{\"@id\":\"https:\\\/\\\/www.immo-invest.ch\\\/fr\\\/#organization\"}}]}\n\t\t<\/script>\n\t\t<!-- All in One SEO -->\n\n","aioseo_head_json":{"title":"Bergdietikon accorde un permis de construire pour un centre de soins et de retraite - immo!nvest - Die Plattform f\u00fcr Standorte und Immobilien","description":"Bergdietikon a donn\u00e9 son accord au groupe Oase pour la construction d'un centre pour personnes \u00e2g\u00e9es dans la zone de Hintermatt. Le nouveau centre de soins et de retraite devrait \u00eatre op\u00e9rationnel \u00e0 partir du 4e trimestre 2027.","canonical_url":"https:\/\/www.immo-invest.ch\/fr\/bergdietikon-erteilt-baubewilligung-fuer-alters-und-pflegezentrum\/","robots":"max-image-preview:large","keywords":"","webmasterTools":{"google-site-verification":"fHJKvgWpZCR2zVBHWfkQeFXC11qieUSff0HGNYfuyLA","miscellaneous":""},"schema":{"@context":"https:\/\/schema.org","@graph":[{"@type":"BlogPosting","@id":"https:\/\/www.immo-invest.ch\/fr\/bergdietikon-erteilt-baubewilligung-fuer-alters-und-pflegezentrum\/#blogposting","name":"Bergdietikon accorde un permis de construire pour un centre de soins et de retraite - immo!nvest - Die Plattform f\u00fcr Standorte und Immobilien","headline":"Bergdietikon accorde un permis de construire pour un centre de soins et de retraite","author":{"@id":"https:\/\/www.immo-invest.ch\/fr\/author\/immovestuser\/#author"},"publisher":{"@id":"https:\/\/www.immo-invest.ch\/fr\/#organization"},"image":{"@type":"ImageObject","url":"https:\/\/www.immo-invest.ch\/wp-content\/uploads\/2025\/04\/banoviag_modern_senior_living_and_care_center_under_constructio_114a4fe5-9635-4f13-8ef2-7be0934e72fb.png","width":3072,"height":1536},"datePublished":"2025-04-30T08:30:00+02:00","dateModified":"2025-04-24T15:55:21+02:00","inLanguage":"fr-FR","mainEntityOfPage":{"@id":"https:\/\/www.immo-invest.ch\/fr\/bergdietikon-erteilt-baubewilligung-fuer-alters-und-pflegezentrum\/#webpage"},"isPartOf":{"@id":"https:\/\/www.immo-invest.ch\/fr\/bergdietikon-erteilt-baubewilligung-fuer-alters-und-pflegezentrum\/#webpage"},"articleSection":"immoNews, Nouvelle construction, Projects, aargau, Alterszentrum, Baubewilligung, Gemeindeentwicklung, Immoinvest, immoNews, News, Pflegeheim, Pflegepl\u00e4tze, Wohnbau, Facultatif"},{"@type":"BreadcrumbList","@id":"https:\/\/www.immo-invest.ch\/fr\/bergdietikon-erteilt-baubewilligung-fuer-alters-und-pflegezentrum\/#breadcrumblist","itemListElement":[{"@type":"ListItem","@id":"https:\/\/www.immo-invest.ch\/fr\/#listItem","position":1,"name":"Home","item":"https:\/\/www.immo-invest.ch\/fr\/","nextItem":{"@type":"ListItem","@id":"https:\/\/www.immo-invest.ch\/fr\/categories\/projects\/#listItem","name":"Projects"}},{"@type":"ListItem","@id":"https:\/\/www.immo-invest.ch\/fr\/categories\/projects\/#listItem","position":2,"name":"Projects","item":"https:\/\/www.immo-invest.ch\/fr\/categories\/projects\/","nextItem":{"@type":"ListItem","@id":"https:\/\/www.immo-invest.ch\/fr\/categories\/projects\/nouvelle-construction\/#listItem","name":"Nouvelle construction"},"previousItem":{"@type":"ListItem","@id":"https:\/\/www.immo-invest.ch\/fr\/#listItem","name":"Home"}},{"@type":"ListItem","@id":"https:\/\/www.immo-invest.ch\/fr\/categories\/projects\/nouvelle-construction\/#listItem","position":3,"name":"Nouvelle construction","item":"https:\/\/www.immo-invest.ch\/fr\/categories\/projects\/nouvelle-construction\/","nextItem":{"@type":"ListItem","@id":"https:\/\/www.immo-invest.ch\/fr\/bergdietikon-erteilt-baubewilligung-fuer-alters-und-pflegezentrum\/#listItem","name":"Bergdietikon accorde un permis de construire pour un centre de soins et de retraite"},"previousItem":{"@type":"ListItem","@id":"https:\/\/www.immo-invest.ch\/fr\/categories\/projects\/#listItem","name":"Projects"}},{"@type":"ListItem","@id":"https:\/\/www.immo-invest.ch\/fr\/bergdietikon-erteilt-baubewilligung-fuer-alters-und-pflegezentrum\/#listItem","position":4,"name":"Bergdietikon accorde un permis de construire pour un centre de soins et de retraite","previousItem":{"@type":"ListItem","@id":"https:\/\/www.immo-invest.ch\/fr\/categories\/projects\/nouvelle-construction\/#listItem","name":"Nouvelle construction"}}]},{"@type":"Organization","@id":"https:\/\/www.immo-invest.ch\/fr\/#organization","name":"immo!nvest - Die Plattform f\u00fcr Standorte und Immobilien","description":"Die\u00a0Plattform f\u00fcr Standorte und Immobilien","url":"https:\/\/www.immo-invest.ch\/fr\/","email":"admin@immomedia.ag","telephone":"+41444420002","logo":{"@type":"ImageObject","url":"https:\/\/www.immo-invest.ch\/wp-content\/uploads\/2024\/09\/immoinvest_sm-scaled.jpg","@id":"https:\/\/www.immo-invest.ch\/fr\/bergdietikon-erteilt-baubewilligung-fuer-alters-und-pflegezentrum\/#organizationLogo","width":2560,"height":1340},"image":{"@id":"https:\/\/www.immo-invest.ch\/fr\/bergdietikon-erteilt-baubewilligung-fuer-alters-und-pflegezentrum\/#organizationLogo"},"sameAs":["https:\/\/www.facebook.com\/people\/Immoinvest\/100077962920504\/","https:\/\/x.com\/i\/flow\/login?redirect_after_login=immoinvest_ch","https:\/\/www.instagram.com\/immoinvest_ch\/","https:\/\/www.linkedin.com\/company\/immoinvest-swiss"]},{"@type":"Person","@id":"https:\/\/www.immo-invest.ch\/fr\/author\/immovestuser\/#author","url":"https:\/\/www.immo-invest.ch\/fr\/author\/immovestuser\/","name":"immovestuser","image":{"@type":"ImageObject","@id":"https:\/\/www.immo-invest.ch\/fr\/bergdietikon-erteilt-baubewilligung-fuer-alters-und-pflegezentrum\/#authorImage","url":"https:\/\/secure.gravatar.com\/avatar\/8e01f4d99f2eeea7a362ebb93305e1172a70e9293ba250f897a65c39f54cdd1e?s=96&d=mm&r=g","width":96,"height":96,"caption":"immovestuser"}},{"@type":"WebPage","@id":"https:\/\/www.immo-invest.ch\/fr\/bergdietikon-erteilt-baubewilligung-fuer-alters-und-pflegezentrum\/#webpage","url":"https:\/\/www.immo-invest.ch\/fr\/bergdietikon-erteilt-baubewilligung-fuer-alters-und-pflegezentrum\/","name":"Bergdietikon accorde un permis de construire pour un centre de soins et de retraite - immo!nvest - Die Plattform f\u00fcr Standorte und Immobilien","description":"Bergdietikon a donn\u00e9 son accord au groupe Oase pour la construction d'un centre pour personnes \u00e2g\u00e9es dans la zone de Hintermatt. Le nouveau centre de soins et de retraite devrait \u00eatre op\u00e9rationnel \u00e0 partir du 4e trimestre 2027.","inLanguage":"fr-FR","isPartOf":{"@id":"https:\/\/www.immo-invest.ch\/fr\/#website"},"breadcrumb":{"@id":"https:\/\/www.immo-invest.ch\/fr\/bergdietikon-erteilt-baubewilligung-fuer-alters-und-pflegezentrum\/#breadcrumblist"},"author":{"@id":"https:\/\/www.immo-invest.ch\/fr\/author\/immovestuser\/#author"},"creator":{"@id":"https:\/\/www.immo-invest.ch\/fr\/author\/immovestuser\/#author"},"image":{"@type":"ImageObject","url":"https:\/\/www.immo-invest.ch\/wp-content\/uploads\/2025\/04\/banoviag_modern_senior_living_and_care_center_under_constructio_114a4fe5-9635-4f13-8ef2-7be0934e72fb.png","@id":"https:\/\/www.immo-invest.ch\/fr\/bergdietikon-erteilt-baubewilligung-fuer-alters-und-pflegezentrum\/#mainImage","width":3072,"height":1536},"primaryImageOfPage":{"@id":"https:\/\/www.immo-invest.ch\/fr\/bergdietikon-erteilt-baubewilligung-fuer-alters-und-pflegezentrum\/#mainImage"},"datePublished":"2025-04-30T08:30:00+02:00","dateModified":"2025-04-24T15:55:21+02:00"},{"@type":"WebSite","@id":"https:\/\/www.immo-invest.ch\/fr\/#website","url":"https:\/\/www.immo-invest.ch\/fr\/","name":"immo!nvest - Die Plattform f\u00fcr Standorte und Immobilien","description":"Die\u00a0Plattform f\u00fcr Standorte und Immobilien","inLanguage":"fr-FR","publisher":{"@id":"https:\/\/www.immo-invest.ch\/fr\/#organization"}}]},"og:locale":"fr_FR","og:site_name":"immo!nvest - Die Plattform f\u00fcr Standorte und Immobilien - Die\u00a0Plattform f\u00fcr Standorte und Immobilien","og:type":"article","og:title":"Bergdietikon accorde un permis de construire pour un centre de soins et de retraite - immo!nvest - Die Plattform f\u00fcr Standorte und Immobilien","og:description":"Bergdietikon a donn\u00e9 son accord au groupe Oase pour la construction d'un centre pour personnes \u00e2g\u00e9es dans la zone de Hintermatt. Le nouveau centre de soins et de retraite devrait \u00eatre op\u00e9rationnel \u00e0 partir du 4e trimestre 2027.","og:url":"https:\/\/www.immo-invest.ch\/fr\/bergdietikon-erteilt-baubewilligung-fuer-alters-und-pflegezentrum\/","og:image":"https:\/\/www.immo-invest.ch\/wp-content\/uploads\/2025\/04\/banoviag_modern_senior_living_and_care_center_under_constructio_114a4fe5-9635-4f13-8ef2-7be0934e72fb.png","og:image:secure_url":"https:\/\/www.immo-invest.ch\/wp-content\/uploads\/2025\/04\/banoviag_modern_senior_living_and_care_center_under_constructio_114a4fe5-9635-4f13-8ef2-7be0934e72fb.png","og:image:width":3072,"og:image:height":1536,"article:published_time":"2025-04-30T06:30:00+00:00","article:modified_time":"2025-04-24T13:55:21+00:00","article:publisher":"https:\/\/www.facebook.com\/people\/Immoinvest\/100077962920504\/","twitter:card":"summary_large_image","twitter:site":"@i","twitter:title":"Bergdietikon accorde un permis de construire pour un centre de soins et de retraite - immo!nvest - Die Plattform f\u00fcr Standorte und Immobilien","twitter:description":"Bergdietikon a donn\u00e9 son accord au groupe Oase pour la construction d'un centre pour personnes \u00e2g\u00e9es dans la zone de Hintermatt. Le nouveau centre de soins et de retraite devrait \u00eatre op\u00e9rationnel \u00e0 partir du 4e trimestre 2027.","twitter:creator":"@i","twitter:image":"https:\/\/www.immo-invest.ch\/wp-content\/uploads\/2025\/04\/banoviag_modern_senior_living_and_care_center_under_constructio_114a4fe5-9635-4f13-8ef2-7be0934e72fb.png"},"aioseo_meta_data":{"post_id":"131031","title":null,"description":null,"keywords":null,"keyphrases":{"focus":{"keyphrase":"","score":0,"analysis":{"keyphraseInTitle":{"score":0,"maxScore":9,"error":1}}},"additional":[]},"primary_term":null,"canonical_url":null,"og_title":null,"og_description":null,"og_object_type":"default","og_image_type":"default","og_image_url":null,"og_image_width":null,"og_image_height":null,"og_image_custom_url":null,"og_image_custom_fields":null,"og_video":"","og_custom_url":null,"og_article_section":null,"og_article_tags":null,"twitter_use_og":false,"twitter_card":"default","twitter_image_type":"default","twitter_image_url":null,"twitter_image_custom_url":null,"twitter_image_custom_fields":null,"twitter_title":null,"twitter_description":null,"schema":{"blockGraphs":[],"customGraphs":[],"default":{"data":{"Article":[],"Course":[],"Dataset":[],"FAQPage":[],"Movie":[],"Person":[],"Product":[],"ProductReview":[],"Car":[],"Recipe":[],"Service":[],"SoftwareApplication":[],"WebPage":[]},"graphName":"BlogPosting","isEnabled":true},"graphs":[]},"schema_type":"default","schema_type_options":null,"pillar_content":false,"robots_default":true,"robots_noindex":false,"robots_noarchive":false,"robots_nosnippet":false,"robots_nofollow":false,"robots_noimageindex":false,"robots_noodp":false,"robots_notranslate":false,"robots_max_snippet":"-1","robots_max_videopreview":"-1","robots_max_imagepreview":"large","priority":null,"frequency":"default","local_seo":null,"breadcrumb_settings":null,"limit_modified_date":false,"ai":null,"created":"2025-04-24 13:55:03","updated":"2025-10-24 19:37:14","seo_analyzer_scan_date":null,"focus_keyword":null,"additional_keywords":null,"truseo_locale":null},"aioseo_breadcrumb":"<div class=\"aioseo-breadcrumbs\"><span class=\"aioseo-breadcrumb\">\n\t\t\t<a href=\"https:\/\/www.immo-invest.ch\/fr\/\" title=\"Home\">Home<\/a>\n\t\t<\/span><span class=\"aioseo-breadcrumb-separator\">&raquo;<\/span><span class=\"aioseo-breadcrumb\">\n\t\t\t<a href=\"https:\/\/www.immo-invest.ch\/fr\/categories\/projects\/\" title=\"Projects\">Projects<\/a>\n\t\t<\/span><span class=\"aioseo-breadcrumb-separator\">&raquo;<\/span><span class=\"aioseo-breadcrumb\">\n\t\t\t<a href=\"https:\/\/www.immo-invest.ch\/fr\/categories\/projects\/nouvelle-construction\/\" title=\"Nouvelle construction\">Nouvelle construction<\/a>\n\t\t<\/span><span class=\"aioseo-breadcrumb-separator\">&raquo;<\/span><span class=\"aioseo-breadcrumb\">\n\t\t\tBergdietikon accorde un permis de construire pour un centre de soins et de retraite\n\t\t<\/span><\/div>","aioseo_breadcrumb_json":[{"label":"Home","link":"https:\/\/www.immo-invest.ch\/fr\/"},{"label":"Projects","link":"https:\/\/www.immo-invest.ch\/fr\/categories\/projects\/"},{"label":"Nouvelle construction","link":"https:\/\/www.immo-invest.ch\/fr\/categories\/projects\/nouvelle-construction\/"},{"label":"Bergdietikon accorde un permis de construire pour un centre de soins et de retraite","link":"https:\/\/www.immo-invest.ch\/fr\/bergdietikon-erteilt-baubewilligung-fuer-alters-und-pflegezentrum\/"}],"featured_image_src":"https:\/\/www.immo-invest.ch\/wp-content\/uploads\/2025\/04\/banoviag_modern_senior_living_and_care_center_under_constructio_114a4fe5-9635-4f13-8ef2-7be0934e72fb-336x168.png","_links":{"self":[{"href":"https:\/\/www.immo-invest.ch\/fr\/wp-json\/wp\/v2\/posts\/131031","targetHints":{"allow":["GET"]}}],"collection":[{"href":"https:\/\/www.immo-invest.ch\/fr\/wp-json\/wp\/v2\/posts"}],"about":[{"href":"https:\/\/www.immo-invest.ch\/fr\/wp-json\/wp\/v2\/types\/post"}],"author":[{"embeddable":true,"href":"https:\/\/www.immo-invest.ch\/fr\/wp-json\/wp\/v2\/users\/2"}],"replies":[{"embeddable":true,"href":"https:\/\/www.immo-invest.ch\/fr\/wp-json\/wp\/v2\/comments?post=131031"}],"version-history":[{"count":0,"href":"https:\/\/www.immo-invest.ch\/fr\/wp-json\/wp\/v2\/posts\/131031\/revisions"}],"wp:featuredmedia":[{"embeddable":true,"href":"https:\/\/www.immo-invest.ch\/fr\/wp-json\/wp\/v2\/media\/131025"}],"wp:attachment":[{"href":"https:\/\/www.immo-invest.ch\/fr\/wp-json\/wp\/v2\/media?parent=131031"}],"wp:term":[{"taxonomy":"category","embeddable":true,"href":"https:\/\/www.immo-invest.ch\/fr\/wp-json\/wp\/v2\/categories?post=131031"},{"taxonomy":"post_tag","embeddable":true,"href":"https:\/\/www.immo-invest.ch\/fr\/wp-json\/wp\/v2\/tags?post=131031"}],"curies":[{"name":"wp","href":"https:\/\/api.w.org\/{rel}","templated":true}]}}