{"id":130950,"date":"2025-04-24T12:00:00","date_gmt":"2025-04-24T10:00:00","guid":{"rendered":"https:\/\/www.immo-invest.ch\/?p=130950"},"modified":"2025-04-23T16:53:59","modified_gmt":"2025-04-23T14:53:59","slug":"volkswirtschaft-berner-oberland-verzeichnet-erfolgreiches-2024","status":"publish","type":"post","link":"https:\/\/www.immo-invest.ch\/fr\/volkswirtschaft-berner-oberland-verzeichnet-erfolgreiches-2024\/","title":{"rendered":"L&rsquo;\u00e9conomie de l&rsquo;Oberland bernois enregistre un succ\u00e8s en 2024"},"content":{"rendered":"<p class=\"bodytext\">Dans son <a href=\"https:\/\/www.volkswirtschaftbeo.ch\/de\/Ueber-uns\/Publikationen\/Jahresberichte\" target=\"_blank\" rel=\"noopener\">rapport annuel 2024<\/a>, qui vient d&rsquo;&ecirc;tre publi&eacute;, <a href=\"https:\/\/www.volkswirtschaftbeo.ch\/de\/\" target=\"_blank\" rel=\"noopener\">Volkswirtschaft Berner Oberland<\/a> revient sur une ann&eacute;e r&eacute;ussie, au cours de laquelle l&rsquo;accent a &eacute;t&eacute; mis sur la mise en r&eacute;seau et les projets. Comme l&rsquo;indique un <a href=\"https:\/\/www.volkswirtschaftbeo.ch\/de\/Aktuell\/News\/News-Detail?filterCategory=3-4-5-6-7-8-9-10&amp;newsid=414\" target=\"_blank\" rel=\"noopener\">communiqu&eacute; de presse<\/a>, l&rsquo;association a pu donner des impulsions pour le d&eacute;veloppement de la r&eacute;gion &laquo;&nbsp;malgr&eacute; un contexte exigeant&nbsp;&raquo;.<\/p>\n<p class=\"bodytext\">Des manifestations telles que le forum communal, la rencontre &eacute;conomique ou le forum touristique y ont contribu&eacute;. Parall&egrave;lement, d&rsquo;importants projets ont &eacute;t&eacute; poursuivis. Ainsi, selon les informations fournies, la plateforme num&eacute;rique d&rsquo;apprentissage <a href=\"https:\/\/lehrebeo.ch\/\" target=\"_blank\" rel=\"noopener\">de BeO<\/a> a &eacute;t&eacute; professionnalis&eacute;e et le projet mod&egrave;le de <a href=\"https:\/\/sprechzimmerplus.ch\/\" target=\"_blank\" rel=\"noopener\">salle de consultation <\/a> pour les soins m&eacute;dicaux de base et de voisinage a &eacute;t&eacute; d&eacute;velopp&eacute;. En outre, les premi&egrave;res clarifications concernant la promotion de l&rsquo;&eacute;conomie circulaire dans l&rsquo;Oberland bernois ont &eacute;t&eacute; effectu&eacute;es.<\/p>\n<p class=\"bodytext\">La pr&eacute;sidente Marianna Lehmann pr&eacute;sentera pour la derni&egrave;re fois l&rsquo;ordre du jour de la <a href=\"https:\/\/www.volkswirtschaftbeo.ch\/de\/Netzwerk-Angebote\/Anlaesse\/Wirtschaftskalender\/Veranstaltungsinformationen?id=163&amp;date=1746712800\" target=\"_blank\" rel=\"noopener\">105e assembl&eacute;e g&eacute;n&eacute;rale<\/a> du 8 mai &agrave; Interlaken. L&rsquo;ancienne maire de Wilderswil BE &eacute;tait membre du comit&eacute; directeur de La Vie &eacute;conomique de l&rsquo;Oberland bernois depuis 2019, et &agrave; sa t&ecirc;te depuis 2021.<\/p>\n<p class=\"bodytext\">Le comit&eacute; de l&rsquo;association propose Carlos Reinhard, d&eacute;put&eacute; au Grand Conseil de Thoune et entrepreneur, pour lui succ&eacute;der. Il occupe la 2e vice-pr&eacute;sidence depuis 2024. L&rsquo;entrepreneur d&rsquo;Interlaken Patrick Gurtner devrait &ecirc;tre nouvellement &eacute;lu au comit&eacute; directeur et assumer &eacute;galement la 2e vice-pr&eacute;sidence.<\/p>\n<p class=\"bodytext\">&laquo;&nbsp;Notre force r&eacute;side dans notre diversit&eacute;&nbsp;&raquo;, a d&eacute;clar&eacute; Reinhard. &laquo;&nbsp;Je souhaite la rendre visible et la d&eacute;velopper en collaboration avec toutes les r&eacute;gions. &laquo;&nbsp;L&rsquo;Oberland bernois doit rester &eacute;conomiquement fort, touristiquement attractif et un lieu de vie agr&eacute;able &ndash; je m&rsquo;engage pour cela&nbsp;&raquo;<\/p>\n","protected":false},"excerpt":{"rendered":"<p>Spiez BE &#8211; Dans son rapport annuel, l&rsquo;association Volkswirtschaft Berner Oberland dresse un bilan positif de l&rsquo;ann\u00e9e \u00e9coul\u00e9e. Elle estime que son r\u00f4le de plate-forme d&rsquo;\u00e9change, de d\u00e9veloppement et de promotion \u00e9conomique s&rsquo;est encore renforc\u00e9. Un changement \u00e0 la t\u00eate de l&rsquo;association est pr\u00e9vu lors de l&rsquo;assembl\u00e9e g\u00e9n\u00e9rale du 8 mai.<\/p>\n","protected":false},"author":2,"featured_media":130892,"comment_status":"open","ping_status":"open","sticky":false,"template":"","format":"standard","meta":{"pmpro_default_level":"","inline_featured_image":false,"_monsterinsights_skip_tracking":false,"footnotes":""},"categories":[743,39686],"tags":[52630,872,3931,2002,13922,1343,52631,52632],"class_list":["post-130950","post","type-post","status-publish","format-standard","has-post-thumbnail","hentry","category-immonews-fr","category-standorte-fr","tag-berner-oberland-fr","tag-immoinvest-fr","tag-immonews-fr","tag-news-fr","tag-regionalentwicklung-fr","tag-standortfoerderung-fr","tag-vereinsarbeit-fr","tag-wirtschaftstreffen-fr","pmpro-has-access"],"acf":{"bild_mit_ki_erstellt_worden":[],"lead":"Dans son rapport annuel, l'association Volkswirtschaft Berner Oberland dresse un bilan positif de l'ann\u00e9e \u00e9coul\u00e9e. Elle estime que son r\u00f4le de plate-forme d'\u00e9change, de d\u00e9veloppement et de promotion \u00e9conomique s'est encore renforc\u00e9. Un changement \u00e0 la t\u00eate de l'association est pr\u00e9vu lors de l'assembl\u00e9e g\u00e9n\u00e9rale du 8 mai.","autor":"ce\/mm","ort":"Spiez BE","bildunterschrift":"","bild_im_grid":false,"gallerie":"","newsim":""},"aioseo_notices":[],"aioseo_head":"\n\t\t<!-- All in One SEO 5.0.0.1 - aioseo.com -->\n\t<meta name=\"description\" content=\"Spiez BE - Dans son rapport annuel, l&#039;association Volkswirtschaft Berner Oberland dresse un bilan positif de l&#039;ann\u00e9e \u00e9coul\u00e9e. Elle estime que son r\u00f4le de plate-forme d&#039;\u00e9change, de d\u00e9veloppement et de promotion \u00e9conomique s&#039;est encore renforc\u00e9. Un changement \u00e0 la t\u00eate de l&#039;association est pr\u00e9vu lors de l&#039;assembl\u00e9e g\u00e9n\u00e9rale du 8 mai.\" \/>\n\t<meta name=\"robots\" content=\"max-image-preview:large\" \/>\n\t<meta name=\"author\" content=\"immovestuser\"\/>\n\t<meta name=\"google-site-verification\" content=\"fHJKvgWpZCR2zVBHWfkQeFXC11qieUSff0HGNYfuyLA\" \/>\n\t<link rel=\"canonical\" href=\"https:\/\/www.immo-invest.ch\/fr\/volkswirtschaft-berner-oberland-verzeichnet-erfolgreiches-2024\/\" \/>\n\t<meta name=\"generator\" content=\"All in One SEO (AIOSEO) 5.0.0.1\" \/>\n\t\t<meta property=\"og:locale\" content=\"fr_FR\" \/>\n\t\t<meta property=\"og:site_name\" content=\"immo!nvest - Die Plattform f\u00fcr Standorte und Immobilien - Die\u00a0Plattform f\u00fcr Standorte und Immobilien\" \/>\n\t\t<meta property=\"og:type\" content=\"article\" \/>\n\t\t<meta property=\"og:title\" content=\"L\u2019\u00e9conomie de l\u2019Oberland bernois enregistre un succ\u00e8s en 2024 - immo!nvest - Die Plattform f\u00fcr Standorte und Immobilien\" \/>\n\t\t<meta property=\"og:description\" content=\"Spiez BE - Dans son rapport annuel, l&#039;association Volkswirtschaft Berner Oberland dresse un bilan positif de l&#039;ann\u00e9e \u00e9coul\u00e9e. Elle estime que son r\u00f4le de plate-forme d&#039;\u00e9change, de d\u00e9veloppement et de promotion \u00e9conomique s&#039;est encore renforc\u00e9. Un changement \u00e0 la t\u00eate de l&#039;association est pr\u00e9vu lors de l&#039;assembl\u00e9e g\u00e9n\u00e9rale du 8 mai.\" \/>\n\t\t<meta property=\"og:url\" content=\"https:\/\/www.immo-invest.ch\/fr\/volkswirtschaft-berner-oberland-verzeichnet-erfolgreiches-2024\/\" \/>\n\t\t<meta property=\"og:image\" content=\"https:\/\/www.immo-invest.ch\/wp-content\/uploads\/2025\/04\/banoviag_symbolic_representation_of_regional_economic_collabora_2e91f818-04d8-49c3-b898-fd5dad19d25e.png\" \/>\n\t\t<meta property=\"og:image:secure_url\" content=\"https:\/\/www.immo-invest.ch\/wp-content\/uploads\/2025\/04\/banoviag_symbolic_representation_of_regional_economic_collabora_2e91f818-04d8-49c3-b898-fd5dad19d25e.png\" \/>\n\t\t<meta property=\"og:image:width\" content=\"3072\" \/>\n\t\t<meta property=\"og:image:height\" content=\"1536\" \/>\n\t\t<meta property=\"article:published_time\" content=\"2025-04-24T10:00:00+00:00\" \/>\n\t\t<meta property=\"article:modified_time\" content=\"2025-04-23T14:53:59+00:00\" \/>\n\t\t<meta property=\"article:publisher\" content=\"https:\/\/www.facebook.com\/people\/Immoinvest\/100077962920504\/\" \/>\n\t\t<meta name=\"twitter:card\" content=\"summary_large_image\" \/>\n\t\t<meta name=\"twitter:site\" content=\"@i\" \/>\n\t\t<meta name=\"twitter:title\" content=\"L\u2019\u00e9conomie de l\u2019Oberland bernois enregistre un succ\u00e8s en 2024 - immo!nvest - Die Plattform f\u00fcr Standorte und Immobilien\" \/>\n\t\t<meta name=\"twitter:description\" content=\"Spiez BE - Dans son rapport annuel, l&#039;association Volkswirtschaft Berner Oberland dresse un bilan positif de l&#039;ann\u00e9e \u00e9coul\u00e9e. Elle estime que son r\u00f4le de plate-forme d&#039;\u00e9change, de d\u00e9veloppement et de promotion \u00e9conomique s&#039;est encore renforc\u00e9. Un changement \u00e0 la t\u00eate de l&#039;association est pr\u00e9vu lors de l&#039;assembl\u00e9e g\u00e9n\u00e9rale du 8 mai.\" \/>\n\t\t<meta name=\"twitter:creator\" content=\"@i\" \/>\n\t\t<meta name=\"twitter:image\" content=\"https:\/\/www.immo-invest.ch\/wp-content\/uploads\/2025\/04\/banoviag_symbolic_representation_of_regional_economic_collabora_2e91f818-04d8-49c3-b898-fd5dad19d25e.png\" \/>\n\t\t<script type=\"application\/ld+json\" class=\"aioseo-schema\">\n\t\t\t{\"@context\":\"https:\\\/\\\/schema.org\",\"@graph\":[{\"@type\":\"BlogPosting\",\"@id\":\"https:\\\/\\\/www.immo-invest.ch\\\/fr\\\/volkswirtschaft-berner-oberland-verzeichnet-erfolgreiches-2024\\\/#blogposting\",\"name\":\"L\\u2019\\u00e9conomie de l\\u2019Oberland bernois enregistre un succ\\u00e8s en 2024 - immo!nvest - Die Plattform f\\u00fcr Standorte und Immobilien\",\"headline\":\"L&rsquo;\\u00e9conomie de l&rsquo;Oberland bernois enregistre un succ\\u00e8s en 2024\",\"author\":{\"@id\":\"https:\\\/\\\/www.immo-invest.ch\\\/fr\\\/author\\\/immovestuser\\\/#author\"},\"publisher\":{\"@id\":\"https:\\\/\\\/www.immo-invest.ch\\\/fr\\\/#organization\"},\"image\":{\"@type\":\"ImageObject\",\"url\":\"https:\\\/\\\/www.immo-invest.ch\\\/wp-content\\\/uploads\\\/2025\\\/04\\\/banoviag_symbolic_representation_of_regional_economic_collabora_2e91f818-04d8-49c3-b898-fd5dad19d25e.png\",\"width\":3072,\"height\":1536},\"datePublished\":\"2025-04-24T12:00:00+02:00\",\"dateModified\":\"2025-04-23T16:53:59+02:00\",\"inLanguage\":\"fr-FR\",\"mainEntityOfPage\":{\"@id\":\"https:\\\/\\\/www.immo-invest.ch\\\/fr\\\/volkswirtschaft-berner-oberland-verzeichnet-erfolgreiches-2024\\\/#webpage\"},\"isPartOf\":{\"@id\":\"https:\\\/\\\/www.immo-invest.ch\\\/fr\\\/volkswirtschaft-berner-oberland-verzeichnet-erfolgreiches-2024\\\/#webpage\"},\"articleSection\":\"immoNews, Standorte, Berner Oberland, Immoinvest, immoNews, News, Regionalentwicklung, Standortf\\u00f6rderung, Vereinsarbeit, Wirtschaftstreffen, Facultatif\"},{\"@type\":\"BreadcrumbList\",\"@id\":\"https:\\\/\\\/www.immo-invest.ch\\\/fr\\\/volkswirtschaft-berner-oberland-verzeichnet-erfolgreiches-2024\\\/#breadcrumblist\",\"itemListElement\":[{\"@type\":\"ListItem\",\"@id\":\"https:\\\/\\\/www.immo-invest.ch\\\/fr\\\/#listItem\",\"position\":1,\"name\":\"Home\",\"item\":\"https:\\\/\\\/www.immo-invest.ch\\\/fr\\\/\",\"nextItem\":{\"@type\":\"ListItem\",\"@id\":\"https:\\\/\\\/www.immo-invest.ch\\\/fr\\\/categories\\\/immonews-fr\\\/#listItem\",\"name\":\"immoNews\"}},{\"@type\":\"ListItem\",\"@id\":\"https:\\\/\\\/www.immo-invest.ch\\\/fr\\\/categories\\\/immonews-fr\\\/#listItem\",\"position\":2,\"name\":\"immoNews\",\"item\":\"https:\\\/\\\/www.immo-invest.ch\\\/fr\\\/categories\\\/immonews-fr\\\/\",\"nextItem\":{\"@type\":\"ListItem\",\"@id\":\"https:\\\/\\\/www.immo-invest.ch\\\/fr\\\/volkswirtschaft-berner-oberland-verzeichnet-erfolgreiches-2024\\\/#listItem\",\"name\":\"L&rsquo;\\u00e9conomie de l&rsquo;Oberland bernois enregistre un succ\\u00e8s en 2024\"},\"previousItem\":{\"@type\":\"ListItem\",\"@id\":\"https:\\\/\\\/www.immo-invest.ch\\\/fr\\\/#listItem\",\"name\":\"Home\"}},{\"@type\":\"ListItem\",\"@id\":\"https:\\\/\\\/www.immo-invest.ch\\\/fr\\\/volkswirtschaft-berner-oberland-verzeichnet-erfolgreiches-2024\\\/#listItem\",\"position\":3,\"name\":\"L&rsquo;\\u00e9conomie de l&rsquo;Oberland bernois enregistre un succ\\u00e8s en 2024\",\"previousItem\":{\"@type\":\"ListItem\",\"@id\":\"https:\\\/\\\/www.immo-invest.ch\\\/fr\\\/categories\\\/immonews-fr\\\/#listItem\",\"name\":\"immoNews\"}}]},{\"@type\":\"Organization\",\"@id\":\"https:\\\/\\\/www.immo-invest.ch\\\/fr\\\/#organization\",\"name\":\"immo!nvest - Die Plattform f\\u00fcr Standorte und Immobilien\",\"description\":\"Die\\u00a0Plattform f\\u00fcr Standorte und Immobilien\",\"url\":\"https:\\\/\\\/www.immo-invest.ch\\\/fr\\\/\",\"email\":\"admin@immomedia.ag\",\"telephone\":\"+41444420002\",\"logo\":{\"@type\":\"ImageObject\",\"url\":\"https:\\\/\\\/www.immo-invest.ch\\\/wp-content\\\/uploads\\\/2024\\\/09\\\/immoinvest_sm-scaled.jpg\",\"@id\":\"https:\\\/\\\/www.immo-invest.ch\\\/fr\\\/volkswirtschaft-berner-oberland-verzeichnet-erfolgreiches-2024\\\/#organizationLogo\",\"width\":2560,\"height\":1340},\"image\":{\"@id\":\"https:\\\/\\\/www.immo-invest.ch\\\/fr\\\/volkswirtschaft-berner-oberland-verzeichnet-erfolgreiches-2024\\\/#organizationLogo\"},\"sameAs\":[\"https:\\\/\\\/www.facebook.com\\\/people\\\/Immoinvest\\\/100077962920504\\\/\",\"https:\\\/\\\/x.com\\\/i\\\/flow\\\/login?redirect_after_login=immoinvest_ch\",\"https:\\\/\\\/www.instagram.com\\\/immoinvest_ch\\\/\",\"https:\\\/\\\/www.linkedin.com\\\/company\\\/immoinvest-swiss\"]},{\"@type\":\"Person\",\"@id\":\"https:\\\/\\\/www.immo-invest.ch\\\/fr\\\/author\\\/immovestuser\\\/#author\",\"url\":\"https:\\\/\\\/www.immo-invest.ch\\\/fr\\\/author\\\/immovestuser\\\/\",\"name\":\"immovestuser\",\"image\":{\"@type\":\"ImageObject\",\"@id\":\"https:\\\/\\\/www.immo-invest.ch\\\/fr\\\/volkswirtschaft-berner-oberland-verzeichnet-erfolgreiches-2024\\\/#authorImage\",\"url\":\"https:\\\/\\\/secure.gravatar.com\\\/avatar\\\/8e01f4d99f2eeea7a362ebb93305e1172a70e9293ba250f897a65c39f54cdd1e?s=96&d=mm&r=g\",\"width\":96,\"height\":96,\"caption\":\"immovestuser\"}},{\"@type\":\"WebPage\",\"@id\":\"https:\\\/\\\/www.immo-invest.ch\\\/fr\\\/volkswirtschaft-berner-oberland-verzeichnet-erfolgreiches-2024\\\/#webpage\",\"url\":\"https:\\\/\\\/www.immo-invest.ch\\\/fr\\\/volkswirtschaft-berner-oberland-verzeichnet-erfolgreiches-2024\\\/\",\"name\":\"L\\u2019\\u00e9conomie de l\\u2019Oberland bernois enregistre un succ\\u00e8s en 2024 - immo!nvest - Die Plattform f\\u00fcr Standorte und Immobilien\",\"description\":\"Spiez BE - Dans son rapport annuel, l'association Volkswirtschaft Berner Oberland dresse un bilan positif de l'ann\\u00e9e \\u00e9coul\\u00e9e. Elle estime que son r\\u00f4le de plate-forme d'\\u00e9change, de d\\u00e9veloppement et de promotion \\u00e9conomique s'est encore renforc\\u00e9. Un changement \\u00e0 la t\\u00eate de l'association est pr\\u00e9vu lors de l'assembl\\u00e9e g\\u00e9n\\u00e9rale du 8 mai.\",\"inLanguage\":\"fr-FR\",\"isPartOf\":{\"@id\":\"https:\\\/\\\/www.immo-invest.ch\\\/fr\\\/#website\"},\"breadcrumb\":{\"@id\":\"https:\\\/\\\/www.immo-invest.ch\\\/fr\\\/volkswirtschaft-berner-oberland-verzeichnet-erfolgreiches-2024\\\/#breadcrumblist\"},\"author\":{\"@id\":\"https:\\\/\\\/www.immo-invest.ch\\\/fr\\\/author\\\/immovestuser\\\/#author\"},\"creator\":{\"@id\":\"https:\\\/\\\/www.immo-invest.ch\\\/fr\\\/author\\\/immovestuser\\\/#author\"},\"image\":{\"@type\":\"ImageObject\",\"url\":\"https:\\\/\\\/www.immo-invest.ch\\\/wp-content\\\/uploads\\\/2025\\\/04\\\/banoviag_symbolic_representation_of_regional_economic_collabora_2e91f818-04d8-49c3-b898-fd5dad19d25e.png\",\"@id\":\"https:\\\/\\\/www.immo-invest.ch\\\/fr\\\/volkswirtschaft-berner-oberland-verzeichnet-erfolgreiches-2024\\\/#mainImage\",\"width\":3072,\"height\":1536},\"primaryImageOfPage\":{\"@id\":\"https:\\\/\\\/www.immo-invest.ch\\\/fr\\\/volkswirtschaft-berner-oberland-verzeichnet-erfolgreiches-2024\\\/#mainImage\"},\"datePublished\":\"2025-04-24T12:00:00+02:00\",\"dateModified\":\"2025-04-23T16:53:59+02:00\"},{\"@type\":\"WebSite\",\"@id\":\"https:\\\/\\\/www.immo-invest.ch\\\/fr\\\/#website\",\"url\":\"https:\\\/\\\/www.immo-invest.ch\\\/fr\\\/\",\"name\":\"immo!nvest - Die Plattform f\\u00fcr Standorte und Immobilien\",\"description\":\"Die\\u00a0Plattform f\\u00fcr Standorte und Immobilien\",\"inLanguage\":\"fr-FR\",\"publisher\":{\"@id\":\"https:\\\/\\\/www.immo-invest.ch\\\/fr\\\/#organization\"}}]}\n\t\t<\/script>\n\t\t<!-- All in One SEO -->\n\n","aioseo_head_json":{"title":"L\u2019\u00e9conomie de l\u2019Oberland bernois enregistre un succ\u00e8s en 2024 - immo!nvest - Die Plattform f\u00fcr Standorte und Immobilien","description":"Spiez BE - Dans son rapport annuel, l'association Volkswirtschaft Berner Oberland dresse un bilan positif de l'ann\u00e9e \u00e9coul\u00e9e. Elle estime que son r\u00f4le de plate-forme d'\u00e9change, de d\u00e9veloppement et de promotion \u00e9conomique s'est encore renforc\u00e9. Un changement \u00e0 la t\u00eate de l'association est pr\u00e9vu lors de l'assembl\u00e9e g\u00e9n\u00e9rale du 8 mai.","canonical_url":"https:\/\/www.immo-invest.ch\/fr\/volkswirtschaft-berner-oberland-verzeichnet-erfolgreiches-2024\/","robots":"max-image-preview:large","keywords":"","webmasterTools":{"google-site-verification":"fHJKvgWpZCR2zVBHWfkQeFXC11qieUSff0HGNYfuyLA","miscellaneous":""},"schema":{"@context":"https:\/\/schema.org","@graph":[{"@type":"BlogPosting","@id":"https:\/\/www.immo-invest.ch\/fr\/volkswirtschaft-berner-oberland-verzeichnet-erfolgreiches-2024\/#blogposting","name":"L\u2019\u00e9conomie de l\u2019Oberland bernois enregistre un succ\u00e8s en 2024 - immo!nvest - Die Plattform f\u00fcr Standorte und Immobilien","headline":"L&rsquo;\u00e9conomie de l&rsquo;Oberland bernois enregistre un succ\u00e8s en 2024","author":{"@id":"https:\/\/www.immo-invest.ch\/fr\/author\/immovestuser\/#author"},"publisher":{"@id":"https:\/\/www.immo-invest.ch\/fr\/#organization"},"image":{"@type":"ImageObject","url":"https:\/\/www.immo-invest.ch\/wp-content\/uploads\/2025\/04\/banoviag_symbolic_representation_of_regional_economic_collabora_2e91f818-04d8-49c3-b898-fd5dad19d25e.png","width":3072,"height":1536},"datePublished":"2025-04-24T12:00:00+02:00","dateModified":"2025-04-23T16:53:59+02:00","inLanguage":"fr-FR","mainEntityOfPage":{"@id":"https:\/\/www.immo-invest.ch\/fr\/volkswirtschaft-berner-oberland-verzeichnet-erfolgreiches-2024\/#webpage"},"isPartOf":{"@id":"https:\/\/www.immo-invest.ch\/fr\/volkswirtschaft-berner-oberland-verzeichnet-erfolgreiches-2024\/#webpage"},"articleSection":"immoNews, Standorte, Berner Oberland, Immoinvest, immoNews, News, Regionalentwicklung, Standortf\u00f6rderung, Vereinsarbeit, Wirtschaftstreffen, Facultatif"},{"@type":"BreadcrumbList","@id":"https:\/\/www.immo-invest.ch\/fr\/volkswirtschaft-berner-oberland-verzeichnet-erfolgreiches-2024\/#breadcrumblist","itemListElement":[{"@type":"ListItem","@id":"https:\/\/www.immo-invest.ch\/fr\/#listItem","position":1,"name":"Home","item":"https:\/\/www.immo-invest.ch\/fr\/","nextItem":{"@type":"ListItem","@id":"https:\/\/www.immo-invest.ch\/fr\/categories\/immonews-fr\/#listItem","name":"immoNews"}},{"@type":"ListItem","@id":"https:\/\/www.immo-invest.ch\/fr\/categories\/immonews-fr\/#listItem","position":2,"name":"immoNews","item":"https:\/\/www.immo-invest.ch\/fr\/categories\/immonews-fr\/","nextItem":{"@type":"ListItem","@id":"https:\/\/www.immo-invest.ch\/fr\/volkswirtschaft-berner-oberland-verzeichnet-erfolgreiches-2024\/#listItem","name":"L&rsquo;\u00e9conomie de l&rsquo;Oberland bernois enregistre un succ\u00e8s en 2024"},"previousItem":{"@type":"ListItem","@id":"https:\/\/www.immo-invest.ch\/fr\/#listItem","name":"Home"}},{"@type":"ListItem","@id":"https:\/\/www.immo-invest.ch\/fr\/volkswirtschaft-berner-oberland-verzeichnet-erfolgreiches-2024\/#listItem","position":3,"name":"L&rsquo;\u00e9conomie de l&rsquo;Oberland bernois enregistre un succ\u00e8s en 2024","previousItem":{"@type":"ListItem","@id":"https:\/\/www.immo-invest.ch\/fr\/categories\/immonews-fr\/#listItem","name":"immoNews"}}]},{"@type":"Organization","@id":"https:\/\/www.immo-invest.ch\/fr\/#organization","name":"immo!nvest - Die Plattform f\u00fcr Standorte und Immobilien","description":"Die\u00a0Plattform f\u00fcr Standorte und Immobilien","url":"https:\/\/www.immo-invest.ch\/fr\/","email":"admin@immomedia.ag","telephone":"+41444420002","logo":{"@type":"ImageObject","url":"https:\/\/www.immo-invest.ch\/wp-content\/uploads\/2024\/09\/immoinvest_sm-scaled.jpg","@id":"https:\/\/www.immo-invest.ch\/fr\/volkswirtschaft-berner-oberland-verzeichnet-erfolgreiches-2024\/#organizationLogo","width":2560,"height":1340},"image":{"@id":"https:\/\/www.immo-invest.ch\/fr\/volkswirtschaft-berner-oberland-verzeichnet-erfolgreiches-2024\/#organizationLogo"},"sameAs":["https:\/\/www.facebook.com\/people\/Immoinvest\/100077962920504\/","https:\/\/x.com\/i\/flow\/login?redirect_after_login=immoinvest_ch","https:\/\/www.instagram.com\/immoinvest_ch\/","https:\/\/www.linkedin.com\/company\/immoinvest-swiss"]},{"@type":"Person","@id":"https:\/\/www.immo-invest.ch\/fr\/author\/immovestuser\/#author","url":"https:\/\/www.immo-invest.ch\/fr\/author\/immovestuser\/","name":"immovestuser","image":{"@type":"ImageObject","@id":"https:\/\/www.immo-invest.ch\/fr\/volkswirtschaft-berner-oberland-verzeichnet-erfolgreiches-2024\/#authorImage","url":"https:\/\/secure.gravatar.com\/avatar\/8e01f4d99f2eeea7a362ebb93305e1172a70e9293ba250f897a65c39f54cdd1e?s=96&d=mm&r=g","width":96,"height":96,"caption":"immovestuser"}},{"@type":"WebPage","@id":"https:\/\/www.immo-invest.ch\/fr\/volkswirtschaft-berner-oberland-verzeichnet-erfolgreiches-2024\/#webpage","url":"https:\/\/www.immo-invest.ch\/fr\/volkswirtschaft-berner-oberland-verzeichnet-erfolgreiches-2024\/","name":"L\u2019\u00e9conomie de l\u2019Oberland bernois enregistre un succ\u00e8s en 2024 - immo!nvest - Die Plattform f\u00fcr Standorte und Immobilien","description":"Spiez BE - Dans son rapport annuel, l'association Volkswirtschaft Berner Oberland dresse un bilan positif de l'ann\u00e9e \u00e9coul\u00e9e. Elle estime que son r\u00f4le de plate-forme d'\u00e9change, de d\u00e9veloppement et de promotion \u00e9conomique s'est encore renforc\u00e9. Un changement \u00e0 la t\u00eate de l'association est pr\u00e9vu lors de l'assembl\u00e9e g\u00e9n\u00e9rale du 8 mai.","inLanguage":"fr-FR","isPartOf":{"@id":"https:\/\/www.immo-invest.ch\/fr\/#website"},"breadcrumb":{"@id":"https:\/\/www.immo-invest.ch\/fr\/volkswirtschaft-berner-oberland-verzeichnet-erfolgreiches-2024\/#breadcrumblist"},"author":{"@id":"https:\/\/www.immo-invest.ch\/fr\/author\/immovestuser\/#author"},"creator":{"@id":"https:\/\/www.immo-invest.ch\/fr\/author\/immovestuser\/#author"},"image":{"@type":"ImageObject","url":"https:\/\/www.immo-invest.ch\/wp-content\/uploads\/2025\/04\/banoviag_symbolic_representation_of_regional_economic_collabora_2e91f818-04d8-49c3-b898-fd5dad19d25e.png","@id":"https:\/\/www.immo-invest.ch\/fr\/volkswirtschaft-berner-oberland-verzeichnet-erfolgreiches-2024\/#mainImage","width":3072,"height":1536},"primaryImageOfPage":{"@id":"https:\/\/www.immo-invest.ch\/fr\/volkswirtschaft-berner-oberland-verzeichnet-erfolgreiches-2024\/#mainImage"},"datePublished":"2025-04-24T12:00:00+02:00","dateModified":"2025-04-23T16:53:59+02:00"},{"@type":"WebSite","@id":"https:\/\/www.immo-invest.ch\/fr\/#website","url":"https:\/\/www.immo-invest.ch\/fr\/","name":"immo!nvest - Die Plattform f\u00fcr Standorte und Immobilien","description":"Die\u00a0Plattform f\u00fcr Standorte und Immobilien","inLanguage":"fr-FR","publisher":{"@id":"https:\/\/www.immo-invest.ch\/fr\/#organization"}}]},"og:locale":"fr_FR","og:site_name":"immo!nvest - Die Plattform f\u00fcr Standorte und Immobilien - Die\u00a0Plattform f\u00fcr Standorte und Immobilien","og:type":"article","og:title":"L\u2019\u00e9conomie de l\u2019Oberland bernois enregistre un succ\u00e8s en 2024 - immo!nvest - Die Plattform f\u00fcr Standorte und Immobilien","og:description":"Spiez BE - Dans son rapport annuel, l'association Volkswirtschaft Berner Oberland dresse un bilan positif de l'ann\u00e9e \u00e9coul\u00e9e. Elle estime que son r\u00f4le de plate-forme d'\u00e9change, de d\u00e9veloppement et de promotion \u00e9conomique s'est encore renforc\u00e9. Un changement \u00e0 la t\u00eate de l'association est pr\u00e9vu lors de l'assembl\u00e9e g\u00e9n\u00e9rale du 8 mai.","og:url":"https:\/\/www.immo-invest.ch\/fr\/volkswirtschaft-berner-oberland-verzeichnet-erfolgreiches-2024\/","og:image":"https:\/\/www.immo-invest.ch\/wp-content\/uploads\/2025\/04\/banoviag_symbolic_representation_of_regional_economic_collabora_2e91f818-04d8-49c3-b898-fd5dad19d25e.png","og:image:secure_url":"https:\/\/www.immo-invest.ch\/wp-content\/uploads\/2025\/04\/banoviag_symbolic_representation_of_regional_economic_collabora_2e91f818-04d8-49c3-b898-fd5dad19d25e.png","og:image:width":3072,"og:image:height":1536,"article:published_time":"2025-04-24T10:00:00+00:00","article:modified_time":"2025-04-23T14:53:59+00:00","article:publisher":"https:\/\/www.facebook.com\/people\/Immoinvest\/100077962920504\/","twitter:card":"summary_large_image","twitter:site":"@i","twitter:title":"L\u2019\u00e9conomie de l\u2019Oberland bernois enregistre un succ\u00e8s en 2024 - immo!nvest - Die Plattform f\u00fcr Standorte und Immobilien","twitter:description":"Spiez BE - Dans son rapport annuel, l'association Volkswirtschaft Berner Oberland dresse un bilan positif de l'ann\u00e9e \u00e9coul\u00e9e. Elle estime que son r\u00f4le de plate-forme d'\u00e9change, de d\u00e9veloppement et de promotion \u00e9conomique s'est encore renforc\u00e9. Un changement \u00e0 la t\u00eate de l'association est pr\u00e9vu lors de l'assembl\u00e9e g\u00e9n\u00e9rale du 8 mai.","twitter:creator":"@i","twitter:image":"https:\/\/www.immo-invest.ch\/wp-content\/uploads\/2025\/04\/banoviag_symbolic_representation_of_regional_economic_collabora_2e91f818-04d8-49c3-b898-fd5dad19d25e.png"},"aioseo_meta_data":{"post_id":"130950","title":null,"description":null,"keywords":null,"keyphrases":{"focus":{"keyphrase":"","score":0,"analysis":{"keyphraseInTitle":{"score":0,"maxScore":9,"error":1}}},"additional":[]},"primary_term":null,"canonical_url":null,"og_title":null,"og_description":null,"og_object_type":"default","og_image_type":"default","og_image_url":null,"og_image_width":null,"og_image_height":null,"og_image_custom_url":null,"og_image_custom_fields":null,"og_video":"","og_custom_url":null,"og_article_section":null,"og_article_tags":null,"twitter_use_og":false,"twitter_card":"default","twitter_image_type":"default","twitter_image_url":null,"twitter_image_custom_url":null,"twitter_image_custom_fields":null,"twitter_title":null,"twitter_description":null,"schema":{"blockGraphs":[],"customGraphs":[],"default":{"data":{"Article":[],"Course":[],"Dataset":[],"FAQPage":[],"Movie":[],"Person":[],"Product":[],"ProductReview":[],"Car":[],"Recipe":[],"Service":[],"SoftwareApplication":[],"WebPage":[]},"graphName":"BlogPosting","isEnabled":true},"graphs":[]},"schema_type":"default","schema_type_options":null,"pillar_content":false,"robots_default":true,"robots_noindex":false,"robots_noarchive":false,"robots_nosnippet":false,"robots_nofollow":false,"robots_noimageindex":false,"robots_noodp":false,"robots_notranslate":false,"robots_max_snippet":"-1","robots_max_videopreview":"-1","robots_max_imagepreview":"large","priority":null,"frequency":"default","local_seo":null,"breadcrumb_settings":null,"limit_modified_date":false,"ai":null,"created":"2025-04-23 14:53:59","updated":"2025-10-24 19:34:13","seo_analyzer_scan_date":null,"focus_keyword":null,"additional_keywords":null,"truseo_locale":null},"aioseo_breadcrumb":"<div class=\"aioseo-breadcrumbs\"><span class=\"aioseo-breadcrumb\">\n\t\t\t<a href=\"https:\/\/www.immo-invest.ch\/fr\/\" title=\"Home\">Home<\/a>\n\t\t<\/span><span class=\"aioseo-breadcrumb-separator\">&raquo;<\/span><span class=\"aioseo-breadcrumb\">\n\t\t\t<a href=\"https:\/\/www.immo-invest.ch\/fr\/categories\/immonews-fr\/\" title=\"immoNews\">immoNews<\/a>\n\t\t<\/span><span class=\"aioseo-breadcrumb-separator\">&raquo;<\/span><span class=\"aioseo-breadcrumb\">\n\t\t\tL\u2019\u00e9conomie de l\u2019Oberland bernois enregistre un succ\u00e8s en 2024\n\t\t<\/span><\/div>","aioseo_breadcrumb_json":[{"label":"Home","link":"https:\/\/www.immo-invest.ch\/fr\/"},{"label":"immoNews","link":"https:\/\/www.immo-invest.ch\/fr\/categories\/immonews-fr\/"},{"label":"L&rsquo;\u00e9conomie de l&rsquo;Oberland bernois enregistre un succ\u00e8s en 2024","link":"https:\/\/www.immo-invest.ch\/fr\/volkswirtschaft-berner-oberland-verzeichnet-erfolgreiches-2024\/"}],"featured_image_src":"https:\/\/www.immo-invest.ch\/wp-content\/uploads\/2025\/04\/banoviag_symbolic_representation_of_regional_economic_collabora_2e91f818-04d8-49c3-b898-fd5dad19d25e-336x168.png","_links":{"self":[{"href":"https:\/\/www.immo-invest.ch\/fr\/wp-json\/wp\/v2\/posts\/130950","targetHints":{"allow":["GET"]}}],"collection":[{"href":"https:\/\/www.immo-invest.ch\/fr\/wp-json\/wp\/v2\/posts"}],"about":[{"href":"https:\/\/www.immo-invest.ch\/fr\/wp-json\/wp\/v2\/types\/post"}],"author":[{"embeddable":true,"href":"https:\/\/www.immo-invest.ch\/fr\/wp-json\/wp\/v2\/users\/2"}],"replies":[{"embeddable":true,"href":"https:\/\/www.immo-invest.ch\/fr\/wp-json\/wp\/v2\/comments?post=130950"}],"version-history":[{"count":0,"href":"https:\/\/www.immo-invest.ch\/fr\/wp-json\/wp\/v2\/posts\/130950\/revisions"}],"wp:featuredmedia":[{"embeddable":true,"href":"https:\/\/www.immo-invest.ch\/fr\/wp-json\/wp\/v2\/media\/130892"}],"wp:attachment":[{"href":"https:\/\/www.immo-invest.ch\/fr\/wp-json\/wp\/v2\/media?parent=130950"}],"wp:term":[{"taxonomy":"category","embeddable":true,"href":"https:\/\/www.immo-invest.ch\/fr\/wp-json\/wp\/v2\/categories?post=130950"},{"taxonomy":"post_tag","embeddable":true,"href":"https:\/\/www.immo-invest.ch\/fr\/wp-json\/wp\/v2\/tags?post=130950"}],"curies":[{"name":"wp","href":"https:\/\/api.w.org\/{rel}","templated":true}]}}