{"id":130881,"date":"2025-04-22T14:30:00","date_gmt":"2025-04-22T12:30:00","guid":{"rendered":"https:\/\/www.immo-invest.ch\/gartenstadt-bergacker-wohnen-mit-zukunft\/"},"modified":"2025-04-23T11:21:34","modified_gmt":"2025-04-23T09:21:34","slug":"gartenstadt-bergacker-wohnen-mit-zukunft","status":"publish","type":"post","link":"https:\/\/www.immo-invest.ch\/fr\/gartenstadt-bergacker-wohnen-mit-zukunft\/","title":{"rendered":"Cit\u00e9-jardin Bergacker habiter avec l&rsquo;avenir"},"content":{"rendered":"<p class=\"wp-block-paragraph\">Les b&acirc;timents du lotissement Bergacker, vieux d&rsquo;environ 70 ans, ne sont plus adapt&eacute;s &agrave; notre &eacute;poque et n&eacute;cessitent une r&eacute;novation. Une r&eacute;novation en &eacute;tat d&rsquo;occupation n&rsquo;est pas r&eacute;alisable, c&rsquo;est pourquoi les propri&eacute;taires, Swiss Life pour la partie ouest du site et Habitat 8000 pour la partie est, ont d&eacute;cid&eacute; de construire un nouveau b&acirc;timent de remplacement complet.<\/p>\n\n\n\n\n\n<p class=\"wp-block-paragraph\">Une planification test a &eacute;t&eacute; r&eacute;alis&eacute;e d&egrave;s 2019 afin d&rsquo;&eacute;laborer une solution d&rsquo;urbanisme viable. Le r&eacute;sultat est un concept qui mise sur des b&acirc;timents lin&eacute;aires de quatre &eacute;tages, dispos&eacute;s le long de la pente et cr&eacute;ant de vastes espaces verts. Ces &laquo;&nbsp;cours-jardins&nbsp;&raquo;, d&eacute;velopp&eacute;es par EMI Architekten et Maurus Schifferli Landschaftsarchitekt, renouent avec l&rsquo;id&eacute;e originelle de la cit&eacute;-jardin et favorisent la qualit&eacute; de s&eacute;jour.<\/p>\n\n\n\n\n\n<p class=\"wp-block-paragraph\"><strong>La durabilit&eacute; comme principe directeur<\/strong><br>L&rsquo;ensemble du projet de construction est conforme aux normes de durabilit&eacute; les plus strictes et vise la certification &laquo;&nbsp;or&nbsp;&raquo; du standard Construction durable Suisse. L&rsquo;approvisionnement en &eacute;nergie est assur&eacute; par des pompes &agrave; chaleur &agrave; sondes g&eacute;othermiques et des panneaux photovolta&iuml;ques, ce qui permet au <span class=\"glossaryLink\" aria-describedby=\"tt\" data-cmtooltip=\"&lt;div class=glossaryItemTitle&gt;Quartier&lt;\/div&gt;&lt;div class=glossaryItemBody&gt;Amtliches, historisches, soziales oder stadtplanerisches Stadtviertel&lt;\/div&gt;\" data-mobile-support=\"0\" data-gt-translate-attributes='[{\"attribute\":\"data-cmtooltip\", \"format\":\"html\"}]' tabindex=\"0\" role=\"link\">quartier<\/span> d&rsquo;&ecirc;tre largement autosuffisant en mati&egrave;re d&rsquo;&eacute;nergie renouvelable. Les toits v&eacute;g&eacute;talis&eacute;s et les espaces ext&eacute;rieurs r&eacute;sistants au climat, avec des prairies de fleurs sauvages et des arbres qui font de l&rsquo;ombre, favorisent la biodiversit&eacute;. Parall&egrave;lement, une grande partie des cours de jardin reste non imperm&eacute;abilis&eacute;e afin d&rsquo;am&eacute;liorer la gestion naturelle de l&rsquo;eau.<br>Outre la durabilit&eacute; &eacute;cologique, la composante sociale joue &eacute;galement un r&ocirc;le central. Le nouveau b&acirc;timent cr&eacute;e au total 270 appartements de 1,5 &agrave; 5,5 pi&egrave;ces qui s&rsquo;adressent &agrave; un large public, des c&eacute;libataires aux familles en passant par les personnes &acirc;g&eacute;es. L&rsquo;accent est mis sur un logement abordable, adapt&eacute; &agrave; toutes les &eacute;tapes de la vie.<\/p>\n\n\n\n\n\n<p class=\"wp-block-paragraph\"><strong>Qualit&eacute; de l&rsquo;habitat gr&acirc;ce &agrave; une architecture intelligente<\/strong><br>Les nouveaux b&acirc;timents utilisent de mani&egrave;re optimale la pente du terrain pour offrir un confort d&rsquo;habitation maximal. Du c&ocirc;t&eacute; de la rue, un rez-de-chauss&eacute;e sur&eacute;lev&eacute; et apais&eacute; est cr&eacute;&eacute;, tandis que les pi&egrave;ces c&ocirc;t&eacute; jardin b&eacute;n&eacute;ficient de hauteurs sous plafond g&eacute;n&eacute;reuses et offrent un acc&egrave;s direct aux espaces verts. Les plans d&rsquo;&eacute;tage sont con&ccedil;us de telle sorte que le soleil du matin dans les cuisines et le soleil du soir dans les pi&egrave;ces &agrave; vivre assurent un climat int&eacute;rieur agr&eacute;able. Chaque appartement dispose de deux espaces ext&eacute;rieurs, sous la forme d&rsquo;une loggia, d&rsquo;un balcon ou d&rsquo;une terrasse avec jardin priv&eacute;.<br><br>Une attention particuli&egrave;re a &eacute;t&eacute; port&eacute;e aux espaces communs. Dans le cadre d&rsquo;un processus participatif, les locataires ont exprim&eacute; le souhait de disposer de si&egrave;ges, d&rsquo;aires de jeux, de barbecues et de jardins urbains, qui sont d&eacute;sormais int&eacute;gr&eacute;s dans la planification.<\/p>\n\n\n\n\n\n<p class=\"wp-block-paragraph\"><strong>Une mise en &oelig;uvre &eacute;chelonn&eacute;e pour une transition en douceur<\/strong><br>Afin de permettre aux r&eacute;sidents une transition ordonn&eacute;e, la r&eacute;alisation du nouveau b&acirc;timent se fera en plusieurs &eacute;tapes. D&rsquo;ici fin 2025, la planification du projet de construction devrait &ecirc;tre achev&eacute;e, avant que la premi&egrave;re &eacute;tape de construction ne d&eacute;bute &agrave; partir de 2026. Les premiers b&acirc;timents neufs devraient &ecirc;tre occup&eacute;s en 2028, tandis que les autres phases de construction devraient &ecirc;tre achev&eacute;es d&rsquo;ici 2030.<br><br>Les locataires de Swiss Life seront activement soutenus tout au long du processus. Ils b&eacute;n&eacute;ficient d&rsquo;une aide &agrave; la recherche d&rsquo;un logement, sont prioritaires pour la relocation au sein du <span class=\"glossaryLink\" aria-describedby=\"tt\" data-cmtooltip=\"&lt;div class=glossaryItemTitle&gt;Quartier&lt;\/div&gt;&lt;div class=glossaryItemBody&gt;Amtliches, historisches, soziales oder stadtplanerisches Stadtviertel&lt;\/div&gt;\" data-mobile-support=\"0\" data-gt-translate-attributes='[{\"attribute\":\"data-cmtooltip\", \"format\":\"html\"}]' tabindex=\"0\" role=\"link\">quartier<\/span> et profitent de d&eacute;lais de pr&eacute;avis flexibles.<\/p>\n\n\n\n\n\n<p class=\"wp-block-paragraph\"><strong>Un projet phare pour l&rsquo;habitat durable<\/strong><br>La cit&eacute;-jardin Bergacker devient un <span class=\"glossaryLink\" aria-describedby=\"tt\" data-cmtooltip=\"&lt;div class=glossaryItemTitle&gt;Quartier&lt;\/div&gt;&lt;div class=glossaryItemBody&gt;Amtliches, historisches, soziales oder stadtplanerisches Stadtviertel&lt;\/div&gt;\" data-mobile-support=\"0\" data-gt-translate-attributes='[{\"attribute\":\"data-cmtooltip\", \"format\":\"html\"}]' tabindex=\"0\" role=\"link\">quartier<\/span> d&rsquo;avenir qui allie construction durable, qualit&eacute; de vie &eacute;lev&eacute;e et mixit&eacute; sociale. Gr&acirc;ce &agrave; une planification consciente et &agrave; l&rsquo;implication des locataires, il en r&eacute;sulte un environnement o&ugrave; il fait bon vivre, qui r&eacute;pond &agrave; la fois &agrave; des exigences &eacute;cologiques, &eacute;conomiques et sociales. Le projet envoie un signal fort pour l&rsquo;avenir de l&rsquo;habitat durable dans la ville de Zurich.<\/p>\n\n","protected":false},"excerpt":{"rendered":"<p>La cit\u00e9 Bergacker \u00e0 Zurich-Affoltern sera profond\u00e9ment r\u00e9nov\u00e9e dans les ann\u00e9es \u00e0 venir. Swiss Life et la coop\u00e9rative d&rsquo;habitation Habitat 8000 misent sur un nouveau b\u00e2timent de remplacement qui cr\u00e9e des logements modernes, pr\u00e9serve le caract\u00e8re de la cit\u00e9-jardin et r\u00e9pond aux normes \u00e9cologiques les plus strictes. Le projet allie construction durable, mixit\u00e9 sociale et d\u00e9veloppement du quartier orient\u00e9 vers l&rsquo;avenir. <\/p>\n","protected":false},"author":57,"featured_media":130728,"comment_status":"open","ping_status":"open","sticky":false,"template":"","format":"standard","meta":{"pmpro_default_level":"","inline_featured_image":false,"_monsterinsights_skip_tracking":false,"footnotes":""},"categories":[22699,9824],"tags":[52421,3793,2053,16679,26669,872,3931,2002,4101],"class_list":["post-130881","post","type-post","status-publish","format-standard","has-post-thumbnail","hentry","category-durabilite","category-nouvelle-construction","tag-bezahlbarer-wohnraum-fr","tag-biodiversitaet-fr","tag-energieeffizienz-fr","tag-ersatzneubau-fr","tag-gartenstadt-fr","tag-immoinvest-fr","tag-immonews-fr","tag-news-fr","tag-quartierentwicklung-fr","pmpro-has-access"],"acf":{"bild_mit_ki_erstellt_worden":[],"lead":"La cit\u00e9 Bergacker \u00e0 Zurich-Affoltern sera profond\u00e9ment r\u00e9nov\u00e9e dans les ann\u00e9es \u00e0 venir. Swiss Life et la coop\u00e9rative d'habitation Habitat 8000 misent sur un nouveau b\u00e2timent de remplacement qui cr\u00e9e des logements modernes, pr\u00e9serve le caract\u00e8re de la cit\u00e9-jardin et r\u00e9pond aux normes \u00e9cologiques les plus strictes. Le projet allie construction durable, mixit\u00e9 sociale et d\u00e9veloppement du quartier orient\u00e9 vers l'avenir. ","autor":"Text: Christof Gr\u00fcninger, Bilder: zVg.","ort":"","bildunterschrift":"","bild_im_grid":false,"gallerie":"","newsim":""},"aioseo_notices":[],"aioseo_head":"\n\t\t<!-- All in One SEO 5.0.1.1 - aioseo.com -->\n\t<meta name=\"description\" content=\"La cit\u00e9 Bergacker \u00e0 Zurich-Affoltern sera profond\u00e9ment r\u00e9nov\u00e9e dans les ann\u00e9es \u00e0 venir. Swiss Life et la coop\u00e9rative d&#039;habitation Habitat 8000 misent sur un nouveau b\u00e2timent de remplacement qui cr\u00e9e des logements modernes, pr\u00e9serve le caract\u00e8re de la cit\u00e9-jardin et r\u00e9pond aux normes \u00e9cologiques les plus strictes. Le projet allie construction durable, mixit\u00e9 sociale et d\u00e9veloppement du quartier orient\u00e9 vers l&#039;avenir.\" \/>\n\t<meta name=\"robots\" content=\"max-image-preview:large\" \/>\n\t<meta name=\"author\" content=\"immoinv_redakteur\"\/>\n\t<meta name=\"google-site-verification\" content=\"fHJKvgWpZCR2zVBHWfkQeFXC11qieUSff0HGNYfuyLA\" \/>\n\t<link rel=\"canonical\" href=\"https:\/\/www.immo-invest.ch\/fr\/gartenstadt-bergacker-wohnen-mit-zukunft\/\" \/>\n\t<meta name=\"generator\" content=\"All in One SEO (AIOSEO) 5.0.1.1\" \/>\n\t\t<meta property=\"og:locale\" content=\"fr_FR\" \/>\n\t\t<meta property=\"og:site_name\" content=\"immo!nvest - Die Plattform f\u00fcr Standorte und Immobilien - Die\u00a0Plattform f\u00fcr Standorte und Immobilien\" \/>\n\t\t<meta property=\"og:type\" content=\"article\" \/>\n\t\t<meta property=\"og:title\" content=\"Cit\u00e9-jardin Bergacker habiter avec l\u2019avenir - immo!nvest - Die Plattform f\u00fcr Standorte und Immobilien\" \/>\n\t\t<meta property=\"og:description\" content=\"La cit\u00e9 Bergacker \u00e0 Zurich-Affoltern sera profond\u00e9ment r\u00e9nov\u00e9e dans les ann\u00e9es \u00e0 venir. Swiss Life et la coop\u00e9rative d&#039;habitation Habitat 8000 misent sur un nouveau b\u00e2timent de remplacement qui cr\u00e9e des logements modernes, pr\u00e9serve le caract\u00e8re de la cit\u00e9-jardin et r\u00e9pond aux normes \u00e9cologiques les plus strictes. Le projet allie construction durable, mixit\u00e9 sociale et d\u00e9veloppement du quartier orient\u00e9 vers l&#039;avenir.\" \/>\n\t\t<meta property=\"og:url\" content=\"https:\/\/www.immo-invest.ch\/fr\/gartenstadt-bergacker-wohnen-mit-zukunft\/\" \/>\n\t\t<meta property=\"og:image\" content=\"https:\/\/www.immo-invest.ch\/wp-content\/uploads\/2025\/04\/E2A--e1745318617788.jpg\" \/>\n\t\t<meta property=\"og:image:secure_url\" content=\"https:\/\/www.immo-invest.ch\/wp-content\/uploads\/2025\/04\/E2A--e1745318617788.jpg\" \/>\n\t\t<meta property=\"og:image:width\" content=\"1024\" \/>\n\t\t<meta property=\"og:image:height\" content=\"683\" \/>\n\t\t<meta property=\"article:published_time\" content=\"2025-04-22T12:30:00+00:00\" \/>\n\t\t<meta property=\"article:modified_time\" content=\"2025-04-23T09:21:34+00:00\" \/>\n\t\t<meta property=\"article:publisher\" content=\"https:\/\/www.facebook.com\/people\/Immoinvest\/100077962920504\/\" \/>\n\t\t<meta name=\"twitter:card\" content=\"summary_large_image\" \/>\n\t\t<meta name=\"twitter:site\" content=\"@i\" \/>\n\t\t<meta name=\"twitter:title\" content=\"Cit\u00e9-jardin Bergacker habiter avec l\u2019avenir - immo!nvest - Die Plattform f\u00fcr Standorte und Immobilien\" \/>\n\t\t<meta name=\"twitter:description\" content=\"La cit\u00e9 Bergacker \u00e0 Zurich-Affoltern sera profond\u00e9ment r\u00e9nov\u00e9e dans les ann\u00e9es \u00e0 venir. Swiss Life et la coop\u00e9rative d&#039;habitation Habitat 8000 misent sur un nouveau b\u00e2timent de remplacement qui cr\u00e9e des logements modernes, pr\u00e9serve le caract\u00e8re de la cit\u00e9-jardin et r\u00e9pond aux normes \u00e9cologiques les plus strictes. Le projet allie construction durable, mixit\u00e9 sociale et d\u00e9veloppement du quartier orient\u00e9 vers l&#039;avenir.\" \/>\n\t\t<meta name=\"twitter:creator\" content=\"@i\" \/>\n\t\t<meta name=\"twitter:image\" content=\"https:\/\/www.immo-invest.ch\/wp-content\/uploads\/2025\/04\/E2A--e1745318617788.jpg\" \/>\n\t\t<script type=\"application\/ld+json\" class=\"aioseo-schema\">\n\t\t\t{\"@context\":\"https:\\\/\\\/schema.org\",\"@graph\":[{\"@type\":\"BlogPosting\",\"@id\":\"https:\\\/\\\/www.immo-invest.ch\\\/fr\\\/gartenstadt-bergacker-wohnen-mit-zukunft\\\/#blogposting\",\"name\":\"Cit\\u00e9-jardin Bergacker habiter avec l\\u2019avenir - immo!nvest - Die Plattform f\\u00fcr Standorte und Immobilien\",\"headline\":\"Cit\\u00e9-jardin Bergacker habiter avec l&rsquo;avenir\",\"author\":{\"@id\":\"https:\\\/\\\/www.immo-invest.ch\\\/fr\\\/author\\\/immoinv_redakteur\\\/#author\"},\"publisher\":{\"@id\":\"https:\\\/\\\/www.immo-invest.ch\\\/fr\\\/#organization\"},\"image\":{\"@type\":\"ImageObject\",\"url\":\"https:\\\/\\\/www.immo-invest.ch\\\/wp-content\\\/uploads\\\/2025\\\/04\\\/E2A--e1745318617788.jpg\",\"width\":1024,\"height\":683},\"datePublished\":\"2025-04-22T14:30:00+02:00\",\"dateModified\":\"2025-04-23T11:21:34+02:00\",\"inLanguage\":\"fr-FR\",\"mainEntityOfPage\":{\"@id\":\"https:\\\/\\\/www.immo-invest.ch\\\/fr\\\/gartenstadt-bergacker-wohnen-mit-zukunft\\\/#webpage\"},\"isPartOf\":{\"@id\":\"https:\\\/\\\/www.immo-invest.ch\\\/fr\\\/gartenstadt-bergacker-wohnen-mit-zukunft\\\/#webpage\"},\"articleSection\":\"Durabilit\\u00e9, Nouvelle construction, bezahlbarer Wohnraum, Biodiversit\\u00e4t, Energieeffizienz, Ersatzneubau, Gartenstadt, Immoinvest, immoNews, News, Quartierentwicklung, Facultatif\"},{\"@type\":\"BreadcrumbList\",\"@id\":\"https:\\\/\\\/www.immo-invest.ch\\\/fr\\\/gartenstadt-bergacker-wohnen-mit-zukunft\\\/#breadcrumblist\",\"itemListElement\":[{\"@type\":\"ListItem\",\"@id\":\"https:\\\/\\\/www.immo-invest.ch\\\/fr\\\/#listItem\",\"position\":1,\"name\":\"Home\",\"item\":\"https:\\\/\\\/www.immo-invest.ch\\\/fr\\\/\",\"nextItem\":{\"@type\":\"ListItem\",\"@id\":\"https:\\\/\\\/www.immo-invest.ch\\\/fr\\\/categories\\\/projects\\\/#listItem\",\"name\":\"Projects\"}},{\"@type\":\"ListItem\",\"@id\":\"https:\\\/\\\/www.immo-invest.ch\\\/fr\\\/categories\\\/projects\\\/#listItem\",\"position\":2,\"name\":\"Projects\",\"item\":\"https:\\\/\\\/www.immo-invest.ch\\\/fr\\\/categories\\\/projects\\\/\",\"nextItem\":{\"@type\":\"ListItem\",\"@id\":\"https:\\\/\\\/www.immo-invest.ch\\\/fr\\\/categories\\\/projects\\\/nouvelle-construction\\\/#listItem\",\"name\":\"Nouvelle construction\"},\"previousItem\":{\"@type\":\"ListItem\",\"@id\":\"https:\\\/\\\/www.immo-invest.ch\\\/fr\\\/#listItem\",\"name\":\"Home\"}},{\"@type\":\"ListItem\",\"@id\":\"https:\\\/\\\/www.immo-invest.ch\\\/fr\\\/categories\\\/projects\\\/nouvelle-construction\\\/#listItem\",\"position\":3,\"name\":\"Nouvelle construction\",\"item\":\"https:\\\/\\\/www.immo-invest.ch\\\/fr\\\/categories\\\/projects\\\/nouvelle-construction\\\/\",\"nextItem\":{\"@type\":\"ListItem\",\"@id\":\"https:\\\/\\\/www.immo-invest.ch\\\/fr\\\/gartenstadt-bergacker-wohnen-mit-zukunft\\\/#listItem\",\"name\":\"Cit\\u00e9-jardin Bergacker habiter avec l&rsquo;avenir\"},\"previousItem\":{\"@type\":\"ListItem\",\"@id\":\"https:\\\/\\\/www.immo-invest.ch\\\/fr\\\/categories\\\/projects\\\/#listItem\",\"name\":\"Projects\"}},{\"@type\":\"ListItem\",\"@id\":\"https:\\\/\\\/www.immo-invest.ch\\\/fr\\\/gartenstadt-bergacker-wohnen-mit-zukunft\\\/#listItem\",\"position\":4,\"name\":\"Cit\\u00e9-jardin Bergacker habiter avec l&rsquo;avenir\",\"previousItem\":{\"@type\":\"ListItem\",\"@id\":\"https:\\\/\\\/www.immo-invest.ch\\\/fr\\\/categories\\\/projects\\\/nouvelle-construction\\\/#listItem\",\"name\":\"Nouvelle construction\"}}]},{\"@type\":\"Organization\",\"@id\":\"https:\\\/\\\/www.immo-invest.ch\\\/fr\\\/#organization\",\"name\":\"immo!nvest - Die Plattform f\\u00fcr Standorte und Immobilien\",\"description\":\"Die\\u00a0Plattform f\\u00fcr Standorte und Immobilien\",\"url\":\"https:\\\/\\\/www.immo-invest.ch\\\/fr\\\/\",\"email\":\"admin@immomedia.ag\",\"telephone\":\"+41444420002\",\"logo\":{\"@type\":\"ImageObject\",\"url\":\"https:\\\/\\\/www.immo-invest.ch\\\/wp-content\\\/uploads\\\/2024\\\/09\\\/immoinvest_sm-scaled.jpg\",\"@id\":\"https:\\\/\\\/www.immo-invest.ch\\\/fr\\\/gartenstadt-bergacker-wohnen-mit-zukunft\\\/#organizationLogo\",\"width\":2560,\"height\":1340},\"image\":{\"@id\":\"https:\\\/\\\/www.immo-invest.ch\\\/fr\\\/gartenstadt-bergacker-wohnen-mit-zukunft\\\/#organizationLogo\"},\"sameAs\":[\"https:\\\/\\\/www.facebook.com\\\/people\\\/Immoinvest\\\/100077962920504\\\/\",\"https:\\\/\\\/x.com\\\/i\\\/flow\\\/login?redirect_after_login=immoinvest_ch\",\"https:\\\/\\\/www.instagram.com\\\/immoinvest_ch\\\/\",\"https:\\\/\\\/www.linkedin.com\\\/company\\\/immoinvest-swiss\"]},{\"@type\":\"Person\",\"@id\":\"https:\\\/\\\/www.immo-invest.ch\\\/fr\\\/author\\\/immoinv_redakteur\\\/#author\",\"url\":\"https:\\\/\\\/www.immo-invest.ch\\\/fr\\\/author\\\/immoinv_redakteur\\\/\",\"name\":\"immoinv_redakteur\",\"image\":{\"@type\":\"ImageObject\",\"@id\":\"https:\\\/\\\/www.immo-invest.ch\\\/fr\\\/gartenstadt-bergacker-wohnen-mit-zukunft\\\/#authorImage\",\"url\":\"https:\\\/\\\/secure.gravatar.com\\\/avatar\\\/c880e25d853edfb649661cf7cf8a7571fd0af3883a77197f45a3f15520d284a3?s=96&d=mm&r=g\",\"width\":96,\"height\":96,\"caption\":\"immoinv_redakteur\"}},{\"@type\":\"WebPage\",\"@id\":\"https:\\\/\\\/www.immo-invest.ch\\\/fr\\\/gartenstadt-bergacker-wohnen-mit-zukunft\\\/#webpage\",\"url\":\"https:\\\/\\\/www.immo-invest.ch\\\/fr\\\/gartenstadt-bergacker-wohnen-mit-zukunft\\\/\",\"name\":\"Cit\\u00e9-jardin Bergacker habiter avec l\\u2019avenir - immo!nvest - Die Plattform f\\u00fcr Standorte und Immobilien\",\"description\":\"La cit\\u00e9 Bergacker \\u00e0 Zurich-Affoltern sera profond\\u00e9ment r\\u00e9nov\\u00e9e dans les ann\\u00e9es \\u00e0 venir. Swiss Life et la coop\\u00e9rative d'habitation Habitat 8000 misent sur un nouveau b\\u00e2timent de remplacement qui cr\\u00e9e des logements modernes, pr\\u00e9serve le caract\\u00e8re de la cit\\u00e9-jardin et r\\u00e9pond aux normes \\u00e9cologiques les plus strictes. Le projet allie construction durable, mixit\\u00e9 sociale et d\\u00e9veloppement du quartier orient\\u00e9 vers l'avenir.\",\"inLanguage\":\"fr-FR\",\"isPartOf\":{\"@id\":\"https:\\\/\\\/www.immo-invest.ch\\\/fr\\\/#website\"},\"breadcrumb\":{\"@id\":\"https:\\\/\\\/www.immo-invest.ch\\\/fr\\\/gartenstadt-bergacker-wohnen-mit-zukunft\\\/#breadcrumblist\"},\"author\":{\"@id\":\"https:\\\/\\\/www.immo-invest.ch\\\/fr\\\/author\\\/immoinv_redakteur\\\/#author\"},\"creator\":{\"@id\":\"https:\\\/\\\/www.immo-invest.ch\\\/fr\\\/author\\\/immoinv_redakteur\\\/#author\"},\"image\":{\"@type\":\"ImageObject\",\"url\":\"https:\\\/\\\/www.immo-invest.ch\\\/wp-content\\\/uploads\\\/2025\\\/04\\\/E2A--e1745318617788.jpg\",\"@id\":\"https:\\\/\\\/www.immo-invest.ch\\\/fr\\\/gartenstadt-bergacker-wohnen-mit-zukunft\\\/#mainImage\",\"width\":1024,\"height\":683},\"primaryImageOfPage\":{\"@id\":\"https:\\\/\\\/www.immo-invest.ch\\\/fr\\\/gartenstadt-bergacker-wohnen-mit-zukunft\\\/#mainImage\"},\"datePublished\":\"2025-04-22T14:30:00+02:00\",\"dateModified\":\"2025-04-23T11:21:34+02:00\"},{\"@type\":\"WebSite\",\"@id\":\"https:\\\/\\\/www.immo-invest.ch\\\/fr\\\/#website\",\"url\":\"https:\\\/\\\/www.immo-invest.ch\\\/fr\\\/\",\"name\":\"immo!nvest - Die Plattform f\\u00fcr Standorte und Immobilien\",\"description\":\"Die\\u00a0Plattform f\\u00fcr Standorte und Immobilien\",\"inLanguage\":\"fr-FR\",\"publisher\":{\"@id\":\"https:\\\/\\\/www.immo-invest.ch\\\/fr\\\/#organization\"}}]}\n\t\t<\/script>\n\t\t<!-- All in One SEO -->\n\n","aioseo_head_json":{"title":"Cit\u00e9-jardin Bergacker habiter avec l\u2019avenir - immo!nvest - Die Plattform f\u00fcr Standorte und Immobilien","description":"La cit\u00e9 Bergacker \u00e0 Zurich-Affoltern sera profond\u00e9ment r\u00e9nov\u00e9e dans les ann\u00e9es \u00e0 venir. Swiss Life et la coop\u00e9rative d'habitation Habitat 8000 misent sur un nouveau b\u00e2timent de remplacement qui cr\u00e9e des logements modernes, pr\u00e9serve le caract\u00e8re de la cit\u00e9-jardin et r\u00e9pond aux normes \u00e9cologiques les plus strictes. Le projet allie construction durable, mixit\u00e9 sociale et d\u00e9veloppement du quartier orient\u00e9 vers l'avenir.","canonical_url":"https:\/\/www.immo-invest.ch\/fr\/gartenstadt-bergacker-wohnen-mit-zukunft\/","robots":"max-image-preview:large","keywords":"","webmasterTools":{"google-site-verification":"fHJKvgWpZCR2zVBHWfkQeFXC11qieUSff0HGNYfuyLA","miscellaneous":""},"schema":{"@context":"https:\/\/schema.org","@graph":[{"@type":"BlogPosting","@id":"https:\/\/www.immo-invest.ch\/fr\/gartenstadt-bergacker-wohnen-mit-zukunft\/#blogposting","name":"Cit\u00e9-jardin Bergacker habiter avec l\u2019avenir - immo!nvest - Die Plattform f\u00fcr Standorte und Immobilien","headline":"Cit\u00e9-jardin Bergacker habiter avec l&rsquo;avenir","author":{"@id":"https:\/\/www.immo-invest.ch\/fr\/author\/immoinv_redakteur\/#author"},"publisher":{"@id":"https:\/\/www.immo-invest.ch\/fr\/#organization"},"image":{"@type":"ImageObject","url":"https:\/\/www.immo-invest.ch\/wp-content\/uploads\/2025\/04\/E2A--e1745318617788.jpg","width":1024,"height":683},"datePublished":"2025-04-22T14:30:00+02:00","dateModified":"2025-04-23T11:21:34+02:00","inLanguage":"fr-FR","mainEntityOfPage":{"@id":"https:\/\/www.immo-invest.ch\/fr\/gartenstadt-bergacker-wohnen-mit-zukunft\/#webpage"},"isPartOf":{"@id":"https:\/\/www.immo-invest.ch\/fr\/gartenstadt-bergacker-wohnen-mit-zukunft\/#webpage"},"articleSection":"Durabilit\u00e9, Nouvelle construction, bezahlbarer Wohnraum, Biodiversit\u00e4t, Energieeffizienz, Ersatzneubau, Gartenstadt, Immoinvest, immoNews, News, Quartierentwicklung, Facultatif"},{"@type":"BreadcrumbList","@id":"https:\/\/www.immo-invest.ch\/fr\/gartenstadt-bergacker-wohnen-mit-zukunft\/#breadcrumblist","itemListElement":[{"@type":"ListItem","@id":"https:\/\/www.immo-invest.ch\/fr\/#listItem","position":1,"name":"Home","item":"https:\/\/www.immo-invest.ch\/fr\/","nextItem":{"@type":"ListItem","@id":"https:\/\/www.immo-invest.ch\/fr\/categories\/projects\/#listItem","name":"Projects"}},{"@type":"ListItem","@id":"https:\/\/www.immo-invest.ch\/fr\/categories\/projects\/#listItem","position":2,"name":"Projects","item":"https:\/\/www.immo-invest.ch\/fr\/categories\/projects\/","nextItem":{"@type":"ListItem","@id":"https:\/\/www.immo-invest.ch\/fr\/categories\/projects\/nouvelle-construction\/#listItem","name":"Nouvelle construction"},"previousItem":{"@type":"ListItem","@id":"https:\/\/www.immo-invest.ch\/fr\/#listItem","name":"Home"}},{"@type":"ListItem","@id":"https:\/\/www.immo-invest.ch\/fr\/categories\/projects\/nouvelle-construction\/#listItem","position":3,"name":"Nouvelle construction","item":"https:\/\/www.immo-invest.ch\/fr\/categories\/projects\/nouvelle-construction\/","nextItem":{"@type":"ListItem","@id":"https:\/\/www.immo-invest.ch\/fr\/gartenstadt-bergacker-wohnen-mit-zukunft\/#listItem","name":"Cit\u00e9-jardin Bergacker habiter avec l&rsquo;avenir"},"previousItem":{"@type":"ListItem","@id":"https:\/\/www.immo-invest.ch\/fr\/categories\/projects\/#listItem","name":"Projects"}},{"@type":"ListItem","@id":"https:\/\/www.immo-invest.ch\/fr\/gartenstadt-bergacker-wohnen-mit-zukunft\/#listItem","position":4,"name":"Cit\u00e9-jardin Bergacker habiter avec l&rsquo;avenir","previousItem":{"@type":"ListItem","@id":"https:\/\/www.immo-invest.ch\/fr\/categories\/projects\/nouvelle-construction\/#listItem","name":"Nouvelle construction"}}]},{"@type":"Organization","@id":"https:\/\/www.immo-invest.ch\/fr\/#organization","name":"immo!nvest - Die Plattform f\u00fcr Standorte und Immobilien","description":"Die\u00a0Plattform f\u00fcr Standorte und Immobilien","url":"https:\/\/www.immo-invest.ch\/fr\/","email":"admin@immomedia.ag","telephone":"+41444420002","logo":{"@type":"ImageObject","url":"https:\/\/www.immo-invest.ch\/wp-content\/uploads\/2024\/09\/immoinvest_sm-scaled.jpg","@id":"https:\/\/www.immo-invest.ch\/fr\/gartenstadt-bergacker-wohnen-mit-zukunft\/#organizationLogo","width":2560,"height":1340},"image":{"@id":"https:\/\/www.immo-invest.ch\/fr\/gartenstadt-bergacker-wohnen-mit-zukunft\/#organizationLogo"},"sameAs":["https:\/\/www.facebook.com\/people\/Immoinvest\/100077962920504\/","https:\/\/x.com\/i\/flow\/login?redirect_after_login=immoinvest_ch","https:\/\/www.instagram.com\/immoinvest_ch\/","https:\/\/www.linkedin.com\/company\/immoinvest-swiss"]},{"@type":"Person","@id":"https:\/\/www.immo-invest.ch\/fr\/author\/immoinv_redakteur\/#author","url":"https:\/\/www.immo-invest.ch\/fr\/author\/immoinv_redakteur\/","name":"immoinv_redakteur","image":{"@type":"ImageObject","@id":"https:\/\/www.immo-invest.ch\/fr\/gartenstadt-bergacker-wohnen-mit-zukunft\/#authorImage","url":"https:\/\/secure.gravatar.com\/avatar\/c880e25d853edfb649661cf7cf8a7571fd0af3883a77197f45a3f15520d284a3?s=96&d=mm&r=g","width":96,"height":96,"caption":"immoinv_redakteur"}},{"@type":"WebPage","@id":"https:\/\/www.immo-invest.ch\/fr\/gartenstadt-bergacker-wohnen-mit-zukunft\/#webpage","url":"https:\/\/www.immo-invest.ch\/fr\/gartenstadt-bergacker-wohnen-mit-zukunft\/","name":"Cit\u00e9-jardin Bergacker habiter avec l\u2019avenir - immo!nvest - Die Plattform f\u00fcr Standorte und Immobilien","description":"La cit\u00e9 Bergacker \u00e0 Zurich-Affoltern sera profond\u00e9ment r\u00e9nov\u00e9e dans les ann\u00e9es \u00e0 venir. Swiss Life et la coop\u00e9rative d'habitation Habitat 8000 misent sur un nouveau b\u00e2timent de remplacement qui cr\u00e9e des logements modernes, pr\u00e9serve le caract\u00e8re de la cit\u00e9-jardin et r\u00e9pond aux normes \u00e9cologiques les plus strictes. Le projet allie construction durable, mixit\u00e9 sociale et d\u00e9veloppement du quartier orient\u00e9 vers l'avenir.","inLanguage":"fr-FR","isPartOf":{"@id":"https:\/\/www.immo-invest.ch\/fr\/#website"},"breadcrumb":{"@id":"https:\/\/www.immo-invest.ch\/fr\/gartenstadt-bergacker-wohnen-mit-zukunft\/#breadcrumblist"},"author":{"@id":"https:\/\/www.immo-invest.ch\/fr\/author\/immoinv_redakteur\/#author"},"creator":{"@id":"https:\/\/www.immo-invest.ch\/fr\/author\/immoinv_redakteur\/#author"},"image":{"@type":"ImageObject","url":"https:\/\/www.immo-invest.ch\/wp-content\/uploads\/2025\/04\/E2A--e1745318617788.jpg","@id":"https:\/\/www.immo-invest.ch\/fr\/gartenstadt-bergacker-wohnen-mit-zukunft\/#mainImage","width":1024,"height":683},"primaryImageOfPage":{"@id":"https:\/\/www.immo-invest.ch\/fr\/gartenstadt-bergacker-wohnen-mit-zukunft\/#mainImage"},"datePublished":"2025-04-22T14:30:00+02:00","dateModified":"2025-04-23T11:21:34+02:00"},{"@type":"WebSite","@id":"https:\/\/www.immo-invest.ch\/fr\/#website","url":"https:\/\/www.immo-invest.ch\/fr\/","name":"immo!nvest - Die Plattform f\u00fcr Standorte und Immobilien","description":"Die\u00a0Plattform f\u00fcr Standorte und Immobilien","inLanguage":"fr-FR","publisher":{"@id":"https:\/\/www.immo-invest.ch\/fr\/#organization"}}]},"og:locale":"fr_FR","og:site_name":"immo!nvest - Die Plattform f\u00fcr Standorte und Immobilien - Die\u00a0Plattform f\u00fcr Standorte und Immobilien","og:type":"article","og:title":"Cit\u00e9-jardin Bergacker habiter avec l\u2019avenir - immo!nvest - Die Plattform f\u00fcr Standorte und Immobilien","og:description":"La cit\u00e9 Bergacker \u00e0 Zurich-Affoltern sera profond\u00e9ment r\u00e9nov\u00e9e dans les ann\u00e9es \u00e0 venir. Swiss Life et la coop\u00e9rative d'habitation Habitat 8000 misent sur un nouveau b\u00e2timent de remplacement qui cr\u00e9e des logements modernes, pr\u00e9serve le caract\u00e8re de la cit\u00e9-jardin et r\u00e9pond aux normes \u00e9cologiques les plus strictes. Le projet allie construction durable, mixit\u00e9 sociale et d\u00e9veloppement du quartier orient\u00e9 vers l'avenir.","og:url":"https:\/\/www.immo-invest.ch\/fr\/gartenstadt-bergacker-wohnen-mit-zukunft\/","og:image":"https:\/\/www.immo-invest.ch\/wp-content\/uploads\/2025\/04\/E2A--e1745318617788.jpg","og:image:secure_url":"https:\/\/www.immo-invest.ch\/wp-content\/uploads\/2025\/04\/E2A--e1745318617788.jpg","og:image:width":1024,"og:image:height":683,"article:published_time":"2025-04-22T12:30:00+00:00","article:modified_time":"2025-04-23T09:21:34+00:00","article:publisher":"https:\/\/www.facebook.com\/people\/Immoinvest\/100077962920504\/","twitter:card":"summary_large_image","twitter:site":"@i","twitter:title":"Cit\u00e9-jardin Bergacker habiter avec l\u2019avenir - immo!nvest - Die Plattform f\u00fcr Standorte und Immobilien","twitter:description":"La cit\u00e9 Bergacker \u00e0 Zurich-Affoltern sera profond\u00e9ment r\u00e9nov\u00e9e dans les ann\u00e9es \u00e0 venir. Swiss Life et la coop\u00e9rative d'habitation Habitat 8000 misent sur un nouveau b\u00e2timent de remplacement qui cr\u00e9e des logements modernes, pr\u00e9serve le caract\u00e8re de la cit\u00e9-jardin et r\u00e9pond aux normes \u00e9cologiques les plus strictes. Le projet allie construction durable, mixit\u00e9 sociale et d\u00e9veloppement du quartier orient\u00e9 vers l'avenir.","twitter:creator":"@i","twitter:image":"https:\/\/www.immo-invest.ch\/wp-content\/uploads\/2025\/04\/E2A--e1745318617788.jpg"},"aioseo_meta_data":{"post_id":"130881","title":null,"description":null,"keywords":null,"keyphrases":{"focus":{"keyphrase":"","score":0,"analysis":{"keyphraseInTitle":{"score":0,"maxScore":9,"error":1}}},"additional":[]},"primary_term":null,"canonical_url":null,"og_title":null,"og_description":null,"og_object_type":"default","og_image_type":"default","og_image_url":null,"og_image_width":null,"og_image_height":null,"og_image_custom_url":null,"og_image_custom_fields":null,"og_video":"","og_custom_url":null,"og_article_section":null,"og_article_tags":null,"twitter_use_og":false,"twitter_card":"default","twitter_image_type":"default","twitter_image_url":null,"twitter_image_custom_url":null,"twitter_image_custom_fields":null,"twitter_title":null,"twitter_description":null,"schema":{"blockGraphs":[],"customGraphs":[],"default":{"data":{"Article":[],"Course":[],"Dataset":[],"FAQPage":[],"Movie":[],"Person":[],"Product":[],"ProductReview":[],"Car":[],"Recipe":[],"Service":[],"SoftwareApplication":[],"WebPage":[]},"graphName":"BlogPosting","isEnabled":true},"graphs":[]},"schema_type":"default","schema_type_options":null,"pillar_content":false,"robots_default":true,"robots_noindex":false,"robots_noarchive":false,"robots_nosnippet":false,"robots_nofollow":false,"robots_noimageindex":false,"robots_noodp":false,"robots_notranslate":false,"robots_max_snippet":"-1","robots_max_videopreview":"-1","robots_max_imagepreview":"large","priority":null,"frequency":"default","local_seo":null,"breadcrumb_settings":null,"limit_modified_date":false,"ai":null,"created":"2025-04-23 09:21:34","updated":"2025-10-24 19:31:14","seo_analyzer_scan_date":null,"focus_keyword":null,"additional_keywords":null,"truseo_locale":null},"aioseo_breadcrumb":"<div class=\"aioseo-breadcrumbs\"><span class=\"aioseo-breadcrumb\">\n\t\t\t<a href=\"https:\/\/www.immo-invest.ch\/fr\/\" title=\"Home\">Home<\/a>\n\t\t<\/span><span class=\"aioseo-breadcrumb-separator\">&raquo;<\/span><span class=\"aioseo-breadcrumb\">\n\t\t\t<a href=\"https:\/\/www.immo-invest.ch\/fr\/categories\/projects\/\" title=\"Projects\">Projects<\/a>\n\t\t<\/span><span class=\"aioseo-breadcrumb-separator\">&raquo;<\/span><span class=\"aioseo-breadcrumb\">\n\t\t\t<a href=\"https:\/\/www.immo-invest.ch\/fr\/categories\/projects\/nouvelle-construction\/\" title=\"Nouvelle construction\">Nouvelle construction<\/a>\n\t\t<\/span><span class=\"aioseo-breadcrumb-separator\">&raquo;<\/span><span class=\"aioseo-breadcrumb\">\n\t\t\tCit\u00e9-jardin Bergacker habiter avec l\u2019avenir\n\t\t<\/span><\/div>","aioseo_breadcrumb_json":[{"label":"Home","link":"https:\/\/www.immo-invest.ch\/fr\/"},{"label":"Projects","link":"https:\/\/www.immo-invest.ch\/fr\/categories\/projects\/"},{"label":"Nouvelle construction","link":"https:\/\/www.immo-invest.ch\/fr\/categories\/projects\/nouvelle-construction\/"},{"label":"Cit\u00e9-jardin Bergacker habiter avec l&rsquo;avenir","link":"https:\/\/www.immo-invest.ch\/fr\/gartenstadt-bergacker-wohnen-mit-zukunft\/"}],"featured_image_src":"https:\/\/www.immo-invest.ch\/wp-content\/uploads\/2025\/04\/E2A--336x168.jpg","_links":{"self":[{"href":"https:\/\/www.immo-invest.ch\/fr\/wp-json\/wp\/v2\/posts\/130881","targetHints":{"allow":["GET"]}}],"collection":[{"href":"https:\/\/www.immo-invest.ch\/fr\/wp-json\/wp\/v2\/posts"}],"about":[{"href":"https:\/\/www.immo-invest.ch\/fr\/wp-json\/wp\/v2\/types\/post"}],"author":[{"embeddable":true,"href":"https:\/\/www.immo-invest.ch\/fr\/wp-json\/wp\/v2\/users\/57"}],"replies":[{"embeddable":true,"href":"https:\/\/www.immo-invest.ch\/fr\/wp-json\/wp\/v2\/comments?post=130881"}],"version-history":[{"count":0,"href":"https:\/\/www.immo-invest.ch\/fr\/wp-json\/wp\/v2\/posts\/130881\/revisions"}],"wp:featuredmedia":[{"embeddable":true,"href":"https:\/\/www.immo-invest.ch\/fr\/wp-json\/wp\/v2\/media\/130728"}],"wp:attachment":[{"href":"https:\/\/www.immo-invest.ch\/fr\/wp-json\/wp\/v2\/media?parent=130881"}],"wp:term":[{"taxonomy":"category","embeddable":true,"href":"https:\/\/www.immo-invest.ch\/fr\/wp-json\/wp\/v2\/categories?post=130881"},{"taxonomy":"post_tag","embeddable":true,"href":"https:\/\/www.immo-invest.ch\/fr\/wp-json\/wp\/v2\/tags?post=130881"}],"curies":[{"name":"wp","href":"https:\/\/api.w.org\/{rel}","templated":true}]}}