{"id":129899,"date":"2026-04-27T13:11:44","date_gmt":"2026-04-27T11:11:44","guid":{"rendered":"https:\/\/www.immo-invest.ch\/?p=129899"},"modified":"2026-04-27T13:11:44","modified_gmt":"2026-04-27T11:11:44","slug":"neubau-verbindet-lager-bueroflaechen-und-solaranlage","status":"publish","type":"post","link":"https:\/\/www.immo-invest.ch\/fr\/neubau-verbindet-lager-bueroflaechen-und-solaranlage\/","title":{"rendered":"Un nouveau b\u00e2timent combine un entrep\u00f4t, des bureaux et une installation solaire"},"content":{"rendered":"<p class=\"bodytext\"><a href=\"https:\/\/www.dbschenker.com\/ch-de\/\" target=\"_blank\" rel=\"noopener\">Schenker Suisse SA<\/a> a donn&eacute; le 1er avril 2025 le premier coup de pioche pour l&rsquo;extension du terminal national de transport &agrave; Eiken. Comme l&rsquo;indique un <a href=\"https:\/\/www.dbschenker.com\/ch-de\/insights\/news-stories\/presseinformationen\/schenker-schweiz-ag-feiert-1855590\" target=\"_blank\" rel=\"noopener\">communiqu&eacute;<\/a>, le terminal doit &ecirc;tre agrandi de 9800 m&egrave;tres carr&eacute;s pour atteindre 15 400 m&egrave;tres carr&eacute;s. Le nouvel entrep&ocirc;t de transbordement est pr&eacute;vu avec un garage souterrain de deux niveaux de 4900 m&egrave;tres carr&eacute;s chacun. Au premier &eacute;tage, il est pr&eacute;vu d&rsquo;am&eacute;nager une aile de bureaux avec des installations sociales.<\/p>\n<p class=\"bodytext\">Le toit du nouveau b&acirc;timent, qui doit &ecirc;tre construit selon des directives modernes, sera &eacute;quip&eacute; d&rsquo;une installation photovolta&iuml;que qui alimentera &eacute;galement des stations de recharge pour les camions &eacute;lectriques. Le ma&icirc;tre d&rsquo;&oelig;uvre de la construction est la <a href=\"https:\/\/www.tierstein.ch\/#\" target=\"_blank\" rel=\"noopener\">soci&eacute;t&eacute; Tierstein AG<\/a>, responsable de l&rsquo;ensemble de la planification et de la r&eacute;alisation.<\/p>\n<p class=\"bodytext\">&laquo;&nbsp;Avec cette extension moderne, Schenker dispose de capacit&eacute;s suppl&eacute;mentaires pour continuer &agrave; d&eacute;velopper son r&eacute;seau de transport terrestre&nbsp;&raquo;, d&eacute;clare Basaran Yildirim, Head of Land Transport de Schenker Suisse SA, cit&eacute; dans le communiqu&eacute;. &laquo;&nbsp;Nous remercions la commune d&rsquo;Eiken pour sa confiance ainsi que pour la collaboration avec toutes les parties prenantes au projet&nbsp;&raquo;<\/p>\n<p class=\"bodytext\">Le site d&rsquo;Eiken joue un r&ocirc;le central pour la logistique de Schenker en ce qui concerne l&rsquo;importation et l&rsquo;exportation par voie terrestre en raison de sa bonne desserte &agrave; la fronti&egrave;re nord-ouest de la Suisse.<\/p>\n","protected":false},"excerpt":{"rendered":"<p>Schenker Suisse SA a commenc\u00e9 \u00e0 agrandir son terminal de transport national \u00e0 Eiken. Il est pr\u00e9vu d&rsquo;augmenter la surface totale du terminal de 9800 m\u00e8tres carr\u00e9s pour atteindre un total de 15 400 m\u00e8tres carr\u00e9s. Outre les surfaces de stockage, une installation photovolta\u00efque et des stations de recharge pour les camions \u00e9lectriques seront mises en place.<\/p>\n","protected":false},"author":2,"featured_media":129887,"comment_status":"open","ping_status":"open","sticky":false,"template":"","format":"standard","meta":{"pmpro_default_level":"","inline_featured_image":false,"_monsterinsights_skip_tracking":false,"footnotes":""},"categories":[9430,743,9824],"tags":[872,3931,19153,2002,873,52445],"class_list":["post-129899","post","type-post","status-publish","format-standard","has-post-thumbnail","hentry","category-business-fr","category-immonews-fr","category-nouvelle-construction","tag-immoinvest-fr","tag-immonews-fr","tag-logistikzentrum-fr","tag-news-fr","tag-photovoltaik-fr","tag-terminalerweiterung-fr","pmpro-has-access"],"acf":{"bild_mit_ki_erstellt_worden":[],"lead":"Schenker Suisse SA a commenc\u00e9 \u00e0 agrandir son terminal de transport national \u00e0 Eiken. Il est pr\u00e9vu d'augmenter la surface totale du terminal de 9800 m\u00e8tres carr\u00e9s pour atteindre un total de 15 400 m\u00e8tres carr\u00e9s. Outre les surfaces de stockage, une installation photovolta\u00efque et des stations de recharge pour les camions \u00e9lectriques seront mises en place.","autor":"ce\/ww","ort":"Z\u00fcrich\/Eiken AG","bildunterschrift":"","bild_im_grid":false,"gallerie":"","newsim":""},"aioseo_notices":[],"aioseo_head":"\n\t\t<!-- All in One SEO 5.0.0.1 - aioseo.com -->\n\t<meta name=\"description\" content=\"Schenker Suisse SA a commenc\u00e9 \u00e0 agrandir son terminal de transport national \u00e0 Eiken. Il est pr\u00e9vu d&#039;augmenter la surface totale du terminal de 9800 m\u00e8tres carr\u00e9s pour atteindre un total de 15 400 m\u00e8tres carr\u00e9s. Outre les surfaces de stockage, une installation photovolta\u00efque et des stations de recharge pour les camions \u00e9lectriques seront mises en place.\" \/>\n\t<meta name=\"robots\" content=\"max-image-preview:large\" \/>\n\t<meta name=\"author\" content=\"immovestuser\"\/>\n\t<meta name=\"google-site-verification\" content=\"fHJKvgWpZCR2zVBHWfkQeFXC11qieUSff0HGNYfuyLA\" \/>\n\t<link rel=\"canonical\" href=\"https:\/\/www.immo-invest.ch\/fr\/neubau-verbindet-lager-bueroflaechen-und-solaranlage\/\" \/>\n\t<meta name=\"generator\" content=\"All in One SEO (AIOSEO) 5.0.0.1\" \/>\n\t\t<meta property=\"og:locale\" content=\"fr_FR\" \/>\n\t\t<meta property=\"og:site_name\" content=\"immo!nvest - Die Plattform f\u00fcr Standorte und Immobilien - Die\u00a0Plattform f\u00fcr Standorte und Immobilien\" \/>\n\t\t<meta property=\"og:type\" content=\"article\" \/>\n\t\t<meta property=\"og:title\" content=\"Un nouveau b\u00e2timent combine un entrep\u00f4t, des bureaux et une installation solaire - immo!nvest - Die Plattform f\u00fcr Standorte und Immobilien\" \/>\n\t\t<meta property=\"og:description\" content=\"Schenker Suisse SA a commenc\u00e9 \u00e0 agrandir son terminal de transport national \u00e0 Eiken. Il est pr\u00e9vu d&#039;augmenter la surface totale du terminal de 9800 m\u00e8tres carr\u00e9s pour atteindre un total de 15 400 m\u00e8tres carr\u00e9s. Outre les surfaces de stockage, une installation photovolta\u00efque et des stations de recharge pour les camions \u00e9lectriques seront mises en place.\" \/>\n\t\t<meta property=\"og:url\" content=\"https:\/\/www.immo-invest.ch\/fr\/neubau-verbindet-lager-bueroflaechen-und-solaranlage\/\" \/>\n\t\t<meta property=\"og:image\" content=\"https:\/\/www.immo-invest.ch\/wp-content\/uploads\/2025\/04\/banoviag_modern_logistics_terminal_under_construction_in_a_semi_033434ad-195c-4a5f-a231-8c2073019c00.webp\" \/>\n\t\t<meta property=\"og:image:secure_url\" content=\"https:\/\/www.immo-invest.ch\/wp-content\/uploads\/2025\/04\/banoviag_modern_logistics_terminal_under_construction_in_a_semi_033434ad-195c-4a5f-a231-8c2073019c00.webp\" \/>\n\t\t<meta property=\"og:image:width\" content=\"1726\" \/>\n\t\t<meta property=\"og:image:height\" content=\"863\" \/>\n\t\t<meta property=\"article:published_time\" content=\"2026-04-27T11:11:44+00:00\" \/>\n\t\t<meta property=\"article:modified_time\" content=\"2026-04-27T11:11:44+00:00\" \/>\n\t\t<meta property=\"article:publisher\" content=\"https:\/\/www.facebook.com\/people\/Immoinvest\/100077962920504\/\" \/>\n\t\t<meta name=\"twitter:card\" content=\"summary_large_image\" \/>\n\t\t<meta name=\"twitter:site\" content=\"@i\" \/>\n\t\t<meta name=\"twitter:title\" content=\"Un nouveau b\u00e2timent combine un entrep\u00f4t, des bureaux et une installation solaire - immo!nvest - Die Plattform f\u00fcr Standorte und Immobilien\" \/>\n\t\t<meta name=\"twitter:description\" content=\"Schenker Suisse SA a commenc\u00e9 \u00e0 agrandir son terminal de transport national \u00e0 Eiken. Il est pr\u00e9vu d&#039;augmenter la surface totale du terminal de 9800 m\u00e8tres carr\u00e9s pour atteindre un total de 15 400 m\u00e8tres carr\u00e9s. Outre les surfaces de stockage, une installation photovolta\u00efque et des stations de recharge pour les camions \u00e9lectriques seront mises en place.\" \/>\n\t\t<meta name=\"twitter:creator\" content=\"@i\" \/>\n\t\t<meta name=\"twitter:image\" content=\"https:\/\/www.immo-invest.ch\/wp-content\/uploads\/2025\/04\/banoviag_modern_logistics_terminal_under_construction_in_a_semi_033434ad-195c-4a5f-a231-8c2073019c00.webp\" \/>\n\t\t<script type=\"application\/ld+json\" class=\"aioseo-schema\">\n\t\t\t{\"@context\":\"https:\\\/\\\/schema.org\",\"@graph\":[{\"@type\":\"BlogPosting\",\"@id\":\"https:\\\/\\\/www.immo-invest.ch\\\/fr\\\/neubau-verbindet-lager-bueroflaechen-und-solaranlage\\\/#blogposting\",\"name\":\"Un nouveau b\\u00e2timent combine un entrep\\u00f4t, des bureaux et une installation solaire - immo!nvest - Die Plattform f\\u00fcr Standorte und Immobilien\",\"headline\":\"Un nouveau b\\u00e2timent combine un entrep\\u00f4t, des bureaux et une installation solaire\",\"author\":{\"@id\":\"https:\\\/\\\/www.immo-invest.ch\\\/fr\\\/author\\\/immovestuser\\\/#author\"},\"publisher\":{\"@id\":\"https:\\\/\\\/www.immo-invest.ch\\\/fr\\\/#organization\"},\"image\":{\"@type\":\"ImageObject\",\"url\":\"https:\\\/\\\/www.immo-invest.ch\\\/wp-content\\\/uploads\\\/2025\\\/04\\\/banoviag_modern_logistics_terminal_under_construction_in_a_semi_033434ad-195c-4a5f-a231-8c2073019c00.webp\",\"width\":1726,\"height\":863},\"datePublished\":\"2026-04-27T13:11:44+02:00\",\"dateModified\":\"2026-04-27T13:11:44+02:00\",\"inLanguage\":\"fr-FR\",\"mainEntityOfPage\":{\"@id\":\"https:\\\/\\\/www.immo-invest.ch\\\/fr\\\/neubau-verbindet-lager-bueroflaechen-und-solaranlage\\\/#webpage\"},\"isPartOf\":{\"@id\":\"https:\\\/\\\/www.immo-invest.ch\\\/fr\\\/neubau-verbindet-lager-bueroflaechen-und-solaranlage\\\/#webpage\"},\"articleSection\":\"Business, immoNews, Nouvelle construction, Immoinvest, immoNews, Logistikzentrum, News, Photovoltaik, Terminalerweiterung, Facultatif\"},{\"@type\":\"BreadcrumbList\",\"@id\":\"https:\\\/\\\/www.immo-invest.ch\\\/fr\\\/neubau-verbindet-lager-bueroflaechen-und-solaranlage\\\/#breadcrumblist\",\"itemListElement\":[{\"@type\":\"ListItem\",\"@id\":\"https:\\\/\\\/www.immo-invest.ch\\\/fr\\\/#listItem\",\"position\":1,\"name\":\"Home\",\"item\":\"https:\\\/\\\/www.immo-invest.ch\\\/fr\\\/\",\"nextItem\":{\"@type\":\"ListItem\",\"@id\":\"https:\\\/\\\/www.immo-invest.ch\\\/fr\\\/categories\\\/projects\\\/#listItem\",\"name\":\"Projects\"}},{\"@type\":\"ListItem\",\"@id\":\"https:\\\/\\\/www.immo-invest.ch\\\/fr\\\/categories\\\/projects\\\/#listItem\",\"position\":2,\"name\":\"Projects\",\"item\":\"https:\\\/\\\/www.immo-invest.ch\\\/fr\\\/categories\\\/projects\\\/\",\"nextItem\":{\"@type\":\"ListItem\",\"@id\":\"https:\\\/\\\/www.immo-invest.ch\\\/fr\\\/categories\\\/projects\\\/nouvelle-construction\\\/#listItem\",\"name\":\"Nouvelle construction\"},\"previousItem\":{\"@type\":\"ListItem\",\"@id\":\"https:\\\/\\\/www.immo-invest.ch\\\/fr\\\/#listItem\",\"name\":\"Home\"}},{\"@type\":\"ListItem\",\"@id\":\"https:\\\/\\\/www.immo-invest.ch\\\/fr\\\/categories\\\/projects\\\/nouvelle-construction\\\/#listItem\",\"position\":3,\"name\":\"Nouvelle construction\",\"item\":\"https:\\\/\\\/www.immo-invest.ch\\\/fr\\\/categories\\\/projects\\\/nouvelle-construction\\\/\",\"nextItem\":{\"@type\":\"ListItem\",\"@id\":\"https:\\\/\\\/www.immo-invest.ch\\\/fr\\\/neubau-verbindet-lager-bueroflaechen-und-solaranlage\\\/#listItem\",\"name\":\"Un nouveau b\\u00e2timent combine un entrep\\u00f4t, des bureaux et une installation solaire\"},\"previousItem\":{\"@type\":\"ListItem\",\"@id\":\"https:\\\/\\\/www.immo-invest.ch\\\/fr\\\/categories\\\/projects\\\/#listItem\",\"name\":\"Projects\"}},{\"@type\":\"ListItem\",\"@id\":\"https:\\\/\\\/www.immo-invest.ch\\\/fr\\\/neubau-verbindet-lager-bueroflaechen-und-solaranlage\\\/#listItem\",\"position\":4,\"name\":\"Un nouveau b\\u00e2timent combine un entrep\\u00f4t, des bureaux et une installation solaire\",\"previousItem\":{\"@type\":\"ListItem\",\"@id\":\"https:\\\/\\\/www.immo-invest.ch\\\/fr\\\/categories\\\/projects\\\/nouvelle-construction\\\/#listItem\",\"name\":\"Nouvelle construction\"}}]},{\"@type\":\"Organization\",\"@id\":\"https:\\\/\\\/www.immo-invest.ch\\\/fr\\\/#organization\",\"name\":\"immo!nvest - Die Plattform f\\u00fcr Standorte und Immobilien\",\"description\":\"Die\\u00a0Plattform f\\u00fcr Standorte und Immobilien\",\"url\":\"https:\\\/\\\/www.immo-invest.ch\\\/fr\\\/\",\"email\":\"admin@immomedia.ag\",\"telephone\":\"+41444420002\",\"logo\":{\"@type\":\"ImageObject\",\"url\":\"https:\\\/\\\/www.immo-invest.ch\\\/wp-content\\\/uploads\\\/2024\\\/09\\\/immoinvest_sm-scaled.jpg\",\"@id\":\"https:\\\/\\\/www.immo-invest.ch\\\/fr\\\/neubau-verbindet-lager-bueroflaechen-und-solaranlage\\\/#organizationLogo\",\"width\":2560,\"height\":1340},\"image\":{\"@id\":\"https:\\\/\\\/www.immo-invest.ch\\\/fr\\\/neubau-verbindet-lager-bueroflaechen-und-solaranlage\\\/#organizationLogo\"},\"sameAs\":[\"https:\\\/\\\/www.facebook.com\\\/people\\\/Immoinvest\\\/100077962920504\\\/\",\"https:\\\/\\\/x.com\\\/i\\\/flow\\\/login?redirect_after_login=immoinvest_ch\",\"https:\\\/\\\/www.instagram.com\\\/immoinvest_ch\\\/\",\"https:\\\/\\\/www.linkedin.com\\\/company\\\/immoinvest-swiss\"]},{\"@type\":\"Person\",\"@id\":\"https:\\\/\\\/www.immo-invest.ch\\\/fr\\\/author\\\/immovestuser\\\/#author\",\"url\":\"https:\\\/\\\/www.immo-invest.ch\\\/fr\\\/author\\\/immovestuser\\\/\",\"name\":\"immovestuser\",\"image\":{\"@type\":\"ImageObject\",\"@id\":\"https:\\\/\\\/www.immo-invest.ch\\\/fr\\\/neubau-verbindet-lager-bueroflaechen-und-solaranlage\\\/#authorImage\",\"url\":\"https:\\\/\\\/secure.gravatar.com\\\/avatar\\\/8e01f4d99f2eeea7a362ebb93305e1172a70e9293ba250f897a65c39f54cdd1e?s=96&d=mm&r=g\",\"width\":96,\"height\":96,\"caption\":\"immovestuser\"}},{\"@type\":\"WebPage\",\"@id\":\"https:\\\/\\\/www.immo-invest.ch\\\/fr\\\/neubau-verbindet-lager-bueroflaechen-und-solaranlage\\\/#webpage\",\"url\":\"https:\\\/\\\/www.immo-invest.ch\\\/fr\\\/neubau-verbindet-lager-bueroflaechen-und-solaranlage\\\/\",\"name\":\"Un nouveau b\\u00e2timent combine un entrep\\u00f4t, des bureaux et une installation solaire - immo!nvest - Die Plattform f\\u00fcr Standorte und Immobilien\",\"description\":\"Schenker Suisse SA a commenc\\u00e9 \\u00e0 agrandir son terminal de transport national \\u00e0 Eiken. Il est pr\\u00e9vu d'augmenter la surface totale du terminal de 9800 m\\u00e8tres carr\\u00e9s pour atteindre un total de 15 400 m\\u00e8tres carr\\u00e9s. Outre les surfaces de stockage, une installation photovolta\\u00efque et des stations de recharge pour les camions \\u00e9lectriques seront mises en place.\",\"inLanguage\":\"fr-FR\",\"isPartOf\":{\"@id\":\"https:\\\/\\\/www.immo-invest.ch\\\/fr\\\/#website\"},\"breadcrumb\":{\"@id\":\"https:\\\/\\\/www.immo-invest.ch\\\/fr\\\/neubau-verbindet-lager-bueroflaechen-und-solaranlage\\\/#breadcrumblist\"},\"author\":{\"@id\":\"https:\\\/\\\/www.immo-invest.ch\\\/fr\\\/author\\\/immovestuser\\\/#author\"},\"creator\":{\"@id\":\"https:\\\/\\\/www.immo-invest.ch\\\/fr\\\/author\\\/immovestuser\\\/#author\"},\"image\":{\"@type\":\"ImageObject\",\"url\":\"https:\\\/\\\/www.immo-invest.ch\\\/wp-content\\\/uploads\\\/2025\\\/04\\\/banoviag_modern_logistics_terminal_under_construction_in_a_semi_033434ad-195c-4a5f-a231-8c2073019c00.webp\",\"@id\":\"https:\\\/\\\/www.immo-invest.ch\\\/fr\\\/neubau-verbindet-lager-bueroflaechen-und-solaranlage\\\/#mainImage\",\"width\":1726,\"height\":863},\"primaryImageOfPage\":{\"@id\":\"https:\\\/\\\/www.immo-invest.ch\\\/fr\\\/neubau-verbindet-lager-bueroflaechen-und-solaranlage\\\/#mainImage\"},\"datePublished\":\"2026-04-27T13:11:44+02:00\",\"dateModified\":\"2026-04-27T13:11:44+02:00\"},{\"@type\":\"WebSite\",\"@id\":\"https:\\\/\\\/www.immo-invest.ch\\\/fr\\\/#website\",\"url\":\"https:\\\/\\\/www.immo-invest.ch\\\/fr\\\/\",\"name\":\"immo!nvest - Die Plattform f\\u00fcr Standorte und Immobilien\",\"description\":\"Die\\u00a0Plattform f\\u00fcr Standorte und Immobilien\",\"inLanguage\":\"fr-FR\",\"publisher\":{\"@id\":\"https:\\\/\\\/www.immo-invest.ch\\\/fr\\\/#organization\"}}]}\n\t\t<\/script>\n\t\t<!-- All in One SEO -->\n\n","aioseo_head_json":{"title":"Un nouveau b\u00e2timent combine un entrep\u00f4t, des bureaux et une installation solaire - immo!nvest - Die Plattform f\u00fcr Standorte und Immobilien","description":"Schenker Suisse SA a commenc\u00e9 \u00e0 agrandir son terminal de transport national \u00e0 Eiken. Il est pr\u00e9vu d'augmenter la surface totale du terminal de 9800 m\u00e8tres carr\u00e9s pour atteindre un total de 15 400 m\u00e8tres carr\u00e9s. Outre les surfaces de stockage, une installation photovolta\u00efque et des stations de recharge pour les camions \u00e9lectriques seront mises en place.","canonical_url":"https:\/\/www.immo-invest.ch\/fr\/neubau-verbindet-lager-bueroflaechen-und-solaranlage\/","robots":"max-image-preview:large","keywords":"","webmasterTools":{"google-site-verification":"fHJKvgWpZCR2zVBHWfkQeFXC11qieUSff0HGNYfuyLA","miscellaneous":""},"schema":{"@context":"https:\/\/schema.org","@graph":[{"@type":"BlogPosting","@id":"https:\/\/www.immo-invest.ch\/fr\/neubau-verbindet-lager-bueroflaechen-und-solaranlage\/#blogposting","name":"Un nouveau b\u00e2timent combine un entrep\u00f4t, des bureaux et une installation solaire - immo!nvest - Die Plattform f\u00fcr Standorte und Immobilien","headline":"Un nouveau b\u00e2timent combine un entrep\u00f4t, des bureaux et une installation solaire","author":{"@id":"https:\/\/www.immo-invest.ch\/fr\/author\/immovestuser\/#author"},"publisher":{"@id":"https:\/\/www.immo-invest.ch\/fr\/#organization"},"image":{"@type":"ImageObject","url":"https:\/\/www.immo-invest.ch\/wp-content\/uploads\/2025\/04\/banoviag_modern_logistics_terminal_under_construction_in_a_semi_033434ad-195c-4a5f-a231-8c2073019c00.webp","width":1726,"height":863},"datePublished":"2026-04-27T13:11:44+02:00","dateModified":"2026-04-27T13:11:44+02:00","inLanguage":"fr-FR","mainEntityOfPage":{"@id":"https:\/\/www.immo-invest.ch\/fr\/neubau-verbindet-lager-bueroflaechen-und-solaranlage\/#webpage"},"isPartOf":{"@id":"https:\/\/www.immo-invest.ch\/fr\/neubau-verbindet-lager-bueroflaechen-und-solaranlage\/#webpage"},"articleSection":"Business, immoNews, Nouvelle construction, Immoinvest, immoNews, Logistikzentrum, News, Photovoltaik, Terminalerweiterung, Facultatif"},{"@type":"BreadcrumbList","@id":"https:\/\/www.immo-invest.ch\/fr\/neubau-verbindet-lager-bueroflaechen-und-solaranlage\/#breadcrumblist","itemListElement":[{"@type":"ListItem","@id":"https:\/\/www.immo-invest.ch\/fr\/#listItem","position":1,"name":"Home","item":"https:\/\/www.immo-invest.ch\/fr\/","nextItem":{"@type":"ListItem","@id":"https:\/\/www.immo-invest.ch\/fr\/categories\/projects\/#listItem","name":"Projects"}},{"@type":"ListItem","@id":"https:\/\/www.immo-invest.ch\/fr\/categories\/projects\/#listItem","position":2,"name":"Projects","item":"https:\/\/www.immo-invest.ch\/fr\/categories\/projects\/","nextItem":{"@type":"ListItem","@id":"https:\/\/www.immo-invest.ch\/fr\/categories\/projects\/nouvelle-construction\/#listItem","name":"Nouvelle construction"},"previousItem":{"@type":"ListItem","@id":"https:\/\/www.immo-invest.ch\/fr\/#listItem","name":"Home"}},{"@type":"ListItem","@id":"https:\/\/www.immo-invest.ch\/fr\/categories\/projects\/nouvelle-construction\/#listItem","position":3,"name":"Nouvelle construction","item":"https:\/\/www.immo-invest.ch\/fr\/categories\/projects\/nouvelle-construction\/","nextItem":{"@type":"ListItem","@id":"https:\/\/www.immo-invest.ch\/fr\/neubau-verbindet-lager-bueroflaechen-und-solaranlage\/#listItem","name":"Un nouveau b\u00e2timent combine un entrep\u00f4t, des bureaux et une installation solaire"},"previousItem":{"@type":"ListItem","@id":"https:\/\/www.immo-invest.ch\/fr\/categories\/projects\/#listItem","name":"Projects"}},{"@type":"ListItem","@id":"https:\/\/www.immo-invest.ch\/fr\/neubau-verbindet-lager-bueroflaechen-und-solaranlage\/#listItem","position":4,"name":"Un nouveau b\u00e2timent combine un entrep\u00f4t, des bureaux et une installation solaire","previousItem":{"@type":"ListItem","@id":"https:\/\/www.immo-invest.ch\/fr\/categories\/projects\/nouvelle-construction\/#listItem","name":"Nouvelle construction"}}]},{"@type":"Organization","@id":"https:\/\/www.immo-invest.ch\/fr\/#organization","name":"immo!nvest - Die Plattform f\u00fcr Standorte und Immobilien","description":"Die\u00a0Plattform f\u00fcr Standorte und Immobilien","url":"https:\/\/www.immo-invest.ch\/fr\/","email":"admin@immomedia.ag","telephone":"+41444420002","logo":{"@type":"ImageObject","url":"https:\/\/www.immo-invest.ch\/wp-content\/uploads\/2024\/09\/immoinvest_sm-scaled.jpg","@id":"https:\/\/www.immo-invest.ch\/fr\/neubau-verbindet-lager-bueroflaechen-und-solaranlage\/#organizationLogo","width":2560,"height":1340},"image":{"@id":"https:\/\/www.immo-invest.ch\/fr\/neubau-verbindet-lager-bueroflaechen-und-solaranlage\/#organizationLogo"},"sameAs":["https:\/\/www.facebook.com\/people\/Immoinvest\/100077962920504\/","https:\/\/x.com\/i\/flow\/login?redirect_after_login=immoinvest_ch","https:\/\/www.instagram.com\/immoinvest_ch\/","https:\/\/www.linkedin.com\/company\/immoinvest-swiss"]},{"@type":"Person","@id":"https:\/\/www.immo-invest.ch\/fr\/author\/immovestuser\/#author","url":"https:\/\/www.immo-invest.ch\/fr\/author\/immovestuser\/","name":"immovestuser","image":{"@type":"ImageObject","@id":"https:\/\/www.immo-invest.ch\/fr\/neubau-verbindet-lager-bueroflaechen-und-solaranlage\/#authorImage","url":"https:\/\/secure.gravatar.com\/avatar\/8e01f4d99f2eeea7a362ebb93305e1172a70e9293ba250f897a65c39f54cdd1e?s=96&d=mm&r=g","width":96,"height":96,"caption":"immovestuser"}},{"@type":"WebPage","@id":"https:\/\/www.immo-invest.ch\/fr\/neubau-verbindet-lager-bueroflaechen-und-solaranlage\/#webpage","url":"https:\/\/www.immo-invest.ch\/fr\/neubau-verbindet-lager-bueroflaechen-und-solaranlage\/","name":"Un nouveau b\u00e2timent combine un entrep\u00f4t, des bureaux et une installation solaire - immo!nvest - Die Plattform f\u00fcr Standorte und Immobilien","description":"Schenker Suisse SA a commenc\u00e9 \u00e0 agrandir son terminal de transport national \u00e0 Eiken. Il est pr\u00e9vu d'augmenter la surface totale du terminal de 9800 m\u00e8tres carr\u00e9s pour atteindre un total de 15 400 m\u00e8tres carr\u00e9s. Outre les surfaces de stockage, une installation photovolta\u00efque et des stations de recharge pour les camions \u00e9lectriques seront mises en place.","inLanguage":"fr-FR","isPartOf":{"@id":"https:\/\/www.immo-invest.ch\/fr\/#website"},"breadcrumb":{"@id":"https:\/\/www.immo-invest.ch\/fr\/neubau-verbindet-lager-bueroflaechen-und-solaranlage\/#breadcrumblist"},"author":{"@id":"https:\/\/www.immo-invest.ch\/fr\/author\/immovestuser\/#author"},"creator":{"@id":"https:\/\/www.immo-invest.ch\/fr\/author\/immovestuser\/#author"},"image":{"@type":"ImageObject","url":"https:\/\/www.immo-invest.ch\/wp-content\/uploads\/2025\/04\/banoviag_modern_logistics_terminal_under_construction_in_a_semi_033434ad-195c-4a5f-a231-8c2073019c00.webp","@id":"https:\/\/www.immo-invest.ch\/fr\/neubau-verbindet-lager-bueroflaechen-und-solaranlage\/#mainImage","width":1726,"height":863},"primaryImageOfPage":{"@id":"https:\/\/www.immo-invest.ch\/fr\/neubau-verbindet-lager-bueroflaechen-und-solaranlage\/#mainImage"},"datePublished":"2026-04-27T13:11:44+02:00","dateModified":"2026-04-27T13:11:44+02:00"},{"@type":"WebSite","@id":"https:\/\/www.immo-invest.ch\/fr\/#website","url":"https:\/\/www.immo-invest.ch\/fr\/","name":"immo!nvest - Die Plattform f\u00fcr Standorte und Immobilien","description":"Die\u00a0Plattform f\u00fcr Standorte und Immobilien","inLanguage":"fr-FR","publisher":{"@id":"https:\/\/www.immo-invest.ch\/fr\/#organization"}}]},"og:locale":"fr_FR","og:site_name":"immo!nvest - Die Plattform f\u00fcr Standorte und Immobilien - Die\u00a0Plattform f\u00fcr Standorte und Immobilien","og:type":"article","og:title":"Un nouveau b\u00e2timent combine un entrep\u00f4t, des bureaux et une installation solaire - immo!nvest - Die Plattform f\u00fcr Standorte und Immobilien","og:description":"Schenker Suisse SA a commenc\u00e9 \u00e0 agrandir son terminal de transport national \u00e0 Eiken. Il est pr\u00e9vu d'augmenter la surface totale du terminal de 9800 m\u00e8tres carr\u00e9s pour atteindre un total de 15 400 m\u00e8tres carr\u00e9s. Outre les surfaces de stockage, une installation photovolta\u00efque et des stations de recharge pour les camions \u00e9lectriques seront mises en place.","og:url":"https:\/\/www.immo-invest.ch\/fr\/neubau-verbindet-lager-bueroflaechen-und-solaranlage\/","og:image":"https:\/\/www.immo-invest.ch\/wp-content\/uploads\/2025\/04\/banoviag_modern_logistics_terminal_under_construction_in_a_semi_033434ad-195c-4a5f-a231-8c2073019c00.webp","og:image:secure_url":"https:\/\/www.immo-invest.ch\/wp-content\/uploads\/2025\/04\/banoviag_modern_logistics_terminal_under_construction_in_a_semi_033434ad-195c-4a5f-a231-8c2073019c00.webp","og:image:width":1726,"og:image:height":863,"article:published_time":"2026-04-27T11:11:44+00:00","article:modified_time":"2026-04-27T11:11:44+00:00","article:publisher":"https:\/\/www.facebook.com\/people\/Immoinvest\/100077962920504\/","twitter:card":"summary_large_image","twitter:site":"@i","twitter:title":"Un nouveau b\u00e2timent combine un entrep\u00f4t, des bureaux et une installation solaire - immo!nvest - Die Plattform f\u00fcr Standorte und Immobilien","twitter:description":"Schenker Suisse SA a commenc\u00e9 \u00e0 agrandir son terminal de transport national \u00e0 Eiken. Il est pr\u00e9vu d'augmenter la surface totale du terminal de 9800 m\u00e8tres carr\u00e9s pour atteindre un total de 15 400 m\u00e8tres carr\u00e9s. Outre les surfaces de stockage, une installation photovolta\u00efque et des stations de recharge pour les camions \u00e9lectriques seront mises en place.","twitter:creator":"@i","twitter:image":"https:\/\/www.immo-invest.ch\/wp-content\/uploads\/2025\/04\/banoviag_modern_logistics_terminal_under_construction_in_a_semi_033434ad-195c-4a5f-a231-8c2073019c00.webp"},"aioseo_meta_data":{"post_id":"129899","title":null,"description":null,"keywords":null,"keyphrases":{"focus":{"keyphrase":"","score":0,"analysis":{"keyphraseInTitle":{"score":0,"maxScore":9,"error":1}}},"additional":[]},"primary_term":null,"canonical_url":null,"og_title":null,"og_description":null,"og_object_type":"default","og_image_type":"default","og_image_url":null,"og_image_width":null,"og_image_height":null,"og_image_custom_url":null,"og_image_custom_fields":null,"og_video":"","og_custom_url":null,"og_article_section":null,"og_article_tags":null,"twitter_use_og":false,"twitter_card":"default","twitter_image_type":"default","twitter_image_url":null,"twitter_image_custom_url":null,"twitter_image_custom_fields":null,"twitter_title":null,"twitter_description":null,"schema":{"blockGraphs":[],"customGraphs":[],"default":{"data":{"Article":[],"Course":[],"Dataset":[],"FAQPage":[],"Movie":[],"Person":[],"Product":[],"ProductReview":[],"Car":[],"Recipe":[],"Service":[],"SoftwareApplication":[],"WebPage":[]},"graphName":"BlogPosting","isEnabled":true},"graphs":[]},"schema_type":"default","schema_type_options":null,"pillar_content":false,"robots_default":true,"robots_noindex":false,"robots_noarchive":false,"robots_nosnippet":false,"robots_nofollow":false,"robots_noimageindex":false,"robots_noodp":false,"robots_notranslate":false,"robots_max_snippet":"-1","robots_max_videopreview":"-1","robots_max_imagepreview":"large","priority":null,"frequency":"default","local_seo":null,"breadcrumb_settings":null,"limit_modified_date":false,"ai":null,"created":"2025-04-04 14:18:05","updated":"2026-04-27 11:48:29","seo_analyzer_scan_date":null,"focus_keyword":null,"additional_keywords":null,"truseo_locale":null},"aioseo_breadcrumb":"<div class=\"aioseo-breadcrumbs\"><span class=\"aioseo-breadcrumb\">\n\t\t\t<a href=\"https:\/\/www.immo-invest.ch\/fr\/\" title=\"Home\">Home<\/a>\n\t\t<\/span><span class=\"aioseo-breadcrumb-separator\">&raquo;<\/span><span class=\"aioseo-breadcrumb\">\n\t\t\t<a href=\"https:\/\/www.immo-invest.ch\/fr\/categories\/projects\/\" title=\"Projects\">Projects<\/a>\n\t\t<\/span><span class=\"aioseo-breadcrumb-separator\">&raquo;<\/span><span class=\"aioseo-breadcrumb\">\n\t\t\t<a href=\"https:\/\/www.immo-invest.ch\/fr\/categories\/projects\/nouvelle-construction\/\" title=\"Nouvelle construction\">Nouvelle construction<\/a>\n\t\t<\/span><span class=\"aioseo-breadcrumb-separator\">&raquo;<\/span><span class=\"aioseo-breadcrumb\">\n\t\t\tUn nouveau b\u00e2timent combine un entrep\u00f4t, des bureaux et une installation solaire\n\t\t<\/span><\/div>","aioseo_breadcrumb_json":[{"label":"Home","link":"https:\/\/www.immo-invest.ch\/fr\/"},{"label":"Projects","link":"https:\/\/www.immo-invest.ch\/fr\/categories\/projects\/"},{"label":"Nouvelle construction","link":"https:\/\/www.immo-invest.ch\/fr\/categories\/projects\/nouvelle-construction\/"},{"label":"Un nouveau b\u00e2timent combine un entrep\u00f4t, des bureaux et une installation solaire","link":"https:\/\/www.immo-invest.ch\/fr\/neubau-verbindet-lager-bueroflaechen-und-solaranlage\/"}],"featured_image_src":"https:\/\/www.immo-invest.ch\/wp-content\/uploads\/2025\/04\/banoviag_modern_logistics_terminal_under_construction_in_a_semi_033434ad-195c-4a5f-a231-8c2073019c00-336x168.webp","_links":{"self":[{"href":"https:\/\/www.immo-invest.ch\/fr\/wp-json\/wp\/v2\/posts\/129899","targetHints":{"allow":["GET"]}}],"collection":[{"href":"https:\/\/www.immo-invest.ch\/fr\/wp-json\/wp\/v2\/posts"}],"about":[{"href":"https:\/\/www.immo-invest.ch\/fr\/wp-json\/wp\/v2\/types\/post"}],"author":[{"embeddable":true,"href":"https:\/\/www.immo-invest.ch\/fr\/wp-json\/wp\/v2\/users\/2"}],"replies":[{"embeddable":true,"href":"https:\/\/www.immo-invest.ch\/fr\/wp-json\/wp\/v2\/comments?post=129899"}],"version-history":[{"count":1,"href":"https:\/\/www.immo-invest.ch\/fr\/wp-json\/wp\/v2\/posts\/129899\/revisions"}],"predecessor-version":[{"id":155413,"href":"https:\/\/www.immo-invest.ch\/fr\/wp-json\/wp\/v2\/posts\/129899\/revisions\/155413"}],"wp:featuredmedia":[{"embeddable":true,"href":"https:\/\/www.immo-invest.ch\/fr\/wp-json\/wp\/v2\/media\/129887"}],"wp:attachment":[{"href":"https:\/\/www.immo-invest.ch\/fr\/wp-json\/wp\/v2\/media?parent=129899"}],"wp:term":[{"taxonomy":"category","embeddable":true,"href":"https:\/\/www.immo-invest.ch\/fr\/wp-json\/wp\/v2\/categories?post=129899"},{"taxonomy":"post_tag","embeddable":true,"href":"https:\/\/www.immo-invest.ch\/fr\/wp-json\/wp\/v2\/tags?post=129899"}],"curies":[{"name":"wp","href":"https:\/\/api.w.org\/{rel}","templated":true}]}}