{"id":129896,"date":"2025-04-17T08:09:53","date_gmt":"2025-04-17T06:09:53","guid":{"rendered":"https:\/\/www.immo-invest.ch\/?p=129896"},"modified":"2025-04-04T16:17:53","modified_gmt":"2025-04-04T14:17:53","slug":"ausbau-start-des-hauptsitzes-noch-in-diesem-jahr","status":"publish","type":"post","link":"https:\/\/www.immo-invest.ch\/fr\/ausbau-start-des-hauptsitzes-noch-in-diesem-jahr\/","title":{"rendered":"D\u00e9but de l&rsquo;expansion du si\u00e8ge social cette ann\u00e9e"},"content":{"rendered":"<p class=\"bodytext\">La <a href=\"https:\/\/www.css.ch\/de\/ueber-css.html\" target=\"_blank\" rel=\"noopener\">CSS<\/a> pr&eacute;voit de commencer les travaux de construction pour l&rsquo;extension de son si&egrave;ge principal &agrave; la Tribschenstrasse &agrave; Lucerne au quatri&egrave;me trimestre de cette ann&eacute;e. La demande de permis de construire sera d&eacute;pos&eacute;e d&eacute;but avril, selon l&rsquo;assurance maladie, accidents et choses lucernoise cit&eacute;e dans un <a href=\"https:\/\/www.luzernerzeitung.ch\/zentralschweiz\/stadt-region-luzern\/stadt-luzern-ausbau-des-css-hauptsitzes-im-tribschen-soll-noch-dieses-jahr-starten-ld.2754224\" target=\"_blank\" rel=\"noopener\">rapport<\/a> de la &laquo;&nbsp;Luzerner Zeitung&nbsp;&raquo;. Vers la fin 2027, la nouvelle construction et la r&eacute;novation du b&acirc;timent commercial acquis par la CSS en 2015 devraient &ecirc;tre termin&eacute;es.<\/p>\n<p class=\"bodytext\">La CSS veut utiliser presque toutes les surfaces de la nouvelle construction et du b&acirc;timent commercial pour ses propres besoins. Seul un bistrot est pr&eacute;vu en plus au rez-de-chauss&eacute;e du b&acirc;timent commercial. Le montant des co&ucirc;ts de construction n&rsquo;est pas communiqu&eacute; par la CSS, du moins &agrave; l&rsquo;heure actuelle.<\/p>\n<p class=\"bodytext\">Le concept d&rsquo;extension du si&egrave;ge principal de la CSS repose sur un projet de <a href=\"https:\/\/www.dienerdiener.ch\/de\/\" target=\"_blank\" rel=\"noopener\">Diener und Diener Architekten<\/a>. Le bureau d&rsquo;architectes b&acirc;lois s&rsquo;&eacute;tait impos&eacute; face &agrave; neuf concurrents lors d&rsquo;un concours organis&eacute; par la CSS. Le projet Lambris qui a remport&eacute; le concours pr&eacute;voit que le b&acirc;timent commercial, class&eacute; comme digne de protection, soit englob&eacute; dans l&rsquo;extension.<\/p>\n","protected":false},"excerpt":{"rendered":"<p>La CSS d\u00e9pose d\u00e9but avril la demande de permis de construire pour l&rsquo;extension de son si\u00e8ge principal \u00e0 Lucerne. Les travaux de construction devraient commencer au quatri\u00e8me trimestre 2025. Fin 2027, l&rsquo;assurance-maladie, accidents et choses veut pouvoir emm\u00e9nager dans ses nouveaux locaux.<\/p>\n","protected":false},"author":2,"featured_media":123090,"comment_status":"open","ping_status":"open","sticky":false,"template":"","format":"standard","meta":{"pmpro_default_level":"","inline_featured_image":false,"_monsterinsights_skip_tracking":false,"footnotes":""},"categories":[22696,743,9824],"tags":[3501,2209,5717,3607,848,872,3931,2002],"class_list":["post-129896","post","type-post","status-publish","format-standard","has-post-thumbnail","hentry","category-entreprise","category-immonews-fr","category-nouvelle-construction","tag-bauarbeiten-fr","tag-bauwesen-fr","tag-gebaeude-fr","tag-hauptsitz-fr","tag-immobilien-fr","tag-immoinvest-fr","tag-immonews-fr","tag-news-fr","pmpro-has-access"],"acf":{"bild_mit_ki_erstellt_worden":[],"lead":"La CSS d\u00e9pose d\u00e9but avril la demande de permis de construire pour l'extension de son si\u00e8ge principal \u00e0 Lucerne. Les travaux de construction devraient commencer au quatri\u00e8me trimestre 2025. Fin 2027, l'assurance-maladie, accidents et choses veut pouvoir emm\u00e9nager dans ses nouveaux locaux.","autor":"ce\/hs","ort":"Luzern","bildunterschrift":"","bild_im_grid":false,"gallerie":"","newsim":""},"aioseo_notices":[],"aioseo_head":"\n\t\t<!-- All in One SEO 5.0.1.1 - aioseo.com -->\n\t<meta name=\"description\" content=\"La CSS d\u00e9pose d\u00e9but avril la demande de permis de construire pour l&#039;extension de son si\u00e8ge principal \u00e0 Lucerne. Les travaux de construction devraient commencer au quatri\u00e8me trimestre 2025. Fin 2027, l&#039;assurance-maladie, accidents et choses veut pouvoir emm\u00e9nager dans ses nouveaux locaux.\" \/>\n\t<meta name=\"robots\" content=\"max-image-preview:large\" \/>\n\t<meta name=\"author\" content=\"immovestuser\"\/>\n\t<meta name=\"google-site-verification\" content=\"fHJKvgWpZCR2zVBHWfkQeFXC11qieUSff0HGNYfuyLA\" \/>\n\t<link rel=\"canonical\" href=\"https:\/\/www.immo-invest.ch\/fr\/ausbau-start-des-hauptsitzes-noch-in-diesem-jahr\/\" \/>\n\t<meta name=\"generator\" content=\"All in One SEO (AIOSEO) 5.0.1.1\" \/>\n\t\t<meta property=\"og:locale\" content=\"fr_FR\" \/>\n\t\t<meta property=\"og:site_name\" content=\"immo!nvest - Die Plattform f\u00fcr Standorte und Immobilien - Die\u00a0Plattform f\u00fcr Standorte und Immobilien\" \/>\n\t\t<meta property=\"og:type\" content=\"article\" \/>\n\t\t<meta property=\"og:title\" content=\"D\u00e9but de l\u2019expansion du si\u00e8ge social cette ann\u00e9e - immo!nvest - Die Plattform f\u00fcr Standorte und Immobilien\" \/>\n\t\t<meta property=\"og:description\" content=\"La CSS d\u00e9pose d\u00e9but avril la demande de permis de construire pour l&#039;extension de son si\u00e8ge principal \u00e0 Lucerne. Les travaux de construction devraient commencer au quatri\u00e8me trimestre 2025. Fin 2027, l&#039;assurance-maladie, accidents et choses veut pouvoir emm\u00e9nager dans ses nouveaux locaux.\" \/>\n\t\t<meta property=\"og:url\" content=\"https:\/\/www.immo-invest.ch\/fr\/ausbau-start-des-hauptsitzes-noch-in-diesem-jahr\/\" \/>\n\t\t<meta property=\"og:image\" content=\"https:\/\/www.immo-invest.ch\/wp-content\/uploads\/2025\/01\/Baustelle_Stadt_Bau_urban.webp\" \/>\n\t\t<meta property=\"og:image:secure_url\" content=\"https:\/\/www.immo-invest.ch\/wp-content\/uploads\/2025\/01\/Baustelle_Stadt_Bau_urban.webp\" \/>\n\t\t<meta property=\"og:image:width\" content=\"1204\" \/>\n\t\t<meta property=\"og:image:height\" content=\"675\" \/>\n\t\t<meta property=\"article:published_time\" content=\"2025-04-17T06:09:53+00:00\" \/>\n\t\t<meta property=\"article:modified_time\" content=\"2025-04-04T14:17:53+00:00\" \/>\n\t\t<meta property=\"article:publisher\" content=\"https:\/\/www.facebook.com\/people\/Immoinvest\/100077962920504\/\" \/>\n\t\t<meta name=\"twitter:card\" content=\"summary_large_image\" \/>\n\t\t<meta name=\"twitter:site\" content=\"@i\" \/>\n\t\t<meta name=\"twitter:title\" content=\"D\u00e9but de l\u2019expansion du si\u00e8ge social cette ann\u00e9e - immo!nvest - Die Plattform f\u00fcr Standorte und Immobilien\" \/>\n\t\t<meta name=\"twitter:description\" content=\"La CSS d\u00e9pose d\u00e9but avril la demande de permis de construire pour l&#039;extension de son si\u00e8ge principal \u00e0 Lucerne. Les travaux de construction devraient commencer au quatri\u00e8me trimestre 2025. Fin 2027, l&#039;assurance-maladie, accidents et choses veut pouvoir emm\u00e9nager dans ses nouveaux locaux.\" \/>\n\t\t<meta name=\"twitter:creator\" content=\"@i\" \/>\n\t\t<meta name=\"twitter:image\" content=\"https:\/\/www.immo-invest.ch\/wp-content\/uploads\/2025\/01\/Baustelle_Stadt_Bau_urban.webp\" \/>\n\t\t<script type=\"application\/ld+json\" class=\"aioseo-schema\">\n\t\t\t{\"@context\":\"https:\\\/\\\/schema.org\",\"@graph\":[{\"@type\":\"BlogPosting\",\"@id\":\"https:\\\/\\\/www.immo-invest.ch\\\/fr\\\/ausbau-start-des-hauptsitzes-noch-in-diesem-jahr\\\/#blogposting\",\"name\":\"D\\u00e9but de l\\u2019expansion du si\\u00e8ge social cette ann\\u00e9e - immo!nvest - Die Plattform f\\u00fcr Standorte und Immobilien\",\"headline\":\"D\\u00e9but de l&rsquo;expansion du si\\u00e8ge social cette ann\\u00e9e\",\"author\":{\"@id\":\"https:\\\/\\\/www.immo-invest.ch\\\/fr\\\/author\\\/immovestuser\\\/#author\"},\"publisher\":{\"@id\":\"https:\\\/\\\/www.immo-invest.ch\\\/fr\\\/#organization\"},\"image\":{\"@type\":\"ImageObject\",\"url\":\"https:\\\/\\\/www.immo-invest.ch\\\/wp-content\\\/uploads\\\/2025\\\/01\\\/Baustelle_Stadt_Bau_urban.webp\",\"width\":1204,\"height\":675},\"datePublished\":\"2025-04-17T08:09:53+02:00\",\"dateModified\":\"2025-04-04T16:17:53+02:00\",\"inLanguage\":\"fr-FR\",\"mainEntityOfPage\":{\"@id\":\"https:\\\/\\\/www.immo-invest.ch\\\/fr\\\/ausbau-start-des-hauptsitzes-noch-in-diesem-jahr\\\/#webpage\"},\"isPartOf\":{\"@id\":\"https:\\\/\\\/www.immo-invest.ch\\\/fr\\\/ausbau-start-des-hauptsitzes-noch-in-diesem-jahr\\\/#webpage\"},\"articleSection\":\"Entreprise, immoNews, Nouvelle construction, Bauarbeiten, Bauwesen, Geb\\u00e4ude, Hauptsitz, immobilien, Immoinvest, immoNews, News, Facultatif\"},{\"@type\":\"BreadcrumbList\",\"@id\":\"https:\\\/\\\/www.immo-invest.ch\\\/fr\\\/ausbau-start-des-hauptsitzes-noch-in-diesem-jahr\\\/#breadcrumblist\",\"itemListElement\":[{\"@type\":\"ListItem\",\"@id\":\"https:\\\/\\\/www.immo-invest.ch\\\/fr\\\/#listItem\",\"position\":1,\"name\":\"Home\",\"item\":\"https:\\\/\\\/www.immo-invest.ch\\\/fr\\\/\",\"nextItem\":{\"@type\":\"ListItem\",\"@id\":\"https:\\\/\\\/www.immo-invest.ch\\\/fr\\\/categories\\\/projects\\\/#listItem\",\"name\":\"Projects\"}},{\"@type\":\"ListItem\",\"@id\":\"https:\\\/\\\/www.immo-invest.ch\\\/fr\\\/categories\\\/projects\\\/#listItem\",\"position\":2,\"name\":\"Projects\",\"item\":\"https:\\\/\\\/www.immo-invest.ch\\\/fr\\\/categories\\\/projects\\\/\",\"nextItem\":{\"@type\":\"ListItem\",\"@id\":\"https:\\\/\\\/www.immo-invest.ch\\\/fr\\\/categories\\\/projects\\\/nouvelle-construction\\\/#listItem\",\"name\":\"Nouvelle construction\"},\"previousItem\":{\"@type\":\"ListItem\",\"@id\":\"https:\\\/\\\/www.immo-invest.ch\\\/fr\\\/#listItem\",\"name\":\"Home\"}},{\"@type\":\"ListItem\",\"@id\":\"https:\\\/\\\/www.immo-invest.ch\\\/fr\\\/categories\\\/projects\\\/nouvelle-construction\\\/#listItem\",\"position\":3,\"name\":\"Nouvelle construction\",\"item\":\"https:\\\/\\\/www.immo-invest.ch\\\/fr\\\/categories\\\/projects\\\/nouvelle-construction\\\/\",\"nextItem\":{\"@type\":\"ListItem\",\"@id\":\"https:\\\/\\\/www.immo-invest.ch\\\/fr\\\/ausbau-start-des-hauptsitzes-noch-in-diesem-jahr\\\/#listItem\",\"name\":\"D\\u00e9but de l&rsquo;expansion du si\\u00e8ge social cette ann\\u00e9e\"},\"previousItem\":{\"@type\":\"ListItem\",\"@id\":\"https:\\\/\\\/www.immo-invest.ch\\\/fr\\\/categories\\\/projects\\\/#listItem\",\"name\":\"Projects\"}},{\"@type\":\"ListItem\",\"@id\":\"https:\\\/\\\/www.immo-invest.ch\\\/fr\\\/ausbau-start-des-hauptsitzes-noch-in-diesem-jahr\\\/#listItem\",\"position\":4,\"name\":\"D\\u00e9but de l&rsquo;expansion du si\\u00e8ge social cette ann\\u00e9e\",\"previousItem\":{\"@type\":\"ListItem\",\"@id\":\"https:\\\/\\\/www.immo-invest.ch\\\/fr\\\/categories\\\/projects\\\/nouvelle-construction\\\/#listItem\",\"name\":\"Nouvelle construction\"}}]},{\"@type\":\"Organization\",\"@id\":\"https:\\\/\\\/www.immo-invest.ch\\\/fr\\\/#organization\",\"name\":\"immo!nvest - Die Plattform f\\u00fcr Standorte und Immobilien\",\"description\":\"Die\\u00a0Plattform f\\u00fcr Standorte und Immobilien\",\"url\":\"https:\\\/\\\/www.immo-invest.ch\\\/fr\\\/\",\"email\":\"admin@immomedia.ag\",\"telephone\":\"+41444420002\",\"logo\":{\"@type\":\"ImageObject\",\"url\":\"https:\\\/\\\/www.immo-invest.ch\\\/wp-content\\\/uploads\\\/2024\\\/09\\\/immoinvest_sm-scaled.jpg\",\"@id\":\"https:\\\/\\\/www.immo-invest.ch\\\/fr\\\/ausbau-start-des-hauptsitzes-noch-in-diesem-jahr\\\/#organizationLogo\",\"width\":2560,\"height\":1340},\"image\":{\"@id\":\"https:\\\/\\\/www.immo-invest.ch\\\/fr\\\/ausbau-start-des-hauptsitzes-noch-in-diesem-jahr\\\/#organizationLogo\"},\"sameAs\":[\"https:\\\/\\\/www.facebook.com\\\/people\\\/Immoinvest\\\/100077962920504\\\/\",\"https:\\\/\\\/x.com\\\/i\\\/flow\\\/login?redirect_after_login=immoinvest_ch\",\"https:\\\/\\\/www.instagram.com\\\/immoinvest_ch\\\/\",\"https:\\\/\\\/www.linkedin.com\\\/company\\\/immoinvest-swiss\"]},{\"@type\":\"Person\",\"@id\":\"https:\\\/\\\/www.immo-invest.ch\\\/fr\\\/author\\\/immovestuser\\\/#author\",\"url\":\"https:\\\/\\\/www.immo-invest.ch\\\/fr\\\/author\\\/immovestuser\\\/\",\"name\":\"immovestuser\",\"image\":{\"@type\":\"ImageObject\",\"@id\":\"https:\\\/\\\/www.immo-invest.ch\\\/fr\\\/ausbau-start-des-hauptsitzes-noch-in-diesem-jahr\\\/#authorImage\",\"url\":\"https:\\\/\\\/secure.gravatar.com\\\/avatar\\\/8e01f4d99f2eeea7a362ebb93305e1172a70e9293ba250f897a65c39f54cdd1e?s=96&d=mm&r=g\",\"width\":96,\"height\":96,\"caption\":\"immovestuser\"}},{\"@type\":\"WebPage\",\"@id\":\"https:\\\/\\\/www.immo-invest.ch\\\/fr\\\/ausbau-start-des-hauptsitzes-noch-in-diesem-jahr\\\/#webpage\",\"url\":\"https:\\\/\\\/www.immo-invest.ch\\\/fr\\\/ausbau-start-des-hauptsitzes-noch-in-diesem-jahr\\\/\",\"name\":\"D\\u00e9but de l\\u2019expansion du si\\u00e8ge social cette ann\\u00e9e - immo!nvest - Die Plattform f\\u00fcr Standorte und Immobilien\",\"description\":\"La CSS d\\u00e9pose d\\u00e9but avril la demande de permis de construire pour l'extension de son si\\u00e8ge principal \\u00e0 Lucerne. Les travaux de construction devraient commencer au quatri\\u00e8me trimestre 2025. Fin 2027, l'assurance-maladie, accidents et choses veut pouvoir emm\\u00e9nager dans ses nouveaux locaux.\",\"inLanguage\":\"fr-FR\",\"isPartOf\":{\"@id\":\"https:\\\/\\\/www.immo-invest.ch\\\/fr\\\/#website\"},\"breadcrumb\":{\"@id\":\"https:\\\/\\\/www.immo-invest.ch\\\/fr\\\/ausbau-start-des-hauptsitzes-noch-in-diesem-jahr\\\/#breadcrumblist\"},\"author\":{\"@id\":\"https:\\\/\\\/www.immo-invest.ch\\\/fr\\\/author\\\/immovestuser\\\/#author\"},\"creator\":{\"@id\":\"https:\\\/\\\/www.immo-invest.ch\\\/fr\\\/author\\\/immovestuser\\\/#author\"},\"image\":{\"@type\":\"ImageObject\",\"url\":\"https:\\\/\\\/www.immo-invest.ch\\\/wp-content\\\/uploads\\\/2025\\\/01\\\/Baustelle_Stadt_Bau_urban.webp\",\"@id\":\"https:\\\/\\\/www.immo-invest.ch\\\/fr\\\/ausbau-start-des-hauptsitzes-noch-in-diesem-jahr\\\/#mainImage\",\"width\":1204,\"height\":675},\"primaryImageOfPage\":{\"@id\":\"https:\\\/\\\/www.immo-invest.ch\\\/fr\\\/ausbau-start-des-hauptsitzes-noch-in-diesem-jahr\\\/#mainImage\"},\"datePublished\":\"2025-04-17T08:09:53+02:00\",\"dateModified\":\"2025-04-04T16:17:53+02:00\"},{\"@type\":\"WebSite\",\"@id\":\"https:\\\/\\\/www.immo-invest.ch\\\/fr\\\/#website\",\"url\":\"https:\\\/\\\/www.immo-invest.ch\\\/fr\\\/\",\"name\":\"immo!nvest - Die Plattform f\\u00fcr Standorte und Immobilien\",\"description\":\"Die\\u00a0Plattform f\\u00fcr Standorte und Immobilien\",\"inLanguage\":\"fr-FR\",\"publisher\":{\"@id\":\"https:\\\/\\\/www.immo-invest.ch\\\/fr\\\/#organization\"}}]}\n\t\t<\/script>\n\t\t<!-- All in One SEO -->\n\n","aioseo_head_json":{"title":"D\u00e9but de l\u2019expansion du si\u00e8ge social cette ann\u00e9e - immo!nvest - Die Plattform f\u00fcr Standorte und Immobilien","description":"La CSS d\u00e9pose d\u00e9but avril la demande de permis de construire pour l'extension de son si\u00e8ge principal \u00e0 Lucerne. Les travaux de construction devraient commencer au quatri\u00e8me trimestre 2025. Fin 2027, l'assurance-maladie, accidents et choses veut pouvoir emm\u00e9nager dans ses nouveaux locaux.","canonical_url":"https:\/\/www.immo-invest.ch\/fr\/ausbau-start-des-hauptsitzes-noch-in-diesem-jahr\/","robots":"max-image-preview:large","keywords":"","webmasterTools":{"google-site-verification":"fHJKvgWpZCR2zVBHWfkQeFXC11qieUSff0HGNYfuyLA","miscellaneous":""},"schema":{"@context":"https:\/\/schema.org","@graph":[{"@type":"BlogPosting","@id":"https:\/\/www.immo-invest.ch\/fr\/ausbau-start-des-hauptsitzes-noch-in-diesem-jahr\/#blogposting","name":"D\u00e9but de l\u2019expansion du si\u00e8ge social cette ann\u00e9e - immo!nvest - Die Plattform f\u00fcr Standorte und Immobilien","headline":"D\u00e9but de l&rsquo;expansion du si\u00e8ge social cette ann\u00e9e","author":{"@id":"https:\/\/www.immo-invest.ch\/fr\/author\/immovestuser\/#author"},"publisher":{"@id":"https:\/\/www.immo-invest.ch\/fr\/#organization"},"image":{"@type":"ImageObject","url":"https:\/\/www.immo-invest.ch\/wp-content\/uploads\/2025\/01\/Baustelle_Stadt_Bau_urban.webp","width":1204,"height":675},"datePublished":"2025-04-17T08:09:53+02:00","dateModified":"2025-04-04T16:17:53+02:00","inLanguage":"fr-FR","mainEntityOfPage":{"@id":"https:\/\/www.immo-invest.ch\/fr\/ausbau-start-des-hauptsitzes-noch-in-diesem-jahr\/#webpage"},"isPartOf":{"@id":"https:\/\/www.immo-invest.ch\/fr\/ausbau-start-des-hauptsitzes-noch-in-diesem-jahr\/#webpage"},"articleSection":"Entreprise, immoNews, Nouvelle construction, Bauarbeiten, Bauwesen, Geb\u00e4ude, Hauptsitz, immobilien, Immoinvest, immoNews, News, Facultatif"},{"@type":"BreadcrumbList","@id":"https:\/\/www.immo-invest.ch\/fr\/ausbau-start-des-hauptsitzes-noch-in-diesem-jahr\/#breadcrumblist","itemListElement":[{"@type":"ListItem","@id":"https:\/\/www.immo-invest.ch\/fr\/#listItem","position":1,"name":"Home","item":"https:\/\/www.immo-invest.ch\/fr\/","nextItem":{"@type":"ListItem","@id":"https:\/\/www.immo-invest.ch\/fr\/categories\/projects\/#listItem","name":"Projects"}},{"@type":"ListItem","@id":"https:\/\/www.immo-invest.ch\/fr\/categories\/projects\/#listItem","position":2,"name":"Projects","item":"https:\/\/www.immo-invest.ch\/fr\/categories\/projects\/","nextItem":{"@type":"ListItem","@id":"https:\/\/www.immo-invest.ch\/fr\/categories\/projects\/nouvelle-construction\/#listItem","name":"Nouvelle construction"},"previousItem":{"@type":"ListItem","@id":"https:\/\/www.immo-invest.ch\/fr\/#listItem","name":"Home"}},{"@type":"ListItem","@id":"https:\/\/www.immo-invest.ch\/fr\/categories\/projects\/nouvelle-construction\/#listItem","position":3,"name":"Nouvelle construction","item":"https:\/\/www.immo-invest.ch\/fr\/categories\/projects\/nouvelle-construction\/","nextItem":{"@type":"ListItem","@id":"https:\/\/www.immo-invest.ch\/fr\/ausbau-start-des-hauptsitzes-noch-in-diesem-jahr\/#listItem","name":"D\u00e9but de l&rsquo;expansion du si\u00e8ge social cette ann\u00e9e"},"previousItem":{"@type":"ListItem","@id":"https:\/\/www.immo-invest.ch\/fr\/categories\/projects\/#listItem","name":"Projects"}},{"@type":"ListItem","@id":"https:\/\/www.immo-invest.ch\/fr\/ausbau-start-des-hauptsitzes-noch-in-diesem-jahr\/#listItem","position":4,"name":"D\u00e9but de l&rsquo;expansion du si\u00e8ge social cette ann\u00e9e","previousItem":{"@type":"ListItem","@id":"https:\/\/www.immo-invest.ch\/fr\/categories\/projects\/nouvelle-construction\/#listItem","name":"Nouvelle construction"}}]},{"@type":"Organization","@id":"https:\/\/www.immo-invest.ch\/fr\/#organization","name":"immo!nvest - Die Plattform f\u00fcr Standorte und Immobilien","description":"Die\u00a0Plattform f\u00fcr Standorte und Immobilien","url":"https:\/\/www.immo-invest.ch\/fr\/","email":"admin@immomedia.ag","telephone":"+41444420002","logo":{"@type":"ImageObject","url":"https:\/\/www.immo-invest.ch\/wp-content\/uploads\/2024\/09\/immoinvest_sm-scaled.jpg","@id":"https:\/\/www.immo-invest.ch\/fr\/ausbau-start-des-hauptsitzes-noch-in-diesem-jahr\/#organizationLogo","width":2560,"height":1340},"image":{"@id":"https:\/\/www.immo-invest.ch\/fr\/ausbau-start-des-hauptsitzes-noch-in-diesem-jahr\/#organizationLogo"},"sameAs":["https:\/\/www.facebook.com\/people\/Immoinvest\/100077962920504\/","https:\/\/x.com\/i\/flow\/login?redirect_after_login=immoinvest_ch","https:\/\/www.instagram.com\/immoinvest_ch\/","https:\/\/www.linkedin.com\/company\/immoinvest-swiss"]},{"@type":"Person","@id":"https:\/\/www.immo-invest.ch\/fr\/author\/immovestuser\/#author","url":"https:\/\/www.immo-invest.ch\/fr\/author\/immovestuser\/","name":"immovestuser","image":{"@type":"ImageObject","@id":"https:\/\/www.immo-invest.ch\/fr\/ausbau-start-des-hauptsitzes-noch-in-diesem-jahr\/#authorImage","url":"https:\/\/secure.gravatar.com\/avatar\/8e01f4d99f2eeea7a362ebb93305e1172a70e9293ba250f897a65c39f54cdd1e?s=96&d=mm&r=g","width":96,"height":96,"caption":"immovestuser"}},{"@type":"WebPage","@id":"https:\/\/www.immo-invest.ch\/fr\/ausbau-start-des-hauptsitzes-noch-in-diesem-jahr\/#webpage","url":"https:\/\/www.immo-invest.ch\/fr\/ausbau-start-des-hauptsitzes-noch-in-diesem-jahr\/","name":"D\u00e9but de l\u2019expansion du si\u00e8ge social cette ann\u00e9e - immo!nvest - Die Plattform f\u00fcr Standorte und Immobilien","description":"La CSS d\u00e9pose d\u00e9but avril la demande de permis de construire pour l'extension de son si\u00e8ge principal \u00e0 Lucerne. Les travaux de construction devraient commencer au quatri\u00e8me trimestre 2025. Fin 2027, l'assurance-maladie, accidents et choses veut pouvoir emm\u00e9nager dans ses nouveaux locaux.","inLanguage":"fr-FR","isPartOf":{"@id":"https:\/\/www.immo-invest.ch\/fr\/#website"},"breadcrumb":{"@id":"https:\/\/www.immo-invest.ch\/fr\/ausbau-start-des-hauptsitzes-noch-in-diesem-jahr\/#breadcrumblist"},"author":{"@id":"https:\/\/www.immo-invest.ch\/fr\/author\/immovestuser\/#author"},"creator":{"@id":"https:\/\/www.immo-invest.ch\/fr\/author\/immovestuser\/#author"},"image":{"@type":"ImageObject","url":"https:\/\/www.immo-invest.ch\/wp-content\/uploads\/2025\/01\/Baustelle_Stadt_Bau_urban.webp","@id":"https:\/\/www.immo-invest.ch\/fr\/ausbau-start-des-hauptsitzes-noch-in-diesem-jahr\/#mainImage","width":1204,"height":675},"primaryImageOfPage":{"@id":"https:\/\/www.immo-invest.ch\/fr\/ausbau-start-des-hauptsitzes-noch-in-diesem-jahr\/#mainImage"},"datePublished":"2025-04-17T08:09:53+02:00","dateModified":"2025-04-04T16:17:53+02:00"},{"@type":"WebSite","@id":"https:\/\/www.immo-invest.ch\/fr\/#website","url":"https:\/\/www.immo-invest.ch\/fr\/","name":"immo!nvest - Die Plattform f\u00fcr Standorte und Immobilien","description":"Die\u00a0Plattform f\u00fcr Standorte und Immobilien","inLanguage":"fr-FR","publisher":{"@id":"https:\/\/www.immo-invest.ch\/fr\/#organization"}}]},"og:locale":"fr_FR","og:site_name":"immo!nvest - Die Plattform f\u00fcr Standorte und Immobilien - Die\u00a0Plattform f\u00fcr Standorte und Immobilien","og:type":"article","og:title":"D\u00e9but de l\u2019expansion du si\u00e8ge social cette ann\u00e9e - immo!nvest - Die Plattform f\u00fcr Standorte und Immobilien","og:description":"La CSS d\u00e9pose d\u00e9but avril la demande de permis de construire pour l'extension de son si\u00e8ge principal \u00e0 Lucerne. Les travaux de construction devraient commencer au quatri\u00e8me trimestre 2025. Fin 2027, l'assurance-maladie, accidents et choses veut pouvoir emm\u00e9nager dans ses nouveaux locaux.","og:url":"https:\/\/www.immo-invest.ch\/fr\/ausbau-start-des-hauptsitzes-noch-in-diesem-jahr\/","og:image":"https:\/\/www.immo-invest.ch\/wp-content\/uploads\/2025\/01\/Baustelle_Stadt_Bau_urban.webp","og:image:secure_url":"https:\/\/www.immo-invest.ch\/wp-content\/uploads\/2025\/01\/Baustelle_Stadt_Bau_urban.webp","og:image:width":1204,"og:image:height":675,"article:published_time":"2025-04-17T06:09:53+00:00","article:modified_time":"2025-04-04T14:17:53+00:00","article:publisher":"https:\/\/www.facebook.com\/people\/Immoinvest\/100077962920504\/","twitter:card":"summary_large_image","twitter:site":"@i","twitter:title":"D\u00e9but de l\u2019expansion du si\u00e8ge social cette ann\u00e9e - immo!nvest - Die Plattform f\u00fcr Standorte und Immobilien","twitter:description":"La CSS d\u00e9pose d\u00e9but avril la demande de permis de construire pour l'extension de son si\u00e8ge principal \u00e0 Lucerne. Les travaux de construction devraient commencer au quatri\u00e8me trimestre 2025. Fin 2027, l'assurance-maladie, accidents et choses veut pouvoir emm\u00e9nager dans ses nouveaux locaux.","twitter:creator":"@i","twitter:image":"https:\/\/www.immo-invest.ch\/wp-content\/uploads\/2025\/01\/Baustelle_Stadt_Bau_urban.webp"},"aioseo_meta_data":{"post_id":"129896","title":null,"description":null,"keywords":null,"keyphrases":{"focus":{"keyphrase":"","score":0,"analysis":{"keyphraseInTitle":{"score":0,"maxScore":9,"error":1}}},"additional":[]},"primary_term":null,"canonical_url":null,"og_title":null,"og_description":null,"og_object_type":"default","og_image_type":"default","og_image_url":null,"og_image_width":null,"og_image_height":null,"og_image_custom_url":null,"og_image_custom_fields":null,"og_video":"","og_custom_url":null,"og_article_section":null,"og_article_tags":null,"twitter_use_og":false,"twitter_card":"default","twitter_image_type":"default","twitter_image_url":null,"twitter_image_custom_url":null,"twitter_image_custom_fields":null,"twitter_title":null,"twitter_description":null,"schema":{"blockGraphs":[],"customGraphs":[],"default":{"data":{"Article":[],"Course":[],"Dataset":[],"FAQPage":[],"Movie":[],"Person":[],"Product":[],"ProductReview":[],"Car":[],"Recipe":[],"Service":[],"SoftwareApplication":[],"WebPage":[]},"graphName":"BlogPosting","isEnabled":true},"graphs":[]},"schema_type":"default","schema_type_options":null,"pillar_content":false,"robots_default":true,"robots_noindex":false,"robots_noarchive":false,"robots_nosnippet":false,"robots_nofollow":false,"robots_noimageindex":false,"robots_noodp":false,"robots_notranslate":false,"robots_max_snippet":"-1","robots_max_videopreview":"-1","robots_max_imagepreview":"large","priority":null,"frequency":"default","local_seo":null,"breadcrumb_settings":null,"limit_modified_date":false,"ai":null,"created":"2025-04-04 14:17:54","updated":"2025-10-24 18:52:13","seo_analyzer_scan_date":null,"focus_keyword":null,"additional_keywords":null,"truseo_locale":null},"aioseo_breadcrumb":"<div class=\"aioseo-breadcrumbs\"><span class=\"aioseo-breadcrumb\">\n\t\t\t<a href=\"https:\/\/www.immo-invest.ch\/fr\/\" title=\"Home\">Home<\/a>\n\t\t<\/span><span class=\"aioseo-breadcrumb-separator\">&raquo;<\/span><span class=\"aioseo-breadcrumb\">\n\t\t\t<a href=\"https:\/\/www.immo-invest.ch\/fr\/categories\/projects\/\" title=\"Projects\">Projects<\/a>\n\t\t<\/span><span class=\"aioseo-breadcrumb-separator\">&raquo;<\/span><span class=\"aioseo-breadcrumb\">\n\t\t\t<a href=\"https:\/\/www.immo-invest.ch\/fr\/categories\/projects\/nouvelle-construction\/\" title=\"Nouvelle construction\">Nouvelle construction<\/a>\n\t\t<\/span><span class=\"aioseo-breadcrumb-separator\">&raquo;<\/span><span class=\"aioseo-breadcrumb\">\n\t\t\tD\u00e9but de l\u2019expansion du si\u00e8ge social cette ann\u00e9e\n\t\t<\/span><\/div>","aioseo_breadcrumb_json":[{"label":"Home","link":"https:\/\/www.immo-invest.ch\/fr\/"},{"label":"Projects","link":"https:\/\/www.immo-invest.ch\/fr\/categories\/projects\/"},{"label":"Nouvelle construction","link":"https:\/\/www.immo-invest.ch\/fr\/categories\/projects\/nouvelle-construction\/"},{"label":"D\u00e9but de l&rsquo;expansion du si\u00e8ge social cette ann\u00e9e","link":"https:\/\/www.immo-invest.ch\/fr\/ausbau-start-des-hauptsitzes-noch-in-diesem-jahr\/"}],"featured_image_src":"https:\/\/www.immo-invest.ch\/wp-content\/uploads\/2025\/01\/Baustelle_Stadt_Bau_urban-336x168.webp","_links":{"self":[{"href":"https:\/\/www.immo-invest.ch\/fr\/wp-json\/wp\/v2\/posts\/129896","targetHints":{"allow":["GET"]}}],"collection":[{"href":"https:\/\/www.immo-invest.ch\/fr\/wp-json\/wp\/v2\/posts"}],"about":[{"href":"https:\/\/www.immo-invest.ch\/fr\/wp-json\/wp\/v2\/types\/post"}],"author":[{"embeddable":true,"href":"https:\/\/www.immo-invest.ch\/fr\/wp-json\/wp\/v2\/users\/2"}],"replies":[{"embeddable":true,"href":"https:\/\/www.immo-invest.ch\/fr\/wp-json\/wp\/v2\/comments?post=129896"}],"version-history":[{"count":0,"href":"https:\/\/www.immo-invest.ch\/fr\/wp-json\/wp\/v2\/posts\/129896\/revisions"}],"wp:featuredmedia":[{"embeddable":true,"href":"https:\/\/www.immo-invest.ch\/fr\/wp-json\/wp\/v2\/media\/123090"}],"wp:attachment":[{"href":"https:\/\/www.immo-invest.ch\/fr\/wp-json\/wp\/v2\/media?parent=129896"}],"wp:term":[{"taxonomy":"category","embeddable":true,"href":"https:\/\/www.immo-invest.ch\/fr\/wp-json\/wp\/v2\/categories?post=129896"},{"taxonomy":"post_tag","embeddable":true,"href":"https:\/\/www.immo-invest.ch\/fr\/wp-json\/wp\/v2\/tags?post=129896"}],"curies":[{"name":"wp","href":"https:\/\/api.w.org\/{rel}","templated":true}]}}