{"id":129557,"date":"2025-04-02T14:00:00","date_gmt":"2025-04-02T12:00:00","guid":{"rendered":"https:\/\/www.immo-invest.ch\/?p=129557"},"modified":"2025-04-02T08:53:47","modified_gmt":"2025-04-02T06:53:47","slug":"zusammenschluss-staerkt-elektrokompetenz-in-der-ostschweiz","status":"publish","type":"post","link":"https:\/\/www.immo-invest.ch\/fr\/zusammenschluss-staerkt-elektrokompetenz-in-der-ostschweiz\/","title":{"rendered":"La fusion renforce les comp\u00e9tences \u00e9lectriques en Suisse orientale"},"content":{"rendered":"<p class=\"bodytext wp-block-paragraph\">Le prestataire de services &eacute;nerg&eacute;tiques <a href=\"https:\/\/www.ekt.ch\/\" target=\"_blank\" rel=\"noopener\">EKT<\/a> Holding AG, bas&eacute; &agrave; Arbon, a rachet&eacute; <a href=\"https:\/\/e-planung.ch\/\" target=\"_blank\" rel=\"noopener\">Edelmann Ingenieurb&uuml;ro AG<\/a>, dont le si&egrave;ge est &agrave; Thalheim an der Thur. Comme l&rsquo;indique un communiqu&eacute;, l&rsquo;entreprise fonctionnera dans un premier temps de mani&egrave;re autonome sous l&rsquo;&eacute;gide d&rsquo;EKT. Les douze emplois seront maintenus.<\/p>\n\n\n\n\n\n<p class=\"bodytext wp-block-paragraph\">Le bureau d&rsquo;ing&eacute;nieurs qui, outre son si&egrave;ge de Thalheim, poss&egrave;de des filiales &agrave; Winterthur, Schaffhouse et Frauenfeld, est sp&eacute;cialis&eacute; dans les domaines de la planification, du conseil, des &eacute;tudes, des devis, des &eacute;tudes de projet et de la direction des travaux pour les projets &eacute;lectriques. Selon le communiqu&eacute;, cette fusion doit permettre &agrave; ses expertises de compl&eacute;ter de mani&egrave;re optimale les offres de l&rsquo;entreprise de planification de b&acirc;timents <a href=\"https:\/\/www.negxt.ch\/\" target=\"_blank\" rel=\"noopener\">NEGXT AG<\/a>, Kreuzlingen, qui appartient &eacute;galement au groupe EKT.<\/p>\n\n\n\n\n\n<p class=\"bodytext wp-block-paragraph\">&laquo;&nbsp;Pour nous, cette &eacute;tape, cette acquisition, est une v&eacute;ritable aubaine. Dans notre recherche d&rsquo;une solution de succession pour notre entreprise, EKT a toujours &eacute;t&eacute; notre partenaire id&eacute;al&nbsp;&raquo;, d&eacute;clare Roman Edelmann, directeur d&rsquo;Edelmann Ingenieurb&uuml;ro AG, cit&eacute; dans le communiqu&eacute;.<\/p>\n\n\n\n\n\n<p class=\"bodytext wp-block-paragraph\">Thorsten Specker, directeur g&eacute;n&eacute;ral de NEGXT AG, se montre pour sa part satisfait : &laquo;&nbsp;En tant qu&rsquo;entreprise s&oelig;ur, nous &eacute;tendons ensemble nos activit&eacute;s sur le march&eacute; &agrave; la Suisse orientale et mettrons tout en &oelig;uvre pour exploiter au mieux les synergies qui s&rsquo;offrent &agrave; nous, au profit de nos clients&nbsp;&raquo;.<\/p>\n\n\n\n\n\n<p class=\"bodytext wp-block-paragraph\">Avec cette fusion, le nombre d&rsquo;employ&eacute;s d&rsquo;EKT Holding passe &agrave; 188.<\/p>\n\n","protected":false},"excerpt":{"rendered":"<p>Le prestataire de services \u00e9nerg\u00e9tiques EKT a repris Edelmann Ingenieurb\u00fcro AG dans le cadre d&rsquo;une solution de succession. Les douze postes de travail du bureau d&rsquo;\u00e9tudes \u00e9lectriques de Thalheim sont maintenus.<\/p>\n","protected":false},"author":2,"featured_media":129552,"comment_status":"open","ping_status":"open","sticky":false,"template":"","format":"standard","meta":{"pmpro_default_level":"","inline_featured_image":false,"_monsterinsights_skip_tracking":false,"footnotes":""},"categories":[22696,743,22357,8452,22342],"tags":[52362,872,3931,2002,18747,46545],"class_list":["post-129557","post","type-post","status-publish","format-standard","has-post-thumbnail","hentry","category-entreprise","category-immonews-fr","category-industrie-du-batiment","category-regions","category-thurgovie","tag-elektroplanung-fr","tag-immoinvest-fr","tag-immonews-fr","tag-news-fr","tag-ostschweiz-fr","tag-unternehmensuebernahme-fr","pmpro-has-access"],"acf":{"bild_mit_ki_erstellt_worden":[],"lead":"Le prestataire de services \u00e9nerg\u00e9tiques EKT a repris Edelmann Ingenieurb\u00fcro AG dans le cadre d'une solution de succession. Les douze postes de travail du bureau d'\u00e9tudes \u00e9lectriques de Thalheim sont maintenus.","autor":"ce\/ww","ort":"Arbon TG\/Thalheim ZH","bildunterschrift":"","bild_im_grid":false,"gallerie":"","newsim":""},"aioseo_notices":[],"aioseo_head":"\n\t\t<!-- All in One SEO 5.0.0.1 - aioseo.com -->\n\t<meta name=\"description\" content=\"Le prestataire de services \u00e9nerg\u00e9tiques EKT a repris Edelmann Ingenieurb\u00fcro AG dans le cadre d&#039;une solution de succession. Les douze postes de travail du bureau d&#039;\u00e9tudes \u00e9lectriques de Thalheim sont maintenus.\" \/>\n\t<meta name=\"robots\" content=\"max-image-preview:large\" \/>\n\t<meta name=\"author\" content=\"immovestuser\"\/>\n\t<meta name=\"google-site-verification\" content=\"fHJKvgWpZCR2zVBHWfkQeFXC11qieUSff0HGNYfuyLA\" \/>\n\t<link rel=\"canonical\" href=\"https:\/\/www.immo-invest.ch\/fr\/zusammenschluss-staerkt-elektrokompetenz-in-der-ostschweiz\/\" \/>\n\t<meta name=\"generator\" content=\"All in One SEO (AIOSEO) 5.0.0.1\" \/>\n\t\t<meta property=\"og:locale\" content=\"fr_FR\" \/>\n\t\t<meta property=\"og:site_name\" content=\"immo!nvest - Die Plattform f\u00fcr Standorte und Immobilien - Die\u00a0Plattform f\u00fcr Standorte und Immobilien\" \/>\n\t\t<meta property=\"og:type\" content=\"article\" \/>\n\t\t<meta property=\"og:title\" content=\"La fusion renforce les comp\u00e9tences \u00e9lectriques en Suisse orientale - immo!nvest - Die Plattform f\u00fcr Standorte und Immobilien\" \/>\n\t\t<meta property=\"og:description\" content=\"Le prestataire de services \u00e9nerg\u00e9tiques EKT a repris Edelmann Ingenieurb\u00fcro AG dans le cadre d&#039;une solution de succession. Les douze postes de travail du bureau d&#039;\u00e9tudes \u00e9lectriques de Thalheim sont maintenus.\" \/>\n\t\t<meta property=\"og:url\" content=\"https:\/\/www.immo-invest.ch\/fr\/zusammenschluss-staerkt-elektrokompetenz-in-der-ostschweiz\/\" \/>\n\t\t<meta property=\"og:image\" content=\"https:\/\/www.immo-invest.ch\/wp-content\/uploads\/2025\/04\/immo-invest-unternehmen-bauwirtschaft-unternehmensuebernahme-elektroplanung-thurgau.png\" \/>\n\t\t<meta property=\"og:image:secure_url\" content=\"https:\/\/www.immo-invest.ch\/wp-content\/uploads\/2025\/04\/immo-invest-unternehmen-bauwirtschaft-unternehmensuebernahme-elektroplanung-thurgau.png\" \/>\n\t\t<meta property=\"og:image:width\" content=\"1536\" \/>\n\t\t<meta property=\"og:image:height\" content=\"768\" \/>\n\t\t<meta property=\"article:published_time\" content=\"2025-04-02T12:00:00+00:00\" \/>\n\t\t<meta property=\"article:modified_time\" content=\"2025-04-02T06:53:47+00:00\" \/>\n\t\t<meta property=\"article:publisher\" content=\"https:\/\/www.facebook.com\/people\/Immoinvest\/100077962920504\/\" \/>\n\t\t<meta name=\"twitter:card\" content=\"summary_large_image\" \/>\n\t\t<meta name=\"twitter:site\" content=\"@i\" \/>\n\t\t<meta name=\"twitter:title\" content=\"La fusion renforce les comp\u00e9tences \u00e9lectriques en Suisse orientale - immo!nvest - Die Plattform f\u00fcr Standorte und Immobilien\" \/>\n\t\t<meta name=\"twitter:description\" content=\"Le prestataire de services \u00e9nerg\u00e9tiques EKT a repris Edelmann Ingenieurb\u00fcro AG dans le cadre d&#039;une solution de succession. Les douze postes de travail du bureau d&#039;\u00e9tudes \u00e9lectriques de Thalheim sont maintenus.\" \/>\n\t\t<meta name=\"twitter:creator\" content=\"@i\" \/>\n\t\t<meta name=\"twitter:image\" content=\"https:\/\/www.immo-invest.ch\/wp-content\/uploads\/2025\/04\/immo-invest-unternehmen-bauwirtschaft-unternehmensuebernahme-elektroplanung-thurgau.png\" \/>\n\t\t<script type=\"application\/ld+json\" class=\"aioseo-schema\">\n\t\t\t{\"@context\":\"https:\\\/\\\/schema.org\",\"@graph\":[{\"@type\":\"BlogPosting\",\"@id\":\"https:\\\/\\\/www.immo-invest.ch\\\/fr\\\/zusammenschluss-staerkt-elektrokompetenz-in-der-ostschweiz\\\/#blogposting\",\"name\":\"La fusion renforce les comp\\u00e9tences \\u00e9lectriques en Suisse orientale - immo!nvest - Die Plattform f\\u00fcr Standorte und Immobilien\",\"headline\":\"La fusion renforce les comp\\u00e9tences \\u00e9lectriques en Suisse orientale\",\"author\":{\"@id\":\"https:\\\/\\\/www.immo-invest.ch\\\/fr\\\/author\\\/immovestuser\\\/#author\"},\"publisher\":{\"@id\":\"https:\\\/\\\/www.immo-invest.ch\\\/fr\\\/#organization\"},\"image\":{\"@type\":\"ImageObject\",\"url\":\"https:\\\/\\\/www.immo-invest.ch\\\/wp-content\\\/uploads\\\/2025\\\/04\\\/immo-invest-unternehmen-bauwirtschaft-unternehmensuebernahme-elektroplanung-thurgau.png\",\"width\":1536,\"height\":768},\"datePublished\":\"2025-04-02T14:00:00+02:00\",\"dateModified\":\"2025-04-02T08:53:47+02:00\",\"inLanguage\":\"fr-FR\",\"mainEntityOfPage\":{\"@id\":\"https:\\\/\\\/www.immo-invest.ch\\\/fr\\\/zusammenschluss-staerkt-elektrokompetenz-in-der-ostschweiz\\\/#webpage\"},\"isPartOf\":{\"@id\":\"https:\\\/\\\/www.immo-invest.ch\\\/fr\\\/zusammenschluss-staerkt-elektrokompetenz-in-der-ostschweiz\\\/#webpage\"},\"articleSection\":\"Entreprise, immoNews, Industrie du b\\u00e2timent, R\\u00e9gions, Thurgovie, Elektroplanung, Immoinvest, immoNews, News, Ostschweiz, Unternehmens\\u00fcbernahme, Facultatif\"},{\"@type\":\"BreadcrumbList\",\"@id\":\"https:\\\/\\\/www.immo-invest.ch\\\/fr\\\/zusammenschluss-staerkt-elektrokompetenz-in-der-ostschweiz\\\/#breadcrumblist\",\"itemListElement\":[{\"@type\":\"ListItem\",\"@id\":\"https:\\\/\\\/www.immo-invest.ch\\\/fr\\\/#listItem\",\"position\":1,\"name\":\"Home\",\"item\":\"https:\\\/\\\/www.immo-invest.ch\\\/fr\\\/\",\"nextItem\":{\"@type\":\"ListItem\",\"@id\":\"https:\\\/\\\/www.immo-invest.ch\\\/fr\\\/categories\\\/regions\\\/#listItem\",\"name\":\"R\\u00e9gions\"}},{\"@type\":\"ListItem\",\"@id\":\"https:\\\/\\\/www.immo-invest.ch\\\/fr\\\/categories\\\/regions\\\/#listItem\",\"position\":2,\"name\":\"R\\u00e9gions\",\"item\":\"https:\\\/\\\/www.immo-invest.ch\\\/fr\\\/categories\\\/regions\\\/\",\"nextItem\":{\"@type\":\"ListItem\",\"@id\":\"https:\\\/\\\/www.immo-invest.ch\\\/fr\\\/categories\\\/regions\\\/suisse\\\/#listItem\",\"name\":\"Suisse\"},\"previousItem\":{\"@type\":\"ListItem\",\"@id\":\"https:\\\/\\\/www.immo-invest.ch\\\/fr\\\/#listItem\",\"name\":\"Home\"}},{\"@type\":\"ListItem\",\"@id\":\"https:\\\/\\\/www.immo-invest.ch\\\/fr\\\/categories\\\/regions\\\/suisse\\\/#listItem\",\"position\":3,\"name\":\"Suisse\",\"item\":\"https:\\\/\\\/www.immo-invest.ch\\\/fr\\\/categories\\\/regions\\\/suisse\\\/\",\"nextItem\":{\"@type\":\"ListItem\",\"@id\":\"https:\\\/\\\/www.immo-invest.ch\\\/fr\\\/categories\\\/regions\\\/suisse\\\/suisse-orientale\\\/#listItem\",\"name\":\"Suisse orientale\"},\"previousItem\":{\"@type\":\"ListItem\",\"@id\":\"https:\\\/\\\/www.immo-invest.ch\\\/fr\\\/categories\\\/regions\\\/#listItem\",\"name\":\"R\\u00e9gions\"}},{\"@type\":\"ListItem\",\"@id\":\"https:\\\/\\\/www.immo-invest.ch\\\/fr\\\/categories\\\/regions\\\/suisse\\\/suisse-orientale\\\/#listItem\",\"position\":4,\"name\":\"Suisse orientale\",\"item\":\"https:\\\/\\\/www.immo-invest.ch\\\/fr\\\/categories\\\/regions\\\/suisse\\\/suisse-orientale\\\/\",\"nextItem\":{\"@type\":\"ListItem\",\"@id\":\"https:\\\/\\\/www.immo-invest.ch\\\/fr\\\/categories\\\/regions\\\/suisse\\\/suisse-orientale\\\/thurgovie\\\/#listItem\",\"name\":\"Thurgovie\"},\"previousItem\":{\"@type\":\"ListItem\",\"@id\":\"https:\\\/\\\/www.immo-invest.ch\\\/fr\\\/categories\\\/regions\\\/suisse\\\/#listItem\",\"name\":\"Suisse\"}},{\"@type\":\"ListItem\",\"@id\":\"https:\\\/\\\/www.immo-invest.ch\\\/fr\\\/categories\\\/regions\\\/suisse\\\/suisse-orientale\\\/thurgovie\\\/#listItem\",\"position\":5,\"name\":\"Thurgovie\",\"item\":\"https:\\\/\\\/www.immo-invest.ch\\\/fr\\\/categories\\\/regions\\\/suisse\\\/suisse-orientale\\\/thurgovie\\\/\",\"nextItem\":{\"@type\":\"ListItem\",\"@id\":\"https:\\\/\\\/www.immo-invest.ch\\\/fr\\\/zusammenschluss-staerkt-elektrokompetenz-in-der-ostschweiz\\\/#listItem\",\"name\":\"La fusion renforce les comp\\u00e9tences \\u00e9lectriques en Suisse orientale\"},\"previousItem\":{\"@type\":\"ListItem\",\"@id\":\"https:\\\/\\\/www.immo-invest.ch\\\/fr\\\/categories\\\/regions\\\/suisse\\\/suisse-orientale\\\/#listItem\",\"name\":\"Suisse orientale\"}},{\"@type\":\"ListItem\",\"@id\":\"https:\\\/\\\/www.immo-invest.ch\\\/fr\\\/zusammenschluss-staerkt-elektrokompetenz-in-der-ostschweiz\\\/#listItem\",\"position\":6,\"name\":\"La fusion renforce les comp\\u00e9tences \\u00e9lectriques en Suisse orientale\",\"previousItem\":{\"@type\":\"ListItem\",\"@id\":\"https:\\\/\\\/www.immo-invest.ch\\\/fr\\\/categories\\\/regions\\\/suisse\\\/suisse-orientale\\\/thurgovie\\\/#listItem\",\"name\":\"Thurgovie\"}}]},{\"@type\":\"Organization\",\"@id\":\"https:\\\/\\\/www.immo-invest.ch\\\/fr\\\/#organization\",\"name\":\"immo!nvest - Die Plattform f\\u00fcr Standorte und Immobilien\",\"description\":\"Die\\u00a0Plattform f\\u00fcr Standorte und Immobilien\",\"url\":\"https:\\\/\\\/www.immo-invest.ch\\\/fr\\\/\",\"email\":\"admin@immomedia.ag\",\"telephone\":\"+41444420002\",\"logo\":{\"@type\":\"ImageObject\",\"url\":\"https:\\\/\\\/www.immo-invest.ch\\\/wp-content\\\/uploads\\\/2024\\\/09\\\/immoinvest_sm-scaled.jpg\",\"@id\":\"https:\\\/\\\/www.immo-invest.ch\\\/fr\\\/zusammenschluss-staerkt-elektrokompetenz-in-der-ostschweiz\\\/#organizationLogo\",\"width\":2560,\"height\":1340},\"image\":{\"@id\":\"https:\\\/\\\/www.immo-invest.ch\\\/fr\\\/zusammenschluss-staerkt-elektrokompetenz-in-der-ostschweiz\\\/#organizationLogo\"},\"sameAs\":[\"https:\\\/\\\/www.facebook.com\\\/people\\\/Immoinvest\\\/100077962920504\\\/\",\"https:\\\/\\\/x.com\\\/i\\\/flow\\\/login?redirect_after_login=immoinvest_ch\",\"https:\\\/\\\/www.instagram.com\\\/immoinvest_ch\\\/\",\"https:\\\/\\\/www.linkedin.com\\\/company\\\/immoinvest-swiss\"]},{\"@type\":\"Person\",\"@id\":\"https:\\\/\\\/www.immo-invest.ch\\\/fr\\\/author\\\/immovestuser\\\/#author\",\"url\":\"https:\\\/\\\/www.immo-invest.ch\\\/fr\\\/author\\\/immovestuser\\\/\",\"name\":\"immovestuser\",\"image\":{\"@type\":\"ImageObject\",\"@id\":\"https:\\\/\\\/www.immo-invest.ch\\\/fr\\\/zusammenschluss-staerkt-elektrokompetenz-in-der-ostschweiz\\\/#authorImage\",\"url\":\"https:\\\/\\\/secure.gravatar.com\\\/avatar\\\/8e01f4d99f2eeea7a362ebb93305e1172a70e9293ba250f897a65c39f54cdd1e?s=96&d=mm&r=g\",\"width\":96,\"height\":96,\"caption\":\"immovestuser\"}},{\"@type\":\"WebPage\",\"@id\":\"https:\\\/\\\/www.immo-invest.ch\\\/fr\\\/zusammenschluss-staerkt-elektrokompetenz-in-der-ostschweiz\\\/#webpage\",\"url\":\"https:\\\/\\\/www.immo-invest.ch\\\/fr\\\/zusammenschluss-staerkt-elektrokompetenz-in-der-ostschweiz\\\/\",\"name\":\"La fusion renforce les comp\\u00e9tences \\u00e9lectriques en Suisse orientale - immo!nvest - Die Plattform f\\u00fcr Standorte und Immobilien\",\"description\":\"Le prestataire de services \\u00e9nerg\\u00e9tiques EKT a repris Edelmann Ingenieurb\\u00fcro AG dans le cadre d'une solution de succession. Les douze postes de travail du bureau d'\\u00e9tudes \\u00e9lectriques de Thalheim sont maintenus.\",\"inLanguage\":\"fr-FR\",\"isPartOf\":{\"@id\":\"https:\\\/\\\/www.immo-invest.ch\\\/fr\\\/#website\"},\"breadcrumb\":{\"@id\":\"https:\\\/\\\/www.immo-invest.ch\\\/fr\\\/zusammenschluss-staerkt-elektrokompetenz-in-der-ostschweiz\\\/#breadcrumblist\"},\"author\":{\"@id\":\"https:\\\/\\\/www.immo-invest.ch\\\/fr\\\/author\\\/immovestuser\\\/#author\"},\"creator\":{\"@id\":\"https:\\\/\\\/www.immo-invest.ch\\\/fr\\\/author\\\/immovestuser\\\/#author\"},\"image\":{\"@type\":\"ImageObject\",\"url\":\"https:\\\/\\\/www.immo-invest.ch\\\/wp-content\\\/uploads\\\/2025\\\/04\\\/immo-invest-unternehmen-bauwirtschaft-unternehmensuebernahme-elektroplanung-thurgau.png\",\"@id\":\"https:\\\/\\\/www.immo-invest.ch\\\/fr\\\/zusammenschluss-staerkt-elektrokompetenz-in-der-ostschweiz\\\/#mainImage\",\"width\":1536,\"height\":768},\"primaryImageOfPage\":{\"@id\":\"https:\\\/\\\/www.immo-invest.ch\\\/fr\\\/zusammenschluss-staerkt-elektrokompetenz-in-der-ostschweiz\\\/#mainImage\"},\"datePublished\":\"2025-04-02T14:00:00+02:00\",\"dateModified\":\"2025-04-02T08:53:47+02:00\"},{\"@type\":\"WebSite\",\"@id\":\"https:\\\/\\\/www.immo-invest.ch\\\/fr\\\/#website\",\"url\":\"https:\\\/\\\/www.immo-invest.ch\\\/fr\\\/\",\"name\":\"immo!nvest - Die Plattform f\\u00fcr Standorte und Immobilien\",\"description\":\"Die\\u00a0Plattform f\\u00fcr Standorte und Immobilien\",\"inLanguage\":\"fr-FR\",\"publisher\":{\"@id\":\"https:\\\/\\\/www.immo-invest.ch\\\/fr\\\/#organization\"}}]}\n\t\t<\/script>\n\t\t<!-- All in One SEO -->\n\n","aioseo_head_json":{"title":"La fusion renforce les comp\u00e9tences \u00e9lectriques en Suisse orientale - immo!nvest - Die Plattform f\u00fcr Standorte und Immobilien","description":"Le prestataire de services \u00e9nerg\u00e9tiques EKT a repris Edelmann Ingenieurb\u00fcro AG dans le cadre d'une solution de succession. Les douze postes de travail du bureau d'\u00e9tudes \u00e9lectriques de Thalheim sont maintenus.","canonical_url":"https:\/\/www.immo-invest.ch\/fr\/zusammenschluss-staerkt-elektrokompetenz-in-der-ostschweiz\/","robots":"max-image-preview:large","keywords":"","webmasterTools":{"google-site-verification":"fHJKvgWpZCR2zVBHWfkQeFXC11qieUSff0HGNYfuyLA","miscellaneous":""},"schema":{"@context":"https:\/\/schema.org","@graph":[{"@type":"BlogPosting","@id":"https:\/\/www.immo-invest.ch\/fr\/zusammenschluss-staerkt-elektrokompetenz-in-der-ostschweiz\/#blogposting","name":"La fusion renforce les comp\u00e9tences \u00e9lectriques en Suisse orientale - immo!nvest - Die Plattform f\u00fcr Standorte und Immobilien","headline":"La fusion renforce les comp\u00e9tences \u00e9lectriques en Suisse orientale","author":{"@id":"https:\/\/www.immo-invest.ch\/fr\/author\/immovestuser\/#author"},"publisher":{"@id":"https:\/\/www.immo-invest.ch\/fr\/#organization"},"image":{"@type":"ImageObject","url":"https:\/\/www.immo-invest.ch\/wp-content\/uploads\/2025\/04\/immo-invest-unternehmen-bauwirtschaft-unternehmensuebernahme-elektroplanung-thurgau.png","width":1536,"height":768},"datePublished":"2025-04-02T14:00:00+02:00","dateModified":"2025-04-02T08:53:47+02:00","inLanguage":"fr-FR","mainEntityOfPage":{"@id":"https:\/\/www.immo-invest.ch\/fr\/zusammenschluss-staerkt-elektrokompetenz-in-der-ostschweiz\/#webpage"},"isPartOf":{"@id":"https:\/\/www.immo-invest.ch\/fr\/zusammenschluss-staerkt-elektrokompetenz-in-der-ostschweiz\/#webpage"},"articleSection":"Entreprise, immoNews, Industrie du b\u00e2timent, R\u00e9gions, Thurgovie, Elektroplanung, Immoinvest, immoNews, News, Ostschweiz, Unternehmens\u00fcbernahme, Facultatif"},{"@type":"BreadcrumbList","@id":"https:\/\/www.immo-invest.ch\/fr\/zusammenschluss-staerkt-elektrokompetenz-in-der-ostschweiz\/#breadcrumblist","itemListElement":[{"@type":"ListItem","@id":"https:\/\/www.immo-invest.ch\/fr\/#listItem","position":1,"name":"Home","item":"https:\/\/www.immo-invest.ch\/fr\/","nextItem":{"@type":"ListItem","@id":"https:\/\/www.immo-invest.ch\/fr\/categories\/regions\/#listItem","name":"R\u00e9gions"}},{"@type":"ListItem","@id":"https:\/\/www.immo-invest.ch\/fr\/categories\/regions\/#listItem","position":2,"name":"R\u00e9gions","item":"https:\/\/www.immo-invest.ch\/fr\/categories\/regions\/","nextItem":{"@type":"ListItem","@id":"https:\/\/www.immo-invest.ch\/fr\/categories\/regions\/suisse\/#listItem","name":"Suisse"},"previousItem":{"@type":"ListItem","@id":"https:\/\/www.immo-invest.ch\/fr\/#listItem","name":"Home"}},{"@type":"ListItem","@id":"https:\/\/www.immo-invest.ch\/fr\/categories\/regions\/suisse\/#listItem","position":3,"name":"Suisse","item":"https:\/\/www.immo-invest.ch\/fr\/categories\/regions\/suisse\/","nextItem":{"@type":"ListItem","@id":"https:\/\/www.immo-invest.ch\/fr\/categories\/regions\/suisse\/suisse-orientale\/#listItem","name":"Suisse orientale"},"previousItem":{"@type":"ListItem","@id":"https:\/\/www.immo-invest.ch\/fr\/categories\/regions\/#listItem","name":"R\u00e9gions"}},{"@type":"ListItem","@id":"https:\/\/www.immo-invest.ch\/fr\/categories\/regions\/suisse\/suisse-orientale\/#listItem","position":4,"name":"Suisse orientale","item":"https:\/\/www.immo-invest.ch\/fr\/categories\/regions\/suisse\/suisse-orientale\/","nextItem":{"@type":"ListItem","@id":"https:\/\/www.immo-invest.ch\/fr\/categories\/regions\/suisse\/suisse-orientale\/thurgovie\/#listItem","name":"Thurgovie"},"previousItem":{"@type":"ListItem","@id":"https:\/\/www.immo-invest.ch\/fr\/categories\/regions\/suisse\/#listItem","name":"Suisse"}},{"@type":"ListItem","@id":"https:\/\/www.immo-invest.ch\/fr\/categories\/regions\/suisse\/suisse-orientale\/thurgovie\/#listItem","position":5,"name":"Thurgovie","item":"https:\/\/www.immo-invest.ch\/fr\/categories\/regions\/suisse\/suisse-orientale\/thurgovie\/","nextItem":{"@type":"ListItem","@id":"https:\/\/www.immo-invest.ch\/fr\/zusammenschluss-staerkt-elektrokompetenz-in-der-ostschweiz\/#listItem","name":"La fusion renforce les comp\u00e9tences \u00e9lectriques en Suisse orientale"},"previousItem":{"@type":"ListItem","@id":"https:\/\/www.immo-invest.ch\/fr\/categories\/regions\/suisse\/suisse-orientale\/#listItem","name":"Suisse orientale"}},{"@type":"ListItem","@id":"https:\/\/www.immo-invest.ch\/fr\/zusammenschluss-staerkt-elektrokompetenz-in-der-ostschweiz\/#listItem","position":6,"name":"La fusion renforce les comp\u00e9tences \u00e9lectriques en Suisse orientale","previousItem":{"@type":"ListItem","@id":"https:\/\/www.immo-invest.ch\/fr\/categories\/regions\/suisse\/suisse-orientale\/thurgovie\/#listItem","name":"Thurgovie"}}]},{"@type":"Organization","@id":"https:\/\/www.immo-invest.ch\/fr\/#organization","name":"immo!nvest - Die Plattform f\u00fcr Standorte und Immobilien","description":"Die\u00a0Plattform f\u00fcr Standorte und Immobilien","url":"https:\/\/www.immo-invest.ch\/fr\/","email":"admin@immomedia.ag","telephone":"+41444420002","logo":{"@type":"ImageObject","url":"https:\/\/www.immo-invest.ch\/wp-content\/uploads\/2024\/09\/immoinvest_sm-scaled.jpg","@id":"https:\/\/www.immo-invest.ch\/fr\/zusammenschluss-staerkt-elektrokompetenz-in-der-ostschweiz\/#organizationLogo","width":2560,"height":1340},"image":{"@id":"https:\/\/www.immo-invest.ch\/fr\/zusammenschluss-staerkt-elektrokompetenz-in-der-ostschweiz\/#organizationLogo"},"sameAs":["https:\/\/www.facebook.com\/people\/Immoinvest\/100077962920504\/","https:\/\/x.com\/i\/flow\/login?redirect_after_login=immoinvest_ch","https:\/\/www.instagram.com\/immoinvest_ch\/","https:\/\/www.linkedin.com\/company\/immoinvest-swiss"]},{"@type":"Person","@id":"https:\/\/www.immo-invest.ch\/fr\/author\/immovestuser\/#author","url":"https:\/\/www.immo-invest.ch\/fr\/author\/immovestuser\/","name":"immovestuser","image":{"@type":"ImageObject","@id":"https:\/\/www.immo-invest.ch\/fr\/zusammenschluss-staerkt-elektrokompetenz-in-der-ostschweiz\/#authorImage","url":"https:\/\/secure.gravatar.com\/avatar\/8e01f4d99f2eeea7a362ebb93305e1172a70e9293ba250f897a65c39f54cdd1e?s=96&d=mm&r=g","width":96,"height":96,"caption":"immovestuser"}},{"@type":"WebPage","@id":"https:\/\/www.immo-invest.ch\/fr\/zusammenschluss-staerkt-elektrokompetenz-in-der-ostschweiz\/#webpage","url":"https:\/\/www.immo-invest.ch\/fr\/zusammenschluss-staerkt-elektrokompetenz-in-der-ostschweiz\/","name":"La fusion renforce les comp\u00e9tences \u00e9lectriques en Suisse orientale - immo!nvest - Die Plattform f\u00fcr Standorte und Immobilien","description":"Le prestataire de services \u00e9nerg\u00e9tiques EKT a repris Edelmann Ingenieurb\u00fcro AG dans le cadre d'une solution de succession. Les douze postes de travail du bureau d'\u00e9tudes \u00e9lectriques de Thalheim sont maintenus.","inLanguage":"fr-FR","isPartOf":{"@id":"https:\/\/www.immo-invest.ch\/fr\/#website"},"breadcrumb":{"@id":"https:\/\/www.immo-invest.ch\/fr\/zusammenschluss-staerkt-elektrokompetenz-in-der-ostschweiz\/#breadcrumblist"},"author":{"@id":"https:\/\/www.immo-invest.ch\/fr\/author\/immovestuser\/#author"},"creator":{"@id":"https:\/\/www.immo-invest.ch\/fr\/author\/immovestuser\/#author"},"image":{"@type":"ImageObject","url":"https:\/\/www.immo-invest.ch\/wp-content\/uploads\/2025\/04\/immo-invest-unternehmen-bauwirtschaft-unternehmensuebernahme-elektroplanung-thurgau.png","@id":"https:\/\/www.immo-invest.ch\/fr\/zusammenschluss-staerkt-elektrokompetenz-in-der-ostschweiz\/#mainImage","width":1536,"height":768},"primaryImageOfPage":{"@id":"https:\/\/www.immo-invest.ch\/fr\/zusammenschluss-staerkt-elektrokompetenz-in-der-ostschweiz\/#mainImage"},"datePublished":"2025-04-02T14:00:00+02:00","dateModified":"2025-04-02T08:53:47+02:00"},{"@type":"WebSite","@id":"https:\/\/www.immo-invest.ch\/fr\/#website","url":"https:\/\/www.immo-invest.ch\/fr\/","name":"immo!nvest - Die Plattform f\u00fcr Standorte und Immobilien","description":"Die\u00a0Plattform f\u00fcr Standorte und Immobilien","inLanguage":"fr-FR","publisher":{"@id":"https:\/\/www.immo-invest.ch\/fr\/#organization"}}]},"og:locale":"fr_FR","og:site_name":"immo!nvest - Die Plattform f\u00fcr Standorte und Immobilien - Die\u00a0Plattform f\u00fcr Standorte und Immobilien","og:type":"article","og:title":"La fusion renforce les comp\u00e9tences \u00e9lectriques en Suisse orientale - immo!nvest - Die Plattform f\u00fcr Standorte und Immobilien","og:description":"Le prestataire de services \u00e9nerg\u00e9tiques EKT a repris Edelmann Ingenieurb\u00fcro AG dans le cadre d'une solution de succession. Les douze postes de travail du bureau d'\u00e9tudes \u00e9lectriques de Thalheim sont maintenus.","og:url":"https:\/\/www.immo-invest.ch\/fr\/zusammenschluss-staerkt-elektrokompetenz-in-der-ostschweiz\/","og:image":"https:\/\/www.immo-invest.ch\/wp-content\/uploads\/2025\/04\/immo-invest-unternehmen-bauwirtschaft-unternehmensuebernahme-elektroplanung-thurgau.png","og:image:secure_url":"https:\/\/www.immo-invest.ch\/wp-content\/uploads\/2025\/04\/immo-invest-unternehmen-bauwirtschaft-unternehmensuebernahme-elektroplanung-thurgau.png","og:image:width":1536,"og:image:height":768,"article:published_time":"2025-04-02T12:00:00+00:00","article:modified_time":"2025-04-02T06:53:47+00:00","article:publisher":"https:\/\/www.facebook.com\/people\/Immoinvest\/100077962920504\/","twitter:card":"summary_large_image","twitter:site":"@i","twitter:title":"La fusion renforce les comp\u00e9tences \u00e9lectriques en Suisse orientale - immo!nvest - Die Plattform f\u00fcr Standorte und Immobilien","twitter:description":"Le prestataire de services \u00e9nerg\u00e9tiques EKT a repris Edelmann Ingenieurb\u00fcro AG dans le cadre d'une solution de succession. Les douze postes de travail du bureau d'\u00e9tudes \u00e9lectriques de Thalheim sont maintenus.","twitter:creator":"@i","twitter:image":"https:\/\/www.immo-invest.ch\/wp-content\/uploads\/2025\/04\/immo-invest-unternehmen-bauwirtschaft-unternehmensuebernahme-elektroplanung-thurgau.png"},"aioseo_meta_data":{"post_id":"129557","title":null,"description":null,"keywords":null,"keyphrases":{"focus":{"keyphrase":"","score":0,"analysis":{"keyphraseInTitle":{"score":0,"maxScore":9,"error":1}}},"additional":[]},"primary_term":null,"canonical_url":null,"og_title":null,"og_description":null,"og_object_type":"default","og_image_type":"default","og_image_url":null,"og_image_width":null,"og_image_height":null,"og_image_custom_url":null,"og_image_custom_fields":null,"og_video":"","og_custom_url":null,"og_article_section":null,"og_article_tags":null,"twitter_use_og":false,"twitter_card":"default","twitter_image_type":"default","twitter_image_url":null,"twitter_image_custom_url":null,"twitter_image_custom_fields":null,"twitter_title":null,"twitter_description":null,"schema":{"blockGraphs":[],"customGraphs":[],"default":{"data":{"Article":[],"Course":[],"Dataset":[],"FAQPage":[],"Movie":[],"Person":[],"Product":[],"ProductReview":[],"Car":[],"Recipe":[],"Service":[],"SoftwareApplication":[],"WebPage":[]},"graphName":"BlogPosting","isEnabled":true},"graphs":[]},"schema_type":"default","schema_type_options":null,"pillar_content":false,"robots_default":true,"robots_noindex":false,"robots_noarchive":false,"robots_nosnippet":false,"robots_nofollow":false,"robots_noimageindex":false,"robots_noodp":false,"robots_notranslate":false,"robots_max_snippet":"-1","robots_max_videopreview":"-1","robots_max_imagepreview":"large","priority":null,"frequency":"default","local_seo":null,"breadcrumb_settings":null,"limit_modified_date":false,"ai":null,"created":"2025-04-02 06:52:56","updated":"2025-10-24 18:42:17","seo_analyzer_scan_date":null,"focus_keyword":null,"additional_keywords":null,"truseo_locale":null},"aioseo_breadcrumb":"<div class=\"aioseo-breadcrumbs\"><span class=\"aioseo-breadcrumb\">\n\t\t\t<a href=\"https:\/\/www.immo-invest.ch\/fr\/\" title=\"Home\">Home<\/a>\n\t\t<\/span><span class=\"aioseo-breadcrumb-separator\">&raquo;<\/span><span class=\"aioseo-breadcrumb\">\n\t\t\t<a href=\"https:\/\/www.immo-invest.ch\/fr\/categories\/regions\/\" title=\"R\u00e9gions\">R\u00e9gions<\/a>\n\t\t<\/span><span class=\"aioseo-breadcrumb-separator\">&raquo;<\/span><span class=\"aioseo-breadcrumb\">\n\t\t\t<a href=\"https:\/\/www.immo-invest.ch\/fr\/categories\/regions\/suisse\/\" title=\"Suisse\">Suisse<\/a>\n\t\t<\/span><span class=\"aioseo-breadcrumb-separator\">&raquo;<\/span><span class=\"aioseo-breadcrumb\">\n\t\t\t<a href=\"https:\/\/www.immo-invest.ch\/fr\/categories\/regions\/suisse\/suisse-orientale\/\" title=\"Suisse orientale\">Suisse orientale<\/a>\n\t\t<\/span><span class=\"aioseo-breadcrumb-separator\">&raquo;<\/span><span class=\"aioseo-breadcrumb\">\n\t\t\t<a href=\"https:\/\/www.immo-invest.ch\/fr\/categories\/regions\/suisse\/suisse-orientale\/thurgovie\/\" title=\"Thurgovie\">Thurgovie<\/a>\n\t\t<\/span><span class=\"aioseo-breadcrumb-separator\">&raquo;<\/span><span class=\"aioseo-breadcrumb\">\n\t\t\tLa fusion renforce les comp\u00e9tences \u00e9lectriques en Suisse orientale\n\t\t<\/span><\/div>","aioseo_breadcrumb_json":[{"label":"Home","link":"https:\/\/www.immo-invest.ch\/fr\/"},{"label":"R\u00e9gions","link":"https:\/\/www.immo-invest.ch\/fr\/categories\/regions\/"},{"label":"Suisse","link":"https:\/\/www.immo-invest.ch\/fr\/categories\/regions\/suisse\/"},{"label":"Suisse orientale","link":"https:\/\/www.immo-invest.ch\/fr\/categories\/regions\/suisse\/suisse-orientale\/"},{"label":"Thurgovie","link":"https:\/\/www.immo-invest.ch\/fr\/categories\/regions\/suisse\/suisse-orientale\/thurgovie\/"},{"label":"La fusion renforce les comp\u00e9tences \u00e9lectriques en Suisse orientale","link":"https:\/\/www.immo-invest.ch\/fr\/zusammenschluss-staerkt-elektrokompetenz-in-der-ostschweiz\/"}],"featured_image_src":"https:\/\/www.immo-invest.ch\/wp-content\/uploads\/2025\/04\/immo-invest-unternehmen-bauwirtschaft-unternehmensuebernahme-elektroplanung-thurgau-336x168.png","_links":{"self":[{"href":"https:\/\/www.immo-invest.ch\/fr\/wp-json\/wp\/v2\/posts\/129557","targetHints":{"allow":["GET"]}}],"collection":[{"href":"https:\/\/www.immo-invest.ch\/fr\/wp-json\/wp\/v2\/posts"}],"about":[{"href":"https:\/\/www.immo-invest.ch\/fr\/wp-json\/wp\/v2\/types\/post"}],"author":[{"embeddable":true,"href":"https:\/\/www.immo-invest.ch\/fr\/wp-json\/wp\/v2\/users\/2"}],"replies":[{"embeddable":true,"href":"https:\/\/www.immo-invest.ch\/fr\/wp-json\/wp\/v2\/comments?post=129557"}],"version-history":[{"count":0,"href":"https:\/\/www.immo-invest.ch\/fr\/wp-json\/wp\/v2\/posts\/129557\/revisions"}],"wp:featuredmedia":[{"embeddable":true,"href":"https:\/\/www.immo-invest.ch\/fr\/wp-json\/wp\/v2\/media\/129552"}],"wp:attachment":[{"href":"https:\/\/www.immo-invest.ch\/fr\/wp-json\/wp\/v2\/media?parent=129557"}],"wp:term":[{"taxonomy":"category","embeddable":true,"href":"https:\/\/www.immo-invest.ch\/fr\/wp-json\/wp\/v2\/categories?post=129557"},{"taxonomy":"post_tag","embeddable":true,"href":"https:\/\/www.immo-invest.ch\/fr\/wp-json\/wp\/v2\/tags?post=129557"}],"curies":[{"name":"wp","href":"https:\/\/api.w.org\/{rel}","templated":true}]}}