{"id":129191,"date":"2025-04-02T08:00:00","date_gmt":"2025-04-02T06:00:00","guid":{"rendered":"https:\/\/www.immo-invest.ch\/?p=129191"},"modified":"2025-03-27T10:28:43","modified_gmt":"2025-03-27T09:28:43","slug":"unternehmensgebaeude-wird-zum-kraftwerk-der-zukunft","status":"publish","type":"post","link":"https:\/\/www.immo-invest.ch\/fr\/unternehmensgebaeude-wird-zum-kraftwerk-der-zukunft\/","title":{"rendered":"Un b\u00e2timent d&rsquo;entreprise devient une centrale \u00e9lectrique du futur"},"content":{"rendered":"<p class=\"bodytext wp-block-paragraph\"><a href=\"https:\/\/www.energie360.ch\/de\/\" target=\"_blank\" rel=\"noopener\">Energie 360&deg;<\/a> a transform&eacute; son si&egrave;ge social &agrave; Zurich en une centrale &eacute;lectrique verte, informent le fournisseur d&rsquo;&eacute;nergie actif dans toute la Suisse et la <a href=\"https:\/\/www.stadt-zuerich.ch\/de.html\" target=\"_blank\" rel=\"noopener\">ville de Zurich<\/a> dans un <a href=\"https:\/\/www.energie360.ch\/de\/unternehmen\/medieninformationen\/hauptgebaeude-von-energie-360-zum-gruenen-kraftwerk-umgebaut\/\" target=\"_blank\" rel=\"noopener\">communiqu&eacute;<\/a> commun. Lors des travaux de r&eacute;novation et de remise en &eacute;tat qui viennent de s&rsquo;achever, une grande fa&ccedil;ade photovolta&iuml;que a &eacute;t&eacute; r&eacute;alis&eacute;e &agrave; cet effet. Ses 1600 modules au total devraient produire environ 325 m&eacute;gawattheures d&rsquo;&eacute;lectricit&eacute; par an.<\/p>\n\n\n\n\n\n<p class=\"bodytext wp-block-paragraph\">&laquo;&nbsp;A l&rsquo;avenir, Energie 360&deg; produira environ la moiti&eacute; des besoins annuels en &eacute;nergie de son b&acirc;timent&nbsp;&raquo;, d&eacute;clare Michael Baumer, directeur des services industriels de la ville de Zurich et pr&eacute;sident du conseil d&rsquo;administration d&rsquo;Energie 360&deg;, cit&eacute; dans le communiqu&eacute;. L&rsquo;&eacute;lectricit&eacute; solaire produite doit notamment permettre d&rsquo;alimenter sa propre flotte de voitures &eacute;lectriques. Pour obtenir l&rsquo;autorisation d&rsquo;exploiter l&rsquo;installation, Energie 360 avait d&ucirc; d&eacute;montrer qu&rsquo;un incendie des modules ne pouvait pas se propager sur plus de deux &eacute;tages.<\/p>\n\n\n\n\n\n<p class=\"bodytext wp-block-paragraph\">D&rsquo;ici 2040, Energie 360&deg; veut passer exclusivement aux &eacute;nergies renouvelables pour ses ventes directes. L&rsquo;entreprise est en bonne voie pour atteindre l&rsquo;objectif interm&eacute;diaire de 30% fix&eacute; pour fin 2025, informe Energie 360&deg; dans un autre <a href=\"https:\/\/www.energie360.ch\/de\/unternehmen\/medieninformationen\/energie-360-auf-kurs-in-richtung-100-erneuerbar\/\" target=\"_blank\" rel=\"noopener\">communiqu&eacute;<\/a>. Au cours de l&rsquo;exercice cl&ocirc;tur&eacute; le 30 septembre 2024, une part de 27 pour cent a &eacute;t&eacute; atteinte. Concr&egrave;tement, 1238 des 4590 gigawattheures d&rsquo;&eacute;nergie vendus au total provenaient de sources renouvelables. &laquo;&nbsp;Nous ressentons un large soutien et une reconnaissance pour notre transformation &ndash; de la part des collaborateurs, des entreprises partenaires et des clients*&nbsp;&raquo;, a d&eacute;clar&eacute; le CEO d&rsquo;Energie 360&deg;, J&ouml;rg Wild, cit&eacute; dans le communiqu&eacute;.<\/p>\n\n","protected":false},"excerpt":{"rendered":"<p>Energie 360\u00b0 a transform\u00e9 et r\u00e9nov\u00e9 son si\u00e8ge social \u00e0 Zurich. Une grande fa\u00e7ade photovolta\u00efque a permis de cr\u00e9er une centrale \u00e9lectrique verte pour les besoins propres de l&rsquo;entreprise. Les \u00e9nergies renouvelables repr\u00e9sentent d\u00e9j\u00e0 27% des ventes directes du fournisseur d&rsquo;\u00e9nergie.<\/p>\n","protected":false},"author":2,"featured_media":129186,"comment_status":"open","ping_status":"open","sticky":false,"template":"","format":"standard","meta":{"pmpro_default_level":"","inline_featured_image":false,"_monsterinsights_skip_tracking":false,"footnotes":""},"categories":[22699,8747,22696,743,22438,4957],"tags":[49874,4542,872,3931,2002,873],"class_list":["post-129191","post","type-post","status-publish","format-standard","has-post-thumbnail","hentry","category-durabilite","category-energie","category-entreprise","category-immonews-fr","category-trends-fr","category-region-zurich","tag-eigenstrom-fr","tag-erneuerbare-energie-fr","tag-immoinvest-fr","tag-immonews-fr","tag-news-fr","tag-photovoltaik-fr","pmpro-has-access"],"acf":{"bild_mit_ki_erstellt_worden":[],"lead":"Energie 360\u00b0 a transform\u00e9 et r\u00e9nov\u00e9 son si\u00e8ge social \u00e0 Zurich. Une grande fa\u00e7ade photovolta\u00efque a permis de cr\u00e9er une centrale \u00e9lectrique verte pour les besoins propres de l'entreprise. Les \u00e9nergies renouvelables repr\u00e9sentent d\u00e9j\u00e0 27% des ventes directes du fournisseur d'\u00e9nergie.","autor":"ce\/hs","ort":"Z\u00fcrich","bildunterschrift":"","bild_im_grid":false,"gallerie":"","newsim":""},"aioseo_notices":[],"aioseo_head":"\n\t\t<!-- All in One SEO 5.0.1.1 - aioseo.com -->\n\t<meta name=\"description\" content=\"Energie 360\u00b0 a transform\u00e9 et r\u00e9nov\u00e9 son si\u00e8ge social \u00e0 Zurich. Une grande fa\u00e7ade photovolta\u00efque a permis de cr\u00e9er une centrale \u00e9lectrique verte pour les besoins propres de l&#039;entreprise. Les \u00e9nergies renouvelables repr\u00e9sentent d\u00e9j\u00e0 27% des ventes directes du fournisseur d&#039;\u00e9nergie.\" \/>\n\t<meta name=\"robots\" content=\"max-image-preview:large\" \/>\n\t<meta name=\"author\" content=\"immovestuser\"\/>\n\t<meta name=\"google-site-verification\" content=\"fHJKvgWpZCR2zVBHWfkQeFXC11qieUSff0HGNYfuyLA\" \/>\n\t<link rel=\"canonical\" href=\"https:\/\/www.immo-invest.ch\/fr\/unternehmensgebaeude-wird-zum-kraftwerk-der-zukunft\/\" \/>\n\t<meta name=\"generator\" content=\"All in One SEO (AIOSEO) 5.0.1.1\" \/>\n\t\t<meta property=\"og:locale\" content=\"fr_FR\" \/>\n\t\t<meta property=\"og:site_name\" content=\"immo!nvest - Die Plattform f\u00fcr Standorte und Immobilien - Die\u00a0Plattform f\u00fcr Standorte und Immobilien\" \/>\n\t\t<meta property=\"og:type\" content=\"article\" \/>\n\t\t<meta property=\"og:title\" content=\"Un b\u00e2timent d\u2019entreprise devient une centrale \u00e9lectrique du futur - immo!nvest - Die Plattform f\u00fcr Standorte und Immobilien\" \/>\n\t\t<meta property=\"og:description\" content=\"Energie 360\u00b0 a transform\u00e9 et r\u00e9nov\u00e9 son si\u00e8ge social \u00e0 Zurich. Une grande fa\u00e7ade photovolta\u00efque a permis de cr\u00e9er une centrale \u00e9lectrique verte pour les besoins propres de l&#039;entreprise. Les \u00e9nergies renouvelables repr\u00e9sentent d\u00e9j\u00e0 27% des ventes directes du fournisseur d&#039;\u00e9nergie.\" \/>\n\t\t<meta property=\"og:url\" content=\"https:\/\/www.immo-invest.ch\/fr\/unternehmensgebaeude-wird-zum-kraftwerk-der-zukunft\/\" \/>\n\t\t<meta property=\"og:image\" content=\"https:\/\/www.immo-invest.ch\/wp-content\/uploads\/2025\/03\/immo-invest-energie-nachhaltigkeit-unternehmen-photovoltaik-eigenstron.png\" \/>\n\t\t<meta property=\"og:image:secure_url\" content=\"https:\/\/www.immo-invest.ch\/wp-content\/uploads\/2025\/03\/immo-invest-energie-nachhaltigkeit-unternehmen-photovoltaik-eigenstron.png\" \/>\n\t\t<meta property=\"og:image:width\" content=\"1344\" \/>\n\t\t<meta property=\"og:image:height\" content=\"896\" \/>\n\t\t<meta property=\"article:published_time\" content=\"2025-04-02T06:00:00+00:00\" \/>\n\t\t<meta property=\"article:modified_time\" content=\"2025-03-27T09:28:43+00:00\" \/>\n\t\t<meta property=\"article:publisher\" content=\"https:\/\/www.facebook.com\/people\/Immoinvest\/100077962920504\/\" \/>\n\t\t<meta name=\"twitter:card\" content=\"summary_large_image\" \/>\n\t\t<meta name=\"twitter:site\" content=\"@i\" \/>\n\t\t<meta name=\"twitter:title\" content=\"Un b\u00e2timent d\u2019entreprise devient une centrale \u00e9lectrique du futur - immo!nvest - Die Plattform f\u00fcr Standorte und Immobilien\" \/>\n\t\t<meta name=\"twitter:description\" content=\"Energie 360\u00b0 a transform\u00e9 et r\u00e9nov\u00e9 son si\u00e8ge social \u00e0 Zurich. Une grande fa\u00e7ade photovolta\u00efque a permis de cr\u00e9er une centrale \u00e9lectrique verte pour les besoins propres de l&#039;entreprise. Les \u00e9nergies renouvelables repr\u00e9sentent d\u00e9j\u00e0 27% des ventes directes du fournisseur d&#039;\u00e9nergie.\" \/>\n\t\t<meta name=\"twitter:creator\" content=\"@i\" \/>\n\t\t<meta name=\"twitter:image\" content=\"https:\/\/www.immo-invest.ch\/wp-content\/uploads\/2025\/03\/immo-invest-energie-nachhaltigkeit-unternehmen-photovoltaik-eigenstron.png\" \/>\n\t\t<script type=\"application\/ld+json\" class=\"aioseo-schema\">\n\t\t\t{\"@context\":\"https:\\\/\\\/schema.org\",\"@graph\":[{\"@type\":\"BlogPosting\",\"@id\":\"https:\\\/\\\/www.immo-invest.ch\\\/fr\\\/unternehmensgebaeude-wird-zum-kraftwerk-der-zukunft\\\/#blogposting\",\"name\":\"Un b\\u00e2timent d\\u2019entreprise devient une centrale \\u00e9lectrique du futur - immo!nvest - Die Plattform f\\u00fcr Standorte und Immobilien\",\"headline\":\"Un b\\u00e2timent d&rsquo;entreprise devient une centrale \\u00e9lectrique du futur\",\"author\":{\"@id\":\"https:\\\/\\\/www.immo-invest.ch\\\/fr\\\/author\\\/immovestuser\\\/#author\"},\"publisher\":{\"@id\":\"https:\\\/\\\/www.immo-invest.ch\\\/fr\\\/#organization\"},\"image\":{\"@type\":\"ImageObject\",\"url\":\"https:\\\/\\\/www.immo-invest.ch\\\/wp-content\\\/uploads\\\/2025\\\/03\\\/immo-invest-energie-nachhaltigkeit-unternehmen-photovoltaik-eigenstron.png\",\"width\":1344,\"height\":896},\"datePublished\":\"2025-04-02T08:00:00+02:00\",\"dateModified\":\"2025-03-27T10:28:43+01:00\",\"inLanguage\":\"fr-FR\",\"mainEntityOfPage\":{\"@id\":\"https:\\\/\\\/www.immo-invest.ch\\\/fr\\\/unternehmensgebaeude-wird-zum-kraftwerk-der-zukunft\\\/#webpage\"},\"isPartOf\":{\"@id\":\"https:\\\/\\\/www.immo-invest.ch\\\/fr\\\/unternehmensgebaeude-wird-zum-kraftwerk-der-zukunft\\\/#webpage\"},\"articleSection\":\"Durabilit\\u00e9, \\u00c9nergie, Entreprise, immoNews, Trends, Zurich, Eigenstrom, erneuerbare Energie, Immoinvest, immoNews, News, Photovoltaik, Facultatif\"},{\"@type\":\"BreadcrumbList\",\"@id\":\"https:\\\/\\\/www.immo-invest.ch\\\/fr\\\/unternehmensgebaeude-wird-zum-kraftwerk-der-zukunft\\\/#breadcrumblist\",\"itemListElement\":[{\"@type\":\"ListItem\",\"@id\":\"https:\\\/\\\/www.immo-invest.ch\\\/fr\\\/#listItem\",\"position\":1,\"name\":\"Home\",\"item\":\"https:\\\/\\\/www.immo-invest.ch\\\/fr\\\/\",\"nextItem\":{\"@type\":\"ListItem\",\"@id\":\"https:\\\/\\\/www.immo-invest.ch\\\/fr\\\/categories\\\/regions\\\/#listItem\",\"name\":\"R\\u00e9gions\"}},{\"@type\":\"ListItem\",\"@id\":\"https:\\\/\\\/www.immo-invest.ch\\\/fr\\\/categories\\\/regions\\\/#listItem\",\"position\":2,\"name\":\"R\\u00e9gions\",\"item\":\"https:\\\/\\\/www.immo-invest.ch\\\/fr\\\/categories\\\/regions\\\/\",\"nextItem\":{\"@type\":\"ListItem\",\"@id\":\"https:\\\/\\\/www.immo-invest.ch\\\/fr\\\/categories\\\/regions\\\/suisse\\\/#listItem\",\"name\":\"Suisse\"},\"previousItem\":{\"@type\":\"ListItem\",\"@id\":\"https:\\\/\\\/www.immo-invest.ch\\\/fr\\\/#listItem\",\"name\":\"Home\"}},{\"@type\":\"ListItem\",\"@id\":\"https:\\\/\\\/www.immo-invest.ch\\\/fr\\\/categories\\\/regions\\\/suisse\\\/#listItem\",\"position\":3,\"name\":\"Suisse\",\"item\":\"https:\\\/\\\/www.immo-invest.ch\\\/fr\\\/categories\\\/regions\\\/suisse\\\/\",\"nextItem\":{\"@type\":\"ListItem\",\"@id\":\"https:\\\/\\\/www.immo-invest.ch\\\/fr\\\/categories\\\/regions\\\/suisse\\\/region-zurich\\\/#listItem\",\"name\":\"Zurich\"},\"previousItem\":{\"@type\":\"ListItem\",\"@id\":\"https:\\\/\\\/www.immo-invest.ch\\\/fr\\\/categories\\\/regions\\\/#listItem\",\"name\":\"R\\u00e9gions\"}},{\"@type\":\"ListItem\",\"@id\":\"https:\\\/\\\/www.immo-invest.ch\\\/fr\\\/categories\\\/regions\\\/suisse\\\/region-zurich\\\/#listItem\",\"position\":4,\"name\":\"Zurich\",\"item\":\"https:\\\/\\\/www.immo-invest.ch\\\/fr\\\/categories\\\/regions\\\/suisse\\\/region-zurich\\\/\",\"nextItem\":{\"@type\":\"ListItem\",\"@id\":\"https:\\\/\\\/www.immo-invest.ch\\\/fr\\\/unternehmensgebaeude-wird-zum-kraftwerk-der-zukunft\\\/#listItem\",\"name\":\"Un b\\u00e2timent d&rsquo;entreprise devient une centrale \\u00e9lectrique du futur\"},\"previousItem\":{\"@type\":\"ListItem\",\"@id\":\"https:\\\/\\\/www.immo-invest.ch\\\/fr\\\/categories\\\/regions\\\/suisse\\\/#listItem\",\"name\":\"Suisse\"}},{\"@type\":\"ListItem\",\"@id\":\"https:\\\/\\\/www.immo-invest.ch\\\/fr\\\/unternehmensgebaeude-wird-zum-kraftwerk-der-zukunft\\\/#listItem\",\"position\":5,\"name\":\"Un b\\u00e2timent d&rsquo;entreprise devient une centrale \\u00e9lectrique du futur\",\"previousItem\":{\"@type\":\"ListItem\",\"@id\":\"https:\\\/\\\/www.immo-invest.ch\\\/fr\\\/categories\\\/regions\\\/suisse\\\/region-zurich\\\/#listItem\",\"name\":\"Zurich\"}}]},{\"@type\":\"Organization\",\"@id\":\"https:\\\/\\\/www.immo-invest.ch\\\/fr\\\/#organization\",\"name\":\"immo!nvest - Die Plattform f\\u00fcr Standorte und Immobilien\",\"description\":\"Die\\u00a0Plattform f\\u00fcr Standorte und Immobilien\",\"url\":\"https:\\\/\\\/www.immo-invest.ch\\\/fr\\\/\",\"email\":\"admin@immomedia.ag\",\"telephone\":\"+41444420002\",\"logo\":{\"@type\":\"ImageObject\",\"url\":\"https:\\\/\\\/www.immo-invest.ch\\\/wp-content\\\/uploads\\\/2024\\\/09\\\/immoinvest_sm-scaled.jpg\",\"@id\":\"https:\\\/\\\/www.immo-invest.ch\\\/fr\\\/unternehmensgebaeude-wird-zum-kraftwerk-der-zukunft\\\/#organizationLogo\",\"width\":2560,\"height\":1340},\"image\":{\"@id\":\"https:\\\/\\\/www.immo-invest.ch\\\/fr\\\/unternehmensgebaeude-wird-zum-kraftwerk-der-zukunft\\\/#organizationLogo\"},\"sameAs\":[\"https:\\\/\\\/www.facebook.com\\\/people\\\/Immoinvest\\\/100077962920504\\\/\",\"https:\\\/\\\/x.com\\\/i\\\/flow\\\/login?redirect_after_login=immoinvest_ch\",\"https:\\\/\\\/www.instagram.com\\\/immoinvest_ch\\\/\",\"https:\\\/\\\/www.linkedin.com\\\/company\\\/immoinvest-swiss\"]},{\"@type\":\"Person\",\"@id\":\"https:\\\/\\\/www.immo-invest.ch\\\/fr\\\/author\\\/immovestuser\\\/#author\",\"url\":\"https:\\\/\\\/www.immo-invest.ch\\\/fr\\\/author\\\/immovestuser\\\/\",\"name\":\"immovestuser\",\"image\":{\"@type\":\"ImageObject\",\"@id\":\"https:\\\/\\\/www.immo-invest.ch\\\/fr\\\/unternehmensgebaeude-wird-zum-kraftwerk-der-zukunft\\\/#authorImage\",\"url\":\"https:\\\/\\\/secure.gravatar.com\\\/avatar\\\/8e01f4d99f2eeea7a362ebb93305e1172a70e9293ba250f897a65c39f54cdd1e?s=96&d=mm&r=g\",\"width\":96,\"height\":96,\"caption\":\"immovestuser\"}},{\"@type\":\"WebPage\",\"@id\":\"https:\\\/\\\/www.immo-invest.ch\\\/fr\\\/unternehmensgebaeude-wird-zum-kraftwerk-der-zukunft\\\/#webpage\",\"url\":\"https:\\\/\\\/www.immo-invest.ch\\\/fr\\\/unternehmensgebaeude-wird-zum-kraftwerk-der-zukunft\\\/\",\"name\":\"Un b\\u00e2timent d\\u2019entreprise devient une centrale \\u00e9lectrique du futur - immo!nvest - Die Plattform f\\u00fcr Standorte und Immobilien\",\"description\":\"Energie 360\\u00b0 a transform\\u00e9 et r\\u00e9nov\\u00e9 son si\\u00e8ge social \\u00e0 Zurich. Une grande fa\\u00e7ade photovolta\\u00efque a permis de cr\\u00e9er une centrale \\u00e9lectrique verte pour les besoins propres de l'entreprise. Les \\u00e9nergies renouvelables repr\\u00e9sentent d\\u00e9j\\u00e0 27% des ventes directes du fournisseur d'\\u00e9nergie.\",\"inLanguage\":\"fr-FR\",\"isPartOf\":{\"@id\":\"https:\\\/\\\/www.immo-invest.ch\\\/fr\\\/#website\"},\"breadcrumb\":{\"@id\":\"https:\\\/\\\/www.immo-invest.ch\\\/fr\\\/unternehmensgebaeude-wird-zum-kraftwerk-der-zukunft\\\/#breadcrumblist\"},\"author\":{\"@id\":\"https:\\\/\\\/www.immo-invest.ch\\\/fr\\\/author\\\/immovestuser\\\/#author\"},\"creator\":{\"@id\":\"https:\\\/\\\/www.immo-invest.ch\\\/fr\\\/author\\\/immovestuser\\\/#author\"},\"image\":{\"@type\":\"ImageObject\",\"url\":\"https:\\\/\\\/www.immo-invest.ch\\\/wp-content\\\/uploads\\\/2025\\\/03\\\/immo-invest-energie-nachhaltigkeit-unternehmen-photovoltaik-eigenstron.png\",\"@id\":\"https:\\\/\\\/www.immo-invest.ch\\\/fr\\\/unternehmensgebaeude-wird-zum-kraftwerk-der-zukunft\\\/#mainImage\",\"width\":1344,\"height\":896},\"primaryImageOfPage\":{\"@id\":\"https:\\\/\\\/www.immo-invest.ch\\\/fr\\\/unternehmensgebaeude-wird-zum-kraftwerk-der-zukunft\\\/#mainImage\"},\"datePublished\":\"2025-04-02T08:00:00+02:00\",\"dateModified\":\"2025-03-27T10:28:43+01:00\"},{\"@type\":\"WebSite\",\"@id\":\"https:\\\/\\\/www.immo-invest.ch\\\/fr\\\/#website\",\"url\":\"https:\\\/\\\/www.immo-invest.ch\\\/fr\\\/\",\"name\":\"immo!nvest - Die Plattform f\\u00fcr Standorte und Immobilien\",\"description\":\"Die\\u00a0Plattform f\\u00fcr Standorte und Immobilien\",\"inLanguage\":\"fr-FR\",\"publisher\":{\"@id\":\"https:\\\/\\\/www.immo-invest.ch\\\/fr\\\/#organization\"}}]}\n\t\t<\/script>\n\t\t<!-- All in One SEO -->\n\n","aioseo_head_json":{"title":"Un b\u00e2timent d\u2019entreprise devient une centrale \u00e9lectrique du futur - immo!nvest - Die Plattform f\u00fcr Standorte und Immobilien","description":"Energie 360\u00b0 a transform\u00e9 et r\u00e9nov\u00e9 son si\u00e8ge social \u00e0 Zurich. Une grande fa\u00e7ade photovolta\u00efque a permis de cr\u00e9er une centrale \u00e9lectrique verte pour les besoins propres de l'entreprise. Les \u00e9nergies renouvelables repr\u00e9sentent d\u00e9j\u00e0 27% des ventes directes du fournisseur d'\u00e9nergie.","canonical_url":"https:\/\/www.immo-invest.ch\/fr\/unternehmensgebaeude-wird-zum-kraftwerk-der-zukunft\/","robots":"max-image-preview:large","keywords":"","webmasterTools":{"google-site-verification":"fHJKvgWpZCR2zVBHWfkQeFXC11qieUSff0HGNYfuyLA","miscellaneous":""},"schema":{"@context":"https:\/\/schema.org","@graph":[{"@type":"BlogPosting","@id":"https:\/\/www.immo-invest.ch\/fr\/unternehmensgebaeude-wird-zum-kraftwerk-der-zukunft\/#blogposting","name":"Un b\u00e2timent d\u2019entreprise devient une centrale \u00e9lectrique du futur - immo!nvest - Die Plattform f\u00fcr Standorte und Immobilien","headline":"Un b\u00e2timent d&rsquo;entreprise devient une centrale \u00e9lectrique du futur","author":{"@id":"https:\/\/www.immo-invest.ch\/fr\/author\/immovestuser\/#author"},"publisher":{"@id":"https:\/\/www.immo-invest.ch\/fr\/#organization"},"image":{"@type":"ImageObject","url":"https:\/\/www.immo-invest.ch\/wp-content\/uploads\/2025\/03\/immo-invest-energie-nachhaltigkeit-unternehmen-photovoltaik-eigenstron.png","width":1344,"height":896},"datePublished":"2025-04-02T08:00:00+02:00","dateModified":"2025-03-27T10:28:43+01:00","inLanguage":"fr-FR","mainEntityOfPage":{"@id":"https:\/\/www.immo-invest.ch\/fr\/unternehmensgebaeude-wird-zum-kraftwerk-der-zukunft\/#webpage"},"isPartOf":{"@id":"https:\/\/www.immo-invest.ch\/fr\/unternehmensgebaeude-wird-zum-kraftwerk-der-zukunft\/#webpage"},"articleSection":"Durabilit\u00e9, \u00c9nergie, Entreprise, immoNews, Trends, Zurich, Eigenstrom, erneuerbare Energie, Immoinvest, immoNews, News, Photovoltaik, Facultatif"},{"@type":"BreadcrumbList","@id":"https:\/\/www.immo-invest.ch\/fr\/unternehmensgebaeude-wird-zum-kraftwerk-der-zukunft\/#breadcrumblist","itemListElement":[{"@type":"ListItem","@id":"https:\/\/www.immo-invest.ch\/fr\/#listItem","position":1,"name":"Home","item":"https:\/\/www.immo-invest.ch\/fr\/","nextItem":{"@type":"ListItem","@id":"https:\/\/www.immo-invest.ch\/fr\/categories\/regions\/#listItem","name":"R\u00e9gions"}},{"@type":"ListItem","@id":"https:\/\/www.immo-invest.ch\/fr\/categories\/regions\/#listItem","position":2,"name":"R\u00e9gions","item":"https:\/\/www.immo-invest.ch\/fr\/categories\/regions\/","nextItem":{"@type":"ListItem","@id":"https:\/\/www.immo-invest.ch\/fr\/categories\/regions\/suisse\/#listItem","name":"Suisse"},"previousItem":{"@type":"ListItem","@id":"https:\/\/www.immo-invest.ch\/fr\/#listItem","name":"Home"}},{"@type":"ListItem","@id":"https:\/\/www.immo-invest.ch\/fr\/categories\/regions\/suisse\/#listItem","position":3,"name":"Suisse","item":"https:\/\/www.immo-invest.ch\/fr\/categories\/regions\/suisse\/","nextItem":{"@type":"ListItem","@id":"https:\/\/www.immo-invest.ch\/fr\/categories\/regions\/suisse\/region-zurich\/#listItem","name":"Zurich"},"previousItem":{"@type":"ListItem","@id":"https:\/\/www.immo-invest.ch\/fr\/categories\/regions\/#listItem","name":"R\u00e9gions"}},{"@type":"ListItem","@id":"https:\/\/www.immo-invest.ch\/fr\/categories\/regions\/suisse\/region-zurich\/#listItem","position":4,"name":"Zurich","item":"https:\/\/www.immo-invest.ch\/fr\/categories\/regions\/suisse\/region-zurich\/","nextItem":{"@type":"ListItem","@id":"https:\/\/www.immo-invest.ch\/fr\/unternehmensgebaeude-wird-zum-kraftwerk-der-zukunft\/#listItem","name":"Un b\u00e2timent d&rsquo;entreprise devient une centrale \u00e9lectrique du futur"},"previousItem":{"@type":"ListItem","@id":"https:\/\/www.immo-invest.ch\/fr\/categories\/regions\/suisse\/#listItem","name":"Suisse"}},{"@type":"ListItem","@id":"https:\/\/www.immo-invest.ch\/fr\/unternehmensgebaeude-wird-zum-kraftwerk-der-zukunft\/#listItem","position":5,"name":"Un b\u00e2timent d&rsquo;entreprise devient une centrale \u00e9lectrique du futur","previousItem":{"@type":"ListItem","@id":"https:\/\/www.immo-invest.ch\/fr\/categories\/regions\/suisse\/region-zurich\/#listItem","name":"Zurich"}}]},{"@type":"Organization","@id":"https:\/\/www.immo-invest.ch\/fr\/#organization","name":"immo!nvest - Die Plattform f\u00fcr Standorte und Immobilien","description":"Die\u00a0Plattform f\u00fcr Standorte und Immobilien","url":"https:\/\/www.immo-invest.ch\/fr\/","email":"admin@immomedia.ag","telephone":"+41444420002","logo":{"@type":"ImageObject","url":"https:\/\/www.immo-invest.ch\/wp-content\/uploads\/2024\/09\/immoinvest_sm-scaled.jpg","@id":"https:\/\/www.immo-invest.ch\/fr\/unternehmensgebaeude-wird-zum-kraftwerk-der-zukunft\/#organizationLogo","width":2560,"height":1340},"image":{"@id":"https:\/\/www.immo-invest.ch\/fr\/unternehmensgebaeude-wird-zum-kraftwerk-der-zukunft\/#organizationLogo"},"sameAs":["https:\/\/www.facebook.com\/people\/Immoinvest\/100077962920504\/","https:\/\/x.com\/i\/flow\/login?redirect_after_login=immoinvest_ch","https:\/\/www.instagram.com\/immoinvest_ch\/","https:\/\/www.linkedin.com\/company\/immoinvest-swiss"]},{"@type":"Person","@id":"https:\/\/www.immo-invest.ch\/fr\/author\/immovestuser\/#author","url":"https:\/\/www.immo-invest.ch\/fr\/author\/immovestuser\/","name":"immovestuser","image":{"@type":"ImageObject","@id":"https:\/\/www.immo-invest.ch\/fr\/unternehmensgebaeude-wird-zum-kraftwerk-der-zukunft\/#authorImage","url":"https:\/\/secure.gravatar.com\/avatar\/8e01f4d99f2eeea7a362ebb93305e1172a70e9293ba250f897a65c39f54cdd1e?s=96&d=mm&r=g","width":96,"height":96,"caption":"immovestuser"}},{"@type":"WebPage","@id":"https:\/\/www.immo-invest.ch\/fr\/unternehmensgebaeude-wird-zum-kraftwerk-der-zukunft\/#webpage","url":"https:\/\/www.immo-invest.ch\/fr\/unternehmensgebaeude-wird-zum-kraftwerk-der-zukunft\/","name":"Un b\u00e2timent d\u2019entreprise devient une centrale \u00e9lectrique du futur - immo!nvest - Die Plattform f\u00fcr Standorte und Immobilien","description":"Energie 360\u00b0 a transform\u00e9 et r\u00e9nov\u00e9 son si\u00e8ge social \u00e0 Zurich. Une grande fa\u00e7ade photovolta\u00efque a permis de cr\u00e9er une centrale \u00e9lectrique verte pour les besoins propres de l'entreprise. Les \u00e9nergies renouvelables repr\u00e9sentent d\u00e9j\u00e0 27% des ventes directes du fournisseur d'\u00e9nergie.","inLanguage":"fr-FR","isPartOf":{"@id":"https:\/\/www.immo-invest.ch\/fr\/#website"},"breadcrumb":{"@id":"https:\/\/www.immo-invest.ch\/fr\/unternehmensgebaeude-wird-zum-kraftwerk-der-zukunft\/#breadcrumblist"},"author":{"@id":"https:\/\/www.immo-invest.ch\/fr\/author\/immovestuser\/#author"},"creator":{"@id":"https:\/\/www.immo-invest.ch\/fr\/author\/immovestuser\/#author"},"image":{"@type":"ImageObject","url":"https:\/\/www.immo-invest.ch\/wp-content\/uploads\/2025\/03\/immo-invest-energie-nachhaltigkeit-unternehmen-photovoltaik-eigenstron.png","@id":"https:\/\/www.immo-invest.ch\/fr\/unternehmensgebaeude-wird-zum-kraftwerk-der-zukunft\/#mainImage","width":1344,"height":896},"primaryImageOfPage":{"@id":"https:\/\/www.immo-invest.ch\/fr\/unternehmensgebaeude-wird-zum-kraftwerk-der-zukunft\/#mainImage"},"datePublished":"2025-04-02T08:00:00+02:00","dateModified":"2025-03-27T10:28:43+01:00"},{"@type":"WebSite","@id":"https:\/\/www.immo-invest.ch\/fr\/#website","url":"https:\/\/www.immo-invest.ch\/fr\/","name":"immo!nvest - Die Plattform f\u00fcr Standorte und Immobilien","description":"Die\u00a0Plattform f\u00fcr Standorte und Immobilien","inLanguage":"fr-FR","publisher":{"@id":"https:\/\/www.immo-invest.ch\/fr\/#organization"}}]},"og:locale":"fr_FR","og:site_name":"immo!nvest - Die Plattform f\u00fcr Standorte und Immobilien - Die\u00a0Plattform f\u00fcr Standorte und Immobilien","og:type":"article","og:title":"Un b\u00e2timent d\u2019entreprise devient une centrale \u00e9lectrique du futur - immo!nvest - Die Plattform f\u00fcr Standorte und Immobilien","og:description":"Energie 360\u00b0 a transform\u00e9 et r\u00e9nov\u00e9 son si\u00e8ge social \u00e0 Zurich. Une grande fa\u00e7ade photovolta\u00efque a permis de cr\u00e9er une centrale \u00e9lectrique verte pour les besoins propres de l'entreprise. Les \u00e9nergies renouvelables repr\u00e9sentent d\u00e9j\u00e0 27% des ventes directes du fournisseur d'\u00e9nergie.","og:url":"https:\/\/www.immo-invest.ch\/fr\/unternehmensgebaeude-wird-zum-kraftwerk-der-zukunft\/","og:image":"https:\/\/www.immo-invest.ch\/wp-content\/uploads\/2025\/03\/immo-invest-energie-nachhaltigkeit-unternehmen-photovoltaik-eigenstron.png","og:image:secure_url":"https:\/\/www.immo-invest.ch\/wp-content\/uploads\/2025\/03\/immo-invest-energie-nachhaltigkeit-unternehmen-photovoltaik-eigenstron.png","og:image:width":1344,"og:image:height":896,"article:published_time":"2025-04-02T06:00:00+00:00","article:modified_time":"2025-03-27T09:28:43+00:00","article:publisher":"https:\/\/www.facebook.com\/people\/Immoinvest\/100077962920504\/","twitter:card":"summary_large_image","twitter:site":"@i","twitter:title":"Un b\u00e2timent d\u2019entreprise devient une centrale \u00e9lectrique du futur - immo!nvest - Die Plattform f\u00fcr Standorte und Immobilien","twitter:description":"Energie 360\u00b0 a transform\u00e9 et r\u00e9nov\u00e9 son si\u00e8ge social \u00e0 Zurich. Une grande fa\u00e7ade photovolta\u00efque a permis de cr\u00e9er une centrale \u00e9lectrique verte pour les besoins propres de l'entreprise. Les \u00e9nergies renouvelables repr\u00e9sentent d\u00e9j\u00e0 27% des ventes directes du fournisseur d'\u00e9nergie.","twitter:creator":"@i","twitter:image":"https:\/\/www.immo-invest.ch\/wp-content\/uploads\/2025\/03\/immo-invest-energie-nachhaltigkeit-unternehmen-photovoltaik-eigenstron.png"},"aioseo_meta_data":{"post_id":"129191","title":null,"description":null,"keywords":null,"keyphrases":{"focus":{"keyphrase":"","score":0,"analysis":{"keyphraseInTitle":{"score":0,"maxScore":9,"error":1}}},"additional":[]},"primary_term":null,"canonical_url":null,"og_title":null,"og_description":null,"og_object_type":"default","og_image_type":"default","og_image_url":null,"og_image_width":null,"og_image_height":null,"og_image_custom_url":null,"og_image_custom_fields":null,"og_video":"","og_custom_url":null,"og_article_section":null,"og_article_tags":null,"twitter_use_og":false,"twitter_card":"default","twitter_image_type":"default","twitter_image_url":null,"twitter_image_custom_url":null,"twitter_image_custom_fields":null,"twitter_title":null,"twitter_description":null,"schema":{"blockGraphs":[],"customGraphs":[],"default":{"data":{"Article":[],"Course":[],"Dataset":[],"FAQPage":[],"Movie":[],"Person":[],"Product":[],"ProductReview":[],"Car":[],"Recipe":[],"Service":[],"SoftwareApplication":[],"WebPage":[]},"graphName":"BlogPosting","isEnabled":true},"graphs":[]},"schema_type":"default","schema_type_options":null,"pillar_content":false,"robots_default":true,"robots_noindex":false,"robots_noarchive":false,"robots_nosnippet":false,"robots_nofollow":false,"robots_noimageindex":false,"robots_noodp":false,"robots_notranslate":false,"robots_max_snippet":"-1","robots_max_videopreview":"-1","robots_max_imagepreview":"large","priority":null,"frequency":"default","local_seo":null,"breadcrumb_settings":null,"limit_modified_date":false,"ai":null,"created":"2025-03-27 09:28:44","updated":"2025-10-24 18:24:14","seo_analyzer_scan_date":null,"focus_keyword":null,"additional_keywords":null,"truseo_locale":null},"aioseo_breadcrumb":"<div class=\"aioseo-breadcrumbs\"><span class=\"aioseo-breadcrumb\">\n\t\t\t<a href=\"https:\/\/www.immo-invest.ch\/fr\/\" title=\"Home\">Home<\/a>\n\t\t<\/span><span class=\"aioseo-breadcrumb-separator\">&raquo;<\/span><span class=\"aioseo-breadcrumb\">\n\t\t\t<a href=\"https:\/\/www.immo-invest.ch\/fr\/categories\/regions\/\" title=\"R\u00e9gions\">R\u00e9gions<\/a>\n\t\t<\/span><span class=\"aioseo-breadcrumb-separator\">&raquo;<\/span><span class=\"aioseo-breadcrumb\">\n\t\t\t<a href=\"https:\/\/www.immo-invest.ch\/fr\/categories\/regions\/suisse\/\" title=\"Suisse\">Suisse<\/a>\n\t\t<\/span><span class=\"aioseo-breadcrumb-separator\">&raquo;<\/span><span class=\"aioseo-breadcrumb\">\n\t\t\t<a href=\"https:\/\/www.immo-invest.ch\/fr\/categories\/regions\/suisse\/region-zurich\/\" title=\"Zurich\">Zurich<\/a>\n\t\t<\/span><span class=\"aioseo-breadcrumb-separator\">&raquo;<\/span><span class=\"aioseo-breadcrumb\">\n\t\t\tUn b\u00e2timent d\u2019entreprise devient une centrale \u00e9lectrique du futur\n\t\t<\/span><\/div>","aioseo_breadcrumb_json":[{"label":"Home","link":"https:\/\/www.immo-invest.ch\/fr\/"},{"label":"R\u00e9gions","link":"https:\/\/www.immo-invest.ch\/fr\/categories\/regions\/"},{"label":"Suisse","link":"https:\/\/www.immo-invest.ch\/fr\/categories\/regions\/suisse\/"},{"label":"Zurich","link":"https:\/\/www.immo-invest.ch\/fr\/categories\/regions\/suisse\/region-zurich\/"},{"label":"Un b\u00e2timent d&rsquo;entreprise devient une centrale \u00e9lectrique du futur","link":"https:\/\/www.immo-invest.ch\/fr\/unternehmensgebaeude-wird-zum-kraftwerk-der-zukunft\/"}],"featured_image_src":"https:\/\/www.immo-invest.ch\/wp-content\/uploads\/2025\/03\/immo-invest-energie-nachhaltigkeit-unternehmen-photovoltaik-eigenstron-336x168.png","_links":{"self":[{"href":"https:\/\/www.immo-invest.ch\/fr\/wp-json\/wp\/v2\/posts\/129191","targetHints":{"allow":["GET"]}}],"collection":[{"href":"https:\/\/www.immo-invest.ch\/fr\/wp-json\/wp\/v2\/posts"}],"about":[{"href":"https:\/\/www.immo-invest.ch\/fr\/wp-json\/wp\/v2\/types\/post"}],"author":[{"embeddable":true,"href":"https:\/\/www.immo-invest.ch\/fr\/wp-json\/wp\/v2\/users\/2"}],"replies":[{"embeddable":true,"href":"https:\/\/www.immo-invest.ch\/fr\/wp-json\/wp\/v2\/comments?post=129191"}],"version-history":[{"count":0,"href":"https:\/\/www.immo-invest.ch\/fr\/wp-json\/wp\/v2\/posts\/129191\/revisions"}],"wp:featuredmedia":[{"embeddable":true,"href":"https:\/\/www.immo-invest.ch\/fr\/wp-json\/wp\/v2\/media\/129186"}],"wp:attachment":[{"href":"https:\/\/www.immo-invest.ch\/fr\/wp-json\/wp\/v2\/media?parent=129191"}],"wp:term":[{"taxonomy":"category","embeddable":true,"href":"https:\/\/www.immo-invest.ch\/fr\/wp-json\/wp\/v2\/categories?post=129191"},{"taxonomy":"post_tag","embeddable":true,"href":"https:\/\/www.immo-invest.ch\/fr\/wp-json\/wp\/v2\/tags?post=129191"}],"curies":[{"name":"wp","href":"https:\/\/api.w.org\/{rel}","templated":true}]}}