{"id":128869,"date":"2025-03-25T14:23:39","date_gmt":"2025-03-25T13:23:39","guid":{"rendered":"https:\/\/www.immo-invest.ch\/luzern-reagiert-auf-steuerdruck-mit-milliardenpaket\/"},"modified":"2025-03-25T14:57:17","modified_gmt":"2025-03-25T13:57:17","slug":"luzern-reagiert-auf-steuerdruck-mit-milliardenpaket","status":"publish","type":"post","link":"https:\/\/www.immo-invest.ch\/fr\/luzern-reagiert-auf-steuerdruck-mit-milliardenpaket\/","title":{"rendered":"Lucerne r\u00e9pond \u00e0 la pression fiscale par un paquet de plusieurs milliards"},"content":{"rendered":"<p class=\"wp-block-paragraph\">La concurrence fiscale internationale est r&eacute;ajust&eacute;e par l&rsquo;imposition minimale de l&rsquo;OCDE et touche Lucerne de plein fouet. L&rsquo;avantage que repr&eacute;sentait jusqu&rsquo;&agrave; pr&eacute;sent un faible taux d&rsquo;imposition des entreprises pour les groupes internationaux dispara&icirc;t. Il pourrait en r&eacute;sulter une d&eacute;localisation des entreprises, une baisse des investissements et des pertes massives de recettes fiscales. Plus d&rsquo;un milliard de francs sont en jeu pour la Conf&eacute;d&eacute;ration, le canton et les communes &ndash; un sc&eacute;nario que Lucerne ne veut pas accepter sans r&eacute;agir.<\/p>\n\n\n\n\n\n<p class=\"wp-block-paragraph\"><strong>Renforcer la place &eacute;conomique, garantir la qualit&eacute; de vie<br><\/strong>Le Conseil d&rsquo;&Eacute;tat r&eacute;agit en lan&ccedil;ant un vaste programme de promotion de la place &eacute;conomique, qui repr&eacute;sente environ 300 millions de francs par an. Pr&egrave;s des deux tiers de cette somme seront directement affect&eacute;s &agrave; des mesures visant &agrave; promouvoir l&rsquo;<span class=\"glossaryLink\" aria-describedby=\"tt\" data-cmtooltip=\"&lt;div class=glossaryItemTitle&gt;Innovation&lt;\/div&gt;&lt;div class=glossaryItemBody&gt;Innovation in der heutigen Immobilienwelt bedeutet vor allem Digitalisierung von Prozessen. Zum Beispiel das Eliminieren von Tausenden von Excel-Bl&auml;ttern f&uuml;r Portfolio- und Asset-Manager oder das Erstellen einer Anwendung (App) f&uuml;r alle Formalit&auml;ten rund um die Beziehung zwischen Immobilieneigent&uuml;mern, - verwaltung und -mietern.&lt;\/div&gt;\" data-mobile-support=\"0\" data-gt-translate-attributes='[{\"attribute\":\"data-cmtooltip\", \"format\":\"html\"}]' tabindex=\"0\" role=\"link\">innovation<\/span>, la num&eacute;risation, les surfaces &eacute;conomiques et une administration favorable aux entreprises. Cela cr&eacute;e &eacute;galement de nouvelles opportunit&eacute;s pour les promoteurs immobiliers et les investisseurs. Notamment dans la planification et la r&eacute;alisation de projets commerciaux et d&rsquo;infrastructures tourn&eacute;s vers l&rsquo;avenir.<\/p>\n\n\n\n\n\n<p class=\"wp-block-paragraph\">Le tiers restant est consacr&eacute; &agrave; la qualit&eacute; de vie. Les mesures vont de l&rsquo;all&egrave;gement fiscal &agrave; la promotion de la culture et de la participation num&eacute;rique, en passant par la convivialit&eacute; pour les familles, des facteurs cl&eacute;s de localisation lorsqu&rsquo;il s&rsquo;agit de fid&eacute;liser les talents et d&rsquo;attirer de nouveaux travailleurs.<\/p>\n\n\n\n\n\n<p class=\"wp-block-paragraph\"><strong>Participatif et tourn&eacute; vers l&rsquo;avenir<br><\/strong>Le programme a &eacute;t&eacute; &eacute;labor&eacute; en &eacute;troite concertation avec les entreprises, les communes et les partenaires sociaux. Une consultation publique est ouverte jusqu&rsquo;au 9 juin 2025 via l&rsquo;outil &laquo;&nbsp;e-participation&nbsp;&raquo;. La d&eacute;cision finale revient au peuple. Le paquet sera soumis au vote en septembre 2026, l&rsquo;entr&eacute;e en vigueur &eacute;tant pr&eacute;vue pour le 1er octobre 2026.<\/p>\n\n\n\n\n\n<p class=\"wp-block-paragraph\">Avec ce projet, Lucerne envoie un signal fort. La promotion &eacute;conomique n&rsquo;est plus un exercice libre, mais une obligation strat&eacute;gique &ndash; et elle n&eacute;cessite des investissements clairs et &agrave; long terme.<\/p>\n\n","protected":false},"excerpt":{"rendered":"<p>L&rsquo;imposition minimale de l&rsquo;OCDE met \u00e0 l&rsquo;\u00e9preuve la politique d&rsquo;implantation de la Suisse. Le canton de Lucerne est particuli\u00e8rement concern\u00e9. Afin d&rsquo;\u00e9viter la perte imminente d&rsquo;entreprises, d&#8217;emplois et d&rsquo;investissements, le gouvernement lucernois pr\u00e9voit de renforcer de mani\u00e8re cibl\u00e9e l&rsquo;espace \u00e9conomique et vital \u00e0 partir de 2026 en y consacrant 300 millions de francs par an. Ce paquet de mesures est d\u00e9sormais soumis \u00e0 une consultation publique. <\/p>\n","protected":false},"author":2,"featured_media":92199,"comment_status":"open","ping_status":"open","sticky":false,"template":"","format":"standard","meta":{"pmpro_default_level":"","inline_featured_image":false,"_monsterinsights_skip_tracking":false,"footnotes":""},"categories":[9430,743,9437],"tags":[18462,872,3931,4605,11122,29002,30253,2002,1343,3170],"class_list":["post-128869","post","type-post","status-publish","format-standard","has-post-thumbnail","hentry","category-business-fr","category-immonews-fr","category-region-lucerne","tag-immobilienentwickler-fr","tag-immoinvest-fr","tag-immonews-fr","tag-investoren-fr","tag-lebensqualitaet-fr","tag-massnahmen-fr","tag-milliarden-fr","tag-news-fr","tag-standortfoerderung-fr","tag-steuern-fr","pmpro-has-access"],"acf":{"bild_mit_ki_erstellt_worden":[],"lead":"L'imposition minimale de l'OCDE met \u00e0 l'\u00e9preuve la politique d'implantation de la Suisse. Le canton de Lucerne est particuli\u00e8rement concern\u00e9. Afin d'\u00e9viter la perte imminente d'entreprises, d'emplois et d'investissements, le gouvernement lucernois pr\u00e9voit de renforcer de mani\u00e8re cibl\u00e9e l'espace \u00e9conomique et vital \u00e0 partir de 2026 en y consacrant 300 millions de francs par an. Ce paquet de mesures est d\u00e9sormais soumis \u00e0 une consultation publique. ","autor":"Quelle: Luzern","ort":"","bildunterschrift":"","bild_im_grid":false,"gallerie":"","newsim":""},"aioseo_notices":[],"aioseo_head":"\n\t\t<!-- All in One SEO 5.0.0.1 - aioseo.com -->\n\t<meta name=\"description\" content=\"L&#039;imposition minimale de l&#039;OCDE met \u00e0 l&#039;\u00e9preuve la politique d&#039;implantation de la Suisse. Le canton de Lucerne est particuli\u00e8rement concern\u00e9. Afin d&#039;\u00e9viter la perte imminente d&#039;entreprises, d&#039;emplois et d&#039;investissements, le gouvernement lucernois pr\u00e9voit de renforcer de mani\u00e8re cibl\u00e9e l&#039;espace \u00e9conomique et vital \u00e0 partir de 2026 en y consacrant 300 millions de francs par an. Ce paquet de mesures est d\u00e9sormais soumis \u00e0 une consultation publique.\" \/>\n\t<meta name=\"robots\" content=\"max-image-preview:large\" \/>\n\t<meta name=\"author\" content=\"immovestuser\"\/>\n\t<meta name=\"google-site-verification\" content=\"fHJKvgWpZCR2zVBHWfkQeFXC11qieUSff0HGNYfuyLA\" \/>\n\t<link rel=\"canonical\" href=\"https:\/\/www.immo-invest.ch\/fr\/luzern-reagiert-auf-steuerdruck-mit-milliardenpaket\/\" \/>\n\t<meta name=\"generator\" content=\"All in One SEO (AIOSEO) 5.0.0.1\" \/>\n\t\t<meta property=\"og:locale\" content=\"fr_FR\" \/>\n\t\t<meta property=\"og:site_name\" content=\"immo!nvest - Die Plattform f\u00fcr Standorte und Immobilien - Die\u00a0Plattform f\u00fcr Standorte und Immobilien\" \/>\n\t\t<meta property=\"og:type\" content=\"article\" \/>\n\t\t<meta property=\"og:title\" content=\"Lucerne r\u00e9pond \u00e0 la pression fiscale par un paquet de plusieurs milliards - immo!nvest - Die Plattform f\u00fcr Standorte und Immobilien\" \/>\n\t\t<meta property=\"og:description\" content=\"L&#039;imposition minimale de l&#039;OCDE met \u00e0 l&#039;\u00e9preuve la politique d&#039;implantation de la Suisse. Le canton de Lucerne est particuli\u00e8rement concern\u00e9. Afin d&#039;\u00e9viter la perte imminente d&#039;entreprises, d&#039;emplois et d&#039;investissements, le gouvernement lucernois pr\u00e9voit de renforcer de mani\u00e8re cibl\u00e9e l&#039;espace \u00e9conomique et vital \u00e0 partir de 2026 en y consacrant 300 millions de francs par an. Ce paquet de mesures est d\u00e9sormais soumis \u00e0 une consultation publique.\" \/>\n\t\t<meta property=\"og:url\" content=\"https:\/\/www.immo-invest.ch\/fr\/luzern-reagiert-auf-steuerdruck-mit-milliardenpaket\/\" \/>\n\t\t<meta property=\"og:image\" content=\"https:\/\/www.immo-invest.ch\/wp-content\/uploads\/2024\/05\/Luzern-scaled-e1715672635820.jpg\" \/>\n\t\t<meta property=\"og:image:secure_url\" content=\"https:\/\/www.immo-invest.ch\/wp-content\/uploads\/2024\/05\/Luzern-scaled-e1715672635820.jpg\" \/>\n\t\t<meta property=\"og:image:width\" content=\"2560\" \/>\n\t\t<meta property=\"og:image:height\" content=\"1280\" \/>\n\t\t<meta property=\"article:published_time\" content=\"2025-03-25T13:23:39+00:00\" \/>\n\t\t<meta property=\"article:modified_time\" content=\"2025-03-25T13:57:17+00:00\" \/>\n\t\t<meta property=\"article:publisher\" content=\"https:\/\/www.facebook.com\/people\/Immoinvest\/100077962920504\/\" \/>\n\t\t<meta name=\"twitter:card\" content=\"summary_large_image\" \/>\n\t\t<meta name=\"twitter:site\" content=\"@i\" \/>\n\t\t<meta name=\"twitter:title\" content=\"Lucerne r\u00e9pond \u00e0 la pression fiscale par un paquet de plusieurs milliards - immo!nvest - Die Plattform f\u00fcr Standorte und Immobilien\" \/>\n\t\t<meta name=\"twitter:description\" content=\"L&#039;imposition minimale de l&#039;OCDE met \u00e0 l&#039;\u00e9preuve la politique d&#039;implantation de la Suisse. Le canton de Lucerne est particuli\u00e8rement concern\u00e9. Afin d&#039;\u00e9viter la perte imminente d&#039;entreprises, d&#039;emplois et d&#039;investissements, le gouvernement lucernois pr\u00e9voit de renforcer de mani\u00e8re cibl\u00e9e l&#039;espace \u00e9conomique et vital \u00e0 partir de 2026 en y consacrant 300 millions de francs par an. Ce paquet de mesures est d\u00e9sormais soumis \u00e0 une consultation publique.\" \/>\n\t\t<meta name=\"twitter:creator\" content=\"@i\" \/>\n\t\t<meta name=\"twitter:image\" content=\"https:\/\/www.immo-invest.ch\/wp-content\/uploads\/2024\/05\/Luzern-scaled-e1715672635820.jpg\" \/>\n\t\t<script type=\"application\/ld+json\" class=\"aioseo-schema\">\n\t\t\t{\"@context\":\"https:\\\/\\\/schema.org\",\"@graph\":[{\"@type\":\"BlogPosting\",\"@id\":\"https:\\\/\\\/www.immo-invest.ch\\\/fr\\\/luzern-reagiert-auf-steuerdruck-mit-milliardenpaket\\\/#blogposting\",\"name\":\"Lucerne r\\u00e9pond \\u00e0 la pression fiscale par un paquet de plusieurs milliards - immo!nvest - Die Plattform f\\u00fcr Standorte und Immobilien\",\"headline\":\"Lucerne r\\u00e9pond \\u00e0 la pression fiscale par un paquet de plusieurs milliards\",\"author\":{\"@id\":\"https:\\\/\\\/www.immo-invest.ch\\\/fr\\\/author\\\/immovestuser\\\/#author\"},\"publisher\":{\"@id\":\"https:\\\/\\\/www.immo-invest.ch\\\/fr\\\/#organization\"},\"image\":{\"@type\":\"ImageObject\",\"url\":\"https:\\\/\\\/www.immo-invest.ch\\\/wp-content\\\/uploads\\\/2024\\\/05\\\/Luzern-scaled-e1715672635820.jpg\",\"width\":2560,\"height\":1280},\"datePublished\":\"2025-03-25T14:23:39+01:00\",\"dateModified\":\"2025-03-25T14:57:17+01:00\",\"inLanguage\":\"fr-FR\",\"mainEntityOfPage\":{\"@id\":\"https:\\\/\\\/www.immo-invest.ch\\\/fr\\\/luzern-reagiert-auf-steuerdruck-mit-milliardenpaket\\\/#webpage\"},\"isPartOf\":{\"@id\":\"https:\\\/\\\/www.immo-invest.ch\\\/fr\\\/luzern-reagiert-auf-steuerdruck-mit-milliardenpaket\\\/#webpage\"},\"articleSection\":\"Business, immoNews, Lucerne, Immobilienentwickler, Immoinvest, immoNews, Investoren, Lebensqualit\\u00e4t, Massnahmen, Milliarden, News, Standortf\\u00f6rderung, Steuern, Facultatif\"},{\"@type\":\"BreadcrumbList\",\"@id\":\"https:\\\/\\\/www.immo-invest.ch\\\/fr\\\/luzern-reagiert-auf-steuerdruck-mit-milliardenpaket\\\/#breadcrumblist\",\"itemListElement\":[{\"@type\":\"ListItem\",\"@id\":\"https:\\\/\\\/www.immo-invest.ch\\\/fr\\\/#listItem\",\"position\":1,\"name\":\"Home\",\"item\":\"https:\\\/\\\/www.immo-invest.ch\\\/fr\\\/\",\"nextItem\":{\"@type\":\"ListItem\",\"@id\":\"https:\\\/\\\/www.immo-invest.ch\\\/fr\\\/categories\\\/regions\\\/#listItem\",\"name\":\"R\\u00e9gions\"}},{\"@type\":\"ListItem\",\"@id\":\"https:\\\/\\\/www.immo-invest.ch\\\/fr\\\/categories\\\/regions\\\/#listItem\",\"position\":2,\"name\":\"R\\u00e9gions\",\"item\":\"https:\\\/\\\/www.immo-invest.ch\\\/fr\\\/categories\\\/regions\\\/\",\"nextItem\":{\"@type\":\"ListItem\",\"@id\":\"https:\\\/\\\/www.immo-invest.ch\\\/fr\\\/categories\\\/regions\\\/suisse\\\/#listItem\",\"name\":\"Suisse\"},\"previousItem\":{\"@type\":\"ListItem\",\"@id\":\"https:\\\/\\\/www.immo-invest.ch\\\/fr\\\/#listItem\",\"name\":\"Home\"}},{\"@type\":\"ListItem\",\"@id\":\"https:\\\/\\\/www.immo-invest.ch\\\/fr\\\/categories\\\/regions\\\/suisse\\\/#listItem\",\"position\":3,\"name\":\"Suisse\",\"item\":\"https:\\\/\\\/www.immo-invest.ch\\\/fr\\\/categories\\\/regions\\\/suisse\\\/\",\"nextItem\":{\"@type\":\"ListItem\",\"@id\":\"https:\\\/\\\/www.immo-invest.ch\\\/fr\\\/categories\\\/regions\\\/suisse\\\/region-zentralschweiz\\\/#listItem\",\"name\":\"Zentralschweiz\"},\"previousItem\":{\"@type\":\"ListItem\",\"@id\":\"https:\\\/\\\/www.immo-invest.ch\\\/fr\\\/categories\\\/regions\\\/#listItem\",\"name\":\"R\\u00e9gions\"}},{\"@type\":\"ListItem\",\"@id\":\"https:\\\/\\\/www.immo-invest.ch\\\/fr\\\/categories\\\/regions\\\/suisse\\\/region-zentralschweiz\\\/#listItem\",\"position\":4,\"name\":\"Zentralschweiz\",\"item\":\"https:\\\/\\\/www.immo-invest.ch\\\/fr\\\/categories\\\/regions\\\/suisse\\\/region-zentralschweiz\\\/\",\"nextItem\":{\"@type\":\"ListItem\",\"@id\":\"https:\\\/\\\/www.immo-invest.ch\\\/fr\\\/categories\\\/regions\\\/suisse\\\/region-zentralschweiz\\\/region-lucerne\\\/#listItem\",\"name\":\"Lucerne\"},\"previousItem\":{\"@type\":\"ListItem\",\"@id\":\"https:\\\/\\\/www.immo-invest.ch\\\/fr\\\/categories\\\/regions\\\/suisse\\\/#listItem\",\"name\":\"Suisse\"}},{\"@type\":\"ListItem\",\"@id\":\"https:\\\/\\\/www.immo-invest.ch\\\/fr\\\/categories\\\/regions\\\/suisse\\\/region-zentralschweiz\\\/region-lucerne\\\/#listItem\",\"position\":5,\"name\":\"Lucerne\",\"item\":\"https:\\\/\\\/www.immo-invest.ch\\\/fr\\\/categories\\\/regions\\\/suisse\\\/region-zentralschweiz\\\/region-lucerne\\\/\",\"nextItem\":{\"@type\":\"ListItem\",\"@id\":\"https:\\\/\\\/www.immo-invest.ch\\\/fr\\\/luzern-reagiert-auf-steuerdruck-mit-milliardenpaket\\\/#listItem\",\"name\":\"Lucerne r\\u00e9pond \\u00e0 la pression fiscale par un paquet de plusieurs milliards\"},\"previousItem\":{\"@type\":\"ListItem\",\"@id\":\"https:\\\/\\\/www.immo-invest.ch\\\/fr\\\/categories\\\/regions\\\/suisse\\\/region-zentralschweiz\\\/#listItem\",\"name\":\"Zentralschweiz\"}},{\"@type\":\"ListItem\",\"@id\":\"https:\\\/\\\/www.immo-invest.ch\\\/fr\\\/luzern-reagiert-auf-steuerdruck-mit-milliardenpaket\\\/#listItem\",\"position\":6,\"name\":\"Lucerne r\\u00e9pond \\u00e0 la pression fiscale par un paquet de plusieurs milliards\",\"previousItem\":{\"@type\":\"ListItem\",\"@id\":\"https:\\\/\\\/www.immo-invest.ch\\\/fr\\\/categories\\\/regions\\\/suisse\\\/region-zentralschweiz\\\/region-lucerne\\\/#listItem\",\"name\":\"Lucerne\"}}]},{\"@type\":\"Organization\",\"@id\":\"https:\\\/\\\/www.immo-invest.ch\\\/fr\\\/#organization\",\"name\":\"immo!nvest - Die Plattform f\\u00fcr Standorte und Immobilien\",\"description\":\"Die\\u00a0Plattform f\\u00fcr Standorte und Immobilien\",\"url\":\"https:\\\/\\\/www.immo-invest.ch\\\/fr\\\/\",\"email\":\"admin@immomedia.ag\",\"telephone\":\"+41444420002\",\"logo\":{\"@type\":\"ImageObject\",\"url\":\"https:\\\/\\\/www.immo-invest.ch\\\/wp-content\\\/uploads\\\/2024\\\/09\\\/immoinvest_sm-scaled.jpg\",\"@id\":\"https:\\\/\\\/www.immo-invest.ch\\\/fr\\\/luzern-reagiert-auf-steuerdruck-mit-milliardenpaket\\\/#organizationLogo\",\"width\":2560,\"height\":1340},\"image\":{\"@id\":\"https:\\\/\\\/www.immo-invest.ch\\\/fr\\\/luzern-reagiert-auf-steuerdruck-mit-milliardenpaket\\\/#organizationLogo\"},\"sameAs\":[\"https:\\\/\\\/www.facebook.com\\\/people\\\/Immoinvest\\\/100077962920504\\\/\",\"https:\\\/\\\/x.com\\\/i\\\/flow\\\/login?redirect_after_login=immoinvest_ch\",\"https:\\\/\\\/www.instagram.com\\\/immoinvest_ch\\\/\",\"https:\\\/\\\/www.linkedin.com\\\/company\\\/immoinvest-swiss\"]},{\"@type\":\"Person\",\"@id\":\"https:\\\/\\\/www.immo-invest.ch\\\/fr\\\/author\\\/immovestuser\\\/#author\",\"url\":\"https:\\\/\\\/www.immo-invest.ch\\\/fr\\\/author\\\/immovestuser\\\/\",\"name\":\"immovestuser\",\"image\":{\"@type\":\"ImageObject\",\"@id\":\"https:\\\/\\\/www.immo-invest.ch\\\/fr\\\/luzern-reagiert-auf-steuerdruck-mit-milliardenpaket\\\/#authorImage\",\"url\":\"https:\\\/\\\/secure.gravatar.com\\\/avatar\\\/8e01f4d99f2eeea7a362ebb93305e1172a70e9293ba250f897a65c39f54cdd1e?s=96&d=mm&r=g\",\"width\":96,\"height\":96,\"caption\":\"immovestuser\"}},{\"@type\":\"WebPage\",\"@id\":\"https:\\\/\\\/www.immo-invest.ch\\\/fr\\\/luzern-reagiert-auf-steuerdruck-mit-milliardenpaket\\\/#webpage\",\"url\":\"https:\\\/\\\/www.immo-invest.ch\\\/fr\\\/luzern-reagiert-auf-steuerdruck-mit-milliardenpaket\\\/\",\"name\":\"Lucerne r\\u00e9pond \\u00e0 la pression fiscale par un paquet de plusieurs milliards - immo!nvest - Die Plattform f\\u00fcr Standorte und Immobilien\",\"description\":\"L'imposition minimale de l'OCDE met \\u00e0 l'\\u00e9preuve la politique d'implantation de la Suisse. Le canton de Lucerne est particuli\\u00e8rement concern\\u00e9. Afin d'\\u00e9viter la perte imminente d'entreprises, d'emplois et d'investissements, le gouvernement lucernois pr\\u00e9voit de renforcer de mani\\u00e8re cibl\\u00e9e l'espace \\u00e9conomique et vital \\u00e0 partir de 2026 en y consacrant 300 millions de francs par an. Ce paquet de mesures est d\\u00e9sormais soumis \\u00e0 une consultation publique.\",\"inLanguage\":\"fr-FR\",\"isPartOf\":{\"@id\":\"https:\\\/\\\/www.immo-invest.ch\\\/fr\\\/#website\"},\"breadcrumb\":{\"@id\":\"https:\\\/\\\/www.immo-invest.ch\\\/fr\\\/luzern-reagiert-auf-steuerdruck-mit-milliardenpaket\\\/#breadcrumblist\"},\"author\":{\"@id\":\"https:\\\/\\\/www.immo-invest.ch\\\/fr\\\/author\\\/immovestuser\\\/#author\"},\"creator\":{\"@id\":\"https:\\\/\\\/www.immo-invest.ch\\\/fr\\\/author\\\/immovestuser\\\/#author\"},\"image\":{\"@type\":\"ImageObject\",\"url\":\"https:\\\/\\\/www.immo-invest.ch\\\/wp-content\\\/uploads\\\/2024\\\/05\\\/Luzern-scaled-e1715672635820.jpg\",\"@id\":\"https:\\\/\\\/www.immo-invest.ch\\\/fr\\\/luzern-reagiert-auf-steuerdruck-mit-milliardenpaket\\\/#mainImage\",\"width\":2560,\"height\":1280},\"primaryImageOfPage\":{\"@id\":\"https:\\\/\\\/www.immo-invest.ch\\\/fr\\\/luzern-reagiert-auf-steuerdruck-mit-milliardenpaket\\\/#mainImage\"},\"datePublished\":\"2025-03-25T14:23:39+01:00\",\"dateModified\":\"2025-03-25T14:57:17+01:00\"},{\"@type\":\"WebSite\",\"@id\":\"https:\\\/\\\/www.immo-invest.ch\\\/fr\\\/#website\",\"url\":\"https:\\\/\\\/www.immo-invest.ch\\\/fr\\\/\",\"name\":\"immo!nvest - Die Plattform f\\u00fcr Standorte und Immobilien\",\"description\":\"Die\\u00a0Plattform f\\u00fcr Standorte und Immobilien\",\"inLanguage\":\"fr-FR\",\"publisher\":{\"@id\":\"https:\\\/\\\/www.immo-invest.ch\\\/fr\\\/#organization\"}}]}\n\t\t<\/script>\n\t\t<!-- All in One SEO -->\n\n","aioseo_head_json":{"title":"Lucerne r\u00e9pond \u00e0 la pression fiscale par un paquet de plusieurs milliards - immo!nvest - Die Plattform f\u00fcr Standorte und Immobilien","description":"L'imposition minimale de l'OCDE met \u00e0 l'\u00e9preuve la politique d'implantation de la Suisse. Le canton de Lucerne est particuli\u00e8rement concern\u00e9. Afin d'\u00e9viter la perte imminente d'entreprises, d'emplois et d'investissements, le gouvernement lucernois pr\u00e9voit de renforcer de mani\u00e8re cibl\u00e9e l'espace \u00e9conomique et vital \u00e0 partir de 2026 en y consacrant 300 millions de francs par an. Ce paquet de mesures est d\u00e9sormais soumis \u00e0 une consultation publique.","canonical_url":"https:\/\/www.immo-invest.ch\/fr\/luzern-reagiert-auf-steuerdruck-mit-milliardenpaket\/","robots":"max-image-preview:large","keywords":"","webmasterTools":{"google-site-verification":"fHJKvgWpZCR2zVBHWfkQeFXC11qieUSff0HGNYfuyLA","miscellaneous":""},"schema":{"@context":"https:\/\/schema.org","@graph":[{"@type":"BlogPosting","@id":"https:\/\/www.immo-invest.ch\/fr\/luzern-reagiert-auf-steuerdruck-mit-milliardenpaket\/#blogposting","name":"Lucerne r\u00e9pond \u00e0 la pression fiscale par un paquet de plusieurs milliards - immo!nvest - Die Plattform f\u00fcr Standorte und Immobilien","headline":"Lucerne r\u00e9pond \u00e0 la pression fiscale par un paquet de plusieurs milliards","author":{"@id":"https:\/\/www.immo-invest.ch\/fr\/author\/immovestuser\/#author"},"publisher":{"@id":"https:\/\/www.immo-invest.ch\/fr\/#organization"},"image":{"@type":"ImageObject","url":"https:\/\/www.immo-invest.ch\/wp-content\/uploads\/2024\/05\/Luzern-scaled-e1715672635820.jpg","width":2560,"height":1280},"datePublished":"2025-03-25T14:23:39+01:00","dateModified":"2025-03-25T14:57:17+01:00","inLanguage":"fr-FR","mainEntityOfPage":{"@id":"https:\/\/www.immo-invest.ch\/fr\/luzern-reagiert-auf-steuerdruck-mit-milliardenpaket\/#webpage"},"isPartOf":{"@id":"https:\/\/www.immo-invest.ch\/fr\/luzern-reagiert-auf-steuerdruck-mit-milliardenpaket\/#webpage"},"articleSection":"Business, immoNews, Lucerne, Immobilienentwickler, Immoinvest, immoNews, Investoren, Lebensqualit\u00e4t, Massnahmen, Milliarden, News, Standortf\u00f6rderung, Steuern, Facultatif"},{"@type":"BreadcrumbList","@id":"https:\/\/www.immo-invest.ch\/fr\/luzern-reagiert-auf-steuerdruck-mit-milliardenpaket\/#breadcrumblist","itemListElement":[{"@type":"ListItem","@id":"https:\/\/www.immo-invest.ch\/fr\/#listItem","position":1,"name":"Home","item":"https:\/\/www.immo-invest.ch\/fr\/","nextItem":{"@type":"ListItem","@id":"https:\/\/www.immo-invest.ch\/fr\/categories\/regions\/#listItem","name":"R\u00e9gions"}},{"@type":"ListItem","@id":"https:\/\/www.immo-invest.ch\/fr\/categories\/regions\/#listItem","position":2,"name":"R\u00e9gions","item":"https:\/\/www.immo-invest.ch\/fr\/categories\/regions\/","nextItem":{"@type":"ListItem","@id":"https:\/\/www.immo-invest.ch\/fr\/categories\/regions\/suisse\/#listItem","name":"Suisse"},"previousItem":{"@type":"ListItem","@id":"https:\/\/www.immo-invest.ch\/fr\/#listItem","name":"Home"}},{"@type":"ListItem","@id":"https:\/\/www.immo-invest.ch\/fr\/categories\/regions\/suisse\/#listItem","position":3,"name":"Suisse","item":"https:\/\/www.immo-invest.ch\/fr\/categories\/regions\/suisse\/","nextItem":{"@type":"ListItem","@id":"https:\/\/www.immo-invest.ch\/fr\/categories\/regions\/suisse\/region-zentralschweiz\/#listItem","name":"Zentralschweiz"},"previousItem":{"@type":"ListItem","@id":"https:\/\/www.immo-invest.ch\/fr\/categories\/regions\/#listItem","name":"R\u00e9gions"}},{"@type":"ListItem","@id":"https:\/\/www.immo-invest.ch\/fr\/categories\/regions\/suisse\/region-zentralschweiz\/#listItem","position":4,"name":"Zentralschweiz","item":"https:\/\/www.immo-invest.ch\/fr\/categories\/regions\/suisse\/region-zentralschweiz\/","nextItem":{"@type":"ListItem","@id":"https:\/\/www.immo-invest.ch\/fr\/categories\/regions\/suisse\/region-zentralschweiz\/region-lucerne\/#listItem","name":"Lucerne"},"previousItem":{"@type":"ListItem","@id":"https:\/\/www.immo-invest.ch\/fr\/categories\/regions\/suisse\/#listItem","name":"Suisse"}},{"@type":"ListItem","@id":"https:\/\/www.immo-invest.ch\/fr\/categories\/regions\/suisse\/region-zentralschweiz\/region-lucerne\/#listItem","position":5,"name":"Lucerne","item":"https:\/\/www.immo-invest.ch\/fr\/categories\/regions\/suisse\/region-zentralschweiz\/region-lucerne\/","nextItem":{"@type":"ListItem","@id":"https:\/\/www.immo-invest.ch\/fr\/luzern-reagiert-auf-steuerdruck-mit-milliardenpaket\/#listItem","name":"Lucerne r\u00e9pond \u00e0 la pression fiscale par un paquet de plusieurs milliards"},"previousItem":{"@type":"ListItem","@id":"https:\/\/www.immo-invest.ch\/fr\/categories\/regions\/suisse\/region-zentralschweiz\/#listItem","name":"Zentralschweiz"}},{"@type":"ListItem","@id":"https:\/\/www.immo-invest.ch\/fr\/luzern-reagiert-auf-steuerdruck-mit-milliardenpaket\/#listItem","position":6,"name":"Lucerne r\u00e9pond \u00e0 la pression fiscale par un paquet de plusieurs milliards","previousItem":{"@type":"ListItem","@id":"https:\/\/www.immo-invest.ch\/fr\/categories\/regions\/suisse\/region-zentralschweiz\/region-lucerne\/#listItem","name":"Lucerne"}}]},{"@type":"Organization","@id":"https:\/\/www.immo-invest.ch\/fr\/#organization","name":"immo!nvest - Die Plattform f\u00fcr Standorte und Immobilien","description":"Die\u00a0Plattform f\u00fcr Standorte und Immobilien","url":"https:\/\/www.immo-invest.ch\/fr\/","email":"admin@immomedia.ag","telephone":"+41444420002","logo":{"@type":"ImageObject","url":"https:\/\/www.immo-invest.ch\/wp-content\/uploads\/2024\/09\/immoinvest_sm-scaled.jpg","@id":"https:\/\/www.immo-invest.ch\/fr\/luzern-reagiert-auf-steuerdruck-mit-milliardenpaket\/#organizationLogo","width":2560,"height":1340},"image":{"@id":"https:\/\/www.immo-invest.ch\/fr\/luzern-reagiert-auf-steuerdruck-mit-milliardenpaket\/#organizationLogo"},"sameAs":["https:\/\/www.facebook.com\/people\/Immoinvest\/100077962920504\/","https:\/\/x.com\/i\/flow\/login?redirect_after_login=immoinvest_ch","https:\/\/www.instagram.com\/immoinvest_ch\/","https:\/\/www.linkedin.com\/company\/immoinvest-swiss"]},{"@type":"Person","@id":"https:\/\/www.immo-invest.ch\/fr\/author\/immovestuser\/#author","url":"https:\/\/www.immo-invest.ch\/fr\/author\/immovestuser\/","name":"immovestuser","image":{"@type":"ImageObject","@id":"https:\/\/www.immo-invest.ch\/fr\/luzern-reagiert-auf-steuerdruck-mit-milliardenpaket\/#authorImage","url":"https:\/\/secure.gravatar.com\/avatar\/8e01f4d99f2eeea7a362ebb93305e1172a70e9293ba250f897a65c39f54cdd1e?s=96&d=mm&r=g","width":96,"height":96,"caption":"immovestuser"}},{"@type":"WebPage","@id":"https:\/\/www.immo-invest.ch\/fr\/luzern-reagiert-auf-steuerdruck-mit-milliardenpaket\/#webpage","url":"https:\/\/www.immo-invest.ch\/fr\/luzern-reagiert-auf-steuerdruck-mit-milliardenpaket\/","name":"Lucerne r\u00e9pond \u00e0 la pression fiscale par un paquet de plusieurs milliards - immo!nvest - Die Plattform f\u00fcr Standorte und Immobilien","description":"L'imposition minimale de l'OCDE met \u00e0 l'\u00e9preuve la politique d'implantation de la Suisse. Le canton de Lucerne est particuli\u00e8rement concern\u00e9. Afin d'\u00e9viter la perte imminente d'entreprises, d'emplois et d'investissements, le gouvernement lucernois pr\u00e9voit de renforcer de mani\u00e8re cibl\u00e9e l'espace \u00e9conomique et vital \u00e0 partir de 2026 en y consacrant 300 millions de francs par an. Ce paquet de mesures est d\u00e9sormais soumis \u00e0 une consultation publique.","inLanguage":"fr-FR","isPartOf":{"@id":"https:\/\/www.immo-invest.ch\/fr\/#website"},"breadcrumb":{"@id":"https:\/\/www.immo-invest.ch\/fr\/luzern-reagiert-auf-steuerdruck-mit-milliardenpaket\/#breadcrumblist"},"author":{"@id":"https:\/\/www.immo-invest.ch\/fr\/author\/immovestuser\/#author"},"creator":{"@id":"https:\/\/www.immo-invest.ch\/fr\/author\/immovestuser\/#author"},"image":{"@type":"ImageObject","url":"https:\/\/www.immo-invest.ch\/wp-content\/uploads\/2024\/05\/Luzern-scaled-e1715672635820.jpg","@id":"https:\/\/www.immo-invest.ch\/fr\/luzern-reagiert-auf-steuerdruck-mit-milliardenpaket\/#mainImage","width":2560,"height":1280},"primaryImageOfPage":{"@id":"https:\/\/www.immo-invest.ch\/fr\/luzern-reagiert-auf-steuerdruck-mit-milliardenpaket\/#mainImage"},"datePublished":"2025-03-25T14:23:39+01:00","dateModified":"2025-03-25T14:57:17+01:00"},{"@type":"WebSite","@id":"https:\/\/www.immo-invest.ch\/fr\/#website","url":"https:\/\/www.immo-invest.ch\/fr\/","name":"immo!nvest - Die Plattform f\u00fcr Standorte und Immobilien","description":"Die\u00a0Plattform f\u00fcr Standorte und Immobilien","inLanguage":"fr-FR","publisher":{"@id":"https:\/\/www.immo-invest.ch\/fr\/#organization"}}]},"og:locale":"fr_FR","og:site_name":"immo!nvest - Die Plattform f\u00fcr Standorte und Immobilien - Die\u00a0Plattform f\u00fcr Standorte und Immobilien","og:type":"article","og:title":"Lucerne r\u00e9pond \u00e0 la pression fiscale par un paquet de plusieurs milliards - immo!nvest - Die Plattform f\u00fcr Standorte und Immobilien","og:description":"L'imposition minimale de l'OCDE met \u00e0 l'\u00e9preuve la politique d'implantation de la Suisse. Le canton de Lucerne est particuli\u00e8rement concern\u00e9. Afin d'\u00e9viter la perte imminente d'entreprises, d'emplois et d'investissements, le gouvernement lucernois pr\u00e9voit de renforcer de mani\u00e8re cibl\u00e9e l'espace \u00e9conomique et vital \u00e0 partir de 2026 en y consacrant 300 millions de francs par an. Ce paquet de mesures est d\u00e9sormais soumis \u00e0 une consultation publique.","og:url":"https:\/\/www.immo-invest.ch\/fr\/luzern-reagiert-auf-steuerdruck-mit-milliardenpaket\/","og:image":"https:\/\/www.immo-invest.ch\/wp-content\/uploads\/2024\/05\/Luzern-scaled-e1715672635820.jpg","og:image:secure_url":"https:\/\/www.immo-invest.ch\/wp-content\/uploads\/2024\/05\/Luzern-scaled-e1715672635820.jpg","og:image:width":2560,"og:image:height":1280,"article:published_time":"2025-03-25T13:23:39+00:00","article:modified_time":"2025-03-25T13:57:17+00:00","article:publisher":"https:\/\/www.facebook.com\/people\/Immoinvest\/100077962920504\/","twitter:card":"summary_large_image","twitter:site":"@i","twitter:title":"Lucerne r\u00e9pond \u00e0 la pression fiscale par un paquet de plusieurs milliards - immo!nvest - Die Plattform f\u00fcr Standorte und Immobilien","twitter:description":"L'imposition minimale de l'OCDE met \u00e0 l'\u00e9preuve la politique d'implantation de la Suisse. Le canton de Lucerne est particuli\u00e8rement concern\u00e9. Afin d'\u00e9viter la perte imminente d'entreprises, d'emplois et d'investissements, le gouvernement lucernois pr\u00e9voit de renforcer de mani\u00e8re cibl\u00e9e l'espace \u00e9conomique et vital \u00e0 partir de 2026 en y consacrant 300 millions de francs par an. Ce paquet de mesures est d\u00e9sormais soumis \u00e0 une consultation publique.","twitter:creator":"@i","twitter:image":"https:\/\/www.immo-invest.ch\/wp-content\/uploads\/2024\/05\/Luzern-scaled-e1715672635820.jpg"},"aioseo_meta_data":{"post_id":"128869","title":null,"description":null,"keywords":null,"keyphrases":{"focus":{"keyphrase":"","score":0,"analysis":{"keyphraseInTitle":{"score":0,"maxScore":9,"error":1}}},"additional":[]},"primary_term":null,"canonical_url":null,"og_title":null,"og_description":null,"og_object_type":"default","og_image_type":"default","og_image_url":null,"og_image_width":null,"og_image_height":null,"og_image_custom_url":null,"og_image_custom_fields":null,"og_video":"","og_custom_url":null,"og_article_section":null,"og_article_tags":null,"twitter_use_og":false,"twitter_card":"default","twitter_image_type":"default","twitter_image_url":null,"twitter_image_custom_url":null,"twitter_image_custom_fields":null,"twitter_title":null,"twitter_description":null,"schema":{"blockGraphs":[],"customGraphs":[],"default":{"data":{"Article":[],"Course":[],"Dataset":[],"FAQPage":[],"Movie":[],"Person":[],"Product":[],"ProductReview":[],"Car":[],"Recipe":[],"Service":[],"SoftwareApplication":[],"WebPage":[]},"graphName":"BlogPosting","isEnabled":true},"graphs":[]},"schema_type":"default","schema_type_options":null,"pillar_content":false,"robots_default":true,"robots_noindex":false,"robots_noarchive":false,"robots_nosnippet":false,"robots_nofollow":false,"robots_noimageindex":false,"robots_noodp":false,"robots_notranslate":false,"robots_max_snippet":"-1","robots_max_videopreview":"-1","robots_max_imagepreview":"large","priority":null,"frequency":"default","local_seo":null,"breadcrumb_settings":null,"limit_modified_date":false,"ai":null,"created":"2025-03-25 13:34:04","updated":"2025-10-24 18:12:19","seo_analyzer_scan_date":null,"focus_keyword":null,"additional_keywords":null,"truseo_locale":null},"aioseo_breadcrumb":"<div class=\"aioseo-breadcrumbs\"><span class=\"aioseo-breadcrumb\">\n\t\t\t<a href=\"https:\/\/www.immo-invest.ch\/fr\/\" title=\"Home\">Home<\/a>\n\t\t<\/span><span class=\"aioseo-breadcrumb-separator\">&raquo;<\/span><span class=\"aioseo-breadcrumb\">\n\t\t\t<a href=\"https:\/\/www.immo-invest.ch\/fr\/categories\/regions\/\" title=\"R\u00e9gions\">R\u00e9gions<\/a>\n\t\t<\/span><span class=\"aioseo-breadcrumb-separator\">&raquo;<\/span><span class=\"aioseo-breadcrumb\">\n\t\t\t<a href=\"https:\/\/www.immo-invest.ch\/fr\/categories\/regions\/suisse\/\" title=\"Suisse\">Suisse<\/a>\n\t\t<\/span><span class=\"aioseo-breadcrumb-separator\">&raquo;<\/span><span class=\"aioseo-breadcrumb\">\n\t\t\t<a href=\"https:\/\/www.immo-invest.ch\/fr\/categories\/regions\/suisse\/region-zentralschweiz\/\" title=\"Zentralschweiz\">Zentralschweiz<\/a>\n\t\t<\/span><span class=\"aioseo-breadcrumb-separator\">&raquo;<\/span><span class=\"aioseo-breadcrumb\">\n\t\t\t<a href=\"https:\/\/www.immo-invest.ch\/fr\/categories\/regions\/suisse\/region-zentralschweiz\/region-lucerne\/\" title=\"Lucerne\">Lucerne<\/a>\n\t\t<\/span><span class=\"aioseo-breadcrumb-separator\">&raquo;<\/span><span class=\"aioseo-breadcrumb\">\n\t\t\tLucerne r\u00e9pond \u00e0 la pression fiscale par un paquet de plusieurs milliards\n\t\t<\/span><\/div>","aioseo_breadcrumb_json":[{"label":"Home","link":"https:\/\/www.immo-invest.ch\/fr\/"},{"label":"R\u00e9gions","link":"https:\/\/www.immo-invest.ch\/fr\/categories\/regions\/"},{"label":"Suisse","link":"https:\/\/www.immo-invest.ch\/fr\/categories\/regions\/suisse\/"},{"label":"Zentralschweiz","link":"https:\/\/www.immo-invest.ch\/fr\/categories\/regions\/suisse\/region-zentralschweiz\/"},{"label":"Lucerne","link":"https:\/\/www.immo-invest.ch\/fr\/categories\/regions\/suisse\/region-zentralschweiz\/region-lucerne\/"},{"label":"Lucerne r\u00e9pond \u00e0 la pression fiscale par un paquet de plusieurs milliards","link":"https:\/\/www.immo-invest.ch\/fr\/luzern-reagiert-auf-steuerdruck-mit-milliardenpaket\/"}],"featured_image_src":"https:\/\/www.immo-invest.ch\/wp-content\/uploads\/2024\/05\/Luzern-336x168.jpg","_links":{"self":[{"href":"https:\/\/www.immo-invest.ch\/fr\/wp-json\/wp\/v2\/posts\/128869","targetHints":{"allow":["GET"]}}],"collection":[{"href":"https:\/\/www.immo-invest.ch\/fr\/wp-json\/wp\/v2\/posts"}],"about":[{"href":"https:\/\/www.immo-invest.ch\/fr\/wp-json\/wp\/v2\/types\/post"}],"author":[{"embeddable":true,"href":"https:\/\/www.immo-invest.ch\/fr\/wp-json\/wp\/v2\/users\/2"}],"replies":[{"embeddable":true,"href":"https:\/\/www.immo-invest.ch\/fr\/wp-json\/wp\/v2\/comments?post=128869"}],"version-history":[{"count":0,"href":"https:\/\/www.immo-invest.ch\/fr\/wp-json\/wp\/v2\/posts\/128869\/revisions"}],"wp:featuredmedia":[{"embeddable":true,"href":"https:\/\/www.immo-invest.ch\/fr\/wp-json\/wp\/v2\/media\/92199"}],"wp:attachment":[{"href":"https:\/\/www.immo-invest.ch\/fr\/wp-json\/wp\/v2\/media?parent=128869"}],"wp:term":[{"taxonomy":"category","embeddable":true,"href":"https:\/\/www.immo-invest.ch\/fr\/wp-json\/wp\/v2\/categories?post=128869"},{"taxonomy":"post_tag","embeddable":true,"href":"https:\/\/www.immo-invest.ch\/fr\/wp-json\/wp\/v2\/tags?post=128869"}],"curies":[{"name":"wp","href":"https:\/\/api.w.org\/{rel}","templated":true}]}}