{"id":128855,"date":"2025-03-25T14:09:13","date_gmt":"2025-03-25T13:09:13","guid":{"rendered":"https:\/\/www.immo-invest.ch\/basler-immobilienmarkt-unter-druck\/"},"modified":"2025-03-25T14:48:13","modified_gmt":"2025-03-25T13:48:13","slug":"basler-immobilienmarkt-unter-druck","status":"publish","type":"post","link":"https:\/\/www.immo-invest.ch\/fr\/basler-immobilienmarkt-unter-druck\/","title":{"rendered":"Le march\u00e9 immobilier b\u00e2lois sous pression"},"content":{"rendered":"<p class=\"wp-block-paragraph\">Malgr&eacute; une &eacute;volution mod&eacute;r&eacute;e des prix par rapport au reste de la Suisse al&eacute;manique, l&rsquo;accession &agrave; la propri&eacute;t&eacute; dans la r&eacute;gion de B&acirc;le reste tr&egrave;s recherch&eacute;e. Les prix augmentent sensiblement, en particulier dans les communes rurales, ce qui incite de plus en plus les acheteurs potentiels &agrave; &eacute;largir leur rayon de recherche. Selon Marco Pirelli de la Basellandschaftliche Kantonalbank, la baisse des taux d&rsquo;int&eacute;r&ecirc;t hypoth&eacute;caires au cours des deux derni&egrave;res ann&eacute;es a &eacute;galement stimul&eacute; la demande. Toutefois, elle s&rsquo;accompagne d&rsquo;un probl&egrave;me croissant de capacit&eacute; financi&egrave;re. Alors que les prix des maisons individuelles sont rest&eacute;s stables, les appartements en copropri&eacute;t&eacute; ont l&eacute;g&egrave;rement augment&eacute;. Il en r&eacute;sulte une augmentation de 35% des demandes de pr&ecirc;ts hypoth&eacute;caires en un an.<\/p>\n\n\n\n\n\n<p class=\"wp-block-paragraph\"><strong>Examiner &agrave; temps les possibilit&eacute;s financi&egrave;res<br><\/strong>Pirelli conseille aux personnes int&eacute;ress&eacute;es par un achat de se pencher &agrave; temps sur le financement. &laquo;&nbsp;Le choix des produits hypoth&eacute;caires et des dur&eacute;es varie d&rsquo;une personne &agrave; l&rsquo;autre. Une clarification en temps utile de la <span class=\"glossaryLink\"  aria-describedby=\"tt\"  data-cmtooltip=\"&lt;div class=glossaryItemTitle&gt;Marge&lt;\/div&gt;&lt;div class=glossaryItemBody&gt;Gewinnspanne, prozentualer Gewinn je Leistungseinheit; Handel: Handelsspanne, Differenz zwischen An- und Verkaufspreis&lt;\/div&gt;\"  data-mobile-support=\"0\"  data-gt-translate-attributes='[{\"attribute\":\"data-cmtooltip\", \"format\":\"html\"}]' tabindex='0' role='link'>marge<\/span> de man&oelig;uvre financi&egrave;re avec la banque permet de planifier en toute s&eacute;curit&eacute;&nbsp;&raquo; Pour beaucoup, cela est aujourd&rsquo;hui d&eacute;cisif pour r&eacute;ussir dans un contexte de march&eacute; tendu.<\/p>\n\n\n\n\n\n<p class=\"wp-block-paragraph\"><strong>Malgr&eacute; la protection du logement, les prix augmentent<br><\/strong>Sur le march&eacute; de la location &eacute;galement, une poursuite du rench&eacute;rissement se dessine &agrave; B&acirc;le. Fabian Halmer, de Holinger Moll Immobilien AG, &eacute;voque des causes structurelles telles qu&rsquo;un parc immobilier v&eacute;tuste n&eacute;cessitant d&rsquo;importants travaux de r&eacute;novation. Malgr&eacute; la protection du logement, les prix des loyers continuent d&rsquo;augmenter, en particulier &agrave; B&acirc;le-Ville, o&ugrave; 84% de la population est locataire. Certes, la situation n&rsquo;est pas aussi tendue qu&rsquo;&agrave; Zurich ou &agrave; Gen&egrave;ve, mais le faible taux de vacance de 0,7 pour cent signale une grave p&eacute;nurie de logements.<\/p>\n\n\n\n\n\n<p class=\"wp-block-paragraph\"><strong>Goulot d&rsquo;&eacute;tranglement d&ucirc; au nombre insuffisant de demandes de permis de construire<br><\/strong>Le nombre de demandes de permis de construire d&eacute;pos&eacute;es dans le canton de B&acirc;le-Ville est particuli&egrave;rement alarmant et en forte baisse. Alors qu&rsquo;entre 2014 et 2020, on enregistrait en moyenne 784 demandes de permis de construire par an, ce chiffre est tomb&eacute; &agrave; seulement 190 entre 2021 et 2023. Halmer estime que la nouvelle loi sur le logement en est en partie responsable. Elle prot&egrave;ge les locataires existants, mais entrave les nouveaux projets de construction et rend plus difficile l&rsquo;emm&eacute;nagement ou le d&eacute;m&eacute;nagement. La p&eacute;nurie d&rsquo;offre qui en r&eacute;sulte devrait entra&icirc;ner une nouvelle hausse des loyers.<\/p>\n\n\n\n\n\n<p class=\"wp-block-paragraph\"><strong>N&eacute;cessit&eacute; de r&eacute;former la l&eacute;gislation et la planification<br><\/strong>Les experts s&rsquo;accordent &agrave; dire que sans adaptations cibl&eacute;es de la loi sur le logement et sans proc&eacute;dures d&rsquo;autorisation acc&eacute;l&eacute;r&eacute;es, le march&eacute; du logement &agrave; B&acirc;le risque d&rsquo;&ecirc;tre encore plus sous pression. Des zones de d&eacute;veloppement comme Klybeckplus ou Dreispitz Nord pourraient apporter un soulagement. A condition qu&rsquo;ils soient poursuivis de mani&egrave;re coh&eacute;rente. Une politique du logement durable ne doit pas seulement miser sur la protection du parc immobilier existant, mais aussi penser activement &agrave; la croissance future.<\/p>\n\n","protected":false},"excerpt":{"rendered":"<p>La r\u00e9gion de B\u00e2le est confront\u00e9e \u00e0 un d\u00e9fi sur le march\u00e9 du logement. La demande reste \u00e9lev\u00e9e, l&rsquo;offre stagne, avec des cons\u00e9quences sur les prix d&rsquo;achat et les loyers. Les experts pr\u00e9sents \u00e0 l&rsquo;Immo Talk du portail immobilier Newhome analysent la situation et donnent des impulsions pour un d\u00e9veloppement de l&rsquo;habitat orient\u00e9 vers l&rsquo;avenir.<\/p>\n","protected":false},"author":2,"featured_media":120959,"comment_status":"open","ping_status":"open","sticky":false,"template":"","format":"standard","meta":{"pmpro_default_level":"","inline_featured_image":false,"_monsterinsights_skip_tracking":false,"footnotes":""},"categories":[9438,9430,22357],"tags":[2326,5717,6667,848,856,872,3931,46660],"class_list":["post-128855","post","type-post","status-publish","format-standard","has-post-thumbnail","hentry","category-region-bale","category-business-fr","category-industrie-du-batiment","tag-bank-fr","tag-gebaeude-fr","tag-hypotheken-fr","tag-immobilien-fr","tag-immobilienmarkt-fr","tag-immoinvest-fr","tag-immonews-fr","tag-mietmarkt-fr","pmpro-has-access"],"acf":{"bild_mit_ki_erstellt_worden":[],"lead":"La r\u00e9gion de B\u00e2le est confront\u00e9e \u00e0 un d\u00e9fi sur le march\u00e9 du logement. La demande reste \u00e9lev\u00e9e, l'offre stagne, avec des cons\u00e9quences sur les prix d'achat et les loyers. Les experts pr\u00e9sents \u00e0 l'Immo Talk du portail immobilier Newhome analysent la situation et donnent des impulsions pour un d\u00e9veloppement de l'habitat orient\u00e9 vers l'avenir.","autor":"Quelle: NewHome, Bild: immo!nvest Magazin Basel","ort":"","bildunterschrift":"","bild_im_grid":false,"gallerie":"","newsim":""},"aioseo_notices":[],"aioseo_head":"\n\t\t<!-- All in One SEO 5.0.0.1 - aioseo.com -->\n\t<meta name=\"description\" content=\"La r\u00e9gion de B\u00e2le est confront\u00e9e \u00e0 un d\u00e9fi sur le march\u00e9 du logement. La demande reste \u00e9lev\u00e9e, l&#039;offre stagne, avec des cons\u00e9quences sur les prix d&#039;achat et les loyers. Les experts pr\u00e9sents \u00e0 l&#039;Immo Talk du portail immobilier Newhome analysent la situation et donnent des impulsions pour un d\u00e9veloppement de l&#039;habitat orient\u00e9 vers l&#039;avenir.\" \/>\n\t<meta name=\"robots\" content=\"max-image-preview:large\" \/>\n\t<meta name=\"author\" content=\"immovestuser\"\/>\n\t<meta name=\"google-site-verification\" content=\"fHJKvgWpZCR2zVBHWfkQeFXC11qieUSff0HGNYfuyLA\" \/>\n\t<link rel=\"canonical\" href=\"https:\/\/www.immo-invest.ch\/fr\/basler-immobilienmarkt-unter-druck\/\" \/>\n\t<meta name=\"generator\" content=\"All in One SEO (AIOSEO) 5.0.0.1\" \/>\n\t\t<meta property=\"og:locale\" content=\"fr_FR\" \/>\n\t\t<meta property=\"og:site_name\" content=\"immo!nvest - Die Plattform f\u00fcr Standorte und Immobilien - Die\u00a0Plattform f\u00fcr Standorte und Immobilien\" \/>\n\t\t<meta property=\"og:type\" content=\"article\" \/>\n\t\t<meta property=\"og:title\" content=\"Le march\u00e9 immobilier b\u00e2lois sous pression - immo!nvest - Die Plattform f\u00fcr Standorte und Immobilien\" \/>\n\t\t<meta property=\"og:description\" content=\"La r\u00e9gion de B\u00e2le est confront\u00e9e \u00e0 un d\u00e9fi sur le march\u00e9 du logement. La demande reste \u00e9lev\u00e9e, l&#039;offre stagne, avec des cons\u00e9quences sur les prix d&#039;achat et les loyers. Les experts pr\u00e9sents \u00e0 l&#039;Immo Talk du portail immobilier Newhome analysent la situation et donnent des impulsions pour un d\u00e9veloppement de l&#039;habitat orient\u00e9 vers l&#039;avenir.\" \/>\n\t\t<meta property=\"og:url\" content=\"https:\/\/www.immo-invest.ch\/fr\/basler-immobilienmarkt-unter-druck\/\" \/>\n\t\t<meta property=\"og:image\" content=\"https:\/\/www.immo-invest.ch\/wp-content\/uploads\/2024\/12\/immo_invest_basel_projekt_quartier.png\" \/>\n\t\t<meta property=\"og:image:secure_url\" content=\"https:\/\/www.immo-invest.ch\/wp-content\/uploads\/2024\/12\/immo_invest_basel_projekt_quartier.png\" \/>\n\t\t<meta property=\"og:image:width\" content=\"1536\" \/>\n\t\t<meta property=\"og:image:height\" content=\"768\" \/>\n\t\t<meta property=\"article:published_time\" content=\"2025-03-25T13:09:13+00:00\" \/>\n\t\t<meta property=\"article:modified_time\" content=\"2025-03-25T13:48:13+00:00\" \/>\n\t\t<meta property=\"article:publisher\" content=\"https:\/\/www.facebook.com\/people\/Immoinvest\/100077962920504\/\" \/>\n\t\t<meta name=\"twitter:card\" content=\"summary_large_image\" \/>\n\t\t<meta name=\"twitter:site\" content=\"@i\" \/>\n\t\t<meta name=\"twitter:title\" content=\"Le march\u00e9 immobilier b\u00e2lois sous pression - immo!nvest - Die Plattform f\u00fcr Standorte und Immobilien\" \/>\n\t\t<meta name=\"twitter:description\" content=\"La r\u00e9gion de B\u00e2le est confront\u00e9e \u00e0 un d\u00e9fi sur le march\u00e9 du logement. La demande reste \u00e9lev\u00e9e, l&#039;offre stagne, avec des cons\u00e9quences sur les prix d&#039;achat et les loyers. Les experts pr\u00e9sents \u00e0 l&#039;Immo Talk du portail immobilier Newhome analysent la situation et donnent des impulsions pour un d\u00e9veloppement de l&#039;habitat orient\u00e9 vers l&#039;avenir.\" \/>\n\t\t<meta name=\"twitter:creator\" content=\"@i\" \/>\n\t\t<meta name=\"twitter:image\" content=\"https:\/\/www.immo-invest.ch\/wp-content\/uploads\/2024\/12\/immo_invest_basel_projekt_quartier.png\" \/>\n\t\t<script type=\"application\/ld+json\" class=\"aioseo-schema\">\n\t\t\t{\"@context\":\"https:\\\/\\\/schema.org\",\"@graph\":[{\"@type\":\"BlogPosting\",\"@id\":\"https:\\\/\\\/www.immo-invest.ch\\\/fr\\\/basler-immobilienmarkt-unter-druck\\\/#blogposting\",\"name\":\"Le march\\u00e9 immobilier b\\u00e2lois sous pression - immo!nvest - Die Plattform f\\u00fcr Standorte und Immobilien\",\"headline\":\"Le march\\u00e9 immobilier b\\u00e2lois sous pression\",\"author\":{\"@id\":\"https:\\\/\\\/www.immo-invest.ch\\\/fr\\\/author\\\/immovestuser\\\/#author\"},\"publisher\":{\"@id\":\"https:\\\/\\\/www.immo-invest.ch\\\/fr\\\/#organization\"},\"image\":{\"@type\":\"ImageObject\",\"url\":\"https:\\\/\\\/www.immo-invest.ch\\\/wp-content\\\/uploads\\\/2024\\\/12\\\/immo_invest_basel_projekt_quartier.png\",\"width\":1536,\"height\":768},\"datePublished\":\"2025-03-25T14:09:13+01:00\",\"dateModified\":\"2025-03-25T14:48:13+01:00\",\"inLanguage\":\"fr-FR\",\"mainEntityOfPage\":{\"@id\":\"https:\\\/\\\/www.immo-invest.ch\\\/fr\\\/basler-immobilienmarkt-unter-druck\\\/#webpage\"},\"isPartOf\":{\"@id\":\"https:\\\/\\\/www.immo-invest.ch\\\/fr\\\/basler-immobilienmarkt-unter-druck\\\/#webpage\"},\"articleSection\":\"B\\u00e2le, Business, Industrie du b\\u00e2timent, Bank, Geb\\u00e4ude, Hypotheken, immobilien, Immobilienmarkt, Immoinvest, immoNews, Mietmarkt, Facultatif\"},{\"@type\":\"BreadcrumbList\",\"@id\":\"https:\\\/\\\/www.immo-invest.ch\\\/fr\\\/basler-immobilienmarkt-unter-druck\\\/#breadcrumblist\",\"itemListElement\":[{\"@type\":\"ListItem\",\"@id\":\"https:\\\/\\\/www.immo-invest.ch\\\/fr\\\/#listItem\",\"position\":1,\"name\":\"Home\",\"item\":\"https:\\\/\\\/www.immo-invest.ch\\\/fr\\\/\",\"nextItem\":{\"@type\":\"ListItem\",\"@id\":\"https:\\\/\\\/www.immo-invest.ch\\\/fr\\\/categories\\\/regions\\\/#listItem\",\"name\":\"R\\u00e9gions\"}},{\"@type\":\"ListItem\",\"@id\":\"https:\\\/\\\/www.immo-invest.ch\\\/fr\\\/categories\\\/regions\\\/#listItem\",\"position\":2,\"name\":\"R\\u00e9gions\",\"item\":\"https:\\\/\\\/www.immo-invest.ch\\\/fr\\\/categories\\\/regions\\\/\",\"nextItem\":{\"@type\":\"ListItem\",\"@id\":\"https:\\\/\\\/www.immo-invest.ch\\\/fr\\\/categories\\\/regions\\\/suisse\\\/#listItem\",\"name\":\"Suisse\"},\"previousItem\":{\"@type\":\"ListItem\",\"@id\":\"https:\\\/\\\/www.immo-invest.ch\\\/fr\\\/#listItem\",\"name\":\"Home\"}},{\"@type\":\"ListItem\",\"@id\":\"https:\\\/\\\/www.immo-invest.ch\\\/fr\\\/categories\\\/regions\\\/suisse\\\/#listItem\",\"position\":3,\"name\":\"Suisse\",\"item\":\"https:\\\/\\\/www.immo-invest.ch\\\/fr\\\/categories\\\/regions\\\/suisse\\\/\",\"nextItem\":{\"@type\":\"ListItem\",\"@id\":\"https:\\\/\\\/www.immo-invest.ch\\\/fr\\\/categories\\\/regions\\\/suisse\\\/suisse-du-nord-ouest\\\/#listItem\",\"name\":\"Suisse du Nord-Ouest\"},\"previousItem\":{\"@type\":\"ListItem\",\"@id\":\"https:\\\/\\\/www.immo-invest.ch\\\/fr\\\/categories\\\/regions\\\/#listItem\",\"name\":\"R\\u00e9gions\"}},{\"@type\":\"ListItem\",\"@id\":\"https:\\\/\\\/www.immo-invest.ch\\\/fr\\\/categories\\\/regions\\\/suisse\\\/suisse-du-nord-ouest\\\/#listItem\",\"position\":4,\"name\":\"Suisse du Nord-Ouest\",\"item\":\"https:\\\/\\\/www.immo-invest.ch\\\/fr\\\/categories\\\/regions\\\/suisse\\\/suisse-du-nord-ouest\\\/\",\"nextItem\":{\"@type\":\"ListItem\",\"@id\":\"https:\\\/\\\/www.immo-invest.ch\\\/fr\\\/categories\\\/regions\\\/suisse\\\/suisse-du-nord-ouest\\\/region-bale\\\/#listItem\",\"name\":\"B\\u00e2le\"},\"previousItem\":{\"@type\":\"ListItem\",\"@id\":\"https:\\\/\\\/www.immo-invest.ch\\\/fr\\\/categories\\\/regions\\\/suisse\\\/#listItem\",\"name\":\"Suisse\"}},{\"@type\":\"ListItem\",\"@id\":\"https:\\\/\\\/www.immo-invest.ch\\\/fr\\\/categories\\\/regions\\\/suisse\\\/suisse-du-nord-ouest\\\/region-bale\\\/#listItem\",\"position\":5,\"name\":\"B\\u00e2le\",\"item\":\"https:\\\/\\\/www.immo-invest.ch\\\/fr\\\/categories\\\/regions\\\/suisse\\\/suisse-du-nord-ouest\\\/region-bale\\\/\",\"nextItem\":{\"@type\":\"ListItem\",\"@id\":\"https:\\\/\\\/www.immo-invest.ch\\\/fr\\\/basler-immobilienmarkt-unter-druck\\\/#listItem\",\"name\":\"Le march\\u00e9 immobilier b\\u00e2lois sous pression\"},\"previousItem\":{\"@type\":\"ListItem\",\"@id\":\"https:\\\/\\\/www.immo-invest.ch\\\/fr\\\/categories\\\/regions\\\/suisse\\\/suisse-du-nord-ouest\\\/#listItem\",\"name\":\"Suisse du Nord-Ouest\"}},{\"@type\":\"ListItem\",\"@id\":\"https:\\\/\\\/www.immo-invest.ch\\\/fr\\\/basler-immobilienmarkt-unter-druck\\\/#listItem\",\"position\":6,\"name\":\"Le march\\u00e9 immobilier b\\u00e2lois sous pression\",\"previousItem\":{\"@type\":\"ListItem\",\"@id\":\"https:\\\/\\\/www.immo-invest.ch\\\/fr\\\/categories\\\/regions\\\/suisse\\\/suisse-du-nord-ouest\\\/region-bale\\\/#listItem\",\"name\":\"B\\u00e2le\"}}]},{\"@type\":\"Organization\",\"@id\":\"https:\\\/\\\/www.immo-invest.ch\\\/fr\\\/#organization\",\"name\":\"immo!nvest - Die Plattform f\\u00fcr Standorte und Immobilien\",\"description\":\"Die\\u00a0Plattform f\\u00fcr Standorte und Immobilien\",\"url\":\"https:\\\/\\\/www.immo-invest.ch\\\/fr\\\/\",\"email\":\"admin@immomedia.ag\",\"telephone\":\"+41444420002\",\"logo\":{\"@type\":\"ImageObject\",\"url\":\"https:\\\/\\\/www.immo-invest.ch\\\/wp-content\\\/uploads\\\/2024\\\/09\\\/immoinvest_sm-scaled.jpg\",\"@id\":\"https:\\\/\\\/www.immo-invest.ch\\\/fr\\\/basler-immobilienmarkt-unter-druck\\\/#organizationLogo\",\"width\":2560,\"height\":1340},\"image\":{\"@id\":\"https:\\\/\\\/www.immo-invest.ch\\\/fr\\\/basler-immobilienmarkt-unter-druck\\\/#organizationLogo\"},\"sameAs\":[\"https:\\\/\\\/www.facebook.com\\\/people\\\/Immoinvest\\\/100077962920504\\\/\",\"https:\\\/\\\/x.com\\\/i\\\/flow\\\/login?redirect_after_login=immoinvest_ch\",\"https:\\\/\\\/www.instagram.com\\\/immoinvest_ch\\\/\",\"https:\\\/\\\/www.linkedin.com\\\/company\\\/immoinvest-swiss\"]},{\"@type\":\"Person\",\"@id\":\"https:\\\/\\\/www.immo-invest.ch\\\/fr\\\/author\\\/immovestuser\\\/#author\",\"url\":\"https:\\\/\\\/www.immo-invest.ch\\\/fr\\\/author\\\/immovestuser\\\/\",\"name\":\"immovestuser\",\"image\":{\"@type\":\"ImageObject\",\"@id\":\"https:\\\/\\\/www.immo-invest.ch\\\/fr\\\/basler-immobilienmarkt-unter-druck\\\/#authorImage\",\"url\":\"https:\\\/\\\/secure.gravatar.com\\\/avatar\\\/8e01f4d99f2eeea7a362ebb93305e1172a70e9293ba250f897a65c39f54cdd1e?s=96&d=mm&r=g\",\"width\":96,\"height\":96,\"caption\":\"immovestuser\"}},{\"@type\":\"WebPage\",\"@id\":\"https:\\\/\\\/www.immo-invest.ch\\\/fr\\\/basler-immobilienmarkt-unter-druck\\\/#webpage\",\"url\":\"https:\\\/\\\/www.immo-invest.ch\\\/fr\\\/basler-immobilienmarkt-unter-druck\\\/\",\"name\":\"Le march\\u00e9 immobilier b\\u00e2lois sous pression - immo!nvest - Die Plattform f\\u00fcr Standorte und Immobilien\",\"description\":\"La r\\u00e9gion de B\\u00e2le est confront\\u00e9e \\u00e0 un d\\u00e9fi sur le march\\u00e9 du logement. La demande reste \\u00e9lev\\u00e9e, l'offre stagne, avec des cons\\u00e9quences sur les prix d'achat et les loyers. Les experts pr\\u00e9sents \\u00e0 l'Immo Talk du portail immobilier Newhome analysent la situation et donnent des impulsions pour un d\\u00e9veloppement de l'habitat orient\\u00e9 vers l'avenir.\",\"inLanguage\":\"fr-FR\",\"isPartOf\":{\"@id\":\"https:\\\/\\\/www.immo-invest.ch\\\/fr\\\/#website\"},\"breadcrumb\":{\"@id\":\"https:\\\/\\\/www.immo-invest.ch\\\/fr\\\/basler-immobilienmarkt-unter-druck\\\/#breadcrumblist\"},\"author\":{\"@id\":\"https:\\\/\\\/www.immo-invest.ch\\\/fr\\\/author\\\/immovestuser\\\/#author\"},\"creator\":{\"@id\":\"https:\\\/\\\/www.immo-invest.ch\\\/fr\\\/author\\\/immovestuser\\\/#author\"},\"image\":{\"@type\":\"ImageObject\",\"url\":\"https:\\\/\\\/www.immo-invest.ch\\\/wp-content\\\/uploads\\\/2024\\\/12\\\/immo_invest_basel_projekt_quartier.png\",\"@id\":\"https:\\\/\\\/www.immo-invest.ch\\\/fr\\\/basler-immobilienmarkt-unter-druck\\\/#mainImage\",\"width\":1536,\"height\":768},\"primaryImageOfPage\":{\"@id\":\"https:\\\/\\\/www.immo-invest.ch\\\/fr\\\/basler-immobilienmarkt-unter-druck\\\/#mainImage\"},\"datePublished\":\"2025-03-25T14:09:13+01:00\",\"dateModified\":\"2025-03-25T14:48:13+01:00\"},{\"@type\":\"WebSite\",\"@id\":\"https:\\\/\\\/www.immo-invest.ch\\\/fr\\\/#website\",\"url\":\"https:\\\/\\\/www.immo-invest.ch\\\/fr\\\/\",\"name\":\"immo!nvest - Die Plattform f\\u00fcr Standorte und Immobilien\",\"description\":\"Die\\u00a0Plattform f\\u00fcr Standorte und Immobilien\",\"inLanguage\":\"fr-FR\",\"publisher\":{\"@id\":\"https:\\\/\\\/www.immo-invest.ch\\\/fr\\\/#organization\"}}]}\n\t\t<\/script>\n\t\t<!-- All in One SEO -->\n\n","aioseo_head_json":{"title":"Le march\u00e9 immobilier b\u00e2lois sous pression - immo!nvest - Die Plattform f\u00fcr Standorte und Immobilien","description":"La r\u00e9gion de B\u00e2le est confront\u00e9e \u00e0 un d\u00e9fi sur le march\u00e9 du logement. La demande reste \u00e9lev\u00e9e, l'offre stagne, avec des cons\u00e9quences sur les prix d'achat et les loyers. Les experts pr\u00e9sents \u00e0 l'Immo Talk du portail immobilier Newhome analysent la situation et donnent des impulsions pour un d\u00e9veloppement de l'habitat orient\u00e9 vers l'avenir.","canonical_url":"https:\/\/www.immo-invest.ch\/fr\/basler-immobilienmarkt-unter-druck\/","robots":"max-image-preview:large","keywords":"","webmasterTools":{"google-site-verification":"fHJKvgWpZCR2zVBHWfkQeFXC11qieUSff0HGNYfuyLA","miscellaneous":""},"schema":{"@context":"https:\/\/schema.org","@graph":[{"@type":"BlogPosting","@id":"https:\/\/www.immo-invest.ch\/fr\/basler-immobilienmarkt-unter-druck\/#blogposting","name":"Le march\u00e9 immobilier b\u00e2lois sous pression - immo!nvest - Die Plattform f\u00fcr Standorte und Immobilien","headline":"Le march\u00e9 immobilier b\u00e2lois sous pression","author":{"@id":"https:\/\/www.immo-invest.ch\/fr\/author\/immovestuser\/#author"},"publisher":{"@id":"https:\/\/www.immo-invest.ch\/fr\/#organization"},"image":{"@type":"ImageObject","url":"https:\/\/www.immo-invest.ch\/wp-content\/uploads\/2024\/12\/immo_invest_basel_projekt_quartier.png","width":1536,"height":768},"datePublished":"2025-03-25T14:09:13+01:00","dateModified":"2025-03-25T14:48:13+01:00","inLanguage":"fr-FR","mainEntityOfPage":{"@id":"https:\/\/www.immo-invest.ch\/fr\/basler-immobilienmarkt-unter-druck\/#webpage"},"isPartOf":{"@id":"https:\/\/www.immo-invest.ch\/fr\/basler-immobilienmarkt-unter-druck\/#webpage"},"articleSection":"B\u00e2le, Business, Industrie du b\u00e2timent, Bank, Geb\u00e4ude, Hypotheken, immobilien, Immobilienmarkt, Immoinvest, immoNews, Mietmarkt, Facultatif"},{"@type":"BreadcrumbList","@id":"https:\/\/www.immo-invest.ch\/fr\/basler-immobilienmarkt-unter-druck\/#breadcrumblist","itemListElement":[{"@type":"ListItem","@id":"https:\/\/www.immo-invest.ch\/fr\/#listItem","position":1,"name":"Home","item":"https:\/\/www.immo-invest.ch\/fr\/","nextItem":{"@type":"ListItem","@id":"https:\/\/www.immo-invest.ch\/fr\/categories\/regions\/#listItem","name":"R\u00e9gions"}},{"@type":"ListItem","@id":"https:\/\/www.immo-invest.ch\/fr\/categories\/regions\/#listItem","position":2,"name":"R\u00e9gions","item":"https:\/\/www.immo-invest.ch\/fr\/categories\/regions\/","nextItem":{"@type":"ListItem","@id":"https:\/\/www.immo-invest.ch\/fr\/categories\/regions\/suisse\/#listItem","name":"Suisse"},"previousItem":{"@type":"ListItem","@id":"https:\/\/www.immo-invest.ch\/fr\/#listItem","name":"Home"}},{"@type":"ListItem","@id":"https:\/\/www.immo-invest.ch\/fr\/categories\/regions\/suisse\/#listItem","position":3,"name":"Suisse","item":"https:\/\/www.immo-invest.ch\/fr\/categories\/regions\/suisse\/","nextItem":{"@type":"ListItem","@id":"https:\/\/www.immo-invest.ch\/fr\/categories\/regions\/suisse\/suisse-du-nord-ouest\/#listItem","name":"Suisse du Nord-Ouest"},"previousItem":{"@type":"ListItem","@id":"https:\/\/www.immo-invest.ch\/fr\/categories\/regions\/#listItem","name":"R\u00e9gions"}},{"@type":"ListItem","@id":"https:\/\/www.immo-invest.ch\/fr\/categories\/regions\/suisse\/suisse-du-nord-ouest\/#listItem","position":4,"name":"Suisse du Nord-Ouest","item":"https:\/\/www.immo-invest.ch\/fr\/categories\/regions\/suisse\/suisse-du-nord-ouest\/","nextItem":{"@type":"ListItem","@id":"https:\/\/www.immo-invest.ch\/fr\/categories\/regions\/suisse\/suisse-du-nord-ouest\/region-bale\/#listItem","name":"B\u00e2le"},"previousItem":{"@type":"ListItem","@id":"https:\/\/www.immo-invest.ch\/fr\/categories\/regions\/suisse\/#listItem","name":"Suisse"}},{"@type":"ListItem","@id":"https:\/\/www.immo-invest.ch\/fr\/categories\/regions\/suisse\/suisse-du-nord-ouest\/region-bale\/#listItem","position":5,"name":"B\u00e2le","item":"https:\/\/www.immo-invest.ch\/fr\/categories\/regions\/suisse\/suisse-du-nord-ouest\/region-bale\/","nextItem":{"@type":"ListItem","@id":"https:\/\/www.immo-invest.ch\/fr\/basler-immobilienmarkt-unter-druck\/#listItem","name":"Le march\u00e9 immobilier b\u00e2lois sous pression"},"previousItem":{"@type":"ListItem","@id":"https:\/\/www.immo-invest.ch\/fr\/categories\/regions\/suisse\/suisse-du-nord-ouest\/#listItem","name":"Suisse du Nord-Ouest"}},{"@type":"ListItem","@id":"https:\/\/www.immo-invest.ch\/fr\/basler-immobilienmarkt-unter-druck\/#listItem","position":6,"name":"Le march\u00e9 immobilier b\u00e2lois sous pression","previousItem":{"@type":"ListItem","@id":"https:\/\/www.immo-invest.ch\/fr\/categories\/regions\/suisse\/suisse-du-nord-ouest\/region-bale\/#listItem","name":"B\u00e2le"}}]},{"@type":"Organization","@id":"https:\/\/www.immo-invest.ch\/fr\/#organization","name":"immo!nvest - Die Plattform f\u00fcr Standorte und Immobilien","description":"Die\u00a0Plattform f\u00fcr Standorte und Immobilien","url":"https:\/\/www.immo-invest.ch\/fr\/","email":"admin@immomedia.ag","telephone":"+41444420002","logo":{"@type":"ImageObject","url":"https:\/\/www.immo-invest.ch\/wp-content\/uploads\/2024\/09\/immoinvest_sm-scaled.jpg","@id":"https:\/\/www.immo-invest.ch\/fr\/basler-immobilienmarkt-unter-druck\/#organizationLogo","width":2560,"height":1340},"image":{"@id":"https:\/\/www.immo-invest.ch\/fr\/basler-immobilienmarkt-unter-druck\/#organizationLogo"},"sameAs":["https:\/\/www.facebook.com\/people\/Immoinvest\/100077962920504\/","https:\/\/x.com\/i\/flow\/login?redirect_after_login=immoinvest_ch","https:\/\/www.instagram.com\/immoinvest_ch\/","https:\/\/www.linkedin.com\/company\/immoinvest-swiss"]},{"@type":"Person","@id":"https:\/\/www.immo-invest.ch\/fr\/author\/immovestuser\/#author","url":"https:\/\/www.immo-invest.ch\/fr\/author\/immovestuser\/","name":"immovestuser","image":{"@type":"ImageObject","@id":"https:\/\/www.immo-invest.ch\/fr\/basler-immobilienmarkt-unter-druck\/#authorImage","url":"https:\/\/secure.gravatar.com\/avatar\/8e01f4d99f2eeea7a362ebb93305e1172a70e9293ba250f897a65c39f54cdd1e?s=96&d=mm&r=g","width":96,"height":96,"caption":"immovestuser"}},{"@type":"WebPage","@id":"https:\/\/www.immo-invest.ch\/fr\/basler-immobilienmarkt-unter-druck\/#webpage","url":"https:\/\/www.immo-invest.ch\/fr\/basler-immobilienmarkt-unter-druck\/","name":"Le march\u00e9 immobilier b\u00e2lois sous pression - immo!nvest - Die Plattform f\u00fcr Standorte und Immobilien","description":"La r\u00e9gion de B\u00e2le est confront\u00e9e \u00e0 un d\u00e9fi sur le march\u00e9 du logement. La demande reste \u00e9lev\u00e9e, l'offre stagne, avec des cons\u00e9quences sur les prix d'achat et les loyers. Les experts pr\u00e9sents \u00e0 l'Immo Talk du portail immobilier Newhome analysent la situation et donnent des impulsions pour un d\u00e9veloppement de l'habitat orient\u00e9 vers l'avenir.","inLanguage":"fr-FR","isPartOf":{"@id":"https:\/\/www.immo-invest.ch\/fr\/#website"},"breadcrumb":{"@id":"https:\/\/www.immo-invest.ch\/fr\/basler-immobilienmarkt-unter-druck\/#breadcrumblist"},"author":{"@id":"https:\/\/www.immo-invest.ch\/fr\/author\/immovestuser\/#author"},"creator":{"@id":"https:\/\/www.immo-invest.ch\/fr\/author\/immovestuser\/#author"},"image":{"@type":"ImageObject","url":"https:\/\/www.immo-invest.ch\/wp-content\/uploads\/2024\/12\/immo_invest_basel_projekt_quartier.png","@id":"https:\/\/www.immo-invest.ch\/fr\/basler-immobilienmarkt-unter-druck\/#mainImage","width":1536,"height":768},"primaryImageOfPage":{"@id":"https:\/\/www.immo-invest.ch\/fr\/basler-immobilienmarkt-unter-druck\/#mainImage"},"datePublished":"2025-03-25T14:09:13+01:00","dateModified":"2025-03-25T14:48:13+01:00"},{"@type":"WebSite","@id":"https:\/\/www.immo-invest.ch\/fr\/#website","url":"https:\/\/www.immo-invest.ch\/fr\/","name":"immo!nvest - Die Plattform f\u00fcr Standorte und Immobilien","description":"Die\u00a0Plattform f\u00fcr Standorte und Immobilien","inLanguage":"fr-FR","publisher":{"@id":"https:\/\/www.immo-invest.ch\/fr\/#organization"}}]},"og:locale":"fr_FR","og:site_name":"immo!nvest - Die Plattform f\u00fcr Standorte und Immobilien - Die\u00a0Plattform f\u00fcr Standorte und Immobilien","og:type":"article","og:title":"Le march\u00e9 immobilier b\u00e2lois sous pression - immo!nvest - Die Plattform f\u00fcr Standorte und Immobilien","og:description":"La r\u00e9gion de B\u00e2le est confront\u00e9e \u00e0 un d\u00e9fi sur le march\u00e9 du logement. La demande reste \u00e9lev\u00e9e, l'offre stagne, avec des cons\u00e9quences sur les prix d'achat et les loyers. Les experts pr\u00e9sents \u00e0 l'Immo Talk du portail immobilier Newhome analysent la situation et donnent des impulsions pour un d\u00e9veloppement de l'habitat orient\u00e9 vers l'avenir.","og:url":"https:\/\/www.immo-invest.ch\/fr\/basler-immobilienmarkt-unter-druck\/","og:image":"https:\/\/www.immo-invest.ch\/wp-content\/uploads\/2024\/12\/immo_invest_basel_projekt_quartier.png","og:image:secure_url":"https:\/\/www.immo-invest.ch\/wp-content\/uploads\/2024\/12\/immo_invest_basel_projekt_quartier.png","og:image:width":1536,"og:image:height":768,"article:published_time":"2025-03-25T13:09:13+00:00","article:modified_time":"2025-03-25T13:48:13+00:00","article:publisher":"https:\/\/www.facebook.com\/people\/Immoinvest\/100077962920504\/","twitter:card":"summary_large_image","twitter:site":"@i","twitter:title":"Le march\u00e9 immobilier b\u00e2lois sous pression - immo!nvest - Die Plattform f\u00fcr Standorte und Immobilien","twitter:description":"La r\u00e9gion de B\u00e2le est confront\u00e9e \u00e0 un d\u00e9fi sur le march\u00e9 du logement. La demande reste \u00e9lev\u00e9e, l'offre stagne, avec des cons\u00e9quences sur les prix d'achat et les loyers. Les experts pr\u00e9sents \u00e0 l'Immo Talk du portail immobilier Newhome analysent la situation et donnent des impulsions pour un d\u00e9veloppement de l'habitat orient\u00e9 vers l'avenir.","twitter:creator":"@i","twitter:image":"https:\/\/www.immo-invest.ch\/wp-content\/uploads\/2024\/12\/immo_invest_basel_projekt_quartier.png"},"aioseo_meta_data":{"post_id":"128855","title":null,"description":null,"keywords":null,"keyphrases":{"focus":{"keyphrase":"","score":0,"analysis":{"keyphraseInTitle":{"score":0,"maxScore":9,"error":1}}},"additional":[]},"primary_term":null,"canonical_url":null,"og_title":null,"og_description":null,"og_object_type":"default","og_image_type":"default","og_image_url":null,"og_image_width":null,"og_image_height":null,"og_image_custom_url":null,"og_image_custom_fields":null,"og_video":"","og_custom_url":null,"og_article_section":null,"og_article_tags":null,"twitter_use_og":false,"twitter_card":"default","twitter_image_type":"default","twitter_image_url":null,"twitter_image_custom_url":null,"twitter_image_custom_fields":null,"twitter_title":null,"twitter_description":null,"schema":{"blockGraphs":[],"customGraphs":[],"default":{"data":{"Article":[],"Course":[],"Dataset":[],"FAQPage":[],"Movie":[],"Person":[],"Product":[],"ProductReview":[],"Car":[],"Recipe":[],"Service":[],"SoftwareApplication":[],"WebPage":[]},"graphName":"BlogPosting","isEnabled":true},"graphs":[]},"schema_type":"default","schema_type_options":null,"pillar_content":false,"robots_default":true,"robots_noindex":false,"robots_noarchive":false,"robots_nosnippet":false,"robots_nofollow":false,"robots_noimageindex":false,"robots_noodp":false,"robots_notranslate":false,"robots_max_snippet":"-1","robots_max_videopreview":"-1","robots_max_imagepreview":"large","priority":null,"frequency":"default","local_seo":null,"breadcrumb_settings":null,"limit_modified_date":false,"ai":null,"created":"2025-03-25 13:34:03","updated":"2025-10-24 18:11:13","seo_analyzer_scan_date":null,"focus_keyword":null,"additional_keywords":null,"truseo_locale":null},"aioseo_breadcrumb":"<div class=\"aioseo-breadcrumbs\"><span class=\"aioseo-breadcrumb\">\n\t\t\t<a href=\"https:\/\/www.immo-invest.ch\/fr\/\" title=\"Home\">Home<\/a>\n\t\t<\/span><span class=\"aioseo-breadcrumb-separator\">&raquo;<\/span><span class=\"aioseo-breadcrumb\">\n\t\t\t<a href=\"https:\/\/www.immo-invest.ch\/fr\/categories\/regions\/\" title=\"R\u00e9gions\">R\u00e9gions<\/a>\n\t\t<\/span><span class=\"aioseo-breadcrumb-separator\">&raquo;<\/span><span class=\"aioseo-breadcrumb\">\n\t\t\t<a href=\"https:\/\/www.immo-invest.ch\/fr\/categories\/regions\/suisse\/\" title=\"Suisse\">Suisse<\/a>\n\t\t<\/span><span class=\"aioseo-breadcrumb-separator\">&raquo;<\/span><span class=\"aioseo-breadcrumb\">\n\t\t\t<a href=\"https:\/\/www.immo-invest.ch\/fr\/categories\/regions\/suisse\/suisse-du-nord-ouest\/\" title=\"Suisse du Nord-Ouest\">Suisse du Nord-Ouest<\/a>\n\t\t<\/span><span class=\"aioseo-breadcrumb-separator\">&raquo;<\/span><span class=\"aioseo-breadcrumb\">\n\t\t\t<a href=\"https:\/\/www.immo-invest.ch\/fr\/categories\/regions\/suisse\/suisse-du-nord-ouest\/region-bale\/\" title=\"B\u00e2le\">B\u00e2le<\/a>\n\t\t<\/span><span class=\"aioseo-breadcrumb-separator\">&raquo;<\/span><span class=\"aioseo-breadcrumb\">\n\t\t\tLe march\u00e9 immobilier b\u00e2lois sous pression\n\t\t<\/span><\/div>","aioseo_breadcrumb_json":[{"label":"Home","link":"https:\/\/www.immo-invest.ch\/fr\/"},{"label":"R\u00e9gions","link":"https:\/\/www.immo-invest.ch\/fr\/categories\/regions\/"},{"label":"Suisse","link":"https:\/\/www.immo-invest.ch\/fr\/categories\/regions\/suisse\/"},{"label":"Suisse du Nord-Ouest","link":"https:\/\/www.immo-invest.ch\/fr\/categories\/regions\/suisse\/suisse-du-nord-ouest\/"},{"label":"B\u00e2le","link":"https:\/\/www.immo-invest.ch\/fr\/categories\/regions\/suisse\/suisse-du-nord-ouest\/region-bale\/"},{"label":"Le march\u00e9 immobilier b\u00e2lois sous pression","link":"https:\/\/www.immo-invest.ch\/fr\/basler-immobilienmarkt-unter-druck\/"}],"featured_image_src":"https:\/\/www.immo-invest.ch\/wp-content\/uploads\/2024\/12\/immo_invest_basel_projekt_quartier-336x168.png","_links":{"self":[{"href":"https:\/\/www.immo-invest.ch\/fr\/wp-json\/wp\/v2\/posts\/128855","targetHints":{"allow":["GET"]}}],"collection":[{"href":"https:\/\/www.immo-invest.ch\/fr\/wp-json\/wp\/v2\/posts"}],"about":[{"href":"https:\/\/www.immo-invest.ch\/fr\/wp-json\/wp\/v2\/types\/post"}],"author":[{"embeddable":true,"href":"https:\/\/www.immo-invest.ch\/fr\/wp-json\/wp\/v2\/users\/2"}],"replies":[{"embeddable":true,"href":"https:\/\/www.immo-invest.ch\/fr\/wp-json\/wp\/v2\/comments?post=128855"}],"version-history":[{"count":0,"href":"https:\/\/www.immo-invest.ch\/fr\/wp-json\/wp\/v2\/posts\/128855\/revisions"}],"wp:featuredmedia":[{"embeddable":true,"href":"https:\/\/www.immo-invest.ch\/fr\/wp-json\/wp\/v2\/media\/120959"}],"wp:attachment":[{"href":"https:\/\/www.immo-invest.ch\/fr\/wp-json\/wp\/v2\/media?parent=128855"}],"wp:term":[{"taxonomy":"category","embeddable":true,"href":"https:\/\/www.immo-invest.ch\/fr\/wp-json\/wp\/v2\/categories?post=128855"},{"taxonomy":"post_tag","embeddable":true,"href":"https:\/\/www.immo-invest.ch\/fr\/wp-json\/wp\/v2\/tags?post=128855"}],"curies":[{"name":"wp","href":"https:\/\/api.w.org\/{rel}","templated":true}]}}