{"id":128606,"date":"2025-03-20T16:00:00","date_gmt":"2025-03-20T15:00:00","guid":{"rendered":"https:\/\/www.immo-invest.ch\/?p=128606"},"modified":"2025-03-20T14:20:04","modified_gmt":"2025-03-20T13:20:04","slug":"waermeverbund-bern-wabern-foerdert-energiewende-und-co2-reduktion","status":"publish","type":"post","link":"https:\/\/www.immo-invest.ch\/fr\/waermeverbund-bern-wabern-foerdert-energiewende-und-co2-reduktion\/","title":{"rendered":"Le r\u00e9seau de chaleur Berne-Wabern favorise la transition \u00e9nerg\u00e9tique et la r\u00e9duction des \u00e9missions de CO2"},"content":{"rendered":"<p class=\"bodytext wp-block-paragraph\">L&rsquo;entreprise &eacute;nerg&eacute;tique Energie Wasser Bern<a href=\"http:\/\/www.ewb.ch\" target=\"_blank\" rel=\"noopener\">(ewb<\/a>) et la commune <a href=\"http:\/\/www.koeniz.ch\" target=\"_blank\" rel=\"noopener\">de K&ouml;niz<\/a> veulent contribuer &agrave; la r&eacute;duction des &eacute;missions de CO2 et &agrave; la r&eacute;alisation des objectifs de K&ouml;niz et de Berne en mati&egrave;re de politique climatique gr&acirc;ce au r&eacute;seau &eacute;nerg&eacute;tique Berne-Wabern, peut on lire dans un <a href=\"http:\/\/www.ewb.ch\/ueber-uns\/medien-publikationen\/medienmitteilungen\/2025\/mm-gruenes-licht-bern-wabern.php\" target=\"_blank\" rel=\"noopener\">communiqu&eacute; de presse<\/a>.<\/p>\n\n\n\n\n\n<p class=\"bodytext wp-block-paragraph\">Le conseil d&rsquo;administration d&rsquo;ewb a d&eacute;cid&eacute; de construire le r&eacute;seau de chaleur Berne-Wabern le 7 mars 2025, sur la base d&rsquo;un &laquo;&nbsp;grand int&eacute;r&ecirc;t&nbsp;&raquo; de la population r&eacute;v&eacute;l&eacute; par un sondage. La construction des installations de production devrait commencer en 2027. La premi&egrave;re livraison de chaleur devrait avoir lieu &agrave; partir de 2028.<\/p>\n\n\n\n\n\n<p class=\"bodytext wp-block-paragraph\">Concr&egrave;tement, le concept de production de chaleur pr&eacute;voit d&rsquo;utiliser l&rsquo;&eacute;nergie de l&rsquo;eau exc&eacute;dentaire de la <a href=\"http:\/\/www.eti-swiss.com\/en\/referenceslist\/pump-station-schonau\" target=\"_blank\" rel=\"noopener\">station de pompage de Sch&ouml;nau<\/a> &agrave; des fins thermiques. Les installations de production seront int&eacute;gr&eacute;es dans la centrale de chauffage existante de l&rsquo;immeuble d&rsquo;habitation Morillon &agrave; la Bondelistrasse, est-il pr&eacute;cis&eacute;.<\/p>\n\n\n\n\n\n<p class=\"bodytext wp-block-paragraph\">Avec le contrat de collaboration qui vient d&rsquo;&ecirc;tre sign&eacute;, l&rsquo;approvisionnement en chaleur et en froid &agrave; Wabern passe sous la responsabilit&eacute; d&rsquo;ewb, qui est &eacute;galement responsable de la responsabilit&eacute; op&eacute;rationnelle et financi&egrave;re de la construction.<\/p>\n\n\n\n\n\n<p class=\"bodytext wp-block-paragraph\">Le r&eacute;seau de chaleur peut contribuer &agrave; la transition &eacute;nerg&eacute;tique et &agrave; la protection du climat. Ce projet &eacute;nerg&eacute;tique durable permettra de remplacer de nombreuses installations de chauffage au mazout et au gaz &agrave; Wabern et dans les quartiers voisins de Berne. &laquo;&nbsp;Dans les zones dens&eacute;ment construites, un r&eacute;seau de chaleur est souvent la seule solution pour chauffer les b&acirc;timents avec une &eacute;nergie renouvelable, sans &eacute;missions de CO2 et de mani&egrave;re &eacute;conomique&nbsp;&raquo;, a d&eacute;clar&eacute; Hansueli Pestalozzi, conseiller municipal de K&ouml;niz, cit&eacute; dans le communiqu&eacute;.<\/p>\n\n","protected":false},"excerpt":{"rendered":"<p>Le fournisseur d&rsquo;\u00e9nergie ewb et la commune de K\u00f6niz veulent produire de la chaleur renouvelable pour 5000 m\u00e9nages \u00e0 partir de l&rsquo;eau exc\u00e9dentaire de la station de pompage de Sch\u00f6nau. Pour ce faire, ils mettent en place le r\u00e9seau de chaleur Berne-Wabern.<\/p>\n","protected":false},"author":2,"featured_media":128601,"comment_status":"open","ping_status":"open","sticky":false,"template":"","format":"standard","meta":{"pmpro_default_level":"","inline_featured_image":false,"_monsterinsights_skip_tracking":false,"footnotes":""},"categories":[9439,22699,8747,743,22438],"tags":[52243,45816,4542,45993,872,3931,2002,15889],"class_list":["post-128606","post","type-post","status-publish","format-standard","has-post-thumbnail","hentry","category-region-berne","category-durabilite","category-energie","category-immonews-fr","category-trends-fr","tag-bern-wabern-fr","tag-co2-reduktion-2-fr","tag-erneuerbare-energie-fr","tag-heizsysteme-fr","tag-immoinvest-fr","tag-immonews-fr","tag-news-fr","tag-waermeverbund-fr","pmpro-has-access"],"acf":{"bild_mit_ki_erstellt_worden":[],"lead":"Le fournisseur d'\u00e9nergie ewb et la commune de K\u00f6niz veulent produire de la chaleur renouvelable pour 5000 m\u00e9nages \u00e0 partir de l'eau exc\u00e9dentaire de la station de pompage de Sch\u00f6nau. Pour ce faire, ils mettent en place le r\u00e9seau de chaleur Berne-Wabern.","autor":"ce\/heg","ort":"Bern\/K\u00f6niz BE","bildunterschrift":"","bild_im_grid":false,"gallerie":"","newsim":""},"aioseo_notices":[],"aioseo_head":"\n\t\t<!-- All in One SEO 5.0.0.1 - aioseo.com -->\n\t<meta name=\"description\" content=\"Le fournisseur d&#039;\u00e9nergie ewb et la commune de K\u00f6niz veulent produire de la chaleur renouvelable pour 5000 m\u00e9nages \u00e0 partir de l&#039;eau exc\u00e9dentaire de la station de pompage de Sch\u00f6nau. Pour ce faire, ils mettent en place le r\u00e9seau de chaleur Berne-Wabern.\" \/>\n\t<meta name=\"robots\" content=\"max-image-preview:large\" \/>\n\t<meta name=\"author\" content=\"immovestuser\"\/>\n\t<meta name=\"google-site-verification\" content=\"fHJKvgWpZCR2zVBHWfkQeFXC11qieUSff0HGNYfuyLA\" \/>\n\t<link rel=\"canonical\" href=\"https:\/\/www.immo-invest.ch\/fr\/waermeverbund-bern-wabern-foerdert-energiewende-und-co2-reduktion\/\" \/>\n\t<meta name=\"generator\" content=\"All in One SEO (AIOSEO) 5.0.0.1\" \/>\n\t\t<meta property=\"og:locale\" content=\"fr_FR\" \/>\n\t\t<meta property=\"og:site_name\" content=\"immo!nvest - Die Plattform f\u00fcr Standorte und Immobilien - Die\u00a0Plattform f\u00fcr Standorte und Immobilien\" \/>\n\t\t<meta property=\"og:type\" content=\"article\" \/>\n\t\t<meta property=\"og:title\" content=\"Le r\u00e9seau de chaleur Berne-Wabern favorise la transition \u00e9nerg\u00e9tique et la r\u00e9duction des \u00e9missions de CO2 - immo!nvest - Die Plattform f\u00fcr Standorte und Immobilien\" \/>\n\t\t<meta property=\"og:description\" content=\"Le fournisseur d&#039;\u00e9nergie ewb et la commune de K\u00f6niz veulent produire de la chaleur renouvelable pour 5000 m\u00e9nages \u00e0 partir de l&#039;eau exc\u00e9dentaire de la station de pompage de Sch\u00f6nau. Pour ce faire, ils mettent en place le r\u00e9seau de chaleur Berne-Wabern.\" \/>\n\t\t<meta property=\"og:url\" content=\"https:\/\/www.immo-invest.ch\/fr\/waermeverbund-bern-wabern-foerdert-energiewende-und-co2-reduktion\/\" \/>\n\t\t<meta property=\"og:image\" content=\"https:\/\/www.immo-invest.ch\/wp-content\/uploads\/2025\/03\/immo-invest-bern-wabern-co2-reduktion-energie.png\" \/>\n\t\t<meta property=\"og:image:secure_url\" content=\"https:\/\/www.immo-invest.ch\/wp-content\/uploads\/2025\/03\/immo-invest-bern-wabern-co2-reduktion-energie.png\" \/>\n\t\t<meta property=\"og:image:width\" content=\"1344\" \/>\n\t\t<meta property=\"og:image:height\" content=\"896\" \/>\n\t\t<meta property=\"article:published_time\" content=\"2025-03-20T15:00:00+00:00\" \/>\n\t\t<meta property=\"article:modified_time\" content=\"2025-03-20T13:20:04+00:00\" \/>\n\t\t<meta property=\"article:publisher\" content=\"https:\/\/www.facebook.com\/people\/Immoinvest\/100077962920504\/\" \/>\n\t\t<meta name=\"twitter:card\" content=\"summary_large_image\" \/>\n\t\t<meta name=\"twitter:site\" content=\"@i\" \/>\n\t\t<meta name=\"twitter:title\" content=\"Le r\u00e9seau de chaleur Berne-Wabern favorise la transition \u00e9nerg\u00e9tique et la r\u00e9duction des \u00e9missions de CO2 - immo!nvest - Die Plattform f\u00fcr Standorte und Immobilien\" \/>\n\t\t<meta name=\"twitter:description\" content=\"Le fournisseur d&#039;\u00e9nergie ewb et la commune de K\u00f6niz veulent produire de la chaleur renouvelable pour 5000 m\u00e9nages \u00e0 partir de l&#039;eau exc\u00e9dentaire de la station de pompage de Sch\u00f6nau. Pour ce faire, ils mettent en place le r\u00e9seau de chaleur Berne-Wabern.\" \/>\n\t\t<meta name=\"twitter:creator\" content=\"@i\" \/>\n\t\t<meta name=\"twitter:image\" content=\"https:\/\/www.immo-invest.ch\/wp-content\/uploads\/2025\/03\/immo-invest-bern-wabern-co2-reduktion-energie.png\" \/>\n\t\t<script type=\"application\/ld+json\" class=\"aioseo-schema\">\n\t\t\t{\"@context\":\"https:\\\/\\\/schema.org\",\"@graph\":[{\"@type\":\"BlogPosting\",\"@id\":\"https:\\\/\\\/www.immo-invest.ch\\\/fr\\\/waermeverbund-bern-wabern-foerdert-energiewende-und-co2-reduktion\\\/#blogposting\",\"name\":\"Le r\\u00e9seau de chaleur Berne-Wabern favorise la transition \\u00e9nerg\\u00e9tique et la r\\u00e9duction des \\u00e9missions de CO2 - immo!nvest - Die Plattform f\\u00fcr Standorte und Immobilien\",\"headline\":\"Le r\\u00e9seau de chaleur Berne-Wabern favorise la transition \\u00e9nerg\\u00e9tique et la r\\u00e9duction des \\u00e9missions de CO2\",\"author\":{\"@id\":\"https:\\\/\\\/www.immo-invest.ch\\\/fr\\\/author\\\/immovestuser\\\/#author\"},\"publisher\":{\"@id\":\"https:\\\/\\\/www.immo-invest.ch\\\/fr\\\/#organization\"},\"image\":{\"@type\":\"ImageObject\",\"url\":\"https:\\\/\\\/www.immo-invest.ch\\\/wp-content\\\/uploads\\\/2025\\\/03\\\/immo-invest-bern-wabern-co2-reduktion-energie.png\",\"width\":1344,\"height\":896},\"datePublished\":\"2025-03-20T16:00:00+01:00\",\"dateModified\":\"2025-03-20T14:20:04+01:00\",\"inLanguage\":\"fr-FR\",\"mainEntityOfPage\":{\"@id\":\"https:\\\/\\\/www.immo-invest.ch\\\/fr\\\/waermeverbund-bern-wabern-foerdert-energiewende-und-co2-reduktion\\\/#webpage\"},\"isPartOf\":{\"@id\":\"https:\\\/\\\/www.immo-invest.ch\\\/fr\\\/waermeverbund-bern-wabern-foerdert-energiewende-und-co2-reduktion\\\/#webpage\"},\"articleSection\":\"Berne, Durabilit\\u00e9, \\u00c9nergie, immoNews, Trends, Bern-Wabern, CO2-Reduktion, erneuerbare Energie, Heizsysteme, Immoinvest, immoNews, News, W\\u00e4rmeverbund, Facultatif\"},{\"@type\":\"BreadcrumbList\",\"@id\":\"https:\\\/\\\/www.immo-invest.ch\\\/fr\\\/waermeverbund-bern-wabern-foerdert-energiewende-und-co2-reduktion\\\/#breadcrumblist\",\"itemListElement\":[{\"@type\":\"ListItem\",\"@id\":\"https:\\\/\\\/www.immo-invest.ch\\\/fr\\\/#listItem\",\"position\":1,\"name\":\"Home\",\"item\":\"https:\\\/\\\/www.immo-invest.ch\\\/fr\\\/\",\"nextItem\":{\"@type\":\"ListItem\",\"@id\":\"https:\\\/\\\/www.immo-invest.ch\\\/fr\\\/categories\\\/regions\\\/#listItem\",\"name\":\"R\\u00e9gions\"}},{\"@type\":\"ListItem\",\"@id\":\"https:\\\/\\\/www.immo-invest.ch\\\/fr\\\/categories\\\/regions\\\/#listItem\",\"position\":2,\"name\":\"R\\u00e9gions\",\"item\":\"https:\\\/\\\/www.immo-invest.ch\\\/fr\\\/categories\\\/regions\\\/\",\"nextItem\":{\"@type\":\"ListItem\",\"@id\":\"https:\\\/\\\/www.immo-invest.ch\\\/fr\\\/categories\\\/regions\\\/suisse\\\/#listItem\",\"name\":\"Suisse\"},\"previousItem\":{\"@type\":\"ListItem\",\"@id\":\"https:\\\/\\\/www.immo-invest.ch\\\/fr\\\/#listItem\",\"name\":\"Home\"}},{\"@type\":\"ListItem\",\"@id\":\"https:\\\/\\\/www.immo-invest.ch\\\/fr\\\/categories\\\/regions\\\/suisse\\\/#listItem\",\"position\":3,\"name\":\"Suisse\",\"item\":\"https:\\\/\\\/www.immo-invest.ch\\\/fr\\\/categories\\\/regions\\\/suisse\\\/\",\"nextItem\":{\"@type\":\"ListItem\",\"@id\":\"https:\\\/\\\/www.immo-invest.ch\\\/fr\\\/categories\\\/regions\\\/suisse\\\/espace-mittelland\\\/#listItem\",\"name\":\"Espace Mittelland\"},\"previousItem\":{\"@type\":\"ListItem\",\"@id\":\"https:\\\/\\\/www.immo-invest.ch\\\/fr\\\/categories\\\/regions\\\/#listItem\",\"name\":\"R\\u00e9gions\"}},{\"@type\":\"ListItem\",\"@id\":\"https:\\\/\\\/www.immo-invest.ch\\\/fr\\\/categories\\\/regions\\\/suisse\\\/espace-mittelland\\\/#listItem\",\"position\":4,\"name\":\"Espace Mittelland\",\"item\":\"https:\\\/\\\/www.immo-invest.ch\\\/fr\\\/categories\\\/regions\\\/suisse\\\/espace-mittelland\\\/\",\"nextItem\":{\"@type\":\"ListItem\",\"@id\":\"https:\\\/\\\/www.immo-invest.ch\\\/fr\\\/categories\\\/regions\\\/suisse\\\/espace-mittelland\\\/region-berne\\\/#listItem\",\"name\":\"Berne\"},\"previousItem\":{\"@type\":\"ListItem\",\"@id\":\"https:\\\/\\\/www.immo-invest.ch\\\/fr\\\/categories\\\/regions\\\/suisse\\\/#listItem\",\"name\":\"Suisse\"}},{\"@type\":\"ListItem\",\"@id\":\"https:\\\/\\\/www.immo-invest.ch\\\/fr\\\/categories\\\/regions\\\/suisse\\\/espace-mittelland\\\/region-berne\\\/#listItem\",\"position\":5,\"name\":\"Berne\",\"item\":\"https:\\\/\\\/www.immo-invest.ch\\\/fr\\\/categories\\\/regions\\\/suisse\\\/espace-mittelland\\\/region-berne\\\/\",\"nextItem\":{\"@type\":\"ListItem\",\"@id\":\"https:\\\/\\\/www.immo-invest.ch\\\/fr\\\/waermeverbund-bern-wabern-foerdert-energiewende-und-co2-reduktion\\\/#listItem\",\"name\":\"Le r\\u00e9seau de chaleur Berne-Wabern favorise la transition \\u00e9nerg\\u00e9tique et la r\\u00e9duction des \\u00e9missions de CO2\"},\"previousItem\":{\"@type\":\"ListItem\",\"@id\":\"https:\\\/\\\/www.immo-invest.ch\\\/fr\\\/categories\\\/regions\\\/suisse\\\/espace-mittelland\\\/#listItem\",\"name\":\"Espace Mittelland\"}},{\"@type\":\"ListItem\",\"@id\":\"https:\\\/\\\/www.immo-invest.ch\\\/fr\\\/waermeverbund-bern-wabern-foerdert-energiewende-und-co2-reduktion\\\/#listItem\",\"position\":6,\"name\":\"Le r\\u00e9seau de chaleur Berne-Wabern favorise la transition \\u00e9nerg\\u00e9tique et la r\\u00e9duction des \\u00e9missions de CO2\",\"previousItem\":{\"@type\":\"ListItem\",\"@id\":\"https:\\\/\\\/www.immo-invest.ch\\\/fr\\\/categories\\\/regions\\\/suisse\\\/espace-mittelland\\\/region-berne\\\/#listItem\",\"name\":\"Berne\"}}]},{\"@type\":\"Organization\",\"@id\":\"https:\\\/\\\/www.immo-invest.ch\\\/fr\\\/#organization\",\"name\":\"immo!nvest - Die Plattform f\\u00fcr Standorte und Immobilien\",\"description\":\"Die\\u00a0Plattform f\\u00fcr Standorte und Immobilien\",\"url\":\"https:\\\/\\\/www.immo-invest.ch\\\/fr\\\/\",\"email\":\"admin@immomedia.ag\",\"telephone\":\"+41444420002\",\"logo\":{\"@type\":\"ImageObject\",\"url\":\"https:\\\/\\\/www.immo-invest.ch\\\/wp-content\\\/uploads\\\/2024\\\/09\\\/immoinvest_sm-scaled.jpg\",\"@id\":\"https:\\\/\\\/www.immo-invest.ch\\\/fr\\\/waermeverbund-bern-wabern-foerdert-energiewende-und-co2-reduktion\\\/#organizationLogo\",\"width\":2560,\"height\":1340},\"image\":{\"@id\":\"https:\\\/\\\/www.immo-invest.ch\\\/fr\\\/waermeverbund-bern-wabern-foerdert-energiewende-und-co2-reduktion\\\/#organizationLogo\"},\"sameAs\":[\"https:\\\/\\\/www.facebook.com\\\/people\\\/Immoinvest\\\/100077962920504\\\/\",\"https:\\\/\\\/x.com\\\/i\\\/flow\\\/login?redirect_after_login=immoinvest_ch\",\"https:\\\/\\\/www.instagram.com\\\/immoinvest_ch\\\/\",\"https:\\\/\\\/www.linkedin.com\\\/company\\\/immoinvest-swiss\"]},{\"@type\":\"Person\",\"@id\":\"https:\\\/\\\/www.immo-invest.ch\\\/fr\\\/author\\\/immovestuser\\\/#author\",\"url\":\"https:\\\/\\\/www.immo-invest.ch\\\/fr\\\/author\\\/immovestuser\\\/\",\"name\":\"immovestuser\",\"image\":{\"@type\":\"ImageObject\",\"@id\":\"https:\\\/\\\/www.immo-invest.ch\\\/fr\\\/waermeverbund-bern-wabern-foerdert-energiewende-und-co2-reduktion\\\/#authorImage\",\"url\":\"https:\\\/\\\/secure.gravatar.com\\\/avatar\\\/8e01f4d99f2eeea7a362ebb93305e1172a70e9293ba250f897a65c39f54cdd1e?s=96&d=mm&r=g\",\"width\":96,\"height\":96,\"caption\":\"immovestuser\"}},{\"@type\":\"WebPage\",\"@id\":\"https:\\\/\\\/www.immo-invest.ch\\\/fr\\\/waermeverbund-bern-wabern-foerdert-energiewende-und-co2-reduktion\\\/#webpage\",\"url\":\"https:\\\/\\\/www.immo-invest.ch\\\/fr\\\/waermeverbund-bern-wabern-foerdert-energiewende-und-co2-reduktion\\\/\",\"name\":\"Le r\\u00e9seau de chaleur Berne-Wabern favorise la transition \\u00e9nerg\\u00e9tique et la r\\u00e9duction des \\u00e9missions de CO2 - immo!nvest - Die Plattform f\\u00fcr Standorte und Immobilien\",\"description\":\"Le fournisseur d'\\u00e9nergie ewb et la commune de K\\u00f6niz veulent produire de la chaleur renouvelable pour 5000 m\\u00e9nages \\u00e0 partir de l'eau exc\\u00e9dentaire de la station de pompage de Sch\\u00f6nau. Pour ce faire, ils mettent en place le r\\u00e9seau de chaleur Berne-Wabern.\",\"inLanguage\":\"fr-FR\",\"isPartOf\":{\"@id\":\"https:\\\/\\\/www.immo-invest.ch\\\/fr\\\/#website\"},\"breadcrumb\":{\"@id\":\"https:\\\/\\\/www.immo-invest.ch\\\/fr\\\/waermeverbund-bern-wabern-foerdert-energiewende-und-co2-reduktion\\\/#breadcrumblist\"},\"author\":{\"@id\":\"https:\\\/\\\/www.immo-invest.ch\\\/fr\\\/author\\\/immovestuser\\\/#author\"},\"creator\":{\"@id\":\"https:\\\/\\\/www.immo-invest.ch\\\/fr\\\/author\\\/immovestuser\\\/#author\"},\"image\":{\"@type\":\"ImageObject\",\"url\":\"https:\\\/\\\/www.immo-invest.ch\\\/wp-content\\\/uploads\\\/2025\\\/03\\\/immo-invest-bern-wabern-co2-reduktion-energie.png\",\"@id\":\"https:\\\/\\\/www.immo-invest.ch\\\/fr\\\/waermeverbund-bern-wabern-foerdert-energiewende-und-co2-reduktion\\\/#mainImage\",\"width\":1344,\"height\":896},\"primaryImageOfPage\":{\"@id\":\"https:\\\/\\\/www.immo-invest.ch\\\/fr\\\/waermeverbund-bern-wabern-foerdert-energiewende-und-co2-reduktion\\\/#mainImage\"},\"datePublished\":\"2025-03-20T16:00:00+01:00\",\"dateModified\":\"2025-03-20T14:20:04+01:00\"},{\"@type\":\"WebSite\",\"@id\":\"https:\\\/\\\/www.immo-invest.ch\\\/fr\\\/#website\",\"url\":\"https:\\\/\\\/www.immo-invest.ch\\\/fr\\\/\",\"name\":\"immo!nvest - Die Plattform f\\u00fcr Standorte und Immobilien\",\"description\":\"Die\\u00a0Plattform f\\u00fcr Standorte und Immobilien\",\"inLanguage\":\"fr-FR\",\"publisher\":{\"@id\":\"https:\\\/\\\/www.immo-invest.ch\\\/fr\\\/#organization\"}}]}\n\t\t<\/script>\n\t\t<!-- All in One SEO -->\n\n","aioseo_head_json":{"title":"Le r\u00e9seau de chaleur Berne-Wabern favorise la transition \u00e9nerg\u00e9tique et la r\u00e9duction des \u00e9missions de CO2 - immo!nvest - Die Plattform f\u00fcr Standorte und Immobilien","description":"Le fournisseur d'\u00e9nergie ewb et la commune de K\u00f6niz veulent produire de la chaleur renouvelable pour 5000 m\u00e9nages \u00e0 partir de l'eau exc\u00e9dentaire de la station de pompage de Sch\u00f6nau. Pour ce faire, ils mettent en place le r\u00e9seau de chaleur Berne-Wabern.","canonical_url":"https:\/\/www.immo-invest.ch\/fr\/waermeverbund-bern-wabern-foerdert-energiewende-und-co2-reduktion\/","robots":"max-image-preview:large","keywords":"","webmasterTools":{"google-site-verification":"fHJKvgWpZCR2zVBHWfkQeFXC11qieUSff0HGNYfuyLA","miscellaneous":""},"schema":{"@context":"https:\/\/schema.org","@graph":[{"@type":"BlogPosting","@id":"https:\/\/www.immo-invest.ch\/fr\/waermeverbund-bern-wabern-foerdert-energiewende-und-co2-reduktion\/#blogposting","name":"Le r\u00e9seau de chaleur Berne-Wabern favorise la transition \u00e9nerg\u00e9tique et la r\u00e9duction des \u00e9missions de CO2 - immo!nvest - Die Plattform f\u00fcr Standorte und Immobilien","headline":"Le r\u00e9seau de chaleur Berne-Wabern favorise la transition \u00e9nerg\u00e9tique et la r\u00e9duction des \u00e9missions de CO2","author":{"@id":"https:\/\/www.immo-invest.ch\/fr\/author\/immovestuser\/#author"},"publisher":{"@id":"https:\/\/www.immo-invest.ch\/fr\/#organization"},"image":{"@type":"ImageObject","url":"https:\/\/www.immo-invest.ch\/wp-content\/uploads\/2025\/03\/immo-invest-bern-wabern-co2-reduktion-energie.png","width":1344,"height":896},"datePublished":"2025-03-20T16:00:00+01:00","dateModified":"2025-03-20T14:20:04+01:00","inLanguage":"fr-FR","mainEntityOfPage":{"@id":"https:\/\/www.immo-invest.ch\/fr\/waermeverbund-bern-wabern-foerdert-energiewende-und-co2-reduktion\/#webpage"},"isPartOf":{"@id":"https:\/\/www.immo-invest.ch\/fr\/waermeverbund-bern-wabern-foerdert-energiewende-und-co2-reduktion\/#webpage"},"articleSection":"Berne, Durabilit\u00e9, \u00c9nergie, immoNews, Trends, Bern-Wabern, CO2-Reduktion, erneuerbare Energie, Heizsysteme, Immoinvest, immoNews, News, W\u00e4rmeverbund, Facultatif"},{"@type":"BreadcrumbList","@id":"https:\/\/www.immo-invest.ch\/fr\/waermeverbund-bern-wabern-foerdert-energiewende-und-co2-reduktion\/#breadcrumblist","itemListElement":[{"@type":"ListItem","@id":"https:\/\/www.immo-invest.ch\/fr\/#listItem","position":1,"name":"Home","item":"https:\/\/www.immo-invest.ch\/fr\/","nextItem":{"@type":"ListItem","@id":"https:\/\/www.immo-invest.ch\/fr\/categories\/regions\/#listItem","name":"R\u00e9gions"}},{"@type":"ListItem","@id":"https:\/\/www.immo-invest.ch\/fr\/categories\/regions\/#listItem","position":2,"name":"R\u00e9gions","item":"https:\/\/www.immo-invest.ch\/fr\/categories\/regions\/","nextItem":{"@type":"ListItem","@id":"https:\/\/www.immo-invest.ch\/fr\/categories\/regions\/suisse\/#listItem","name":"Suisse"},"previousItem":{"@type":"ListItem","@id":"https:\/\/www.immo-invest.ch\/fr\/#listItem","name":"Home"}},{"@type":"ListItem","@id":"https:\/\/www.immo-invest.ch\/fr\/categories\/regions\/suisse\/#listItem","position":3,"name":"Suisse","item":"https:\/\/www.immo-invest.ch\/fr\/categories\/regions\/suisse\/","nextItem":{"@type":"ListItem","@id":"https:\/\/www.immo-invest.ch\/fr\/categories\/regions\/suisse\/espace-mittelland\/#listItem","name":"Espace Mittelland"},"previousItem":{"@type":"ListItem","@id":"https:\/\/www.immo-invest.ch\/fr\/categories\/regions\/#listItem","name":"R\u00e9gions"}},{"@type":"ListItem","@id":"https:\/\/www.immo-invest.ch\/fr\/categories\/regions\/suisse\/espace-mittelland\/#listItem","position":4,"name":"Espace Mittelland","item":"https:\/\/www.immo-invest.ch\/fr\/categories\/regions\/suisse\/espace-mittelland\/","nextItem":{"@type":"ListItem","@id":"https:\/\/www.immo-invest.ch\/fr\/categories\/regions\/suisse\/espace-mittelland\/region-berne\/#listItem","name":"Berne"},"previousItem":{"@type":"ListItem","@id":"https:\/\/www.immo-invest.ch\/fr\/categories\/regions\/suisse\/#listItem","name":"Suisse"}},{"@type":"ListItem","@id":"https:\/\/www.immo-invest.ch\/fr\/categories\/regions\/suisse\/espace-mittelland\/region-berne\/#listItem","position":5,"name":"Berne","item":"https:\/\/www.immo-invest.ch\/fr\/categories\/regions\/suisse\/espace-mittelland\/region-berne\/","nextItem":{"@type":"ListItem","@id":"https:\/\/www.immo-invest.ch\/fr\/waermeverbund-bern-wabern-foerdert-energiewende-und-co2-reduktion\/#listItem","name":"Le r\u00e9seau de chaleur Berne-Wabern favorise la transition \u00e9nerg\u00e9tique et la r\u00e9duction des \u00e9missions de CO2"},"previousItem":{"@type":"ListItem","@id":"https:\/\/www.immo-invest.ch\/fr\/categories\/regions\/suisse\/espace-mittelland\/#listItem","name":"Espace Mittelland"}},{"@type":"ListItem","@id":"https:\/\/www.immo-invest.ch\/fr\/waermeverbund-bern-wabern-foerdert-energiewende-und-co2-reduktion\/#listItem","position":6,"name":"Le r\u00e9seau de chaleur Berne-Wabern favorise la transition \u00e9nerg\u00e9tique et la r\u00e9duction des \u00e9missions de CO2","previousItem":{"@type":"ListItem","@id":"https:\/\/www.immo-invest.ch\/fr\/categories\/regions\/suisse\/espace-mittelland\/region-berne\/#listItem","name":"Berne"}}]},{"@type":"Organization","@id":"https:\/\/www.immo-invest.ch\/fr\/#organization","name":"immo!nvest - Die Plattform f\u00fcr Standorte und Immobilien","description":"Die\u00a0Plattform f\u00fcr Standorte und Immobilien","url":"https:\/\/www.immo-invest.ch\/fr\/","email":"admin@immomedia.ag","telephone":"+41444420002","logo":{"@type":"ImageObject","url":"https:\/\/www.immo-invest.ch\/wp-content\/uploads\/2024\/09\/immoinvest_sm-scaled.jpg","@id":"https:\/\/www.immo-invest.ch\/fr\/waermeverbund-bern-wabern-foerdert-energiewende-und-co2-reduktion\/#organizationLogo","width":2560,"height":1340},"image":{"@id":"https:\/\/www.immo-invest.ch\/fr\/waermeverbund-bern-wabern-foerdert-energiewende-und-co2-reduktion\/#organizationLogo"},"sameAs":["https:\/\/www.facebook.com\/people\/Immoinvest\/100077962920504\/","https:\/\/x.com\/i\/flow\/login?redirect_after_login=immoinvest_ch","https:\/\/www.instagram.com\/immoinvest_ch\/","https:\/\/www.linkedin.com\/company\/immoinvest-swiss"]},{"@type":"Person","@id":"https:\/\/www.immo-invest.ch\/fr\/author\/immovestuser\/#author","url":"https:\/\/www.immo-invest.ch\/fr\/author\/immovestuser\/","name":"immovestuser","image":{"@type":"ImageObject","@id":"https:\/\/www.immo-invest.ch\/fr\/waermeverbund-bern-wabern-foerdert-energiewende-und-co2-reduktion\/#authorImage","url":"https:\/\/secure.gravatar.com\/avatar\/8e01f4d99f2eeea7a362ebb93305e1172a70e9293ba250f897a65c39f54cdd1e?s=96&d=mm&r=g","width":96,"height":96,"caption":"immovestuser"}},{"@type":"WebPage","@id":"https:\/\/www.immo-invest.ch\/fr\/waermeverbund-bern-wabern-foerdert-energiewende-und-co2-reduktion\/#webpage","url":"https:\/\/www.immo-invest.ch\/fr\/waermeverbund-bern-wabern-foerdert-energiewende-und-co2-reduktion\/","name":"Le r\u00e9seau de chaleur Berne-Wabern favorise la transition \u00e9nerg\u00e9tique et la r\u00e9duction des \u00e9missions de CO2 - immo!nvest - Die Plattform f\u00fcr Standorte und Immobilien","description":"Le fournisseur d'\u00e9nergie ewb et la commune de K\u00f6niz veulent produire de la chaleur renouvelable pour 5000 m\u00e9nages \u00e0 partir de l'eau exc\u00e9dentaire de la station de pompage de Sch\u00f6nau. Pour ce faire, ils mettent en place le r\u00e9seau de chaleur Berne-Wabern.","inLanguage":"fr-FR","isPartOf":{"@id":"https:\/\/www.immo-invest.ch\/fr\/#website"},"breadcrumb":{"@id":"https:\/\/www.immo-invest.ch\/fr\/waermeverbund-bern-wabern-foerdert-energiewende-und-co2-reduktion\/#breadcrumblist"},"author":{"@id":"https:\/\/www.immo-invest.ch\/fr\/author\/immovestuser\/#author"},"creator":{"@id":"https:\/\/www.immo-invest.ch\/fr\/author\/immovestuser\/#author"},"image":{"@type":"ImageObject","url":"https:\/\/www.immo-invest.ch\/wp-content\/uploads\/2025\/03\/immo-invest-bern-wabern-co2-reduktion-energie.png","@id":"https:\/\/www.immo-invest.ch\/fr\/waermeverbund-bern-wabern-foerdert-energiewende-und-co2-reduktion\/#mainImage","width":1344,"height":896},"primaryImageOfPage":{"@id":"https:\/\/www.immo-invest.ch\/fr\/waermeverbund-bern-wabern-foerdert-energiewende-und-co2-reduktion\/#mainImage"},"datePublished":"2025-03-20T16:00:00+01:00","dateModified":"2025-03-20T14:20:04+01:00"},{"@type":"WebSite","@id":"https:\/\/www.immo-invest.ch\/fr\/#website","url":"https:\/\/www.immo-invest.ch\/fr\/","name":"immo!nvest - Die Plattform f\u00fcr Standorte und Immobilien","description":"Die\u00a0Plattform f\u00fcr Standorte und Immobilien","inLanguage":"fr-FR","publisher":{"@id":"https:\/\/www.immo-invest.ch\/fr\/#organization"}}]},"og:locale":"fr_FR","og:site_name":"immo!nvest - Die Plattform f\u00fcr Standorte und Immobilien - Die\u00a0Plattform f\u00fcr Standorte und Immobilien","og:type":"article","og:title":"Le r\u00e9seau de chaleur Berne-Wabern favorise la transition \u00e9nerg\u00e9tique et la r\u00e9duction des \u00e9missions de CO2 - immo!nvest - Die Plattform f\u00fcr Standorte und Immobilien","og:description":"Le fournisseur d'\u00e9nergie ewb et la commune de K\u00f6niz veulent produire de la chaleur renouvelable pour 5000 m\u00e9nages \u00e0 partir de l'eau exc\u00e9dentaire de la station de pompage de Sch\u00f6nau. Pour ce faire, ils mettent en place le r\u00e9seau de chaleur Berne-Wabern.","og:url":"https:\/\/www.immo-invest.ch\/fr\/waermeverbund-bern-wabern-foerdert-energiewende-und-co2-reduktion\/","og:image":"https:\/\/www.immo-invest.ch\/wp-content\/uploads\/2025\/03\/immo-invest-bern-wabern-co2-reduktion-energie.png","og:image:secure_url":"https:\/\/www.immo-invest.ch\/wp-content\/uploads\/2025\/03\/immo-invest-bern-wabern-co2-reduktion-energie.png","og:image:width":1344,"og:image:height":896,"article:published_time":"2025-03-20T15:00:00+00:00","article:modified_time":"2025-03-20T13:20:04+00:00","article:publisher":"https:\/\/www.facebook.com\/people\/Immoinvest\/100077962920504\/","twitter:card":"summary_large_image","twitter:site":"@i","twitter:title":"Le r\u00e9seau de chaleur Berne-Wabern favorise la transition \u00e9nerg\u00e9tique et la r\u00e9duction des \u00e9missions de CO2 - immo!nvest - Die Plattform f\u00fcr Standorte und Immobilien","twitter:description":"Le fournisseur d'\u00e9nergie ewb et la commune de K\u00f6niz veulent produire de la chaleur renouvelable pour 5000 m\u00e9nages \u00e0 partir de l'eau exc\u00e9dentaire de la station de pompage de Sch\u00f6nau. Pour ce faire, ils mettent en place le r\u00e9seau de chaleur Berne-Wabern.","twitter:creator":"@i","twitter:image":"https:\/\/www.immo-invest.ch\/wp-content\/uploads\/2025\/03\/immo-invest-bern-wabern-co2-reduktion-energie.png"},"aioseo_meta_data":{"post_id":"128606","title":null,"description":null,"keywords":null,"keyphrases":{"focus":{"keyphrase":"","score":0,"analysis":{"keyphraseInTitle":{"score":0,"maxScore":9,"error":1}}},"additional":[]},"primary_term":null,"canonical_url":null,"og_title":null,"og_description":null,"og_object_type":"default","og_image_type":"default","og_image_url":null,"og_image_width":null,"og_image_height":null,"og_image_custom_url":null,"og_image_custom_fields":null,"og_video":"","og_custom_url":null,"og_article_section":null,"og_article_tags":null,"twitter_use_og":false,"twitter_card":"default","twitter_image_type":"default","twitter_image_url":null,"twitter_image_custom_url":null,"twitter_image_custom_fields":null,"twitter_title":null,"twitter_description":null,"schema":{"blockGraphs":[],"customGraphs":[],"default":{"data":{"Article":[],"Course":[],"Dataset":[],"FAQPage":[],"Movie":[],"Person":[],"Product":[],"ProductReview":[],"Car":[],"Recipe":[],"Service":[],"SoftwareApplication":[],"WebPage":[]},"graphName":"BlogPosting","isEnabled":true},"graphs":[]},"schema_type":"default","schema_type_options":null,"pillar_content":false,"robots_default":true,"robots_noindex":false,"robots_noarchive":false,"robots_nosnippet":false,"robots_nofollow":false,"robots_noimageindex":false,"robots_noodp":false,"robots_notranslate":false,"robots_max_snippet":"-1","robots_max_videopreview":"-1","robots_max_imagepreview":"large","priority":null,"frequency":"default","local_seo":null,"breadcrumb_settings":null,"limit_modified_date":false,"ai":null,"created":"2025-03-20 13:20:04","updated":"2025-10-24 18:04:13","seo_analyzer_scan_date":null,"focus_keyword":null,"additional_keywords":null,"truseo_locale":null},"aioseo_breadcrumb":"<div class=\"aioseo-breadcrumbs\"><span class=\"aioseo-breadcrumb\">\n\t\t\t<a href=\"https:\/\/www.immo-invest.ch\/fr\/\" title=\"Home\">Home<\/a>\n\t\t<\/span><span class=\"aioseo-breadcrumb-separator\">&raquo;<\/span><span class=\"aioseo-breadcrumb\">\n\t\t\t<a href=\"https:\/\/www.immo-invest.ch\/fr\/categories\/regions\/\" title=\"R\u00e9gions\">R\u00e9gions<\/a>\n\t\t<\/span><span class=\"aioseo-breadcrumb-separator\">&raquo;<\/span><span class=\"aioseo-breadcrumb\">\n\t\t\t<a href=\"https:\/\/www.immo-invest.ch\/fr\/categories\/regions\/suisse\/\" title=\"Suisse\">Suisse<\/a>\n\t\t<\/span><span class=\"aioseo-breadcrumb-separator\">&raquo;<\/span><span class=\"aioseo-breadcrumb\">\n\t\t\t<a href=\"https:\/\/www.immo-invest.ch\/fr\/categories\/regions\/suisse\/espace-mittelland\/\" title=\"Espace Mittelland\">Espace Mittelland<\/a>\n\t\t<\/span><span class=\"aioseo-breadcrumb-separator\">&raquo;<\/span><span class=\"aioseo-breadcrumb\">\n\t\t\t<a href=\"https:\/\/www.immo-invest.ch\/fr\/categories\/regions\/suisse\/espace-mittelland\/region-berne\/\" title=\"Berne\">Berne<\/a>\n\t\t<\/span><span class=\"aioseo-breadcrumb-separator\">&raquo;<\/span><span class=\"aioseo-breadcrumb\">\n\t\t\tLe r\u00e9seau de chaleur Berne-Wabern favorise la transition \u00e9nerg\u00e9tique et la r\u00e9duction des \u00e9missions de CO2\n\t\t<\/span><\/div>","aioseo_breadcrumb_json":[{"label":"Home","link":"https:\/\/www.immo-invest.ch\/fr\/"},{"label":"R\u00e9gions","link":"https:\/\/www.immo-invest.ch\/fr\/categories\/regions\/"},{"label":"Suisse","link":"https:\/\/www.immo-invest.ch\/fr\/categories\/regions\/suisse\/"},{"label":"Espace Mittelland","link":"https:\/\/www.immo-invest.ch\/fr\/categories\/regions\/suisse\/espace-mittelland\/"},{"label":"Berne","link":"https:\/\/www.immo-invest.ch\/fr\/categories\/regions\/suisse\/espace-mittelland\/region-berne\/"},{"label":"Le r\u00e9seau de chaleur Berne-Wabern favorise la transition \u00e9nerg\u00e9tique et la r\u00e9duction des \u00e9missions de CO2","link":"https:\/\/www.immo-invest.ch\/fr\/waermeverbund-bern-wabern-foerdert-energiewende-und-co2-reduktion\/"}],"featured_image_src":"https:\/\/www.immo-invest.ch\/wp-content\/uploads\/2025\/03\/immo-invest-bern-wabern-co2-reduktion-energie-336x168.png","_links":{"self":[{"href":"https:\/\/www.immo-invest.ch\/fr\/wp-json\/wp\/v2\/posts\/128606","targetHints":{"allow":["GET"]}}],"collection":[{"href":"https:\/\/www.immo-invest.ch\/fr\/wp-json\/wp\/v2\/posts"}],"about":[{"href":"https:\/\/www.immo-invest.ch\/fr\/wp-json\/wp\/v2\/types\/post"}],"author":[{"embeddable":true,"href":"https:\/\/www.immo-invest.ch\/fr\/wp-json\/wp\/v2\/users\/2"}],"replies":[{"embeddable":true,"href":"https:\/\/www.immo-invest.ch\/fr\/wp-json\/wp\/v2\/comments?post=128606"}],"version-history":[{"count":0,"href":"https:\/\/www.immo-invest.ch\/fr\/wp-json\/wp\/v2\/posts\/128606\/revisions"}],"wp:featuredmedia":[{"embeddable":true,"href":"https:\/\/www.immo-invest.ch\/fr\/wp-json\/wp\/v2\/media\/128601"}],"wp:attachment":[{"href":"https:\/\/www.immo-invest.ch\/fr\/wp-json\/wp\/v2\/media?parent=128606"}],"wp:term":[{"taxonomy":"category","embeddable":true,"href":"https:\/\/www.immo-invest.ch\/fr\/wp-json\/wp\/v2\/categories?post=128606"},{"taxonomy":"post_tag","embeddable":true,"href":"https:\/\/www.immo-invest.ch\/fr\/wp-json\/wp\/v2\/tags?post=128606"}],"curies":[{"name":"wp","href":"https:\/\/api.w.org\/{rel}","templated":true}]}}